{"id":487,"date":"2019-07-16T12:36:35","date_gmt":"2019-07-16T12:36:35","guid":{"rendered":"https:\/\/www.mes-allocs.fr\/guides\/?p=487"},"modified":"2026-04-02T15:24:54","modified_gmt":"2026-04-02T14:24:54","slug":"prime-activite-imposable","status":"publish","type":"post","link":"https:\/\/www.mes-allocs.fr\/guides\/prime-d-activite\/prime-activite-imposable\/","title":{"rendered":"La prime d\u2019activit\u00e9 est-elle imposable en 2026 ?"},"content":{"rendered":"<p style=\"text-align: justify;\"><img loading=\"lazy\" decoding=\"async\" class=\"aligncenter wp-image-60037 size-full\" title=\"prime d'activit\u00e9 imposable\" src=\"https:\/\/www.mes-allocs.fr\/guides\/wp-content\/uploads\/2019\/07\/image_2022-12-27_150644425-e1685440514584.png\" alt=\"prime d'activit\u00e9 imposable\" width=\"1139\" height=\"216\" srcset=\"https:\/\/www.mes-allocs.fr\/guides\/wp-content\/uploads\/2019\/07\/image_2022-12-27_150644425-e1685440514584.png 1139w, https:\/\/www.mes-allocs.fr\/guides\/wp-content\/uploads\/2019\/07\/image_2022-12-27_150644425-e1685440514584-300x57.png 300w, https:\/\/www.mes-allocs.fr\/guides\/wp-content\/uploads\/2019\/07\/image_2022-12-27_150644425-e1685440514584-1024x194.png 1024w, https:\/\/www.mes-allocs.fr\/guides\/wp-content\/uploads\/2019\/07\/image_2022-12-27_150644425-e1685440514584-768x146.png 768w, https:\/\/www.mes-allocs.fr\/guides\/wp-content\/uploads\/2019\/07\/image_2022-12-27_150644425-e1685440514584-600x114.png 600w\" sizes=\"auto, (max-width: 1139px) 100vw, 1139px\" \/><\/p>\n<p style=\"text-align: justify;\"><span style=\"font-size: 12pt;\">[Mis \u00e0 jour le 02\/04\/2026] Plus de 3,9 millions de foyers b\u00e9n\u00e9ficient de la <a href=\"https:\/\/www.mes-allocs.fr\/guides\/prime-d-activite\/\">prime d&rsquo;activit\u00e9<\/a> pour un montant moyen de 165 euros par mois. Le montant de cette aide, qui a remplac\u00e9 le RSA activit\u00e9 et la prime pour l&#8217;emploi, d\u00e9pend de vos ressources et de votre situation familiale. La prime d\u2019activit\u00e9 vous est vers\u00e9e par la Caisse d\u2019Allocations Familiales (CAF) ou la Mutualit\u00e9 Sociale Agricole (MSA), selon votre situation.\u00a0<\/span><\/p>\n<div class='cta-block'><div class='text'>Simulez votre prime d&rsquo;activit\u00e9 en 2 min. <\/div><a href='https:\/\/www.mes-allocs.fr\/ab-app?origin=guides\/wp-json\/wp\/v2\/posts\/487' class='app-button fit'>Simulation gratuite<\/a><\/div>\n<p style=\"text-align: justify;\"><span style=\"font-weight: 400;\">Non, la prime d&rsquo;activit\u00e9 n&rsquo;est pas imposable.<\/span><span style=\"font-weight: 400;\"> Vous n&rsquo;aurez donc pas davantage d&rsquo;imp\u00f4ts \u00e0 payer, que ce soit l&rsquo;imp\u00f4t \u00e0 la source ou l&rsquo;imp\u00f4t sur le revenu. Vous ne risquez m\u00eame pas de passer \u00e0 la tranche sup\u00e9rieure d&rsquo;imposition en raison de cette prime d&rsquo;activit\u00e9. <\/span><\/p>\n<p style=\"text-align: justify;\"><span style=\"font-weight: 400;\">Par exemple, si vous \u00e9tiez non imposable et que votre situation ne change pas par ailleurs, vous resterez non imposable m\u00eame si vous percevez plus de revenus gr\u00e2ce \u00e0 votre prime d\u2019activit\u00e9. De m\u00eame, si votre taux marginal d&rsquo;imposition \u00e9tait de 14\u2009%, vous ne passerez pas \u00e0 30\u2009% en raison de cette aide.\u00a0<\/span><\/p>\n<p>&nbsp;<\/p>\n<p style=\"text-align: center;\"><iframe loading=\"lazy\" src=\"\/\/www.youtube.com\/embed\/uavbovK5ZXc\" width=\"560\" height=\"314\" allowfullscreen=\"allowfullscreen\"><\/iframe><\/p>\n<p>&nbsp;<\/p>\n<h1><span id=\"Comment_calculer_la_prime_dactivite_2022\">Comment calculer la prime d\u2019activit\u00e9 2026 ?<\/span><\/h1>\n<h2><span id=\"Regle_de_calcul_de_la_prime_dactivite\">R\u00e8gle de calcul de la prime d\u2019activit\u00e9<\/span><\/h2>\n<p class=\"amp-wp-7d27179\" data-amp-original-style=\"text-align: justify;\">Si vous respectez les conditions d\u2019attribution, vous pourrez toucher la prime d\u2019activit\u00e9 sur demande. Notez que le montant de la prime d\u2019activit\u00e9 n\u2019est pas fixe, il varie en fonction de la composition du foyer, du nombre d\u2019enfants \u00e0 charge, et des autres ressources du foyer (ex : allocation familiale).<\/p>\n<p class=\"amp-wp-7d27179\" data-amp-original-style=\"text-align: justify;\">Le montant de la prime d\u2019activit\u00e9 est calcul\u00e9 selon les informations que vous communiquez.<\/p>\n<p class=\"amp-wp-7d27179\" data-amp-original-style=\"text-align: justify;\"><strong>Ces \u00e9l\u00e9ments sont pris en compte dans le calcul de vos droits :<\/strong><\/p>\n<ul>\n<li class=\"amp-wp-7d27179\" data-amp-original-style=\"text-align: justify;\">Les revenus du foyer<\/li>\n<li class=\"amp-wp-7d27179\" data-amp-original-style=\"text-align: justify;\">La composition du foyer (nombre d\u2019enfants \u00e0 charge)<\/li>\n<li>Les allocations logement (APL,ALS, ALF)<\/li>\n<li>Allocation aux adultes handicap\u00e9s (AAH)<\/li>\n<li>Les prestations familiales<\/li>\n<li>Les pensions de retraite<\/li>\n<li>Les indemnit\u00e9s ch\u00f4mage<\/li>\n<li>L\u2019allocation de soutien familiale<\/li>\n<li>Prestation d\u2019accueil du jeune enfant (Paje)<\/li>\n<\/ul>\n<p class=\"amp-wp-7d27179\" data-amp-original-style=\"text-align: justify;\"><strong>Attention :\u00a0<\/strong>depuis le 1er janvier 2018, les rentes d\u2019invalidit\u00e9, les pensions d\u2019invalidit\u00e9 ainsi que les rentes accident du travail et maladie professionnelle (AT-MP) ne sont plus des ressources prises en compte dans le calcul de la prime d\u2019activit\u00e9.<\/p>\n<h2><span id=\"Formule_de_calcul_de_la_prime_dactivite_2022\">Formule de calcul de la prime d\u2019activit\u00e9<\/span><\/h2>\n<p>La formule de calcul de la prime d\u2019activit\u00e9 est complexe, c\u2019est pourquoi Mes Allocs vous conseille de faire une simulation en ligne de vos droits.<\/p>\n<p>La prime d\u2019activit\u00e9 est calcul\u00e9e \u00e0 partir de 5 \u00e9l\u00e9ments. Selon la situation du foyer, le montant peut varier :<\/p>\n<ul>\n<li>Le montant forfaitaire, montant qui d\u00e9pend de la composition du foyer (en couple, seul, nombre d\u2019enfants \u00e0 charge)<\/li>\n<li>59,85 % des revenus professionnels<\/li>\n<li>La bonification: suppl\u00e9ment accord\u00e9 selon vos revenus. La bonification est vers\u00e9e \u00e0 partir de <strong>700,92<\/strong><b>\u00a0euros <\/b>depuis 2025, et jusqu\u2019\u00e0 1 425,60 \u20ac : au del\u00e0 de ce salaire, la bonification reste constante<\/li>\n<li>Les ressources du foyer<\/li>\n<li>Le forfait logement, dont le montant est d\u00e9duit de la prime d\u2019activit\u00e9 en cas de perception d\u2019aides au logement.<\/li>\n<\/ul>\n<p><strong>Montant de la prime d\u2019activit\u00e9 = montant forfaitaire + 59,85% des revenus professionnels + bonification \u2013 les ressources du foyer \u2013 le forfait logement<\/strong><\/p>\n<h1 style=\"text-align: justify;\"><b>Montants et plafonds de la prime d\u2019activit\u00e9 en 2026<\/b><\/h1>\n<p style=\"text-align: justify;\"><span style=\"font-weight: 400;\">Le calcul de la prime d&rsquo;activit\u00e9 est complexe. Il prend en compte principalement deux variables :<\/span><\/p>\n<ul>\n<li style=\"text-align: justify;\"><span style=\"font-weight: 400;\">Un montant forfaitaire, qui varie selon la composition du foyer et le nombre d\u2019enfants \u00e0 charge, auquel on ajoute <\/span><b>59,85 % des revenus d\u2019activit\u00e9 du foyer<\/b><span style=\"font-weight: 400;\">. Ce montant peut \u00eatre bonifi\u00e9 en fonction des revenus de chaque travailleur.<\/span><\/li>\n<li style=\"text-align: justify;\"><span style=\"font-weight: 400;\">Les ressources du foyer.<\/span><\/li>\n<\/ul>\n<p style=\"text-align: justify;\"><span style=\"font-weight: 400;\">Pensez \u00e0 consulter notre <a href=\"https:\/\/www.mes-allocs.fr\/guides\/prime-d-activite\/simulation-prime-d-activite\">simulateur de prime d&rsquo;activit\u00e9<\/a> !\u00a0<\/span><\/p>\n<h2 style=\"text-align: justify;\"><b>Montant forfaitaire<\/b><\/h2>\n<p style=\"text-align: justify;\"><span style=\"font-weight: 400;\">Le montant forfaitaire de la prime d\u2019activit\u00e9 s\u2019\u00e9l\u00e8ve \u00e0 <strong>638,28 <\/strong><strong data-insertor-excluded=\"1\">euros<\/strong><strong>\u00a0par mois<\/strong><\/span><span style=\"font-weight: 400;\">. Ce montant peut cependant varier en fonction du foyer.<\/span><\/p>\n<p data-start=\"0\" data-end=\"164\">Depuis le 1\u1d49\u02b3 mars 2025, la d\u00e9claration trimestrielle de l<strong>a prime d\u2019activit\u00e9 devient pr\u00e9-remplie<\/strong>, ce qui simplifie le processus. La CAF reprend automatiquement certaines informations \u00e0 partir des revenus d\u00e9clar\u00e9s auparavant, r\u00e9duisant ainsi les erreurs et acc\u00e9l\u00e9rant le traitement de votre demande. Toutefois, il reste important de v\u00e9rifier et de valider les informations pour \u00e9viter toute erreur qui pourrait affecter le montant de l\u2019aide.<\/p>\n<p data-start=\"0\" data-end=\"164\">Depuis\u00a0 de mars 2025, la p\u00e9riode \u00e0 d\u00e9clarer correspond aux tr<strong>ois mois pr\u00e9c\u00e9dant la demande : par exemple, en mars, vous devez d\u00e9clarer vos revenus des mois de novembre, d\u00e9cembre et janvier (et non plus d\u00e9cembre, janvier, f\u00e9vrier)<\/strong>. Cette nouvelle organisation facilite la gestion de votre dossier et rend la d\u00e9claration plus pr\u00e9cise.<\/p>\n<p>&nbsp;<\/p>\n<p style=\"text-align: justify;\"><div class='cta-block'><div class='text'>Simulez votre prime d&rsquo;activit\u00e9 en 2 min. <\/div><a href='https:\/\/www.mes-allocs.fr\/ab-app?origin=guides\/wp-json\/wp\/v2\/posts\/487' class='app-button fit'>Simulation gratuite<\/a><\/div><\/p>\n<p>&nbsp;<\/p>\n<h2 style=\"text-align: justify;\"><b>Majoration du montant forfaitaire<\/b><\/h2>\n<p style=\"text-align: justify;\"><span style=\"font-weight: 400;\">En couple, la majoration du montant forfaitaire est la suivante :<\/span><\/p>\n<ul>\n<li style=\"text-align: justify;\"><b>+ 50 %<\/b><span style=\"font-weight: 400;\"> du montant forfaitaire pour la premi\u00e8re personne suppl\u00e9mentaire,<\/span><\/li>\n<li style=\"text-align: justify;\"><b>+ 30 %<\/b><span style=\"font-weight: 400;\"> pour chaque autre personne suppl\u00e9mentaire,<\/span><\/li>\n<li style=\"text-align: justify;\"><span style=\"font-weight: 400;\">OU <\/span><b>+ 40 %<\/b><span style=\"font-weight: 400;\"> pour chaque autre personne suppl\u00e9mentaire, si le foyer compte plus de deux personnes \u00e0 charge, \u00e0 l\u2019exception de la personne avec qui vous vivez en couple.<\/span><\/li>\n<\/ul>\n<p style=\"text-align: justify;\"><span style=\"font-weight: 400;\">Si vous \u00eates un parent isol\u00e9, c&rsquo;est-\u00e0-dire c\u00e9libataire, divorc\u00e9\u2027e, s\u00e9par\u00e9\u2027e, ou veuf\u2027ve avec des enfants \u00e0 charge ou enceinte, l<\/span><span style=\"font-weight: 400;\">e montant forfaitaire est obligatoirement major\u00e9. Cette majoration intervient le mois m\u00eame o\u00f9 vous d\u00e9clarez une grossesse, la naissance ou la prise en charge d\u2019un enfant, la s\u00e9paration ou le veuvage.<\/span><\/p>\n<p style=\"text-align: justify;\"><span style=\"font-weight: 400;\">Cette majoration pour isolement s\u2019\u00e9l\u00e8ve \u00e0 :<\/span><\/p>\n<ul>\n<li style=\"text-align: justify;\"><b>128,412 %<\/b><span style=\"font-weight: 400;\"> du montant forfaitaire de base.<\/span><\/li>\n<li style=\"text-align: justify;\"><span style=\"font-weight: 400;\">+ <\/span><b>42,804 %<\/b><span style=\"font-weight: 400;\"> du montant forfaitaire de base pour tout enfant \u00e0 charge<\/span><\/li>\n<\/ul>\n<p>Attention toutefois, la majoration du montant forfaitaire pour isolement n\u2019est pas permanente : elle est accord\u00e9e durant 12 mois, de mani\u00e8re continue ou non, sur une p\u00e9riode de 18 mois suivant l\u2019\u00e9v\u00e8nement.<\/p>\n<p style=\"text-align: justify;\"><span style=\"font-weight: 400;\">Si vous avez un enfant \u00e0 charge, \u00e2g\u00e9 de moins de 3 ans, le montant forfaitaire major\u00e9 vous est accord\u00e9 jusqu\u2019\u00e0 ses trois ans.<\/span><span style=\"font-weight: 400;\">\u00a0<\/span><\/p>\n<h2 style=\"text-align: justify;\"><b>Bonification individuelle<\/b><span style=\"font-weight: 400;\">\u00a0<\/span><\/h2>\n<p style=\"text-align: justify;\"><span style=\"font-weight: 400;\">Chaque membre de votre foyer qui travaille peut obtenir une bonification qui s\u2019indexe sur ses revenus professionnels mensuels, estim\u00e9s comme moyenne des 3 derniers mois avant la demande.<\/span><\/p>\n<p style=\"text-align: justify;\"><span style=\"font-weight: 400;\">La bonification est croissante selon les revenus. Son montant varie de quelques euros \u00e0 <strong>184,27<\/strong>\u00a0<strong>\u20ac<\/strong>, montant maximal, pour un revenu mensuel de <strong>1 425,60 \u20ac<\/strong>. Au-del\u00e0, la bonification reste d&rsquo;un montant constant.<\/span><\/p>\n<h2 style=\"text-align: justify;\"><b>Quels sont les montants pris en compte ?<\/b><\/h2>\n<p style=\"text-align: justify;\"><span style=\"font-weight: 400;\">Le montant de la prime d\u2019activit\u00e9 est calcul\u00e9 en faisant <\/span><b>la diff\u00e9rence entre le montant forfaitaire et l\u2019ensemble de vos ressources.<\/b><\/p>\n<p style=\"text-align: justify;\"><b>Ce calcul prend en compte seulement 59,85 % des revenus d\u2019activit\u00e9 salari\u00e9e, mais l\u2019int\u00e9gralit\u00e9 des \u201cautres ressources\u201d (aides et avantages en nature).<\/b><\/p>\n<p style=\"text-align: justify;\"><span style=\"font-weight: 400;\">Les aides telles que les allocations familiales ou l\u2019Allocation ch\u00f4mage d\u2019aide au Retour \u00e0 l\u2019Emploi (ARE) sont compt\u00e9es comme des ressources.<\/span><span style=\"font-weight: 400;\">\u00a0 \u00a0\u00a0<\/span><\/p>\n<p style=\"text-align: justify;\"><span style=\"font-weight: 400;\">Le montant de votre prime d\u2019activit\u00e9 sera \u00e9galement influenc\u00e9 par :<\/span><\/p>\n<ul>\n<li style=\"text-align: justify;\"><span style=\"font-weight: 400;\">Les aides au logement que vous touchez : Aides Personnalis\u00e9es au Logement (APL), Allocation de Logement Familial (ALF), Allocation de Logement Social (ALS).<\/span><\/li>\n<li style=\"text-align: justify;\"><span style=\"font-weight: 400;\">L\u2019avantage dont vous b\u00e9n\u00e9ficiez si vous occupez un logement gratuitement ou si vous \u00eates propri\u00e9taire.<\/span><\/li>\n<\/ul>\n<p style=\"text-align: justify;\"><span style=\"font-weight: 400;\">Si votre prime d\u2019activit\u00e9 se r\u00e9v\u00e8le \u00eatre inf\u00e9rieure \u00e0 15 \u20ac par mois, elle ne vous sera pas vers\u00e9e.<\/span><\/p>\n<h1 style=\"text-align: justify;\"><b>Quelles sont les conditions pour b\u00e9n\u00e9ficier de la prime d\u2019activit\u00e9 ?<\/b><\/h1>\n<h2 style=\"text-align: justify;\"><b>Conditions d\u2019\u00e2ge<\/b><\/h2>\n<p style=\"text-align: justify;\"><span style=\"font-weight: 400;\">Pour percevoir la prime d\u2019activit\u00e9, vous devez avoir au moins 18 ans. Vous ne pouvez donc pas percevoir la prime d\u2019activit\u00e9 si vous \u00eates mineur, m\u00eame si vous percevez un salaire (formation professionnelle).<\/span><\/p>\n<h2 style=\"text-align: justify;\"><b>Conditions de nationalit\u00e9<\/b><\/h2>\n<p style=\"text-align: justify;\"><span style=\"font-weight: 400;\">Si vous \u00eates fran\u00e7ais, vous pouvez naturellement percevoir la prime d\u2019activit\u00e9, si vous remplissez les autres conditions d\u2019\u00e9ligibilit\u00e9. Si vous \u00eates \u00e9tranger. Vous devez \u00eatre ressortissant de l\u2019Union Europ\u00e9enne ou de l\u2019Espace \u00c9conomique Europ\u00e9en (EEE), Suisse, ou ressortissant d\u2019un autre pays. Si vous \u00eates en situation r\u00e9guli\u00e8re sur le territoire depuis au moins 5 ans au moment de votre demande.<\/span><\/p>\n<h2 style=\"text-align: justify;\"><b>Conditions personnelles<\/b><\/h2>\n<p style=\"text-align: justify;\"><a href=\"https:\/\/www.mes-allocs.fr\/guides\/prime-d-activite\/simulation-prime-d-activite\/prime-d-activite-pour-qui\"><span style=\"font-weight: 400;\">Pour b\u00e9n\u00e9ficier de la prime d\u2019activit\u00e9<\/span><\/a><span style=\"font-weight: 400;\">, vous devez travailler. Cependant, il existe certaines exceptions : si vous \u00eates stagiaire, apprenti, ou m\u00eame \u00e9tudiant, vous pouvez percevoir la prime d\u2019activit\u00e9. <\/span><\/p>\n<p style=\"text-align: justify;\"><span style=\"font-weight: 400;\">Pour cela, vous devez \u00eatre r\u00e9mun\u00e9r\u00e9(e) au minimum 78\u2009% du SMIC net en 2025, ou assumer seul(e) la charge d\u2019un ou de plusieurs enfants.\u00a0<\/span><\/p>\n<h2 style=\"text-align: justify;\"><b>Conditions de ressources<\/b><\/h2>\n<p style=\"text-align: justify;\"><span style=\"font-weight: 400;\">Pour que vous soyez \u00e9ligible \u00e0 la prime d\u2019activit\u00e9, vos revenus doivent respecter certains <\/span><a href=\"https:\/\/www.mes-allocs.fr\/guides\/prime-d-activite\/simulation-prime-d-activite\/prime-d-activite-plafond\"><span style=\"font-weight: 400;\">plafonds de ressources<\/span><\/a><span style=\"font-weight: 400;\"> complexes. Ces derniers \u00e9voluent chaque ann\u00e9e, et sont \u00e9tablis en fonction de votre situation familiale et le nombre d\u2019enfants \u00e0 votre charge.<\/span><\/p>\n<p style=\"text-align: justify;\">Si vous b\u00e9n\u00e9ficiez des allocations logement, cette derni\u00e8re est prise en compte dans le calcul de vos droits \u00e0 la prime d&rsquo;activit\u00e9. Les aides au logement vers\u00e9es par la CAF sont \u00e9galement cumulable avec la prime d&rsquo;activit\u00e9. La CAF \u00e9tablit un montant forfaitaire.<\/p>\n<p style=\"text-align: justify;\">Attention : si vous \u00eates concern\u00e9 par l&rsquo;imp\u00f4t sur le revenu, vous n&rsquo;\u00eates pas \u00e9ligible \u00e0 la prime d&rsquo;activit\u00e9. Car vos revenus d\u00e9passent les plafonds en vigueurs.<\/p>\n<p style=\"text-align: justify;\"><span style=\"font-weight: 400;\">Pour plus d\u2019informations sur les <strong>conditions \u00e0 respecter<\/strong> pour b\u00e9n\u00e9ficier de la prime d\u2019activit\u00e9, cliquez <\/span><a href=\"https:\/\/www.mes-allocs.fr\/guides\/prime-d-activite\/simulation-prime-d-activite\/prime-d-activite-conditions\"><span style=\"font-weight: 400;\">ici<\/span><\/a><span style=\"font-weight: 400;\">.<\/span><\/p>\n<p>&nbsp;<\/p>\n<div class='cta-block'><div class='text'>Simulez votre prime d&rsquo;activit\u00e9 en 2 min. <\/div><a href='https:\/\/www.mes-allocs.fr\/ab-app?origin=guides\/wp-json\/wp\/v2\/posts\/487' class='app-button fit'>Simulation gratuite<\/a><\/div>\n","protected":false},"excerpt":{"rendered":"<p>[Mis \u00e0 jour le 02\/04\/2026] Plus de 3,9 millions de foyers b\u00e9n\u00e9ficient de la prime d&rsquo;activit\u00e9 pour un montant moyen de 165 euros par mois. Le montant de cette aide, qui a remplac\u00e9 le RSA activit\u00e9 et la prime pour l&#8217;emploi, d\u00e9pend de vos ressources et de votre situation familiale. La prime d\u2019activit\u00e9 vous est [&hellip;]<\/p>\n","protected":false},"author":6,"featured_media":488,"comment_status":"open","ping_status":"open","sticky":false,"template":"","format":"standard","meta":{"amp_status":"","footnotes":""},"categories":[20],"tags":[],"class_list":["post-487","post","type-post","status-publish","format-standard","has-post-thumbnail","hentry","category-prime-d-activite"],"yoast_head":"<!-- This site is optimized with the Yoast SEO plugin v14.9 - https:\/\/yoast.com\/wordpress\/plugins\/seo\/ -->\n<title>Prime d&#039;Activit\u00e9 : est-elle imposable en 2026 ? | Mes-Allocs.fr<\/title>\n<meta name=\"description\" content=\"D\u00e9couvrez en quelques minutes si la Prime d&#039;Activit\u00e9 que vous percevez est imposable en 2026. Mes Allocs vous explique tout.\" \/>\n<meta name=\"robots\" content=\"index, follow, max-snippet:-1, max-image-preview:large, max-video-preview:-1\" \/>\n<link rel=\"canonical\" href=\"https:\/\/www.mes-allocs.fr\/guides\/prime-d-activite\/prime-activite-imposable\/\" \/>\n<meta property=\"og:locale\" content=\"fr_FR\" \/>\n<meta property=\"og:type\" content=\"article\" \/>\n<meta property=\"og:title\" content=\"Prime d&#039;Activit\u00e9 : est-elle imposable en 2026 ? | Mes-Allocs.fr\" \/>\n<meta property=\"og:description\" content=\"D\u00e9couvrez en quelques minutes si la Prime d&#039;Activit\u00e9 que vous percevez est imposable en 2026. Mes Allocs vous explique tout.\" \/>\n<meta property=\"og:url\" content=\"https:\/\/www.mes-allocs.fr\/guides\/prime-d-activite\/prime-activite-imposable\/\" \/>\n<meta property=\"og:site_name\" content=\"Mes-Allocs.fr\" \/>\n<meta property=\"article:published_time\" content=\"2019-07-16T12:36:35+00:00\" \/>\n<meta property=\"article:modified_time\" content=\"2026-04-02T14:24:54+00:00\" \/>\n<meta property=\"og:image\" content=\"https:\/\/www.mes-allocs.fr\/guides\/wp-content\/uploads\/2019\/07\/date-limite-isf-full-10178134.jpg?wsr\" \/>\n\t<meta property=\"og:image:width\" content=\"1022\" \/>\n\t<meta property=\"og:image:height\" content=\"680\" \/>\n<meta name=\"twitter:card\" content=\"summary_large_image\" \/>\n<script type=\"application\/ld+json\" class=\"yoast-schema-graph\">{\"@context\":\"https:\/\/schema.org\",\"@graph\":[{\"@type\":\"WebSite\",\"@id\":\"https:\/\/www.mes-allocs.fr\/guides\/#website\",\"url\":\"https:\/\/www.mes-allocs.fr\/guides\/\",\"name\":\"Mes-Allocs.fr\",\"description\":\"\",\"potentialAction\":[{\"@type\":\"SearchAction\",\"target\":\"https:\/\/www.mes-allocs.fr\/guides\/?s={search_term_string}\",\"query-input\":\"required name=search_term_string\"}],\"inLanguage\":\"fr-FR\"},{\"@type\":\"ImageObject\",\"@id\":\"https:\/\/www.mes-allocs.fr\/guides\/prime-d-activite\/prime-activite-imposable\/#primaryimage\",\"inLanguage\":\"fr-FR\",\"url\":\"https:\/\/www.mes-allocs.fr\/guides\/wp-content\/uploads\/2019\/07\/date-limite-isf-full-10178134.jpg?wsr\",\"width\":1022,\"height\":680,\"caption\":\"prime activite imposable\"},{\"@type\":\"WebPage\",\"@id\":\"https:\/\/www.mes-allocs.fr\/guides\/prime-d-activite\/prime-activite-imposable\/#webpage\",\"url\":\"https:\/\/www.mes-allocs.fr\/guides\/prime-d-activite\/prime-activite-imposable\/\",\"name\":\"Prime d'Activit\\u00e9 : est-elle imposable en 2026 ? | Mes-Allocs.fr\",\"isPartOf\":{\"@id\":\"https:\/\/www.mes-allocs.fr\/guides\/#website\"},\"primaryImageOfPage\":{\"@id\":\"https:\/\/www.mes-allocs.fr\/guides\/prime-d-activite\/prime-activite-imposable\/#primaryimage\"},\"datePublished\":\"2019-07-16T12:36:35+00:00\",\"dateModified\":\"2026-04-02T14:24:54+00:00\",\"author\":{\"@id\":\"https:\/\/www.mes-allocs.fr\/guides\/#\/schema\/person\/0ecd61a8600573914d00d970a588c024\"},\"description\":\"D\\u00e9couvrez en quelques minutes si la Prime d'Activit\\u00e9 que vous percevez est imposable en 2026. Mes Allocs vous explique tout.\",\"inLanguage\":\"fr-FR\"},{\"@type\":\"Person\",\"@id\":\"https:\/\/www.mes-allocs.fr\/guides\/#\/schema\/person\/0ecd61a8600573914d00d970a588c024\",\"name\":\"Jonathan\",\"image\":{\"@type\":\"ImageObject\",\"@id\":\"https:\/\/www.mes-allocs.fr\/guides\/#personlogo\",\"inLanguage\":\"fr-FR\",\"url\":\"https:\/\/www.mes-allocs.fr\/guides\/wp-content\/uploads\/2021\/06\/jonathan-150x150.png\",\"caption\":\"Jonathan\"},\"description\":\"Jonathan est r\\u00e9dacteur au sein de l'\\u00e9quipe Mes Allocs, sp\\u00e9cialis\\u00e9 sur les sujets li\\u00e9s au handicap. Dipl\\u00f4m\\u00e9e de l'UPEM, il rejoint Mes Allocs apr\\u00e8s avoir travaill\\u00e9 \\u00e0 l'association AEDE qui accompagne les adultes en situation de handicap. Quand il n'\\u00e9crit pas, on peut le retrouver sur un terrain de basket.\",\"sameAs\":[\"https:\/\/www.linkedin.com\/in\/jonathan-bambela-8637861b7\"]}]}<\/script>\n<!-- \/ Yoast SEO plugin. -->","amp_validity":null,"acf":{"faq":{"1":{"question":"Qu'est ce que la prime d'activit\u00e9 ? ","answer":"La prime d\u2019activit\u00e9 est une aide qui vous est d\u00e9livr\u00e9e par votre Caisse d\u2019Allocations Familiales (CAF), si vous travaillez et si votre salaire est modeste."},"2":{"question":"Quelles sont les conditions li\u00e9es \u00e0 la Prime d'Activit\u00e9 ? ","answer":"Pour avoir droit \u00e0 la prime d'activit\u00e9, vous devez remplir l'ensemble des conditions suivantes : avoir une activit\u00e9 professionnelle (salari\u00e9e ou non) et percevoir des revenus modestes, r\u00e9sider en France de mani\u00e8re stable et effective, \u00eatre en s\u00e9jour r\u00e9gulier. "},"3":{"question":"Comment demander la Prime d'Activit\u00e9 ?","answer":"Pour demander la prime d\u2019activit\u00e9, vous devez constituer un dossier aupr\u00e8s de la CAF ou de la MSA. "},"4":{"question":"Comment faire une simulation Prime d'Activit\u00e9 ?","answer":"Vous pouvez faire une simulation de la prime d'activit\u00e9 directement sur le site de la CAF ou de la MSA, en indiquant vos revenus mensuels et votre situation professionnelle. Cela vous permettra de conna\u00eetre une estimation du montant auquel vous pourriez avoir droit."},"5":{"question":"Est-ce qu'il faut d\u00e9clarer la prime d'activit\u00e9 ?","answer":"La prime d'activit\u00e9 de la Caf n'est pas soumise \u00e0 l'imp\u00f4t sur le revenu. ... Ce coup de pouce financier, destin\u00e9 aux travailleurs aux revenus modestes, n'est pas soumis \u00e0 l'imp\u00f4t."},"6":{"question":"Quel est le salaire minimum pour toucher la prime d'activit\u00e9 ?","answer":"Pour avoir droit \u00e0 la prime d'activit\u00e9, vous devez toucher pendant au moins trois mois, un salaire minimum de 1 104,25 \u20ac\/mois."},"7":{"question":"La prime d'activit\u00e9 est-elle imposable ?","answer":"La r\u00e9ponse est non, elle fait partie des aides exon\u00e9r\u00e9es d'imp\u00f4t sur le revenu. "},"8":{"question":"","answer":""},"9":{"question":"","answer":""},"10":{"question":"","answer":""},"11":{"question":"","answer":""},"12":{"question":"","answer":""},"13":{"question":"","answer":""},"14":{"question":"","answer":""},"15":{"question":"","answer":""},"16":{"question":"","answer":""}}},"_links":{"self":[{"href":"https:\/\/www.mes-allocs.fr\/guides\/wp-json\/wp\/v2\/posts\/487","targetHints":{"allow":["GET"]}}],"collection":[{"href":"https:\/\/www.mes-allocs.fr\/guides\/wp-json\/wp\/v2\/posts"}],"about":[{"href":"https:\/\/www.mes-allocs.fr\/guides\/wp-json\/wp\/v2\/types\/post"}],"author":[{"embeddable":true,"href":"https:\/\/www.mes-allocs.fr\/guides\/wp-json\/wp\/v2\/users\/6"}],"replies":[{"embeddable":true,"href":"https:\/\/www.mes-allocs.fr\/guides\/wp-json\/wp\/v2\/comments?post=487"}],"version-history":[{"count":53,"href":"https:\/\/www.mes-allocs.fr\/guides\/wp-json\/wp\/v2\/posts\/487\/revisions"}],"predecessor-version":[{"id":111421,"href":"https:\/\/www.mes-allocs.fr\/guides\/wp-json\/wp\/v2\/posts\/487\/revisions\/111421"}],"wp:featuredmedia":[{"embeddable":true,"href":"https:\/\/www.mes-allocs.fr\/guides\/wp-json\/wp\/v2\/media\/488"}],"wp:attachment":[{"href":"https:\/\/www.mes-allocs.fr\/guides\/wp-json\/wp\/v2\/media?parent=487"}],"wp:term":[{"taxonomy":"category","embeddable":true,"href":"https:\/\/www.mes-allocs.fr\/guides\/wp-json\/wp\/v2\/categories?post=487"},{"taxonomy":"post_tag","embeddable":true,"href":"https:\/\/www.mes-allocs.fr\/guides\/wp-json\/wp\/v2\/tags?post=487"}],"curies":[{"name":"wp","href":"https:\/\/api.w.org\/{rel}","templated":true}]}}