{"id":483,"date":"2019-07-16T12:07:51","date_gmt":"2019-07-16T12:07:51","guid":{"rendered":"https:\/\/www.mes-allocs.fr\/guides\/?p=483"},"modified":"2026-04-02T15:22:09","modified_gmt":"2026-04-02T14:22:09","slug":"prime-activite-msa","status":"publish","type":"post","link":"https:\/\/www.mes-allocs.fr\/guides\/prime-d-activite\/prime-activite-msa\/","title":{"rendered":"Prime d\u2019activit\u00e9 MSA : conditions, montants, d\u00e9marches en 2026"},"content":{"rendered":"<p><img loading=\"lazy\" decoding=\"async\" class=\"aligncenter size-full wp-image-60022\" title=\"prime d'activit\u00e9 msa\" src=\"https:\/\/www.mes-allocs.fr\/guides\/wp-content\/uploads\/2019\/07\/image_2022-12-27_133816637.png\" alt=\"prime d'activit\u00e9 msa\" width=\"1250\" height=\"303\" srcset=\"https:\/\/www.mes-allocs.fr\/guides\/wp-content\/uploads\/2019\/07\/image_2022-12-27_133816637.png 1250w, https:\/\/www.mes-allocs.fr\/guides\/wp-content\/uploads\/2019\/07\/image_2022-12-27_133816637-300x73.png 300w, https:\/\/www.mes-allocs.fr\/guides\/wp-content\/uploads\/2019\/07\/image_2022-12-27_133816637-1024x248.png 1024w, https:\/\/www.mes-allocs.fr\/guides\/wp-content\/uploads\/2019\/07\/image_2022-12-27_133816637-768x186.png 768w, https:\/\/www.mes-allocs.fr\/guides\/wp-content\/uploads\/2019\/07\/image_2022-12-27_133816637-600x145.png 600w\" sizes=\"auto, (max-width: 1250px) 100vw, 1250px\" \/><\/p>\n<p style=\"text-align: justify;\"><span style=\"font-size: 12pt;\">[Mis \u00e0 jour le 02\/04\/2026] La <a href=\"https:\/\/www.mes-allocs.fr\/guides\/prime-d-activite\/\">prime d\u2019activit\u00e9<\/a> est une aide financi\u00e8re qui vient compl\u00e9ter vos ressources, en prot\u00e9geant ainsi votre pouvoir d\u2019achat et en valorisant l\u2019emploi face au ch\u00f4mage. Si travaillez dans le milieu agricole, elle vous est vers\u00e9e par votre Mutualit\u00e9 Sociale Agricole (MSA). Mes Allocs vous explique qui peut b\u00e9n\u00e9ficier de la <strong>prime d&rsquo;activit\u00e9 de la MSA<\/strong>, quel montant peut vous \u00eatre vers\u00e9, et quelles d\u00e9marches vous devez effectuer en 2026.<\/span><\/p>\n<div class='cta-block'><div class='text'>Simulez votre prime d&rsquo;activit\u00e9 en 2 min. <\/div><a href='https:\/\/www.mes-allocs.fr\/ab-app?origin=guides\/wp-json\/wp\/v2\/posts\/483' class='app-button fit'>Simulation gratuite<\/a><\/div>\n<h1>Prime d&rsquo;activit\u00e9 MSA 2026 : quelles conditions ?<\/h1>\n<p style=\"text-align: justify;\">Les personnes affili\u00e9es \u00e0 la mutualit\u00e9 sociale agricole peuvent b\u00e9n\u00e9ficier, au m\u00eame titre que ceux affili\u00e9s \u00e0 la CAF, de la prime d&rsquo;activit\u00e9.<\/p>\n<p style=\"text-align: justify;\">Les allocataires en France d\u00e9pendent principalement de la Caisse d&rsquo;allocations familiales, pr\u00e8s de 11 millions d&rsquo;allocataires. N\u00e9anmoins, pr\u00e8s de 6 millions de personnes, exploitant agricole ou rural, salari\u00e9 de l\u2019industrie agro-alimentaire, de certaines banques, d\u00e9pendent de la MSA et peuvent donc pr\u00e9tendre \u00e0 la prime d&rsquo;activit\u00e9.<\/p>\n<p style=\"text-align: justify;\">La prime d&rsquo;activit\u00e9 est une aide ouverte \u00e0 tous les travailleurs de 18 ans ou plus (exploitants agricoles, \u00e9tudiants, apprentis&#8230;)<\/p>\n<p>Pour calculer le montant de vos droits, la MSA prend en compte l&rsquo;ensemble des revenus du foyer, y compris les aides au logement (dans la limite d&rsquo;un forfait logement).<\/p>\n<p>\u00c0 noter : si vous avez entre 18 et 25 ans et que vous avez des revenus professionnels, vous pouvez faire valoir leurs droits \u00e0 la prime d&rsquo;activit\u00e9.<\/p>\n<h2><strong>Qui sont les personnes d\u00e9pendantes de la MSA ?<\/strong><\/h2>\n<ul class=\"list-9\">\n<li>Les agriculteurs<\/li>\n<li>Les salari\u00e9s du secteur agricole au sens large<\/li>\n<li>Les professionnels du secteur agricole, mais ne poss\u00e9dant pas le statut de salari\u00e9 comme les chefs d\u2019exploitation par exemple<\/li>\n<li>Les retrait\u00e9s du secteur agricole<\/li>\n<li>Les ayants droit<\/li>\n<\/ul>\n<h2><strong>Les conditions pour b\u00e9n\u00e9ficier de la prime d&rsquo;activit\u00e9 en 2026<\/strong><\/h2>\n<ul>\n<li>avoir 18 ans ou plus ;<\/li>\n<li>\u00eatre soit de nationalit\u00e9 fran\u00e7aise, soit ressortissant de l&rsquo;Espace \u00e9conomique europ\u00e9en, suisse ou de nationalit\u00e9 \u00e9trang\u00e8re en situation r\u00e9guli\u00e8re en France depuis au moins 5\u00a0ans ;<\/li>\n<li>r\u00e9sider de fa\u00e7on effective et r\u00e9guli\u00e8re en France ;<\/li>\n<li>exercer une activit\u00e9 professionnelle dont vous tirez un revenu ;<\/li>\n<li>ne pas \u00eatre en cong\u00e9 parental, en cong\u00e9 sabbatique, en cong\u00e9 sans solde, en disponibilit\u00e9 (sauf \u00e0 percevoir par ailleurs des revenus d&rsquo;activit\u00e9 professionnelle) ;<\/li>\n<li>ne pas \u00eatre \u00e9tudiant, \u00e9l\u00e8ve, stagiaire (sauf si vous percevez des revenus professionnels mensuels sup\u00e9rieurs \u00e0 <strong>1 117,26 \u20ac)<\/strong><\/li>\n<li>ne pas \u00eatre travailleur d\u00e9tach\u00e9 en France.<\/li>\n<\/ul>\n<p><iframe loading=\"lazy\" title=\"La prime d&#039;activit\u00e9\" width=\"500\" height=\"281\" src=\"https:\/\/www.youtube.com\/embed\/uavbovK5ZXc?feature=oembed\" frameborder=\"0\" allow=\"accelerometer; autoplay; clipboard-write; encrypted-media; gyroscope; picture-in-picture; web-share\" referrerpolicy=\"strict-origin-when-cross-origin\" allowfullscreen><\/iframe><\/p>\n<h1>Prime d&rsquo;activit\u00e9 MSA 2026 : quel montant ?<\/h1>\n<h2 style=\"text-align: justify;\"><b>Calcul de la prime d\u2019activit\u00e9<\/b><\/h2>\n<p style=\"text-align: justify;\"><span style=\"font-weight: 400;\">Votre montant de prime d\u2019activit\u00e9 est calcul\u00e9 selon deux grandes composantes :<\/span><\/p>\n<ul style=\"text-align: justify;\">\n<li style=\"font-weight: 400;\"><span style=\"font-weight: 400;\">D\u2019une part, <\/span><b>un montant forfaitaire<\/b><span style=\"font-weight: 400;\">, qui varie selon les ressources de votre foyer et du nombre d\u2019enfants \u00e0 votre charge. Ce montant peut \u00eatre bonifi\u00e9 selon les revenus professionnels de chaque travailleur<\/span><\/li>\n<li style=\"font-weight: 400;\"><span style=\"font-weight: 400;\">Les ressources prises en compte par le foyer<\/span><\/li>\n<\/ul>\n<p style=\"text-align: justify;\"><span style=\"font-weight: 400;\">On peut estimer la <\/span><b>formule de calcul de la prime d\u2019activit\u00e9<\/b><span style=\"font-weight: 400;\"> ainsi :<\/span><\/p>\n<p style=\"text-align: justify;\"><b>Montant de votre prime d&rsquo;activit\u00e9 = montant forfaitaire \u00e9ventuellement major\u00e9 + 59,85 % des revenus professionnels + bonifications individuelles \u2013 les ressources prises en compte du foyer.<\/b><\/p>\n<p>Le montant une fois calcul\u00e9, n&rsquo;h\u00e9sitez pas \u00e0 faire une v\u00e9rification gr\u00e2ce \u00e0 notre simulateur.<\/p>\n<p style=\"text-align: justify;\"><span style=\"font-weight: 400;\">La prime d\u2019activit\u00e9 <\/span><span style=\"font-weight: 400;\">n\u2019est <a href=\"https:\/\/www.mes-allocs.fr\/guides\/prime-d-activite\/simulation-prime-d-activite\/prime-d-activite-imposable\">pas imposable<\/a><\/span><span style=\"font-weight: 400;\">. La prime d&rsquo;activit\u00e9 est revaloris\u00e9e depuis le <strong>1er<\/strong> <strong>avril 2026 et est de 638,28\u20ac.<\/strong><\/span><\/p>\n<h2 style=\"text-align: justify;\"><b>Ressources prises en compte lors du calcul<\/b><\/h2>\n<p style=\"text-align: justify;\"><span style=\"font-weight: 400;\">Il est primordial de savoir quelles ressources sont prises en compte pour le calcul du montant de votre prime d\u2019activit\u00e9. Ce sont ces ressources qui viendront se soustraire \u00e0 votre montant forfaitaire de prime d\u2019activit\u00e9 pour d\u00e9terminer le montant que vous pouvez percevoir.<\/span><span style=\"font-weight: 400;\">\u00a0<\/span><\/p>\n<p style=\"text-align: justify;\"><span style=\"font-weight: 400;\">Tout d\u2019abord, la prime d\u2019activit\u00e9 prend en compte vos revenus d\u2019activit\u00e9 professionnelle (salari\u00e9e ou non). Mais elle prend aussi en compte vos ressources suivantes : des prestations familiales ou <\/span><a href=\"https:\/\/www.mes-allocs.fr\/guides\/prime-d-activite\/simulation-prime-d-activite\/prime-d-activite-et-chomage\"><span style=\"font-weight: 400;\">allocations ch\u00f4mage<\/span><\/a><span style=\"font-weight: 400;\"> que vous percevez vos revenus fonciers et ceux de votre capital.<\/span><\/p>\n<p style=\"text-align: justify;\"><span style=\"font-weight: 400;\">Le calcul du montant de la prime d&rsquo;activit\u00e9 tient compte \u00e9galement de :<\/span><\/p>\n<ul style=\"text-align: justify;\">\n<li style=\"font-weight: 400;\"><span style=\"font-weight: 400;\">Vos aides au logement: allocation de logement familial (ALF), allocation de logement sociale (ALS) ou aide personnalis\u00e9e au logement (APL),<\/span><\/li>\n<li style=\"font-weight: 400;\"><span style=\"font-weight: 400;\">Ou de l&rsquo;avantage en nature dont vous b\u00e9n\u00e9ficiez si vous occupez un logement gratuitement ou si vous en \u00eates propri\u00e9taire (m\u00eame si vous remboursez un pr\u00eat).<\/span><\/li>\n<\/ul>\n<p style=\"text-align: justify;\"><span style=\"font-weight: 400;\">Ces aides et avantages en nature sont \u00e9valu\u00e9s mensuellement et forfaitairement selon le nombre de personnes composant votre foyer :<\/span><\/p>\n<p>&nbsp;<\/p>\n\n<div class=\"wpdt-c row wpDataTableContainerSimpleTable wpDataTables wpDataTablesWrapper\n\"\n    >\n    <table id=\"wpdtSimpleTable-554\"\n           class=\"wpdtSimpleTable wpDataTable\"\n           data-column=\"2\"\n           data-rows=\"4\"\n           data-wpID=\"554\"\n           data-responsive=\"0\"\n           data-has-header=\"1\">\n\n                    <thead>        <tr class=\"wpdt-cell-row \" >\n                            <th class=\"wpdt-cell wpdt-bc-F3F9FE\"\n                                    data-cell-id=\"A1\"\n                data-col-index=\"0\"\n                data-row-index=\"0\"\n                style=\" width:48.571428571429%;                padding:10px;\"\n                >\n                                Nombre de personnes dans le foyer                <\/th>\n                                            <th class=\"wpdt-cell wpdt-bc-F3F9FE\"\n                                    data-cell-id=\"B1\"\n                data-col-index=\"1\"\n                data-row-index=\"0\"\n                style=\" width:51.428571428571%;                padding:10px;\"\n                >\n                                Forfait logement                <\/th>\n                                        <\/tr>\n                    <tbody>        <tr class=\"wpdt-cell-row \" >\n                            <td class=\"wpdt-cell wpdt-bc-F3F9FE\"\n                                    data-cell-id=\"A2\"\n                data-col-index=\"0\"\n                data-row-index=\"1\"\n                style=\"                padding:10px;\"\n                >\n                                1                <\/td>\n                                            <td class=\"wpdt-cell wpdt-bc-F3F9FE\"\n                                    data-cell-id=\"B2\"\n                data-col-index=\"1\"\n                data-row-index=\"1\"\n                style=\"                padding:10px;\"\n                >\n                                76,59\u20ac                <\/td>\n                                        <\/tr>\n                            <tr class=\"wpdt-cell-row \" >\n                            <td class=\"wpdt-cell wpdt-bc-F3F9FE\"\n                                    data-cell-id=\"A3\"\n                data-col-index=\"0\"\n                data-row-index=\"2\"\n                style=\"                padding:10px;\"\n                >\n                                2                <\/td>\n                                            <td class=\"wpdt-cell wpdt-bc-F3F9FE\"\n                                    data-cell-id=\"B3\"\n                data-col-index=\"1\"\n                data-row-index=\"2\"\n                style=\"                padding:10px;\"\n                >\n                                153,19 \u20ac                <\/td>\n                                        <\/tr>\n                            <tr class=\"wpdt-cell-row \" >\n                            <td class=\"wpdt-cell wpdt-bc-F3F9FE\"\n                                    data-cell-id=\"A4\"\n                data-col-index=\"0\"\n                data-row-index=\"3\"\n                style=\"                padding:10px;\"\n                >\n                                3 ou plus                <\/td>\n                                            <td class=\"wpdt-cell wpdt-bc-F3F9FE\"\n                                    data-cell-id=\"B4\"\n                data-col-index=\"1\"\n                data-row-index=\"3\"\n                style=\"                padding:10px;\"\n                >\n                                189,57 \u20ac                <\/td>\n                                        <\/tr>\n                    <\/table>\n<\/div><style id='wpdt-custom-style-554'>\ntable#wpdtSimpleTable-554{ table-layout: fixed !important; }\n.wpdt-bc-F3F9FE { background-color: #F3F9FE !important;}\n<\/style>\n\n<p>&nbsp;<\/p>\n<p style=\"text-align: justify;\"><i>Exemple : si vous vivez en couple et que vous n\u2019avez pas d\u2019enfant, mais que vous \u00eates propri\u00e9taire, l\u2019avantage que vous avez \u00e0 \u00eatre propri\u00e9taire de votre logement sera comptabilis\u00e9 comme un revenu \u00e0 hauteur de 142,86 \u20ac par mois dans le calcul de votre montant de prime d\u2019activit\u00e9.<\/i><\/p>\n<div class='cta-block'><div class='text'>Simulez votre prime d&rsquo;activit\u00e9 en 2 min. <\/div><a href='https:\/\/www.mes-allocs.fr\/ab-app?origin=guides\/wp-json\/wp\/v2\/posts\/483' class='app-button fit'>Simulation gratuite<\/a><\/div>\n<h2 style=\"text-align: justify;\"><b>Montant forfaitaire de la prime d\u2019activit\u00e9<\/b><\/h2>\n<p>&nbsp;<\/p>\n<p style=\"text-align: justify;\"><span style=\"font-weight: 400;\">Le montant forfaitaire de la prime d\u2019activit\u00e9 s\u2019\u00e9l\u00e8ve \u00e0 <strong>638,28<\/strong><\/span><b>\u00a0\u20ac par mois.<\/b><span style=\"font-weight: 400;\"> Il correspond au montant que vous pourriez percevoir si vous viviez seul et que vous n\u2019aviez aucune source de revenus. Ce montant peut \u00eatre<\/span><b> major\u00e9<\/b><span style=\"font-weight: 400;\"> en fonction de la <\/span><b>composition du foyer<\/b><span style=\"font-weight: 400;\"> et\/ou en cas d\u2019isolement, afin que vous puissiez percevoir un montant de prime d\u2019activit\u00e9 selon vos ressources. <\/span><\/p>\n<p style=\"text-align: justify;\"><span style=\"font-weight: 400;\">Si vous vivez en couple et que vous travaillez tous les deux, il ne serait pas difficile de d\u00e9passer le plafond de prime d\u2019activit\u00e9 fix\u00e9 \u00e0 <strong>638,28<\/strong><b>\u00a0\u20ac<\/b> + 59,85 % de vos revenus professionnels.<\/span><\/p>\n<h2 style=\"text-align: justify;\"><b>Majoration du montant forfaitaire de la prime d\u2019activit\u00e9<\/b><\/h2>\n<p style=\"text-align: justify;\"><span style=\"font-weight: 400;\">La majoration du montant forfaitaire s\u2019\u00e9tablit ainsi :<\/span><\/p>\n<ul style=\"text-align: justify;\">\n<li style=\"font-weight: 400;\"><b>50\u2009%<\/b><span style=\"font-weight: 400;\"> pour la 1<\/span><span style=\"font-weight: 400;\">re<\/span><span style=\"font-weight: 400;\"> personne suppl\u00e9mentaire,<\/span><\/li>\n<li style=\"font-weight: 400;\"><b>30\u2009%<\/b><span style=\"font-weight: 400;\"> par personne suppl\u00e9mentaire,<\/span><\/li>\n<li style=\"font-weight: 400;\"><b>40\u2009%<\/b><span style=\"font-weight: 400;\"> par personne suppl\u00e9mentaire au-del\u00e0 de la 3<\/span><span style=\"font-weight: 400;\">e<\/span><span style=\"font-weight: 400;\"> personne si le foyer comporte plus de 2 enfants ou personnes de moins de 25 ans \u00e0 charge, \u00e0 l&rsquo;exception de la personne avec qui vous vivez en couple.<\/span><\/li>\n<\/ul>\n<p style=\"text-align: justify;\"><i><span style=\"font-weight: 400;\">Exemple : vous vivez en couple et vous avez 5 enfants \u00e0 charge. Votre majoration du montant forfaitaire est de 230 %, calcul\u00e9e ainsi : <\/span><\/i><i><span style=\"font-weight: 400;\">50 % + 2 \u00d7 30 % + 3 \u00d7 40\u2009% = 230\u2009%.<\/span><\/i><span style=\"font-weight: 400;\">\u00a0<\/span><\/p>\n<p>&nbsp;<\/p>\n<p style=\"text-align: justify;\"><span style=\"font-weight: 400;\">Vous pouvez \u00e9galement b\u00e9n\u00e9ficier de la <\/span><b>majoration pour isolement<\/b><span style=\"font-weight: 400;\">. Pour ce faire, vous devez \u00eatre c\u00e9libataire, divorc\u00e9, s\u00e9par\u00e9 ou veuf, et vous devez avoir des enfants \u00e0 charge ou \u00eatre enceinte. Votre montant forfaitaire est accord\u00e9 \u00e0 partir du mois au cours duquel survient l&rsquo;un des \u00e9v\u00e9nements suivants :<\/span><\/p>\n<ul style=\"text-align: justify;\">\n<li style=\"font-weight: 400;\"><span style=\"font-weight: 400;\">Vous d\u00e9clarez une grossesse,<\/span><\/li>\n<li style=\"font-weight: 400;\"><span style=\"font-weight: 400;\">Votre enfant na\u00eet,<\/span><\/li>\n<li style=\"font-weight: 400;\"><span style=\"font-weight: 400;\">Vous prenez en charge un enfant,<\/span><\/li>\n<li style=\"font-weight: 400;\"><span style=\"font-weight: 400;\">Vous vous s\u00e9parez ou votre conjoint d\u00e9c\u00e8de.<\/span><\/li>\n<\/ul>\n<p style=\"text-align: justify;\"><span style=\"font-weight: 400;\">Le montant forfaitaire major\u00e9 peut vous \u00eatre accord\u00e9 pendant <\/span><b>12 mois<\/b><span style=\"font-weight: 400;\">, continus ou discontinus, sur la p\u00e9riode de <\/span><b>18 mois qui suit l\u2019\u00e9v\u00e9nement qui vous a isol\u00e9<\/b><span style=\"font-weight: 400;\">. Si votre plus jeune enfant \u00e0 moins de 3 ans et qu\u2019il aura 3 ans dans plus de 12 mois, vous b\u00e9n\u00e9ficiez de cette majoration jusqu\u2019\u00e0 ces 3 ans. Ce montant varie en fonction du nombre d&rsquo;enfants \u00e0 charge.<\/span><\/p>\n<h2><span id=\"Quest-ce_que_le_revenu_disponible\">Qu\u2019est-ce que le revenu disponible ?<\/span><\/h2>\n<p>&nbsp;<\/p>\n<section>\n<div id=\"contenu\" class=\"contenu\">\n<div class=\"corps-definition\">\n<div>\n<p>Il s\u2019agit d\u2019un montant r\u00e9unissant :<\/p>\n<ul>\n<li>les revenus d\u2019activit\u00e9 (nets des cotisations sociales),<\/li>\n<li>les revenus du patrimoine,<\/li>\n<li>les transferts en provenance d\u2019autres m\u00e9nages<\/li>\n<li>et les prestations sociales (dont les pensions de retraite et les indemnit\u00e9s de ch\u00f4mage), nets des imp\u00f4ts directs<em><strong>.<\/strong><\/em><\/li>\n<\/ul>\n<p><strong><span class=\"amp-wp-f6bf23d\" data-amp-original-style=\"text-decoration: underline;\">Prime d activit\u00e9 MSA et revenu disponible : \u00e0 quoi cela correspond ?<\/span><\/strong><\/p>\n<p>Pour un nouvel exploitant agricole, par exemple, cela correspond \u00e0 la formule suivante :<\/p>\n<p><strong>Revenu disponible = L\u2019exc\u00e9dent brut d\u2019exploitation (total des produits \u2013 les charges) + les produits financiers \u00e0 court terme \u2013 les annuit\u00e9s d\u2019emprunts \u00e0 long et moyen terme pour le capital et les int\u00e9r\u00eats \u2013 les frais financiers des dettes \u00e0 court terme.<\/strong><\/p>\n<\/div>\n<\/div>\n<\/div>\n<\/section>\n<p>&nbsp;<\/p>\n<h1>Quelles sont les d\u00e9marches pour b\u00e9n\u00e9ficier de la prime d&rsquo;activit\u00e9 MSA ?<\/h1>\n<h2>Faire une demande de prime d&rsquo;activit\u00e9 sur le site de la MSA<\/h2>\n<p><strong>Instructions pour demander la prime d&rsquo;activit\u00e9 :\u00a0<\/strong><\/p>\n<ul class=\"list-9\">\n<li>Rendez-vous sur msa.fr<\/li>\n<li>Connectez-vous \u00e0 votre compte dans la rubrique \u00ab Mon espace priv\u00e9 \u00bb<\/li>\n<li>Choisissez \u00ab Mes services en ligne \u00bb<\/li>\n<li>S\u00e9lectionnez \u00ab\u00a0Demande prime activit\u00e9\u00a0\u00bb<\/li>\n<\/ul>\n<p>Le formulaire est \u00e0 remplir en ligne, pour estimer vos droits, vous pouvez faire une simulation gratuite avec Mes Allocs !<\/p>\n<p>Il vous sera demand\u00e9 votre dernier BA (b\u00e9n\u00e9ficie agricole) si vous le connaissez. De plus, les revenus des 3 derniers mois devront \u00eatre saisis.<\/p>\n<p>Si vous n&rsquo;avez pas encore d&rsquo;espace personnel MSA, vous pouvez cr\u00e9er un espace priv\u00e9 et faire votre demande.<\/p>\n<p><strong>Avantages de la d\u00e9claration en ligne :<\/strong><\/p>\n<ul>\n<li>pas de justificatifs papiers \u00e0 joindre ;<\/li>\n<li>une r\u00e9ponse rapide sur votre droit \u00e0 la prestation et son montant ;<\/li>\n<li>plus besoin de vous d\u00e9placer ou d&rsquo;affranchir votre d\u00e9claration ;<\/li>\n<li>vos informations sont transmises instantan\u00e9ment \u00e0 votre MSA. Votre dossier sera trait\u00e9 plus rapidement.<\/li>\n<\/ul>\n<p>Que vous soyez allocataire de la MSA ou non vous pouvez faire une estimation gratuite de vos droits avec Mes Allocs.<\/p>\n<h2>Quel est le d\u00e9lai de traitement de la demande de MSA ?<\/h2>\n<p>Le d\u00e9lai de traitement de la demande est d&rsquo;un mois. Si votre demande de MSA est accept\u00e9e, vous recevrez votre prime d&rsquo;activit\u00e9 au 5 du mois suivant votre demande.<\/p>\n<h2>Le calendrier de versement de la prime d&rsquo;activit\u00e9 2026 par la MSA<\/h2>\n<p>La prime d&rsquo;activit\u00e9 est vers\u00e9e le 5 de chaque mois par la MSA, m\u00eame date pour la CAF. Une fois calcul\u00e9, le montant est fixe pendant 3 mois, m\u00eame si votre situation change au cours de cette p\u00e9riode. En cas de changement, la modification de vos droits sera prise en compte pour le trimestre \u00e0 venir.<\/p>\n<p>\u00c0 retenir : la prime d&rsquo;activit\u00e9 n&rsquo;est pas imposable sur l&rsquo;imp\u00f4t sur le revenu. Vous ne devez pas en d\u00e9clarer les montants dans vos d\u00e9clarations.<\/p>\n<h2>Comment faire les d\u00e9clarations trimestrielles aupr\u00e8s de la MSA ?<\/h2>\n<p><b>Depuis juillet 2025<\/b>, les b\u00e9n\u00e9ficiaires de la prime d\u2019activit\u00e9 affili\u00e9s \u00e0 la <b>MSA <\/b>profitent d\u2019une nouveaut\u00e9 : <b>la d\u00e9claration trimestrielle de ressources est d\u00e9sormais partiellement pr\u00e9-remplie<\/b>.<\/p>\n<p>Cette simplification s\u2019inscrit dans la r\u00e9forme de la solidarit\u00e9 \u00e0 la source et a pour objectif de faciliter les d\u00e9marches tout en limitant les erreurs pouvant impacter vos droits.<\/p>\n<p>Lors de votre d\u00e9claration trimestrielle, les <b>revenus d\u2019activit\u00e9 salari\u00e9e<\/b> et <b>revenus de remplacemen<\/b>t (comme les allocations ch\u00f4mage, indemnit\u00e9s journali\u00e8res, pensions de retraite ou d\u2019invalidit\u00e9) sont automatiquement renseign\u00e9s en<b> montant net social<\/b>. Ces donn\u00e9es sont directement transmises par les employeurs ou organismes versant les prestations (comme France Travail, par exemple).<\/p>\n<p>Il vous suffit alors de <b>v\u00e9rifier <\/b>les montants pr\u00e9-remplis, de les <b>valider <\/b>ou de les <b>corriger <\/b>si n\u00e9cessaire. Vous devez \u00e9galement ajouter manuellement <b>toute autre ressource<\/b> per\u00e7ue pendant la p\u00e9riode concern\u00e9e, comme une pension alimentaire, des revenus d\u2019ind\u00e9pendant ou des sommes per\u00e7ues \u00e0 l\u2019\u00e9tranger. Une fois toutes les informations compl\u00e9t\u00e9es, il vous reste \u00e0 valider votre d\u00e9claration en ligne.<\/p>\n<p>La d\u00e9marche se fait depuis votre <b>espace priv\u00e9 sur le site de la MSA<\/b>, accessible avec vos identifiants MSA ou via FranceConnect. Cliquez ensuite sur le service \u00ab Prime d\u2019activit\u00e9 : demande et d\u00e9claration trimestrielle \u00bb dans la rubrique RSA, Prime d\u2019activit\u00e9.<\/p>\n<div class='shortcode disclaimer'><div class='title'>Attention<\/div><div class='content'>Toute correction apport\u00e9e peut faire l\u2019objet d\u2019une v\u00e9rification par la MSA. <\/div><\/div>\n<div class='cta-block'><div class='text'>Simulez votre prime d&rsquo;activit\u00e9 en 2 min. <\/div><a href='https:\/\/www.mes-allocs.fr\/ab-app?origin=guides\/wp-json\/wp\/v2\/posts\/483' class='app-button fit'>Simulation gratuite<\/a><\/div>\n","protected":false},"excerpt":{"rendered":"<p>[Mis \u00e0 jour le 02\/04\/2026] La prime d\u2019activit\u00e9 est une aide financi\u00e8re qui vient compl\u00e9ter vos ressources, en prot\u00e9geant ainsi votre pouvoir d\u2019achat et en valorisant l\u2019emploi face au ch\u00f4mage. Si travaillez dans le milieu agricole, elle vous est vers\u00e9e par votre Mutualit\u00e9 Sociale Agricole (MSA). Mes Allocs vous explique qui peut b\u00e9n\u00e9ficier de la [&hellip;]<\/p>\n","protected":false},"author":6,"featured_media":3307,"comment_status":"open","ping_status":"open","sticky":false,"template":"","format":"standard","meta":{"amp_status":"","footnotes":""},"categories":[20],"tags":[],"class_list":["post-483","post","type-post","status-publish","format-standard","has-post-thumbnail","hentry","category-prime-d-activite"],"yoast_head":"<!-- This site is optimized with the Yoast SEO plugin v14.9 - https:\/\/yoast.com\/wordpress\/plugins\/seo\/ -->\n<title>Prime d\u2019activit\u00e9 MSA : conditions, montants, d\u00e9marches en 2026<\/title>\n<meta name=\"description\" content=\"Mes Allocs vous guide dans votre d\u00e9claration prime d&#039;activit\u00e9 MSA. Retrouvez les conditions, montants et d\u00e9marches en 2026.\" \/>\n<meta name=\"robots\" content=\"index, follow, max-snippet:-1, max-image-preview:large, max-video-preview:-1\" \/>\n<link rel=\"canonical\" href=\"https:\/\/www.mes-allocs.fr\/guides\/prime-d-activite\/prime-activite-msa\/\" \/>\n<meta property=\"og:locale\" content=\"fr_FR\" \/>\n<meta property=\"og:type\" content=\"article\" \/>\n<meta property=\"og:title\" content=\"Prime d\u2019activit\u00e9 MSA : conditions, montants, d\u00e9marches en 2026\" \/>\n<meta property=\"og:description\" content=\"Mes Allocs vous guide dans votre d\u00e9claration prime d&#039;activit\u00e9 MSA. Retrouvez les conditions, montants et d\u00e9marches en 2026.\" \/>\n<meta property=\"og:url\" content=\"https:\/\/www.mes-allocs.fr\/guides\/prime-d-activite\/prime-activite-msa\/\" \/>\n<meta property=\"og:site_name\" content=\"Mes-Allocs.fr\" \/>\n<meta property=\"article:published_time\" content=\"2019-07-16T12:07:51+00:00\" \/>\n<meta property=\"article:modified_time\" content=\"2026-04-02T14:22:09+00:00\" \/>\n<meta property=\"og:image\" content=\"https:\/\/www.mes-allocs.fr\/guides\/wp-content\/uploads\/2019\/07\/prime-dactivite\u0301-msa-e1577775742142.jpg?wsr\" \/>\n\t<meta property=\"og:image:width\" content=\"2000\" \/>\n\t<meta property=\"og:image:height\" content=\"705\" \/>\n<meta name=\"twitter:card\" content=\"summary_large_image\" \/>\n<script type=\"application\/ld+json\" class=\"yoast-schema-graph\">{\"@context\":\"https:\/\/schema.org\",\"@graph\":[{\"@type\":\"WebSite\",\"@id\":\"https:\/\/www.mes-allocs.fr\/guides\/#website\",\"url\":\"https:\/\/www.mes-allocs.fr\/guides\/\",\"name\":\"Mes-Allocs.fr\",\"description\":\"\",\"potentialAction\":[{\"@type\":\"SearchAction\",\"target\":\"https:\/\/www.mes-allocs.fr\/guides\/?s={search_term_string}\",\"query-input\":\"required name=search_term_string\"}],\"inLanguage\":\"fr-FR\"},{\"@type\":\"ImageObject\",\"@id\":\"https:\/\/www.mes-allocs.fr\/guides\/prime-d-activite\/prime-activite-msa\/#primaryimage\",\"inLanguage\":\"fr-FR\",\"url\":\"https:\/\/www.mes-allocs.fr\/guides\/wp-content\/uploads\/2019\/07\/prime-dactivite\\u0301-msa-e1577775742142.jpg?wsr\",\"width\":2000,\"height\":705,\"caption\":\"prime dactivite\\u0301 msa e1577775742142\"},{\"@type\":\"WebPage\",\"@id\":\"https:\/\/www.mes-allocs.fr\/guides\/prime-d-activite\/prime-activite-msa\/#webpage\",\"url\":\"https:\/\/www.mes-allocs.fr\/guides\/prime-d-activite\/prime-activite-msa\/\",\"name\":\"Prime d\\u2019activit\\u00e9 MSA : conditions, montants, d\\u00e9marches en 2026\",\"isPartOf\":{\"@id\":\"https:\/\/www.mes-allocs.fr\/guides\/#website\"},\"primaryImageOfPage\":{\"@id\":\"https:\/\/www.mes-allocs.fr\/guides\/prime-d-activite\/prime-activite-msa\/#primaryimage\"},\"datePublished\":\"2019-07-16T12:07:51+00:00\",\"dateModified\":\"2026-04-02T14:22:09+00:00\",\"author\":{\"@id\":\"https:\/\/www.mes-allocs.fr\/guides\/#\/schema\/person\/0ecd61a8600573914d00d970a588c024\"},\"description\":\"Mes Allocs vous guide dans votre d\\u00e9claration prime d'activit\\u00e9 MSA. Retrouvez les conditions, montants et d\\u00e9marches en 2026.\",\"inLanguage\":\"fr-FR\"},{\"@type\":\"Person\",\"@id\":\"https:\/\/www.mes-allocs.fr\/guides\/#\/schema\/person\/0ecd61a8600573914d00d970a588c024\",\"name\":\"Jonathan\",\"image\":{\"@type\":\"ImageObject\",\"@id\":\"https:\/\/www.mes-allocs.fr\/guides\/#personlogo\",\"inLanguage\":\"fr-FR\",\"url\":\"https:\/\/www.mes-allocs.fr\/guides\/wp-content\/uploads\/2021\/06\/jonathan-150x150.png\",\"caption\":\"Jonathan\"},\"description\":\"Jonathan est r\\u00e9dacteur au sein de l'\\u00e9quipe Mes Allocs, sp\\u00e9cialis\\u00e9 sur les sujets li\\u00e9s au handicap. Dipl\\u00f4m\\u00e9e de l'UPEM, il rejoint Mes Allocs apr\\u00e8s avoir travaill\\u00e9 \\u00e0 l'association AEDE qui accompagne les adultes en situation de handicap. Quand il n'\\u00e9crit pas, on peut le retrouver sur un terrain de basket.\",\"sameAs\":[\"https:\/\/www.linkedin.com\/in\/jonathan-bambela-8637861b7\"]}]}<\/script>\n<!-- \/ Yoast SEO plugin. -->","amp_validity":null,"acf":{"faq":{"1":{"question":"Qu'est ce que la prime d'activit\u00e9 ? ","answer":"La prime d\u2019activit\u00e9 est une aide qui vous est d\u00e9livr\u00e9e par votre Caisse d\u2019Allocations Familiales (CAF), si vous travaillez et si vous percevez un salaire modeste."},"2":{"question":"Quelles sont les conditions li\u00e9es \u00e0 la prime d'activit\u00e9 ? ","answer":"Pour avoir droit \u00e0 la prime d'activit\u00e9, vous devez remplir l'ensemble des conditions suivantes : avoir une activit\u00e9 professionnelle (salari\u00e9e ou non) et percevoir des revenus modestes, r\u00e9sider en France de mani\u00e8re stable et effective, \u00eatre en s\u00e9jour r\u00e9gulier"},"3":{"question":"Comment faire une simulation Prime d'Activit\u00e9 ?","answer":"Vous pouvez faire une simulation de la prime d'activit\u00e9 directement sur le site de la CAF ou de la MSA, en indiquant vos revenus mensuels et votre situation professionnelle. Cela vous permettra de conna\u00eetre une estimation du montant auquel vous pourriez avoir droit."},"4":{"question":"Quel est le salaire minimum pour toucher la prime d'activit\u00e9 ?","answer":"Pour avoir droit \u00e0 la prime d'activit\u00e9, les \u00e9tudiants salari\u00e9s ainsi que les apprentis doivent toucher pendant au moins trois mois, un salaire minimum de 1117,26  euros net mensuel. Il y a \u00e9galement un plafond de revenus \u00e0 ne pas d\u00e9passer pour pouvoir pr\u00e9tendre \u00e0 la prime d'activit\u00e9."},"5":{"question":"La prime d'activit\u00e9 est-elle r\u00e9troactive ?","answer":"Non, le versement de la prime n'est pas r\u00e9troactif. Cela signifie que vous ne toucherez la prime d'activit\u00e9 que pour les mois suivant votre demande m\u00eame si vous \u00e9tiez \u00e9ligible les mois pr\u00e9c\u00e9dents."},"6":{"question":"","answer":""},"7":{"question":"","answer":""},"8":{"question":"","answer":""},"9":{"question":"","answer":""},"10":{"question":"","answer":""},"11":{"question":"","answer":""},"12":{"question":"","answer":""},"13":{"question":"","answer":""},"14":{"question":"","answer":""},"15":{"question":"","answer":""},"16":{"question":"","answer":""}}},"_links":{"self":[{"href":"https:\/\/www.mes-allocs.fr\/guides\/wp-json\/wp\/v2\/posts\/483","targetHints":{"allow":["GET"]}}],"collection":[{"href":"https:\/\/www.mes-allocs.fr\/guides\/wp-json\/wp\/v2\/posts"}],"about":[{"href":"https:\/\/www.mes-allocs.fr\/guides\/wp-json\/wp\/v2\/types\/post"}],"author":[{"embeddable":true,"href":"https:\/\/www.mes-allocs.fr\/guides\/wp-json\/wp\/v2\/users\/6"}],"replies":[{"embeddable":true,"href":"https:\/\/www.mes-allocs.fr\/guides\/wp-json\/wp\/v2\/comments?post=483"}],"version-history":[{"count":61,"href":"https:\/\/www.mes-allocs.fr\/guides\/wp-json\/wp\/v2\/posts\/483\/revisions"}],"predecessor-version":[{"id":111417,"href":"https:\/\/www.mes-allocs.fr\/guides\/wp-json\/wp\/v2\/posts\/483\/revisions\/111417"}],"wp:featuredmedia":[{"embeddable":true,"href":"https:\/\/www.mes-allocs.fr\/guides\/wp-json\/wp\/v2\/media\/3307"}],"wp:attachment":[{"href":"https:\/\/www.mes-allocs.fr\/guides\/wp-json\/wp\/v2\/media?parent=483"}],"wp:term":[{"taxonomy":"category","embeddable":true,"href":"https:\/\/www.mes-allocs.fr\/guides\/wp-json\/wp\/v2\/categories?post=483"},{"taxonomy":"post_tag","embeddable":true,"href":"https:\/\/www.mes-allocs.fr\/guides\/wp-json\/wp\/v2\/tags?post=483"}],"curies":[{"name":"wp","href":"https:\/\/api.w.org\/{rel}","templated":true}]}}