{"id":48150,"date":"2022-04-26T15:29:04","date_gmt":"2022-04-26T13:29:04","guid":{"rendered":"https:\/\/www.mes-allocs.fr\/guides\/?p=48150"},"modified":"2026-04-03T10:47:43","modified_gmt":"2026-04-03T09:47:43","slug":"financement-formation-conseil-regional","status":"publish","type":"post","link":"https:\/\/www.mes-allocs.fr\/guides\/aide-formation\/financement-formation\/financement-formation-conseil-regional\/","title":{"rendered":"Comment obtenir un financement formation conseil r\u00e9gional ?"},"content":{"rendered":"<p style=\"text-align: justify;\"><b><img loading=\"lazy\" decoding=\"async\" class=\"alignnone wp-image-48173 size-full\" title=\"Comment obtenir un financement formation conseil regional\" src=\"https:\/\/www.mes-allocs.fr\/guides\/wp-content\/uploads\/2022\/04\/Comment-obtenir-un-financement-formation-conseil-regional--e1649440311274.jpg\" alt=\"Comment obtenir un financement formation conseil regional\" width=\"1000\" height=\"220\" srcset=\"https:\/\/www.mes-allocs.fr\/guides\/wp-content\/uploads\/2022\/04\/Comment-obtenir-un-financement-formation-conseil-regional--e1649440311274.jpg 1000w, https:\/\/www.mes-allocs.fr\/guides\/wp-content\/uploads\/2022\/04\/Comment-obtenir-un-financement-formation-conseil-regional--e1649440311274-300x66.jpg 300w, https:\/\/www.mes-allocs.fr\/guides\/wp-content\/uploads\/2022\/04\/Comment-obtenir-un-financement-formation-conseil-regional--e1649440311274-768x169.jpg 768w, https:\/\/www.mes-allocs.fr\/guides\/wp-content\/uploads\/2022\/04\/Comment-obtenir-un-financement-formation-conseil-regional--e1649440311274-600x132.jpg 600w\" sizes=\"auto, (max-width: 1000px) 100vw, 1000px\" \/><\/b><\/p>\n<p style=\"text-align: justify;\">[Mis \u00e0 jour le 03\/04\/2026] <b>Afin d&rsquo;acqu\u00e9rir de nouvelles comp\u00e9tences ou d&rsquo;\u00e9voluer dans son poste, il est possible de b\u00e9n\u00e9ficier de diff\u00e9rents financements pour une <a href=\"https:\/\/www.mes-allocs.fr\/guides\/aide-formation\/\">formation<\/a>.\u00a0Ainsi, les aides du conseil r\u00e9gional se pr\u00e9sentent sous plusieurs formes et varient selon le statut du demandeur. L&rsquo;objectif principal \u00e9tant de faciliter l&rsquo;acc\u00e8s aux formations pour ceux qui souhaitent \u00eatre actif dans le monde professionnel. Alors, financement formation conseil r\u00e9gional : comment \u00e7a marche ?<\/b><\/p>\n<div class='cta-block'><div class='text'>Simulez toutes vos aides en 2 min.<\/div><a href='https:\/\/www.mes-allocs.fr\/ab-app?origin=guides\/wp-json\/wp\/v2\/posts\/48150' class='app-button fit'>Simulation gratuite<\/a><\/div>\n<h1 style=\"text-align: justify;\">C&rsquo;est quoi un conseil r\u00e9gional ?<\/h1>\n<p style=\"text-align: justify;\"><b>En France, le Conseil r\u00e9gional\u00a0d\u00e9signe l&rsquo;assembl\u00e9e \u00e9lue qui g\u00e8re les affaires dont la r\u00e9gion a la charge. Il est compos\u00e9 de conseillers r\u00e9gionaux.<\/b> Une ville, une\u00a0<a href=\"https:\/\/www.mes-allocs.fr\/guides\/aide-mobilite\/aide-permis-de-conduire\/aide-au-permis-de-conduire-localisation\/aide-permis-de-conduire-region-ile-de-france\/\">r\u00e9gion,<\/a> un d\u00e9partement, etc. ne font pas face aux m\u00eames probl\u00e9matiques. De ce fait, ils ne sont donc pas comp\u00e9tents pour mettre en place des politiques sur les m\u00eames sujets. Par exemple, pour l&rsquo;\u00e9ducation, la r\u00e9gion a la charge des lyc\u00e9es et de l&rsquo;apprentissage.<\/p>\n<p style=\"text-align: justify;\"><b>La r\u00e9gion est aussi donc une actrice centrale dans la formation professionnelle. Elle a pour but de permettre aux citoyens de s\u2019ins\u00e9rer rapidement et durablement dans le monde du travail.<\/b> Acc\u00e8s \u00e0 un parcours de formation, construction d&rsquo;un\u00a0projet professionnel, <a href=\"https:\/\/www.mes-allocs.fr\/guides\/allocations-familiales\/allocation-rentree-scolaire\/allocation-rentree-scolaire-apprentissage\/\">apprentissage<\/a> d&rsquo;un m\u00e9tier, obtention d&rsquo;une certification, sont autant de domaines dans lesquels la r\u00e9gion peut vous accompagner.<\/p>\n<p><iframe loading=\"lazy\" title=\"Les aides \u00e0 la formation\" width=\"500\" height=\"281\" src=\"https:\/\/www.youtube.com\/embed\/gs3ZRHqtzmY?feature=oembed\" frameborder=\"0\" allow=\"accelerometer; autoplay; clipboard-write; encrypted-media; gyroscope; picture-in-picture; web-share\" referrerpolicy=\"strict-origin-when-cross-origin\" allowfullscreen><\/iframe><\/p>\n<h1 style=\"text-align: justify;\">Quelles sont les aides de financement du conseil r\u00e9gional ?<\/h1>\n<p style=\"text-align: justify;\"><b>L&rsquo;assembl\u00e9e du conseil r\u00e9gional intervient \u00e0 plusieurs niveaux dans le cadre du financement d\u2019une formation, \u00e0 savoir :<\/b><\/p>\n<ul>\n<li style=\"text-align: justify;\">La formation en elle-m\u00eame<\/li>\n<li style=\"text-align: justify;\">Les frais annexes engendr\u00e9s par cette action de formation<\/li>\n<li style=\"text-align: justify;\">La r\u00e9mun\u00e9ration pendant la dur\u00e9e de la formation<\/li>\n<\/ul>\n<h2 style=\"text-align: justify;\">La formation<\/h2>\n<p style=\"text-align: justify;\">Afin de financer une formation, le conseil r\u00e9gional octroie dans la majorit\u00e9 des cas un abonnement. Cela permet de payer une partie de votre formation en compl\u00e9ment d&rsquo;un autre dispositif de financement. <b>L&rsquo;aide compl\u00e8te des dispositifs suivants\u00a0:<\/b><\/p>\n<ul>\n<li style=\"text-align: justify;\"><b>Le <a href=\"https:\/\/www.mes-allocs.fr\/guides\/aide-formation\/compte-personnel-formation-cpf\/\">Compte Personnel de Formation<\/a>\u00a0(CPF)<\/b> : il permet d&rsquo;acqu\u00e9rir des droits \u00e0 la formation professionnelle, mobilisables tout au long de votre vie professionnelle. C&rsquo;est un financement envisageable pour une personne salari\u00e9e en pleine activit\u00e9 professionnelle. L\u2019aide est d\u00e9bloqu\u00e9e seulement \u00e0 condition que le salari\u00e9 utilise l\u2019int\u00e9gralit\u00e9 de son CPF. Attention, toutefois, une\u00a0<strong>participation financi\u00e8re de 150\u20ac<\/strong> vous est demand\u00e9e depuis le 2 avril 2026, si vous souhaitez mobiliser votre CPF (sauf pour certains publics comme les demandeurs d\u2019emploi).<\/li>\n<li style=\"text-align: justify;\"><b>L\u2019<a href=\"https:\/\/www.mes-allocs.fr\/guides\/aide-formation\/aif-aide-formation\/aif\/\">Aide Individuelle \u00e0 la Formation<\/a> (AIF) <\/b>: le dispositif est en coop\u00e9ration avec le conseil r\u00e9gional et P\u00f4le Emploi. Il est sp\u00e9cialement attribu\u00e9 aux chercheurs d\u2019emploi pour faciliter le retour \u00e0 l\u2019emploi.<\/li>\n<\/ul>\n<p style=\"text-align: justify;\"><b>Le montant de ce compl\u00e9ment n&rsquo;est pas fixe, car il d\u00e9pend du dossier, et de certains crit\u00e8res de qualification du demandeur<\/b> (niveau de qualification, \u00e2ge, profil, etc).<\/p>\n<p style=\"text-align: justify;\">En outre, le conseil r\u00e9gional n&rsquo;accorde pas toujours les m\u00eames aides pour le financement d&rsquo;une formation. <b>En fonction des conventions locales, la subvention des \u00e9lus r\u00e9gionaux est envisageable sous forme de ch\u00e8ques de formation.<\/b>\u00a0La personne per\u00e7oit une somme d\u00e9termin\u00e9e en fonction de sa situation et de la pertinence de son dossier.<\/p>\n<h2 style=\"text-align: justify;\">Les frais annexes<\/h2>\n<p style=\"text-align: justify;\">L\u2019\u00e9loignement de l\u2019organisme de formation ne doit pas \u00eatre un frein. Ainsi, le financement r\u00e9gional d\u2019une formation est envisageable lorsque votre formation s\u2019effectue loin de votre domicile. <b>Il couvre alors les frais annexes : transport et h\u00e9bergement. Dans ce cadre, il s\u2019agit d\u2019indemnit\u00e9s forfaitaires.<\/b>\u00a0Le montant octroy\u00e9 est d\u00e9fini selon la distance entre votre domicile et le lieu de votre formation.<\/p>\n<h2 style=\"text-align: justify;\">La r\u00e9mun\u00e9ration<\/h2>\n<p style=\"text-align: justify;\">Votre r\u00e9mun\u00e9ration durant la formation d\u00e9pend de votre situation le jour de votre entr\u00e9e en formation.\u00a0Si vous b\u00e9n\u00e9ficiez de l&rsquo;Allocation au Retour \u00e0 l&rsquo;Emploi (ARE) de P\u00f4le Emploi, mais elle ne couvre pas la totalit\u00e9 de la dur\u00e9e de la formation,\u00a0le conseil r\u00e9gional peut aider. <b>En effet, lorsque\u00a0votre formation est cofinanc\u00e9e par le conseil r\u00e9gional et qu\u2019elle vous permet d\u2019acqu\u00e9rir des comp\u00e9tences pour exercer un m\u00e9tier en tension, vous pouvez pr\u00e9tendre \u00e0 la R\u00e9mun\u00e9ration de Fin de Formation (RFF).<\/b><\/p>\n<p style=\"text-align: justify;\"><b>Pour ceux qui ne per\u00e7oivent pas l&rsquo;ARE, vous pouvez b\u00e9n\u00e9ficier d\u2019une r\u00e9mun\u00e9ration vers\u00e9e par la r\u00e9gion. Pour cela :<\/b><\/p>\n<ul>\n<li style=\"text-align: justify;\">\u00a0La formation doit \u00eatre agr\u00e9\u00e9e par le conseil r\u00e9gional<\/li>\n<li style=\"text-align: justify;\">La formation doit \u00eatre d\u2019une dur\u00e9e minimum de 150 heures<\/li>\n<li style=\"text-align: justify;\">La formation doit ouvrir des droits \u00e0 la r\u00e9mun\u00e9ration<\/li>\n<\/ul>\n<p style=\"text-align: justify;\">La r\u00e9gion intervient dans le cadre du dispositif \u00ab\u00a0R\u00e9mun\u00e9ration des stagiaires de la formation professionnelle\u00a0\u00bb. <b>Ainsi, vous percevez une allocation mensuelle au titre de la formation. <\/b>Le montant de cette allocation d\u00e9pend de plusieurs crit\u00e8res tels que votre \u00e2ge, votre situation familiale et votre statut (handicap\u00e9s, travailleurs non-salari\u00e9s, etc.).<\/p>\n<h1 style=\"text-align: justify;\">Qui peut b\u00e9n\u00e9ficier d&rsquo;un financement de formation du\u00a0conseil r\u00e9gional ?<\/h1>\n<p style=\"text-align: justify;\">Pour \u00eatre \u00e9ligible \u00e0 un financement par la r\u00e9gion, vous devez respecter un certain nombre de conditions. <b>La contribution financi\u00e8rement n&rsquo;est accord\u00e9e que si vous \u00eates sans emploi et doit \u00eatre encadr\u00e9e par un organisme public, tel que :<\/b><\/p>\n<ul>\n<li style=\"text-align: justify;\"><b>P\u00f4le Emploi<\/b> : pour demandeurs d&#8217;emploi<\/li>\n<li style=\"text-align: justify;\"><b>Cap Emploi <\/b>: d\u00e9di\u00e9 sp\u00e9cialement aux travailleurs en situation de handicap<\/li>\n<li style=\"text-align: justify;\"><b>APEC<\/b> : pour les cadres<\/li>\n<li style=\"text-align: justify;\"><b>Les missions locales<\/b> : pour le cas des jeunes \u00e2g\u00e9s de 16 \u00e0 25\u00a0ans<\/li>\n<\/ul>\n<p style=\"text-align: justify;\">Pour les 3 statuts, le conseil r\u00e9gional peut d\u00e9bloquer des aides, mais selon la situation de chaque personne. <b>L\u2019assembl\u00e9e accorde des subventions compl\u00e9mentaires selon les besoins du demandeur.<\/b><\/p>\n<p style=\"text-align: justify;\"><b>Le financement est \u00e9galement possible pour les salari\u00e9s qui ont subi un licenciement \u00e9conomique et qui b\u00e9n\u00e9ficient d\u2019un Contrat de S\u00e9curit\u00e9 Professionnelle (CSP). <\/b>Cependant, le conseil r\u00e9gional finance en priorit\u00e9 les formations pour des demandeurs d\u2019emploi qui ne sont pas indemnis\u00e9s par P\u00f4le emploi. <b>C&rsquo;est l&rsquo;interm\u00e9diaire indispensable, car vous ne pouvez pas solliciter une aide directement aupr\u00e8s de votre conseil r\u00e9gional.<\/b><\/p>\n<h1 style=\"text-align: justify;\">Conseil r\u00e9gional : comment demander un financement de formation ?<\/h1>\n<p style=\"text-align: justify;\"><b>La proc\u00e9dure peut \u00eatre diff\u00e9rente d\u2019une r\u00e9gion \u00e0 une autre. N\u00e9anmoins, quelle que soit la d\u00e9marche \u00e0 suivre, il faut\u00a0constituer un dossier pour expliquer votre situation.<\/b> Il est possible d&rsquo;\u00eatre accompagn\u00e9 par\u00a0un conseiller P\u00f4le Emploi ou un consultant professionnel.<\/p>\n<p style=\"text-align: justify;\">C&rsquo;est une \u00e9tape importante, car votre requ\u00eate repose sur la pertinence de votre projet.<b> Ainsi, vous exposez vos projets professionnels et d\u00e9finissez vos objectifs pr\u00e9cis sur le long terme. <\/b>Au pr\u00e9alable, vous pouvez aussi demander des devis aupr\u00e8s des organismes pour mieux situer votre dossier avant de soumettre votre demande devant le conseil r\u00e9gional. Cela vous permet de mieux cibler vos objectifs. Une fois le dossier finalis\u00e9, il faut l&rsquo;envoyer au service concern\u00e9.\u00a0<b>L\u2019accord de financement va se d\u00e9cider en fonction de votre :<\/b><\/p>\n<ul>\n<li style=\"text-align: justify;\">Perspectives d\u2019insertion ou du retour \u00e0 l\u2019emploi<\/li>\n<li style=\"text-align: justify;\">Objectifs personnels<\/li>\n<li style=\"text-align: justify;\">Situation<\/li>\n<li style=\"text-align: justify;\">Niveau de dipl\u00f4me acquis<\/li>\n<li style=\"text-align: justify;\">Ressources<\/li>\n<li style=\"text-align: justify;\">Financements mobilis\u00e9s<\/li>\n<\/ul>\n<p style=\"text-align: justify;\"><b>Si vous avez d\u00e9j\u00e0 suivi une formation financ\u00e9e par le conseil r\u00e9gional, votre assiduit\u00e9 et les r\u00e9sultats obtenus seront pris en compte.<\/b><\/p>\n<p style=\"text-align: justify;\"><div class='cta-block'><div class='text'>Simulez toutes vos aides en 2 min.<\/div><a href='https:\/\/www.mes-allocs.fr\/ab-app?origin=guides\/wp-json\/wp\/v2\/posts\/48150' class='app-button fit'>Simulation gratuite<\/a><\/div><\/p>\n<h1 style=\"text-align: justify;\">Les autres types de financement pour une formation<\/h1>\n<p style=\"text-align: justify;\">Lors de l&rsquo;acquisition de nouvelles comp\u00e9tences, plusieurs solutions de financement sont accessibles. <b>Outre le financement d\u2019une formation par le conseil r\u00e9gional, vous avez acc\u00e8s \u00e0 d\u2019autres aides selon votre statut :<\/b><\/p>\n<ul>\n<li style=\"text-align: justify;\"><b>Les aides \u00e0 la mobilit\u00e9<\/b> : c&rsquo;est un type de financement qui couvre les frais de d\u00e9placement et h\u00e9bergement des personnes suivant des formations. La formation doit se situer \u00e0 plus de 60 km de votre domicile. L&rsquo;aide n&rsquo;est accessible que pour les demandeurs de travail aupr\u00e8s de P\u00f4le Emploi<\/li>\n<li style=\"text-align: justify;\"><b>L\u2019Aide Individuelle \u00e0 la Formation (AIF)<\/b> : elle est destin\u00e9e aux demandeurs d&#8217;emploi inscrits aupr\u00e8s de P\u00f4le Emploi. En r\u00e8gle g\u00e9n\u00e9rale, l\u2019aide couvre les frais p\u00e9dagogiques, mais aussi les frais d\u2019inscription.<\/li>\n<li style=\"text-align: justify;\"><b>L\u2019Action de Formation Pr\u00e9alable au Recrutement (AFPR)<\/b> et <b>la Pr\u00e9paration Optionnelle \u00e0 l\u2019Emploi (POE) <\/b>: il s&rsquo;agit de financements allou\u00e9s pour les offres d&#8217;emploi portant les mentions POE et AFPR. Les montants sont vers\u00e9s sous forme d\u2019indemnisation journali\u00e8re ou mensuelle. Le financement concerne les contrats suivants : CDI, CDD de 12 mois minimum, Contrat pro de 12 mois minimum, contrat d\u2019apprentissage<\/li>\n<li style=\"text-align: justify;\"><b>La Validation des Acquis de l\u2019Exp\u00e9rience (VAE)<\/b> : lorsque l&rsquo;entr\u00e9e en formation est dans le cadre d&rsquo;une VAE, vous pouvez percevoir une aide de P\u00f4le Emploi. Toutefois, il faut respecter la condition obligatoire d\u2019effectuer les d\u00e9marches pour une formation certifiante (dipl\u00f4me, titre ou certificat professionnel, etc.)<\/li>\n<li style=\"text-align: justify;\"><b>Les aides pour les formations en ligne <\/b>: elles sont financ\u00e9es par P\u00f4le Emploi. L\u2019inscription co\u00fbte en moyenne 20\u00a0euros. Selon le dossier du candidat, la totalit\u00e9 de la formation peut \u00eatre prise en charge par cet organisme<\/li>\n<li style=\"text-align: justify;\"><b>La R\u00e9mun\u00e9ration en Fin de Formation (RFF) <\/b>: c&rsquo;est une aide financi\u00e8re uniquement d\u00e9di\u00e9e aux demandeurs d\u2019emploi. Si vous \u00eates dans ce cas, vous pouvez b\u00e9n\u00e9ficier d\u2019un montant dans la limite de 723,36 euros mensuels jusqu\u2019\u00e0 la fin de votre formation<\/li>\n<li style=\"text-align: justify;\"><b>L&rsquo;Action de Formation Conventionn\u00e9e (AFC) <\/b>: le dispositif est aussi accord\u00e9 par P\u00f4le Emploi. Elle est accessible si vous souhaitez vous ins\u00e9rer dans le\u00a0monde professionnel, mais vos comp\u00e9tences ne correspondent pas au march\u00e9. Le demandeur ne per\u00e7oit pas directement l\u2019aide financi\u00e8re, mais b\u00e9n\u00e9ficie d\u2019une formation gratuite<\/li>\n<\/ul>\n<div class='cta-block'><div class='text'>Simulez toutes vos aides en 2 min.<\/div><a href='https:\/\/www.mes-allocs.fr\/ab-app?origin=guides\/wp-json\/wp\/v2\/posts\/48150' class='app-button fit'>Simulation gratuite<\/a><\/div>\n","protected":false},"excerpt":{"rendered":"<p>[Mis \u00e0 jour le 03\/04\/2026] Afin d&rsquo;acqu\u00e9rir de nouvelles comp\u00e9tences ou d&rsquo;\u00e9voluer dans son poste, il est possible de b\u00e9n\u00e9ficier de diff\u00e9rents financements pour une formation.\u00a0Ainsi, les aides du conseil r\u00e9gional se pr\u00e9sentent sous plusieurs formes et varient selon le statut du demandeur. L&rsquo;objectif principal \u00e9tant de faciliter l&rsquo;acc\u00e8s aux formations pour ceux qui souhaitent [&hellip;]<\/p>\n","protected":false},"author":14,"featured_media":48174,"comment_status":"closed","ping_status":"open","sticky":false,"template":"","format":"standard","meta":{"amp_status":"","footnotes":""},"categories":[2045,5605],"tags":[],"class_list":["post-48150","post","type-post","status-publish","format-standard","has-post-thumbnail","hentry","category-aide-formation","category-financement-formation"],"yoast_head":"<!-- This site is optimized with the Yoast SEO plugin v14.9 - https:\/\/yoast.com\/wordpress\/plugins\/seo\/ -->\n<title>Comment obtenir un financement formation conseil r\u00e9gional ? | Mes-Allocs.fr<\/title>\n<meta name=\"description\" content=\"Les financements de formation du conseil r\u00e9gional se pr\u00e9sentent sous diff\u00e9rentes formes et varient en fonction du statut du demandeur.\" \/>\n<meta name=\"robots\" content=\"index, follow, max-snippet:-1, max-image-preview:large, max-video-preview:-1\" \/>\n<link rel=\"canonical\" href=\"https:\/\/www.mes-allocs.fr\/guides\/aide-formation\/financement-formation\/financement-formation-conseil-regional\/\" \/>\n<meta property=\"og:locale\" content=\"fr_FR\" \/>\n<meta property=\"og:type\" content=\"article\" \/>\n<meta property=\"og:title\" content=\"Comment obtenir un financement formation conseil r\u00e9gional ? | Mes-Allocs.fr\" \/>\n<meta property=\"og:description\" content=\"Les financements de formation du conseil r\u00e9gional se pr\u00e9sentent sous diff\u00e9rentes formes et varient en fonction du statut du demandeur.\" \/>\n<meta property=\"og:url\" content=\"https:\/\/www.mes-allocs.fr\/guides\/aide-formation\/financement-formation\/financement-formation-conseil-regional\/\" \/>\n<meta property=\"og:site_name\" content=\"Mes-Allocs.fr\" \/>\n<meta property=\"article:published_time\" content=\"2022-04-26T13:29:04+00:00\" \/>\n<meta property=\"article:modified_time\" content=\"2026-04-03T09:47:43+00:00\" \/>\n<meta property=\"og:image\" content=\"https:\/\/www.mes-allocs.fr\/guides\/wp-content\/uploads\/2022\/04\/Comment-obtenir-un-financement-formation-conseil-regional-1-1.jpg?wsr\" \/>\n\t<meta property=\"og:image:width\" content=\"1000\" \/>\n\t<meta property=\"og:image:height\" content=\"667\" \/>\n<meta name=\"twitter:card\" content=\"summary_large_image\" \/>\n<script type=\"application\/ld+json\" class=\"yoast-schema-graph\">{\"@context\":\"https:\/\/schema.org\",\"@graph\":[{\"@type\":\"WebSite\",\"@id\":\"https:\/\/www.mes-allocs.fr\/guides\/#website\",\"url\":\"https:\/\/www.mes-allocs.fr\/guides\/\",\"name\":\"Mes-Allocs.fr\",\"description\":\"\",\"potentialAction\":[{\"@type\":\"SearchAction\",\"target\":\"https:\/\/www.mes-allocs.fr\/guides\/?s={search_term_string}\",\"query-input\":\"required name=search_term_string\"}],\"inLanguage\":\"fr-FR\"},{\"@type\":\"ImageObject\",\"@id\":\"https:\/\/www.mes-allocs.fr\/guides\/aide-formation\/financement-formation\/financement-formation-conseil-regional\/#primaryimage\",\"inLanguage\":\"fr-FR\",\"url\":\"https:\/\/www.mes-allocs.fr\/guides\/wp-content\/uploads\/2022\/04\/Comment-obtenir-un-financement-formation-conseil-regional-1-1.jpg?wsr\",\"width\":1000,\"height\":667,\"caption\":\"Comment obtenir un financement formation conseil regional\"},{\"@type\":\"WebPage\",\"@id\":\"https:\/\/www.mes-allocs.fr\/guides\/aide-formation\/financement-formation\/financement-formation-conseil-regional\/#webpage\",\"url\":\"https:\/\/www.mes-allocs.fr\/guides\/aide-formation\/financement-formation\/financement-formation-conseil-regional\/\",\"name\":\"Comment obtenir un financement formation conseil r\\u00e9gional ? | Mes-Allocs.fr\",\"isPartOf\":{\"@id\":\"https:\/\/www.mes-allocs.fr\/guides\/#website\"},\"primaryImageOfPage\":{\"@id\":\"https:\/\/www.mes-allocs.fr\/guides\/aide-formation\/financement-formation\/financement-formation-conseil-regional\/#primaryimage\"},\"datePublished\":\"2022-04-26T13:29:04+00:00\",\"dateModified\":\"2026-04-03T09:47:43+00:00\",\"author\":{\"@id\":\"https:\/\/www.mes-allocs.fr\/guides\/#\/schema\/person\/a3de97298fd0ffc005ebdd5628b03ca8\"},\"description\":\"Les financements de formation du conseil r\\u00e9gional se pr\\u00e9sentent sous diff\\u00e9rentes formes et varient en fonction du statut du demandeur.\",\"inLanguage\":\"fr-FR\"},{\"@type\":\"Person\",\"@id\":\"https:\/\/www.mes-allocs.fr\/guides\/#\/schema\/person\/a3de97298fd0ffc005ebdd5628b03ca8\",\"name\":\"Marina Ada Ondo\",\"image\":{\"@type\":\"ImageObject\",\"@id\":\"https:\/\/www.mes-allocs.fr\/guides\/#personlogo\",\"inLanguage\":\"fr-FR\",\"url\":\"https:\/\/www.mes-allocs.fr\/guides\/wp-content\/uploads\/2022\/02\/Photo-de-profil-150x150.png\",\"caption\":\"Marina Ada Ondo\"},\"description\":\"Marina est r\\u00e9dactrice au sein de l'\\u00e9quipe Mes Allocs, sp\\u00e9cialis\\u00e9e sur les aides aux jeunes. Dipl\\u00f4m\\u00e9e de l'ISFJ, elle rejoint Mes Allocs apr\\u00e8s une premi\\u00e8re exp\\u00e9rience en communication chez Little Africa, une agence de communication \\u00e0 Paris. Sur son temps libre, Marina lit beaucoup et passe ses dimanches au mus\\u00e9e.\",\"sameAs\":[\"https:\/\/www.linkedin.com\/in\/marinaadaondo\/\"]}]}<\/script>\n<!-- \/ Yoast SEO plugin. -->","amp_validity":null,"acf":{"faq":{"1":{"question":"Quand paye la R\u00e9gion pour une formation ?","answer":"La r\u00e9mun\u00e9ration est transmise \u00e0 la R\u00e9gion qui adresse un ordre de paiement au payeur r\u00e9gional. Le virement de la r\u00e9mun\u00e9ration intervient sur votre compte entre le 10 et le 20 de chaque mois."},"2":{"question":"Comment obtenir l'aide \u00e0 la mobilit\u00e9 ?","answer":"Votre conseiller P\u00f4le emploi appr\u00e9cie votre demande en fonction de votre situation (g\u00e9ographique, financi\u00e8re etc.). La demande d'aide doit \u00eatre d\u00e9pos\u00e9e aupr\u00e8s de P\u00f4le emploi avant votre entretien d'embauche ou au plus tard dans un d\u00e9lai de 7 jours apr\u00e8s l'entretien d'embauche."},"3":{"question":"Quel revenu pendant une formation ?","answer":"Jusqu'au 31 mars 2026, si vous avez entre 16 ans et 18 ans, votre r\u00e9mun\u00e9ration mensuelle est de 220,92 \u20ac. Si vous avez entre 18 et 25 ans, votre r\u00e9mun\u00e9ration mensuelle est de 552.29 \u20ac. Si vous avez plus de 25 ans, votre r\u00e9mun\u00e9ration mensuelle est de 756.63 \u20ac."},"4":{"question":"Qui finance la R\u00e9gion ?","answer":"Les recettes des r\u00e9gions proviennent essentiellement des Imp\u00f4ts locaux, comme la cotisation sur la valeur ajout\u00e9e (CVAE), composante de la contribution \u00e9conomique territoriale (CET), qui a remplac\u00e9 la taxe professionnelle \u00e0 partir de 2010, les autres imp\u00f4ts et taxes."},"5":{"question":"Comment se faire financer une formation par le CPF ?","answer":"Pour financer une action de formation professionnelle avec ses heures CPF, vous devez cr\u00e9er un dossier de formation depuis votre espace personnel sur le site moncompteformation.gouv.fr. Puis, il suffit de rechercher la formation et de prendre contact avec l'organisme de formation qui dispose la formation souhait\u00e9e."},"6":{"question":"Comment faire financer une formation par un OPCO ?","answer":"Une fois l'adh\u00e9sion \u00e0 l'OPCO correspondant \u00e0 votre soci\u00e9t\u00e9 termin\u00e9, vous pouvez entreprendre les d\u00e9marches pour r\u00e9aliser le financement d'une formation. Il vous faudra alors trouver et r\u00e9aliser un devis sign\u00e9 avec un organisme de formation agr\u00e9\u00e9."},"7":{"question":"","answer":""},"8":{"question":"","answer":""},"9":{"question":"","answer":""},"10":{"question":"","answer":""},"11":{"question":"","answer":""},"12":{"question":"","answer":""},"13":{"question":"","answer":""},"14":{"question":"","answer":""},"15":{"question":"","answer":""},"16":{"question":"","answer":""}}},"_links":{"self":[{"href":"https:\/\/www.mes-allocs.fr\/guides\/wp-json\/wp\/v2\/posts\/48150","targetHints":{"allow":["GET"]}}],"collection":[{"href":"https:\/\/www.mes-allocs.fr\/guides\/wp-json\/wp\/v2\/posts"}],"about":[{"href":"https:\/\/www.mes-allocs.fr\/guides\/wp-json\/wp\/v2\/types\/post"}],"author":[{"embeddable":true,"href":"https:\/\/www.mes-allocs.fr\/guides\/wp-json\/wp\/v2\/users\/14"}],"replies":[{"embeddable":true,"href":"https:\/\/www.mes-allocs.fr\/guides\/wp-json\/wp\/v2\/comments?post=48150"}],"version-history":[{"count":11,"href":"https:\/\/www.mes-allocs.fr\/guides\/wp-json\/wp\/v2\/posts\/48150\/revisions"}],"predecessor-version":[{"id":111479,"href":"https:\/\/www.mes-allocs.fr\/guides\/wp-json\/wp\/v2\/posts\/48150\/revisions\/111479"}],"wp:featuredmedia":[{"embeddable":true,"href":"https:\/\/www.mes-allocs.fr\/guides\/wp-json\/wp\/v2\/media\/48174"}],"wp:attachment":[{"href":"https:\/\/www.mes-allocs.fr\/guides\/wp-json\/wp\/v2\/media?parent=48150"}],"wp:term":[{"taxonomy":"category","embeddable":true,"href":"https:\/\/www.mes-allocs.fr\/guides\/wp-json\/wp\/v2\/categories?post=48150"},{"taxonomy":"post_tag","embeddable":true,"href":"https:\/\/www.mes-allocs.fr\/guides\/wp-json\/wp\/v2\/tags?post=48150"}],"curies":[{"name":"wp","href":"https:\/\/api.w.org\/{rel}","templated":true}]}}