{"id":48038,"date":"2022-05-03T11:49:02","date_gmt":"2022-05-03T09:49:02","guid":{"rendered":"https:\/\/www.mes-allocs.fr\/guides\/?p=48038"},"modified":"2025-07-16T11:06:39","modified_gmt":"2025-07-16T09:06:39","slug":"conge-de-formation-professionnelle","status":"publish","type":"post","link":"https:\/\/www.mes-allocs.fr\/guides\/aide-formation\/formation-pour-adulte\/conge-de-formation-professionnelle\/","title":{"rendered":"Comment obtenir un cong\u00e9 de formation professionnelle ?"},"content":{"rendered":"<p style=\"text-align: justify;\"><b><img loading=\"lazy\" decoding=\"async\" class=\"alignnone wp-image-49912 size-full\" title=\"Comment obtenir un conge de formation professionnelle\" src=\"https:\/\/www.mes-allocs.fr\/guides\/wp-content\/uploads\/2022\/04\/Comment-obtenir-un-conge-de-formation-professionnelle--e1651247279712.jpg\" alt=\"Comment obtenir un conge de formation professionnelle\" width=\"1000\" height=\"232\" srcset=\"https:\/\/www.mes-allocs.fr\/guides\/wp-content\/uploads\/2022\/04\/Comment-obtenir-un-conge-de-formation-professionnelle--e1651247279712.jpg 1000w, https:\/\/www.mes-allocs.fr\/guides\/wp-content\/uploads\/2022\/04\/Comment-obtenir-un-conge-de-formation-professionnelle--e1651247279712-300x70.jpg 300w, https:\/\/www.mes-allocs.fr\/guides\/wp-content\/uploads\/2022\/04\/Comment-obtenir-un-conge-de-formation-professionnelle--e1651247279712-768x178.jpg 768w, https:\/\/www.mes-allocs.fr\/guides\/wp-content\/uploads\/2022\/04\/Comment-obtenir-un-conge-de-formation-professionnelle--e1651247279712-600x139.jpg 600w\" sizes=\"auto, (max-width: 1000px) 100vw, 1000px\" \/><\/b><\/p>\n<p style=\"text-align: justify;\"><b>Le cong\u00e9 de formation professionnelle (CFP) est une <a href=\"https:\/\/www.mes-allocs.fr\/guides\/aide-formation\/\">aide formation<\/a> adress\u00e9 aux agents de la fonction publique. En effet, le cong\u00e9 permet aux agents de parfaire leur formation professionnelle, mais \u00e9galement de pr\u00e9parer un dipl\u00f4me en vue de la pr\u00e9paration aux concours. Le dispositif a aussi pour objectif de d\u00e9velopper de nouvelles qualifications professionnelles afin de changer de carri\u00e8re Alors, comment obtenir un cong\u00e9 de formation professionnelle ?<\/b><\/p>\n<div class='cta-block'><div class='text'>Simulez toutes vos aides en 2 min.<\/div><a href='https:\/\/www.mes-allocs.fr\/ab-app?origin=guides\/wp-json\/wp\/v2\/posts\/48038' class='app-button fit'>Simulation gratuite<\/a><\/div>\n<h1 id=\"menu-1\" style=\"text-align: justify;\">Qu\u2019est-ce que le cong\u00e9 de formation professionnelle ?<\/h1>\n<p style=\"text-align: justify;\"><b>Le cong\u00e9 de formation professionnelle est destin\u00e9 aux agents souhaitant r\u00e9aliser un projet personnel de formation. <\/b>Ce dernier peut \u00eatre une reconversion, une accessibilit\u00e9 \u00e0 un niveau sup\u00e9rieur de qualification ou l&rsquo;acquisition de nouvelles comp\u00e9tences professionnelles. Ainsi, le\u00a0cong\u00e9 offre la possibilit\u00e9 d\u2019acc\u00e9der \u00e0 des formations \u00e0 caract\u00e8re professionnel ou personnel qui ne sont pas inscrites dans le plan de formation de votre collectivit\u00e9.<\/p>\n<p style=\"text-align: justify;\"><b>En outre, il peut aussi permettre de participer \u00e0 des\u00a0actions organis\u00e9es par l&rsquo;administration en vue de la pr\u00e9paration aux concours administratifs.<\/b> \u00c0 la diff\u00e9rence du plan de formation et du <a href=\"https:\/\/www.mes-allocs.fr\/guides\/aide-formation\/compte-personnel-formation-cpf\/\">Compte Personnel de Formation<\/a> (CPF), le CFP vous permet de partir en formation en toute autonomie.<\/p>\n<p><iframe loading=\"lazy\" title=\"Les aides \u00e0 la formation\" width=\"500\" height=\"281\" src=\"https:\/\/www.youtube.com\/embed\/gs3ZRHqtzmY?feature=oembed\" frameborder=\"0\" allow=\"accelerometer; autoplay; clipboard-write; encrypted-media; gyroscope; picture-in-picture; web-share\" referrerpolicy=\"strict-origin-when-cross-origin\" allowfullscreen><\/iframe><\/p>\n<h1 style=\"text-align: justify;\">Qui peut b\u00e9n\u00e9ficier du\u00a0cong\u00e9 de formation professionnelle\u00a0?<\/h1>\n<p style=\"text-align: justify;\">Le cong\u00e9 de formation professionnelle est ouvert \u00e0 tous les agents, titulaires ou non, des trois fonctions publiques. E<b>n effet, le dispositif\u00a0concerne uniquement les agents de la <a href=\"https:\/\/www.mes-allocs.fr\/guides\/reconversion-professionnelle\/reconversion-professionnelle-quel-metier\/reconversion-professionnelle-fonction-publique\/\">fonction publique<\/a>, territoriale et hospitali\u00e8re.<\/b><\/p>\n<h1 style=\"text-align: justify;\">Quelles sont les conditions pour obtenir un cong\u00e9 de formation professionnelle ?<\/h1>\n<p style=\"text-align: justify;\"><b>Afin de b\u00e9n\u00e9ficier de ce cong\u00e9, vous devez respecter certaines conditions d&rsquo;acc\u00e8s :<\/b><\/p>\n<ul>\n<li style=\"text-align: justify;\"><b>Un fonctionnaire doit \u00eatre en activit\u00e9 <\/b>: les personnes en cong\u00e9 th\u00e9rapeutique, en cong\u00e9 de fin d\u2019activit\u00e9, en disponibilit\u00e9, etc. ne sont pas \u00e9ligibles au dispositif<\/li>\n<li style=\"text-align: justify;\"><b>Un fonctionnaire titulaire doit avoir accompli au moins 3 ans de services publics effectifs<\/b>\u00a0: ces derniers d\u00e9signent les services r\u00e9ellement effectu\u00e9s en activit\u00e9 ou en d\u00e9tachement aupr\u00e8s d\u2019une administration de l\u2019\u00c9tat, d\u2019une collectivit\u00e9 territoriale ou d\u2019un \u00e9tablissement public de l\u2019\u00c9tat. Ces services sont pris en compte m\u00eame en qualit\u00e9 de stagiaire.<\/li>\n<li style=\"text-align: justify;\"><b>Un agent non-titulaire doit avoir effectu\u00e9 l\u2019\u00e9quivalent de 3 ann\u00e9es de services effectifs dans l\u2019administration<\/b> : dont une ann\u00e9e minimum dans l\u2019administration \u00e0 laquelle est envoy\u00e9e sa demande de CFP. \u00c0 savoir que les services \u00e0 temps partiels sont convertis en p\u00e9riodes \u00e0 temps plein<\/li>\n<li style=\"text-align: justify;\"><b>La demande doit s\u2019inscrire dans les limites des cr\u00e9dits disponibles<\/b><\/li>\n<li style=\"text-align: justify;\"><b>Un agent qui a obtenu une autorisation d&rsquo;absence pour participer \u00e0 une action de formation pour pr\u00e9parer\u00a0un concours administratif, un examen professionnel\u00a0ou une autre proc\u00e9dure de s\u00e9lection :<\/b> il ne peut pas b\u00e9n\u00e9ficier du cong\u00e9 de formation professionnelle dans les 12 mois qui suivent la fin de l&rsquo;action de formation pour laquelle l&rsquo;autorisation lui a \u00e9t\u00e9 accord\u00e9e<\/li>\n<\/ul>\n<p style=\"text-align: justify;\"><b>\u00c0 chaque fin de mois, l\u2019agent doit remettre \u00e0 son employeur une <a href=\"https:\/\/www.mes-allocs.fr\/guides\/attestation\/comment-obtenir-une-attestation-carte-vitale\/\">attestation<\/a> de pr\u00e9sence que lui aura d\u00e9livr\u00e9e l\u2019organisme de formation.<\/b> Il doit \u00e9galement la remettre lors de la reprise de ses fonctions. Dans le cas d\u2019une absence sans raison valable, l\u2019agent ne pourra plus b\u00e9n\u00e9ficier du cong\u00e9 de formation professionnelle et devra rembourser la totalit\u00e9 des indemnit\u00e9s re\u00e7ues.<\/p>\n<h1 style=\"text-align: justify;\">Quelle est la dur\u00e9e du cong\u00e9 de formation professionnelle ?<\/h1>\n<p style=\"text-align: justify;\"><b>La dur\u00e9e maximale du cong\u00e9 est de 3 ann\u00e9es sur l\u2019ensemble de la carri\u00e8re<\/b>. En effet, il est possible de le prendre en une seule fois ou de r\u00e9partir la formation professionnelle tout au long de votre carri\u00e8re. Vous pouvez la fractionner en demi-journ\u00e9es, journ\u00e9es ou en semaines. <b>La dur\u00e9e du cong\u00e9 de formation professionnelle peut \u00eatre prolong\u00e9e dans certaines conditions :<\/b><\/p>\n<ul>\n<li style=\"text-align: justify;\"><b>Lors d\u2019un concours <\/b>: il peut \u00eatre possible de prolonger le cong\u00e9 jusqu\u2019aux oraux, mais seulement en cas d\u2019admissibilit\u00e9<\/li>\n<li style=\"text-align: justify;\"><b>Lors de l\u2019obtention d\u2019un dipl\u00f4me universitaire<\/b> : il peut \u00eatre possible de prolonger le cong\u00e9 jusqu\u2019aux \u00e9preuves de rattrapage<\/li>\n<\/ul>\n<p style=\"text-align: justify;\">Si les dates d\u2019examen du concours ou de rattrapage des partiels sont post\u00e9rieures \u00e0 la fin de la formation, vous \u00eates oblig\u00e9s de d\u00e9poser des attestations pour obtenir la prolongation de votre cong\u00e9 de formation.<\/p>\n<h1 style=\"text-align: justify;\">Comment obtenir un cong\u00e9 de formation professionnelle ?<\/h1>\n<p style=\"text-align: justify;\"><b>La proc\u00e9dure diff\u00e8re l\u00e9g\u00e8rement entre la fonction publique d\u2019\u00c9tat, la fonction publique territoriale ou la fonction publique hospitali\u00e8re :<\/b><\/p>\n<ul>\n<li style=\"text-align: justify;\"><b>Agent de la fonction publique hospitali\u00e8re<\/b> : afin de b\u00e9n\u00e9ficier d&rsquo;un cong\u00e9 de formation professionnelle, l&rsquo;agent doit suivre une proc\u00e9dure en deux temps. Il faut\u00a0effectuer au pr\u00e9alable une demande d\u2019autorisation d\u2019absence administrative et, ensuite, une demande de prise en charge financi\u00e8re aupr\u00e8s de l\u2019Association Nationale pour la Formation permanente du personnel Hospitalier (ANFH)<\/li>\n<li style=\"text-align: justify;\"><b>Agent de la fonction publique d\u2019\u00c9tat et fonction publique territoriale<\/b> : l&rsquo;agent doit r\u00e9aliser sa demande de Cong\u00e9 de Formation Professionnelle au moins 3 mois avant le d\u00e9but de la formation aupr\u00e8s de son employeur. Il doit mentionner la nature, la dur\u00e9e, le nom de l\u2019organisme, la date, etc. L\u2019employeur dispose alors d\u2019un d\u00e9lai de 30 jours pour donner sa r\u00e9ponse.<\/li>\n<\/ul>\n<p style=\"text-align: justify;\"><b>Le refus d&rsquo;un employeur doit obligatoirement \u00eatre justifi\u00e9 par le financement de la formation et\/ou les n\u00e9cessit\u00e9s de services et\/ou les conditions \u00e0 remplir pour b\u00e9n\u00e9ficier du cong\u00e9.<\/b>\u00a0Si la demande est refus\u00e9e une seconde fois, l\u2019employeur a l&rsquo;obligation le soumettre au pr\u00e9alable \u00e0 la Commission Administrative Paritaire (CAP). Ainsi, un employeur ne peut refuser 3 fois une demande de cong\u00e9 de formation professionnelle qu\u2019apr\u00e8s accord de la CAP.<\/p>\n<p style=\"text-align: justify;\">Le\u00a0cong\u00e9 de formation professionnelle est accord\u00e9 dans la limite des cr\u00e9dits pr\u00e9vus \u00e0 cet effet. <b>\u00c0 la fin de la formation, vous devez donc exercer dans la fonction publique pendant une p\u00e9riode \u00e9gale \u00e0 3 fois celle durant laquelle vous avez re\u00e7u des indemnit\u00e9s, except\u00e9 si votre employeur vous en dispense. <\/b>Auquel cas, il doit rembourser les indemnit\u00e9s per\u00e7ues s\u2019il ne respecte pas cet engagement.<\/p>\n<h1 style=\"text-align: justify;\">Quelle est la r\u00e9mun\u00e9ration pendant un cong\u00e9 de formation professionnelle ?<\/h1>\n<p style=\"text-align: justify;\"><b>Durant la p\u00e9riode de formation, l\u2019agent est consid\u00e9r\u00e9 comme \u00e9tant en service. Le temps du cong\u00e9\u00a0est pris en compte pour l&rsquo;avancement et la promotion interne, car\u00a0il est consid\u00e9r\u00e9 comme du temps de travail. Il conserve ses droits \u00e0 la s\u00e9curit\u00e9 sociale et \u00e0 ses cong\u00e9s annuels.<\/b> Vous avez donc\u00a0l\u2019autorisation de les prendre durant votre cong\u00e9 de formation professionnelle, et plus particuli\u00e8rement, lors des p\u00e9riodes de vacances scolaires. Dans ce cas, le CFP est suspendu pendant les cong\u00e9s et vous retournez \u00e0 votre poste. En cas de maladie ou de maternit\u00e9, le CFP est aussi suspendu et vous \u00eates r\u00e9int\u00e9gr\u00e9e \u00e0 votre poste. La r\u00e9mun\u00e9ration selon les r\u00e8gles habituelles d&rsquo;un tel cong\u00e9 se met en place.<\/p>\n<p style=\"text-align: justify;\"><b>Pendant la premi\u00e8re ann\u00e9e de cong\u00e9 de formation professionnelle, le fonctionnaire per\u00e7oit une indemnit\u00e9 mensuelle forfaitaire \u00e9gale \u00e0 85 % du traitement brut, compte tenu de l&rsquo;indice qu&rsquo;il d\u00e9tient au moment de sa mise en cong\u00e9.<\/b> L&rsquo;agent contractuel a droit \u00e0 la m\u00eame r\u00e9mun\u00e9ration sur le m\u00eame temps. Le suppl\u00e9ment familial de traitement (SFT) compl\u00e8te la r\u00e9mun\u00e9ration.\u00a0<b>Concernant les assistants maternels et familiaux, ils per\u00e7oivent une r\u00e9mun\u00e9ration de 85 % du montant moyen de leur r\u00e9mun\u00e9ration soumise \u00e0 des cotisations sociales.<\/b> Elle est calcul\u00e9e par rapport \u00e0 la moyenne des r\u00e9mun\u00e9rations per\u00e7ues au cours des 12 mois qui ont pr\u00e9c\u00e9d\u00e9 la mise en cong\u00e9.<\/p>\n<p style=\"text-align: justify;\"><b>L&#8217;employ\u00e9 prend en charge la r\u00e9mun\u00e9ration du CFP pendant 12 mois. <\/b>Au-del\u00e0, l&rsquo;agent ne b\u00e9n\u00e9ficie plus d\u2019indemnit\u00e9s, ni de suppl\u00e9ment familial de traitement dans la mesure o\u00f9 la formation est dispens\u00e9e durant deux ans minimum. Concr\u00e8tement, la r\u00e9mun\u00e9ration est prise en charge par l&#8217;employeur pendant ce temps.\u00a0<b>Concernant les fonctionnaires hospitaliers, la dur\u00e9e maximale est de 24 mois.<\/b><\/p>\n<h2 style=\"text-align: justify;\"><span id=\"Conge-de-formation-professionnelle-dans-le-secteur-prive\">Cong\u00e9 de formation professionnelle dans le secteur priv\u00e9<\/span><\/h2>\n<p style=\"text-align: justify;\"><b>En France, il existe diff\u00e9rents dispositifs semblables au Cong\u00e9 de Formation Professionnelle destin\u00e9s aux salari\u00e9s du secteur priv\u00e9 :<\/b><\/p>\n<ul>\n<li style=\"text-align: justify;\"><b>Le Projet de Transition Professionnel (PTP) ou CPF de transition professionnelle (CPT) <\/b>: anciennement cong\u00e9 individuel de formation (CIF), il permet aux salari\u00e9s d&rsquo;obtenir un droit de cong\u00e9 et d\u2019une r\u00e9mun\u00e9ration pendant toute la dur\u00e9e de la formation<\/li>\n<li style=\"text-align: justify;\"><b>Le bilan de comp\u00e9tence<\/b> : cette d\u00e9marche permet aux salari\u00e9s de b\u00e9n\u00e9ficier d\u2019un cong\u00e9 de 24 heures maximum dans le cadre du CPF, du PTP ou du plan de d\u00e9veloppement des comp\u00e9tences instaur\u00e9 par leur entreprise<\/li>\n<li style=\"text-align: justify;\"><b>La pr\u00e9paration d\u2019une validation des acquis de son exp\u00e9rience (VAE)<\/b> : avec elle, les salari\u00e9s peuvent effectuer une demande de cong\u00e9. Ils peuvent aussi demander un cong\u00e9 de formation professionnelle pour passer les \u00e9preuves de la VAE.<\/li>\n<li style=\"text-align: justify;\"><b>Le cong\u00e9 de formation \u00e9conomique, sociale et syndicale (CFESS) <\/b>: le cong\u00e9 permet aux salari\u00e9s de pr\u00e9parer l\u2019exercice des fonctions syndicales. Il est accessible \u00e0 tous les salari\u00e9s, qu\u2019ils soient adh\u00e9rents ou non d\u2019un syndicat, et ce, pour environ 12 jours par an.<\/li>\n<\/ul>\n<div class='cta-block'><div class='text'>Simulez toutes vos aides en 2 min.<\/div><a href='https:\/\/www.mes-allocs.fr\/ab-app?origin=guides\/wp-json\/wp\/v2\/posts\/48038' class='app-button fit'>Simulation gratuite<\/a><\/div>\n","protected":false},"excerpt":{"rendered":"<p>Le cong\u00e9 de formation professionnelle (CFP) est une aide formation adress\u00e9 aux agents de la fonction publique. En effet, le cong\u00e9 permet aux agents de parfaire leur formation professionnelle, mais \u00e9galement de pr\u00e9parer un dipl\u00f4me en vue de la pr\u00e9paration aux concours. Le dispositif a aussi pour objectif de d\u00e9velopper de nouvelles qualifications professionnelles afin [&hellip;]<\/p>\n","protected":false},"author":14,"featured_media":49910,"comment_status":"closed","ping_status":"open","sticky":false,"template":"","format":"standard","meta":{"amp_status":"","footnotes":""},"categories":[2045,19732],"tags":[],"class_list":["post-48038","post","type-post","status-publish","format-standard","has-post-thumbnail","hentry","category-aide-formation","category-formation-pour-adulte"],"yoast_head":"<!-- This site is optimized with the Yoast SEO plugin v14.9 - https:\/\/yoast.com\/wordpress\/plugins\/seo\/ -->\n<title>Comment obtenir un cong\u00e9 de formation professionnelle ? | Mes-Allocs.fr<\/title>\n<meta name=\"description\" content=\"Le CFP permet aux agents de parfaire une formation professionnelle. Comment obtenir un cong\u00e9 de formation professionnelle ?\" \/>\n<meta name=\"robots\" content=\"index, follow, max-snippet:-1, max-image-preview:large, max-video-preview:-1\" \/>\n<link rel=\"canonical\" href=\"https:\/\/www.mes-allocs.fr\/guides\/aide-formation\/formation-pour-adulte\/conge-de-formation-professionnelle\/\" \/>\n<meta property=\"og:locale\" content=\"fr_FR\" \/>\n<meta property=\"og:type\" content=\"article\" \/>\n<meta property=\"og:title\" content=\"Comment obtenir un cong\u00e9 de formation professionnelle ? | Mes-Allocs.fr\" \/>\n<meta property=\"og:description\" content=\"Le CFP permet aux agents de parfaire une formation professionnelle. Comment obtenir un cong\u00e9 de formation professionnelle ?\" \/>\n<meta property=\"og:url\" content=\"https:\/\/www.mes-allocs.fr\/guides\/aide-formation\/formation-pour-adulte\/conge-de-formation-professionnelle\/\" \/>\n<meta property=\"og:site_name\" content=\"Mes-Allocs.fr\" \/>\n<meta property=\"article:published_time\" content=\"2022-05-03T09:49:02+00:00\" \/>\n<meta property=\"article:modified_time\" content=\"2025-07-16T09:06:39+00:00\" \/>\n<meta property=\"og:image\" content=\"https:\/\/www.mes-allocs.fr\/guides\/wp-content\/uploads\/2022\/04\/Comment-obtenir-un-conge-de-formation-professionnelle-2.jpg?wsr\" \/>\n\t<meta property=\"og:image:width\" content=\"612\" \/>\n\t<meta property=\"og:image:height\" content=\"408\" \/>\n<meta name=\"twitter:card\" content=\"summary_large_image\" \/>\n<script type=\"application\/ld+json\" class=\"yoast-schema-graph\">{\"@context\":\"https:\/\/schema.org\",\"@graph\":[{\"@type\":\"WebSite\",\"@id\":\"https:\/\/www.mes-allocs.fr\/guides\/#website\",\"url\":\"https:\/\/www.mes-allocs.fr\/guides\/\",\"name\":\"Mes-Allocs.fr\",\"description\":\"\",\"potentialAction\":[{\"@type\":\"SearchAction\",\"target\":\"https:\/\/www.mes-allocs.fr\/guides\/?s={search_term_string}\",\"query-input\":\"required name=search_term_string\"}],\"inLanguage\":\"fr-FR\"},{\"@type\":\"ImageObject\",\"@id\":\"https:\/\/www.mes-allocs.fr\/guides\/aide-formation\/formation-pour-adulte\/conge-de-formation-professionnelle\/#primaryimage\",\"inLanguage\":\"fr-FR\",\"url\":\"https:\/\/www.mes-allocs.fr\/guides\/wp-content\/uploads\/2022\/04\/Comment-obtenir-un-conge-de-formation-professionnelle-2.jpg?wsr\",\"width\":612,\"height\":408,\"caption\":\"Comment obtenir un conge de formation professionnelle\"},{\"@type\":\"WebPage\",\"@id\":\"https:\/\/www.mes-allocs.fr\/guides\/aide-formation\/formation-pour-adulte\/conge-de-formation-professionnelle\/#webpage\",\"url\":\"https:\/\/www.mes-allocs.fr\/guides\/aide-formation\/formation-pour-adulte\/conge-de-formation-professionnelle\/\",\"name\":\"Comment obtenir un cong\\u00e9 de formation professionnelle ? | Mes-Allocs.fr\",\"isPartOf\":{\"@id\":\"https:\/\/www.mes-allocs.fr\/guides\/#website\"},\"primaryImageOfPage\":{\"@id\":\"https:\/\/www.mes-allocs.fr\/guides\/aide-formation\/formation-pour-adulte\/conge-de-formation-professionnelle\/#primaryimage\"},\"datePublished\":\"2022-05-03T09:49:02+00:00\",\"dateModified\":\"2025-07-16T09:06:39+00:00\",\"author\":{\"@id\":\"https:\/\/www.mes-allocs.fr\/guides\/#\/schema\/person\/a3de97298fd0ffc005ebdd5628b03ca8\"},\"description\":\"Le CFP permet aux agents de parfaire une formation professionnelle. Comment obtenir un cong\\u00e9 de formation professionnelle ?\",\"inLanguage\":\"fr-FR\"},{\"@type\":\"Person\",\"@id\":\"https:\/\/www.mes-allocs.fr\/guides\/#\/schema\/person\/a3de97298fd0ffc005ebdd5628b03ca8\",\"name\":\"Marina Ada Ondo\",\"image\":{\"@type\":\"ImageObject\",\"@id\":\"https:\/\/www.mes-allocs.fr\/guides\/#personlogo\",\"inLanguage\":\"fr-FR\",\"url\":\"https:\/\/www.mes-allocs.fr\/guides\/wp-content\/uploads\/2022\/02\/Photo-de-profil-150x150.png\",\"caption\":\"Marina Ada Ondo\"},\"description\":\"Marina est r\\u00e9dactrice au sein de l'\\u00e9quipe Mes Allocs, sp\\u00e9cialis\\u00e9e sur les aides aux jeunes. Dipl\\u00f4m\\u00e9e de l'ISFJ, elle rejoint Mes Allocs apr\\u00e8s une premi\\u00e8re exp\\u00e9rience en communication chez Little Africa, une agence de communication \\u00e0 Paris. Sur son temps libre, Marina lit beaucoup et passe ses dimanches au mus\\u00e9e.\",\"sameAs\":[\"https:\/\/www.linkedin.com\/in\/marinaadaondo\/\"]}]}<\/script>\n<!-- \/ Yoast SEO plugin. -->","amp_validity":null,"acf":{"faq":{"1":{"question":"Comment fonctionne le cong\u00e9 individuel de formation ?","answer":"Pour b\u00e9n\u00e9ficier d'un cong\u00e9 individuel de formation (CIF), le salari\u00e9 doit en informer son employeur par lettre recommand\u00e9e avec accus\u00e9 de r\u00e9ception soixante jours avant son entr\u00e9e en formation. Le CIF ne peut \u00eatre refus\u00e9 par l'employeur, mais il peut \u00eatre diff\u00e9r\u00e9 (sur une p\u00e9riode ne d\u00e9passant pas neuf mois)."},"2":{"question":"Quelles sont les conditions pour b\u00e9n\u00e9ficier d'un CIF ?","answer":"Pour b\u00e9n\u00e9ficier d'un CIF, le salari\u00e9 en contrat de travail CDI doit justifier d'une anciennet\u00e9 sup\u00e9rieure \u00e0 2 ans (continue ou non) dont 12 mois dans l'entreprise."},"3":{"question":"Qui paye le cong\u00e9 de formation ?","answer":"L'employeur n'a aucune obligation de prendre en charge les frais de formation, ce sont les OPCO qui peuvent les prendre en charge, mais attention, la prise en charge des co\u00fbts de formation n'est qu'une \u00e9ventualit\u00e9 ! En effet, les r\u00e8gles de prise en charge des frais de formation sont propres \u00e0 chaque organisme."},"4":{"question":"Comment faire une reconversion professionnelle quand on est en CDI ?","answer":"Pour faire une formation de reconversion professionnelle pendant votre CDI, vous devez obtenir l'accord de votre employeur pour cette formation. Si ce dernier ne peut pas refuser votre demande de formation, il peut toutefois d\u00e9cider de la reporter."},"5":{"question":"Est-ce qu'un employeur peut refuser un droit \u00e0 la formation ?","answer":"Oui. Mais, selon les cas, l'accord de l'employeur est indispensable. L'employeur est libre d'accepter ou non la demande de formation pr\u00e9vue par le plan, mais en pratique celle-ci est rarement refus\u00e9e."},"6":{"question":"Est-ce que le CIF existe toujours ?","answer":"Le projet de transition professionnelle remplace le CIF le 1er janvier 2019."},"7":{"question":"","answer":""},"8":{"question":"","answer":""},"9":{"question":"","answer":""},"10":{"question":"","answer":""},"11":{"question":"","answer":""},"12":{"question":"","answer":""},"13":{"question":"","answer":""},"14":{"question":"","answer":""},"15":{"question":"","answer":""},"16":{"question":"","answer":""}}},"_links":{"self":[{"href":"https:\/\/www.mes-allocs.fr\/guides\/wp-json\/wp\/v2\/posts\/48038","targetHints":{"allow":["GET"]}}],"collection":[{"href":"https:\/\/www.mes-allocs.fr\/guides\/wp-json\/wp\/v2\/posts"}],"about":[{"href":"https:\/\/www.mes-allocs.fr\/guides\/wp-json\/wp\/v2\/types\/post"}],"author":[{"embeddable":true,"href":"https:\/\/www.mes-allocs.fr\/guides\/wp-json\/wp\/v2\/users\/14"}],"replies":[{"embeddable":true,"href":"https:\/\/www.mes-allocs.fr\/guides\/wp-json\/wp\/v2\/comments?post=48038"}],"version-history":[{"count":7,"href":"https:\/\/www.mes-allocs.fr\/guides\/wp-json\/wp\/v2\/posts\/48038\/revisions"}],"predecessor-version":[{"id":102343,"href":"https:\/\/www.mes-allocs.fr\/guides\/wp-json\/wp\/v2\/posts\/48038\/revisions\/102343"}],"wp:featuredmedia":[{"embeddable":true,"href":"https:\/\/www.mes-allocs.fr\/guides\/wp-json\/wp\/v2\/media\/49910"}],"wp:attachment":[{"href":"https:\/\/www.mes-allocs.fr\/guides\/wp-json\/wp\/v2\/media?parent=48038"}],"wp:term":[{"taxonomy":"category","embeddable":true,"href":"https:\/\/www.mes-allocs.fr\/guides\/wp-json\/wp\/v2\/categories?post=48038"},{"taxonomy":"post_tag","embeddable":true,"href":"https:\/\/www.mes-allocs.fr\/guides\/wp-json\/wp\/v2\/tags?post=48038"}],"curies":[{"name":"wp","href":"https:\/\/api.w.org\/{rel}","templated":true}]}}