{"id":47982,"date":"2022-04-07T20:04:07","date_gmt":"2022-04-07T18:04:07","guid":{"rendered":"https:\/\/www.mes-allocs.fr\/guides\/?p=47982"},"modified":"2026-04-20T15:30:26","modified_gmt":"2026-04-20T14:30:26","slug":"calendrier-declaration-trimestrielle-caf","status":"publish","type":"post","link":"https:\/\/www.mes-allocs.fr\/guides\/caisse-allocations-familiales\/declaration-caf\/calendrier-declaration-trimestrielle-caf\/","title":{"rendered":"Calendrier d\u00e9claration trimestrielle CAF 2026 : comment \u00e7a marche ?"},"content":{"rendered":"<p style=\"text-align: justify;\"><b><img loading=\"lazy\" decoding=\"async\" class=\"alignnone wp-image-48101 \" title=\"Calendrier declaration trimestrielle caf comment ca marche\" src=\"https:\/\/www.mes-allocs.fr\/guides\/wp-content\/uploads\/2022\/04\/Calendrier-declaration-trimestrielle-caf-comment-ca-marche--e1649348017993.jpg\" alt=\"Calendrier declaration trimestrielle caf comment ca marche\" width=\"1471\" height=\"378\" srcset=\"https:\/\/www.mes-allocs.fr\/guides\/wp-content\/uploads\/2022\/04\/Calendrier-declaration-trimestrielle-caf-comment-ca-marche--e1649348017993.jpg 1000w, https:\/\/www.mes-allocs.fr\/guides\/wp-content\/uploads\/2022\/04\/Calendrier-declaration-trimestrielle-caf-comment-ca-marche--e1649348017993-300x77.jpg 300w, https:\/\/www.mes-allocs.fr\/guides\/wp-content\/uploads\/2022\/04\/Calendrier-declaration-trimestrielle-caf-comment-ca-marche--e1649348017993-768x197.jpg 768w, https:\/\/www.mes-allocs.fr\/guides\/wp-content\/uploads\/2022\/04\/Calendrier-declaration-trimestrielle-caf-comment-ca-marche--e1649348017993-600x154.jpg 600w\" sizes=\"auto, (max-width: 1471px) 100vw, 1471px\" \/><\/b>[Mis \u00e0 jour le 08\/01\/2026]En France, les b\u00e9n\u00e9ficiaires de <span class=\"word\">la prime d\u2019activit\u00e9, du RSA et de l\u2019AAH ont l&rsquo;obligation de d\u00e9clarer leurs ressources tous les 3 mois. Il s&rsquo;agit de\u00a0<span class=\"word\">la d\u00e9claration trimestrielle de ressources. Ainsi, ce document permet \u00e0 la <a href=\"https:\/\/www.mes-allocs.fr\/guides\/caisse-dallocations-familiales\/\">Caisse d&rsquo;Allocations Familiales<\/a> de calculer vos droits. <strong>Calendrier de d\u00e9claration trimestrielle CAF 2026<\/strong> : comment \u00e7a marche ?<\/span><\/span><\/p>\n<div class='cta-block'><div class='text'>Calendrier d\u00e9claration trimestrielle CAF<\/div><a href='https:\/\/www.mes-allocs.fr\/simulation-aides?reg_origin=document_calendrier_declaration_caf&origin=guides\/wp-json\/wp\/v2\/posts\/47982' class='app-button fit'>T\u00e9l\u00e9charger gratuitement<\/a><\/div>\n<h1 style=\"text-align: justify;\">C&rsquo;est quoi la d\u00e9claration\u00a0trimestrielle de ressources CAF ?<\/h1>\n<p style=\"text-align: justify;\">Depuis 2023, les allocataires de la prime d\u2019activit\u00e9, <span class=\"word\">du Revenu de Solidarit\u00e9 Active (RSA)<\/span>, mais aussi de l\u2019Allocation aux Adultes Handicap\u00e9s (AAH) doivent proc\u00e9der \u00e0 une v\u00e9rification\u00a0trimestrielle de ressources tous les 3 mois. <b>G<\/b>r\u00e2ce \u00e0 cette d\u00e9claration, la Caisse\u00a0d&rsquo;Allocations Familiales examine vos droits \u00e0 l\u2019allocation. Ainsi, elle recalcule le montant qui vous est vers\u00e9 pour<b> les 3 prochains mois.<\/b><\/p>\n<p style=\"text-align: justify;\">En effet, le montant de ces prestations financi\u00e8res est revaloris\u00e9\u00a0tous les 3 mois en fonction de votre situation familiale, professionnelle, et selon les revenus de votre foyer. <b>La d\u00e9claration trimestrielle de ressources est une \u00e9tape obligatoire.<\/b><\/p>\n<p>Depuis mars 2025, les d\u00e9clarations sont\u00a0<strong>pr\u00e9-remplies<\/strong> avec les montants nets sociaux (salaires, pensions, allocations). Vous \u00eates tenu de v\u00e9rifier ces donn\u00e9es et de compl\u00e9ter avec d&rsquo;autres revenus non pris en compte (par exemple : pensions alimentaires ou revenus \u00e9trangers). Respecter cette obligation est important car elle vous permet d&rsquo;\u00e9viter une suspension ou un retard dans le versement de vos prestations.<\/p>\n<h1 id=\"quand-declarer-les-ressources-trimestrielles-caf\" style=\"text-align: justify;\">Quand effectuer la d\u00e9claration \u00a0trimestrielle de ressources CAF\u00a0?<\/h1>\n<p style=\"text-align: justify;\">La d\u00e9claration trimestrielle de ressources CAF doit \u00eatre r\u00e9alis\u00e9e tous les 3 mois, donc 4 fois par an au total. Cependant, les dates limite de d\u00e9claration ne sont pas les m\u00eames pour tous les allocataires. En effet, elles d\u00e9pendent du mois d\u2019ouverture de vos droits. La date limite pour transmettre \u00e0 la CAF votre d\u00e9claration trimestrielle se trouve au\u00a0mois du dernier versement du trimestre.<\/p>\n<p>Depuis le changement de la p\u00e9riode de r\u00e9f\u00e9rence, la d\u00e9claration trimestrielle prend d\u00e9sormais en compte les revenus des <strong>mois M-2 \u00e0 M-4<\/strong> (au lieu des mois M-1 \u00e0 M-3 auparavant). Cela signifie que les ressources d\u00e9clar\u00e9es couvrent une p\u00e9riode l\u00e9g\u00e8rement ant\u00e9rieure.<\/p>\n<p>Par exemple : si vous avez per\u00e7u la prime d\u2019activit\u00e9 en f\u00e9vrier (au titre du mois de janvier), mars (au titre du mois de f\u00e9vrier) et avril (droits de mars), vous devez effectuer votre d\u00e9claration avant la fin du mois d\u2019avril. Cette d\u00e9claration prendra en compte vos revenus des mois de janvier, f\u00e9vrier et mars (M-2 \u00e0 M-4). Cela permet \u00e0 la CAF de recalculer vos droits pour les mois de mai, juin et juillet.<\/p>\n<p>Le m\u00eame principe s\u2019applique au <a href=\"https:\/\/www.mes-allocs.fr\/guides\/rsa\/\">RSA<\/a>. Par exemple, si vous \u00eates \u00e9ligible depuis le mois d\u2019ao\u00fbt, vous recevez le RSA en septembre, octobre et novembre. Ensuite, vous devez transmettre votre d\u00e9claration trimestrielle avant la fin du mois de novembre. Cette d\u00e9claration prendra en compte vos revenus des mois d\u2019ao\u00fbt, septembre et octobre (M-2 \u00e0 M-4). Ainsi, la CAF pourra recalculer vos droits pour les mois de d\u00e9cembre, janvier et f\u00e9vrier, et ainsi de suite.<\/p>\n<p>Cette version int\u00e8gre le changement dans la p\u00e9riode de r\u00e9f\u00e9rence tout en clarifiant le processus pour les allocataires.<\/p>\n<p style=\"text-align: justify;\"><b>Voici le calendrier d\u00e9claration trimestrielle caf<span class=\"word\"> 2026 :<\/span><\/b><\/p>\n\n<div class=\"wpdt-c row wpDataTableContainerSimpleTable wpDataTables wpDataTablesWrapper\n\"\n    >\n    <table id=\"wpdtSimpleTable-68\"\n           class=\"wpdtSimpleTable wpDataTable\"\n           data-column=\"3\"\n           data-rows=\"13\"\n           data-wpID=\"68\"\n           data-responsive=\"0\"\n           data-has-header=\"1\">\n\n                    <thead>        <tr class=\"wpdt-cell-row \" >\n                            <th class=\"wpdt-cell wpdt-bc-F3F9FE wpdt-bold\"\n                                    data-cell-id=\"A1\"\n                data-col-index=\"0\"\n                data-row-index=\"0\"\n                style=\" width:26.997578692494%;                padding:10px;\"\n                >\n                                Mois de d\u00e9claration                <\/th>\n                                            <th class=\"wpdt-cell wpdt-bc-F3F9FE wpdt-bold\"\n                                    data-cell-id=\"B1\"\n                data-col-index=\"1\"\n                data-row-index=\"0\"\n                style=\" width:36.077481840194%;                padding:10px;\"\n                >\n                                Ressources \u00e0 d\u00e9clarer (pr\u00e9-remplies)                <\/th>\n                                            <th class=\"wpdt-cell wpdt-bc-F3F9FE wpdt-bold\"\n                                    data-cell-id=\"C1\"\n                data-col-index=\"2\"\n                data-row-index=\"0\"\n                style=\" width:36.924939467312%;                padding:10px;\"\n                >\n                                P\u00e9riode de versement                <\/th>\n                                        <\/tr>\n                    <tbody>        <tr class=\"wpdt-cell-row \" >\n                            <td class=\"wpdt-cell \"\n                                    data-cell-id=\"A2\"\n                data-col-index=\"0\"\n                data-row-index=\"1\"\n                style=\"                padding:10px;\"\n                >\n                                Janvier 2026                <\/td>\n                                            <td class=\"wpdt-cell \"\n                                    data-cell-id=\"B2\"\n                data-col-index=\"1\"\n                data-row-index=\"1\"\n                style=\"                padding:10px;\"\n                >\n                                Ressources d\u2019Octobre, Novembre et D\u00e9cembre 2025                <\/td>\n                                            <td class=\"wpdt-cell \"\n                                    data-cell-id=\"C2\"\n                data-col-index=\"2\"\n                data-row-index=\"1\"\n                style=\"                padding:10px;\"\n                >\n                                F\u00e9vrier, Mars et Avril 2026                <\/td>\n                                        <\/tr>\n                            <tr class=\"wpdt-cell-row \" >\n                            <td class=\"wpdt-cell \"\n                                    data-cell-id=\"A3\"\n                data-col-index=\"0\"\n                data-row-index=\"2\"\n                style=\"                padding:10px;\"\n                >\n                                F\u00e9vrier 2026                <\/td>\n                                            <td class=\"wpdt-cell \"\n                                    data-cell-id=\"B3\"\n                data-col-index=\"1\"\n                data-row-index=\"2\"\n                style=\"                padding:10px;\"\n                >\n                                Ressources de Novembre, D\u00e9cembre 2025 et Janvier 2026                <\/td>\n                                            <td class=\"wpdt-cell \"\n                                    data-cell-id=\"C3\"\n                data-col-index=\"2\"\n                data-row-index=\"2\"\n                style=\"                padding:10px;\"\n                >\n                                Mars, Avril et Mai 2026                <\/td>\n                                        <\/tr>\n                            <tr class=\"wpdt-cell-row \" >\n                            <td class=\"wpdt-cell \"\n                                    data-cell-id=\"A4\"\n                data-col-index=\"0\"\n                data-row-index=\"3\"\n                style=\"                padding:10px;\"\n                >\n                                Mars 2026                <\/td>\n                                            <td class=\"wpdt-cell \"\n                                    data-cell-id=\"B4\"\n                data-col-index=\"1\"\n                data-row-index=\"3\"\n                style=\"                padding:10px;\"\n                >\n                                Ressources de D\u00e9cembre 2025, Janvier et F\u00e9vrier 2026                <\/td>\n                                            <td class=\"wpdt-cell \"\n                                    data-cell-id=\"C4\"\n                data-col-index=\"2\"\n                data-row-index=\"3\"\n                style=\"                padding:10px;\"\n                >\n                                Avril, Mai et Juin 2026                <\/td>\n                                        <\/tr>\n                            <tr class=\"wpdt-cell-row \" >\n                            <td class=\"wpdt-cell \"\n                                    data-cell-id=\"A5\"\n                data-col-index=\"0\"\n                data-row-index=\"4\"\n                style=\"                padding:10px;\"\n                >\n                                Avril 2026                <\/td>\n                                            <td class=\"wpdt-cell \"\n                                    data-cell-id=\"B5\"\n                data-col-index=\"1\"\n                data-row-index=\"4\"\n                style=\"                padding:10px;\"\n                >\n                                Ressources de D\u00e9cembre, Janvier et F\u00e9vrier 2026                <\/td>\n                                            <td class=\"wpdt-cell \"\n                                    data-cell-id=\"C5\"\n                data-col-index=\"2\"\n                data-row-index=\"4\"\n                style=\"                padding:10px;\"\n                >\n                                Mai, Juin et Juillet 2026                <\/td>\n                                        <\/tr>\n                            <tr class=\"wpdt-cell-row \" >\n                            <td class=\"wpdt-cell \"\n                                    data-cell-id=\"A6\"\n                data-col-index=\"0\"\n                data-row-index=\"5\"\n                style=\"                padding:10px;\"\n                >\n                                Mai 2026                <\/td>\n                                            <td class=\"wpdt-cell \"\n                                    data-cell-id=\"B6\"\n                data-col-index=\"1\"\n                data-row-index=\"5\"\n                style=\"                padding:10px;\"\n                >\n                                Ressources de Janvier, F\u00e9vrier et Mars 2026                <\/td>\n                                            <td class=\"wpdt-cell \"\n                                    data-cell-id=\"C6\"\n                data-col-index=\"2\"\n                data-row-index=\"5\"\n                style=\"                padding:10px;\"\n                >\n                                Juin, Juillet et Ao\u00fbt 2026                <\/td>\n                                        <\/tr>\n                            <tr class=\"wpdt-cell-row \" >\n                            <td class=\"wpdt-cell \"\n                                    data-cell-id=\"A7\"\n                data-col-index=\"0\"\n                data-row-index=\"6\"\n                style=\"                padding:10px;\"\n                >\n                                Juin 2026                <\/td>\n                                            <td class=\"wpdt-cell \"\n                                    data-cell-id=\"B7\"\n                data-col-index=\"1\"\n                data-row-index=\"6\"\n                style=\"                padding:10px;\"\n                >\n                                Ressources de F\u00e9vrier, Mars et Avril 2026                <\/td>\n                                            <td class=\"wpdt-cell \"\n                                    data-cell-id=\"C7\"\n                data-col-index=\"2\"\n                data-row-index=\"6\"\n                style=\"                padding:10px;\"\n                >\n                                Juillet, Ao\u00fbt et Septembre 2026                <\/td>\n                                        <\/tr>\n                            <tr class=\"wpdt-cell-row \" >\n                            <td class=\"wpdt-cell \"\n                                    data-cell-id=\"A8\"\n                data-col-index=\"0\"\n                data-row-index=\"7\"\n                style=\"                padding:10px;\"\n                >\n                                Juillet 2026                <\/td>\n                                            <td class=\"wpdt-cell \"\n                                    data-cell-id=\"B8\"\n                data-col-index=\"1\"\n                data-row-index=\"7\"\n                style=\"                padding:10px;\"\n                >\n                                Ressources de Mars, Avril et Mai 2026                <\/td>\n                                            <td class=\"wpdt-cell \"\n                                    data-cell-id=\"C8\"\n                data-col-index=\"2\"\n                data-row-index=\"7\"\n                style=\"                padding:10px;\"\n                >\n                                Ao\u00fbt, Septembre et Octobre 2026                <\/td>\n                                        <\/tr>\n                            <tr class=\"wpdt-cell-row \" >\n                            <td class=\"wpdt-cell \"\n                                    data-cell-id=\"A9\"\n                data-col-index=\"0\"\n                data-row-index=\"8\"\n                style=\"                padding:10px;\"\n                >\n                                Ao\u00fbt 2026                <\/td>\n                                            <td class=\"wpdt-cell \"\n                                    data-cell-id=\"B9\"\n                data-col-index=\"1\"\n                data-row-index=\"8\"\n                style=\"                padding:10px;\"\n                >\n                                Ressources d'Avril, Mai et Juin 2026                <\/td>\n                                            <td class=\"wpdt-cell \"\n                                    data-cell-id=\"C9\"\n                data-col-index=\"2\"\n                data-row-index=\"8\"\n                style=\"                padding:10px;\"\n                >\n                                Septembre, Octobre et Novembre 2026                <\/td>\n                                        <\/tr>\n                            <tr class=\"wpdt-cell-row \" >\n                            <td class=\"wpdt-cell \"\n                                    data-cell-id=\"A10\"\n                data-col-index=\"0\"\n                data-row-index=\"9\"\n                style=\"                padding:10px;\"\n                >\n                                Septembre 2026                <\/td>\n                                            <td class=\"wpdt-cell \"\n                                    data-cell-id=\"B10\"\n                data-col-index=\"1\"\n                data-row-index=\"9\"\n                style=\"                padding:10px;\"\n                >\n                                Ressources de Mai, Juin et Juillet 2026                <\/td>\n                                            <td class=\"wpdt-cell \"\n                                    data-cell-id=\"C10\"\n                data-col-index=\"2\"\n                data-row-index=\"9\"\n                style=\"                padding:10px;\"\n                >\n                                Octobre, Novembre et D\u00e9cembre 2026                <\/td>\n                                        <\/tr>\n                            <tr class=\"wpdt-cell-row \" >\n                            <td class=\"wpdt-cell \"\n                                    data-cell-id=\"A11\"\n                data-col-index=\"0\"\n                data-row-index=\"10\"\n                style=\"                padding:10px;\"\n                >\n                                Octobre 2026                <\/td>\n                                            <td class=\"wpdt-cell \"\n                                    data-cell-id=\"B11\"\n                data-col-index=\"1\"\n                data-row-index=\"10\"\n                style=\"                padding:10px;\"\n                >\n                                Ressources de Juin, Juillet et Ao\u00fbt 2026                <\/td>\n                                            <td class=\"wpdt-cell \"\n                                    data-cell-id=\"C11\"\n                data-col-index=\"2\"\n                data-row-index=\"10\"\n                style=\"                padding:10px;\"\n                >\n                                Novembre et D\u00e9cembre 2026, Janvier 2027                <\/td>\n                                        <\/tr>\n                            <tr class=\"wpdt-cell-row \" >\n                            <td class=\"wpdt-cell \"\n                                    data-cell-id=\"A12\"\n                data-col-index=\"0\"\n                data-row-index=\"11\"\n                style=\"                padding:10px;\"\n                >\n                                Novembre 2026                <\/td>\n                                            <td class=\"wpdt-cell \"\n                                    data-cell-id=\"B12\"\n                data-col-index=\"1\"\n                data-row-index=\"11\"\n                style=\"                padding:10px;\"\n                >\n                                Ressources de Juillet, Ao\u00fbt et Septembre 2026                <\/td>\n                                            <td class=\"wpdt-cell \"\n                                    data-cell-id=\"C12\"\n                data-col-index=\"2\"\n                data-row-index=\"11\"\n                style=\"                padding:10px;\"\n                >\n                                D\u00e9cembre 2026, Janvier et F\u00e9vrier 2027                <\/td>\n                                        <\/tr>\n                            <tr class=\"wpdt-cell-row \" >\n                            <td class=\"wpdt-cell \"\n                                    data-cell-id=\"A13\"\n                data-col-index=\"0\"\n                data-row-index=\"12\"\n                style=\"                padding:10px;\"\n                >\n                                D\u00e9cembre 2026                <\/td>\n                                            <td class=\"wpdt-cell \"\n                                    data-cell-id=\"B13\"\n                data-col-index=\"1\"\n                data-row-index=\"12\"\n                style=\"                padding:10px;\"\n                >\n                                Ressources d'Ao\u00fbt, Septembre et Octobre 2026                <\/td>\n                                            <td class=\"wpdt-cell \"\n                                    data-cell-id=\"C13\"\n                data-col-index=\"2\"\n                data-row-index=\"12\"\n                style=\"                padding:10px;\"\n                >\n                                Janvier, F\u00e9vrier et Mars 2027                <\/td>\n                                        <\/tr>\n                    <\/table>\n<\/div><style id='wpdt-custom-style-68'>\ntable#wpdtSimpleTable-68{ table-layout: fixed !important; }\n.wpdt-bc-F3F9FE { background-color: #F3F9FE !important;}\n<\/style>\n\n<p><iframe loading=\"lazy\" title=\"Devenez un expert des aides de la CAF !\" width=\"500\" height=\"281\" src=\"https:\/\/www.youtube.com\/embed\/weTPOvJJ3bs?feature=oembed\" frameborder=\"0\" allow=\"accelerometer; autoplay; clipboard-write; encrypted-media; gyroscope; picture-in-picture; web-share\" referrerpolicy=\"strict-origin-when-cross-origin\" allowfullscreen><\/iframe><\/p>\n<h1 id=\"comment-declarer-ses-ressources-trimestrielles-caf-ou-msa\" style=\"text-align: justify;\">Comment d\u00e9clarer les ressources trimestrielles CAF ?<\/h1>\n<p style=\"text-align: justify;\"><b>Lorsque vous percevez le RSA, la prime d\u2019activit\u00e9 ou l\u2019AAH en \u00e9tant salari\u00e9, vous \u00eates notifi\u00e9 par la CAF par\u00a0<\/b><b>mail ou courrier du processus \u00e0 suivre.<\/b> Vous pouvez alors effectuer la d\u00e9claration trimestrielle de ressources via les services en ligne ou via un formulaire papier.<\/p>\n<h2 style=\"text-align: justify;\">Comment effectuer la d\u00e9claration trimestrielle de ressources CAF en ligne ?<\/h2>\n<p style=\"text-align: justify;\"><b>Afin de d\u00e9clarer vos ressources trimestrielles en ligne :<\/b><\/p>\n<ul>\n<li>Il faut faire la d\u00e9marche en ligne en se rendant sur le\u00a0site de la CAF<\/li>\n<\/ul>\n<ul>\n<li style=\"text-align: justify;\">Vous devez effectuer une\u00a0connexion \u00e0 votre compte\u00a0ou sur l\u2019application mobile, rubrique \u00ab\u00a0Mes ressources trimestrielles\u00a0\u00bb<\/li>\n<li>Vous devez v\u00e9rifiez et validez les informations pr\u00e9-remplies concernant vos ressources et celles de votre foyer. Ces informations incluent g\u00e9n\u00e9ralement les salaires, allocations ch\u00f4mage, pensions, etc., qui sont transmises directement \u00e0 la CAF.<\/li>\n<li style=\"text-align: justify;\">Ensuite, si certaines informations ne sont pas \u00e0 jour ou si vous avez d&rsquo;autres ressources \u00e0 d\u00e9clarer (comme des pensions alimentaires ou des revenus d&rsquo;ind\u00e9pendants), compl\u00e9tez-les.<\/li>\n<li style=\"text-align: justify;\">Il vous reste simplement \u00e0 valider votre d\u00e9claration afin qu&rsquo;elle soit prise en compte<\/li>\n<\/ul>\n<p style=\"text-align: justify;\"><b>Pour rappel, vous devez rapidement signaler tout changement de situation professionnelle ou familiale \u00e0 la CAF. <\/b>Il peut avoir un impact sur le montant de vos allocations et sera pris en compte dans le calcul trimestriel.<\/p>\n<div class='cta-block'><div class='text'>Calendrier d\u00e9claration trimestrielle CAF<\/div><a href='https:\/\/www.mes-allocs.fr\/simulation-aides?reg_origin=document_calendrier_declaration_caf&origin=guides\/wp-json\/wp\/v2\/posts\/47982' class='app-button fit'>T\u00e9l\u00e9charger gratuitement<\/a><\/div>\n<h2 style=\"text-align: justify;\">Comment effectuer la d\u00e9claration trimestrielle de ressources CAF par courrier ?<\/h2>\n<p style=\"text-align: justify;\">Il est aussi possible de remplir la d\u00e9claration trimestrielle en version papier. Il faut compl\u00e9ter<b> le formulaire <a href=\"https:\/\/www.formulaires.service-public.fr\/gf\/cerfa_14129.do\">cerfa 14129*03<\/a><\/b>pour la d\u00e9claration du RSA<b>. <\/b>Concernant, les b\u00e9n\u00e9ficiaires de l\u2019AAH, le formulaire \u00e0 remplir est diff\u00e9rent, il s\u2019agit du<b><a href=\"https:\/\/www.formulaires.service-public.fr\/gf\/cerfa_14208.do\">cerfa 14208*01<\/a>. <\/b>Une fois rempli, vous devez envoyer les documents par courrier postal affranchi au tarif en vigueur \u00e0 la CAF dont vous d\u00e9pendez. Votre courrier ne doit contenir que le formulaire de d\u00e9claration trimestrielle compl\u00e9t\u00e9 accompagn\u00e9 si n\u00e9cessaire de la page suppl\u00e9mentaire pour les informations compl\u00e9mentaires.<\/p>\n<p style=\"text-align: justify;\"><b>En cas d&rsquo;\u00e9ventuel changement\u00a0de situation familiale, vous devez inscrire dans les cases pr\u00e9vues \u00e0 cet effet le montant de vos ressources.<\/b><\/p>\n<h2 id=\"quelles-sont-les-ressources-a-declarer\" style=\"text-align: justify;\">Quelles sont les ressources \u00e0 d\u00e9clarer\u00a0?<\/h2>\n<p style=\"text-align: justify;\">Lors de votre d\u00e9claration de ressources, vous devez d\u00e9clarer le montant du salaire, des indemnit\u00e9s ch\u00f4mage, et des pensions alimentaires. Cependant, il faut indiquer\u00a0les revenus nets\u00a0avant pr\u00e9l\u00e8vement de l&rsquo;imp\u00f4t sur le document. Vous devez aussi noter les ressources de votre partenaire et celles de vos enfants de plus de 15 ans. <b>Les autres ressources \u00e0 d\u00e9clarer sont :<\/b><\/p>\n<ul>\n<li style=\"text-align: justify;\">Les revenus exceptionnels au niveau professionnel (prime de licenciement, indemnit\u00e9 de rupture conventionnelle, indemnit\u00e9 de fin de contrat, indemnit\u00e9 compensatrice de cong\u00e9s pay\u00e9s, etc.)<\/li>\n<li class=\"amp-wp-7d27179\" style=\"text-align: justify;\" data-amp-original-style=\"text-align: justify;\">Les primes de salaire pour le 13e mois, pour la rentr\u00e9e scolaire, pour les naissances, etc.<\/li>\n<li style=\"text-align: justify;\">Les gratifications de stage ou indemnit\u00e9s de formation professionnelle<\/li>\n<li class=\"amp-wp-7d27179\" style=\"text-align: justify;\" data-amp-original-style=\"text-align: justify;\">Les indemnit\u00e9s journali\u00e8res pour maternit\u00e9, paternit\u00e9 ou adoption<\/li>\n<li class=\"amp-wp-7d27179\" style=\"text-align: justify;\" data-amp-original-style=\"text-align: justify;\">Les indemnit\u00e9s journali\u00e8res pour maladie, maladie professionnelle ou accident de travail<\/li>\n<li style=\"text-align: justify;\">Les pensions de retraite, pension de r\u00e9version, d\u2019invalidit\u00e9, etc.<\/li>\n<li style=\"text-align: justify;\">Les revenus des personnes non-salari\u00e9es (auto-entrepreneur, artiste, aidant familial ou non salari\u00e9 agricole, etc.)<\/li>\n<li class=\"amp-wp-7d27179\" style=\"text-align: justify;\" data-amp-original-style=\"text-align: justify;\">Les sommes non plac\u00e9es re\u00e7ues au titre d\u2019un h\u00e9ritage ou gr\u00e2ce \u00e0 des gains au jeu<\/li>\n<li class=\"amp-wp-7d27179\" style=\"text-align: justify;\" data-amp-original-style=\"text-align: justify;\">Les revenus de capitaux plac\u00e9s, int\u00e9r\u00eats, plus-value, etc.<\/li>\n<li class=\"amp-wp-7d27179\" style=\"text-align: justify;\" data-amp-original-style=\"text-align: justify;\">Le montant per\u00e7u au titre d\u2019allocation de veuvage<\/li>\n<li class=\"amp-wp-7d27179\" style=\"text-align: justify;\" data-amp-original-style=\"text-align: justify;\">Les indemnit\u00e9s de ch\u00f4mage technique vers\u00e9es par l\u2019employeur<\/li>\n<li class=\"amp-wp-7d27179\" style=\"text-align: justify;\" data-amp-original-style=\"text-align: justify;\">Les aides financi\u00e8res r\u00e9guli\u00e8res que vous versent votre d\u00e9partement ou votre commune, etc.<\/li>\n<li class=\"amp-wp-7d27179\" style=\"text-align: justify;\" data-amp-original-style=\"text-align: justify;\">Les indemnit\u00e9s de service civique<\/li>\n<li class=\"amp-wp-7d27179\" style=\"text-align: justify;\" data-amp-original-style=\"text-align: justify;\">Les montants bruts de loyers per\u00e7us<\/li>\n<\/ul>\n<p style=\"text-align: justify;\"><b>Un \u00e9tudiant en contrat d&rsquo;apprentissage <\/b>doit d\u00e9clarer son salaire en int\u00e9gralit\u00e9, m\u00eame s&rsquo;il est non imposable. Lorsque vous avez cess\u00e9 de recevoir un revenu, vous devez cocher la case \u00ab Aucune ressource per\u00e7ue \u00bb, pour chacun des mois concern\u00e9s.<\/p>\n<p style=\"text-align: justify;\">\u00c0 savoir que pour les non-salari\u00e9s, il faut distinguer diff\u00e9rentes situations :<\/p>\n<ul>\n<li style=\"text-align: justify;\"><b>Pour un auto-entrepreneur qui d\u00e9clare en ligne <\/b>: il faut mentionner le chiffre d&rsquo;affaires mensuel brut (avant abattement fiscal). Ensuite, le choix de la nature de l\u2019activit\u00e9 exerc\u00e9e enclenche de fa\u00e7on automatique le calcul de l\u2019abattement<\/li>\n<li style=\"text-align: justify;\"><b>Pour un auto-entrepreneur qui d\u00e9clare sur le formulaire papier<\/b> : vous devez indiquer le chiffre d&rsquo;affaires mensuel net (apr\u00e8s abattement fiscal)<\/li>\n<li style=\"text-align: justify;\"><b>Pour un travailleur non salari\u00e9 qui n\u2019est pas auto-entrepreneur <\/b>: il faut proc\u00e9der \u00e0 une \u00e9valuation des revenus par le Conseil d\u00e9partemental<\/li>\n<\/ul>\n<h1 style=\"text-align: justify;\">D\u00e9claration trimestrielle de ressources CAF : que faire en cas d&rsquo;oubli ?<\/h1>\n<p style=\"text-align: justify;\">La premi\u00e8re cons\u00e9quence en cas d&rsquo;oubli est la suspension des droits lorsque malgr\u00e9 les rappels de la CAF, vous ne remplissez pas votre d\u00e9claration dans les d\u00e9lais. Si le b\u00e9n\u00e9ficiaire a toujours droit \u00e0 l&rsquo;aide, <strong>cette suspension est temporaire<\/strong>. La situation r\u00e9gularis\u00e9e d\u00e8s la r\u00e9ception et le traitement\u00a0de la d\u00e9claration trimestrielle de ressources tardive. Dans ces cas, les rappels de RSA ou de prime d&rsquo;activit\u00e9 <b>(paiements r\u00e9troactifs des p\u00e9riodes de droits impay\u00e9s) <\/b>sont vers\u00e9s quelques jours ou semaines plus tard, selon l&rsquo;importance du retard, en dehors de la date habituelle de paiement des prestations CAF.<\/p>\n<p style=\"text-align: justify;\">En revanche, vous pouvez\u00a0faire des erreurs en oubliant de d\u00e9clarer\u00a0d\u2019un revenu. Alors,\u00a0le b\u00e9n\u00e9ficiaire peut recevoir un trop-per\u00e7u. Ce trop-per\u00e7u cr\u00e9e<b> un indu <\/b>que le b\u00e9n\u00e9ficiaire doit rembourser \u00e0 la CAF<b>. <\/b>Pour \u00e9viter de faire des erreurs ou si vous avez des questions sur votre situation, vous pouvez contacter la CAF par t\u00e9l\u00e9phone ou courriel.<\/p>\n<p style=\"text-align: justify;\">Pour s&rsquo;informer sur les aides\u00a0personnelles au logement de la CAF, vous pouvez consulter le guide de Mes Allocs <a href=\"https:\/\/www.mes-allocs.fr\/guides\/\">ici<\/a>.<\/p>\n<div class='cta-block'><div class='text'>Calendrier d\u00e9claration trimestrielle CAF<\/div><a href='https:\/\/www.mes-allocs.fr\/simulation-aides?reg_origin=document_calendrier_declaration_caf&origin=guides\/wp-json\/wp\/v2\/posts\/47982' class='app-button fit'>T\u00e9l\u00e9charger gratuitement<\/a><\/div>\n","protected":false},"excerpt":{"rendered":"<p>[Mis \u00e0 jour le 08\/01\/2026]En France, les b\u00e9n\u00e9ficiaires de la prime d\u2019activit\u00e9, du RSA et de l\u2019AAH ont l&rsquo;obligation de d\u00e9clarer leurs ressources tous les 3 mois. Il s&rsquo;agit de\u00a0la d\u00e9claration trimestrielle de ressources. Ainsi, ce document permet \u00e0 la Caisse d&rsquo;Allocations Familiales de calculer vos droits. Calendrier de d\u00e9claration trimestrielle CAF 2026 : comment [&hellip;]<\/p>\n","protected":false},"author":14,"featured_media":48102,"comment_status":"closed","ping_status":"open","sticky":false,"template":"","format":"standard","meta":{"amp_status":"","footnotes":""},"categories":[6332,17278],"tags":[],"class_list":["post-47982","post","type-post","status-publish","format-standard","has-post-thumbnail","hentry","category-caisse-allocations-familiales","category-declaration-caf"],"yoast_head":"<!-- This site is optimized with the Yoast SEO plugin v14.9 - https:\/\/yoast.com\/wordpress\/plugins\/seo\/ -->\n<title>Calendrier d\u00e9claration trimestrielle CAF 2026 : comment \u00e7a marche ? | Mes-Allocs.fr<\/title>\n<meta name=\"description\" content=\"La d\u00e9claration trimestrielle de ressources permet de calculer vos droits CAF. Retrouvez dans cet article toutes les infos \u00e0 conna\u00eetre en 2026.\" \/>\n<meta name=\"robots\" content=\"index, follow, max-snippet:-1, max-image-preview:large, max-video-preview:-1\" \/>\n<link rel=\"canonical\" href=\"https:\/\/www.mes-allocs.fr\/guides\/caisse-allocations-familiales\/declaration-caf\/calendrier-declaration-trimestrielle-caf\/\" \/>\n<meta property=\"og:locale\" content=\"fr_FR\" \/>\n<meta property=\"og:type\" content=\"article\" \/>\n<meta property=\"og:title\" content=\"Calendrier d\u00e9claration trimestrielle CAF 2026 : comment \u00e7a marche ? | Mes-Allocs.fr\" \/>\n<meta property=\"og:description\" content=\"La d\u00e9claration trimestrielle de ressources permet de calculer vos droits CAF. Retrouvez dans cet article toutes les infos \u00e0 conna\u00eetre en 2026.\" \/>\n<meta property=\"og:url\" content=\"https:\/\/www.mes-allocs.fr\/guides\/caisse-allocations-familiales\/declaration-caf\/calendrier-declaration-trimestrielle-caf\/\" \/>\n<meta property=\"og:site_name\" content=\"Mes-Allocs.fr\" \/>\n<meta property=\"article:published_time\" content=\"2022-04-07T18:04:07+00:00\" \/>\n<meta property=\"article:modified_time\" content=\"2026-04-20T14:30:26+00:00\" \/>\n<meta property=\"og:image\" content=\"https:\/\/www.mes-allocs.fr\/guides\/wp-content\/uploads\/2022\/04\/Calendrier-declaration-trimestrielle-caf-comment-ca-marche-1-1-e1727791956474.jpg?wsr\" \/>\n\t<meta property=\"og:image:width\" content=\"1000\" \/>\n\t<meta property=\"og:image:height\" content=\"292\" \/>\n<meta name=\"twitter:card\" content=\"summary_large_image\" \/>\n<script type=\"application\/ld+json\" class=\"yoast-schema-graph\">{\"@context\":\"https:\/\/schema.org\",\"@graph\":[{\"@type\":\"WebSite\",\"@id\":\"https:\/\/www.mes-allocs.fr\/guides\/#website\",\"url\":\"https:\/\/www.mes-allocs.fr\/guides\/\",\"name\":\"Mes-Allocs.fr\",\"description\":\"\",\"potentialAction\":[{\"@type\":\"SearchAction\",\"target\":\"https:\/\/www.mes-allocs.fr\/guides\/?s={search_term_string}\",\"query-input\":\"required name=search_term_string\"}],\"inLanguage\":\"fr-FR\"},{\"@type\":\"ImageObject\",\"@id\":\"https:\/\/www.mes-allocs.fr\/guides\/caisse-allocations-familiales\/declaration-caf\/calendrier-declaration-trimestrielle-caf\/#primaryimage\",\"inLanguage\":\"fr-FR\",\"url\":\"https:\/\/www.mes-allocs.fr\/guides\/wp-content\/uploads\/2022\/04\/Calendrier-declaration-trimestrielle-caf-comment-ca-marche-1-1-e1727791956474.jpg?wsr\",\"width\":1000,\"height\":292,\"caption\":\"droit aide au temps libre caf\"},{\"@type\":\"WebPage\",\"@id\":\"https:\/\/www.mes-allocs.fr\/guides\/caisse-allocations-familiales\/declaration-caf\/calendrier-declaration-trimestrielle-caf\/#webpage\",\"url\":\"https:\/\/www.mes-allocs.fr\/guides\/caisse-allocations-familiales\/declaration-caf\/calendrier-declaration-trimestrielle-caf\/\",\"name\":\"Calendrier d\\u00e9claration trimestrielle CAF 2026 : comment \\u00e7a marche ? | Mes-Allocs.fr\",\"isPartOf\":{\"@id\":\"https:\/\/www.mes-allocs.fr\/guides\/#website\"},\"primaryImageOfPage\":{\"@id\":\"https:\/\/www.mes-allocs.fr\/guides\/caisse-allocations-familiales\/declaration-caf\/calendrier-declaration-trimestrielle-caf\/#primaryimage\"},\"datePublished\":\"2022-04-07T18:04:07+00:00\",\"dateModified\":\"2026-04-20T14:30:26+00:00\",\"author\":{\"@id\":\"https:\/\/www.mes-allocs.fr\/guides\/#\/schema\/person\/a3de97298fd0ffc005ebdd5628b03ca8\"},\"description\":\"La d\\u00e9claration trimestrielle de ressources permet de calculer vos droits CAF. Retrouvez dans cet article toutes les infos \\u00e0 conna\\u00eetre en 2026.\",\"inLanguage\":\"fr-FR\"},{\"@type\":\"Person\",\"@id\":\"https:\/\/www.mes-allocs.fr\/guides\/#\/schema\/person\/a3de97298fd0ffc005ebdd5628b03ca8\",\"name\":\"Marina Ada Ondo\",\"image\":{\"@type\":\"ImageObject\",\"@id\":\"https:\/\/www.mes-allocs.fr\/guides\/#personlogo\",\"inLanguage\":\"fr-FR\",\"url\":\"https:\/\/www.mes-allocs.fr\/guides\/wp-content\/uploads\/2022\/02\/Photo-de-profil-150x150.png\",\"caption\":\"Marina Ada Ondo\"},\"description\":\"Marina est r\\u00e9dactrice au sein de l'\\u00e9quipe Mes Allocs, sp\\u00e9cialis\\u00e9e sur les aides aux jeunes. Dipl\\u00f4m\\u00e9e de l'ISFJ, elle rejoint Mes Allocs apr\\u00e8s une premi\\u00e8re exp\\u00e9rience en communication chez Little Africa, une agence de communication \\u00e0 Paris. Sur son temps libre, Marina lit beaucoup et passe ses dimanches au mus\\u00e9e.\",\"sameAs\":[\"https:\/\/www.linkedin.com\/in\/marinaadaondo\/\"]}]}<\/script>\n<!-- \/ Yoast SEO plugin. -->","amp_validity":null,"acf":{"faq":{"1":{"question":"Quand faire la d\u00e9claration trimestrielle prime d'activit\u00e9 ?","answer":"La d\u00e9claration trimestrielle pour la prime activit\u00e9 doit se faire \u00e0 l'issue des 3 mois de versement de la CAF. Si un changement de situation est intervenu durant cette p\u00e9riode, vous devez le signaler le plus rapidement possible, mais il sera pris en compte uniquement lors de l'\u00e9tude des nouveaux droits."},"2":{"question":"Quand sont recalculer les droits caf pour 2026 ?","answer":"Depuis deux ans, la CAF prend en compte vos revenus de l'ann\u00e9e pr\u00e9c\u00e9dente et non de deux ann\u00e9es en arri\u00e8re. Ainsi, \u00e0 partir du 1er janvier 2026, vous devrez actualiser votre situation en d\u00e9clarant les revenus que vous avez per\u00e7us en 2025."},"3":{"question":"Comment est calcul\u00e9 l'APL en 2026 ?","answer":"Depuis le 1er janvier, l'APL est calcul\u00e9e \u00e0 partir des revenus des 12 derniers mois qui entrent dans le mode de calcul. Le but \u00e9tant de calculer vos droits \u00e0 l'APL en temps r\u00e9el. "},"4":{"question":"Pourquoi je n'ai plus d'APL 2026 ?","answer":"Plusieurs raisons peuvent expliquer que vous ne puissiez pas b\u00e9n\u00e9ficier d'une aide au logement : vous d\u00e9passez les plafonds de ressources, vous avez un lien de parent\u00e9 avec le propri\u00e9taire, votre logement n'est pas d\u00e9cent, etc."},"5":{"question":"Comment savoir si la CAF va nous payer ?","answer":"Il faut vous rendre dans la rubrique \"Mon compte\" puis \"Mes droits et mes paiements\" et \"Mes paiements\". Vous pouvez v\u00e9rifier la date de versement en cas d'attribution d'allocation. Ce montant est vers\u00e9 sur votre compte entre le 5 et le 10 du mois, en fonction des d\u00e9lais bancaires."},"6":{"question":"O\u00f9 trouver ressources nettes imposables cumul\u00e9es des 12 derniers mois ?","answer":"Le revenu net imposable se trouve dans diff\u00e9rents documents mis \u00e0 disposition par l'administration fiscale aux contribuables : \u00e0 la ligne revenu imposable de l'avis d'imp\u00f4t sur le revenu, page 2 (apr\u00e8s la ligne \u00ab Revenu brut global \u00bb et avant la ligne \u00ab Imp\u00f4t sur les revenus soumis au bar\u00e8me \u00bb)"},"7":{"question":"","answer":""},"8":{"question":"","answer":""},"9":{"question":"","answer":""},"10":{"question":"","answer":""},"11":{"question":"","answer":""},"12":{"question":"","answer":""},"13":{"question":"","answer":""},"14":{"question":"","answer":""},"15":{"question":"","answer":""},"16":{"question":"","answer":""}}},"_links":{"self":[{"href":"https:\/\/www.mes-allocs.fr\/guides\/wp-json\/wp\/v2\/posts\/47982","targetHints":{"allow":["GET"]}}],"collection":[{"href":"https:\/\/www.mes-allocs.fr\/guides\/wp-json\/wp\/v2\/posts"}],"about":[{"href":"https:\/\/www.mes-allocs.fr\/guides\/wp-json\/wp\/v2\/types\/post"}],"author":[{"embeddable":true,"href":"https:\/\/www.mes-allocs.fr\/guides\/wp-json\/wp\/v2\/users\/14"}],"replies":[{"embeddable":true,"href":"https:\/\/www.mes-allocs.fr\/guides\/wp-json\/wp\/v2\/comments?post=47982"}],"version-history":[{"count":29,"href":"https:\/\/www.mes-allocs.fr\/guides\/wp-json\/wp\/v2\/posts\/47982\/revisions"}],"predecessor-version":[{"id":112187,"href":"https:\/\/www.mes-allocs.fr\/guides\/wp-json\/wp\/v2\/posts\/47982\/revisions\/112187"}],"wp:featuredmedia":[{"embeddable":true,"href":"https:\/\/www.mes-allocs.fr\/guides\/wp-json\/wp\/v2\/media\/48102"}],"wp:attachment":[{"href":"https:\/\/www.mes-allocs.fr\/guides\/wp-json\/wp\/v2\/media?parent=47982"}],"wp:term":[{"taxonomy":"category","embeddable":true,"href":"https:\/\/www.mes-allocs.fr\/guides\/wp-json\/wp\/v2\/categories?post=47982"},{"taxonomy":"post_tag","embeddable":true,"href":"https:\/\/www.mes-allocs.fr\/guides\/wp-json\/wp\/v2\/tags?post=47982"}],"curies":[{"name":"wp","href":"https:\/\/api.w.org\/{rel}","templated":true}]}}