{"id":47934,"date":"2022-04-27T10:47:29","date_gmt":"2022-04-27T08:47:29","guid":{"rendered":"https:\/\/www.mes-allocs.fr\/guides\/?p=47934"},"modified":"2025-07-16T11:01:58","modified_gmt":"2025-07-16T09:01:58","slug":"action-de-formation-conventionnee","status":"publish","type":"post","link":"https:\/\/www.mes-allocs.fr\/guides\/aide-formation\/action-de-formation-conventionnee\/","title":{"rendered":"Comment demander une action de formation conventionn\u00e9e ?"},"content":{"rendered":"<p style=\"text-align: justify;\"><b><img loading=\"lazy\" decoding=\"async\" class=\"alignnone wp-image-49477 size-full\" title=\"Comment demander une action de formation conventionnee\" src=\"https:\/\/www.mes-allocs.fr\/guides\/wp-content\/uploads\/2022\/04\/Comment-demander-une-action-de-formation-conventionnee--e1650990579275.jpg\" alt=\"Comment demander une action de formation conventionnee\" width=\"1000\" height=\"237\" srcset=\"https:\/\/www.mes-allocs.fr\/guides\/wp-content\/uploads\/2022\/04\/Comment-demander-une-action-de-formation-conventionnee--e1650990579275.jpg 1000w, https:\/\/www.mes-allocs.fr\/guides\/wp-content\/uploads\/2022\/04\/Comment-demander-une-action-de-formation-conventionnee--e1650990579275-300x71.jpg 300w, https:\/\/www.mes-allocs.fr\/guides\/wp-content\/uploads\/2022\/04\/Comment-demander-une-action-de-formation-conventionnee--e1650990579275-768x182.jpg 768w, https:\/\/www.mes-allocs.fr\/guides\/wp-content\/uploads\/2022\/04\/Comment-demander-une-action-de-formation-conventionnee--e1650990579275-600x142.jpg 600w\" sizes=\"auto, (max-width: 1000px) 100vw, 1000px\" \/><\/b><\/p>\n<p style=\"text-align: justify;\"><b>L&rsquo;Action de Formation Conventionn\u00e9e s&rsquo;adresse aux\u00a0demandeurs d\u2019emploi poss\u00e9dant un faible niveau de qualification ou avec un projet de reconversion professionnelle. Il s&rsquo;agit d&rsquo;une <a href=\"https:\/\/www.mes-allocs.fr\/guides\/aide-formation\/\">aide \u00e0 la formation<\/a> de P\u00f4le Emploi. Alors, comment demander une action de formation conventionn\u00e9e ?<\/b><\/p>\n<div class='cta-block'><div class='text'>Simulez toutes vos aides en 2 min.<\/div><a href='https:\/\/www.mes-allocs.fr\/ab-app?origin=guides\/wp-json\/wp\/v2\/posts\/47934' class='app-button fit'>Simulation gratuite<\/a><\/div>\n<h1 style=\"text-align: justify;\">C&rsquo;est quoi l&rsquo;action de formation conventionn\u00e9e (AFC) ?<\/h1>\n<p style=\"text-align: justify;\">L&rsquo;action de formation conventionn\u00e9e correspond \u00e0 un nombre de places prise en charge par P\u00f4le emploi dans le cadre des march\u00e9s publics. Ces derni\u00e8res sont attribu\u00e9es\u00a0dans le cadre de la formation continue. <b>Ce dispositif vise \u00e0 faciliter le retour rapide \u00e0 l&rsquo;<a href=\"https:\/\/www.mes-allocs.fr\/guides\/aide-formation\/aif-aide-formation\/aif-pole-emploi\/\">emploi<\/a>. Les formations doivent combler un \u00e9cart entre les comp\u00e9tences d\u00e9tenues par les demandeurs d&#8217;emploi et les exigences du march\u00e9 du travail. <\/b>Ainsi, elles correspondent aux besoins de qualification en vue d\u2019une embauche.<\/p>\n<h1 id=\"menu-2\" style=\"text-align: justify;\">Qui peut b\u00e9n\u00e9ficier de l\u2019AFC ?<\/h1>\n<p style=\"text-align: justify;\"><b>L\u2019action de formation conventionn\u00e9e par P\u00f4le emploi s\u2019adresse aux :<\/b><\/p>\n<ul>\n<li style=\"text-align: justify;\">Demandeurs d emploi inscrits \u00e0 P\u00f4le emploi, indemnis\u00e9s ou non<\/li>\n<li style=\"text-align: justify;\">Jeunes de moins de 26 ans vis\u00e9s par le Plan d\u2018Investissement dans les <a href=\"https:\/\/www.mes-allocs.fr\/guides\/reconversion-professionnelle\/bilan-de-competences\/\">Comp\u00e9tences<\/a> (PIC), non-inscrits sur la liste des demandeurs d\u2019emploi et accompagn\u00e9s par les missions locales ou les Cap emploi dans le cadre du conseil en \u00e9volution professionnelle (CEP) : ils peuvent en b\u00e9n\u00e9ficier sous certaines conditions<\/li>\n<li style=\"text-align: justify;\">B\u00e9n\u00e9ficiaires du Contrat de S\u00e9curisation Professionnelle (CSP) : ils sont en mesure d&rsquo;en b\u00e9n\u00e9ficier lorsque les formations assurent un besoin sp\u00e9cifique de formation non couvert par d\u2019autres financements<\/li>\n<\/ul>\n<p><iframe loading=\"lazy\" title=\"Les aides \u00e0 la formation\" width=\"500\" height=\"281\" src=\"https:\/\/www.youtube.com\/embed\/gs3ZRHqtzmY?feature=oembed\" frameborder=\"0\" allow=\"accelerometer; autoplay; clipboard-write; encrypted-media; gyroscope; picture-in-picture; web-share\" referrerpolicy=\"strict-origin-when-cross-origin\" allowfullscreen><\/iframe><\/p>\n<h1 class=\"spip\" style=\"text-align: justify;\">Quelles sont les actions de formation concern\u00e9es par l&rsquo;AFC ?<\/h1>\n<p style=\"text-align: justify;\"><b>Afin de percevoir l&rsquo;AFC, l<span class=\"amp-wp-f6bf23d\" data-amp-original-style=\"text-decoration: underline;\">es formations doivent respecter les conditions suivantes<\/span>\u00a0:<\/b><\/p>\n<ul>\n<li style=\"text-align: justify;\"><b>\u00catre certifiantes<\/b> : elles doivent \u00eatre\u00a0reconnues par l\u2019\u00c9tat et r\u00e9f\u00e9renc\u00e9es dans les registres RNCP (R\u00e9pertoire National des Certifications Professionnelles) et RS (R\u00e9pertoire Sp\u00e9cifique)<\/li>\n<li style=\"text-align: justify;\"><b>\u00catre qualifiante<\/b> :\u00a0avec l\u2019obtention d\u2019un dipl\u00f4me de niveau<\/li>\n<li style=\"text-align: justify;\"><b>\u00catre professionnalisante<\/b> : elles doivent permettre\u00a0de d\u00e9velopper un niveau de comp\u00e9tences<\/li>\n<\/ul>\n<p style=\"text-align: justify;\"><b>Ces formations peuvent \u00eatre dispens\u00e9es \u00e0 temps complet ou temps partiel.<\/b> Vous pouvez les suivre en pr\u00e9sentiel, \u00e0 distance ou en mixe, c&rsquo;est-\u00e0-dire une partie en pr\u00e9sentiel et l&rsquo;autre \u00e0 distance. <b>Les actions de formation s\u00e9lectionn\u00e9es et financ\u00e9es par P\u00f4le emploi sont destin\u00e9es \u00e0 renforcer les comp\u00e9tences professionnelles des demandeurs d\u2019emploi en termes de :<\/b><\/p>\n<ul>\n<li style=\"text-align: justify;\"><b>Savoir-faire<\/b>\u00a0: savoir-faire techniques, <a href=\"https:\/\/www.mes-allocs.fr\/guides\/aide-formation\/compte-personnel-formation-cpf\/cpf-permis-conditions-montant-demarches-2021\/\">permis<\/a> C, D, FCOS, langues \u00e9trang\u00e8res, etc.<\/li>\n<li style=\"text-align: justify;\"><b>Dipl\u00f4mes<\/b>, notamment pour certaines activit\u00e9s\u00a0: aide \u00e0 domicile, travail aupr\u00e8s d\u2019enfants, etc.<\/li>\n<\/ul>\n<p style=\"text-align: justify;\"><b>Ce dispositif de financement est utile lors d\u2019une reconversion professionnelle dans un <a href=\"https:\/\/www.mes-allocs.fr\/guides\/allocations-familiales\/vacaf\/vacances-vacaf\/organismes-vacances-vacaf\/\">organisme<\/a> de formation ou pour obtenir certains certificats n\u00e9cessaires \u00e0 l\u2019emploi vis\u00e9<\/b> (permis de conduire, formation s\u00e9curit\u00e9, qualification en langues \u00e9trang\u00e8res, etc.).<\/p>\n<p style=\"text-align: justify;\"><b>L\u2019action de formation peut \u00eatre\u00a0:<\/b><\/p>\n<ul>\n<li style=\"text-align: justify;\"><b>Individuelle<\/b> : elle adapte le contenu de formation aux besoins sp\u00e9cifiques d\u2019un demandeur d\u2019emploi qui a rep\u00e9r\u00e9 une ou plusieurs offres d\u2019emploi requ\u00e9rant un compl\u00e9ment de qualification. Dans ce cas,\u00a0l&rsquo;AFC peut intervenir dans le cadre d\u2019un parcours de Validation des Acquis de l\u2019Exp\u00e9rience professionnelle (VAE) avec pour but une validation partielle de ses acquis, d\u2019acqu\u00e9rir la totalit\u00e9 de la certification recherch\u00e9e<\/li>\n<li style=\"text-align: justify;\"><b>Collective<\/b> : pour satisfaire des besoins en qualification non couverts par les dispositifs de formation existants. Les actions sont dispens\u00e9es en centre de formation<\/li>\n<\/ul>\n<h1 id=\"menu-4\" style=\"text-align: justify;\">Quel est le montant de l&rsquo;action de formation conventionn\u00e9e ?<\/h1>\n<p style=\"text-align: justify;\">P\u00f4le emploi finance le co\u00fbt total de fonctionnement de l\u2019action de formation en payant directement l&rsquo;organisme de formation. Ainsi, aucune participation financi\u00e8re ne vous est demand\u00e9e. <b>Le montant moyen de l\u2019Action de Formation Conventionn\u00e9e est de\u00a03\u00a0000 euros TTC pour une formation de\u00a0600 heures.<\/b><\/p>\n<h1 style=\"text-align: justify;\">Quelle est la r\u00e9mun\u00e9ration\u00a0pendant la formation\u00a0?<\/h1>\n<p style=\"text-align: justify;\">Lors de la formation conventionn\u00e9e P\u00f4le Emploi, vous poss\u00e9dez le statut de stagiaire de la formation professionnelle. <b>Ainsi, vous percevez soit :<\/b><\/p>\n<ul>\n<li style=\"text-align: justify;\"><b>L\u2019allocation d\u2019Aide au Retour \u00e0 l\u2019Emploi-Formation (ARE-F)<\/b>\u00a0si, au jour de l\u2019entr\u00e9e en stage, vous \u00e9tiez b\u00e9n\u00e9ficiaire de l\u2019allocation d\u2019Aide au Retour \u00e0 l\u2019Emploi (ARE)<\/li>\n<li style=\"text-align: justify;\"><b>La R\u00e9mun\u00e9ration Formation de P\u00f4le Emploi (RFPE)<\/b>, \u00e9quivalente au montant de la r\u00e9mun\u00e9ration des stagiaires du r\u00e9gime public (RSP), dans le cas contraire<\/li>\n<\/ul>\n<p style=\"text-align: justify;\">Ces deux r\u00e9mun\u00e9rations de stage sont vers\u00e9es par P\u00f4le emploi. <b>L\u2019AFC peut prendre en charge partiellement les frais de d\u00e9placement, d\u2019h\u00e9bergement et de repas <\/b>dans le cas ou votre reprise d\u2019emploi ou votre entr\u00e9e en formation se situe \u00e0 plus de 60 km ou \u00e0 2 heures de trajet aller-retour de votre r\u00e9sidence principale.<\/p>\n<h1 style=\"text-align: justify;\">Comment demander une action de formation conventionn\u00e9e ?<\/h1>\n<p style=\"text-align: justify;\">La d\u00e9marche de formation doit \u00eatre abord\u00e9e avec le conseiller P\u00f4le Emploi dans le cadre de votre Projet Personnalis\u00e9 d\u2019Acc\u00e8s \u00e0 l\u2019emploi (PPAE). <b>C&rsquo;est lui qui d\u00e9termine si l\u2019action de formation aide r\u00e9ellement \u00e0 votre r\u00e9insertion professionnelle.<\/b><\/p>\n<ul>\n<li style=\"text-align: justify;\">Vous devez\u00a0rep\u00e9rer l\u2019offre de formation avec le pictogramme \u00ab Financ\u00e9e par P\u00f4le emploi \u00bb depuis\u00a0pole-emploi.fr, service \u00ab Trouver ma formation \u00bb ou sur l\u2019application mobile<\/li>\n<li style=\"text-align: justify;\">Ensuite, il faut prendre rendez-vous avec l&rsquo;organisme de formation concern\u00e9e pour identifier vos besoins de d\u00e9veloppement de comp\u00e9tences et formaliser votre plan individualis\u00e9 de formation (PIF)<\/li>\n<li style=\"text-align: justify;\">\u00c0 la suite de ce rendez-vous, vous pouvez consulter le plan individualis\u00e9 de formation sur votre espace personnel sur pole-emploi.fr ou sur l\u2019application Ma formation. Si le parcours propos\u00e9 ne correspond pas \u00e0 votre \u00e9change avec l\u2019organisme de formation, vous pouvez contacter l&rsquo;organisme ou votre conseiller<\/li>\n<li style=\"text-align: justify;\">Enfin, vous entrez en formation en devenant stagiaire de la formation professionnelle et vous \u00eates r\u00e9mun\u00e9r\u00e9 pendant votre formation<\/li>\n<\/ul>\n<p style=\"text-align: justify;\"><b>\u00c0 savoir que durant toute la dur\u00e9e de la formation, vous devez continuer \u00e0 vous actualiser tous les mois sur pole-emploi.fr en d\u00e9clarant \u00eatre en formation.<\/b><\/p>\n<h1 style=\"text-align: justify;\">Rappel : P\u00f4le Emploi<b><\/b><\/h1>\n<p style=\"text-align: justify;\"><b>P\u00f4le Emploi est un \u00e9tablissement public administratif en charge de l\u2019emploi en France.<\/b> Il est n\u00e9 de la fusion de l\u2019ANPE et des ASSEDIC. La structure offre\u00a0aux demandeurs d\u2019emploi un interlocuteur unique. <b>Ce dernier met en place des mesures pour assurer un retour rapide sur le march\u00e9 du travail dans les meilleures conditions possibles.<\/b>\u00a0Si vous \u00eates inscrit au P\u00f4le emploi, vous pouvez b\u00e9n\u00e9ficier d\u2019une allocation ch\u00f4mage, mais aussi de diverses aides sp\u00e9cifiques \u00e0 votre situation.<\/p>\n<h2 id=\"Qui_peut_s\u2019inscrire_\u00e0_P\u00f4le_Emploi_?_Sous_quelles_conditions_?\" style=\"text-align: justify;\">Qui peut s\u2019inscrire \u00e0 P\u00f4le Emploi ?<\/h2>\n<p class=\"amp-wp-7d27179\" style=\"text-align: justify;\" data-amp-original-style=\"text-align: justify;\">Si vous \u00eates \u00e0 la recherche d\u2019un emploi ou si vous souhaitez faire valoir vos droits aux indemnit\u00e9s de ch\u00f4mage, plusieurs conditions sont n\u00e9cessaires pour pouvoir s\u2019inscrire \u00e0 P\u00f4le emploi. <b>Il faut :<\/b><\/p>\n<ul class=\"list-1\">\n<li style=\"text-align: justify;\">Rechercher un emploi<\/li>\n<li class=\"amp-wp-7d27179\" style=\"text-align: justify;\" data-amp-original-style=\"text-align: justify;\">\u00catre en capacit\u00e9 d\u2019acc\u00e9der l\u00e9galement au march\u00e9 du travail, c\u2019est-\u00e0-dire par exemple avoir plus de 16 ans pour les mineurs<\/li>\n<li style=\"text-align: justify;\">Pouvoir justifier de son identit\u00e9<\/li>\n<li style=\"text-align: justify;\">\u00catre en situation r\u00e9guli\u00e8re pour les \u00e9trangers<\/li>\n<li style=\"text-align: justify;\">\u00catre en capacit\u00e9 de justifier de son domicile<\/li>\n<\/ul>\n<h2 style=\"text-align: justify;\">Comment s&rsquo;inscrire \u00e0 P\u00f4le Emploi ?<\/h2>\n<p style=\"text-align: justify;\"><b>Pour vous inscrire comme demandeur d\u2019emploi, la demande se fait unique en ligne. Sur le site de P\u00f4le Emploi, vous pouvez acc\u00e9der au formulaire en cliquant sur le bouton \u00ab\u00a0m\u2019inscrire\/me r\u00e9inscrire \u00bb. <\/b>Cette inscription est obligatoire, il n\u2019y a pas d\u2019autre proc\u00e9dure pour s\u2019inscrire \u00e0 P\u00f4le emploi. Apr\u00e8s avoir rempli la page concernant vos donn\u00e9es personnelles, vous parvenez \u00e0 la page qui vous donne vos \u00ab codes d\u2019acc\u00e8s \u00bb. Votre espace personnel sera ainsi cr\u00e9\u00e9 et c\u2019est \u00e0 partir de celui-ci d\u00e9sormais que vous pourrez effectuer toutes vos d\u00e9marches \u00e0 P\u00f4le Emploi.<\/p>\n<div class='cta-block'><div class='text'>Simulez toutes vos aides en 2 min.<\/div><a href='https:\/\/www.mes-allocs.fr\/ab-app?origin=guides\/wp-json\/wp\/v2\/posts\/47934' class='app-button fit'>Simulation gratuite<\/a><\/div>\n","protected":false},"excerpt":{"rendered":"<p>L&rsquo;Action de Formation Conventionn\u00e9e s&rsquo;adresse aux\u00a0demandeurs d\u2019emploi poss\u00e9dant un faible niveau de qualification ou avec un projet de reconversion professionnelle. Il s&rsquo;agit d&rsquo;une aide \u00e0 la formation de P\u00f4le Emploi. Alors, comment demander une action de formation conventionn\u00e9e ? C&rsquo;est quoi l&rsquo;action de formation conventionn\u00e9e (AFC) ? L&rsquo;action de formation conventionn\u00e9e correspond \u00e0 un nombre [&hellip;]<\/p>\n","protected":false},"author":14,"featured_media":49478,"comment_status":"closed","ping_status":"open","sticky":false,"template":"","format":"standard","meta":{"amp_status":"","footnotes":""},"categories":[2045],"tags":[],"class_list":["post-47934","post","type-post","status-publish","format-standard","has-post-thumbnail","hentry","category-aide-formation"],"yoast_head":"<!-- This site is optimized with the Yoast SEO plugin v14.9 - https:\/\/yoast.com\/wordpress\/plugins\/seo\/ -->\n<title>Comment demander une action de formation conventionn\u00e9e ? | Mes-Allocs.fr<\/title>\n<meta name=\"description\" content=\"L&#039;AFC permet d\u2019acqu\u00e9rir les comp\u00e9tences attendues sur le march\u00e9 du travail. Alors, comment demander une action de formation conventionn\u00e9e ?\" \/>\n<meta name=\"robots\" content=\"index, follow, max-snippet:-1, max-image-preview:large, max-video-preview:-1\" \/>\n<link rel=\"canonical\" href=\"https:\/\/www.mes-allocs.fr\/guides\/aide-formation\/action-de-formation-conventionnee\/\" \/>\n<meta property=\"og:locale\" content=\"fr_FR\" \/>\n<meta property=\"og:type\" content=\"article\" \/>\n<meta property=\"og:title\" content=\"Comment demander une action de formation conventionn\u00e9e ? | Mes-Allocs.fr\" \/>\n<meta property=\"og:description\" content=\"L&#039;AFC permet d\u2019acqu\u00e9rir les comp\u00e9tences attendues sur le march\u00e9 du travail. Alors, comment demander une action de formation conventionn\u00e9e ?\" \/>\n<meta property=\"og:url\" content=\"https:\/\/www.mes-allocs.fr\/guides\/aide-formation\/action-de-formation-conventionnee\/\" \/>\n<meta property=\"og:site_name\" content=\"Mes-Allocs.fr\" \/>\n<meta property=\"article:published_time\" content=\"2022-04-27T08:47:29+00:00\" \/>\n<meta property=\"article:modified_time\" content=\"2025-07-16T09:01:58+00:00\" \/>\n<meta property=\"og:image\" content=\"https:\/\/www.mes-allocs.fr\/guides\/wp-content\/uploads\/2022\/04\/Comment-demander-une-action-de-formation-conventionnee-2.jpg?wsr\" \/>\n\t<meta property=\"og:image:width\" content=\"612\" \/>\n\t<meta property=\"og:image:height\" content=\"408\" \/>\n<meta name=\"twitter:card\" content=\"summary_large_image\" \/>\n<script type=\"application\/ld+json\" class=\"yoast-schema-graph\">{\"@context\":\"https:\/\/schema.org\",\"@graph\":[{\"@type\":\"WebSite\",\"@id\":\"https:\/\/www.mes-allocs.fr\/guides\/#website\",\"url\":\"https:\/\/www.mes-allocs.fr\/guides\/\",\"name\":\"Mes-Allocs.fr\",\"description\":\"\",\"potentialAction\":[{\"@type\":\"SearchAction\",\"target\":\"https:\/\/www.mes-allocs.fr\/guides\/?s={search_term_string}\",\"query-input\":\"required name=search_term_string\"}],\"inLanguage\":\"fr-FR\"},{\"@type\":\"ImageObject\",\"@id\":\"https:\/\/www.mes-allocs.fr\/guides\/aide-formation\/action-de-formation-conventionnee\/#primaryimage\",\"inLanguage\":\"fr-FR\",\"url\":\"https:\/\/www.mes-allocs.fr\/guides\/wp-content\/uploads\/2022\/04\/Comment-demander-une-action-de-formation-conventionnee-2.jpg?wsr\",\"width\":612,\"height\":408,\"caption\":\"Comment demander une action de formation conventionnee\"},{\"@type\":\"WebPage\",\"@id\":\"https:\/\/www.mes-allocs.fr\/guides\/aide-formation\/action-de-formation-conventionnee\/#webpage\",\"url\":\"https:\/\/www.mes-allocs.fr\/guides\/aide-formation\/action-de-formation-conventionnee\/\",\"name\":\"Comment demander une action de formation conventionn\\u00e9e ? | Mes-Allocs.fr\",\"isPartOf\":{\"@id\":\"https:\/\/www.mes-allocs.fr\/guides\/#website\"},\"primaryImageOfPage\":{\"@id\":\"https:\/\/www.mes-allocs.fr\/guides\/aide-formation\/action-de-formation-conventionnee\/#primaryimage\"},\"datePublished\":\"2022-04-27T08:47:29+00:00\",\"dateModified\":\"2025-07-16T09:01:58+00:00\",\"author\":{\"@id\":\"https:\/\/www.mes-allocs.fr\/guides\/#\/schema\/person\/a3de97298fd0ffc005ebdd5628b03ca8\"},\"description\":\"L'AFC permet d\\u2019acqu\\u00e9rir les comp\\u00e9tences attendues sur le march\\u00e9 du travail. Alors, comment demander une action de formation conventionn\\u00e9e ?\",\"inLanguage\":\"fr-FR\"},{\"@type\":\"Person\",\"@id\":\"https:\/\/www.mes-allocs.fr\/guides\/#\/schema\/person\/a3de97298fd0ffc005ebdd5628b03ca8\",\"name\":\"Marina Ada Ondo\",\"image\":{\"@type\":\"ImageObject\",\"@id\":\"https:\/\/www.mes-allocs.fr\/guides\/#personlogo\",\"inLanguage\":\"fr-FR\",\"url\":\"https:\/\/www.mes-allocs.fr\/guides\/wp-content\/uploads\/2022\/02\/Photo-de-profil-150x150.png\",\"caption\":\"Marina Ada Ondo\"},\"description\":\"Marina est r\\u00e9dactrice au sein de l'\\u00e9quipe Mes Allocs, sp\\u00e9cialis\\u00e9e sur les aides aux jeunes. Dipl\\u00f4m\\u00e9e de l'ISFJ, elle rejoint Mes Allocs apr\\u00e8s une premi\\u00e8re exp\\u00e9rience en communication chez Little Africa, une agence de communication \\u00e0 Paris. Sur son temps libre, Marina lit beaucoup et passe ses dimanches au mus\\u00e9e.\",\"sameAs\":[\"https:\/\/www.linkedin.com\/in\/marinaadaondo\/\"]}]}<\/script>\n<!-- \/ Yoast SEO plugin. -->","amp_validity":null,"acf":{"faq":{"1":{"question":"C'est quoi une formation conventionn\u00e9e ?","answer":"Une formation conventionn\u00e9e est une formation financ\u00e9e par un partenaire institutionnel, c'est-\u00e0-dire que les frais de formation sont enti\u00e8rement pris en charge par un financeur public. Il peut s'agir du Conseil R\u00e9gional, de P\u00f4le Emploi par exemple."},"2":{"question":"Comment financer une formation conventionn\u00e9e ?","answer":"Vous pouvez financer une formation conventionn\u00e9e avec vos droits CPF. Et si votre solde est insuffisant, vous pouvez demander une prise en charge par P\u00f4le emploi."},"3":{"question":"C'est quoi un AFC ?","answer":"L'Action de Formation Conventionn\u00e9e par P\u00f4le emploi (AFC) facilite le retour rapide \u00e0 l'emploi. Ces formations gratuites pour les demandeurs d'emploi sont financ\u00e9es par P\u00f4le Emploi et vous permettent d'acqu\u00e9rir les comp\u00e9tences attendues sur le march\u00e9 du travail."},"4":{"question":"Comment savoir si une formation est conventionn\u00e9e ?","answer":"P\u00f4le emploi ach\u00e8te r\u00e9guli\u00e8rement des places de formations dans diff\u00e9rents organismes de formation. Il s'agit d'actions conventionn\u00e9es par P\u00f4le emploi. Renseignez-vous aupr\u00e8s de votre conseiller r\u00e9f\u00e9rent pour savoir si des places financ\u00e9es sont pr\u00e9vues dans votre domaine."},"5":{"question":"Comment financer une formation non conventionn\u00e9e ?","answer":"Le formulaire de demande d'AIF est mis \u00e0 disposition des organismes de formation sur le site www.pole-emploi.org et le portail KAIROS. La demande doit \u00eatre d\u00e9pos\u00e9e 15 jours calendaires avant le d\u00e9but de la formation, sign\u00e9e par le responsable de l'organisme qui la dispense et par le demandeur d'emploi."},"6":{"question":"C'est quoi une formation collective ?","answer":"La formation collective va prendre en compte le groupe en tant que tel. Pour l'entreprise, c'est un gain de temps et d'argent parce que cela permet de concentrer le travail de formation dans un seul endroit, avec un seul formateur."},"7":{"question":"","answer":""},"8":{"question":"","answer":""},"9":{"question":"","answer":""},"10":{"question":"","answer":""},"11":{"question":"","answer":""},"12":{"question":"","answer":""},"13":{"question":"","answer":""},"14":{"question":"","answer":""},"15":{"question":"","answer":""},"16":{"question":"","answer":""}}},"_links":{"self":[{"href":"https:\/\/www.mes-allocs.fr\/guides\/wp-json\/wp\/v2\/posts\/47934","targetHints":{"allow":["GET"]}}],"collection":[{"href":"https:\/\/www.mes-allocs.fr\/guides\/wp-json\/wp\/v2\/posts"}],"about":[{"href":"https:\/\/www.mes-allocs.fr\/guides\/wp-json\/wp\/v2\/types\/post"}],"author":[{"embeddable":true,"href":"https:\/\/www.mes-allocs.fr\/guides\/wp-json\/wp\/v2\/users\/14"}],"replies":[{"embeddable":true,"href":"https:\/\/www.mes-allocs.fr\/guides\/wp-json\/wp\/v2\/comments?post=47934"}],"version-history":[{"count":9,"href":"https:\/\/www.mes-allocs.fr\/guides\/wp-json\/wp\/v2\/posts\/47934\/revisions"}],"predecessor-version":[{"id":102329,"href":"https:\/\/www.mes-allocs.fr\/guides\/wp-json\/wp\/v2\/posts\/47934\/revisions\/102329"}],"wp:featuredmedia":[{"embeddable":true,"href":"https:\/\/www.mes-allocs.fr\/guides\/wp-json\/wp\/v2\/media\/49478"}],"wp:attachment":[{"href":"https:\/\/www.mes-allocs.fr\/guides\/wp-json\/wp\/v2\/media?parent=47934"}],"wp:term":[{"taxonomy":"category","embeddable":true,"href":"https:\/\/www.mes-allocs.fr\/guides\/wp-json\/wp\/v2\/categories?post=47934"},{"taxonomy":"post_tag","embeddable":true,"href":"https:\/\/www.mes-allocs.fr\/guides\/wp-json\/wp\/v2\/tags?post=47934"}],"curies":[{"name":"wp","href":"https:\/\/api.w.org\/{rel}","templated":true}]}}