{"id":47864,"date":"2022-04-04T15:31:51","date_gmt":"2022-04-04T13:31:51","guid":{"rendered":"https:\/\/www.mes-allocs.fr\/guides\/?p=47864"},"modified":"2025-07-01T15:35:09","modified_gmt":"2025-07-01T13:35:09","slug":"aide-formation-chomeur","status":"publish","type":"post","link":"https:\/\/www.mes-allocs.fr\/guides\/aide-par-situation\/aide-chomeur\/aide-formation-chomeur\/","title":{"rendered":"Quelles sont les aides \u00e0 la formation pour ch\u00f4meur ?"},"content":{"rendered":"<p><img loading=\"lazy\" decoding=\"async\" class=\"alignnone wp-image-47893 \" title=\"Quelles sont les aides a la formation pour chomeur\" src=\"https:\/\/www.mes-allocs.fr\/guides\/wp-content\/uploads\/2022\/04\/Quelles-sont-les-aides-a-la-formation-pour-chomeur--e1648832581409.jpg\" alt=\"Quelles sont les aides a la formation pour chomeur\" width=\"1460\" height=\"346\" srcset=\"https:\/\/www.mes-allocs.fr\/guides\/wp-content\/uploads\/2022\/04\/Quelles-sont-les-aides-a-la-formation-pour-chomeur--e1648832581409.jpg 1000w, https:\/\/www.mes-allocs.fr\/guides\/wp-content\/uploads\/2022\/04\/Quelles-sont-les-aides-a-la-formation-pour-chomeur--e1648832581409-300x71.jpg 300w, https:\/\/www.mes-allocs.fr\/guides\/wp-content\/uploads\/2022\/04\/Quelles-sont-les-aides-a-la-formation-pour-chomeur--e1648832581409-768x182.jpg 768w, https:\/\/www.mes-allocs.fr\/guides\/wp-content\/uploads\/2022\/04\/Quelles-sont-les-aides-a-la-formation-pour-chomeur--e1648832581409-600x142.jpg 600w\" sizes=\"auto, (max-width: 1460px) 100vw, 1460px\" \/><\/p>\n<p style=\"text-align: justify;\"><b>En France, P\u00f4le emploi a pour mission de donner \u00e0 chaque demandeur d&#8217;emploi la possibilit\u00e9 de trouver ou retrouver un emploi. Remettre \u00e0 niveau des comp\u00e9tences, payer les frais p\u00e9dagogiques, etc.,\u00a0<span class=\"amp-wp-cc68ddc\" data-amp-original-style=\"color: #ff0000;\">il existe diff\u00e9rentes aides \u00e0 la formation\u00a0<\/span>attribu\u00e9es selon les <a href=\"https:\/\/www.mes-allocs.fr\/guides\/aides-par-situation\/\">situations<\/a>. Alors, quelles sont les aides formation chomeur ?<\/b><\/p>\n<hr style=\"text-align: justify;\" \/>\n<h1 id=\"Aide_individuelle_\u00e0_la_formation_propos\u00e9e_par_P\u00f4le_Emploi\" class=\"amp-wp-7d27179\" style=\"text-align: justify;\" data-amp-original-style=\"text-align: justify;\">L&rsquo;Aide Individuelle \u00e0 la Formation (AIF)<\/h1>\n<p style=\"text-align: justify;\"><a href=\"https:\/\/www.mes-allocs.fr\/guides\/aide-formation\/aif-aide-formation\/aif\/\">L&rsquo;Aide Individuelle \u00e0 la Formation<\/a> est une allocation de P\u00f4le Emploi en partenariat avec les r\u00e9gions. <b>Cette prestation permet de financer\u00a0le mat\u00e9riel n\u00e9cessaire \u00e0 la formation ainsi que les frais d\u2019inscription \u00e0 des concours.<\/b>\u00a0Elle est destin\u00e9e aux <a href=\"https:\/\/www.mes-allocs.fr\/guides\/aide-par-situation\/aide-chomeur\/prime-de-noel-chomeur\/\">demandeurs d&#8217;emploi<\/a>, mais aussi aux b\u00e9n\u00e9ficiaires d&rsquo;un contrat de s\u00e9curisation professionnelle (CSP) ou encore le contrat de reclassement professionnel (CRP). <b>Afin d&rsquo;en b\u00e9n\u00e9ficier, vous devez contacter votre conseiller P\u00f4le emploi.\u00a0<\/b><\/p>\n<p style=\"text-align: justify;\">Le montant de l\u2019aide individuelle \u00e0 la formation varie selon chaque b\u00e9n\u00e9ficiaire. <b>Il doit correspondre au co\u00fbt de la formation sans d\u00e9passer 8 000 euros. Dans le cas d\u2019un contrat de s\u00e9curisation professionnelle, l\u2019aide ne peut exc\u00e9der 5 000 euros.\u00a0<\/b><\/p>\n<h1 style=\"text-align: justify;\">L&rsquo;Action de Formation Pr\u00e9alable au Recrutement (AFPR)<\/h1>\n<p style=\"text-align: justify;\"><b>Il s&rsquo;agit d&rsquo;une <a href=\"https:\/\/www.mes-allocs.fr\/guides\/aide-formation\/l-afpr\/\">allocation<\/a> qui permet de b\u00e9n\u00e9ficier d\u2019une formation qui a pour but de r\u00e9pondre aux exigences d&rsquo;un poste.<\/b> Afin de percevoir l&rsquo;aide, les ch\u00f4meurs doivent avoir re\u00e7u une proposition d\u2019emploi en CDD (de 6 \u00e0 12 mois), en int\u00e9rim (pendant 6 mois au cours des 9 mois suivant la formation) ou en contrat de professionnalisation (12 mois au maximum).<\/p>\n<p style=\"text-align: justify;\"><b>Le montant de l\u2019aide varie selon le prix et les modalit\u00e9s de la formation :<\/b><\/p>\n<ul class=\"list-1\">\n<li style=\"text-align: justify;\"><b>Si la formation est dispens\u00e9e en interne dans l\u2019entreprise<\/b> : le montant de l\u2019aide est plafonn\u00e9 \u00e0 cinq euros net par heure de formation (et 2.000 euros au total)<\/li>\n<li class=\"amp-wp-7d27179\" style=\"text-align: justify;\" data-amp-original-style=\"text-align: justify;\"><b>Si la formation est dispens\u00e9e par un organisme externe<\/b> <b>\u00e0 l\u2019entreprise<\/b> : l\u2019aide est de 8 euros net par heure de formation au maximum (plafond de 3 200 euros au total)<\/li>\n<\/ul>\n<h1 id=\"3r4oh\" style=\"text-align: justify;\">La Pr\u00e9paration Op\u00e9rationnelle \u00e0 l\u2019Emploi (POE)<\/h1>\n<p style=\"text-align: justify;\"><b>Cette allocation a pour objectif de former le b\u00e9n\u00e9ficiaire pour r\u00e9pondre sp\u00e9cifiquement au besoin d\u2019un employeur.<\/b> Ce dernier doit s\u2019engager \u00e0 embaucher le demandeur d\u2019emploi en CDI, en CDD d\u2019au moins 12 mois, ou bien en contrat d\u2019alternance (professionnalisation ou apprentissage) d\u2019au moins 12 mois.<\/p>\n<p style=\"text-align: justify;\"><b>Les modalit\u00e9s de financement sont les m\u00eames que dans le cadre de l\u2019AFPR\u00a0:<\/b><\/p>\n<ul>\n<li style=\"text-align: justify;\"><b>Si la formation est assur\u00e9e en interne<\/b> : le montant de l\u2019aide est limit\u00e9 \u00e0 5 euros net par heure, avec un plafond global de 2.000 euros<\/li>\n<li style=\"text-align: justify;\"><b>Si la formation est assur\u00e9e en externe<\/b> : le montant est de 8 euros net par heure au maximum, dans la limite de 3 200 euros.<\/li>\n<\/ul>\n<h1 id=\"R\u00e9mun\u00e9ration_de_Formation_P\u00f4le_Emploi\" class=\"amp-wp-7d27179\" style=\"text-align: justify;\" data-amp-original-style=\"text-align: justify;\"><span class=\"amp-wp-e98f482\" data-amp-original-style=\"color: #c43b3b;\">La R\u00e9mun\u00e9ration de Formation France Travail<\/span><span class=\"amp-wp-e98f482\" data-amp-original-style=\"color: #c43b3b;\"> (RFFT)<\/span><\/h1>\n<p style=\"text-align: justify;\"><b>Il s&rsquo;agit d&rsquo;une prestation qui permet de percevoir une allocation pendant le temps consacr\u00e9 \u00e0 une formation <img loading=\"lazy\" decoding=\"async\" class=\"size-medium wp-image-47895 alignright\" title=\"Quelles sont les aides a la formation pour chomeur\" src=\"https:\/\/www.mes-allocs.fr\/guides\/wp-content\/uploads\/2022\/04\/Quelles-sont-les-aides-a-la-formation-pour-chomeur-3-300x200.jpg\" alt=\"Quelles sont les aides a la formation pour chomeur\" width=\"300\" height=\"200\" srcset=\"https:\/\/www.mes-allocs.fr\/guides\/wp-content\/uploads\/2022\/04\/Quelles-sont-les-aides-a-la-formation-pour-chomeur-3-300x200.jpg 300w, https:\/\/www.mes-allocs.fr\/guides\/wp-content\/uploads\/2022\/04\/Quelles-sont-les-aides-a-la-formation-pour-chomeur-3-600x400.jpg 600w, https:\/\/www.mes-allocs.fr\/guides\/wp-content\/uploads\/2022\/04\/Quelles-sont-les-aides-a-la-formation-pour-chomeur-3.jpg 612w\" sizes=\"auto, (max-width: 300px) 100vw, 300px\" \/>conventionn\u00e9e par France Travail.<\/b> Cette formation doit \u00eatre en ad\u00e9quation avec votre Projet personnalis\u00e9 d\u2019acc\u00e8s \u00e0 l\u2019emploi (PPAE). Le dispositif s\u2019adresse aux ch\u00f4meurs qui ne remplissent pas les conditions pour b\u00e9n\u00e9ficier de l\u2019ARE, ou qui sont arriv\u00e9s en fin de droits.<\/p>\n<p style=\"text-align: justify;\"><b>Dans le cadre d\u2019une formation suivie \u00e0 temps complet, le montant maximum de cette aide est de 756,63 euros par mois. Dans le cas d\u2019un travailleur handicap\u00e9, ce montant mensuel peut s\u2019\u00e9lever \u00e0 2134,61 euros.\u00a0<\/b><\/p>\n<h1 id=\"Aides_\u00e0_la_mobilit\u00e9_en_faveur_de_la_formation_de_P\u00f4le_Emploi\" class=\"amp-wp-102b7f8\" style=\"text-align: justify;\" data-amp-original-style=\"text-align: left;\">L\u2019Aide \u00e0 la mobilit\u00e9 pour la formation professionnelle<\/h1>\n<p style=\"text-align: justify;\"><b>P\u00f4le Emploi prend en charge\u00a0les frais de d\u00e9placement, d\u2019h\u00e9bergement et de restauration du ch\u00f4meur amen\u00e9 \u00e0 suivre une formation pour compl\u00e9ter ses comp\u00e9tences.<\/b> La prise en charge peut \u00eatre partielle ou totale. <b>Cette aide concerne les formations qui sont dispens\u00e9es dans un lieu situ\u00e9 \u00e0 plus de 60 kilom\u00e8tres,<\/b> aller-retour \u00e0 partir de la r\u00e9sidence principale du b\u00e9n\u00e9ficiaire.<\/p>\n<p style=\"text-align: justify;\"><b>La prise en charge financi\u00e8re maximale est de 5 000 euros par ann\u00e9e de formation.<\/b>\u00a0Ce montant prend en compte le cumul des aides pour l\u2019h\u00e9bergement, la restauration et pour les d\u00e9placements. Le versement de l\u2019aide mobilit\u00e9 formation est soumis \u00e0 la condition de votre assiduit\u00e9 \u00e0 la formation.<\/p>\n<h1 style=\"text-align: justify;\">Les formations en ligne Open Classrooms<\/h1>\n<p class=\"amp-wp-7d27179\" style=\"text-align: justify;\" data-amp-original-style=\"text-align: justify;\">Le site Open Classrooms\u00a0propose \u00e0 ses utilisateurs diff\u00e9rents cours en ligne. <b>Ces cours sont sp\u00e9cialis\u00e9s dans l\u2019informatique et concernent principalement le d\u00e9veloppement WEB et la cr\u00e9ation<\/b>.\u00a0Les demandeurs d\u2019emploi, qu\u2019ils soient indemnis\u00e9s au titre de l&rsquo;ARE ou non, b\u00e9n\u00e9ficient d\u2019un acc\u00e8s privil\u00e9gi\u00e9 \u00e0 la plateforme gr\u00e2ce au Pass premium. <b>Cet acc\u00e8s est offert pendant 3 mois.<\/b><\/p>\n<p class=\"amp-wp-7d27179\" style=\"text-align: justify;\" data-amp-original-style=\"text-align: justify;\">Durant les mois de formation gratuite, les b\u00e9n\u00e9ficiaires peuvent acc\u00e9der \u00e0 des formations dans le domaine du digital, d\u2019exercices corrig\u00e9s, d\u2019\u00e9valuations et de conseils.\u00a0<b>L&rsquo;inscription payante de 20 euros par mois est prise en charge par P\u00f4le Emploi.<\/b><\/p>\n<h1 style=\"text-align: justify;\"><span class=\"amp-wp-e98f482\" data-amp-original-style=\"color: #c43b3b;\">La R\u00e9mun\u00e9ration de Fin de Formation (RFF)<\/span><\/h1>\n<p style=\"text-align: justify;\"><b>La r\u00e9mun\u00e9ration de fin de formation est une aide financi\u00e8re destin\u00e9e aux ch\u00f4meurs. Elle permet de se former lorsque la dur\u00e9e pr\u00e9vue pour la formation est plus importante que la dur\u00e9e des droits \u00e0 l\u2019ARE ou \u00e0 l\u2019ASP.\u00a0<\/b><\/p>\n<p style=\"text-align: justify;\">L&rsquo;allocation permet de r\u00e9mun\u00e9rer le b\u00e9n\u00e9ficiaire jusqu\u2019\u00e0 la fin de sa formation. <b>L\u2019Allocation de fin de formation est vers\u00e9e par P\u00f4le Emploi dans la limite de 3 ans au maximum. Son montant ne peut \u00eatre sup\u00e9rieur \u00e0 723,36 euros par mois.<\/b><\/p>\n<h1 id=\"L\u2019action_de_formation_conventionn\u00e9e\" class=\"amp-wp-7d27179\" style=\"text-align: justify;\" data-amp-original-style=\"text-align: justify;\"><span class=\"amp-wp-e98f482\" data-amp-original-style=\"color: #c43b3b;\">L\u2019Action de Formation Conventionn\u00e9e (AFC)<\/span><\/h1>\n<p class=\"amp-wp-7d27179\" style=\"text-align: justify;\" data-amp-original-style=\"text-align: justify;\"><b>L\u2019Action de formation conventionn\u00e9e permet de faciliter un retour rapide \u00e0 l\u2019emploi \u00e0 l\u2019aide d\u2019une formation.<\/b> C&rsquo;est une aide attribu\u00e9e par P\u00f4le Emploi lorsque les besoins du march\u00e9 du travail ne correspondent pas aux comp\u00e9tences du ch\u00f4meur.<\/p>\n<p class=\"amp-wp-7d27179\" style=\"text-align: justify;\" data-amp-original-style=\"text-align: justify;\"><b>Cette formation peut \u00eatre dispens\u00e9e dans un centre de formation \u00eatre suivie de fa\u00e7on individuelle.<\/b> Elle peut concerner par exemple le permis poids lourds ou le dipl\u00f4me du BAFA (Brevet d\u2019aptitude aux fonctions d\u2019animateur). Vous pouvez percevoir une indemnisation pour une telle formation (la RFPE).<\/p>\n<h1 style=\"text-align: justify;\" data-amp-original-style=\"text-align: justify;\">La Validation des Acquis de l&rsquo;Exp\u00e9rience (VAE)<\/h1>\n<p style=\"text-align: justify;\" data-amp-original-style=\"text-align: justify;\"><b>La Validation des Acquis de l&rsquo;Exp\u00e9rience a pour but d&rsquo;aider les demandeurs d&#8217;emploi \u00e0 obtenir un dipl\u00f4me en faisant reconna\u00eetre les comp\u00e9tences professionnelles acquises au travail.<\/b> Il s&rsquo;agit d&rsquo;un dispositif d&rsquo;accompagnement financier d\u00e9livr\u00e9 par P\u00f4le Emploi.<\/p>\n<p style=\"text-align: justify;\" data-amp-original-style=\"text-align: justify;\">En effet, la structure peut prendre en charge une partie des frais d\u2019inscription et d\u2019autres frais comme la restauration ou l\u2019h\u00e9bergement. <b>Les frais li\u00e9s directement \u00e0 la validation des acquis de l\u2019exp\u00e9rience, comme les frais de constitution du jury, de timbres ou l\u2019achat de mat\u00e9riel par exemple, entrent \u00e9galement dans la prise en charge.<\/b><\/p>\n<p style=\"text-align: justify;\" data-amp-original-style=\"text-align: justify;\">Cette aide financi\u00e8re est vers\u00e9e en une fois, et varie en fonction de votre r\u00e9gion. <b>Le montant\u00a0\u00e9quivaut g\u00e9n\u00e9ralement \u00e0 une somme de 640 euros.<\/b> Cette prise en charge vient en compl\u00e9ment de l\u2019aide accord\u00e9e par tout organisme de formation ou par le conseil r\u00e9gional.<\/p>\n<h1 style=\"text-align: justify;\" data-amp-original-style=\"text-align: justify;\">Le Parcours Emploi Comp\u00e9tences (PEC)<\/h1>\n<p style=\"text-align: justify;\" data-amp-original-style=\"text-align: justify;\"><b>Ce contrat vise \u00e0 aider \u00e0 favoriser l\u2019embauche et la formation de personnes sans emploi.<\/b> D\u2019une dur\u00e9e de\u00a09 mois \u00e0<b><img loading=\"lazy\" decoding=\"async\" class=\"size-medium wp-image-47896 alignright\" title=\"Quelles sont les aides a la formation pour chomeur\" src=\"https:\/\/www.mes-allocs.fr\/guides\/wp-content\/uploads\/2022\/04\/Quelles-sont-les-aides-a-la-formation-pour-chomeur-4-1-300x169.jpg\" alt=\"Quelles sont les aides a la formation pour chomeur\" width=\"300\" height=\"169\" srcset=\"https:\/\/www.mes-allocs.fr\/guides\/wp-content\/uploads\/2022\/04\/Quelles-sont-les-aides-a-la-formation-pour-chomeur-4-1-300x169.jpg 300w, https:\/\/www.mes-allocs.fr\/guides\/wp-content\/uploads\/2022\/04\/Quelles-sont-les-aides-a-la-formation-pour-chomeur-4-1-600x337.jpg 600w, https:\/\/www.mes-allocs.fr\/guides\/wp-content\/uploads\/2022\/04\/Quelles-sont-les-aides-a-la-formation-pour-chomeur-4-1.jpg 612w\" sizes=\"auto, (max-width: 300px) 100vw, 300px\" \/><\/b> un an, il permet au salari\u00e9 concern\u00e9 de b\u00e9n\u00e9ficier d\u2019un accompagnement sp\u00e9cifique et de d\u00e9velopper des comp\u00e9tences. Pour l\u2019employeur, le PEC ouvre droit \u00e0 des aides financi\u00e8res.<\/p>\n<p style=\"text-align: justify;\" data-amp-original-style=\"text-align: justify;\"><b>Durant toute la dur\u00e9e de votre contrat PEC, votre salaire ne peut \u00eatre inf\u00e9rieur au Smic horaire brut\u00a0multipli\u00e9 par le nombre d\u2019heures que vous effectuez\u00a0ou au minimum conventionnel en vigueur dans votre entreprise si ce montant est plus avantageux.<\/b><\/p>\n<h1 id=\"L\u2019allocation_d\u2019aide_au_retour_\u00e0_l\u2019emploi_formation\" style=\"text-align: justify;\"><span class=\"amp-wp-e98f482\" data-amp-original-style=\"color: #c43b3b;\">L\u2019Allocation d\u2019Aide au Retour \u00e0 l\u2019Emploi Formation (ARE-F)\u00a0<\/span><\/h1>\n<p style=\"text-align: justify;\"><b>Cette aide est adress\u00e9e aux demandeurs d\u2019emploi qui per\u00e7oivent l\u2019ARE et qui suivent une formation valid\u00e9e par P\u00f4le Emploi dans le cadre de leur PPAE. <\/b><\/p>\n<p style=\"text-align: justify;\"><b>Le montant brut de l\u2019AREF est \u00e9gal au montant brut de l\u2019ARE que vous percevez. Son montant net ne peut descendre en dessous de 32,13 euros par jour.<\/b> Si vous avez \u00e9puis\u00e9 vos droits \u00e0 l\u2019AREF, il est possible que l\u2019Allocation de fin de droits prenne le relais.<\/p>\n<h1 id=\"Le_compte_personnel_de_formation_(CPF)\" style=\"text-align: justify;\"><span class=\"amp-wp-e98f482\" data-amp-original-style=\"color: #c43b3b;\">Le Compte Personnel de Formation (CPF)<\/span><\/h1>\n<p class=\"amp-wp-7d27179\" style=\"text-align: justify;\" data-amp-original-style=\"text-align: justify;\">Le Compte Personnel de Formation (CPF) a remplac\u00e9 en 2015 le Droit Individuel \u00e0 la Formation (DIF). Il concerne les personnes engag\u00e9es dans la vie active. <b>En effet, votre emploi vous permet de cr\u00e9diter votre espace personnel \u00e0 hauteur de 15 euros par heure.<\/b> Celui-ci vous permet ainsi de financer des formations tout au long de votre parcours professionnel.<\/p>\n<p style=\"text-align: justify;\" data-amp-original-style=\"text-align: justify;\"><b>Pour utiliser votre CPF et financer une formation qui aura lieu sur votre temps de travail,\u00a0vous devez demander l\u2019autorisation de votre employeur et respecter certains d\u00e9lais<\/b><\/p>\n<p class=\"amp-wp-7d27179\" style=\"text-align: justify;\" data-amp-original-style=\"text-align: justify;\">Salari\u00e9, travailleur ind\u00e9pendant ou \u00e0 la recherche d\u2019un emploi, <b>vous pouvez utiliser votre CPF afin d\u2019entamer une formation certifiante ou un bilan de comp\u00e9tences gratuit.<\/b><\/p>\n","protected":false},"excerpt":{"rendered":"<p>En France, P\u00f4le emploi a pour mission de donner \u00e0 chaque demandeur d&#8217;emploi la possibilit\u00e9 de trouver ou retrouver un emploi. Remettre \u00e0 niveau des comp\u00e9tences, payer les frais p\u00e9dagogiques, etc.,\u00a0il existe diff\u00e9rentes aides \u00e0 la formation\u00a0attribu\u00e9es selon les situations. Alors, quelles sont les aides formation chomeur ? L&rsquo;Aide Individuelle \u00e0 la Formation (AIF) L&rsquo;Aide [&hellip;]<\/p>\n","protected":false},"author":14,"featured_media":47894,"comment_status":"closed","ping_status":"open","sticky":false,"template":"","format":"standard","meta":{"amp_status":"","footnotes":""},"categories":[16813,14320],"tags":[],"class_list":["post-47864","post","type-post","status-publish","format-standard","has-post-thumbnail","hentry","category-aide-chomeur","category-aide-par-situation"],"yoast_head":"<!-- This site is optimized with the Yoast SEO plugin v14.9 - https:\/\/yoast.com\/wordpress\/plugins\/seo\/ -->\n<title>Quelles sont les aides \u00e0 la formation pour ch\u00f4meur ? | Mes-Allocs.fr<\/title>\n<meta name=\"description\" content=\"En France, il existe diff\u00e9rentes aides \u00e0 la formation\u00a0attribu\u00e9es selon les situations. Alors, quelles sont les aides formation chomeur ?\" \/>\n<meta name=\"robots\" content=\"index, follow, max-snippet:-1, max-image-preview:large, max-video-preview:-1\" \/>\n<link rel=\"canonical\" href=\"https:\/\/www.mes-allocs.fr\/guides\/aide-par-situation\/aide-chomeur\/aide-formation-chomeur\/\" \/>\n<meta property=\"og:locale\" content=\"fr_FR\" \/>\n<meta property=\"og:type\" content=\"article\" \/>\n<meta property=\"og:title\" content=\"Quelles sont les aides \u00e0 la formation pour ch\u00f4meur ? | Mes-Allocs.fr\" \/>\n<meta property=\"og:description\" content=\"En France, il existe diff\u00e9rentes aides \u00e0 la formation\u00a0attribu\u00e9es selon les situations. Alors, quelles sont les aides formation chomeur ?\" \/>\n<meta property=\"og:url\" content=\"https:\/\/www.mes-allocs.fr\/guides\/aide-par-situation\/aide-chomeur\/aide-formation-chomeur\/\" \/>\n<meta property=\"og:site_name\" content=\"Mes-Allocs.fr\" \/>\n<meta property=\"article:published_time\" content=\"2022-04-04T13:31:51+00:00\" \/>\n<meta property=\"article:modified_time\" content=\"2025-07-01T13:35:09+00:00\" \/>\n<meta property=\"og:image\" content=\"https:\/\/www.mes-allocs.fr\/guides\/wp-content\/uploads\/2022\/04\/Quelles-sont-les-aides-a-la-formation-pour-chomeur-4.jpg?wsr\" \/>\n\t<meta property=\"og:image:width\" content=\"612\" \/>\n\t<meta property=\"og:image:height\" content=\"406\" \/>\n<meta name=\"twitter:card\" content=\"summary_large_image\" \/>\n<script type=\"application\/ld+json\" class=\"yoast-schema-graph\">{\"@context\":\"https:\/\/schema.org\",\"@graph\":[{\"@type\":\"WebSite\",\"@id\":\"https:\/\/www.mes-allocs.fr\/guides\/#website\",\"url\":\"https:\/\/www.mes-allocs.fr\/guides\/\",\"name\":\"Mes-Allocs.fr\",\"description\":\"\",\"potentialAction\":[{\"@type\":\"SearchAction\",\"target\":\"https:\/\/www.mes-allocs.fr\/guides\/?s={search_term_string}\",\"query-input\":\"required name=search_term_string\"}],\"inLanguage\":\"fr-FR\"},{\"@type\":\"ImageObject\",\"@id\":\"https:\/\/www.mes-allocs.fr\/guides\/aide-par-situation\/aide-chomeur\/aide-formation-chomeur\/#primaryimage\",\"inLanguage\":\"fr-FR\",\"url\":\"https:\/\/www.mes-allocs.fr\/guides\/wp-content\/uploads\/2022\/04\/Quelles-sont-les-aides-a-la-formation-pour-chomeur-4.jpg?wsr\",\"width\":612,\"height\":406,\"caption\":\"Quelles sont les aides a la formation pour chomeur\"},{\"@type\":\"WebPage\",\"@id\":\"https:\/\/www.mes-allocs.fr\/guides\/aide-par-situation\/aide-chomeur\/aide-formation-chomeur\/#webpage\",\"url\":\"https:\/\/www.mes-allocs.fr\/guides\/aide-par-situation\/aide-chomeur\/aide-formation-chomeur\/\",\"name\":\"Quelles sont les aides \\u00e0 la formation pour ch\\u00f4meur ? | Mes-Allocs.fr\",\"isPartOf\":{\"@id\":\"https:\/\/www.mes-allocs.fr\/guides\/#website\"},\"primaryImageOfPage\":{\"@id\":\"https:\/\/www.mes-allocs.fr\/guides\/aide-par-situation\/aide-chomeur\/aide-formation-chomeur\/#primaryimage\"},\"datePublished\":\"2022-04-04T13:31:51+00:00\",\"dateModified\":\"2025-07-01T13:35:09+00:00\",\"author\":{\"@id\":\"https:\/\/www.mes-allocs.fr\/guides\/#\/schema\/person\/a3de97298fd0ffc005ebdd5628b03ca8\"},\"description\":\"En France, il existe diff\\u00e9rentes aides \\u00e0 la formation\\u00a0attribu\\u00e9es selon les situations. Alors, quelles sont les aides formation chomeur ?\",\"inLanguage\":\"fr-FR\"},{\"@type\":\"Person\",\"@id\":\"https:\/\/www.mes-allocs.fr\/guides\/#\/schema\/person\/a3de97298fd0ffc005ebdd5628b03ca8\",\"name\":\"Marina Ada Ondo\",\"image\":{\"@type\":\"ImageObject\",\"@id\":\"https:\/\/www.mes-allocs.fr\/guides\/#personlogo\",\"inLanguage\":\"fr-FR\",\"url\":\"https:\/\/www.mes-allocs.fr\/guides\/wp-content\/uploads\/2022\/02\/Photo-de-profil-150x150.png\",\"caption\":\"Marina Ada Ondo\"},\"description\":\"Marina est r\\u00e9dactrice au sein de l'\\u00e9quipe Mes Allocs, sp\\u00e9cialis\\u00e9e sur les aides aux jeunes. Dipl\\u00f4m\\u00e9e de l'ISFJ, elle rejoint Mes Allocs apr\\u00e8s une premi\\u00e8re exp\\u00e9rience en communication chez Little Africa, une agence de communication \\u00e0 Paris. Sur son temps libre, Marina lit beaucoup et passe ses dimanches au mus\\u00e9e.\",\"sameAs\":[\"https:\/\/www.linkedin.com\/in\/marinaadaondo\/\"]}]}<\/script>\n<!-- \/ Yoast SEO plugin. -->","amp_validity":null,"acf":{"faq":{"1":{"question":"\ud83e\udd37\u200d\u2640\ufe0fQuels sont les aides financi\u00e8res pendant une formation ?","answer":"Les aides financi\u00e8res pendant une formation sont : l'Allocation d'Aide au Retour \u00e0 l'Emploi (ARE), l'Allocation Sp\u00e9cifique de Reclassement (ASR), l'Allocation Convention de Reclassement Personnalis\u00e9 (CRP), l'Allocation en contrat de Transition Professionnelle (ATP), l'Allocation de s\u00e9curisation professionnelle (ASP), etc. "},"2":{"question":"\ud83e\udd14Comment se faire financer une formation quand on est demandeur d'emploi ?","answer":"P\u00f4le Emploi, la r\u00e9gion, le d\u00e9partement, la CAF, etc. peuvent financer, sous certaines conditions, une formation professionnelle n\u00e9cessaire \u00e0 la reprise d'un emploi pour le demandeur d'emploi."},"3":{"question":"\ud83e\udd1dQuelles sont les aides pour les ch\u00f4meurs ?","answer":"En fonction de leur \u00e2ge et de leur situation personnelle, les demandeurs d'emploi peuvent b\u00e9n\u00e9ficier de plusieurs aides : l'Aide de retour \u00e0 l'emploi (ARE), l'Allocation sociale sp\u00e9cifique (ASS), le Revenu de solidarit\u00e9 active (RSA), etc."},"4":{"question":"\ud83e\uddd0Comment obtenir un financement du Conseil r\u00e9gional ?","answer":"Selon la l\u00e9gislation locale, le financement d'une formation par le conseil r\u00e9gional est envisageable sous forme de ch\u00e8ques de formation. La personne per\u00e7oit une somme d\u00e9termin\u00e9e en fonction de sa situation et de la pertinence de son dossier. La r\u00e9gion finance aussi les formations sous forme de r\u00e9mun\u00e9ration."},"5":{"question":"\ud83e\udd13Est-ce que P\u00f4le emploi peut financer deux formations ?","answer":"P\u00f4le emploi peut d\u00e9cider d'accorder \u00e0 un m\u00eame demandeur d'emploi deux Aides Individuelles \u00e0 la Formation sur une p\u00e9riode de 12 mois pour deux formations diff\u00e9rentes. Mais, pour une m\u00eame action, un demandeur d'emploi ne peut b\u00e9n\u00e9ficier que d'une seule forme d'AIF."},"6":{"question":"\ud83e\udd37\u200d\u2642\ufe0fComment faire pour avoir une formation gratuite ?","answer":"Les organismes suivants offrent des formations gratuites, \u00e0 distance, via P\u00f4le emploi : AFPA, Carri\u00e8res et conseil, Centre national d'enseignement \u00e0 distance, Linguaphone, Open classroom, etc."},"7":{"question":"","answer":""},"8":{"question":"","answer":""},"9":{"question":"","answer":""},"10":{"question":"","answer":""},"11":{"question":"","answer":""},"12":{"question":"","answer":""},"13":{"question":"","answer":""},"14":{"question":"","answer":""},"15":{"question":"","answer":""},"16":{"question":"","answer":""}}},"_links":{"self":[{"href":"https:\/\/www.mes-allocs.fr\/guides\/wp-json\/wp\/v2\/posts\/47864","targetHints":{"allow":["GET"]}}],"collection":[{"href":"https:\/\/www.mes-allocs.fr\/guides\/wp-json\/wp\/v2\/posts"}],"about":[{"href":"https:\/\/www.mes-allocs.fr\/guides\/wp-json\/wp\/v2\/types\/post"}],"author":[{"embeddable":true,"href":"https:\/\/www.mes-allocs.fr\/guides\/wp-json\/wp\/v2\/users\/14"}],"replies":[{"embeddable":true,"href":"https:\/\/www.mes-allocs.fr\/guides\/wp-json\/wp\/v2\/comments?post=47864"}],"version-history":[{"count":6,"href":"https:\/\/www.mes-allocs.fr\/guides\/wp-json\/wp\/v2\/posts\/47864\/revisions"}],"predecessor-version":[{"id":101363,"href":"https:\/\/www.mes-allocs.fr\/guides\/wp-json\/wp\/v2\/posts\/47864\/revisions\/101363"}],"wp:featuredmedia":[{"embeddable":true,"href":"https:\/\/www.mes-allocs.fr\/guides\/wp-json\/wp\/v2\/media\/47894"}],"wp:attachment":[{"href":"https:\/\/www.mes-allocs.fr\/guides\/wp-json\/wp\/v2\/media?parent=47864"}],"wp:term":[{"taxonomy":"category","embeddable":true,"href":"https:\/\/www.mes-allocs.fr\/guides\/wp-json\/wp\/v2\/categories?post=47864"},{"taxonomy":"post_tag","embeddable":true,"href":"https:\/\/www.mes-allocs.fr\/guides\/wp-json\/wp\/v2\/tags?post=47864"}],"curies":[{"name":"wp","href":"https:\/\/api.w.org\/{rel}","templated":true}]}}