{"id":47789,"date":"2022-04-05T15:11:36","date_gmt":"2022-04-05T13:11:36","guid":{"rendered":"https:\/\/www.mes-allocs.fr\/guides\/?p=47789"},"modified":"2026-01-29T17:20:43","modified_gmt":"2026-01-29T16:20:43","slug":"mobili-jeune-conditions","status":"publish","type":"post","link":"https:\/\/www.mes-allocs.fr\/guides\/aide-mobilite\/mobili-jeune\/mobili-jeune-conditions\/","title":{"rendered":"Quelles sont les conditions pour avoir l&rsquo;aide Mobili-Jeune ?"},"content":{"rendered":"<p><img loading=\"lazy\" decoding=\"async\" class=\"alignnone wp-image-47964 \" title=\"Quelles sont les conditions pour avoir laide Mobili Jeune\" src=\"https:\/\/www.mes-allocs.fr\/guides\/wp-content\/uploads\/2022\/04\/Quelles-sont-les-conditions-pour-avoir-laide-Mobili-Jeune--e1649093031543.jpg\" alt=\"Quelles sont les conditions pour avoir laide Mobili Jeune\" width=\"1369\" height=\"393\" srcset=\"https:\/\/www.mes-allocs.fr\/guides\/wp-content\/uploads\/2022\/04\/Quelles-sont-les-conditions-pour-avoir-laide-Mobili-Jeune--e1649093031543.jpg 1000w, https:\/\/www.mes-allocs.fr\/guides\/wp-content\/uploads\/2022\/04\/Quelles-sont-les-conditions-pour-avoir-laide-Mobili-Jeune--e1649093031543-300x86.jpg 300w, https:\/\/www.mes-allocs.fr\/guides\/wp-content\/uploads\/2022\/04\/Quelles-sont-les-conditions-pour-avoir-laide-Mobili-Jeune--e1649093031543-768x220.jpg 768w, https:\/\/www.mes-allocs.fr\/guides\/wp-content\/uploads\/2022\/04\/Quelles-sont-les-conditions-pour-avoir-laide-Mobili-Jeune--e1649093031543-600x172.jpg 600w\" sizes=\"auto, (max-width: 1369px) 100vw, 1369px\" \/><\/p>\n<p style=\"text-align: justify;\">[Mis \u00e0 jour le 29\/01\/2026] Afin de poursuivre les \u00e9tudes ou entrer dans la vie active, les jeunes doivent souvent quitter le logement familial et trouver leur propre domicile. Ainsi, pour pouvoir payer leurs loyers, ils peuvent b\u00e9n\u00e9ficier de l&rsquo;<a href=\"https:\/\/www.mes-allocs.fr\/guides\/aide-mobilite\">aide \u00e0 la mobilit\u00e9<\/a> : \u00ab Mobili-Jeune \u00bb. Alors, quelles sont les conditions Mobili-Jeune ?<\/p>\n<div class='cta-block'><div class='text'>Simulez toutes vos aides en 2 min.<\/div><a href='https:\/\/www.mes-allocs.fr\/ab-app?origin=guides\/wp-json\/wp\/v2\/posts\/47789' class='app-button fit'>Simulation gratuite<\/a><\/div>\n<h1 style=\"text-align: justify;\">Quelles sont les conditions pour b\u00e9n\u00e9ficier de Mobili-Jeune ?<\/h1>\n<p style=\"text-align: justify;\">Afin de b\u00e9n\u00e9ficier de cette aide, vous devez respecter des conditions li\u00e9es au locataire, et les crit\u00e8res li\u00e9s au logement.\u00a0<b>Les diff\u00e9rents\u00a0crit\u00e8res li\u00e9s au locataire sont les suivants :<\/b><\/p>\n<ul>\n<li>\u00catre \u00e2g\u00e9 de\u00a0moins de 30 ans<\/li>\n<li>\u00catre\u00a0un contrat d\u2019apprentissage ou de contrat de professionnalisation dans une entreprise<\/li>\n<li>\u00catre salari\u00e9 dans une entreprise du secteur priv\u00e9 et non agricole<\/li>\n<li>Ne pas avoir\u00a0un dossier mobili-jeune\u00a0en cours chez Action Logement<\/li>\n<li>Avoir un salaire mensuel brut inf\u00e9rieur ou \u00e9gal \u00e0 120% du SMIC<\/li>\n<li>D\u00e9poser votre demande 3 mois avant la date du d\u00e9but de votre formation ou 3 mois apr\u00e8s le d\u00e9but de la date d\u2019ex\u00e9cution du contrat d\u2019alternance<\/li>\n<li>\u00catre locataire ou colocataire durant votre formation<\/li>\n<li>Avoir une date d\u2019effet de votre bail 3 mois avant ou 3 mois apr\u00e8s la date d\u2019ex\u00e9cution de votre contrat d\u2019alternance<\/li>\n<li>Changer de r\u00e9sidence principale pour vous rapprocher de votre lieu de travail. Deux cas sont possibles :\n<ul class=\"list--check\">\n<li>Votre nouveau logement est \u00e0 plus de 70km de votre ancienne adresse, ou \u00e0 d\u00e9faut, votre temps de trajet est sup\u00e9rieur \u00e0 40 minutes entre ces deux adresses (v\u00e9hicules motoris\u00e9s et immatricul\u00e9s, transports en commun)<\/li>\n<li>Vous justifiez d\u2019une double charge de loyer (c\u2019est-\u00e0-dire que, sur la m\u00eame p\u00e9riode, vous occupez deux logements)<\/li>\n<\/ul>\n<\/li>\n<\/ul>\n<p style=\"text-align: justify;\"><b>Concernant le <a href=\"https:\/\/www.mes-allocs.fr\/guides\/fsl\/demande-fsl\/\">logement<\/a>, il faut obligatoirement avoir sign\u00e9 un bail de location, un avenant au bail ou une convention d&rsquo;occupation :<\/b><\/p>\n<ul class=\"list--check\">\n<li style=\"text-align: justify;\">Logement meubl\u00e9<\/li>\n<li style=\"text-align: justify;\">Logement non-meubl\u00e9<\/li>\n<li style=\"text-align: justify;\">Conventionn\u00e9 ou non \u00e0 l&rsquo;APL<\/li>\n<li style=\"text-align: justify;\">En cas de colocation<\/li>\n<li style=\"text-align: justify;\">Foyer ou r\u00e9sidence sociale<\/li>\n<li style=\"text-align: justify;\">Chambre en internat<\/li>\n<\/ul>\n<h1 style=\"text-align: justify;\">Rappel : l&rsquo;aide\u00a0Mobili Jeune<\/h1>\n<p style=\"text-align: justify;\"><b>L&rsquo;aide Mobili Jeune d&rsquo;<a href=\"https:\/\/www.mes-allocs.fr\/guides\/aide-mobilite\/mobili-jeune\/action-logement-mobili-jeune\/\">Action Logement<\/a> est\u00a0une subvention permettant de prendre en charge une partie du loyer.<\/b> Le groupe agit en tant qu&rsquo;acteur de r\u00e9f\u00e9rence dans le milieu du logement social, pour faciliter l&rsquo;acc\u00e8s au logement et accompagner les salari\u00e9s dans leur mobilit\u00e9 r\u00e9sidentielle et professionnelle.\u00a0Cette aide permet aussi de r\u00e9duire le risque d&rsquo;impay\u00e9s, le locataire percevant directement une partie du montant d\u00fb. N\u00e9anmoins, cela n&#8217;emp\u00eache pas le propri\u00e9taire de souscrire une assurance loyers impay\u00e9s.<\/p>\n<p><iframe loading=\"lazy\" title=\"L&#039;aide Mobili jeune\" width=\"500\" height=\"281\" src=\"https:\/\/www.youtube.com\/embed\/tu3qdMGINEM?feature=oembed\" frameborder=\"0\" allow=\"accelerometer; autoplay; clipboard-write; encrypted-media; gyroscope; picture-in-picture; web-share\" referrerpolicy=\"strict-origin-when-cross-origin\" allowfullscreen><\/iframe><\/p>\n<h1 style=\"text-align: justify;\">Comment faire la\u00a0<span id=\"comment_faire_la_demande_daide_mobili_jeunenbsp\">demande d\u2019aide Mobili-Jeune ?<\/span><\/h1>\n<p style=\"text-align: justify;\"><b>Pour percevoir l\u2019aide Mobili-Jeune, vous devez faire la <a href=\"https:\/\/www.mes-allocs.fr\/guides\/aide-mobilite\/mobili-jeune\/comment-faire-demande-mobili-jeune\/\">demande<\/a> sur le site d\u2019Action Logement. La d\u00e9marche est \u00e0 effectuer en ligne :<\/b><\/p>\n<ul>\n<li style=\"text-align: justify;\"><b>Vous devez tester votre \u00e9ligibilit\u00e9<\/b> : il s&rsquo;agit d&rsquo;une \u00e9tape obligatoire permettant de savoir si vous avez droit \u00e0 l\u2019aide<\/li>\n<li style=\"text-align: justify;\"><img loading=\"lazy\" decoding=\"async\" class=\"size-medium wp-image-47966 alignright\" title=\"Quelles sont les conditions pour avoir laide Mobili Jeune\" src=\"https:\/\/www.mes-allocs.fr\/guides\/wp-content\/uploads\/2022\/04\/Quelles-sont-les-conditions-pour-avoir-laide-Mobili-Jeune-2-300x200.jpg\" alt=\"Quelles sont les conditions pour avoir laide Mobili Jeune\" width=\"300\" height=\"200\" srcset=\"https:\/\/www.mes-allocs.fr\/guides\/wp-content\/uploads\/2022\/04\/Quelles-sont-les-conditions-pour-avoir-laide-Mobili-Jeune-2-300x200.jpg 300w, https:\/\/www.mes-allocs.fr\/guides\/wp-content\/uploads\/2022\/04\/Quelles-sont-les-conditions-pour-avoir-laide-Mobili-Jeune-2-600x400.jpg 600w, https:\/\/www.mes-allocs.fr\/guides\/wp-content\/uploads\/2022\/04\/Quelles-sont-les-conditions-pour-avoir-laide-Mobili-Jeune-2.jpg 612w\" sizes=\"auto, (max-width: 300px) 100vw, 300px\" \/>Mobili-Jeune. Elle doit \u00eatre faite avant la cr\u00e9ation de votre compte sur l\u2019outil de simulation du site Action Logement<\/li>\n<li style=\"text-align: justify;\">Ensuite, il faut <b>cr\u00e9er un espace client<\/b> pour d\u00e9poser votre demande en ligne<\/li>\n<li style=\"text-align: justify;\"><b>Joignez toutes les pi\u00e8ces justificatives<\/b> n\u00e9cessaires<\/li>\n<li style=\"text-align: justify;\">Vous devez <b>t\u00e9l\u00e9charger votre convention de subvention<\/b>, la signer et l&rsquo;ajouter aux autres justificatifs<\/li>\n<\/ul>\n<p style=\"text-align: justify;\"><b>Les justificatifs \u00e0 joindre \u00e0 votre <span id=\"comment_faire_la_demande_daide_mobili_jeunenbsp\">demande d\u2019aide Mobili-Jeune sont :\u00a0<\/span><\/b><\/p>\n<ul class=\"list--check\">\n<li style=\"text-align: justify;\">Un justificatif d&rsquo;identit\u00e9 en cours de validit\u00e9<\/li>\n<li style=\"text-align: justify;\">Le contrat d&rsquo;apprentissage ou de professionnalisation<\/li>\n<li style=\"text-align: justify;\">Le contrat de bail ou d&rsquo;occupation<\/li>\n<li style=\"text-align: justify;\">Le Relev\u00e9 d&rsquo;Identit\u00e9 Bancaire<\/li>\n<li style=\"text-align: justify;\">L&rsquo;attestation de versement d&rsquo;autres aides<\/li>\n<\/ul>\n<p style=\"text-align: justify;\"><b>En cas de changement de situation pendant la formation, il convient de transmettre les nouveaux justificatifs via votre espace personnel<\/b>. Dans le cas o\u00f9 les changements\u00a0r\u00e9uniraient toujours les conditions de versement de l&rsquo;aide, cela n&rsquo;affecte pas son attribution.<\/p>\n<h1 style=\"text-align: justify;\">Quel est le d\u00e9lai de r\u00e9ponse de l&rsquo;aide Mobili-Jeune ?<\/h1>\n<p style=\"text-align: justify;\">L&rsquo;aide Mobili-Jeune peut \u00eatre renouvel\u00e9e chaque ann\u00e9e. <b>Le d\u00e9lai de r\u00e9ponse de l&rsquo;aide est de huit jours, pendant lesquels votre dossier est \u00e9tudi\u00e9.<\/b>\u00a0<b>Si vous ne recevez aucune r\u00e9ponse dans ce d\u00e9lai, alors vous pouvez en d\u00e9duire que votre demande est accord\u00e9e.<\/b> Cependant, vous devez \u00eatre \u00e2g\u00e9 de 30 ans maximum pour pouvoir toucher l\u2019aide Mobili-Jeune. Ainsi, il faut d\u00e9poser votre demande au plus tard la veille de vos 30 ans. En outre, la demande doit \u00eatre adress\u00e9e avant le d\u00e9but de votre formation, ou maximum 3 mois apr\u00e8s celui-ci.<\/p>\n<p style=\"text-align: justify;\"><b>Le nombre de dossiers Mobili-Jeune accept\u00e9s par ann\u00e9e est limit\u00e9.<\/b> Un certain nombre de demandes est accept\u00e9 par jour. Si vous ne parvenez pas \u00e0 faire la v\u00f4tre, il faut r\u00e9essayer le lendemain.<\/p>\n<h1 id=\"quel-est-le-montant-de-l-aide-mobili-jeune\" style=\"text-align: justify;\"><span id=\"quel_est_le_montant_de_laide_mobili_jeune\">Quel est le montant de l\u2019aide Mobili-Jeune ?<\/span><\/h1>\n<p style=\"text-align: justify;\">L&rsquo;aide Mobili-Jeune couvre une partie du loyer ou de la redevance lorsqu&rsquo;il s&rsquo;agit d&rsquo;un logement-foyer ou d&rsquo;une r\u00e9sidence sociale. <b>Elle varie de 10 euros \u00e0 100 euros pendant toute la p\u00e9riode de formation.<\/b> Elle est calcul\u00e9e selon la\u00a0quote-part du loyer (charges comprises) du demandeur, d\u00e9duite des diff\u00e9rentes aides au logement per\u00e7ues pour le m\u00eame logement (APL ou ALS). <i>Par exemple : si vous percevez 220 euros d&rsquo;APL et payez un loyer de 350 euros, l&rsquo;aide vers\u00e9e sera de 100 euros.<\/i><\/p>\n<p style=\"text-align: justify;\"><b>Lorsque le reste \u00e0 charge est inf\u00e9rieur \u00e0 10 \u20ac par mois, vous ne recevez pas l\u2019aide Mobili-Jeune. <\/b><i>Par exemple : si votre loyer est de 250 euros et que vous touchez 245 euros d\u2019APL, votre reste \u00e0 charge \u00e9tant de 5 euros, vous n\u2019\u00eates donc pas \u00e9ligible \u00e0 l\u2019aide d\u2019Action Logement.<\/i><\/p>\n<p style=\"text-align: justify;\">Le versement de l&rsquo;allocation\u00a0s&rsquo;adapte aux besoins des demandeurs. <b>Ainsi, le versement peut avoir lieu chaque mois, tous les deux mois ou chaque semestre. Au cours de votre alternance, il est possible de changer de fr\u00e9quence de versement.<\/b><\/p>\n<h1>Combien de temps dure le versement de l&rsquo;aide Mobili-Jeune ?<\/h1>\n<p>L&rsquo;aide Mobili-Jeune peut \u00eatre vers\u00e9e pendant une dur\u00e9e maximale de <strong>deux ann\u00e9es de formation, cons\u00e9cutives ou non<\/strong>. Chaque ann\u00e9e de formation est couverte sur <strong>11 mensualit\u00e9s<\/strong>. La dur\u00e9e maximale de versement est donc de 22 mois. De plus, le versement de l&rsquo;aide est flexible et peut donc s&rsquo;adapter \u00e0 vos besoins en modifiant le rythme d eversement. Dans tous les cas, il est important de noter que pour continuer \u00e0 recevoir l&rsquo;aide lors du passae en ann\u00e9e sup\u00e9rieure ou en cas de redoublement, vous devrez fournir de nouveaux justificatids de formation.<\/p>\n<h1 style=\"text-align: justify;\">Comment contacter l&rsquo;aide Mobili-Jeune ?<\/h1>\n<p style=\"text-align: justify;\"><b>Afin d&rsquo;en savoir\u00a0davantage\u00a0sur l\u2019aide Mobili Jeune, vous pouvez vous rendre sur le site d\u2019Action Logement, \u00e0 la<img loading=\"lazy\" decoding=\"async\" class=\"size-medium wp-image-47967 alignright\" title=\"Quelles sont les conditions pour avoir laide Mobili Jeune\" src=\"https:\/\/www.mes-allocs.fr\/guides\/wp-content\/uploads\/2022\/04\/Quelles-sont-les-conditions-pour-avoir-laide-Mobili-Jeune-3-300x200.jpg\" alt=\"Quelles sont les conditions pour avoir laide Mobili Jeune\" width=\"300\" height=\"200\" srcset=\"https:\/\/www.mes-allocs.fr\/guides\/wp-content\/uploads\/2022\/04\/Quelles-sont-les-conditions-pour-avoir-laide-Mobili-Jeune-3-300x200.jpg 300w, https:\/\/www.mes-allocs.fr\/guides\/wp-content\/uploads\/2022\/04\/Quelles-sont-les-conditions-pour-avoir-laide-Mobili-Jeune-3-600x400.jpg 600w, https:\/\/www.mes-allocs.fr\/guides\/wp-content\/uploads\/2022\/04\/Quelles-sont-les-conditions-pour-avoir-laide-Mobili-Jeune-3.jpg 612w\" sizes=\"auto, (max-width: 300px) 100vw, 300px\" \/> rubrique \u00ab\u00a0louer\u00a0\u00bb, puis cliquez sur \u00ab\u00a0les aides \u00e0 la location\u00a0\u00bb, et \u00ab\u00a0L\u2019aide Mobili jeune\u00a0\u00bb.<\/b> Vous avez acc\u00e8s \u00e0 une page compl\u00e8te sur l\u2019aide ainsi qu\u2019\u00e0 une foire aux questions. Si vous ne trouvez pas de r\u00e9ponse ad\u00e9quate \u00e0 votre interrogation, <b>vous pouvez adresser le formulaire de contact via le bouton \u00ab\u00a0je ne trouve pas de r\u00e9ponse \u00e0 ma question\u00a0\u00bb.<\/b><\/p>\n<p style=\"text-align: justify;\"><b>Pour un contact par t\u00e9l\u00e9phone, Action Logement recommande d&rsquo;appeler votre agence r\u00e9gionale.<\/b> Les num\u00e9ros de t\u00e9l\u00e9phone de chaque agence sont indiqu\u00e9s sur le site de l\u2019organisme. Vous pouvez aussi joindre les conseillers de l\u2019aide Mobili Jeune via le formulaire de contact g\u00e9n\u00e9ral d\u2019Action Logement.<\/p>\n<h1 style=\"text-align: justify;\">Quelles sont les autres aides au logement pour les jeunes ?<\/h1>\n<p style=\"text-align: justify;\"><b>En France, il existe de nombreuses aides au logement d\u00e9di\u00e9es aux jeunes telles que :<\/b><\/p>\n<ul>\n<li style=\"text-align: justify;\"><b>L\u2019Aide Personnalis\u00e9e au Logement (APL)<\/b> : il s&rsquo;agit d&rsquo;une aide\u00a0accord\u00e9e sous conditions par la CAF ou la MSA selon votre r\u00e9gime. Les conditions d\u2019obtention sont la location d\u2019un logement conventionn\u00e9 et d\u00e9cent, des revenus inf\u00e9rieurs \u00e0 certains plafonds, \u00eatre Fran\u00e7ais ou avoir un titre de s\u00e9jour en cours de validit\u00e9, etc.<\/li>\n<li style=\"text-align: justify;\"><b>L\u2019Allocation de Logement Familiale (ALF)<\/b> : c&rsquo;est une aide financi\u00e8re pour les logements non conventionn\u00e9s vers\u00e9e aussi par la CAF ou la MSA<\/li>\n<li style=\"text-align: justify;\"><b>L\u2019Allocation de Logement Social (ALS) <\/b>: c&rsquo;est une\u00a0aide accord\u00e9e lorsque vous ne pouvez pas b\u00e9n\u00e9ficier ni de l&rsquo;APL ni l&rsquo;ALF<\/li>\n<li style=\"text-align: justify;\"><b>La garantie Visale<\/b> : elle permet aux jeunes de moins de 30 ans de louer m\u00eame sans garant. C&rsquo;est-\u00e0-dire que l&rsquo;\u00c9tat se porte garant pour le locataire<\/li>\n<li style=\"text-align: justify;\"><b>L\u2019avance Loca-Pass<\/b> : c&rsquo;est\u00a0une autre aide au\u00a0logement mobili jeune. Elle est destin\u00e9e aux jeunes de moins de 30 ans, pour les aider \u00e0 payer le d\u00e9p\u00f4t de garantie et de le rembourser petit \u00e0 petit<\/li>\n<li><strong>La prime d&rsquo;activit\u00e9<\/strong> : la prime d&rsquo;acitivt\u00e9 n&rsquo;est pas \u00e0 proprement parler une aide au logement, mais vous permet de b\u00e9n\u00e9ficier d&rsquo;une somme compl\u00e9mentaire que vous pouvez choisir d&rsquo;utiliser pour payer une partie de votre loyer. L&rsquo;aide Mobili-Jeune et la prime d&rsquo;activit\u00e9 sont cumulables, sous certaines conditions.<\/li>\n<\/ul>\n<p style=\"text-align: justify;\">Il existe \u00e9galement des aides d\u00e9partementales et r\u00e9gionales pour soutenir les jeunes et faciliter leur acc\u00e8s au logement.<\/p>\n<div class='cta-block'><div class='text'>Simulez toutes vos aides en 2 min.<\/div><a href='https:\/\/www.mes-allocs.fr\/ab-app?origin=guides\/wp-json\/wp\/v2\/posts\/47789' class='app-button fit'>Simulation gratuite<\/a><\/div>\n","protected":false},"excerpt":{"rendered":"<p>[Mis \u00e0 jour le 29\/01\/2026] Afin de poursuivre les \u00e9tudes ou entrer dans la vie active, les jeunes doivent souvent quitter le logement familial et trouver leur propre domicile. Ainsi, pour pouvoir payer leurs loyers, ils peuvent b\u00e9n\u00e9ficier de l&rsquo;aide \u00e0 la mobilit\u00e9 : \u00ab Mobili-Jeune \u00bb. Alors, quelles sont les conditions Mobili-Jeune ? Quelles [&hellip;]<\/p>\n","protected":false},"author":14,"featured_media":47965,"comment_status":"closed","ping_status":"open","sticky":false,"template":"","format":"standard","meta":{"amp_status":"","footnotes":""},"categories":[29,4163],"tags":[],"class_list":["post-47789","post","type-post","status-publish","format-standard","has-post-thumbnail","hentry","category-aide-mobilite","category-mobili-jeune"],"yoast_head":"<!-- This site is optimized with the Yoast SEO plugin v14.9 - https:\/\/yoast.com\/wordpress\/plugins\/seo\/ -->\n<title>Quelles sont les conditions pour avoir l&#039;aide Mobili-Jeune ?<\/title>\n<meta name=\"description\" content=\"Afin de payer leurs loyers, les jeunes peuvent b\u00e9n\u00e9ficier de l&#039;aide Mobili Jeune. Alors, quelles sont les\u00a0conditions Mobili Jeune ?\u00a0\" \/>\n<meta name=\"robots\" content=\"index, follow, max-snippet:-1, max-image-preview:large, max-video-preview:-1\" \/>\n<link rel=\"canonical\" href=\"https:\/\/www.mes-allocs.fr\/guides\/aide-mobilite\/mobili-jeune\/mobili-jeune-conditions\/\" \/>\n<meta property=\"og:locale\" content=\"fr_FR\" \/>\n<meta property=\"og:type\" content=\"article\" \/>\n<meta property=\"og:title\" content=\"Quelles sont les conditions pour avoir l&#039;aide Mobili-Jeune ?\" \/>\n<meta property=\"og:description\" content=\"Afin de payer leurs loyers, les jeunes peuvent b\u00e9n\u00e9ficier de l&#039;aide Mobili Jeune. Alors, quelles sont les\u00a0conditions Mobili Jeune ?\u00a0\" \/>\n<meta property=\"og:url\" content=\"https:\/\/www.mes-allocs.fr\/guides\/aide-mobilite\/mobili-jeune\/mobili-jeune-conditions\/\" \/>\n<meta property=\"og:site_name\" content=\"Mes-Allocs.fr\" \/>\n<meta property=\"article:published_time\" content=\"2022-04-05T13:11:36+00:00\" \/>\n<meta property=\"article:modified_time\" content=\"2026-01-29T16:20:43+00:00\" \/>\n<meta property=\"og:image\" content=\"https:\/\/www.mes-allocs.fr\/guides\/wp-content\/uploads\/2022\/04\/Quelles-sont-les-conditions-pour-avoir-laide-Mobili-Jeune-1-1.jpg?wsr\" \/>\n\t<meta property=\"og:image:width\" content=\"1000\" \/>\n\t<meta property=\"og:image:height\" content=\"667\" \/>\n<meta name=\"twitter:card\" content=\"summary_large_image\" \/>\n<script type=\"application\/ld+json\" class=\"yoast-schema-graph\">{\"@context\":\"https:\/\/schema.org\",\"@graph\":[{\"@type\":\"WebSite\",\"@id\":\"https:\/\/www.mes-allocs.fr\/guides\/#website\",\"url\":\"https:\/\/www.mes-allocs.fr\/guides\/\",\"name\":\"Mes-Allocs.fr\",\"description\":\"\",\"potentialAction\":[{\"@type\":\"SearchAction\",\"target\":\"https:\/\/www.mes-allocs.fr\/guides\/?s={search_term_string}\",\"query-input\":\"required name=search_term_string\"}],\"inLanguage\":\"fr-FR\"},{\"@type\":\"ImageObject\",\"@id\":\"https:\/\/www.mes-allocs.fr\/guides\/aide-mobilite\/mobili-jeune\/mobili-jeune-conditions\/#primaryimage\",\"inLanguage\":\"fr-FR\",\"url\":\"https:\/\/www.mes-allocs.fr\/guides\/wp-content\/uploads\/2022\/04\/Quelles-sont-les-conditions-pour-avoir-laide-Mobili-Jeune-1-1.jpg?wsr\",\"width\":1000,\"height\":667,\"caption\":\"Quelles sont les conditions pour avoir laide Mobili Jeune\"},{\"@type\":\"WebPage\",\"@id\":\"https:\/\/www.mes-allocs.fr\/guides\/aide-mobilite\/mobili-jeune\/mobili-jeune-conditions\/#webpage\",\"url\":\"https:\/\/www.mes-allocs.fr\/guides\/aide-mobilite\/mobili-jeune\/mobili-jeune-conditions\/\",\"name\":\"Quelles sont les conditions pour avoir l'aide Mobili-Jeune ?\",\"isPartOf\":{\"@id\":\"https:\/\/www.mes-allocs.fr\/guides\/#website\"},\"primaryImageOfPage\":{\"@id\":\"https:\/\/www.mes-allocs.fr\/guides\/aide-mobilite\/mobili-jeune\/mobili-jeune-conditions\/#primaryimage\"},\"datePublished\":\"2022-04-05T13:11:36+00:00\",\"dateModified\":\"2026-01-29T16:20:43+00:00\",\"author\":{\"@id\":\"https:\/\/www.mes-allocs.fr\/guides\/#\/schema\/person\/a3de97298fd0ffc005ebdd5628b03ca8\"},\"description\":\"Afin de payer leurs loyers, les jeunes peuvent b\\u00e9n\\u00e9ficier de l'aide Mobili Jeune. Alors, quelles sont les\\u00a0conditions Mobili Jeune ?\\u00a0\",\"inLanguage\":\"fr-FR\"},{\"@type\":\"Person\",\"@id\":\"https:\/\/www.mes-allocs.fr\/guides\/#\/schema\/person\/a3de97298fd0ffc005ebdd5628b03ca8\",\"name\":\"Marina Ada Ondo\",\"image\":{\"@type\":\"ImageObject\",\"@id\":\"https:\/\/www.mes-allocs.fr\/guides\/#personlogo\",\"inLanguage\":\"fr-FR\",\"url\":\"https:\/\/www.mes-allocs.fr\/guides\/wp-content\/uploads\/2022\/02\/Photo-de-profil-150x150.png\",\"caption\":\"Marina Ada Ondo\"},\"description\":\"Marina est r\\u00e9dactrice au sein de l'\\u00e9quipe Mes Allocs, sp\\u00e9cialis\\u00e9e sur les aides aux jeunes. Dipl\\u00f4m\\u00e9e de l'ISFJ, elle rejoint Mes Allocs apr\\u00e8s une premi\\u00e8re exp\\u00e9rience en communication chez Little Africa, une agence de communication \\u00e0 Paris. Sur son temps libre, Marina lit beaucoup et passe ses dimanches au mus\\u00e9e.\",\"sameAs\":[\"https:\/\/www.linkedin.com\/in\/marinaadaondo\/\"]}]}<\/script>\n<!-- \/ Yoast SEO plugin. -->","amp_validity":null,"acf":{"faq":{"1":{"question":"Qui a droit \u00e0 Mobili-Jeune ?","answer":"L'aide Mobili Jeune est une aide au logement qui s'adresse aux jeunes de moins de 30 ans, en alternance ou salari\u00e9 du secteur priv\u00e9 non-agricole. "},"2":{"question":"Comment est calcul\u00e9 l'aide Mobili-Jeune ?","answer":"Elle est calcul\u00e9e selon la\u00a0quote-part du loyer (charges comprises) du demandeur, d\u00e9duite des diverses aides au logement per\u00e7ues pour le m\u00eame logement (APL ou ALS). Par exemple : si vous percevez 220 \u20ac d'APL et payez un loyer de 350 \u20ac, l'aide vers\u00e9e sera de 100 \u20ac.  "},"3":{"question":"Quand se connecter \u00e0 Mobili-Jeune ?","answer":"Le dossier Mobili Jeune doit \u00eatre r\u00e9alis\u00e9 dans les 3 mois avant le d\u00e9marrage de la formation ou dans les 6 mois suivant l'entr\u00e9e en formation. "},"4":{"question":"Comment obtenir le coup de pouce de 1000 \u20ac ?","answer":"Pour \u00eatre \u00e9ligible \u00e0 cette aide, il faut remplir tous les crit\u00e8res suivants : \u00eatre locataire et avoir sign\u00e9 son bail dans un d\u00e9lai de trois mois avant ou apr\u00e8s le premier jour du nouvel emploi ou de la formation, toucher moins de 1,5 fois le Smic brut, etc. "},"5":{"question":"C'est quoi la date d'effet du bail ?","answer":"La date d'effet du bail et la date d'entr\u00e9e dans les lieux sont une seule et m\u00eame chose. Le bail de location prend effet le jour o\u00f9 le locataire prend possession des lieux et cette date doit \u00eatre d\u00e9finie \u00e0 l'avance dans le contrat de location sign\u00e9."},"6":{"question":"Quand faire la demande Action Logement ?","answer":"Vous pouvez faire votre demande en ligne sur le site actionlogement.fr : attention, votre demande doit \u00eatre r\u00e9alis\u00e9e dans les trois mois qui suivent votre premi\u00e8re baisse de revenus. Vous pouvez vous rapprocher du service social de votre entreprise."},"7":{"question":"","answer":""},"8":{"question":"","answer":""},"9":{"question":"","answer":""},"10":{"question":"","answer":""},"11":{"question":"","answer":""},"12":{"question":"","answer":""},"13":{"question":"","answer":""},"14":{"question":"","answer":""},"15":{"question":"","answer":""},"16":{"question":"","answer":""}}},"_links":{"self":[{"href":"https:\/\/www.mes-allocs.fr\/guides\/wp-json\/wp\/v2\/posts\/47789","targetHints":{"allow":["GET"]}}],"collection":[{"href":"https:\/\/www.mes-allocs.fr\/guides\/wp-json\/wp\/v2\/posts"}],"about":[{"href":"https:\/\/www.mes-allocs.fr\/guides\/wp-json\/wp\/v2\/types\/post"}],"author":[{"embeddable":true,"href":"https:\/\/www.mes-allocs.fr\/guides\/wp-json\/wp\/v2\/users\/14"}],"replies":[{"embeddable":true,"href":"https:\/\/www.mes-allocs.fr\/guides\/wp-json\/wp\/v2\/comments?post=47789"}],"version-history":[{"count":18,"href":"https:\/\/www.mes-allocs.fr\/guides\/wp-json\/wp\/v2\/posts\/47789\/revisions"}],"predecessor-version":[{"id":108680,"href":"https:\/\/www.mes-allocs.fr\/guides\/wp-json\/wp\/v2\/posts\/47789\/revisions\/108680"}],"wp:featuredmedia":[{"embeddable":true,"href":"https:\/\/www.mes-allocs.fr\/guides\/wp-json\/wp\/v2\/media\/47965"}],"wp:attachment":[{"href":"https:\/\/www.mes-allocs.fr\/guides\/wp-json\/wp\/v2\/media?parent=47789"}],"wp:term":[{"taxonomy":"category","embeddable":true,"href":"https:\/\/www.mes-allocs.fr\/guides\/wp-json\/wp\/v2\/categories?post=47789"},{"taxonomy":"post_tag","embeddable":true,"href":"https:\/\/www.mes-allocs.fr\/guides\/wp-json\/wp\/v2\/tags?post=47789"}],"curies":[{"name":"wp","href":"https:\/\/api.w.org\/{rel}","templated":true}]}}