{"id":47657,"date":"2022-08-18T16:17:52","date_gmt":"2022-08-18T14:17:52","guid":{"rendered":"https:\/\/www.mes-allocs.fr\/guides\/?p=47657"},"modified":"2026-03-03T18:30:32","modified_gmt":"2026-03-03T17:30:32","slug":"preretraite","status":"publish","type":"post","link":"https:\/\/www.mes-allocs.fr\/guides\/retraite\/preretraite\/","title":{"rendered":"Pr\u00e9retraite : conditions, montant, d\u00e9marches"},"content":{"rendered":"<p><img loading=\"lazy\" decoding=\"async\" class=\"aligncenter wp-image-51059\" title=\"pr\u00e9retraite\" src=\"https:\/\/www.mes-allocs.fr\/guides\/wp-content\/uploads\/2022\/05\/anukrati-omar-NZFJYpkwIXc-unsplash-e1653666701309-300x56.jpg\" alt=\"pr\u00e9retraite\" width=\"825\" height=\"154\" \/><\/p>\n<p><span style=\"color: #000000;\">[Mis \u00e0 jour le 03\/03\/2026] <\/span>La <strong>pr\u00e9retraite<\/strong> est une p\u00e9riode particuli\u00e8re de la vie professionnelle : elle correspond \u00e0 une phase d\u2019inactivit\u00e9 r\u00e9mun\u00e9r\u00e9e qui s\u2019intercale entre la cessation d\u2019activit\u00e9 et le d\u00e9part officiel \u00e0 la <a href=\"https:\/\/www.mes-allocs.fr\/guides\/retraite\/\" target=\"_blank\" rel=\"noopener\">retraite<\/a>. Ce dispositif vous permet de quitter votre emploi avant l\u2019\u00e2ge l\u00e9gal de d\u00e9part \u00e0 la retraite tout en continuant \u00e0 percevoir un revenu, souvent partiellement pris en charge par votre employeur ou un organisme public. La pr\u00e9retraite vous permet de pr\u00e9parer la transition entre votre fin d&rsquo;activit\u00e9 professionnelle et la p\u00e9riode de retraite que vous vous appr\u00eatez \u00e0 vivre. Mais attention : la pr\u00e9retraite n\u2019est pas un droit automatique.\u00a0Mes Allocs vous explique en d\u00e9tail les conditions, le fonctionnement, les avantages, et les d\u00e9marches \u00e0 suivre pour en b\u00e9n\u00e9ficier.<\/p>\n<div class='cta-block'><div class='text'>Simulez votre retraite en 2 min.<\/div><a href='https:\/\/www.mes-allocs.fr\/formulaire\/retraite?utm_source=seo&origin=guides\/wp-json\/wp\/v2\/posts\/47657' class='app-button fit'>Simulation gratuite<\/a><\/div>\n<h1>Comprendre la pr\u00e9retraite<\/h1>\n<h2 class=\"article-section--title\" style=\"text-align: justify;\"><span style=\"color: #000000;\">Qu&rsquo;est-ce que la pr\u00e9retraite ?<\/span><\/h2>\n<div class=\"article-section\">\n<div class=\"article-editor\" style=\"text-align: justify;\">\n<p><span style=\"color: #000000;\">La pr\u00e9retraite est un dispositif qui va permettre \u00e0 un salari\u00e9 de cesser toute activit\u00e9 professionnelle avant l\u2019<a href=\"https:\/\/www.mes-allocs.fr\/guides\/retraite\/age-retraite\/\">\u00e2ge l\u00e9gal du d\u00e9part \u00e0 la retraite<\/a>. <\/span><\/p>\n<p><span style=\"color: #000000;\">La pr\u00e9retraite permet de continuer \u00e0 percevoir une r\u00e9mun\u00e9ration, tout en attendant de pouvoir partir \u00e0 la retraite.<\/span><\/p>\n<p><span style=\"color: #000000;\">Ce dispositif est disponible seulement sous certaines conditions.<\/span><\/p>\n<p><span style=\"color: #000000;\">L&rsquo;objectif de cette solution est d&rsquo;\u00eatre en pr\u00e9retraite jusqu&rsquo;\u00e0 ce qu&rsquo;il vous soit possible d&rsquo;obtenir les droits \u00e0 une retraite \u00e0 taux plein.<\/span><\/p>\n<h2>Quelle est la dur\u00e9e maximale d\u2019un dispositif de pr\u00e9retraite ?<\/h2>\n<p><span style=\"font-weight: 400;\">Dans la plupart des situations, l&rsquo;\u00e2ge auquel un pr\u00e9retrait\u00e9 peut partir est fix\u00e9 \u00e0 58 ans, en tenant compte d&rsquo;un tiers de la dur\u00e9e de travail effectu\u00e9e au sein de l&rsquo;entreprise. Toutefois, il est impossible pour un salari\u00e9 de partir avant d&rsquo;avoir atteint 50 ans.<\/span><\/p>\n<p><iframe loading=\"lazy\" title=\"Comment bien pr\u00e9parer sa retraite ?\" width=\"500\" height=\"281\" src=\"https:\/\/www.youtube.com\/embed\/nZ79Bmawt_M?feature=oembed\" frameborder=\"0\" allow=\"accelerometer; autoplay; clipboard-write; encrypted-media; gyroscope; picture-in-picture; web-share\" referrerpolicy=\"strict-origin-when-cross-origin\" allowfullscreen><\/iframe><\/p>\n<\/div>\n<div class=\"article-editor\">\n<div>\n<div class=\"content-fiche\">\n<h1>Les dispositifs de pr\u00e9retraite en France<\/h1>\n<h2>La pr\u00e9retraite pour p\u00e9nibilit\u00e9<\/h2>\n<p><span style=\"font-weight: 400;\">En premier, il existe le dispositif de pr\u00e9retraite pour p\u00e9nibilit\u00e9.\u00a0<\/span><\/p>\n<p><span style=\"font-weight: 400;\">Ce dispositif va \u00eatre possible pour plusieurs types de personnes :<\/span><\/p>\n<ul>\n<li style=\"font-weight: 400;\" aria-level=\"1\"><span style=\"font-weight: 400;\">expos\u00e9es \u00e0 l\u2019amiante,<\/span><\/li>\n<li style=\"font-weight: 400;\" aria-level=\"1\"><span style=\"font-weight: 400;\">en situation de handicap<\/span><span style=\"font-weight: 400;\">,<\/span><\/li>\n<li style=\"font-weight: 400;\" aria-level=\"1\"><span style=\"font-weight: 400;\">en situation d\u2019incapacit\u00e9,<\/span><\/li>\n<li style=\"font-weight: 400;\" aria-level=\"1\"><span style=\"font-weight: 400;\">ayant r\u00e9alis\u00e9 des travaux p\u00e9nibles durant leur carri\u00e8re professionnelle.<\/span><\/li>\n<\/ul>\n<p><span style=\"font-weight: 400;\">Pour que le salari\u00e9 fasse la demande de partir \u00e0 la retraite avant l\u2019\u00e2ge l\u00e9gal de d\u00e9part \u00e0 la retraite, il faut que celui-ci ait travaill\u00e9 dans des conditions p\u00e9nibles. Celles-ci doivent avoir amen\u00e9 une incapacit\u00e9 physique d\u2019au moins 10%.<\/span><\/p>\n<p><span style=\"font-weight: 400;\">Le demandeur doit \u00eatre \u00e2g\u00e9<strong> de plus de 55 ans<\/strong> afin de pouvoir b\u00e9n\u00e9ficier de l\u2019allocation de cessation d\u2019activit\u00e9 des travailleurs salari\u00e9s.<\/span><\/p>\n<p><span style=\"font-weight: 400;\">Apr\u00e8s cela, c\u2019est l\u2019Etat qui pourra venir compl\u00e9ter les revenus du salari\u00e9 en pr\u00e9retraite dans certains cas.<\/span><\/p>\n<p><span style=\"font-weight: 400;\">La pr\u00e9retraite est possible \u00e0 partir de l\u2019\u00e2ge de <strong>58 ans<\/strong>.<\/span><\/p>\n<h2>La pr\u00e9retraite amiante :\u00a0 partir d\u00e8s 50 ans<\/h2>\n<p><span style=\"font-weight: 400;\">Pour les salari\u00e9s expos\u00e9s \u00e0 l\u2019amiante, la pr\u00e9retraite est disponible d\u00e8s l\u2019\u00e2ge de 50 ans.<\/span><\/p>\n<p><span style=\"font-weight: 400;\">Pour ces salari\u00e9s, ils b\u00e9n\u00e9ficient dans ce cas de <strong>l\u2019ACAATA (Allocation de Cessation d\u2019Activit\u00e9 des Travailleurs de l\u2019Amiante.<\/strong><\/span><\/p>\n<p><span style=\"font-weight: 400;\">Le <\/span><span style=\"font-weight: 400;\">versement de cette allocation<\/span><span style=\"font-weight: 400;\"> se termine d\u00e8s lors que les salari\u00e9s remplissent les conditions pour b\u00e9n\u00e9ficier d\u2019une pension de retraite \u00e0 taux plein.<\/span><\/p>\n<h2>La pr\u00e9retraite d\u2019entreprise<\/h2>\n<p><span style=\"font-weight: 400;\">Le dispositif de pr\u00e9retraite d\u2019entreprise est un dispositif qui peut \u00eatre mis en place par l\u2019employeur. Celle-ci peut \u00eatre mise en place via une convention ou un accord collectif avec la <strong>Direction D\u00e9partementale du Travail, de l\u2019Emploi et de la Formation Professionnelle (DDTEPF)<\/strong>.<\/span><\/p>\n<p><span style=\"font-weight: 400;\">C\u2019est l\u2019employeur qui finance la pr\u00e9retraite d\u2019entreprise.<\/span><\/p>\n<p><span style=\"font-weight: 400;\">Cette pr\u00e9retraite d\u2019entreprise est possible \u00e0 mettre en place dans le cas d\u2019un Plan de Sauvegarde d\u2019entreprise si il y a un licenciement \u00e9conomique.<\/span><\/p>\n<p><span style=\"font-weight: 400;\">Cette pr\u00e9retraite va permettre aux personnes \u00e2g\u00e9es de pouvoir arr\u00eater de travailler quelques ann\u00e9es avant l\u2019\u00e2ge de partir en retraite tout en continuant \u00e0 \u00eatre r\u00e9mun\u00e9r\u00e9.<\/span><\/p>\n<p><span style=\"font-weight: 400;\">Cela permet \u00e0 l\u2019employeur de se donner la possibilit\u00e9 de mettre en place comme il le souhaite les conditions d\u2019\u00e9ligibilit\u00e9 \u00e0 ses salari\u00e9s :<\/span><\/p>\n<ul>\n<li style=\"font-weight: 400;\" aria-level=\"1\"><span style=\"font-weight: 400;\">m\u00e9tiers concern\u00e9s,<\/span><\/li>\n<li style=\"font-weight: 400;\" aria-level=\"1\"><span style=\"font-weight: 400;\">\u00e2ge minimum du salari\u00e9,<\/span><\/li>\n<li style=\"font-weight: 400;\" aria-level=\"1\"><span style=\"font-weight: 400;\">dur\u00e9e de portage maximum,<\/span><\/li>\n<li style=\"font-weight: 400;\" aria-level=\"1\"><span style=\"font-weight: 400;\">conditions d\u2019anciennet\u00e9\u2026<\/span><\/li>\n<\/ul>\n<p><span style=\"font-weight: 400;\">Cela leur permet \u00e9galement de fixer les prestations vers\u00e9s au b\u00e9n\u00e9ficiaire.<\/span><\/p>\n<p><b>Comment obtenir la pr\u00e9retraite d\u2019entreprise ?<\/b><\/p>\n<ul>\n<li style=\"font-weight: 400;\" aria-level=\"1\"><span style=\"font-weight: 400;\">avoir<strong> moins de 65 ans<\/strong><\/span><\/li>\n<li style=\"font-weight: 400;\" aria-level=\"1\"><span style=\"font-weight: 400;\">avoir au minimum <strong>un an d\u2019anciennet\u00e9 dans l\u2019entreprise<\/strong><\/span><\/li>\n<li style=\"font-weight: 400;\" aria-level=\"1\"><strong>ne pas \u00eatre reconnu comme inapte au travail<\/strong><\/li>\n<li style=\"font-weight: 400;\" aria-level=\"1\"><span style=\"font-weight: 400;\">adh\u00e9rer pendant au moins <strong>10 ans<\/strong> \u00e0 un ou plusieurs r\u00e9gimes de <strong>s\u00e9curit\u00e9s sociale<\/strong><\/span><\/li>\n<li style=\"font-weight: 400;\" aria-level=\"1\"><strong>ne pas b\u00e9n\u00e9ficier de mesures de reclassement<\/strong><\/li>\n<li style=\"font-weight: 400;\" aria-level=\"1\"><strong>ne pas b\u00e9n\u00e9ficier de la liquidation de sa retraite personnelle.<\/strong><\/li>\n<\/ul>\n<h1>Pr\u00e9retraite, retraite anticip\u00e9e ou retraite progressive : quelles diff\u00e9rences ?<\/h1>\n<h2>La pr\u00e9retraite<\/h2>\n<p><span style=\"font-weight: 400;\">La pr\u00e9retraite n\u2019est r\u00e9serv\u00e9e qu\u2019\u00e0 une certaine cat\u00e9gorie de salari\u00e9s. Celle-ci ne permet pas de travailler \u00e0 temps partiel en fin de carri\u00e8re.<\/span><\/p>\n<p><strong>Pour obtenir la pr\u00e9retraite, il faut cesser toute activit\u00e9 professionnelle.\u00a0<\/strong><\/p>\n<h2>La retraite progressive<\/h2>\n<p><span style=\"font-weight: 400;\">La <\/span><a href=\"https:\/\/www.mes-allocs.fr\/guides\/retraite\/retraite-progressive\/\"><span style=\"font-weight: 400;\">retraite progressive<\/span><\/a><span style=\"font-weight: 400;\"> est un dispositif qui va permettre \u00e0 tous les salari\u00e9s de pouvoir<strong> r\u00e9duire progressivement leur temps de travail.<\/strong> Il est possible d\u2019obtenir la retraite progressive \u00e0 60 ans.\u00a0<\/span><\/p>\n<p><span style=\"font-weight: 400;\">La retraite progressive va permettre de faciliter la transition entre la fin de carri\u00e8re et le d\u00e9part \u00e0 la retraite.<\/span><\/p>\n<h2>La retraite anticip\u00e9e<\/h2>\n<p><span style=\"font-weight: 400;\">Ce dispositif va permettre \u00e0 certains salari\u00e9s de partir plus t\u00f4t \u00e0 la retraite. Ces salari\u00e9s sont ceux qui exercent un m\u00e9tier p\u00e9nible, qui ont un handicap ou une incapacit\u00e9 permanente de partir plus t\u00f4t \u00e0 la retraite. <\/span><span style=\"font-weight: 400;\">La <a href=\"https:\/\/www.mes-allocs.fr\/guides\/retraite\/retraite-anticipee\/\">retraite anticip\u00e9e<\/a> est plus difficile \u00e0 distinguer. <strong>Les conditions d\u2019\u00e9ligibilit\u00e9 ne sont pas les m\u00eames que celles d\u2019une pr\u00e9retraite.<\/strong><\/span><\/p>\n<h1>La pr\u00e9retraite en cas de licenciement<\/h1>\n<p><span style=\"font-weight: 400;\"><strong>Il n\u2019est plus possible de demander \u00e0 b\u00e9n\u00e9ficier de l\u2019allocation sp\u00e9ciale du Fonds National de l\u2019Emploi<\/strong> <strong>(FNE)<\/strong>, dite <\/span><span style=\"font-weight: 400;\">pr\u00e9retraite-licenciement. Celle-ci n\u2019est plus disponible <\/span><span style=\"font-weight: 400;\">depuis le 10 octobre 2011.<\/span><\/p>\n<p><span style=\"font-weight: 400;\">Seuls les salari\u00e9s qui \u00e9taient licenci\u00e9s et qui percevaient d\u00e9j\u00e0 cette allocation avant cette date peuvent continuer d\u2019en b\u00e9n\u00e9ficier jusqu\u2019\u00e0 la fin de leurs droits.<\/span><\/p>\n<h1>Montant de la pr\u00e9-retraite en 2026<\/h1>\n<h2>Quel est le montant de la pr\u00e9retraite ?<\/h2>\n<p><span style=\"font-weight: 400;\">L\u2019allocation de pr\u00e9retraite pour p\u00e9nibilit\u00e9 repr\u00e9sente<strong> 65%<\/strong> du salaire de r\u00e9f\u00e9rence du b\u00e9n\u00e9ficiaire. Cette r\u00e9f\u00e9rence de salaire est \u00e9gale \u00e0 la moyenne mensuelle des salaires bruts des 12 derniers mois d\u2019activit\u00e9.<\/span><\/p>\n<p><span style=\"font-weight: 400;\">Le montant brut de la pr\u00e9retraite \u00e0 l&rsquo;amiante est \u00e9gal \u00e0 :<\/span><\/p>\n<ul>\n<li style=\"font-weight: 400;\" aria-level=\"1\"><span style=\"font-weight: 400;\"><strong>65 %<\/strong> de votre salaire de r\u00e9f\u00e9rence, si votre salaire est inf\u00e9rieur \u00e0<strong> 4 005 \u20ac ;<\/strong><\/span><\/li>\n<li style=\"font-weight: 400;\" aria-level=\"1\"><span style=\"font-weight: 400;\"><strong>2 603,25 \u20ac<\/strong> (soit <strong>65 %<\/strong> de <strong>4 005 \u20ac<\/strong>) +<strong> 50 %<\/strong> de la fraction de votre salaire de r\u00e9f\u00e9rence comprise entre<strong> 4\u00a0 005\u20ac et 8010\u20ac.<\/strong><strong>\u00a0\u20ac<\/strong><\/span><\/li>\n<li style=\"font-weight: 400;\" aria-level=\"1\"><span style=\"font-weight: 400;\">La fraction de votre salaire de r\u00e9f\u00e9rence n\u2019est pas prise en compte au-dessus de <strong>8010 \u20ac.\u00a0<\/strong><\/span><\/li>\n<\/ul>\n<h2>Que per\u00e7oit le salari\u00e9 lors de son d\u00e9part en retraite d\u00e9finitive ?<\/h2>\n<p>Durant la pr\u00e9retraite,<strong> le salari\u00e9 conserve ses droits aupr\u00e8s du r\u00e9gime g\u00e9n\u00e9ral de la S\u00e9curit\u00e9 sociale<\/strong>. La caisse de retraite suit l\u2019\u00e9volution de sa carri\u00e8re et calcule \u00e0 quel moment il pourra b\u00e9n\u00e9ficier d\u2019une retraite \u00e0 taux plein. Environ quatre mois avant cette \u00e9ch\u00e9ance, elle lui transmet une <strong>estimation du montant de sa pension<\/strong> et l\u2019invite \u00e0 effectuer sa demande. Une fois la retraite liquid\u00e9e, l\u2019allocation de pr\u00e9retraite prend fin, remplac\u00e9e par les pensions de retraite.<\/p>\n<h1>Comment faire une demande de pr\u00e9retraite ?<\/h1>\n<p>Afin de r\u00e9aliser une demande de pr\u00e9retraite, il est imp\u00e9ratif de r\u00e9aliser des d\u00e9marches aupr\u00e8s de votre <strong>caisse r\u00e9gionale d\u2019assurance maladie.<\/strong><\/p>\n<p><span style=\"font-weight: 400;\">C\u2019est elle qui vous enverra ensuite sa d\u00e9cision, dans les deux mois qui suivent votre demande.<\/span><\/p>\n<p><span style=\"font-weight: 400;\">Suite \u00e0 ces deux mois, si vous n\u2019avez pas re\u00e7u de r\u00e9ponse, c\u2019est que votre demande aura \u00e9t\u00e9 refus\u00e9e.<\/span><\/p>\n<h1>Pr\u00e9retraite : avantages et inconv\u00e9nients<\/h1>\n<h2>Les avantages de la pr\u00e9retraite<\/h2>\n<ul>\n<li style=\"font-weight: 400;\" aria-level=\"1\"><span style=\"font-weight: 400;\">Permet de quitter plus t\u00f4t le march\u00e9 du travail.<\/span><\/li>\n<li style=\"font-weight: 400;\" aria-level=\"1\"><span style=\"font-weight: 400;\">Offre une source de revenus avant la retraite officielle.<\/span><\/li>\n<li style=\"font-weight: 400;\" aria-level=\"1\"><span style=\"font-weight: 400;\">Aide \u00e0 anticiper un d\u00e9part \u00e0 la retraite en douceur.<\/span><\/li>\n<\/ul>\n<h2>Les inconv\u00e9nients de la pr\u00e9retraite<\/h2>\n<ul>\n<li style=\"font-weight: 400;\" aria-level=\"1\"><span style=\"font-weight: 400;\">R\u00e9duction des revenus par rapport au salaire habituel.<\/span><\/li>\n<li style=\"font-weight: 400;\" aria-level=\"1\"><span style=\"font-weight: 400;\">Impact potentiel sur le montant de la pension de retraite.<\/span><\/li>\n<li style=\"font-weight: 400;\" aria-level=\"1\"><span style=\"font-weight: 400;\">Risque de perte de contact avec le monde du travail.<\/span><\/li>\n<\/ul>\n<h1>Peut-on cumuler pr\u00e9retraite et emploi ?<\/h1>\n<p><span style=\"font-weight: 400;\">Si vous choisissez de reprendre un emploi, vous risquez de perdre votre allocation de pr\u00e9retraite, qui peut \u00eatre soit suspendue, soit supprim\u00e9e. Il est donc important de bien v\u00e9rifier les conditions sp\u00e9cifiques de votre contrat de pr\u00e9retraite avant de cumuler avec un emploi, afin d&rsquo;\u00e9viter toute perte de droits.<\/span><\/p>\n<div class='cta-block'><div class='text'>Simulez votre retraite en 2 min.<\/div><a href='https:\/\/www.mes-allocs.fr\/formulaire\/retraite?utm_source=seo&origin=guides\/wp-json\/wp\/v2\/posts\/47657' class='app-button fit'>Simulation gratuite<\/a><\/div>\n<\/div>\n<\/div>\n<\/div>\n<\/div>\n","protected":false},"excerpt":{"rendered":"<p>[Mis \u00e0 jour le 03\/03\/2026] La pr\u00e9retraite est une p\u00e9riode particuli\u00e8re de la vie professionnelle : elle correspond \u00e0 une phase d\u2019inactivit\u00e9 r\u00e9mun\u00e9r\u00e9e qui s\u2019intercale entre la cessation d\u2019activit\u00e9 et le d\u00e9part officiel \u00e0 la retraite. Ce dispositif vous permet de quitter votre emploi avant l\u2019\u00e2ge l\u00e9gal de d\u00e9part \u00e0 la retraite tout en continuant [&hellip;]<\/p>\n","protected":false},"author":13,"featured_media":51059,"comment_status":"closed","ping_status":"open","sticky":false,"template":"","format":"standard","meta":{"amp_status":"","footnotes":""},"categories":[19177],"tags":[],"class_list":["post-47657","post","type-post","status-publish","format-standard","has-post-thumbnail","hentry","category-retraite"],"yoast_head":"<!-- This site is optimized with the Yoast SEO plugin v14.9 - https:\/\/yoast.com\/wordpress\/plugins\/seo\/ -->\n<title>Pr\u00e9retraite : conditions, montant, d\u00e9marches | Mes-Allocs.fr<\/title>\n<meta name=\"description\" content=\"La pr\u00e9retraite est une p\u00e9riode d&#039;inactivit\u00e9 r\u00e9mun\u00e9r\u00e9e situ\u00e9e entre la cessation d&#039;activit\u00e9 professionnelle et la retraite \u00e0 proprement dite.\" \/>\n<meta name=\"robots\" content=\"index, follow, max-snippet:-1, max-image-preview:large, max-video-preview:-1\" \/>\n<link rel=\"canonical\" href=\"https:\/\/www.mes-allocs.fr\/guides\/retraite\/preretraite\/\" \/>\n<meta property=\"og:locale\" content=\"fr_FR\" \/>\n<meta property=\"og:type\" content=\"article\" \/>\n<meta property=\"og:title\" content=\"Pr\u00e9retraite : conditions, montant, d\u00e9marches | Mes-Allocs.fr\" \/>\n<meta property=\"og:description\" content=\"La pr\u00e9retraite est une p\u00e9riode d&#039;inactivit\u00e9 r\u00e9mun\u00e9r\u00e9e situ\u00e9e entre la cessation d&#039;activit\u00e9 professionnelle et la retraite \u00e0 proprement dite.\" \/>\n<meta property=\"og:url\" content=\"https:\/\/www.mes-allocs.fr\/guides\/retraite\/preretraite\/\" \/>\n<meta property=\"og:site_name\" content=\"Mes-Allocs.fr\" \/>\n<meta property=\"article:published_time\" content=\"2022-08-18T14:17:52+00:00\" \/>\n<meta property=\"article:modified_time\" content=\"2026-03-03T17:30:32+00:00\" \/>\n<meta property=\"og:image\" content=\"https:\/\/www.mes-allocs.fr\/guides\/wp-content\/uploads\/2022\/05\/anukrati-omar-NZFJYpkwIXc-unsplash.jpg?wsr\" \/>\n\t<meta property=\"og:image:width\" content=\"1920\" \/>\n\t<meta property=\"og:image:height\" content=\"1280\" \/>\n<meta name=\"twitter:card\" content=\"summary_large_image\" \/>\n<script type=\"application\/ld+json\" class=\"yoast-schema-graph\">{\"@context\":\"https:\/\/schema.org\",\"@graph\":[{\"@type\":\"WebSite\",\"@id\":\"https:\/\/www.mes-allocs.fr\/guides\/#website\",\"url\":\"https:\/\/www.mes-allocs.fr\/guides\/\",\"name\":\"Mes-Allocs.fr\",\"description\":\"\",\"potentialAction\":[{\"@type\":\"SearchAction\",\"target\":\"https:\/\/www.mes-allocs.fr\/guides\/?s={search_term_string}\",\"query-input\":\"required name=search_term_string\"}],\"inLanguage\":\"fr-FR\"},{\"@type\":\"ImageObject\",\"@id\":\"https:\/\/www.mes-allocs.fr\/guides\/retraite\/preretraite\/#primaryimage\",\"inLanguage\":\"fr-FR\",\"url\":\"https:\/\/www.mes-allocs.fr\/guides\/wp-content\/uploads\/2022\/05\/anukrati-omar-NZFJYpkwIXc-unsplash.jpg?wsr\",\"width\":1920,\"height\":1280,\"caption\":\"pr\\u00e9retraite\"},{\"@type\":\"WebPage\",\"@id\":\"https:\/\/www.mes-allocs.fr\/guides\/retraite\/preretraite\/#webpage\",\"url\":\"https:\/\/www.mes-allocs.fr\/guides\/retraite\/preretraite\/\",\"name\":\"Pr\\u00e9retraite : conditions, montant, d\\u00e9marches | Mes-Allocs.fr\",\"isPartOf\":{\"@id\":\"https:\/\/www.mes-allocs.fr\/guides\/#website\"},\"primaryImageOfPage\":{\"@id\":\"https:\/\/www.mes-allocs.fr\/guides\/retraite\/preretraite\/#primaryimage\"},\"datePublished\":\"2022-08-18T14:17:52+00:00\",\"dateModified\":\"2026-03-03T17:30:32+00:00\",\"author\":{\"@id\":\"https:\/\/www.mes-allocs.fr\/guides\/#\/schema\/person\/c22c1269332026958a3b5505f80b5404\"},\"description\":\"La pr\\u00e9retraite est une p\\u00e9riode d'inactivit\\u00e9 r\\u00e9mun\\u00e9r\\u00e9e situ\\u00e9e entre la cessation d'activit\\u00e9 professionnelle et la retraite \\u00e0 proprement dite.\",\"inLanguage\":\"fr-FR\"},{\"@type\":\"Person\",\"@id\":\"https:\/\/www.mes-allocs.fr\/guides\/#\/schema\/person\/c22c1269332026958a3b5505f80b5404\",\"name\":\"Flavien Fritz\",\"image\":{\"@type\":\"ImageObject\",\"@id\":\"https:\/\/www.mes-allocs.fr\/guides\/#personlogo\",\"inLanguage\":\"fr-FR\",\"url\":\"https:\/\/www.mes-allocs.fr\/guides\/wp-content\/uploads\/2021\/11\/Flavien-1-150x150.png\",\"caption\":\"Flavien Fritz\"},\"description\":\"Flavien est r\\u00e9dacteur au sein de l'\\u00e9quipe Mes Allocs, sp\\u00e9cialis\\u00e9 en droit priv\\u00e9. Dipl\\u00f4m\\u00e9 de l'Institut Catholique de Vend\\u00e9e, il rejoint Mes Allocs apr\\u00e8s une premi\\u00e8re exp\\u00e9rience entrepreneuriale.\",\"sameAs\":[\"https:\/\/fr.linkedin.com\/in\/flavienfritz\"]}]}<\/script>\n<!-- \/ Yoast SEO plugin. -->","amp_validity":null,"acf":{"faq":{"1":{"question":"Qu'est-ce que la pr\u00e9retraite ?","answer":"La pr\u00e9retraite est un dispositif qui va permettre \u00e0 un salari\u00e9 de cesser toute activit\u00e9 professionnelle avant l\u2019\u00e2ge l\u00e9gal du d\u00e9part \u00e0 la retraite.\r\n\r\n"},"2":{"question":"Quels sont les dispositifs de la pr\u00e9retraite ?","answer":"En premier, il existe le dispositif de pr\u00e9retraite pour p\u00e9nibilit\u00e9.\u00a0\r\n"},"3":{"question":"Pour qui est disponible la pr\u00e9retraite \u00e0 50 ans ? ","answer":"Pour les salari\u00e9s expos\u00e9s \u00e0 l'amiante, la pr\u00e9retraite est disponible d\u00e8s l'\u00e2ge de 50 ans.\u00a0\r\n"},"4":{"question":"Comment faire la demande de pr\u00e9retraite ?","answer":"Afin de r\u00e9aliser une demande de pr\u00e9retraite, il est imp\u00e9ratif de r\u00e9aliser des d\u00e9marches aupr\u00e8s de votre caisse r\u00e9gionale d'assurance maladie.\u00a0\r\n"},"5":{"question":"Qui finance la pr\u00e9retraite d'entreprise ?","answer":"C'est l'employeur qui finance la pr\u00e9retraite d'entreprise.\u00a0\r\n"},"6":{"question":"Existe t-il encore la pr\u00e9retraite de licenciement ?","answer":"Il n'est plus possible de demander \u00e0 b\u00e9n\u00e9ficier de l'allocation sp\u00e9ciale du Fonds National de l'Emploi (FNE), dite pr\u00e9retraite-licenciement.\r\n"},"7":{"question":"","answer":""},"8":{"question":"","answer":""},"9":{"question":"","answer":""},"10":{"question":"","answer":""},"11":{"question":"","answer":""},"12":{"question":"","answer":""},"13":{"question":"","answer":""},"14":{"question":"","answer":""},"15":{"question":"","answer":""},"16":{"question":"","answer":""}}},"_links":{"self":[{"href":"https:\/\/www.mes-allocs.fr\/guides\/wp-json\/wp\/v2\/posts\/47657","targetHints":{"allow":["GET"]}}],"collection":[{"href":"https:\/\/www.mes-allocs.fr\/guides\/wp-json\/wp\/v2\/posts"}],"about":[{"href":"https:\/\/www.mes-allocs.fr\/guides\/wp-json\/wp\/v2\/types\/post"}],"author":[{"embeddable":true,"href":"https:\/\/www.mes-allocs.fr\/guides\/wp-json\/wp\/v2\/users\/13"}],"replies":[{"embeddable":true,"href":"https:\/\/www.mes-allocs.fr\/guides\/wp-json\/wp\/v2\/comments?post=47657"}],"version-history":[{"count":22,"href":"https:\/\/www.mes-allocs.fr\/guides\/wp-json\/wp\/v2\/posts\/47657\/revisions"}],"predecessor-version":[{"id":110037,"href":"https:\/\/www.mes-allocs.fr\/guides\/wp-json\/wp\/v2\/posts\/47657\/revisions\/110037"}],"wp:featuredmedia":[{"embeddable":true,"href":"https:\/\/www.mes-allocs.fr\/guides\/wp-json\/wp\/v2\/media\/51059"}],"wp:attachment":[{"href":"https:\/\/www.mes-allocs.fr\/guides\/wp-json\/wp\/v2\/media?parent=47657"}],"wp:term":[{"taxonomy":"category","embeddable":true,"href":"https:\/\/www.mes-allocs.fr\/guides\/wp-json\/wp\/v2\/categories?post=47657"},{"taxonomy":"post_tag","embeddable":true,"href":"https:\/\/www.mes-allocs.fr\/guides\/wp-json\/wp\/v2\/tags?post=47657"}],"curies":[{"name":"wp","href":"https:\/\/api.w.org\/{rel}","templated":true}]}}