{"id":47619,"date":"2022-03-31T16:24:58","date_gmt":"2022-03-31T14:24:58","guid":{"rendered":"https:\/\/www.mes-allocs.fr\/guides\/?p=47619"},"modified":"2026-03-03T18:12:31","modified_gmt":"2026-03-03T17:12:31","slug":"retraite-au-portugal","status":"publish","type":"post","link":"https:\/\/www.mes-allocs.fr\/guides\/retraite\/retraite-a-l-etranger\/retraite-au-portugal\/","title":{"rendered":"Prendre sa retraite au Portugal : d\u00e9marches et imp\u00f4ts"},"content":{"rendered":"<p style=\"text-align: justify;\"><span style=\"color: #000000;\"><img loading=\"lazy\" decoding=\"async\" class=\"aligncenter size-full wp-image-47641\" title=\"camping vacaf biscarrosse\" src=\"https:\/\/www.mes-allocs.fr\/guides\/wp-content\/uploads\/2022\/03\/svetlana-gumerova-gOLCAOuc7iA-unsplash-e1761032230254.jpg\" alt=\"camping vacaf biscarrosse\" width=\"1917\" height=\"300\" \/><\/span><\/p>\n<p style=\"text-align: justify;\"><span style=\"color: #000000;\">[Mis \u00e0 jour le 03\/03\/2026] Vous souhaitez vivre votre <a href=\"https:\/\/www.mes-allocs.fr\/guides\/retraite\/retraite-a-l-etranger\/\">retraite \u00e0 l&rsquo;\u00e9tranger<\/a> ? Aujourd&rsquo;hui, le Portugal est une des destinations pr\u00e9f\u00e9r\u00e9es des fran\u00e7ais afin d&rsquo;aller y vivre leur retraite. En effet, cette destination conna\u00eet de nombreux avantages, aussi bien au niveau du quotidien que de l&rsquo;administratif. <\/span><span style=\"color: #000000;\">Mes Allocs vous explique comment partir vivre sa <strong>retraite au Portugal<\/strong>.\u00a0<\/span><\/p>\n<div class='cta-block'><div class='text'>Simulez votre retraite en 2 min.<\/div><a href='https:\/\/www.mes-allocs.fr\/formulaire\/retraite?utm_source=seo&origin=guides\/wp-json\/wp\/v2\/posts\/47619' class='app-button fit'>Simulation gratuite<\/a><\/div>\n<h1 style=\"text-align: justify;\"><span style=\"color: #000000;\">Les d\u00e9marches pour aller vivre sa retraite au Portugal<\/span><\/h1>\n<p style=\"text-align: justify;\"><span style=\"color: #000000;\">Pour commencer, s&rsquo; installer au Portugal pour la retraite ne n\u00e9cessite pas de demande de visa.<\/span><\/p>\n<p style=\"text-align: justify;\"><span style=\"color: #000000;\">Quelques formalit\u00e9s administratives sont tout de m\u00eame requises lorsque votre s\u00e9jour dure plus de 90 jours par an.<\/span><\/p>\n<p style=\"text-align: justify;\"><span style=\"color: #000000;\">Dans ce cas, en tant que ressortissant europ\u00e9en, vous devrez alors vous inscrire \u00e0 la mairie pour obtenir la d\u00e9livrance d&rsquo;un certificat europ\u00e9en.<\/span><\/p>\n<h2 style=\"text-align: justify;\"><span style=\"color: #000000;\">Les formalit\u00e9s en France<\/span><\/h2>\n<p style=\"text-align: justify;\"><span style=\"color: #000000;\">Avant de partir au Portugal, il est n\u00e9cessaire de pr\u00e9venir l&rsquo;ensemble de vos caisses de retraite, de base et compl\u00e9mentaire.<\/span><\/p>\n<p style=\"text-align: justify;\"><span style=\"color: #000000;\">Ensuite, vous devrez obligatoirement leur faire parvenir un certificat de vie \u00e0 faire remplir par les autorit\u00e9s locales portugaises. Ce certificat sera \u00e0 renvoyer tous les ans.<\/span><\/p>\n<h2 style=\"text-align: justify;\"><span style=\"color: #000000;\">Les formalit\u00e9s au Portugal<\/span><\/h2>\n<p style=\"text-align: justify;\"><span style=\"color: #000000;\">Les ressortissants des pays de l&rsquo;espace Schengen peuvent entrer au Portugal sans formalit\u00e9. <\/span><\/p>\n<p style=\"text-align: justify;\"><span style=\"color: #000000;\">Cependant, pour pouvoir r\u00e9sider plus de 3 mois, vous devrez vous inscrire aupr\u00e8s de la mairie de votre r\u00e9sidence sur place.<\/span><\/p>\n<p style=\"text-align: justify;\"><span style=\"color: #000000;\">Si votre s\u00e9jour dure plus de 180 jours, il faudra demander un permis de s\u00e9jour.<\/span><\/p>\n<p style=\"text-align: justify;\"><span style=\"color: #000000;\">Ce permis de s\u00e9jour vous sera d\u00e9livr\u00e9 pour 5 ans. <\/span><\/p>\n<p style=\"text-align: justify;\"><span style=\"color: #000000;\">Au bout de ces 5 ans, il vous sera possible de demander le statut de r\u00e9sident permanent si vous souhaitez rester r\u00e9sider sur le long terme. <\/span><\/p>\n<p style=\"text-align: justify;\"><span style=\"color: #000000;\">La demande sera \u00e0 faire aupr\u00e8s du Service des \u00e9trangers et des fronti\u00e8res de votre lieu de r\u00e9sidence.\u00a0<\/span><\/p>\n<h2 style=\"text-align: justify;\"><span style=\"color: #000000;\">Le versement des pensions de retraite \u00e0 l&rsquo;\u00e9tranger<\/span><\/h2>\n<p style=\"text-align: justify;\"><span style=\"color: #000000;\">Il n\u2019est pas obligatoire de r\u00e9sider en France pour pouvoir percevoir sa pension de retraite fran\u00e7aise.<\/span><\/p>\n<p style=\"text-align: justify;\"><span style=\"color: #000000;\"> Les seules pensions de retraites qui ne peuvent pas \u00eatre per\u00e7ues sont l&rsquo;ASPA et l\u2019ASI, car ces prestations sont soumises \u00e0 condition de r\u00e9sidence en France. <\/span><\/p>\n<p style=\"text-align: justify;\"><span style=\"color: #000000;\">La seule d\u00e9marche est d&rsquo;informer vos caisses de retraite de votre changement de r\u00e9sidence et leur adresser tous les ans par voie d\u00e9mat\u00e9rialis\u00e9e le formulaire intitul\u00e9 \u00ab\u00a0Attestation d\u2019existence\u00a0\u00bb ou \u00ab\u00a0Certificat de vie\u00a0\u00bb.\u00a0<\/span><\/p>\n<p style=\"text-align: justify;\"><span style=\"color: #000000;\">Ces certificats sont \u00e0 faire pr\u00e9alablement compl\u00e9ter par l\u2019autorit\u00e9 comp\u00e9tente de votre pays de r\u00e9sidence.<\/span><\/p>\n<h2 style=\"text-align: justify;\"><span style=\"color: #000000;\">Les finances lors d&rsquo;une retraite au Portugal<\/span><\/h2>\n<p style=\"text-align: justify;\"><span style=\"color: #000000;\">Au sein de l\u2019Union Europ\u00e9enne, les d\u00e9marches d\u2019ouverture d\u2019un compte bancaire sont simples.<\/span><\/p>\n<p style=\"text-align: justify;\"><span style=\"color: #000000;\">En effet, le plus souvent, il convient seulement de v\u00e9rifier que vous n\u2019\u00eates pas interdit bancaire.<\/span><\/p>\n<p><iframe loading=\"lazy\" title=\"Comment bien pr\u00e9parer sa retraite ?\" width=\"500\" height=\"281\" src=\"https:\/\/www.youtube.com\/embed\/nZ79Bmawt_M?feature=oembed\" frameborder=\"0\" allow=\"accelerometer; autoplay; clipboard-write; encrypted-media; gyroscope; picture-in-picture; web-share\" referrerpolicy=\"strict-origin-when-cross-origin\" allowfullscreen><\/iframe><\/p>\n<h1 style=\"text-align: justify;\"><span style=\"color: #000000;\">Les avantages d&rsquo;une retraite au Portugal<\/span><\/h1>\n<p style=\"text-align: justify;\"><span style=\"color: #000000;\">Il existe de nombreux avantages \u00e0 partir prendre sa retraite \u00e0 l&rsquo;\u00e9tranger, et notamment au Portugal. <\/span><span style=\"color: #000000;\">Tout d&rsquo;abord, le pays se situe proche de la France. <\/span><span style=\"color: #000000;\">Le Portugal poss\u00e8de une belle qualit\u00e9 de vie. Il poss\u00e8de un climat agr\u00e9able et un cadre de vie id\u00e9al. Cela est parfait pour les personnes \u00e2g\u00e9es qui souhaitent une retraite reposante et calme.<\/span><\/p>\n<h2 style=\"text-align: justify;\"><span style=\"color: #000000;\">Les avantages fiscaux<\/span><\/h2>\n<p style=\"text-align: justify;\"><span style=\"color: #000000;\">Le Portugal est \u00e9galement connu pour son co\u00fbt de la vie inf\u00e9rieur \u00e0 25% compar\u00e9 \u00e0 celui de la France. <\/span><\/p>\n<p style=\"text-align: justify;\"><span style=\"color: #000000;\">Cela permet donc aux retrait\u00e9s de pouvoir investir plus facilement dans l&rsquo;immobilier. Cela leur permet m\u00eame de pouvoir se faire plaisir pour leurs loisirs.<\/span><\/p>\n<p style=\"text-align: justify;\"><span style=\"color: #000000;\">M\u00eame si celui-ci a r\u00e9cemment augment\u00e9, le prix de l&rsquo; immobilier y est beaucoup plus accessible qu&rsquo;en France. <\/span><\/p>\n<p style=\"text-align: justify;\"><span style=\"color: #000000;\">En effet, les prix moyens sont de 3 150 euros du m\u00e8tre carr\u00e9. En Juillet 2023, dans le centre de Lisbonne, il fallait compter entre 6 000 et 7 000 euros le m\u00e8tre carr\u00e9.<\/span><\/p>\n<h2 style=\"text-align: justify;\"><span style=\"color: #000000;\">L&rsquo;assurance maladie<\/span><\/h2>\n<p style=\"text-align: justify;\"><span style=\"color: #000000;\">Vous devrez vous acquitter d&rsquo;une cotisation d&rsquo;assurance maladie. <\/span><\/p>\n<p style=\"text-align: justify;\"><span style=\"color: #000000;\">Cette cotisation d&rsquo; assurance maladie est variable suivant les pensions. Le taux est de 3,2 % sur la pension du <span class=\"lexical-link\"><span class=\"lexical-word\">r\u00e9gime de base<\/span><\/span> des salari\u00e9s et 4,2\u00a0% sur la pension du r\u00e9gime de retraite compl\u00e9mentaire.<\/span><\/p>\n<p style=\"text-align: justify;\"><span style=\"color: #000000;\">Dans tous les cas, vous avez l&rsquo;obligation de vous inscrire aupr\u00e8s du r\u00e9gime d&rsquo;assurance maladie portugais. <\/span><\/p>\n<p style=\"text-align: justify;\"><span style=\"color: #000000;\">Sur place, vous b\u00e9n\u00e9ficierez alors des remboursements du r\u00e9gime public local.<\/span><\/p>\n<p style=\"text-align: justify;\"><span style=\"color: #000000;\"> De plus, vous serez \u00e9galement rembours\u00e9 lors de vos s\u00e9jours en France par l&rsquo;assurance maladie fran\u00e7aise.<\/span><\/p>\n<p style=\"text-align: justify;\"><span style=\"color: #000000;\">Afin d&rsquo;obtenir une meilleure couverture sur place, il est \u00e9galement possible de souscrire l&rsquo;assurance maladie aupr\u00e8s de la Caisse des Fran\u00e7ais de l&rsquo;\u00e9tranger (CFE). <\/span><\/p>\n<p style=\"text-align: justify;\"><span style=\"color: #000000;\">Cela signifie que vous recevrez \u00e9galement des remboursements partiels dans le syst\u00e8me portugais priv\u00e9. Ces remboursements se font \u00e0 hauteur des remboursements de la S\u00e9curit\u00e9 sociale fran\u00e7aise.<\/span><\/p>\n<h1 style=\"text-align: justify;\"><span style=\"color: #000000;\">Les imp\u00f4ts lors d&rsquo;une retraite au Portugal <\/span><\/h1>\n<p style=\"text-align: justify;\"><span style=\"color: #000000;\">Concernant la\u00a0fiscalit\u00e9, le Portugal \u00e9tait une destination extr\u00eamement avantageuse pour les retrait\u00e9s jusqu&rsquo;\u00e0 r\u00e9cemment. <\/span><\/p>\n<p style=\"text-align: justify;\"><span style=\"color: #000000;\">Le gouvernement portugais attirait de nombreux retrait\u00e9s. En effet, il proposait, gr\u00e2ce au statut de R\u00e9sident Non Habituel (RNH), une exon\u00e9ration fiscale durant 10 ans sur les pensions de retraite \u00e9trang\u00e8res. Les pensions de retraite fran\u00e7aises y figuraient.<\/span><\/p>\n<p style=\"text-align: justify;\"><span style=\"color: #000000;\"> De plus, si les retrait\u00e9s acceptaient de rester sur le territoire au moins 9 mois par an, la non-taxation fran\u00e7aise \u00e9tait alors appliqu\u00e9e.<\/span><\/p>\n<p style=\"text-align: justify;\"><span style=\"color: #000000;\">Ensuite, apr\u00e8s 10 ans, le r\u00e9gime progressif d&rsquo;imposition \u00e9tait alors soumis.\u00a0<\/span><\/p>\n<h2 style=\"text-align: justify;\"><span style=\"color: #000000;\">Le changement depuis 2020\u00a0<\/span><\/h2>\n<p style=\"text-align: justify;\"><span style=\"color: #000000;\">Une loi de F\u00e9vrier 2020 met fin depuis Avril 2021 \u00e0 cette exon\u00e9ration fiscale de 10 ans. Cela signifie que cette exon\u00e9ration n&rsquo;est plus disponible pour les nouveaux arrivants RNH.<\/span><\/p>\n<p style=\"text-align: justify;\"><span style=\"color: #000000;\"> Le nouveau r\u00e9gime fiscal fixe un taux d&rsquo; imposition minimum de 10% sur les revenus des retrait\u00e9s \u00e9trangers, sans effet r\u00e9troactif. <\/span><\/p>\n<p style=\"text-align: justify;\"><span style=\"color: #000000;\">Les ressortissants europ\u00e9ens avec un statut RNH d\u00e9j\u00e0 install\u00e9s et arrivant au bout de leur p\u00e9riode d&rsquo;exon\u00e9ration de 10 ans ne seront pas soumis \u00e0 ce taux de 10% mais au r\u00e9gime d&rsquo;imp\u00f4t progressif.<\/span><\/p>\n<h2 style=\"text-align: justify;\"><span style=\"color: #000000;\">Les fonctionnaires en retraite au Portugal<\/span><\/h2>\n<p style=\"text-align: justify;\"><span style=\"color: #000000;\">Malgr\u00e9 que ce mode de fonctionnement soit tr\u00e8s attractif pour la plupart des retrait\u00e9s fran\u00e7ais, les fonctionnaires, eux,\u00a0gardent tout de m\u00eame leur taxation sur leurs pensions de la part de la France. <\/span><\/p>\n<p style=\"text-align: justify;\"><span style=\"color: #000000;\">Cela signifie que l&rsquo;exon\u00e9ration fiscale de dix ann\u00e9es ne s&rsquo;adresse pas aux fonctionnaires.<\/span><\/p>\n<div class='cta-block'><div class='text'>Simulez votre retraite en 2 min.<\/div><a href='https:\/\/www.mes-allocs.fr\/formulaire\/retraite?utm_source=seo&origin=guides\/wp-json\/wp\/v2\/posts\/47619' class='app-button fit'>Simulation gratuite<\/a><\/div>\n","protected":false},"excerpt":{"rendered":"<p>[Mis \u00e0 jour le 03\/03\/2026] Vous souhaitez vivre votre retraite \u00e0 l&rsquo;\u00e9tranger ? Aujourd&rsquo;hui, le Portugal est une des destinations pr\u00e9f\u00e9r\u00e9es des fran\u00e7ais afin d&rsquo;aller y vivre leur retraite. En effet, cette destination conna\u00eet de nombreux avantages, aussi bien au niveau du quotidien que de l&rsquo;administratif. Mes Allocs vous explique comment partir vivre sa retraite [&hellip;]<\/p>\n","protected":false},"author":13,"featured_media":47641,"comment_status":"open","ping_status":"open","sticky":false,"template":"","format":"standard","meta":{"amp_status":"","footnotes":""},"categories":[19177,19467],"tags":[],"class_list":["post-47619","post","type-post","status-publish","format-standard","has-post-thumbnail","hentry","category-retraite","category-retraite-a-l-etranger"],"yoast_head":"<!-- This site is optimized with the Yoast SEO plugin v14.9 - https:\/\/yoast.com\/wordpress\/plugins\/seo\/ -->\n<title>Prendre sa retraite au Portugal : d\u00e9marches et imp\u00f4ts | Mes-Allocs.fr<\/title>\n<meta name=\"description\" content=\"Vous envisagez de prendre votre retraite au Portugal ? Vous devez remplir des conditions notamment sur votre imposition. On vous explique.\" \/>\n<meta name=\"robots\" content=\"index, follow, max-snippet:-1, max-image-preview:large, max-video-preview:-1\" \/>\n<link rel=\"canonical\" href=\"https:\/\/www.mes-allocs.fr\/guides\/retraite\/retraite-a-l-etranger\/retraite-au-portugal\/\" \/>\n<meta property=\"og:locale\" content=\"fr_FR\" \/>\n<meta property=\"og:type\" content=\"article\" \/>\n<meta property=\"og:title\" content=\"Prendre sa retraite au Portugal : d\u00e9marches et imp\u00f4ts | Mes-Allocs.fr\" \/>\n<meta property=\"og:description\" content=\"Vous envisagez de prendre votre retraite au Portugal ? Vous devez remplir des conditions notamment sur votre imposition. On vous explique.\" \/>\n<meta property=\"og:url\" content=\"https:\/\/www.mes-allocs.fr\/guides\/retraite\/retraite-a-l-etranger\/retraite-au-portugal\/\" \/>\n<meta property=\"og:site_name\" content=\"Mes-Allocs.fr\" \/>\n<meta property=\"article:published_time\" content=\"2022-03-31T14:24:58+00:00\" \/>\n<meta property=\"article:modified_time\" content=\"2026-03-03T17:12:31+00:00\" \/>\n<meta property=\"og:image\" content=\"https:\/\/www.mes-allocs.fr\/guides\/wp-content\/uploads\/2022\/03\/svetlana-gumerova-gOLCAOuc7iA-unsplash.jpg?wsr\" \/>\n\t<meta property=\"og:image:width\" content=\"1920\" \/>\n\t<meta property=\"og:image:height\" content=\"1400\" \/>\n<meta name=\"twitter:card\" content=\"summary_large_image\" \/>\n<script type=\"application\/ld+json\" class=\"yoast-schema-graph\">{\"@context\":\"https:\/\/schema.org\",\"@graph\":[{\"@type\":\"WebSite\",\"@id\":\"https:\/\/www.mes-allocs.fr\/guides\/#website\",\"url\":\"https:\/\/www.mes-allocs.fr\/guides\/\",\"name\":\"Mes-Allocs.fr\",\"description\":\"\",\"potentialAction\":[{\"@type\":\"SearchAction\",\"target\":\"https:\/\/www.mes-allocs.fr\/guides\/?s={search_term_string}\",\"query-input\":\"required name=search_term_string\"}],\"inLanguage\":\"fr-FR\"},{\"@type\":\"ImageObject\",\"@id\":\"https:\/\/www.mes-allocs.fr\/guides\/retraite\/retraite-a-l-etranger\/retraite-au-portugal\/#primaryimage\",\"inLanguage\":\"fr-FR\",\"url\":\"https:\/\/www.mes-allocs.fr\/guides\/wp-content\/uploads\/2022\/03\/svetlana-gumerova-gOLCAOuc7iA-unsplash.jpg?wsr\",\"width\":1920,\"height\":1400,\"caption\":\"camping vacaf biscarrosse\"},{\"@type\":\"WebPage\",\"@id\":\"https:\/\/www.mes-allocs.fr\/guides\/retraite\/retraite-a-l-etranger\/retraite-au-portugal\/#webpage\",\"url\":\"https:\/\/www.mes-allocs.fr\/guides\/retraite\/retraite-a-l-etranger\/retraite-au-portugal\/\",\"name\":\"Prendre sa retraite au Portugal : d\\u00e9marches et imp\\u00f4ts | Mes-Allocs.fr\",\"isPartOf\":{\"@id\":\"https:\/\/www.mes-allocs.fr\/guides\/#website\"},\"primaryImageOfPage\":{\"@id\":\"https:\/\/www.mes-allocs.fr\/guides\/retraite\/retraite-a-l-etranger\/retraite-au-portugal\/#primaryimage\"},\"datePublished\":\"2022-03-31T14:24:58+00:00\",\"dateModified\":\"2026-03-03T17:12:31+00:00\",\"author\":{\"@id\":\"https:\/\/www.mes-allocs.fr\/guides\/#\/schema\/person\/c22c1269332026958a3b5505f80b5404\"},\"description\":\"Vous envisagez de prendre votre retraite au Portugal ? Vous devez remplir des conditions notamment sur votre imposition. On vous explique.\",\"inLanguage\":\"fr-FR\"},{\"@type\":\"Person\",\"@id\":\"https:\/\/www.mes-allocs.fr\/guides\/#\/schema\/person\/c22c1269332026958a3b5505f80b5404\",\"name\":\"Flavien Fritz\",\"image\":{\"@type\":\"ImageObject\",\"@id\":\"https:\/\/www.mes-allocs.fr\/guides\/#personlogo\",\"inLanguage\":\"fr-FR\",\"url\":\"https:\/\/www.mes-allocs.fr\/guides\/wp-content\/uploads\/2021\/11\/Flavien-1-150x150.png\",\"caption\":\"Flavien Fritz\"},\"description\":\"Flavien est r\\u00e9dacteur au sein de l'\\u00e9quipe Mes Allocs, sp\\u00e9cialis\\u00e9 en droit priv\\u00e9. Dipl\\u00f4m\\u00e9 de l'Institut Catholique de Vend\\u00e9e, il rejoint Mes Allocs apr\\u00e8s une premi\\u00e8re exp\\u00e9rience entrepreneuriale.\",\"sameAs\":[\"https:\/\/fr.linkedin.com\/in\/flavienfritz\"]}]}<\/script>\n<!-- \/ Yoast SEO plugin. -->","amp_validity":null,"acf":{"faq":{"1":{"question":"Faut-il un visa pour aller vivre au Portugal ?","answer":"S'installer au Portugal pour la retraite ne n\u00e9cessite pas de demande de visa.\r\n"},"2":{"question":"Quelles sont les formalit\u00e9s \u00e0 effectuer en France ?","answer":"Avant de partir au Portugal, il est n\u00e9cessaire de pr\u00e9venir l'ensemble de vos caisses de retraite, de base et compl\u00e9mentaire.\r\n"},"3":{"question":"Quelles sont les formalit\u00e9s \u00e0 effectuer au Portugal ?","answer":"Pour pouvoir r\u00e9sider plus de 3 mois, vous devrez vous inscrire aupr\u00e8s de la mairie de votre r\u00e9sidence sur place.\r\n"},"4":{"question":"Quels sont les avantages de partir prendre sa retraite au Portugal ?","answer":"Il existe de nombreux avantages \u00e0 partir prendre sa retraite au Portugal.\r\n"},"5":{"question":"","answer":""},"6":{"question":"","answer":""},"7":{"question":"","answer":""},"8":{"question":"","answer":""},"9":{"question":"","answer":""},"10":{"question":"","answer":""},"11":{"question":"","answer":""},"12":{"question":"","answer":""},"13":{"question":"","answer":""},"14":{"question":"","answer":""},"15":{"question":"","answer":""},"16":{"question":"","answer":""}}},"_links":{"self":[{"href":"https:\/\/www.mes-allocs.fr\/guides\/wp-json\/wp\/v2\/posts\/47619","targetHints":{"allow":["GET"]}}],"collection":[{"href":"https:\/\/www.mes-allocs.fr\/guides\/wp-json\/wp\/v2\/posts"}],"about":[{"href":"https:\/\/www.mes-allocs.fr\/guides\/wp-json\/wp\/v2\/types\/post"}],"author":[{"embeddable":true,"href":"https:\/\/www.mes-allocs.fr\/guides\/wp-json\/wp\/v2\/users\/13"}],"replies":[{"embeddable":true,"href":"https:\/\/www.mes-allocs.fr\/guides\/wp-json\/wp\/v2\/comments?post=47619"}],"version-history":[{"count":22,"href":"https:\/\/www.mes-allocs.fr\/guides\/wp-json\/wp\/v2\/posts\/47619\/revisions"}],"predecessor-version":[{"id":110034,"href":"https:\/\/www.mes-allocs.fr\/guides\/wp-json\/wp\/v2\/posts\/47619\/revisions\/110034"}],"wp:featuredmedia":[{"embeddable":true,"href":"https:\/\/www.mes-allocs.fr\/guides\/wp-json\/wp\/v2\/media\/47641"}],"wp:attachment":[{"href":"https:\/\/www.mes-allocs.fr\/guides\/wp-json\/wp\/v2\/media?parent=47619"}],"wp:term":[{"taxonomy":"category","embeddable":true,"href":"https:\/\/www.mes-allocs.fr\/guides\/wp-json\/wp\/v2\/categories?post=47619"},{"taxonomy":"post_tag","embeddable":true,"href":"https:\/\/www.mes-allocs.fr\/guides\/wp-json\/wp\/v2\/tags?post=47619"}],"curies":[{"name":"wp","href":"https:\/\/api.w.org\/{rel}","templated":true}]}}