{"id":47409,"date":"2022-04-12T18:24:33","date_gmt":"2022-04-12T16:24:33","guid":{"rendered":"https:\/\/www.mes-allocs.fr\/guides\/?p=47409"},"modified":"2026-01-30T18:05:04","modified_gmt":"2026-01-30T17:05:04","slug":"retraite-complementaire","status":"publish","type":"post","link":"https:\/\/www.mes-allocs.fr\/guides\/retraite\/retraite-complementaire\/","title":{"rendered":"Retraite compl\u00e9mentaire 2026 : fonctionnement, points, d\u00e9marches"},"content":{"rendered":"<div class=\"content introduction\">\n<p><img loading=\"lazy\" decoding=\"async\" class=\"aligncenter wp-image-47423 size-full\" title=\"retraite compl\u00e9mentaire\" src=\"https:\/\/www.mes-allocs.fr\/guides\/wp-content\/uploads\/2022\/03\/harli-marten-M9jrKDXOQoU-unsplash-e1648477385610.jpg\" alt=\"retraite compl\u00e9mentaire\" width=\"1920\" height=\"446\" srcset=\"https:\/\/www.mes-allocs.fr\/guides\/wp-content\/uploads\/2022\/03\/harli-marten-M9jrKDXOQoU-unsplash-e1648477385610.jpg 1920w, https:\/\/www.mes-allocs.fr\/guides\/wp-content\/uploads\/2022\/03\/harli-marten-M9jrKDXOQoU-unsplash-e1648477385610-300x70.jpg 300w, https:\/\/www.mes-allocs.fr\/guides\/wp-content\/uploads\/2022\/03\/harli-marten-M9jrKDXOQoU-unsplash-e1648477385610-1024x238.jpg 1024w, https:\/\/www.mes-allocs.fr\/guides\/wp-content\/uploads\/2022\/03\/harli-marten-M9jrKDXOQoU-unsplash-e1648477385610-768x178.jpg 768w, https:\/\/www.mes-allocs.fr\/guides\/wp-content\/uploads\/2022\/03\/harli-marten-M9jrKDXOQoU-unsplash-e1648477385610-1536x357.jpg 1536w, https:\/\/www.mes-allocs.fr\/guides\/wp-content\/uploads\/2022\/03\/harli-marten-M9jrKDXOQoU-unsplash-e1648477385610-600x139.jpg 600w\" sizes=\"auto, (max-width: 1920px) 100vw, 1920px\" \/><\/p>\n<div>\n<p>[Mis \u00e0 jour le 30\/01\/2026] Lorsque vous \u00eates salari\u00e9 du secteur priv\u00e9, vous cotisez obligatoirement au r\u00e9gime de <b>retraite compl\u00e9mentaire<\/b> de l\u2019Agirc-Arrco. Ces cotisations vous permettent de b\u00e9n\u00e9ficier, au moment de votre <a href=\"https:\/\/www.mes-allocs.fr\/guides\/retraite\/\">retraite<\/a>, d\u2019une pension compl\u00e9mentaire \u00e0 votre retraite de base de la S\u00e9curit\u00e9 sociale. Mes Allocs vous d\u00e9taille juste ici ce qu\u2019est cette pension compl\u00e9mentaire.<\/p>\n<div class='cta-block'><div class='text'>Simulez votre retraite en 2 min.<\/div><a href='https:\/\/www.mes-allocs.fr\/formulaire\/retraite?utm_source=seo&origin=guides\/wp-json\/wp\/v2\/posts\/47409' class='app-button fit'>Simulation gratuite<\/a><\/div>\n<\/div>\n<h1>Comprendre la retraite compl\u00e9mentaire<\/h1>\n<h2>\u00c0 quoi sert la retraite compl\u00e9mentaire ?<\/h2>\n<p>La retraite compl\u00e9mentaire sert \u00e0 <b>augmenter le montant de la pension<\/b> per\u00e7ue par les retrait\u00e9s. En France, la <a href=\"https:\/\/www.mes-allocs.fr\/guides\/retraite\/retraite-de-base\/\">retraite de base<\/a>, vers\u00e9e par la S\u00e9curit\u00e9 sociale, ne suffit souvent pas \u00e0 maintenir le niveau de vie ant\u00e9rieur. C\u2019est pourquoi les salari\u00e9s cotisent \u00e9galement \u00e0 un r\u00e9gime compl\u00e9mentaire obligatoire, principalement <b>l\u2019Agirc-Arrco<\/b> pour les salari\u00e9s du secteur priv\u00e9.<\/p>\n<h2>Comment conna\u00eetre votre caisse de retraite compl\u00e9mentaire ?<\/h2>\n<p>Pour identifier votre <a href=\"https:\/\/www.mes-allocs.fr\/guides\/retraite\/retraite-complementaire\/caisse-de-retraite-complementaire\/\"><b>caisse de retraite compl\u00e9mentaire<\/b><\/a>, un <b>service en ligne<\/b>\u00a0est \u00e0 votre disposition. Il vous suffit d\u2019indiquer vos <b>nom, pr\u00e9nom et num\u00e9ro de s\u00e9curit\u00e9 sociale<\/b> pour retrouver rapidement votre <b>groupe de protection sociale<\/b>, c\u2019est-\u00e0-dire l\u2019organisme qui g\u00e8re votre dossier de retraite compl\u00e9mentaire.<\/p>\n<p>Ce service vous permet :<\/p>\n<ul>\n<li aria-level=\"1\">de conna\u00eetre le nom de votre caisse de retraite,<\/li>\n<li aria-level=\"1\">d\u2019acc\u00e9der directement \u00e0 son <b>site internet<\/b>,<\/li>\n<li aria-level=\"1\">et de <b>contacter facilement un conseiller<\/b> si besoin.<\/li>\n<\/ul>\n<p>La caisse de retraite est charg\u00e9e de la gestion de vos <b>points Agirc-Arrco<\/b>, du <b>suivi de votre carri\u00e8re<\/b> et du <b>versement de votre pension<\/b> au moment de la retraite.<\/p>\n<p>Pour acc\u00e9der \u00e0 ce service, rendez-vous sur le site de l\u2019Agirc-Arrco.<\/p>\n<p><iframe loading=\"lazy\" src=\"\/\/www.youtube.com\/embed\/nZ79Bmawt_M\" width=\"560\" height=\"314\" allowfullscreen=\"allowfullscreen\"><\/iframe><\/p>\n<h1>Qui est concern\u00e9 par la retraite compl\u00e9mentaire ?<\/h1>\n<ul>\n<li aria-level=\"1\">Le r\u00e9gime <b>Agirc-Arrco<\/b> concerne <b>tous les salari\u00e9s du priv\u00e9<\/b> (cadres et non-cadres), affili\u00e9s au <b>r\u00e9gime g\u00e9n\u00e9ral<\/b>.<\/li>\n<li aria-level=\"1\">Il s\u2019applique aux contrats <b>temps plein, partiel, CDD, int\u00e9rim et emplois courts<\/b>.<\/li>\n<li aria-level=\"1\">Les <b>points retraite<\/b> sont acquis d\u00e8s qu\u2019un salaire est d\u00e9clar\u00e9, m\u00eame pour de courtes p\u00e9riodes.<\/li>\n<li aria-level=\"1\">Les <b>salari\u00e9s d\u00e9tach\u00e9s \u00e0 l\u2019\u00e9tranger<\/b> continuent \u00e0 cotiser au r\u00e9gime.<br \/>\nLes <b>expatri\u00e9s<\/b> ne cotisent plus automatiquement, mais peuvent souscrire volontairement via la <b>CFE<\/b> et la <b>CRE<\/b> pour maintenir leurs droits.<\/li>\n<\/ul>\n<h1>Comment fonctionne le r\u00e9gime Agirc-Arrco de retraite compl\u00e9mentaire ?<\/h1>\n<p>La retraite compl\u00e9mentaire repose sur un <b>syst\u00e8me de points<\/b> : plus vous cotisez, plus vous en accumulez. Ces points varient selon leur date d\u2019acquisition. Au moment de la retraite, le <b>nombre total de points<\/b> est multipli\u00e9 par leur <b>valeur actuelle<\/b> pour d\u00e9terminer le <b>montant annuel<\/b> de votre pension compl\u00e9mentaire. Si vous partez avec un <b>taux plein<\/b> (50 % pour la retraite de base), la compl\u00e9mentaire est vers\u00e9e <b>en totalit\u00e9<\/b>. En cas de <b>taux minor\u00e9<\/b>, elle est r\u00e9duite.<\/p>\n<p><div class='shortcode disclaimer'><div class='title'>Attention<\/div><div class='content'>La retraite compl\u00e9mentaire est \u00e0 ne pas confondre avec la <a href=\"https:\/\/www.mes-allocs.fr\/guides\/retraite\/retraite-supplementaire\/\">retraite surcompl\u00e9mentaire<\/a>. Cette derni\u00e8re est une \u00e9pargne, souscrite aupr\u00e8s d&rsquo;une assurance, soci\u00e9t\u00e9 de pr\u00e9voyance ou banque, pour compl\u00e9menter la retraite de base et compl\u00e9mentaire. <\/div><\/div> <!-- --> <!-- notionvc: d2a00938-32ee-41ba-b711-a333d199c6b9 --><\/p>\n<h1>Comment obtient-on des points de retraite compl\u00e9mentaire ?<\/h1>\n<h2>Points issus des p\u00e9riodes cotis\u00e9es<\/h2>\n<p>Les points sont obtenus en cotisant sur votre <b>salaire brut<\/b> (hors primes exceptionnelles). Le montant cotis\u00e9 est <b>converti en points<\/b> selon une valeur fix\u00e9e par la caisse. Plus vos revenus sont \u00e9lev\u00e9s et votre carri\u00e8re longue, plus vous obtenez de points. Ces points apparaissent sur votre <b>relev\u00e9 de carri\u00e8re<\/b> consultable en ligne.<\/p>\n<h2>Points attribu\u00e9s gratuitement<\/h2>\n<p>Des <b>points gratuits<\/b> sont accord\u00e9s lors de certaines p\u00e9riodes non travaill\u00e9es : <b>ch\u00f4mage indemnis\u00e9, maladie, maternit\u00e9, invalidit\u00e9<\/b>, ou <b>cong\u00e9 parental<\/b>. Ces points d\u00e9pendent de votre <b>ancien salaire<\/b> et de la dur\u00e9e d&rsquo;interruption. Ce syst\u00e8me permet de <b>pr\u00e9server vos droits<\/b> \u00e0 la retraite compl\u00e9mentaire malgr\u00e9 des arr\u00eats d\u2019activit\u00e9.<\/p>\n<h2>Rachat de points<\/h2>\n<p>Si vous avez des p\u00e9riodes peu ou pas cotis\u00e9es, vous pouvez <b>racheter des points<\/b> en versant une somme \u00e0 votre caisse. Le co\u00fbt d\u00e9pend de votre <b>\u00e2ge, revenu et nombre de points souhait\u00e9s<\/b>. Certaines situations (comme les <b>\u00e9tudes sup\u00e9rieures<\/b>) ouvrent droit \u00e0 un tarif r\u00e9duit. Un <b>simulateur<\/b> ou un <b>conseiller retraite<\/b> peut vous aider \u00e0 \u00e9valuer la pertinence de ce choix.<\/p>\n<div class='cta-block'><div class='text'>Simulez votre retraite en 2 min.<\/div><a href='https:\/\/www.mes-allocs.fr\/formulaire\/retraite?utm_source=seo&origin=guides\/wp-json\/wp\/v2\/posts\/47409' class='app-button fit'>Simulation gratuite<\/a><\/div>\n<h1>Retraite compl\u00e9mentaire : calcul du montant et versements<\/h1>\n<h2>Formule de base du calcul de la retraite compl\u00e9mentaire<\/h2>\n<p>Lorsque vous <b>demandez votre pension de retraite compl\u00e9mentaire<\/b>, le total de <b>points acquis<\/b> est multipli\u00e9 par la <b>valeur de service du point<\/b> pour calculer le montant mensuel. Depuis le <b>1er novembre 2025<\/b>, le <b>prix d\u2019achat du point Agirc-Arrco<\/b> est fix\u00e9 \u00e0 <b>1,4386 \u20ac<\/b>.<\/p>\n<h2>Fr\u00e9quence des versements selon le nombre de points<\/h2>\n<p>La fr\u00e9quence des <a href=\"https:\/\/www.mes-allocs.fr\/guides\/retraite\/retraite-complementaire\/retraite-complementaire-arrco-paiement\/\"><b>versements de la retraite compl\u00e9mentaire Agirc-Arrco<\/b><\/a> d\u00e9pend du <b>nombre de points acquis<\/b> :<\/p>\n<ul>\n<li aria-level=\"1\"><b>Moins de 101 points<\/b> : la pension est vers\u00e9e <b>en une seule fois<\/b> (versement unique appel\u00e9 \u00ab\u00a0capital unique\u00a0\u00bb).<\/li>\n<li aria-level=\"1\"><b>Entre 101 et 200 points<\/b> : la pension est vers\u00e9e <b>une fois par trimestre<\/b>.<\/li>\n<li aria-level=\"1\"><b>Plus de 200 points<\/b> : la pension est vers\u00e9e <b>chaque mois<\/b>.<\/li>\n<\/ul>\n<h1>Les ajustements possibles sur votre pension<\/h1>\n<h2>Abattements et minorations<\/h2>\n<p>Un <b>abattement<\/b> s\u2019applique sur le <b>nombre de points de retraite compl\u00e9mentaire<\/b> si vous demandez votre pension avant l\u2019\u00e2ge de <b>67 ans<\/b>. Ce m\u00e9canisme peut r\u00e9duire le montant de votre pension. Cependant, certaines situations permettent une <b>retraite sans abattement<\/b> avant 67 ans, \u00e0 condition de b\u00e9n\u00e9ficier d\u2019une <b>retraite de base \u00e0 taux plein<\/b>. C\u2019est le cas si vous \u00eates :<\/p>\n<ul>\n<li aria-level=\"1\">en <b>situation de handicap<\/b>,<\/li>\n<li aria-level=\"1\">reconnu pour une <b>carri\u00e8re longue<\/b>,<\/li>\n<li aria-level=\"1\">d\u00e9clar\u00e9 <b>inapte au travail<\/b>,<\/li>\n<li aria-level=\"1\">ou concern\u00e9 par une <b>situation particuli\u00e8re<\/b> pr\u00e9vue par la r\u00e9glementation.<\/li>\n<\/ul>\n<p>Il est possible de faire une <b>demande anticip\u00e9e<\/b> d\u00e8s 57 ans, m\u00eame sans taux plein, mais un <b>coefficient de minoration<\/b> sera appliqu\u00e9. Ce <b>coefficient varie selon l\u2019\u00e2ge de d\u00e9part<\/b>.<\/p>\n<p>De plus, si vous demandez votre <b>retraite compl\u00e9mentaire<\/b> en m\u00eame temps que la retraite de base \u00e0 taux plein, une <b>minoration de 10 % pendant 3 ans<\/b> est appliqu\u00e9e, sauf si vous atteignez <b>67 ans<\/b> avant la fin de cette p\u00e9riode.<\/p>\n<h2>Majoration pour enfants<\/h2>\n<p>Vous pouvez b\u00e9n\u00e9ficier d\u2019une <b>majoration du montant de votre pension<\/b> si vous avez <b>eu ou \u00e9lev\u00e9 au moins 3 enfants<\/b>. Cette <b>majoration de retraite compl\u00e9mentaire<\/b> est <b>d\u00e9finitive<\/b> et vise \u00e0 reconna\u00eetre la charge familiale pass\u00e9e.<\/p>\n<p>Par ailleurs, une autre <b>majoration temporaire<\/b> est accord\u00e9e si, au moment de votre d\u00e9part \u00e0 la retraite, vous avez encore <strong>u<\/strong><b>n ou plusieurs enfants \u00e0 charge<\/b>. Cette <b>majoration temporaire<\/b> est maintenue <b>aussi longtemps que les enfants restent \u00e0 votre charge<\/b>.<\/p>\n<div class='shortcode important'><div class='title'>Important<\/div><div class='content'>Il n\u2019est pas possible de <b>cumuler les deux types de majoration<\/b>. Si vous \u00eates \u00e9ligible \u00e0 toutes les deux, c\u2019est <b>la plus avantageuse<\/b> qui vous sera automatiquement attribu\u00e9e.<br \/>\nEnfin, <b>si vous cessez de percevoir la majoration pour enfant \u00e0 charge<\/b>, la <b>majoration pour 3 enfants<\/b> pourra vous \u00eatre vers\u00e9e \u00e0 condition de remplir les crit\u00e8res requis.<\/div><\/div>\n<h1>Quelles d\u00e9marches pour demander votre retraite compl\u00e9mentaire ?<\/h1>\n<ul>\n<li aria-level=\"1\"><b>Commencez les d\u00e9marches 4 \u00e0 5 mois avant<\/b> la date souhait\u00e9e de d\u00e9part.<\/li>\n<li aria-level=\"1\"><b>Connectez-vous \u00e0 votre espace personnel Agirc-Arrco<\/b> pour suivre un parcours s\u00e9curis\u00e9.<\/li>\n<li aria-level=\"1\"><b>Remplissez le formulaire en ligne<\/b> pour tous vos r\u00e9gimes (base et compl\u00e9mentaire).<\/li>\n<li aria-level=\"1\"><b>T\u00e9l\u00e9versez les justificatifs<\/b> demand\u00e9s directement sur votre espace.<\/li>\n<li aria-level=\"1\"><b>L\u2019Agirc-Arrco traite votre dossier<\/b> et vous suivez l\u2019avancement en ligne.<\/li>\n<li aria-level=\"1\"><b>Le point de d\u00e9part de votre retraite<\/b> ne peut \u00eatre ant\u00e9rieur \u00e0 la date de d\u00e9p\u00f4t.<\/li>\n<\/ul>\n<h1>La retraite compl\u00e9mentaire pour les artisans et les commer\u00e7ants<\/h1>\n<p>Les <b>artisans et commer\u00e7ants<\/b> b\u00e9n\u00e9ficient d\u2019un <b>r\u00e9gime compl\u00e9mentaire unique commun<\/b> mis en place depuis le <b>1er janvier 2013<\/b>.<\/p>\n<p>Depuis le <b>1er janvier 2025<\/b>, les <b>cotisations vers\u00e9es<\/b> au titre du <b>r\u00e9gime compl\u00e9mentaire<\/b> par les artisans et commer\u00e7ants en <a href=\"https:\/\/www.mes-allocs.fr\/guides\/retraite\/cumul-emploi-retraite\/\">cumul emploi-retraite<\/a> ouvrent d\u00e9sormais des <b>droits suppl\u00e9mentaires<\/b> :<\/p>\n<ul>\n<li aria-level=\"1\">Les <b>contributions<\/b> permettent d\u2019obtenir des <b>points additionnels<\/b> dans le <b>RCI<\/b> (<b>R\u00e9gime compl\u00e9mentaire des ind\u00e9pendants<\/b>) ;<\/li>\n<li aria-level=\"1\">Ces <b>points<\/b> permettent aux <b>retrait\u00e9s en CER int\u00e9gral<\/b> de solliciter la <b>liquidation d\u2019une seconde pension suppl\u00e9mentaire<\/b> ;<\/li>\n<li aria-level=\"1\">Dans cette \u00e9tape <b>post-retraite<\/b>, le <b>calcul des points<\/b> est <b>identique<\/b> \u00e0 celui de la premi\u00e8re pension et leur <b>valeur de service<\/b> demeure <b>inchang\u00e9e<\/b>.<\/li>\n<\/ul>\n<div>\n<div class='cta-block'><div class='text'>Simulez votre retraite en 2 min.<\/div><a href='https:\/\/www.mes-allocs.fr\/formulaire\/retraite?utm_source=seo&origin=guides\/wp-json\/wp\/v2\/posts\/47409' class='app-button fit'>Simulation gratuite<\/a><\/div>\n<\/div>\n<\/div>\n","protected":false},"excerpt":{"rendered":"<p>[Mis \u00e0 jour le 30\/01\/2026] Lorsque vous \u00eates salari\u00e9 du secteur priv\u00e9, vous cotisez obligatoirement au r\u00e9gime de retraite compl\u00e9mentaire de l\u2019Agirc-Arrco. Ces cotisations vous permettent de b\u00e9n\u00e9ficier, au moment de votre retraite, d\u2019une pension compl\u00e9mentaire \u00e0 votre retraite de base de la S\u00e9curit\u00e9 sociale. Mes Allocs vous d\u00e9taille juste ici ce qu\u2019est cette pension [&hellip;]<\/p>\n","protected":false},"author":13,"featured_media":47423,"comment_status":"closed","ping_status":"open","sticky":false,"template":"","format":"standard","meta":{"amp_status":"","footnotes":""},"categories":[19177],"tags":[],"class_list":["post-47409","post","type-post","status-publish","format-standard","has-post-thumbnail","hentry","category-retraite"],"yoast_head":"<!-- This site is optimized with the Yoast SEO plugin v14.9 - https:\/\/yoast.com\/wordpress\/plugins\/seo\/ -->\n<title>Retraite compl\u00e9mentaire 2026 : fonctionnement, points, d\u00e9marches<\/title>\n<meta name=\"description\" content=\"Quand vous \u00eates salari\u00e9 du secteur priv\u00e9, vous cotisez obligatoirement au r\u00e9gime de retraite compl\u00e9mentaire de l&#039;Agirc-Arrco.\" \/>\n<meta name=\"robots\" content=\"index, follow, max-snippet:-1, max-image-preview:large, max-video-preview:-1\" \/>\n<link rel=\"canonical\" href=\"https:\/\/www.mes-allocs.fr\/guides\/retraite\/retraite-complementaire\/\" \/>\n<meta property=\"og:locale\" content=\"fr_FR\" \/>\n<meta property=\"og:type\" content=\"article\" \/>\n<meta property=\"og:title\" content=\"Retraite compl\u00e9mentaire 2026 : fonctionnement, points, d\u00e9marches\" \/>\n<meta property=\"og:description\" content=\"Quand vous \u00eates salari\u00e9 du secteur priv\u00e9, vous cotisez obligatoirement au r\u00e9gime de retraite compl\u00e9mentaire de l&#039;Agirc-Arrco.\" \/>\n<meta property=\"og:url\" content=\"https:\/\/www.mes-allocs.fr\/guides\/retraite\/retraite-complementaire\/\" \/>\n<meta property=\"og:site_name\" content=\"Mes-Allocs.fr\" \/>\n<meta property=\"article:published_time\" content=\"2022-04-12T16:24:33+00:00\" \/>\n<meta property=\"article:modified_time\" content=\"2026-01-30T17:05:04+00:00\" \/>\n<meta property=\"og:image\" content=\"https:\/\/www.mes-allocs.fr\/guides\/wp-content\/uploads\/2022\/03\/harli-marten-M9jrKDXOQoU-unsplash-e1648477385610.jpg?wsr\" \/>\n\t<meta property=\"og:image:width\" content=\"1920\" \/>\n\t<meta property=\"og:image:height\" content=\"446\" \/>\n<meta name=\"twitter:card\" content=\"summary_large_image\" \/>\n<script type=\"application\/ld+json\" class=\"yoast-schema-graph\">{\"@context\":\"https:\/\/schema.org\",\"@graph\":[{\"@type\":\"WebSite\",\"@id\":\"https:\/\/www.mes-allocs.fr\/guides\/#website\",\"url\":\"https:\/\/www.mes-allocs.fr\/guides\/\",\"name\":\"Mes-Allocs.fr\",\"description\":\"\",\"potentialAction\":[{\"@type\":\"SearchAction\",\"target\":\"https:\/\/www.mes-allocs.fr\/guides\/?s={search_term_string}\",\"query-input\":\"required name=search_term_string\"}],\"inLanguage\":\"fr-FR\"},{\"@type\":\"ImageObject\",\"@id\":\"https:\/\/www.mes-allocs.fr\/guides\/retraite\/retraite-complementaire\/#primaryimage\",\"inLanguage\":\"fr-FR\",\"url\":\"https:\/\/www.mes-allocs.fr\/guides\/wp-content\/uploads\/2022\/03\/harli-marten-M9jrKDXOQoU-unsplash-e1648477385610.jpg?wsr\",\"width\":1920,\"height\":446,\"caption\":\"retraite compl\\u00e9mentaire\"},{\"@type\":\"WebPage\",\"@id\":\"https:\/\/www.mes-allocs.fr\/guides\/retraite\/retraite-complementaire\/#webpage\",\"url\":\"https:\/\/www.mes-allocs.fr\/guides\/retraite\/retraite-complementaire\/\",\"name\":\"Retraite compl\\u00e9mentaire 2026 : fonctionnement, points, d\\u00e9marches\",\"isPartOf\":{\"@id\":\"https:\/\/www.mes-allocs.fr\/guides\/#website\"},\"primaryImageOfPage\":{\"@id\":\"https:\/\/www.mes-allocs.fr\/guides\/retraite\/retraite-complementaire\/#primaryimage\"},\"datePublished\":\"2022-04-12T16:24:33+00:00\",\"dateModified\":\"2026-01-30T17:05:04+00:00\",\"author\":{\"@id\":\"https:\/\/www.mes-allocs.fr\/guides\/#\/schema\/person\/c22c1269332026958a3b5505f80b5404\"},\"description\":\"Quand vous \\u00eates salari\\u00e9 du secteur priv\\u00e9, vous cotisez obligatoirement au r\\u00e9gime de retraite compl\\u00e9mentaire de l'Agirc-Arrco.\",\"inLanguage\":\"fr-FR\"},{\"@type\":\"Person\",\"@id\":\"https:\/\/www.mes-allocs.fr\/guides\/#\/schema\/person\/c22c1269332026958a3b5505f80b5404\",\"name\":\"Flavien Fritz\",\"image\":{\"@type\":\"ImageObject\",\"@id\":\"https:\/\/www.mes-allocs.fr\/guides\/#personlogo\",\"inLanguage\":\"fr-FR\",\"url\":\"https:\/\/www.mes-allocs.fr\/guides\/wp-content\/uploads\/2021\/11\/Flavien-1-150x150.png\",\"caption\":\"Flavien Fritz\"},\"description\":\"Flavien est r\\u00e9dacteur au sein de l'\\u00e9quipe Mes Allocs, sp\\u00e9cialis\\u00e9 en droit priv\\u00e9. Dipl\\u00f4m\\u00e9 de l'Institut Catholique de Vend\\u00e9e, il rejoint Mes Allocs apr\\u00e8s une premi\\u00e8re exp\\u00e9rience entrepreneuriale.\",\"sameAs\":[\"https:\/\/fr.linkedin.com\/in\/flavienfritz\"]}]}<\/script>\n<!-- \/ Yoast SEO plugin. -->","amp_validity":null,"acf":{"faq":{"1":{"question":"Qu'est-ce que l'Agirc-Arrco ?","answer":"L'Agirc-Arrco est un r\u00e9gime de retraite compl\u00e9mentaire auquel tous les salari\u00e9s du secteur priv\u00e9 cotisent obligatoirement.\r\n"},"2":{"question":"Comment se calcule la retraite compl\u00e9mentaire ?","answer":"La retraite compl\u00e9mentaire se calcule en points.\r\n"},"3":{"question":"A quoi servent les points cumul\u00e9s ?","answer":"Ces points serviront ensuite de base au calcul de la pension vers\u00e9e par l'Agirc-Arrco lors de votre d\u00e9part \u00e0 la retraite.\r\n"},"4":{"question":"A quel \u00e2ge peut-on demander la retraite compl\u00e9mentaire ?","answer":"Vous pouvez demander \u00e0 b\u00e9n\u00e9ficier de votre retraite compl\u00e9mentaire \u00e0 partir de 62\u00a0ans et 9 mois.\r\n"},"5":{"question":"Comment conna\u00eet-on le montant de la retraite compl\u00e9mentaire ? ","answer":"Lorsque vous demandez votre pension, le nombre de points acquis au cours de votre carri\u00e8re est multipli\u00e9 par la valeur de service du point.\r\n"},"6":{"question":"Existe t-il des majorations de la retraite compl\u00e9mentaire ?","answer":"Le montant de votre pension de retraite est major\u00e9 si vous avez eu ou \u00e9lev\u00e9 au moins 3\u00a0enfants. Cette majoration est d\u00e9finitive.\r\n"},"7":{"question":"","answer":""},"8":{"question":"","answer":""},"9":{"question":"","answer":""},"10":{"question":"","answer":""},"11":{"question":"","answer":""},"12":{"question":"","answer":""},"13":{"question":"","answer":""},"14":{"question":"","answer":""},"15":{"question":"","answer":""},"16":{"question":"","answer":""}}},"_links":{"self":[{"href":"https:\/\/www.mes-allocs.fr\/guides\/wp-json\/wp\/v2\/posts\/47409","targetHints":{"allow":["GET"]}}],"collection":[{"href":"https:\/\/www.mes-allocs.fr\/guides\/wp-json\/wp\/v2\/posts"}],"about":[{"href":"https:\/\/www.mes-allocs.fr\/guides\/wp-json\/wp\/v2\/types\/post"}],"author":[{"embeddable":true,"href":"https:\/\/www.mes-allocs.fr\/guides\/wp-json\/wp\/v2\/users\/13"}],"replies":[{"embeddable":true,"href":"https:\/\/www.mes-allocs.fr\/guides\/wp-json\/wp\/v2\/comments?post=47409"}],"version-history":[{"count":34,"href":"https:\/\/www.mes-allocs.fr\/guides\/wp-json\/wp\/v2\/posts\/47409\/revisions"}],"predecessor-version":[{"id":108805,"href":"https:\/\/www.mes-allocs.fr\/guides\/wp-json\/wp\/v2\/posts\/47409\/revisions\/108805"}],"wp:featuredmedia":[{"embeddable":true,"href":"https:\/\/www.mes-allocs.fr\/guides\/wp-json\/wp\/v2\/media\/47423"}],"wp:attachment":[{"href":"https:\/\/www.mes-allocs.fr\/guides\/wp-json\/wp\/v2\/media?parent=47409"}],"wp:term":[{"taxonomy":"category","embeddable":true,"href":"https:\/\/www.mes-allocs.fr\/guides\/wp-json\/wp\/v2\/categories?post=47409"},{"taxonomy":"post_tag","embeddable":true,"href":"https:\/\/www.mes-allocs.fr\/guides\/wp-json\/wp\/v2\/tags?post=47409"}],"curies":[{"name":"wp","href":"https:\/\/api.w.org\/{rel}","templated":true}]}}