{"id":473,"date":"2019-07-16T11:39:40","date_gmt":"2019-07-16T11:39:40","guid":{"rendered":"https:\/\/www.mes-allocs.fr\/guides\/?p=473"},"modified":"2026-04-02T12:57:31","modified_gmt":"2026-04-02T11:57:31","slug":"prime-activite-conditions","status":"publish","type":"post","link":"https:\/\/www.mes-allocs.fr\/guides\/prime-d-activite\/prime-activite-conditions\/","title":{"rendered":"Quelles conditions pour \u00eatre \u00e9ligible \u00e0 la prime d&rsquo;activit\u00e9 en 2026 ?"},"content":{"rendered":"<p style=\"text-align: justify;\"><span style=\"font-weight: 400;\"><img loading=\"lazy\" decoding=\"async\" class=\"aligncenter wp-image-476 \" src=\"https:\/\/www.mes-allocs.fr\/guides\/wp-content\/uploads\/2019\/07\/image-48-e1684938131143.jpg\" alt=\"prime d'activit\u00e9 conditions\" width=\"1437\" height=\"237\" srcset=\"https:\/\/www.mes-allocs.fr\/guides\/wp-content\/uploads\/2019\/07\/image-48-e1684938131143.jpg 970w, https:\/\/www.mes-allocs.fr\/guides\/wp-content\/uploads\/2019\/07\/image-48-e1684938131143-300x49.jpg 300w, https:\/\/www.mes-allocs.fr\/guides\/wp-content\/uploads\/2019\/07\/image-48-e1684938131143-768x127.jpg 768w, https:\/\/www.mes-allocs.fr\/guides\/wp-content\/uploads\/2019\/07\/image-48-e1684938131143-600x99.jpg 600w\" sizes=\"auto, (max-width: 1437px) 100vw, 1437px\" \/><\/span><\/p>\n<p><span style=\"font-weight: 400;\">[Mis \u00e0 jour le 02\/04\/2026] <\/span> La <a href=\"https:\/\/www.mes-allocs.fr\/guides\/prime-d-activite\/\">prime d\u2019activit\u00e9<\/a> est un compl\u00e9ment de ressources soumis \u00e0 des crit\u00e8res d&rsquo;\u00e9ligibilit\u00e9 li\u00e9s \u00e0 vos revenus d&rsquo;activit\u00e9, \u00e0 la composition de votre foyer et \u00e0 vos ressources globales. L&rsquo;examen de votre situation professionnelle et familiale permet de d\u00e9terminer votre \u00e9ligibilit\u00e9. Dans cet article, d\u00e9couvrez les<b> conditions d\u2019\u00e9ligibilit\u00e9 de la prime d\u2019activit\u00e9<\/b>, les situations qui peuvent vous exclure du dispositif et les plafonds de ressources \u00e0 ne pas d\u00e9passer en 2026.<\/p>\n<div class='cta-block'><div class='text'>Simulez votre prime d&rsquo;activit\u00e9 en 2 min. <\/div><a href='https:\/\/www.mes-allocs.fr\/ab-app?origin=guides\/wp-json\/wp\/v2\/posts\/473' class='app-button fit'>Simulation gratuite<\/a><\/div>\n<h1>Prime d\u2019activit\u00e9 : qui est \u00e9ligible et ne l\u2019est pas ?<\/h1>\n<h2>Quelles sont les conditions g\u00e9n\u00e9rales d\u2019\u00e9ligibilit\u00e9 \u00e0 la prime d\u2019activit\u00e9 ?<\/h2>\n<p>Pour b\u00e9n\u00e9ficier de la prime d\u2019activit\u00e9, il faut remplir plusieurs conditions :<\/p>\n<ul>\n<li aria-level=\"1\">\u00catre \u00e2g\u00e9 de <b>18 ans ou plus<\/b>.<\/li>\n<li aria-level=\"1\">Exercer une<b> activit\u00e9 professionnelle<\/b> et percevoir des <b>revenus <\/b><b>modestes<\/b>.<\/li>\n<li aria-level=\"1\">R\u00e9sider en France de <b>fa\u00e7on <\/b><b>stable<\/b> et <b>effective <\/b><b>au moins 9 mois <\/b>par an.<\/li>\n<li aria-level=\"1\">\u00catre de <b>nationalit\u00e9 <\/b><b>fran\u00e7aise<\/b>, <b>ressortissant <\/b><b>de <\/b><b>l\u2019Espace <\/b><b>\u00e9conomique <\/b><b>europ\u00e9en<\/b>, <b>Suisse<\/b> ou avoir un <b>titre <\/b><b>de <\/b><b>s\u00e9jour <\/b><b>en cours de validit\u00e9<\/b> depuis au moins 5 ans (sauf pour certains statuts comme pour les parents isol\u00e9s).<\/li>\n<\/ul>\n<p>Il n&rsquo;existe pas de <a href=\"https:\/\/www.mes-allocs.fr\/guides\/prime-d-activite\/prime-activite-conditions\/prime-activite-salaire-minimum\/\">salaire minimum pour la prime d&rsquo;activit\u00e9<\/a>. Sauf si vous \u00eates \u00e9tudiant, apprenti ou stagiaire : vous devez percevoir un revenu mensuel sup\u00e9rieur \u00e0 un seuil fix\u00e9 chaque ann\u00e9e pour \u00eatre \u00e9ligible.<\/p>\n<h2>Qui est exclu de la prime d\u2019activit\u00e9 ?<\/h2>\n<p>Les personnes qui sont exclues de la prime d\u2019activit\u00e9 sont :<\/p>\n<ul>\n<li aria-level=\"1\">Les personnes de <b>moins de 18 ans<\/b>.<\/li>\n<li aria-level=\"1\">Les personnes <b>sans activit\u00e9 professionnelle <\/b>ou dont les<b> revenus sont trop faibles<\/b>.<\/li>\n<li aria-level=\"1\">Les travailleurs <b>d\u00e9tach\u00e9s temporairement <\/b>en France.<\/li>\n<li aria-level=\"1\">Les personnes <b>ne r\u00e9sidant pas de fa\u00e7on stable <\/b>en France.<\/li>\n<li aria-level=\"1\">Les \u00e9trangers hors UE<b> sans titre de s\u00e9jour valide<\/b> depuis au moins 5 ans.<\/li>\n<li aria-level=\"1\">Les personnes en <b>cong\u00e9 <\/b><b>sabbatique<\/b>, <b>sans <\/b><b>solde<\/b> ou <b>en <\/b><b>disponibilit\u00e9<\/b>, sauf si elles per\u00e7oivent des revenus d\u2019activit\u00e9.<\/li>\n<\/ul>\n<p>&nbsp;<\/p>\n<h1>Quelles conditions de ressources faut-il respecter pour b\u00e9n\u00e9ficier de la prime d\u2019activit\u00e9 ?<\/h1>\n<h2>Quels sont les plafonds de ressources pour b\u00e9n\u00e9ficier de la prime d\u2019activit\u00e9 ?<\/h2>\n<p>En 2026, le plafond de revenus pour une personne seule sans enfant est de <b>2 000 \u20ac nets par mois<\/b>. Ce montant varie selon la composition du foyer, le nombre d\u2019enfants \u00e0 charge et la pr\u00e9sence d\u2019aides au logement. En ce qui concerne les \u00e9tudiants ou les apprentis, il faut percevoir<b> au moins 1117,26 \u20ac nets par mois <\/b>pour \u00eatre \u00e9ligible.<\/p>\n<p>Enfin, pour les travailleurs ind\u00e9pendants, vous devez respecter des <b>plafonds <\/b><b>de <\/b><b>chiffre <\/b><b>d\u2019affaires <\/b><b>annuels<\/b>, soit <b>188 700 \u20ac<\/b> pour la vente de marchandises, <b>77 700 \u20ac <\/b>pour les professions lib\u00e9rales et artisans et <b>15 000 \u20ac<\/b> pour les locations de meubl\u00e9s de tourisme.<\/p>\n<h2>Quels revenus sont pris en compte pour la prime d\u2019activit\u00e9 ?<\/h2>\n<p>Ainsi, les revenus pris en compte pour la prime d\u2019activit\u00e9 sont :<\/p>\n<ul>\n<li style=\"list-style-type: none;\">\n<ul>\n<li aria-level=\"1\"><b>Les revenus d\u2019activit\u00e9 professionnelle<\/b> : les salaires, les b\u00e9n\u00e9fices, le chiffre d\u2019affaires abattu pour les ind\u00e9pendants.<\/li>\n<li aria-level=\"1\"><b>Les revenus de remplacement<\/b> : ch\u00f4mage, maladie, retraite et pension.<\/li>\n<\/ul>\n<\/li>\n<\/ul>\n<p>Pour la <a href=\"https:\/\/www.mes-allocs.fr\/guides\/prime-d-activite\/prime-activite-conditions\/prime-activite-couple\/\">prime d&rsquo;activit\u00e9 en couple<\/a>, les revenus de chaque membre du couple sont pris en compte.<\/p>\n<div class='cta-block'><div class='text'>Simulez votre prime d&rsquo;activit\u00e9 en 2 min. <\/div><a href='https:\/\/www.mes-allocs.fr\/ab-app?origin=guides\/wp-json\/wp\/v2\/posts\/473' class='app-button fit'>Simulation gratuite<\/a><\/div>\n<h1>Quelles conditions pour les \u00e9tudiants, apprentis et stagiaires ?<\/h1>\n<h2>Un \u00e9tudiant ou un apprenti peut-il toucher la prime d\u2019activit\u00e9 ?<\/h2>\n<p>Oui, en tant qu\u2019\u00e9tudiant ou apprenti, vous avez la possibilit\u00e9 de toucher la prime d\u2019activit\u00e9. Les <b>crit\u00e8res restent les m\u00eames au niveau des conditions g\u00e9n\u00e9rales<\/b>, le principal crit\u00e8re \u00e9tant de percevoir un<b> revenu net mensuel sup\u00e9rieur \u00e0 1117,26 \u20ac.<\/b> Si ce seuil de revenus n\u2019est pas atteint chaque mois sur les trois derniers mois, la prime d\u2019activit\u00e9 n\u2019est pas vers\u00e9e.<\/p>\n<p><iframe loading=\"lazy\" title=\"La prime d&#039;activit\u00e9\" width=\"500\" height=\"281\" src=\"https:\/\/www.youtube.com\/embed\/uavbovK5ZXc?feature=oembed\" frameborder=\"0\" allow=\"accelerometer; autoplay; clipboard-write; encrypted-media; gyroscope; picture-in-picture; web-share\" referrerpolicy=\"strict-origin-when-cross-origin\" allowfullscreen><\/iframe><\/p>\n<h2>Y a-t-il des exceptions pour les \u00e9tudiants ?<\/h2>\n<p>Oui, il existe des exceptions pour les \u00e9tudiants. Ceux qui <b>assument seuls la charge d\u2019un ou plusieurs enfants<\/b> peuvent b\u00e9n\u00e9ficier de la prime d\u2019activit\u00e9 m\u00eame si leur revenu mensuel est inf\u00e9rieur au revenu net mensuel minimum requis. Par ailleurs, les<b> gratifications de stage ne sont g\u00e9n\u00e9ralement pas consid\u00e9r\u00e9es comme des revenus d\u2019activit\u00e9 <\/b>pour l\u2019attribution de la prime d\u2019activit\u00e9. Enfin, pour les \u00e9tudiants \u00e9trangers, vous devez r\u00e9sider en France depuis a<b>u moins 3 mois <\/b>(pour les Europ\u00e9ens) ou \u00eatre titulaire d\u2019un <b>titre de s\u00e9jour depuis au moins 5 ans<\/b>.<\/p>\n<h1>Quelles sont les conditions pour conserver la prime d\u2019activit\u00e9 ?<\/h1>\n<h2>Devez-vous d\u00e9clarer vos ressources r\u00e9guli\u00e8rement pour conserver la prime d\u2019activit\u00e9 ?<\/h2>\n<p><b>Oui<\/b>, vous devez d\u00e9clarer vos ressources r\u00e9guli\u00e8rement pour conserver la prime d\u2019activit\u00e9. D\u2019ailleurs, depuis mars 2025 la <b>d\u00e9claration trimestrielle est pr\u00e9-remplie<\/b> avec les revenus connus de l\u2019administration, mais il reste obligatoire de <b>v\u00e9rifier, corriger ou compl\u00e9ter<\/b> ces informations si besoin. \u00c0 chaque trimestre, vous devez valider les montants affich\u00e9s et ajouter d\u2019autres ressources \u00e9ventuelles, comme des pensions alimentaires ou des revenus d\u2019activit\u00e9 ind\u00e9pendante.<\/p>\n<h2>Que faire en cas de changement ?<\/h2>\n<p>En cas de changement de situation comme une modification de la composition familiale ou un changement d\u2019emploi, vous devez informer la CAF ou la MSA. Tout changement doit \u00eatre <b>signal\u00e9 d\u00e8s qu\u2019il intervient <\/b>car il peut modifier vos droits \u00e0 la prime d&rsquo;activit\u00e9. Si vous ne signalez pas un changement de situation, vous risquez <b>un trop-per\u00e7u ou une suspension de vos droits.<\/b> La d\u00e9claration de ces modifications peut se faire <b>en ligne<\/b> sur le site de la CAF ou de la MSA, ou<b> par courrier<\/b> si vous recevez la d\u00e9claration sous format papier.<\/p>\n<h1>Prime d&rsquo;activit\u00e9 : comment savoir si vous \u00eates \u00e9ligible ?<\/h1>\n<p>Pour savoir si vous \u00eates \u00e9ligible \u00e0 la prime d\u2019activit\u00e9, vous pouvez utiliser <b>notre simulateur<\/b>. Il prend en compte l&rsquo;ensemble des revenus du foyer, le nombre d\u2019enfants \u00e0 charge, ainsi que d\u2019autres crit\u00e8res comme le type d\u2019activit\u00e9 exerc\u00e9e. Apr\u00e8s avoir rempli les diff\u00e9rentes \u00e9tapes, vous obtenez une estimation de votre droit \u00e0 la prime d\u2019activit\u00e9 et du montant potentiel que vous pourrez percevoir.<\/p>\n<div class='shortcode summary'><div class='title'>En r\u00e9sum\u00e9 :<\/div><div class='content'><ul><li>Il faut avoir au moins 18 ans, vivre en France et avoir une activit\u00e9 professionnelle avec des revenus modestes.<\/li><li>\u00c9tudiants, apprentis et ind\u00e9pendants peuvent y avoir droit sous conditions.<\/li><li>Vos revenus et ceux du foyers sont pris en compte pour calculer vos droits.<\/li><li>Tout changement de situation doit \u00eatre signal\u00e9 \u00e0 la CAF ou \u00e0 la MSA. <\/li><\/ul><\/div><\/div>\n<div class='cta-block'><div class='text'>Simulez votre prime d&rsquo;activit\u00e9 en 2 min. <\/div><a href='https:\/\/www.mes-allocs.fr\/ab-app?origin=guides\/wp-json\/wp\/v2\/posts\/473' class='app-button fit'>Simulation gratuite<\/a><\/div>\n","protected":false},"excerpt":{"rendered":"<p>[Mis \u00e0 jour le 02\/04\/2026] La prime d\u2019activit\u00e9 est un compl\u00e9ment de ressources soumis \u00e0 des crit\u00e8res d&rsquo;\u00e9ligibilit\u00e9 li\u00e9s \u00e0 vos revenus d&rsquo;activit\u00e9, \u00e0 la composition de votre foyer et \u00e0 vos ressources globales. L&rsquo;examen de votre situation professionnelle et familiale permet de d\u00e9terminer votre \u00e9ligibilit\u00e9. Dans cet article, d\u00e9couvrez les conditions d\u2019\u00e9ligibilit\u00e9 de la [&hellip;]<\/p>\n","protected":false},"author":6,"featured_media":476,"comment_status":"open","ping_status":"open","sticky":false,"template":"","format":"standard","meta":{"amp_status":"","footnotes":""},"categories":[20],"tags":[],"class_list":["post-473","post","type-post","status-publish","format-standard","has-post-thumbnail","hentry","category-prime-d-activite"],"yoast_head":"<!-- This site is optimized with the Yoast SEO plugin v14.9 - https:\/\/yoast.com\/wordpress\/plugins\/seo\/ -->\n<title>Quelles conditions pour \u00eatre \u00e9ligible \u00e0 la prime d&#039;activit\u00e9 en 2026 ?<\/title>\n<meta name=\"description\" content=\"Pour b\u00e9n\u00e9ficier de la prime d&#039;activit\u00e9, il faut remplir un certains nombres de crit\u00e8res de la CAF. D\u00e9couvrez si vous \u00eates \u00e9ligible en 2026.\" \/>\n<meta name=\"robots\" content=\"index, follow, max-snippet:-1, max-image-preview:large, max-video-preview:-1\" \/>\n<link rel=\"canonical\" href=\"https:\/\/www.mes-allocs.fr\/guides\/prime-d-activite\/prime-activite-conditions\/\" \/>\n<meta property=\"og:locale\" content=\"fr_FR\" \/>\n<meta property=\"og:type\" content=\"article\" \/>\n<meta property=\"og:title\" content=\"Quelles conditions pour \u00eatre \u00e9ligible \u00e0 la prime d&#039;activit\u00e9 en 2026 ?\" \/>\n<meta property=\"og:description\" content=\"Pour b\u00e9n\u00e9ficier de la prime d&#039;activit\u00e9, il faut remplir un certains nombres de crit\u00e8res de la CAF. D\u00e9couvrez si vous \u00eates \u00e9ligible en 2026.\" \/>\n<meta property=\"og:url\" content=\"https:\/\/www.mes-allocs.fr\/guides\/prime-d-activite\/prime-activite-conditions\/\" \/>\n<meta property=\"og:site_name\" content=\"Mes-Allocs.fr\" \/>\n<meta property=\"article:published_time\" content=\"2019-07-16T11:39:40+00:00\" \/>\n<meta property=\"article:modified_time\" content=\"2026-04-02T11:57:31+00:00\" \/>\n<meta property=\"og:image\" content=\"https:\/\/www.mes-allocs.fr\/guides\/wp-content\/uploads\/2019\/07\/image-48-e1684938131143.jpg?wsr\" \/>\n\t<meta property=\"og:image:width\" content=\"970\" \/>\n\t<meta property=\"og:image:height\" content=\"160\" \/>\n<meta name=\"twitter:card\" content=\"summary_large_image\" \/>\n<script type=\"application\/ld+json\" class=\"yoast-schema-graph\">{\"@context\":\"https:\/\/schema.org\",\"@graph\":[{\"@type\":\"WebSite\",\"@id\":\"https:\/\/www.mes-allocs.fr\/guides\/#website\",\"url\":\"https:\/\/www.mes-allocs.fr\/guides\/\",\"name\":\"Mes-Allocs.fr\",\"description\":\"\",\"potentialAction\":[{\"@type\":\"SearchAction\",\"target\":\"https:\/\/www.mes-allocs.fr\/guides\/?s={search_term_string}\",\"query-input\":\"required name=search_term_string\"}],\"inLanguage\":\"fr-FR\"},{\"@type\":\"ImageObject\",\"@id\":\"https:\/\/www.mes-allocs.fr\/guides\/prime-d-activite\/prime-activite-conditions\/#primaryimage\",\"inLanguage\":\"fr-FR\",\"url\":\"https:\/\/www.mes-allocs.fr\/guides\/wp-content\/uploads\/2019\/07\/image-48-e1684938131143.jpg?wsr\",\"width\":970,\"height\":160,\"caption\":\"image 48 e1563550406503\"},{\"@type\":\"WebPage\",\"@id\":\"https:\/\/www.mes-allocs.fr\/guides\/prime-d-activite\/prime-activite-conditions\/#webpage\",\"url\":\"https:\/\/www.mes-allocs.fr\/guides\/prime-d-activite\/prime-activite-conditions\/\",\"name\":\"Quelles conditions pour \\u00eatre \\u00e9ligible \\u00e0 la prime d'activit\\u00e9 en 2026 ?\",\"isPartOf\":{\"@id\":\"https:\/\/www.mes-allocs.fr\/guides\/#website\"},\"primaryImageOfPage\":{\"@id\":\"https:\/\/www.mes-allocs.fr\/guides\/prime-d-activite\/prime-activite-conditions\/#primaryimage\"},\"datePublished\":\"2019-07-16T11:39:40+00:00\",\"dateModified\":\"2026-04-02T11:57:31+00:00\",\"author\":{\"@id\":\"https:\/\/www.mes-allocs.fr\/guides\/#\/schema\/person\/0ecd61a8600573914d00d970a588c024\"},\"description\":\"Pour b\\u00e9n\\u00e9ficier de la prime d'activit\\u00e9, il faut remplir un certains nombres de crit\\u00e8res de la CAF. D\\u00e9couvrez si vous \\u00eates \\u00e9ligible en 2026.\",\"inLanguage\":\"fr-FR\"},{\"@type\":\"Person\",\"@id\":\"https:\/\/www.mes-allocs.fr\/guides\/#\/schema\/person\/0ecd61a8600573914d00d970a588c024\",\"name\":\"Jonathan\",\"image\":{\"@type\":\"ImageObject\",\"@id\":\"https:\/\/www.mes-allocs.fr\/guides\/#personlogo\",\"inLanguage\":\"fr-FR\",\"url\":\"https:\/\/www.mes-allocs.fr\/guides\/wp-content\/uploads\/2021\/06\/jonathan-150x150.png\",\"caption\":\"Jonathan\"},\"description\":\"Jonathan est r\\u00e9dacteur au sein de l'\\u00e9quipe Mes Allocs, sp\\u00e9cialis\\u00e9 sur les sujets li\\u00e9s au handicap. Dipl\\u00f4m\\u00e9e de l'UPEM, il rejoint Mes Allocs apr\\u00e8s avoir travaill\\u00e9 \\u00e0 l'association AEDE qui accompagne les adultes en situation de handicap. Quand il n'\\u00e9crit pas, on peut le retrouver sur un terrain de basket.\",\"sameAs\":[\"https:\/\/www.linkedin.com\/in\/jonathan-bambela-8637861b7\"]}]}<\/script>\n<!-- \/ Yoast SEO plugin. -->","amp_validity":null,"acf":{"faq":{"1":{"question":"Qu'est ce que la prime d'activit\u00e9 ? ","answer":"La prime d\u2019activit\u00e9 est une aide financi\u00e8re destin\u00e9e \u00e0 soutenir les travailleurs aux revenus modestes. Elle vise \u00e0 encourager l\u2019activit\u00e9 professionnelle en compl\u00e9tant les revenus des salari\u00e9s et travailleurs ind\u00e9pendants."},"2":{"question":"Quelles sont les conditions li\u00e9es \u00e0 la Prime d'Activit\u00e9 ? ","answer":"Pour avoir droit \u00e0 la prime d'activit\u00e9, vous devez remplir l'ensemble des conditions suivantes : avoir une activit\u00e9 professionnelle (salari\u00e9e ou non) et percevoir des revenus modestes, r\u00e9sider en France de mani\u00e8re stable et effective, \u00eatre en s\u00e9jour r\u00e9gulier. "},"3":{"question":"Comment demander la Prime d'Activit\u00e9 ?","answer":"La demande de la prime d'activit\u00e9 se fait en ligne sur le site de la CAF (Caisse d'Allocations Familiales) ou de la MSA (Mutualit\u00e9 Sociale Agricole), en remplissant un formulaire et en fournissant des informations sur vos revenus."},"4":{"question":"Comment faire une simulation Prime d'Activit\u00e9 ?","answer":"Vous pouvez faire une simulation de la prime d'activit\u00e9 directement sur le site Mes Allocs.fr, en indiquant vos revenus mensuels et votre situation professionnelle. Cela vous permettra de conna\u00eetre une estimation du montant auquel vous pourriez avoir droit."},"5":{"question":"Est-ce que les ch\u00f4meurs ont droit \u00e0 la prime d'activit\u00e9 ?","answer":"La prime d\u2019activit\u00e9 est destin\u00e9e aux travailleurs. Elle ne vous serait donc pas vers\u00e9e si vous \u00e9tiez au ch\u00f4mage. Cependant, si vous percevez l\u2019Aide de Retour \u00e0 l\u2019Emploi (ARE), vous pouvez b\u00e9n\u00e9ficier de la prime d\u2019activit\u00e9, \u00e0 conditions de respecter toutes les autres conditions pour une \u00e9ligibilit\u00e9 \u00e0 cette derni\u00e8re, et que le montant mensuel d\u2019allocations ch\u00f4mage n\u2019exc\u00e8de pas le montant forfaitaire de prime d\u2019activit\u00e9 auquel vous \u00eates \u00e9ligible."},"6":{"question":"Quelle prime d'activit\u00e9 pour un apprenti ?","answer":"Les \u00e9tudiants salari\u00e9s, les stagiaires et les apprentis de plus de 18 ans peuvent en b\u00e9n\u00e9ficier sous certaines conditions."},"7":{"question":"Quel est le plafond pour la prime d'activit\u00e9 ?","answer":"Pour b\u00e9n\u00e9ficier de la prime d'activit\u00e9, le demandeur ne doit pas d\u00e9passer un certain montant de revenus. Ces plafonds de ressources varient selon les situations. "},"8":{"question":"Quel revenu est pris en compte pour le calcul de la prime d'activit\u00e9 ?","answer":"Pour avoir droit \u00e0 la prime d'activit\u00e9, les \u00e9tudiants salari\u00e9s ainsi que les apprentis doivent toucher pendant au moins trois mois, un salaire minimum de 1117,26 \u20ac net mensuel."},"9":{"question":"","answer":""},"10":{"question":"","answer":""},"11":{"question":"","answer":""},"12":{"question":"","answer":""},"13":{"question":"","answer":""},"14":{"question":"","answer":""},"15":{"question":"","answer":""},"16":{"question":"","answer":""}}},"_links":{"self":[{"href":"https:\/\/www.mes-allocs.fr\/guides\/wp-json\/wp\/v2\/posts\/473","targetHints":{"allow":["GET"]}}],"collection":[{"href":"https:\/\/www.mes-allocs.fr\/guides\/wp-json\/wp\/v2\/posts"}],"about":[{"href":"https:\/\/www.mes-allocs.fr\/guides\/wp-json\/wp\/v2\/types\/post"}],"author":[{"embeddable":true,"href":"https:\/\/www.mes-allocs.fr\/guides\/wp-json\/wp\/v2\/users\/6"}],"replies":[{"embeddable":true,"href":"https:\/\/www.mes-allocs.fr\/guides\/wp-json\/wp\/v2\/comments?post=473"}],"version-history":[{"count":77,"href":"https:\/\/www.mes-allocs.fr\/guides\/wp-json\/wp\/v2\/posts\/473\/revisions"}],"predecessor-version":[{"id":111352,"href":"https:\/\/www.mes-allocs.fr\/guides\/wp-json\/wp\/v2\/posts\/473\/revisions\/111352"}],"wp:featuredmedia":[{"embeddable":true,"href":"https:\/\/www.mes-allocs.fr\/guides\/wp-json\/wp\/v2\/media\/476"}],"wp:attachment":[{"href":"https:\/\/www.mes-allocs.fr\/guides\/wp-json\/wp\/v2\/media?parent=473"}],"wp:term":[{"taxonomy":"category","embeddable":true,"href":"https:\/\/www.mes-allocs.fr\/guides\/wp-json\/wp\/v2\/categories?post=473"},{"taxonomy":"post_tag","embeddable":true,"href":"https:\/\/www.mes-allocs.fr\/guides\/wp-json\/wp\/v2\/tags?post=473"}],"curies":[{"name":"wp","href":"https:\/\/api.w.org\/{rel}","templated":true}]}}