{"id":46997,"date":"2022-04-12T18:25:17","date_gmt":"2022-04-12T16:25:17","guid":{"rendered":"https:\/\/www.mes-allocs.fr\/guides\/?p=46997"},"modified":"2026-02-10T15:21:34","modified_gmt":"2026-02-10T14:21:34","slug":"age-retraite","status":"publish","type":"post","link":"https:\/\/www.mes-allocs.fr\/guides\/retraite\/age-retraite\/","title":{"rendered":"L&rsquo;\u00e2ge de la retraite en France : tout ce qu&rsquo;il faut savoir"},"content":{"rendered":"<p><img loading=\"lazy\" decoding=\"async\" class=\"wp-image-47579 aligncenter\" title=\"age retraite\" src=\"https:\/\/www.mes-allocs.fr\/guides\/wp-content\/uploads\/2022\/03\/matt-bennett-78hTqvjYMS4-unsplash-e1648564693322-300x89.jpg\" alt=\"age retraite\" width=\"816\" height=\"242\" srcset=\"https:\/\/www.mes-allocs.fr\/guides\/wp-content\/uploads\/2022\/03\/matt-bennett-78hTqvjYMS4-unsplash-e1648564693322-300x89.jpg 300w, https:\/\/www.mes-allocs.fr\/guides\/wp-content\/uploads\/2022\/03\/matt-bennett-78hTqvjYMS4-unsplash-e1648564693322-1024x305.jpg 1024w, https:\/\/www.mes-allocs.fr\/guides\/wp-content\/uploads\/2022\/03\/matt-bennett-78hTqvjYMS4-unsplash-e1648564693322-768x228.jpg 768w, https:\/\/www.mes-allocs.fr\/guides\/wp-content\/uploads\/2022\/03\/matt-bennett-78hTqvjYMS4-unsplash-e1648564693322-1536x457.jpg 1536w, https:\/\/www.mes-allocs.fr\/guides\/wp-content\/uploads\/2022\/03\/matt-bennett-78hTqvjYMS4-unsplash-e1648564693322-600x178.jpg 600w, https:\/\/www.mes-allocs.fr\/guides\/wp-content\/uploads\/2022\/03\/matt-bennett-78hTqvjYMS4-unsplash-e1648564693322.jpg 1920w\" sizes=\"auto, (max-width: 816px) 100vw, 816px\" \/><\/p>\n<p>[Mis \u00e0 jour le 10\/02\/2026] \u00c0 partir d\u2019un certain \u00e2ge, il vous est possible de vous retirer de la vie active pour prendre votre <a href=\"https:\/\/www.mes-allocs.fr\/guides\/retraite\/\">retraite<\/a>. Une fois ce cap franchi, vous cessez de travailler mais vous percevez r\u00e9guli\u00e8rement une pension, calcul\u00e9e en fonction de vos ann\u00e9es d\u2019activit\u00e9 et des cotisations vers\u00e9es tout au long de votre vie professionnelle. Cependant, l\u2019<strong>\u00e2ge de d\u00e9part \u00e0 la retraite<\/strong> n\u2019est pas le m\u00eame pour tout le monde : il d\u00e9pend de plusieurs facteurs tels que l\u2019ann\u00e9e de naissance, le nombre de trimestres cotis\u00e9s, le type de carri\u00e8re ou encore le r\u00e9gime auquel vous \u00eates affili\u00e9. Des dispositifs sp\u00e9cifiques peuvent aussi vous permettre un d\u00e9part anticip\u00e9, notamment pour les carri\u00e8res longues ou les personnes en situation de handicap. Alors, \u00e0 quel \u00e2ge pouvez-vous prendre votre retraite ? Et quelles sont les conditions \u00e0 remplir ? Mes Allocs vous \u00e9claire.<\/p>\n<div class='cta-block'><div class='text'>Simulez votre retraite en 2 min.<\/div><a href='https:\/\/www.mes-allocs.fr\/formulaire\/retraite?utm_source=seo&origin=guides\/wp-json\/wp\/v2\/posts\/46997' class='app-button fit'>Simulation gratuite<\/a><\/div>\n<h1 style=\"text-align: justify;\"><span style=\"color: #000000;\">Les conditions d&rsquo;obtention de la retraite\u00a0<\/span><\/h1>\n<p style=\"text-align: justify;\"><span style=\"color: #000000;\">Lorsque vous avez atteint l&rsquo;\u00e2ge l\u00e9gal de d\u00e9part, il vous est possible de b\u00e9n\u00e9ficier d&rsquo;une retraite du r\u00e9gime g\u00e9n\u00e9ral de la S\u00e9curit\u00e9 sociale. <\/span><span style=\"color: #000000;\">Pour cela, il est n\u00e9cessaire de valider au moins 1 trimestre en tant que salari\u00e9. <\/span><span style=\"color: #000000;\">Le d\u00e9part \u00e0 la retraite permet de percevoir une pension de retraite. Cette pension est la pension dite <span class=\"expression\">de base. Elle est<\/span> vers\u00e9e par l&rsquo;Assurance retraite de la S\u00e9curit\u00e9 sociale.<\/span><\/p>\n<p>Besoin de <a href=\"https:\/\/www.mes-allocs.fr\/guides\/retraite\/age-retraite\/calcul-age-retraite\/\">calculer votre \u00e2ge de d\u00e9part en retraite<\/a> ? Utilisez notre simulateur 100% gratuit !<\/p>\n<p><iframe loading=\"lazy\" title=\"Comment bien pr\u00e9parer sa retraite ?\" width=\"500\" height=\"281\" src=\"https:\/\/www.youtube.com\/embed\/nZ79Bmawt_M?feature=oembed\" frameborder=\"0\" allow=\"accelerometer; autoplay; clipboard-write; encrypted-media; gyroscope; picture-in-picture; web-share\" referrerpolicy=\"strict-origin-when-cross-origin\" allowfullscreen><\/iframe><\/p>\n<h1 id=\"paragraphe-4e3534ed-f74d-44af-899e-f2e44f22ebcb\" style=\"text-align: justify;\"><span style=\"color: #000000;\">\u00c2ge retraite : prendre sa retraite avant 64 ans<\/span><\/h1>\n<p><span style=\"font-weight: 400;\">Malgr\u00e9 l&rsquo;\u00e2ge l\u00e9gal de 64 ans, plusieurs dispositifs permettent de partir \u00e0 la retraite plus t\u00f4t. Ces dispositifs sont souvent li\u00e9s \u00e0 des crit\u00e8res sp\u00e9cifiques qui d\u00e9pendent de l&rsquo;\u00e2ge d&rsquo;entr\u00e9e dans la vie active, des conditions de travail, et de la sant\u00e9.<\/span><\/p>\n<h2>Retraite anticip\u00e9e pour carri\u00e8re longue<\/h2>\n<p><span style=\"font-weight: 400;\">Les personnes ayant commenc\u00e9 \u00e0 travailler jeunes ont la possibilit\u00e9 de partir \u00e0 la retraite avant 64 ans, sous certaines conditions. L&rsquo;<a href=\"https:\/\/www.mes-allocs.fr\/guides\/retraite\/age-retraite\/age-depart-retraite-carriere-longue\/\">\u00e2ge de d\u00e9part \u00e0 la retraite pour carri\u00e8re longue<\/a> d\u00e9pend avant tout de l&rsquo;\u00e2ge \u00e0 partir duquel vous avez commenc\u00e9 \u00e0 travailler, mais pas que. Pour b\u00e9n\u00e9ficier de cette retraite anticip\u00e9e, il est n\u00e9cessaire de :<\/span><\/p>\n<ul>\n<li style=\"font-weight: 400;\" aria-level=\"1\"><b>Avoir valid\u00e9 5 trimestres avant la fin de l&rsquo;ann\u00e9e de vos 18 ans<\/b><span style=\"font-weight: 400;\">.<\/span><\/li>\n<li style=\"font-weight: 400;\" aria-level=\"1\"><b>Avoir cotis\u00e9 un nombre suffisant de trimestres<\/b><span style=\"font-weight: 400;\"> : Le nombre exact de trimestres n\u00e9cessaires d\u00e9pend du nombre d&rsquo;ann\u00e9es de travail. Par exemple, si vous avez commenc\u00e9 \u00e0 travailler \u00e0 16 ans, vous devrez avoir cotis\u00e9 pendant environ 43 ans pour partir en retraite \u00e0 60 ans.<\/span><\/li>\n<\/ul>\n<p><span style=\"font-weight: 400;\">Cette option est particuli\u00e8rement int\u00e9ressante pour ceux qui ont exerc\u00e9 des m\u00e9tiers physiques ou dont la carri\u00e8re a d\u00e9but\u00e9 t\u00f4t, leur permettant ainsi de profiter d&rsquo;une retraite anticip\u00e9e.\u00a0<\/span><\/p>\n<h2>Retraite anticip\u00e9e pour les travailleurs handicap\u00e9s<\/h2>\n<p><span style=\"font-weight: 400;\">Les travailleurs handicap\u00e9s b\u00e9n\u00e9ficient \u00e9galement de possibilit\u00e9s de d\u00e9part anticip\u00e9, parfois d\u00e8s 55 ans. Pour en b\u00e9n\u00e9ficier, il faut :<\/span><\/p>\n<ul>\n<li style=\"font-weight: 400;\" aria-level=\"1\"><span style=\"font-weight: 400;\">Justifier d&rsquo;une <\/span><b>incapacit\u00e9 permanente de 50 % ou plus<\/b><span style=\"font-weight: 400;\">.<\/span><\/li>\n<li style=\"font-weight: 400;\" aria-level=\"1\"><span style=\"font-weight: 400;\">Avoir \u00e9t\u00e9 reconnu en tant que <\/span><b>travailleur handicap\u00e9 avant le 31 d\u00e9cembre 2015<\/b><span style=\"font-weight: 400;\">.<\/span><\/li>\n<li style=\"font-weight: 400;\" aria-level=\"1\"><span style=\"font-weight: 400;\">Avoir cotis\u00e9 un certain nombre de trimestres pour obtenir cette retraite anticip\u00e9e.<\/span><\/li>\n<\/ul>\n<p><span style=\"font-weight: 400;\">Ce dispositif vise \u00e0 reconna\u00eetre la difficult\u00e9 accrue que peuvent rencontrer les travailleurs handicap\u00e9s dans le cadre de leur activit\u00e9 professionnelle. Ainsi, un travailleur handicap\u00e9 peut tr\u00e8s bien prendre sa <a href=\"https:\/\/www.mes-allocs.fr\/guides\/retraite\/age-retraite\/retraite-63-ans\/\">retraite \u00e0 63 ans<\/a> (ou m\u00eame avant), m\u00eame si l&rsquo;\u00e2ge l\u00e9gal est fix\u00e9 \u00e0 64 ans.\u00a0<\/span><\/p>\n<h2>Retraite anticip\u00e9e pour incapacit\u00e9 permanente<\/h2>\n<p><span style=\"font-weight: 400;\">Les travailleurs ayant subi un accident de travail ou une maladie professionnelle peuvent b\u00e9n\u00e9ficier d&rsquo;un d\u00e9part anticip\u00e9 \u00e0 la retraite. Le crit\u00e8re cl\u00e9 pour b\u00e9n\u00e9ficier de ce dispositif est de justifier d&rsquo;une <\/span><b>incapacit\u00e9 permanente<\/b><span style=\"font-weight: 400;\"> qui est reconnue par la S\u00e9curit\u00e9 sociale, soit \u00e0 la suite d\u2019un accident du travail ou d\u2019une maladie professionnelle.<\/span><\/p>\n<p><span style=\"font-weight: 400;\">Cette forme de retraite anticip\u00e9e est particuli\u00e8rement utile pour ceux qui ont souffert de blessures graves ou de maladies invalidantes qui les emp\u00eachent de continuer \u00e0 travailler jusqu\u2019\u00e0 l\u2019\u00e2ge l\u00e9gal.<\/span><\/p>\n<div class='cta-block'><div class='text'>Simulez votre retraite en 2 min.<\/div><a href='https:\/\/www.mes-allocs.fr\/formulaire\/retraite?utm_source=seo&origin=guides\/wp-json\/wp\/v2\/posts\/46997' class='app-button fit'>Simulation gratuite<\/a><\/div>\n<h2>Retraite progressive<\/h2>\n<p><span style=\"font-weight: 400;\">La retraite progressive permet de r\u00e9duire progressivement son temps de travail tout en commen\u00e7ant \u00e0 toucher une partie de sa pension. Cette option s\u2019adresse aux personnes qui souhaitent diminuer leur activit\u00e9 professionnelle tout en continuant \u00e0 travailler \u00e0 temps partiel.<\/span><\/p>\n<p><span style=\"font-weight: 400;\">Pour en b\u00e9n\u00e9ficier, il faut :<\/span><\/p>\n<ul>\n<li aria-level=\"1\">\u00catre \u00e2g\u00e9 au moins de <strong>60 ans<\/strong>.<\/li>\n<li style=\"font-weight: 400;\" aria-level=\"1\"><b>Avoir cotis\u00e9 au moins 150 trimestres<\/b><span style=\"font-weight: 400;\">.<\/span><\/li>\n<li style=\"font-weight: 400;\" aria-level=\"1\"><span style=\"font-weight: 400;\">Travailler entre <\/span><b>40 % et 80 %<\/b><span style=\"font-weight: 400;\"> du temps de travail habituel.<\/span><\/li>\n<\/ul>\n<p><span style=\"font-weight: 400;\">Les avantages de cette retraite sont nombreux. D&rsquo;une part, elle permet de maintenir un salaire tout en commen\u00e7ant \u00e0 percevoir une partie de la pension. D&rsquo;autre part, elle offre la possibilit\u00e9 de cotiser encore pendant la p\u00e9riode de travail \u00e0 temps partiel, ce qui peut augmenter la pension de retraite finale.<\/span><\/p>\n<h2>Allocation des travailleurs expos\u00e9s \u00e0 l&rsquo;amiante<\/h2>\n<p><span style=\"font-weight: 400;\">Les travailleurs ayant \u00e9t\u00e9 expos\u00e9s \u00e0 l&rsquo;amiante dans le cadre de leur profession peuvent b\u00e9n\u00e9ficier d&rsquo;une <\/span><b>allocation sp\u00e9ciale<\/b><span style=\"font-weight: 400;\">, en raison des risques sanitaires li\u00e9s \u00e0 cette exposition. Pour b\u00e9n\u00e9ficier de cette allocation, il faut :<\/span><\/p>\n<ul>\n<li style=\"font-weight: 400;\" aria-level=\"1\"><span style=\"font-weight: 400;\">Avoir exerc\u00e9 dans un \u00e9tablissement ayant utilis\u00e9 ou manipul\u00e9 de l\u2019amiante.<\/span><\/li>\n<li style=\"font-weight: 400;\" aria-level=\"1\"><span style=\"font-weight: 400;\">Avoir \u00e9t\u00e9 diagnostiqu\u00e9 avec une maladie li\u00e9e \u00e0 l\u2019amiante.<\/span><\/li>\n<li style=\"font-weight: 400;\" aria-level=\"1\"><span style=\"font-weight: 400;\">Avoir cess\u00e9 toute activit\u00e9 professionnelle.<\/span><\/li>\n<\/ul>\n<p><span style=\"font-weight: 400;\">Cette allocation est destin\u00e9e \u00e0 compenser la perte de revenu li\u00e9e \u00e0 l&rsquo;incapacit\u00e9 de travailler apr\u00e8s une exposition \u00e0 l&rsquo;amiante.<\/span><\/p>\n<h1><strong>Age retraite : le d\u00e9part \u00e0 la retraite entre 64 et 67 ans<\/strong><\/h1>\n<p><span style=\"font-weight: 400;\">Pour ceux qui ne remplissent pas les crit\u00e8res d&rsquo;une retraite anticip\u00e9e, il est possible de partir entre 64 et 67 ans, mais avec des cons\u00e9quences sur le montant de la pension :<\/span><\/p>\n<ul>\n<li style=\"font-weight: 400;\" aria-level=\"1\"><b>Taux plein automatique \u00e0 67 ans<\/b><span style=\"font-weight: 400;\"> : Si vous continuez \u00e0 travailler jusqu\u2019\u00e0 67 ans, vous obtiendrez automatiquement le taux plein, c\u2019est-\u00e0-dire 100 % de votre pension de retraite.<\/span><\/li>\n<li style=\"font-weight: 400;\" aria-level=\"1\"><b>R\u00e9duction de pension entre 64 et 67 ans<\/b><span style=\"font-weight: 400;\"> : Si vous d\u00e9cidez de partir avant 67 ans, vous subirez une <\/span><b>r\u00e9duction de votre pension<\/b><span style=\"font-weight: 400;\">. En effet, pour chaque trimestre manquant par rapport au nombre de trimestres n\u00e9cessaires pour votre g\u00e9n\u00e9ration, une p\u00e9nalit\u00e9 de 1,25 % par trimestre sera appliqu\u00e9e.<\/span><\/li>\n<\/ul>\n<p><span style=\"font-weight: 400;\">Cependant, vous pouvez b\u00e9n\u00e9ficier d\u2019une <\/span><b>surcote<\/b><span style=\"font-weight: 400;\"> si vous continuez \u00e0 travailler apr\u00e8s l\u2019\u00e2ge l\u00e9gal. Chaque trimestre suppl\u00e9mentaire travaill\u00e9 augmente le montant de la pension.<\/span><\/p>\n<div class='cta-block'><div class='text'>Simulez votre retraite en 2 min.<\/div><a href='https:\/\/www.mes-allocs.fr\/formulaire\/retraite?utm_source=seo&origin=guides\/wp-json\/wp\/v2\/posts\/46997' class='app-button fit'>Simulation gratuite<\/a><\/div>\n","protected":false},"excerpt":{"rendered":"<p>[Mis \u00e0 jour le 10\/02\/2026] \u00c0 partir d\u2019un certain \u00e2ge, il vous est possible de vous retirer de la vie active pour prendre votre retraite. Une fois ce cap franchi, vous cessez de travailler mais vous percevez r\u00e9guli\u00e8rement une pension, calcul\u00e9e en fonction de vos ann\u00e9es d\u2019activit\u00e9 et des cotisations vers\u00e9es tout au long de [&hellip;]<\/p>\n","protected":false},"author":13,"featured_media":47579,"comment_status":"closed","ping_status":"open","sticky":false,"template":"","format":"standard","meta":{"amp_status":"","footnotes":""},"categories":[19177],"tags":[],"class_list":["post-46997","post","type-post","status-publish","format-standard","has-post-thumbnail","hentry","category-retraite"],"yoast_head":"<!-- This site is optimized with the Yoast SEO plugin v14.9 - https:\/\/yoast.com\/wordpress\/plugins\/seo\/ -->\n<title>\u00c0 quel \u00e2ge pouvez-vous partir en retraite en 2026 ? | Mes-Allocs.fr<\/title>\n<meta name=\"description\" content=\"L&#039;\u00e2ge de d\u00e9part \u00e0 la retraite varie selon certaines conditions.\u00a0Mes Allocs vous explique comment conna\u00eetre votre \u00e2ge de d\u00e9part \u00e0 la retraite.\" \/>\n<meta name=\"robots\" content=\"index, follow, max-snippet:-1, max-image-preview:large, max-video-preview:-1\" \/>\n<link rel=\"canonical\" href=\"https:\/\/www.mes-allocs.fr\/guides\/retraite\/age-retraite\/\" \/>\n<meta property=\"og:locale\" content=\"fr_FR\" \/>\n<meta property=\"og:type\" content=\"article\" \/>\n<meta property=\"og:title\" content=\"\u00c0 quel \u00e2ge pouvez-vous partir en retraite en 2026 ? | Mes-Allocs.fr\" \/>\n<meta property=\"og:description\" content=\"L&#039;\u00e2ge de d\u00e9part \u00e0 la retraite varie selon certaines conditions.\u00a0Mes Allocs vous explique comment conna\u00eetre votre \u00e2ge de d\u00e9part \u00e0 la retraite.\" \/>\n<meta property=\"og:url\" content=\"https:\/\/www.mes-allocs.fr\/guides\/retraite\/age-retraite\/\" \/>\n<meta property=\"og:site_name\" content=\"Mes-Allocs.fr\" \/>\n<meta property=\"article:published_time\" content=\"2022-04-12T16:25:17+00:00\" \/>\n<meta property=\"article:modified_time\" content=\"2026-02-10T14:21:34+00:00\" \/>\n<meta property=\"og:image\" content=\"https:\/\/www.mes-allocs.fr\/guides\/wp-content\/uploads\/2022\/03\/matt-bennett-78hTqvjYMS4-unsplash-e1648564693322.jpg?wsr\" \/>\n\t<meta property=\"og:image:width\" content=\"1920\" \/>\n\t<meta property=\"og:image:height\" content=\"571\" \/>\n<meta name=\"twitter:card\" content=\"summary_large_image\" \/>\n<script type=\"application\/ld+json\" class=\"yoast-schema-graph\">{\"@context\":\"https:\/\/schema.org\",\"@graph\":[{\"@type\":\"WebSite\",\"@id\":\"https:\/\/www.mes-allocs.fr\/guides\/#website\",\"url\":\"https:\/\/www.mes-allocs.fr\/guides\/\",\"name\":\"Mes-Allocs.fr\",\"description\":\"\",\"potentialAction\":[{\"@type\":\"SearchAction\",\"target\":\"https:\/\/www.mes-allocs.fr\/guides\/?s={search_term_string}\",\"query-input\":\"required name=search_term_string\"}],\"inLanguage\":\"fr-FR\"},{\"@type\":\"ImageObject\",\"@id\":\"https:\/\/www.mes-allocs.fr\/guides\/retraite\/age-retraite\/#primaryimage\",\"inLanguage\":\"fr-FR\",\"url\":\"https:\/\/www.mes-allocs.fr\/guides\/wp-content\/uploads\/2022\/03\/matt-bennett-78hTqvjYMS4-unsplash-e1648564693322.jpg?wsr\",\"width\":1920,\"height\":571,\"caption\":\"age retraite\"},{\"@type\":\"WebPage\",\"@id\":\"https:\/\/www.mes-allocs.fr\/guides\/retraite\/age-retraite\/#webpage\",\"url\":\"https:\/\/www.mes-allocs.fr\/guides\/retraite\/age-retraite\/\",\"name\":\"\\u00c0 quel \\u00e2ge pouvez-vous partir en retraite en 2026 ? | Mes-Allocs.fr\",\"isPartOf\":{\"@id\":\"https:\/\/www.mes-allocs.fr\/guides\/#website\"},\"primaryImageOfPage\":{\"@id\":\"https:\/\/www.mes-allocs.fr\/guides\/retraite\/age-retraite\/#primaryimage\"},\"datePublished\":\"2022-04-12T16:25:17+00:00\",\"dateModified\":\"2026-02-10T14:21:34+00:00\",\"author\":{\"@id\":\"https:\/\/www.mes-allocs.fr\/guides\/#\/schema\/person\/c22c1269332026958a3b5505f80b5404\"},\"description\":\"L'\\u00e2ge de d\\u00e9part \\u00e0 la retraite varie selon certaines conditions.\\u00a0Mes Allocs vous explique comment conna\\u00eetre votre \\u00e2ge de d\\u00e9part \\u00e0 la retraite.\",\"inLanguage\":\"fr-FR\"},{\"@type\":\"Person\",\"@id\":\"https:\/\/www.mes-allocs.fr\/guides\/#\/schema\/person\/c22c1269332026958a3b5505f80b5404\",\"name\":\"Flavien Fritz\",\"image\":{\"@type\":\"ImageObject\",\"@id\":\"https:\/\/www.mes-allocs.fr\/guides\/#personlogo\",\"inLanguage\":\"fr-FR\",\"url\":\"https:\/\/www.mes-allocs.fr\/guides\/wp-content\/uploads\/2021\/11\/Flavien-1-150x150.png\",\"caption\":\"Flavien Fritz\"},\"description\":\"Flavien est r\\u00e9dacteur au sein de l'\\u00e9quipe Mes Allocs, sp\\u00e9cialis\\u00e9 en droit priv\\u00e9. Dipl\\u00f4m\\u00e9 de l'Institut Catholique de Vend\\u00e9e, il rejoint Mes Allocs apr\\u00e8s une premi\\u00e8re exp\\u00e9rience entrepreneuriale.\",\"sameAs\":[\"https:\/\/fr.linkedin.com\/in\/flavienfritz\"]}]}<\/script>\n<!-- \/ Yoast SEO plugin. -->","amp_validity":null,"acf":{"faq":{"1":{"question":"Comment obtenir la retraite ?","answer":"Lorsque vous avez atteint l'\u00e2ge l\u00e9gal de d\u00e9part, il vous est possible de b\u00e9n\u00e9ficier d'une retraite du r\u00e9gime g\u00e9n\u00e9ral de la S\u00e9curit\u00e9 sociale."},"2":{"question":"A quel \u00e2ge peut-on prendre sa retraite ?","answer":"L\u2019\u00e2ge l\u00e9gal de d\u00e9part \u00e0 la retraite est de 64 ans. L'\u00e2ge de d\u00e9part \u00e0 la retraite d\u00e9pend de votre ann\u00e9e de naissance. "},"3":{"question":"Peut-on prendre sa retraite avant 64 ans ?","answer":"Dans certaines situations bien sp\u00e9cifiques, il est possible de prendre sa retraite avant 64 ans.\r\n"},"4":{"question":"Quel montant lorsqu'on prend sa retraite apr\u00e8s 62 ans ?","answer":"A partir d\u2019un certain \u00e2ge, la retraite est calcul\u00e9e au taux maximum. Cela se fait quel que soit votre nombre de trimestres.\r\n"},"5":{"question":"Comment fonctionne la d\u00e9cote ?","answer":"Lorsque vous partez en retraite avant 67 ans et que vous n'avez pas le nombre de trimestres exig\u00e9, le taux de 50\u00a0%\u00a0est r\u00e9duit de\u00a01,25\u00a0%\u00a0par trimestre manquant.\r\n"},"6":{"question":"Comment fonctionne la retraite compl\u00e9mentaire ?","answer":"La retraite compl\u00e9mentaire se calcule en points.\r\n"},"7":{"question":"","answer":""},"8":{"question":"","answer":""},"9":{"question":"","answer":""},"10":{"question":"","answer":""},"11":{"question":"","answer":""},"12":{"question":"","answer":""},"13":{"question":"","answer":""},"14":{"question":"","answer":""},"15":{"question":"","answer":""},"16":{"question":"","answer":""}}},"_links":{"self":[{"href":"https:\/\/www.mes-allocs.fr\/guides\/wp-json\/wp\/v2\/posts\/46997","targetHints":{"allow":["GET"]}}],"collection":[{"href":"https:\/\/www.mes-allocs.fr\/guides\/wp-json\/wp\/v2\/posts"}],"about":[{"href":"https:\/\/www.mes-allocs.fr\/guides\/wp-json\/wp\/v2\/types\/post"}],"author":[{"embeddable":true,"href":"https:\/\/www.mes-allocs.fr\/guides\/wp-json\/wp\/v2\/users\/13"}],"replies":[{"embeddable":true,"href":"https:\/\/www.mes-allocs.fr\/guides\/wp-json\/wp\/v2\/comments?post=46997"}],"version-history":[{"count":32,"href":"https:\/\/www.mes-allocs.fr\/guides\/wp-json\/wp\/v2\/posts\/46997\/revisions"}],"predecessor-version":[{"id":108883,"href":"https:\/\/www.mes-allocs.fr\/guides\/wp-json\/wp\/v2\/posts\/46997\/revisions\/108883"}],"wp:featuredmedia":[{"embeddable":true,"href":"https:\/\/www.mes-allocs.fr\/guides\/wp-json\/wp\/v2\/media\/47579"}],"wp:attachment":[{"href":"https:\/\/www.mes-allocs.fr\/guides\/wp-json\/wp\/v2\/media?parent=46997"}],"wp:term":[{"taxonomy":"category","embeddable":true,"href":"https:\/\/www.mes-allocs.fr\/guides\/wp-json\/wp\/v2\/categories?post=46997"},{"taxonomy":"post_tag","embeddable":true,"href":"https:\/\/www.mes-allocs.fr\/guides\/wp-json\/wp\/v2\/tags?post=46997"}],"curies":[{"name":"wp","href":"https:\/\/api.w.org\/{rel}","templated":true}]}}