{"id":46991,"date":"2022-11-08T17:36:12","date_gmt":"2022-11-08T15:36:12","guid":{"rendered":"https:\/\/www.mes-allocs.fr\/guides\/?p=46991"},"modified":"2026-04-03T15:10:23","modified_gmt":"2026-04-03T14:10:23","slug":"rsa-auto-entrepreneur","status":"publish","type":"post","link":"https:\/\/www.mes-allocs.fr\/guides\/rsa\/rsa-statut\/rsa-auto-entrepreneur\/","title":{"rendered":"RSA et auto-entreprise : un cumul possible ?"},"content":{"rendered":"<p><img loading=\"lazy\" decoding=\"async\" class=\"alignnone wp-image-47009 size-full\" title=\"Entrepreneur et RSA un cumul possible\" src=\"https:\/\/www.mes-allocs.fr\/guides\/wp-content\/uploads\/2022\/03\/Entrepreneur-et-RSA-un-cumul-possible--e1647943856466.jpg\" alt=\"Entrepreneur et RSA un cumul possible\" width=\"1880\" height=\"484\" srcset=\"https:\/\/www.mes-allocs.fr\/guides\/wp-content\/uploads\/2022\/03\/Entrepreneur-et-RSA-un-cumul-possible--e1647943856466.jpg 1880w, https:\/\/www.mes-allocs.fr\/guides\/wp-content\/uploads\/2022\/03\/Entrepreneur-et-RSA-un-cumul-possible--e1647943856466-300x77.jpg 300w, https:\/\/www.mes-allocs.fr\/guides\/wp-content\/uploads\/2022\/03\/Entrepreneur-et-RSA-un-cumul-possible--e1647943856466-1024x264.jpg 1024w, https:\/\/www.mes-allocs.fr\/guides\/wp-content\/uploads\/2022\/03\/Entrepreneur-et-RSA-un-cumul-possible--e1647943856466-768x198.jpg 768w, https:\/\/www.mes-allocs.fr\/guides\/wp-content\/uploads\/2022\/03\/Entrepreneur-et-RSA-un-cumul-possible--e1647943856466-1536x395.jpg 1536w, https:\/\/www.mes-allocs.fr\/guides\/wp-content\/uploads\/2022\/03\/Entrepreneur-et-RSA-un-cumul-possible--e1647943856466-600x154.jpg 600w\" sizes=\"auto, (max-width: 1880px) 100vw, 1880px\" \/><\/p>\n<p style=\"text-align: justify;\">[Mis \u00e0 jour le 03\/04\/2026] Le Revenu de Solidarit\u00e9 Active (<a href=\"https:\/\/www.mes-allocs.fr\/guides\/rsa\">RSA<\/a>) a \u00e9t\u00e9 mis en place afin de favoriser le retour \u00e0 l&#8217;emploi des personnes sans activit\u00e9. Le RSA peut \u00eatre accord\u00e9 \u00e0 un entrepreneur sous certaines conditions. Alors, comment b\u00e9n\u00e9ficier du RSA en tant qu&rsquo;entrepreneur en 2026 ?<\/p>\n<hr style=\"text-align: justify;\" \/>\n<h1 style=\"text-align: justify;\">Rappel : le Revenu de Solidarit\u00e9 active (RSA)\u00a0?<\/h1>\n<p style=\"text-align: justify;\">Le\u00a0Revenu de solidarit\u00e9 Active est une aide financi\u00e8re accord\u00e9e aux personnes sans ou avec de faibles ressources. Cette allocation permet \u00e0 ses b\u00e9n\u00e9ficiaires de percevoir le revenu minimum. Vers\u00e9 par la Caisse d&rsquo;Allocations Familiales ou la Mutualit\u00e9 Sociale Agricole, le RSA peut \u00eatre octroy\u00e9 que vous ayez une activit\u00e9 professionnelle ou non.<\/p>\n<h1 style=\"text-align: justify;\">Est-il possible de b\u00e9n\u00e9ficier du RSA en tant qu&rsquo;entrepreneur ?<\/h1>\n<p style=\"text-align: justify;\">Il est tout \u00e0 fait possible de cumuler le RSA en tant qu&rsquo;<a href=\"https:\/\/www.mes-allocs.fr\/guides\/prime-d-activite\/prime-d-activite-pour-qui\/prime-d-activite-auto-entrepreneur\/\">entrepreneur<\/a>. <b>Cependant, vous devez respecter un certain nombre de conditions d&rsquo;\u00e9ligibilit\u00e9 :<\/b><\/p>\n<ul>\n<li style=\"text-align: justify;\">Vous devez \u00eatre Fran\u00e7ais, citoyen de l&rsquo;Espace \u00e9conomique europ\u00e9en ou Suisse, avoir un titre de s\u00e9jour ou r\u00e9sider en France depuis au moins 5 ans<\/li>\n<li style=\"text-align: justify;\">Vous devez r\u00e9sider en France au moins 9 mois par an<\/li>\n<li style=\"text-align: justify;\">Vous devez avoir plus de 25 ans ou \u00eatre enceinte ou avoir au moins un enfant \u00e0 charge<\/li>\n<li style=\"text-align: justify;\">Entre 18 ans et 25 ans, vous devez\u00a0avoir eu une activit\u00e9 professionnelle \u00e0 temps plein pendant au moins 2 ans au cours des 3 derni\u00e8res ann\u00e9es<\/li>\n<li style=\"text-align: justify;\">Vous devez avoir des ressources mensuelles inf\u00e9rieures aux plafonds de la CAF\u00a0au cours des 3 mois pr\u00e9c\u00e9dant votre demande<\/li>\n<\/ul>\n<p style=\"text-align: justify;\"><strong>\u00c0 savoir qu&rsquo;\u00e0 l&rsquo;exception des parents<a href=\"https:\/\/www.mes-allocs.fr\/guides\/allocations-familiales\/allocation-rentree-scolaire\/allocation-rentree-scolaire-mere-isole\/\"> isol\u00e9s<\/a>, tous les profils ne sont pas \u00e9ligibles au RSA, entrepreneur ou non :<\/strong><\/p>\n<ul>\n<li style=\"text-align: justify;\">Les personnes en cong\u00e9 parental, cong\u00e9 sabbatique, cong\u00e9 sans solde et en disponibilit\u00e9<\/li>\n<li style=\"text-align: justify;\">Les \u00e9tudiants dont le revenu d&rsquo;activit\u00e9 est inf\u00e9rieur \u00e0 500 \u20ac\u00a0par mois<\/li>\n<\/ul>\n<h1 style=\"text-align: justify;\">Quel est le montant du RSA pour un entrepreneur\u00a0?<\/h1>\n<p style=\"text-align: justify;\"><b>D&rsquo;un montant forfaitaire de 651,69 \u20ac pour une personne seule sans enfant, le Revenu de Solidarit\u00e9 Active est attribu\u00e9 en fonction des crit\u00e8res suivants :<\/b><\/p>\n<ul>\n<li style=\"text-align: justify;\">La composition de votre foyer<\/li>\n<li style=\"text-align: justify;\">Les revenus de votre foyer (salaires, chiffre d&rsquo;affaires d&rsquo;auto-entrepreneur, etc.)<\/li>\n<li style=\"text-align: justify;\">Les \u00e9ventuelles aides au logement que vous percevez<\/li>\n<\/ul>\n<p style=\"text-align: justify;\"><b>Vous pouvez retrouver ci-dessous les montants du RSA applicables en 2026. <\/b>Ces montants sont en vigueur jusqu&rsquo;au 31 mars 2027 et seront revaloris\u00e9s le 1er avril 2027.<\/p>\n\n<div class=\"wpdt-c row wpDataTableContainerSimpleTable wpDataTables wpDataTablesWrapper\n\"\n    >\n    <table id=\"wpdtSimpleTable-3\"\n           class=\"wpdtSimpleTable wpDataTable\"\n           data-column=\"2\"\n           data-rows=\"5\"\n           data-wpID=\"3\"\n           data-responsive=\"0\"\n           data-has-header=\"1\">\n\n                    <thead>        <tr class=\"wpdt-cell-row \" >\n                            <th class=\"wpdt-cell wpdt-bc-F3F9FE wpdt-bold\"\n                                    data-cell-id=\"A1\"\n                data-col-index=\"0\"\n                data-row-index=\"0\"\n                style=\" width:48.571428571429%;                padding:10px;\"\n                >\n                                Situation familiale                <\/th>\n                                            <th class=\"wpdt-cell wpdt-bc-F3F9FE wpdt-bold\"\n                                    data-cell-id=\"B1\"\n                data-col-index=\"1\"\n                data-row-index=\"0\"\n                style=\" width:51.428571428571%;                padding:10px;\"\n                >\n                                Montant pour une personne seule avant d\u00e9duction du forfait logement                <\/th>\n                                        <\/tr>\n                    <tbody>        <tr class=\"wpdt-cell-row \" >\n                            <td class=\"wpdt-cell \"\n                                    data-cell-id=\"A2\"\n                data-col-index=\"0\"\n                data-row-index=\"1\"\n                style=\"                padding:10px;\"\n                >\n                                Personne seule sans enfant                <\/td>\n                                            <td class=\"wpdt-cell \"\n                                    data-cell-id=\"B2\"\n                data-col-index=\"1\"\n                data-row-index=\"1\"\n                style=\"                padding:10px;\"\n                >\n                                651,69 \u20ac                <\/td>\n                                        <\/tr>\n                            <tr class=\"wpdt-cell-row \" >\n                            <td class=\"wpdt-cell \"\n                                    data-cell-id=\"A3\"\n                data-col-index=\"0\"\n                data-row-index=\"2\"\n                style=\"                padding:10px;\"\n                >\n                                Personne seule avec 1 enfant                <\/td>\n                                            <td class=\"wpdt-cell \"\n                                    data-cell-id=\"B3\"\n                data-col-index=\"1\"\n                data-row-index=\"2\"\n                style=\"                padding:10px;\"\n                >\n                                977,54 \u20ac                <\/td>\n                                        <\/tr>\n                            <tr class=\"wpdt-cell-row \" >\n                            <td class=\"wpdt-cell \"\n                                    data-cell-id=\"A4\"\n                data-col-index=\"0\"\n                data-row-index=\"3\"\n                style=\"                padding:10px;\"\n                >\n                                Personne seule avec 2 enfants                <\/td>\n                                            <td class=\"wpdt-cell \"\n                                    data-cell-id=\"B4\"\n                data-col-index=\"1\"\n                data-row-index=\"3\"\n                style=\"                padding:10px;\"\n                >\n                                1 173,05 \u20ac                <\/td>\n                                        <\/tr>\n                            <tr class=\"wpdt-cell-row \" >\n                            <td class=\"wpdt-cell \"\n                                    data-cell-id=\"A5\"\n                data-col-index=\"0\"\n                data-row-index=\"4\"\n                style=\"                padding:10px;\"\n                >\n                                Par enfant suppl\u00e9mentaire                <\/td>\n                                            <td class=\"wpdt-cell \"\n                                    data-cell-id=\"B5\"\n                data-col-index=\"1\"\n                data-row-index=\"4\"\n                style=\"                padding:10px;\"\n                >\n                                + 260,68 \u20ac                <\/td>\n                                        <\/tr>\n                    <\/table>\n<\/div><style id='wpdt-custom-style-3'>\ntable#wpdtSimpleTable-3{ table-layout: fixed !important; }\n.wpdt-bc-F3F9FE { background-color: #F3F9FE !important;}\n<\/style>\n\n\n<div class=\"wpdt-c row wpDataTableContainerSimpleTable wpDataTables wpDataTablesWrapper\n\"\n    >\n    <table id=\"wpdtSimpleTable-4\"\n           class=\"wpdtSimpleTable wpDataTable\"\n           data-column=\"2\"\n           data-rows=\"5\"\n           data-wpID=\"4\"\n           data-responsive=\"0\"\n           data-has-header=\"1\">\n\n                    <thead>        <tr class=\"wpdt-cell-row \" >\n                            <th class=\"wpdt-cell wpdt-bc-F3F9FE wpdt-bold\"\n                                    data-cell-id=\"A1\"\n                data-col-index=\"0\"\n                data-row-index=\"0\"\n                style=\" width:48.571428571429%;                padding:10px;\"\n                >\n                                Situation familiale                <\/th>\n                                            <th class=\"wpdt-cell wpdt-bc-F3F9FE wpdt-bold\"\n                                    data-cell-id=\"B1\"\n                data-col-index=\"1\"\n                data-row-index=\"0\"\n                style=\" width:51.428571428571%;                padding:10px;\"\n                >\n                                Montant pour un couple avant d\u00e9duction du forfait logement                <\/th>\n                                        <\/tr>\n                    <tbody>        <tr class=\"wpdt-cell-row \" >\n                            <td class=\"wpdt-cell \"\n                                    data-cell-id=\"A2\"\n                data-col-index=\"0\"\n                data-row-index=\"1\"\n                style=\"                padding:10px;\"\n                >\n                                Couple sans enfant                <\/td>\n                                            <td class=\"wpdt-cell \"\n                                    data-cell-id=\"B2\"\n                data-col-index=\"1\"\n                data-row-index=\"1\"\n                style=\"                padding:10px;\"\n                >\n                                977,54 \u20ac                <\/td>\n                                        <\/tr>\n                            <tr class=\"wpdt-cell-row \" >\n                            <td class=\"wpdt-cell \"\n                                    data-cell-id=\"A3\"\n                data-col-index=\"0\"\n                data-row-index=\"2\"\n                style=\"                padding:10px;\"\n                >\n                                Couple avec 1 enfant                <\/td>\n                                            <td class=\"wpdt-cell \"\n                                    data-cell-id=\"B3\"\n                data-col-index=\"1\"\n                data-row-index=\"2\"\n                style=\"                padding:10px;\"\n                >\n                                1 173,05 \u20ac                <\/td>\n                                        <\/tr>\n                            <tr class=\"wpdt-cell-row \" >\n                            <td class=\"wpdt-cell \"\n                                    data-cell-id=\"A4\"\n                data-col-index=\"0\"\n                data-row-index=\"3\"\n                style=\"                padding:10px;\"\n                >\n                                Couple avec 2 enfants                <\/td>\n                                            <td class=\"wpdt-cell \"\n                                    data-cell-id=\"B4\"\n                data-col-index=\"1\"\n                data-row-index=\"3\"\n                style=\"                padding:10px;\"\n                >\n                                1 368,56 \u20ac                <\/td>\n                                        <\/tr>\n                            <tr class=\"wpdt-cell-row \" >\n                            <td class=\"wpdt-cell \"\n                                    data-cell-id=\"A5\"\n                data-col-index=\"0\"\n                data-row-index=\"4\"\n                style=\"                padding:10px;\"\n                >\n                                Par enfant suppl\u00e9mentaire                <\/td>\n                                            <td class=\"wpdt-cell \"\n                                    data-cell-id=\"B5\"\n                data-col-index=\"1\"\n                data-row-index=\"4\"\n                style=\"                padding:10px;\"\n                >\n                                + 260,68 \u20ac                <\/td>\n                                        <\/tr>\n                    <\/table>\n<\/div><style id='wpdt-custom-style-4'>\ntable#wpdtSimpleTable-4{ table-layout: fixed !important; }\ntable#wpdtSimpleTable-4 td, table.wpdtSimpleTable4 th { white-space: normal !important; }\n.wpdt-bc-F3F9FE { background-color: #F3F9FE !important;}\n<\/style>\n\n<p style=\"text-align: justify;\">\u00c0 noter que si vous percevez une aide au logement ou si vous ne payez pas votre logement, une somme s&rsquo;additionne \u00e0 vos ressources. <b>Le montant d\u00e9pend \u00e9galement de la composition de votre foyer. <\/b>Ces montants sont en vigueur jusqu&rsquo;au 31 mars 2027 et seront revaloris\u00e9s le 1er avril 2027.<\/p>\n\n<div class=\"wpdt-c row wpDataTableContainerSimpleTable wpDataTables wpDataTablesWrapper\n\"\n    >\n    <table id=\"wpdtSimpleTable-5\"\n           class=\"wpdtSimpleTable wpDataTable\"\n           data-column=\"2\"\n           data-rows=\"4\"\n           data-wpID=\"5\"\n           data-responsive=\"0\"\n           data-has-header=\"1\">\n\n                    <thead>        <tr class=\"wpdt-cell-row \" >\n                            <th class=\"wpdt-cell wpdt-bc-F3F9FE wpdt-bold\"\n                                    data-cell-id=\"A1\"\n                data-col-index=\"0\"\n                data-row-index=\"0\"\n                style=\" width:48.571428571429%;                padding:10px;\"\n                >\n                                Composition du foyer                <\/th>\n                                            <th class=\"wpdt-cell wpdt-bc-F3F9FE wpdt-bold\"\n                                    data-cell-id=\"B1\"\n                data-col-index=\"1\"\n                data-row-index=\"0\"\n                style=\" width:51.428571428571%;                padding:10px;\"\n                >\n                                Forfait logement \u00e0 d\u00e9duire                <\/th>\n                                        <\/tr>\n                    <tbody>        <tr class=\"wpdt-cell-row \" >\n                            <td class=\"wpdt-cell \"\n                                    data-cell-id=\"A2\"\n                data-col-index=\"0\"\n                data-row-index=\"1\"\n                style=\"                padding:10px;\"\n                >\n                                1 personne                <\/td>\n                                            <td class=\"wpdt-cell \"\n                                    data-cell-id=\"B2\"\n                data-col-index=\"1\"\n                data-row-index=\"1\"\n                style=\"                padding:10px;\"\n                >\n                                78,2 \u20ac                <\/td>\n                                        <\/tr>\n                            <tr class=\"wpdt-cell-row \" >\n                            <td class=\"wpdt-cell \"\n                                    data-cell-id=\"A3\"\n                data-col-index=\"0\"\n                data-row-index=\"2\"\n                style=\"                padding:10px;\"\n                >\n                                2 personnes                <\/td>\n                                            <td class=\"wpdt-cell \"\n                                    data-cell-id=\"B3\"\n                data-col-index=\"1\"\n                data-row-index=\"2\"\n                style=\"                padding:10px;\"\n                >\n                                156,41 \u20ac                <\/td>\n                                        <\/tr>\n                            <tr class=\"wpdt-cell-row \" >\n                            <td class=\"wpdt-cell \"\n                                    data-cell-id=\"A4\"\n                data-col-index=\"0\"\n                data-row-index=\"3\"\n                style=\"                padding:10px;\"\n                >\n                                3 personnes ou plus                <\/td>\n                                            <td class=\"wpdt-cell \"\n                                    data-cell-id=\"B4\"\n                data-col-index=\"1\"\n                data-row-index=\"3\"\n                style=\"                padding:10px;\"\n                >\n                                193,55 \u20ac                <\/td>\n                                        <\/tr>\n                    <\/table>\n<\/div><style id='wpdt-custom-style-5'>\ntable#wpdtSimpleTable-5{ table-layout: fixed !important; }\n.wpdt-bc-F3F9FE { background-color: #F3F9FE !important;}\n<\/style>\n\n<h1 style=\"text-align: justify;\">Quelles sont les ressources prises en compte dans le calcul du RSA ?<\/h1>\n<p style=\"text-align: justify;\">En tant qu&rsquo;entrepreneur, les ressources de votre foyer doivent \u00eatre inf\u00e9rieures aux montants forfaitaires pour b\u00e9n\u00e9ficier du RSA. <b>Les ressources prises en compte sont :<\/b><\/p>\n<ul>\n<li style=\"text-align: justify;\">Le chiffre d&rsquo;affaires de l\u2019auto-entreprise lors du pr\u00e9c\u00e9dent trimestre<\/li>\n<li style=\"text-align: justify;\">Les autres revenus d&rsquo;activit\u00e9s du foyer au cours du dernier trimestre, c&rsquo;est-\u00e0-dire salaire, revenus de stage, etc.<\/li>\n<li style=\"text-align: justify;\">Les autres ressources du foyer durant le pr\u00e9c\u00e9dent trimestre, c&rsquo;est-\u00e0-dire pensions alimentaires, allocations ch\u00f4mage, etc.<\/li>\n<li style=\"text-align: justify;\">Les prestations familiales per\u00e7ues le mois pr\u00e9c\u00e9dent comme les allocations familiales, etc.<\/li>\n<li style=\"text-align: justify;\">Les aides au logement<\/li>\n<\/ul>\n<p style=\"text-align: justify;\">\u00c0 savoir qu&rsquo;en tant qu&rsquo;entrepreneur, la Caisse d&rsquo;Allocation Familiale applique obligatoirement un abattement forfaitaire sur votre chiffre d\u2019affaires pour calculer le montant de vos ressources. <b>Le taux appliqu\u00e9 d\u00e9pend de la nature de votre activit\u00e9\u00a0d auto entrepreneur :<\/b><\/p>\n<ul>\n<li style=\"text-align: justify;\">34 % pour les activit\u00e9s lib\u00e9rales<\/li>\n<li style=\"text-align: justify;\">50 % pour les prestations de services artisanales et commerciales<\/li>\n<li class=\"\" style=\"text-align: justify;\">71 % pour les activit\u00e9s commerciales et la fourniture de logement<\/li>\n<\/ul>\n<h1 style=\"text-align: justify;\">Entrepreneur : comment calculer le montant du RSA ?<\/h1>\n<p style=\"text-align: justify;\"><b>En tant qu&rsquo;entrepreneur, le montant du RSA est calcul\u00e9 selon la formule suivante :\u00a0RSA = montant forfaitaire &#8211; ressources du foyer.<\/b><\/p>\n<p style=\"text-align: justify;\">Exemple :<i> Annie est une entrepreneuse de 45 ans. Elle a eu un chiffre d&rsquo;affaires de 1 500 \u20ac sur les 3 derniers mois, soit 500 \u20ac mensuels. Exer\u00e7ant une activit\u00e9 commerciale, elle b\u00e9n\u00e9ficie donc d&rsquo;un abattement de 71 %. Enfin, elle vit seule et per\u00e7oit une aide au logement de 67,84 \u20ac, qui s&rsquo;ajoutent \u00e0 ses ressources prises en compte. Si elle respecte toutes les conditions d&rsquo;attribution, elle peut percevoir :\u00a0<\/i><\/p>\n<ul>\n<li style=\"text-align: justify;\"><i>651,69 \u20ac &#8211; [(500 \u20ac x 71 %) + 67,84 \u20ac] = soit 228,85 \u20ac de RSA\u00a0<\/i><\/li>\n<\/ul>\n<h1 style=\"text-align: justify;\">Comment demander le RSA\u00a0en tant qu\u2019entrepreneur ?<\/h1>\n<p style=\"text-align: justify;\">Pour percevoir le RSA en plus de vos revenus d\u2019entrepreneur, vous devez effectuer 2 d\u00e9marches n\u00e9cessaires.<\/p>\n<h2 style=\"text-align: justify;\">La demande de RSA par un entrepreneur<\/h2>\n<p style=\"text-align: justify;\"><b>La demande de RSA peut s&rsquo;effectuer via les 3 m\u00e9thodes suivantes :<\/b><\/p>\n<ul>\n<li style=\"text-align: justify;\">En ligne, sur le site de la CAF, sauf si vous avez moins de 25 ans<\/li>\n<li style=\"text-align: justify;\">Sur place, au sein de la CAF, du CCAS (Centre communal d&rsquo;action sociale) ou d&rsquo;une association habilit\u00e9e<\/li>\n<li style=\"text-align: justify;\">Par courrier, en remplissant le Cerfa 15482 ou 14130 si vous avez moins de 25 ans<\/li>\n<\/ul>\n<p style=\"text-align: justify;\"><b>\u00c0 noter que si vous \u00eates \u00e9ligible, vous percevez le RSA pour une p\u00e9riode reconductible de 3 mois.<\/b><\/p>\n<p><iframe loading=\"lazy\" title=\"Tout savoir sur le RSA !\" width=\"500\" height=\"281\" src=\"https:\/\/www.youtube.com\/embed\/JkfjfSBf7VE?feature=oembed\" frameborder=\"0\" allow=\"accelerometer; autoplay; clipboard-write; encrypted-media; gyroscope; picture-in-picture; web-share\" referrerpolicy=\"strict-origin-when-cross-origin\" allowfullscreen><\/iframe><\/p>\n<h2 style=\"text-align: justify;\">La d\u00e9claration du chiffre d\u2019affaires de l\u2019auto-entreprise<\/h2>\n<p data-amp-original-style=\"text-align: justify;\">Depuis <strong data-start=\"7\" data-end=\"26\">mars 2025<\/strong>, la <strong data-start=\"277\" data-end=\"321\"><a href=\"https:\/\/www.service-public.fr\/particuliers\/vosdroits\/R527\">d\u00e9claration trimestrielle<\/a> est simplifi\u00e9e<\/strong> gr\u00e2ce \u00e0 un <strong data-start=\"333\" data-end=\"358\">formulaire pr\u00e9-rempli<\/strong>, int\u00e9grant automatiquement certains revenus avec la possibilit\u00e9 de corrections. Par ailleurs, les <strong data-start=\"457\" data-end=\"495\">p\u00e9riodes de d\u00e9claration ont chang\u00e9<\/strong>: depuis mars, il faut d\u00e9clarer les revenus de <strong data-start=\"543\" data-end=\"576\">novembre, d\u00e9cembre et janvier<\/strong>, au lieu de <strong data-start=\"589\" data-end=\"621\">d\u00e9cembre, janvier et f\u00e9vrier <\/strong>auparavant. Cette modification vise \u00e0 <strong data-start=\"660\" data-end=\"723\">r\u00e9duire les erreurs et acc\u00e9l\u00e9rer le traitement des dossiers <\/strong>pour un versement plus fluide.<\/p>\n<p style=\"text-align: justify;\"><b>En fonction du montant de vos ressources au cours des 3 pr\u00e9c\u00e9dents mois, vous avez 3 possibilit\u00e9s :<\/b><\/p>\n<ul>\n<li style=\"text-align: justify;\">Si vous n\u2019avez eu aucune ressource, vous toucherez le montant forfaitaire dans son int\u00e9gralit\u00e9<\/li>\n<li style=\"text-align: justify;\">Si le montant moyen mensuel de vos ressources est inf\u00e9rieur au plafond, vous toucherez la diff\u00e9rence<\/li>\n<li style=\"text-align: justify;\">Si vos ressources sont sup\u00e9rieures au plafond, vous ne b\u00e9n\u00e9ficierez plus du RSA<\/li>\n<\/ul>\n<h1 style=\"text-align: justify;\">Entrepreneur : quelles sont les aides pour la cr\u00e9ation d&rsquo;entreprise au RSA ?<\/h1>\n<p style=\"text-align: justify;\">Lorsque vous \u00eates d\u00e9j\u00e0 b\u00e9n\u00e9ficiaire du RSA et que vous souhaitez cr\u00e9er votre entreprise, vous pouvez pr\u00e9tendre \u00e0 diff\u00e9rentes aides.<\/p>\n<h2 style=\"text-align: justify;\">L&rsquo;aide au cr\u00e9ateur ou repreneur d\u2019entreprise (ACRE)<\/h2>\n<p style=\"text-align: justify;\"><b><img loading=\"lazy\" decoding=\"async\" class=\"size-medium wp-image-47012 alignright\" title=\"Entrepreneur et RSA un cumul possible\" src=\"https:\/\/www.mes-allocs.fr\/guides\/wp-content\/uploads\/2022\/03\/Entrepreneur-et-RSA-un-cumul-possible-4-300x200.jpg\" alt=\"Entrepreneur et RSA un cumul possible\" width=\"300\" height=\"200\" srcset=\"https:\/\/www.mes-allocs.fr\/guides\/wp-content\/uploads\/2022\/03\/Entrepreneur-et-RSA-un-cumul-possible-4-300x200.jpg 300w, https:\/\/www.mes-allocs.fr\/guides\/wp-content\/uploads\/2022\/03\/Entrepreneur-et-RSA-un-cumul-possible-4-600x400.jpg 600w, https:\/\/www.mes-allocs.fr\/guides\/wp-content\/uploads\/2022\/03\/Entrepreneur-et-RSA-un-cumul-possible-4.jpg 612w\" sizes=\"auto, (max-width: 300px) 100vw, 300px\" \/>L\u2019Aide aux cr\u00e9ateurs et repreneurs d&rsquo;entreprise est un dispositif\u00a0d&rsquo;exon\u00e9ration des charges sociales de l&rsquo;entreprise pendant un an.<\/b> Depuis le 1er janvier 2019, il n\u2019y a aucune d\u00e9marche \u00e0 effectuer pour obtenir l\u2019ACRE, sauf pour les micro-entrepreneurs. D\u00e9sormais, l\u2019entrepreneur qui s\u2019estime \u00e9ligible \u00e0 l\u2019ACRE s\u2019applique lui-m\u00eame l\u2019exon\u00e9ration lors du paiement des charges sociales \u00e0 l\u2019URSSAF. Afin d\u2019\u00e9viter d\u2019\u00e9ventuels abus, l\u2019URSSAF\u00a0peut \u00e9videmment r\u00e9aliser des contr\u00f4les post\u00e9rieurs afin de v\u00e9rifier si l\u2019entrepreneur avait le droit d\u2019appliquer les exon\u00e9rations relatives \u00e0 l\u2019ACRE.<\/p>\n<h2 style=\"text-align: justify;\">L&rsquo;aide \u00e0 la reprise et \u00e0 la cr\u00e9ation d\u2019entreprise (ARCE)<\/h2>\n<p style=\"text-align: justify;\"><b>Il s&rsquo;agit d&rsquo;une aide financi\u00e8re pour les demandeurs d\u2019emploi qui cr\u00e9ent ou reprennent une entreprise. L&rsquo;ARCE permet aux personnes au ch\u00f4mage de b\u00e9n\u00e9ficier par anticipation du versement d\u2019une partie de ses droits \u00e0 l\u2019allocation ch\u00f4mage sous la forme d\u2019un capital.<\/b> Pour recevoir\u00a0l\u2019aide, le demandeur doit b\u00e9n\u00e9ficier de l\u2019aide aux cr\u00e9ateurs ou repreneurs d&rsquo;entreprise (ACRE). La demande\u00a0doit \u00eatre r\u00e9alis\u00e9e aupr\u00e8s de l\u2019agence P\u00f4le emploi de laquelle d\u00e9pend l\u2019entrepreneur, en constituant un dossier accompagn\u00e9 du formulaire de demande.<\/p>\n<h2 style=\"text-align: justify;\">L&rsquo;aide Personnalis\u00e9e Pour le Retour \u00e0 l\u2019Emploi (APRE)<\/h2>\n<h4 style=\"text-align: justify;\"><span style=\"font-weight: normal;\">L&rsquo;aide Personnalis\u00e9e Pour le Retour \u00e0 l\u2019Emploi une aide financi\u00e8re vers\u00e9e aux b\u00e9n\u00e9ficiaires du RSA qui rencontrent des difficult\u00e9s \u00e0 se r\u00e9ins\u00e9rer professionnellement. Pour obtenir l&rsquo;aide, vous\u00a0devrez remplir un dossier accompagn\u00e9 du formulaire de demande avec votre\u00a0r\u00e9f\u00e9rent social pour motiver votre demande d\u2019APRE.\u00a0<\/span><\/h4>\n<p style=\"text-align: justify;\"><span class=\"notion-enable-hover\" data-token-index=\"0\" data-reactroot=\"\"><div class='cta-block'><div class='text'>Simulez vos Allocations Familiales en 2 min.<\/div><a href='' class='app-button fit'>Simulation gratuite<\/a><\/div><\/span><\/p>\n","protected":false},"excerpt":{"rendered":"<p>[Mis \u00e0 jour le 03\/04\/2026] Le Revenu de Solidarit\u00e9 Active (RSA) a \u00e9t\u00e9 mis en place afin de favoriser le retour \u00e0 l&#8217;emploi des personnes sans activit\u00e9. Le RSA peut \u00eatre accord\u00e9 \u00e0 un entrepreneur sous certaines conditions. Alors, comment b\u00e9n\u00e9ficier du RSA en tant qu&rsquo;entrepreneur en 2026 ? Rappel : le Revenu de Solidarit\u00e9 [&hellip;]<\/p>\n","protected":false},"author":14,"featured_media":47010,"comment_status":"open","ping_status":"open","sticky":false,"template":"","format":"standard","meta":{"amp_status":"","footnotes":""},"categories":[14,17932],"tags":[],"class_list":["post-46991","post","type-post","status-publish","format-standard","has-post-thumbnail","hentry","category-rsa","category-rsa-statut"],"yoast_head":"<!-- This site is optimized with the Yoast SEO plugin v14.9 - https:\/\/yoast.com\/wordpress\/plugins\/seo\/ -->\n<title>RSA et auto-entreprise : un cumul possible ? | Mes-Allocs.fr<\/title>\n<meta name=\"description\" content=\"Le RSA est une aide qui peut \u00eatre accord\u00e9e \u00e0 un auto-entrepreneur sous conditions. Voici comment vous pouvez en b\u00e9n\u00e9ficier en 2026.\" \/>\n<meta name=\"robots\" content=\"index, follow, max-snippet:-1, max-image-preview:large, max-video-preview:-1\" \/>\n<link rel=\"canonical\" href=\"https:\/\/www.mes-allocs.fr\/guides\/rsa\/rsa-statut\/rsa-auto-entrepreneur\/\" \/>\n<meta property=\"og:locale\" content=\"fr_FR\" \/>\n<meta property=\"og:type\" content=\"article\" \/>\n<meta property=\"og:title\" content=\"RSA et auto-entreprise : un cumul possible ? | Mes-Allocs.fr\" \/>\n<meta property=\"og:description\" content=\"Le RSA est une aide qui peut \u00eatre accord\u00e9e \u00e0 un auto-entrepreneur sous conditions. Voici comment vous pouvez en b\u00e9n\u00e9ficier en 2026.\" \/>\n<meta property=\"og:url\" content=\"https:\/\/www.mes-allocs.fr\/guides\/rsa\/rsa-statut\/rsa-auto-entrepreneur\/\" \/>\n<meta property=\"og:site_name\" content=\"Mes-Allocs.fr\" \/>\n<meta property=\"article:published_time\" content=\"2022-11-08T15:36:12+00:00\" \/>\n<meta property=\"article:modified_time\" content=\"2026-04-03T14:10:23+00:00\" \/>\n<meta property=\"og:image\" content=\"https:\/\/www.mes-allocs.fr\/guides\/wp-content\/uploads\/2022\/03\/Entrepreneur-et-RSA-un-cumul-possible-2.jpg?wsr\" \/>\n\t<meta property=\"og:image:width\" content=\"612\" \/>\n\t<meta property=\"og:image:height\" content=\"408\" \/>\n<meta name=\"twitter:card\" content=\"summary_large_image\" \/>\n<script type=\"application\/ld+json\" class=\"yoast-schema-graph\">{\"@context\":\"https:\/\/schema.org\",\"@graph\":[{\"@type\":\"WebSite\",\"@id\":\"https:\/\/www.mes-allocs.fr\/guides\/#website\",\"url\":\"https:\/\/www.mes-allocs.fr\/guides\/\",\"name\":\"Mes-Allocs.fr\",\"description\":\"\",\"potentialAction\":[{\"@type\":\"SearchAction\",\"target\":\"https:\/\/www.mes-allocs.fr\/guides\/?s={search_term_string}\",\"query-input\":\"required name=search_term_string\"}],\"inLanguage\":\"fr-FR\"},{\"@type\":\"ImageObject\",\"@id\":\"https:\/\/www.mes-allocs.fr\/guides\/rsa\/rsa-statut\/rsa-auto-entrepreneur\/#primaryimage\",\"inLanguage\":\"fr-FR\",\"url\":\"https:\/\/www.mes-allocs.fr\/guides\/wp-content\/uploads\/2022\/03\/Entrepreneur-et-RSA-un-cumul-possible-2.jpg?wsr\",\"width\":612,\"height\":408,\"caption\":\"Entrepreneur et RSA un cumul possible\"},{\"@type\":\"WebPage\",\"@id\":\"https:\/\/www.mes-allocs.fr\/guides\/rsa\/rsa-statut\/rsa-auto-entrepreneur\/#webpage\",\"url\":\"https:\/\/www.mes-allocs.fr\/guides\/rsa\/rsa-statut\/rsa-auto-entrepreneur\/\",\"name\":\"RSA et auto-entreprise : un cumul possible ? | Mes-Allocs.fr\",\"isPartOf\":{\"@id\":\"https:\/\/www.mes-allocs.fr\/guides\/#website\"},\"primaryImageOfPage\":{\"@id\":\"https:\/\/www.mes-allocs.fr\/guides\/rsa\/rsa-statut\/rsa-auto-entrepreneur\/#primaryimage\"},\"datePublished\":\"2022-11-08T15:36:12+00:00\",\"dateModified\":\"2026-04-03T14:10:23+00:00\",\"author\":{\"@id\":\"https:\/\/www.mes-allocs.fr\/guides\/#\/schema\/person\/a3de97298fd0ffc005ebdd5628b03ca8\"},\"description\":\"Le RSA est une aide qui peut \\u00eatre accord\\u00e9e \\u00e0 un auto-entrepreneur sous conditions. Voici comment vous pouvez en b\\u00e9n\\u00e9ficier en 2026.\",\"inLanguage\":\"fr-FR\"},{\"@type\":\"Person\",\"@id\":\"https:\/\/www.mes-allocs.fr\/guides\/#\/schema\/person\/a3de97298fd0ffc005ebdd5628b03ca8\",\"name\":\"Marina Ada Ondo\",\"image\":{\"@type\":\"ImageObject\",\"@id\":\"https:\/\/www.mes-allocs.fr\/guides\/#personlogo\",\"inLanguage\":\"fr-FR\",\"url\":\"https:\/\/www.mes-allocs.fr\/guides\/wp-content\/uploads\/2022\/02\/Photo-de-profil-150x150.png\",\"caption\":\"Marina Ada Ondo\"},\"description\":\"Marina est r\\u00e9dactrice au sein de l'\\u00e9quipe Mes Allocs, sp\\u00e9cialis\\u00e9e sur les aides aux jeunes. Dipl\\u00f4m\\u00e9e de l'ISFJ, elle rejoint Mes Allocs apr\\u00e8s une premi\\u00e8re exp\\u00e9rience en communication chez Little Africa, une agence de communication \\u00e0 Paris. Sur son temps libre, Marina lit beaucoup et passe ses dimanches au mus\\u00e9e.\",\"sameAs\":[\"https:\/\/www.linkedin.com\/in\/marinaadaondo\/\"]}]}<\/script>\n<!-- \/ Yoast SEO plugin. -->","amp_validity":null,"acf":{"faq":{"1":{"question":"Est-ce qu'un Auto-entrepreneur peut avoir le RSA ?","answer":"Il est tout \u00e0 fait possible de cumuler le RSA en tant qu'auto-entrepreneur. Cependant, vous devez respecter un certain nombre de conditions d'\u00e9ligibilit\u00e9. "},"2":{"question":"Comment est calcul\u00e9 le RSA Auto-entrepreneur ?","answer":"Avec la cr\u00e9ation d'une auto-entreprise et micro-entreprise, le montant forfaitaire du RSA sera calcul\u00e9 de la mani\u00e8re suivante : RSA = montant forfaitaire - ressources du foyer."},"3":{"question":"Puis-je travailler et toucher le RSA ?","answer":"Vous pouvez cumuler le RSA avec vos revenus d'activit\u00e9 pour une dur\u00e9e maximale de 3 mois. D\u00e8s la d\u00e9claration trimestrielle suivante, les ressources g\u00e9n\u00e9r\u00e9es par votre nouvel emploi viendront diminuer, voire supprimer vos droits au RSA. "},"4":{"question":"Est-ce qu'un Auto-entrepreneur peut toucher la prime d'activit\u00e9 ?","answer":"En tant qu\u2019auto-entrepreneur, vous pouvez pr\u00e9tendre \u00e0 cette aide \u00e0 conditions de respecter les conditions."},"5":{"question":"Quand Perd-on le RSA ?","answer":"Vous pouvez perdre votre RSA en cas de condamnation \u00e0 une peine de prison de plus de 2 mois, de refus d\u2019un contr\u00f4le CAF, si vous ne vous \u00eates pas inscrits \u00e0 P\u00f4le Emploi, si vous n\u2019avez pas effectu\u00e9 une ou plusieurs d\u00e9marches indiqu\u00e9es dans votre Contrat d\u2019Insertion, etc. "},"6":{"question":"Pourquoi mon RSA baisse tout les 3 mois ?","answer":"Le montant de votre RSA d\u00e9pend de vos ressources, y compris du montant des APL que vous percevez. Ainsi, ce montant est recalcul\u00e9 tous les 3 mois, suite \u00e0 votre d\u00e9claration trimestrielle qui est aujoiurd'hui pr\u00e9-remplie. "},"7":{"question":"","answer":""},"8":{"question":"","answer":""},"9":{"question":"","answer":""},"10":{"question":"","answer":""},"11":{"question":"","answer":""},"12":{"question":"","answer":""},"13":{"question":"","answer":""},"14":{"question":"","answer":""},"15":{"question":"","answer":""},"16":{"question":"","answer":""}}},"_links":{"self":[{"href":"https:\/\/www.mes-allocs.fr\/guides\/wp-json\/wp\/v2\/posts\/46991","targetHints":{"allow":["GET"]}}],"collection":[{"href":"https:\/\/www.mes-allocs.fr\/guides\/wp-json\/wp\/v2\/posts"}],"about":[{"href":"https:\/\/www.mes-allocs.fr\/guides\/wp-json\/wp\/v2\/types\/post"}],"author":[{"embeddable":true,"href":"https:\/\/www.mes-allocs.fr\/guides\/wp-json\/wp\/v2\/users\/14"}],"replies":[{"embeddable":true,"href":"https:\/\/www.mes-allocs.fr\/guides\/wp-json\/wp\/v2\/comments?post=46991"}],"version-history":[{"count":20,"href":"https:\/\/www.mes-allocs.fr\/guides\/wp-json\/wp\/v2\/posts\/46991\/revisions"}],"predecessor-version":[{"id":111574,"href":"https:\/\/www.mes-allocs.fr\/guides\/wp-json\/wp\/v2\/posts\/46991\/revisions\/111574"}],"wp:featuredmedia":[{"embeddable":true,"href":"https:\/\/www.mes-allocs.fr\/guides\/wp-json\/wp\/v2\/media\/47010"}],"wp:attachment":[{"href":"https:\/\/www.mes-allocs.fr\/guides\/wp-json\/wp\/v2\/media?parent=46991"}],"wp:term":[{"taxonomy":"category","embeddable":true,"href":"https:\/\/www.mes-allocs.fr\/guides\/wp-json\/wp\/v2\/categories?post=46991"},{"taxonomy":"post_tag","embeddable":true,"href":"https:\/\/www.mes-allocs.fr\/guides\/wp-json\/wp\/v2\/tags?post=46991"}],"curies":[{"name":"wp","href":"https:\/\/api.w.org\/{rel}","templated":true}]}}