{"id":46973,"date":"2022-10-11T19:17:35","date_gmt":"2022-10-11T17:17:35","guid":{"rendered":"https:\/\/www.mes-allocs.fr\/guides\/?p=46973"},"modified":"2026-03-03T16:29:26","modified_gmt":"2026-03-03T15:29:26","slug":"entretien-d-embauche-reconversion-professionnelle","status":"publish","type":"post","link":"https:\/\/www.mes-allocs.fr\/guides\/reconversion-professionnelle\/entretien-d-embauche-reconversion-professionnelle\/","title":{"rendered":"Nos conseils pour r\u00e9ussir un entretien d&#8217;embauche dans le cadre d&rsquo;une reconversion professionnelle"},"content":{"rendered":"<p style=\"text-align: justify;\"><img loading=\"lazy\" decoding=\"async\" class=\"alignnone wp-image-57033 size-full\" title=\"entretien d'embauche reconversion professionnelle\" src=\"https:\/\/www.mes-allocs.fr\/guides\/wp-content\/uploads\/2022\/04\/Reconversion-professionnelle-comment-reussir-un-entretien-dembauche--e1665507757129.jpeg\" alt=\"entretien d'embauche reconversion professionnelle\" width=\"1560\" height=\"347\" srcset=\"https:\/\/www.mes-allocs.fr\/guides\/wp-content\/uploads\/2022\/04\/Reconversion-professionnelle-comment-reussir-un-entretien-dembauche--e1665507757129.jpeg 1560w, https:\/\/www.mes-allocs.fr\/guides\/wp-content\/uploads\/2022\/04\/Reconversion-professionnelle-comment-reussir-un-entretien-dembauche--e1665507757129-300x67.jpeg 300w, https:\/\/www.mes-allocs.fr\/guides\/wp-content\/uploads\/2022\/04\/Reconversion-professionnelle-comment-reussir-un-entretien-dembauche--e1665507757129-1024x228.jpeg 1024w, https:\/\/www.mes-allocs.fr\/guides\/wp-content\/uploads\/2022\/04\/Reconversion-professionnelle-comment-reussir-un-entretien-dembauche--e1665507757129-768x171.jpeg 768w, https:\/\/www.mes-allocs.fr\/guides\/wp-content\/uploads\/2022\/04\/Reconversion-professionnelle-comment-reussir-un-entretien-dembauche--e1665507757129-1536x342.jpeg 1536w, https:\/\/www.mes-allocs.fr\/guides\/wp-content\/uploads\/2022\/04\/Reconversion-professionnelle-comment-reussir-un-entretien-dembauche--e1665507757129-600x133.jpeg 600w\" sizes=\"auto, (max-width: 1560px) 100vw, 1560px\" \/>[Mis \u00e0 jour le 03\/03\/2026] La <a href=\"https:\/\/www.mes-allocs.fr\/guides\/reconversion-professionnelle\/\">reconversion professionnelle<\/a> est aujourd\u2019hui tr\u00e8s fr\u00e9quente. D&rsquo;ann\u00e9e en ann\u00e9e, le nombre de candidats en r\u00e9orientation professionnelle augmente. Cependant, pour les charg\u00e9s de recrutement, il est n\u00e9cessaire de comprendre les raisons de ce changement. Lors de votre entretien, vous devez donc \u00eatre en mesure d\u2019expliquer clairement votre reconversion professionnelle afin de donner envie au recruteur.\u00a0Mes Allocs vous donne quelques conseils pour bien r\u00e9ussir votre <strong>entretien d&#8217;embauche dans le cadre d&rsquo;une reconversion professionnelle<\/strong>.<\/p>\n<p><span style=\"font-weight: 400;\"><div class='cta-block'><div class='text'>Profitez de notre bilan de comp\u00e9tences financ\u00e9 par vos droits formation.<\/div><a href='https:\/\/www.formademia.fr\/coaching' class='app-button fit'>En savoir plus<\/a><\/div><\/span><\/p>\n<h1 style=\"text-align: justify;\"><strong>Les conseils de base pour votre entretien d&#8217;embauche<\/strong><\/h1>\n<h2 style=\"text-align: justify;\"><strong>Soyez \u00e0 l\u2019heure au rendez-vous<\/strong><\/h2>\n<p style=\"text-align: justify;\"><b>Quel que soit le poste envisag\u00e9, la ponctualit\u00e9 est indispensable.<\/b><span style=\"font-weight: 400;\">\u00a0<\/span><span style=\"font-weight: 400;\">Se pr\u00e9senter en retard pour un entretien de recrutement peut repr\u00e9senter beaucoup de vous et votre personnalit\u00e9.\u00a0<\/span><span style=\"font-weight: 400;\">En effet, cela repr\u00e9sente votre \u00e9thique de travail aux yeux des recruteurs.\u00a0<\/span><span style=\"font-weight: 400;\">En plus de cela, pour les personnes li\u00e9es \u00e0 l&rsquo;entreprise qui doivent vous rencontrer, votre retard sera consid\u00e9r\u00e9 comme un manque de respect.<\/span><\/p>\n<p style=\"text-align: justify;\">Avant votre apparence, c\u2019est la premi\u00e8re chose qu\u2019ils retiendront de vous. <b>Il vaut donc mieux arriver un peu en avance pour \u00eatre s\u00fbr d&rsquo;\u00eatre dans les locaux \u00e0 l&rsquo;heure.\u00a0<\/b><span style=\"font-weight: 400;\">Si vous avez r\u00e9ellement un impr\u00e9vu, pr\u00e9venez l&rsquo;entreprise en avance.<\/span><\/p>\n<h2 style=\"text-align: justify;\"><strong>Faites preuve de politesse<\/strong><\/h2>\n<p style=\"text-align: justify;\"><b>De la secr\u00e9taire au chef de l&rsquo;entreprise, vous devez \u00eatre poli et respectueux, car votre comportement en dit long sur vous.\u00a0<\/b><span style=\"font-weight: 400;\">Adoptez un langage professionnel et pr\u00e9venant avec les personnes que vous rencontrez et \u00e9vitez le langage familier ou autres paroles d\u00e9plac\u00e9es.<\/span><\/p>\n<h2 style=\"text-align: justify;\"><strong>Faites attention \u00e0 votre tenue vestimentaire<\/strong><\/h2>\n<p style=\"text-align: justify;\"><b>Lors d\u2019une premi\u00e8re rencontre, l&rsquo;apparence physique est importante pour essayer de cerner quelqu&rsquo;un et de faire bonne impression.\u00a0<\/b><span style=\"font-weight: 400;\">Lorsque vous vous rendez \u00e0 votre entretien, il est donc tr\u00e8s important de soigner votre tenue vestimentaire et votre apparence g\u00e9n\u00e9rale (coiffure, maquillage, ongles, etc.).<\/span><\/p>\n<p style=\"text-align: justify;\"><b>Il est donc important d&rsquo;adopter une tenue adapt\u00e9e au secteur d\u2019activit\u00e9 et \u00e0 l\u2019entreprise. <\/b><span style=\"font-weight: 400;\">Malgr\u00e9 cela, il ne faut pas non plus que votre tenue efface votre personnalit\u00e9.\u00a0<\/span><span style=\"font-weight: 400;\">Si vous n&rsquo;\u00eates pas \u00e0 l&rsquo;aise dans votre tenue, cela se verra.<\/span><\/p>\n<h2 style=\"text-align: justify;\"><strong>Tenez-vous bien et souriez<\/strong><\/h2>\n<p style=\"text-align: justify;\"><b>Votre langage corporel parle pour vous et traduit certains traits de votre personnalit\u00e9.<\/b><span style=\"font-weight: 400;\"> Cela est tr\u00e8s important dans le processus de recrutement.<\/span><\/p>\n<p style=\"text-align: justify;\"><b>Lors de l&rsquo;entretien, il faut adopter une position ouverte afin d\u2019inciter \u00e0 l\u2019\u00e9change. Par exemple, il faut :<\/b><\/p>\n<ul>\n<li style=\"text-align: justify;\"><span style=\"font-weight: 400;\">Ne pas croiser les bras,<\/span><\/li>\n<li style=\"text-align: justify;\">Ne pas rester assis au fond du fauteuil,<\/li>\n<li style=\"text-align: justify;\">\u00c9viter les tics de langage qui traduisent souvent un manque de pr\u00e9paration ou un stress,<\/li>\n<li style=\"text-align: justify;\">Toujours garder le sourire.<\/li>\n<\/ul>\n<p style=\"text-align: justify;\">N\u2019en rajoutez pas et essayez d&rsquo;\u00eatre le plus concis possible dans vos propos. <b>Il faut cependant rester clair dans ses propos.<\/b><\/p>\n<h2 style=\"text-align: justify;\"><strong>Pr\u00e9parez ce que vous allez dire<\/strong><\/h2>\n<p style=\"text-align: justify;\"><b>Il est important de savoir que toutes vos paroles peuvent parfois \u00eatre tr\u00e8s mal interpr\u00e9t\u00e9es.<\/b><span style=\"font-weight: 400;\">\u00a0<\/span>Lorsque vous pr\u00e9senterez vos qualit\u00e9s, vous ne devez pas vous imposer comme \u00e9tant la personne qui sauvera l&rsquo;entreprise.\u00a0<span style=\"font-weight: 400;\">Il ne faut pas h\u00e9siter \u00e0 \u00eatre modeste (sans jouer les faux modestes non plus).<\/span><\/p>\n<p style=\"text-align: justify;\"><span style=\"font-weight: 400;\">Vous pouvez utiliser des exemples pour apporter de la l\u00e9gitimit\u00e9 \u00e0 vos propos.<\/span><b>\u00a0Si le recruteur cherche \u00e0 conna\u00eetre vos points forts et vos points faibles, il faut que vous donniez un vrai d\u00e9faut et non une fausse qualit\u00e9.\u00a0<\/b><span style=\"font-weight: 400;\">De plus, il faut \u00e9viter les critiques ou les \u00e9loges en ce qui concerne votre ancienne entreprise ou vos anciens coll\u00e8gues. Cherchez \u00e0 \u00e9viter ce sujet.<\/span><\/p>\n<p><iframe loading=\"lazy\" title=\"La reconversion professionnelle\" width=\"500\" height=\"281\" src=\"https:\/\/www.youtube.com\/embed\/EiVUthswxl0?feature=oembed\" frameborder=\"0\" allow=\"accelerometer; autoplay; clipboard-write; encrypted-media; gyroscope; picture-in-picture; web-share\" referrerpolicy=\"strict-origin-when-cross-origin\" allowfullscreen><\/iframe><\/p>\n<h2 style=\"text-align: justify;\"><strong>N&rsquo;h\u00e9sitez pas \u00e0 poser des questions<\/strong><\/h2>\n<p style=\"text-align: justify;\"><span style=\"font-weight: 400;\">G\u00e9n\u00e9ralement, en fin d\u2019entretien, le recruteur vous demande si vous avez des questions. <\/span><b>Pour mettre toutes les chances de votre c\u00f4t\u00e9, le mieux, c\u2019est d\u2019en avoir.\u00a0<\/b><span style=\"font-weight: 400;\">Cela permet de montrer que vous vous int\u00e9ressez au poste, mais \u00e9galement \u00e0 l&rsquo;entreprise.\u00a0<\/span><b>De plus, \u00e9vitez autant que possible de poser des questions qui vont concerner les horaires, les cong\u00e9s ou encore tout ce qui va concerner la r\u00e9mun\u00e9ration.\u00a0<\/b><span style=\"font-weight: 400;\">En effet, toutes ces questions pourront \u00eatre abord\u00e9es une fois que l\u2019entreprise aura d\u00e9cid\u00e9 de vous embaucher.<\/span><\/p>\n<p style=\"text-align: justify;\"><b>Il faut poser des questions pertinentes comme par exemple :<\/b><\/p>\n<ul>\n<li style=\"text-align: justify;\"><span style=\"font-weight: 400;\">Les priorit\u00e9s sur le poste,<\/span><\/li>\n<li style=\"text-align: justify;\">Le d\u00e9roulement d&rsquo;une journ\u00e9e dans l&rsquo;entreprise, etc.<\/li>\n<\/ul>\n<p style=\"text-align: justify;\"><b>Vous pouvez \u00e9galement demander quel est le d\u00e9lai pour recevoir la r\u00e9ponse \u00e0 votre entretien.<\/b><\/p>\n<h2 style=\"text-align: justify;\"><strong>Connaissez l\u2019entreprise<\/strong><\/h2>\n<p style=\"text-align: justify;\"><b>Pour bien pr\u00e9parer son entretien et \u00eatre le plus \u00e0 l\u2019aise possible durant celui-ci, il est essentiel de bien vous renseigner sur l\u2019entreprise, son secteur d\u2019activit\u00e9, mais \u00e9galement le poste pour lequel vous postulez.\u00a0<\/b><span style=\"font-weight: 400;\">Cela vous permettra d&rsquo;\u00eatre coh\u00e9rent lors de votre pr\u00e9sentation, fluide lors des \u00e9changes et de r\u00e9pondre du tac au tac aux questions \u00ab pi\u00e8ges \u00bb du recruteur.<\/span><\/p>\n<h1 style=\"text-align: justify;\"><strong>Demandez l&rsquo;aide d&rsquo;un coach professionnel<\/strong><\/h1>\n<p style=\"text-align: justify;\"><span style=\"font-weight: 400;\">L\u2019entretien d\u2019embauche est une \u00e9tape \u00e0 la fois excitante, car elle am\u00e8ne \u00e0 un renouveau professionnel possible. Cependant, cela peut aussi \u00eatre un moment extr\u00eamement angoissant.\u00a0<\/span><b>Afin de pouvoir bien s\u2019y pr\u00e9parer, r\u00e9pondre le plus justement et avoir de bons r\u00e9flexes, il peut \u00eatre judicieux d\u2019\u00eatre <a href=\"https:\/\/www.mes-allocs.fr\/guides\/reconversion-professionnelle\/avantages-accompagnee-reconversion\/\">accompagn\u00e9 par un coach carri\u00e8re<\/a>.\u00a0<\/b><span style=\"font-weight: 400;\">Dans le cadre d\u2019un entretien futur, le professionnel permet au candidat de prendre conscience de ce qu\u2019attend un recruteur et comment y r\u00e9pondre.\u00a0<\/span><\/p>\n<p style=\"text-align: justify;\"><b>Il vous est possible de demander l&rsquo;aide d&rsquo;un coach MesAllocs juste ici :<\/b><\/p>\n<p style=\"text-align: justify;\"><span style=\"font-weight: 400;\"><div class='cta-block'><div class='text'>Profitez de notre bilan de comp\u00e9tences financ\u00e9 par vos droits formation.<\/div><a href='https:\/\/www.formademia.fr\/coaching' class='app-button fit'>En savoir plus<\/a><\/div><\/span><\/p>\n<h1 style=\"text-align: justify;\"><strong>Valorisez votre reconversion professionnelle<\/strong><\/h1>\n<p style=\"text-align: justify;\"><span style=\"font-weight: 400;\">Peu importe le motif, changer de voie en cours de carri\u00e8re peut \u00eatre per\u00e7u par les recruteurs comme un signe de mal-\u00eatre professionnel, de faiblesse, d\u2019instabilit\u00e9, de perte de rep\u00e8res, etc.\u00a0<\/span><b>Pour le convaincre du contraire, il vous faut valoriser cette reconversion par des arguments solides et convaincants.<\/b><\/p>\n<p style=\"text-align: justify;\"><span style=\"font-weight: 400;\">Tout d\u2019abord, il est essentiel que votre recruteur prenne conscience que votre projet professionnel est m\u00fbrement r\u00e9fl\u00e9chi.\u00a0<\/span><span style=\"font-weight: 400;\">Ensuite, d\u00e9montrer que votre parcours atypique associ\u00e9 \u00e0 vos nombreuses comp\u00e9tences transf\u00e9rables sont de v\u00e9ritables atouts pour l\u2019entreprise.\u00a0<\/span><span style=\"font-weight: 400;\">Enfin, rassurez-le en lui expliquant que vous disposez d\u2019une adaptabilit\u00e9 \u00e0 toute \u00e9preuve.<\/span><\/p>\n<p style=\"text-align: justify;\"><strong>Justifier les d\u00e9marches de sa reconversion<\/strong><\/p>\n<p style=\"text-align: justify;\"><span style=\"font-weight: 400;\">Cette reconversion professionnelle vous a demand\u00e9 beaucoup de temps, de r\u00e9flexion et d\u2019\u00e9nergie.\u00a0<\/span><span style=\"font-weight: 400;\">La d\u00e9cision n&rsquo;a pas \u00e9t\u00e9 prise du jour au lendemain.\u00a0<\/span><b>Cette information sera importante pour votre recruteur.<\/b><\/p>\n<p style=\"text-align: justify;\"><b>Sans rentrer dans les d\u00e9tails, expliquez les \u00e9tapes de votre transition professionnelle.<\/b><span style=\"font-weight: 400;\">\u00a0<\/span><span style=\"font-weight: 400;\">Vous devrez expliquer \u00e0 quel moment votre simple envie est devenue un d\u00e9sir profond et r\u00e9el et les questions que vous vous \u00eates pos\u00e9.<\/span><\/p>\n<p style=\"text-align: justify;\"><b>Si vous avez r\u00e9alis\u00e9 un <a href=\"https:\/\/www.mes-allocs.fr\/guides\/reconversion-professionnelle\/bilan-de-competences\/\">bilan de comp\u00e9tences<\/a>, il est important de le mentionner.<\/b><span style=\"font-weight: 400;\">\u00a0<\/span><span style=\"font-weight: 400;\">En effet, pour un recruteur, cela peut peser dans la balance de voir que vous vous \u00eates investi pour votre reconversion.<\/span><\/p>\n<p style=\"text-align: justify;\"><b>Pour votre r\u00e9orientation professionnelle, il est probable que vous ayez pris part \u00e0 une formation avec un dipl\u00f4me au bout, qui am\u00e8ne \u00e0 une certaine qualification.<\/b><span style=\"font-weight: 400;\">\u00a0<\/span><span style=\"font-weight: 400;\">Justifiez votre choix : pourquoi celle-l\u00e0 et non une autre ? Cela peut provenir d\u2019un avis positif d\u2019un ancien apprenant, la r\u00e9putation de la formation, le programme, la dur\u00e9e, etc.<\/span><\/p>\n<p style=\"text-align: justify;\"><b>Vous devrez \u00e9galement pr\u00e9ciser si vous avez b\u00e9n\u00e9fici\u00e9 d\u2019un financement par un organisme tiers ou par le Compte Personnel de Formation.<\/b><span style=\"font-weight: 400;\">\u00a0<\/span><span style=\"font-weight: 400;\">Cela permettra \u00e0 votre recruteur de comprendre que vous \u00eates s\u00fbr de vous et que votre projet a \u00e9t\u00e9 parfaitement ma\u00eetris\u00e9 de A \u00e0 Z.<\/span><\/p>\n<h2 style=\"text-align: justify;\"><strong>Sachez expliquer votre manque d&rsquo;exp\u00e9rience professionnelle<\/strong><\/h2>\n<p style=\"text-align: justify;\"><span style=\"font-weight: 400;\">Il va falloir vous d\u00e9marquer.\u00a0<\/span><span style=\"font-weight: 400;\">N\u2019oubliez pas que vous avez face \u00e0 vous des candidats qui ont probablement plus d\u2019exp\u00e9rience pour le poste propos\u00e9.\u00a0<\/span><b>Pour cela, vous pouvez citer les diff\u00e9rents stages ou immersions en entreprise que vous avez eu l\u2019opportunit\u00e9 de faire pendant votre parcours.<\/b><\/p>\n<p style=\"text-align: justify;\"><span style=\"font-weight: 400;\">Il faut d\u00e9crire ce que vous avez appris. Vous devrez \u00e9galement expliquer comment vous allez utiliser ces nouvelles connaissances pour le poste en question.\u00a0<\/span><span style=\"font-weight: 400;\">De plus, vous pouvez aborder la fa\u00e7on dont vous avez appr\u00e9hend\u00e9 ce tout nouveau travail. <\/span><\/p>\n<p style=\"text-align: justify;\"><span style=\"font-weight: 400;\">T<\/span><b>out argument positif est le bienvenu \u00e0 partir du moment o\u00f9 il est pertinent et qu&rsquo;il vous met en avant.<\/b><span style=\"font-weight: 400;\">\u00a0<\/span><span style=\"font-weight: 400;\">En effet, ce n\u2019est pas parce que vous changez de travail, dans un tout autre domaine, que vos anciennes comp\u00e9tences seront inexploitables. Il y a m\u00eame au contraire certainement plusieurs comp\u00e9tences que vous pouvez utiliser dans ce nouvel emploi. On appelle cela le transfert des comp\u00e9tences.<\/span><\/p>\n<p style=\"text-align: justify;\"><b>Vous pouvez \u00e9galement pr\u00e9ciser les logiciels que vous ma\u00eetrisez, ou encore si vous avez d\u00e9j\u00e0 dirig\u00e9 une \u00e9quipe par exemple.<\/b><span style=\"font-weight: 400;\">\u00a0<\/span><span style=\"font-weight: 400;\">De plus, il faut savoir qu\u2019une reconversion est une vraie valeur ajout\u00e9e dans un parcours professionnel.\u00a0<\/span><span style=\"font-weight: 400;\">En effet, cette reconversion vous donne plusieurs qualit\u00e9s issues de votre pr\u00e9c\u00e9dent emploi qui peuvent faire la diff\u00e9rence.<\/span><\/p>\n<p style=\"text-align: justify;\"><b>Prendre du recul, se remettre en question, \u00eatre d\u00e9termin\u00e9, s\u2019adapter ou encore \u00eatre organis\u00e9, est un v\u00e9ritable atout, soyez-en certain. <\/b><span style=\"font-weight: 400;\">Et surtout, vous avez su surmonter votre peur du changement et \u00e7a, c\u2019est une qualit\u00e9 tr\u00e8s valorisante.<\/span><\/p>\n<p style=\"text-align: justify;\"><span style=\"font-weight: 400;\">Convaincre et se diff\u00e9rencier, voil\u00e0 votre objectif. Si vous assumez pleinement votre choix, cela se retranscrira dans vos \u00e9changes et vous n\u2019aurez aucune difficult\u00e9 \u00e0 expliquer votre reconversion professionnelle.<\/span><\/p>\n<h2 style=\"text-align: justify;\"><strong>Quelle est la raison du choix de ce nouveau secteur ?<\/strong><\/h2>\n<p style=\"text-align: justify;\"><span style=\"font-weight: 400;\">Cette question fera partie des nombreuses questions que l&rsquo;on peut retrouver pendant le recrutement pour comprendre votre reconversion.\u00a0<\/span><b>Pour y r\u00e9pondre, il faut que vous soyez franc et sinc\u00e8re pour expliquer votre reconversion professionnelle dans ce secteur.<\/b><\/p>\n<p style=\"text-align: justify;\"><span style=\"font-weight: 400;\">Vous devrez pr\u00e9ciser pourquoi vous voulez un m\u00e9tier de contact, une volont\u00e9 d\u2019aider les autres, un besoin d\u2019exprimer toute votre cr\u00e9ativit\u00e9, etc.\u00a0<\/span><span style=\"font-weight: 400;\">Toutes ces raisons que vous d\u00e9taillez qui vous ont pouss\u00e9 \u00e0 changer de m\u00e9tier. <\/span><span style=\"font-weight: 400;\">Il est n\u00e9cessaire d&rsquo;expliquer qu\u2019en vous reconvertissant dans ce secteur, vous allez pouvoir exercer un m\u00e9tier en accord avec vos envies et besoins.\u00a0<\/span><\/p>\n<p><span style=\"font-weight: 400;\"><div class='cta-block'><div class='text'>Profitez de notre bilan de comp\u00e9tences financ\u00e9 par vos droits formation.<\/div><a href='https:\/\/www.formademia.fr\/coaching' class='app-button fit'>En savoir plus<\/a><\/div><\/span><\/p>\n","protected":false},"excerpt":{"rendered":"<p>[Mis \u00e0 jour le 03\/03\/2026] La reconversion professionnelle est aujourd\u2019hui tr\u00e8s fr\u00e9quente. D&rsquo;ann\u00e9e en ann\u00e9e, le nombre de candidats en r\u00e9orientation professionnelle augmente. Cependant, pour les charg\u00e9s de recrutement, il est n\u00e9cessaire de comprendre les raisons de ce changement. Lors de votre entretien, vous devez donc \u00eatre en mesure d\u2019expliquer clairement votre reconversion professionnelle afin [&hellip;]<\/p>\n","protected":false},"author":13,"featured_media":46837,"comment_status":"closed","ping_status":"open","sticky":false,"template":"","format":"standard","meta":{"amp_status":"","footnotes":""},"categories":[5081],"tags":[],"class_list":["post-46973","post","type-post","status-publish","format-standard","has-post-thumbnail","hentry","category-reconversion-professionnelle"],"yoast_head":"<!-- This site is optimized with the Yoast SEO plugin v14.9 - https:\/\/yoast.com\/wordpress\/plugins\/seo\/ -->\n<title>R\u00e9ussir son entretien d&#039;embauche lors d&#039;une reconversion professionnelle<\/title>\n<meta name=\"description\" content=\"Vous \u00eates en situation de reconversion professionnelle ? D\u00e9couvrez nos conseils pour r\u00e9ussir votre entretien d&#039;embauche !\" \/>\n<meta name=\"robots\" content=\"index, follow, max-snippet:-1, max-image-preview:large, max-video-preview:-1\" \/>\n<link rel=\"canonical\" href=\"https:\/\/www.mes-allocs.fr\/guides\/reconversion-professionnelle\/entretien-d-embauche-reconversion-professionnelle\/\" \/>\n<meta property=\"og:locale\" content=\"fr_FR\" \/>\n<meta property=\"og:type\" content=\"article\" \/>\n<meta property=\"og:title\" content=\"R\u00e9ussir son entretien d&#039;embauche lors d&#039;une reconversion professionnelle\" \/>\n<meta property=\"og:description\" content=\"Vous \u00eates en situation de reconversion professionnelle ? D\u00e9couvrez nos conseils pour r\u00e9ussir votre entretien d&#039;embauche !\" \/>\n<meta property=\"og:url\" content=\"https:\/\/www.mes-allocs.fr\/guides\/reconversion-professionnelle\/entretien-d-embauche-reconversion-professionnelle\/\" \/>\n<meta property=\"og:site_name\" content=\"Mes-Allocs.fr\" \/>\n<meta property=\"article:published_time\" content=\"2022-10-11T17:17:35+00:00\" \/>\n<meta property=\"article:modified_time\" content=\"2026-03-03T15:29:26+00:00\" \/>\n<meta property=\"og:image\" content=\"https:\/\/www.mes-allocs.fr\/guides\/wp-content\/uploads\/2022\/03\/christina-wocintechchat-com-LQ1t-8Ms5PY-unsplash-e1647367869301.jpg?wsr\" \/>\n\t<meta property=\"og:image:width\" content=\"1920\" \/>\n\t<meta property=\"og:image:height\" content=\"1280\" \/>\n<meta name=\"twitter:card\" content=\"summary_large_image\" \/>\n<script type=\"application\/ld+json\" class=\"yoast-schema-graph\">{\"@context\":\"https:\/\/schema.org\",\"@graph\":[{\"@type\":\"WebSite\",\"@id\":\"https:\/\/www.mes-allocs.fr\/guides\/#website\",\"url\":\"https:\/\/www.mes-allocs.fr\/guides\/\",\"name\":\"Mes-Allocs.fr\",\"description\":\"\",\"potentialAction\":[{\"@type\":\"SearchAction\",\"target\":\"https:\/\/www.mes-allocs.fr\/guides\/?s={search_term_string}\",\"query-input\":\"required name=search_term_string\"}],\"inLanguage\":\"fr-FR\"},{\"@type\":\"ImageObject\",\"@id\":\"https:\/\/www.mes-allocs.fr\/guides\/reconversion-professionnelle\/entretien-d-embauche-reconversion-professionnelle\/#primaryimage\",\"inLanguage\":\"fr-FR\",\"url\":\"https:\/\/www.mes-allocs.fr\/guides\/wp-content\/uploads\/2022\/03\/christina-wocintechchat-com-LQ1t-8Ms5PY-unsplash-e1647367869301.jpg?wsr\",\"width\":1920,\"height\":1280,\"caption\":\"entretien d'embauche reconversion professionnelle\"},{\"@type\":\"WebPage\",\"@id\":\"https:\/\/www.mes-allocs.fr\/guides\/reconversion-professionnelle\/entretien-d-embauche-reconversion-professionnelle\/#webpage\",\"url\":\"https:\/\/www.mes-allocs.fr\/guides\/reconversion-professionnelle\/entretien-d-embauche-reconversion-professionnelle\/\",\"name\":\"R\\u00e9ussir son entretien d'embauche lors d'une reconversion professionnelle\",\"isPartOf\":{\"@id\":\"https:\/\/www.mes-allocs.fr\/guides\/#website\"},\"primaryImageOfPage\":{\"@id\":\"https:\/\/www.mes-allocs.fr\/guides\/reconversion-professionnelle\/entretien-d-embauche-reconversion-professionnelle\/#primaryimage\"},\"datePublished\":\"2022-10-11T17:17:35+00:00\",\"dateModified\":\"2026-03-03T15:29:26+00:00\",\"author\":{\"@id\":\"https:\/\/www.mes-allocs.fr\/guides\/#\/schema\/person\/c22c1269332026958a3b5505f80b5404\"},\"description\":\"Vous \\u00eates en situation de reconversion professionnelle ? D\\u00e9couvrez nos conseils pour r\\u00e9ussir votre entretien d'embauche !\",\"inLanguage\":\"fr-FR\"},{\"@type\":\"Person\",\"@id\":\"https:\/\/www.mes-allocs.fr\/guides\/#\/schema\/person\/c22c1269332026958a3b5505f80b5404\",\"name\":\"Flavien Fritz\",\"image\":{\"@type\":\"ImageObject\",\"@id\":\"https:\/\/www.mes-allocs.fr\/guides\/#personlogo\",\"inLanguage\":\"fr-FR\",\"url\":\"https:\/\/www.mes-allocs.fr\/guides\/wp-content\/uploads\/2021\/11\/Flavien-1-150x150.png\",\"caption\":\"Flavien Fritz\"},\"description\":\"Flavien est r\\u00e9dacteur au sein de l'\\u00e9quipe Mes Allocs, sp\\u00e9cialis\\u00e9 en droit priv\\u00e9. Dipl\\u00f4m\\u00e9 de l'Institut Catholique de Vend\\u00e9e, il rejoint Mes Allocs apr\\u00e8s une premi\\u00e8re exp\\u00e9rience entrepreneuriale.\",\"sameAs\":[\"https:\/\/fr.linkedin.com\/in\/flavienfritz\"]}]}<\/script>\n<!-- \/ Yoast SEO plugin. -->","amp_validity":null,"acf":{"faq":{"1":{"question":"Quels sont les conseils de base d'un entretien d'embauche ?","answer":"Quel que soit le poste envisag\u00e9, la ponctualit\u00e9 est indispensable.\r\n<br> <a href=\"https:\/\/www.mes-allocs.fr\/guides\/aide-logement\/comment-reussir-\u2026etien-d-embauche\/\">Lire la suite<\/a>\r\n"},"2":{"question":"La tenue vestimentaire est-elle importante ?","answer":"Lors d\u2019une premi\u00e8re rencontre, l'apparence physique est importante pour essayer de cerner quelqu'un et faire bonne impression.\r\n<br> <a href=\"https:\/\/www.mes-allocs.fr\/guides\/aide-logement\/comment-reussir-\u2026etien-d-embauche\/\">Lire la suite<\/a>\r\n"},"3":{"question":"Quelle aide est disponible pour les entretiens d'embauche ?","answer":"Afin de pouvoir bien s\u2019y pr\u00e9parer, r\u00e9pondre le plus justement et avoir de bons r\u00e9flexes, il peut \u00eatre judicieux d\u2019\u00eatre accompagn\u00e9 par un coach carri\u00e8re.\r\n<br> <a href=\"https:\/\/www.mes-allocs.fr\/guides\/aide-logement\/comment-reussir-\u2026etien-d-embauche\/\">Lire la suite<\/a>\r\n"},"4":{"question":"Comment justifier sa reconversion ?","answer":"Sans rentrer dans les d\u00e9tails, expliquez les \u00e9tapes de votre transition professionnelle.\r\n<br> <a href=\"https:\/\/www.mes-allocs.fr\/guides\/aide-logement\/comment-reussir-\u2026etien-d-embauche\/\">Lire la suite<\/a>\r\n"},"5":{"question":"Comment se d\u00e9marquer des autres ?","answer":"Il faut d\u00e9crire ce que vous avez appris. Vous devrez \u00e9galement expliquer comment vous allez utiliser ces nouvelles connaissances pour le poste en question.\r\n<br> <a href=\"https:\/\/www.mes-allocs.fr\/guides\/aide-logement\/comment-reussir-\u2026etien-d-embauche\/\">Lire la suite<\/a>\r\n"},"6":{"question":"","answer":""},"7":{"question":"","answer":""},"8":{"question":"","answer":""},"9":{"question":"","answer":""},"10":{"question":"","answer":""},"11":{"question":"","answer":""},"12":{"question":"","answer":""},"13":{"question":"","answer":""},"14":{"question":"","answer":""},"15":{"question":"","answer":""},"16":{"question":"","answer":""}}},"_links":{"self":[{"href":"https:\/\/www.mes-allocs.fr\/guides\/wp-json\/wp\/v2\/posts\/46973","targetHints":{"allow":["GET"]}}],"collection":[{"href":"https:\/\/www.mes-allocs.fr\/guides\/wp-json\/wp\/v2\/posts"}],"about":[{"href":"https:\/\/www.mes-allocs.fr\/guides\/wp-json\/wp\/v2\/types\/post"}],"author":[{"embeddable":true,"href":"https:\/\/www.mes-allocs.fr\/guides\/wp-json\/wp\/v2\/users\/13"}],"replies":[{"embeddable":true,"href":"https:\/\/www.mes-allocs.fr\/guides\/wp-json\/wp\/v2\/comments?post=46973"}],"version-history":[{"count":19,"href":"https:\/\/www.mes-allocs.fr\/guides\/wp-json\/wp\/v2\/posts\/46973\/revisions"}],"predecessor-version":[{"id":109994,"href":"https:\/\/www.mes-allocs.fr\/guides\/wp-json\/wp\/v2\/posts\/46973\/revisions\/109994"}],"wp:featuredmedia":[{"embeddable":true,"href":"https:\/\/www.mes-allocs.fr\/guides\/wp-json\/wp\/v2\/media\/46837"}],"wp:attachment":[{"href":"https:\/\/www.mes-allocs.fr\/guides\/wp-json\/wp\/v2\/media?parent=46973"}],"wp:term":[{"taxonomy":"category","embeddable":true,"href":"https:\/\/www.mes-allocs.fr\/guides\/wp-json\/wp\/v2\/categories?post=46973"},{"taxonomy":"post_tag","embeddable":true,"href":"https:\/\/www.mes-allocs.fr\/guides\/wp-json\/wp\/v2\/tags?post=46973"}],"curies":[{"name":"wp","href":"https:\/\/api.w.org\/{rel}","templated":true}]}}