{"id":45562,"date":"2022-03-08T12:49:03","date_gmt":"2022-03-08T10:49:03","guid":{"rendered":"https:\/\/www.mes-allocs.fr\/guides\/?p=45562"},"modified":"2026-01-22T17:43:36","modified_gmt":"2026-01-22T16:43:36","slug":"documents-prepare-caf","status":"publish","type":"post","link":"https:\/\/www.mes-allocs.fr\/guides\/allocations-familiales\/paje\/prepare-caf\/demande-prepare-caf\/documents-prepare-caf\/","title":{"rendered":"Quels documents pour la demande de PreParE CAF en 2026 ?"},"content":{"rendered":"<p><img loading=\"lazy\" decoding=\"async\" class=\"aligncenter wp-image-45563 size-full\" title=\"dossier\" src=\"https:\/\/www.mes-allocs.fr\/guides\/wp-content\/uploads\/2022\/02\/dossier-e1687244979970.jpeg\" alt=\"caf document prepare\" width=\"1260\" height=\"242\" srcset=\"https:\/\/www.mes-allocs.fr\/guides\/wp-content\/uploads\/2022\/02\/dossier-e1687244979970.jpeg 1260w, https:\/\/www.mes-allocs.fr\/guides\/wp-content\/uploads\/2022\/02\/dossier-e1687244979970-300x58.jpeg 300w, https:\/\/www.mes-allocs.fr\/guides\/wp-content\/uploads\/2022\/02\/dossier-e1687244979970-1024x197.jpeg 1024w, https:\/\/www.mes-allocs.fr\/guides\/wp-content\/uploads\/2022\/02\/dossier-e1687244979970-768x148.jpeg 768w, https:\/\/www.mes-allocs.fr\/guides\/wp-content\/uploads\/2022\/02\/dossier-e1687244979970-600x115.jpeg 600w\" sizes=\"auto, (max-width: 1260px) 100vw, 1260px\" \/><\/p>\n<p style=\"text-align: justify;\">[Mis \u00e0 jour le 22\/01\/2026] La PreParE est une <a href=\"https:\/\/www.mes-allocs.fr\/guides\/allocations-familiales\">allocation familiale<\/a> de la CAF. Cette somme est un compl\u00e9ment dans le cadre de l&rsquo;\u00e9ducation de votre enfant. Dans cet article, nous allons voir comment constituer un dossier de demande.<\/p>\n<div class='cta-block'><div class='text'>Simulez toutes vos aides en 2 min. Gratuit.<\/div><a href='https:\/\/www.mes-allocs.fr\/ab-app?origin=guides\/wp-json\/wp\/v2\/posts\/45562' class='app-button fit'>Simulation gratuite<\/a><\/div>\n<hr \/>\n<h1 style=\"text-align: justify;\"><span id=\"Quelques_rappel_sur_la_PreParE\"><strong>Quelques rappels sur la PreParE\u00a0<\/strong><\/span><\/h1>\n<h2 style=\"text-align: justify;\"><span id=\"Laide\"><strong>L\u2019aide<\/strong><\/span><\/h2>\n<p style=\"text-align: justify;\"><span class=\"amp-wp-fe3f5cc\" data-amp-original-style=\"font-weight: 400;\">La\u00a0<\/span><span class=\"___SText_hrhhb_swa-addon_\" data-ui-name=\"Tag.Text\">prestation\u00a0<\/span><span class=\"___SText_hrhhb_swa-addon_\" data-ui-name=\"Tag.Text\">partag\u00e9e d&rsquo;\u00e9ducation de l&rsquo;enfant\u00a0<\/span>(PreParE) est une aide sociale vers\u00e9e par la CAF.<\/p>\n<p style=\"text-align: justify;\"><span class=\"amp-wp-fe3f5cc\" data-amp-original-style=\"font-weight: 400;\">De mani\u00e8re concr\u00e8te, <a href=\"https:\/\/www.mes-allocs.fr\/guides\/allocations-familiales\/prepare-caf\">la PreParE<\/a> vous aide \u00e0 prendre du temps pour profiter le plus possible de votre jeune enfant. La prestation partag\u00e9e d\u2019\u00e9ducation de l\u2019enfant (PreParE) est une aide financi\u00e8re qui vous permet, que vous soyez parent isol\u00e9 ou en couple, de cesser ou de r\u00e9duire votre activit\u00e9 professionnelle.\u00a0 Le but \u00e9tant de pouvoir passer du temps avec votre ou vos enfants \u00e2g\u00e9s de moins de 3 ans.<\/span><\/p>\n<p style=\"text-align: justify;\"><span class=\"amp-wp-fe3f5cc\" data-amp-original-style=\"font-weight: 400;\">Cette aide fait partie de la Prestation d\u2019Accueil du Jeune Enfant (PAJE), qui elle-m\u00eame est un dispositif d\u2019aide de la Caisse d\u2019Allocations Familiales et de la Mutualit\u00e9 Sociale Agricole (MSA).<\/span><\/p>\n<h2>Les diff\u00e9rentes formes de la PreParE<\/h2>\n<p style=\"text-align: justify;\"><span class=\"amp-wp-fe3f5cc\" data-amp-original-style=\"font-weight: 400;\">Il existe deux formes de PreParE :<\/span><\/p>\n<ul style=\"text-align: justify;\">\n<li><span class=\"amp-wp-fe3f5cc\" data-amp-original-style=\"font-weight: 400;\">\u00a0 La PreParE simple<\/span><\/li>\n<li><span class=\"amp-wp-fe3f5cc\" data-amp-original-style=\"font-weight: 400;\">\u00a0 La PreParE major\u00e9e<\/span><\/li>\n<\/ul>\n<p style=\"text-align: justify;\"><span class=\"amp-wp-fe3f5cc\" data-amp-original-style=\"font-weight: 400;\">La PreParE major\u00e9e donne droit \u00e0 un montant sup\u00e9rieur \u00e0 celui de la PreParE mais est vers\u00e9e moins longtemps que la PreParE (simple). Ce choix est disponible pour les m\u00e9nages ayant au moins trois enfants \u00e0 charge.<\/span><\/p>\n<h1 style=\"text-align: justify;\"><span id=\"Conditions_et_versement_de_laide\"><strong>Conditions et versement de l\u2019aide\u00a0<\/strong><\/span><\/h1>\n<h2 style=\"text-align: justify;\"><span id=\"Montant_de_la_PreParE\"><strong>Montant de la PreParE<\/strong><\/span><span class=\"amp-wp-fe3f5cc\" data-amp-original-style=\"font-weight: 400;\"><img loading=\"lazy\" decoding=\"async\" class=\"alignright wp-image-46087\" title=\"pourcentage\" src=\"https:\/\/www.mes-allocs.fr\/guides\/wp-content\/uploads\/2022\/03\/pourcentage-1.jpg\" alt=\"caf document prepare\" width=\"375\" height=\"250\" srcset=\"https:\/\/www.mes-allocs.fr\/guides\/wp-content\/uploads\/2022\/03\/pourcentage-1.jpg 1125w, https:\/\/www.mes-allocs.fr\/guides\/wp-content\/uploads\/2022\/03\/pourcentage-1-300x200.jpg 300w, https:\/\/www.mes-allocs.fr\/guides\/wp-content\/uploads\/2022\/03\/pourcentage-1-1024x683.jpg 1024w, https:\/\/www.mes-allocs.fr\/guides\/wp-content\/uploads\/2022\/03\/pourcentage-1-768x512.jpg 768w, https:\/\/www.mes-allocs.fr\/guides\/wp-content\/uploads\/2022\/03\/pourcentage-1-600x400.jpg 600w\" sizes=\"auto, (max-width: 375px) 100vw, 375px\" \/><br \/>\n<\/span><\/h2>\n<p style=\"text-align: justify;\">Pour le montant de la PreParE simple, <span data-amp-original-style=\"font-weight: 400;\">il fluctue selon la quantit\u00e9 de travail que vous effectuez. <\/span><\/p>\n\n<div class=\"wpdt-c row wpDataTableContainerSimpleTable wpDataTables wpDataTablesWrapper\n wdtscroll\"\n    >\n    <table id=\"wpdtSimpleTable-265\"\n           class=\"wpdtSimpleTable wpDataTable\"\n           data-column=\"2\"\n           data-rows=\"4\"\n           data-wpID=\"265\"\n           data-responsive=\"0\"\n           data-has-header=\"0\">\n\n                    <tbody>        <tr class=\"wpdt-cell-row \" >\n                            <td class=\"wpdt-cell wpdt-bc-F3F9FE wpdt-bold\"\n                                    data-cell-id=\"A1\"\n                data-col-index=\"0\"\n                data-row-index=\"0\"\n                style=\" width:208px;                padding:10px;\"\n                >\n                                Situation du parent                <\/td>\n                                            <td class=\"wpdt-cell wpdt-bc-F3F9FE wpdt-tc-000000 wpdt-bold\"\n                                    data-cell-id=\"B1\"\n                data-col-index=\"1\"\n                data-row-index=\"0\"\n                style=\" width:206px;                padding:10px;\"\n                >\n                                Montant mensuel                <\/td>\n                                        <\/tr>\n                            <tr class=\"wpdt-cell-row \" >\n                            <td class=\"wpdt-cell \"\n                                    data-cell-id=\"A2\"\n                data-col-index=\"0\"\n                data-row-index=\"1\"\n                style=\"                padding:10px;\"\n                >\n                                Arr\u00eat total d\u2019activit\u00e9                <\/td>\n                                            <td class=\"wpdt-cell wpdt-bc-FFFFFF wpdt-tc-000000\"\n                                    data-cell-id=\"B2\"\n                data-col-index=\"1\"\n                data-row-index=\"1\"\n                style=\"                padding:10px;\"\n                >\n                                456,06 \u20ac                <\/td>\n                                        <\/tr>\n                            <tr class=\"wpdt-cell-row \" >\n                            <td class=\"wpdt-cell \"\n                                    data-cell-id=\"A3\"\n                data-col-index=\"0\"\n                data-row-index=\"2\"\n                style=\"                padding:10px;\"\n                >\n                                Activit\u00e9 \u00e9gale ou inf\u00e9rieure \u00e0 50%                <\/td>\n                                            <td class=\"wpdt-cell wpdt-bc-FFFFFF wpdt-tc-000000\"\n                                    data-cell-id=\"B3\"\n                data-col-index=\"1\"\n                data-row-index=\"2\"\n                style=\"                padding:10px;\"\n                >\n                                294,82  \u20ac                <\/td>\n                                        <\/tr>\n                            <tr class=\"wpdt-cell-row \" >\n                            <td class=\"wpdt-cell \"\n                                    data-cell-id=\"A4\"\n                data-col-index=\"0\"\n                data-row-index=\"3\"\n                style=\"                padding:10px;\"\n                >\n                                Activit\u00e9 comprise entre 50 et 80 %                <\/td>\n                                            <td class=\"wpdt-cell wpdt-bc-FEFFFF\"\n                                    data-cell-id=\"B4\"\n                data-col-index=\"1\"\n                data-row-index=\"3\"\n                style=\"                padding:10px;\"\n                >\n                                170,07 \u20ac                <\/td>\n                                        <\/tr>\n                    <\/table>\n<\/div><style id='wpdt-custom-style-265'>\n.wpdt-bc-F3F9FE { background-color: #F3F9FE !important;}\n.wpdt-tc-000000 { color: #000000 !important;}\n.wpdt-bc-FFFFFF { background-color: #FFFFFF !important;}\n.wpdt-bc-FEFFFF { background-color: #FEFFFF !important;}\n<\/style>\n\n<p style=\"text-align: justify;\"><span data-amp-original-style=\"font-weight: 400;\">Enfin, la PreParE major\u00e9e s\u2019\u00e9l\u00e8ve \u00e0<strong> 745,45 \u20ac<\/strong> par mois.<\/span><\/p>\n<p style=\"text-align: justify;\" data-amp-original-style=\"text-align: justify;\"><span data-amp-original-style=\"font-weight: 400;\">Vous ne pouvez pas cumuler deux PreParE major\u00e9es en m\u00eame temps. Par contre, v<\/span><span data-amp-original-style=\"text-align: justify;\">ous pouvez cumuler simultan\u00e9ment 2 PreParE au sein de votre couple. Cependant, vous ne pouvez pas percevoir plus de 456,06 \u20ac de PreParE cumul\u00e9e.\u00a0\u00a0<\/span><\/p>\n<div class='cta-block'><div class='text'>Simulez toutes vos aides en 2 min. Gratuit.<\/div><a href='https:\/\/www.mes-allocs.fr\/ab-app?origin=guides\/wp-json\/wp\/v2\/posts\/45562' class='app-button fit'>Simulation gratuite<\/a><\/div>\n<h2 style=\"text-align: justify;\"><span id=\"Comment_se_passe_le_versement_de_la_PreParE\"><strong>Comment se passe le versement de la PreParE ?<\/strong><\/span><\/h2>\n<p style=\"text-align: justify;\"><span class=\"amp-wp-fe3f5cc\" data-amp-original-style=\"font-weight: 400;\">Le versement de l\u2019aide va varier selon votre statut marital. Si vous \u00eates un parent seul ou en couple, le versement de l\u2019aide n\u2019est pas le m\u00eame.<\/span><\/p>\n<h3 style=\"text-align: justify;\"><span id=\"Si_vous_etes_un_couple\"><strong>Si vous \u00eates un couple<\/strong><\/span><\/h3>\n<p style=\"text-align: justify;\"><span class=\"amp-wp-fe3f5cc\" data-amp-original-style=\"font-weight: 400;\">Si vous \u00eates en couple, vous pouvez percevoir la PreParE sur une p\u00e9riode de 24 mois. Cette dur\u00e9e est valable pour chaque parent jusqu\u2019au 3e anniversaire du plus jeune de vos enfants. Vous pouvez partager la prestation entre votre partenaire et vous m\u00eame.<\/span><\/p>\n<p style=\"text-align: justify;\"><span class=\"amp-wp-fe3f5cc\" data-amp-original-style=\"font-weight: 400;\">Le droit est ouvert \u00e0 partir du 1er mois plein en cong\u00e9 parental. La PreParE est vers\u00e9e mensuellement, \u00e0 terme \u00e9chu (janvier pay\u00e9 d\u00e9but f\u00e9vrier, etc.).\u00a0<\/span><\/p>\n<p style=\"text-align: justify;\"><span class=\"amp-wp-fe3f5cc\" data-amp-original-style=\"font-weight: 400;\">Pour la PreParE major\u00e9e, vous pouvez la percevoir sur une p\u00e9riode de 8 mois pour chaque parent dans la limite du 1er anniversaire de votre enfant le plus jeune. La dur\u00e9e de votre droit est r\u00e9duite du nombre de mois indemnis\u00e9s au titre de votre cong\u00e9 de maternit\u00e9\/adoption comme pour la PreParE simple.<\/span><\/p>\n<p style=\"text-align: justify;\"><span class=\"amp-wp-fe3f5cc\" data-amp-original-style=\"font-weight: 400;\">Notez qu\u2019en cas de naissance de tripl\u00e9s, la dur\u00e9e de versement est fix\u00e9e \u00e0 48 mois pour chaque membre du couple, jusqu\u2019au 6e anniversaire des enfants.<\/span><\/p>\n<h3 style=\"text-align: justify;\"><span id=\"Si_vous_etes_un_parent_isole\"><strong>Si vous \u00eates un parent isol\u00e9<\/strong><\/span><\/h3>\n<p style=\"text-align: justify;\"><span class=\"amp-wp-fe3f5cc\" data-amp-original-style=\"font-weight: 400;\">Si vous \u00eates un parent isol\u00e9, vous pouvez b\u00e9n\u00e9ficier de la PreParE simple jusqu\u2019au\u00a0 troisi\u00e8me anniversaire du plus jeune de vos enfants. Si vous accouchez de plusieurs enfants, la prestation est vers\u00e9e jusqu\u2019aux 6 de vos enfants. Vous pouvez percevoir la PreParE major\u00e9e jusqu\u2019au 1er anniversaire du plus jeune de vos enfants. Pour des jumeaux, le r\u00e9gime normal s\u2019applique.<\/span><\/p>\n<p style=\"text-align: justify;\"><span class=\"amp-wp-fe3f5cc\" data-amp-original-style=\"font-weight: 400;\">Votre versement de la PreParE peut \u00eatre prolong\u00e9 si vous remplissez les 3 conditions suivantes :<\/span><\/p>\n<ul style=\"text-align: justify;\">\n<li><span class=\"amp-wp-fe3f5cc\" data-amp-original-style=\"font-weight: 400;\">\u00a0 Vous avez au moins 2 enfants \u00e0 charge,<\/span><\/li>\n<li><span class=\"amp-wp-fe3f5cc\" data-amp-original-style=\"font-weight: 400;\">\u00a0 Vous n\u2019avez trouv\u00e9 aucune place en cr\u00e8che ou autre service d\u2019accueil pour faire garder votre enfant,<\/span><\/li>\n<li><span class=\"amp-wp-fe3f5cc\" data-amp-original-style=\"font-weight: 400;\">\u00a0 Vos ressources sont en dessous du plafond du compl\u00e9ment familial.<\/span><\/li>\n<\/ul>\n<p style=\"text-align: justify;\"><span class=\"amp-wp-fe3f5cc\" data-amp-original-style=\"font-weight: 400;\">Vous percevez alors la prestation jusqu\u2019au mois de septembre qui suit la date anniversaire limite de votre enfant.<\/span><\/p>\n<p style=\"text-align: justify;\"><span class=\"amp-wp-fe3f5cc\" data-amp-original-style=\"font-weight: 400;\">Si vous \u00eates en couple, au moins l\u2019un d\u2019entre vous doit avoir une activit\u00e9 professionnelle pour pouvoir pr\u00e9tendre \u00e0 la prolongation du versement de la PreParE.\u00a0<\/span><\/p>\n<h3 style=\"text-align: justify;\"><span id=\"Le_cas_particulier_de_ladoption\"><span class=\"amp-wp-fe3f5cc\" data-amp-original-style=\"font-weight: 400;\">\u00a0<\/span><strong>Le cas particulier de l\u2019adoption\u00a0<\/strong><\/span><\/h3>\n<p style=\"text-align: justify;\"><span class=\"amp-wp-fe3f5cc\" data-amp-original-style=\"font-weight: 400;\">Si vous adoptez un enfant de moins de 20 ans, la dur\u00e9e de versement de la PreParE d\u00e9bute \u00e0 partir de la date d\u2019arriv\u00e9e de l\u2019enfant dans votre foyer.<\/span><\/p>\n<p style=\"text-align: justify;\"><span class=\"amp-wp-fe3f5cc\" data-amp-original-style=\"font-weight: 400;\">Le versement de l\u2019aide peut durer jusqu\u2019\u00e0 12 mois si l\u2019enfant adopt\u00e9 a d\u00e9pass\u00e9 l\u2019\u00e2ge limite correspondant \u00e0 la situation de votre famille.<\/span><\/p>\n<div class='cta-block'><div class='text'>Simulez toutes vos aides en 2 min. Gratuit.<\/div><a href='https:\/\/www.mes-allocs.fr\/ab-app?origin=guides\/wp-json\/wp\/v2\/posts\/45562' class='app-button fit'>Simulation gratuite<\/a><\/div>\n<h2 class=\"amp-wp-7d27179\" style=\"text-align: justify;\" data-amp-original-style=\"text-align: justify;\"><span id=\"Quelles_sont_les_conditions_dacces_a_laide\">Quelles sont les conditions d\u2019acc\u00e8s \u00e0 l\u2019aide ?<\/span><\/h2>\n<p class=\"amp-wp-7d27179\" style=\"text-align: justify;\" data-amp-original-style=\"text-align: justify;\">Dans un premier temps, si vous souhaitez b\u00e9n\u00e9ficier de l\u2019aide, vous devez remplissez les conditions g\u00e9n\u00e9rales pour b\u00e9n\u00e9ficier des prestations familiales. \u00a0Ces conditions g\u00e9n\u00e9rales vous concernent :<\/p>\n<div class=\"espace-allocataires amp-wp-7d27179\" style=\"text-align: justify;\" data-amp-original-style=\"text-align: justify;\">\n<div class=\"container navbar-menu-fixe\">\n<div class=\"row\">\n<div id=\"page-content\">\n<div class=\"container\">\n<div class=\"row\">\n<div id=\"contenu\" class=\"page-content-data col-sm-8 col-xs-12\">\n<div class=\"region region-content\">\n<div id=\"block-system-main\" class=\"block block-system\">\n<div class=\"content\">\n<div class=\"page-content-node node node-fiche-prestation node-12004\">\n<div class=\"field-name-body\">\n<div class=\"tab-content\">\n<div id=\"tab-1\" class=\"tab-pane active\" role=\"tabpanel\">\n<ul>\n<li>Si vous \u00eates citoyen de l\u2019Union europ\u00e9enne, de l\u2019Espace \u00e9conomique europ\u00e9en ou de la Suisse, remplir les conditions de droit au s\u00e9jour,<\/li>\n<li>Si vous \u00eates \u00e9tranger non citoyen de l\u2019Union europ\u00e9enne, de l\u2019Espace \u00e9conomique europ\u00e9en ou de la Suisse, fournir \u00e0 votre Caf un titre de s\u00e9jour\u00a0en cours de validit\u00e9, attestant que vous \u00eates en situation r\u00e9guli\u00e8re en France. Si vos enfants sont n\u00e9s \u00e0 l\u2019\u00e9tranger, vous devez justifier de leur entr\u00e9e r\u00e9guli\u00e8re en France.<\/li>\n<\/ul>\n<\/div>\n<\/div>\n<\/div>\n<\/div>\n<\/div>\n<\/div>\n<\/div>\n<\/div>\n<\/div>\n<\/div>\n<\/div>\n<\/div>\n<\/div>\n<p>Deuxi\u00e8mement, pour la PreParE, il faut que vous ayez la charge d\u2019un ou plusieurs enfants. Pour se faire, il faut que :<\/p>\n<\/div>\n<ul id=\"d13332e39\" class=\"amp-wp-7d27179\" style=\"text-align: justify;\" data-amp-original-style=\"text-align: justify;\">\n<li>Votre enfant soit \u00e2g\u00e9 de moins de 3 ans ou,<img loading=\"lazy\" decoding=\"async\" class=\"alignright wp-image-46088\" title=\"enfant balancoire\" src=\"https:\/\/www.mes-allocs.fr\/guides\/wp-content\/uploads\/2022\/03\/enfant-balancoire-.jpg\" alt=\"caf document prepare\" width=\"381\" height=\"249\" srcset=\"https:\/\/www.mes-allocs.fr\/guides\/wp-content\/uploads\/2022\/03\/enfant-balancoire-.jpg 1146w, https:\/\/www.mes-allocs.fr\/guides\/wp-content\/uploads\/2022\/03\/enfant-balancoire--300x196.jpg 300w, https:\/\/www.mes-allocs.fr\/guides\/wp-content\/uploads\/2022\/03\/enfant-balancoire--1024x670.jpg 1024w, https:\/\/www.mes-allocs.fr\/guides\/wp-content\/uploads\/2022\/03\/enfant-balancoire--768x503.jpg 768w, https:\/\/www.mes-allocs.fr\/guides\/wp-content\/uploads\/2022\/03\/enfant-balancoire--600x393.jpg 600w\" sizes=\"auto, (max-width: 381px) 100vw, 381px\" \/><\/li>\n<li>Vous ayez adopt\u00e9 un enfant \u00e2g\u00e9 de moins de 20 ans.<\/li>\n<\/ul>\n<p class=\"amp-wp-7d27179\" style=\"text-align: justify;\" data-amp-original-style=\"text-align: justify;\">Vous pouvez aussi b\u00e9n\u00e9ficier de ces prestations si vous avez cess\u00e9 de travailler ou vous travaillez \u00e0 temps partiel. Si vous exercez \u00e0 temps partiel une activit\u00e9 non salari\u00e9e ou de VRP (Voyageur Repr\u00e9sentant Placier), vous devez remplir certaines conditions de revenus.<\/p>\n<p class=\"amp-wp-7d27179\" style=\"text-align: justify;\" data-amp-original-style=\"text-align: justify;\">La prochaine condition concerne vos cotisations. En effet, il faut que vous soyez en mesure de justifier d\u2019au moins 8 trimestres de cotisations vieillesse dans les deux derni\u00e8res ann\u00e9es si c\u2019est votre premier enfant, quatre derni\u00e8res ann\u00e9es, si vous avez deux enfants et dans les cinq derni\u00e8res ann\u00e9es, si vous avez plus de deux enfants. Ces conditions sont n\u00e9cessaires pour b\u00e9n\u00e9ficier de l\u2019aide. Notre \u00e9quipe se tient \u00e0 votre disposition pour vous aider dans la constitution de votre dossier.<\/p>\n<p><iframe loading=\"lazy\" title=\"La PreParE\" width=\"500\" height=\"281\" src=\"https:\/\/www.youtube.com\/embed\/J5B2ttL9WS8?feature=oembed\" frameborder=\"0\" allow=\"accelerometer; autoplay; clipboard-write; encrypted-media; gyroscope; picture-in-picture; web-share\" referrerpolicy=\"strict-origin-when-cross-origin\" allowfullscreen><\/iframe><\/p>\n<h1 style=\"text-align: justify;\" data-amp-original-style=\"text-align: justify;\">Quels documents pour la demande de PreParE ?<\/h1>\n<h2 style=\"text-align: justify;\">La demande<\/h2>\n<p class=\"amp-wp-7d27179\" style=\"text-align: justify;\" data-amp-original-style=\"text-align: justify;\"><a href=\"https:\/\/www.mes-allocs.fr\/guides\/allocations-familiales\/prepare-caf\/demande-prepare-caf\/\">La demande de PreParE<\/a> doit \u00eatre d\u00e9pos\u00e9e \u00e0 la fin du cong\u00e9 maternit\u00e9, paternit\u00e9 ou d\u2019adoption. Toutefois, si les parents ne peuvent b\u00e9n\u00e9ficier d\u2019un cong\u00e9 maternit\u00e9 ou paternit\u00e9, la demande devra \u00eatre effectu\u00e9e d\u00e8s la naissance de l\u2019enfant.<\/p>\n<p class=\"amp-wp-7d27179\" style=\"text-align: justify;\" data-amp-original-style=\"text-align: justify;\">Dans le cadre d\u2019un cong\u00e9 parental, la PreParE doit \u00eatre demand\u00e9e d\u00e8s le premier jour de cong\u00e9. Lorsque les parents cessent totalement leur activit\u00e9, ils doivent faire la demande de prestation d\u00e8s le lendemain de la rupture du contrat de travail. Enfin, en cas de r\u00e9duction du temps de travail, le dossier doit \u00eatre remis \u00e0 la CAF ou \u00e0 la MSA d\u00e8s son effectivit\u00e9.<\/p>\n<h2 style=\"text-align: justify;\">Les diff\u00e9rents documents<\/h2>\n<p class=\"amp-wp-7d27179\" style=\"text-align: justify;\" data-amp-original-style=\"text-align: justify;\">La demande de PreParE se fait \u00e0 l\u2019aide du formulaire CERFA <a href=\"https:\/\/www.mes-allocs.fr\/guides\/wp-content\/uploads\/2021\/09\/PwsnA1-PreParE-Clca-Cerfa-12324.pdf\">disponible en t\u00e9l\u00e9chargement<\/a>.<\/p>\n<p class=\"amp-wp-7d27179\" style=\"text-align: justify;\" data-amp-original-style=\"text-align: justify;\">Les informations d\u2019usage sur le demandeur, son conjoint et sa situation doivent \u00eatre renseign\u00e9es. Il s\u2019agit del\u2019 identit\u00e9, date de naissance, num\u00e9ro d\u2019allocataire\u2026<\/p>\n<p class=\"amp-wp-7d27179\" style=\"text-align: justify;\" data-amp-original-style=\"text-align: justify;\">Le demandeur doit \u00e9galement renseigner le type d\u2019activit\u00e9 qu\u2019il exerce et s\u2019il cesse enti\u00e8rement ou passe \u00e0 temps partiel.\u00a0Il indique aussi s\u2019il opte pour la PreParE major\u00e9e.<\/p>\n<p data-amp-original-style=\"text-align: justify;\"><div class='cta-block'><div class='text'>Simulez toutes vos aides en 2 min. Gratuit.<\/div><a href='https:\/\/www.mes-allocs.fr\/ab-app?origin=guides\/wp-json\/wp\/v2\/posts\/45562' class='app-button fit'>Simulation gratuite<\/a><\/div><\/p>\n","protected":false},"excerpt":{"rendered":"<p>[Mis \u00e0 jour le 22\/01\/2026] La PreParE est une allocation familiale de la CAF. Cette somme est un compl\u00e9ment dans le cadre de l&rsquo;\u00e9ducation de votre enfant. Dans cet article, nous allons voir comment constituer un dossier de demande. Quelques rappels sur la PreParE\u00a0 L\u2019aide La\u00a0prestation\u00a0partag\u00e9e d&rsquo;\u00e9ducation de l&rsquo;enfant\u00a0(PreParE) est une aide sociale vers\u00e9e par [&hellip;]<\/p>\n","protected":false},"author":6,"featured_media":45563,"comment_status":"open","ping_status":"open","sticky":false,"template":"","format":"standard","meta":{"amp_status":"","footnotes":""},"categories":[10,14043,11,8924],"tags":[],"class_list":["post-45562","post","type-post","status-publish","format-standard","has-post-thumbnail","hentry","category-allocations-familiales","category-demande-prepare-caf","category-paje","category-prepare-caf"],"yoast_head":"<!-- This site is optimized with the Yoast SEO plugin v14.9 - https:\/\/yoast.com\/wordpress\/plugins\/seo\/ -->\n<title>Quels documents pour la demande de PreParE CAF en 2026 ? | Mes-Allocs.fr<\/title>\n<meta name=\"description\" content=\"Pour faire la demande de PreParE \u00e0 la CAF, il faut constituer un dossier de demande. On vous en dit plus sur les documents demand\u00e9s.\" \/>\n<meta name=\"robots\" content=\"index, follow, max-snippet:-1, max-image-preview:large, max-video-preview:-1\" \/>\n<link rel=\"canonical\" href=\"https:\/\/www.mes-allocs.fr\/guides\/allocations-familiales\/paje\/prepare-caf\/demande-prepare-caf\/documents-prepare-caf\/\" \/>\n<meta property=\"og:locale\" content=\"fr_FR\" \/>\n<meta property=\"og:type\" content=\"article\" \/>\n<meta property=\"og:title\" content=\"Quels documents pour la demande de PreParE CAF en 2026 ? | Mes-Allocs.fr\" \/>\n<meta property=\"og:description\" content=\"Pour faire la demande de PreParE \u00e0 la CAF, il faut constituer un dossier de demande. On vous en dit plus sur les documents demand\u00e9s.\" \/>\n<meta property=\"og:url\" content=\"https:\/\/www.mes-allocs.fr\/guides\/allocations-familiales\/paje\/prepare-caf\/demande-prepare-caf\/documents-prepare-caf\/\" \/>\n<meta property=\"og:site_name\" content=\"Mes-Allocs.fr\" \/>\n<meta property=\"article:published_time\" content=\"2022-03-08T10:49:03+00:00\" \/>\n<meta property=\"article:modified_time\" content=\"2026-01-22T16:43:36+00:00\" \/>\n<meta property=\"og:image\" content=\"https:\/\/www.mes-allocs.fr\/guides\/wp-content\/uploads\/2022\/02\/dossier-e1687244979970.jpeg?wsr\" \/>\n\t<meta property=\"og:image:width\" content=\"1260\" \/>\n\t<meta property=\"og:image:height\" content=\"242\" \/>\n<meta name=\"twitter:card\" content=\"summary_large_image\" \/>\n<script type=\"application\/ld+json\" class=\"yoast-schema-graph\">{\"@context\":\"https:\/\/schema.org\",\"@graph\":[{\"@type\":\"WebSite\",\"@id\":\"https:\/\/www.mes-allocs.fr\/guides\/#website\",\"url\":\"https:\/\/www.mes-allocs.fr\/guides\/\",\"name\":\"Mes-Allocs.fr\",\"description\":\"\",\"potentialAction\":[{\"@type\":\"SearchAction\",\"target\":\"https:\/\/www.mes-allocs.fr\/guides\/?s={search_term_string}\",\"query-input\":\"required name=search_term_string\"}],\"inLanguage\":\"fr-FR\"},{\"@type\":\"ImageObject\",\"@id\":\"https:\/\/www.mes-allocs.fr\/guides\/allocations-familiales\/paje\/prepare-caf\/demande-prepare-caf\/documents-prepare-caf\/#primaryimage\",\"inLanguage\":\"fr-FR\",\"url\":\"https:\/\/www.mes-allocs.fr\/guides\/wp-content\/uploads\/2022\/02\/dossier-e1687244979970.jpeg?wsr\",\"width\":1260,\"height\":242,\"caption\":\"caf document prepare\"},{\"@type\":\"WebPage\",\"@id\":\"https:\/\/www.mes-allocs.fr\/guides\/allocations-familiales\/paje\/prepare-caf\/demande-prepare-caf\/documents-prepare-caf\/#webpage\",\"url\":\"https:\/\/www.mes-allocs.fr\/guides\/allocations-familiales\/paje\/prepare-caf\/demande-prepare-caf\/documents-prepare-caf\/\",\"name\":\"Quels documents pour la demande de PreParE CAF en 2026 ? | Mes-Allocs.fr\",\"isPartOf\":{\"@id\":\"https:\/\/www.mes-allocs.fr\/guides\/#website\"},\"primaryImageOfPage\":{\"@id\":\"https:\/\/www.mes-allocs.fr\/guides\/allocations-familiales\/paje\/prepare-caf\/demande-prepare-caf\/documents-prepare-caf\/#primaryimage\"},\"datePublished\":\"2022-03-08T10:49:03+00:00\",\"dateModified\":\"2026-01-22T16:43:36+00:00\",\"author\":{\"@id\":\"https:\/\/www.mes-allocs.fr\/guides\/#\/schema\/person\/0ecd61a8600573914d00d970a588c024\"},\"description\":\"Pour faire la demande de PreParE \\u00e0 la CAF, il faut constituer un dossier de demande. On vous en dit plus sur les documents demand\\u00e9s.\",\"inLanguage\":\"fr-FR\"},{\"@type\":\"Person\",\"@id\":\"https:\/\/www.mes-allocs.fr\/guides\/#\/schema\/person\/0ecd61a8600573914d00d970a588c024\",\"name\":\"Jonathan\",\"image\":{\"@type\":\"ImageObject\",\"@id\":\"https:\/\/www.mes-allocs.fr\/guides\/#personlogo\",\"inLanguage\":\"fr-FR\",\"url\":\"https:\/\/www.mes-allocs.fr\/guides\/wp-content\/uploads\/2021\/06\/jonathan-150x150.png\",\"caption\":\"Jonathan\"},\"description\":\"Jonathan est r\\u00e9dacteur au sein de l'\\u00e9quipe Mes Allocs, sp\\u00e9cialis\\u00e9 sur les sujets li\\u00e9s au handicap. Dipl\\u00f4m\\u00e9e de l'UPEM, il rejoint Mes Allocs apr\\u00e8s avoir travaill\\u00e9 \\u00e0 l'association AEDE qui accompagne les adultes en situation de handicap. Quand il n'\\u00e9crit pas, on peut le retrouver sur un terrain de basket.\",\"sameAs\":[\"https:\/\/www.linkedin.com\/in\/jonathan-bambela-8637861b7\"]}]}<\/script>\n<!-- \/ Yoast SEO plugin. -->","amp_validity":null,"acf":{"faq":{"1":{"question":" A qui est attribu\u00e9 l'aide ?","answer":"La PreParE peut \u00eatre attribu\u00e9e \u00e0 un seul parent ou aux deux (le montant est alors divis\u00e9 par deux). Ils peuvent la percevoir en m\u00eame temps ou successivement."},"2":{"question":" A qui est attribu\u00e9 l'aide ?","answer":"La PreParE peut \u00eatre attribu\u00e9e \u00e0 un seul parent ou aux deux (le montant est alors divis\u00e9 par deux). Ils peuvent la percevoir en m\u00eame temps ou successivement.\r\n<br> <a href=\u201chttps:\/\/www.mes-allocs.fr\/guides\/allocations-familiales\/prepare-caf\/acces-prepare-caf\/\u201d>Lire la suite<\/a>"},"3":{"question":"Comment connaitre le montant auquel j'ai droit ?","answer":"Le plus simple pour savoir si vous \u00eates \u00e9ligible \u00e0 la Prestation Partag\u00e9e d\u2019\u00c9ducation de l\u2019Enfant en fonction de vos revenus et de votre situation familiale, est de faire la simulation gratuite de Mes Allocs."},"4":{"question":"La PreParE fait-elle partie des aides de la PAJE ?","answer":"Oui absolument, laPreParE est une des aides de la PAJE. Il existe d'autres aides qui font partie de ce dispositif."},"5":{"question":"Quelles sont les conditions li\u00e9es \u00e0 la Prestation Partag\u00e9e d\u2019\u00c9ducation de l\u2019Enfant (PreParE) ?","answer":"Les conditions li\u00e9es \u00e0 la Prestation Partag\u00e9e d\u2019\u00c9ducation de l\u2019Enfant (PreParE) peuvent varier en fonction de votre activit\u00e9 et votre \u00e2ge. La m\u00e9thode rapide pour conna\u00eetre votre \u00e9ligibilit\u00e9 est de faire la simulation gratuite directement sur le site de Mes Allocs."},"6":{"question":"Comment \u00eatre \u00e9ligible \u00e0 la PreParE dans le secteur priv\u00e9 ?","answer":"Si vous \u00eates salari\u00e9 du secteur priv\u00e9, pour \u00eatre \u00e9ligible \u00e0 la PreParE major\u00e9e, vous devez n\u00e9cessairement prendre un cong\u00e9 parental \u00e0 temps plein."},"7":{"question":"","answer":""},"8":{"question":"","answer":""},"9":{"question":"","answer":""},"10":{"question":"","answer":""},"11":{"question":"","answer":""},"12":{"question":"","answer":""},"13":{"question":"","answer":""},"14":{"question":"","answer":""},"15":{"question":"","answer":""},"16":{"question":"","answer":""}}},"_links":{"self":[{"href":"https:\/\/www.mes-allocs.fr\/guides\/wp-json\/wp\/v2\/posts\/45562","targetHints":{"allow":["GET"]}}],"collection":[{"href":"https:\/\/www.mes-allocs.fr\/guides\/wp-json\/wp\/v2\/posts"}],"about":[{"href":"https:\/\/www.mes-allocs.fr\/guides\/wp-json\/wp\/v2\/types\/post"}],"author":[{"embeddable":true,"href":"https:\/\/www.mes-allocs.fr\/guides\/wp-json\/wp\/v2\/users\/6"}],"replies":[{"embeddable":true,"href":"https:\/\/www.mes-allocs.fr\/guides\/wp-json\/wp\/v2\/comments?post=45562"}],"version-history":[{"count":18,"href":"https:\/\/www.mes-allocs.fr\/guides\/wp-json\/wp\/v2\/posts\/45562\/revisions"}],"predecessor-version":[{"id":108265,"href":"https:\/\/www.mes-allocs.fr\/guides\/wp-json\/wp\/v2\/posts\/45562\/revisions\/108265"}],"wp:featuredmedia":[{"embeddable":true,"href":"https:\/\/www.mes-allocs.fr\/guides\/wp-json\/wp\/v2\/media\/45563"}],"wp:attachment":[{"href":"https:\/\/www.mes-allocs.fr\/guides\/wp-json\/wp\/v2\/media?parent=45562"}],"wp:term":[{"taxonomy":"category","embeddable":true,"href":"https:\/\/www.mes-allocs.fr\/guides\/wp-json\/wp\/v2\/categories?post=45562"},{"taxonomy":"post_tag","embeddable":true,"href":"https:\/\/www.mes-allocs.fr\/guides\/wp-json\/wp\/v2\/tags?post=45562"}],"curies":[{"name":"wp","href":"https:\/\/api.w.org\/{rel}","templated":true}]}}