{"id":45502,"date":"2022-10-06T19:23:00","date_gmt":"2022-10-06T17:23:00","guid":{"rendered":"https:\/\/www.mes-allocs.fr\/guides\/?p=45502"},"modified":"2024-07-11T14:24:10","modified_gmt":"2024-07-11T12:24:10","slug":"heures-complementaires","status":"publish","type":"post","link":"https:\/\/www.mes-allocs.fr\/guides\/aides-sociales\/heures-complementaires\/","title":{"rendered":"Heures compl\u00e9mentaires : d\u00e9finition et cadre l\u00e9gal"},"content":{"rendered":"<p><img loading=\"lazy\" decoding=\"async\" class=\"alignnone wp-image-45768 size-large\" title=\"Heures complementaires definition et cadre legal\" src=\"https:\/\/www.mes-allocs.fr\/guides\/wp-content\/uploads\/2022\/02\/Heures-complementaires-definition-et-cadre-legal-1-1-e1646039925315-1024x314.jpg\" alt=\"Heures complementaires definition et cadre legal\" width=\"1024\" height=\"314\" srcset=\"https:\/\/www.mes-allocs.fr\/guides\/wp-content\/uploads\/2022\/02\/Heures-complementaires-definition-et-cadre-legal-1-1-e1646039925315-1024x314.jpg 1024w, https:\/\/www.mes-allocs.fr\/guides\/wp-content\/uploads\/2022\/02\/Heures-complementaires-definition-et-cadre-legal-1-1-e1646039925315-300x92.jpg 300w, https:\/\/www.mes-allocs.fr\/guides\/wp-content\/uploads\/2022\/02\/Heures-complementaires-definition-et-cadre-legal-1-1-e1646039925315-768x236.jpg 768w, https:\/\/www.mes-allocs.fr\/guides\/wp-content\/uploads\/2022\/02\/Heures-complementaires-definition-et-cadre-legal-1-1-e1646039925315-600x184.jpg 600w, https:\/\/www.mes-allocs.fr\/guides\/wp-content\/uploads\/2022\/02\/Heures-complementaires-definition-et-cadre-legal-1-1-e1646039925315.jpg 1280w\" sizes=\"auto, (max-width: 1024px) 100vw, 1024px\" \/><\/p>\n<p style=\"text-align: justify;\"><strong>On peut d\u00e9finir les heures compl\u00e9mentaires comme celles qu&rsquo;un salari\u00e9 peut effectuer \u00e0 temps partiel, en dehors de ses horaires pr\u00e9vues par son contrat de travail.<\/strong><\/p>\n<p><strong>Vous souhaitez effectuer des heures compl\u00e9mentaires car votre situation financi\u00e8re est critique ? D\u00e9couvrez toutes les <a href=\"https:\/\/www.mes-allocs.fr\/guides\/aides-sociales\/\">aides sociales<\/a> qui existent pour vous soutenir !\u00a0<\/strong><\/p>\n<div class='cta-block'><div class='text'>Simulez toutes vos aides en 2 min.<\/div><a href='https:\/\/www.mes-allocs.fr\/ab-app?origin=guides\/wp-json\/wp\/v2\/posts\/45502' class='app-button fit'>Simulation gratuite<\/a><\/div>\n<h1 style=\"text-align: justify;\">Qu&rsquo;est-ce qu&rsquo;une heure compl\u00e9mentaire ?<\/h1>\n<p style=\"text-align: justify;\"><span style=\"font-weight: 400;\">Les\u00a0<\/span><span style=\"font-weight: 400;\">heures compl\u00e9mentaires<\/span><span style=\"font-weight: 400;\">\u00a0sont les heures travaill\u00e9es au-del\u00e0 de la dur\u00e9e pr\u00e9vue dans le contrat de travail pour un salari\u00e9 \u00e0 temps partiel.\u00a0<\/span><span style=\"font-weight: 400;\">Tandis que l&rsquo;heure suppl\u00e9mentaire ne concerne que les salari\u00e9s employ\u00e9s \u00e0 temps plein. Les heures compl\u00e9mentaires sont r\u00e9mun\u00e9r\u00e9es au taux normal puis elles sont major\u00e9es de 25 % pour les heures compl\u00e9mentaires sup\u00e9rieures \u00e0 un dixi\u00e8me de la dur\u00e9e contractuelle (hebdomadaire ou mensuelle selon le contrat de travail). <\/span><\/p>\n<p style=\"text-align: justify;\"><span style=\"font-weight: 400;\">Si un salari\u00e9 est pr\u00e9venu moins de 3 jours avant la date pr\u00e9vue pour effectuer les heures compl\u00e9mentaires ou si ces heures d\u00e9passent la limite pr\u00e9vue dans son contrat de travail alors le salari\u00e9 peut refuser de les effectuer.<\/span><\/p>\n<p style=\"text-align: justify;\"><div class='cta-block'><div class='text'>Simulez toutes vos aides en 2 min.<\/div><a href='https:\/\/www.mes-allocs.fr\/ab-app?origin=guides\/wp-json\/wp\/v2\/posts\/45502' class='app-button fit'>Simulation gratuite<\/a><\/div><\/p>\n<h2 style=\"text-align: justify;\"><b>Quelles diff\u00e9rences entre heure compl\u00e9mentaire et heure suppl\u00e9mentaire ?<\/b><\/h2>\n<p style=\"text-align: justify;\"><span style=\"font-weight: 400;\">Selon le code du travail, la dur\u00e9e l\u00e9gale du travail est de 35 heures par semaine, ce qui \u00e9quivaut \u00e0 151,67 heures par mois et 1 607 heures par ann\u00e9e civile. Certaines dispositions de la convention collective peuvent r\u00e9duire ou augmenter l\u00e9g\u00e8rement ces heures de travail effectives. Toutefois, en cas d&rsquo;accord avec l&rsquo;entreprise ou d&rsquo;accord avec l&rsquo;Inspection du travail, la dur\u00e9e du travail par jour ne pourra exc\u00e9der 10 heures par jour, 12 heures d\u00e9duites et 44 heures par semaine pendant un maximum de 12 semaine cons\u00e9cutif et 46 heures. Est limit\u00e9 \u00e0 24 heures par semaine ou 104 heures par mois sauf accord ou d\u00e9rogation.<\/span><\/p>\n<p style=\"text-align: justify;\"><span style=\"font-weight: 400;\">En cons\u00e9quence, les salari\u00e9s \u00e0 temps partiel ne peuvent pas travailler plus de 1\/10 de leurs heures hebdomadaires ou mensuelles, ou 1\/3 s&rsquo;il existe une convention ou un mandat de service professionnel.<\/span><\/p>\n<p style=\"text-align: justify;\"><span style=\"font-weight: 400;\">Le taux minimum de majoration est de 10 % dans la limite du 1\/10 et de 25 % au-del\u00e0 dans la limite de 1\/3. Le salari\u00e9 doit \u00eatre averti au moins 3 jours \u00e0 l\u2019avance et la dur\u00e9e totale doit respecter les dispositions en vigueur. Il peut s\u2019exposer \u00e0 une sanction disciplinaire ou un licenciement pour faute en cas de refus. \u00c0 contrario, si le salari\u00e9 est averti dans un laps de temps plus court, il a alors le droit de refuser sans s&rsquo;exposer \u00e0 une sanction.<\/span><\/p>\n<p style=\"text-align: justify;\"><span style=\"font-weight: 400;\">Les heures suppl\u00e9mentaires ne peuvent \u00eatre effectu\u00e9es que par les salari\u00e9s \u00e0 plein temps sauf si le salari\u00e9 est un cadre dirigeant ou un salari\u00e9 en forfait annuel. Les heures suppl\u00e9mentaires sont demand\u00e9es par l\u2019employeur. Le maximum annuel appliqu\u00e9 ne peut d\u00e9passer 220 heures sauf s\u2019il existe une convention ou une branche de travail sp\u00e9cifique. Les heures suppl\u00e9mentaires ouvrant droit \u00e0 repos, sont exclues. <\/span><\/p>\n<p style=\"text-align: justify;\"><span style=\"font-weight: 400;\">Les heures suppl\u00e9mentaires sont \u00e9valu\u00e9es \u00e0 la semaine et sont r\u00e9alis\u00e9es dans une dur\u00e9e de travail hebdomadaire. La r\u00e9mun\u00e9ration est alors major\u00e9e de 25 % pour les 8 premi\u00e8res dans la m\u00eame semaine de la 36e \u00e0 la 43 e pour une semaine de 35 heures. Elles passent ensuite \u00e0 50 % pour les heures suivantes. L\u2019employeur doit avertir les salari\u00e9s assez t\u00f4t. Dans ce cas, ils ne peuvent pas refuser, car en cas de refus, ils peuvent \u00eatre sanctionn\u00e9s voire licenci\u00e9s pour faute.<\/span><\/p>\n<h2 style=\"text-align: justify;\"><b>\u00c0 quels salari\u00e9s\u00a0s&rsquo;adressent les\u00a0heures compl\u00e9mentaires ?\u00a0<\/b><\/h2>\n<p style=\"text-align: justify;\">Les heures compl\u00e9mentaires ne concernent que les salari\u00e9s qui travaillent \u00e0\u00a0temps partiel. Une heure compl\u00e9mentaire repr\u00e9sente effectivement une heure travaill\u00e9e au-del\u00e0 de la dur\u00e9e contractuelle, c\u2019est-\u00e0-dire celle pr\u00e9vue par le contrat de travail \u00e0 temps partiel. Pour r\u00e9sum\u00e9, l\u2019heure compl\u00e9mentaire pour le salari\u00e9 \u00e0 temps partiel \u00e9quivaut \u00e0 l\u2019heure suppl\u00e9mentaire\u00a0lorsqu\u2019il s\u2019agit d\u2019un salari\u00e9 \u00e0 temps complet.<\/p>\n<h1 style=\"text-align: justify;\"><b>Comment r\u00e9cup\u00e9rer les heures compl\u00e9mentaires ?<\/b><\/h1>\n<p style=\"text-align: justify;\"><span style=\"font-weight: 400;\">Actuellement, les heures compl\u00e9mentaires effectu\u00e9es par un salari\u00e9 \u00e0 temps partiel doivent \u00eatre pay\u00e9es, car elles ne donnent pas lieu \u00e0 un repos compensateur de remplacement. Seules les heures suppl\u00e9mentaires effectu\u00e9es par un salari\u00e9 \u00e0 temps plein peuvent faire l\u2019objet d\u2019un repos compensateur.<\/span><\/p>\n<h3 style=\"text-align: justify;\"><b>Temps partiel combien d&rsquo;heures compl\u00e9mentaires maximum ?<\/b><\/h3>\n<p style=\"text-align: justify;\"><span style=\"font-weight: 400;\">Les salari\u00e9s \u00e0 temps partiel du secteur priv\u00e9 sont moins nombreux que les salari\u00e9s \u00e0 temps plein. Les salari\u00e9s \u00e0 temps partiel doivent travailler pendant la dur\u00e9e minimale sp\u00e9cifi\u00e9e dans leur contrat de travail. En plus de ses heures de travail \u00e0 temps partiel, le salari\u00e9 peut effectuer des heures suppl\u00e9mentaires dans les limites mentionn\u00e9es \u00e0 l&rsquo;alin\u00e9a pr\u00e9c\u00e9dent. Ces heures suppl\u00e9mentaires s&rsquo;additionnent.<\/span><\/p>\n<h3 style=\"text-align: justify;\"><b>Travail \u00e0 mi temps combien d&rsquo;heures compl\u00e9mentaires r\u00e9guli\u00e8res ?<\/b><\/h3>\n<p style=\"text-align: justify;\"><span style=\"font-weight: 400;\">Le travail \u00e0 temps partiel \u00e9quivaut \u00e0 la moiti\u00e9 du temps plein l\u00e9gal, soit 35 heures par semaine, limit\u00e9 \u00e0 48 heures. Ainsi, si la demi-journ\u00e9e d&rsquo;un salari\u00e9 est calcul\u00e9e \u00e0 35 heures par semaine, il doit travailler 17 1\/2 heures par semaine. Si la semaine de travail est de 40 heures, le salari\u00e9 doit travailler 20 heures par semaine.<\/span><\/p>\n<h3 style=\"text-align: justify;\"><b>Le cadre l\u00e9gal des heures compl\u00e9mentaires<\/b><\/h3>\n<p style=\"text-align: justify;\"><span style=\"font-weight: 400;\">Les heures compl\u00e9mentaires que r\u00e9alise le salari\u00e9 \u00e0 temps partiel ne doivent pas \u00eatre sup\u00e9rieures :<\/span><\/p>\n<ul style=\"text-align: justify;\">\n<li style=\"font-weight: 400;\" aria-level=\"1\"><span style=\"font-weight: 400;\">\u00c0 la dur\u00e9e de travail l\u00e9gale, auquel cas le salari\u00e9 peut demander de requalifier son contrat de travail en contrat \u00e0 temps plein<\/span><\/li>\n<li style=\"font-weight: 400;\" aria-level=\"1\"><span style=\"font-weight: 400;\">\u00c0 la dur\u00e9e de travail applicable dans l\u2019entreprise, auquel cas le salari\u00e9 peut demander de requalifier son contrat de travail en contrat \u00e0 temps plein<\/span><\/li>\n<li style=\"font-weight: 400;\" aria-level=\"1\"><span style=\"font-weight: 400;\">\u00c0 un dixi\u00e8me de la dur\u00e9e du travail hebdomadaire ou mensuel pr\u00e9vu dans le contrat \u00e0 temps partiel, auquel cas des dommages et int\u00e9r\u00eats pourront \u00eatre exig\u00e9s dans le cadre d\u2019une proc\u00e9dure au\u00a0<\/span><a href=\"https:\/\/www.mes-allocs.fr\/guides\/aide-juridique\/conseil-des-prud-hommes\/\">conseil des Prud\u2019hommes.<\/a><\/li>\n<li style=\"font-weight: 400;\" aria-level=\"1\"><span style=\"font-weight: 400;\">L\u2019employeur et le salari\u00e9 peuvent toutefois signer un accord pr\u00e9alable donnant droit de faire porter les heures compl\u00e9mentaires au-del\u00e0 d\u2019un dixi\u00e8me de la dur\u00e9e pr\u00e9vue, dans la limite d\u2019un tiers de cette m\u00eame dur\u00e9e.<\/span><\/li>\n<\/ul>\n<p style=\"text-align: justify;\"><div class='cta-block'><div class='text'>Simulez toutes vos aides en 2 min.<\/div><a href='https:\/\/www.mes-allocs.fr\/ab-app?origin=guides\/wp-json\/wp\/v2\/posts\/45502' class='app-button fit'>Simulation gratuite<\/a><\/div><\/p>\n<h2 style=\"text-align: justify;\"><b>La r\u00e9mun\u00e9ration des heures compl\u00e9mentaires<\/b><\/h2>\n<p style=\"text-align: justify;\"><span style=\"font-weight: 400;\">Les heures compl\u00e9mentaires sont r\u00e9mun\u00e9r\u00e9es sur une base horaire normale \u00e0 taux plein, sans majoration et en fonction de la nature du poste et de la grille des salaires appliqu\u00e9e (base horaire cadre, base horaire\u00a0<\/span><span style=\"font-weight: 400;\">SMIC<\/span><span style=\"font-weight: 400;\">, etc.).<\/span><\/p>\n<p style=\"text-align: justify;\"><span style=\"font-weight: 400;\">Les heures compl\u00e9mentaires r\u00e9alis\u00e9es au-del\u00e0 de 10 % de la dur\u00e9e contractuelle (et en de\u00e7\u00e0 d\u2019un tiers) sont r\u00e9mun\u00e9r\u00e9es sur une base horaire normale major\u00e9e de 25 %.<\/span><\/p>\n<h2 style=\"text-align: justify;\">Les heures compl\u00e9mentaires exon\u00e9r\u00e9es<\/h2>\n<p style=\"text-align: justify;\"><span style=\"font-weight: 400;\">Depuis le 1er janvier 2019, les heures compl\u00e9mentaires effectu\u00e9es par les salari\u00e9es \u00e0 temps partiel ouvrent droit \u00e0 une r\u00e9duction de cotisations salariales et \u00e0 une exon\u00e9ration d\u2019imp\u00f4t, mais sont assujetties \u00e0 la r\u00e9duction forfaitaire patronale TEPA.<\/span><\/p>\n<p style=\"text-align: justify;\"><span style=\"font-weight: 400;\">Les cotisations salariales concern\u00e9es par l&rsquo;exon\u00e9ration sociale sont :<\/span><\/p>\n<ul style=\"text-align: justify;\">\n<li style=\"font-weight: 400;\" aria-level=\"1\"><span style=\"font-weight: 400;\">L&rsquo;assurance vieillesse plafonn\u00e9e de 6,90 %<\/span><\/li>\n<li style=\"font-weight: 400;\" aria-level=\"1\"><span style=\"font-weight: 400;\">L&rsquo;assurance vieillesse d\u00e9plafonn\u00e9e de 0,40 %<\/span><\/li>\n<li style=\"font-weight: 400;\" aria-level=\"1\"><span style=\"font-weight: 400;\">La retraite compl\u00e9mentaire AGIRC-ARRCO sur la tranche 1 de 4,01 %<\/span><\/li>\n<\/ul>\n<p style=\"text-align: justify;\"><span style=\"font-weight: 400;\">Le taux total des cotisations salariales concern\u00e9es par l&rsquo;exon\u00e9ration sociale pour les heures compl\u00e9mentaires est donc de 6,90 % + 0,40 % + 4,01 % = 11,31 %. Par contre, les cotisations salariales CSG et CRDS sont dues.<\/span><\/p>\n<p style=\"text-align: justify;\">Un diff\u00e9rend vous oppose \u00e0 votre employeur dans le cadre de votre contrat de travaillez ? D\u00e9couvrez si vous avez droit \u00e0 l&rsquo;<a href=\"https:\/\/www.mes-allocs.fr\/guides\/aide-juridique\/aide-juridictionnelle\/\">aide juridictionnelle<\/a> pour all\u00e9ger vos frais de justice.<\/p>\n<div class='cta-block'><div class='text'>Simulez toutes vos aides en 2 min.<\/div><a href='https:\/\/www.mes-allocs.fr\/ab-app?origin=guides\/wp-json\/wp\/v2\/posts\/45502' class='app-button fit'>Simulation gratuite<\/a><\/div>\n","protected":false},"excerpt":{"rendered":"<p>On peut d\u00e9finir les heures compl\u00e9mentaires comme celles qu&rsquo;un salari\u00e9 peut effectuer \u00e0 temps partiel, en dehors de ses horaires pr\u00e9vues par son contrat de travail. Vous souhaitez effectuer des heures compl\u00e9mentaires car votre situation financi\u00e8re est critique ? D\u00e9couvrez toutes les aides sociales qui existent pour vous soutenir !\u00a0 Qu&rsquo;est-ce qu&rsquo;une heure compl\u00e9mentaire ? [&hellip;]<\/p>\n","protected":false},"author":7,"featured_media":45766,"comment_status":"open","ping_status":"open","sticky":false,"template":"","format":"standard","meta":{"amp_status":"","footnotes":""},"categories":[1411],"tags":[],"class_list":["post-45502","post","type-post","status-publish","format-standard","has-post-thumbnail","hentry","category-aides-sociales"],"yoast_head":"<!-- This site is optimized with the Yoast SEO plugin v14.9 - https:\/\/yoast.com\/wordpress\/plugins\/seo\/ -->\n<title>Heures compl\u00e9mentaires : d\u00e9finition et cadre l\u00e9gal | Mes-Allocs.fr<\/title>\n<meta name=\"description\" content=\"Les heures compl\u00e9mentaires sont celles qui interviennent en dehors de la dur\u00e9e pr\u00e9vue par le contrat de travail. Mes-Allocs vous en dit plus.\" \/>\n<meta name=\"robots\" content=\"index, follow, max-snippet:-1, max-image-preview:large, max-video-preview:-1\" \/>\n<link rel=\"canonical\" href=\"https:\/\/www.mes-allocs.fr\/guides\/aides-sociales\/heures-complementaires\/\" \/>\n<meta property=\"og:locale\" content=\"fr_FR\" \/>\n<meta property=\"og:type\" content=\"article\" \/>\n<meta property=\"og:title\" content=\"Heures compl\u00e9mentaires : d\u00e9finition et cadre l\u00e9gal | Mes-Allocs.fr\" \/>\n<meta property=\"og:description\" content=\"Les heures compl\u00e9mentaires sont celles qui interviennent en dehors de la dur\u00e9e pr\u00e9vue par le contrat de travail. Mes-Allocs vous en dit plus.\" \/>\n<meta property=\"og:url\" content=\"https:\/\/www.mes-allocs.fr\/guides\/aides-sociales\/heures-complementaires\/\" \/>\n<meta property=\"og:site_name\" content=\"Mes-Allocs.fr\" \/>\n<meta property=\"article:published_time\" content=\"2022-10-06T17:23:00+00:00\" \/>\n<meta property=\"article:modified_time\" content=\"2024-07-11T12:24:10+00:00\" \/>\n<meta property=\"og:image\" content=\"https:\/\/www.mes-allocs.fr\/guides\/wp-content\/uploads\/2022\/02\/Heures-complementaires-definition-et-cadre-legal-.jpg?wsr\" \/>\n\t<meta property=\"og:image:width\" content=\"1280\" \/>\n\t<meta property=\"og:image:height\" content=\"853\" \/>\n<meta name=\"twitter:card\" content=\"summary_large_image\" \/>\n<script type=\"application\/ld+json\" class=\"yoast-schema-graph\">{\"@context\":\"https:\/\/schema.org\",\"@graph\":[{\"@type\":\"WebSite\",\"@id\":\"https:\/\/www.mes-allocs.fr\/guides\/#website\",\"url\":\"https:\/\/www.mes-allocs.fr\/guides\/\",\"name\":\"Mes-Allocs.fr\",\"description\":\"\",\"potentialAction\":[{\"@type\":\"SearchAction\",\"target\":\"https:\/\/www.mes-allocs.fr\/guides\/?s={search_term_string}\",\"query-input\":\"required name=search_term_string\"}],\"inLanguage\":\"fr-FR\"},{\"@type\":\"ImageObject\",\"@id\":\"https:\/\/www.mes-allocs.fr\/guides\/aides-sociales\/heures-complementaires\/#primaryimage\",\"inLanguage\":\"fr-FR\",\"url\":\"https:\/\/www.mes-allocs.fr\/guides\/wp-content\/uploads\/2022\/02\/Heures-complementaires-definition-et-cadre-legal-.jpg?wsr\",\"width\":1280,\"height\":853,\"caption\":\"Heures complementaires definition et cadre legal\"},{\"@type\":\"WebPage\",\"@id\":\"https:\/\/www.mes-allocs.fr\/guides\/aides-sociales\/heures-complementaires\/#webpage\",\"url\":\"https:\/\/www.mes-allocs.fr\/guides\/aides-sociales\/heures-complementaires\/\",\"name\":\"Heures compl\\u00e9mentaires : d\\u00e9finition et cadre l\\u00e9gal | Mes-Allocs.fr\",\"isPartOf\":{\"@id\":\"https:\/\/www.mes-allocs.fr\/guides\/#website\"},\"primaryImageOfPage\":{\"@id\":\"https:\/\/www.mes-allocs.fr\/guides\/aides-sociales\/heures-complementaires\/#primaryimage\"},\"datePublished\":\"2022-10-06T17:23:00+00:00\",\"dateModified\":\"2024-07-11T12:24:10+00:00\",\"author\":{\"@id\":\"https:\/\/www.mes-allocs.fr\/guides\/#\/schema\/person\/1c4837d5703727cb02ce84583b5a44aa\"},\"description\":\"Les heures compl\\u00e9mentaires sont celles qui interviennent en dehors de la dur\\u00e9e pr\\u00e9vue par le contrat de travail. Mes-Allocs vous en dit plus.\",\"inLanguage\":\"fr-FR\"},{\"@type\":\"Person\",\"@id\":\"https:\/\/www.mes-allocs.fr\/guides\/#\/schema\/person\/1c4837d5703727cb02ce84583b5a44aa\",\"name\":\"Fabiola\",\"image\":{\"@type\":\"ImageObject\",\"@id\":\"https:\/\/www.mes-allocs.fr\/guides\/#personlogo\",\"inLanguage\":\"fr-FR\",\"url\":\"https:\/\/www.mes-allocs.fr\/guides\/wp-content\/uploads\/2021\/06\/fabiola-150x150.png\",\"caption\":\"Fabiola\"},\"description\":\"Fabiola est r\\u00e9dactrice au sein de l'\\u00e9quipe Mes Allocs, sp\\u00e9cialis\\u00e9e en sciences politiques et affaires publiques. Dipl\\u00f4m\\u00e9e de l'HEIP, elle rejoint Mes Allocs apr\\u00e8s une premi\\u00e8re exp\\u00e9rience \\u00e0 l'Assembl\\u00e9e Nationale.\",\"sameAs\":[\"https:\/\/www.linkedin.com\/in\/cecilia-philippe-b-8a8085195\"]}]}<\/script>\n<!-- \/ Yoast SEO plugin. -->","amp_validity":null,"acf":{"faq":{"1":{"question":"Est-on r\u00e9mun\u00e9r\u00e9 lorsqu'on fait des heures compl\u00e9mentaires ? ","answer":"Toute heure compl\u00e9mentaire accomplie donne lieu \u00e0 une majoration de salaire.\r\n"},"2":{"question":"A combien est fix\u00e9 le taux de majoration ? ","answer":"Le taux de majoration est fix\u00e9 \u00e0 10 % pour chaque heure compl\u00e9mentaire accomplie dans la limite de 1\/10e de la dur\u00e9e de travail fix\u00e9 dans le contrat. Il est aussi fix\u00e9 \u00e0 25 % pour chaque heure accomplie au-del\u00e0 de 1\/10e (et dans la limite de 1\/3)."},"3":{"question":"Qui est concern\u00e9 par ces heures compl\u00e9mentaires ? ","answer":"Tout salari\u00e9 peut travailler \u00e0 temps partiel, quelle que soit la dur\u00e9e de son contrat (CDI ou CDD).\r\n"},"4":{"question":"Qui peut demander \u00e0 \u00eatre en temps partiel ? ","answer":"Le travail \u00e0 temps partiel peut \u00eatre demand\u00e9 par l'employeur ou le salari\u00e9.\r\n\r\n"},"5":{"question":"Qu'est-ce qu'une aide juridique ?","answer":"L'aide juridictionnelle est une aide financi\u00e8re accord\u00e9e par l'\u00c9tat. Elle permet aux personnes sans ressources ou ayant des revenus faibles de b\u00e9n\u00e9ficier d'une prise en charge de leurs frais de justice.\r\n"},"6":{"question":"Qui a droit \u00e0 l'aide juridique ?","answer":"Vous pouvez faire une demande d'aide juridictionnelle quelle que soit votre position dans la proc\u00e9dure judiciaire. Vous aurez droit \u00e0 l'aide juridictionnelle si vous remplissez les conditions. \r\n"},"7":{"question":"","answer":""},"8":{"question":"","answer":""},"9":{"question":"","answer":""},"10":{"question":"","answer":""},"11":{"question":"","answer":""},"12":{"question":"","answer":""},"13":{"question":"","answer":""},"14":{"question":"","answer":""},"15":{"question":"","answer":""},"16":{"question":"","answer":""}}},"_links":{"self":[{"href":"https:\/\/www.mes-allocs.fr\/guides\/wp-json\/wp\/v2\/posts\/45502","targetHints":{"allow":["GET"]}}],"collection":[{"href":"https:\/\/www.mes-allocs.fr\/guides\/wp-json\/wp\/v2\/posts"}],"about":[{"href":"https:\/\/www.mes-allocs.fr\/guides\/wp-json\/wp\/v2\/types\/post"}],"author":[{"embeddable":true,"href":"https:\/\/www.mes-allocs.fr\/guides\/wp-json\/wp\/v2\/users\/7"}],"replies":[{"embeddable":true,"href":"https:\/\/www.mes-allocs.fr\/guides\/wp-json\/wp\/v2\/comments?post=45502"}],"version-history":[{"count":11,"href":"https:\/\/www.mes-allocs.fr\/guides\/wp-json\/wp\/v2\/posts\/45502\/revisions"}],"predecessor-version":[{"id":80812,"href":"https:\/\/www.mes-allocs.fr\/guides\/wp-json\/wp\/v2\/posts\/45502\/revisions\/80812"}],"wp:featuredmedia":[{"embeddable":true,"href":"https:\/\/www.mes-allocs.fr\/guides\/wp-json\/wp\/v2\/media\/45766"}],"wp:attachment":[{"href":"https:\/\/www.mes-allocs.fr\/guides\/wp-json\/wp\/v2\/media?parent=45502"}],"wp:term":[{"taxonomy":"category","embeddable":true,"href":"https:\/\/www.mes-allocs.fr\/guides\/wp-json\/wp\/v2\/categories?post=45502"},{"taxonomy":"post_tag","embeddable":true,"href":"https:\/\/www.mes-allocs.fr\/guides\/wp-json\/wp\/v2\/tags?post=45502"}],"curies":[{"name":"wp","href":"https:\/\/api.w.org\/{rel}","templated":true}]}}