{"id":45498,"date":"2022-06-10T12:48:39","date_gmt":"2022-06-10T10:48:39","guid":{"rendered":"https:\/\/www.mes-allocs.fr\/guides\/?p=45498"},"modified":"2026-02-26T18:10:56","modified_gmt":"2026-02-26T17:10:56","slug":"conge-solidarite-familiale-assistante-maternelle","status":"publish","type":"post","link":"https:\/\/www.mes-allocs.fr\/guides\/allocations-familiales\/conge-solidarite-familiale\/conge-solidarite-familiale-assistante-maternelle\/","title":{"rendered":"Le cong\u00e9 de solidarit\u00e9 familiale pour une assistante maternelle"},"content":{"rendered":"<p><img loading=\"lazy\" decoding=\"async\" class=\"aligncenter wp-image-45499 size-full\" title=\"jeune femme\" src=\"https:\/\/www.mes-allocs.fr\/guides\/wp-content\/uploads\/2022\/02\/jeune-femme-e1687273186239.jpeg\" alt=\"cong\u00e9 de solidarit\u00e9 familiale assistante maternelle\" width=\"1125\" height=\"191\" \/><\/p>\n<p style=\"text-align: justify;\">[Mis \u00e0 jour le 26\/02\/2026] Si vous \u00eates une assistante maternelle, vous pouvez b\u00e9n\u00e9ficier de certaines <a href=\"https:\/\/www.mes-allocs.fr\/guides\/allocations-familiales\">allocations familiales<\/a>. Mais vous avez aussi droit au cong\u00e9 de solidarit\u00e9 familiale pour rester aupr\u00e8s d\u2019un proche en fin de vie. Dans cet article, on vous explique tout sur le <strong>cong\u00e9 de solidarit\u00e9 familiale pour une assistante maternelle<\/strong> et ses employeurs.<\/p>\n<p style=\"text-align: justify;\"><div class='cta-block'><div class='text'>Simulez toutes vos aides en 2 min.<\/div><a href='https:\/\/www.mes-allocs.fr\/ab-app?origin=guides\/wp-json\/wp\/v2\/posts\/45498' class='app-button fit'>Simulation gratuite<\/a><\/div><\/p>\n<h1 style=\"text-align: justify;\">Le cong\u00e9 de solidarit\u00e9 familiale<\/h1>\n<h2 style=\"text-align: justify;\">Petite d\u00e9finition<\/h2>\n<div class=\"fiche-item\" style=\"text-align: justify;\">\n<div id=\"fiche-item-1\" class=\"fiche-item-content collapse in\" aria-hidden=\"false\">\n<p>Le cong\u00e9 de solidarit\u00e9 familiale permet au salari\u00e9 d&rsquo;assister un proche dont la maladie met en jeu le pronostic vital. Le proche assist\u00e9 se trouve en phase avanc\u00e9e ou terminale d&rsquo;une affection grave et incurable (quelle qu&rsquo;en soit la cause).<\/p>\n<h2 class=\"amp-wp-7d27179\" style=\"text-align: justify;\" data-amp-original-style=\"text-align: justify;\">Qui peut en b\u00e9n\u00e9ficier ?<\/h2>\n<p class=\"amp-wp-7d27179\" style=\"text-align: justify;\" data-amp-original-style=\"text-align: justify;\">Le cong\u00e9 de solidarit\u00e9 familial peut \u00eatre pris lorsqu\u2019un proche se trouve en fin de vie et dont le pronostic vital est engag\u00e9 ou qui se trouve en phase avanc\u00e9e d\u2019une pathologie grave et incurable.\u00a0L\u2019origine de la maladie n\u2019a aucune incidence sur le cong\u00e9 de solidarit\u00e9 familial.<\/p>\n<p class=\"amp-wp-7d27179\" style=\"text-align: justify;\" data-amp-original-style=\"text-align: justify;\"><span class=\"amp-wp-f6bf23d\" data-amp-original-style=\"text-decoration: underline;\">Pour en b\u00e9n\u00e9ficier, le proche doit \u00eatre<\/span> :<\/p>\n<ul style=\"text-align: justify;\">\n<li>Un ascendant : p\u00e8re, m\u00e8re<\/li>\n<li>Un descendant : enfant, petit-enfant<\/li>\n<li>Un fr\u00e8re ou une s\u0153ur<\/li>\n<li>Une personne partageant le m\u00eame domicile : conjoint, concubin, partenaire de\u00a0PACS<\/li>\n<li class=\"amp-wp-7d27179\" data-amp-original-style=\"text-align: justify;\">Une personne vous ayant d\u00e9sign\u00e9 comme personne de confiance :\u00a0elle\u00a0peut \u00eatre un parent, un proche ou le m\u00e9decin traitant. Lorsque le malade se trouve dans l\u2019impossibilit\u00e9 de prendre une d\u00e9cision,\u00a0la personne de confiance\u00a0est consult\u00e9e.<\/li>\n<\/ul>\n<p class=\"amp-wp-7d27179\" style=\"text-align: justify;\" data-amp-original-style=\"text-align: justify;\">Dans le cas o\u00f9 votre enfant est\u00a0gravement malade, handicap\u00e9 ou victime d\u2019un accident, il est possible de b\u00e9n\u00e9ficier de l\u2019allocation de pr\u00e9sence parentale.<\/p>\n<\/div>\n<\/div>\n<div class=\"fiche-item\">\n<div id=\"fiche-item-2\" class=\"fiche-item-content collapse in\" aria-hidden=\"false\">\n<h2 style=\"text-align: justify;\">La question de la r\u00e9mun\u00e9ration<\/h2>\n<div style=\"text-align: justify;\">\n<p>Durant toute la dur\u00e9e du cong\u00e9, le salari\u00e9 conserve ses droits \u00e0 remboursement des soins et indemnit\u00e9s journali\u00e8res vers\u00e9es par la s\u00e9curit\u00e9 sociale en cas de maladie, maternit\u00e9, invalidit\u00e9 et d\u00e9c\u00e8s.<\/p>\n<\/div>\n<div>\n<h3 class=\"fiche-title-1\" style=\"text-align: justify;\">R\u00e9mun\u00e9ration<\/h3>\n<p style=\"text-align: justify;\">Le cong\u00e9 de solidarit\u00e9 familiale n&rsquo;est pas r\u00e9mun\u00e9r\u00e9.<\/p>\n<p style=\"text-align: justify;\">Toutefois, le salari\u00e9 b\u00e9n\u00e9ficiaire du cong\u00e9 per\u00e7oit l&rsquo;allocation journali\u00e8re d&rsquo;accompagnement d&rsquo;une personne en fin de vie.<\/p>\n<p style=\"text-align: justify;\">Le demandeur doit remplir tous documents suivants\u00a0:<\/p>\n<ul style=\"text-align: justify;\">\n<li>Attestation remplie par l&#8217;employeur, pr\u00e9cisant que le salari\u00e9 b\u00e9n\u00e9ficie d&rsquo;un cong\u00e9 de solidarit\u00e9 familiale (ou qu&rsquo;il l&rsquo;a transform\u00e9 en p\u00e9riode d&rsquo;activit\u00e9 \u00e0 temps partiel)<\/li>\n<li>Formulaire de demande d&rsquo;allocation journali\u00e8re d&rsquo;accompagnement \u00e0 domicile d&rsquo;une personne en fin de vie<\/li>\n<\/ul>\n<p style=\"text-align: justify;\">Ces pi\u00e8ces doivent \u00eatre adress\u00e9es par courrier au centre national de gestion des demandes d&rsquo;allocations journali\u00e8res d&rsquo;accompagnement d&rsquo;une personne en fin de vie (Cnajap).<\/p>\n<h2 style=\"text-align: justify;\">Fin de cong\u00e9<\/h2>\n<p style=\"text-align: justify;\">\u00c0 la fin du cong\u00e9, le salari\u00e9 retrouve son emploi ou un emploi similaire et une r\u00e9mun\u00e9ration au moins \u00e9quivalente \u00e0 son emploi pr\u00e9c\u00e9dant.<\/p>\n<p style=\"text-align: justify;\">Des mesures d&rsquo;accompagnement du salari\u00e9 lors de son retour peuvent \u00eatre pr\u00e9vues.<\/p>\n<p style=\"text-align: justify;\">Apr\u00e8s son cong\u00e9, le salari\u00e9 a le droit de b\u00e9n\u00e9ficier d&rsquo;un entretien professionnel avec son employeur consacr\u00e9 \u00e0 ses perspectives d&rsquo;\u00e9volution professionnelle.\u00a0Le salari\u00e9 conserve le b\u00e9n\u00e9fice de tous les avantages qu&rsquo;il avait acquis avant le d\u00e9but du cong\u00e9.\u00a0La dur\u00e9e du cong\u00e9 est prise en compte pour la d\u00e9termination des avantages li\u00e9s \u00e0 l&rsquo;anciennet\u00e9.<\/p>\n<p style=\"text-align: justify;\">Si la personne assist\u00e9e d\u00e9c\u00e8de pendant le cong\u00e9, celui-ci prend fin dans les 3 jours\u00a0qui suivent le d\u00e9c\u00e8s. Toutefois, avant son retour dans l&rsquo;entreprise, le salari\u00e9 peut prendre des jours de cong\u00e9s pour \u00e9v\u00e9nements familiaux en lien avec le d\u00e9c\u00e8s.<\/p>\n<p style=\"text-align: justify;\">\u00c0 la fin du cong\u00e9, le salari\u00e9 retrouve son emploi ou un emploi similaire et une r\u00e9mun\u00e9ration au moins \u00e9quivalente \u00e0 son emploi pr\u00e9c\u00e9dant.\u00a0Des mesures d&rsquo;accompagnement du salari\u00e9 lors de son retour peuvent \u00eatre pr\u00e9vues.<\/p>\n<p style=\"text-align: justify;\">Apr\u00e8s son cong\u00e9, le salari\u00e9 a le droit de b\u00e9n\u00e9ficier d&rsquo;un entretien professionnel avec son employeur consacr\u00e9 \u00e0 ses perspectives d&rsquo;\u00e9volution professionnelle.\u00a0Le salari\u00e9 conserve le b\u00e9n\u00e9fice de tous les avantages qu&rsquo;il avait acquis avant le d\u00e9but du cong\u00e9.\u00a0La dur\u00e9e du cong\u00e9 est prise en compte pour la d\u00e9termination des avantages li\u00e9s \u00e0 l&rsquo;anciennet\u00e9.<\/p>\n<p><iframe loading=\"lazy\" title=\"Tout Savoir sur les Allocations Familiales !\" width=\"500\" height=\"281\" src=\"https:\/\/www.youtube.com\/embed\/XEX_FdLLYMo?feature=oembed\" frameborder=\"0\" allow=\"accelerometer; autoplay; clipboard-write; encrypted-media; gyroscope; picture-in-picture; web-share\" referrerpolicy=\"strict-origin-when-cross-origin\" allowfullscreen><\/iframe><\/p>\n<p style=\"text-align: justify;\"><div class='cta-block'><div class='text'>Simulez toutes vos aides en 2 min.<\/div><a href='https:\/\/www.mes-allocs.fr\/ab-app?origin=guides\/wp-json\/wp\/v2\/posts\/45498' class='app-button fit'>Simulation gratuite<\/a><\/div><\/p>\n<h1 style=\"text-align: justify;\">Le cong\u00e9 de solidarit\u00e9 familiale pour les assistantes maternelles<\/h1>\n<h2 style=\"text-align: justify;\">En tant qu&rsquo;assistante maternelle<\/h2>\n<p style=\"text-align: justify;\">Le salari\u00e9 employ\u00e9 par un particulier employeur a droit aux m\u00eames cong\u00e9s que tout autre salari\u00e9 (au-del\u00e0 des cong\u00e9s pay\u00e9es):<\/p>\n<div class=\"liste\" style=\"text-align: justify;\">\n<ul>\n<li>Cong\u00e9 pour enfant malade<\/li>\n<li>Cong\u00e9 de pr\u00e9sence parentale<\/li>\n<li>Cong\u00e9 de proche aidant<\/li>\n<li>Survenue du handicap d&rsquo;un enfant<\/li>\n<li>\u00c9v\u00e9nements personnels<\/li>\n<\/ul>\n<\/div>\n<p style=\"text-align: justify;\">En compl\u00e9ment de ces diff\u00e9rents cong\u00e9s, vous pouvez b\u00e9n\u00e9ficier du cong\u00e9 parental selon les conditions qui ont \u00e9t\u00e9 \u00e9voqu\u00e9s pr\u00e9c\u00e9demment.<\/p>\n<h2 style=\"text-align: justify;\">En tant qu&#8217;employeur<\/h2>\n<p style=\"text-align: justify;\" align=\"justify\">Si votre assistante maternelle souhaite s\u2019occuper de certains de ses proches malades ou handicap\u00e9s.<\/p>\n<ul style=\"text-align: justify;\">\n<li>Le cong\u00e9 de solidarit\u00e9 familial permet d\u2019assister un parent, un enfant, un fr\u00e8re ou une soeur, ou un conjoint en fin de vie. Il peut ouvrir droit \u00e0 l\u2019allocation journali\u00e8re d\u2019accompagnement d\u2019une personne en fin de vie vers\u00e9e par l\u2019assurance maladie. Il est de 3 mois maximum renouvelable une fois.<\/li>\n<li>Le cong\u00e9 de soutien familial permet (sous condition de 2 ans d\u2019anciennet\u00e9) de s\u2019occuper d\u2019un parent, d\u2019un beau-parent, d\u2019un conjoint, d\u2019un enfant ou d\u2019un collat\u00e9ral jusqu\u2019au 4e degr\u00e9, handicap\u00e9 ou en perte d\u2019autonomie. Il est de 3 mois renouvelables.<\/li>\n<\/ul>\n<p style=\"text-align: justify;\">Pour se faire, il vous suffit de prendre contact avec l&rsquo;URSSAF pour connaitre l&rsquo;ensemble des d\u00e9marches \u00e0 accomplir concernant l&rsquo;Allocation de Soutien Familial.<\/p>\n<h2>Dans la fonction publique<\/h2>\n<p>Un d\u00e9cret du 20 f\u00e9vrier 2026 pr\u00e9cise que :<\/p>\n<ul>\n<li>Les agents conservent leur emploi pendant toute la dur\u00e9e du cong\u00e9 de solidarit\u00e9 familiale.<\/li>\n<li>Pour les personnels m\u00e9dicaux ou assimil\u00e9s, le cong\u00e9 \u00e0 temps partiel est encadr\u00e9 par une dur\u00e9e minimale et maximale de service hebdomadaire.<\/li>\n<\/ul>\n<p>Ces dispositions ne s&rsquo;appliquent pas \u00e0 vous si vous \u00eates une assistante maternelle employ\u00e9e par des particuliers.<\/p>\n<h1 style=\"text-align: justify;\">Une autre aide disponible :L\u2019allocation journali\u00e8re d\u2019accompagnement d\u2019une personne en fin de vie (<dfn title=\"Allocation journali\u00e8re d'accompagnement d'une personne en fin de vie\">AJAP<\/dfn>)<\/h1>\n<h2 style=\"text-align: justify;\">D\u00e9finition<\/h2>\n<p style=\"text-align: justify;\">L\u2019allocation journali\u00e8re d\u2019accompagnement d\u2019une personne en fin de vie (<dfn title=\"Allocation journali\u00e8re d'accompagnement d'une personne en fin de vie\">AJAP<\/dfn>) est destin\u00e9e \u00e0 compenser partiellement la perte de revenus subie par les assur\u00e9s sociaux (personnes accompagnantes) qui cessent leur activit\u00e9 afin d\u2019accompagner \u00e0 domicile un proche (personne accompagn\u00e9e) en phase avanc\u00e9e ou terminale d\u2019une affection.<\/p>\n<p style=\"text-align: justify;\">La dur\u00e9e de versement de l&rsquo;AJAP\u00a0a \u00e9t\u00e9 fix\u00e9e \u00e0 vingt-et-un jours maximum, ouvrables ou non, par personne accompagn\u00e9e, nombre appr\u00e9ci\u00e9 par le r\u00e9gime de s\u00e9curit\u00e9 sociale de la personne accompagn\u00e9e.<\/p>\n<h2 style=\"text-align: justify;\">Conditions d&rsquo;attribution<\/h2>\n<p style=\"text-align: justify;\">La demande de cette allocation doit comporter notamment les informations suivantes :<\/p>\n<ul style=\"text-align: justify;\">\n<li>l\u2019identit\u00e9 du demandeur et sa situation professionnelle,<\/li>\n<li>le nombre de journ\u00e9es d\u2019allocation demand\u00e9es dans la limite maximale l\u00e9gale,<\/li>\n<li>l\u2019identit\u00e9 et le num\u00e9ro de s\u00e9curit\u00e9 sociale de la personne accompagn\u00e9e,<\/li>\n<li>une attestation du m\u00e9decin ainsi que le nom de l\u2019organisme de s\u00e9curit\u00e9 sociale dont rel\u00e8ve la personne accompagn\u00e9e.<\/li>\n<\/ul>\n<p style=\"text-align: justify;\">Elle doit \u00eatre adress\u00e9 par le demandeur \u00e0 l\u2019autorit\u00e9 administrative dont d\u00e9pend le militaire. Celle-ci doit informer dans les 48 heures, \u00e0 compter de la date de r\u00e9ception de la demande, le r\u00e9gime d\u2019assurance maladie dont rel\u00e8ve la personne accompagn\u00e9e.<\/p>\n<p style=\"text-align: justify;\">Le silence gard\u00e9 pendant plus de sept jours \u00e0 compter de la r\u00e9ception de la notification vaut accord de l\u2019organisme de rattachement de la personne accompagn\u00e9e.<\/p>\n<p style=\"text-align: justify;\">L\u2019allocation est attribu\u00e9e pour le nombre de jours demand\u00e9s, en m\u00e9tropole et dans les d\u00e9partements d\u2019outre-mer sauf \u00e0 Mayotte, \u00e0 la fin du mois pendant lequel est intervenu l\u2019accord du r\u00e9gime de la personne accompagn\u00e9e.<\/p>\n<div class='cta-block'><div class='text'>Simulez toutes vos aides en 2 min.<\/div><a href='https:\/\/www.mes-allocs.fr\/ab-app?origin=guides\/wp-json\/wp\/v2\/posts\/45498' class='app-button fit'>Simulation gratuite<\/a><\/div>\n<\/div>\n<\/div>\n<\/div>\n","protected":false},"excerpt":{"rendered":"<p>[Mis \u00e0 jour le 26\/02\/2026] Si vous \u00eates une assistante maternelle, vous pouvez b\u00e9n\u00e9ficier de certaines allocations familiales. Mais vous avez aussi droit au cong\u00e9 de solidarit\u00e9 familiale pour rester aupr\u00e8s d\u2019un proche en fin de vie. Dans cet article, on vous explique tout sur le cong\u00e9 de solidarit\u00e9 familiale pour une assistante maternelle et [&hellip;]<\/p>\n","protected":false},"author":6,"featured_media":45499,"comment_status":"closed","ping_status":"open","sticky":false,"template":"","format":"standard","meta":{"amp_status":"","footnotes":""},"categories":[10,10875],"tags":[],"class_list":["post-45498","post","type-post","status-publish","format-standard","has-post-thumbnail","hentry","category-allocations-familiales","category-conge-solidarite-familiale"],"yoast_head":"<!-- This site is optimized with the Yoast SEO plugin v14.9 - https:\/\/yoast.com\/wordpress\/plugins\/seo\/ -->\n<title>Le cong\u00e9 de solidarit\u00e9 familiale pour une assistante maternelle<\/title>\n<meta name=\"description\" content=\"En tant qu&#039;assistante maternelle, vous pouvez b\u00e9n\u00e9ficier du cong\u00e9 de solidarit\u00e9 familiale. Mes Allocs vous explique tout.\" \/>\n<meta name=\"robots\" content=\"index, follow, max-snippet:-1, max-image-preview:large, max-video-preview:-1\" \/>\n<link rel=\"canonical\" href=\"https:\/\/www.mes-allocs.fr\/guides\/allocations-familiales\/conge-solidarite-familiale\/conge-solidarite-familiale-assistante-maternelle\/\" \/>\n<meta property=\"og:locale\" content=\"fr_FR\" \/>\n<meta property=\"og:type\" content=\"article\" \/>\n<meta property=\"og:title\" content=\"Le cong\u00e9 de solidarit\u00e9 familiale pour une assistante maternelle\" \/>\n<meta property=\"og:description\" content=\"En tant qu&#039;assistante maternelle, vous pouvez b\u00e9n\u00e9ficier du cong\u00e9 de solidarit\u00e9 familiale. Mes Allocs vous explique tout.\" \/>\n<meta property=\"og:url\" content=\"https:\/\/www.mes-allocs.fr\/guides\/allocations-familiales\/conge-solidarite-familiale\/conge-solidarite-familiale-assistante-maternelle\/\" \/>\n<meta property=\"og:site_name\" content=\"Mes-Allocs.fr\" \/>\n<meta property=\"article:published_time\" content=\"2022-06-10T10:48:39+00:00\" \/>\n<meta property=\"article:modified_time\" content=\"2026-02-26T17:10:56+00:00\" \/>\n<meta property=\"og:image\" content=\"https:\/\/www.mes-allocs.fr\/guides\/wp-content\/uploads\/2022\/02\/jeune-femme.jpeg?wsr\" \/>\n\t<meta property=\"og:image:width\" content=\"1125\" \/>\n\t<meta property=\"og:image:height\" content=\"750\" \/>\n<meta name=\"twitter:card\" content=\"summary_large_image\" \/>\n<script type=\"application\/ld+json\" class=\"yoast-schema-graph\">{\"@context\":\"https:\/\/schema.org\",\"@graph\":[{\"@type\":\"WebSite\",\"@id\":\"https:\/\/www.mes-allocs.fr\/guides\/#website\",\"url\":\"https:\/\/www.mes-allocs.fr\/guides\/\",\"name\":\"Mes-Allocs.fr\",\"description\":\"\",\"potentialAction\":[{\"@type\":\"SearchAction\",\"target\":\"https:\/\/www.mes-allocs.fr\/guides\/?s={search_term_string}\",\"query-input\":\"required name=search_term_string\"}],\"inLanguage\":\"fr-FR\"},{\"@type\":\"ImageObject\",\"@id\":\"https:\/\/www.mes-allocs.fr\/guides\/allocations-familiales\/conge-solidarite-familiale\/conge-solidarite-familiale-assistante-maternelle\/#primaryimage\",\"inLanguage\":\"fr-FR\",\"url\":\"https:\/\/www.mes-allocs.fr\/guides\/wp-content\/uploads\/2022\/02\/jeune-femme.jpeg?wsr\",\"width\":1125,\"height\":750,\"caption\":\"cong\\u00e9 de solidarit\\u00e9 familiale assistante maternelle\"},{\"@type\":\"WebPage\",\"@id\":\"https:\/\/www.mes-allocs.fr\/guides\/allocations-familiales\/conge-solidarite-familiale\/conge-solidarite-familiale-assistante-maternelle\/#webpage\",\"url\":\"https:\/\/www.mes-allocs.fr\/guides\/allocations-familiales\/conge-solidarite-familiale\/conge-solidarite-familiale-assistante-maternelle\/\",\"name\":\"Le cong\\u00e9 de solidarit\\u00e9 familiale pour une assistante maternelle\",\"isPartOf\":{\"@id\":\"https:\/\/www.mes-allocs.fr\/guides\/#website\"},\"primaryImageOfPage\":{\"@id\":\"https:\/\/www.mes-allocs.fr\/guides\/allocations-familiales\/conge-solidarite-familiale\/conge-solidarite-familiale-assistante-maternelle\/#primaryimage\"},\"datePublished\":\"2022-06-10T10:48:39+00:00\",\"dateModified\":\"2026-02-26T17:10:56+00:00\",\"author\":{\"@id\":\"https:\/\/www.mes-allocs.fr\/guides\/#\/schema\/person\/0ecd61a8600573914d00d970a588c024\"},\"description\":\"En tant qu'assistante maternelle, vous pouvez b\\u00e9n\\u00e9ficier du cong\\u00e9 de solidarit\\u00e9 familiale. Mes Allocs vous explique tout.\",\"inLanguage\":\"fr-FR\"},{\"@type\":\"Person\",\"@id\":\"https:\/\/www.mes-allocs.fr\/guides\/#\/schema\/person\/0ecd61a8600573914d00d970a588c024\",\"name\":\"Jonathan\",\"image\":{\"@type\":\"ImageObject\",\"@id\":\"https:\/\/www.mes-allocs.fr\/guides\/#personlogo\",\"inLanguage\":\"fr-FR\",\"url\":\"https:\/\/www.mes-allocs.fr\/guides\/wp-content\/uploads\/2021\/06\/jonathan-150x150.png\",\"caption\":\"Jonathan\"},\"description\":\"Jonathan est r\\u00e9dacteur au sein de l'\\u00e9quipe Mes Allocs, sp\\u00e9cialis\\u00e9 sur les sujets li\\u00e9s au handicap. Dipl\\u00f4m\\u00e9e de l'UPEM, il rejoint Mes Allocs apr\\u00e8s avoir travaill\\u00e9 \\u00e0 l'association AEDE qui accompagne les adultes en situation de handicap. Quand il n'\\u00e9crit pas, on peut le retrouver sur un terrain de basket.\",\"sameAs\":[\"https:\/\/www.linkedin.com\/in\/jonathan-bambela-8637861b7\"]}]}<\/script>\n<!-- \/ Yoast SEO plugin. -->","amp_validity":null,"acf":{"faq":{"1":{"question":"Qu'est ce que le cong\u00e9 de solidarit\u00e9 familiale ?","answer":"Le cong\u00e9 de solidarit\u00e9 familiale vous permet de vous absenter du travail pour assister un proche en fin de vie. "},"2":{"question":"Qui peut b\u00e9n\u00e9ficier d'un cong\u00e9 de solidarit\u00e9 familiale ?","answer":"Le droit au cong\u00e9 de solidarit\u00e9 familiale b\u00e9n\u00e9ficie, dans les m\u00eames conditions, au salari\u00e9 qui souhaite assister la personne malade l'ayant d\u00e9sign\u00e9 comme personne de confiance."},"3":{"question":"Quelle est la dur\u00e9e du cong\u00e9 de solidarit\u00e9 familiale ?","answer":"La dur\u00e9e du cong\u00e9 de solidarit\u00e9 familiale est de 3 mois maximum."},"4":{"question":"Comment demander le cong\u00e9 de solidarit\u00e9 familiale ?","answer":"La demande du cong\u00e9 de solidarit\u00e9 familiale doit \u00eatre faire aupr\u00e8s de votre administration."},"5":{"question":"Quelle r\u00e9mun\u00e9ration pour un cong\u00e9 de solidarit\u00e9 familiale ?","answer":"Lorsque vous \u00eates en cong\u00e9 de solidarit\u00e9 familiale, vous n'\u00eates pas r\u00e9mun\u00e9r\u00e9. En revanche, vous pouvez b\u00e9n\u00e9ficier d'une allocation journali\u00e8re d'accompagnement \u00e0 domicile."},"6":{"question":"Quelles sont les conditions li\u00e9es au cong\u00e9 de solidarit\u00e9 familiale ?","answer":"Les conditions li\u00e9es au cong\u00e9 de solidarit\u00e9 familiale sont principalement des questions de dur\u00e9e et de temps de travail."},"7":{"question":"","answer":""},"8":{"question":"","answer":""},"9":{"question":"","answer":""},"10":{"question":"","answer":""},"11":{"question":"","answer":""},"12":{"question":"","answer":""},"13":{"question":"","answer":""},"14":{"question":"","answer":""},"15":{"question":"","answer":""},"16":{"question":"","answer":""}}},"_links":{"self":[{"href":"https:\/\/www.mes-allocs.fr\/guides\/wp-json\/wp\/v2\/posts\/45498","targetHints":{"allow":["GET"]}}],"collection":[{"href":"https:\/\/www.mes-allocs.fr\/guides\/wp-json\/wp\/v2\/posts"}],"about":[{"href":"https:\/\/www.mes-allocs.fr\/guides\/wp-json\/wp\/v2\/types\/post"}],"author":[{"embeddable":true,"href":"https:\/\/www.mes-allocs.fr\/guides\/wp-json\/wp\/v2\/users\/6"}],"replies":[{"embeddable":true,"href":"https:\/\/www.mes-allocs.fr\/guides\/wp-json\/wp\/v2\/comments?post=45498"}],"version-history":[{"count":15,"href":"https:\/\/www.mes-allocs.fr\/guides\/wp-json\/wp\/v2\/posts\/45498\/revisions"}],"predecessor-version":[{"id":109866,"href":"https:\/\/www.mes-allocs.fr\/guides\/wp-json\/wp\/v2\/posts\/45498\/revisions\/109866"}],"wp:featuredmedia":[{"embeddable":true,"href":"https:\/\/www.mes-allocs.fr\/guides\/wp-json\/wp\/v2\/media\/45499"}],"wp:attachment":[{"href":"https:\/\/www.mes-allocs.fr\/guides\/wp-json\/wp\/v2\/media?parent=45498"}],"wp:term":[{"taxonomy":"category","embeddable":true,"href":"https:\/\/www.mes-allocs.fr\/guides\/wp-json\/wp\/v2\/categories?post=45498"},{"taxonomy":"post_tag","embeddable":true,"href":"https:\/\/www.mes-allocs.fr\/guides\/wp-json\/wp\/v2\/tags?post=45498"}],"curies":[{"name":"wp","href":"https:\/\/api.w.org\/{rel}","templated":true}]}}