{"id":45487,"date":"2022-03-02T19:08:19","date_gmt":"2022-03-02T17:08:19","guid":{"rendered":"https:\/\/www.mes-allocs.fr\/guides\/?p=45487"},"modified":"2026-02-12T16:48:11","modified_gmt":"2026-02-12T15:48:11","slug":"cmg-assistante-maternelle","status":"publish","type":"post","link":"https:\/\/www.mes-allocs.fr\/guides\/allocations-familiales\/paje\/complement-libre-choix-mode-de-garde\/cmg-assistante-maternelle\/","title":{"rendered":"Assistante maternelle et Compl\u00e9ment de libre choix du mode de garde"},"content":{"rendered":"<p><img loading=\"lazy\" decoding=\"async\" class=\"aligncenter wp-image-45492 size-full\" title=\"assistante maternelle\" src=\"https:\/\/www.mes-allocs.fr\/guides\/wp-content\/uploads\/2022\/02\/assistante-maternelle--e1687185389781.jpeg\" alt=\"assistante maternelle compl\u00e9ment libre choix du mode de garde\" width=\"1125\" height=\"191\" srcset=\"https:\/\/www.mes-allocs.fr\/guides\/wp-content\/uploads\/2022\/02\/assistante-maternelle--e1687185389781.jpeg 1125w, https:\/\/www.mes-allocs.fr\/guides\/wp-content\/uploads\/2022\/02\/assistante-maternelle--e1687185389781-300x51.jpeg 300w, https:\/\/www.mes-allocs.fr\/guides\/wp-content\/uploads\/2022\/02\/assistante-maternelle--e1687185389781-1024x174.jpeg 1024w, https:\/\/www.mes-allocs.fr\/guides\/wp-content\/uploads\/2022\/02\/assistante-maternelle--e1687185389781-768x130.jpeg 768w, https:\/\/www.mes-allocs.fr\/guides\/wp-content\/uploads\/2022\/02\/assistante-maternelle--e1687185389781-600x102.jpeg 600w\" sizes=\"auto, (max-width: 1125px) 100vw, 1125px\" \/><\/p>\n<p style=\"text-align: justify;\">[Mis \u00e0 jour le 12\/02\/2026] Le Compl\u00e9ment du libre choix du mode de garde est une <a href=\"https:\/\/www.mes-allocs.fr\/guides\/allocations-familiales\/\">allocation familiale<\/a> qui fait partie du dispositif de la PAJE. Le CMG peut \u00eatre attribu\u00e9 si vous placez votre enfant dans une cr\u00e8che. Dans cet article, nous allons voir le <strong>CMG pour une assistante maternelle<\/strong>.<\/p>\n<p style=\"text-align: justify;\"><div class='cta-block'><div class='text'>Simulez toutes vos Aides Sociales en 2 min. Gratuit.<\/div><a href='https:\/\/www.mes-allocs.fr\/ab-app?origin=guides\/wp-json\/wp\/v2\/posts\/45487' class='app-button fit'>Simulation gratuite<\/a><\/div><\/p>\n<h1 class=\"amp-wp-7d27179 amp-wp-7d27179\" style=\"text-align: justify;\" data-amp-original-style=\"text-align: justify;\"><span id=\"Le_complement_de_libre_choix_du_mode_de_garde\"><span class=\"amp-wp-fe3f5cc\" data-amp-original-style=\"font-weight: 400;\">Le compl\u00e9ment de libre choix du mode de garde : d\u00e9finition et application de l&rsquo;aide<\/span><\/span><\/h1>\n<h2 style=\"text-align: justify;\">D\u00e9finition de l&rsquo;aide<\/h2>\n<p class=\"amp-wp-7d27179 amp-wp-7d27179 amp-wp-7d27179\" style=\"text-align: justify;\" data-amp-original-style=\"text-align: justify;\"><span class=\"amp-wp-57c6437\" data-amp-original-style=\"font-size: 12pt;\">Le compl\u00e9ment de libre choix du Mode de Garde (CMG) est une subvention du large dispositif qu\u2019est la Prestation d\u2019Accueil du Jeune Enfant (PAJE). Ce dernier fait partie des prestations familiales qui vous sont allou\u00e9es par la Caisse d\u2019Allocation Familiale (CAF) ou la Mutualit\u00e9 Sociale Agricole (MSA), si vous d\u00e9pendez du r\u00e9gime agricole.\u00a0<\/span><\/p>\n<p class=\"amp-wp-7d27179 amp-wp-7d27179 amp-wp-7d27179\" style=\"text-align: justify;\" data-amp-original-style=\"text-align: justify;\"><span class=\"amp-wp-57c6437\" data-amp-original-style=\"font-size: 12pt;\">Le CMG est une prise en charge partielle ou totale des frais que vous engagez lorsque vous avez recours \u00e0 une assistante maternelle.<\/span><\/p>\n<p class=\"amp-wp-7d27179 amp-wp-7d27179 amp-wp-7d27179\" style=\"text-align: justify;\" data-amp-original-style=\"text-align: justify;\"><span class=\"amp-wp-57c6437\" data-amp-original-style=\"font-size: 12pt;\">L\u2019objectif de l\u2019aide familiale est de permettre aux jeunes m\u00e8res de continuer \u00e0 exercer leur activit\u00e9 professionnelle en les aidant \u00e0 faire garder leur enfant.<\/span><\/p>\n<p class=\"amp-wp-7d27179 amp-wp-7d27179 amp-wp-7d27179\" style=\"text-align: justify;\" data-amp-original-style=\"text-align: justify;\"><span class=\"amp-wp-fe3f5cc\" data-amp-original-style=\"font-weight: 400;\">Le montant maximal de compl\u00e9ment de libre choix du Mode de Garde est \u00e9tabli selon des plafonds de ressources qui varient en fonction du nombre d\u2019enfants qui sont \u00e0 votre charge. Le co\u00fbt horaire de la garde choisie et le nombre d&rsquo;heures de garde effectu\u00e9es par mois ont \u00e9galement un impact sur le calcul du montant de votre CMG.<\/span><\/p>\n<p class=\"amp-wp-7d27179 amp-wp-7d27179 amp-wp-7d27179\" style=\"text-align: justify;\" data-amp-original-style=\"text-align: justify;\"><span class=\"amp-wp-fe3f5cc\" data-amp-original-style=\"font-weight: 400;\">C\u2019est le revenu net cat\u00e9goriel (calcul\u00e9 par la somme de vos ressources diminu\u00e9es de vos charges et des abattements fiscaux dont vous b\u00e9n\u00e9ficiez) de l\u2019avant derni\u00e8re ann\u00e9e qui est pris en compte.<\/span><\/p>\n<p class=\"amp-wp-7d27179 amp-wp-7d27179\" style=\"text-align: justify;\" data-amp-original-style=\"text-align: justify;\">Pour l\u2019aide, il existe deux cas de figure. Soit vous embauchez vous-m\u00eame une assistante maternelle, soit vous passez par un organisme qui emploie plusieurs assistantes maternelles.<\/p>\n<h2 class=\"amp-wp-7d27179\" style=\"text-align: justify;\" data-amp-original-style=\"text-align: justify;\"><span id=\"En_cas_dembauche_directe\">En cas d\u2019embauche d&rsquo;une assistante maternelle<\/span><\/h2>\n<p class=\"amp-wp-7d27179\" style=\"text-align: justify;\" data-amp-original-style=\"text-align: justify;\">Dans ce cas de figure, vous employez directement une assistante maternelle. De fait, votre enfant sera gard\u00e9 \u00e0 son domicile. Sa r\u00e9mun\u00e9ration brute ne doit pas d\u00e9passer 60,10 <span class=\"prix\">\u20ac<\/span> par jour et par enfant gard\u00e9.\u00a0Le compl\u00e9ment d\u2019aide de la CAF prend en charge jusqu\u2019\u00e0 <span class=\"prix\">100 %<\/span> de la r\u00e9mun\u00e9ration.<\/p>\n<p class=\"amp-wp-7d27179\" style=\"text-align: justify;\" data-amp-original-style=\"text-align: justify;\">Concernant votre enfant, il doit avoir moins de 6 ans &#8211; ou maximum 12 ans si vous l&rsquo;\u00e9levez seul(e) &#8211; et il doit \u00eatre gard\u00e9 au moins 16 heures par mois.<\/p>\n<div class=\"bloc-edito bloc-aNoter amp-wp-7d27179\" style=\"text-align: justify;\" data-amp-original-style=\"text-align: justify;\">\n<p class=\"bloc-edito-title\" style=\"text-align: justify;\">Si vous \u00eates en couple, pour b\u00e9n\u00e9ficier du compl\u00e9ment de libre choix du mode de garde (CMG), vous devez travailler.<\/p>\n<div id=\"4aca3397-97ef-422d-a42a-33ef296f8cc7\" class=\"paragraphe \">\n<p>Sachez qu&rsquo;en tant en tant qu\u2019employeur d\u2019un assistant maternel agr\u00e9\u00e9, vous b\u00e9n\u00e9ficiez de certains avantages fiscaux tel qu&rsquo;un cr\u00e9dit d\u2019imp\u00f4t \u00e9gal \u00e0 50 % des d\u00e9penses effectivement support\u00e9es pour la garde d\u2019un enfant de moins de\u00a0 6 ans. Ces d\u00e9penses sont limit\u00e9es \u00e0 3 500\u20ac par an et par enfant gard\u00e9 (1 750\u20ac si garde altern\u00e9e).<\/p>\n<p>Par cons\u00e9quent, vous pouvez d\u00e9duire au maximum 1750 \u20ac par enfant (50% de 35 00\u20ac) et maximum 875 \u20ac pour un enfant en garde partag\u00e9e (50% de 1 750\u20ac).<\/p>\n<\/div>\n<div class='cta-block'><div class='text'>Simulez toutes vos Aides Sociales en 2 min. Gratuit.<\/div><a href='https:\/\/www.mes-allocs.fr\/ab-app?origin=guides\/wp-json\/wp\/v2\/posts\/45487' class='app-button fit'>Simulation gratuite<\/a><\/div>\n<h2 style=\"text-align: justify;\"><span id=\"Via_un_organisme\">Via un organisme<\/span><\/h2>\n<p style=\"text-align: justify;\">Pour avoir droit au CMG, vous devez faire appel \u00e0 une association ou une entreprise employant des assistantes maternelles agr\u00e9\u00e9es (votre enfant est gard\u00e9 au domicile de l\u2019assistante maternelle).<\/p>\n<p style=\"text-align: justify;\">L\u2019organisme doit \u00eatre habilit\u00e9 par les services du d\u00e9partement.\u00a0Le compl\u00e9ment de la CAF prend en charge jusqu\u2019\u00e0 <span class=\"prix\">85\u00a0%<\/span> des frais dus \u00e0 l\u2019organisme.<\/p>\n<h1>Conditions d&rsquo;attribution du CMG<\/h1>\n<p>Pour b\u00e9n\u00e9ficier de l&rsquo;aide, il faut r\u00e9pondre \u00e0 plusieurs conditions. Ces conditions peuvent concerner le revenus des parents ou encore l&rsquo;activit\u00e9 professionnelle.<\/p>\n<h2>Conditions de revenus<\/h2>\n<p>Pour b\u00e9n\u00e9ficier de l&rsquo;aide, il faut respecter certains plafonds de revenus. Si vous les d\u00e9passez, vous ne pouvez en b\u00e9n\u00e9ficier. Voici le tableau r\u00e9capitulatif des diff\u00e9rents plafonds.<\/p>\n\n<div class=\"wpdt-c row wpDataTableContainerSimpleTable wpDataTables wpDataTablesWrapper\n\"\n    >\n    <table id=\"wpdtSimpleTable-256\"\n           class=\"wpdtSimpleTable wpDataTable\"\n           data-column=\"4\"\n           data-rows=\"6\"\n           data-wpID=\"256\"\n           data-responsive=\"0\"\n           data-has-header=\"0\">\n\n                    <tbody>        <tr class=\"wpdt-cell-row \" >\n                            <td class=\"wpdt-cell wpdt-bc-F3F9FE wpdt-bold wpdt-merged-cell \"\n                 colspan=\"1\"  rowspan=\"2\"                 data-cell-id=\"A1\"\n                data-col-index=\"0\"\n                data-row-index=\"0\"\n                style=\" width:25.6038647343%;                padding:10px;\"\n                >\n                                Nombre d'enfants                <\/td>\n                                            <td class=\"wpdt-cell wpdt-bc-F3F9FE wpdt-bold wpdt-merged-cell \"\n                 colspan=\"3\"  rowspan=\"1\"                 data-cell-id=\"B1\"\n                data-col-index=\"1\"\n                data-row-index=\"0\"\n                style=\" width:71.497584541063%;                padding:10px;\"\n                >\n                                Plafonds de revenus pour un couple                <\/td>\n                                                                <\/tr>\n                            <tr class=\"wpdt-cell-row \" >\n                                        <td class=\"wpdt-cell wpdt-bc-FFFFFF wpdt-bold wpdt-align-center\"\n                                    data-cell-id=\"B2\"\n                data-col-index=\"1\"\n                data-row-index=\"1\"\n                style=\"                padding:10px;\"\n                >\n                                Tranche 1                <\/td>\n                                            <td class=\"wpdt-cell wpdt-bc-FFFFFF wpdt-bold\"\n                                    data-cell-id=\"C2\"\n                data-col-index=\"2\"\n                data-row-index=\"1\"\n                style=\"                padding:10px;\"\n                >\n                                Tranche 2                <\/td>\n                                            <td class=\"wpdt-cell wpdt-bold\"\n                                    data-cell-id=\"D2\"\n                data-col-index=\"3\"\n                data-row-index=\"1\"\n                style=\"                padding:10px;\"\n                >\n                                Tranche 3                <\/td>\n                                        <\/tr>\n                            <tr class=\"wpdt-cell-row \" >\n                            <td class=\"wpdt-cell \"\n                                    data-cell-id=\"A3\"\n                data-col-index=\"0\"\n                data-row-index=\"2\"\n                style=\"                padding:10px;\"\n                >\n                                1 enfant                <\/td>\n                                            <td class=\"wpdt-cell wpdt-tc-000000\"\n                                    data-cell-id=\"B3\"\n                data-col-index=\"1\"\n                data-row-index=\"2\"\n                style=\"                padding:10px;\"\n                >\n                                < 24 333\u00a0\u20ac                <\/td>\n                                            <td class=\"wpdt-cell wpdt-bc-FFFFFF wpdt-tc-000000\"\n                                    data-cell-id=\"C3\"\n                data-col-index=\"2\"\n                data-row-index=\"2\"\n                style=\"                padding:10px;\"\n                >\n                                \u2264 54 075\u00a0\u20ac                <\/td>\n                                            <td class=\"wpdt-cell wpdt-tc-000000\"\n                                    data-cell-id=\"D3\"\n                data-col-index=\"3\"\n                data-row-index=\"2\"\n                style=\"                padding:10px;\"\n                >\n                                > 54 075\u00a0\u20ac                <\/td>\n                                        <\/tr>\n                            <tr class=\"wpdt-cell-row \" >\n                            <td class=\"wpdt-cell \"\n                                    data-cell-id=\"A4\"\n                data-col-index=\"0\"\n                data-row-index=\"3\"\n                style=\"                padding:10px;\"\n                >\n                                2 enfants                <\/td>\n                                            <td class=\"wpdt-cell wpdt-tc-000000\"\n                                    data-cell-id=\"B4\"\n                data-col-index=\"1\"\n                data-row-index=\"3\"\n                style=\"                padding:10px;\"\n                >\n                                < 27 786\u00a0\u20ac                <\/td>\n                                            <td class=\"wpdt-cell wpdt-bc-FFFFFF wpdt-tc-000000\"\n                                    data-cell-id=\"C4\"\n                data-col-index=\"2\"\n                data-row-index=\"3\"\n                style=\"                padding:10px;\"\n                >\n                                \u2264 61 751\u00a0\u20ac                <\/td>\n                                            <td class=\"wpdt-cell wpdt-tc-000000\"\n                                    data-cell-id=\"D4\"\n                data-col-index=\"3\"\n                data-row-index=\"3\"\n                style=\"                padding:10px;\"\n                >\n                                > 61 751\u00a0\u20ac                <\/td>\n                                        <\/tr>\n                            <tr class=\"wpdt-cell-row \" >\n                            <td class=\"wpdt-cell \"\n                                    data-cell-id=\"A5\"\n                data-col-index=\"0\"\n                data-row-index=\"4\"\n                style=\"                padding:10px;\"\n                >\n                                3 enfants                <\/td>\n                                            <td class=\"wpdt-cell wpdt-tc-000000\"\n                                    data-cell-id=\"B5\"\n                data-col-index=\"1\"\n                data-row-index=\"4\"\n                style=\"                padding:10px;\"\n                >\n                                < 31 239\u00a0\u20ac                <\/td>\n                                            <td class=\"wpdt-cell wpdt-tc-000000\"\n                                    data-cell-id=\"C5\"\n                data-col-index=\"2\"\n                data-row-index=\"4\"\n                style=\"                padding:10px;\"\n                >\n                                \u2264 69 427\u00a0\u20ac                <\/td>\n                                            <td class=\"wpdt-cell wpdt-tc-000000\"\n                                    data-cell-id=\"D5\"\n                data-col-index=\"3\"\n                data-row-index=\"4\"\n                style=\"                padding:10px;\"\n                >\n                                > 69 427\u00a0\u20ac                <\/td>\n                                        <\/tr>\n                            <tr class=\"wpdt-cell-row \" >\n                            <td class=\"wpdt-cell \"\n                                    data-cell-id=\"A6\"\n                data-col-index=\"0\"\n                data-row-index=\"5\"\n                style=\"                padding:10px;\"\n                >\n                                Par enfant suppl\u00e9mentaire                <\/td>\n                                            <td class=\"wpdt-cell wpdt-tc-000000\"\n                                    data-cell-id=\"B6\"\n                data-col-index=\"1\"\n                data-row-index=\"5\"\n                style=\"                padding:10px;\"\n                >\n                                + 3 453 \u20ac                <\/td>\n                                            <td class=\"wpdt-cell wpdt-tc-000000\"\n                                    data-cell-id=\"C6\"\n                data-col-index=\"2\"\n                data-row-index=\"5\"\n                style=\"                padding:10px;\"\n                >\n                                + 7 676 \u20ac                <\/td>\n                                            <td class=\"wpdt-cell wpdt-tc-000000\"\n                                    data-cell-id=\"D6\"\n                data-col-index=\"3\"\n                data-row-index=\"5\"\n                style=\"                padding:10px;\"\n                >\n                                + 7 676 \u20ac                <\/td>\n                                        <\/tr>\n                    <\/table>\n<\/div><style id='wpdt-custom-style-256'>\ntable#wpdtSimpleTable-256{ table-layout: fixed !important; }\n.wpdt-bc-F3F9FE { background-color: #F3F9FE !important;}\n.wpdt-bc-FFFFFF { background-color: #FFFFFF !important;}\n.wpdt-tc-000000 { color: #000000 !important;}\n<\/style>\n\n<\/div>\n<h2 style=\"text-align: justify;\">Conditions d&rsquo;\u00e9ligibilit\u00e9<\/h2>\n<p style=\"text-align: justify;\">Pour \u00eatre \u00e9ligible au CMG, il y a des petites points a remplir :<\/p>\n<ul style=\"text-align: justify;\">\n<li>L\u2019enfant doit \u00eatre \u00e2g\u00e9 de moins de six ans\u2009(ou jusqu&rsquo;\u00e0 12 ans si vous l&rsquo;\u00e9levez seul(e));<\/li>\n<li>Le parent doit justifier de revenus professionnels sauf dans certains cas\u2009;<\/li>\n<li>L\u2019enfant doit \u00eatre gard\u00e9 \u00e0 domicile par une nourrice dont le salaire journalier brut ne d\u00e9passe pas 59,40 \u20ac ;<\/li>\n<li>La personne salari\u00e9e peut \u00eatre employ\u00e9e par vous ou par l\u2019interm\u00e9diaire d\u2019un organisme habilit\u00e9 par le conseil g\u00e9n\u00e9ral.<\/li>\n<li>En cr\u00e8che, votre enfant doit \u00eatre \u00e0 garder au moins 16 heures par mois<\/li>\n<\/ul>\n<p style=\"text-align: justify;\"><div class='cta-block'><div class='text'>Simulez toutes vos Aides Sociales en 2 min. Gratuit.<\/div><a href='https:\/\/www.mes-allocs.fr\/ab-app?origin=guides\/wp-json\/wp\/v2\/posts\/45487' class='app-button fit'>Simulation gratuite<\/a><\/div><\/p>\n<h3 style=\"text-align: justify;\"><span id=\"Conditions_liees_a_lactivite_professionnelle_des_parents\">Conditions li\u00e9es \u00e0 l\u2019activit\u00e9 professionnelle des parents<\/span><\/h3>\n<p style=\"text-align: justify;\">Concernant l&rsquo;activit\u00e9 professionnelle des parents, il faut \u00eatre une personne seule ou en couple et avoir une activit\u00e9 professionnelle. Si vous \u00eates en couple, vous ainsi que votre conjoint devez exercer une activit\u00e9 professionnelle. M\u00eame si vous n\u2019\u00eates pas salari\u00e9 (ex :entrepreneur).<\/p>\n<p style=\"text-align: justify;\">Vous pouvez faire une demande de compl\u00e9ment si vous percevez :<\/p>\n<ul style=\"text-align: justify;\">\n<li>Le \u00a0revenu de solidarit\u00e9 active (RSA)<\/li>\n<li>\u00a0L\u2019allocation de solidarit\u00e9 sp\u00e9cifique (ASS)<\/li>\n<li>\u00a0L\u2019allocation aux adultes handicap\u00e9s (AAH)<\/li>\n<li>Les titulaires de l\u2019allocation temporaire d\u2019attente (ATA)<\/li>\n<\/ul>\n<h1 class=\"amp-wp-7d27179\" style=\"text-align: justify;\" data-amp-original-style=\"text-align: justify;\"><span id=\"La_Prestation_dAccueil_du_Jeune_Enfant\"><span id=\"Quest-ce_que_la_PAJE\"><strong>La Prestation d&rsquo;Accueil du jeune Enfant<\/strong><\/span><\/span><\/h1>\n<h2 class=\"amp-wp-7d27179\" style=\"text-align: justify;\" data-amp-original-style=\"text-align: justify;\"><span id=\"Point_de_rappel\">Point de rappel<\/span><\/h2>\n<p class=\"amp-wp-7d27179\" style=\"text-align: justify;\" data-amp-original-style=\"text-align: justify;\"><span class=\"amp-wp-fe3f5cc\" data-amp-original-style=\"font-weight: 400;\">La prestation\u00a0<\/span><span class=\"___SText_1ft2c_swa-addon_\" data-ui-name=\"Tag.Text\">d&rsquo;accueil du jeune enfant\u00a0<\/span>(PAJE) est une prestation familiales et une aide financi\u00e8re destin\u00e9e \u00e0 aider une famille \u00e0 financer les d\u00e9penses li\u00e9es \u00e0 l\u2019entretien et \u00e0 l\u2019\u00e9ducation d\u00e8s la naissance de l\u2019enfant.<\/p>\n<p class=\"amp-wp-7d27179\" style=\"text-align: justify;\" data-amp-original-style=\"text-align: justify;\"><span class=\"amp-wp-fe3f5cc\" data-amp-original-style=\"font-weight: 400;\">Cette <a href=\"https:\/\/www.mes-allocs.fr\/guides\/wp-admin\/post.php?post=38818&amp;action=edit\">aide<\/a> est destin\u00e9e aux parents d\u2019 enfants n\u00e9s ou adopt\u00e9s.<\/span><\/p>\n<p class=\"amp-wp-7d27179\" style=\"text-align: justify;\" data-amp-original-style=\"text-align: justify;\"><span class=\"amp-wp-fe3f5cc\" data-amp-original-style=\"font-weight: 400;\">Depuis le 1er janvier 2015, elle est vers\u00e9e le mois suivant la naissance ou l\u2019adoption.<\/span><\/p>\n<p class=\"amp-wp-7d27179\" style=\"text-align: justify;\" data-amp-original-style=\"text-align: justify;\"><span class=\"amp-wp-fe3f5cc\" data-amp-original-style=\"font-weight: 400;\">Elle est vers\u00e9e une fois par mois par la Caisse d\u2019Allocations Familiales (CAF) ou la Mutualit\u00e9 Sociale Agricole (MSA) aux familles dont les revenus ne d\u00e9passent pas certains plafonds de ressources. Vous devez donc \u00eatre allocataire de l\u2019un de ces deux organismes pour en b\u00e9n\u00e9ficier.<\/span><\/p>\n<p><iframe loading=\"lazy\" title=\"La PAJE\" width=\"500\" height=\"281\" src=\"https:\/\/www.youtube.com\/embed\/seHoivZowu8?feature=oembed\" frameborder=\"0\" allow=\"accelerometer; autoplay; clipboard-write; encrypted-media; gyroscope; picture-in-picture; web-share\" referrerpolicy=\"strict-origin-when-cross-origin\" allowfullscreen><\/iframe><\/p>\n<h2 style=\"text-align: justify;\" data-amp-original-style=\"text-align: justify;\">Les diff\u00e9rentes aides<\/h2>\n<h3 class=\"amp-wp-7d27179 amp-wp-7d27179 amp-wp-7d27179\" style=\"text-align: justify;\" data-amp-original-style=\"text-align: justify;\"><span id=\"La_PreParE_De_quoi_parle-t-on\">La PreParE<\/span><\/h3>\n<p class=\"amp-wp-7d27179 amp-wp-7d27179 amp-wp-7d27179\" style=\"text-align: justify;\" data-amp-original-style=\"text-align: justify;\">La\u00a0<span class=\"___SText_tqx5m_gg_\" data-ui-name=\"Tag.Text\">prestation partag\u00e9e d\u2019\u00e9ducation de l\u2019enfant<\/span>\u00a0(PreParE) est une aide sociale vers\u00e9e par la CAF.<\/p>\n<p class=\"amp-wp-7d27179 amp-wp-7d27179 amp-wp-7d27179 amp-wp-7d27179\" style=\"text-align: justify;\" data-amp-original-style=\"text-align: justify;\"><span class=\"amp-wp-57c6437\" data-amp-original-style=\"font-size: 12pt;\">De mani\u00e8re concr\u00e8te, la PreParE vous aide \u00e0 prendre du temps pour profiter le plus possible de votre jeune enfant.\u00a0<\/span><span class=\"amp-wp-57c6437\" data-amp-original-style=\"font-size: 12pt;\">La prestation partag\u00e9e d\u2019\u00e9ducation de l\u2019enfant (PreParE) est une aide financi\u00e8re qui vous permet, que vous soyez parent isol\u00e9 ou en couple, de cesser ou de r\u00e9duire votre activit\u00e9 professionnelle dans le but de pouvoir passer du temps avec votre ou vos enfants \u00e2g\u00e9s de moins de 3 ans.<\/span><\/p>\n<p class=\"amp-wp-7d27179 amp-wp-7d27179 amp-wp-7d27179 amp-wp-7d27179\" style=\"text-align: justify;\" data-amp-original-style=\"text-align: justify;\"><span class=\"amp-wp-57c6437\" data-amp-original-style=\"font-size: 12pt;\">Cette aide fait partie de la Prestation d\u2019Accueil du Jeune Enfant (PAJE), qui elle-m\u00eame est un dispositif d\u2019aide de la\u00a0Caisse d\u2019Allocations Familiales et de la Mutualit\u00e9 Sociale Agricole (MSA).<\/span><\/p>\n<p class=\"amp-wp-7d27179 amp-wp-7d27179 amp-wp-7d27179\" style=\"text-align: justify;\" data-amp-original-style=\"text-align: justify;\">Il existe deux formes de PreParE :<\/p>\n<ul class=\"amp-wp-7d27179 amp-wp-7d27179 amp-wp-7d27179\" style=\"text-align: justify;\" data-amp-original-style=\"text-align: justify;\">\n<li data-amp-original-style=\"text-align: justify;\">La PreParE simple<\/li>\n<li data-amp-original-style=\"text-align: justify;\">La PreParE major\u00e9e<\/li>\n<\/ul>\n<p class=\"amp-wp-7d27179 amp-wp-7d27179 amp-wp-7d27179\" style=\"text-align: justify;\" data-amp-original-style=\"text-align: justify;\">La PreParE major\u00e9e donne droit \u00e0 un montant sup\u00e9rieur \u00e0 celui de la PreParE mais est vers\u00e9e moins longtemps que la PreParE (simple). Ce choix est disponible pour les m\u00e9nages ayant au moins trois enfants \u00e0 charge.<\/p>\n<p style=\"text-align: justify;\"><div class='cta-block'><div class='text'>Simulez toutes vos Aides Sociales en 2 min. Gratuit.<\/div><a href='https:\/\/www.mes-allocs.fr\/ab-app?origin=guides\/wp-json\/wp\/v2\/posts\/45487' class='app-button fit'>Simulation gratuite<\/a><\/div><\/p>\n<h3 style=\"text-align: justify;\"><b>La prime de naissance\u00a0<\/b><\/h3>\n<p style=\"text-align: justify;\"><span style=\"font-weight: 400;\">La prime de naissance est une aide financi\u00e8re qui vise \u00e0 permettre aux futurs parents ou aux familles monoparentales de faire face aux d\u00e9penses li\u00e9es \u00e0 la naissance ou \u00e0 l\u2019adoption d\u2019un enfant. Cette aide fait partie d\u2019un ensemble d\u2019aides \u00e0 la famille et appartient au dispositif d\u2019aides PAJE (Prestation d\u2019Accueil du Jeune Enfant) de la CAF.<\/span><\/p>\n<p style=\"text-align: justify;\"><span style=\"font-weight: 400;\">Cette prime \u00e0 l\u2019adoption ou \u00e0 la naissance est vers\u00e9e par la CAF pour faire face aux frais li\u00e9es \u00e0\u00a0 l\u2019arriv\u00e9e de votre enfant dans le foyer. Cette allocation est attribu\u00e9e jusqu\u2019aux 3 ans de l\u2019enfant et perdure jusqu\u2019\u00e0 l\u2019\u00e2ge de 20 ans dans le cas d\u2019une adoption.<\/span><\/p>\n<p style=\"text-align: justify;\"><span style=\"font-weight: 400;\">La prime de naissance est disponible pour les personnes qui viennent d\u2019accueillir un enfant au sein du foyer. Cela peut \u00eatre via une naissance ou bien une adoption.\u00a0<\/span><\/p>\n<p style=\"text-align: justify;\"><span style=\"font-weight: 400;\">Si vous b\u00e9n\u00e9ficiez d\u00e9j\u00e0 d\u2019autres allocations de la CAF, vous devez faire parvenir \u00e0 votre CAF dans les 24 premi\u00e8res semaines de grossesse, la d\u00e9claration de grossesse que vous aurez obtenu avec votre caisse d\u2019assurance maladie. Par contre, si vous n\u2019\u00eates pas allocataire de la CAF, vous devez vous rendre dans votre caisse d\u2019allocation familiale ou aller sur le site pour compl\u00e9ter le formulaire de d\u00e9claration de ressources et de situation.<\/span><\/p>\n<p>Jusqu&rsquo;au 1er Avril 2026, la prime de naissance est de 1 084,44 euros net pour une grossesse. En revanche, elle est de 2 168,89 euros net pour une adoption.<\/p>\n<p class=\"amp-wp-7d27179\" style=\"text-align: justify;\" data-amp-original-style=\"text-align: justify;\">Si vous avez une grossesse multiple ou si vous adoptez plusieurs enfants, la prime est multipli\u00e9e en fonction du nombre d\u2019enfants.\u00a0Le versement intervient au cours du 7\u00e8me mois de grossesse.\u00a0Dans le cas d\u2019une adoption, la prime est vers\u00e9e dans le mois qui suit l\u2019arriv\u00e9e de l\u2019enfant dans votre foyer.<\/p>\n<div id=\"quand-recoit-on-la-prime-de-naissance\" class=\"ce_text block\" style=\"text-align: justify;\">\n<p>La prime \u00e0 la naissance est vers\u00e9e avant la fin du dernier jour du 2<sup>\u00e8me<\/sup>\u00a0mois suivant la naissance ou la justification de la fin de grossesse. Elle est vers\u00e9e une seule fois par mois. \u00a0Si les parents per\u00e7oivent l\u2019allocation de base de la PAJE, les 2 prestations sont vers\u00e9es en m\u00eame temps. La prime \u00e0 la naissance est vers\u00e9e par la CAF ou la MSA dont d\u00e9pend l\u2019allocataire.<\/p>\n<\/div>\n<div style=\"text-align: justify;\"><div class='cta-block'><div class='text'>Simulez toutes vos Aides Sociales en 2 min. Gratuit.<\/div><a href='https:\/\/www.mes-allocs.fr\/ab-app?origin=guides\/wp-json\/wp\/v2\/posts\/45487' class='app-button fit'>Simulation gratuite<\/a><\/div><\/div>\n","protected":false},"excerpt":{"rendered":"<p>[Mis \u00e0 jour le 12\/02\/2026] Le Compl\u00e9ment du libre choix du mode de garde est une allocation familiale qui fait partie du dispositif de la PAJE. Le CMG peut \u00eatre attribu\u00e9 si vous placez votre enfant dans une cr\u00e8che. Dans cet article, nous allons voir le CMG pour une assistante maternelle. Le compl\u00e9ment de libre [&hellip;]<\/p>\n","protected":false},"author":6,"featured_media":45492,"comment_status":"open","ping_status":"open","sticky":false,"template":"","format":"standard","meta":{"amp_status":"","footnotes":""},"categories":[10,9803,11],"tags":[],"class_list":["post-45487","post","type-post","status-publish","format-standard","has-post-thumbnail","hentry","category-allocations-familiales","category-complement-libre-choix-mode-de-garde","category-paje"],"yoast_head":"<!-- This site is optimized with the Yoast SEO plugin v14.9 - https:\/\/yoast.com\/wordpress\/plugins\/seo\/ -->\n<title>CMG et paiement d&#039;une assistante maternelle : comment \u00e7a marche ?<\/title>\n<meta name=\"description\" content=\"Si vous employez une assistante maternelle, vous pouvez b\u00e9n\u00e9ficier du CMG comme aide. Mes Allocs vous en dit plus ici.\" \/>\n<meta name=\"robots\" content=\"index, follow, max-snippet:-1, max-image-preview:large, max-video-preview:-1\" \/>\n<link rel=\"canonical\" href=\"https:\/\/www.mes-allocs.fr\/guides\/allocations-familiales\/paje\/complement-libre-choix-mode-de-garde\/cmg-assistante-maternelle\/\" \/>\n<meta property=\"og:locale\" content=\"fr_FR\" \/>\n<meta property=\"og:type\" content=\"article\" \/>\n<meta property=\"og:title\" content=\"CMG et paiement d&#039;une assistante maternelle : comment \u00e7a marche ?\" \/>\n<meta property=\"og:description\" content=\"Si vous employez une assistante maternelle, vous pouvez b\u00e9n\u00e9ficier du CMG comme aide. Mes Allocs vous en dit plus ici.\" \/>\n<meta property=\"og:url\" content=\"https:\/\/www.mes-allocs.fr\/guides\/allocations-familiales\/paje\/complement-libre-choix-mode-de-garde\/cmg-assistante-maternelle\/\" \/>\n<meta property=\"og:site_name\" content=\"Mes-Allocs.fr\" \/>\n<meta property=\"article:published_time\" content=\"2022-03-02T17:08:19+00:00\" \/>\n<meta property=\"article:modified_time\" content=\"2026-02-12T15:48:11+00:00\" \/>\n<meta property=\"og:image\" content=\"https:\/\/www.mes-allocs.fr\/guides\/wp-content\/uploads\/2022\/02\/assistante-maternelle--e1687185389781.jpeg?wsr\" \/>\n\t<meta property=\"og:image:width\" content=\"1125\" \/>\n\t<meta property=\"og:image:height\" content=\"191\" \/>\n<meta name=\"twitter:card\" content=\"summary_large_image\" \/>\n<script type=\"application\/ld+json\" class=\"yoast-schema-graph\">{\"@context\":\"https:\/\/schema.org\",\"@graph\":[{\"@type\":\"WebSite\",\"@id\":\"https:\/\/www.mes-allocs.fr\/guides\/#website\",\"url\":\"https:\/\/www.mes-allocs.fr\/guides\/\",\"name\":\"Mes-Allocs.fr\",\"description\":\"\",\"potentialAction\":[{\"@type\":\"SearchAction\",\"target\":\"https:\/\/www.mes-allocs.fr\/guides\/?s={search_term_string}\",\"query-input\":\"required name=search_term_string\"}],\"inLanguage\":\"fr-FR\"},{\"@type\":\"ImageObject\",\"@id\":\"https:\/\/www.mes-allocs.fr\/guides\/allocations-familiales\/paje\/complement-libre-choix-mode-de-garde\/cmg-assistante-maternelle\/#primaryimage\",\"inLanguage\":\"fr-FR\",\"url\":\"https:\/\/www.mes-allocs.fr\/guides\/wp-content\/uploads\/2022\/02\/assistante-maternelle--e1687185389781.jpeg?wsr\",\"width\":1125,\"height\":191,\"caption\":\"assistante maternelle compl\\u00e9ment libre choix du mode de garde\"},{\"@type\":\"WebPage\",\"@id\":\"https:\/\/www.mes-allocs.fr\/guides\/allocations-familiales\/paje\/complement-libre-choix-mode-de-garde\/cmg-assistante-maternelle\/#webpage\",\"url\":\"https:\/\/www.mes-allocs.fr\/guides\/allocations-familiales\/paje\/complement-libre-choix-mode-de-garde\/cmg-assistante-maternelle\/\",\"name\":\"CMG et paiement d'une assistante maternelle : comment \\u00e7a marche ?\",\"isPartOf\":{\"@id\":\"https:\/\/www.mes-allocs.fr\/guides\/#website\"},\"primaryImageOfPage\":{\"@id\":\"https:\/\/www.mes-allocs.fr\/guides\/allocations-familiales\/paje\/complement-libre-choix-mode-de-garde\/cmg-assistante-maternelle\/#primaryimage\"},\"datePublished\":\"2022-03-02T17:08:19+00:00\",\"dateModified\":\"2026-02-12T15:48:11+00:00\",\"author\":{\"@id\":\"https:\/\/www.mes-allocs.fr\/guides\/#\/schema\/person\/0ecd61a8600573914d00d970a588c024\"},\"description\":\"Si vous employez une assistante maternelle, vous pouvez b\\u00e9n\\u00e9ficier du CMG comme aide. Mes Allocs vous en dit plus ici.\",\"inLanguage\":\"fr-FR\"},{\"@type\":\"Person\",\"@id\":\"https:\/\/www.mes-allocs.fr\/guides\/#\/schema\/person\/0ecd61a8600573914d00d970a588c024\",\"name\":\"Jonathan\",\"image\":{\"@type\":\"ImageObject\",\"@id\":\"https:\/\/www.mes-allocs.fr\/guides\/#personlogo\",\"inLanguage\":\"fr-FR\",\"url\":\"https:\/\/www.mes-allocs.fr\/guides\/wp-content\/uploads\/2021\/06\/jonathan-150x150.png\",\"caption\":\"Jonathan\"},\"description\":\"Jonathan est r\\u00e9dacteur au sein de l'\\u00e9quipe Mes Allocs, sp\\u00e9cialis\\u00e9 sur les sujets li\\u00e9s au handicap. Dipl\\u00f4m\\u00e9e de l'UPEM, il rejoint Mes Allocs apr\\u00e8s avoir travaill\\u00e9 \\u00e0 l'association AEDE qui accompagne les adultes en situation de handicap. Quand il n'\\u00e9crit pas, on peut le retrouver sur un terrain de basket.\",\"sameAs\":[\"https:\/\/www.linkedin.com\/in\/jonathan-bambela-8637861b7\"]}]}<\/script>\n<!-- \/ Yoast SEO plugin. -->","amp_validity":null,"acf":{"faq":{"1":{"question":"Quand prend fin le versement du compl\u00e9ment familial ?","answer":"Vous ne pourrez plus b\u00e9n\u00e9ficier de l'aide dans les cas suivants : \r\n- vous n'avez plus 3 enfants \u00e0 charge\r\n- en cas de naissance ou d'adoption d'un enfant \u00e2g\u00e9 de moins de 3 ans\r\n- si vous percevez l'allocation de base, le compl\u00e9ment libre choix d'activit\u00e9 ou de la prestation partag\u00e9e d'\u00e9ducation de l'enfant de la\u00a0Paje pour un nouvel enfant.\r\n"},"2":{"question":"Quand re\u00e7oit-on prime de naissance ?","answer":"Le versement de la prime de naissance est avanc\u00e9 d\u00e8s le 7e mois de grossesse, au lieu d'un versement au plus tard le dernier jour du deuxi\u00e8me mois qui suit la naissance de l'enfant."},"3":{"question":"Cette prime varie-t-elle selon les statuts ?","answer":"Oui, selon si vous avez un seul ou deux revenus dans votre foyer, le plafond de l'aide va varier."},"4":{"question":"Qu'est ce que la prime de naissance ?","answer":"La prime de naissance (ou prime \u00e0 l'adoption) est une aide financi\u00e8re vers\u00e9e par la Caisse d'allocations familiales (CAF) ou la Mutualit\u00e9 sociale agricole (MSA) une seule fois pour chaque enfant apr\u00e8s leur naissance."},"5":{"question":"Comment demander la PreParE ?","answer":"Vous devez remplir un formulaire et fournir certaines pi\u00e8ces justificatives \u00e0 la Caisse d\u2019Allocations Familiales (CAF) ou \u00e0 la Mutualit\u00e9 Sociale Agricole (MSA)."},"6":{"question":"Quelles diff\u00e9rence entre la PreParE simple et major\u00e9e ?","answer":"La PreParE major\u00e9e donne droit \u00e0 un montant sup\u00e9rieur \u00e0 celui de la PreParE mais est vers\u00e9e moins longtemps que la PreParE simple."},"7":{"question":"","answer":""},"8":{"question":"","answer":""},"9":{"question":"","answer":""},"10":{"question":"","answer":""},"11":{"question":"","answer":""},"12":{"question":"","answer":""},"13":{"question":"","answer":""},"14":{"question":"","answer":""},"15":{"question":"","answer":""},"16":{"question":"","answer":""}}},"_links":{"self":[{"href":"https:\/\/www.mes-allocs.fr\/guides\/wp-json\/wp\/v2\/posts\/45487","targetHints":{"allow":["GET"]}}],"collection":[{"href":"https:\/\/www.mes-allocs.fr\/guides\/wp-json\/wp\/v2\/posts"}],"about":[{"href":"https:\/\/www.mes-allocs.fr\/guides\/wp-json\/wp\/v2\/types\/post"}],"author":[{"embeddable":true,"href":"https:\/\/www.mes-allocs.fr\/guides\/wp-json\/wp\/v2\/users\/6"}],"replies":[{"embeddable":true,"href":"https:\/\/www.mes-allocs.fr\/guides\/wp-json\/wp\/v2\/comments?post=45487"}],"version-history":[{"count":20,"href":"https:\/\/www.mes-allocs.fr\/guides\/wp-json\/wp\/v2\/posts\/45487\/revisions"}],"predecessor-version":[{"id":109022,"href":"https:\/\/www.mes-allocs.fr\/guides\/wp-json\/wp\/v2\/posts\/45487\/revisions\/109022"}],"wp:featuredmedia":[{"embeddable":true,"href":"https:\/\/www.mes-allocs.fr\/guides\/wp-json\/wp\/v2\/media\/45492"}],"wp:attachment":[{"href":"https:\/\/www.mes-allocs.fr\/guides\/wp-json\/wp\/v2\/media?parent=45487"}],"wp:term":[{"taxonomy":"category","embeddable":true,"href":"https:\/\/www.mes-allocs.fr\/guides\/wp-json\/wp\/v2\/categories?post=45487"},{"taxonomy":"post_tag","embeddable":true,"href":"https:\/\/www.mes-allocs.fr\/guides\/wp-json\/wp\/v2\/tags?post=45487"}],"curies":[{"name":"wp","href":"https:\/\/api.w.org\/{rel}","templated":true}]}}