{"id":45462,"date":"2022-03-02T16:14:25","date_gmt":"2022-03-02T14:14:25","guid":{"rendered":"https:\/\/www.mes-allocs.fr\/guides\/?p=45462"},"modified":"2026-01-07T18:40:43","modified_gmt":"2026-01-07T17:40:43","slug":"agence-immobiliere-qui-accepte-apl","status":"publish","type":"post","link":"https:\/\/www.mes-allocs.fr\/guides\/aide-logement\/apl\/agence-immobiliere-qui-accepte-apl\/","title":{"rendered":"Agence immobili\u00e8re et APL"},"content":{"rendered":"<p><img loading=\"lazy\" decoding=\"async\" class=\"aligncenter wp-image-45463 size-full\" title=\"cles maison\" src=\"https:\/\/www.mes-allocs.fr\/guides\/wp-content\/uploads\/2022\/02\/cles-maison-1-e1645523706409.jpeg\" alt=\"agence immobili\u00e8re apl\" width=\"1125\" height=\"317\" \/><\/p>\n<p style=\"text-align: justify;\">[Mis \u00e0 jour le 07\/01\/2026] L&rsquo;<a href=\"https:\/\/www.mes-allocs.fr\/guides\/aide-logement\/apl\/\">Aide Personnalis\u00e9e au Logement (APL)<\/a> est une aide au logement distribu\u00e9e par la CAF. Elle est attribu\u00e9e selon certaines conditions. Dans cet article, nous allons voir le lien entre les agences immobili\u00e8res et l&rsquo;APL.<\/p>\n<div class='cta-block'><div class='text'>Simulez toutes vos aides en 2 min.<\/div><a href='https:\/\/www.mes-allocs.fr\/ab-app?origin=guides\/wp-json\/wp\/v2\/posts\/45462' class='app-button fit'>Simulation gratuite<\/a><\/div>\n<h1 style=\"text-align: justify;\"><span id=\"Quest-ce_que_lAPL\">Qu\u2019est-ce que l\u2019APL ?<\/span><\/h1>\n<h2 style=\"text-align: justify;\">D\u00e9finition de l&rsquo;aide<\/h2>\n<p style=\"text-align: justify;\"><span class=\"amp-wp-fe3f5cc\" data-amp-original-style=\"font-weight: 400;\">L&rsquo;aide au logement CAF repr\u00e9sente trois aides financi\u00e8res diff\u00e9rentes qui sont l\u2019<\/span><a href=\"https:\/\/www.mes-allocs.fr\/guides\/aide-logement\/apl\/\"><span class=\"amp-wp-fe3f5cc\" data-amp-original-style=\"font-weight: 400;\">Aide Personnalis\u00e9e au Logement<\/span><\/a><span class=\"amp-wp-fe3f5cc\" data-amp-original-style=\"font-weight: 400;\">, l\u2019<\/span><span class=\"amp-wp-fe3f5cc\" data-amp-original-style=\"font-weight: 400;\">Allocation de Logement Social<\/span><span class=\"amp-wp-fe3f5cc\" data-amp-original-style=\"font-weight: 400;\">\u00a0(ALS) et enfin l\u2019<\/span><span class=\"amp-wp-fe3f5cc\" data-amp-original-style=\"font-weight: 400;\">Allocation de Logement Familial<\/span><span class=\"amp-wp-fe3f5cc\" data-amp-original-style=\"font-weight: 400;\">\u00a0(ALF).\u00a0<\/span><\/p>\n<p style=\"text-align: justify;\"><span class=\"amp-wp-fe3f5cc\" data-amp-original-style=\"font-weight: 400;\">Les droits estim\u00e9s varient selon la situation personnelle de chaque demandeur. Les conditions d\u2019attribution retenues pour les APL sont principalement les suivantes :<\/span><\/p>\n<ul style=\"text-align: justify;\">\n<li class=\"amp-wp-fe3f5cc\" data-amp-original-style=\"font-weight: 400;\"><span class=\"amp-wp-fe3f5cc\" data-amp-original-style=\"font-weight: 400;\">La situation familiale du foyer ;<\/span><\/li>\n<li class=\"amp-wp-fe3f5cc\" data-amp-original-style=\"font-weight: 400;\"><span class=\"amp-wp-fe3f5cc\" data-amp-original-style=\"font-weight: 400;\">La situation professionnelle de chaque membre du foyer ;<img loading=\"lazy\" decoding=\"async\" class=\"alignright wp-image-45468\" title=\"quartier\" src=\"https:\/\/www.mes-allocs.fr\/guides\/wp-content\/uploads\/2022\/02\/quartier.jpeg\" alt=\"agence immobili\u00e8re apl\" width=\"430\" height=\"242\" srcset=\"https:\/\/www.mes-allocs.fr\/guides\/wp-content\/uploads\/2022\/02\/quartier.jpeg 1260w, https:\/\/www.mes-allocs.fr\/guides\/wp-content\/uploads\/2022\/02\/quartier-300x169.jpeg 300w, https:\/\/www.mes-allocs.fr\/guides\/wp-content\/uploads\/2022\/02\/quartier-1024x576.jpeg 1024w, https:\/\/www.mes-allocs.fr\/guides\/wp-content\/uploads\/2022\/02\/quartier-768x432.jpeg 768w, https:\/\/www.mes-allocs.fr\/guides\/wp-content\/uploads\/2022\/02\/quartier-600x338.jpeg 600w\" sizes=\"auto, (max-width: 430px) 100vw, 430px\" \/><\/span><\/li>\n<li class=\"amp-wp-fe3f5cc\" data-amp-original-style=\"font-weight: 400;\"><span class=\"amp-wp-fe3f5cc\" data-amp-original-style=\"font-weight: 400;\">Les conditions de ressources de l\u2019ensemble du foyer ;<\/span><\/li>\n<li class=\"amp-wp-fe3f5cc\" data-amp-original-style=\"font-weight: 400;\"><span class=\"amp-wp-fe3f5cc\" data-amp-original-style=\"font-weight: 400;\">Le montant du loyer hors charges ou les mensualit\u00e9s d\u2019un pr\u00eat immobilier ;<\/span><\/li>\n<li class=\"amp-wp-fe3f5cc\" data-amp-original-style=\"font-weight: 400;\"><span class=\"amp-wp-fe3f5cc\" data-amp-original-style=\"font-weight: 400;\">Le type de logement (appartement, conventionn\u00e9, etc.) ;<\/span><\/li>\n<li class=\"amp-wp-fe3f5cc\" data-amp-original-style=\"font-weight: 400;\"><span class=\"amp-wp-fe3f5cc\" data-amp-original-style=\"font-weight: 400;\">La zone g\u00e9ographique dans laquelle se situe le logement.<\/span><\/li>\n<\/ul>\n<p style=\"text-align: justify;\">Depuis le 1\u1d49\u02b3 janvier 2021, les ressources prises en compte pour l\u2019APL sont celles des 12 derniers mois.<\/p>\n<p><iframe loading=\"lazy\" title=\"YouTube video player\" src=\"\/\/www.youtube.com\/embed\/dfDRI2qg_z4\" width=\"560\" height=\"315\" frameborder=\"0\" allowfullscreen=\"allowfullscreen\"><\/iframe><\/p>\n<div class='cta-block'><div class='text'>Simulez toutes vos Aides en 2 min.<\/div><a href='https:\/\/www.mes-allocs.fr\/ab-app?origin=guides\/wp-json\/wp\/v2\/posts\/45462' class='app-button fit'>Simulation gratuite<\/a><\/div>\n<h2 style=\"text-align: justify;\">L&rsquo;ALF<\/h2>\n<div style=\"text-align: justify;\">\n<div id=\"intro\" class=\"lead\">\n<p>L&rsquo;allocation de logement familiale (ALF) est une aide financi\u00e8re destin\u00e9e \u00e0 r\u00e9duire le montant de votre loyer. Elle est vers\u00e9e en raison de votre situation familiale (vous touchez des prestations familiales, vous avez des personnes \u00e0 charge&#8230;). Les conditions diff\u00e8rent selon que vous relevez du r\u00e9gime g\u00e9n\u00e9ral de la caisse d&rsquo;allocations familiales (Caf) ou du r\u00e9gime agricole de la mutualit\u00e9 sociale agricole (MSA).<\/p>\n<p class=\"amp-wp-7d27179\" data-amp-original-style=\"text-align: justify;\"><span class=\"amp-wp-fe3f5cc\" data-amp-original-style=\"font-weight: 400;\">Vous pouvez b\u00e9n\u00e9ficier de l\u2019Allocation de Logement Familiale si vous \u00eates locataire ou colocataire.<\/span> <span class=\"amp-wp-fe3f5cc\" data-amp-original-style=\"font-weight: 400;\">Vous pouvez \u00e9galement acc\u00e9der \u00e0 l\u2019ALF si vous r\u00e9sidez en foyer d\u2019h\u00e9bergement, telle qu\u2019une \u00c9hpad ou une r\u00e9sidence autonomie.<\/span><\/p>\n<p class=\"amp-wp-7d27179\" data-amp-original-style=\"text-align: justify;\"><span class=\"amp-wp-fe3f5cc\" data-amp-original-style=\"font-weight: 400;\">Si vous \u00eates en accession \u00e0 la propri\u00e9t\u00e9, vous ne pouvez plus b\u00e9n\u00e9ficier de l\u2019ALF si votre pr\u00eat fut sign\u00e9 apr\u00e8s le 1<\/span><span class=\"amp-wp-fe3f5cc\" data-amp-original-style=\"font-weight: 400;\">er<\/span><span class=\"amp-wp-fe3f5cc\" data-amp-original-style=\"font-weight: 400;\"> janvier 2018. Cependant, si votre demande de pr\u00eat a \u00e9t\u00e9 effectu\u00e9e avant le 31 d\u00e9cembre 2017, et que votre pr\u00eat a \u00e9t\u00e9 sign\u00e9 avant le 31 janvier 2018, vous pouvez b\u00e9n\u00e9ficier de l\u2019ALF.<\/span><\/p>\n<p class=\"amp-wp-7d27179\" data-amp-original-style=\"text-align: justify;\"><span class=\"amp-wp-fe3f5cc\" data-amp-original-style=\"font-weight: 400;\">L\u2019ALF est attribu\u00e9e uniquement pour votre r\u00e9sidence principale (le logement doit \u00eatre votre r\u00e9sidence principale au moment de la demande d\u2019aide).<\/span><\/p>\n<\/div>\n<h2 data-amp-original-style=\"text-align: justify;\">L&rsquo;ALS<\/h2>\n<div>\n<div id=\"intro\" class=\"lead\">\n<p>L&rsquo;allocation de logement sociale (ALS) est une aide financi\u00e8re destin\u00e9e \u00e0 r\u00e9duire le montant de votre loyer (ou de votre redevance si vous \u00eates r\u00e9sident en foyer). Elle est vers\u00e9e si vous ne pouvez pr\u00e9tendre ni \u00e0 l&rsquo;aide personnalis\u00e9e au logement (APL), ni \u00e0 l&rsquo;allocation de logement familiale (ALF). Les conditions d&rsquo;attribution diff\u00e8rent selon que vous \u00eates en location ou que vous r\u00e9sidez en foyer.<\/p>\n<p class=\"amp-wp-7d27179\" data-amp-original-style=\"text-align: justify;\"><span class=\"amp-wp-fe3f5cc\" data-amp-original-style=\"font-weight: 400;\">Vous pouvez b\u00e9n\u00e9ficier de l\u2019allocation de logement sociale pour votre r\u00e9sidence principale. Votre logement doit \u00e9galement \u00eatre d\u00e9cent et respecter les conditions minimales d\u2019occupation (comprenez : surface minimale, salubrit\u00e9\u2026). <\/span><\/p>\n<p class=\"amp-wp-7d27179\" data-amp-original-style=\"text-align: justify;\"><span class=\"amp-wp-fe3f5cc\" data-amp-original-style=\"font-weight: 400;\">Ainsi, votre logement devra poss\u00e9der une surface minimale de 9 m\u00b2 si vous \u00eates seul. 16 m\u00b2 si vous vivez avec un partenaire. Comptez 7m\u00b2 suppl\u00e9mentaire pour tout occupant suppl\u00e9mentaire. D\u2019autres conditions peuvent \u00eatre li\u00e9es \u00e0 l\u2019\u00e2ge de votre logement, ancien ou neuf.\u00a0<\/span><\/p>\n<\/div>\n<\/div>\n<\/div>\n<h1 style=\"text-align: justify;\"><span id=\"Comment_est_calcule_lAPL_en_2021\">Comment est calcul\u00e9 l\u2019APL en 2026 ?<\/span><\/h1>\n<h2 style=\"text-align: justify;\">Le mode de calcul de l&rsquo;APL<\/h2>\n<p style=\"text-align: justify;\">Le 1er janvier 2021 est entr\u00e9e en vigueur la r\u00e9forme des APL qui change consid\u00e9rablement le mode de calcul des APL. Avant cette date, vos revenus ann\u00e9e N-2 \u00e9taient pris en compte, depuis le 1er janvier, l\u2019APL est calcul\u00e9e sur les revenus des 12 derniers mois. Ce nouveau mode de calcul mis en place de l\u2019aide personnalis\u00e9e au logement APL a \u00e9t\u00e9 rendu possible gr\u00e2ce au pr\u00e9l\u00e8vement \u00e0 la source.<\/p>\n<p style=\"text-align: justify;\"><span class=\"amp-wp-fe3f5cc\" data-amp-original-style=\"font-weight: 400;\">Les r\u00e8gles de calcul des aides personnalis\u00e9es au logement semblent de prime abord assez complexes.\u00a0<\/span><\/p>\n<p style=\"text-align: justify;\"><span class=\"amp-wp-fe3f5cc\" data-amp-original-style=\"font-weight: 400;\">En effet, le calcul se formule de la mani\u00e8re suivante :\u00a0<\/span>APL = L+C-PP<span class=\"amp-wp-fe3f5cc\" data-amp-original-style=\"font-weight: 400;\">.<\/span><\/p>\n<p style=\"text-align: justify;\"><span class=\"amp-wp-fe3f5cc\" data-amp-original-style=\"font-weight: 400;\">A savoir que :<\/span><\/p>\n<ul style=\"text-align: justify;\">\n<li class=\"amp-wp-fe3f5cc\" data-amp-original-style=\"font-weight: 400;\"><span class=\"amp-wp-fe3f5cc\" data-amp-original-style=\"font-weight: 400;\">L = loyer principal mensuel ;<\/span><\/li>\n<li class=\"amp-wp-fe3f5cc\" data-amp-original-style=\"font-weight: 400;\"><span class=\"amp-wp-fe3f5cc\" data-amp-original-style=\"font-weight: 400;\">C =\u00a0 le montant forfaitaire des charges ;<\/span><\/li>\n<li class=\"amp-wp-fe3f5cc\" data-amp-original-style=\"font-weight: 400;\"><span class=\"amp-wp-fe3f5cc\" data-amp-original-style=\"font-weight: 400;\">PP = la participation personnelle des membres du foyer \u00e0 la d\u00e9pense du logement.<\/span><\/li>\n<\/ul>\n<p style=\"text-align: justify;\"><span class=\"amp-wp-fe3f5cc\" data-amp-original-style=\"font-weight: 400;\">La participation personnelle est elle-m\u00eame calculable comme suit :\u00a0<\/span>PP = P0 + TP x RP<span class=\"amp-wp-fe3f5cc\" data-amp-original-style=\"font-weight: 400;\">.\u00a0<\/span><\/p>\n<p style=\"text-align: justify;\"><span class=\"amp-wp-fe3f5cc\" data-amp-original-style=\"font-weight: 400;\">A savoir que :<\/span><\/p>\n<ul style=\"text-align: justify;\">\n<li class=\"amp-wp-fe3f5cc\" data-amp-original-style=\"font-weight: 400;\"><span class=\"amp-wp-fe3f5cc\" data-amp-original-style=\"font-weight: 400;\">P0 = la participation minimale du locataire ;<\/span><\/li>\n<li class=\"amp-wp-fe3f5cc\" data-amp-original-style=\"font-weight: 400;\"><span class=\"amp-wp-fe3f5cc\" data-amp-original-style=\"font-weight: 400;\">TP = le taux de participation personnelle ;<\/span><\/li>\n<li class=\"amp-wp-fe3f5cc\" data-amp-original-style=\"font-weight: 400;\"><span class=\"amp-wp-fe3f5cc\" data-amp-original-style=\"font-weight: 400;\">RP = la diff\u00e9rence entre les ressources du b\u00e9n\u00e9ficiaire et un montant forfaitaire.<\/span><\/li>\n<\/ul>\n<div class='cta-block'><div class='text'>Simulez toutes vos Aides en 2 min.<\/div><a href='https:\/\/www.mes-allocs.fr\/ab-app?origin=guides\/wp-json\/wp\/v2\/posts\/45462' class='app-button fit'>Simulation gratuite<\/a><\/div>\n<h2 style=\"text-align: justify;\"><span id=\"Ressources_prises_en_compte_dans_le_calcul_APL\">Ressources prises en compte dans le calcul APL<\/span><\/h2>\n<p>Le calcul de l\u2019APL prend en compte vos ressources nettes imposables des 12 derniers mois, la composition du foyer et le montant du loyer. D\u2019autres \u00e9l\u00e9ments comme les biens immobiliers ou capitaux peuvent \u00eatre pris en compte dans certains cas particuliers.<\/p>\n<h1 style=\"text-align: justify;\">Versement de l&rsquo;APL pour un bailleur<\/h1>\n<h2 style=\"text-align: justify;\">Le versement<\/h2>\n<p style=\"text-align: justify;\">Le versement de l\u2019APL intervient au d\u00e9but de chaque mois (aux alentours du 5). Il est possible que l\u2019allocation soit directement vers\u00e9e au bailleur ce qui peut \u00eatre une solution int\u00e9ressante, \u00e0 la fois pour le propri\u00e9taire et pour le locataire. Le premier s\u2019assure ainsi contre les risques de loyers impay\u00e9s. Et le second n\u2019a plus qu\u2019\u00e0 r\u00e9gler le reste \u00e0 charge puisque le montant de l\u2019Aide Personnalis\u00e9e au Logement est d\u00e9duit du prix du loyer.<\/p>\n<p class=\"amp-wp-7d27179\" style=\"text-align: justify;\" data-amp-original-style=\"text-align: justify;\">La mise en place de ce tiers payant est tr\u00e8s simple, quand elle n\u2019est pas automatique comme pour les bailleurs sociaux. Il suffit que le propri\u00e9taire envoie un formulaire sp\u00e9cifique ainsi qu\u2019une attestation de loyer \u00e0 la Caf. Seul le premier mois sera pay\u00e9 enti\u00e8rement par le locataire\u00a0: c\u2019est le mois de carence, sans allocation au logement. Puis, la Caisse d\u2019allocations familiales versera l\u2019APL directement sur le compte du bailleur et l\u2019allocataire n\u2019aura plus qu\u2019\u00e0 compl\u00e9ter.<\/p>\n<h2 style=\"text-align: justify;\" data-amp-original-style=\"text-align: justify;\">APL et agence immobili\u00e8re<\/h2>\n<p style=\"text-align: justify;\">Pour les logements g\u00e9r\u00e9s par un propri\u00e9taire priv\u00e9 ou une agence immobili\u00e8re\u00a0: le tiers payant n\u2019est pas automatique, l\u2019APL peut donc \u00eatre vers\u00e9e au bailleur ou au locataire.<\/p>\n<p style=\"text-align: justify;\">Pour les logements g\u00e9r\u00e9s par un organisme HLM ou le CROUS\u00a0: le tiers payant est automatique. Le propri\u00e9taire n\u2019a aucune d\u00e9marche \u00e0 r\u00e9aliser et le locataire n\u2019aura plus que le reste \u00e0 charge \u00e0 r\u00e9gler.<\/p>\n<h2 style=\"text-align: justify;\">Les obligations li\u00e9es au versement<\/h2>\n<p class=\"amp-wp-7d27179\" style=\"text-align: justify;\" data-amp-original-style=\"text-align: justify;\">Pour que l\u2019APL soit vers\u00e9 au propri\u00e9taire, ce dernier doit proposer \u00e0 la location un logement d\u00e9cent. Dans le cadre de cette obligation, la CAF peut d\u2019ailleurs programmer une visite pour s\u2019assurer du respect de cette obligation. Et de son c\u00f4t\u00e9, le locataire peut \u00e9galement exiger la mise en conformit\u00e9 du bien.<\/p>\n<p style=\"text-align: justify;\">Il doit aussi fournir \u00e0 la CAF le montant du loyer\u00a0chaque ann\u00e9e. Le bailleur peut t\u00e9l\u00e9d\u00e9clarer le prix du loyer directement depuis son espace CAF. Il peut aussi se servir de l\u2019attestation de loyer papier envoy\u00e9e par courrier par l\u2019organisme.<\/p>\n<p style=\"text-align: justify;\">Le propri\u00e9taire doit signaler au plus vite le d\u00e9m\u00e9nagement de son locataire. D\u00e8s que ce dernier quitte le logement, le propri\u00e9taire a l\u2019obligation d\u2019en avertir la CAF afin d\u2019\u00e9viter le versement d\u2019une aide d\u00e9sormais obsol\u00e8te. Dans ce cas, il lui faudra de toute mani\u00e8re rembourser le trop-per\u00e7u \u00e0 l\u2019organisme.<\/p>\n<p style=\"text-align: justify;\">Enfin, il doit notifier rapidement la Caf de tout impay\u00e9 de loyer\u00a0: le versement des APL est maintenu pendant plusieurs mois, mais la Caf peut surtout accompagner et conseiller le bailleur pour la mise en place d\u2019un plan d\u2019apurement afin de r\u00e9cup\u00e9rer son d\u00fb.<\/p>\n<p class=\"amp-wp-7d27179\" style=\"text-align: justify;\" data-amp-original-style=\"text-align: justify;\">Le locataire a lui aussi des obligations. En effet, il doit r\u00e9gler son loyer en temps et en heure\u00a0: le montant de l\u2019APL sera d\u00e9duit de son loyer. C\u2019est le principe du tiers payant.<\/p>\n<p style=\"text-align: justify;\">Il doit indiquer \u00e0 la Caf tout changement de situation\u00a0: qu\u2019ils soient d\u2019ordre professionnel (prise d\u2019un nouveau poste, licenciement, etc.), familial (naissance, mariage, etc.) ou plus g\u00e9n\u00e9ral (d\u00e9m\u00e9nagement). Ces changements doivent \u00eatre signal\u00e9s depuis l\u2019espace de l\u2019allocataire afin que la Caf puisse actualiser ses droits.<\/p>\n<p style=\"text-align: justify;\">Enfin, il est imp\u00e9ratif de pr\u00e9venir la Caf en cas de difficult\u00e9 \u00e0 payer ses loyers\u00a0: il ne faut pas attendre la menace d\u2019expulsion\u2009! Au contraire, des solutions \u00e0 l\u2019amiable peuvent \u00eatre trouv\u00e9es pour \u00e9chelonner le versement des loyers.<\/p>\n<p class=\"amp-wp-7d27179\" style=\"text-align: justify;\" data-amp-original-style=\"text-align: justify;\">De son c\u00f4t\u00e9, la Caisse d\u2019allocations familiales s\u2019occupe\u00a0de\u00a0:<\/p>\n<ul class=\"list-1\" style=\"text-align: justify;\">\n<li class=\"amp-wp-7d27179\" data-amp-original-style=\"text-align: justify;\">Calculer le montant de l\u2019aide au logement suivant la situation familiale et les ressources du locataire, ainsi que le prix de son loyer<\/li>\n<li class=\"amp-wp-7d27179\" data-amp-original-style=\"text-align: justify;\">Assurer le versement de l\u2019APL au bailleur<\/li>\n<li class=\"amp-wp-7d27179\" data-amp-original-style=\"text-align: justify;\">Actualiser le montant de l\u2019APL en cas de changement de situation (ressources du locataire qui \u00e9voluent, augmentation du loyer, etc.)<\/li>\n<li class=\"amp-wp-7d27179\" data-amp-original-style=\"text-align: justify;\">Conseiller le propri\u00e9taire et l\u2019allocataire<\/li>\n<\/ul>\n<div class='cta-block'><div class='text'>Simulez toutes vos Aides en 2 min.<\/div><a href='https:\/\/www.mes-allocs.fr\/ab-app?origin=guides\/wp-json\/wp\/v2\/posts\/45462' class='app-button fit'>Simulation gratuite<\/a><\/div>\n","protected":false},"excerpt":{"rendered":"<p>[Mis \u00e0 jour le 07\/01\/2026] L&rsquo;Aide Personnalis\u00e9e au Logement (APL) est une aide au logement distribu\u00e9e par la CAF. Elle est attribu\u00e9e selon certaines conditions. Dans cet article, nous allons voir le lien entre les agences immobili\u00e8res et l&rsquo;APL. Qu\u2019est-ce que l\u2019APL ? D\u00e9finition de l&rsquo;aide L&rsquo;aide au logement CAF repr\u00e9sente trois aides financi\u00e8res diff\u00e9rentes [&hellip;]<\/p>\n","protected":false},"author":6,"featured_media":45463,"comment_status":"open","ping_status":"open","sticky":false,"template":"","format":"standard","meta":{"amp_status":"","footnotes":""},"categories":[1,4],"tags":[],"class_list":["post-45462","post","type-post","status-publish","format-standard","has-post-thumbnail","hentry","category-aide-logement","category-apl"],"yoast_head":"<!-- This site is optimized with the Yoast SEO plugin v14.9 - https:\/\/yoast.com\/wordpress\/plugins\/seo\/ -->\n<title>Agences immobili\u00e8res qui acceptent les APL | Mes-Allocs.fr<\/title>\n<meta name=\"description\" content=\"Pour le versement de l&#039;APL, votre agence immobili\u00e8re peut avoir un r\u00f4le \u00e0 jouer. On vous en dit plus dans cet article chez Mes Allocs.\" \/>\n<meta name=\"robots\" content=\"index, follow, max-snippet:-1, max-image-preview:large, max-video-preview:-1\" \/>\n<link rel=\"canonical\" href=\"https:\/\/www.mes-allocs.fr\/guides\/aide-logement\/apl\/agence-immobiliere-qui-accepte-apl\/\" \/>\n<meta property=\"og:locale\" content=\"fr_FR\" \/>\n<meta property=\"og:type\" content=\"article\" \/>\n<meta property=\"og:title\" content=\"Agences immobili\u00e8res qui acceptent les APL | Mes-Allocs.fr\" \/>\n<meta property=\"og:description\" content=\"Pour le versement de l&#039;APL, votre agence immobili\u00e8re peut avoir un r\u00f4le \u00e0 jouer. On vous en dit plus dans cet article chez Mes Allocs.\" \/>\n<meta property=\"og:url\" content=\"https:\/\/www.mes-allocs.fr\/guides\/aide-logement\/apl\/agence-immobiliere-qui-accepte-apl\/\" \/>\n<meta property=\"og:site_name\" content=\"Mes-Allocs.fr\" \/>\n<meta property=\"article:published_time\" content=\"2022-03-02T14:14:25+00:00\" \/>\n<meta property=\"article:modified_time\" content=\"2026-01-07T17:40:43+00:00\" \/>\n<meta property=\"og:image\" content=\"https:\/\/www.mes-allocs.fr\/guides\/wp-content\/uploads\/2022\/02\/cles-maison-1.jpeg?wsr\" \/>\n\t<meta property=\"og:image:width\" content=\"1125\" \/>\n\t<meta property=\"og:image:height\" content=\"750\" \/>\n<meta name=\"twitter:card\" content=\"summary_large_image\" \/>\n<script type=\"application\/ld+json\" class=\"yoast-schema-graph\">{\"@context\":\"https:\/\/schema.org\",\"@graph\":[{\"@type\":\"WebSite\",\"@id\":\"https:\/\/www.mes-allocs.fr\/guides\/#website\",\"url\":\"https:\/\/www.mes-allocs.fr\/guides\/\",\"name\":\"Mes-Allocs.fr\",\"description\":\"\",\"potentialAction\":[{\"@type\":\"SearchAction\",\"target\":\"https:\/\/www.mes-allocs.fr\/guides\/?s={search_term_string}\",\"query-input\":\"required name=search_term_string\"}],\"inLanguage\":\"fr-FR\"},{\"@type\":\"ImageObject\",\"@id\":\"https:\/\/www.mes-allocs.fr\/guides\/aide-logement\/apl\/agence-immobiliere-qui-accepte-apl\/#primaryimage\",\"inLanguage\":\"fr-FR\",\"url\":\"https:\/\/www.mes-allocs.fr\/guides\/wp-content\/uploads\/2022\/02\/cles-maison-1.jpeg?wsr\",\"width\":1125,\"height\":750,\"caption\":\"agence immobili\\u00e8re apl\"},{\"@type\":\"WebPage\",\"@id\":\"https:\/\/www.mes-allocs.fr\/guides\/aide-logement\/apl\/agence-immobiliere-qui-accepte-apl\/#webpage\",\"url\":\"https:\/\/www.mes-allocs.fr\/guides\/aide-logement\/apl\/agence-immobiliere-qui-accepte-apl\/\",\"name\":\"Agences immobili\\u00e8res qui acceptent les APL | Mes-Allocs.fr\",\"isPartOf\":{\"@id\":\"https:\/\/www.mes-allocs.fr\/guides\/#website\"},\"primaryImageOfPage\":{\"@id\":\"https:\/\/www.mes-allocs.fr\/guides\/aide-logement\/apl\/agence-immobiliere-qui-accepte-apl\/#primaryimage\"},\"datePublished\":\"2022-03-02T14:14:25+00:00\",\"dateModified\":\"2026-01-07T17:40:43+00:00\",\"author\":{\"@id\":\"https:\/\/www.mes-allocs.fr\/guides\/#\/schema\/person\/0ecd61a8600573914d00d970a588c024\"},\"description\":\"Pour le versement de l'APL, votre agence immobili\\u00e8re peut avoir un r\\u00f4le \\u00e0 jouer. On vous en dit plus dans cet article chez Mes Allocs.\",\"inLanguage\":\"fr-FR\"},{\"@type\":\"Person\",\"@id\":\"https:\/\/www.mes-allocs.fr\/guides\/#\/schema\/person\/0ecd61a8600573914d00d970a588c024\",\"name\":\"Jonathan\",\"image\":{\"@type\":\"ImageObject\",\"@id\":\"https:\/\/www.mes-allocs.fr\/guides\/#personlogo\",\"inLanguage\":\"fr-FR\",\"url\":\"https:\/\/www.mes-allocs.fr\/guides\/wp-content\/uploads\/2021\/06\/jonathan-150x150.png\",\"caption\":\"Jonathan\"},\"description\":\"Jonathan est r\\u00e9dacteur au sein de l'\\u00e9quipe Mes Allocs, sp\\u00e9cialis\\u00e9 sur les sujets li\\u00e9s au handicap. Dipl\\u00f4m\\u00e9e de l'UPEM, il rejoint Mes Allocs apr\\u00e8s avoir travaill\\u00e9 \\u00e0 l'association AEDE qui accompagne les adultes en situation de handicap. Quand il n'\\u00e9crit pas, on peut le retrouver sur un terrain de basket.\",\"sameAs\":[\"https:\/\/www.linkedin.com\/in\/jonathan-bambela-8637861b7\"]}]}<\/script>\n<!-- \/ Yoast SEO plugin. -->","amp_validity":null,"acf":{"faq":{"1":{"question":"Est-ce que les propri\u00e9taires ont droit \u00e0 l'APL ?","answer":"Les conditions li\u00e9es aux APL pour propri\u00e9taires peuvent varier en fonction de vos ressources et de votre logement. <br> <a href=\"https:\/\/www.mes-allocs.fr\/guides\/aide-logement\/apl\/plafond-apl\">Lire la suite<\/a>"},"2":{"question":" Quel d\u00e9lai pour toucher les APL ?","answer":"Une fois votre demande confirm\u00e9e, l'aide au logement n'est enregistr\u00e9e qu'un mois apr\u00e8s la date de votre entr\u00e9e dans le logement et vers\u00e9e le mois suivant. Comptez donc r\u00e9ellement 2 Mois pour percevoir l'aide."},"3":{"question":"","answer":""},"4":{"question":" Comment faire une simulation APL ?","answer":"Le plus simple pour savoir si vous \u00eates \u00e9ligible \u00e0 une allocation logement comme l'APL, en fonction de vos revenus et de votre logement, est de faire <a href=\"https:\/\/www.mes-allocs.fr\/simulation-aides\">la simulation gratuite<\/a> d'APL directement sur le site de Mes Allocs."},"5":{"question":"Comment suspendre l'APL ?","answer":"Connectez-vous \u00e0 votre compte CAF en ligne (votre num\u00e9ro allocataire et votre mot de passe). Cliquez ensuite sur \u00ab Modifier mon profil \u00bb, Entrez les changements et validez votre demande."},"6":{"question":"Quel est le montant de l'APL pour les \u00e9tudiants ?","answer":"Le montant moyen de l'APL \u00c9tudiant est de l'ordre de 100 \u00e0 150 euros et varie principalement selon si l'\u00e9tudiant est boursier ou non et habite seul ou en colocation. Pour connaitre votre \u00e9ligibilit\u00e9 vous pouvez faire une simulation avec Mes Allocs !"},"7":{"question":"","answer":""},"8":{"question":"","answer":""},"9":{"question":"","answer":""},"10":{"question":"","answer":""},"11":{"question":"","answer":""},"12":{"question":"","answer":""},"13":{"question":"","answer":""},"14":{"question":"","answer":""},"15":{"question":"","answer":""},"16":{"question":"","answer":""}}},"_links":{"self":[{"href":"https:\/\/www.mes-allocs.fr\/guides\/wp-json\/wp\/v2\/posts\/45462","targetHints":{"allow":["GET"]}}],"collection":[{"href":"https:\/\/www.mes-allocs.fr\/guides\/wp-json\/wp\/v2\/posts"}],"about":[{"href":"https:\/\/www.mes-allocs.fr\/guides\/wp-json\/wp\/v2\/types\/post"}],"author":[{"embeddable":true,"href":"https:\/\/www.mes-allocs.fr\/guides\/wp-json\/wp\/v2\/users\/6"}],"replies":[{"embeddable":true,"href":"https:\/\/www.mes-allocs.fr\/guides\/wp-json\/wp\/v2\/comments?post=45462"}],"version-history":[{"count":17,"href":"https:\/\/www.mes-allocs.fr\/guides\/wp-json\/wp\/v2\/posts\/45462\/revisions"}],"predecessor-version":[{"id":107155,"href":"https:\/\/www.mes-allocs.fr\/guides\/wp-json\/wp\/v2\/posts\/45462\/revisions\/107155"}],"wp:featuredmedia":[{"embeddable":true,"href":"https:\/\/www.mes-allocs.fr\/guides\/wp-json\/wp\/v2\/media\/45463"}],"wp:attachment":[{"href":"https:\/\/www.mes-allocs.fr\/guides\/wp-json\/wp\/v2\/media?parent=45462"}],"wp:term":[{"taxonomy":"category","embeddable":true,"href":"https:\/\/www.mes-allocs.fr\/guides\/wp-json\/wp\/v2\/categories?post=45462"},{"taxonomy":"post_tag","embeddable":true,"href":"https:\/\/www.mes-allocs.fr\/guides\/wp-json\/wp\/v2\/tags?post=45462"}],"curies":[{"name":"wp","href":"https:\/\/api.w.org\/{rel}","templated":true}]}}