{"id":45396,"date":"2022-03-29T18:14:13","date_gmt":"2022-03-29T16:14:13","guid":{"rendered":"https:\/\/www.mes-allocs.fr\/guides\/?p=45396"},"modified":"2026-04-03T13:47:02","modified_gmt":"2026-04-03T12:47:02","slug":"prime-pole-emploi-1000-euros","status":"publish","type":"post","link":"https:\/\/www.mes-allocs.fr\/guides\/chomage\/prime-pole-emploi\/prime-pole-emploi-1000-euros\/","title":{"rendered":"Prime France Travail 1000 euros : est-ce encore possible ?"},"content":{"rendered":"<p style=\"text-align: justify;\"><img loading=\"lazy\" decoding=\"async\" class=\"alignnone wp-image-45407 size-full\" title=\"Tout savoir sur la prime pole emploi de euros\" src=\"https:\/\/www.mes-allocs.fr\/guides\/wp-content\/uploads\/2022\/02\/Tout-savoir-sur-la-prime-pole-emploi-de-1000-euros-1-e1645448919751.jpg\" alt=\"Tout savoir sur la prime pole emploi de euros\" width=\"1880\" height=\"512\" srcset=\"https:\/\/www.mes-allocs.fr\/guides\/wp-content\/uploads\/2022\/02\/Tout-savoir-sur-la-prime-pole-emploi-de-1000-euros-1-e1645448919751.jpg 1880w, https:\/\/www.mes-allocs.fr\/guides\/wp-content\/uploads\/2022\/02\/Tout-savoir-sur-la-prime-pole-emploi-de-1000-euros-1-e1645448919751-300x82.jpg 300w, https:\/\/www.mes-allocs.fr\/guides\/wp-content\/uploads\/2022\/02\/Tout-savoir-sur-la-prime-pole-emploi-de-1000-euros-1-e1645448919751-1024x279.jpg 1024w, https:\/\/www.mes-allocs.fr\/guides\/wp-content\/uploads\/2022\/02\/Tout-savoir-sur-la-prime-pole-emploi-de-1000-euros-1-e1645448919751-768x209.jpg 768w, https:\/\/www.mes-allocs.fr\/guides\/wp-content\/uploads\/2022\/02\/Tout-savoir-sur-la-prime-pole-emploi-de-1000-euros-1-e1645448919751-1536x418.jpg 1536w, https:\/\/www.mes-allocs.fr\/guides\/wp-content\/uploads\/2022\/02\/Tout-savoir-sur-la-prime-pole-emploi-de-1000-euros-1-e1645448919751-600x163.jpg 600w\" sizes=\"auto, (max-width: 1880px) 100vw, 1880px\" \/><\/p>\n<p>[Mis \u00e0 jour le 03\/04\/2026] Pour aider les personnes sans emploi, l\u2019\u00c9tat avait mis en place la <b>prime P\u00f4le Emploi de 1000 \u20ac<\/b>. Cette aide avait pour but d\u2019encourager les demandeurs d\u2019emploi au ch\u00f4mage \u00e0 suivre une formation pour retrouver un travail. Dans cet article, d\u00e9couvrez si cette <a href=\"https:\/\/www.mes-allocs.fr\/guides\/chomage\/prime-pole-emploi\/\">prime France Travail<\/a> est encore disponible en 2025, \u00e0 qui elle s\u2019adressait et quelles autres aides peuvent aujourd\u2019hui vous accompagner dans votre recherche d\u2019emploi.<\/p>\n<p class=\"p1\"><div class='cta-block'><div class='text'>Simulez toutes vos Aides en 2 min.<\/div><a href='https:\/\/www.mes-allocs.fr\/ab-app?origin=guides\/wp-json\/wp\/v2\/posts\/45396' class='app-button fit'>Simulation gratuite<\/a><\/div><\/p>\n<h1>La prime France Travail de 1000 \u20ac est-elle toujours disponible en 2026 ?<\/h1>\n<p>La prime France Travail, anciennement P\u00f4le Emploi, de 1000 \u20ac <b>n\u2019est plus disponible en 2026<\/b>. Cette prime \u00e9tait vers\u00e9e mensuellement de novembre 2020 \u00e0 ao\u00fbt 2021, sous condition d\u2019\u00e9ligibilit\u00e9, puis elle a \u00e9t\u00e9 arr\u00eat\u00e9e. Depuis 2025, la prime n\u2019est plus reconduite. Apr\u00e8s la lev\u00e9e progressive des mesures li\u00e9es \u00e0 la crise sanitaire, l\u2019\u00c9tat a limit\u00e9 ce type d\u2019aide.<\/p>\n<h1>Prime France Travail de 1000 \u20ac : de quoi s\u2019agissait-il ?<\/h1>\n<p>La prime France Travail de 1000 \u20ac \u00e9tait une aide mise en place pour <b>encourager les demandeurs d&#8217;emploi de longue dur\u00e9e \u00e0 se former<\/b>. L\u2019objectif principal \u00e9tait donc de les inciter \u00e0 <b>suivre une formation <\/b>en entreprise qui leur offre une promesse d\u2019embauche \u00e0 la cl\u00e9, notamment dans des secteurs en forte demande. Cette prime avait ainsi pour but de faciliter le retour \u00e0 l\u2019emploi durable en orientant les demandeurs d\u2019emploi vers des m\u00e9tiers porteurs.<\/p>\n<p>De ce fait, la prime s\u2019adressait aux<b> demandeurs d\u2019emploi de longue dur\u00e9e<\/b>, c\u2019est-\u00e0-dire ceux inscrits \u00e0 France Travail et suivant une formation \u00e9ligible entre le 1er novembre 2021 et le 31 d\u00e9cembre 2022. Le versement se faisait en deux fois, directement par France Travail.<\/p>\n<p>Cette prime visait aussi \u00e0 r\u00e9duire les tensions de recrutement dans certains secteurs prioritaires comme l\u2019h\u00f4tellerie, la restauration, et le b\u00e2timent. Pour en b\u00e9n\u00e9ficier, les demandeurs d\u2019emploi devaient faire une demande aupr\u00e8s de France Travail avec les justificatifs d\u2019\u00e9ligibilit\u00e9, et la prime ne pouvait pas \u00eatre c\u00e9d\u00e9e ni saisie par un cr\u00e9ancier. Elle devait inciter \u00e0 une insertion professionnelle durable gr\u00e2ce \u00e0 une formation qui m\u00e8ne vers un m\u00e9tier r\u00e9ellement en demande sur le march\u00e9 de l\u2019emploi.<\/p>\n<h1>Les alternatives et autres aides financi\u00e8res pour les demandeurs d\u2019emploi en 2026<\/h1>\n<h2>Quelles aides financi\u00e8res peuvent aujourd\u2019hui accompagner les demandeurs d\u2019emploi ?<\/h2>\n<p>En 2025, vous pouvez avoir acc\u00e8s \u00e0 d&rsquo;autres aides financi\u00e8res pour vous accompagner en tant que demandeur d\u2019emploi, selon votre situation. Vous pouvez notamment b\u00e9n\u00e9ficier de <b>l\u2019allocation de solidarit\u00e9 sp\u00e9cifique <\/b>(ASS) si vous \u00eates en fin de droits d\u2019assurance ch\u00f4mage et que vous poursuivez votre recherche d\u2019emploi.<\/p>\n<p><b>Le revenu de solidarit\u00e9 active<\/b> (RSA) peut aussi vous \u00eatre accessible, selon vos ressources et il vous assure ainsi un revenu minimum en tant que personnes sans emploi ou jeunes parents isol\u00e9s.<\/p>\n<p>Des aides sont aussi propos\u00e9es pour votre <b>mobilit\u00e9<\/b>, les permis de conduire ou la reprise d\u2019activit\u00e9.<\/p>\n<p><iframe loading=\"lazy\" title=\"Tout savoir sur le ch\u00f4mage en France !\" width=\"500\" height=\"281\" src=\"https:\/\/www.youtube.com\/embed\/jgv9qS4jh7k?feature=oembed\" frameborder=\"0\" allow=\"accelerometer; autoplay; clipboard-write; encrypted-media; gyroscope; picture-in-picture; web-share\" referrerpolicy=\"strict-origin-when-cross-origin\" allowfullscreen><\/iframe><\/p>\n<p class=\"p1\"><div class='cta-block'><div class='text'>Simulez toutes vos Aides en 2 min.<\/div><a href='https:\/\/www.mes-allocs.fr\/ab-app?origin=guides\/wp-json\/wp\/v2\/posts\/45396' class='app-button fit'>Simulation gratuite<\/a><\/div><\/p>\n<h2>Quelles aides pour la formation professionnelle et l\u2019insertion ?<\/h2>\n<p>Pour votre insertion professionnelle, diff\u00e9rentes aides \u00e0 la formation sont disponibles. Vous pouvez ainsi mobiliser votre <b>compte personnel de formation <\/b>(CPF) pour financer des formations adapt\u00e9es \u00e0 votre projet professionnel.<\/p>\n<p>En parall\u00e8le, vous pouvez b\u00e9n\u00e9ficier de r\u00e9mun\u00e9rations sp\u00e9cifiques lorsque vous int\u00e9grez une formation longue. L&rsquo;<b>Allocation d&rsquo;Aide au Retour \u00e0 l\u2019Emploi Formation<\/b> (AREF) vous est attribu\u00e9e si vous \u00eates indemnis\u00e9 au titre de l\u2019allocation d\u2019aide au retour \u00e0 l\u2019emploi (ARE) et que vous suivez une formation valid\u00e9e par France Travail dans le cadre de votre<b> projet personnalis\u00e9 d\u2019acc\u00e8s \u00e0 l\u2019emploi <\/b>(PPAE) ou financ\u00e9e par votre CPF. Cette allocation est \u00e9quivalente au montant de votre ARE et elle est vers\u00e9e de fa\u00e7on automatique et mensuelle.<\/p>\n<p>Si la dur\u00e9e de votre formation d\u00e9passe celle de vos droits \u00e0 l\u2019ARE, vous pouvez \u00e9ventuellement b\u00e9n\u00e9ficier de la <b>r\u00e9mun\u00e9ration de fin de formation<\/b> (RFF), qui prend le relais pour vous accompagner jusqu\u2019\u00e0 la fin de la formation. Pour les demandeurs d\u2019emploi non indemnis\u00e9s, une r\u00e9mun\u00e9ration sp\u00e9cifique des formations de France Travail peut \u00e9galement \u00eatre propos\u00e9e dans certaines conditions, afin de ne pas freiner leur acc\u00e8s \u00e0 la formation et \u00e0 l\u2019emploi.<\/p>\n<p>Enfin, le parcours d\u2019accompagnement personnalis\u00e9 de France Travail vous permet d\u2019\u00eatre orient\u00e9 vers les formations qui<b> correspondent \u00e0 votre profil et \u00e0 vos besoins professionnels<\/b>. Vous b\u00e9n\u00e9ficiez ainsi d\u2019un suivi adapt\u00e9 pour choisir la formation la plus pertinente.<\/p>\n<h2>Comment savoir \u00e0 quelles aides vous avez droit en tant que demandeur d\u2019emploi ?<\/h2>\n<p>Pour savoir \u00e0 quelles aides vous avez droit en tant que demandeur d\u2019emploi, <b>notre simulateur <\/b>est un outil en ligne qui vous permet d&rsquo;estimer votre \u00e9ligibilit\u00e9 et le montant des allocations et des aides dont vous pouvez b\u00e9n\u00e9ficier, en fonction de votre situation personnelle et professionnelle. Il prend en compte les aides de France Travail ainsi que celles de la CAF ou encore les aides r\u00e9gionales et locales. Notre simulateur est accessible sur ordinateur, t\u00e9l\u00e9phone et tablette et vous offre une vision compl\u00e8te de vos droits en quelques minutes.<\/p>\n<div class='shortcode summary'><div class='title'>En r\u00e9sum\u00e9 :<\/div><div class='content'><ul><li>La prime France Travail de 1000 \u20ac<b> n\u2019est plus disponible en 2026 <\/b>car elle a \u00e9t\u00e9 arr\u00eat\u00e9e apr\u00e8s sa mise en place entre 2020 et 2022 dans le cadre de la relance post-COVID.<\/li><li>Elle visait \u00e0 e<b>ncourager les formations et l\u2019embauche des demandeurs d\u2019emploi de longue dur\u00e9e <\/b>dans des secteurs en tension comme l\u2019h\u00f4tellerie ou le b\u00e2timent.<\/li><li> En 2026, d\u2019autres aides restent accessibles, comme <b>l\u2019ASS<\/b>, le <b>RSA<\/b> ou des<b> aides \u00e0 la mobilit\u00e9<\/b>.<\/li><li>Des dispositifs de financement de formation sont toujours propos\u00e9s, notamment gr\u00e2ce au <b>CFP<\/b>, <b>l\u2019AREF<\/b>, la <b>RFF<\/b> ou d\u2019autres aides vers\u00e9es par France Travail selon votre situation.<\/li><\/ul><\/div><\/div>\n<p class=\"p1\"><div class='cta-block'><div class='text'>Simulez toutes vos Aides en 2 min.<\/div><a href='https:\/\/www.mes-allocs.fr\/ab-app?origin=guides\/wp-json\/wp\/v2\/posts\/45396' class='app-button fit'>Simulation gratuite<\/a><\/div><\/p>\n","protected":false},"excerpt":{"rendered":"<p>[Mis \u00e0 jour le 03\/04\/2026] Pour aider les personnes sans emploi, l\u2019\u00c9tat avait mis en place la prime P\u00f4le Emploi de 1000 \u20ac. Cette aide avait pour but d\u2019encourager les demandeurs d\u2019emploi au ch\u00f4mage \u00e0 suivre une formation pour retrouver un travail. Dans cet article, d\u00e9couvrez si cette prime France Travail est encore disponible en [&hellip;]<\/p>\n","protected":false},"author":14,"featured_media":45406,"comment_status":"open","ping_status":"open","sticky":false,"template":"","format":"standard","meta":{"amp_status":"","footnotes":""},"categories":[2989,13748],"tags":[],"class_list":["post-45396","post","type-post","status-publish","format-standard","has-post-thumbnail","hentry","category-chomage","category-prime-pole-emploi"],"yoast_head":"<!-- This site is optimized with the Yoast SEO plugin v14.9 - https:\/\/yoast.com\/wordpress\/plugins\/seo\/ -->\n<title>Prime France Travail 1000 euros : est-ce encore possible ? | Mes-Allocs.fr<\/title>\n<meta name=\"description\" content=\"La prime France Travail de 1000 \u20ac existe-t-elle encore en 2026 ? Quelles aides la remplacent pour les demandeurs d\u2019emploi ?\" \/>\n<meta name=\"robots\" content=\"index, follow, max-snippet:-1, max-image-preview:large, max-video-preview:-1\" \/>\n<link rel=\"canonical\" href=\"https:\/\/www.mes-allocs.fr\/guides\/chomage\/prime-pole-emploi\/prime-pole-emploi-1000-euros\/\" \/>\n<meta property=\"og:locale\" content=\"fr_FR\" \/>\n<meta property=\"og:type\" content=\"article\" \/>\n<meta property=\"og:title\" content=\"Prime France Travail 1000 euros : est-ce encore possible ? | Mes-Allocs.fr\" \/>\n<meta property=\"og:description\" content=\"La prime France Travail de 1000 \u20ac existe-t-elle encore en 2026 ? Quelles aides la remplacent pour les demandeurs d\u2019emploi ?\" \/>\n<meta property=\"og:url\" content=\"https:\/\/www.mes-allocs.fr\/guides\/chomage\/prime-pole-emploi\/prime-pole-emploi-1000-euros\/\" \/>\n<meta property=\"og:site_name\" content=\"Mes-Allocs.fr\" \/>\n<meta property=\"article:published_time\" content=\"2022-03-29T16:14:13+00:00\" \/>\n<meta property=\"article:modified_time\" content=\"2026-04-03T12:47:02+00:00\" \/>\n<meta property=\"og:image\" content=\"https:\/\/www.mes-allocs.fr\/guides\/wp-content\/uploads\/2022\/02\/Tout-savoir-sur-la-prime-pole-emploi-de-1000-euros-4.jpg?wsr\" \/>\n\t<meta property=\"og:image:width\" content=\"1000\" \/>\n\t<meta property=\"og:image:height\" content=\"714\" \/>\n<meta name=\"twitter:card\" content=\"summary_large_image\" \/>\n<script type=\"application\/ld+json\" class=\"yoast-schema-graph\">{\"@context\":\"https:\/\/schema.org\",\"@graph\":[{\"@type\":\"WebSite\",\"@id\":\"https:\/\/www.mes-allocs.fr\/guides\/#website\",\"url\":\"https:\/\/www.mes-allocs.fr\/guides\/\",\"name\":\"Mes-Allocs.fr\",\"description\":\"\",\"potentialAction\":[{\"@type\":\"SearchAction\",\"target\":\"https:\/\/www.mes-allocs.fr\/guides\/?s={search_term_string}\",\"query-input\":\"required name=search_term_string\"}],\"inLanguage\":\"fr-FR\"},{\"@type\":\"ImageObject\",\"@id\":\"https:\/\/www.mes-allocs.fr\/guides\/chomage\/prime-pole-emploi\/prime-pole-emploi-1000-euros\/#primaryimage\",\"inLanguage\":\"fr-FR\",\"url\":\"https:\/\/www.mes-allocs.fr\/guides\/wp-content\/uploads\/2022\/02\/Tout-savoir-sur-la-prime-pole-emploi-de-1000-euros-4.jpg?wsr\",\"width\":1000,\"height\":714,\"caption\":\"Tout savoir sur la prime pole emploi de euros\"},{\"@type\":\"WebPage\",\"@id\":\"https:\/\/www.mes-allocs.fr\/guides\/chomage\/prime-pole-emploi\/prime-pole-emploi-1000-euros\/#webpage\",\"url\":\"https:\/\/www.mes-allocs.fr\/guides\/chomage\/prime-pole-emploi\/prime-pole-emploi-1000-euros\/\",\"name\":\"Prime France Travail 1000 euros : est-ce encore possible ? | Mes-Allocs.fr\",\"isPartOf\":{\"@id\":\"https:\/\/www.mes-allocs.fr\/guides\/#website\"},\"primaryImageOfPage\":{\"@id\":\"https:\/\/www.mes-allocs.fr\/guides\/chomage\/prime-pole-emploi\/prime-pole-emploi-1000-euros\/#primaryimage\"},\"datePublished\":\"2022-03-29T16:14:13+00:00\",\"dateModified\":\"2026-04-03T12:47:02+00:00\",\"author\":{\"@id\":\"https:\/\/www.mes-allocs.fr\/guides\/#\/schema\/person\/a3de97298fd0ffc005ebdd5628b03ca8\"},\"description\":\"La prime France Travail de 1000 \\u20ac existe-t-elle encore en 2026 ? Quelles aides la remplacent pour les demandeurs d\\u2019emploi ?\",\"inLanguage\":\"fr-FR\"},{\"@type\":\"Person\",\"@id\":\"https:\/\/www.mes-allocs.fr\/guides\/#\/schema\/person\/a3de97298fd0ffc005ebdd5628b03ca8\",\"name\":\"Marina Ada Ondo\",\"image\":{\"@type\":\"ImageObject\",\"@id\":\"https:\/\/www.mes-allocs.fr\/guides\/#personlogo\",\"inLanguage\":\"fr-FR\",\"url\":\"https:\/\/www.mes-allocs.fr\/guides\/wp-content\/uploads\/2022\/02\/Photo-de-profil-150x150.png\",\"caption\":\"Marina Ada Ondo\"},\"description\":\"Marina est r\\u00e9dactrice au sein de l'\\u00e9quipe Mes Allocs, sp\\u00e9cialis\\u00e9e sur les aides aux jeunes. Dipl\\u00f4m\\u00e9e de l'ISFJ, elle rejoint Mes Allocs apr\\u00e8s une premi\\u00e8re exp\\u00e9rience en communication chez Little Africa, une agence de communication \\u00e0 Paris. Sur son temps libre, Marina lit beaucoup et passe ses dimanches au mus\\u00e9e.\",\"sameAs\":[\"https:\/\/www.linkedin.com\/in\/marinaadaondo\/\"]}]}<\/script>\n<!-- \/ Yoast SEO plugin. -->","amp_validity":null,"acf":{"faq":{"1":{"question":"Qui aura le droit \u00e0 la prime de 1000 euro ?","answer":"La prime de 1000 \u20ac n'est plus vers\u00e9e en 2026. "},"2":{"question":"Quelles sont les primes en 2026 ?","answer":"En 2026, la prime exceptionnelle mise en place pendant la crise sanitaire n'est plus vers\u00e9e par France Travail, mais les aides principales restent l'allocation d'aide au retour \u00e0 l'emploi (ARE), l'aide de fin de droit, ainsi que la prime d'activit\u00e9 pour les personnes en emploi, tandis que la prime de retour \u00e0 l'emploi a disparu depuis 2017.\r\n\r\n"},"3":{"question":"Comment savoir \u00e0 quelle prime j'ai le droit ? ","answer":"Pour savoir \u00e0 quelle prime vous avez droit vous pouvez utiliser notre simulateur en ligne. "},"4":{"question":"Qui paie les 100 euros d'essence ?","answer":"La prime carburant de 100 euros a \u00e9t\u00e9 vers\u00e9e par l'employeur sur la paie du mois de d\u00e9cembre, pour les salari\u00e9s du priv\u00e9. Il en va de m\u00eame pour les ind\u00e9pendants et \u00e9tudiants boursiers."},"5":{"question":"","answer":""},"6":{"question":"","answer":""},"7":{"question":"","answer":""},"8":{"question":"","answer":""},"9":{"question":"","answer":""},"10":{"question":"","answer":""},"11":{"question":"","answer":""},"12":{"question":"","answer":""},"13":{"question":"","answer":""},"14":{"question":"","answer":""},"15":{"question":"","answer":""},"16":{"question":"","answer":""}}},"_links":{"self":[{"href":"https:\/\/www.mes-allocs.fr\/guides\/wp-json\/wp\/v2\/posts\/45396","targetHints":{"allow":["GET"]}}],"collection":[{"href":"https:\/\/www.mes-allocs.fr\/guides\/wp-json\/wp\/v2\/posts"}],"about":[{"href":"https:\/\/www.mes-allocs.fr\/guides\/wp-json\/wp\/v2\/types\/post"}],"author":[{"embeddable":true,"href":"https:\/\/www.mes-allocs.fr\/guides\/wp-json\/wp\/v2\/users\/14"}],"replies":[{"embeddable":true,"href":"https:\/\/www.mes-allocs.fr\/guides\/wp-json\/wp\/v2\/comments?post=45396"}],"version-history":[{"count":23,"href":"https:\/\/www.mes-allocs.fr\/guides\/wp-json\/wp\/v2\/posts\/45396\/revisions"}],"predecessor-version":[{"id":111511,"href":"https:\/\/www.mes-allocs.fr\/guides\/wp-json\/wp\/v2\/posts\/45396\/revisions\/111511"}],"wp:featuredmedia":[{"embeddable":true,"href":"https:\/\/www.mes-allocs.fr\/guides\/wp-json\/wp\/v2\/media\/45406"}],"wp:attachment":[{"href":"https:\/\/www.mes-allocs.fr\/guides\/wp-json\/wp\/v2\/media?parent=45396"}],"wp:term":[{"taxonomy":"category","embeddable":true,"href":"https:\/\/www.mes-allocs.fr\/guides\/wp-json\/wp\/v2\/categories?post=45396"},{"taxonomy":"post_tag","embeddable":true,"href":"https:\/\/www.mes-allocs.fr\/guides\/wp-json\/wp\/v2\/tags?post=45396"}],"curies":[{"name":"wp","href":"https:\/\/api.w.org\/{rel}","templated":true}]}}