{"id":45386,"date":"2022-04-25T15:03:10","date_gmt":"2022-04-25T13:03:10","guid":{"rendered":"https:\/\/www.mes-allocs.fr\/guides\/?p=45386"},"modified":"2025-03-18T16:01:28","modified_gmt":"2025-03-18T14:01:28","slug":"conge-maternite-medecin-liberal","status":"publish","type":"post","link":"https:\/\/www.mes-allocs.fr\/guides\/allocations-familiales\/conge-maternite\/conge-maternite-france\/conge-maternite-medecin-liberal\/","title":{"rendered":"Le cong\u00e9 maternit\u00e9 pour un m\u00e9decin lib\u00e9ral"},"content":{"rendered":"<p><img loading=\"lazy\" decoding=\"async\" class=\"aligncenter wp-image-45387 size-full\" title=\"medecin\" src=\"https:\/\/www.mes-allocs.fr\/guides\/wp-content\/uploads\/2022\/02\/medecin-1-e1686729092675.jpeg\" alt=\"conge maternite medecin liberal\" width=\"1125\" height=\"196\" srcset=\"https:\/\/www.mes-allocs.fr\/guides\/wp-content\/uploads\/2022\/02\/medecin-1-e1686729092675.jpeg 1125w, https:\/\/www.mes-allocs.fr\/guides\/wp-content\/uploads\/2022\/02\/medecin-1-e1686729092675-300x52.jpeg 300w, https:\/\/www.mes-allocs.fr\/guides\/wp-content\/uploads\/2022\/02\/medecin-1-e1686729092675-1024x178.jpeg 1024w, https:\/\/www.mes-allocs.fr\/guides\/wp-content\/uploads\/2022\/02\/medecin-1-e1686729092675-768x134.jpeg 768w, https:\/\/www.mes-allocs.fr\/guides\/wp-content\/uploads\/2022\/02\/medecin-1-e1686729092675-600x105.jpeg 600w\" sizes=\"auto, (max-width: 1125px) 100vw, 1125px\" \/><\/p>\n<p style=\"text-align: justify;\">Si vous attendez un enfant ou si vous venez d&rsquo;accoucher, vous pouvez b\u00e9n\u00e9ficier d&rsquo;un cong\u00e9 maternit\u00e9. C&rsquo;est un temps de repos accord\u00e9 aux parents lors de l&rsquo;arriv\u00e9e d&rsquo;un enfant. Le cong\u00e9 maternit\u00e9 peut \u00eatre indemnis\u00e9 par une <a href=\"https:\/\/www.mes-allocs.fr\/guides\/allocations-familiales\">allocation familiale<\/a>. Dans cet article, nous allons voir comment se structure le cong\u00e9 maternit\u00e9 pour un m\u00e9decin lib\u00e9ral.<\/p>\n<p style=\"text-align: justify;\"><div class='cta-block'><div class='text'>Simulez toutes vos allocations familiales en 2 min. Gratuit.<\/div><a href='https:\/\/www.mes-allocs.fr\/ab-app?origin=guides\/wp-json\/wp\/v2\/posts\/45386' class='app-button fit'>Simulation gratuite<\/a><\/div><\/p>\n<hr \/>\n<h1 style=\"text-align: justify;\">Le cong\u00e9 maternit\u00e9 pour les m\u00e9decins<\/h1>\n<h2 style=\"text-align: justify;\">L&rsquo;indemnisation<\/h2>\n<p style=\"text-align: justify;\">Durant votre cong\u00e9 maternit\u00e9, avec la CPAM et sous condition de cessation d\u2019activit\u00e9 pendant 8<img loading=\"lazy\" decoding=\"async\" class=\"alignright wp-image-45397\" title=\"medecin\" src=\"https:\/\/www.mes-allocs.fr\/guides\/wp-content\/uploads\/2022\/02\/medecin-2.jpeg\" alt=\"conge maternite medecin liberal\" width=\"331\" height=\"211\" \/> semaines minimum (dont 2 avant l\u2019accouchement) l\u2019allocation repos maternel des m\u00e9decins est de <b>3 925 \u20ac <\/b>\u20ac (au 01\/01\/2025). Elle est touch\u00e9e en 2 fois. S\u2019y ajoute une indemnit\u00e9 journali\u00e8re forfaitaire de 64,52 euros \u20ac (au 01\/01\/2025). Pour ces droits aff\u00e9rents au cong\u00e9 maternit\u00e9, il faut adresser \u00e0 votre CPAM une d\u00e9claration sur l\u2019honneur de cessation d\u2019activit\u00e9 ainsi qu\u2019un certificat m\u00e9dical pr\u00e9cisant la dur\u00e9e de l\u2019arr\u00eat de travail.<\/p>\n<h2 style=\"text-align: justify;\">Les difficult\u00e9s li\u00e9es \u00e0 la grossesse<\/h2>\n<p style=\"text-align: justify;\">En cas de grossesse difficile avec arr\u00eat d\u2019activit\u00e9, une indemnit\u00e9 journali\u00e8re de 64,52 \u20ac par jour (au 1er Janvier 2025) est pr\u00e9vue, \u00e0 partir du 4<sup>e<\/sup> jour d\u2019arr\u00eat de travail, durant 87 jours maximum. Dans ces conditions, la CPAM doit recevoir dans les 2 jours suivant la date d\u2019interruption de travail\u00a0:<\/p>\n<ul style=\"text-align: justify;\">\n<li>l\u2019avis d\u2019arr\u00eat de travail du m\u00e9decin ou de la sage-femme,<\/li>\n<li>un certificat m\u00e9dical attestant de la dur\u00e9e de l\u2019arr\u00eat de travail,<\/li>\n<li>une d\u00e9claration sur l\u2019honneur de cessation d\u2019activit\u00e9.<\/li>\n<\/ul>\n<p style=\"text-align: justify;\">En cas de difficult\u00e9s m\u00e9dicales durant la grossesse exigeant un arr\u00eat d\u2019activit\u00e9, les femmes m\u00e9decins acc\u00e8dent \u00e0 une indemnit\u00e9 journali\u00e8re forfaitaire maladie d\u2019un montant de 64,52 \u20ac\/jour maximum (au 1er Janvier 2025). En adressant \u00e0 la CPAM dans les 2 jours suivant la date d\u2019interruption de travail :<\/p>\n<ul style=\"text-align: justify;\">\n<li>L\u2019avis d\u2019arr\u00eat de travail + un certificat m\u00e9dical attestant de la dur\u00e9e de l\u2019arr\u00eat de travail<\/li>\n<li>Une d\u00e9claration sur l\u2019honneur de cessation d\u2019activit\u00e9.<br \/>\nA savoir\u00a0: les indemnit\u00e9s journali\u00e8res forfaitaires maladie sont vers\u00e9es apr\u00e8s 3 jours de carence, pendant 87\u00a0jours maximum.<\/li>\n<\/ul>\n<p style=\"text-align: justify;\"><div class='cta-block'><div class='text'>Simulez toutes vos allocations familiales en 2 min. Gratuit.<\/div><a href='https:\/\/www.mes-allocs.fr\/ab-app?origin=guides\/wp-json\/wp\/v2\/posts\/45386' class='app-button fit'>Simulation gratuite<\/a><\/div><\/p>\n<h2 style=\"text-align: justify;\">Cong\u00e9 maternit\u00e9 et retraite<\/h2>\n<p style=\"text-align: justify;\">La Caisse Autonome de Retraite des M\u00e9decins de France est l&rsquo;organisme qui\u00a0g\u00e8re la retraite des m\u00e9decins lib\u00e9raux de France. Pour leur retraite,\u00a0les femmes m\u00e9decins b\u00e9n\u00e9ficient de 100 points suppl\u00e9mentaires durant le trimestre de l\u2019accouchement, apr\u00e8s envoi d\u2019un extrait d\u2019acte de naissance ou de la photocopie du livret de famille.<br \/>\nAu niveau du r\u00e9gime compl\u00e9mentaire vieillesse, pour un cong\u00e9 maternit\u00e9 d\u2019au moins 3 mois, vous pouvez \u00eatre exon\u00e9r\u00e9e d\u2019un semestre de cotisations avec attribution de 2\u202fpoints. Sauf si une exon\u00e9ration de cotisations vous a d\u00e9j\u00e0 \u00e9t\u00e9 accord\u00e9e au titre d\u2019un \u00e9tat pathologique r\u00e9sultant de la grossesse. Au niveau du r\u00e9gime invalidit\u00e9-d\u00e9c\u00e8s, des indemnit\u00e9s peuvent \u00eatre vers\u00e9es au 91 e jour, en cas d\u2019arr\u00eat de travail de plus de 90 jours concernant un \u00e9tat pathologique.<\/p>\n<p style=\"text-align: justify;\">Sachez que si votre conjoint et\/ou p\u00e8re de votre enfant est professionnel de sant\u00e9, des droits lui sont accord\u00e9s\u00a0pour le cong\u00e9 paternit\u00e9.<\/p>\n<p><iframe loading=\"lazy\" title=\"Le cong\u00e9 maternit\u00e9\" width=\"500\" height=\"281\" src=\"https:\/\/www.youtube.com\/embed\/6e67ojUjl0Q?feature=oembed\" frameborder=\"0\" allow=\"accelerometer; autoplay; clipboard-write; encrypted-media; gyroscope; picture-in-picture; web-share\" referrerpolicy=\"strict-origin-when-cross-origin\" allowfullscreen><\/iframe><\/p>\n<h1 style=\"text-align: justify;\">Le cong\u00e9 maternit\u00e9 en quelques mots<\/h1>\n<h2 style=\"text-align: justify;\">A quoi sert le cong\u00e9 maternit\u00e9 ?<\/h2>\n<p style=\"text-align: justify;\">En tant que salari\u00e9e\u00a0dans la fonction publique, vous pouvez b\u00e9n\u00e9ficier d\u2019<a href=\"https:\/\/www.mes-allocs.fr\/guides\/allocations-familiales\/conge-maternite-secteur-public\">un cong\u00e9 maternit\u00e9<\/a> dans le cadre de votre grossesse.<\/p>\n<p style=\"text-align: justify;\">Le cong\u00e9 maternit\u00e9 correspond \u00e0 une suspension du contrat de travail, qui permet aux femmes enceintes salari\u00e9es de cesser leur activit\u00e9 professionnelle durant la p\u00e9riode pr\u00e9c\u00e9dant et suivant de la naissance de leur enfant, tout en continuant \u00e0 percevoir une r\u00e9mun\u00e9ration.<\/p>\n<p style=\"text-align: justify;\">La dur\u00e9e du cong\u00e9 maternit\u00e9 varie selon le nombre d\u2019enfants attendus ou encore la situation familiale.<\/p>\n<p style=\"text-align: justify;\">Vous b\u00e9n\u00e9ficiez automatiquement d&rsquo;un cong\u00e9 de maternit\u00e9, en partie avant votre accouchement et en partie apr\u00e8s.\u00a0Le cong\u00e9 de maternit\u00e9 est obligatoire. Il est strictement interdit d&rsquo;y renoncer totalement.<\/p>\n<h2 style=\"text-align: justify;\">Comment faire la demande ?<\/h2>\n<p style=\"text-align: justify;\">Avant le d\u00e9but du cong\u00e9 maternit\u00e9\/paternit\u00e9, la femme enceinte pr\u00e9vient son employeur en lui envoyant un courrier en recommand\u00e9 avec accus\u00e9 de r\u00e9ception.<\/p>\n<p style=\"text-align: justify;\">Ce dernier doit contenir :<\/p>\n<ul style=\"text-align: justify;\">\n<li>Une attestation m\u00e9dicale ;<img loading=\"lazy\" decoding=\"async\" class=\"alignright wp-image-45398\" title=\"lettre\" src=\"https:\/\/www.mes-allocs.fr\/guides\/wp-content\/uploads\/2022\/02\/lettre-3-1.jpg\" alt=\"conge maternite medecin liberal\" width=\"350\" height=\"233\" srcset=\"https:\/\/www.mes-allocs.fr\/guides\/wp-content\/uploads\/2022\/02\/lettre-3-1.jpg 960w, https:\/\/www.mes-allocs.fr\/guides\/wp-content\/uploads\/2022\/02\/lettre-3-1-300x200.jpg 300w, https:\/\/www.mes-allocs.fr\/guides\/wp-content\/uploads\/2022\/02\/lettre-3-1-768x512.jpg 768w, https:\/\/www.mes-allocs.fr\/guides\/wp-content\/uploads\/2022\/02\/lettre-3-1-600x400.jpg 600w\" sizes=\"auto, (max-width: 350px) 100vw, 350px\" \/><\/li>\n<li>Une lettre pr\u00e9cisant la date pr\u00e9sum\u00e9e de l\u2019accouchement ;<\/li>\n<li>Les dates de d\u00e9but et de fin du cong\u00e9 maternit\u00e9.<\/li>\n<\/ul>\n<p style=\"text-align: justify;\">Si aucun d\u00e9lai n\u2019est pr\u00e9vu par la loi, ce courrier est g\u00e9n\u00e9ralement envoy\u00e9 au d\u00e9but du deuxi\u00e8me trimestre de grossesse.<\/p>\n<p style=\"text-align: justify;\">Il faut savoir que le cong\u00e9 d\u2019adoption est soumis \u00e0 des r\u00e8gles sp\u00e9cifiques. Il peut \u00eatre r\u00e9parti entre la m\u00e8re et le p\u00e8re adoptifs, voire m\u00eame pris int\u00e9gralement par ce dernier.<\/p>\n<p>&nbsp;<\/p>\n<p style=\"text-align: justify;\"><span style=\"font-weight: 400;\"><div class='cta-block'><div class='text'>Simulez toutes vos aides en 2 min.<\/div><a href='' class='app-button fit'>Simulation gratuite<\/a><\/div><\/span><\/p>\n<h2 style=\"text-align: justify;\">\u00cates-vous r\u00e9mun\u00e9r\u00e9 pendant la p\u00e9riode ?<\/h2>\n<p style=\"text-align: justify;\">Pendant votre\u00a0cong\u00e9 maternit\u00e9, vous ne percevez pas de salaire. En revanche, vous b\u00e9n\u00e9ficiez d&rsquo;un revenu de remplacement appel\u00e9 indemnit\u00e9s journali\u00e8res.<\/p>\n<p style=\"text-align: justify;\">Voici les conditions pour en b\u00e9n\u00e9ficier :<\/p>\n<ul style=\"text-align: justify;\">\n<li>justifier de 10 mois d\u2019immatriculation (possession d\u2019un num\u00e9ro d\u2019assur\u00e9 social) \u00e0 la date pr\u00e9vue de l\u2019accouchement<\/li>\n<li>interrompre toute activit\u00e9 professionnelle pendant 8 semaines minimum<\/li>\n<li>avoir travaill\u00e9 au moins\u00a0150 heures\u00a03 mois civils avant le d\u00e9but de votre\u00a0cong\u00e9<\/li>\n<li>ou 6 mois avant le d\u00e9but du cong\u00e9 pr\u00e9natal : avoir cotis\u00e9 sur un salaire \u00e9quivalent \u00e0 1 015 fois le SMIC horaire<\/li>\n<\/ul>\n<p style=\"text-align: justify;\">Si vous exercez une activit\u00e9 saisonni\u00e8re par exemple, vous devez :<\/p>\n<ul style=\"text-align: justify;\">\n<li>avoir travaill\u00e9 au moins 600 heures au cours de l&rsquo;ann\u00e9e pr\u00e9c\u00e9dant la date du d\u00e9but de grossesse<\/li>\n<li>ou cotis\u00e9 2\u202f030 fois le SMIC horaire au cours des 12 mois pr\u00e9c\u00e9dents<\/li>\n<\/ul>\n<h2 style=\"text-align: justify;\">Combien de temps dure le cong\u00e9 maternit\u00e9 ?<\/h2>\n<p style=\"text-align: justify;\">La dur\u00e9e du cong\u00e9 maternit\u00e9 varie, dans les conditions suivantes, en fonction du nombre d&rsquo;enfants que vous avez d\u00e9j\u00e0 \u00e0 charge avant la naissance de l&rsquo;enfant\u00a0:<\/p>\n<p style=\"text-align: justify;\">\n<div class=\"wpdt-c row wpDataTableContainerSimpleTable wpDataTables wpDataTablesWrapper\n\"\n    >\n    <table id=\"wpdtSimpleTable-30\"\n           class=\"wpdtSimpleTable wpDataTable\"\n           data-column=\"4\"\n           data-rows=\"5\"\n           data-wpID=\"30\"\n           data-responsive=\"0\"\n           data-has-header=\"1\">\n\n                    <thead>        <tr class=\"wpdt-cell-row \" >\n                            <th class=\"wpdt-cell wpdt-bc-F3F9FE wpdt-bold wpdt-empty-cell \"\n                                    data-cell-id=\"A1\"\n                data-col-index=\"0\"\n                data-row-index=\"0\"\n                style=\" width:26.917293233083%;                padding:10px;\"\n                >\n                                                <\/th>\n                                            <th class=\"wpdt-cell wpdt-bc-F3F9FE wpdt-bold\"\n                                    data-cell-id=\"B1\"\n                data-col-index=\"1\"\n                data-row-index=\"0\"\n                style=\" width:22.706766917293%;                padding:10px;\"\n                >\n                                Avant l\u2019accouchement\n(cong\u00e9 pr\u00e9natal)                <\/th>\n                                            <th class=\"wpdt-cell wpdt-bc-F3F9FE wpdt-bold\"\n                                    data-cell-id=\"C1\"\n                data-col-index=\"2\"\n                data-row-index=\"0\"\n                style=\" width:28.421052631579%;                padding:10px;\"\n                >\n                                Apr\u00e8s l\u2019accouchement\n(cong\u00e9 postnatal)                <\/th>\n                                            <th class=\"wpdt-cell wpdt-bc-F3F9FE wpdt-bold\"\n                                    data-cell-id=\"D1\"\n                data-col-index=\"3\"\n                data-row-index=\"0\"\n                style=\" width:21.954887218045%;                padding:10px;\"\n                >\n                                Total                <\/th>\n                                        <\/tr>\n                    <tbody>        <tr class=\"wpdt-cell-row \" >\n                            <td class=\"wpdt-cell wpdt-bold\"\n                                    data-cell-id=\"A2\"\n                data-col-index=\"0\"\n                data-row-index=\"1\"\n                style=\"                padding:10px;\"\n                >\n                                1\u00e8re ou 2\u00e8me naissance                <\/td>\n                                            <td class=\"wpdt-cell \"\n                                    data-cell-id=\"B2\"\n                data-col-index=\"1\"\n                data-row-index=\"1\"\n                style=\"                padding:10px;\"\n                >\n                                6 semaines                <\/td>\n                                            <td class=\"wpdt-cell \"\n                                    data-cell-id=\"C2\"\n                data-col-index=\"2\"\n                data-row-index=\"1\"\n                style=\"                padding:10px;\"\n                >\n                                10 semaines                <\/td>\n                                            <td class=\"wpdt-cell \"\n                                    data-cell-id=\"D2\"\n                data-col-index=\"3\"\n                data-row-index=\"1\"\n                style=\"                padding:10px;\"\n                >\n                                16 semaines                <\/td>\n                                        <\/tr>\n                            <tr class=\"wpdt-cell-row \" >\n                            <td class=\"wpdt-cell wpdt-bold\"\n                                    data-cell-id=\"A3\"\n                data-col-index=\"0\"\n                data-row-index=\"2\"\n                style=\"                padding:10px;\"\n                >\n                                3 \u00e8me naissance                <\/td>\n                                            <td class=\"wpdt-cell \"\n                                    data-cell-id=\"B3\"\n                data-col-index=\"1\"\n                data-row-index=\"2\"\n                style=\"                padding:10px;\"\n                >\n                                8 semaines                <\/td>\n                                            <td class=\"wpdt-cell \"\n                                    data-cell-id=\"C3\"\n                data-col-index=\"2\"\n                data-row-index=\"2\"\n                style=\"                padding:10px;\"\n                >\n                                18 semaines                <\/td>\n                                            <td class=\"wpdt-cell \"\n                                    data-cell-id=\"D3\"\n                data-col-index=\"3\"\n                data-row-index=\"2\"\n                style=\"                padding:10px;\"\n                >\n                                26 semaines                <\/td>\n                                        <\/tr>\n                            <tr class=\"wpdt-cell-row \" >\n                            <td class=\"wpdt-cell wpdt-bold\"\n                                    data-cell-id=\"A4\"\n                data-col-index=\"0\"\n                data-row-index=\"3\"\n                style=\"                padding:10px;\"\n                >\n                                Naissance de jumeaux                <\/td>\n                                            <td class=\"wpdt-cell \"\n                                    data-cell-id=\"B4\"\n                data-col-index=\"1\"\n                data-row-index=\"3\"\n                style=\"                padding:10px;\"\n                >\n                                12 semaines                <\/td>\n                                            <td class=\"wpdt-cell \"\n                                    data-cell-id=\"C4\"\n                data-col-index=\"2\"\n                data-row-index=\"3\"\n                style=\"                padding:10px;\"\n                >\n                                22 semaines                <\/td>\n                                            <td class=\"wpdt-cell \"\n                                    data-cell-id=\"D4\"\n                data-col-index=\"3\"\n                data-row-index=\"3\"\n                style=\"                padding:10px;\"\n                >\n                                34 semaines                <\/td>\n                                        <\/tr>\n                            <tr class=\"wpdt-cell-row \" >\n                            <td class=\"wpdt-cell wpdt-bold\"\n                                    data-cell-id=\"A5\"\n                data-col-index=\"0\"\n                data-row-index=\"4\"\n                style=\"                padding:10px;\"\n                >\n                                Naissance simultan\u00e9e de plus de deux enfants                <\/td>\n                                            <td class=\"wpdt-cell \"\n                                    data-cell-id=\"B5\"\n                data-col-index=\"1\"\n                data-row-index=\"4\"\n                style=\"                padding:10px;\"\n                >\n                                24 semaines                <\/td>\n                                            <td class=\"wpdt-cell \"\n                                    data-cell-id=\"C5\"\n                data-col-index=\"2\"\n                data-row-index=\"4\"\n                style=\"                padding:10px;\"\n                >\n                                22 semaines                <\/td>\n                                            <td class=\"wpdt-cell \"\n                                    data-cell-id=\"D5\"\n                data-col-index=\"3\"\n                data-row-index=\"4\"\n                style=\"                padding:10px;\"\n                >\n                                46 semaines                <\/td>\n                                        <\/tr>\n                    <\/table>\n<\/div><style id='wpdt-custom-style-30'>\ntable#wpdtSimpleTable-30{ table-layout: fixed !important; }\ntable#wpdtSimpleTable-30 td, table.wpdtSimpleTable30 th { white-space: normal !important; }\n.wpdt-bc-F3F9FE { background-color: #F3F9FE !important;}\n<\/style>\n<\/p>\n<p style=\"text-align: justify;\">Le cong\u00e9 maternit\u00e9 minimum est d&rsquo;une dur\u00e9e de 16 semaines. Sachez qu&rsquo;\u00e0 ce titre, vous pouvez percevoir des indemnit\u00e9s journali\u00e8res sous conditions.<\/p>\n<h2 style=\"text-align: justify;\">L&rsquo;aide pour la naissance d&rsquo;un enfant<\/h2>\n<p class=\"amp-wp-7d27179\" style=\"text-align: justify;\" data-amp-original-style=\"text-align: justify;\"><span class=\"amp-wp-fe3f5cc\" data-amp-original-style=\"font-weight: 400;\">La prestation\u00a0<\/span><span class=\"___SText_1ft2c_swa-addon_\" data-ui-name=\"Tag.Text\">d&rsquo;accueil du jeune enfant\u00a0<\/span>(PAJE) est une prestation familiales et une aide financi\u00e8re destin\u00e9e \u00e0 aider une famille \u00e0 financer les d\u00e9penses li\u00e9es \u00e0 l\u2019entretien et \u00e0 l\u2019\u00e9ducation d\u00e8s la naissance de l\u2019enfant.<\/p>\n<p class=\"amp-wp-7d27179\" style=\"text-align: justify;\" data-amp-original-style=\"text-align: justify;\"><span class=\"amp-wp-fe3f5cc\" data-amp-original-style=\"font-weight: 400;\">Cette <a href=\"https:\/\/www.mes-allocs.fr\/guides\/wp-admin\/post.php?post=38818&amp;action=edit\">aide<\/a> est destin\u00e9e aux parents d\u2019 enfants n\u00e9s ou adopt\u00e9s.<\/span><\/p>\n<p class=\"amp-wp-7d27179\" style=\"text-align: justify;\" data-amp-original-style=\"text-align: justify;\"><span class=\"amp-wp-fe3f5cc\" data-amp-original-style=\"font-weight: 400;\">Depuis le 1er janvier 2015, elle est vers\u00e9e le mois suivant la naissance ou l\u2019adoption.<\/span><\/p>\n<p class=\"amp-wp-7d27179\" style=\"text-align: justify;\" data-amp-original-style=\"text-align: justify;\"><span class=\"amp-wp-fe3f5cc\" data-amp-original-style=\"font-weight: 400;\">Elle est vers\u00e9e une fois par mois par la Caisse d\u2019Allocations Familiales (CAF) ou la Mutualit\u00e9 Sociale Agricole (MSA) aux familles dont les revenus ne d\u00e9passent pas certains plafonds de ressources. Vous devez donc \u00eatre allocataire de l\u2019un de ces deux organismes pour en b\u00e9n\u00e9ficier.<\/span><\/p>\n<p class=\"amp-wp-7d27179\" style=\"text-align: justify;\" data-amp-original-style=\"text-align: justify;\"><span class=\"amp-wp-fe3f5cc\" data-amp-original-style=\"font-weight: 400;\">Les aides qui composent la PAJE sont les suivantes :<\/span><\/p>\n<ul class=\"amp-wp-7d27179\" style=\"text-align: justify;\" data-amp-original-style=\"text-align: justify;\">\n<li class=\"amp-wp-fe3f5cc\" data-amp-original-style=\"font-weight: 400;\"><span class=\"amp-wp-fe3f5cc\" data-amp-original-style=\"font-weight: 400;\">La prime \u00e0 l\u2019adoption ou prime \u00e0 la naissance, qui fait face aux premi\u00e8res d\u00e9penses et est vers\u00e9e en une seule fois ;<\/span><\/li>\n<li class=\"amp-wp-fe3f5cc\" data-amp-original-style=\"font-weight: 400;\"><span class=\"amp-wp-fe3f5cc\" data-amp-original-style=\"font-weight: 400;\">L\u2019allocation de base, qui permet de supporter les d\u00e9penses li\u00e9es \u00e0 l\u2019\u00e9ducation de l\u2019enfant, vers\u00e9e chaque mois avant l\u2019\u00e2ge de trois ans ;<\/span><\/li>\n<li class=\"amp-wp-fe3f5cc\" data-amp-original-style=\"font-weight: 400;\"><span class=\"amp-wp-fe3f5cc\" data-amp-original-style=\"font-weight: 400;\">Le compl\u00e9ment de libre choix du mode de garde, qui aide \u00e0 engager des d\u00e9penses de garde de l\u2019enfant, consiste en une prise en charge partielle des frais de l\u2019assistante maternelle agr\u00e9\u00e9e ;<\/span><\/li>\n<li class=\"amp-wp-fe3f5cc\" data-amp-original-style=\"font-weight: 400;\"><span class=\"amp-wp-fe3f5cc\" data-amp-original-style=\"font-weight: 400;\">La prestation partag\u00e9e d\u2019\u00e9ducation de l\u2019enfant (PreParE), distribu\u00e9e lorsque les parents cessent ou r\u00e9duisent leur activit\u00e9 professionnelle pour \u00e9lever l\u2019enfant, est vers\u00e9e en fonction du nombre d\u2019enfants \u00e0 charge<\/span><\/li>\n<\/ul>\n<h3 style=\"text-align: justify;\">La prime de naissance<\/h3>\n<p style=\"text-align: justify;\"><span style=\"font-weight: 400;\">La prime de naissance est une aide financi\u00e8re qui permet aux futurs parents de faire face aux d\u00e9penses li\u00e9es \u00e0 la naissance ou \u00e0 l\u2019adoption d\u2019un enfant. Cette aide fait partie d\u2019un ensemble d\u2019aides \u00e0 la famille et appartient au dispositif d\u2019aides PAJE (Prestation d\u2019Accueil du Jeune Enfant) de la <a href=\"https:\/\/www.caf.fr\/allocataires\/droits-et-prestations\/s-informer-sur-les-aides\/petite-enfance\/la-prestation-d-accueil-du-jeune-enfant-paje\">CAF<\/a>.<\/span><\/p>\n<p style=\"text-align: justify;\"><span style=\"font-weight: 400;\">Cette prime \u00e0 l\u2019adoption ou \u00e0 la naissance est vers\u00e9e par la CAF pour faire face aux frais li\u00e9es \u00e0\u00a0 l\u2019arriv\u00e9e de votre enfant dans le foyer. Cette allocation est attribu\u00e9e jusqu\u2019aux 3 ans de l\u2019enfant et perdure jusqu\u2019\u00e0 l\u2019\u00e2ge de 20 ans dans le cas d\u2019une adoption.<\/span><\/p>\n<p style=\"text-align: justify;\"><span style=\"font-weight: 400;\">Comme la plupart des aides de la CAF, elles sont attribu\u00e9es selon certaines conditions de ressources.<\/span><\/p>\n<p><span style=\"font-weight: 400;\"><div class='cta-block'><div class='text'>Simulez toutes vos aides en 2 min.<\/div><a href='' class='app-button fit'>Simulation gratuite<\/a><\/div><\/span><\/p>\n","protected":false},"excerpt":{"rendered":"<p>Si vous attendez un enfant ou si vous venez d&rsquo;accoucher, vous pouvez b\u00e9n\u00e9ficier d&rsquo;un cong\u00e9 maternit\u00e9. C&rsquo;est un temps de repos accord\u00e9 aux parents lors de l&rsquo;arriv\u00e9e d&rsquo;un enfant. Le cong\u00e9 maternit\u00e9 peut \u00eatre indemnis\u00e9 par une allocation familiale. Dans cet article, nous allons voir comment se structure le cong\u00e9 maternit\u00e9 pour un m\u00e9decin lib\u00e9ral. [&hellip;]<\/p>\n","protected":false},"author":6,"featured_media":45387,"comment_status":"closed","ping_status":"open","sticky":false,"template":"","format":"standard","meta":{"amp_status":"","footnotes":""},"categories":[10,36,16979],"tags":[],"class_list":["post-45386","post","type-post","status-publish","format-standard","has-post-thumbnail","hentry","category-allocations-familiales","category-conge-maternite","category-conge-maternite-france"],"yoast_head":"<!-- This site is optimized with the Yoast SEO plugin v14.9 - https:\/\/yoast.com\/wordpress\/plugins\/seo\/ -->\n<title>Le cong\u00e9 maternit\u00e9 pour un m\u00e9decin lib\u00e9ral | Mes-Allocs.fr<\/title>\n<meta name=\"description\" content=\"En tant que m\u00e9decin lib\u00e9ral, il y a des param\u00e8tres particuliers pour le cong\u00e9 maternit\u00e9. Mes Allocs vous en dit plus dans cet article.\" \/>\n<meta name=\"robots\" content=\"index, follow, max-snippet:-1, max-image-preview:large, max-video-preview:-1\" \/>\n<link rel=\"canonical\" href=\"https:\/\/www.mes-allocs.fr\/guides\/allocations-familiales\/conge-maternite\/conge-maternite-france\/conge-maternite-medecin-liberal\/\" \/>\n<meta property=\"og:locale\" content=\"fr_FR\" \/>\n<meta property=\"og:type\" content=\"article\" \/>\n<meta property=\"og:title\" content=\"Le cong\u00e9 maternit\u00e9 pour un m\u00e9decin lib\u00e9ral | Mes-Allocs.fr\" \/>\n<meta property=\"og:description\" content=\"En tant que m\u00e9decin lib\u00e9ral, il y a des param\u00e8tres particuliers pour le cong\u00e9 maternit\u00e9. Mes Allocs vous en dit plus dans cet article.\" \/>\n<meta property=\"og:url\" content=\"https:\/\/www.mes-allocs.fr\/guides\/allocations-familiales\/conge-maternite\/conge-maternite-france\/conge-maternite-medecin-liberal\/\" \/>\n<meta property=\"og:site_name\" content=\"Mes-Allocs.fr\" \/>\n<meta property=\"article:published_time\" content=\"2022-04-25T13:03:10+00:00\" \/>\n<meta property=\"article:modified_time\" content=\"2025-03-18T14:01:28+00:00\" \/>\n<meta property=\"og:image\" content=\"https:\/\/www.mes-allocs.fr\/guides\/wp-content\/uploads\/2022\/02\/medecin-1-e1686729092675.jpeg?wsr\" \/>\n\t<meta property=\"og:image:width\" content=\"1125\" \/>\n\t<meta property=\"og:image:height\" content=\"196\" \/>\n<meta name=\"twitter:card\" content=\"summary_large_image\" \/>\n<script type=\"application\/ld+json\" class=\"yoast-schema-graph\">{\"@context\":\"https:\/\/schema.org\",\"@graph\":[{\"@type\":\"WebSite\",\"@id\":\"https:\/\/www.mes-allocs.fr\/guides\/#website\",\"url\":\"https:\/\/www.mes-allocs.fr\/guides\/\",\"name\":\"Mes-Allocs.fr\",\"description\":\"\",\"potentialAction\":[{\"@type\":\"SearchAction\",\"target\":\"https:\/\/www.mes-allocs.fr\/guides\/?s={search_term_string}\",\"query-input\":\"required name=search_term_string\"}],\"inLanguage\":\"fr-FR\"},{\"@type\":\"ImageObject\",\"@id\":\"https:\/\/www.mes-allocs.fr\/guides\/allocations-familiales\/conge-maternite\/conge-maternite-france\/conge-maternite-medecin-liberal\/#primaryimage\",\"inLanguage\":\"fr-FR\",\"url\":\"https:\/\/www.mes-allocs.fr\/guides\/wp-content\/uploads\/2022\/02\/medecin-1-e1686729092675.jpeg?wsr\",\"width\":1125,\"height\":196,\"caption\":\"conge maternite medecin liberal\"},{\"@type\":\"WebPage\",\"@id\":\"https:\/\/www.mes-allocs.fr\/guides\/allocations-familiales\/conge-maternite\/conge-maternite-france\/conge-maternite-medecin-liberal\/#webpage\",\"url\":\"https:\/\/www.mes-allocs.fr\/guides\/allocations-familiales\/conge-maternite\/conge-maternite-france\/conge-maternite-medecin-liberal\/\",\"name\":\"Le cong\\u00e9 maternit\\u00e9 pour un m\\u00e9decin lib\\u00e9ral | Mes-Allocs.fr\",\"isPartOf\":{\"@id\":\"https:\/\/www.mes-allocs.fr\/guides\/#website\"},\"primaryImageOfPage\":{\"@id\":\"https:\/\/www.mes-allocs.fr\/guides\/allocations-familiales\/conge-maternite\/conge-maternite-france\/conge-maternite-medecin-liberal\/#primaryimage\"},\"datePublished\":\"2022-04-25T13:03:10+00:00\",\"dateModified\":\"2025-03-18T14:01:28+00:00\",\"author\":{\"@id\":\"https:\/\/www.mes-allocs.fr\/guides\/#\/schema\/person\/0ecd61a8600573914d00d970a588c024\"},\"description\":\"En tant que m\\u00e9decin lib\\u00e9ral, il y a des param\\u00e8tres particuliers pour le cong\\u00e9 maternit\\u00e9. Mes Allocs vous en dit plus dans cet article.\",\"inLanguage\":\"fr-FR\"},{\"@type\":\"Person\",\"@id\":\"https:\/\/www.mes-allocs.fr\/guides\/#\/schema\/person\/0ecd61a8600573914d00d970a588c024\",\"name\":\"Jonathan\",\"image\":{\"@type\":\"ImageObject\",\"@id\":\"https:\/\/www.mes-allocs.fr\/guides\/#personlogo\",\"inLanguage\":\"fr-FR\",\"url\":\"https:\/\/www.mes-allocs.fr\/guides\/wp-content\/uploads\/2021\/06\/jonathan-150x150.png\",\"caption\":\"Jonathan\"},\"description\":\"Jonathan est r\\u00e9dacteur au sein de l'\\u00e9quipe Mes Allocs, sp\\u00e9cialis\\u00e9 sur les sujets li\\u00e9s au handicap. Dipl\\u00f4m\\u00e9e de l'UPEM, il rejoint Mes Allocs apr\\u00e8s avoir travaill\\u00e9 \\u00e0 l'association AEDE qui accompagne les adultes en situation de handicap. Quand il n'\\u00e9crit pas, on peut le retrouver sur un terrain de basket.\",\"sameAs\":[\"https:\/\/www.linkedin.com\/in\/jonathan-bambela-8637861b7\"]}]}<\/script>\n<!-- \/ Yoast SEO plugin. -->","amp_validity":null,"acf":{"faq":{"1":{"question":"Comment faire pour prolonger son cong\u00e9 maternit\u00e9 ?","answer":"Si vous souhaitez prolonger votre cong\u00e9 maternit\u00e9, vous devez en faire la demande aupr\u00e8s de la CPAM."},"2":{"question":"Quand d\u00e9bute les 3 jours de cong\u00e9 paternit\u00e9 ?","answer":"La dur\u00e9e du cong\u00e9 de naissance est fix\u00e9e \u00e0 3 jours ouvrables par le code du travail. En cas de naissances multiples (jumeaux, tripl\u00e9s...) ou d'adoption de plusieurs enfants, la dur\u00e9e demeure la m\u00eame."},"3":{"question":" Quelle est la dur\u00e9e du cong\u00e9 apr\u00e8s accouchement ?","answer":"Le cong\u00e9 postnatal (apr\u00e8s accouchement), est de 10 semaines."},"4":{"question":"Combien de temps dure un cong\u00e9 maternit\u00e9 ?","answer":"Cela varie en fonction du nombre d'enfants que vous avez. \r\nSi il s'agit de votre 1er ou 2e enfant, la dur\u00e9e totale de votre cong\u00e9 est de : 16 semaines. \r\nPour un troisi\u00e8me enfant ou plus, elle est de 26 semaine au total."},"5":{"question":"Comment est r\u00e9mun\u00e9r\u00e9 le cong\u00e9 paternit\u00e9 ?","answer":"Vos indemnit\u00e9s journali\u00e8res vous sont vers\u00e9es (ou \u00e0 votre employeur en cas de subrogation) tous les 14 jours par votre caisse d'assurance maladie."},"6":{"question":"Qu'est-ce que le cong\u00e9 maternit\u00e9 ?","answer":"Le cong\u00e9 maternit\u00e9 correspond \u00e0 la dur\u00e9e pendant laquelle une femme salari\u00e9e quitte son activit\u00e9 au moment de la naissance de son enfant."},"7":{"question":"","answer":""},"8":{"question":"","answer":""},"9":{"question":"","answer":""},"10":{"question":"","answer":""},"11":{"question":"","answer":""},"12":{"question":"","answer":""},"13":{"question":"","answer":""},"14":{"question":"","answer":""},"15":{"question":"","answer":""},"16":{"question":"","answer":""}}},"_links":{"self":[{"href":"https:\/\/www.mes-allocs.fr\/guides\/wp-json\/wp\/v2\/posts\/45386","targetHints":{"allow":["GET"]}}],"collection":[{"href":"https:\/\/www.mes-allocs.fr\/guides\/wp-json\/wp\/v2\/posts"}],"about":[{"href":"https:\/\/www.mes-allocs.fr\/guides\/wp-json\/wp\/v2\/types\/post"}],"author":[{"embeddable":true,"href":"https:\/\/www.mes-allocs.fr\/guides\/wp-json\/wp\/v2\/users\/6"}],"replies":[{"embeddable":true,"href":"https:\/\/www.mes-allocs.fr\/guides\/wp-json\/wp\/v2\/comments?post=45386"}],"version-history":[{"count":11,"href":"https:\/\/www.mes-allocs.fr\/guides\/wp-json\/wp\/v2\/posts\/45386\/revisions"}],"predecessor-version":[{"id":95942,"href":"https:\/\/www.mes-allocs.fr\/guides\/wp-json\/wp\/v2\/posts\/45386\/revisions\/95942"}],"wp:featuredmedia":[{"embeddable":true,"href":"https:\/\/www.mes-allocs.fr\/guides\/wp-json\/wp\/v2\/media\/45387"}],"wp:attachment":[{"href":"https:\/\/www.mes-allocs.fr\/guides\/wp-json\/wp\/v2\/media?parent=45386"}],"wp:term":[{"taxonomy":"category","embeddable":true,"href":"https:\/\/www.mes-allocs.fr\/guides\/wp-json\/wp\/v2\/categories?post=45386"},{"taxonomy":"post_tag","embeddable":true,"href":"https:\/\/www.mes-allocs.fr\/guides\/wp-json\/wp\/v2\/tags?post=45386"}],"curies":[{"name":"wp","href":"https:\/\/api.w.org\/{rel}","templated":true}]}}