{"id":45379,"date":"2022-03-28T16:47:56","date_gmt":"2022-03-28T14:47:56","guid":{"rendered":"https:\/\/www.mes-allocs.fr\/guides\/?p=45379"},"modified":"2025-03-18T16:02:21","modified_gmt":"2025-03-18T14:02:21","slug":"conge-maternite-femme","status":"publish","type":"post","link":"https:\/\/www.mes-allocs.fr\/guides\/allocations-familiales\/conge-maternite\/conge-maternite-femme\/","title":{"rendered":"Cong\u00e9 maternit\u00e9 femme : que dit le code du travail ?"},"content":{"rendered":"<p><img loading=\"lazy\" decoding=\"async\" class=\"alignnone wp-image-45457 size-large\" title=\"Conge maternite femme que dit le code du travail\" src=\"https:\/\/www.mes-allocs.fr\/guides\/wp-content\/uploads\/2022\/02\/Conge-maternite-femme-que-dit-le-code-du-travail-1-2-e1686732205965-1024x154.jpg\" alt=\"Conge maternite code du travail\" width=\"1024\" height=\"154\" srcset=\"https:\/\/www.mes-allocs.fr\/guides\/wp-content\/uploads\/2022\/02\/Conge-maternite-femme-que-dit-le-code-du-travail-1-2-e1686732205965-1024x154.jpg 1024w, https:\/\/www.mes-allocs.fr\/guides\/wp-content\/uploads\/2022\/02\/Conge-maternite-femme-que-dit-le-code-du-travail-1-2-e1686732205965-300x45.jpg 300w, https:\/\/www.mes-allocs.fr\/guides\/wp-content\/uploads\/2022\/02\/Conge-maternite-femme-que-dit-le-code-du-travail-1-2-e1686732205965-768x115.jpg 768w, https:\/\/www.mes-allocs.fr\/guides\/wp-content\/uploads\/2022\/02\/Conge-maternite-femme-que-dit-le-code-du-travail-1-2-e1686732205965-600x90.jpg 600w, https:\/\/www.mes-allocs.fr\/guides\/wp-content\/uploads\/2022\/02\/Conge-maternite-femme-que-dit-le-code-du-travail-1-2-e1686732205965.jpg 1280w\" sizes=\"auto, (max-width: 1024px) 100vw, 1024px\" \/><\/p>\n<p style=\"text-align: justify;\"><strong>Le cong\u00e9 de maternit\u00e9 est pr\u00e9vu par le code du travail. Il consiste en une p\u00e9riode pendant laquelle les femmes enceintes cessent toute activit\u00e9 professionnelle. On vous dit tout sur ce cong\u00e9 : d\u00e9finition, dur\u00e9e, avantages, etc.<\/strong><\/p>\n<p><strong>Pour en savoir plus sur les <a href=\"https:\/\/www.mes-allocs.fr\/guides\/allocations-familiales\">allocations familiales<\/a> !\u00a0<\/strong><\/p>\n<hr \/>\n<h1><b>A quoi correspond le cong\u00e9 de maternit\u00e9\u00a0? <img loading=\"lazy\" decoding=\"async\" class=\"alignright wp-image-45455 size-medium\" title=\"Conge maternite femme que dit le code du travail\" src=\"https:\/\/www.mes-allocs.fr\/guides\/wp-content\/uploads\/2022\/02\/Conge-maternite-femme-que-dit-le-code-du-travail-1-1-300x200.jpg\" alt=\"Conge maternite code du travail\" width=\"300\" height=\"200\" srcset=\"https:\/\/www.mes-allocs.fr\/guides\/wp-content\/uploads\/2022\/02\/Conge-maternite-femme-que-dit-le-code-du-travail-1-1-300x200.jpg 300w, https:\/\/www.mes-allocs.fr\/guides\/wp-content\/uploads\/2022\/02\/Conge-maternite-femme-que-dit-le-code-du-travail-1-1-1024x682.jpg 1024w, https:\/\/www.mes-allocs.fr\/guides\/wp-content\/uploads\/2022\/02\/Conge-maternite-femme-que-dit-le-code-du-travail-1-1-768x512.jpg 768w, https:\/\/www.mes-allocs.fr\/guides\/wp-content\/uploads\/2022\/02\/Conge-maternite-femme-que-dit-le-code-du-travail-1-1-600x400.jpg 600w, https:\/\/www.mes-allocs.fr\/guides\/wp-content\/uploads\/2022\/02\/Conge-maternite-femme-que-dit-le-code-du-travail-1-1.jpg 1280w\" sizes=\"auto, (max-width: 300px) 100vw, 300px\" \/><\/b><\/h1>\n<p style=\"text-align: justify;\"><span style=\"font-weight: 400;\"><a href=\"https:\/\/www.mes-allocs.fr\/guides\/allocations-familiales\/conge-maternite\/conge-maternite-france\/\">Le cong\u00e9 maternit\u00e9<\/a> correspond \u00e0 la dur\u00e9e pendant laquelle une femme salari\u00e9e quitte son activit\u00e9 au moment de la naissance de son enfant. Durant cette p\u00e9riode, elle per\u00e7oit une partie de son salaire.<\/span><\/p>\n<p style=\"text-align: justify;\"><span style=\"font-weight: 400;\">La loi fran\u00e7aise pr\u00e9voit le cong\u00e9 de maternit\u00e9 pour les femmes salari\u00e9es depuis de nombreuses ann\u00e9es. Cependant, elles ne sont pas les seules \u00e0 pouvoir en b\u00e9n\u00e9ficier. En effet, si vous \u00eates une femme inscrite au ch\u00f4mage et relevant de la S\u00e9curit\u00e9 Sociale des Ind\u00e9pendants, vous pouvez \u00e9galement en b\u00e9n\u00e9ficier.\u00a0<\/span><\/p>\n<p>&nbsp;<\/p>\n<p><span style=\"font-weight: 400;\"><div class='cta-block'><div class='text'>Simulez toutes vos aides en 2 min.<\/div><a href='' class='app-button fit'>Simulation gratuite<\/a><\/div><\/span><\/p>\n<h2><b>Formalit\u00e9s \u00e0 effectuer pour b\u00e9n\u00e9ficier du cong\u00e9 maternit\u00e9<\/b><\/h2>\n<p style=\"text-align: justify;\">Avant de prendre un cong\u00e9 maternit\u00e9, des <a href=\"https:\/\/www.mes-allocs.fr\/guides\/wp-admin\/post.php?post=40116&amp;action=edit\">d\u00e9marches<\/a> sont \u00e0 effectuer. En effet, vous \u00eates dans l&rsquo;obligation d&rsquo;informer votre employeur. Aucune date limite n&rsquo;est cependant fix\u00e9e pour effectuer cette d\u00e9marche.<\/p>\n<p style=\"text-align: justify;\"><span style=\"font-weight: 400;\">Vous avez la possibilit\u00e9 d&rsquo;aviser votre employeur par courrier recommand\u00e9 avec accus\u00e9 de r\u00e9ception ou remise en personne du r\u00e9c\u00e9piss\u00e9 accompagn\u00e9 d&rsquo;un certificat m\u00e9dical mentionnant la date pr\u00e9vue de votre accouchement.<\/span><\/p>\n<p style=\"text-align: justify;\"><span style=\"font-weight: 400;\">Vous devez \u00e9galement d\u00e9clarer votre grossesse directement \u00e0 la Caisse d&rsquo;Assurance Maladie et \u00e0 la CAF (Caisse d&rsquo;Allocations Familiales) avant la fin de la 14e semaine de grossesse, soit en ligne, soit via un formulaire envoy\u00e9 par courrier.<\/span><\/p>\n<p style=\"text-align: justify;\"><span style=\"font-weight: 400;\">Cette d\u00e9claration est faite \u00e0 l&rsquo;aide d&rsquo;un formulaire \u00ab\u00a0Premier bilan de sant\u00e9 pr\u00e9natal\u00a0\u00bb (\u00e9galement appel\u00e9 \u00ab\u00a0Vous attendez un enfant\u00a0\u00bb) d\u00e9livr\u00e9 par votre m\u00e9decin ou votre sage-femme. Renseignez-vous aupr\u00e8s de Caisse d&rsquo;Assurance Maladie afin d&rsquo;en savoir plus.\u00a0<\/span><\/p>\n<h2><b>Dur\u00e9e du cong\u00e9 maternit\u00e9\u00a0<\/b><\/h2>\n<div class=\"wDYxhc\" lang=\"fr-CI\" data-md=\"61\">\n<div class=\"LGOjhe\" style=\"text-align: justify;\" role=\"heading\" data-attrid=\"wa:\/description\" aria-level=\"3\" data-hveid=\"CAUQAA\"><span class=\"ILfuVd\"><span class=\"hgKElc\">La dur\u00e9e minimum du cong\u00e9 de maternit\u00e9 est divis\u00e9e en deux p\u00e9riodes distinctes;\u00a06 semaines avant la date pr\u00e9sum\u00e9e de l&rsquo;accouchement (on parle de cong\u00e9 pr\u00e9natal) et 10 semaines apr\u00e8s\u00a0l&rsquo;accouchement (cong\u00e9 postnatal). Cette dur\u00e9e varie si vous avez d\u00e9j\u00e0 au moins deux enfants \u00e0 votre charge.<\/span><\/span><\/div>\n<\/div>\n<div class=\"g\" style=\"text-align: justify;\">\n<div data-hveid=\"CAMQAA\" data-ved=\"2ahUKEwimso_J8pH2AhUM_rsIHRinA2UQFSgAegQIAxAA\">\n<div><\/div>\n<div class=\"tF2Cxc\">\u00a0Cependant, cette dur\u00e9e peut varier selon certaines conditions :<\/div>\n<\/div>\n<\/div>\n<ul>\n<li style=\"text-align: justify;\"><span style=\"font-weight: 400;\">A partir du troisi\u00e8me enfant, la dur\u00e9e du cong\u00e9 passe \u00e0 26 semaines (8 semaines avant l&rsquo;accouchement et 18 semaines apr\u00e8s l&rsquo;accouchement).<\/span><\/li>\n<li style=\"text-align: justify;\"><span style=\"font-weight: 400;\">Pour les femmes enceintes avec des jumeaux, le cong\u00e9 de maternit\u00e9 est disponible pendant 34 semaines (12 et 22 semaines).<\/span><\/li>\n<li style=\"text-align: justify;\"><span style=\"font-weight: 400;\">Si vous \u00eates enceinte de tripl\u00e9s, de quadrupl\u00e9s, etc., le cong\u00e9 de maternit\u00e9 est port\u00e9 \u00e0 46 semaines (24 et 22 semaines).<\/span><\/li>\n<\/ul>\n<p><iframe loading=\"lazy\" title=\"Le cong\u00e9 maternit\u00e9\" width=\"500\" height=\"281\" src=\"https:\/\/www.youtube.com\/embed\/6e67ojUjl0Q?feature=oembed\" frameborder=\"0\" allow=\"accelerometer; autoplay; clipboard-write; encrypted-media; gyroscope; picture-in-picture; web-share\" referrerpolicy=\"strict-origin-when-cross-origin\" allowfullscreen><\/iframe><\/p>\n<h2>Le cong\u00e9 pathologique<\/h2>\n<p>En plus du cong\u00e9 maternit\u00e9 traditionnel d\u2019une dur\u00e9e minimale de 16 semaines, un cong\u00e9 pathologique peut \u00eatre accord\u00e9 \u00e0 l\u2019assur\u00e9e, si son \u00e9tat de sant\u00e9 le justifie.<\/p>\n<p>On distingue deux types de cong\u00e9s pathologiques.<\/p>\n<h3>Le cong\u00e9 pathologique pr\u00e9natal<\/h3>\n<p style=\"text-align: justify;\">Le cong\u00e9 pathologique pr\u00e9natal est prescrit par le m\u00e9decin g\u00e9n\u00e9raliste ou le gyn\u00e9cologue dans le cas de grossesses \u00e0 risques(par exemple, s\u2019il y a un risque d\u2019accouchement pr\u00e9matur\u00e9, si la future maman est tr\u00e8s fatigu\u00e9e, en cas d\u2019hypertension ou de diab\u00e8te).<\/p>\n<p style=\"text-align: justify;\">Il peut \u00eatre prescrit d\u00e8s la d\u00e9claration officielle de la grossesse et s\u2019agissant d\u2019un arr\u00eat de travail pour une grossesse pr\u00e9sentant un risque, la salari\u00e9e \u00e0 l\u2019obligation de repos total \u00e0 domicile.<\/p>\n<p style=\"text-align: justify;\">Le cong\u00e9 pathologique pr\u00e9natal, comme son nom l\u2019indique, est pris avant la date pr\u00e9vue d\u2019accouchement. S\u2019il s\u2019agit du premier enfant de la salari\u00e9e, ou si elle a un seul enfant, \u00e0 ses 6 semaines de cong\u00e9 maternit\u00e9 pr\u00e9natal peut s\u2019ajouter le cong\u00e9 pathologique pr\u00e9natal de 14 jours.<\/p>\n<h3>Le cong\u00e9 pathologique postnatal<\/h3>\n<p style=\"text-align: justify;\">Le cong\u00e9 pathologique postnatal intervient \u00e0 la fin du cong\u00e9 maternit\u00e9 (10 semaines apr\u00e8s l\u2019accouchement en g\u00e9n\u00e9ral). Il ne peut pas \u00eatre sup\u00e9rieur \u00e0 4 semaines cons\u00e9cutives et il est prescrit par le m\u00e9decin g\u00e9n\u00e9ral ou le gyn\u00e9cologue pour des motifs li\u00e9s \u00e0 l\u2019accouchement ou \u00e0 la sant\u00e9 du nouveau-n\u00e9.<\/p>\n<p>Les indemnit\u00e9s journali\u00e8res de la s\u00e9curit\u00e9 sociale vers\u00e9es sont calcul\u00e9es comme un arr\u00eat maladie ordinaire.<\/p>\n<p><span style=\"font-weight: 400;\"><div class='cta-block'><div class='text'>Simulez toutes vos aides en 2 min.<\/div><a href='' class='app-button fit'>Simulation gratuite<\/a><\/div><\/span><\/p>\n<h1><b>Comment calculer les dates et indemnit\u00e9s journali\u00e8res du cong\u00e9 de maternit\u00e9 ? <img loading=\"lazy\" decoding=\"async\" class=\"alignright wp-image-45456 size-medium\" title=\"Comment calculer les dates et indemnites journalieres du conge de maternite\" src=\"https:\/\/www.mes-allocs.fr\/guides\/wp-content\/uploads\/2022\/02\/Comment-calculer-les-dates-et-indemnites-journalieres-du-conge-de-maternite--300x200.jpg\" alt=\"Conge maternite code du travail\" width=\"300\" height=\"200\" srcset=\"https:\/\/www.mes-allocs.fr\/guides\/wp-content\/uploads\/2022\/02\/Comment-calculer-les-dates-et-indemnites-journalieres-du-conge-de-maternite--300x200.jpg 300w, https:\/\/www.mes-allocs.fr\/guides\/wp-content\/uploads\/2022\/02\/Comment-calculer-les-dates-et-indemnites-journalieres-du-conge-de-maternite--1024x682.jpg 1024w, https:\/\/www.mes-allocs.fr\/guides\/wp-content\/uploads\/2022\/02\/Comment-calculer-les-dates-et-indemnites-journalieres-du-conge-de-maternite--768x512.jpg 768w, https:\/\/www.mes-allocs.fr\/guides\/wp-content\/uploads\/2022\/02\/Comment-calculer-les-dates-et-indemnites-journalieres-du-conge-de-maternite--600x400.jpg 600w, https:\/\/www.mes-allocs.fr\/guides\/wp-content\/uploads\/2022\/02\/Comment-calculer-les-dates-et-indemnites-journalieres-du-conge-de-maternite-.jpg 1280w\" sizes=\"auto, (max-width: 300px) 100vw, 300px\" \/><\/b><\/h1>\n<p style=\"text-align: justify;\"><span style=\"font-weight: 400;\">Comme vous pouvez le constater, les dates du cong\u00e9 de maternit\u00e9 sont fix\u00e9es avec pr\u00e9cision par la loi. <\/span><\/p>\n<p style=\"text-align: justify;\">Toutefois, vous avez la possibilit\u00e9 de raccourcir la dur\u00e9e de votre cong\u00e9 maternit\u00e9. Dans le cas o\u00f9 vous souhaitez reprendre votre travail plus t\u00f4t, vous pouvez faire la demande aupr\u00e8s de la S\u00e9curit\u00e9 sociale sur accord pr\u00e9alable de votre m\u00e9decin.<\/p>\n<p style=\"text-align: justify;\"><span style=\"font-weight: 400;\">Les femmes ayant au moins deux enfants \u00e0 charge peuvent d\u00e9cider de prendre un cong\u00e9 pr\u00e9natal plus long et, par cons\u00e9quent, un cong\u00e9 postnatal plus court.<\/span><\/p>\n<p style=\"text-align: justify;\"><span style=\"font-weight: 400;\">En cas d&rsquo;accouchement pr\u00e9matur\u00e9, il est facile de calculer la dur\u00e9e du cong\u00e9 de maternit\u00e9, les jours perdus en cong\u00e9 pr\u00e9natal sont report\u00e9s apr\u00e8s l&rsquo;accouchement. Si l&rsquo;enfant est n\u00e9 plus de six semaines avant terme, le cong\u00e9 postnatal sera \u00e0 nouveau prolong\u00e9 du nombre de jours correspondant.<\/span><\/p>\n<h2><b>Les indemnit\u00e9s journali\u00e8res lors du cong\u00e9 maternit\u00e9<\/b><\/h2>\n<p style=\"text-align: justify;\"><span style=\"font-weight: 400;\">Pendant le cong\u00e9 de maternit\u00e9, les salaires sont suspendus. La S\u00e9curit\u00e9 Sociale prend le relais et paie les per diem. Cette derni\u00e8re est vers\u00e9e tous les quinze jours et est calcul\u00e9e sur la base des salaires vers\u00e9s au cours des mois pr\u00e9c\u00e9dant le cong\u00e9 de maternit\u00e9. Il existe un montant minimum d&rsquo;indemnisation, mais aussi un plafond \u00e0 ne pas d\u00e9passer, et ces seuils \u00e9voluent d&rsquo;ann\u00e9e en ann\u00e9e.\u00a0<\/span><\/p>\n<p style=\"text-align: justify;\"><span style=\"font-weight: 400;\">Selon la convention collective applicable au sein de l&rsquo;entreprise, l&#8217;employeur peut verser une indemnit\u00e9 compl\u00e9mentaire .<\/span><span style=\"font-weight: 400;\">En effet, les conventions collectives peuvent pr\u00e9voir le maintien d&rsquo;une partie ou de la totalit\u00e9 du salaire pendant le cong\u00e9 de maternit\u00e9.<\/span><\/p>\n<p style=\"text-align: justify;\"><span style=\"font-weight: 400;\">A noter : Les femmes inscrites comme demandeurs d&#8217;emploi et ch\u00f4meurs peuvent \u00e9galement demander ces indemnit\u00e9s journali\u00e8res.<\/span><\/p>\n<h2><b>Cong\u00e9 maternit\u00e9 pour les ind\u00e9pendantes et dans la fonction publique\u00a0<\/b><\/h2>\n<p>D\u00e9couvrez ci-dessous comment le cong\u00e9 maternit\u00e9 fonctionne pour les travailleuses ind\u00e9pendantes et celles exer\u00e7ant dans la fonction publique.<\/p>\n<p><span style=\"font-weight: 400;\"><div class='cta-block'><div class='text'>Simulez toutes vos allocation familiales en 2 min.<\/div><a href='' class='app-button fit'>Simulation gratuite<\/a><\/div><\/span><\/p>\n<h3><strong>Pour les femmes salari\u00e9es ind\u00e9pendantes<\/strong><\/h3>\n<p>Si vous \u00eates une travailleuse ind\u00e9pendante (artisan, commer\u00e7ant ou exer\u00e7ant une profession lib\u00e9rale..), vous pouvez pr\u00e9tendre \u00e0 un cong\u00e9 maternit\u00e9 dans le cadre de votre grossesse.<\/p>\n<p>Le cong\u00e9 maternit\u00e9 des ind\u00e9pendantes est aujourd&rsquo;hui align\u00e9 sur celui des salari\u00e9es. Ainsi, vous pouvez b\u00e9n\u00e9ficier de 112 jours d&rsquo;arr\u00eat, soit 16 semaines indemnis\u00e9es au titre de la maternit\u00e9, \u00e0 condition de cesser toute activit\u00e9 pendant au minimum 8 semaines.<\/p>\n<p>En tant que travailleuse ind\u00e9pendante, vous pouvez percevoir une indemnit\u00e9 journali\u00e8re forfaitaire d&rsquo;interruption d&rsquo;activit\u00e9 et une allocation forfaitaire de repos maternel vers\u00e9es par votre caisse de s\u00e9curit\u00e9 sociale.<\/p>\n<h3><b>Pour les fonctionnaires de la fonction publique\u00a0<\/b><\/h3>\n<p style=\"text-align: justify;\"><span style=\"font-weight: 400;\">Les titulaires ou stagiaires de la fonction publique en position d\u2019activit\u00e9 ou de d\u00e9tachement peuvent b\u00e9n\u00e9ficier du cong\u00e9 maternit\u00e9. La d\u00e9claration \u201cpremier examen m\u00e9dical\u201d doit \u00eatre adress\u00e9e \u00e0 la direction des ressources humaines de l\u2019agent et \u00e0 la CAF avant la fin de la 14e semaine de grossesse. <\/span><\/p>\n<p style=\"text-align: justify;\"><span style=\"font-weight: 400;\">La dur\u00e9e et le calcul du cong\u00e9 maternit\u00e9 est identique dans le secteur priv\u00e9 et dans la fonction publique. L\u2019agent continue de percevoir son traitement indiciaire, son indemnit\u00e9 de r\u00e9sidence, son suppl\u00e9ment familial de traitement et sa nouvelle bonification indiciaire tout au long de son cong\u00e9 maternit\u00e9.<\/span><\/p>\n<p><span style=\"font-weight: 400;\"><div class='cta-block'><div class='text'>Simulez toutes vos aides en 2 min.<\/div><a href='' class='app-button fit'>Simulation gratuite<\/a><\/div><\/span><\/p>\n","protected":false},"excerpt":{"rendered":"<p>Le cong\u00e9 de maternit\u00e9 est pr\u00e9vu par le code du travail. Il consiste en une p\u00e9riode pendant laquelle les femmes enceintes cessent toute activit\u00e9 professionnelle. On vous dit tout sur ce cong\u00e9 : d\u00e9finition, dur\u00e9e, avantages, etc. Pour en savoir plus sur les allocations familiales !\u00a0 A quoi correspond le cong\u00e9 de maternit\u00e9\u00a0? Le cong\u00e9 [&hellip;]<\/p>\n","protected":false},"author":7,"featured_media":45454,"comment_status":"open","ping_status":"open","sticky":false,"template":"","format":"standard","meta":{"amp_status":"","footnotes":""},"categories":[36],"tags":[],"class_list":["post-45379","post","type-post","status-publish","format-standard","has-post-thumbnail","hentry","category-conge-maternite"],"yoast_head":"<!-- This site is optimized with the Yoast SEO plugin v14.9 - https:\/\/yoast.com\/wordpress\/plugins\/seo\/ -->\n<title>Cong\u00e9 maternit\u00e9 femme : que dit le code du travail ? | Mes-Allocs.fr<\/title>\n<meta name=\"description\" content=\"Obtenez un cong\u00e9 maternit\u00e9 si vous \u00eates en situation de grossesse. On vous explique \u00e0 travers cet article comment faire pour en b\u00e9n\u00e9ficier.\" \/>\n<meta name=\"robots\" content=\"index, follow, max-snippet:-1, max-image-preview:large, max-video-preview:-1\" \/>\n<link rel=\"canonical\" href=\"https:\/\/www.mes-allocs.fr\/guides\/allocations-familiales\/conge-maternite\/conge-maternite-femme\/\" \/>\n<meta property=\"og:locale\" content=\"fr_FR\" \/>\n<meta property=\"og:type\" content=\"article\" \/>\n<meta property=\"og:title\" content=\"Cong\u00e9 maternit\u00e9 femme : que dit le code du travail ? | Mes-Allocs.fr\" \/>\n<meta property=\"og:description\" content=\"Obtenez un cong\u00e9 maternit\u00e9 si vous \u00eates en situation de grossesse. On vous explique \u00e0 travers cet article comment faire pour en b\u00e9n\u00e9ficier.\" \/>\n<meta property=\"og:url\" content=\"https:\/\/www.mes-allocs.fr\/guides\/allocations-familiales\/conge-maternite\/conge-maternite-femme\/\" \/>\n<meta property=\"og:site_name\" content=\"Mes-Allocs.fr\" \/>\n<meta property=\"article:published_time\" content=\"2022-03-28T14:47:56+00:00\" \/>\n<meta property=\"article:modified_time\" content=\"2025-03-18T14:02:21+00:00\" \/>\n<meta property=\"og:image\" content=\"https:\/\/www.mes-allocs.fr\/guides\/wp-content\/uploads\/2022\/02\/Conge-maternite-femme-que-dit-le-code-du-travail-.jpg?wsr\" \/>\n\t<meta property=\"og:image:width\" content=\"1280\" \/>\n\t<meta property=\"og:image:height\" content=\"853\" \/>\n<meta name=\"twitter:card\" content=\"summary_large_image\" \/>\n<script type=\"application\/ld+json\" class=\"yoast-schema-graph\">{\"@context\":\"https:\/\/schema.org\",\"@graph\":[{\"@type\":\"WebSite\",\"@id\":\"https:\/\/www.mes-allocs.fr\/guides\/#website\",\"url\":\"https:\/\/www.mes-allocs.fr\/guides\/\",\"name\":\"Mes-Allocs.fr\",\"description\":\"\",\"potentialAction\":[{\"@type\":\"SearchAction\",\"target\":\"https:\/\/www.mes-allocs.fr\/guides\/?s={search_term_string}\",\"query-input\":\"required name=search_term_string\"}],\"inLanguage\":\"fr-FR\"},{\"@type\":\"ImageObject\",\"@id\":\"https:\/\/www.mes-allocs.fr\/guides\/allocations-familiales\/conge-maternite\/conge-maternite-femme\/#primaryimage\",\"inLanguage\":\"fr-FR\",\"url\":\"https:\/\/www.mes-allocs.fr\/guides\/wp-content\/uploads\/2022\/02\/Conge-maternite-femme-que-dit-le-code-du-travail-.jpg?wsr\",\"width\":1280,\"height\":853,\"caption\":\"Conge maternite femme que dit le code du travail\"},{\"@type\":\"WebPage\",\"@id\":\"https:\/\/www.mes-allocs.fr\/guides\/allocations-familiales\/conge-maternite\/conge-maternite-femme\/#webpage\",\"url\":\"https:\/\/www.mes-allocs.fr\/guides\/allocations-familiales\/conge-maternite\/conge-maternite-femme\/\",\"name\":\"Cong\\u00e9 maternit\\u00e9 femme : que dit le code du travail ? | Mes-Allocs.fr\",\"isPartOf\":{\"@id\":\"https:\/\/www.mes-allocs.fr\/guides\/#website\"},\"primaryImageOfPage\":{\"@id\":\"https:\/\/www.mes-allocs.fr\/guides\/allocations-familiales\/conge-maternite\/conge-maternite-femme\/#primaryimage\"},\"datePublished\":\"2022-03-28T14:47:56+00:00\",\"dateModified\":\"2025-03-18T14:02:21+00:00\",\"author\":{\"@id\":\"https:\/\/www.mes-allocs.fr\/guides\/#\/schema\/person\/1c4837d5703727cb02ce84583b5a44aa\"},\"description\":\"Obtenez un cong\\u00e9 maternit\\u00e9 si vous \\u00eates en situation de grossesse. On vous explique \\u00e0 travers cet article comment faire pour en b\\u00e9n\\u00e9ficier.\",\"inLanguage\":\"fr-FR\"},{\"@type\":\"Person\",\"@id\":\"https:\/\/www.mes-allocs.fr\/guides\/#\/schema\/person\/1c4837d5703727cb02ce84583b5a44aa\",\"name\":\"Fabiola\",\"image\":{\"@type\":\"ImageObject\",\"@id\":\"https:\/\/www.mes-allocs.fr\/guides\/#personlogo\",\"inLanguage\":\"fr-FR\",\"url\":\"https:\/\/www.mes-allocs.fr\/guides\/wp-content\/uploads\/2021\/06\/fabiola-150x150.png\",\"caption\":\"Fabiola\"},\"description\":\"Fabiola est r\\u00e9dactrice au sein de l'\\u00e9quipe Mes Allocs, sp\\u00e9cialis\\u00e9e en sciences politiques et affaires publiques. Dipl\\u00f4m\\u00e9e de l'HEIP, elle rejoint Mes Allocs apr\\u00e8s une premi\\u00e8re exp\\u00e9rience \\u00e0 l'Assembl\\u00e9e Nationale.\",\"sameAs\":[\"https:\/\/www.linkedin.com\/in\/cecilia-philippe-b-8a8085195\"]}]}<\/script>\n<!-- \/ Yoast SEO plugin. -->","amp_validity":null,"acf":{"faq":{"1":{"question":"Qu'est-ce que le cong\u00e9 maternit\u00e9 ?","answer":"Le cong\u00e9 maternit\u00e9 correspond \u00e0 la dur\u00e9e pendant laquelle une femme salari\u00e9e quitte son activit\u00e9 au moment de la naissance de son enfant.\r\n<br> <a href=\u201c-https:\/\/www.mes-allocs.fr\/guides\/allocations-familiales\/conge-maternite-france\/\u201d>Lire la suite<\/a>"},"2":{"question":"Quand d\u00e9bute le cong\u00e9 maternit\u00e9 ?","answer":"Le cong\u00e9 maternit\u00e9 d\u00e9bute le 1er jour de l'arr\u00eat de travail prescrit et se termine au plus tard la veille du d\u00e9but du cong\u00e9 pr\u00e9natal. "},"3":{"question":"Quelle est la dur\u00e9e d'un cong\u00e9 maternit\u00e9 ?","answer":"La dur\u00e9e d'un cong\u00e9 peut varier. Si il s'agit de votre 1er ou 2e enfant, la dur\u00e9e totale de votre cong\u00e9 est de : 16 semaines. \r\nPour un troisi\u00e8me enfant ou plus, elle est de 26 semaine au total."},"4":{"question":"Quelle est la dur\u00e9e du cong\u00e9 apr\u00e8s accouchement ?","answer":"Le cong\u00e9 postnatal (apr\u00e8s accouchement), est de 10 semaines. "},"5":{"question":"Est-ce que le p\u00e8re peut prendre un cong\u00e9 ?","answer":"Le p\u00e8re salari\u00e9 peut b\u00e9n\u00e9ficier du cong\u00e9 paternit\u00e9 et d'accueil de l'enfant.\r\n<br> <a href=\u201chttps:\/\/www.mes-allocs.fr\/guides\/allocations-familiales\/conge-paternite\/\u201d>Lire la suite<\/a>"},"6":{"question":"","answer":""},"7":{"question":"","answer":""},"8":{"question":"","answer":""},"9":{"question":"","answer":""},"10":{"question":"","answer":""},"11":{"question":"","answer":""},"12":{"question":"","answer":""},"13":{"question":"","answer":""},"14":{"question":"","answer":""},"15":{"question":"","answer":""},"16":{"question":"","answer":""}}},"_links":{"self":[{"href":"https:\/\/www.mes-allocs.fr\/guides\/wp-json\/wp\/v2\/posts\/45379","targetHints":{"allow":["GET"]}}],"collection":[{"href":"https:\/\/www.mes-allocs.fr\/guides\/wp-json\/wp\/v2\/posts"}],"about":[{"href":"https:\/\/www.mes-allocs.fr\/guides\/wp-json\/wp\/v2\/types\/post"}],"author":[{"embeddable":true,"href":"https:\/\/www.mes-allocs.fr\/guides\/wp-json\/wp\/v2\/users\/7"}],"replies":[{"embeddable":true,"href":"https:\/\/www.mes-allocs.fr\/guides\/wp-json\/wp\/v2\/comments?post=45379"}],"version-history":[{"count":13,"href":"https:\/\/www.mes-allocs.fr\/guides\/wp-json\/wp\/v2\/posts\/45379\/revisions"}],"predecessor-version":[{"id":95945,"href":"https:\/\/www.mes-allocs.fr\/guides\/wp-json\/wp\/v2\/posts\/45379\/revisions\/95945"}],"wp:featuredmedia":[{"embeddable":true,"href":"https:\/\/www.mes-allocs.fr\/guides\/wp-json\/wp\/v2\/media\/45454"}],"wp:attachment":[{"href":"https:\/\/www.mes-allocs.fr\/guides\/wp-json\/wp\/v2\/media?parent=45379"}],"wp:term":[{"taxonomy":"category","embeddable":true,"href":"https:\/\/www.mes-allocs.fr\/guides\/wp-json\/wp\/v2\/categories?post=45379"},{"taxonomy":"post_tag","embeddable":true,"href":"https:\/\/www.mes-allocs.fr\/guides\/wp-json\/wp\/v2\/tags?post=45379"}],"curies":[{"name":"wp","href":"https:\/\/api.w.org\/{rel}","templated":true}]}}