{"id":45294,"date":"2022-09-19T16:32:55","date_gmt":"2022-09-19T14:32:55","guid":{"rendered":"https:\/\/www.mes-allocs.fr\/guides\/?p=45294"},"modified":"2025-02-25T11:46:24","modified_gmt":"2025-02-25T09:46:24","slug":"apl-handicape","status":"publish","type":"post","link":"https:\/\/www.mes-allocs.fr\/guides\/aide-par-situation\/apl-handicape\/","title":{"rendered":"L&rsquo;APL handicap\u00e9 : comment \u00e7a fonctionne ?"},"content":{"rendered":"<p><img loading=\"lazy\" decoding=\"async\" class=\"alignnone wp-image-55843 \" title=\"allocation de soutien familial et bourse d'\u00e9tudes\" src=\"https:\/\/www.mes-allocs.fr\/guides\/wp-content\/uploads\/2022\/08\/yomex-owo-gRTzhQsiVG0-unsplash-e1661784734500-300x82.jpg\" alt=\"apl handicap\u00e9\" width=\"1376\" height=\"376\" \/><\/p>\n<p style=\"text-align: justify;\"><strong>Il est possible d&rsquo;obtenir l&rsquo;APL\u00a0 sous \u00a0conditions, pour toute personne qui loue, ach\u00e8te un logement ou r\u00e9side dans un foyer. Il est \u00e9galement possible de cumuler l&rsquo;APL avec d&rsquo;autres aides. Parmi ces aides, on retrouve l&rsquo;AAH qui est cumulable. On retrouve l&rsquo;APL pour les personnes en situation de handicap dans les <a href=\"https:\/\/www.mes-allocs.fr\/guides\/aides-par-situation\/\" target=\"_blank\" rel=\"noopener\">aides par situation<\/a>.\u00a0<\/strong><\/p>\n<p style=\"text-align: justify;\"><strong>MesAllocs vous explique tout juste ici.\u00a0<\/strong><\/p>\n<hr \/>\n<h1 style=\"text-align: justify;\">Qu&rsquo;est-ce que l&rsquo;Aide Personnalis\u00e9e au Logement ?<\/h1>\n<h2 style=\"text-align: justify;\"><span id=\"Quelles_sont_les_conditions_pour_beneficier_de_laide_personnalisee_au_logement\">Les conditions pour b\u00e9n\u00e9ficier de l\u2019APL<\/span><\/h2>\n<p style=\"text-align: justify;\">Pour avoir droit \u00e0 cette aide, certaines conditions sont requises. Celles-ci sont li\u00e9es \u00e0 votre qualit\u00e9 de demandeur, au logement et \u00e0 vos ressources. D\u00e9couvrez-les ci-dessous.<\/p>\n<h3 class=\"amp-wp-102b7f8\" style=\"text-align: justify;\" data-amp-original-style=\"text-align: left;\"><span id=\"Conditions_liees_au_demandeur\"><b>Les conditions li\u00e9es au demandeur<\/b><\/span><\/h3>\n<p class=\"amp-wp-7d27179\" style=\"text-align: justify;\" data-amp-original-style=\"text-align: justify;\"><span class=\"amp-wp-fe3f5cc\" data-amp-original-style=\"font-weight: 400;\">Que vous soyez locataire,\u00a0<\/span><a href=\"https:\/\/www.mes-allocs.fr\/guides\/aide-logement\/apl\/apl-colocation\"><span class=\"amp-wp-fe3f5cc\" data-amp-original-style=\"font-weight: 400;\">colocataire<\/span><\/a><span class=\"amp-wp-fe3f5cc\" data-amp-original-style=\"font-weight: 400;\">, sous-locataire, vous avez acc\u00e8s \u00e0 l\u2019aide personnalis\u00e9 au logement.<\/span><\/p>\n<h4 class=\"amp-wp-7d27179\" style=\"text-align: justify;\" data-amp-original-style=\"text-align: justify;\"><span class=\"amp-wp-fe3f5cc\" data-amp-original-style=\"font-weight: 400;\">Si vous \u00eates sous-locataire (d\u00e9clar\u00e9 au propri\u00e9taire)<\/span><\/h4>\n<p class=\"amp-wp-7d27179\" style=\"text-align: justify;\" data-amp-original-style=\"text-align: justify;\"><span class=\"amp-wp-fe3f5cc\" data-amp-original-style=\"font-weight: 400;\">Dans ce cas, il y aura certaines conditions qui vont s&rsquo;imposer.<\/span><\/p>\n<p class=\"amp-wp-7d27179\" style=\"text-align: justify;\" data-amp-original-style=\"text-align: justify;\"><span class=\"amp-wp-fe3f5cc\" data-amp-original-style=\"font-weight: 400;\">En effet, il faut que vous soyez \u00e2g\u00e9 de 30 ans au moins, ou que vous soyez h\u00e9berg\u00e9 chez un accueillant familial. <\/span><\/p>\n<p class=\"amp-wp-7d27179\" style=\"text-align: justify;\" data-amp-original-style=\"text-align: justify;\"><span class=\"amp-wp-fe3f5cc\" data-amp-original-style=\"font-weight: 400;\">L&rsquo;h\u00e9bergeant familial va \u00eatre une personne seule ou en couple qui va vous accueillir dans le cas o\u00f9 vous \u00eates en situation de handicap ou si vous \u00eates une personne \u00e2g\u00e9e avec un taux d&rsquo;incapacit\u00e9. Celle-ci vous accueille en \u00e9change d&rsquo;une r\u00e9mun\u00e9ration.\u00a0\u00a0<\/span><\/p>\n<h4 class=\"amp-wp-7d27179\" style=\"text-align: justify;\" data-amp-original-style=\"text-align: justify;\"><span id=\"Si_vous_etes_resident_en_foyer_dhebergement\"><b>Si vous \u00eates r\u00e9sident en foyer d\u2019h\u00e9bergement<\/b><\/span><\/h4>\n<p class=\"amp-wp-7d27179\" style=\"text-align: justify;\" data-amp-original-style=\"text-align: justify;\"><span class=\"amp-wp-fe3f5cc\" data-amp-original-style=\"font-weight: 400;\">Si vous r\u00e9sidez en foyer, tels que les \u00c9hpad, r\u00e9sidences autonomie, r\u00e9sidences \u00e9tudiantes, foyer de jeune travailleur, vous pouvez percevoir l\u2019Allocation Personnalis\u00e9e au Logement.<\/span><\/p>\n<h3 class=\"amp-wp-7d27179\" style=\"text-align: justify;\" data-amp-original-style=\"text-align: justify;\"><span id=\"Conditions_liees_au_logement\"><b>Les conditions li\u00e9es au logement <img loading=\"lazy\" decoding=\"async\" class=\" wp-image-55847 alignright\" title=\"apl handicap\u00e9\" src=\"https:\/\/www.mes-allocs.fr\/guides\/wp-content\/uploads\/2022\/08\/roam-in-color-AwOG1tC5buE-unsplash-e1661785321439-300x200.jpg\" alt=\"apl handicap\u00e9\" width=\"476\" height=\"317\" srcset=\"https:\/\/www.mes-allocs.fr\/guides\/wp-content\/uploads\/2022\/08\/roam-in-color-AwOG1tC5buE-unsplash-e1661785321439-300x200.jpg 300w, https:\/\/www.mes-allocs.fr\/guides\/wp-content\/uploads\/2022\/08\/roam-in-color-AwOG1tC5buE-unsplash-e1661785321439-1024x683.jpg 1024w, https:\/\/www.mes-allocs.fr\/guides\/wp-content\/uploads\/2022\/08\/roam-in-color-AwOG1tC5buE-unsplash-e1661785321439-768x512.jpg 768w, https:\/\/www.mes-allocs.fr\/guides\/wp-content\/uploads\/2022\/08\/roam-in-color-AwOG1tC5buE-unsplash-e1661785321439-1536x1024.jpg 1536w, https:\/\/www.mes-allocs.fr\/guides\/wp-content\/uploads\/2022\/08\/roam-in-color-AwOG1tC5buE-unsplash-e1661785321439-600x400.jpg 600w, https:\/\/www.mes-allocs.fr\/guides\/wp-content\/uploads\/2022\/08\/roam-in-color-AwOG1tC5buE-unsplash-e1661785321439.jpg 1920w\" sizes=\"auto, (max-width: 476px) 100vw, 476px\" \/><\/b><\/span><\/h3>\n<p class=\"amp-wp-7d27179\" style=\"text-align: justify;\" data-amp-original-style=\"text-align: justify;\"><span class=\"amp-wp-fe3f5cc\" data-amp-original-style=\"font-weight: 400;\">L\u2019allocation personnalis\u00e9e au logement vous est accord\u00e9e uniquement pour votre r\u00e9sidence principale (logement que vous habitez au moins 8 mois par an) sur le territoire fran\u00e7ais.<\/span><\/p>\n<p class=\"amp-wp-7d27179\" style=\"text-align: justify;\" data-amp-original-style=\"text-align: justify;\"><span class=\"amp-wp-fe3f5cc\" data-amp-original-style=\"font-weight: 400;\">Votre logement doit \u00e9galement respecter certaines conditions de d\u00e9cence et d\u2019occupation\u00a0: surface minimale (8m2 pour une personne seule, 16m2 pour 2 personnes, 7m2 additionnels), aucune mise en danger pour celui qui l\u2019habite.<\/span><\/p>\n<p style=\"text-align: justify;\">Le logement concern\u00e9 doit \u00e9galement \u00eatre conventionn\u00e9. Cela signifie que le propri\u00e9taire du logement doit avoir pass\u00e9 un accord avec l\u2019\u00c9tat\u00a0pour ouvrir le droit aux aides concernant le logement.<\/p>\n<h3 class=\"amp-wp-7d27179\" style=\"text-align: justify;\" data-amp-original-style=\"text-align: justify;\"><span id=\"Conditions_de_ressources\"><b>Les conditions de ressources<\/b><\/span><\/h3>\n<p class=\"amp-wp-7d27179\" style=\"text-align: justify;\" data-amp-original-style=\"text-align: justify;\">L\u2019aide est attribu\u00e9e selon vos ressources, conform\u00e9ment au plafond pr\u00e9vu par la loi. Il prend en compte la composition de votre foyer\/votre situation familiale et la zone g\u00e9ographique de votre logement.<\/p>\n<p class=\"amp-wp-7d27179\" style=\"text-align: justify;\" data-amp-original-style=\"text-align: justify;\"><span class=\"amp-wp-fe3f5cc\" data-amp-original-style=\"font-weight: 400;\">L\u2019aide est attribu\u00e9e selon vos ressources, et conform\u00e9ment au plafond pr\u00e9vu par la loi. \u00a0qui prend en compte la composition de votre foyer et le lieu de votre logement.\u00a0<\/span><span class=\"amp-wp-fe3f5cc\" data-amp-original-style=\"font-weight: 400;\">Si vous \u00eates rattach\u00e9 au foyer fiscal de vos parents et qu\u2019ils sont soumis \u00e0 l\u2019imp\u00f4t sur la fortune immobili\u00e8re (IFI), vous ne pouvez percevoir l\u2019APL.<\/span><span class=\"amp-wp-fe3f5cc\" data-amp-original-style=\"font-weight: 400;\">\u00a0<\/span><span class=\"amp-wp-fe3f5cc\" data-amp-original-style=\"font-weight: 400;\">\u00a0<\/span><\/p>\n<p style=\"text-align: justify;\">Les revenus, la pension alimentaire comptent dans le calcul de l\u2019APL.<\/p>\n<p>Voici les plafonds de ressources pour pouvoir b\u00e9n\u00e9ficier des APL en 2025.<br \/>\n\n<div class=\"wpdt-c row wpDataTableContainerSimpleTable wpDataTables wpDataTablesWrapper\n\"\n    >\n    <table id=\"wpdtSimpleTable-145\"\n           class=\"wpdtSimpleTable wpDataTable\"\n           data-column=\"2\"\n           data-rows=\"10\"\n           data-wpID=\"145\"\n           data-responsive=\"0\"\n           data-has-header=\"1\">\n\n                    <thead>        <tr class=\"wpdt-cell-row \" >\n                            <th class=\"wpdt-cell wpdt-bold wpdt-bc-F3F9FE\"\n                                    data-cell-id=\"A1\"\n                data-col-index=\"0\"\n                data-row-index=\"0\"\n                style=\" width:26.151930261519%;                padding:10px;\"\n                >\n                                Composition du foyer                <\/th>\n                                            <th class=\"wpdt-cell wpdt-bold wpdt-bc-F3F9FE\"\n                                    data-cell-id=\"B1\"\n                data-col-index=\"1\"\n                data-row-index=\"0\"\n                style=\" width:73.848069738481%;                padding:10px;\"\n                >\n                                Plafonds de ressources (en \u20ac) \u00e0 ne pas d\u00e9passer pour toucher le montant maximal d'APL en 2026                <\/th>\n                                        <\/tr>\n                    <tbody>        <tr class=\"wpdt-cell-row \" >\n                            <td class=\"wpdt-cell wpdt-bold wpdt-bc-F3F9FE\"\n                                    data-cell-id=\"A2\"\n                data-col-index=\"0\"\n                data-row-index=\"1\"\n                style=\"                padding:10px;\"\n                >\n                                Personne seule                <\/td>\n                                            <td class=\"wpdt-cell wpdt-bc-FFFFFF\"\n                                    data-cell-id=\"B2\"\n                data-col-index=\"1\"\n                data-row-index=\"1\"\n                style=\"                padding:10px;\"\n                >\n                                5 235                <\/td>\n                                        <\/tr>\n                            <tr class=\"wpdt-cell-row \" >\n                            <td class=\"wpdt-cell wpdt-bold wpdt-bc-F3F9FE\"\n                                    data-cell-id=\"A3\"\n                data-col-index=\"0\"\n                data-row-index=\"2\"\n                style=\"                padding:10px;\"\n                >\n                                Couple sans personne \u00e0 charge                <\/td>\n                                            <td class=\"wpdt-cell wpdt-bc-FFFFFF\"\n                                    data-cell-id=\"B3\"\n                data-col-index=\"1\"\n                data-row-index=\"2\"\n                style=\"                padding:10px;\"\n                >\n                                7 501                <\/td>\n                                        <\/tr>\n                            <tr class=\"wpdt-cell-row \" >\n                            <td class=\"wpdt-cell wpdt-bold wpdt-bc-F3F9FE\"\n                                    data-cell-id=\"A4\"\n                data-col-index=\"0\"\n                data-row-index=\"3\"\n                style=\"                padding:10px;\"\n                >\n                                Personne seule ou couple avec une personne \u00e0 charge                <\/td>\n                                            <td class=\"wpdt-cell wpdt-bc-FFFFFF\"\n                                    data-cell-id=\"B4\"\n                data-col-index=\"1\"\n                data-row-index=\"3\"\n                style=\"                padding:10px;\"\n                >\n                                8 947                <\/td>\n                                        <\/tr>\n                            <tr class=\"wpdt-cell-row \" >\n                            <td class=\"wpdt-cell wpdt-bold wpdt-bc-F3F9FE\"\n                                    data-cell-id=\"A5\"\n                data-col-index=\"0\"\n                data-row-index=\"4\"\n                style=\"                padding:10px;\"\n                >\n                                Personne seule ou couple ayant 2 personnes \u00e0 charge                <\/td>\n                                            <td class=\"wpdt-cell wpdt-bc-FFFFFF\"\n                                    data-cell-id=\"B5\"\n                data-col-index=\"1\"\n                data-row-index=\"4\"\n                style=\"                padding:10px;\"\n                >\n                                9 148                <\/td>\n                                        <\/tr>\n                            <tr class=\"wpdt-cell-row \" >\n                            <td class=\"wpdt-cell wpdt-bold wpdt-bc-F3F9FE\"\n                                    data-cell-id=\"A6\"\n                data-col-index=\"0\"\n                data-row-index=\"5\"\n                style=\"                padding:10px;\"\n                >\n                                Personne seule ou couple ayant 3 personnes \u00e0 charge                <\/td>\n                                            <td class=\"wpdt-cell wpdt-bc-FFFFFF\"\n                                    data-cell-id=\"B6\"\n                data-col-index=\"1\"\n                data-row-index=\"5\"\n                style=\"                padding:10px;\"\n                >\n                                9 498                <\/td>\n                                        <\/tr>\n                            <tr class=\"wpdt-cell-row \" >\n                            <td class=\"wpdt-cell wpdt-bold wpdt-bc-F3F9FE\"\n                                    data-cell-id=\"A7\"\n                data-col-index=\"0\"\n                data-row-index=\"6\"\n                style=\"                padding:10px;\"\n                >\n                                Personne seule ou couple ayant 4 personnes \u00e0 charge                <\/td>\n                                            <td class=\"wpdt-cell wpdt-bc-FFFFFF\"\n                                    data-cell-id=\"B7\"\n                data-col-index=\"1\"\n                data-row-index=\"6\"\n                style=\"                padding:10px;\"\n                >\n                                9 851                <\/td>\n                                        <\/tr>\n                            <tr class=\"wpdt-cell-row \" >\n                            <td class=\"wpdt-cell wpdt-bold wpdt-bc-F3F9FE\"\n                                    data-cell-id=\"A8\"\n                data-col-index=\"0\"\n                data-row-index=\"7\"\n                style=\"                padding:10px;\"\n                >\n                                Personne seule ou couple ayant 5 personnes \u00e0 charge                <\/td>\n                                            <td class=\"wpdt-cell wpdt-bc-FFFFFF\"\n                                    data-cell-id=\"B8\"\n                data-col-index=\"1\"\n                data-row-index=\"7\"\n                style=\"                padding:10px;\"\n                >\n                                10 202                <\/td>\n                                        <\/tr>\n                            <tr class=\"wpdt-cell-row \" >\n                            <td class=\"wpdt-cell wpdt-bold wpdt-bc-F3F9FE\"\n                                    data-cell-id=\"A9\"\n                data-col-index=\"0\"\n                data-row-index=\"8\"\n                style=\"                padding:10px;\"\n                >\n                                Personne seule ou couple ayant 6 personnes \u00e0 charge                <\/td>\n                                            <td class=\"wpdt-cell wpdt-bc-FFFFFF\"\n                                    data-cell-id=\"B9\"\n                data-col-index=\"1\"\n                data-row-index=\"8\"\n                style=\"                padding:10px;\"\n                >\n                                10 554                <\/td>\n                                        <\/tr>\n                            <tr class=\"wpdt-cell-row \" >\n                            <td class=\"wpdt-cell wpdt-bold wpdt-bc-F3F9FE\"\n                                    data-cell-id=\"A10\"\n                data-col-index=\"0\"\n                data-row-index=\"9\"\n                style=\"                padding:10px;\"\n                >\n                                Par personne \u00e0 charge suppl\u00e9mentaire                <\/td>\n                                            <td class=\"wpdt-cell wpdt-bc-FFFFFF\"\n                                    data-cell-id=\"B10\"\n                data-col-index=\"1\"\n                data-row-index=\"9\"\n                style=\"                padding:10px;\"\n                >\n                                + 346                <\/td>\n                                        <\/tr>\n                    <\/table>\n<\/div><style id='wpdt-custom-style-145'>\ntable#wpdtSimpleTable-145{ table-layout: fixed !important; }\n.wpdt-bc-F3F9FE { background-color: #F3F9FE !important;}\n.wpdt-bc-FFFFFF { background-color: #FFFFFF !important;}\n<\/style>\n<\/p>\n<p style=\"text-align: justify;\"><span style=\"font-weight: 400;\"><div class='cta-block'><div class='text'>Simulez toutes vos Aides en 2 min.<\/div><a href='' class='app-button fit'>Simulation gratuite<\/a><\/div><\/span><\/p>\n<h2 class=\"amp-wp-7d27179\" style=\"text-align: justify;\" data-amp-original-style=\"text-align: justify;\"><span id=\"Calcul_des_APL\"><b>Comment se fait le calcul des APL ?\u00a0<\/b><\/span><\/h2>\n<div id=\"actualite\" class=\"lead\" style=\"text-align: justify;\">\n<p class=\"amp-wp-7d27179\" data-amp-original-style=\"text-align: justify;\">La r\u00e9forme\u00a0<span class=\"citation\">\u00ab\u00a0<em>des APL en temps r\u00e9el<\/em>\u00a0\u00bb<\/span>\u00a0mise en place le 1<sup>er<\/sup> janvier 2022 change le mode de calcul des APL. Depuis cette date, les aides personnalis\u00e9es au logement (APL) sont calcul\u00e9es en fonction des ressources des 12 derniers mois et non plus sur la base des revenus per\u00e7us deux ans plus t\u00f4t.<\/p>\n<\/div>\n<p class=\"amp-wp-7d27179\" style=\"text-align: justify;\" data-amp-original-style=\"text-align: justify;\">De plus, les donn\u00e9es personnelles sur les ressources des foyers seront actualis\u00e9es automatiquement tous les trimestres. Ainsi, tous les 3 mois vos droits sont recalcul\u00e9s.<\/p>\n<p class=\"amp-wp-7d27179\" style=\"text-align: justify;\" data-amp-original-style=\"text-align: justify;\"><span class=\"amp-wp-fe3f5cc\" data-amp-original-style=\"font-weight: 400;\">Le montant de l\u2019aide varie selon des conditions de ressources qui ont \u00e9t\u00e9 mises en place. Celles-ci varient selon :<\/span><\/p>\n<ul class=\"amp-wp-7d27179\" style=\"text-align: justify;\" data-amp-original-style=\"text-align: justify;\">\n<li class=\"amp-wp-fe3f5cc\" data-amp-original-style=\"font-weight: 400;\"><span class=\"amp-wp-fe3f5cc\" data-amp-original-style=\"font-weight: 400;\">la composition du foyer et le nombre de personnes\/enfants \u00e0 charge de votre foyer<\/span><\/li>\n<li>la situation professionnelle des membres du foyer.<\/li>\n<li class=\"amp-wp-fe3f5cc\" data-amp-original-style=\"font-weight: 400;\"><span class=\"amp-wp-fe3f5cc\" data-amp-original-style=\"font-weight: 400;\">les ressources du foyer nettes que vous percevez, ainsi que celles de votre partenaire et des personnes qui habitent votre foyer<\/span><\/li>\n<li class=\"amp-wp-fe3f5cc\" data-amp-original-style=\"font-weight: 400;\"><span class=\"amp-wp-fe3f5cc\" data-amp-original-style=\"font-weight: 400;\">votre patrimoine financier (dividendes, loyers per\u00e7us) et immobilier (constructions, terrains \u00e0 b\u00e2tir, appartements en copropri\u00e9t\u00e9). Celui de votre partenaire et des personnes qui habitent votre foyer est \u00e9galement pris en compte. Cette somme va \u00eatre prise en compte uniquement lorsqu\u2019elle exc\u00e8de 30 000 \u20ac.<\/span><\/li>\n<li>les pensions alimentaires<\/li>\n<li class=\"amp-wp-fe3f5cc\" data-amp-original-style=\"font-weight: 400;\"><span class=\"amp-wp-fe3f5cc\" data-amp-original-style=\"font-weight: 400;\">le montant de votre loyer, les redevances, ou les mensualit\u00e9s que vous payez en cas d\u2019emprunt.<\/span><\/li>\n<\/ul>\n<h3 style=\"text-align: justify;\"><span id=\"Demande_daide\">Demande d\u2019aide\u00a0<\/span><\/h3>\n<p style=\"text-align: justify;\">Pour faire votre demande d\u2019APL, vous devez vous rendre sur le site de la CAF ou de la <a href=\"https:\/\/www.msa.fr\/lfp\" target=\"_blank\" rel=\"noopener\">MSA<\/a>. Pour cela, rendez-vous dans votre espace personnel.<\/p>\n<h3 style=\"text-align: justify;\"><span id=\"Versement_de_laide\"><b>Versement de l\u2019aide \u00a0<\/b><\/span><\/h3>\n<p class=\"amp-wp-7d27179\" style=\"text-align: justify;\" data-amp-original-style=\"text-align: justify;\">L\u2019Aide Personnalis\u00e9e au Logement est vers\u00e9e tous les mois.<\/p>\n<p class=\"amp-wp-7d27179\" style=\"text-align: justify;\" data-amp-original-style=\"text-align: justify;\">Dans le cas o\u00f9 vous \u00eates locataire, cette aide sera souvent vers\u00e9e directement au propri\u00e9taire de votre logement, ou au gestionnaire de celui-ci. Suite \u00e0 cela, il r\u00e9duira cette somme du montant de votre loyer.<\/p>\n<p class=\"amp-wp-7d27179\" style=\"text-align: justify;\" data-amp-original-style=\"text-align: justify;\">Dans le cas o\u00f9 vous \u00eates en situation d\u2019acc\u00e8s \u00e0 la propri\u00e9t\u00e9, l\u2019APL sera directement vers\u00e9e \u00e0 l\u2019\u00e9tablissement bancaire. Vos mensualit\u00e9s de remboursement d\u2019emprunt seront diminu\u00e9es du montant de l\u2019aide.<\/p>\n<p><iframe loading=\"lazy\" title=\"L&#039;APL\" width=\"500\" height=\"281\" src=\"https:\/\/www.youtube.com\/embed\/dfDRI2qg_z4?feature=oembed\" frameborder=\"0\" allow=\"accelerometer; autoplay; clipboard-write; encrypted-media; gyroscope; picture-in-picture; web-share\" referrerpolicy=\"strict-origin-when-cross-origin\" allowfullscreen><\/iframe><\/p>\n<h1 style=\"text-align: justify;\"><span id=\"Quest-ce_que_lAAH\">Qu&rsquo;est-ce que l\u2019Allocation Adulte Handicap\u00e9 (AAH) ?<\/span><\/h1>\n<p style=\"text-align: justify;\">L\u2019<a href=\"https:\/\/www.mes-allocs.fr\/guides\/aah\" target=\"_blank\" rel=\"noopener\">Allocation Adulte Handicap\u00e9<\/a> est une prestation sociale.<\/p>\n<p style=\"text-align: justify;\">Vous pourrez obtenir cette aide financi\u00e8re peu importe que vous exerciez une activit\u00e9 professionnelle ou non.<\/p>\n<p style=\"text-align: justify;\">Cette Allocation aux Adultes Handicap\u00e9s est un compl\u00e9ment de ressources.<\/p>\n<h2 style=\"text-align: justify;\"><span id=\"Conditions_dattribution_pour_percevoir_lAAH\">Les conditions d\u2019attribution de l\u2019AAH<\/span><\/h2>\n<p style=\"text-align: justify;\">Pour pouvoir obtenir vos droits \u00e0 l\u2019AAH il faut que vous respectiez toutes les conditions n\u00e9cessaires :<\/p>\n<ul style=\"text-align: justify;\">\n<li>\u00eatre de nationalit\u00e9 fran\u00e7aise ou \u00e9trang\u00e8re, mais en situation r\u00e9guli\u00e8re avec un titre de s\u00e9jour<\/li>\n<li>avoir au moins 20 ans. Cet \u00e2ge minimal pourra \u00eatre r\u00e9duit \u00e0 16 ans si vous n&rsquo;\u00eates plus \u00e0 la charge de vos parents concernant les prestations familiales<\/li>\n<li>r\u00e9sider en France<\/li>\n<li>\u00eatre en taux d\u2019incapacit\u00e9 d\u2019au moins 80 %<\/li>\n<li>vos revenus et ceux de votre conjoint ne doivent pas d\u00e9passer les plafonds en vigueur<\/li>\n<\/ul>\n<p style=\"text-align: justify;\">Pour les personnes dont le taux est compris entre 50 et 79%, elles peuvent tout de m\u00eame percevoir la prestation \u00e0 deux conditions :<\/p>\n<ul style=\"text-align: justify;\">\n<li style=\"text-align: justify;\">\u00a0souffrir d\u2019une restriction substantielle et durable reconnue pour acc\u00e9der \u00e0 un emploi<\/li>\n<li style=\"text-align: justify;\">\u00a0\u00eatre \u00e2g\u00e9 de moins de 60 ans.<\/li>\n<\/ul>\n<h2 style=\"text-align: justify;\">Le calcul de l&rsquo;AAH <img loading=\"lazy\" decoding=\"async\" class=\" wp-image-55848 alignright\" title=\"apl handicap\u00e9\" src=\"https:\/\/www.mes-allocs.fr\/guides\/wp-content\/uploads\/2022\/08\/dan-cristian-padure-xJLN32FO7AY-unsplash-300x223.jpg\" alt=\"apl handicap\u00e9\" width=\"623\" height=\"463\" srcset=\"https:\/\/www.mes-allocs.fr\/guides\/wp-content\/uploads\/2022\/08\/dan-cristian-padure-xJLN32FO7AY-unsplash-300x223.jpg 300w, https:\/\/www.mes-allocs.fr\/guides\/wp-content\/uploads\/2022\/08\/dan-cristian-padure-xJLN32FO7AY-unsplash-1024x763.jpg 1024w, https:\/\/www.mes-allocs.fr\/guides\/wp-content\/uploads\/2022\/08\/dan-cristian-padure-xJLN32FO7AY-unsplash-768x572.jpg 768w, https:\/\/www.mes-allocs.fr\/guides\/wp-content\/uploads\/2022\/08\/dan-cristian-padure-xJLN32FO7AY-unsplash-1536x1144.jpg 1536w, https:\/\/www.mes-allocs.fr\/guides\/wp-content\/uploads\/2022\/08\/dan-cristian-padure-xJLN32FO7AY-unsplash-600x447.jpg 600w, https:\/\/www.mes-allocs.fr\/guides\/wp-content\/uploads\/2022\/08\/dan-cristian-padure-xJLN32FO7AY-unsplash.jpg 1920w\" sizes=\"auto, (max-width: 623px) 100vw, 623px\" \/><\/h2>\n<h3 style=\"text-align: justify;\">La m\u00e9thode de calcul de l&rsquo;AAH<\/h3>\n<p style=\"text-align: justify;\">Le montant de l\u2019AAH varie selon votre situation et votre activit\u00e9. Il existe pour cela 3 possibilit\u00e9s.<\/p>\n<p style=\"text-align: justify;\">Dans le cas o\u00f9 vous \u00eates c\u00e9libataire et sans sources de revenus, il vous sera possbile d&rsquo;obtenir le montant maximal disponible par mois.<\/p>\n<p style=\"text-align: justify;\">Cependant, si vous percevez une pension ou une rente ou que vous travaillez en milieu ordinaire, alors le montant de l\u2019AAH correspondra \u00e0 la diff\u00e9rence entre le montant de vos ressources et le montant de l\u2019AAH disponible pour une personne seule et sans ressources.<\/p>\n<p style=\"text-align: justify;\">Dans le cas o\u00f9 vous \u00eates hospitalis\u00e9, h\u00e9berg\u00e9 dans une maison d\u2019accueil sp\u00e9cialis\u00e9e ou incarc\u00e9r\u00e9, l&rsquo;AAH vous sera vers\u00e9e \u00e0 taux plein pendant 60 jours. Lorsque ce d\u00e9lai est d\u00e9pass\u00e9, la somme est r\u00e9duite \u00e0 305 euros par mois. Suite \u00e0 cela, le montant de l\u2019AAH sera recalcul\u00e9 selon votre situation \u00e0 la sortie de l\u2019\u00e9tablissement.<\/p>\n<h3 style=\"text-align: justify;\"><span id=\"Montant_de_lAAH\">Quel est le montant de l\u2019AAH ?<\/span><\/h3>\n<p style=\"text-align: justify;\">\n<div class=\"wpdt-c row wpDataTableContainerSimpleTable wpDataTables wpDataTablesWrapper\n wdtscroll\"\n    >\n    <table id=\"wpdtSimpleTable-45\"\n           class=\"wpdtSimpleTable wpDataTable\"\n           data-column=\"3\"\n           data-rows=\"6\"\n           data-wpID=\"45\"\n           data-responsive=\"0\"\n           data-has-header=\"1\">\n\n                    <thead>        <tr class=\"wpdt-cell-row \" >\n                            <th class=\"wpdt-cell wpdt-bold wpdt-bc-F3F9FE\"\n                                    data-cell-id=\"A1\"\n                data-col-index=\"0\"\n                data-row-index=\"0\"\n                style=\" width:181px;                padding:10px;\"\n                >\n                                Nombre de personnes \u00e0 charge                <\/th>\n                                            <th class=\"wpdt-cell wpdt-bold wpdt-bc-F3F9FE\"\n                                    data-cell-id=\"B1\"\n                data-col-index=\"1\"\n                data-row-index=\"0\"\n                style=\" width:215px;                padding:10px;\"\n                >\n                                Plafond annuels pour une personne seule                <\/th>\n                                            <th class=\"wpdt-cell wpdt-bold wpdt-bc-F3F9FE\"\n                                    data-cell-id=\"C1\"\n                data-col-index=\"2\"\n                data-row-index=\"0\"\n                style=\" width:215px;                padding:10px;\"\n                >\n                                Plafond annuels pour un couple                <\/th>\n                                        <\/tr>\n                    <tbody>        <tr class=\"wpdt-cell-row \" >\n                            <td class=\"wpdt-cell \"\n                                    data-cell-id=\"A2\"\n                data-col-index=\"0\"\n                data-row-index=\"1\"\n                style=\"                padding:10px;\"\n                >\n                                0                <\/td>\n                                            <td class=\"wpdt-cell \"\n                                    data-cell-id=\"B2\"\n                data-col-index=\"1\"\n                data-row-index=\"1\"\n                style=\"                padding:10px;\"\n                >\n                                12\u00a0499\u00a0\u20ac                <\/td>\n                                            <td class=\"wpdt-cell \"\n                                    data-cell-id=\"C2\"\n                data-col-index=\"2\"\n                data-row-index=\"1\"\n                style=\"                padding:10px;\"\n                >\n                                22\u00a0623\u00a0\u20ac                <\/td>\n                                        <\/tr>\n                            <tr class=\"wpdt-cell-row \" >\n                            <td class=\"wpdt-cell \"\n                                    data-cell-id=\"A3\"\n                data-col-index=\"0\"\n                data-row-index=\"2\"\n                style=\"                padding:10px;\"\n                >\n                                1                <\/td>\n                                            <td class=\"wpdt-cell \"\n                                    data-cell-id=\"B3\"\n                data-col-index=\"1\"\n                data-row-index=\"2\"\n                style=\"                padding:10px;\"\n                >\n                                18\u00a0749\u00a0\u20ac                <\/td>\n                                            <td class=\"wpdt-cell \"\n                                    data-cell-id=\"C3\"\n                data-col-index=\"2\"\n                data-row-index=\"2\"\n                style=\"                padding:10px;\"\n                >\n                                28\u00a0873\u00a0\u20ac                <\/td>\n                                        <\/tr>\n                            <tr class=\"wpdt-cell-row \" >\n                            <td class=\"wpdt-cell \"\n                                    data-cell-id=\"A4\"\n                data-col-index=\"0\"\n                data-row-index=\"3\"\n                style=\"                padding:10px;\"\n                >\n                                2                <\/td>\n                                            <td class=\"wpdt-cell \"\n                                    data-cell-id=\"B4\"\n                data-col-index=\"1\"\n                data-row-index=\"3\"\n                style=\"                padding:10px;\"\n                >\n                                24\u00a0998\u00a0\u20ac                <\/td>\n                                            <td class=\"wpdt-cell \"\n                                    data-cell-id=\"C4\"\n                data-col-index=\"2\"\n                data-row-index=\"3\"\n                style=\"                padding:10px;\"\n                >\n                                35\u00a0122\u00a0\u20ac                <\/td>\n                                        <\/tr>\n                            <tr class=\"wpdt-cell-row \" >\n                            <td class=\"wpdt-cell \"\n                                    data-cell-id=\"A5\"\n                data-col-index=\"0\"\n                data-row-index=\"4\"\n                style=\"                padding:10px;\"\n                >\n                                3                <\/td>\n                                            <td class=\"wpdt-cell \"\n                                    data-cell-id=\"B5\"\n                data-col-index=\"1\"\n                data-row-index=\"4\"\n                style=\"                padding:10px;\"\n                >\n                                31\u00a0248\u00a0\u20ac                <\/td>\n                                            <td class=\"wpdt-cell \"\n                                    data-cell-id=\"C5\"\n                data-col-index=\"2\"\n                data-row-index=\"4\"\n                style=\"                padding:10px;\"\n                >\n                                41\u00a0372\u00a0\u20ac                <\/td>\n                                        <\/tr>\n                            <tr class=\"wpdt-cell-row \" >\n                            <td class=\"wpdt-cell \"\n                                    data-cell-id=\"A6\"\n                data-col-index=\"0\"\n                data-row-index=\"5\"\n                style=\"                padding:10px;\"\n                >\n                                4                <\/td>\n                                            <td class=\"wpdt-cell \"\n                                    data-cell-id=\"B6\"\n                data-col-index=\"1\"\n                data-row-index=\"5\"\n                style=\"                padding:10px;\"\n                >\n                                37\u00a0497\u00a0\u20ac                <\/td>\n                                            <td class=\"wpdt-cell \"\n                                    data-cell-id=\"C6\"\n                data-col-index=\"2\"\n                data-row-index=\"5\"\n                style=\"                padding:10px;\"\n                >\n                                47\u00a0621\u00a0\u20ac                <\/td>\n                                        <\/tr>\n                    <\/table>\n<\/div><style id='wpdt-custom-style-45'>\n.wpdt-bc-F3F9FE { background-color: #F3F9FE !important;}\n<\/style>\n<\/p>\n<p class=\"amp-wp-7d27179\" style=\"text-align: justify;\" data-amp-original-style=\"text-align: justify;\"><span class=\"amp-wp-fe3f5cc\" data-amp-original-style=\"font-weight: 400;\">Il vous sera possible de pr\u00e9tendre \u00e0 ce maximum dans le cas o\u00f9 vous ne touchez aucune ressource. <\/span><\/p>\n<p class=\"amp-wp-7d27179\" style=\"text-align: justify;\" data-amp-original-style=\"text-align: justify;\"><span class=\"amp-wp-fe3f5cc\" data-amp-original-style=\"font-weight: 400;\">Dans le cas contraire, la somme qui vous sera attribu\u00e9e variera selon plusieurs facteurs.<\/span><span class=\"amp-wp-fe3f5cc\" data-amp-original-style=\"font-weight: 400;\">\u00a0<\/span><\/p>\n<p class=\"amp-wp-7d27179\" style=\"text-align: justify;\" data-amp-original-style=\"text-align: justify;\"><span class=\"amp-wp-fe3f5cc\" data-amp-original-style=\"font-weight: 400;\">Dans la plupart des cas, afin de conna\u00eetre le <a href=\"https:\/\/www.mes-allocs.fr\/guides\/aah\/montant-aah\" target=\"_blank\" rel=\"noopener\">montant de l&rsquo;AAH<\/a>, le calcul se fait ainsi :<\/span><\/p>\n<p class=\"amp-wp-7d27179\" style=\"text-align: justify;\" data-amp-original-style=\"text-align: justify;\"><em>Montant de l\u2019AAH = Montant maximum d\u2019AAH \u2013 moyenne mensuelle des ressources per\u00e7ues sur 3 mois\u00a0<\/em><\/p>\n<h1 id=\"AAH_et_APL_cumulables___mode_d\u2019emploi_\" style=\"text-align: justify;\"><strong>Le cumul de l&rsquo;APL et de l&rsquo;AAH<\/strong><\/h1>\n<p class=\"amp-wp-7d27179\" style=\"text-align: justify;\" data-amp-original-style=\"text-align: justify;\">L\u2019AAH et l\u2019APL sont deux allocations vers\u00e9es par la CAF sous conditions. Pour ces deux aides, ce sont les ressources des b\u00e9n\u00e9ficiaires qui sont prises en compte afin de d\u00e9terminer les droits et de fixer les montants vers\u00e9s.<\/p>\n<p class=\"amp-wp-7d27179\" style=\"text-align: justify;\" data-amp-original-style=\"text-align: justify;\">Pour verser l\u2019AAH, la CAF va se baser sur les revenus nets cat\u00e9goriels de l\u2019ann\u00e9e N-2. Cela signifie que pour une demande faite en 2025, ce seront vos revenus de 2023 qui seront comptabilis\u00e9s. Le montant de l\u2019APL n\u2019est donc pas pris en compte.<\/p>\n<p style=\"text-align: justify;\">Pour l\u2019APL, la CAF va examiner les ressources de l\u2019ensemble du foyer sur les 12 derniers mois. L&rsquo;AAH n&rsquo;est pas prise en compte dans ce calcul.<\/p>\n<p style=\"text-align: justify;\">Cela indique tr\u00e8s clairement que ces 2 aides sociales sont ind\u00e9pendantes. Elles sont donc totalement cumulables.<\/p>\n<p style=\"text-align: justify;\">Cependant, ce cumul n&rsquo;est pas syst\u00e9matique. En effet, cela d\u00e9pend des ressources de l&rsquo;ensemble de votre foyer.<\/p>\n<p style=\"text-align: justify;\"><em>Par exemple, dans le cas d&rsquo;un b\u00e9n\u00e9ficiaire de l&rsquo;AAH, si il vit en couple avec une personne qui a des revenus importants, il ne pourra sans doute pas obtenir l&rsquo;APL.<\/em><\/p>\n<p style=\"text-align: justify;\">Il est donc possible d&rsquo;obtenir les 2 aides, et de les cumuler. Il faut juste que les plafonds de ressources ne soient pas d\u00e9pass\u00e9s pour chacune de ces aides.<\/p>\n<p style=\"text-align: justify;\"><span style=\"font-weight: 400;\"><div class='cta-block'><div class='text'>Simulez toutes vos Aides en 2 min.<\/div><a href='' class='app-button fit'>Simulation gratuite<\/a><\/div><\/span><\/p>\n<h1 style=\"text-align: justify;\">Le cumul de l&rsquo;APL avec d&rsquo;autres aides<\/h1>\n<h2 style=\"text-align: justify;\"><span id=\"Cumul_APL_et_RSA\">Le cumul de l&rsquo;APL et du RSA<\/span><\/h2>\n<p class=\"amp-wp-7d27179\" style=\"text-align: justify;\" data-amp-original-style=\"text-align: justify;\">Dans le cas o\u00f9 vous recevez l\u2019APL, un forfait logement sera d\u00e9duit de votre RSA. Ce forfait logement \u00e9volue en fonction de votre situation familiale.<\/p>\n<p class=\"amp-wp-7d27179\" style=\"text-align: justify;\" data-amp-original-style=\"text-align: justify;\">Il est donc possible de cumuler l&rsquo;APL et le RSA. Cependant, le RSA sera diminu\u00e9 l\u00e9g\u00e8rement\u00a0 de la fa\u00e7on suivante :<\/p>\n<ul id=\"d1121e148\" style=\"text-align: justify;\">\n<li>\u2013 67,84 euros par mois pour une personne seule<\/li>\n<li>\u2013 135,68 euros pour 2 personnes<\/li>\n<li>\u2013 167,91 euros pour 3 personnes ou plus.<\/li>\n<\/ul>\n<h2 style=\"text-align: justify;\">Le cumul de l&rsquo;APL et de la prime d&rsquo;activit\u00e9<\/h2>\n<p style=\"text-align: justify;\">Il est possible de cumuler la prime d\u2019activit\u00e9 et les APL. Les APL seront alors directement int\u00e9gr\u00e9es au calcul en tant que prestations familiales.<\/p>\n<h2 style=\"text-align: justify;\"><span id=\"Cumul_APL_et_Action_Logement\">Le cumul de l&rsquo;APL et des aides Action Logement<\/span><\/h2>\n<p class=\"amp-wp-7d27179\" style=\"text-align: justify;\" data-amp-original-style=\"text-align: justify;\">Il est possible de cumuler l&rsquo;APL avec des aides d\u2019Action logement. L&rsquo;Aide Mobili-Jeune par exemple, est une subvention d\u00e9velopp\u00e9e et vers\u00e9e par Action logement aux jeunes de moins de 30 ans en contrat d\u2019alternance afin de les aider \u00e0 payer leur loyer.<\/p>\n<p class=\"amp-wp-7d27179\" style=\"text-align: justify;\" data-amp-original-style=\"text-align: justify;\">Les aides Action Logement sont calcul\u00e9es en fonction du loyer, mais \u00e9galement des APL vers\u00e9es. Cette aide ne peut pas d\u00e9passer 100 euros par mois. La dur\u00e9e de cette aide va \u00eatre limit\u00e9e. En effet, elle ne peut pas exc\u00e9der deux ans.<\/p>\n<h2 style=\"text-align: justify;\">Le cumul des APL et des allocations familiales<\/h2>\n<p style=\"text-align: justify;\">Il est possible pour une famille de percevoir les allocations familiales et les APL. Ces deux aides sont en effet cumulables.<\/p>\n","protected":false},"excerpt":{"rendered":"<p>Il est possible d&rsquo;obtenir l&rsquo;APL\u00a0 sous \u00a0conditions, pour toute personne qui loue, ach\u00e8te un logement ou r\u00e9side dans un foyer. Il est \u00e9galement possible de cumuler l&rsquo;APL avec d&rsquo;autres aides. Parmi ces aides, on retrouve l&rsquo;AAH qui est cumulable. On retrouve l&rsquo;APL pour les personnes en situation de handicap dans les aides par situation.\u00a0 MesAllocs [&hellip;]<\/p>\n","protected":false},"author":13,"featured_media":55843,"comment_status":"closed","ping_status":"open","sticky":false,"template":"","format":"standard","meta":{"amp_status":"","footnotes":""},"categories":[14320],"tags":[],"class_list":["post-45294","post","type-post","status-publish","format-standard","has-post-thumbnail","hentry","category-aide-par-situation"],"yoast_head":"<!-- This site is optimized with the Yoast SEO plugin v14.9 - https:\/\/yoast.com\/wordpress\/plugins\/seo\/ -->\n<title>L&#039;APL handicap\u00e9 : comment \u00e7a fonctionne ? | Mes-Allocs.fr<\/title>\n<meta name=\"description\" content=\"Il est possible de cumuler l&#039;APL avec d&#039;autres aides. Parmi ces aides, on retrouve l&#039;AAH qui est cumulable.\" \/>\n<meta name=\"robots\" content=\"index, follow, max-snippet:-1, max-image-preview:large, max-video-preview:-1\" \/>\n<link rel=\"canonical\" href=\"https:\/\/www.mes-allocs.fr\/guides\/aide-par-situation\/apl-handicape\/\" \/>\n<meta property=\"og:locale\" content=\"fr_FR\" \/>\n<meta property=\"og:type\" content=\"article\" \/>\n<meta property=\"og:title\" content=\"L&#039;APL handicap\u00e9 : comment \u00e7a fonctionne ? | Mes-Allocs.fr\" \/>\n<meta property=\"og:description\" content=\"Il est possible de cumuler l&#039;APL avec d&#039;autres aides. Parmi ces aides, on retrouve l&#039;AAH qui est cumulable.\" \/>\n<meta property=\"og:url\" content=\"https:\/\/www.mes-allocs.fr\/guides\/aide-par-situation\/apl-handicape\/\" \/>\n<meta property=\"og:site_name\" content=\"Mes-Allocs.fr\" \/>\n<meta property=\"article:published_time\" content=\"2022-09-19T14:32:55+00:00\" \/>\n<meta property=\"article:modified_time\" content=\"2025-02-25T09:46:24+00:00\" \/>\n<meta property=\"og:image\" content=\"https:\/\/www.mes-allocs.fr\/guides\/wp-content\/uploads\/2022\/08\/yomex-owo-gRTzhQsiVG0-unsplash-e1666193727361.jpg?wsr\" \/>\n\t<meta property=\"og:image:width\" content=\"1920\" \/>\n\t<meta property=\"og:image:height\" content=\"350\" \/>\n<meta name=\"twitter:card\" content=\"summary_large_image\" \/>\n<script type=\"application\/ld+json\" class=\"yoast-schema-graph\">{\"@context\":\"https:\/\/schema.org\",\"@graph\":[{\"@type\":\"WebSite\",\"@id\":\"https:\/\/www.mes-allocs.fr\/guides\/#website\",\"url\":\"https:\/\/www.mes-allocs.fr\/guides\/\",\"name\":\"Mes-Allocs.fr\",\"description\":\"\",\"potentialAction\":[{\"@type\":\"SearchAction\",\"target\":\"https:\/\/www.mes-allocs.fr\/guides\/?s={search_term_string}\",\"query-input\":\"required name=search_term_string\"}],\"inLanguage\":\"fr-FR\"},{\"@type\":\"ImageObject\",\"@id\":\"https:\/\/www.mes-allocs.fr\/guides\/aide-par-situation\/apl-handicape\/#primaryimage\",\"inLanguage\":\"fr-FR\",\"url\":\"https:\/\/www.mes-allocs.fr\/guides\/wp-content\/uploads\/2022\/08\/yomex-owo-gRTzhQsiVG0-unsplash-e1666193727361.jpg?wsr\",\"width\":1920,\"height\":350,\"caption\":\"apl handicap\\u00e9\"},{\"@type\":\"WebPage\",\"@id\":\"https:\/\/www.mes-allocs.fr\/guides\/aide-par-situation\/apl-handicape\/#webpage\",\"url\":\"https:\/\/www.mes-allocs.fr\/guides\/aide-par-situation\/apl-handicape\/\",\"name\":\"L'APL handicap\\u00e9 : comment \\u00e7a fonctionne ? | Mes-Allocs.fr\",\"isPartOf\":{\"@id\":\"https:\/\/www.mes-allocs.fr\/guides\/#website\"},\"primaryImageOfPage\":{\"@id\":\"https:\/\/www.mes-allocs.fr\/guides\/aide-par-situation\/apl-handicape\/#primaryimage\"},\"datePublished\":\"2022-09-19T14:32:55+00:00\",\"dateModified\":\"2025-02-25T09:46:24+00:00\",\"author\":{\"@id\":\"https:\/\/www.mes-allocs.fr\/guides\/#\/schema\/person\/c22c1269332026958a3b5505f80b5404\"},\"description\":\"Il est possible de cumuler l'APL avec d'autres aides. Parmi ces aides, on retrouve l'AAH qui est cumulable.\",\"inLanguage\":\"fr-FR\"},{\"@type\":\"Person\",\"@id\":\"https:\/\/www.mes-allocs.fr\/guides\/#\/schema\/person\/c22c1269332026958a3b5505f80b5404\",\"name\":\"Flavien Fritz\",\"image\":{\"@type\":\"ImageObject\",\"@id\":\"https:\/\/www.mes-allocs.fr\/guides\/#personlogo\",\"inLanguage\":\"fr-FR\",\"url\":\"https:\/\/www.mes-allocs.fr\/guides\/wp-content\/uploads\/2021\/11\/Flavien-1-150x150.png\",\"caption\":\"Flavien Fritz\"},\"description\":\"Flavien est r\\u00e9dacteur au sein de l'\\u00e9quipe Mes Allocs, sp\\u00e9cialis\\u00e9 en droit priv\\u00e9. Dipl\\u00f4m\\u00e9 de l'Institut Catholique de Vend\\u00e9e, il rejoint Mes Allocs apr\\u00e8s une premi\\u00e8re exp\\u00e9rience entrepreneuriale.\",\"sameAs\":[\"https:\/\/fr.linkedin.com\/in\/flavienfritz\"]}]}<\/script>\n<!-- \/ Yoast SEO plugin. -->","amp_validity":null,"acf":{"faq":{"1":{"question":"Comment se calcule l'AAH ?","answer":"Le montant de l\u2019AAH varie selon votre situation et votre activit\u00e9\r\n<br> <a href=\"https:\/\/www.mes-allocs.fr\/guides\/aide-par-situation\/aide-handicape\/apl-handicap\u00e9\/\">Lire la suite<\/a>\r\n"},"2":{"question":"Peut-on cumuler l'APL et l'AAH ?","answer":"Il est donc possible d'obtenir les 2 aides, et de les cumuler. Il faut juste que les plafonds de ressources ne soient pas d\u00e9pass\u00e9s pour chacune de ces aides.\r\n<br> <a href=\"https:\/\/www.mes-allocs.fr\/guides\/aide-par-situation\/aide-handicape\/apl-handicap\u00e9\/\">Lire la suite<\/a>\r\n"},"3":{"question":"Comment obtenir le montant maximum de l'AAH ?","answer":"Il vous sera possible de pr\u00e9tendre \u00e0 ce maximum dans le cas o\u00f9 vous ne touchez aucune ressource.\r\n<br> <a href=\"https:\/\/www.mes-allocs.fr\/guides\/aide-par-situation\/aide-handicape\/apl-handicap\u00e9\/\">Lire la suite<\/a>\r\n"},"4":{"question":"Comment demander l'APL ?","answer":"Pour faire votre demande d\u2019APL, vous devez vous rendre sur le site de la CAF ou de la MSA. Pour cela, rendez-vous dans votre espace personnel.\r\n<br> <a href=\"https:\/\/www.mes-allocs.fr\/guides\/aide-par-situation\/aide-handicape\/apl-handicap\u00e9\/\">Lire la suite<\/a>\r\n"},"5":{"question":"","answer":""},"6":{"question":"","answer":""},"7":{"question":"","answer":""},"8":{"question":"","answer":""},"9":{"question":"","answer":""},"10":{"question":"","answer":""},"11":{"question":"","answer":""},"12":{"question":"","answer":""},"13":{"question":"","answer":""},"14":{"question":"","answer":""},"15":{"question":"","answer":""},"16":{"question":"","answer":""}}},"_links":{"self":[{"href":"https:\/\/www.mes-allocs.fr\/guides\/wp-json\/wp\/v2\/posts\/45294","targetHints":{"allow":["GET"]}}],"collection":[{"href":"https:\/\/www.mes-allocs.fr\/guides\/wp-json\/wp\/v2\/posts"}],"about":[{"href":"https:\/\/www.mes-allocs.fr\/guides\/wp-json\/wp\/v2\/types\/post"}],"author":[{"embeddable":true,"href":"https:\/\/www.mes-allocs.fr\/guides\/wp-json\/wp\/v2\/users\/13"}],"replies":[{"embeddable":true,"href":"https:\/\/www.mes-allocs.fr\/guides\/wp-json\/wp\/v2\/comments?post=45294"}],"version-history":[{"count":9,"href":"https:\/\/www.mes-allocs.fr\/guides\/wp-json\/wp\/v2\/posts\/45294\/revisions"}],"predecessor-version":[{"id":93685,"href":"https:\/\/www.mes-allocs.fr\/guides\/wp-json\/wp\/v2\/posts\/45294\/revisions\/93685"}],"wp:featuredmedia":[{"embeddable":true,"href":"https:\/\/www.mes-allocs.fr\/guides\/wp-json\/wp\/v2\/media\/55843"}],"wp:attachment":[{"href":"https:\/\/www.mes-allocs.fr\/guides\/wp-json\/wp\/v2\/media?parent=45294"}],"wp:term":[{"taxonomy":"category","embeddable":true,"href":"https:\/\/www.mes-allocs.fr\/guides\/wp-json\/wp\/v2\/categories?post=45294"},{"taxonomy":"post_tag","embeddable":true,"href":"https:\/\/www.mes-allocs.fr\/guides\/wp-json\/wp\/v2\/tags?post=45294"}],"curies":[{"name":"wp","href":"https:\/\/api.w.org\/{rel}","templated":true}]}}