{"id":45275,"date":"2022-02-03T22:15:58","date_gmt":"2022-02-03T20:15:58","guid":{"rendered":"https:\/\/www.mes-allocs.fr\/guides\/?p=45275"},"modified":"2026-02-27T18:01:58","modified_gmt":"2026-02-27T17:01:58","slug":"conge-de-solidarite-familiale-convention-nationale-des-transports","status":"publish","type":"post","link":"https:\/\/www.mes-allocs.fr\/guides\/allocations-familiales\/conge-solidarite-familiale\/conge-de-solidarite-familiale-convention-nationale-des-transports\/","title":{"rendered":"Le cong\u00e9 de solidarit\u00e9 familial et la convention nationale des transports"},"content":{"rendered":"<p><img loading=\"lazy\" decoding=\"async\" class=\"aligncenter wp-image-45278 size-full\" title=\"camions\" src=\"https:\/\/www.mes-allocs.fr\/guides\/wp-content\/uploads\/2022\/02\/camions--e1687273807940.jpeg\" alt=\"conge de solidarit\u00e9 familiale convention nationale des transports\" width=\"1126\" height=\"199\" srcset=\"https:\/\/www.mes-allocs.fr\/guides\/wp-content\/uploads\/2022\/02\/camions--e1687273807940.jpeg 1126w, https:\/\/www.mes-allocs.fr\/guides\/wp-content\/uploads\/2022\/02\/camions--e1687273807940-300x53.jpeg 300w, https:\/\/www.mes-allocs.fr\/guides\/wp-content\/uploads\/2022\/02\/camions--e1687273807940-1024x181.jpeg 1024w, https:\/\/www.mes-allocs.fr\/guides\/wp-content\/uploads\/2022\/02\/camions--e1687273807940-768x136.jpeg 768w, https:\/\/www.mes-allocs.fr\/guides\/wp-content\/uploads\/2022\/02\/camions--e1687273807940-600x106.jpeg 600w\" sizes=\"auto, (max-width: 1126px) 100vw, 1126px\" \/><\/p>\n<p style=\"text-align: justify;\">[Mis \u00e0 jour le 26\/02\/2026] Le cong\u00e9 de solidarit\u00e9 familiale n\u2019est pas \u00e0 proprement parler une <a href=\"https:\/\/www.mes-allocs.fr\/guides\/allocations-familiales\/\">allocation familiale<\/a>, toutefois il permet de b\u00e9n\u00e9ficier d&rsquo;un cong\u00e9 si vous prenez une pause professionnelle pour vous occuper d&rsquo;un proche. On vous explique comment se passe <strong>le cong\u00e9 de solidarit\u00e9 familiale et la convention nationale des transports<\/strong>.<\/p>\n<div class='cta-block'><div class='text'>Simulez toutes vos aides en 2 min.<\/div><a href='https:\/\/www.mes-allocs.fr\/ab-app?origin=guides\/wp-json\/wp\/v2\/posts\/45275' class='app-button fit'>Simulation gratuite<\/a><\/div>\n<h1>Le cong\u00e9 de solidarit\u00e9 familiale pour les transports<\/h1>\n<h2>Pour les ouvriers<\/h2>\n<p><a href=\"https:\/\/www.mes-allocs.fr\/guides\/allocations-familiales\/conge-solidarite-familiale\/\">Le cong\u00e9 de solidarit\u00e9 familiale<\/a> est une aide qui peut s&rsquo;adresser \u00e0 chacun. Cependant, selon les diff\u00e9rents accords au sein de l&rsquo;entreprise, l&rsquo;aide peut varier de forme. Pour les chauffeurs routiers, la convention collective pr\u00e9voit des cong\u00e9s exceptionnels pour certains \u00e9v\u00e9nements familiaux.\u00a0Les salari\u00e9s ont droit aux cong\u00e9s exceptionnels avec maintien de la r\u00e9mun\u00e9ration, pour les \u00e9v\u00e9nements familiaux suivants sans condition d&rsquo;anciennet\u00e9 :<\/p>\n<ul>\n<li>Mariage du salari\u00e9 : 4 jours ;<\/li>\n<li>Mariage d&rsquo;un enfant : 1 jour ;<\/li>\n<li>Cong\u00e9 de naissance ou d&rsquo;adoption : 3 jours ;<\/li>\n<li>D\u00e9c\u00e8s du conjoint : 3 jours ;<\/li>\n<li>D\u00e9c\u00e8s d&rsquo;un enfant : 3 jours ;<\/li>\n<li>D\u00e9c\u00e8s du p\u00e8re ou de la m\u00e8re : 3 jour.<\/li>\n<\/ul>\n<p>A partir de 3 mois d&rsquo;anciennet\u00e9 les conditions varient quelque peu:<\/p>\n<ul>\n<li>Mariage d&rsquo;un enfant : 2 jours ;<\/li>\n<li>D\u00e9c\u00e8s du conjoint : 3 jours ;<\/li>\n<li>D\u00e9c\u00e8s d&rsquo;un ascendant ou descendant : 3 jours ;<\/li>\n<li>D\u00e9c\u00e8s d&rsquo;un fr\u00e8re ou d&rsquo;une s\u0153ur : 1 jour ;<\/li>\n<li>D\u00e9c\u00e8s de l&rsquo;un des beaux-parents : 1 jour ;<\/li>\n<li>Stage pr\u00e9militaire (au maximum) : 3 jours.<\/li>\n<li style=\"list-style-type: none;\"><\/li>\n<\/ul>\n<p style=\"text-align: justify;\">Ces jours s&rsquo;entendent en jours ouvrables habituellement travaill\u00e9s dans l&rsquo;entreprise.\u00a0Les cong\u00e9s doivent \u00eatre pris, en une seule fois, dans les jours m\u00eames o\u00f9 ils sont justifi\u00e9s par les \u00e9v\u00e9nements pr\u00e9cit\u00e9s.<\/p>\n<p><iframe loading=\"lazy\" title=\"Tout Savoir sur les Allocations Familiales !\" width=\"500\" height=\"281\" src=\"https:\/\/www.youtube.com\/embed\/XEX_FdLLYMo?feature=oembed\" frameborder=\"0\" allow=\"accelerometer; autoplay; clipboard-write; encrypted-media; gyroscope; picture-in-picture; web-share\" referrerpolicy=\"strict-origin-when-cross-origin\" allowfullscreen><\/iframe><\/p>\n<div class=\"Contribution__MdxWrapper-sc-17vgrcg-2 icfsAX\">\n<h2>Pour les autres salari\u00e9s<\/h2>\n<p style=\"text-align: justify;\">Concernant les employ\u00e9s, les techniciens, les agents de ma\u00eetrise, les ing\u00e9nieurs et les cadres (dans le cadre de la convention nationale des transports), ils ont le droit aux cong\u00e9s exceptionnels avec maintien de la r\u00e9mun\u00e9ration suivants :<\/p>\n<ul>\n<li>Mariage de l&rsquo;int\u00e9ress\u00e9 : 4 jours ;<\/li>\n<li>Mariage d&rsquo;un enfant : 1 jour ;<\/li>\n<li>Cong\u00e9 de naissance ou d&rsquo;adoption : 3 jours ;<\/li>\n<li>D\u00e9c\u00e8s du conjoint : 3 jours ;<\/li>\n<li>D\u00e9c\u00e8s d&rsquo;un enfant de plus de 25 ans : 5 jours<\/li>\n<li>D\u00e9c\u00e8s d&rsquo;un enfant de moins de 25 ans : 7 jours<\/li>\n<li>D\u00e9c\u00e8s d&rsquo;un ascendant ou descendant : 2 jours ;<\/li>\n<li>D\u00e9c\u00e8s d&rsquo;un fr\u00e8re ou d&rsquo;une s\u0153ur : 1 jour ;<\/li>\n<li>D\u00e9c\u00e8s de l&rsquo;un des beaux-parents : 1 jour ;<\/li>\n<li>Stage pr\u00e9militaire (au maximum) : 3 jours.<\/li>\n<\/ul>\n<p style=\"text-align: justify;\">Comment pour les ouvriers, ces jours s&rsquo;entendent en jours ouvrables habituellement travaill\u00e9s dans l&rsquo;entreprise.\u00a0Les cong\u00e9s doivent \u00eatre pris en une seule fois, dans les jours m\u00eames o\u00f9 ils sont justifi\u00e9s par les \u00e9v\u00e9nements.<\/p>\n<div class='cta-block'><div class='text'>Simulez toutes vos aides en 2 min.<\/div><a href='https:\/\/www.mes-allocs.fr\/ab-app?origin=guides\/wp-json\/wp\/v2\/posts\/45275' class='app-button fit'>Simulation gratuite<\/a><\/div>\n<h1 style=\"text-align: justify;\">Le cong\u00e9 de solidarit\u00e9 familiale<\/h1>\n<h2 style=\"text-align: justify;\">Petite d\u00e9finition<\/h2>\n<div class=\"fiche-item\" style=\"text-align: justify;\">\n<div id=\"fiche-item-1\" class=\"fiche-item-content collapse in\" aria-hidden=\"false\">\n<p>Le cong\u00e9 de solidarit\u00e9 familiale permet au salari\u00e9 d&rsquo;assister un proche dont la maladie met en jeu le pronostic vital. Le proche assist\u00e9 se trouve en phase avanc\u00e9e ou terminale d&rsquo;une affection grave et incurable (quelle qu&rsquo;en soit la cause).<\/p>\n<h2 class=\"amp-wp-7d27179\" style=\"text-align: justify;\" data-amp-original-style=\"text-align: justify;\">Qui peut en b\u00e9n\u00e9ficier ?<\/h2>\n<p class=\"amp-wp-7d27179\" style=\"text-align: justify;\" data-amp-original-style=\"text-align: justify;\">Le cong\u00e9 de solidarit\u00e9 familiale peut \u00eatre pris lorsqu\u2019un proche se trouve en fin de vie et dont le pronostic vital est engag\u00e9 ou qui se trouve en phase avanc\u00e9e d\u2019une pathologie grave et incurable. L\u2019origine de la maladie n\u2019a aucune incidence sur le cong\u00e9 de solidarit\u00e9 familiale.<\/p>\n<p class=\"amp-wp-7d27179\" style=\"text-align: justify;\" data-amp-original-style=\"text-align: justify;\"><span class=\"amp-wp-f6bf23d\" data-amp-original-style=\"text-decoration: underline;\">Pour en b\u00e9n\u00e9ficier, le proche doit \u00eatre<\/span> :<\/p>\n<ul style=\"text-align: justify;\">\n<li>Un ascendant : p\u00e8re, m\u00e8re<\/li>\n<li>Un descendant : enfant, petit-enfant<\/li>\n<li>Un fr\u00e8re ou une s\u0153ur<\/li>\n<li>Une personne partageant le m\u00eame domicile : conjoint, concubin, partenaire de\u00a0PACS<\/li>\n<li class=\"amp-wp-7d27179\" data-amp-original-style=\"text-align: justify;\">Une personne vous ayant d\u00e9sign\u00e9 comme personne de confiance :\u00a0elle\u00a0peut \u00eatre un parent, un proche ou le m\u00e9decin traitant. Lorsque le malade se trouve dans l\u2019impossibilit\u00e9 de prendre une d\u00e9cision,\u00a0la personne de confiance\u00a0est consult\u00e9e.<\/li>\n<\/ul>\n<p class=\"amp-wp-7d27179\" style=\"text-align: justify;\" data-amp-original-style=\"text-align: justify;\">Dans le cas o\u00f9 votre enfant est\u00a0gravement malade, handicap\u00e9 ou victime d\u2019un accident, il est possible de b\u00e9n\u00e9ficier de l\u2019allocation de pr\u00e9sence parentale.<\/p>\n<\/div>\n<\/div>\n<div class=\"fiche-item\">\n<div id=\"fiche-item-2\" class=\"fiche-item-content collapse in\" aria-hidden=\"false\">\n<h2 style=\"text-align: justify;\">La question de la r\u00e9mun\u00e9ration<\/h2>\n<div style=\"text-align: justify;\">\n<p>Durant toute la dur\u00e9e du cong\u00e9, le salari\u00e9 conserve ses droits \u00e0 remboursement des soins et indemnit\u00e9s journali\u00e8res vers\u00e9es par la s\u00e9curit\u00e9 sociale en cas de maladie, maternit\u00e9, invalidit\u00e9 et d\u00e9c\u00e8s.<\/p>\n<\/div>\n<div>\n<p style=\"text-align: justify;\">Concernant <a href=\"https:\/\/www.mes-allocs.fr\/guides\/allocations-familiales\/conge-solidarite-familiale\/conge-de-solidar\u2026ale-remuneration\/\">la r\u00e9mun\u00e9ration<\/a>, le cong\u00e9 de solidarit\u00e9 familiale n&rsquo;est pas r\u00e9mun\u00e9r\u00e9.<\/p>\n<p style=\"text-align: justify;\">Toutefois, le salari\u00e9 b\u00e9n\u00e9ficiaire du cong\u00e9 per\u00e7oit l&rsquo;allocation journali\u00e8re d&rsquo;accompagnement d&rsquo;une personne en fin de vie.<\/p>\n<p style=\"text-align: justify;\">Le demandeur doit remplir tous documents suivants\u00a0:<\/p>\n<ul style=\"text-align: justify;\">\n<li>Attestation remplie par l&#8217;employeur, pr\u00e9cisant que le salari\u00e9 b\u00e9n\u00e9ficie d&rsquo;un cong\u00e9 de solidarit\u00e9 familiale (ou qu&rsquo;il l&rsquo;a transform\u00e9 en p\u00e9riode d&rsquo;activit\u00e9 \u00e0 temps partiel)<\/li>\n<li>Formulaire de demande d&rsquo;allocation journali\u00e8re d&rsquo;accompagnement \u00e0 domicile d&rsquo;une personne en fin de vie<\/li>\n<\/ul>\n<p style=\"text-align: justify;\">Ces pi\u00e8ces doivent \u00eatre adress\u00e9es par courrier au centre national de gestion des demandes d&rsquo;allocations journali\u00e8res d&rsquo;accompagnement d&rsquo;une personne en fin de vie (Cnajap).<\/p>\n<h2 style=\"text-align: justify;\">Fin de cong\u00e9<\/h2>\n<p style=\"text-align: justify;\">Apr\u00e8s son cong\u00e9, le salari\u00e9 a le droit de b\u00e9n\u00e9ficier d&rsquo;un entretien professionnel avec son employeur consacr\u00e9 \u00e0 ses perspectives d&rsquo;\u00e9volution professionnelle.<\/p>\n<p style=\"text-align: justify;\">Le salari\u00e9 conserve le b\u00e9n\u00e9fice de tous les avantages qu&rsquo;il avait acquis avant le d\u00e9but du cong\u00e9.\u00a0La dur\u00e9e du cong\u00e9 est prise en compte pour la d\u00e9termination des avantages li\u00e9s \u00e0 l&rsquo;anciennet\u00e9.<\/p>\n<p style=\"text-align: justify;\">En cas de d\u00e9c\u00e8s de la personne assist\u00e9e, le cong\u00e9 prend fin dans les trois jours suivant le d\u00e9c\u00e8s. Le salari\u00e9 doit informer son employeur <strong data-start=\"2191\" data-end=\"2250\">au moins trois jours avant la date pr\u00e9vue de son retour<\/strong>.<\/p>\n<p style=\"text-align: justify;\">\u00c0 la fin du cong\u00e9, le salari\u00e9 retrouve son emploi ou un emploi similaire et une r\u00e9mun\u00e9ration au moins \u00e9quivalente \u00e0 son emploi pr\u00e9c\u00e9dant.\u00a0Des mesures d&rsquo;accompagnement du salari\u00e9 lors de son retour peuvent \u00eatre pr\u00e9vues.<\/p>\n<\/div>\n<\/div>\n<\/div>\n<\/div>\n<div class=\"sc-jSFjdj jEHtTv\">\n<div class=\"sc-khIgEk YwLsE\" role=\"button\" aria-expanded=\"false\">\n<h1 style=\"text-align: justify;\">Une autre aide disponible : l\u2019allocation journali\u00e8re d\u2019accompagnement d\u2019une personne en fin de vie (<dfn title=\"Allocation journali\u00e8re d'accompagnement d'une personne en fin de vie\">AJAP<\/dfn>)<\/h1>\n<h2 style=\"text-align: justify;\">D\u00e9finition<\/h2>\n<p style=\"text-align: justify;\">L\u2019allocation journali\u00e8re d\u2019accompagnement d\u2019une personne en fin de vie (<dfn title=\"Allocation journali\u00e8re d'accompagnement d'une personne en fin de vie\">AJAP<\/dfn>) est destin\u00e9e \u00e0\u00a0compenser partiellement la perte de revenus subie par les assur\u00e9s sociaux (personnes accompagnantes) qui cessent leur activit\u00e9 afin d\u2019accompagner \u00e0 domicile un proche (personne accompagn\u00e9e) en phase avanc\u00e9e ou terminale d\u2019une affection.<\/p>\n<p style=\"text-align: justify;\">La dur\u00e9e de versement de l&rsquo;AJAP est fix\u00e9e \u00e0 21 jours maximum, par personne accompagn\u00e9e. L\u2019allocation continue d\u2019\u00eatre vers\u00e9e m\u00eame en cas d\u2019hospitalisation de la personne accompagn\u00e9e, d\u00e8s lors que le droit a \u00e9t\u00e9 ouvert. Lorsque le cong\u00e9 est pris sous forme d\u2019activit\u00e9 \u00e0 temps partiel, le montant de l\u2019allocation journali\u00e8re d\u2019accompagnement est adapt\u00e9 proportionnellement \u00e0 la r\u00e9duction du temps de travail.<\/p>\n<h2 style=\"text-align: justify;\">Conditions d&rsquo;attribution<\/h2>\n<p style=\"text-align: justify;\">La demande de cette allocation doit comporter notamment les informations suivantes :<\/p>\n<ul style=\"text-align: justify;\">\n<li>l\u2019identit\u00e9 du demandeur et sa situation professionnelle,<\/li>\n<li>le nombre de journ\u00e9es d\u2019allocation demand\u00e9es dans la limite maximale l\u00e9gale,<\/li>\n<li>l\u2019identit\u00e9 et le num\u00e9ro de s\u00e9curit\u00e9 sociale de la personne accompagn\u00e9e,<\/li>\n<li>une attestation du m\u00e9decin ainsi que le nom de l\u2019organisme de s\u00e9curit\u00e9 sociale dont rel\u00e8ve la personne accompagn\u00e9e.<\/li>\n<\/ul>\n<div class='cta-block'><div class='text'>Simulez toutes vos aides en 2 min.<\/div><a href='https:\/\/www.mes-allocs.fr\/ab-app?origin=guides\/wp-json\/wp\/v2\/posts\/45275' class='app-button fit'>Simulation gratuite<\/a><\/div>\n<\/div>\n<\/div>\n","protected":false},"excerpt":{"rendered":"<p>[Mis \u00e0 jour le 26\/02\/2026] Le cong\u00e9 de solidarit\u00e9 familiale n\u2019est pas \u00e0 proprement parler une allocation familiale, toutefois il permet de b\u00e9n\u00e9ficier d&rsquo;un cong\u00e9 si vous prenez une pause professionnelle pour vous occuper d&rsquo;un proche. On vous explique comment se passe le cong\u00e9 de solidarit\u00e9 familiale et la convention nationale des transports. Le cong\u00e9 [&hellip;]<\/p>\n","protected":false},"author":6,"featured_media":45278,"comment_status":"open","ping_status":"open","sticky":false,"template":"","format":"standard","meta":{"amp_status":"","footnotes":""},"categories":[10,10875],"tags":[],"class_list":["post-45275","post","type-post","status-publish","format-standard","has-post-thumbnail","hentry","category-allocations-familiales","category-conge-solidarite-familiale"],"yoast_head":"<!-- This site is optimized with the Yoast SEO plugin v14.9 - https:\/\/yoast.com\/wordpress\/plugins\/seo\/ -->\n<title>Cong\u00e9 de solidarit\u00e9 familiale et convention nationale des transports<\/title>\n<meta name=\"description\" content=\"Si vous travaillez dans le secteur du transport, vous pouvez b\u00e9n\u00e9ficier du cong\u00e9 de solidarit\u00e9 familiale selon votre convention.\" \/>\n<meta name=\"robots\" content=\"index, follow, max-snippet:-1, max-image-preview:large, max-video-preview:-1\" \/>\n<link rel=\"canonical\" href=\"https:\/\/www.mes-allocs.fr\/guides\/allocations-familiales\/conge-solidarite-familiale\/conge-de-solidarite-familiale-convention-nationale-des-transports\/\" \/>\n<meta property=\"og:locale\" content=\"fr_FR\" \/>\n<meta property=\"og:type\" content=\"article\" \/>\n<meta property=\"og:title\" content=\"Cong\u00e9 de solidarit\u00e9 familiale et convention nationale des transports\" \/>\n<meta property=\"og:description\" content=\"Si vous travaillez dans le secteur du transport, vous pouvez b\u00e9n\u00e9ficier du cong\u00e9 de solidarit\u00e9 familiale selon votre convention.\" \/>\n<meta property=\"og:url\" content=\"https:\/\/www.mes-allocs.fr\/guides\/allocations-familiales\/conge-solidarite-familiale\/conge-de-solidarite-familiale-convention-nationale-des-transports\/\" \/>\n<meta property=\"og:site_name\" content=\"Mes-Allocs.fr\" \/>\n<meta property=\"article:published_time\" content=\"2022-02-03T20:15:58+00:00\" \/>\n<meta property=\"article:modified_time\" content=\"2026-02-27T17:01:58+00:00\" \/>\n<meta property=\"og:image\" content=\"https:\/\/www.mes-allocs.fr\/guides\/wp-content\/uploads\/2022\/02\/camions--e1687273807940.jpeg?wsr\" \/>\n\t<meta property=\"og:image:width\" content=\"1126\" \/>\n\t<meta property=\"og:image:height\" content=\"199\" \/>\n<meta name=\"twitter:card\" content=\"summary_large_image\" \/>\n<script type=\"application\/ld+json\" class=\"yoast-schema-graph\">{\"@context\":\"https:\/\/schema.org\",\"@graph\":[{\"@type\":\"WebSite\",\"@id\":\"https:\/\/www.mes-allocs.fr\/guides\/#website\",\"url\":\"https:\/\/www.mes-allocs.fr\/guides\/\",\"name\":\"Mes-Allocs.fr\",\"description\":\"\",\"potentialAction\":[{\"@type\":\"SearchAction\",\"target\":\"https:\/\/www.mes-allocs.fr\/guides\/?s={search_term_string}\",\"query-input\":\"required name=search_term_string\"}],\"inLanguage\":\"fr-FR\"},{\"@type\":\"ImageObject\",\"@id\":\"https:\/\/www.mes-allocs.fr\/guides\/allocations-familiales\/conge-solidarite-familiale\/conge-de-solidarite-familiale-convention-nationale-des-transports\/#primaryimage\",\"inLanguage\":\"fr-FR\",\"url\":\"https:\/\/www.mes-allocs.fr\/guides\/wp-content\/uploads\/2022\/02\/camions--e1687273807940.jpeg?wsr\",\"width\":1126,\"height\":199,\"caption\":\"conge de solidarit\\u00e9 familiale convention nationale des transports\"},{\"@type\":\"WebPage\",\"@id\":\"https:\/\/www.mes-allocs.fr\/guides\/allocations-familiales\/conge-solidarite-familiale\/conge-de-solidarite-familiale-convention-nationale-des-transports\/#webpage\",\"url\":\"https:\/\/www.mes-allocs.fr\/guides\/allocations-familiales\/conge-solidarite-familiale\/conge-de-solidarite-familiale-convention-nationale-des-transports\/\",\"name\":\"Cong\\u00e9 de solidarit\\u00e9 familiale et convention nationale des transports\",\"isPartOf\":{\"@id\":\"https:\/\/www.mes-allocs.fr\/guides\/#website\"},\"primaryImageOfPage\":{\"@id\":\"https:\/\/www.mes-allocs.fr\/guides\/allocations-familiales\/conge-solidarite-familiale\/conge-de-solidarite-familiale-convention-nationale-des-transports\/#primaryimage\"},\"datePublished\":\"2022-02-03T20:15:58+00:00\",\"dateModified\":\"2026-02-27T17:01:58+00:00\",\"author\":{\"@id\":\"https:\/\/www.mes-allocs.fr\/guides\/#\/schema\/person\/0ecd61a8600573914d00d970a588c024\"},\"description\":\"Si vous travaillez dans le secteur du transport, vous pouvez b\\u00e9n\\u00e9ficier du cong\\u00e9 de solidarit\\u00e9 familiale selon votre convention.\",\"inLanguage\":\"fr-FR\"},{\"@type\":\"Person\",\"@id\":\"https:\/\/www.mes-allocs.fr\/guides\/#\/schema\/person\/0ecd61a8600573914d00d970a588c024\",\"name\":\"Jonathan\",\"image\":{\"@type\":\"ImageObject\",\"@id\":\"https:\/\/www.mes-allocs.fr\/guides\/#personlogo\",\"inLanguage\":\"fr-FR\",\"url\":\"https:\/\/www.mes-allocs.fr\/guides\/wp-content\/uploads\/2021\/06\/jonathan-150x150.png\",\"caption\":\"Jonathan\"},\"description\":\"Jonathan est r\\u00e9dacteur au sein de l'\\u00e9quipe Mes Allocs, sp\\u00e9cialis\\u00e9 sur les sujets li\\u00e9s au handicap. Dipl\\u00f4m\\u00e9e de l'UPEM, il rejoint Mes Allocs apr\\u00e8s avoir travaill\\u00e9 \\u00e0 l'association AEDE qui accompagne les adultes en situation de handicap. Quand il n'\\u00e9crit pas, on peut le retrouver sur un terrain de basket.\",\"sameAs\":[\"https:\/\/www.linkedin.com\/in\/jonathan-bambela-8637861b7\"]}]}<\/script>\n<!-- \/ Yoast SEO plugin. -->","amp_validity":null,"acf":{"faq":{"1":{"question":"Comment calculer le salaire par jour ?","answer":"Le salaire journalier de r\u00e9f\u00e9rence (SJR) est \u00e9gal au salaire annuel de r\u00e9f\u00e9rence divis\u00e9 par le nombre de jours travaill\u00e9s durant la p\u00e9riode de r\u00e9f\u00e9rence de calcul (PRC)."},"2":{"question":"Qui peut b\u00e9n\u00e9ficier d'un cong\u00e9 de solidarit\u00e9 familiale ?","answer":"Le droit au cong\u00e9 de solidarit\u00e9 familiale b\u00e9n\u00e9ficie, dans les m\u00eames conditions, au salari\u00e9 qui souhaite assister la personne malade l'ayant d\u00e9sign\u00e9 comme personne de confiance."},"3":{"question":"Quelles conditions doit respecter un aidant pour percevoir l\u2019AJPA ?","answer":"L'allocation journali\u00e8re du proche aidant est vers\u00e9e selon certaines conditions qui sont les suivantes : Ne pas percevoir de r\u00e9mun\u00e9ration de la personne aid\u00e9e Avoir r\u00e9duit ou cess\u00e9 son activit\u00e9"},"4":{"question":"Quelle est la dur\u00e9e du cong\u00e9 de solidarit\u00e9 familiale ?","answer":"La dur\u00e9e du cong\u00e9 de solidarit\u00e9 familiale est de 3 mois maximum."},"5":{"question":"Les indemnit\u00e9s journali\u00e8res sont-elles imposables ?","answer":"Depuis le 1er janvier 2019, le pr\u00e9l\u00e8vement \u00e0 la source de l'imp\u00f4t sur le revenu est effectu\u00e9 sur les indemnit\u00e9s journali\u00e8res vers\u00e9es par l'Assurance Maladie, selon un taux calcul\u00e9 et transmis automatiquement \u00e0 l'Assurance Maladie par l'administration fiscale."},"6":{"question":"Quelle r\u00e9mun\u00e9ration pour un cong\u00e9 de solidarit\u00e9 familiale ?","answer":"Lorsque vous \u00eates en cong\u00e9 de solidarit\u00e9 familiale, vous n'\u00eates pas r\u00e9mun\u00e9r\u00e9. En revanche, vous pouvez b\u00e9n\u00e9ficier d'une allocation journali\u00e8re d'accompagnement \u00e0 domicile."},"7":{"question":"","answer":""},"8":{"question":"","answer":""},"9":{"question":"","answer":""},"10":{"question":"","answer":""},"11":{"question":"","answer":""},"12":{"question":"","answer":""},"13":{"question":"","answer":""},"14":{"question":"","answer":""},"15":{"question":"","answer":""},"16":{"question":"","answer":""}}},"_links":{"self":[{"href":"https:\/\/www.mes-allocs.fr\/guides\/wp-json\/wp\/v2\/posts\/45275","targetHints":{"allow":["GET"]}}],"collection":[{"href":"https:\/\/www.mes-allocs.fr\/guides\/wp-json\/wp\/v2\/posts"}],"about":[{"href":"https:\/\/www.mes-allocs.fr\/guides\/wp-json\/wp\/v2\/types\/post"}],"author":[{"embeddable":true,"href":"https:\/\/www.mes-allocs.fr\/guides\/wp-json\/wp\/v2\/users\/6"}],"replies":[{"embeddable":true,"href":"https:\/\/www.mes-allocs.fr\/guides\/wp-json\/wp\/v2\/comments?post=45275"}],"version-history":[{"count":17,"href":"https:\/\/www.mes-allocs.fr\/guides\/wp-json\/wp\/v2\/posts\/45275\/revisions"}],"predecessor-version":[{"id":109933,"href":"https:\/\/www.mes-allocs.fr\/guides\/wp-json\/wp\/v2\/posts\/45275\/revisions\/109933"}],"wp:featuredmedia":[{"embeddable":true,"href":"https:\/\/www.mes-allocs.fr\/guides\/wp-json\/wp\/v2\/media\/45278"}],"wp:attachment":[{"href":"https:\/\/www.mes-allocs.fr\/guides\/wp-json\/wp\/v2\/media?parent=45275"}],"wp:term":[{"taxonomy":"category","embeddable":true,"href":"https:\/\/www.mes-allocs.fr\/guides\/wp-json\/wp\/v2\/categories?post=45275"},{"taxonomy":"post_tag","embeddable":true,"href":"https:\/\/www.mes-allocs.fr\/guides\/wp-json\/wp\/v2\/tags?post=45275"}],"curies":[{"name":"wp","href":"https:\/\/api.w.org\/{rel}","templated":true}]}}