{"id":45209,"date":"2022-03-09T17:45:54","date_gmt":"2022-03-09T15:45:54","guid":{"rendered":"https:\/\/www.mes-allocs.fr\/guides\/?p=45209"},"modified":"2026-03-25T17:54:03","modified_gmt":"2026-03-25T16:54:03","slug":"aide-permis-de-conduire-conseil-general","status":"publish","type":"post","link":"https:\/\/www.mes-allocs.fr\/guides\/aide-mobilite\/aide-permis-de-conduire\/aide-permis-de-conduire-institutions\/aide-permis-de-conduire-conseil-general\/","title":{"rendered":"L&rsquo; aide permis de conduire conseil g\u00e9n\u00e9ral"},"content":{"rendered":"<p><img loading=\"lazy\" decoding=\"async\" class=\"aligncenter wp-image-45214 \" title=\"voiture\" src=\"https:\/\/www.mes-allocs.fr\/guides\/wp-content\/uploads\/2022\/02\/voiture-2-e1645029654688.jpeg\" alt=\"aide permis de conduire conseil g\u00e9n\u00e9ral\" width=\"1387\" height=\"450\" srcset=\"https:\/\/www.mes-allocs.fr\/guides\/wp-content\/uploads\/2022\/02\/voiture-2-e1645029654688.jpeg 1156w, https:\/\/www.mes-allocs.fr\/guides\/wp-content\/uploads\/2022\/02\/voiture-2-e1645029654688-300x97.jpeg 300w, https:\/\/www.mes-allocs.fr\/guides\/wp-content\/uploads\/2022\/02\/voiture-2-e1645029654688-1024x332.jpeg 1024w, https:\/\/www.mes-allocs.fr\/guides\/wp-content\/uploads\/2022\/02\/voiture-2-e1645029654688-768x249.jpeg 768w, https:\/\/www.mes-allocs.fr\/guides\/wp-content\/uploads\/2022\/02\/voiture-2-e1645029654688-600x195.jpeg 600w\" sizes=\"auto, (max-width: 1387px) 100vw, 1387px\" \/><\/p>\n<p style=\"text-align: justify;\">[Mis \u00e0 jour le 25\/03\/2026] Parmi les nombreuses <a href=\"https:\/\/www.mes-allocs.fr\/guides\/aide-mobilite\">aides \u00e0 la mobilit\u00e9<\/a>, il existe des aides pour le permis de conduire. Elles peuvent \u00eatre distribu\u00e9es par plusieurs organismes diff\u00e9rents. Dans cet article, nous allons voir les aides r\u00e9gionales pour le permis de conduire.<\/p>\n<div class='cta-block'><div class='text'>Simulez toutes vos aides en 2 min.<\/div><a href='https:\/\/www.mes-allocs.fr\/ab-app?origin=guides\/wp-json\/wp\/v2\/posts\/45209' class='app-button fit'>Simulation gratuite<\/a><\/div>\n<h1 style=\"text-align: justify;\">Les aides pour le permis de conduire : l&rsquo;exemple de l&rsquo;\u00cele-de-France<\/h1>\n<h2 style=\"text-align: justify;\">L&rsquo;aide<\/h2>\n<div class=\"field field--name-field-aide-objectif aide__text-field\" style=\"text-align: justify;\">\n<div class=\"field__content\">\n<p>Pour b\u00e9n\u00e9ficier de l&rsquo;aide, vous devez vous rapprocher d\u2019une auto-\u00e9cole de son choix situ\u00e9e en \u00cele-de-France. L\u2019auto-\u00e9cole et le jeune conviennent ensemble des modalit\u00e9s de r\u00e8glement, sans pouvoir pr\u00e9juger du r\u00e9sultat de l\u2019instruction effectu\u00e9e sur la base de l\u2019ensemble des justificatifs requis.<\/p>\n<p>L\u2019aide est destin\u00e9e \u00e0 payer tout ou partie de la prestation d\u2019auto-\u00e9cole par le jeune. En aucun cas, elle ne peut \u00eatre destin\u00e9e en tout ou partie \u00e0 un financement sans rapport avec son objet.<\/p>\n<p>Sont \u00e9ligibles \u00e0 l\u2019aide individuelle les contrats de formation conformes au contrat type d&rsquo;enseignement de la conduite d\u00e9fini par un d\u00e9cret\u00a0sign\u00e9s entre le jeune et l\u2019auto-\u00e9cole \u00e0 compter du 1er mars 2021.<\/p>\n<h2>Le montant de l&rsquo;aide<\/h2>\n<p>Le montant maximum de l&rsquo;aide est de \u00a01.300\u20ac. Sachez que\u00a0l\u2019aide est vers\u00e9e dans la limite des cr\u00e9dits disponibles.<\/p>\n<p>Dans les faits, l\u2019aide fait l\u2019objet de 2 versements. Le\u00a01er versement forfaitaire de 650\u20ac vient valider la d\u00e9marche de formation engag\u00e9e, attest\u00e9e par le contrat de formation avec l\u2019auto-\u00e9cole et la r\u00e9alisation des 10 premi\u00e8res heures de conduite. Le second\u00a0versement vient valider la r\u00e9ussite au permis (sur pr\u00e9sentation de l\u2019attestation de r\u00e9ussite au permis de conduire). Il correspond au solde de l\u2019aide vers\u00e9e (jusqu&rsquo;\u00e0 650\u20ac max., en fonction de la facture acquitt\u00e9e et d\u00e9duction faite du 1er versement per\u00e7u).<\/p>\n<p>La demande du deuxi\u00e8me versement doit \u00eatre pr\u00e9sent\u00e9e au plus tard 6 mois apr\u00e8s la demande du 1er versement. \u00c0 d\u00e9faut, la R\u00e9gion ne proc\u00e8de pas \u00e0 ce deuxi\u00e8me versement.<\/p>\n<div class='cta-block'><div class='text'>Simulez toutes vos aides en 2 min.<\/div><a href='https:\/\/www.mes-allocs.fr\/ab-app?origin=guides\/wp-json\/wp\/v2\/posts\/45209' class='app-button fit'>Simulation gratuite<\/a><\/div>\n<\/div>\n<\/div>\n<h2 class=\"field field--name-field-aide-pour-qui aide__text-field\" style=\"text-align: justify;\">Qui peut en b\u00e9n\u00e9ficier ?<\/h2>\n<p style=\"text-align: justify;\">Les personnes pouvant b\u00e9n\u00e9ficier de ce dispositif sont des jeunes \u00e2g\u00e9s de 18 \u00e0 25 ans, habitant en \u00cele-de-France, inscrits dans une d\u00e9marche d\u2019insertion professionnelle, et \u00e9tant dans l\u2019une des situations suivantes :<\/p>\n<ul style=\"text-align: justify;\">\n<li>Stagiaires de la formation professionnelle inscrits dans une formation financ\u00e9e par la R\u00e9gion,<\/li>\n<li>Jeunes inscrits et suivis en mission locale, signataires d\u2019un parcours contractualis\u00e9 d\u2019accompagnement vers l\u2019emploi et l\u2019autonomie (PACEA), dont le projet professionnel, attest\u00e9 par le conseiller de la mission locale, n\u00e9cessite l\u2019obtention du permis,<\/li>\n<li>Demandeurs d\u2019emploi r\u00e9sidant dans un quartier politique de la ville (condition v\u00e9rifiable sur sig.ville.gouv.fr) ou en zone rurale (d\u00e9finie au Pacte rural de la R\u00e9gion : communes de moins de 10.000 habitants hors m\u00e9tropole Grand Paris et communes d\u2019un EPCI rural dont le si\u00e8ge est situ\u00e9 hors unit\u00e9 urbaine de Paris).<\/li>\n<\/ul>\n<h2 style=\"text-align: justify;\">Quelles d\u00e9marches pour en b\u00e9n\u00e9ficier ?<\/h2>\n<p style=\"text-align: justify;\">Pour faire la demande, il faut d\u00e9poser la demande \u00e0 effectuer sur la plateforme r\u00e9gionale par le jeune ou un repr\u00e9sentant de la structure attestant du caract\u00e8re professionnel de la formation.<\/p>\n<p style=\"text-align: justify;\">Les justificatifs ad\u00e9quats doivent \u00eatre joints :<\/p>\n<ul style=\"text-align: justify;\">\n<li>Formulaire de demande en ligne accompagn\u00e9 des justificatifs d\u2019\u00e9ligibilit\u00e9 : carte nationale d\u2019identit\u00e9 (CNI), attestation du conseiller de la mission locale (confirmation PACEA et n\u00e9cessit\u00e9 du permis dans le cadre d\u2019un projet professionnel valid\u00e9), attestation d\u2019inscription \u00e0 P\u00f4le emploi,<\/li>\n<li>Contrat de formation avec l\u2019auto-\u00e9cole sign\u00e9 et facture des 10 premi\u00e8res heures de conduite,<\/li>\n<li>Attestation pr\u00e9fectorale de r\u00e9ussite,<\/li>\n<li>Facture globale des prestations acquitt\u00e9es par le jeune \u00e0 l\u2019auto-\u00e9cole avec la mention \u00ab acquitt\u00e9e \u00bb,<\/li>\n<li>Relev\u00e9 d\u2019identit\u00e9 bancaire,<\/li>\n<li>Attestation sur l\u2019honneur certifiant ne pas b\u00e9n\u00e9ficier d\u2019une autre aide de m\u00eame nature.<\/li>\n<\/ul>\n<h2 style=\"text-align: justify;\">Pour les autres r\u00e9gions<\/h2>\n<p style=\"text-align: justify;\">Concernant les autres r\u00e9gions, il existe des aides pour le permis de conduire. Pour en savoir plus, vous pouvez vous rapprocher e votre mission locale qui saura vous guider. Vous pouvez aussi faire appel \u00e0 votre conseil g\u00e9n\u00e9ral.<\/p>\n<div class='cta-block'><div class='text'>Simulez toutes vos aides en 2 min.<\/div><a href='https:\/\/www.mes-allocs.fr\/ab-app?origin=guides\/wp-json\/wp\/v2\/posts\/45209' class='app-button fit'>Simulation gratuite<\/a><\/div>\n<p><iframe loading=\"lazy\" title=\"Les Aide au Permis de conduire\" width=\"500\" height=\"281\" src=\"https:\/\/www.youtube.com\/embed\/1Jel5B187to?feature=oembed\" frameborder=\"0\" allow=\"accelerometer; autoplay; clipboard-write; encrypted-media; gyroscope; picture-in-picture; web-share\" referrerpolicy=\"strict-origin-when-cross-origin\" allowfullscreen><\/iframe><\/p>\n<h1 style=\"text-align: justify;\">Quelles sont les autres aides disponibles ?<\/h1>\n<h2 style=\"text-align: justify;\">Le permis \u00e0 1 euro<\/h2>\n<p style=\"text-align: justify;\">Le \u00ab permis \u00e0 un euro par jour \u00bb est <a href=\"https:\/\/www.mes-allocs.fr\/guides\/aide-mobilite\/aide-permis-de-conduire\">une des aides<\/a> mis en place par l&rsquo;\u00c9tat, en partenariat avec les \u00e9tablissements pr\u00eateurs et les \u00e9coles de conduite, pour aider les jeunes de 15 \u00e0 25 ans r\u00e9volus de b\u00e9n\u00e9ficier d&rsquo;une facilit\u00e9 de paiement de leur formation au permis de conduire. Le co\u00fbt total de la formation au permis ne change pas mais l&rsquo;\u00e9tablissement financier avance l&rsquo;argent et l&rsquo;\u00c9tat paie les int\u00e9r\u00eats.<\/p>\n<p style=\"text-align: justify;\">Le \u00ab permis \u00e0 un euro par jour \u00bb permet de r\u00e9pondre \u00e0 deux objectifs principaux :<\/p>\n<ul style=\"text-align: justify;\">\n<li>faciliter l\u2019acc\u00e8s au permis de conduire, dont le co\u00fbt peut repr\u00e9senter un frein et un obstacle\u00a0 \u00e0 l\u2019obtention d\u2019un emploi ;<\/li>\n<li>continuer \u00e0 am\u00e9liorer la qualit\u00e9 g\u00e9n\u00e9rale de la formation, gr\u00e2ce \u00e0 un partenariat avec des \u00e9coles de conduite labellis\u00e9es qui se sont engag\u00e9es, aux c\u00f4t\u00e9s de l&rsquo;\u00c9tat,\u00a0 dans une d\u00e9marche de qualit\u00e9.<\/li>\n<\/ul>\n<section id=\"pour-quelles-categories-de-permis-?-1408\" class=\"paragraph-wyz wrapper\" data-v-3f0d4e39=\"\" data-v-72d33fa8=\"\" data-v-60605313=\"\">\n<div class=\"wyz\" data-v-7beee112=\"\" data-v-72d33fa8=\"\" data-v-3f0d4e39=\"\">\n<p style=\"text-align: justify;\">L\u2019op\u00e9ration \u00ab permis \u00e0 un euro par jour \u00bb facilite l\u2019acc\u00e8s \u00e0 une inscription \u00e0 une formation \u00e0 la conduite de v\u00e9hicules :<\/p>\n<ul style=\"text-align: justify;\">\n<li>de la cat\u00e9gorie B dit permis auto (v\u00e9hicules l\u00e9gers) ;<\/li>\n<li>de la cat\u00e9gorie A1 (motos dont la cylindr\u00e9e n\u2019exc\u00e8de pas 125 cm3 et dont la puissance n\u2019exc\u00e8de pas 11 kw ou un 3 roues d\u2019une puissance maximale de 15 kw) depuis le 1<sup>er<\/sup> juillet 2016 ;<\/li>\n<li>de la cat\u00e9gorie A2 (moto dont la puissance n\u2019exc\u00e8de pas 35 kw ou un 3 roues d\u2019une puissance maximale de 15 kw) depuis le 1<sup>er<\/sup> juillet 2016.<\/li>\n<\/ul>\n<h1 style=\"text-align: justify;\">L&rsquo;aide de P\u00f4le Emploi<\/h1>\n<p><strong>L&rsquo;aide au permis de France Travail est supprim\u00e9e d\u00e8s le 1er avril 2026.<\/strong> Le Gouvernement n&rsquo;a pour l&rsquo;instant pr\u00e9vu aucun dispositif en remplacement.<\/p>\n<p class=\"amp-wp-7d27179\" style=\"text-align: justify;\" data-amp-original-style=\"text-align: justify;\">L\u2019aide pour le permis de conduire permet\u00a0de financer l\u2019int\u00e9gralit\u00e9 ou une partie du permis de conduire jusqu\u2019\u00e0 1.200 euros maximum. Cette somme est vers\u00e9e directement \u00e0 l\u2019auto-\u00e9cole.\u00a0Vous pouvez \u00e9galement solliciter une aide aux entretiens d\u2019embauche aupr\u00e8s de P\u00f4le Emploi. L\u2019aide \u00e0 la mobilit\u00e9 permet de prendre en charge les frais de transport, de nuit\u00e9e ou de repas.<\/p>\n<h3 style=\"text-align: justify;\" data-amp-original-style=\"text-align: justify;\">Qui peut en b\u00e9n\u00e9ficier ?<\/h3>\n<p class=\"amp-wp-7d27179\" style=\"text-align: justify;\" data-amp-original-style=\"text-align: justify;\">L\u2019aide financi\u00e8re au permis de conduire s\u2019adresse aux personnes pour qui l\u2019absence de permis de conduire est un r\u00e9el probl\u00e8me dans leur recherche d\u2019emploi. Les raisons peuvent \u00eatre multiples comme le manque de transport en commun \u00e0 proximit\u00e9 du domicile, des horaires de travail d\u00e9cal\u00e9s\u2026<\/p>\n<p class=\"amp-wp-7d27179\" style=\"text-align: justify;\" data-amp-original-style=\"text-align: justify;\">Pour b\u00e9n\u00e9ficier d\u2019une aide au financement du permis de conduire aupr\u00e8s de P\u00f4le Emploi, vous devez respecter l\u2019une des conditions suivantes :<\/p>\n<ul class=\"list-9\" style=\"text-align: justify;\">\n<li class=\"amp-wp-7d27179\" data-amp-original-style=\"text-align: justify;\">Les personnes inscrites au P\u00f4le Emploi en tant que demandeurs d\u2019emploi relevant des cat\u00e9gories A, B ou D (corresponds aux personnes en formation ou\u00a0en Contrat de S\u00e9curisation Professionnelle)<\/li>\n<li class=\"amp-wp-7d27179\" data-amp-original-style=\"text-align: justify;\">Les personnes inscrites au P\u00f4le Emploi en contrats aid\u00e9s (de type contrats d\u2019insertions)<\/li>\n<li>Les demandeurs d\u2019emploi b\u00e9n\u00e9ficiaires de RSA<\/li>\n<\/ul>\n<p class=\"amp-wp-7d27179\" style=\"text-align: justify;\" data-amp-original-style=\"text-align: justify;\">Si vous \u00eates dans l\u2019une des situations suivantes, vous devez \u00e9galement r\u00e9pondre \u00e0 des conditions de ressources. Vous devez pour cela :<\/p>\n<ul class=\"list-9\" style=\"text-align: justify;\">\n<li style=\"text-align: justify;\">Ne pas \u00eatre indemnis\u00e9 au titre du ch\u00f4mage<\/li>\n<li class=\"amp-wp-7d27179\" style=\"text-align: justify;\" data-amp-original-style=\"text-align: justify;\">Percevoir l\u2019Allocation de Retour \u00e0 l\u2019Emploi (ARE) minimale ou l\u2019ASP (l\u2019Allocation de S\u00e9curisation Professionnelle), c\u2019est-\u00e0-dire que votre allocation journali\u00e8re ne doit pas d\u00e9passer 32,13 euros<\/li>\n<li class=\"amp-wp-7d27179\" style=\"text-align: justify;\" data-amp-original-style=\"text-align: justify;\">Ou \u00eatre b\u00e9n\u00e9ficiaire du RSA, de\u00a0l\u2019Allocation de Solidarit\u00e9 Sp\u00e9cifique, de l\u2019Allocation Temporaire d\u2019Attente (cette derni\u00e8re n\u2019est plus attribu\u00e9e depuis septembre 2017),\u00a0de l\u2019AAH (Allocation Adulte Handicap\u00e9), de la r\u00e9mun\u00e9ration publique de stage, de la RFF (r\u00e9mun\u00e9ration de fin de formation), de\u00a0la RFPE (r\u00e9mun\u00e9ration de formation de P\u00f4le Emploi)<\/li>\n<\/ul>\n<div class='cta-block'><div class='text'>Simulez toutes vos aides en 2 min.<\/div><a href='https:\/\/www.mes-allocs.fr\/ab-app?origin=guides\/wp-json\/wp\/v2\/posts\/45209' class='app-button fit'>Simulation gratuite<\/a><\/div>\n<\/div>\n<\/section>\n","protected":false},"excerpt":{"rendered":"<p>[Mis \u00e0 jour le 25\/03\/2026] Parmi les nombreuses aides \u00e0 la mobilit\u00e9, il existe des aides pour le permis de conduire. Elles peuvent \u00eatre distribu\u00e9es par plusieurs organismes diff\u00e9rents. Dans cet article, nous allons voir les aides r\u00e9gionales pour le permis de conduire. Les aides pour le permis de conduire : l&rsquo;exemple de l&rsquo;\u00cele-de-France L&rsquo;aide [&hellip;]<\/p>\n","protected":false},"author":6,"featured_media":106171,"comment_status":"open","ping_status":"open","sticky":false,"template":"","format":"standard","meta":{"amp_status":"","footnotes":""},"categories":[9928,9959,29],"tags":[],"class_list":["post-45209","post","type-post","status-publish","format-standard","has-post-thumbnail","hentry","category-aide-permis-de-conduire","category-aide-permis-de-conduire-institutions","category-aide-mobilite"],"yoast_head":"<!-- This site is optimized with the Yoast SEO plugin v14.9 - https:\/\/yoast.com\/wordpress\/plugins\/seo\/ -->\n<title>L&#039; aide permis de conduire conseil g\u00e9n\u00e9ral | Mes-Allocs.fr<\/title>\n<meta name=\"description\" content=\"Pour vous aider dans le financement de votre permis de conduire, vous pouvez b\u00e9n\u00e9ficier d&#039;aides de votre conseil g\u00e9n\u00e9ral. On vous en dit plus.\" \/>\n<meta name=\"robots\" content=\"index, follow, max-snippet:-1, max-image-preview:large, max-video-preview:-1\" \/>\n<link rel=\"canonical\" href=\"https:\/\/www.mes-allocs.fr\/guides\/aide-mobilite\/aide-permis-de-conduire\/aide-permis-de-conduire-institutions\/aide-permis-de-conduire-conseil-general\/\" \/>\n<meta property=\"og:locale\" content=\"fr_FR\" \/>\n<meta property=\"og:type\" content=\"article\" \/>\n<meta property=\"og:title\" content=\"L&#039; aide permis de conduire conseil g\u00e9n\u00e9ral | Mes-Allocs.fr\" \/>\n<meta property=\"og:description\" content=\"Pour vous aider dans le financement de votre permis de conduire, vous pouvez b\u00e9n\u00e9ficier d&#039;aides de votre conseil g\u00e9n\u00e9ral. On vous en dit plus.\" \/>\n<meta property=\"og:url\" content=\"https:\/\/www.mes-allocs.fr\/guides\/aide-mobilite\/aide-permis-de-conduire\/aide-permis-de-conduire-institutions\/aide-permis-de-conduire-conseil-general\/\" \/>\n<meta property=\"og:site_name\" content=\"Mes-Allocs.fr\" \/>\n<meta property=\"article:published_time\" content=\"2022-03-09T15:45:54+00:00\" \/>\n<meta property=\"article:modified_time\" content=\"2026-03-25T16:54:03+00:00\" \/>\n<meta property=\"og:image\" content=\"https:\/\/www.mes-allocs.fr\/guides\/wp-content\/uploads\/2022\/03\/aide-permis-de-conduire-conseil-general.jpg?wsr\" \/>\n\t<meta property=\"og:image:width\" content=\"1280\" \/>\n\t<meta property=\"og:image:height\" content=\"853\" \/>\n<meta name=\"twitter:card\" content=\"summary_large_image\" \/>\n<script type=\"application\/ld+json\" class=\"yoast-schema-graph\">{\"@context\":\"https:\/\/schema.org\",\"@graph\":[{\"@type\":\"WebSite\",\"@id\":\"https:\/\/www.mes-allocs.fr\/guides\/#website\",\"url\":\"https:\/\/www.mes-allocs.fr\/guides\/\",\"name\":\"Mes-Allocs.fr\",\"description\":\"\",\"potentialAction\":[{\"@type\":\"SearchAction\",\"target\":\"https:\/\/www.mes-allocs.fr\/guides\/?s={search_term_string}\",\"query-input\":\"required name=search_term_string\"}],\"inLanguage\":\"fr-FR\"},{\"@type\":\"ImageObject\",\"@id\":\"https:\/\/www.mes-allocs.fr\/guides\/aide-mobilite\/aide-permis-de-conduire\/aide-permis-de-conduire-institutions\/aide-permis-de-conduire-conseil-general\/#primaryimage\",\"inLanguage\":\"fr-FR\",\"url\":\"https:\/\/www.mes-allocs.fr\/guides\/wp-content\/uploads\/2022\/03\/aide-permis-de-conduire-conseil-general.jpg?wsr\",\"width\":1280,\"height\":853,\"caption\":\"aide permis de conduire conseil general\"},{\"@type\":\"WebPage\",\"@id\":\"https:\/\/www.mes-allocs.fr\/guides\/aide-mobilite\/aide-permis-de-conduire\/aide-permis-de-conduire-institutions\/aide-permis-de-conduire-conseil-general\/#webpage\",\"url\":\"https:\/\/www.mes-allocs.fr\/guides\/aide-mobilite\/aide-permis-de-conduire\/aide-permis-de-conduire-institutions\/aide-permis-de-conduire-conseil-general\/\",\"name\":\"L' aide permis de conduire conseil g\\u00e9n\\u00e9ral | Mes-Allocs.fr\",\"isPartOf\":{\"@id\":\"https:\/\/www.mes-allocs.fr\/guides\/#website\"},\"primaryImageOfPage\":{\"@id\":\"https:\/\/www.mes-allocs.fr\/guides\/aide-mobilite\/aide-permis-de-conduire\/aide-permis-de-conduire-institutions\/aide-permis-de-conduire-conseil-general\/#primaryimage\"},\"datePublished\":\"2022-03-09T15:45:54+00:00\",\"dateModified\":\"2026-03-25T16:54:03+00:00\",\"author\":{\"@id\":\"https:\/\/www.mes-allocs.fr\/guides\/#\/schema\/person\/0ecd61a8600573914d00d970a588c024\"},\"description\":\"Pour vous aider dans le financement de votre permis de conduire, vous pouvez b\\u00e9n\\u00e9ficier d'aides de votre conseil g\\u00e9n\\u00e9ral. On vous en dit plus.\",\"inLanguage\":\"fr-FR\"},{\"@type\":\"Person\",\"@id\":\"https:\/\/www.mes-allocs.fr\/guides\/#\/schema\/person\/0ecd61a8600573914d00d970a588c024\",\"name\":\"Jonathan\",\"image\":{\"@type\":\"ImageObject\",\"@id\":\"https:\/\/www.mes-allocs.fr\/guides\/#personlogo\",\"inLanguage\":\"fr-FR\",\"url\":\"https:\/\/www.mes-allocs.fr\/guides\/wp-content\/uploads\/2021\/06\/jonathan-150x150.png\",\"caption\":\"Jonathan\"},\"description\":\"Jonathan est r\\u00e9dacteur au sein de l'\\u00e9quipe Mes Allocs, sp\\u00e9cialis\\u00e9 sur les sujets li\\u00e9s au handicap. Dipl\\u00f4m\\u00e9e de l'UPEM, il rejoint Mes Allocs apr\\u00e8s avoir travaill\\u00e9 \\u00e0 l'association AEDE qui accompagne les adultes en situation de handicap. Quand il n'\\u00e9crit pas, on peut le retrouver sur un terrain de basket.\",\"sameAs\":[\"https:\/\/www.linkedin.com\/in\/jonathan-bambela-8637861b7\"]}]}<\/script>\n<!-- \/ Yoast SEO plugin. -->","amp_validity":null,"acf":{"faq":{"1":{"question":"Est-ce que la mission locale paye le permis ?","answer":"La Mission Locale peut vous proposer des aides au financement du permis de conduire. Elles sont destin\u00e9es aux jeunes de 18 \u00e0 25 ans."},"2":{"question":"Comment utiliser son CPF pour le permis ?","answer":"Envoyez le dossier de formation \u00e0 l'OPCA : la demande de prise en charge (il s'agit du formulaire que vous pouvez t\u00e9l\u00e9charger ici ou directement via votre compte CPF) ainsi que le devis de la formation Permis de conduire B."},"3":{"question":"Quelles sont les aides pour passer le permis ?","answer":"Vous pouvez b\u00e9n\u00e9ficier de plusieurs aides pour financer votre permis de conduire : -Le permis \u00e0 1 euro par jour -Les bourses au permis de conduire -Aides de votre d\u00e9partement ou de r\u00e9gion -Aides si vous \u00eates en recherche d'emploi (aide au permis P\u00f4le Emploi, par exemple) -etc."},"4":{"question":"Qui peut b\u00e9n\u00e9ficier du permis \u00e0 1 euro ?","answer":"Tous les jeunes qui ont entre 15 et 25 ans r\u00e9volus \u00e0 la date de signature d'un contrat de formation dans une \u00e9cole de conduite partenaire, sous r\u00e9serve que l'\u00e9tablissement financier accepte le dossier du candidat."},"5":{"question":"Comment demander l'Aide au Permis de Conduire ?","answer":"Pour ce dossier, vous devez remplir un formulaire et y joindre les pi\u00e8ces justificatives demand\u00e9es. Vous devez effectuer ces formalit\u00e9s avant de vous inscrire en auto-\u00e9cole. Vous pouvez aussi demander \u00e0 Mes Allocs de faire toutes les d\u00e9marches administratives \u00e0 votre place."},"6":{"question":"Comment savoir si je suis \u00e9ligible aux aides permis de conduire ?","answer":"Pour savoir si vous \u00eates \u00e9ligible, nous vous invitons \u00e0 proc\u00e9der \u00e0 <br> <a href=\u201chttps:\/\/www.mes-allocs.fr\/simulation-aides\u201d>la simulation gratuite<\/a> de vos aides. "},"7":{"question":"","answer":""},"8":{"question":"","answer":""},"9":{"question":"","answer":""},"10":{"question":"","answer":""},"11":{"question":"","answer":""},"12":{"question":"","answer":""},"13":{"question":"","answer":""},"14":{"question":"","answer":""},"15":{"question":"","answer":""},"16":{"question":"","answer":""}}},"_links":{"self":[{"href":"https:\/\/www.mes-allocs.fr\/guides\/wp-json\/wp\/v2\/posts\/45209","targetHints":{"allow":["GET"]}}],"collection":[{"href":"https:\/\/www.mes-allocs.fr\/guides\/wp-json\/wp\/v2\/posts"}],"about":[{"href":"https:\/\/www.mes-allocs.fr\/guides\/wp-json\/wp\/v2\/types\/post"}],"author":[{"embeddable":true,"href":"https:\/\/www.mes-allocs.fr\/guides\/wp-json\/wp\/v2\/users\/6"}],"replies":[{"embeddable":true,"href":"https:\/\/www.mes-allocs.fr\/guides\/wp-json\/wp\/v2\/comments?post=45209"}],"version-history":[{"count":14,"href":"https:\/\/www.mes-allocs.fr\/guides\/wp-json\/wp\/v2\/posts\/45209\/revisions"}],"predecessor-version":[{"id":111034,"href":"https:\/\/www.mes-allocs.fr\/guides\/wp-json\/wp\/v2\/posts\/45209\/revisions\/111034"}],"wp:featuredmedia":[{"embeddable":true,"href":"https:\/\/www.mes-allocs.fr\/guides\/wp-json\/wp\/v2\/media\/106171"}],"wp:attachment":[{"href":"https:\/\/www.mes-allocs.fr\/guides\/wp-json\/wp\/v2\/media?parent=45209"}],"wp:term":[{"taxonomy":"category","embeddable":true,"href":"https:\/\/www.mes-allocs.fr\/guides\/wp-json\/wp\/v2\/categories?post=45209"},{"taxonomy":"post_tag","embeddable":true,"href":"https:\/\/www.mes-allocs.fr\/guides\/wp-json\/wp\/v2\/tags?post=45209"}],"curies":[{"name":"wp","href":"https:\/\/api.w.org\/{rel}","templated":true}]}}