{"id":45188,"date":"2022-08-16T19:51:48","date_gmt":"2022-08-16T17:51:48","guid":{"rendered":"https:\/\/www.mes-allocs.fr\/guides\/?p=45188"},"modified":"2025-02-25T11:18:16","modified_gmt":"2025-02-25T09:18:16","slug":"aide-au-logement-apprenti","status":"publish","type":"post","link":"https:\/\/www.mes-allocs.fr\/guides\/aide-par-situation\/aide-apprenti\/aide-au-logement-apprenti\/","title":{"rendered":"L&rsquo; aide au logement pour les apprentis"},"content":{"rendered":"<p><img loading=\"lazy\" decoding=\"async\" class=\"alignnone wp-image-55061\" title=\"aide au logement apprenti\" src=\"https:\/\/www.mes-allocs.fr\/guides\/wp-content\/uploads\/2022\/08\/dino-reichmuth-A5rCN8626Ck-unsplash-e1660671496683-300x81.jpg\" alt=\"aide au logement apprenti\" width=\"822\" height=\"222\" srcset=\"https:\/\/www.mes-allocs.fr\/guides\/wp-content\/uploads\/2022\/08\/dino-reichmuth-A5rCN8626Ck-unsplash-e1660671496683-300x81.jpg 300w, https:\/\/www.mes-allocs.fr\/guides\/wp-content\/uploads\/2022\/08\/dino-reichmuth-A5rCN8626Ck-unsplash-e1660671496683-1024x276.jpg 1024w, https:\/\/www.mes-allocs.fr\/guides\/wp-content\/uploads\/2022\/08\/dino-reichmuth-A5rCN8626Ck-unsplash-e1660671496683-768x207.jpg 768w, https:\/\/www.mes-allocs.fr\/guides\/wp-content\/uploads\/2022\/08\/dino-reichmuth-A5rCN8626Ck-unsplash-e1660671496683-1536x414.jpg 1536w, https:\/\/www.mes-allocs.fr\/guides\/wp-content\/uploads\/2022\/08\/dino-reichmuth-A5rCN8626Ck-unsplash-e1660671496683-600x162.jpg 600w, https:\/\/www.mes-allocs.fr\/guides\/wp-content\/uploads\/2022\/08\/dino-reichmuth-A5rCN8626Ck-unsplash-e1660671496683.jpg 1920w\" sizes=\"auto, (max-width: 822px) 100vw, 822px\" \/><\/p>\n<p style=\"text-align: justify;\"><strong>Il existe de nombreuses aides pour les apprentis. Parmi celles-ci, il y a l&rsquo;aide au logement. On retrouve cette aide parmi les <a href=\"https:\/\/www.mes-allocs.fr\/guides\/aides-par-situation\/\" target=\"_blank\" rel=\"noopener\">aides par situation<\/a>. Les apprentis vont pouvoir b\u00e9n\u00e9ficier de cette aide sous certaines conditions.\u00a0<\/strong><\/p>\n<p><strong>MesAllocs vous les d\u00e9taille juste ici.<\/strong><\/p>\n<hr \/>\n<h1 style=\"text-align: justify;\">L&rsquo;aide Mobili-Jeune<\/h1>\n<p style=\"text-align: justify;\">Cette aide est une subvention qui va vous permettre de prendre en charge une partie du loyer (entre 10 \u20ac et 100 \u20ac maximum) chaque mois et pendant un an.<\/p>\n<p style=\"text-align: justify;\">Cette aide s\u2019adresse aux jeunes de moins de 30 ans, qui sont en formation en alternance (en contrat d\u2019apprentissage ou de professionnalisation).<\/p>\n<p style=\"text-align: justify;\">Ces personnes de moins de 30 ans doivent \u00eatre en formation au sein d\u2019une entreprise du secteur priv\u00e9 non agricole.<\/p>\n<p style=\"text-align: justify;\">Cette <a href=\"https:\/\/www.mes-allocs.fr\/guides\/wp-admin\/post.php?post=31447&amp;action=edit\" target=\"_blank\" rel=\"noopener\">aide Mobili-Jeune<\/a> va vous permettre de b\u00e9n\u00e9ficier :<\/p>\n<ul style=\"text-align: justify;\">\n<li>d&rsquo;une aide qui sera renouvel\u00e9e chaque ann\u00e9e<\/li>\n<li>d&rsquo;un loyer all\u00e9g\u00e9<\/li>\n<li>du rapprochement de votre lieu de travail<\/li>\n<li>d&rsquo;une aide attribu\u00e9e durant toute la p\u00e9riode de formation professionnelle, pour une dur\u00e9e maximum de 11 mois<\/li>\n<li>d&rsquo;une aide conserv\u00e9e en cas de changement de logement, d\u2019entreprise ou de formation<\/li>\n<\/ul>\n<h2 style=\"text-align: justify;\">Les b\u00e9n\u00e9ficiaires de cette aide au logement <img loading=\"lazy\" decoding=\"async\" class=\" wp-image-55062 alignright\" title=\"aide au logement apprenti\" src=\"https:\/\/www.mes-allocs.fr\/guides\/wp-content\/uploads\/2022\/08\/tierra-mallorca-rgJ1J8SDEAY-unsplash-1-e1660671772552-300x225.jpg\" alt=\"aide au logement apprenti\" width=\"337\" height=\"253\" srcset=\"https:\/\/www.mes-allocs.fr\/guides\/wp-content\/uploads\/2022\/08\/tierra-mallorca-rgJ1J8SDEAY-unsplash-1-e1660671772552-300x225.jpg 300w, https:\/\/www.mes-allocs.fr\/guides\/wp-content\/uploads\/2022\/08\/tierra-mallorca-rgJ1J8SDEAY-unsplash-1-e1660671772552-1024x769.jpg 1024w, https:\/\/www.mes-allocs.fr\/guides\/wp-content\/uploads\/2022\/08\/tierra-mallorca-rgJ1J8SDEAY-unsplash-1-e1660671772552-768x577.jpg 768w, https:\/\/www.mes-allocs.fr\/guides\/wp-content\/uploads\/2022\/08\/tierra-mallorca-rgJ1J8SDEAY-unsplash-1-e1660671772552-1536x1154.jpg 1536w, https:\/\/www.mes-allocs.fr\/guides\/wp-content\/uploads\/2022\/08\/tierra-mallorca-rgJ1J8SDEAY-unsplash-1-e1660671772552-600x451.jpg 600w, https:\/\/www.mes-allocs.fr\/guides\/wp-content\/uploads\/2022\/08\/tierra-mallorca-rgJ1J8SDEAY-unsplash-1-e1660671772552.jpg 1920w\" sizes=\"auto, (max-width: 337px) 100vw, 337px\" \/><\/h2>\n<h3 style=\"text-align: justify;\">Les conditions requises pour le locataire<\/h3>\n<ul class=\"list--check\">\n<li>\u00catre \u00e2g\u00e9 de\u00a0moins de 30 ans<\/li>\n<li>\u00catre\u00a0un contrat d\u2019apprentissage ou de contrat de professionnalisation dans une entreprise<\/li>\n<li>\u00catre salari\u00e9 dans une entreprise du secteur priv\u00e9 et non agricole<\/li>\n<li>Ne pas avoir\u00a0un dossier mobili-jeune\u00a0en cours chez Action Logement<\/li>\n<li>Avoir un salaire mensuel brut inf\u00e9rieur ou \u00e9gal \u00e0 120% du SMIC<\/li>\n<li>D\u00e9poser votre demande 3 mois avant la date du d\u00e9but de votre formation ou 3 mois apr\u00e8s le d\u00e9but de la date d\u2019ex\u00e9cution du contrat d\u2019alternance<\/li>\n<li>\u00catre locataire ou colocataire durant votre formation<\/li>\n<li>Avoir une date d\u2019effet de votre bail 3 mois avant ou 3 mois apr\u00e8s la date d\u2019ex\u00e9cution de votre contrat d\u2019alternance<\/li>\n<li>Changer de r\u00e9sidence principale pour vous rapprocher de votre lieu de travail. Deux cas sont possibles :\n<ul class=\"list--check\">\n<li>Votre nouveau logement est \u00e0 plus de 70km de votre ancienne adresse, ou \u00e0 d\u00e9faut, votre temps de trajet est sup\u00e9rieur \u00e0 40 minutes entre ces deux adresses (v\u00e9hicules motoris\u00e9s et immatricul\u00e9s, transports en commun)<\/li>\n<li>Vous justifiez d\u2019une double charge de loyer (c\u2019est-\u00e0-dire que, sur la m\u00eame p\u00e9riode, vous occupez deux logements)<\/li>\n<\/ul>\n<\/li>\n<\/ul>\n<p style=\"text-align: justify;\">Si vous remplissez toutes les conditions, cette aide \u00e0 la mobilit\u00e9 pourra vous \u00eatre accord\u00e9e.<\/p>\n<p style=\"text-align: justify;\"><span style=\"font-weight: 400;\"><div class='cta-block'><div class='text'>Simulez toutes vos Aides en 2 min.<\/div><a href='' class='app-button fit'>Simulation gratuite<\/a><\/div><\/span><\/p>\n<h3 style=\"text-align: justify;\">Les conditions obligatoires concernant le logement<\/h3>\n<ul class=\"rteindent1\" style=\"text-align: justify;\">\n<li>Colocation (parc prive\u0301 ou social) : dans ce cas, la prise en charge ne concerne que la partie du loyer et des charges qui vous reviennent\u202f;<\/li>\n<li>Lou\u00e9 (vide ou meuble\u0301) ;<\/li>\n<li>Foyer ou r\u00e9sidence sociale ;<\/li>\n<li>Conventionn\u00e9 ou non \u00e0 l\u2019APL ;<\/li>\n<li>Sous-location, exclusivement dans le parc social (Logements d\u2019Habitations a\u0300 Loyer\u00a0Mod\u00e9r\u00e9) ;<\/li>\n<li>Chambre en internat ;<\/li>\n<li>La prise en charge ne peut pas concerner les frais d\u2019h\u00e9bergement en chambres d\u2019h\u00f4tes, gites ou r\u00e9sidences de tourisme.<\/li>\n<\/ul>\n<h2 style=\"text-align: justify;\">Le montant de l&rsquo;aide Mobili-Jeune<\/h2>\n<p style=\"text-align: justify;\">Le montant de l\u2019aide mobili-jeune\u00a0peut varier de 10 \u20ac minimum par mois \u00e0 100 \u20ac maximum.<\/p>\n<p style=\"text-align: justify;\">Ce calcul est effectu\u00e9 sur le loyer apr\u00e8s d\u00e9duction de l\u2019aide au logement (APL).<\/p>\n<h2 style=\"text-align: justify;\">La dur\u00e9e de cette aide<\/h2>\n<p style=\"text-align: justify;\">L\u2019aide Mobili-Jeune vous sera attribu\u00e9e pendant toute la p\u00e9riode de formation professionnelle, pour une dur\u00e9e maximum de 11 mois (renouvelable une fois).<\/p>\n<p style=\"text-align: justify;\">\u00c0 l\u2019issue de votre formation, en tant que demandeur, vous pourrez b\u00e9n\u00e9ficier d\u2019une nouvelle aide, si vous y \u00eates \u00e9ligible.<\/p>\n<h2 style=\"text-align: justify;\">Comment est calcul\u00e9e cette aide ?<\/h2>\n<p style=\"text-align: justify;\">Le montant de l\u2019aide Mobili-Jeune est calcul\u00e9 :<\/p>\n<ul style=\"text-align: justify;\">\n<li>\u00e0 partir de la quote-part de loyer (avec les charges comprises)<\/li>\n<li>en tenant compte des diverses aides au logement que vous percevez pour ce m\u00eame logement<\/li>\n<li>en fonction des justificatifs que vous avez transmis<\/li>\n<\/ul>\n<h2 style=\"text-align: justify;\">Le versement de l&rsquo;aide<\/h2>\n<p style=\"text-align: justify;\">En fonction de vos besoins, l\u2019 aide au logement Mobili-Jeune est vers\u00e9e chaque mois, tous les deux mois ou chaque semestre.<\/p>\n<p style=\"text-align: justify;\">Vous pouvez ainsi modifier le rythme de versement de l\u2019aide \u00e0 plusieurs reprises au cours de votre ann\u00e9e de formation.<\/p>\n<p style=\"text-align: justify;\">Afin de d\u00e9clencher le versement de votre aide, vous devez d\u00e9poser vos justificatifs sur votre espace personnel.<\/p>\n<p style=\"text-align: justify;\"><em>Ces justificatifs sont une quittance de loyer (ou un justificatif de paiement de loyer) mais \u00e9galement un bulletin de salaire pour les mois concern\u00e9s.<\/em><\/p>\n<h2 style=\"text-align: justify;\">Quand demander l&rsquo;aide au logement ?<\/h2>\n<p style=\"text-align: justify;\">Vous pouvez demander l&rsquo;aide au logement au plus tard la veille de votre trenti\u00e8me anniversaire.<\/p>\n<p style=\"text-align: justify;\">Vous pouvez \u00e9galement la demander avant le d\u00e9but de votre formation en entreprise ou au plus tard dans les 6 mois a\u0300 compter du d\u00e9marrage de celle-ci.<\/p>\n<p style=\"text-align: justify;\">Si votre formation dure plusieurs ann\u00e9es, la date de d\u00e9marrage pourra \u00eatre celle de d\u00e9but de l\u2019une de ces ann\u00e9es.<\/p>\n<p style=\"text-align: justify;\">Dans ce cas l\u2019aide sera vers\u00e9e pour l\u2019ann\u00e9e de formation restant.<\/p>\n<p><iframe loading=\"lazy\" title=\"L&#039;aide Mobili jeune\" width=\"500\" height=\"281\" src=\"https:\/\/www.youtube.com\/embed\/tu3qdMGINEM?feature=oembed\" frameborder=\"0\" allow=\"accelerometer; autoplay; clipboard-write; encrypted-media; gyroscope; picture-in-picture; web-share\" referrerpolicy=\"strict-origin-when-cross-origin\" allowfullscreen><\/iframe><\/p>\n<h1 style=\"text-align: justify;\"><span id=\"Un_apprenti_peut-il_percevoir_lAPL\">Un apprenti peut-il percevoir l\u2019APL ? <img loading=\"lazy\" decoding=\"async\" class=\" wp-image-55063 alignright\" title=\"aide au logement apprenti\" src=\"https:\/\/www.mes-allocs.fr\/guides\/wp-content\/uploads\/2022\/08\/matese-fields-pvHma684eEI-unsplash-e1660671903720-300x200.jpg\" alt=\"aide au logement apprenti\" width=\"350\" height=\"233\" srcset=\"https:\/\/www.mes-allocs.fr\/guides\/wp-content\/uploads\/2022\/08\/matese-fields-pvHma684eEI-unsplash-e1660671903720-300x200.jpg 300w, https:\/\/www.mes-allocs.fr\/guides\/wp-content\/uploads\/2022\/08\/matese-fields-pvHma684eEI-unsplash-e1660671903720-1024x681.jpg 1024w, https:\/\/www.mes-allocs.fr\/guides\/wp-content\/uploads\/2022\/08\/matese-fields-pvHma684eEI-unsplash-e1660671903720-768x511.jpg 768w, https:\/\/www.mes-allocs.fr\/guides\/wp-content\/uploads\/2022\/08\/matese-fields-pvHma684eEI-unsplash-e1660671903720-1536x1022.jpg 1536w, https:\/\/www.mes-allocs.fr\/guides\/wp-content\/uploads\/2022\/08\/matese-fields-pvHma684eEI-unsplash-e1660671903720-600x399.jpg 600w, https:\/\/www.mes-allocs.fr\/guides\/wp-content\/uploads\/2022\/08\/matese-fields-pvHma684eEI-unsplash-e1660671903720.jpg 1920w\" sizes=\"auto, (max-width: 350px) 100vw, 350px\" \/><\/span><\/h1>\n<p style=\"text-align: justify;\">En tant que salari\u00e9 apprenti, vous pouvez faire une demande d\u2019APL.<\/p>\n<p style=\"text-align: justify;\">En tant que salari\u00e9, l\u2019apprenti est \u00e9ligible au versement de plusieurs aides financi\u00e8res comme l\u2019APL (aide personnalis\u00e9e au logement). De mani\u00e8re g\u00e9n\u00e9rale, cette aide est vers\u00e9e sous certaines conditions. Plusieurs informations sont prises en compte,\u00a0le logement doit \u00eatre la r\u00e9sidence principale du b\u00e9n\u00e9ficiaire et \u00eatre situ\u00e9e en France.<\/p>\n<p style=\"text-align: justify;\">L\u2019aide personnalis\u00e9e au logement est attribu\u00e9e pour le logement dont la personne est locataire ou colocataire, primo-acc\u00e9dant ayant b\u00e9n\u00e9fici\u00e9 d\u2019un pr\u00eat conventionn\u00e9 ou d\u2019un pr\u00eat d\u2019accession sociale, ou r\u00e9sident en foyer d\u2019h\u00e9bergement.<\/p>\n<h2 style=\"text-align: justify;\"><span id=\"Quest-ce_que_lAPL\">Qu\u2019est-ce que l\u2019APL ?<\/span><\/h2>\n<p style=\"text-align: justify;\"><span class=\"amp-wp-fe3f5cc\" data-amp-original-style=\"font-weight: 400;\">L\u2019APL repr\u00e9sente trois aides diff\u00e9rentes qui sont l\u2019<\/span><span class=\"amp-wp-fe3f5cc\" data-amp-original-style=\"font-weight: 400;\">Aide Personnalis\u00e9e au Logement<\/span><span class=\"amp-wp-fe3f5cc\" data-amp-original-style=\"font-weight: 400;\">, l\u2019<\/span><span class=\"amp-wp-fe3f5cc\" data-amp-original-style=\"font-weight: 400;\">Allocation de Logement Social<\/span><span class=\"amp-wp-fe3f5cc\" data-amp-original-style=\"font-weight: 400;\">\u00a0(ALS) et enfin l\u2019<\/span><span class=\"amp-wp-fe3f5cc\" data-amp-original-style=\"font-weight: 400;\">Allocation de Logement Familial<\/span><span class=\"amp-wp-fe3f5cc\" data-amp-original-style=\"font-weight: 400;\">\u00a0(ALF).\u00a0<\/span><\/p>\n<p style=\"text-align: justify;\"><span class=\"amp-wp-fe3f5cc\" data-amp-original-style=\"font-weight: 400;\">Ainsi, effectuer une estimation logement APL revient \u00e0 estimer le montant de l\u2019aide au logement dont vous pouvez b\u00e9n\u00e9ficier.\u00a0<\/span><\/p>\n<p style=\"text-align: justify;\"><span class=\"amp-wp-fe3f5cc\" data-amp-original-style=\"font-weight: 400;\">Les droits estim\u00e9s varient selon la situation personnelle de chaque demandeur. Les conditions d\u2019attribution retenues pour les APL sont principalement les suivantes :<\/span><\/p>\n<ul style=\"text-align: justify;\">\n<li class=\"amp-wp-fe3f5cc\" data-amp-original-style=\"font-weight: 400;\"><span class=\"amp-wp-fe3f5cc\" data-amp-original-style=\"font-weight: 400;\">La situation familiale du foyer ;<\/span><\/li>\n<li class=\"amp-wp-fe3f5cc\" data-amp-original-style=\"font-weight: 400;\"><span class=\"amp-wp-fe3f5cc\" data-amp-original-style=\"font-weight: 400;\">La situation professionnelle de chaque membre du foyer ;<\/span><\/li>\n<li class=\"amp-wp-fe3f5cc\" data-amp-original-style=\"font-weight: 400;\"><span class=\"amp-wp-fe3f5cc\" data-amp-original-style=\"font-weight: 400;\">Les conditions de ressources de l\u2019ensemble du foyer ;<\/span><\/li>\n<li class=\"amp-wp-fe3f5cc\" data-amp-original-style=\"font-weight: 400;\"><span class=\"amp-wp-fe3f5cc\" data-amp-original-style=\"font-weight: 400;\">Le montant du loyer hors charges ou les mensualit\u00e9s d\u2019un pr\u00eat immobilier ;<\/span><\/li>\n<li class=\"amp-wp-fe3f5cc\" data-amp-original-style=\"font-weight: 400;\"><span class=\"amp-wp-fe3f5cc\" data-amp-original-style=\"font-weight: 400;\">Le type de logement (appartement, conventionn\u00e9, etc.) ;<\/span><\/li>\n<li class=\"amp-wp-fe3f5cc\" data-amp-original-style=\"font-weight: 400;\"><span class=\"amp-wp-fe3f5cc\" data-amp-original-style=\"font-weight: 400;\">La zone g\u00e9ographique dans laquelle se situe le logement.<\/span><\/li>\n<\/ul>\n<p style=\"text-align: justify;\"><span class=\"amp-wp-fe3f5cc\" data-amp-original-style=\"font-weight: 400;\">Il faut savoir que les revenus pris en compte sont ceux de l\u2019ann\u00e9e N-1. Pour une demande effectu\u00e9e en 2025, il faudra alors int\u00e9grer les revenus de l\u2019ann\u00e9e 2024.\u00a0<\/span><\/p>\n<p>Voici les plafonds de ressources pour pouvoir b\u00e9n\u00e9ficier des APL en 2025.<br \/>\n\n<div class=\"wpdt-c row wpDataTableContainerSimpleTable wpDataTables wpDataTablesWrapper\n\"\n    >\n    <table id=\"wpdtSimpleTable-145\"\n           class=\"wpdtSimpleTable wpDataTable\"\n           data-column=\"2\"\n           data-rows=\"10\"\n           data-wpID=\"145\"\n           data-responsive=\"0\"\n           data-has-header=\"1\">\n\n                    <thead>        <tr class=\"wpdt-cell-row \" >\n                            <th class=\"wpdt-cell wpdt-bold wpdt-bc-F3F9FE\"\n                                    data-cell-id=\"A1\"\n                data-col-index=\"0\"\n                data-row-index=\"0\"\n                style=\" width:26.151930261519%;                padding:10px;\"\n                >\n                                Composition du foyer                <\/th>\n                                            <th class=\"wpdt-cell wpdt-bold wpdt-bc-F3F9FE\"\n                                    data-cell-id=\"B1\"\n                data-col-index=\"1\"\n                data-row-index=\"0\"\n                style=\" width:73.848069738481%;                padding:10px;\"\n                >\n                                Plafonds de ressources (en \u20ac) \u00e0 ne pas d\u00e9passer pour toucher le montant maximal d'APL en 2026                <\/th>\n                                        <\/tr>\n                    <tbody>        <tr class=\"wpdt-cell-row \" >\n                            <td class=\"wpdt-cell wpdt-bold wpdt-bc-F3F9FE\"\n                                    data-cell-id=\"A2\"\n                data-col-index=\"0\"\n                data-row-index=\"1\"\n                style=\"                padding:10px;\"\n                >\n                                Personne seule                <\/td>\n                                            <td class=\"wpdt-cell wpdt-bc-FFFFFF\"\n                                    data-cell-id=\"B2\"\n                data-col-index=\"1\"\n                data-row-index=\"1\"\n                style=\"                padding:10px;\"\n                >\n                                5 235                <\/td>\n                                        <\/tr>\n                            <tr class=\"wpdt-cell-row \" >\n                            <td class=\"wpdt-cell wpdt-bold wpdt-bc-F3F9FE\"\n                                    data-cell-id=\"A3\"\n                data-col-index=\"0\"\n                data-row-index=\"2\"\n                style=\"                padding:10px;\"\n                >\n                                Couple sans personne \u00e0 charge                <\/td>\n                                            <td class=\"wpdt-cell wpdt-bc-FFFFFF\"\n                                    data-cell-id=\"B3\"\n                data-col-index=\"1\"\n                data-row-index=\"2\"\n                style=\"                padding:10px;\"\n                >\n                                7 501                <\/td>\n                                        <\/tr>\n                            <tr class=\"wpdt-cell-row \" >\n                            <td class=\"wpdt-cell wpdt-bold wpdt-bc-F3F9FE\"\n                                    data-cell-id=\"A4\"\n                data-col-index=\"0\"\n                data-row-index=\"3\"\n                style=\"                padding:10px;\"\n                >\n                                Personne seule ou couple avec une personne \u00e0 charge                <\/td>\n                                            <td class=\"wpdt-cell wpdt-bc-FFFFFF\"\n                                    data-cell-id=\"B4\"\n                data-col-index=\"1\"\n                data-row-index=\"3\"\n                style=\"                padding:10px;\"\n                >\n                                8 947                <\/td>\n                                        <\/tr>\n                            <tr class=\"wpdt-cell-row \" >\n                            <td class=\"wpdt-cell wpdt-bold wpdt-bc-F3F9FE\"\n                                    data-cell-id=\"A5\"\n                data-col-index=\"0\"\n                data-row-index=\"4\"\n                style=\"                padding:10px;\"\n                >\n                                Personne seule ou couple ayant 2 personnes \u00e0 charge                <\/td>\n                                            <td class=\"wpdt-cell wpdt-bc-FFFFFF\"\n                                    data-cell-id=\"B5\"\n                data-col-index=\"1\"\n                data-row-index=\"4\"\n                style=\"                padding:10px;\"\n                >\n                                9 148                <\/td>\n                                        <\/tr>\n                            <tr class=\"wpdt-cell-row \" >\n                            <td class=\"wpdt-cell wpdt-bold wpdt-bc-F3F9FE\"\n                                    data-cell-id=\"A6\"\n                data-col-index=\"0\"\n                data-row-index=\"5\"\n                style=\"                padding:10px;\"\n                >\n                                Personne seule ou couple ayant 3 personnes \u00e0 charge                <\/td>\n                                            <td class=\"wpdt-cell wpdt-bc-FFFFFF\"\n                                    data-cell-id=\"B6\"\n                data-col-index=\"1\"\n                data-row-index=\"5\"\n                style=\"                padding:10px;\"\n                >\n                                9 498                <\/td>\n                                        <\/tr>\n                            <tr class=\"wpdt-cell-row \" >\n                            <td class=\"wpdt-cell wpdt-bold wpdt-bc-F3F9FE\"\n                                    data-cell-id=\"A7\"\n                data-col-index=\"0\"\n                data-row-index=\"6\"\n                style=\"                padding:10px;\"\n                >\n                                Personne seule ou couple ayant 4 personnes \u00e0 charge                <\/td>\n                                            <td class=\"wpdt-cell wpdt-bc-FFFFFF\"\n                                    data-cell-id=\"B7\"\n                data-col-index=\"1\"\n                data-row-index=\"6\"\n                style=\"                padding:10px;\"\n                >\n                                9 851                <\/td>\n                                        <\/tr>\n                            <tr class=\"wpdt-cell-row \" >\n                            <td class=\"wpdt-cell wpdt-bold wpdt-bc-F3F9FE\"\n                                    data-cell-id=\"A8\"\n                data-col-index=\"0\"\n                data-row-index=\"7\"\n                style=\"                padding:10px;\"\n                >\n                                Personne seule ou couple ayant 5 personnes \u00e0 charge                <\/td>\n                                            <td class=\"wpdt-cell wpdt-bc-FFFFFF\"\n                                    data-cell-id=\"B8\"\n                data-col-index=\"1\"\n                data-row-index=\"7\"\n                style=\"                padding:10px;\"\n                >\n                                10 202                <\/td>\n                                        <\/tr>\n                            <tr class=\"wpdt-cell-row \" >\n                            <td class=\"wpdt-cell wpdt-bold wpdt-bc-F3F9FE\"\n                                    data-cell-id=\"A9\"\n                data-col-index=\"0\"\n                data-row-index=\"8\"\n                style=\"                padding:10px;\"\n                >\n                                Personne seule ou couple ayant 6 personnes \u00e0 charge                <\/td>\n                                            <td class=\"wpdt-cell wpdt-bc-FFFFFF\"\n                                    data-cell-id=\"B9\"\n                data-col-index=\"1\"\n                data-row-index=\"8\"\n                style=\"                padding:10px;\"\n                >\n                                10 554                <\/td>\n                                        <\/tr>\n                            <tr class=\"wpdt-cell-row \" >\n                            <td class=\"wpdt-cell wpdt-bold wpdt-bc-F3F9FE\"\n                                    data-cell-id=\"A10\"\n                data-col-index=\"0\"\n                data-row-index=\"9\"\n                style=\"                padding:10px;\"\n                >\n                                Par personne \u00e0 charge suppl\u00e9mentaire                <\/td>\n                                            <td class=\"wpdt-cell wpdt-bc-FFFFFF\"\n                                    data-cell-id=\"B10\"\n                data-col-index=\"1\"\n                data-row-index=\"9\"\n                style=\"                padding:10px;\"\n                >\n                                + 346                <\/td>\n                                        <\/tr>\n                    <\/table>\n<\/div><style id='wpdt-custom-style-145'>\ntable#wpdtSimpleTable-145{ table-layout: fixed !important; }\n.wpdt-bc-F3F9FE { background-color: #F3F9FE !important;}\n.wpdt-bc-FFFFFF { background-color: #FFFFFF !important;}\n<\/style>\n<\/p>\n<p><span style=\"font-weight: 400;\"><div class='cta-block'><div class='text'>Simulez toutes vos Aides en 2 min.<\/div><a href='' class='app-button fit'>Simulation gratuite<\/a><\/div><\/span><\/p>\n<h2 style=\"text-align: justify;\"><span id=\"Conditions_pour_en_beneficier\">Conditions pour en b\u00e9n\u00e9ficier<\/span><\/h2>\n<p style=\"text-align: justify;\"><strong><span class=\"amp-wp-fe3f5cc\" data-amp-original-style=\"font-weight: 400;\">Pour pouvoir b\u00e9n\u00e9ficier de l\u2019APL, vous devez respecter les conditions suivantes, \u00e0 savoir :<\/span><\/strong><\/p>\n<ul style=\"text-align: justify;\">\n<li class=\"amp-wp-fe3f5cc\" data-amp-original-style=\"font-weight: 400;\"><span class=\"amp-wp-fe3f5cc\" data-amp-original-style=\"font-weight: 400;\">R\u00e9sider l\u00e9galement en France ;<\/span><\/li>\n<li class=\"amp-wp-fe3f5cc\" data-amp-original-style=\"font-weight: 400;\"><span class=\"amp-wp-fe3f5cc\" data-amp-original-style=\"font-weight: 400;\">La demande doit concerner votre r\u00e9sidence principale ;<\/span><\/li>\n<li class=\"amp-wp-fe3f5cc\" data-amp-original-style=\"font-weight: 400;\"><span class=\"amp-wp-fe3f5cc\" data-amp-original-style=\"font-weight: 400;\">R\u00e9sider dans un logement \u00e9ligible aux APL ;<\/span><\/li>\n<li class=\"amp-wp-fe3f5cc\" data-amp-original-style=\"font-weight: 400;\"><span class=\"amp-wp-fe3f5cc\" data-amp-original-style=\"font-weight: 400;\">Ne pas \u00eatre rattach\u00e9 \u00e0 un foyer fiscal sujet \u00e0 l\u2019Imp\u00f4t sur la Fortune Immobili\u00e8re ;<\/span><\/li>\n<li class=\"amp-wp-fe3f5cc\" data-amp-original-style=\"font-weight: 400;\"><span class=\"amp-wp-fe3f5cc\" data-amp-original-style=\"font-weight: 400;\">Ne pas \u00eatre d\u00e9j\u00e0 allocataire d\u2019une autre aide d\u2019\u00c9tat.<\/span><\/li>\n<\/ul>\n<p style=\"text-align: justify;\"><span class=\"amp-wp-fe3f5cc\" data-amp-original-style=\"font-weight: 400;\">L\u2019aide personnalis\u00e9e au logement est calcul\u00e9e le 1er janvier de chaque ann\u00e9e. Il est \u00e0 noter que vous devez notifier tout changement de situation sur le site de la CAF ou de la MSA.\u00a0<\/span><\/p>\n","protected":false},"excerpt":{"rendered":"<p>Il existe de nombreuses aides pour les apprentis. Parmi celles-ci, il y a l&rsquo;aide au logement. On retrouve cette aide parmi les aides par situation. Les apprentis vont pouvoir b\u00e9n\u00e9ficier de cette aide sous certaines conditions.\u00a0 MesAllocs vous les d\u00e9taille juste ici. L&rsquo;aide Mobili-Jeune Cette aide est une subvention qui va vous permettre de prendre [&hellip;]<\/p>\n","protected":false},"author":13,"featured_media":55062,"comment_status":"closed","ping_status":"open","sticky":false,"template":"","format":"standard","meta":{"amp_status":"","footnotes":""},"categories":[16602,14320],"tags":[],"class_list":["post-45188","post","type-post","status-publish","format-standard","has-post-thumbnail","hentry","category-aide-apprenti","category-aide-par-situation"],"yoast_head":"<!-- This site is optimized with the Yoast SEO plugin v14.9 - https:\/\/yoast.com\/wordpress\/plugins\/seo\/ -->\n<title>L&#039; aide au logement pour les apprentis | Mes-Allocs.fr<\/title>\n<meta name=\"description\" content=\"Il y a de nombreuses aides pour les apprentis. Il existe notamment l&#039;aide au logement. On retrouve cette aide parmi les aides par situation.\" \/>\n<meta name=\"robots\" content=\"index, follow, max-snippet:-1, max-image-preview:large, max-video-preview:-1\" \/>\n<link rel=\"canonical\" href=\"https:\/\/www.mes-allocs.fr\/guides\/aide-par-situation\/aide-apprenti\/aide-au-logement-apprenti\/\" \/>\n<meta property=\"og:locale\" content=\"fr_FR\" \/>\n<meta property=\"og:type\" content=\"article\" \/>\n<meta property=\"og:title\" content=\"L&#039; aide au logement pour les apprentis | Mes-Allocs.fr\" \/>\n<meta property=\"og:description\" content=\"Il y a de nombreuses aides pour les apprentis. Il existe notamment l&#039;aide au logement. On retrouve cette aide parmi les aides par situation.\" \/>\n<meta property=\"og:url\" content=\"https:\/\/www.mes-allocs.fr\/guides\/aide-par-situation\/aide-apprenti\/aide-au-logement-apprenti\/\" \/>\n<meta property=\"og:site_name\" content=\"Mes-Allocs.fr\" \/>\n<meta property=\"article:published_time\" content=\"2022-08-16T17:51:48+00:00\" \/>\n<meta property=\"article:modified_time\" content=\"2025-02-25T09:18:16+00:00\" \/>\n<meta property=\"og:image\" content=\"https:\/\/www.mes-allocs.fr\/guides\/wp-content\/uploads\/2022\/08\/tierra-mallorca-rgJ1J8SDEAY-unsplash-1-e1660671772552.jpg?wsr\" \/>\n\t<meta property=\"og:image:width\" content=\"1920\" \/>\n\t<meta property=\"og:image:height\" content=\"1442\" \/>\n<meta name=\"twitter:card\" content=\"summary_large_image\" \/>\n<script type=\"application\/ld+json\" class=\"yoast-schema-graph\">{\"@context\":\"https:\/\/schema.org\",\"@graph\":[{\"@type\":\"WebSite\",\"@id\":\"https:\/\/www.mes-allocs.fr\/guides\/#website\",\"url\":\"https:\/\/www.mes-allocs.fr\/guides\/\",\"name\":\"Mes-Allocs.fr\",\"description\":\"\",\"potentialAction\":[{\"@type\":\"SearchAction\",\"target\":\"https:\/\/www.mes-allocs.fr\/guides\/?s={search_term_string}\",\"query-input\":\"required name=search_term_string\"}],\"inLanguage\":\"fr-FR\"},{\"@type\":\"ImageObject\",\"@id\":\"https:\/\/www.mes-allocs.fr\/guides\/aide-par-situation\/aide-apprenti\/aide-au-logement-apprenti\/#primaryimage\",\"inLanguage\":\"fr-FR\",\"url\":\"https:\/\/www.mes-allocs.fr\/guides\/wp-content\/uploads\/2022\/08\/tierra-mallorca-rgJ1J8SDEAY-unsplash-1-e1660671772552.jpg?wsr\",\"width\":1920,\"height\":1442,\"caption\":\"aide au logement apprenti\"},{\"@type\":\"WebPage\",\"@id\":\"https:\/\/www.mes-allocs.fr\/guides\/aide-par-situation\/aide-apprenti\/aide-au-logement-apprenti\/#webpage\",\"url\":\"https:\/\/www.mes-allocs.fr\/guides\/aide-par-situation\/aide-apprenti\/aide-au-logement-apprenti\/\",\"name\":\"L' aide au logement pour les apprentis | Mes-Allocs.fr\",\"isPartOf\":{\"@id\":\"https:\/\/www.mes-allocs.fr\/guides\/#website\"},\"primaryImageOfPage\":{\"@id\":\"https:\/\/www.mes-allocs.fr\/guides\/aide-par-situation\/aide-apprenti\/aide-au-logement-apprenti\/#primaryimage\"},\"datePublished\":\"2022-08-16T17:51:48+00:00\",\"dateModified\":\"2025-02-25T09:18:16+00:00\",\"author\":{\"@id\":\"https:\/\/www.mes-allocs.fr\/guides\/#\/schema\/person\/c22c1269332026958a3b5505f80b5404\"},\"description\":\"Il y a de nombreuses aides pour les apprentis. Il existe notamment l'aide au logement. On retrouve cette aide parmi les aides par situation.\",\"inLanguage\":\"fr-FR\"},{\"@type\":\"Person\",\"@id\":\"https:\/\/www.mes-allocs.fr\/guides\/#\/schema\/person\/c22c1269332026958a3b5505f80b5404\",\"name\":\"Flavien Fritz\",\"image\":{\"@type\":\"ImageObject\",\"@id\":\"https:\/\/www.mes-allocs.fr\/guides\/#personlogo\",\"inLanguage\":\"fr-FR\",\"url\":\"https:\/\/www.mes-allocs.fr\/guides\/wp-content\/uploads\/2021\/11\/Flavien-1-150x150.png\",\"caption\":\"Flavien Fritz\"},\"description\":\"Flavien est r\\u00e9dacteur au sein de l'\\u00e9quipe Mes Allocs, sp\\u00e9cialis\\u00e9 en droit priv\\u00e9. Dipl\\u00f4m\\u00e9 de l'Institut Catholique de Vend\\u00e9e, il rejoint Mes Allocs apr\\u00e8s une premi\\u00e8re exp\\u00e9rience entrepreneuriale.\",\"sameAs\":[\"https:\/\/fr.linkedin.com\/in\/flavienfritz\"]}]}<\/script>\n<!-- \/ Yoast SEO plugin. -->","amp_validity":null,"acf":{"faq":{"1":{"question":"Qu'est-ce que l'aide Mobili-Jeune ?","answer":"Cette aide est une subvention qui va vous permettre de prendre en charge une partie du loyer (entre 10 \u20ac et 100 \u20ac maximum) chaque mois et pendant un an.\r\n<br> <a href=\"https:\/\/www.mes-allocs.fr\/guides\/aide-par-situation\/aide-apprenti\/aide-au-logement-apprenti\/\">Lire la suite<\/a>\r\n"},"2":{"question":"Dans quelle situation faut-il \u00eatre pour obtenir cette aide ?","answer":"Vous devez \u00e9galement \u00eatre en contrat d'apprentissage ou de professionnalisation dans une entreprise du secteur priv\u00e9 non agricole.\r\n<br> <a href=\"https:\/\/www.mes-allocs.fr\/guides\/aide-par-situation\/aide-apprenti\/aide-au-logement-apprenti\/\">Lire la suite<\/a>\r\n"},"3":{"question":"L'APL est-elle disponible pour les apprentis ?","answer":"En tant que salari\u00e9 apprenti, vous pouvez faire une demande d\u2019APL.\r\n<br> <a href=\"https:\/\/www.mes-allocs.fr\/guides\/aide-par-situation\/aide-apprenti\/aide-au-logement-apprenti\/\">Lire la suite<\/a>\r\n"},"4":{"question":"Que repr\u00e9sente l'APL ?","answer":"L\u2019APL repr\u00e9sente trois aides diff\u00e9rentes qui sont l\u2019Aide Personnalis\u00e9e au Logement, l\u2019Allocation de Logement Social\u00a0(ALS) et enfin l\u2019Allocation de Logement Familial\u00a0(ALF).\u00a0\r\n<br> <a href=\"https:\/\/www.mes-allocs.fr\/guides\/aide-par-situation\/aide-apprenti\/aide-au-logement-apprenti\/\">Lire la suite<\/a>\r\n"},"5":{"question":"","answer":""},"6":{"question":"","answer":""},"7":{"question":"","answer":""},"8":{"question":"","answer":""},"9":{"question":"","answer":""},"10":{"question":"","answer":""},"11":{"question":"","answer":""},"12":{"question":"","answer":""},"13":{"question":"","answer":""},"14":{"question":"","answer":""},"15":{"question":"","answer":""},"16":{"question":"","answer":""}}},"_links":{"self":[{"href":"https:\/\/www.mes-allocs.fr\/guides\/wp-json\/wp\/v2\/posts\/45188","targetHints":{"allow":["GET"]}}],"collection":[{"href":"https:\/\/www.mes-allocs.fr\/guides\/wp-json\/wp\/v2\/posts"}],"about":[{"href":"https:\/\/www.mes-allocs.fr\/guides\/wp-json\/wp\/v2\/types\/post"}],"author":[{"embeddable":true,"href":"https:\/\/www.mes-allocs.fr\/guides\/wp-json\/wp\/v2\/users\/13"}],"replies":[{"embeddable":true,"href":"https:\/\/www.mes-allocs.fr\/guides\/wp-json\/wp\/v2\/comments?post=45188"}],"version-history":[{"count":9,"href":"https:\/\/www.mes-allocs.fr\/guides\/wp-json\/wp\/v2\/posts\/45188\/revisions"}],"predecessor-version":[{"id":93679,"href":"https:\/\/www.mes-allocs.fr\/guides\/wp-json\/wp\/v2\/posts\/45188\/revisions\/93679"}],"wp:featuredmedia":[{"embeddable":true,"href":"https:\/\/www.mes-allocs.fr\/guides\/wp-json\/wp\/v2\/media\/55062"}],"wp:attachment":[{"href":"https:\/\/www.mes-allocs.fr\/guides\/wp-json\/wp\/v2\/media?parent=45188"}],"wp:term":[{"taxonomy":"category","embeddable":true,"href":"https:\/\/www.mes-allocs.fr\/guides\/wp-json\/wp\/v2\/categories?post=45188"},{"taxonomy":"post_tag","embeddable":true,"href":"https:\/\/www.mes-allocs.fr\/guides\/wp-json\/wp\/v2\/tags?post=45188"}],"curies":[{"name":"wp","href":"https:\/\/api.w.org\/{rel}","templated":true}]}}