{"id":45184,"date":"2022-03-01T13:04:59","date_gmt":"2022-03-01T11:04:59","guid":{"rendered":"https:\/\/www.mes-allocs.fr\/guides\/?p=45184"},"modified":"2026-02-12T16:58:07","modified_gmt":"2026-02-12T15:58:07","slug":"cmg-minimum-heure","status":"publish","type":"post","link":"https:\/\/www.mes-allocs.fr\/guides\/allocations-familiales\/paje\/complement-libre-choix-mode-de-garde\/cmg-minimum-heure\/","title":{"rendered":"Activit\u00e9 minimale et Compl\u00e9ment de libre choix du mode de garde"},"content":{"rendered":"<p><img loading=\"lazy\" decoding=\"async\" class=\"aligncenter wp-image-45185 size-full\" title=\"maman\" src=\"https:\/\/www.mes-allocs.fr\/guides\/wp-content\/uploads\/2022\/02\/maman-1-e1687187876116.jpeg\" alt=\"activite minimale compl\u00e9ment de libre choix du mode de garde\" width=\"1125\" height=\"171\" srcset=\"https:\/\/www.mes-allocs.fr\/guides\/wp-content\/uploads\/2022\/02\/maman-1-e1687187876116.jpeg 1125w, https:\/\/www.mes-allocs.fr\/guides\/wp-content\/uploads\/2022\/02\/maman-1-e1687187876116-300x46.jpeg 300w, https:\/\/www.mes-allocs.fr\/guides\/wp-content\/uploads\/2022\/02\/maman-1-e1687187876116-1024x156.jpeg 1024w, https:\/\/www.mes-allocs.fr\/guides\/wp-content\/uploads\/2022\/02\/maman-1-e1687187876116-768x117.jpeg 768w, https:\/\/www.mes-allocs.fr\/guides\/wp-content\/uploads\/2022\/02\/maman-1-e1687187876116-600x91.jpeg 600w\" sizes=\"auto, (max-width: 1125px) 100vw, 1125px\" \/><\/p>\n<p style=\"text-align: justify;\">[Mis \u00e0 jour le 12\/02\/2026] Le Compl\u00e9ment du libre choix du Mode de Garde de votre enfant (CMG) est une des <a href=\"https:\/\/www.mes-allocs.fr\/guides\/allocations-familiales\">allocations familiales<\/a> de la CAF. Elle fait partie du dispositif de la Prestations d&rsquo;Accueil du Jeune Enfant. Dans cet article, nous allons voir s&rsquo;il faut avoir une activit\u00e9 minimale pour b\u00e9n\u00e9ficier du CMG.<\/p>\n<hr \/>\n<h1 class=\"amp-wp-7d27179 amp-wp-7d27179\" style=\"text-align: justify;\" data-amp-original-style=\"text-align: justify;\"><span id=\"Le_complement_de_libre_choix_du_mode_de_garde\"><span class=\"amp-wp-fe3f5cc\" data-amp-original-style=\"font-weight: 400;\">Qu&rsquo;est-ce que le compl\u00e9ment de libre choix du mode de garde?\u00a0<\/span><\/span><\/h1>\n<h2 style=\"text-align: justify;\">D\u00e9finition de l&rsquo;aide<\/h2>\n<p class=\"amp-wp-7d27179 amp-wp-7d27179 amp-wp-7d27179\" style=\"text-align: justify;\" data-amp-original-style=\"text-align: justify;\"><span class=\"amp-wp-57c6437\" data-amp-original-style=\"font-size: 12pt;\"><a href=\"https:\/\/www.mes-allocs.fr\/guides\/allocations-familiales\/paje-complement-de-libre-choix-du-mode-de-garde\/\">Le compl\u00e9ment de libre choix du Mode de Garde (CMG)<\/a> est une subvention du large dispositif qu\u2019est la Prestation d\u2019Accueil du Jeune Enfant (PAJE). Ce dernier fait partie des prestations familiales qui vous sont allou\u00e9es par la Caisse d\u2019Allocation Familiale (CAF) ou la Mutualit\u00e9 Sociale Agricole (MSA), si vous d\u00e9pendez du r\u00e9gime agricole.\u00a0<\/span><\/p>\n<p class=\"amp-wp-7d27179 amp-wp-7d27179 amp-wp-7d27179\" style=\"text-align: justify;\" data-amp-original-style=\"text-align: justify;\"><span class=\"amp-wp-57c6437\" data-amp-original-style=\"font-size: 12pt;\">Le CMG est une prise en charge partielle ou totale des frais que vous engagez lorsque vous avez recours \u00e0 une assistante maternelle, que vous faites garder votre enfant \u00e0 domicile ou que vous le placez en micro-cr\u00e8che.<\/span><\/p>\n<p class=\"amp-wp-7d27179 amp-wp-7d27179 amp-wp-7d27179\" style=\"text-align: justify;\" data-amp-original-style=\"text-align: justify;\"><span class=\"amp-wp-57c6437\" data-amp-original-style=\"font-size: 12pt;\">L\u2019objectif de l\u2019aide familiale est de permettre aux jeunes m\u00e8res de continuer \u00e0 exercer leur activit\u00e9 professionnelle en les aidant \u00e0 faire garder leur enfant.<\/span><\/p>\n<p class=\"amp-wp-7d27179 amp-wp-7d27179 amp-wp-7d27179\" style=\"text-align: justify;\" data-amp-original-style=\"text-align: justify;\"><span class=\"amp-wp-fe3f5cc\" data-amp-original-style=\"font-weight: 400;\">Le montant du CMG est \u00e9tabli selon des plafonds de ressources qui varient en fonction du nombre d\u2019enfants qui sont \u00e0 votre charge. Si vous faites garder votre enfant par un(e) salari\u00e9(e) \u00e0 votre domicile ou une assistante maternelle, le co\u00fbt horaire de la garde choisie et le nombre d&rsquo;heures de garde effectu\u00e9es par mois auront \u00e9galement un impact sur le calcul du montant de votre CMG.<\/span><\/p>\n<p class=\"amp-wp-7d27179 amp-wp-7d27179 amp-wp-7d27179\" style=\"text-align: justify;\" data-amp-original-style=\"text-align: justify;\"><span class=\"amp-wp-fe3f5cc\" data-amp-original-style=\"font-weight: 400;\">C\u2019est le revenu net cat\u00e9goriel (calcul\u00e9 par la somme de vos ressources diminu\u00e9es de vos charges et des abattements fiscaux dont vous b\u00e9n\u00e9ficiez) de l\u2019avant derni\u00e8re ann\u00e9e qui est pris en compte.<\/span><\/p>\n<p class=\"amp-wp-7d27179 amp-wp-7d27179\" style=\"text-align: justify;\" data-amp-original-style=\"text-align: justify;\">Pour l\u2019aide, il existe deux cas de figure. Soit vous embauchez vous-m\u00eame une assistante maternelle, soit vous passez par un organisme qui emploie plusieurs assistantes maternelles.<\/p>\n<p data-amp-original-style=\"text-align: justify;\"><div class='cta-block'><div class='text'>Simulez toutes vos aides en 2 min. Gratuit.<\/div><a href='https:\/\/www.mes-allocs.fr\/ab-app?origin=guides\/wp-json\/wp\/v2\/posts\/45184' class='app-button fit'>Simulation gratuite<\/a><\/div><\/p>\n<h2 class=\"amp-wp-7d27179\" style=\"text-align: justify;\" data-amp-original-style=\"text-align: justify;\"><span id=\"En_cas_dembauche_directe\">En cas d\u2019embauche directe<\/span><\/h2>\n<p class=\"amp-wp-7d27179\" style=\"text-align: justify;\" data-amp-original-style=\"text-align: justify;\">Dans ce cas de figure, vous employez directement une assistante maternelle. De fait, votre enfant sera gard\u00e9 \u00e0 son domicile. Sa r\u00e9mun\u00e9ration brute ne doit pas d\u00e9passer 60,10 <span class=\"prix\">\u20ac<\/span> par jour et par<img loading=\"lazy\" decoding=\"async\" class=\"alignright wp-image-45191\" title=\"parents enfants\" src=\"https:\/\/www.mes-allocs.fr\/guides\/wp-content\/uploads\/2022\/02\/parents-enfants-.jpg\" alt=\"activite minimale compl\u00e9ment de libre choix du mode de garde\" width=\"328\" height=\"219\" srcset=\"https:\/\/www.mes-allocs.fr\/guides\/wp-content\/uploads\/2022\/02\/parents-enfants-.jpg 1124w, https:\/\/www.mes-allocs.fr\/guides\/wp-content\/uploads\/2022\/02\/parents-enfants--300x200.jpg 300w, https:\/\/www.mes-allocs.fr\/guides\/wp-content\/uploads\/2022\/02\/parents-enfants--1024x683.jpg 1024w, https:\/\/www.mes-allocs.fr\/guides\/wp-content\/uploads\/2022\/02\/parents-enfants--768x512.jpg 768w, https:\/\/www.mes-allocs.fr\/guides\/wp-content\/uploads\/2022\/02\/parents-enfants--600x400.jpg 600w\" sizes=\"auto, (max-width: 328px) 100vw, 328px\" \/> enfant gard\u00e9. Le compl\u00e9ment d\u2019aide de la CAF prend en charge jusqu\u2019\u00e0 100<span class=\"prix\">\u00a0%<\/span> de la r\u00e9mun\u00e9ration.<\/p>\n<p class=\"amp-wp-7d27179\" style=\"text-align: justify;\" data-amp-original-style=\"text-align: justify;\">Concernant votre enfant, il doit avoir moins de 6 ans &#8211; ou jusqu&rsquo;\u00e0 12 ans si vous l&rsquo;\u00e9levez seul(e) &#8211; et il doit \u00eatre gard\u00e9 au moins 16 heures par mois.<\/p>\n<div class=\"bloc-edito bloc-aNoter amp-wp-7d27179\" style=\"text-align: justify;\" data-amp-original-style=\"text-align: justify;\">\n<p class=\"bloc-edito-title\" style=\"text-align: justify;\">Si vous \u00eates en couple, pour b\u00e9n\u00e9ficier du compl\u00e9ment de libre choix du mode de garde (CMG), vous devez travailler.<\/p>\n<h2 style=\"text-align: justify;\"><span id=\"Via_un_organisme\">Via un organisme<\/span><\/h2>\n<p style=\"text-align: justify;\">Pour avoir droit au CMG, vous devez faire appel \u00e0 une association ou une entreprise employant des assistantes maternelles agr\u00e9\u00e9es (votre enfant est gard\u00e9 au domicile de l\u2019assistante maternelle).<\/p>\n<p style=\"text-align: justify;\">L\u2019organisme doit \u00eatre habilit\u00e9 par les services du d\u00e9partement.\u00a0Le compl\u00e9ment de la CAF prend en charge jusqu\u2019\u00e0 <span class=\"prix\">85\u00a0%<\/span> des frais dus \u00e0 l\u2019organisme.<\/p>\n<h1>Comment en b\u00e9n\u00e9ficier ?<\/h1>\n<p>Pour b\u00e9n\u00e9ficier de l&rsquo;aide, il faut r\u00e9pondre \u00e0 plusieurs conditions. Ces conditions peuvent concerner le revenus des parents ou encore l&rsquo;activit\u00e9 professionnelle.<\/p>\n<h2>Conditions de revenus<\/h2>\n<p>Pour b\u00e9n\u00e9ficier de l&rsquo;aide, il faut respecter certains plafonds de revenus. Si vous les d\u00e9passez, vous ne pouvez en b\u00e9n\u00e9ficier. Voici le tableau r\u00e9capitulatif des diff\u00e9rents plafonds.<\/p>\n\n<div class=\"wpdt-c row wpDataTableContainerSimpleTable wpDataTables wpDataTablesWrapper\n\"\n    >\n    <table id=\"wpdtSimpleTable-256\"\n           class=\"wpdtSimpleTable wpDataTable\"\n           data-column=\"4\"\n           data-rows=\"6\"\n           data-wpID=\"256\"\n           data-responsive=\"0\"\n           data-has-header=\"0\">\n\n                    <tbody>        <tr class=\"wpdt-cell-row \" >\n                            <td class=\"wpdt-cell wpdt-bc-F3F9FE wpdt-bold wpdt-merged-cell \"\n                 colspan=\"1\"  rowspan=\"2\"                 data-cell-id=\"A1\"\n                data-col-index=\"0\"\n                data-row-index=\"0\"\n                style=\" width:25.6038647343%;                padding:10px;\"\n                >\n                                Nombre d'enfants                <\/td>\n                                            <td class=\"wpdt-cell wpdt-bc-F3F9FE wpdt-bold wpdt-merged-cell \"\n                 colspan=\"3\"  rowspan=\"1\"                 data-cell-id=\"B1\"\n                data-col-index=\"1\"\n                data-row-index=\"0\"\n                style=\" width:71.497584541063%;                padding:10px;\"\n                >\n                                Plafonds de revenus pour un couple                <\/td>\n                                                                <\/tr>\n                            <tr class=\"wpdt-cell-row \" >\n                                        <td class=\"wpdt-cell wpdt-bc-FFFFFF wpdt-bold wpdt-align-center\"\n                                    data-cell-id=\"B2\"\n                data-col-index=\"1\"\n                data-row-index=\"1\"\n                style=\"                padding:10px;\"\n                >\n                                Tranche 1                <\/td>\n                                            <td class=\"wpdt-cell wpdt-bc-FFFFFF wpdt-bold\"\n                                    data-cell-id=\"C2\"\n                data-col-index=\"2\"\n                data-row-index=\"1\"\n                style=\"                padding:10px;\"\n                >\n                                Tranche 2                <\/td>\n                                            <td class=\"wpdt-cell wpdt-bold\"\n                                    data-cell-id=\"D2\"\n                data-col-index=\"3\"\n                data-row-index=\"1\"\n                style=\"                padding:10px;\"\n                >\n                                Tranche 3                <\/td>\n                                        <\/tr>\n                            <tr class=\"wpdt-cell-row \" >\n                            <td class=\"wpdt-cell \"\n                                    data-cell-id=\"A3\"\n                data-col-index=\"0\"\n                data-row-index=\"2\"\n                style=\"                padding:10px;\"\n                >\n                                1 enfant                <\/td>\n                                            <td class=\"wpdt-cell wpdt-tc-000000\"\n                                    data-cell-id=\"B3\"\n                data-col-index=\"1\"\n                data-row-index=\"2\"\n                style=\"                padding:10px;\"\n                >\n                                < 24 333\u00a0\u20ac                <\/td>\n                                            <td class=\"wpdt-cell wpdt-bc-FFFFFF wpdt-tc-000000\"\n                                    data-cell-id=\"C3\"\n                data-col-index=\"2\"\n                data-row-index=\"2\"\n                style=\"                padding:10px;\"\n                >\n                                \u2264 54 075\u00a0\u20ac                <\/td>\n                                            <td class=\"wpdt-cell wpdt-tc-000000\"\n                                    data-cell-id=\"D3\"\n                data-col-index=\"3\"\n                data-row-index=\"2\"\n                style=\"                padding:10px;\"\n                >\n                                > 54 075\u00a0\u20ac                <\/td>\n                                        <\/tr>\n                            <tr class=\"wpdt-cell-row \" >\n                            <td class=\"wpdt-cell \"\n                                    data-cell-id=\"A4\"\n                data-col-index=\"0\"\n                data-row-index=\"3\"\n                style=\"                padding:10px;\"\n                >\n                                2 enfants                <\/td>\n                                            <td class=\"wpdt-cell wpdt-tc-000000\"\n                                    data-cell-id=\"B4\"\n                data-col-index=\"1\"\n                data-row-index=\"3\"\n                style=\"                padding:10px;\"\n                >\n                                < 27 786\u00a0\u20ac                <\/td>\n                                            <td class=\"wpdt-cell wpdt-bc-FFFFFF wpdt-tc-000000\"\n                                    data-cell-id=\"C4\"\n                data-col-index=\"2\"\n                data-row-index=\"3\"\n                style=\"                padding:10px;\"\n                >\n                                \u2264 61 751\u00a0\u20ac                <\/td>\n                                            <td class=\"wpdt-cell wpdt-tc-000000\"\n                                    data-cell-id=\"D4\"\n                data-col-index=\"3\"\n                data-row-index=\"3\"\n                style=\"                padding:10px;\"\n                >\n                                > 61 751\u00a0\u20ac                <\/td>\n                                        <\/tr>\n                            <tr class=\"wpdt-cell-row \" >\n                            <td class=\"wpdt-cell \"\n                                    data-cell-id=\"A5\"\n                data-col-index=\"0\"\n                data-row-index=\"4\"\n                style=\"                padding:10px;\"\n                >\n                                3 enfants                <\/td>\n                                            <td class=\"wpdt-cell wpdt-tc-000000\"\n                                    data-cell-id=\"B5\"\n                data-col-index=\"1\"\n                data-row-index=\"4\"\n                style=\"                padding:10px;\"\n                >\n                                < 31 239\u00a0\u20ac                <\/td>\n                                            <td class=\"wpdt-cell wpdt-tc-000000\"\n                                    data-cell-id=\"C5\"\n                data-col-index=\"2\"\n                data-row-index=\"4\"\n                style=\"                padding:10px;\"\n                >\n                                \u2264 69 427\u00a0\u20ac                <\/td>\n                                            <td class=\"wpdt-cell wpdt-tc-000000\"\n                                    data-cell-id=\"D5\"\n                data-col-index=\"3\"\n                data-row-index=\"4\"\n                style=\"                padding:10px;\"\n                >\n                                > 69 427\u00a0\u20ac                <\/td>\n                                        <\/tr>\n                            <tr class=\"wpdt-cell-row \" >\n                            <td class=\"wpdt-cell \"\n                                    data-cell-id=\"A6\"\n                data-col-index=\"0\"\n                data-row-index=\"5\"\n                style=\"                padding:10px;\"\n                >\n                                Par enfant suppl\u00e9mentaire                <\/td>\n                                            <td class=\"wpdt-cell wpdt-tc-000000\"\n                                    data-cell-id=\"B6\"\n                data-col-index=\"1\"\n                data-row-index=\"5\"\n                style=\"                padding:10px;\"\n                >\n                                + 3 453 \u20ac                <\/td>\n                                            <td class=\"wpdt-cell wpdt-tc-000000\"\n                                    data-cell-id=\"C6\"\n                data-col-index=\"2\"\n                data-row-index=\"5\"\n                style=\"                padding:10px;\"\n                >\n                                + 7 676 \u20ac                <\/td>\n                                            <td class=\"wpdt-cell wpdt-tc-000000\"\n                                    data-cell-id=\"D6\"\n                data-col-index=\"3\"\n                data-row-index=\"5\"\n                style=\"                padding:10px;\"\n                >\n                                + 7 676 \u20ac                <\/td>\n                                        <\/tr>\n                    <\/table>\n<\/div><style id='wpdt-custom-style-256'>\ntable#wpdtSimpleTable-256{ table-layout: fixed !important; }\n.wpdt-bc-F3F9FE { background-color: #F3F9FE !important;}\n.wpdt-bc-FFFFFF { background-color: #FFFFFF !important;}\n.wpdt-tc-000000 { color: #000000 !important;}\n<\/style>\n\n\n<div class=\"wpdt-c row wpDataTableContainerSimpleTable wpDataTables wpDataTablesWrapper\n\"\n    >\n    <table id=\"wpdtSimpleTable-557\"\n           class=\"wpdtSimpleTable wpDataTable\"\n           data-column=\"4\"\n           data-rows=\"5\"\n           data-wpID=\"557\"\n           data-responsive=\"0\"\n           data-has-header=\"0\">\n\n                    <tbody>        <tr class=\"wpdt-cell-row \" >\n                            <td class=\"wpdt-cell wpdt-bc-F3F9FE wpdt-bold wpdt-merged-cell \"\n                 colspan=\"1\"  rowspan=\"2\"                 data-cell-id=\"A1\"\n                data-col-index=\"0\"\n                data-row-index=\"0\"\n                style=\" width:25.6038647343%;                padding:10px;\"\n                >\n                                Nombre d'enfants                <\/td>\n                                            <td class=\"wpdt-cell wpdt-bc-F3F9FE wpdt-bold wpdt-merged-cell \"\n                 colspan=\"3\"  rowspan=\"1\"                 data-cell-id=\"B1\"\n                data-col-index=\"1\"\n                data-row-index=\"0\"\n                style=\" width:71.497584541063%;                padding:10px;\"\n                >\n                                Plafonds de revenus pour un parent seul                <\/td>\n                                                                <\/tr>\n                            <tr class=\"wpdt-cell-row \" >\n                                        <td class=\"wpdt-cell wpdt-bc-FFFFFF wpdt-bold wpdt-align-center\"\n                                    data-cell-id=\"B2\"\n                data-col-index=\"1\"\n                data-row-index=\"1\"\n                style=\"                padding:10px;\"\n                >\n                                Tranche 1                <\/td>\n                                            <td class=\"wpdt-cell wpdt-bc-FFFFFF wpdt-bold\"\n                                    data-cell-id=\"C2\"\n                data-col-index=\"2\"\n                data-row-index=\"1\"\n                style=\"                padding:10px;\"\n                >\n                                Tranche 2                <\/td>\n                                            <td class=\"wpdt-cell wpdt-bold\"\n                                    data-cell-id=\"D2\"\n                data-col-index=\"3\"\n                data-row-index=\"1\"\n                style=\"                padding:10px;\"\n                >\n                                Tranche 3                <\/td>\n                                        <\/tr>\n                            <tr class=\"wpdt-cell-row \" >\n                            <td class=\"wpdt-cell \"\n                                    data-cell-id=\"A3\"\n                data-col-index=\"0\"\n                data-row-index=\"2\"\n                style=\"                padding:10px;\"\n                >\n                                1 enfant                <\/td>\n                                            <td class=\"wpdt-cell wpdt-tc-000000\"\n                                    data-cell-id=\"B3\"\n                data-col-index=\"1\"\n                data-row-index=\"2\"\n                style=\"                padding:10px;\"\n                >\n                                \u00a033 033 \u20ac                <\/td>\n                                            <td class=\"wpdt-cell wpdt-bc-FFFFFF wpdt-tc-000000\"\n                                    data-cell-id=\"C3\"\n                data-col-index=\"2\"\n                data-row-index=\"2\"\n                style=\"                padding:10px;\"\n                >\n                                \u2264 75 705 \u20ac                <\/td>\n                                            <td class=\"wpdt-cell wpdt-tc-000000\"\n                                    data-cell-id=\"D3\"\n                data-col-index=\"3\"\n                data-row-index=\"2\"\n                style=\"                padding:10px;\"\n                >\n                                > 54 075\u00a0\u20ac                <\/td>\n                                        <\/tr>\n                            <tr class=\"wpdt-cell-row \" >\n                            <td class=\"wpdt-cell \"\n                                    data-cell-id=\"A4\"\n                data-col-index=\"0\"\n                data-row-index=\"3\"\n                style=\"                padding:10px;\"\n                >\n                                2 enfants                <\/td>\n                                            <td class=\"wpdt-cell wpdt-tc-000000\"\n                                    data-cell-id=\"B4\"\n                data-col-index=\"1\"\n                data-row-index=\"3\"\n                style=\"                padding:10px;\"\n                >\n                                < 38 900 \u20ac                <\/td>\n                                            <td class=\"wpdt-cell wpdt-bc-FFFFFF wpdt-tc-000000\"\n                                    data-cell-id=\"C4\"\n                data-col-index=\"2\"\n                data-row-index=\"3\"\n                style=\"                padding:10px;\"\n                >\n                                \u2264 86 451 \u20ac                <\/td>\n                                            <td class=\"wpdt-cell wpdt-tc-000000\"\n                                    data-cell-id=\"D4\"\n                data-col-index=\"3\"\n                data-row-index=\"3\"\n                style=\"                padding:10px;\"\n                >\n                                > 61 751\u00a0\u20ac                <\/td>\n                                        <\/tr>\n                            <tr class=\"wpdt-cell-row \" >\n                            <td class=\"wpdt-cell \"\n                                    data-cell-id=\"A5\"\n                data-col-index=\"0\"\n                data-row-index=\"4\"\n                style=\"                padding:10px;\"\n                >\n                                3 enfants                <\/td>\n                                            <td class=\"wpdt-cell wpdt-tc-000000\"\n                                    data-cell-id=\"B5\"\n                data-col-index=\"1\"\n                data-row-index=\"4\"\n                style=\"                padding:10px;\"\n                >\n                                < 43 734 \u20ac                <\/td>\n                                            <td class=\"wpdt-cell wpdt-tc-000000\"\n                                    data-cell-id=\"C5\"\n                data-col-index=\"2\"\n                data-row-index=\"4\"\n                style=\"                padding:10px;\"\n                >\n                                \u2264 97 197 \u20ac                <\/td>\n                                            <td class=\"wpdt-cell wpdt-tc-000000\"\n                                    data-cell-id=\"D5\"\n                data-col-index=\"3\"\n                data-row-index=\"4\"\n                style=\"                padding:10px;\"\n                >\n                                > 69 427\u00a0\u20ac                <\/td>\n                                        <\/tr>\n                    <\/table>\n<\/div><style id='wpdt-custom-style-557'>\ntable#wpdtSimpleTable-557{ table-layout: fixed !important; }\n.wpdt-bc-F3F9FE { background-color: #F3F9FE !important;}\n.wpdt-bc-FFFFFF { background-color: #FFFFFF !important;}\n.wpdt-tc-000000 { color: #000000 !important;}\n<\/style>\n\n<\/div>\n<h2 style=\"text-align: justify;\">Conditions d&rsquo;\u00e9ligibilit\u00e9<\/h2>\n<p style=\"text-align: justify;\">Pour \u00eatre \u00e9ligible au CMG, il y a des petites points a remplir :<\/p>\n<ul style=\"text-align: justify;\">\n<li>L\u2019enfant doit \u00eatre \u00e2g\u00e9 de moins de six ans\u2009(ou jusqu&rsquo;\u00e0 12 ans dans certains cas, notamment pour les familles monoparentales) ;<\/li>\n<li>Le parent doit justifier de revenus professionnels sauf dans certains cas\u2009;<\/li>\n<li>L\u2019enfant doit \u00eatre gard\u00e9 \u00e0 domicile par une nourrice dont le salaire journalier brut ne d\u00e9passe pas 60,10 \u20ac ;<\/li>\n<li>La personne salari\u00e9e peut \u00eatre employ\u00e9e par vous ou par l\u2019interm\u00e9diaire d\u2019un organisme habilit\u00e9 par le conseil g\u00e9n\u00e9ral.<\/li>\n<li>En cr\u00e8che, votre enfant doit \u00eatre \u00e0 garder au moins 16 heures par mois<\/li>\n<\/ul>\n<h2 class=\"target SousChapitre\" style=\"text-align: justify;\">Activit\u00e9 minimale des parents<\/h2>\n<div class=\"list-style\" data-identifier=\"4\">\n<p>Pour b\u00e9n\u00e9ficier du CMG, vous pouvez justifier d\u2019une activit\u00e9 professionnelle salari\u00e9e ou non. Un non-salari\u00e9 (commer\u00e7ant, artisan, profession lib\u00e9rale, etc.) doit \u00eatre \u00e0 jour de ses cotisations sociales d\u2019assurance-vieillesse.<\/p>\n<\/div>\n<div class=\"list-style\" data-identifier=\"5\">\n<p>Aucune activit\u00e9 minimale n\u2019est requise si vous \u00eates :<\/p>\n<\/div>\n<div class=\"list-style\" data-identifier=\"6\">\n<ul>\n<li>\u00e9tudiant (en couple, les deux doivent \u00eatre \u00e9tudiants),<\/li>\n<li>b\u00e9n\u00e9ficiaire de l\u2019allocation aux adultes handicap\u00e9s (AAH),<\/li>\n<li>b\u00e9n\u00e9ficiaire du revenu de solidarit\u00e9 active (RSA) et inscrit dans une d\u00e9marche d\u2019insertion,<\/li>\n<li>b\u00e9n\u00e9ficiaire de l\u2019allocation temporaire d&rsquo;attente (ATA),<\/li>\n<li>b\u00e9n\u00e9ficiaire de l\u2019allocation de solidarit\u00e9 sp\u00e9cifique (ASS).<\/li>\n<\/ul>\n<div class='cta-block'><div class='text'>Simulez toutes vos aides en 2 min. Gratuit.<\/div><a href='https:\/\/www.mes-allocs.fr\/ab-app?origin=guides\/wp-json\/wp\/v2\/posts\/45184' class='app-button fit'>Simulation gratuite<\/a><\/div>\n<\/div>\n<h3 style=\"text-align: justify;\">Si vous \u00eates en couple<\/h3>\n<div class=\"bloccas\">\n<div class=\"cas\" style=\"text-align: justify;\">\n<p>Pour b\u00e9n\u00e9ficier du compl\u00e9ment de libre choix du mode de garde (CMG), <span class=\"miseenevidence\">vous devez travailler<\/span>.<\/p>\n<p>Il suffit que <span class=\"miseenevidence\">vous ou votre conjoint<\/span> (\u00e9poux ou partenaire de Pacs ou concubin) remplisse cette condition.S&rsquo;il s&rsquo;agit d&rsquo;un travail non salari\u00e9 (commer\u00e7ant, artisan, profession lib\u00e9rale, etc.), vous devez \u00eatre \u00e0 jour des cotisations sociales d&rsquo;assurance vieillesse.<\/p>\n<p>Vous \u00eates consid\u00e9r\u00e9 en situation de travail si <span class=\"miseenevidence\">vous ou votre conjoint<\/span> \u00eates dans l&rsquo;un des cas suivants\u00a0:<\/p>\n<div class=\"liste\">\n<ul>\n<li>Indemnit\u00e9s journali\u00e8res de maladie, maternit\u00e9, adoption, paternit\u00e9, accident du travail<\/li>\n<li>Ch\u00f4mage indemnis\u00e9<\/li>\n<li>Formation professionnelle r\u00e9mun\u00e9r\u00e9<\/li>\n<\/ul>\n<\/div>\n<h3 class=\"liste\">\u00a0Vous vivez seul<\/h3>\n<\/div>\n<div class=\"cas\">\n<p style=\"text-align: justify;\">Pour b\u00e9n\u00e9ficier du compl\u00e9ment de libre choix du mode de garde (CMG), <span class=\"miseenevidence\">vous devez travailler<\/span>.<\/p>\n<div class=\"alert anoter\" style=\"text-align: justify;\">\n<div>\n<p><span class=\"bold\">\u00c0 noter, s<\/span>&lsquo;il s&rsquo;agit d&rsquo;un travail non salari\u00e9 (commer\u00e7ant, artisan, profession lib\u00e9rale, etc.), vous devez \u00eatre \u00e0 jour des cotisations sociales d&rsquo;assurance vieillesse.<\/p>\n<\/div>\n<\/div>\n<p style=\"text-align: justify;\">Vous \u00eates consid\u00e9r\u00e9 en situation de travail si <span class=\"miseenevidence\">vous ou votre conjoint<\/span> (\u00e9poux ou partenaire de Pacs ou concubin) \u00eates dans l&rsquo;un des cas suivants\u00a0:<\/p>\n<div class=\"liste\" style=\"text-align: justify;\">\n<ul>\n<li>Indemnit\u00e9s journali\u00e8res de maladie, maternit\u00e9, paternit\u00e9, adoption, accident du travail<\/li>\n<li>Ch\u00f4mage indemnis\u00e9<\/li>\n<li>Formation professionnelle r\u00e9mun\u00e9r\u00e9e<\/li>\n<\/ul>\n<p>Que vous soyez en couple ou non, vous pouvez b\u00e9n\u00e9ficier du CMG si vous \u00eates au ch\u00f4mage \u00e0 condition de b\u00e9n\u00e9ficier de l&rsquo;allocation ch\u00f4mage.<\/p>\n<\/div>\n<p style=\"text-align: justify;\">Vous avez aussi droit au compl\u00e9ment de libre choix du mode de garde (CMG) si vous \u00eates dans l&rsquo;une des situations suivantes\u00a0:<\/p>\n<div class=\"liste\">\n<ul style=\"text-align: justify;\">\n<li>\u00c9tudiant<\/li>\n<li>En contrat de service civique<\/li>\n<li>Allocation aux adultes handicap\u00e9s (AAH)<\/li>\n<li>Revenu de solidarit\u00e9 active (RSA) et dans une d\u00e9marche d&rsquo;insertion professionnelle<\/li>\n<li>Allocation de solidarit\u00e9 sp\u00e9cifique (ASS) et inscrit comme demandeur d&#8217;emploi<\/li>\n<\/ul>\n<p style=\"text-align: justify;\"><div class='cta-block'><div class='text'>Simulez toutes vos aides en 2 min. Gratuit.<\/div><a href='https:\/\/www.mes-allocs.fr\/ab-app?origin=guides\/wp-json\/wp\/v2\/posts\/45184' class='app-button fit'>Simulation gratuite<\/a><\/div><\/p>\n<h1 class=\"amp-wp-7d27179\" style=\"text-align: justify;\" data-amp-original-style=\"text-align: justify;\"><span id=\"La_Prestation_dAccueil_du_Jeune_Enfant\"><span id=\"Quest-ce_que_la_PAJE\"><strong>La Prestation d&rsquo;Accueil du jeune Enfant<\/strong><\/span><\/span><\/h1>\n<h2 class=\"amp-wp-7d27179\" style=\"text-align: justify;\" data-amp-original-style=\"text-align: justify;\"><span id=\"Point_de_rappel\">Point de rappel<\/span><\/h2>\n<p class=\"amp-wp-7d27179\" style=\"text-align: justify;\" data-amp-original-style=\"text-align: justify;\"><span class=\"amp-wp-fe3f5cc\" data-amp-original-style=\"font-weight: 400;\">La prestation\u00a0<\/span><span class=\"___SText_1ft2c_swa-addon_\" data-ui-name=\"Tag.Text\">d&rsquo;accueil du jeune enfant\u00a0<\/span>(PAJE) est une prestation familiales et une aide financi\u00e8re destin\u00e9e \u00e0 aider une famille \u00e0 financer les d\u00e9penses li\u00e9es \u00e0 l\u2019entretien et \u00e0 l\u2019\u00e9ducation d\u00e8s la naissance de l\u2019enfant.<\/p>\n<p class=\"amp-wp-7d27179\" style=\"text-align: justify;\" data-amp-original-style=\"text-align: justify;\"><span class=\"amp-wp-fe3f5cc\" data-amp-original-style=\"font-weight: 400;\">Cette <a href=\"https:\/\/www.mes-allocs.fr\/guides\/wp-admin\/post.php?post=38818&amp;action=edit\">aide<\/a> est destin\u00e9e aux parents d\u2019 enfants n\u00e9s ou adopt\u00e9s.<\/span><\/p>\n<p class=\"amp-wp-7d27179\" style=\"text-align: justify;\" data-amp-original-style=\"text-align: justify;\"><span class=\"amp-wp-fe3f5cc\" data-amp-original-style=\"font-weight: 400;\">Depuis le 1er janvier 2015, elle est vers\u00e9e le mois suivant la naissance ou l\u2019adoption.<\/span><\/p>\n<p class=\"amp-wp-7d27179\" style=\"text-align: justify;\" data-amp-original-style=\"text-align: justify;\"><span class=\"amp-wp-fe3f5cc\" data-amp-original-style=\"font-weight: 400;\">Elle est vers\u00e9e une fois par mois par la Caisse d\u2019Allocations Familiales (CAF) ou la Mutualit\u00e9 Sociale Agricole (MSA) aux familles dont les revenus ne d\u00e9passent pas certains plafonds de ressources. Vous devez donc \u00eatre allocataire de l\u2019un de ces deux organismes pour en b\u00e9n\u00e9ficier.<\/span><\/p>\n<p><iframe loading=\"lazy\" title=\"La PAJE\" width=\"500\" height=\"281\" src=\"https:\/\/www.youtube.com\/embed\/seHoivZowu8?feature=oembed\" frameborder=\"0\" allow=\"accelerometer; autoplay; clipboard-write; encrypted-media; gyroscope; picture-in-picture; web-share\" referrerpolicy=\"strict-origin-when-cross-origin\" allowfullscreen><\/iframe><\/p>\n<h2 style=\"text-align: justify;\" data-amp-original-style=\"text-align: justify;\">Les diff\u00e9rentes aides de la PAJE<\/h2>\n<h3 class=\"amp-wp-7d27179\" data-amp-original-style=\"text-align: justify;\"><span id=\"La_prime_de_naissance\"><b>La prime de naissance <\/b><\/span><\/h3>\n<p class=\"amp-wp-7d27179\" data-amp-original-style=\"text-align: justify;\"><span class=\"amp-wp-fe3f5cc\" data-amp-original-style=\"font-weight: 400;\">La prime de naissance est une aide financi\u00e8re qui vise \u00e0 permettre aux futurs parents ou aux <img loading=\"lazy\" decoding=\"async\" class=\"alignright wp-image-45192\" title=\"lits dhopital\" src=\"https:\/\/www.mes-allocs.fr\/guides\/wp-content\/uploads\/2022\/02\/lits-dhopital-1-1.jpeg\" alt=\"activite minimale compl\u00e9ment de libre choix du mode de garde\" width=\"342\" height=\"226\" srcset=\"https:\/\/www.mes-allocs.fr\/guides\/wp-content\/uploads\/2022\/02\/lits-dhopital-1-1.jpeg 1133w, https:\/\/www.mes-allocs.fr\/guides\/wp-content\/uploads\/2022\/02\/lits-dhopital-1-1-300x199.jpeg 300w, https:\/\/www.mes-allocs.fr\/guides\/wp-content\/uploads\/2022\/02\/lits-dhopital-1-1-1024x678.jpeg 1024w, https:\/\/www.mes-allocs.fr\/guides\/wp-content\/uploads\/2022\/02\/lits-dhopital-1-1-768x508.jpeg 768w, https:\/\/www.mes-allocs.fr\/guides\/wp-content\/uploads\/2022\/02\/lits-dhopital-1-1-600x397.jpeg 600w\" sizes=\"auto, (max-width: 342px) 100vw, 342px\" \/>familles monoparentales de faire face aux d\u00e9penses li\u00e9es \u00e0 la naissance ou \u00e0 l\u2019adoption d\u2019un enfant. Cette aide fait partie d\u2019un ensemble d\u2019aides \u00e0 la famille et appartient au dispositif d\u2019aides PAJE (Prestation d\u2019Accueil du Jeune Enfant) de la CAF.<\/span><\/p>\n<p class=\"amp-wp-7d27179\" style=\"text-align: justify;\" data-amp-original-style=\"text-align: justify;\"><span class=\"amp-wp-fe3f5cc\" data-amp-original-style=\"font-weight: 400;\">Cette prime \u00e0 l\u2019adoption ou \u00e0 la naissance est vers\u00e9e par la CAF pour faire face aux frais li\u00e9es \u00e0\u00a0 l\u2019arriv\u00e9e de votre enfant dans le foyer. Cette allocation est attribu\u00e9e jusqu\u2019aux 3 ans de l\u2019enfant et perdure jusqu\u2019\u00e0 l\u2019\u00e2ge de 20 ans dans le cas d\u2019une adoption.<\/span><\/p>\n<p class=\"amp-wp-7d27179\" data-amp-original-style=\"text-align: justify;\"><span class=\"amp-wp-fe3f5cc\" data-amp-original-style=\"font-weight: 400;\">La prime de naissance est disponible pour les personnes qui viennent d\u2019accueillir un enfant au sein du foyer. Cela peut \u00eatre via une naissance ou bien une adoption.\u00a0<\/span><\/p>\n<h3 class=\"amp-wp-7d27179 amp-wp-7d27179\" data-amp-original-style=\"text-align: justify;\"><span id=\"Definition\">La PreParE<\/span><\/h3>\n<p class=\"amp-wp-7d27179 amp-wp-7d27179\" data-amp-original-style=\"text-align: justify;\">La Prestation Partag\u00e9e d\u2019\u00c9ducation de l\u2019Enfant (PreParE) est une aide sociale vers\u00e9e par la CAF.<\/p>\n<p class=\"amp-wp-7d27179 amp-wp-7d27179 amp-wp-7d27179\" style=\"text-align: justify;\" data-amp-original-style=\"text-align: justify;\"><span class=\"amp-wp-57c6437\" data-amp-original-style=\"font-size: 12pt;\">De mani\u00e8re concr\u00e8te, la PreParE vous aide \u00e0 prendre du temps pour profiter le plus possible de votre jeune enfant.\u00a0<\/span><span class=\"amp-wp-57c6437\" data-amp-original-style=\"font-size: 12pt;\">La prestation partag\u00e9e d\u2019\u00e9ducation de l\u2019enfant (PreParE) est une aide financi\u00e8re qui vous permet, que vous soyez parent isol\u00e9 ou en couple, de cesser ou de r\u00e9duire votre activit\u00e9 professionnelle dans le but de pouvoir passer du temps avec votre ou vos enfants \u00e2g\u00e9s de moins de 3 ans.<\/span><\/p>\n<p class=\"amp-wp-7d27179 amp-wp-7d27179 amp-wp-7d27179\" style=\"text-align: justify;\" data-amp-original-style=\"text-align: justify;\"><span class=\"amp-wp-57c6437\" data-amp-original-style=\"font-size: 12pt;\">Cette aide fait partie de la Prestation d\u2019Accueil du Jeune Enfant (PAJE), qui elle-m\u00eame est un dispositif d\u2019aide de la\u00a0Caisse d\u2019Allocations Familiales et de la Mutualit\u00e9 Sociale Agricole (MSA).<\/span><\/p>\n<h3 class=\"amp-wp-7d27179\" style=\"text-align: justify;\" data-amp-original-style=\"text-align: justify;\"><span id=\"Formes_de_la_PreParE\">Formes de la Pr\u00e9ParE<\/span><\/h3>\n<p class=\"amp-wp-7d27179 amp-wp-7d27179\" data-amp-original-style=\"text-align: justify;\">Il existe deux formes de PreParE :<\/p>\n<ul class=\"amp-wp-7d27179 amp-wp-7d27179\" data-amp-original-style=\"text-align: justify;\">\n<li data-amp-original-style=\"text-align: justify;\">La PreParE simple<\/li>\n<li data-amp-original-style=\"text-align: justify;\">La PreParE major\u00e9e<\/li>\n<\/ul>\n<p class=\"amp-wp-7d27179 amp-wp-7d27179\" data-amp-original-style=\"text-align: justify;\">La PreParE major\u00e9e donne droit \u00e0 un montant sup\u00e9rieur \u00e0 celui de la PreParE mais est vers\u00e9e moins longtemps que la PreParE (simple). Ce choix est disponible pour les m\u00e9nages ayant au moins trois enfants \u00e0 charge.<\/p>\n<p data-amp-original-style=\"text-align: justify;\"><div class='cta-block'><div class='text'>Simulez toutes vos aides en 2 min. Gratuit.<\/div><a href='https:\/\/www.mes-allocs.fr\/ab-app?origin=guides\/wp-json\/wp\/v2\/posts\/45184' class='app-button fit'>Simulation gratuite<\/a><\/div><\/p>\n<\/div>\n<\/div>\n<\/div>\n","protected":false},"excerpt":{"rendered":"<p>[Mis \u00e0 jour le 12\/02\/2026] Le Compl\u00e9ment du libre choix du Mode de Garde de votre enfant (CMG) est une des allocations familiales de la CAF. Elle fait partie du dispositif de la Prestations d&rsquo;Accueil du Jeune Enfant. Dans cet article, nous allons voir s&rsquo;il faut avoir une activit\u00e9 minimale pour b\u00e9n\u00e9ficier du CMG. Qu&rsquo;est-ce [&hellip;]<\/p>\n","protected":false},"author":6,"featured_media":45185,"comment_status":"open","ping_status":"open","sticky":false,"template":"","format":"standard","meta":{"amp_status":"","footnotes":""},"categories":[10,9803,11],"tags":[],"class_list":["post-45184","post","type-post","status-publish","format-standard","has-post-thumbnail","hentry","category-allocations-familiales","category-complement-libre-choix-mode-de-garde","category-paje"],"yoast_head":"<!-- This site is optimized with the Yoast SEO plugin v14.9 - https:\/\/yoast.com\/wordpress\/plugins\/seo\/ -->\n<title>Activit\u00e9 minimale et Compl\u00e9ment de libre choix du mode de garde<\/title>\n<meta name=\"description\" content=\"Pour b\u00e9n\u00e9ficier du CMG, les parents n&#039;ont pas besoin, dans certaines circonstances, d&#039;effectuer un minimum d&#039;heures.\" \/>\n<meta name=\"robots\" content=\"index, follow, max-snippet:-1, max-image-preview:large, max-video-preview:-1\" \/>\n<link rel=\"canonical\" href=\"https:\/\/www.mes-allocs.fr\/guides\/allocations-familiales\/paje\/complement-libre-choix-mode-de-garde\/cmg-minimum-heure\/\" \/>\n<meta property=\"og:locale\" content=\"fr_FR\" \/>\n<meta property=\"og:type\" content=\"article\" \/>\n<meta property=\"og:title\" content=\"Activit\u00e9 minimale et Compl\u00e9ment de libre choix du mode de garde\" \/>\n<meta property=\"og:description\" content=\"Pour b\u00e9n\u00e9ficier du CMG, les parents n&#039;ont pas besoin, dans certaines circonstances, d&#039;effectuer un minimum d&#039;heures.\" \/>\n<meta property=\"og:url\" content=\"https:\/\/www.mes-allocs.fr\/guides\/allocations-familiales\/paje\/complement-libre-choix-mode-de-garde\/cmg-minimum-heure\/\" \/>\n<meta property=\"og:site_name\" content=\"Mes-Allocs.fr\" \/>\n<meta property=\"article:published_time\" content=\"2022-03-01T11:04:59+00:00\" \/>\n<meta property=\"article:modified_time\" content=\"2026-02-12T15:58:07+00:00\" \/>\n<meta property=\"og:image\" content=\"https:\/\/www.mes-allocs.fr\/guides\/wp-content\/uploads\/2022\/02\/maman-1-e1687187876116.jpeg?wsr\" \/>\n\t<meta property=\"og:image:width\" content=\"1125\" \/>\n\t<meta property=\"og:image:height\" content=\"171\" \/>\n<meta name=\"twitter:card\" content=\"summary_large_image\" \/>\n<script type=\"application\/ld+json\" class=\"yoast-schema-graph\">{\"@context\":\"https:\/\/schema.org\",\"@graph\":[{\"@type\":\"WebSite\",\"@id\":\"https:\/\/www.mes-allocs.fr\/guides\/#website\",\"url\":\"https:\/\/www.mes-allocs.fr\/guides\/\",\"name\":\"Mes-Allocs.fr\",\"description\":\"\",\"potentialAction\":[{\"@type\":\"SearchAction\",\"target\":\"https:\/\/www.mes-allocs.fr\/guides\/?s={search_term_string}\",\"query-input\":\"required name=search_term_string\"}],\"inLanguage\":\"fr-FR\"},{\"@type\":\"ImageObject\",\"@id\":\"https:\/\/www.mes-allocs.fr\/guides\/allocations-familiales\/paje\/complement-libre-choix-mode-de-garde\/cmg-minimum-heure\/#primaryimage\",\"inLanguage\":\"fr-FR\",\"url\":\"https:\/\/www.mes-allocs.fr\/guides\/wp-content\/uploads\/2022\/02\/maman-1-e1687187876116.jpeg?wsr\",\"width\":1125,\"height\":171,\"caption\":\"activite minimale compl\\u00e9ment de libre choix du mode de garde\"},{\"@type\":\"WebPage\",\"@id\":\"https:\/\/www.mes-allocs.fr\/guides\/allocations-familiales\/paje\/complement-libre-choix-mode-de-garde\/cmg-minimum-heure\/#webpage\",\"url\":\"https:\/\/www.mes-allocs.fr\/guides\/allocations-familiales\/paje\/complement-libre-choix-mode-de-garde\/cmg-minimum-heure\/\",\"name\":\"Activit\\u00e9 minimale et Compl\\u00e9ment de libre choix du mode de garde\",\"isPartOf\":{\"@id\":\"https:\/\/www.mes-allocs.fr\/guides\/#website\"},\"primaryImageOfPage\":{\"@id\":\"https:\/\/www.mes-allocs.fr\/guides\/allocations-familiales\/paje\/complement-libre-choix-mode-de-garde\/cmg-minimum-heure\/#primaryimage\"},\"datePublished\":\"2022-03-01T11:04:59+00:00\",\"dateModified\":\"2026-02-12T15:58:07+00:00\",\"author\":{\"@id\":\"https:\/\/www.mes-allocs.fr\/guides\/#\/schema\/person\/0ecd61a8600573914d00d970a588c024\"},\"description\":\"Pour b\\u00e9n\\u00e9ficier du CMG, les parents n'ont pas besoin, dans certaines circonstances, d'effectuer un minimum d'heures.\",\"inLanguage\":\"fr-FR\"},{\"@type\":\"Person\",\"@id\":\"https:\/\/www.mes-allocs.fr\/guides\/#\/schema\/person\/0ecd61a8600573914d00d970a588c024\",\"name\":\"Jonathan\",\"image\":{\"@type\":\"ImageObject\",\"@id\":\"https:\/\/www.mes-allocs.fr\/guides\/#personlogo\",\"inLanguage\":\"fr-FR\",\"url\":\"https:\/\/www.mes-allocs.fr\/guides\/wp-content\/uploads\/2021\/06\/jonathan-150x150.png\",\"caption\":\"Jonathan\"},\"description\":\"Jonathan est r\\u00e9dacteur au sein de l'\\u00e9quipe Mes Allocs, sp\\u00e9cialis\\u00e9 sur les sujets li\\u00e9s au handicap. Dipl\\u00f4m\\u00e9e de l'UPEM, il rejoint Mes Allocs apr\\u00e8s avoir travaill\\u00e9 \\u00e0 l'association AEDE qui accompagne les adultes en situation de handicap. Quand il n'\\u00e9crit pas, on peut le retrouver sur un terrain de basket.\",\"sameAs\":[\"https:\/\/www.linkedin.com\/in\/jonathan-bambela-8637861b7\"]}]}<\/script>\n<!-- \/ Yoast SEO plugin. -->","amp_validity":null,"acf":{"faq":{"1":{"question":"Comment connaitre le montant auquel j'ai droit ?","answer":"Le plus simple pour savoir si vous \u00eates \u00e9ligible \u00e0 la Prestation Partag\u00e9e d\u2019\u00c9ducation de l\u2019Enfant en fonction de vos revenus et de votre situation familiale, est de faire la simulation gratuite de Mes Allocs."},"2":{"question":"Existe-t-il des plafonds pour b\u00e9n\u00e9ficier du CMG ? ","answer":"Le montant du CMG est \u00e9tabli selon des plafonds de ressources qui varient en fonction du nombre d\u2019enfants qui sont \u00e0 votre charge."},"3":{"question":"Comment est vers\u00e9e la PAJE ? ","answer":"Elle est vers\u00e9e une fois par mois par la Caisse d\u2019Allocations Familiales (CAF) ou la Mutualit\u00e9 Sociale Agricole (MSA) aux familles dont les revenus ne d\u00e9passent pas certains plafonds de ressources."},"4":{"question":"Comment demander l'aide ?","answer":"Vous devez remplir un formulaire et fournir certaines pi\u00e8ces justificatives \u00e0 la Caisse d\u2019Allocations Familiales (CAF) ou \u00e0 la Mutualit\u00e9 Sociale Agricole (MSA)."},"5":{"question":"A quoi sert la prime de naissance ? ","answer":"Cette prime \u00e0 l\u2019adoption ou \u00e0 la naissance est vers\u00e9e par la CAF pour faire face aux frais li\u00e9es \u00e0\u00a0 l\u2019arriv\u00e9e de votre enfant dans le foyer.\r\n"},"6":{"question":"Quels sont les diff\u00e9rents types de PreParE ? ","answer":"Il existe deux formes de PreParE : La PreParE simple et la PreParE major\u00e9e."},"7":{"question":"","answer":""},"8":{"question":"","answer":""},"9":{"question":"","answer":""},"10":{"question":"","answer":""},"11":{"question":"","answer":""},"12":{"question":"","answer":""},"13":{"question":"","answer":""},"14":{"question":"","answer":""},"15":{"question":"","answer":""},"16":{"question":"","answer":""}}},"_links":{"self":[{"href":"https:\/\/www.mes-allocs.fr\/guides\/wp-json\/wp\/v2\/posts\/45184","targetHints":{"allow":["GET"]}}],"collection":[{"href":"https:\/\/www.mes-allocs.fr\/guides\/wp-json\/wp\/v2\/posts"}],"about":[{"href":"https:\/\/www.mes-allocs.fr\/guides\/wp-json\/wp\/v2\/types\/post"}],"author":[{"embeddable":true,"href":"https:\/\/www.mes-allocs.fr\/guides\/wp-json\/wp\/v2\/users\/6"}],"replies":[{"embeddable":true,"href":"https:\/\/www.mes-allocs.fr\/guides\/wp-json\/wp\/v2\/comments?post=45184"}],"version-history":[{"count":19,"href":"https:\/\/www.mes-allocs.fr\/guides\/wp-json\/wp\/v2\/posts\/45184\/revisions"}],"predecessor-version":[{"id":109026,"href":"https:\/\/www.mes-allocs.fr\/guides\/wp-json\/wp\/v2\/posts\/45184\/revisions\/109026"}],"wp:featuredmedia":[{"embeddable":true,"href":"https:\/\/www.mes-allocs.fr\/guides\/wp-json\/wp\/v2\/media\/45185"}],"wp:attachment":[{"href":"https:\/\/www.mes-allocs.fr\/guides\/wp-json\/wp\/v2\/media?parent=45184"}],"wp:term":[{"taxonomy":"category","embeddable":true,"href":"https:\/\/www.mes-allocs.fr\/guides\/wp-json\/wp\/v2\/categories?post=45184"},{"taxonomy":"post_tag","embeddable":true,"href":"https:\/\/www.mes-allocs.fr\/guides\/wp-json\/wp\/v2\/tags?post=45184"}],"curies":[{"name":"wp","href":"https:\/\/api.w.org\/{rel}","templated":true}]}}