{"id":45163,"date":"2022-03-08T18:27:11","date_gmt":"2022-03-08T16:27:11","guid":{"rendered":"https:\/\/www.mes-allocs.fr\/guides\/?p=45163"},"modified":"2025-11-12T18:01:06","modified_gmt":"2025-11-12T17:01:06","slug":"calcul-indemnite-chomage-apres-csp","status":"publish","type":"post","link":"https:\/\/www.mes-allocs.fr\/guides\/chomage\/calculer-chomage\/calcul-indemnite-chomage-apres-csp\/","title":{"rendered":"Le calcul indemnit\u00e9 ch\u00f4mage apr\u00e8s CSP"},"content":{"rendered":"<p style=\"text-align: justify;\">Lorsque vous \u00eates au ch\u00f4mage, il existe de nombreux dispositifs pour subvenir \u00e0 la perte de salaire. En effet, l&rsquo;ARE est l&rsquo;aide la plus connue. Mais , le contrat de s\u00e9curisation professionnelle existe aussi. Dans cet article, nous allons voir si vous pouvez b\u00e9n\u00e9ficier de l&rsquo;ARE apr\u00e8s le CSP.<\/p>\n<div class='cta-block'><div class='text'>Simulez votre ch\u00f4mage en 2 min.<\/div><a href='https:\/\/www.mes-allocs.fr\/simulation-chomage?origin=guides\/wp-json\/wp\/v2\/posts\/45163' class='app-button fit'>Simulation gratuite<\/a><\/div>\n<h1 style=\"text-align: justify;\">Qu&rsquo;est-ce que le Contrat de S\u00e9curisation Professionnelle ?<\/h1>\n<h2 class=\"amp-wp-7d27179\" style=\"text-align: justify;\" data-amp-original-style=\"text-align: justify;\"><span id=\"Definition\">D\u00e9finition<\/span><\/h2>\n<p class=\"amp-wp-7d27179\" style=\"text-align: justify;\" data-amp-original-style=\"text-align: justify;\">Le Contrat de s\u00e9curisation professionnelle (CSP) est une forme de contrat bien particuli\u00e8re. Il est Destin\u00e9 aux salari\u00e9s vis\u00e9s par un licenciement \u00e9conomique. Le but de ce contrat est de favoriser leur reconversion gr\u00e2ce \u00e0 plusieurs mesures. Ces mesures se composent d\u2019un suivi personnalis\u00e9, d\u2019une allocation plus \u00e9lev\u00e9e et sans diff\u00e9r\u00e9, ainsi que d\u2019une protection sociale maintenue, pendant 12 mois.<\/p>\n<h2 class=\"amp-wp-7d27179\" style=\"text-align: justify;\" data-amp-original-style=\"text-align: justify;\"><span id=\"Qui_peut_etre_concerne\">Qui peut \u00eatre concern\u00e9 ?<\/span><\/h2>\n<p class=\"amp-wp-7d27179\" style=\"text-align: justify;\" data-amp-original-style=\"text-align: justify;\">Le CSP doit \u00eatre utilis\u00e9 dans des conditions bien particuli\u00e8res. Toutes les entreprises de moins de<img loading=\"lazy\" decoding=\"async\" class=\" wp-image-45170 alignright\" title=\"signature\" src=\"https:\/\/www.mes-allocs.fr\/guides\/wp-content\/uploads\/2022\/02\/signature-.jpg\" alt=\"calcul indemnit\u00e9 chomage apres csp\" width=\"318\" height=\"211\" srcset=\"https:\/\/www.mes-allocs.fr\/guides\/wp-content\/uploads\/2022\/02\/signature-.jpg 1880w, https:\/\/www.mes-allocs.fr\/guides\/wp-content\/uploads\/2022\/02\/signature--300x199.jpg 300w, https:\/\/www.mes-allocs.fr\/guides\/wp-content\/uploads\/2022\/02\/signature--1024x681.jpg 1024w, https:\/\/www.mes-allocs.fr\/guides\/wp-content\/uploads\/2022\/02\/signature--768x511.jpg 768w, https:\/\/www.mes-allocs.fr\/guides\/wp-content\/uploads\/2022\/02\/signature--1536x1021.jpg 1536w, https:\/\/www.mes-allocs.fr\/guides\/wp-content\/uploads\/2022\/02\/signature--600x399.jpg 600w\" sizes=\"auto, (max-width: 318px) 100vw, 318px\" \/> 1 000 salari\u00e9s, ainsi que toutes les entreprises en redressement ou liquidation judiciaire, quel que soit leur effectif, doivent proposer un contrat de s\u00e9curisation professionnelle (CSP) aux salari\u00e9s qu\u2019elles envisagent de licencier pour des motifs \u00e9conomiques. Sans ce motif \u00e9conomique, vous ne pouvez faire usage de ce contrat.<\/p>\n<p class=\"amp-wp-7d27179\" style=\"text-align: justify;\" data-amp-original-style=\"text-align: justify;\">En fonction des situations, cette proposition de contrat doit avoir lieu :<\/p>\n<ul class=\"amp-wp-7d27179\" style=\"text-align: justify;\" data-amp-original-style=\"text-align: justify;\">\n<li>lors de l\u2019entretien en amont du licenciement ;<\/li>\n<li>\u00e0 l\u2019issue de la derni\u00e8re r\u00e9union des instances repr\u00e9sentatives du personnel lorsque le licenciement est soumis \u00e0 la proc\u00e9dure d\u2019information ou de consultation des repr\u00e9sentants du personnel ;<\/li>\n<li>au lendemain du jour o\u00f9 la DIRECCTE a inform\u00e9 l\u2019entreprise qu\u2019elle validait son accord collectif ou homologuait son plan de sauvegarde de l\u2019emploi ;<\/li>\n<li>en remettant au salari\u00e9 le document d\u2019information de P\u00f4le emploi, contre r\u00e9c\u00e9piss\u00e9. Document qui doit \u00eatre remis aux salari\u00e9es en cong\u00e9 maternit\u00e9, au plus tard le lendemain de leur retour.<\/li>\n<\/ul>\n<p class=\"amp-wp-7d27179\" style=\"text-align: justify;\" data-amp-original-style=\"text-align: justify;\">Au del\u00e0 de l\u2019employeur, P\u00f4le Emploi peut aussi vous proposer ce contrat. L\u2019organisme le fera uniquement si votre employeur ne vous l\u2019a pas propos\u00e9 lors de la proc\u00e9dure de licenciement.<\/p>\n<h2 class=\"amp-wp-7d27179\" style=\"text-align: justify;\" data-amp-original-style=\"text-align: justify;\"><span id=\"Conditions_dattribution\">Conditions d\u2019attribution<\/span><\/h2>\n<p class=\"amp-wp-7d27179\" style=\"text-align: justify;\" data-amp-original-style=\"text-align: justify;\">Pour b\u00e9n\u00e9ficier de la mise en place de ce contrat, il faut remplir certaines conditions au pr\u00e9alable. Il faut :<\/p>\n<ul class=\"amp-wp-7d27179\" style=\"text-align: justify;\" data-amp-original-style=\"text-align: justify;\">\n<li>faire l\u2019objet d\u2019un\u00a0licenciement pour motif \u00e9conomique\u00a0;<\/li>\n<li>avoir travaill\u00e9 au moins 130 jours ou 910 heures au cours des 24 derniers mois (36 derniers mois pour les salari\u00e9s de 53 ans et plus) ; ou disposer d\u2019un reliquat de droits \u00e0 l\u2019ARE ;<\/li>\n<li>ne pas avoir atteint l\u2019\u00e2ge permettant de b\u00e9n\u00e9ficier d\u2019une retraite\u00a0\u00e0 taux plein ;<\/li>\n<li>habiter en m\u00e9tropole, dans les Dom (sauf Mayotte ) ou dans les collectivit\u00e9s d\u2019outre-mer de Saint-Pierre et Miquelon, Saint-Barth\u00e9lemy et Saint-Martin ;<\/li>\n<li>\u00eatre\u00a0apte \u00e0 exercer un emploi\u00a0(un arr\u00eat maladie, un cong\u00e9 maternit\u00e9 ou le fait titulaire d\u2019une pension d\u2019invalidit\u00e9 ne font pas obstacle \u00e0 l\u2019adh\u00e9sion au CSP).<\/li>\n<\/ul>\n<h2 class=\"amp-wp-7d27179\" style=\"text-align: justify;\" data-amp-original-style=\"text-align: justify;\"><span id=\"Le_deroulement_de_la_procedure\">Le d\u00e9roulement de la proc\u00e9dure<\/span><\/h2>\n<div class=\"wysiwyg__section amp-wp-7d27179\" style=\"text-align: justify;\" data-scroll-index=\"0\" data-amp-original-style=\"text-align: justify;\">\n<div class=\"field-collection-item field-collection-item--name-field-u-content field-collection-item--view-mode-full\">\n<div class=\"content\">\n<div class=\"clearfix text-formatted field field--name-field-u-content field--type-text-long field--label-hidden field__item\">\n<p>Suite \u00e0 la proposition de ce contrat, le salari\u00e9 dispose de 21 jours pour r\u00e9fl\u00e9chir et accepter ou refuser son CSP. Il peut b\u00e9n\u00e9ficier d\u2019un\u00a0entretien avec un conseiller de P\u00f4le emploi pour avoir des conseils \u00e0 ce niveau. Lorsque le licenciement est soumis \u00e0 autorisation administrative, ce d\u00e9lai est prolong\u00e9 jusqu\u2019au lendemain du jour o\u00f9 l\u2019employeur re\u00e7oit la notification.<\/p>\n<p>S\u2019il accepte son CSP, le salari\u00e9 remplit un bulletin et le signe.\u00a0Son contrat de travail prend fin alors \u00e0 l\u2019issue du d\u00e9lai de 21 jours et son CSP d\u00e9marre d\u00e8s le lendemain de la fin du d\u00e9lai. La date d\u2019acceptation n\u2019a pas d\u2019incidence directe sur le contrat.<\/p>\n<h2><span id=\"Duree_du_CSP\">Dur\u00e9e du CSP<\/span><\/h2>\n<p>Le CSP d\u00e9marre le lendemain de la fin du d\u00e9lai de r\u00e9flexion et dure 12 mois. Il se peut\u00a0 que ce contrat soit prolong\u00e9. Cela peut se faire\u00a0:<\/p>\n<ul>\n<li>si l\u2019allocataire\u00a0reprend une activit\u00e9 professionnelle de 3 jours \u00e0 6 mois, \u00e0 partir du 7\u00e8me mois. Cette prolongation\u00a0ne pourra pas d\u00e9passer 3 mois\u00a0;<\/li>\n<li>si l\u2019allocataire est en\u00a0cong\u00e9 de maternit\u00e9, de paternit\u00e9 ou d\u2019adoption. Cette prolongation ne peut pas d\u00e9passer la dur\u00e9e l\u00e9gale de ces m\u00eames cong\u00e9s ;<\/li>\n<li>si l\u2019allocataire est en\u00a0arr\u00eat maladie. Cette prolongation\u00a0ne peut pas d\u00e9passer 4 mois.<\/li>\n<\/ul>\n<p>Si au\u00a0terme de son CSP, le stagiaire est\u00a0toujours \u00e0 la recherche d\u2019un emploi, il doit s\u2019inscrire comme demandeur d\u2019emploi pour b\u00e9n\u00e9ficier de l\u2019ARE. La proc\u00e9dure est simplifi\u00e9e.<\/p>\n<\/div>\n<\/div>\n<\/div>\n<\/div>\n<div class=\"wysiwyg__section amp-wp-7d27179\" data-scroll-index=\"1\" data-amp-original-style=\"text-align: justify;\">\n<div class=\"field-collection-item field-collection-item--name-field-u-content field-collection-item--view-mode-full\">\n<div class=\"content\">\n<p class=\"field field--name-field-u-title field--type-string field--label-hidden field__item\" style=\"text-align: justify;\">En ce qui concerne la r\u00e9mun\u00e9ration, il y a deux formes de r\u00e9mun\u00e9ration.<\/p>\n<p style=\"text-align: justify;\">Pour les salari\u00e9s pr\u00e9sents dans l\u2019entreprise depuis 1 an ou plus\u00a0: l\u2019ASP est de\u00a075 % du salaire journalier de r\u00e9f\u00e9rence, ce qui\u00a0correspond au salaire net. Elle ne peut pas \u00eatre inf\u00e9rieure \u00e0 l\u2019ARE. Elle est vers\u00e9e pendant\u00a012 mois maximum.<\/p>\n<p style=\"text-align: justify;\">Pour les salari\u00e9s qui ont moins d\u2019un an d\u2019anciennet\u00e9\u00a0: l\u2019ASP est du\u00a0m\u00eame montant que l\u2019ARE\u00a0et sera vers\u00e9e aussi longtemps que l\u2019aurait \u00e9t\u00e9 l\u2019ARE.<\/p>\n<p><iframe loading=\"lazy\" title=\"Tout savoir sur le ch\u00f4mage en France !\" width=\"500\" height=\"281\" src=\"https:\/\/www.youtube.com\/embed\/jgv9qS4jh7k?feature=oembed\" frameborder=\"0\" allow=\"accelerometer; autoplay; clipboard-write; encrypted-media; gyroscope; picture-in-picture; web-share\" referrerpolicy=\"strict-origin-when-cross-origin\" allowfullscreen><\/iframe><\/p>\n<p style=\"text-align: justify;\"><div class='cta-block'><div class='text'>Simulez votre ch\u00f4mage en 2 min.<\/div><a href='https:\/\/www.mes-allocs.fr\/simulation-chomage?origin=guides\/wp-json\/wp\/v2\/posts\/45163' class='app-button fit'>Simulation gratuite<\/a><\/div><\/p>\n<h1 class=\"amp-wp-7d27179\" style=\"text-align: justify;\" data-amp-original-style=\"text-align: justify;\"><span id=\"L_indemnite_de_chomage\">L\u2019 indemnit\u00e9 de ch\u00f4mage<\/span><\/h1>\n<p class=\"amp-wp-7d27179\" style=\"text-align: justify;\" data-amp-original-style=\"text-align: justify;\">L\u2019allocation <a href=\"https:\/\/www.mes-allocs.fr\/guides\/chomage\">ch\u00f4mage<\/a>, plus r\u00e9guli\u00e8rement appel\u00e9 \u00ab allocation d\u2019aide au retour \u00e0 l\u2019emploi \u00bb (ARE) est calcul\u00e9e \u00e0 partir de vos anciens salaires, y compris les primes. Le montant de cette allocation varie selon le montant de vos r\u00e9mun\u00e9rations, de vos modes d\u2019activit\u00e9 (\u00e0 temps plein, \u00e0 temps partiel) ainsi que du versement de certaines pensions.<\/p>\n<h2 class=\"amp-wp-7d27179\" style=\"text-align: justify;\" data-amp-original-style=\"text-align: justify;\"><span id=\"Quest-ce_qui_est_pris_en_compte_dans_le_calcul\">Qu\u2019est-ce qui est pris en compte dans le calcul ?<\/span><\/h2>\n<section class=\"block-article-link color-candidat\">Pour le <a href=\"https:\/\/www.mes-allocs.fr\/guides\/chomage\/calculer-chomage\/\">calcul<\/a> de votre allocation ch\u00f4mage, les sommes prises en compte sont les r\u00e9mun\u00e9rations brutes :<img loading=\"lazy\" decoding=\"async\" class=\" wp-image-45171 alignright\" title=\"graphique\" src=\"https:\/\/www.mes-allocs.fr\/guides\/wp-content\/uploads\/2022\/02\/graphique-3.jpg\" alt=\"calcul indemnit\u00e9 chomage apres csp\" width=\"334\" height=\"223\" srcset=\"https:\/\/www.mes-allocs.fr\/guides\/wp-content\/uploads\/2022\/02\/graphique-3.jpg 1125w, https:\/\/www.mes-allocs.fr\/guides\/wp-content\/uploads\/2022\/02\/graphique-3-300x200.jpg 300w, https:\/\/www.mes-allocs.fr\/guides\/wp-content\/uploads\/2022\/02\/graphique-3-1024x683.jpg 1024w, https:\/\/www.mes-allocs.fr\/guides\/wp-content\/uploads\/2022\/02\/graphique-3-768x512.jpg 768w, https:\/\/www.mes-allocs.fr\/guides\/wp-content\/uploads\/2022\/02\/graphique-3-600x400.jpg 600w\" sizes=\"auto, (max-width: 334px) 100vw, 334px\" \/><\/p>\n<ul>\n<li>qui sont la contrepartie de l\u2019ex\u00e9cution \u00ab normale \u00bb de votre contrat de travail ;<\/li>\n<li>qui sont soumises aux contributions\u00a0patronales d\u2019assurance ch\u00f4mage ch\u00f4mage ;<\/li>\n<li>qui ont \u00e9t\u00e9 per\u00e7ues au cours de la p\u00e9riode de r\u00e9f\u00e9rence de calcul ;<\/li>\n<li>qui n\u2019ont pas d\u00e9j\u00e0 servi pour un pr\u00e9c\u00e9dent calcul de droit.<\/li>\n<\/ul>\n<p>Ne sont pas utilis\u00e9es dans le calcul :<\/p>\n<ul>\n<li>les indemnit\u00e9s de licenciement, de fin de contrat ;<\/li>\n<li>les indemnit\u00e9s de cong\u00e9s pay\u00e9s.<\/li>\n<\/ul>\n<p>Les r\u00e9mun\u00e9rations li\u00e9es \u00e0 des heures de travail effectu\u00e9es au-del\u00e0 de 260 heures par mois ne sont pas comptabilis\u00e9es.<\/p>\n<\/section>\n<p class=\"amp-wp-7d27179\" style=\"text-align: justify;\" data-amp-original-style=\"text-align: justify;\">P\u00f4le emploi prend en compte les 12 mois de salaires et primes qui pr\u00e9c\u00e8dent votre dernier jour travaill\u00e9 et pay\u00e9 pour calculer le montant de l\u2019allocation que vous toucherez par jour.<\/p>\n<p class=\"amp-wp-7d27179\" style=\"text-align: justify;\" data-amp-original-style=\"text-align: justify;\">Si le dernier jour travaill\u00e9 et pay\u00e9 correspond au terme d\u2019un mois civil, la p\u00e9riode r\u00e9f\u00e9rence de calcul est constitu\u00e9e de 12 mois civils incluant ce mois.<\/p>\n<p class=\"amp-wp-7d27179\" style=\"text-align: justify;\" data-amp-original-style=\"text-align: justify;\">Si vous n\u2019exerciez plus qu\u2019une activit\u00e9 r\u00e9duite \u2013 ou si vous ne receviez qu\u2019un salaire r\u00e9duit \u00e0 la fin de votre contrat de travail \u2013 la fin de la p\u00e9riode de r\u00e9f\u00e9rence calcul peut \u00eatre d\u00e9cal\u00e9e. Cela peut \u00eatre d\u00e9cid\u00e9 d\u2019office, ou vous pouvez en faire la demande \u00e0 votre conseiller dans l\u2019objectif de prendre en compte des r\u00e9mun\u00e9rations normales.<\/p>\n<h2 class=\"amp-wp-7d27179\" style=\"text-align: justify;\" data-amp-original-style=\"text-align: justify;\"><span id=\"Le_montant_de_lallocation\">Le montant de l\u2019allocation<\/span><\/h2>\n<p class=\"amp-wp-7d27179\" style=\"text-align: justify;\" data-amp-original-style=\"text-align: justify;\">Le montant journalier de votre allocation ch\u00f4mage est \u00e9gal au montant le plus \u00e9lev\u00e9 entre :<\/p>\n<ul class=\"amp-wp-7d27179\" style=\"text-align: justify;\" data-amp-original-style=\"text-align: justify;\">\n<li>40,4 % de votre salaire journalier de r\u00e9f\u00e9rence (SJR) +\u00a0 une partie fixe de 13,18 \u20ac ;<\/li>\n<li>57 % de votre SJR.<\/li>\n<\/ul>\n<p class=\"amp-wp-7d27179\" style=\"text-align: justify;\" data-amp-original-style=\"text-align: justify;\">Ce montant est encadr\u00e9 par un plancher et un plafond :<\/p>\n<ul class=\"amp-wp-7d27179\" style=\"text-align: justify;\" data-amp-original-style=\"text-align: justify;\">\n<li>Il ne peut \u00eatre inf\u00e9rieur \u00e0 l\u2019allocation journali\u00e8re minimale de 32,13 \u20ac ;<\/li>\n<li>Il ne peut exc\u00e9der 75 % de votre SJR.<\/li>\n<\/ul>\n<h2 class=\"amp-wp-7d27179\" style=\"text-align: justify;\" data-amp-original-style=\"text-align: justify;\"><span id=\"Qui_peut_en_beneficier\">Qui peut en b\u00e9n\u00e9ficier ?<\/span><\/h2>\n<p class=\"amp-wp-7d27179 amp-wp-7d27179\" style=\"text-align: justify;\" data-amp-original-style=\"text-align: justify;\"><span class=\"amp-wp-fe3f5cc\" data-amp-original-style=\"font-weight: 400;\">Pour percevoir l\u2019Allocation ch\u00f4mage d\u2019aide au retour \u00e0 l\u2019emploi (ARE), et ainsi avoir droit au ch\u00f4mage, vous devez \u00eatre priv\u00e9 involontairement d\u2019un emploi. La raison de la cessation de votre contrat doit \u00eatre une des suivantes :<\/span><\/p>\n<ul class=\"amp-wp-7d27179\" style=\"text-align: justify;\" data-amp-original-style=\"text-align: justify;\">\n<li class=\"amp-wp-7d27179\" data-amp-original-style=\"text-align: justify;\"><span class=\"amp-wp-fe3f5cc\" data-amp-original-style=\"font-weight: 400;\">Licenciement pour motif personnel ou \u00e9conomique, ou d\u2019une r\u00e9vocation (sanction disciplinaire dans la fonction publique)<\/span><\/li>\n<li class=\"amp-wp-7d27179\" data-amp-original-style=\"text-align: justify;\"><span class=\"amp-wp-fe3f5cc\" data-amp-original-style=\"font-weight: 400;\">Rupture conventionnelle (rupture dans le cadre d\u2019un CDI, qui peut \u00eatre initi\u00e9e par l\u2019employ\u00e9 comme par l\u2019employeur)<\/span><\/li>\n<li class=\"amp-wp-7d27179\" data-amp-original-style=\"text-align: justify;\"><span class=\"amp-wp-fe3f5cc\" data-amp-original-style=\"font-weight: 400;\">Non-renouvellement de votre CDD (Contrat \u00e0 Dur\u00e9e D\u00e9termin\u00e9e)<\/span><\/li>\n<li class=\"amp-wp-7d27179\" data-amp-original-style=\"text-align: justify;\"><span class=\"amp-wp-fe3f5cc\" data-amp-original-style=\"font-weight: 400;\">D\u00e9mission l\u00e9gitime (par exemple pour suivre la personne avec qui vous vivez et qui a \u00e9t\u00e9 mut\u00e9e).<\/span><\/li>\n<\/ul>\n<p class=\"amp-wp-7d27179 amp-wp-7d27179\" style=\"text-align: justify;\" data-amp-original-style=\"text-align: justify;\"><span class=\"amp-wp-fe3f5cc\" data-amp-original-style=\"font-weight: 400;\">Vous devez \u00eatre \u00e2g\u00e9 de moins de 64 ans (\u00e2ge minimum l\u00e9gal de d\u00e9part \u00e0 la retraite). Et vous ne devez pas avoir cumul\u00e9 suffisamment de trimestres travaill\u00e9s pour pouvoir b\u00e9n\u00e9ficier d\u2019une retraite \u00e0 taux plein. Vous \u00eates \u00e2g\u00e9 de plus de 64 ans, mais que vous n\u2019avez pas atteint votre nombre de trimestres requis pour une retraite \u00e0 taux plein ? L\u2019ARE pourra vous \u00eatre accord\u00e9e jusqu\u2019\u00e0 l\u2019obtention d\u2019une retraite \u00e0 taux plein.\u00a0<\/span><\/p>\n<p class=\"amp-wp-7d27179 amp-wp-7d27179\" style=\"text-align: justify;\" data-amp-original-style=\"text-align: justify;\"><span class=\"amp-wp-fe3f5cc\" data-amp-original-style=\"font-weight: 400;\">Vous devez \u00e9galement r\u00e9sider sur le territoire fran\u00e7ais et \u00eatre physiquement apte \u00e0 exercer un emploi.<\/span><\/p>\n<p style=\"text-align: justify;\" data-amp-original-style=\"text-align: justify;\"><div class='cta-block'><div class='text'>Simulez votre ch\u00f4mage en 2 min.<\/div><a href='https:\/\/www.mes-allocs.fr\/simulation-chomage?origin=guides\/wp-json\/wp\/v2\/posts\/45163' class='app-button fit'>Simulation gratuite<\/a><\/div><\/p>\n<h2 style=\"text-align: justify;\" data-amp-original-style=\"text-align: justify;\">Indemnit\u00e9 de ch\u00f4mage et CSP<\/h2>\n<p style=\"text-align: justify;\">Si, \u00e0 la fin du CSP, le b\u00e9n\u00e9ficiaire est toujours \u00e0 la recherche d&rsquo;un emploi, il peut percevoir l&rsquo;allocation ch\u00f4mage d&rsquo;aide au retour \u00e0 l&#8217;emploi (ARE). Il per\u00e7oit l&rsquo;ARE sans <span class=\"tool-tip\" tabindex=\"0\" title=\"\" data-definition=\"R51862\" data-original-title=\"D\u00e9lai qui fixe la date effective de versement des indemnit\u00e9s vers\u00e9es par P\u00f4le emploi au demandeur d'emploi. Il est calcul\u00e9 en fonction des indemnit\u00e9s de licenciement per\u00e7ues.\">diff\u00e9r\u00e9 d&rsquo;indemnisation<span class=\"sr-only no-print\">: D\u00e9lai qui fixe la date effective de versement des indemnit\u00e9s vers\u00e9es par P\u00f4le emploi au demandeur d&#8217;emploi. <\/span><\/span><\/p>\n<p style=\"text-align: justify;\"><span class=\"tool-tip\" tabindex=\"0\" title=\"\" data-definition=\"R51862\" data-original-title=\"D\u00e9lai qui fixe la date effective de versement des indemnit\u00e9s vers\u00e9es par P\u00f4le emploi au demandeur d'emploi. Il est calcul\u00e9 en fonction des indemnit\u00e9s de licenciement per\u00e7ues.\"><span class=\"sr-only no-print\">Il est calcul\u00e9 en fonction des indemnit\u00e9s de licenciement per\u00e7ues.<\/span><\/span>, ni <span class=\"tool-tip\" tabindex=\"0\" title=\"\" data-definition=\"R51860\" data-original-title=\"P\u00e9riode \u00e9coul\u00e9e entre l'inscription du demandeur d'emploi \u00e0 P\u00f4le emploi et le versement de son indemnisation. Elle est fix\u00e9e \u00e0 7 jours.\">d\u00e9lai d&rsquo;attente<span class=\"sr-only no-print\">: P\u00e9riode \u00e9coul\u00e9e entre l&rsquo;inscription du demandeur d&#8217;emploi \u00e0 <a href=\"http:\/\/pole-emploi.fr\">P\u00f4le emploi<\/a> et le versement de son indemnisation. Elle est fix\u00e9e \u00e0 7 jours.<\/span><\/span>.<\/p>\n<p style=\"text-align: justify;\">La dur\u00e9e d&rsquo;indemnisation est r\u00e9duite du nombre de jours durant lesquels le b\u00e9n\u00e9ficiaire du CSP a per\u00e7u l&rsquo;allocation de s\u00e9curisation professionnelle (ASP).<\/p>\n<\/div>\n<\/div>\n<\/div>\n","protected":false},"excerpt":{"rendered":"<p>Lorsque vous \u00eates au ch\u00f4mage, il existe de nombreux dispositifs pour subvenir \u00e0 la perte de salaire. En effet, l&rsquo;ARE est l&rsquo;aide la plus connue. Mais , le contrat de s\u00e9curisation professionnelle existe aussi. Dans cet article, nous allons voir si vous pouvez b\u00e9n\u00e9ficier de l&rsquo;ARE apr\u00e8s le CSP. Qu&rsquo;est-ce que le Contrat de S\u00e9curisation [&hellip;]<\/p>\n","protected":false},"author":6,"featured_media":105705,"comment_status":"open","ping_status":"open","sticky":false,"template":"","format":"standard","meta":{"amp_status":"","footnotes":""},"categories":[2990,2989],"tags":[],"class_list":["post-45163","post","type-post","status-publish","format-standard","has-post-thumbnail","hentry","category-calculer-chomage","category-chomage"],"yoast_head":"<!-- This site is optimized with the Yoast SEO plugin v14.9 - https:\/\/yoast.com\/wordpress\/plugins\/seo\/ -->\n<title>Le calcul indemnit\u00e9 ch\u00f4mage apr\u00e8s CSP | Mes-Allocs.fr<\/title>\n<meta name=\"description\" content=\"Si vous avez b\u00e9n\u00e9fici\u00e9 du contrat de s\u00e9curistion professionnelle, vous pouvez ensuite b\u00e9n\u00e9ficier de l&#039;ARE. Mes Allocs vous explique tout.\" \/>\n<meta name=\"robots\" content=\"index, follow, max-snippet:-1, max-image-preview:large, max-video-preview:-1\" \/>\n<link rel=\"canonical\" href=\"https:\/\/www.mes-allocs.fr\/guides\/chomage\/calculer-chomage\/calcul-indemnite-chomage-apres-csp\/\" \/>\n<meta property=\"og:locale\" content=\"fr_FR\" \/>\n<meta property=\"og:type\" content=\"article\" \/>\n<meta property=\"og:title\" content=\"Le calcul indemnit\u00e9 ch\u00f4mage apr\u00e8s CSP | Mes-Allocs.fr\" \/>\n<meta property=\"og:description\" content=\"Si vous avez b\u00e9n\u00e9fici\u00e9 du contrat de s\u00e9curistion professionnelle, vous pouvez ensuite b\u00e9n\u00e9ficier de l&#039;ARE. Mes Allocs vous explique tout.\" \/>\n<meta property=\"og:url\" content=\"https:\/\/www.mes-allocs.fr\/guides\/chomage\/calculer-chomage\/calcul-indemnite-chomage-apres-csp\/\" \/>\n<meta property=\"og:site_name\" content=\"Mes-Allocs.fr\" \/>\n<meta property=\"article:published_time\" content=\"2022-03-08T16:27:11+00:00\" \/>\n<meta property=\"article:modified_time\" content=\"2025-11-12T17:01:06+00:00\" \/>\n<meta property=\"og:image\" content=\"https:\/\/www.mes-allocs.fr\/guides\/wp-content\/uploads\/2022\/03\/calcul-indemnite-chomage-apres-csp.jpg?wsr\" \/>\n\t<meta property=\"og:image:width\" content=\"1280\" \/>\n\t<meta property=\"og:image:height\" content=\"853\" \/>\n<meta name=\"twitter:card\" content=\"summary_large_image\" \/>\n<script type=\"application\/ld+json\" class=\"yoast-schema-graph\">{\"@context\":\"https:\/\/schema.org\",\"@graph\":[{\"@type\":\"WebSite\",\"@id\":\"https:\/\/www.mes-allocs.fr\/guides\/#website\",\"url\":\"https:\/\/www.mes-allocs.fr\/guides\/\",\"name\":\"Mes-Allocs.fr\",\"description\":\"\",\"potentialAction\":[{\"@type\":\"SearchAction\",\"target\":\"https:\/\/www.mes-allocs.fr\/guides\/?s={search_term_string}\",\"query-input\":\"required name=search_term_string\"}],\"inLanguage\":\"fr-FR\"},{\"@type\":\"ImageObject\",\"@id\":\"https:\/\/www.mes-allocs.fr\/guides\/chomage\/calculer-chomage\/calcul-indemnite-chomage-apres-csp\/#primaryimage\",\"inLanguage\":\"fr-FR\",\"url\":\"https:\/\/www.mes-allocs.fr\/guides\/wp-content\/uploads\/2022\/03\/calcul-indemnite-chomage-apres-csp.jpg?wsr\",\"width\":1280,\"height\":853,\"caption\":\"calcul indemnite chomage apres csp\"},{\"@type\":\"WebPage\",\"@id\":\"https:\/\/www.mes-allocs.fr\/guides\/chomage\/calculer-chomage\/calcul-indemnite-chomage-apres-csp\/#webpage\",\"url\":\"https:\/\/www.mes-allocs.fr\/guides\/chomage\/calculer-chomage\/calcul-indemnite-chomage-apres-csp\/\",\"name\":\"Le calcul indemnit\\u00e9 ch\\u00f4mage apr\\u00e8s CSP | Mes-Allocs.fr\",\"isPartOf\":{\"@id\":\"https:\/\/www.mes-allocs.fr\/guides\/#website\"},\"primaryImageOfPage\":{\"@id\":\"https:\/\/www.mes-allocs.fr\/guides\/chomage\/calculer-chomage\/calcul-indemnite-chomage-apres-csp\/#primaryimage\"},\"datePublished\":\"2022-03-08T16:27:11+00:00\",\"dateModified\":\"2025-11-12T17:01:06+00:00\",\"author\":{\"@id\":\"https:\/\/www.mes-allocs.fr\/guides\/#\/schema\/person\/0ecd61a8600573914d00d970a588c024\"},\"description\":\"Si vous avez b\\u00e9n\\u00e9fici\\u00e9 du contrat de s\\u00e9curistion professionnelle, vous pouvez ensuite b\\u00e9n\\u00e9ficier de l'ARE. Mes Allocs vous explique tout.\",\"inLanguage\":\"fr-FR\"},{\"@type\":\"Person\",\"@id\":\"https:\/\/www.mes-allocs.fr\/guides\/#\/schema\/person\/0ecd61a8600573914d00d970a588c024\",\"name\":\"Jonathan\",\"image\":{\"@type\":\"ImageObject\",\"@id\":\"https:\/\/www.mes-allocs.fr\/guides\/#personlogo\",\"inLanguage\":\"fr-FR\",\"url\":\"https:\/\/www.mes-allocs.fr\/guides\/wp-content\/uploads\/2021\/06\/jonathan-150x150.png\",\"caption\":\"Jonathan\"},\"description\":\"Jonathan est r\\u00e9dacteur au sein de l'\\u00e9quipe Mes Allocs, sp\\u00e9cialis\\u00e9 sur les sujets li\\u00e9s au handicap. Dipl\\u00f4m\\u00e9e de l'UPEM, il rejoint Mes Allocs apr\\u00e8s avoir travaill\\u00e9 \\u00e0 l'association AEDE qui accompagne les adultes en situation de handicap. Quand il n'\\u00e9crit pas, on peut le retrouver sur un terrain de basket.\",\"sameAs\":[\"https:\/\/www.linkedin.com\/in\/jonathan-bambela-8637861b7\"]}]}<\/script>\n<!-- \/ Yoast SEO plugin. -->","amp_validity":null,"acf":{"faq":{"1":{"question":"A quoi nous donne droit ce contrat ?","answer":"Vous pouvez b\u00e9n\u00e9ficier de l'aide de P\u00f4le emploi ou d'un op\u00e9rateur agr\u00e9\u00e9. L\u2019accompagnent dure pendant 12 mois. R\u00e9gulier, renforc\u00e9 et personnalis\u00e9, ce suivi comprend des entretiens, un Plan de s\u00e9curisation professionnelle (PSP), des formations, et la reprise ponctuelle d\u2019une activit\u00e9 professionnelle, si elle contribue au PSP. Si le CSP est prolong\u00e9, cet accompagnement se poursuit."},"2":{"question":"Quelle est la dur\u00e9e du ch\u00f4mage ?","answer":"Pour une personne de \u2013 de 50 ans : La dur\u00e9e maximum d'indemnisation est de 730 jours, soit 24 mois. Peu importe, si vous avez travaill\u00e9 plus de 2 ans."},"3":{"question":"Peut-on refuser le CSP ?","answer":"Oui, vous \u00eates libre de refuser ce contrat. Si tel est le cas, la proc\u00e9dure de licenciement reprendra son cours."},"4":{"question":"Comment calculer les indemnit\u00e9s de ch\u00f4mage ?","answer":"Le montant de l'allocation d'aide au retour \u00e0 l'emploi (ARE) est calcul\u00e9 \u00e0 partir de votre salaire journalier de r\u00e9f\u00e9rence (SJR). Ce salaire de r\u00e9f\u00e9rence prend en compte tous vos salaires bruts per\u00e7us au cours des 12 derniers mois, primes comprises, mais hors indemnit\u00e9s li\u00e9es \u00e0 la rupture de votre contrat."},"5":{"question":"Qui peut accorder le CSP ?","answer":"Au del\u00e0 de l'employeur, P\u00f4le Emploi peut aussi vous proposer ce contrat. L'organisme le fera uniquement si votre employeur ne vous l'a pas propos\u00e9 lors de la proc\u00e9dure de licenciement."},"6":{"question":"Qu'est ce que le Ch\u00f4mage en France ?","answer":"Le ch\u00f4mage peut \u00eatre d\u00e9fini comme l'\u00e9tat d'une personne souhaitant travailler et qui est \u00e0 la recherche d'un emploi. Cette d\u00e9finition du ch\u00f4mage conna\u00eet de nombreuses variantes et son concept donne toujours lieu \u00e0 des controverses th\u00e9oriques et statistiques."},"7":{"question":"","answer":""},"8":{"question":"","answer":""},"9":{"question":"","answer":""},"10":{"question":"","answer":""},"11":{"question":"","answer":""},"12":{"question":"","answer":""},"13":{"question":"","answer":""},"14":{"question":"","answer":""},"15":{"question":"","answer":""},"16":{"question":"","answer":""}}},"_links":{"self":[{"href":"https:\/\/www.mes-allocs.fr\/guides\/wp-json\/wp\/v2\/posts\/45163","targetHints":{"allow":["GET"]}}],"collection":[{"href":"https:\/\/www.mes-allocs.fr\/guides\/wp-json\/wp\/v2\/posts"}],"about":[{"href":"https:\/\/www.mes-allocs.fr\/guides\/wp-json\/wp\/v2\/types\/post"}],"author":[{"embeddable":true,"href":"https:\/\/www.mes-allocs.fr\/guides\/wp-json\/wp\/v2\/users\/6"}],"replies":[{"embeddable":true,"href":"https:\/\/www.mes-allocs.fr\/guides\/wp-json\/wp\/v2\/comments?post=45163"}],"version-history":[{"count":15,"href":"https:\/\/www.mes-allocs.fr\/guides\/wp-json\/wp\/v2\/posts\/45163\/revisions"}],"predecessor-version":[{"id":104403,"href":"https:\/\/www.mes-allocs.fr\/guides\/wp-json\/wp\/v2\/posts\/45163\/revisions\/104403"}],"wp:featuredmedia":[{"embeddable":true,"href":"https:\/\/www.mes-allocs.fr\/guides\/wp-json\/wp\/v2\/media\/105705"}],"wp:attachment":[{"href":"https:\/\/www.mes-allocs.fr\/guides\/wp-json\/wp\/v2\/media?parent=45163"}],"wp:term":[{"taxonomy":"category","embeddable":true,"href":"https:\/\/www.mes-allocs.fr\/guides\/wp-json\/wp\/v2\/categories?post=45163"},{"taxonomy":"post_tag","embeddable":true,"href":"https:\/\/www.mes-allocs.fr\/guides\/wp-json\/wp\/v2\/tags?post=45163"}],"curies":[{"name":"wp","href":"https:\/\/api.w.org\/{rel}","templated":true}]}}