{"id":45154,"date":"2022-03-01T12:26:17","date_gmt":"2022-03-01T10:26:17","guid":{"rendered":"https:\/\/www.mes-allocs.fr\/guides\/?p=45154"},"modified":"2025-10-20T15:22:27","modified_gmt":"2025-10-20T13:22:27","slug":"allocation-de-solidarite-specifique-apres-demission","status":"publish","type":"post","link":"https:\/\/www.mes-allocs.fr\/guides\/chomage\/allocation-de-solidarite-specifique\/allocation-de-solidarite-specifique-apres-demission\/","title":{"rendered":"L&rsquo;allocation de solidarit\u00e9 sp\u00e9cifique apr\u00e8s d\u00e9mission"},"content":{"rendered":"<p><img loading=\"lazy\" decoding=\"async\" class=\"aligncenter wp-image-45155 size-full\" title=\"decourage\" src=\"https:\/\/www.mes-allocs.fr\/guides\/wp-content\/uploads\/2022\/02\/decourage--e1644917363966.jpeg\" alt=\"allocation de solidarit\u00e9 sp\u00e9cifique apres demission\" width=\"1125\" height=\"379\" \/><\/p>\n<p style=\"text-align: justify;\">L&rsquo;<a href=\"https:\/\/www.mes-allocs.fr\/guides\/chomage\/allocation-de-solidarite-specifique\">allocation de solidarit\u00e9 sp\u00e9cifique<\/a> est une subvention que vous pouvez recevoir lorsque vous \u00eates au <a href=\"https:\/\/www.mes-allocs.fr\/guides\/chomage\">ch\u00f4mage<\/a>. Le b\u00e9n\u00e9fice de cette allocation est accord\u00e9 selon certaines conditions. Dans cet article, nous allons voir l&rsquo;ASS apr\u00e8s une d\u00e9mission.<\/p>\n<div class='cta-block'><div class='text'>Simulez vos aides en 2 min.<\/div><a href='https:\/\/www.mes-allocs.fr\/ab-app?origin=guides\/wp-json\/wp\/v2\/posts\/45154' class='app-button fit'>Simulation gratuite<\/a><\/div>\n<h1 class=\"amp-wp-7d27179\" style=\"text-align: justify;\" data-amp-original-style=\"text-align: justify;\"><span id=\"Retour_sur_lindemnite_de_chomage\">Le dispositif principal : l\u2019indemnit\u00e9 de ch\u00f4mage<\/span><\/h1>\n<p class=\"amp-wp-7d27179\" style=\"text-align: justify;\" data-amp-original-style=\"text-align: justify;\">L\u2019allocation ch\u00f4mage, plus r\u00e9guli\u00e8rement appel\u00e9 \u00ab allocation d\u2019aide au retour \u00e0 l\u2019emploi \u00bb (ARE) est calcul\u00e9e \u00e0 partir de vos anciens salaires, y compris les primes. Le montant de cette allocation varie selon le montant de vos r\u00e9mun\u00e9rations, de vos modes d\u2019activit\u00e9 (\u00e0 temps plein, \u00e0 temps partiel) ainsi que du versement de certaines pensions.<\/p>\n<h2 class=\"amp-wp-7d27179\" style=\"text-align: justify;\" data-amp-original-style=\"text-align: justify;\"><span id=\"Quest-ce_qui_est_pris_en_compte_dans_le_calcul\">Qu\u2019est-ce qui est pris en compte dans le calcul ?<\/span><\/h2>\n<section class=\"block-article-link color-candidat\">Pour le calcul de votre allocation ch\u00f4mage, les sommes prises en compte sont les r\u00e9mun\u00e9rations brutes :<\/p>\n<ul>\n<li>qui sont la contrepartie de l\u2019ex\u00e9cution \u00ab normale \u00bb de votre contrat de travail ;<\/li>\n<li>qui sont soumises aux contributions\u00a0patronales d\u2019assurance ch\u00f4mage ch\u00f4mage ;<\/li>\n<li>qui ont \u00e9t\u00e9 per\u00e7ues au cours de la p\u00e9riode de r\u00e9f\u00e9rence de calcul ;<\/li>\n<li>qui n\u2019ont pas d\u00e9j\u00e0 servi pour un pr\u00e9c\u00e9dent calcul de droit.<\/li>\n<\/ul>\n<p>Ne sont pas utilis\u00e9es dans le calcul :<\/p>\n<ul>\n<li>les indemnit\u00e9s de licenciement, de fin de contrat ;<\/li>\n<li>les indemnit\u00e9s de cong\u00e9s pay\u00e9s.<\/li>\n<\/ul>\n<p>Les r\u00e9mun\u00e9rations li\u00e9es \u00e0 des heures de travail effectu\u00e9es au-del\u00e0 de 260 heures par mois ne sont pas comptabilis\u00e9es.<img loading=\"lazy\" decoding=\"async\" class=\" wp-image-45161 alignright\" title=\"calendrier\" src=\"https:\/\/www.mes-allocs.fr\/guides\/wp-content\/uploads\/2022\/02\/calendrier.jpg\" alt=\"allocation de solidarit\u00e9 sp\u00e9cifique apr\u00e8s d\u00e9mission\" width=\"327\" height=\"245\" srcset=\"https:\/\/www.mes-allocs.fr\/guides\/wp-content\/uploads\/2022\/02\/calendrier.jpg 1000w, https:\/\/www.mes-allocs.fr\/guides\/wp-content\/uploads\/2022\/02\/calendrier-300x225.jpg 300w, https:\/\/www.mes-allocs.fr\/guides\/wp-content\/uploads\/2022\/02\/calendrier-768x576.jpg 768w, https:\/\/www.mes-allocs.fr\/guides\/wp-content\/uploads\/2022\/02\/calendrier-600x450.jpg 600w\" sizes=\"auto, (max-width: 327px) 100vw, 327px\" \/><\/p>\n<\/section>\n<p class=\"amp-wp-7d27179\" style=\"text-align: justify;\" data-amp-original-style=\"text-align: justify;\">P\u00f4le emploi prend en compte les 12 mois de salaires et primes qui pr\u00e9c\u00e8dent votre dernier jour travaill\u00e9 et pay\u00e9 pour calculer le montant de l\u2019allocation que vous toucherez par jour.<\/p>\n<p class=\"amp-wp-7d27179\" style=\"text-align: justify;\" data-amp-original-style=\"text-align: justify;\">Si le dernier jour travaill\u00e9 et pay\u00e9 correspond au terme d\u2019un mois civil, la p\u00e9riode r\u00e9f\u00e9rence de calcul est constitu\u00e9e de 12 mois civils incluant ce mois.<\/p>\n<p class=\"amp-wp-7d27179\" style=\"text-align: justify;\" data-amp-original-style=\"text-align: justify;\">Si vous n\u2019exerciez plus qu\u2019une activit\u00e9 r\u00e9duite \u2013 ou si vous ne receviez qu\u2019un salaire r\u00e9duit \u00e0 la fin de votre contrat de travail \u2013 la fin de la p\u00e9riode de r\u00e9f\u00e9rence calcul peut \u00eatre d\u00e9cal\u00e9e. Cela peut \u00eatre d\u00e9cid\u00e9 d\u2019office, ou vous pouvez en faire la demande \u00e0 votre conseiller dans l\u2019objectif de prendre en compte des r\u00e9mun\u00e9rations normales.<\/p>\n<p style=\"text-align: justify;\" data-amp-original-style=\"text-align: justify;\"><div class='cta-block'><div class='text'>Simulez toutes vos aides en 2 min.<\/div><a href='https:\/\/www.mes-allocs.fr\/ab-app?origin=guides\/wp-json\/wp\/v2\/posts\/45154' class='app-button fit'>Simulation gratuite<\/a><\/div><\/p>\n<h2 class=\"amp-wp-7d27179\" style=\"text-align: justify;\" data-amp-original-style=\"text-align: justify;\"><span id=\"Le_montant_de_lallocation\">Le montant de l\u2019allocation<\/span><\/h2>\n<p class=\"amp-wp-7d27179\" style=\"text-align: justify;\" data-amp-original-style=\"text-align: justify;\">Le montant journalier de votre allocation ch\u00f4mage est \u00e9gal au montant le plus \u00e9lev\u00e9 entre :<\/p>\n<ul class=\"amp-wp-7d27179\" style=\"text-align: justify;\" data-amp-original-style=\"text-align: justify;\">\n<li>40,4 % de votre salaire journalier de r\u00e9f\u00e9rence (SJR) +\u00a0 une partie fixe de 13.18 \u20ac ;<\/li>\n<li>57 % de votre SJR.<\/li>\n<\/ul>\n<p class=\"amp-wp-7d27179\" style=\"text-align: justify;\" data-amp-original-style=\"text-align: justify;\">Ce montant est encadr\u00e9 par un plancher et un plafond :<\/p>\n<ul class=\"amp-wp-7d27179\" style=\"text-align: justify;\" data-amp-original-style=\"text-align: justify;\">\n<li>Il ne peut \u00eatre inf\u00e9rieur \u00e0 l\u2019allocation journali\u00e8re minimale de 32,13 \u20ac ;<\/li>\n<li>Il ne peut exc\u00e9der 75 % de votre SJR.<\/li>\n<\/ul>\n<h2 class=\"amp-wp-7d27179\" style=\"text-align: justify;\" data-amp-original-style=\"text-align: justify;\"><span id=\"Quelles_sont_les_conditions_pour_en_beneficier\">Quelles sont les conditions pour en b\u00e9n\u00e9ficier ?<\/span><\/h2>\n<h3 class=\"amp-wp-7d27179 amp-wp-7d27179\" style=\"text-align: justify;\" data-amp-original-style=\"text-align: justify;\"><span id=\"Conditions_a_remplir\"><b>Conditions \u00e0 remplir<\/b><\/span><\/h3>\n<p class=\"amp-wp-7d27179 amp-wp-7d27179\" style=\"text-align: justify;\" data-amp-original-style=\"text-align: justify;\"><span class=\"amp-wp-fe3f5cc\" data-amp-original-style=\"font-weight: 400;\">Pour percevoir l\u2019ARE, vous devez tout d\u2019abord \u00eatre inscrit comme demandeur d\u2019emploi au P\u00f4le Emploi, ou accomplir une formation dans votre projet personnalis\u00e9 d\u2019acc\u00e8s \u00e0 l\u2019emploi (PPAE). Vous devez cr\u00e9er un espace personnel sur P\u00f4le emploi.\u00a0<\/span><\/p>\n<p class=\"amp-wp-7d27179 amp-wp-7d27179\" style=\"text-align: justify;\" data-amp-original-style=\"text-align: justify;\"><span class=\"amp-wp-fe3f5cc\" data-amp-original-style=\"font-weight: 400;\">Vous devez \u00e9galement justifier d\u2019une p\u00e9riode minimale de travail de 88 jours ( cette\u00a0dur\u00e9e est \u00e9gale \u00e0 la dur\u00e9e d\u2019affiliation)\u00a0ou 610 heures, sur la p\u00e9riode des 28 derniers mois pr\u00e9c\u00e9dant la fin du contrat de travail. Si vous \u00eates \u00e2g\u00e9 de plus de 53 ans \u00e0 la fin de votre contrat de travail, l\u2019affiliation est recherch\u00e9e dans les 36 derniers mois pr\u00e9c\u00e9dant la fin du contrat de travail.\u00a0<\/span><\/p>\n<p class=\"amp-wp-7d27179 amp-wp-7d27179\" style=\"text-align: justify;\" data-amp-original-style=\"text-align: justify;\"><span class=\"amp-wp-fe3f5cc\" data-amp-original-style=\"font-weight: 400;\">Vos \u00e9ventuelles p\u00e9riodes de formation sont consid\u00e9r\u00e9es comme des heures de travail. Les p\u00e9riodes o\u00f9 votre contrat de travail \u00e9tait suspendu (maladie professionnelle, cong\u00e9 maternit\u00e9,\u2026) sont prises en compte comme des journ\u00e9es d\u2019affiliation au m\u00eame titre qu\u2019un jour travaill\u00e9. En revanche, les p\u00e9riodes de suspension de contrat de travail au cours desquelles vous avez exerc\u00e9 une activit\u00e9 professionnelle non salari\u00e9e ne sont pas prises en compte, \u00e0 l\u2019exception de :<\/span><\/p>\n<ul class=\"amp-wp-7d27179\" style=\"text-align: justify;\" data-amp-original-style=\"text-align: justify;\">\n<li class=\"amp-wp-7d27179\" data-amp-original-style=\"text-align: justify;\"><span class=\"amp-wp-fe3f5cc\" data-amp-original-style=\"font-weight: 400;\">Cong\u00e9 pour cr\u00e9ation d\u2019entreprise<\/span><\/li>\n<li class=\"amp-wp-7d27179\" data-amp-original-style=\"text-align: justify;\"><span class=\"amp-wp-fe3f5cc\" data-amp-original-style=\"font-weight: 400;\">Cong\u00e9 sabbatique\u00a0<\/span><\/li>\n<li class=\"amp-wp-7d27179\" data-amp-original-style=\"text-align: justify;\"><span class=\"amp-wp-fe3f5cc\" data-amp-original-style=\"font-weight: 400;\">Mobilit\u00e9 volontaire s\u00e9curis\u00e9e (travailler dans une autre entreprise avec la possibilit\u00e9 de revenir exercer dans l\u2019entreprise d\u2019origine)<\/span><\/li>\n<\/ul>\n<h3 class=\"amp-wp-7d27179\" style=\"text-align: justify;\" data-amp-original-style=\"text-align: justify;\"><span id=\"Qui_peut_en_beneficier\">Qui peut en b\u00e9n\u00e9ficier ?<\/span><\/h3>\n<p class=\"amp-wp-7d27179 amp-wp-7d27179\" style=\"text-align: justify;\" data-amp-original-style=\"text-align: justify;\"><span class=\"amp-wp-fe3f5cc\" data-amp-original-style=\"font-weight: 400;\">Pour percevoir l\u2019Allocation ch\u00f4mage d\u2019aide au retour \u00e0 l\u2019emploi (ARE), et ainsi avoir droit au ch\u00f4mage, vous devez \u00eatre priv\u00e9 involontairement d\u2019un emploi. La raison de la cessation de votre contrat doit \u00eatre une des suivantes :<\/span><\/p>\n<ul class=\"amp-wp-7d27179\" style=\"text-align: justify;\" data-amp-original-style=\"text-align: justify;\">\n<li class=\"amp-wp-7d27179\" data-amp-original-style=\"text-align: justify;\"><span class=\"amp-wp-fe3f5cc\" data-amp-original-style=\"font-weight: 400;\">Licenciement pour motif personnel ou \u00e9conomique, ou d\u2019une r\u00e9vocation (sanction disciplinaire dans la fonction publique)<\/span><\/li>\n<li class=\"amp-wp-7d27179\" data-amp-original-style=\"text-align: justify;\"><span class=\"amp-wp-fe3f5cc\" data-amp-original-style=\"font-weight: 400;\">Rupture conventionnelle (rupture dans le cadre d\u2019un CDI, qui peut \u00eatre initi\u00e9e par l\u2019employ\u00e9 comme par l\u2019employeur)<\/span><\/li>\n<li class=\"amp-wp-7d27179\" data-amp-original-style=\"text-align: justify;\"><span class=\"amp-wp-fe3f5cc\" data-amp-original-style=\"font-weight: 400;\">Non-renouvellement de votre CDD (Contrat \u00e0 Dur\u00e9e D\u00e9termin\u00e9e)<\/span><\/li>\n<li class=\"amp-wp-7d27179\" data-amp-original-style=\"text-align: justify;\"><span class=\"amp-wp-fe3f5cc\" data-amp-original-style=\"font-weight: 400;\">D\u00e9mission l\u00e9gitime (par exemple pour suivre la personne avec qui vous vivez et qui a \u00e9t\u00e9 mut\u00e9e).<\/span><\/li>\n<\/ul>\n<p class=\"amp-wp-7d27179 amp-wp-7d27179\" style=\"text-align: justify;\" data-amp-original-style=\"text-align: justify;\"><span class=\"amp-wp-fe3f5cc\" data-amp-original-style=\"font-weight: 400;\">Vous devez \u00eatre \u00e2g\u00e9 de moins de 62 ans (\u00e2ge minimum l\u00e9gal de d\u00e9part \u00e0 la retraite). Et vous ne devez pas avoir cumul\u00e9 suffisamment de trimestres travaill\u00e9s pour pouvoir b\u00e9n\u00e9ficier d\u2019une retraite \u00e0 taux plein. Vous \u00eates \u00e2g\u00e9 de plus de 62 ans, mais que vous n\u2019avez pas atteint votre nombre de trimestres requis pour une retraite \u00e0 taux plein ? L\u2019ARE pourra vous \u00eatre accord\u00e9e jusqu\u2019\u00e0 l\u2019obtention d\u2019une retraite \u00e0 taux plein.\u00a0<\/span><\/p>\n<p class=\"amp-wp-7d27179 amp-wp-7d27179\" style=\"text-align: justify;\" data-amp-original-style=\"text-align: justify;\"><span class=\"amp-wp-fe3f5cc\" data-amp-original-style=\"font-weight: 400;\">Vous devez \u00e9galement r\u00e9sider sur le territoire fran\u00e7ais et \u00eatre physiquement apte \u00e0 exercer un emploi.<\/span><\/p>\n<p style=\"text-align: justify;\" data-amp-original-style=\"text-align: justify;\"><div class='cta-block'><div class='text'>Simulez toutes vos aides en 2 min.<\/div><a href='https:\/\/www.mes-allocs.fr\/ab-app?origin=guides\/wp-json\/wp\/v2\/posts\/45154' class='app-button fit'>Simulation gratuite<\/a><\/div><\/p>\n<h1 style=\"text-align: justify;\" data-amp-original-style=\"text-align: justify;\">L&rsquo;allocation de solidarit\u00e9 sp\u00e9cifique<\/h1>\n<h2 style=\"text-align: justify;\">Conditions d&rsquo;attribution<\/h2>\n<div style=\"text-align: justify;\">\n<p>Pour b\u00e9n\u00e9ficier de <a href=\"https:\/\/www.mes-allocs.fr\/guides\/chomage\/allocation-de-solidarite-specifique\/\">l&rsquo;ASS<\/a>, il y a certaines conditions \u00e0 respecter. Vous devez remplir toutes les conditions suivantes\u00a0:<\/p>\n<ul>\n<li>\u00catre apte au travail<\/li>\n<li>Effectuer des actes positifs et r\u00e9p\u00e9t\u00e9s pour retrouver un emploi ou cr\u00e9er\/reprendre une entreprise<\/li>\n<li>Avoir \u00e9puis\u00e9 vos droits \u00e0 l&rsquo;allocation d&rsquo;aide au retour \u00e0 l&#8217;emploi (ARE) ou \u00e0 la r\u00e9mun\u00e9ration de fin de formation (RFF)<\/li>\n<\/ul>\n<\/div>\n<div style=\"text-align: justify;\">\n<p>Concernant vos activit\u00e9s ant\u00e9rieures, vous devez avoir travaill\u00e9 au moins 5 ans (\u00e0 temps plein ou \u00e0<img loading=\"lazy\" decoding=\"async\" class=\" wp-image-45160 alignright\" title=\"travail\" src=\"https:\/\/www.mes-allocs.fr\/guides\/wp-content\/uploads\/2022\/02\/travail-2.jpg\" alt=\"allocation de solidarit\u00e9 sp\u00e9cifique apr\u00e8s d\u00e9mission\" width=\"294\" height=\"440\" srcset=\"https:\/\/www.mes-allocs.fr\/guides\/wp-content\/uploads\/2022\/02\/travail-2.jpg 500w, https:\/\/www.mes-allocs.fr\/guides\/wp-content\/uploads\/2022\/02\/travail-2-200x300.jpg 200w, https:\/\/www.mes-allocs.fr\/guides\/wp-content\/uploads\/2022\/02\/travail-2-400x600.jpg 400w\" sizes=\"auto, (max-width: 294px) 100vw, 294px\" \/> temps partiel) au cours des 10 ans avant la fin de votre dernier contrat de travail. Si vous avez cess\u00e9 votre activit\u00e9 pour \u00e9lever un enfant, les 5 ans sont r\u00e9duits d&rsquo; 1 an par enfant dans la limite de 3 ans.\u00a0Les p\u00e9riodes d&rsquo;activit\u00e9 prises en compte sont les suivantes\u00a0:<\/p>\n<ul>\n<li>P\u00e9riodes accomplies, quel que soit le type de contrat de travail (<abbr tabindex=\"0\" title=\"\" data-sigle=\"R24389\" data-original-title=\"CDI\u00a0:\u00a0Contrat de travail \u00e0 dur\u00e9e ind\u00e9termin\u00e9e\">CDI<\/abbr>, <abbr tabindex=\"0\" title=\"\" data-sigle=\"R2454\" data-original-title=\"CDD\u00a0:\u00a0Contrat \u00e0 dur\u00e9e d\u00e9termin\u00e9e\">CDD<\/abbr>, contrat en int\u00e9rim, en alternance, etc.), en France ou en <span class=\"tool-tip\" tabindex=\"0\" title=\"\" data-definition=\"R46210\" data-original-title=\"Allemagne, Autriche, Belgique, Bulgarie, Chypre, Croatie, Danemark, Espagne, Estonie, Finlande, Gr\u00e8ce, Hongrie, Irlande, Islande, Italie, Lettonie, Liechtenstein, Lituanie, Luxembourg, Malte, Norv\u00e8ge, Pays-Bas, Pologne, Portugal, R\u00e9publique tch\u00e8que, Roumanie, Slovaquie, Slov\u00e9nie, Su\u00e8de et Suisse.\">Europe<\/span><\/li>\n<li>P\u00e9riodes assimil\u00e9es \u00e0 des p\u00e9riodes de travail effectif (service national, formation professionnelle)<\/li>\n<\/ul>\n<p>Sachez donc qu&rsquo;en cas de d\u00e9mission, vous pouvez b\u00e9n\u00e9ficier de l&rsquo;ASS. Nous vous invitons \u00e0 vous rapprocher de P\u00f4le Emploi pour avoir l&rsquo;ensemble des d\u00e9tails.<\/p>\n<p>Enfin pour l&rsquo;\u00e2ge, il n&rsquo;y a pas d&rsquo;\u00e2ge minimum.\u00a0Si vous avez suffisamment de trimestres pour percevoir une retraite \u00e0 taux plein, vous ne pouvez pas toucher l&rsquo;ASS apr\u00e8s l&rsquo;\u00e2ge l\u00e9gal de d\u00e9part \u00e0 la retraite.<\/p>\n<h2>La demande de l&rsquo;aide<\/h2>\n<p>Une demande d&rsquo;admission \u00e0 l&rsquo;ASS vous est adress\u00e9e par P\u00f4le emploi \u00e0 la fin de vos allocations ch\u00f4mage.<\/p>\n<p>Vous n&rsquo;avez aucune d\u00e9marche \u00e0 r\u00e9aliser pour b\u00e9n\u00e9ficier de l&rsquo;ASS. P\u00f4le emploi adresse directement les imprim\u00e9s n\u00e9cessaires \u00e0 la constitution du dossier d&rsquo;ASS aux ch\u00f4meurs en fin de droits qui peuvent en b\u00e9n\u00e9ficier.<\/p>\n<p>L&rsquo;ASS est attribu\u00e9e par p\u00e9riodes de 6 mois renouvelables. Une demande de renouvellement vous est adress\u00e9e par P\u00f4le emploi en fin de p\u00e9riode d&rsquo;indemnisation.<\/p>\n<p>L&rsquo;ASS vous est vers\u00e9e mensuellement par <a href=\"http:\/\/pole-emploi.fr\">P\u00f4le emploi<\/a> \u00e0 terme \u00e9chu (par exemple, d\u00e9but novembre pour l&rsquo;allocation du mois d&rsquo;octobre).<\/p>\n<p>Son montant journalier est de <b>19,33 <\/b><span class=\"prix\">\u20ac<\/span> (579,90 <span class=\"prix\">\u20ac<\/span> pour 1 mois de 30 jours).<\/p>\n<p><iframe loading=\"lazy\" title=\"L&#039;ASS\" width=\"500\" height=\"281\" src=\"https:\/\/www.youtube.com\/embed\/QAulvUZqyHk?feature=oembed\" frameborder=\"0\" allow=\"accelerometer; autoplay; clipboard-write; encrypted-media; gyroscope; picture-in-picture; web-share\" referrerpolicy=\"strict-origin-when-cross-origin\" allowfullscreen><\/iframe><\/p>\n<h2>Cumul de l&rsquo;aide<\/h2>\n<p>L&rsquo;ASS est int\u00e9gralement cumulable avec les r\u00e9mun\u00e9rations de votre activit\u00e9 professionnelle (salari\u00e9e ou non) pendant 3 mois (cons\u00e9cutifs ou non) dans la limite des droits restants.<\/p>\n<div class=\"bloc-edito bloc-aSavoir\">\n<p class=\"bloc-edito-title\">Depuis 2017, si vous pouvez percevoir l&rsquo;AAH, vous ne pouvez plus obtenir l&rsquo;ASS. Toutefois, si vous avez des droits ouverts \u00e0 ces 2 aides au 31 d\u00e9cembre 2016, vous continuez \u00e0 les percevoir tant que les conditions d&rsquo;\u00e9ligibilit\u00e9 sont remplies, pendant une dur\u00e9e maximum de 10 ans.<\/p>\n<h2>La fin des droits<\/h2>\n<p>Le paiement de l&rsquo;ASS cesse si vous vous trouvez dans l&rsquo;un des cas suivants\u00a0:<\/p>\n<ul>\n<li>Ressources sup\u00e9rieures aux plafonds<\/li>\n<li>Absence de recherche d&#8217;emploi<\/li>\n<li>Suivi d&rsquo;une formation r\u00e9mun\u00e9r\u00e9e<\/li>\n<li>Reprise d&rsquo;une activit\u00e9 non cumulable avec l&rsquo;ASS<\/li>\n<li>Perception d&rsquo;indemnit\u00e9s journali\u00e8res pour maladie, maternit\u00e9 ou accident du travail<\/li>\n<li>Suppression des allocations par d\u00e9cision du pr\u00e9fet ou suite \u00e0 une radiation<\/li>\n<li>Perception de l&rsquo;allocation de pr\u00e9sence parentale ou l&rsquo;allocation journali\u00e8re d&rsquo;accompagnement d&rsquo;une personne en fin de vie<\/li>\n<li>Possibilit\u00e9 de b\u00e9n\u00e9ficier d&rsquo;une retraite \u00e0 taux plein ou atteinte de l&rsquo;\u00e2ge limite d&rsquo;activit\u00e9<\/li>\n<\/ul>\n<p>Apr\u00e8s 3 mois (cons\u00e9cutifs ou non) de cumul avec les r\u00e9mun\u00e9rations de votre activit\u00e9 professionnelle, si votre activit\u00e9 professionnelle se poursuit, le versement de l&rsquo;ASS est interrompu. \u00c0 la fin du 6<sup>e<\/sup> mois suivant la reprise d&rsquo;activit\u00e9, vous pourrez percevoir la prime d&rsquo;activit\u00e9 en compl\u00e9ment de votre r\u00e9mun\u00e9ration, sous certaines conditions.<\/p>\n<p>Si votre activit\u00e9 professionnelle s&rsquo;interrompt et que s&rsquo;en suit une p\u00e9riode d&rsquo;inactivit\u00e9 d&rsquo;au moins 3 mois civils cons\u00e9cutifs (et non au moins 3 mois cons\u00e9cutifs de date \u00e0 date), une nouvelle p\u00e9riode de cumul est possible.<\/p>\n<div class='cta-block'><div class='text'>Simulez toutes vos aides en 2 min.<\/div><a href='https:\/\/www.mes-allocs.fr\/ab-app?origin=guides\/wp-json\/wp\/v2\/posts\/45154' class='app-button fit'>Simulation gratuite<\/a><\/div>\n<\/div>\n<\/div>\n","protected":false},"excerpt":{"rendered":"<p>L&rsquo;allocation de solidarit\u00e9 sp\u00e9cifique est une subvention que vous pouvez recevoir lorsque vous \u00eates au ch\u00f4mage. Le b\u00e9n\u00e9fice de cette allocation est accord\u00e9 selon certaines conditions. Dans cet article, nous allons voir l&rsquo;ASS apr\u00e8s une d\u00e9mission. Le dispositif principal : l\u2019indemnit\u00e9 de ch\u00f4mage L\u2019allocation ch\u00f4mage, plus r\u00e9guli\u00e8rement appel\u00e9 \u00ab allocation d\u2019aide au retour \u00e0 l\u2019emploi [&hellip;]<\/p>\n","protected":false},"author":6,"featured_media":45155,"comment_status":"open","ping_status":"open","sticky":false,"template":"","format":"standard","meta":{"amp_status":"","footnotes":""},"categories":[3736,2989],"tags":[],"class_list":["post-45154","post","type-post","status-publish","format-standard","has-post-thumbnail","hentry","category-allocation-de-solidarite-specifique","category-chomage"],"yoast_head":"<!-- This site is optimized with the Yoast SEO plugin v14.9 - https:\/\/yoast.com\/wordpress\/plugins\/seo\/ -->\n<title>L&#039;allocation de solidarit\u00e9 sp\u00e9cifique apr\u00e8s d\u00e9mission | Mes-Allocs.fr<\/title>\n<meta name=\"description\" content=\"L&#039;allocation de solidarit\u00e9 sp\u00e9cifique est une subvention que vous pouvez recevoir lorsque vous \u00eates au ch\u00f4mage.\" \/>\n<meta name=\"robots\" content=\"index, follow, max-snippet:-1, max-image-preview:large, max-video-preview:-1\" \/>\n<link rel=\"canonical\" href=\"https:\/\/www.mes-allocs.fr\/guides\/chomage\/allocation-de-solidarite-specifique\/allocation-de-solidarite-specifique-apres-demission\/\" \/>\n<meta property=\"og:locale\" content=\"fr_FR\" \/>\n<meta property=\"og:type\" content=\"article\" \/>\n<meta property=\"og:title\" content=\"L&#039;allocation de solidarit\u00e9 sp\u00e9cifique apr\u00e8s d\u00e9mission | Mes-Allocs.fr\" \/>\n<meta property=\"og:description\" content=\"L&#039;allocation de solidarit\u00e9 sp\u00e9cifique est une subvention que vous pouvez recevoir lorsque vous \u00eates au ch\u00f4mage.\" \/>\n<meta property=\"og:url\" content=\"https:\/\/www.mes-allocs.fr\/guides\/chomage\/allocation-de-solidarite-specifique\/allocation-de-solidarite-specifique-apres-demission\/\" \/>\n<meta property=\"og:site_name\" content=\"Mes-Allocs.fr\" \/>\n<meta property=\"article:published_time\" content=\"2022-03-01T10:26:17+00:00\" \/>\n<meta property=\"article:modified_time\" content=\"2025-10-20T13:22:27+00:00\" \/>\n<meta property=\"og:image\" content=\"https:\/\/www.mes-allocs.fr\/guides\/wp-content\/uploads\/2022\/02\/decourage-.jpeg?wsr\" \/>\n\t<meta property=\"og:image:width\" content=\"1125\" \/>\n\t<meta property=\"og:image:height\" content=\"750\" \/>\n<meta name=\"twitter:card\" content=\"summary_large_image\" \/>\n<script type=\"application\/ld+json\" class=\"yoast-schema-graph\">{\"@context\":\"https:\/\/schema.org\",\"@graph\":[{\"@type\":\"WebSite\",\"@id\":\"https:\/\/www.mes-allocs.fr\/guides\/#website\",\"url\":\"https:\/\/www.mes-allocs.fr\/guides\/\",\"name\":\"Mes-Allocs.fr\",\"description\":\"\",\"potentialAction\":[{\"@type\":\"SearchAction\",\"target\":\"https:\/\/www.mes-allocs.fr\/guides\/?s={search_term_string}\",\"query-input\":\"required name=search_term_string\"}],\"inLanguage\":\"fr-FR\"},{\"@type\":\"ImageObject\",\"@id\":\"https:\/\/www.mes-allocs.fr\/guides\/chomage\/allocation-de-solidarite-specifique\/allocation-de-solidarite-specifique-apres-demission\/#primaryimage\",\"inLanguage\":\"fr-FR\",\"url\":\"https:\/\/www.mes-allocs.fr\/guides\/wp-content\/uploads\/2022\/02\/decourage-.jpeg?wsr\",\"width\":1125,\"height\":750,\"caption\":\"allocation de solidarit\\u00e9 sp\\u00e9cifique apres demission\"},{\"@type\":\"WebPage\",\"@id\":\"https:\/\/www.mes-allocs.fr\/guides\/chomage\/allocation-de-solidarite-specifique\/allocation-de-solidarite-specifique-apres-demission\/#webpage\",\"url\":\"https:\/\/www.mes-allocs.fr\/guides\/chomage\/allocation-de-solidarite-specifique\/allocation-de-solidarite-specifique-apres-demission\/\",\"name\":\"L'allocation de solidarit\\u00e9 sp\\u00e9cifique apr\\u00e8s d\\u00e9mission | Mes-Allocs.fr\",\"isPartOf\":{\"@id\":\"https:\/\/www.mes-allocs.fr\/guides\/#website\"},\"primaryImageOfPage\":{\"@id\":\"https:\/\/www.mes-allocs.fr\/guides\/chomage\/allocation-de-solidarite-specifique\/allocation-de-solidarite-specifique-apres-demission\/#primaryimage\"},\"datePublished\":\"2022-03-01T10:26:17+00:00\",\"dateModified\":\"2025-10-20T13:22:27+00:00\",\"author\":{\"@id\":\"https:\/\/www.mes-allocs.fr\/guides\/#\/schema\/person\/0ecd61a8600573914d00d970a588c024\"},\"description\":\"L'allocation de solidarit\\u00e9 sp\\u00e9cifique est une subvention que vous pouvez recevoir lorsque vous \\u00eates au ch\\u00f4mage.\",\"inLanguage\":\"fr-FR\"},{\"@type\":\"Person\",\"@id\":\"https:\/\/www.mes-allocs.fr\/guides\/#\/schema\/person\/0ecd61a8600573914d00d970a588c024\",\"name\":\"Jonathan\",\"image\":{\"@type\":\"ImageObject\",\"@id\":\"https:\/\/www.mes-allocs.fr\/guides\/#personlogo\",\"inLanguage\":\"fr-FR\",\"url\":\"https:\/\/www.mes-allocs.fr\/guides\/wp-content\/uploads\/2021\/06\/jonathan-150x150.png\",\"caption\":\"Jonathan\"},\"description\":\"Jonathan est r\\u00e9dacteur au sein de l'\\u00e9quipe Mes Allocs, sp\\u00e9cialis\\u00e9 sur les sujets li\\u00e9s au handicap. Dipl\\u00f4m\\u00e9e de l'UPEM, il rejoint Mes Allocs apr\\u00e8s avoir travaill\\u00e9 \\u00e0 l'association AEDE qui accompagne les adultes en situation de handicap. Quand il n'\\u00e9crit pas, on peut le retrouver sur un terrain de basket.\",\"sameAs\":[\"https:\/\/www.linkedin.com\/in\/jonathan-bambela-8637861b7\"]}]}<\/script>\n<!-- \/ Yoast SEO plugin. -->","amp_validity":null,"acf":{"faq":{"1":{"question":"Comment faire pour toucher le ch\u00f4mage apr\u00e8s une d\u00e9mission ?","answer":"La d\u00e9mission l\u00e9gitime n'est pas l'unique cas qui ouvre droit au ch\u00f4mage apr\u00e8s une d\u00e9mission. Lorsque vous effectuez une reconversion professionnelle ou que vous cr\u00e9ez ou reprenez une entreprise, vous pouvez \u00e9galement b\u00e9n\u00e9ficier des allocations ch\u00f4mage."},"2":{"question":"Qu'est ce que l'Allocation de Solidarit\u00e9 Sp\u00e9cifique ASS ?","answer":"l'ASS (Allocation de Solidarit\u00e9 Sp\u00e9cifique) s'adresse aux personnes ayant \u00e9puis\u00e9 l'int\u00e9gralit\u00e9 de leurs allocations ch\u00f4mage ainsi qu'\u00e0 certaines professions (artistes non salari\u00e9s, marins p\u00eacheurs et dockers occasionnels)."},"3":{"question":"Qui a le droit au ch\u00f4mage ?","answer":"L'Assurance ch\u00f4mage prot\u00e8ge les travailleurs salari\u00e9s contre la perte d'un revenu en cas de ch\u00f4mage. Elle leur permet de b\u00e9n\u00e9ficier d'une allocation et de continuer \u00e0 cumuler des points pour la retraite m\u00eame s'ils ont perdu leur emploi."},"4":{"question":"Comment renouveller son allocation de solidarit\u00e9 sp\u00e9cifique ?","answer":"Une nouvelle demande vous est automatiquement envoy\u00e9e par P\u00f4le Emploi \u00e0 la fin de votre p\u00e9riode d\u2019indemnisation."},"5":{"question":"Qui a droit \u00e0 l'allocation de solidarit\u00e9 sp\u00e9cifique ?","answer":"Il existe plusieurs paniers de conditions : Vous devez \u00eatre demandeur d\u2019emploi, avoir travaill\u00e9 au moins 5 ans et rentrer dans les plafonds de ressources. Faites <br> <a href=\u201chttps:\/\/www.mes-allocs.fr\/simulation-aides\u201d>une simulation gratuite<\/a> directement sur le site de Mes Allocs pour conna\u00eetre tous vos droits d'\u00e9ligibilit\u00e9s."},"6":{"question":"Comment calculer les indemnit\u00e9s de ch\u00f4mage ?","answer":"Le montant de l'allocation d'aide au retour \u00e0 l'emploi (ARE) est calcul\u00e9 \u00e0 partir de votre salaire journalier de r\u00e9f\u00e9rence (SJR). Ce salaire de r\u00e9f\u00e9rence prend en compte tous vos salaires bruts per\u00e7us au cours des 12 derniers mois, primes comprises, mais hors indemnit\u00e9s li\u00e9es \u00e0 la rupture de votre contrat."},"7":{"question":"","answer":""},"8":{"question":"","answer":""},"9":{"question":"","answer":""},"10":{"question":"","answer":""},"11":{"question":"","answer":""},"12":{"question":"","answer":""},"13":{"question":"","answer":""},"14":{"question":"","answer":""},"15":{"question":"","answer":""},"16":{"question":"","answer":""}}},"_links":{"self":[{"href":"https:\/\/www.mes-allocs.fr\/guides\/wp-json\/wp\/v2\/posts\/45154","targetHints":{"allow":["GET"]}}],"collection":[{"href":"https:\/\/www.mes-allocs.fr\/guides\/wp-json\/wp\/v2\/posts"}],"about":[{"href":"https:\/\/www.mes-allocs.fr\/guides\/wp-json\/wp\/v2\/types\/post"}],"author":[{"embeddable":true,"href":"https:\/\/www.mes-allocs.fr\/guides\/wp-json\/wp\/v2\/users\/6"}],"replies":[{"embeddable":true,"href":"https:\/\/www.mes-allocs.fr\/guides\/wp-json\/wp\/v2\/comments?post=45154"}],"version-history":[{"count":17,"href":"https:\/\/www.mes-allocs.fr\/guides\/wp-json\/wp\/v2\/posts\/45154\/revisions"}],"predecessor-version":[{"id":101368,"href":"https:\/\/www.mes-allocs.fr\/guides\/wp-json\/wp\/v2\/posts\/45154\/revisions\/101368"}],"wp:featuredmedia":[{"embeddable":true,"href":"https:\/\/www.mes-allocs.fr\/guides\/wp-json\/wp\/v2\/media\/45155"}],"wp:attachment":[{"href":"https:\/\/www.mes-allocs.fr\/guides\/wp-json\/wp\/v2\/media?parent=45154"}],"wp:term":[{"taxonomy":"category","embeddable":true,"href":"https:\/\/www.mes-allocs.fr\/guides\/wp-json\/wp\/v2\/categories?post=45154"},{"taxonomy":"post_tag","embeddable":true,"href":"https:\/\/www.mes-allocs.fr\/guides\/wp-json\/wp\/v2\/tags?post=45154"}],"curies":[{"name":"wp","href":"https:\/\/api.w.org\/{rel}","templated":true}]}}