{"id":45140,"date":"2022-03-04T16:47:09","date_gmt":"2022-03-04T14:47:09","guid":{"rendered":"https:\/\/www.mes-allocs.fr\/guides\/?p=45140"},"modified":"2026-02-23T18:35:23","modified_gmt":"2026-02-23T17:35:23","slug":"chomage-cotisation-retraite","status":"publish","type":"post","link":"https:\/\/www.mes-allocs.fr\/guides\/retraite\/calcul-retraite\/chomage-cotisation-retraite\/","title":{"rendered":"La p\u00e9riode de ch\u00f4mage dans le calcul de la retraite"},"content":{"rendered":"<p><img loading=\"lazy\" decoding=\"async\" class=\"aligncenter wp-image-45142 size-full\" title=\"calculatrice orid\" src=\"https:\/\/www.mes-allocs.fr\/guides\/wp-content\/uploads\/2022\/02\/calculatrice-orid-e1644857405735.jpeg\" alt=\"periode chomage dans calcul retraite\" width=\"1125\" height=\"382\" srcset=\"https:\/\/www.mes-allocs.fr\/guides\/wp-content\/uploads\/2022\/02\/calculatrice-orid-e1644857405735.jpeg 1125w, https:\/\/www.mes-allocs.fr\/guides\/wp-content\/uploads\/2022\/02\/calculatrice-orid-e1644857405735-300x102.jpeg 300w, https:\/\/www.mes-allocs.fr\/guides\/wp-content\/uploads\/2022\/02\/calculatrice-orid-e1644857405735-1024x348.jpeg 1024w, https:\/\/www.mes-allocs.fr\/guides\/wp-content\/uploads\/2022\/02\/calculatrice-orid-e1644857405735-768x261.jpeg 768w, https:\/\/www.mes-allocs.fr\/guides\/wp-content\/uploads\/2022\/02\/calculatrice-orid-e1644857405735-600x204.jpeg 600w\" sizes=\"auto, (max-width: 1125px) 100vw, 1125px\" \/><\/p>\n<p style=\"text-align: justify;\">[Mis \u00e0 jour le 23\/02\/2026] A cause de certaines circonstances, vous pouvez vous retrouvez au ch\u00f4mage. Si vous vous retrouvez dans cette situation, vous pouvez b\u00e9n\u00e9ficier d&rsquo;une allocation. Dans cet article, nous allons voir si cette p\u00e9riode de ch\u00f4mage sera pris en compte dans <a href=\"https:\/\/www.mes-allocs.fr\/guides\/chomage\/calculer-chomage\/\">le calcul<\/a> de votre retraite.<\/p>\n<p style=\"text-align: justify;\"><div class='cta-block'><div class='text'>Simulez vos aides en 2 min.<\/div><a href='https:\/\/www.mes-allocs.fr\/ab-app?origin=guides\/wp-json\/wp\/v2\/posts\/45140' class='app-button fit'>Simulation gratuite<\/a><\/div><\/p>\n<h1 style=\"text-align: justify;\">L&rsquo;indemnit\u00e9 de retraite<\/h1>\n<h2 style=\"text-align: justify;\">Si vous demandez votre retraite<\/h2>\n<p style=\"text-align: justify;\">Si vous d\u00e9cidez de quitter votre entreprise pour prendre votre retraite, vous avez droit \u00e0 une indemnit\u00e9 de d\u00e9part \u00e0 la retraite si vous avez au moins 10\u00a0ans d&rsquo;anciennet\u00e9 dans l&rsquo;entreprise.\u00a0L&rsquo;indemnit\u00e9 de d\u00e9part \u00e0 la retraite est plus commun\u00e9ment appel\u00e9e <span class=\"expression\">prime de d\u00e9part \u00e0 la retraite<\/span>.<\/p>\n<h3 style=\"text-align: justify;\">Le montant de la prime<\/h3>\n<p style=\"text-align: justify;\">Le salaire pris en compte pour calculer l&rsquo;indemnit\u00e9 est\u00a0:<\/p>\n<ul style=\"text-align: justify;\">\n<li>Soit 1\/12<sup>e<\/sup>\u00a0de votre r\u00e9mun\u00e9ration brute des\u00a012 derniers mois pr\u00e9c\u00e9dant votre d\u00e9part \u00e0 la retraite<\/li>\n<li>Soit \u2153\u00a0des 3\u00a0derniers mois (dans ce cas, toute prime ou autre \u00e9l\u00e9ment de salaire annuel ou exceptionnel vers\u00e9 pendant cette p\u00e9riode est recalcul\u00e9 sur 3\u00a0mois).<\/li>\n<\/ul>\n<p style=\"text-align: justify;\">C&rsquo;est la formule la plus avantageuse qui est appliqu\u00e9e.<\/p>\n<p style=\"text-align: justify;\">Une convention ou un accord d&rsquo;entreprise ou d&rsquo;\u00e9tablissement ou une <span class=\"tool-tip\" tabindex=\"0\" title=\"\" data-definition=\"R59273\" data-original-title=\"Accord \u00e9crit n\u00e9goci\u00e9 entre les repr\u00e9sentants syndicaux de salari\u00e9s et des groupements d'employeurs. Il compl\u00e8te et adapte la l\u00e9gislation du travail dans un secteur d'activit\u00e9 donn\u00e9, souvent de fa\u00e7on plus favorable pour les salari\u00e9s.\">convention<span class=\"sr-only no-print\">: Accord \u00e9crit n\u00e9goci\u00e9 entre les repr\u00e9sentants syndicaux de salari\u00e9s et des groupements d&#8217;employeurs. Il compl\u00e8te et adapte la l\u00e9gislation du travail dans un secteur d&rsquo;activit\u00e9 donn\u00e9, souvent de fa\u00e7on plus favorable pour les salari\u00e9s.<\/span><\/span> ou un accord collectif peut pr\u00e9voir des montants plus favorables.<\/p>\n<h3 style=\"text-align: justify;\">Fiscalit\u00e9 li\u00e9e \u00e0 la prime<\/h3>\n<div class=\"fiche-item\" style=\"text-align: justify;\">\n<div id=\"fiche-item-3situation1\" class=\"fiche-item-content collapse in\" aria-hidden=\"false\">\n<p>L&rsquo;indemnit\u00e9 de d\u00e9part volontaire \u00e0 la retraite est soumise \u00e0 cotisations (de S\u00e9curit\u00e9 sociale, <abbr tabindex=\"0\" title=\"\" data-sigle=\"R31257\" data-original-title=\"CSG\u00a0:\u00a0Contribution sociale g\u00e9n\u00e9ralis\u00e9e\">CSG<\/abbr> et <abbr tabindex=\"0\" title=\"CRDS\u00a0:\u00a0Contribution pour le remboursement de la dette sociale\" data-sigle=\"R31258\" data-original-title=\"CRDS\u00a0:\u00a0Contribution pour le remboursement de la dette sociale\">CRDS<\/abbr>) sauf si vous d\u00e9cidez de partir en retraite dans le cadre d&rsquo;un plan de sauvegarde de l&#8217;emploi (PSE).<\/p>\n<p>Elle est imposable sur le revenu.<\/p>\n<\/div>\n<\/div>\n<div class=\"fiche-item\">\n<div id=\"fiche-item-4situation1\" class=\"fiche-item-content collapse in\" aria-hidden=\"false\">\n<p style=\"text-align: justify;\">En compl\u00e9ment de votre indemnit\u00e9 de d\u00e9part volontaire \u00e0 la retraite, vous percevez les sommes suivantes (si vous remplissez les conditions pour en b\u00e9n\u00e9ficier) :<\/p>\n<ul style=\"text-align: justify;\">\n<li>Indemnit\u00e9 compensatrice de cong\u00e9s pay\u00e9s<\/li>\n<li>Indemnit\u00e9 compensatrice de pr\u00e9avis<\/li>\n<li>Contrepartie p\u00e9cuniaire pr\u00e9vue en cas de clause de non-concurrence<\/li>\n<\/ul>\n<p><iframe loading=\"lazy\" title=\"Comment bien pr\u00e9parer sa retraite ?\" width=\"500\" height=\"281\" src=\"https:\/\/www.youtube.com\/embed\/nZ79Bmawt_M?feature=oembed\" frameborder=\"0\" allow=\"accelerometer; autoplay; clipboard-write; encrypted-media; gyroscope; picture-in-picture; web-share\" referrerpolicy=\"strict-origin-when-cross-origin\" allowfullscreen><\/iframe><\/p>\n<\/div>\n<div class=\"fiche-item-content collapse in\" aria-hidden=\"false\">\n<h2 style=\"text-align: justify;\">Si votre employeur vous met \u00e0 la retraite<\/h2>\n<p style=\"text-align: justify;\">Si votre employeur d\u00e9cide de vous mettre \u00e0 la retraite, vous avez droit \u00e0 une indemnit\u00e9 de mise \u00e0 la retraite.<\/p>\n<h3 style=\"text-align: justify;\">Le montant de la prime<\/h3>\n<p style=\"text-align: justify;\">Le montant minimum de l&rsquo;indemnit\u00e9 pr\u00e9vu par la loi est calcul\u00e9 de la mani\u00e8re suivante, en fonction de votre anciennet\u00e9 dans votre entreprise\u00a0:<\/p>\n<ul style=\"text-align: justify;\">\n<li>\u00bc de mois de salaire par ann\u00e9e d&rsquo;anciennet\u00e9 pour les 10\u00a0premi\u00e8res ann\u00e9es<\/li>\n<li>\u2153 de mois de salaire par ann\u00e9e d&rsquo;anciennet\u00e9 \u00e0 partir de la 11<sup>e<\/sup>\u00a0ann\u00e9e<\/li>\n<\/ul>\n<p style=\"text-align: justify;\">Le salaire pris en compte pour calculer l&rsquo;indemnit\u00e9, appel\u00e9 <span class=\"expression\"><em>salaire de r\u00e9f\u00e9rence<\/em><\/span>, est\u00a0:<\/p>\n<ul style=\"text-align: justify;\">\n<li>Soit la moyenne mensuelle des 12\u00a0derniers mois pr\u00e9c\u00e9dant le jour de l&rsquo;envoi de la lettre de mise \u00e0 la retraite<\/li>\n<li>Soit le \u2153 des 3\u00a0derniers mois (dans ce cas, les primes et gratifications exceptionnelles ou annuelles sont prises en compte en proportion du temps de travail effectu\u00e9. Si vous avez per\u00e7u une prime annuelle, il faut ajouter 1\/12<sup>e<\/sup>\u00a0du montant de la prime \u00e0 chacun des 3\u00a0derniers mois de r\u00e9f\u00e9rence).<\/li>\n<\/ul>\n<p style=\"text-align: justify;\">C&rsquo;est la formule la plus avantageuse qui est appliqu\u00e9e. Sachez aussi qu&rsquo;un accord collectif peut pr\u00e9voir des montants plus favorables.<\/p>\n<p style=\"text-align: justify;\">L&rsquo;anciennet\u00e9 est calcul\u00e9e jusqu&rsquo;\u00e0 la date de rupture effective du contrat de travail, c&rsquo;est-\u00e0-dire jusqu&rsquo;\u00e0 la fin du pr\u00e9avis, m\u00eame si celui-ci n&rsquo;est pas accompli.<\/p>\n<p style=\"text-align: justify;\">Si votre anciennet\u00e9 comprend une ann\u00e9e incompl\u00e8te, l&rsquo;indemnit\u00e9 est calcul\u00e9e proportionnellement au nombre de mois complets.<\/p>\n<h3 style=\"text-align: justify;\">Fiscalit\u00e9 li\u00e9e \u00e0 l&rsquo;indemnit\u00e9 de retraite<\/h3>\n<h4 class=\"fiche-title-1\" style=\"text-align: justify;\">Les cotisations sociales<\/h4>\n<p style=\"text-align: justify;\">Selon son montant, l\u2019indemnit\u00e9 de mise \u00e0 la retraite est soumise \u00e0 cotisations (de S\u00e9curit\u00e9 sociale, <abbr tabindex=\"0\" title=\"CSG\u00a0:\u00a0Contribution sociale g\u00e9n\u00e9ralis\u00e9e\" data-sigle=\"R31257\" data-original-title=\"CSG\u00a0:\u00a0Contribution sociale g\u00e9n\u00e9ralis\u00e9e\">CSG<\/abbr> et <abbr tabindex=\"0\" title=\"CRDS\u00a0:\u00a0Contribution pour le remboursement de la dette sociale\" data-sigle=\"R31258\" data-original-title=\"CRDS\u00a0:\u00a0Contribution pour le remboursement de la dette sociale\">CRDS<\/abbr>)\u00a0:<\/p>\n<ul style=\"text-align: justify;\">\n<li>Si elle est inf\u00e9rieure \u00e0 <span class=\"prix\">471 000 \u20ac<\/span>, elle est exon\u00e9r\u00e9e de cotisations de s\u00e9curit\u00e9 sociale sur la part de son montant inf\u00e9rieure \u00e0 <span class=\"prix\">94 200 \u20ac<\/span>.<\/li>\n<\/ul>\n<ul style=\"text-align: justify;\">\n<li>Si elle est sup\u00e9rieure \u00e0 <span class=\"prix\">471 000 \u20ac<\/span>, elle est int\u00e9gralement soumise \u00e0 cotisations de s\u00e9curit\u00e9 sociale.<\/li>\n<li>La part de l&rsquo;indemnit\u00e9 inf\u00e9rieure \u00e0 <span class=\"prix\">94 200 \u20ac<\/span>\u00a0est exon\u00e9r\u00e9e de CSG et de CRDS.<\/li>\n<li>La part de l&rsquo;indemnit\u00e9 sup\u00e9rieure \u00e0 <span class=\"prix\">94 200 \u20ac<\/span>\u00a0est int\u00e9gralement soumise \u00e0 CSG et CRDS<\/li>\n<\/ul>\n<p style=\"text-align: justify;\">L&rsquo;indemnit\u00e9 de d\u00e9part \u00e0 la retraite est exon\u00e9r\u00e9e d\u2019imp\u00f4t sur le revenu.<\/p>\n<p style=\"text-align: justify;\">Toutefois, si son montant d\u00e9passe le montant minimum pr\u00e9vu par la loi ou le montant pr\u00e9vu par la convention ou l&rsquo;accord collectif, l&rsquo;indemnit\u00e9 est exon\u00e9r\u00e9e d&rsquo;imp\u00f4t sur le revenu \u00e0 condition de ne pas d\u00e9passer l&rsquo;un des 2\u00a0montants suivants\u00a0:<\/p>\n<ul style=\"text-align: justify;\">\n<li>Soit 2\u00a0fois le montant de la r\u00e9mun\u00e9ration brute annuelle que vous avez per\u00e7ue l&rsquo;ann\u00e9e pr\u00e9c\u00e9dant votre mise \u00e0 la retraite, dans la limite de <span class=\"prix\">231 840 \u20ac<\/span> pour les indemnit\u00e9s per\u00e7ues en\u00a02020<\/li>\n<li>Soit <span class=\"prix\">50\u00a0%<\/span>\u00a0du montant de l&rsquo;indemnit\u00e9 que vous avez per\u00e7ue dans la m\u00eame limite de <span class=\"prix\">205\u00a0680\u00a0\u20ac<\/span> pour les indemnit\u00e9s per\u00e7ues en\u00a02020.<\/li>\n<\/ul>\n<p style=\"text-align: justify;\">C&rsquo;est le montant le plus avantageux qui est pris en compte.<\/p>\n<p style=\"text-align: justify;\"><div class='cta-block'><div class='text'>Simulez toutes vos aides en 2 min.<\/div><a href='https:\/\/www.mes-allocs.fr\/ab-app?origin=guides\/wp-json\/wp\/v2\/posts\/45140' class='app-button fit'>Simulation gratuite<\/a><\/div><\/p>\n<h2 style=\"text-align: justify;\">P\u00e9riode de ch\u00f4mage et retraite<\/h2>\n<h3 style=\"text-align: justify;\">Si vous avez \u00e9t\u00e9 indemnis\u00e9<\/h3>\n<p style=\"text-align: justify;\">Les p\u00e9riodes de ch\u00f4mage indemnis\u00e9 sont consid\u00e9r\u00e9es comme des trimestres d&rsquo;assurance retraite au r\u00e9gime g\u00e9n\u00e9ral de la S\u00e9curit\u00e9 sociale dans la limite de 4\u00a0trimestres par an.<\/p>\n<p style=\"text-align: justify;\">Chaque p\u00e9riode comportant 50\u00a0jours de ch\u00f4mage est consid\u00e9r\u00e9e comme un trimestre d&rsquo;assurance.<\/p>\n<p style=\"text-align: justify;\">P\u00f4le emploi transmet automatiquement les informations \u00e0 la <abbr tabindex=\"0\" title=\"\" data-acronyme=\"R31538\" data-original-title=\"Cnav\u00a0:\u00a0Caisse nationale d'assurance vieillesse\">Cnav<\/abbr>.<\/p>\n<p style=\"text-align: justify;\">Les p\u00e9riodes concern\u00e9es sont celles au cours desquelles vous avez per\u00e7u l&rsquo;une des allocations suivantes\u00a0:<\/p>\n<ul style=\"text-align: justify;\">\n<li>Allocation d&rsquo;aide au retour \u00e0 l&#8217;emploi (ARE)<\/li>\n<li>Allocation de solidarit\u00e9 vers\u00e9e par l&rsquo;assurance ch\u00f4mage (allocation de solidarit\u00e9 sp\u00e9cifique &#8211; ASS, allocation \u00e9quivalent retraite &#8211; AER ou allocation temporaire d&rsquo;attente &#8211; Ata),<\/li>\n<li>Allocation sp\u00e9ciale du Fonds national de l&#8217;emploi (AS-FNE)<\/li>\n<li>Allocation ch\u00f4meurs \u00e2g\u00e9s (Aca)<\/li>\n<li>Allocation de conversion dans le cadre d&rsquo;un cong\u00e9 de conversion<\/li>\n<li>Allocation de s\u00e9curisation professionnelle (ASP)<\/li>\n<li>Allocation vers\u00e9e dans le cadre d&rsquo;un cong\u00e9 de reclassement ou d&rsquo;une cellule de reclassement.<\/li>\n<\/ul>\n<h3 style=\"text-align: justify;\">Si vous n&rsquo;avez jamais \u00e9t\u00e9 indemnis\u00e9<\/h3>\n<p style=\"text-align: justify;\">La premi\u00e8re p\u00e9riode de ch\u00f4mage involontaire non indemnis\u00e9 au cours de votre carri\u00e8re est valid\u00e9e dans la limite d&rsquo;un an et demi (6\u00a0trimestres).<\/p>\n<p style=\"text-align: justify;\">Cette p\u00e9riode peut \u00eatre continue ou discontinue.<\/p>\n<p style=\"text-align: justify;\">Vous ne devez pas avoir obtenu auparavant la validation d&rsquo;une p\u00e9riode de ch\u00f4mage non indemnis\u00e9 faisant suite \u00e0 une p\u00e9riode de ch\u00f4mage indemnis\u00e9.<\/p>\n<p style=\"text-align: justify;\">Chaque p\u00e9riode comportant 50\u00a0jours de ch\u00f4mage est consid\u00e9r\u00e9e comme un trimestre d&rsquo;assurance. La validation de ces p\u00e9riodes est limit\u00e9e \u00e0 4\u00a0trimestres par an.\u00a0P\u00f4le emploi transmet automatiquement les informations \u00e0 la <abbr tabindex=\"0\" title=\"\" data-acronyme=\"R31538\" data-original-title=\"Cnav\u00a0:\u00a0Caisse nationale d'assurance vieillesse\">Cnav<\/abbr>.<\/p>\n<p style=\"text-align: justify;\"><div class='cta-block'><div class='text'>Simulez toutes vos aides en 2 min.<\/div><a href='https:\/\/www.mes-allocs.fr\/ab-app?origin=guides\/wp-json\/wp\/v2\/posts\/45140' class='app-button fit'>Simulation gratuite<\/a><\/div><\/p>\n<h1 class=\"amp-wp-7d27179\" style=\"text-align: justify;\" data-amp-original-style=\"text-align: justify;\"><span id=\"Retour_sur_lindemnite_de_chomage\">L\u2019indemnit\u00e9 de ch\u00f4mage<\/span><\/h1>\n<p class=\"amp-wp-7d27179\" style=\"text-align: justify;\" data-amp-original-style=\"text-align: justify;\">L\u2019allocation ch\u00f4mage, plus r\u00e9guli\u00e8rement appel\u00e9 \u00ab allocation d\u2019aide au retour \u00e0 l\u2019emploi \u00bb (ARE)\u00a0est calcul\u00e9e \u00e0 partir de vos anciens salaires, y compris les primes. Le montant de cette allocation varie selon le montant de vos r\u00e9mun\u00e9rations, de vos modes d\u2019activit\u00e9 (\u00e0 temps plein, \u00e0 temps partiel) ainsi que du versement de certaines pensions.<\/p>\n<h2 class=\"amp-wp-7d27179\" style=\"text-align: justify;\" data-amp-original-style=\"text-align: justify;\"><span id=\"Quelles_sont_les_conditions_pour_en_beneficier\">Quelles sont les conditions pour en b\u00e9n\u00e9ficier ?<\/span><\/h2>\n<p class=\"amp-wp-7d27179 amp-wp-7d27179\" style=\"text-align: justify;\" data-amp-original-style=\"text-align: justify;\"><span class=\"amp-wp-fe3f5cc\" data-amp-original-style=\"font-weight: 400;\">Pour percevoir l\u2019ARE, vous devez tout d\u2019abord \u00eatre inscrit comme demandeur d\u2019emploi au P\u00f4le Emploi, ou accomplir une formation dans votre projet personnalis\u00e9 d\u2019acc\u00e8s \u00e0 l\u2019emploi (PPAE). Vous devez cr\u00e9er un espace personnel sur P\u00f4le emploi. <a href=\"https:\/\/www.mes-allocs.fr\/souscription\">Mes Allocs vous aide pour toutes vos d\u00e9marches !<\/a><\/span><\/p>\n<p class=\"amp-wp-7d27179 amp-wp-7d27179\" style=\"text-align: justify;\" data-amp-original-style=\"text-align: justify;\"><span class=\"amp-wp-fe3f5cc\" data-amp-original-style=\"font-weight: 400;\">Vous devez \u00e9galement justifier d\u2019une p\u00e9riode minimale de travail de 130 jours ( cette dur\u00e9e est \u00e9gale \u00e0 la dur\u00e9e d\u2019affiliation) ou 910 heures, sur la p\u00e9riode des 24 derniers mois pr\u00e9c\u00e9dant la fin du contrat de travail. Si vous \u00eates \u00e2g\u00e9 de plus de 53 ans \u00e0 la fin de votre contrat de travail, l\u2019affiliation est recherch\u00e9e dans les 36 derniers mois pr\u00e9c\u00e9dant la fin du contrat de travail.\u00a0<\/span><\/p>\n<p class=\"amp-wp-7d27179 amp-wp-7d27179\" style=\"text-align: justify;\" data-amp-original-style=\"text-align: justify;\"><span class=\"amp-wp-fe3f5cc\" data-amp-original-style=\"font-weight: 400;\">Vos \u00e9ventuelles p\u00e9riodes de formation sont consid\u00e9r\u00e9es comme des heures de travail.<\/span><\/p>\n<p style=\"text-align: justify;\" data-amp-original-style=\"text-align: justify;\"><div class='cta-block'><div class='text'>Simulez toutes vos aides en 2 min.<\/div><a href='https:\/\/www.mes-allocs.fr\/ab-app?origin=guides\/wp-json\/wp\/v2\/posts\/45140' class='app-button fit'>Simulation gratuite<\/a><\/div><\/p>\n<\/div>\n<\/div>\n","protected":false},"excerpt":{"rendered":"<p>[Mis \u00e0 jour le 23\/02\/2026] A cause de certaines circonstances, vous pouvez vous retrouvez au ch\u00f4mage. Si vous vous retrouvez dans cette situation, vous pouvez b\u00e9n\u00e9ficier d&rsquo;une allocation. Dans cet article, nous allons voir si cette p\u00e9riode de ch\u00f4mage sera pris en compte dans le calcul de votre retraite. L&rsquo;indemnit\u00e9 de retraite Si vous demandez [&hellip;]<\/p>\n","protected":false},"author":6,"featured_media":105242,"comment_status":"open","ping_status":"open","sticky":false,"template":"","format":"standard","meta":{"amp_status":"","footnotes":""},"categories":[21738,19177],"tags":[],"class_list":["post-45140","post","type-post","status-publish","format-standard","has-post-thumbnail","hentry","category-calcul-retraite","category-retraite"],"yoast_head":"<!-- This site is optimized with the Yoast SEO plugin v14.9 - https:\/\/yoast.com\/wordpress\/plugins\/seo\/ -->\n<title>La p\u00e9riode de ch\u00f4mage dans le calcul de la retraite | Mes-Allocs.fr<\/title>\n<meta name=\"description\" content=\"Si vous \u00eates \u00e0 la retraite, vous pouvez b\u00e9n\u00e9ficier d&#039;une indemnit\u00e9. Ma p\u00e9riode de ch\u00f4mage compte-t-elle dans le calcul de l&#039;aide en 2026 ?\" \/>\n<meta name=\"robots\" content=\"index, follow, max-snippet:-1, max-image-preview:large, max-video-preview:-1\" \/>\n<link rel=\"canonical\" href=\"https:\/\/www.mes-allocs.fr\/guides\/retraite\/calcul-retraite\/chomage-cotisation-retraite\/\" \/>\n<meta property=\"og:locale\" content=\"fr_FR\" \/>\n<meta property=\"og:type\" content=\"article\" \/>\n<meta property=\"og:title\" content=\"La p\u00e9riode de ch\u00f4mage dans le calcul de la retraite | Mes-Allocs.fr\" \/>\n<meta property=\"og:description\" content=\"Si vous \u00eates \u00e0 la retraite, vous pouvez b\u00e9n\u00e9ficier d&#039;une indemnit\u00e9. Ma p\u00e9riode de ch\u00f4mage compte-t-elle dans le calcul de l&#039;aide en 2026 ?\" \/>\n<meta property=\"og:url\" content=\"https:\/\/www.mes-allocs.fr\/guides\/retraite\/calcul-retraite\/chomage-cotisation-retraite\/\" \/>\n<meta property=\"og:site_name\" content=\"Mes-Allocs.fr\" \/>\n<meta property=\"article:published_time\" content=\"2022-03-04T14:47:09+00:00\" \/>\n<meta property=\"article:modified_time\" content=\"2026-02-23T17:35:23+00:00\" \/>\n<meta property=\"og:image\" content=\"https:\/\/www.mes-allocs.fr\/guides\/wp-content\/uploads\/2022\/03\/calcul-chomage-retraite.jpg?wsr\" \/>\n\t<meta property=\"og:image:width\" content=\"1920\" \/>\n\t<meta property=\"og:image:height\" content=\"1281\" \/>\n<meta name=\"twitter:card\" content=\"summary_large_image\" \/>\n<script type=\"application\/ld+json\" class=\"yoast-schema-graph\">{\"@context\":\"https:\/\/schema.org\",\"@graph\":[{\"@type\":\"WebSite\",\"@id\":\"https:\/\/www.mes-allocs.fr\/guides\/#website\",\"url\":\"https:\/\/www.mes-allocs.fr\/guides\/\",\"name\":\"Mes-Allocs.fr\",\"description\":\"\",\"potentialAction\":[{\"@type\":\"SearchAction\",\"target\":\"https:\/\/www.mes-allocs.fr\/guides\/?s={search_term_string}\",\"query-input\":\"required name=search_term_string\"}],\"inLanguage\":\"fr-FR\"},{\"@type\":\"ImageObject\",\"@id\":\"https:\/\/www.mes-allocs.fr\/guides\/retraite\/calcul-retraite\/chomage-cotisation-retraite\/#primaryimage\",\"inLanguage\":\"fr-FR\",\"url\":\"https:\/\/www.mes-allocs.fr\/guides\/wp-content\/uploads\/2022\/03\/calcul-chomage-retraite.jpg?wsr\",\"width\":1920,\"height\":1281,\"caption\":\"calcul chomage retraite\"},{\"@type\":\"WebPage\",\"@id\":\"https:\/\/www.mes-allocs.fr\/guides\/retraite\/calcul-retraite\/chomage-cotisation-retraite\/#webpage\",\"url\":\"https:\/\/www.mes-allocs.fr\/guides\/retraite\/calcul-retraite\/chomage-cotisation-retraite\/\",\"name\":\"La p\\u00e9riode de ch\\u00f4mage dans le calcul de la retraite | Mes-Allocs.fr\",\"isPartOf\":{\"@id\":\"https:\/\/www.mes-allocs.fr\/guides\/#website\"},\"primaryImageOfPage\":{\"@id\":\"https:\/\/www.mes-allocs.fr\/guides\/retraite\/calcul-retraite\/chomage-cotisation-retraite\/#primaryimage\"},\"datePublished\":\"2022-03-04T14:47:09+00:00\",\"dateModified\":\"2026-02-23T17:35:23+00:00\",\"author\":{\"@id\":\"https:\/\/www.mes-allocs.fr\/guides\/#\/schema\/person\/0ecd61a8600573914d00d970a588c024\"},\"description\":\"Si vous \\u00eates \\u00e0 la retraite, vous pouvez b\\u00e9n\\u00e9ficier d'une indemnit\\u00e9. Ma p\\u00e9riode de ch\\u00f4mage compte-t-elle dans le calcul de l'aide en 2026 ?\",\"inLanguage\":\"fr-FR\"},{\"@type\":\"Person\",\"@id\":\"https:\/\/www.mes-allocs.fr\/guides\/#\/schema\/person\/0ecd61a8600573914d00d970a588c024\",\"name\":\"Jonathan\",\"image\":{\"@type\":\"ImageObject\",\"@id\":\"https:\/\/www.mes-allocs.fr\/guides\/#personlogo\",\"inLanguage\":\"fr-FR\",\"url\":\"https:\/\/www.mes-allocs.fr\/guides\/wp-content\/uploads\/2021\/06\/jonathan-150x150.png\",\"caption\":\"Jonathan\"},\"description\":\"Jonathan est r\\u00e9dacteur au sein de l'\\u00e9quipe Mes Allocs, sp\\u00e9cialis\\u00e9 sur les sujets li\\u00e9s au handicap. Dipl\\u00f4m\\u00e9e de l'UPEM, il rejoint Mes Allocs apr\\u00e8s avoir travaill\\u00e9 \\u00e0 l'association AEDE qui accompagne les adultes en situation de handicap. Quand il n'\\u00e9crit pas, on peut le retrouver sur un terrain de basket.\",\"sameAs\":[\"https:\/\/www.linkedin.com\/in\/jonathan-bambela-8637861b7\"]}]}<\/script>\n<!-- \/ Yoast SEO plugin. -->","amp_validity":null,"acf":{"faq":{"1":{"question":"Qu'est ce que le Ch\u00f4mage ?","answer":"Le ch\u00f4mage peut \u00eatre d\u00e9fini comme l'\u00e9tat d'une personne souhaitant travailler et qui est \u00e0 la recherche d'un emploi. Cette d\u00e9finition du ch\u00f4mage conna\u00eet de nombreuses variantes et son concept donne toujours lieu \u00e0 des controverses th\u00e9oriques et statistiques."},"2":{"question":"Qui a droit au ch\u00f4mage 2026 ?","answer":"Toute personne ayant perdu involontairement son emploi et remplissant les conditions d'\u00e9ligibilit\u00e9 \u00e0 l'ARE, pourront b\u00e9n\u00e9ficier du ch\u00f4mage en 2026."},"3":{"question":"Est-ce que je touche le ch\u00f4mage apr\u00e8s un CDD ?","answer":"Vous pouvez toucher le ch\u00f4mage apr\u00e8s un CDD si vous \u00eates licenci\u00e9s ou si vous fa\u00eetes une d\u00e9mission l\u00e9gitime."},"4":{"question":"Quelle prime pour les ch\u00f4meurs ?","answer":"Vous avez droit \u00e0 une prime de 150\u20ac, dont le versement se fera automatiquement par P\u00f4le emploi. Et ce, \u00e0 compter du 15 du mois."},"5":{"question":"Quelles sont les conditions li\u00e9es au Ch\u00f4mage ?","answer":"Vous devez justifier d\u2019une p\u00e9riode minimale de travail de 88 jours \u2013 dite dur\u00e9e d\u2019affiliation \u2013 ou 610 heures, sur la p\u00e9riode des 28 derniers mois pr\u00e9c\u00e9dant la fin du contrat de travail."},"6":{"question":"Comment calculer son ch\u00f4mage apr\u00e8s une rupture conventionnelle ?","answer":"Le calcul correspond \u00e0 la prise en compte de 13,18 \u20ac d'indemnit\u00e9 fixe et de 40,4 % du salaire journalier de r\u00e9f\u00e9rence (SJR)."},"7":{"question":"","answer":""},"8":{"question":"","answer":""},"9":{"question":"","answer":""},"10":{"question":"","answer":""},"11":{"question":"","answer":""},"12":{"question":"","answer":""},"13":{"question":"","answer":""},"14":{"question":"","answer":""},"15":{"question":"","answer":""},"16":{"question":"","answer":""}}},"_links":{"self":[{"href":"https:\/\/www.mes-allocs.fr\/guides\/wp-json\/wp\/v2\/posts\/45140","targetHints":{"allow":["GET"]}}],"collection":[{"href":"https:\/\/www.mes-allocs.fr\/guides\/wp-json\/wp\/v2\/posts"}],"about":[{"href":"https:\/\/www.mes-allocs.fr\/guides\/wp-json\/wp\/v2\/types\/post"}],"author":[{"embeddable":true,"href":"https:\/\/www.mes-allocs.fr\/guides\/wp-json\/wp\/v2\/users\/6"}],"replies":[{"embeddable":true,"href":"https:\/\/www.mes-allocs.fr\/guides\/wp-json\/wp\/v2\/comments?post=45140"}],"version-history":[{"count":13,"href":"https:\/\/www.mes-allocs.fr\/guides\/wp-json\/wp\/v2\/posts\/45140\/revisions"}],"predecessor-version":[{"id":109778,"href":"https:\/\/www.mes-allocs.fr\/guides\/wp-json\/wp\/v2\/posts\/45140\/revisions\/109778"}],"wp:featuredmedia":[{"embeddable":true,"href":"https:\/\/www.mes-allocs.fr\/guides\/wp-json\/wp\/v2\/media\/105242"}],"wp:attachment":[{"href":"https:\/\/www.mes-allocs.fr\/guides\/wp-json\/wp\/v2\/media?parent=45140"}],"wp:term":[{"taxonomy":"category","embeddable":true,"href":"https:\/\/www.mes-allocs.fr\/guides\/wp-json\/wp\/v2\/categories?post=45140"},{"taxonomy":"post_tag","embeddable":true,"href":"https:\/\/www.mes-allocs.fr\/guides\/wp-json\/wp\/v2\/tags?post=45140"}],"curies":[{"name":"wp","href":"https:\/\/api.w.org\/{rel}","templated":true}]}}