{"id":45121,"date":"2022-03-01T12:22:46","date_gmt":"2022-03-01T10:22:46","guid":{"rendered":"https:\/\/www.mes-allocs.fr\/guides\/?p=45121"},"modified":"2025-01-20T10:45:09","modified_gmt":"2025-01-20T08:45:09","slug":"apl-divorce","status":"publish","type":"post","link":"https:\/\/www.mes-allocs.fr\/guides\/aide-par-situation\/aide-divorce\/apl-divorce\/","title":{"rendered":"L&rsquo;APL en cas de divorce"},"content":{"rendered":"<p><img loading=\"lazy\" decoding=\"async\" class=\"wp-image-45125 aligncenter\" title=\"apl divorce\" src=\"https:\/\/www.mes-allocs.fr\/guides\/wp-content\/uploads\/2022\/02\/kelly-sikkema-E8H76nY1v6Q-unsplash-e1644847198785-300x88.jpg\" alt=\"apl divorce\" width=\"805\" height=\"236\" srcset=\"https:\/\/www.mes-allocs.fr\/guides\/wp-content\/uploads\/2022\/02\/kelly-sikkema-E8H76nY1v6Q-unsplash-e1644847198785-300x88.jpg 300w, https:\/\/www.mes-allocs.fr\/guides\/wp-content\/uploads\/2022\/02\/kelly-sikkema-E8H76nY1v6Q-unsplash-e1644847198785-1024x299.jpg 1024w, https:\/\/www.mes-allocs.fr\/guides\/wp-content\/uploads\/2022\/02\/kelly-sikkema-E8H76nY1v6Q-unsplash-e1644847198785-768x224.jpg 768w, https:\/\/www.mes-allocs.fr\/guides\/wp-content\/uploads\/2022\/02\/kelly-sikkema-E8H76nY1v6Q-unsplash-e1644847198785-1536x449.jpg 1536w, https:\/\/www.mes-allocs.fr\/guides\/wp-content\/uploads\/2022\/02\/kelly-sikkema-E8H76nY1v6Q-unsplash-e1644847198785-600x175.jpg 600w, https:\/\/www.mes-allocs.fr\/guides\/wp-content\/uploads\/2022\/02\/kelly-sikkema-E8H76nY1v6Q-unsplash-e1644847198785.jpg 1920w\" sizes=\"auto, (max-width: 805px) 100vw, 805px\" \/><\/p>\n<p style=\"text-align: justify;\"><strong>L\u2019Aide Personnalis\u00e9e au Logement (APL) est une aide financi\u00e8re vers\u00e9e par la Caisse d\u2019Allocations Familiales (CAF) ou la Mutualit\u00e9 Sociale Agricole (MSA). Cette <a href=\"https:\/\/www.mes-allocs.fr\/guides\/aides-par-situation\/\" target=\"_blank\" rel=\"noopener\">aide par situation<\/a> peut \u00eatre attribu\u00e9e, \u00e0 toute personne qui loue ou ach\u00e8te un logement ou r\u00e9side dans un foyer.<\/strong><\/p>\n<p style=\"text-align: justify;\"><strong>Cependant, cette aide\u00a0est-elle disponible apr\u00e8s un divorce ?\u00a0<\/strong><strong>MesAllocs est l\u00e0 pour tout vous expliquer.\u00a0<\/strong><\/p>\n<hr \/>\n<h1 style=\"text-align: justify;\"><span id=\"Quelles_sont_les_conditions_pour_beneficier_de_laide_personnalisee_au_logement\">Comment b\u00e9n\u00e9ficier de l&rsquo;APL ?<\/span><\/h1>\n<p style=\"text-align: justify;\">Pour avoir droit \u00e0 cette aide, certaines conditions sont requises. Celles-ci sont li\u00e9es \u00e0 votre qualit\u00e9 de demandeur, au logement et \u00e0 vos ressources.<\/p>\n<h2 class=\"amp-wp-7d27179\" style=\"text-align: justify;\" data-amp-original-style=\"text-align: justify;\"><span id=\"Conditions_liees_au_logement\"><b>Les conditions qui sont li\u00e9es au logement<\/b><\/span><\/h2>\n<p class=\"amp-wp-7d27179\" style=\"text-align: justify;\" data-amp-original-style=\"text-align: justify;\"><span class=\"amp-wp-fe3f5cc\" data-amp-original-style=\"font-weight: 400;\">L\u2019allocation personnalis\u00e9e au logement vous est accord\u00e9e uniquement pour votre r\u00e9sidence principale (logement que vous habitez au moins 8 mois par an) sur le territoire fran\u00e7ais.<\/span><\/p>\n<p class=\"amp-wp-7d27179\" style=\"text-align: justify;\" data-amp-original-style=\"text-align: justify;\"><span class=\"amp-wp-fe3f5cc\" data-amp-original-style=\"font-weight: 400;\">Votre logement doit \u00e9galement respecter certaines conditions de d\u00e9cence et d\u2019occupation\u00a0: <\/span><\/p>\n<ul>\n<li class=\"amp-wp-7d27179\" style=\"text-align: justify;\" data-amp-original-style=\"text-align: justify;\"><span class=\"amp-wp-fe3f5cc\" data-amp-original-style=\"font-weight: 400;\">surface minimale (8m2 pour une personne seule, 16m2 pour 2 personnes, 7m2 additionnels), <\/span><\/li>\n<li class=\"amp-wp-7d27179\" style=\"text-align: justify;\" data-amp-original-style=\"text-align: justify;\"><span class=\"amp-wp-fe3f5cc\" data-amp-original-style=\"font-weight: 400;\">aucune mise en danger pour celui qui l\u2019habite.<\/span><\/li>\n<\/ul>\n<p style=\"text-align: justify;\">Le logement concern\u00e9 doit \u00e9galement \u00eatre conventionn\u00e9. Cela signifie que le propri\u00e9taire du logement doit avoir pass\u00e9 un accord avec l\u2019\u00c9tat\u00a0pour ouvrir le droit aux aides concernant le logement.<\/p>\n<h2 class=\"amp-wp-102b7f8\" style=\"text-align: justify;\" data-amp-original-style=\"text-align: left;\"><span id=\"Conditions_liees_au_demandeur\"><b>Les conditions qui sont li\u00e9es au demandeur<\/b><\/span><\/h2>\n<p class=\"amp-wp-7d27179\" style=\"text-align: justify;\" data-amp-original-style=\"text-align: justify;\"><span class=\"amp-wp-fe3f5cc\" data-amp-original-style=\"font-weight: 400;\">Que vous soyez locataire,\u00a0<\/span><span class=\"amp-wp-fe3f5cc\" data-amp-original-style=\"font-weight: 400;\">colocataire<\/span><span class=\"amp-wp-fe3f5cc\" data-amp-original-style=\"font-weight: 400;\">, sous-locataire, vous avez acc\u00e8s \u00e0 l\u2019aide personnalis\u00e9 au logement.<\/span><\/p>\n<h3 class=\"amp-wp-7d27179\" style=\"text-align: justify;\" data-amp-original-style=\"text-align: justify;\"><span class=\"amp-wp-fe3f5cc\" data-amp-original-style=\"font-weight: 400;\">Lorsque vous \u00eates sous-locataire (d\u00e9clar\u00e9 au propri\u00e9taire)<\/span><\/h3>\n<p class=\"amp-wp-7d27179\" style=\"text-align: justify;\" data-amp-original-style=\"text-align: justify;\"><span class=\"amp-wp-fe3f5cc\" data-amp-original-style=\"font-weight: 400;\">Vous devez \u00eatre \u00e2g\u00e9 de 30 ans au moins, ou \u00eatre h\u00e9berg\u00e9 chez un accueillant familial (une personne seule ou en couple qui vous accueille si vous \u00eates en situation de handicap ou une personne \u00e2g\u00e9e, contre une r\u00e9mun\u00e9ration).\u00a0\u00a0<\/span><\/p>\n<p class=\"amp-wp-7d27179\" style=\"text-align: justify;\" data-amp-original-style=\"text-align: justify;\"><span class=\"amp-wp-fe3f5cc\" data-amp-original-style=\"font-weight: 400;\">Si vous \u00eates \u00e9tranger r\u00e9sident en France, vous devez prouver la r\u00e9gularit\u00e9 de votre s\u00e9jour sur le territoire.<\/span><span class=\"amp-wp-fe3f5cc\" data-amp-original-style=\"font-weight: 400;\">\u00a0<\/span><\/p>\n<p class=\"amp-wp-7d27179\" style=\"text-align: justify;\" data-amp-original-style=\"text-align: justify;\"><span class=\"amp-wp-fe3f5cc\" data-amp-original-style=\"font-weight: 400;\">M\u00eame en cas de changement de situation, il n\u2019y a\u00a0aucune condition d\u2019\u00e2ge\u00a0pour percevoir les APL. Ainsi, votre enfant mineur peut percevoir les APL, mais vous devez signer ou co-signer le bail. <\/span><\/p>\n<p class=\"amp-wp-7d27179\" style=\"text-align: justify;\" data-amp-original-style=\"text-align: justify;\"><span class=\"amp-wp-fe3f5cc\" data-amp-original-style=\"font-weight: 400;\">Vous pouvez \u00e9tablir la quittance de loyer \u00e0 son nom. Si l\u2019enfant est \u00e9mancip\u00e9, le bail doit \u00eatre \u00e0 son nom.<\/span><\/p>\n<h3 class=\"amp-wp-7d27179\" style=\"text-align: justify;\" data-amp-original-style=\"text-align: justify;\"><span id=\"Si_vous_etes_proprietaire\"><b>Lorsque vous \u00eates propri\u00e9taire\u00a0<\/b><\/span><\/h3>\n<p class=\"amp-wp-7d27179\" style=\"text-align: justify;\" data-amp-original-style=\"text-align: justify;\"><span class=\"amp-wp-fe3f5cc\" data-amp-original-style=\"font-weight: 400;\">Vous pouvez b\u00e9n\u00e9ficier de l\u2019<\/span><a href=\"https:\/\/www.mes-allocs.fr\/guides\/aide-logement\/apl\/apl-proprietaire\" target=\"_blank\" rel=\"noopener\"><span class=\"amp-wp-fe3f5cc\" data-amp-original-style=\"font-weight: 400;\">APL propri\u00e9taire<\/span><\/a><span class=\"amp-wp-fe3f5cc\" data-amp-original-style=\"font-weight: 400;\"> si v<\/span><span class=\"amp-wp-fe3f5cc\" data-amp-original-style=\"font-weight: 400;\">ous acc\u00e9dez \u00e0 la propri\u00e9t\u00e9 d\u2019un logement ancien, situ\u00e9 en zone 3 (agglom\u00e9rations de moins de 100 000 habitants)<\/span><\/p>\n<p><span class=\"amp-wp-fe3f5cc\" data-amp-original-style=\"font-weight: 400;\">De plus, vous b\u00e9n\u00e9ficiez d\u2019un pr\u00eat logement conventionn\u00e9. C&rsquo;est un pr\u00eat accord\u00e9 par une banque sous contrat avec l\u2019\u00c9tat avec pour objectif d\u2019acheter, de r\u00e9nover ou d\u2019am\u00e9liorer un logement.<\/span><\/p>\n<p><span class=\"amp-wp-fe3f5cc\" data-amp-original-style=\"font-weight: 400;\">Ou vous b\u00e9n\u00e9ficiez d\u2019un pr\u00eat d\u2019accession sociale (destin\u00e9 \u00e0 aider les familles modestes \u00e0 acc\u00e9der \u00e0 la propri\u00e9t\u00e9)<\/span><span class=\"amp-wp-fe3f5cc\" data-amp-original-style=\"font-weight: 400;\">. <\/span><\/p>\n<p><span class=\"amp-wp-fe3f5cc\" data-amp-original-style=\"font-weight: 400;\">Suite \u00e0 cette date, le mode de calcul des aides change.<\/span><\/p>\n<h3 class=\"amp-wp-7d27179\" style=\"text-align: justify;\" data-amp-original-style=\"text-align: justify;\"><span id=\"Si_vous_etes_resident_en_foyer_dhebergement\"><b>Lorsque vous r\u00e9sidez en foyer d\u2019h\u00e9bergement<\/b><\/span><\/h3>\n<p class=\"amp-wp-7d27179\" style=\"text-align: justify;\" data-amp-original-style=\"text-align: justify;\"><span class=\"amp-wp-fe3f5cc\" data-amp-original-style=\"font-weight: 400;\">Si vous r\u00e9sidez en foyer, tels que les EHPAD, r\u00e9sidences autonomie, r\u00e9sidences \u00e9tudiantes, foyer de jeune travailleur, vous pouvez percevoir l\u2019Allocation Personnalis\u00e9e au Logement.<\/span><\/p>\n<p style=\"text-align: justify;\" data-amp-original-style=\"text-align: justify;\"><span style=\"font-weight: 400;\"><div class='cta-block'><div class='text'>Simulez toutes vos Aides en 2 min.<\/div><a href='' class='app-button fit'>Simulation gratuite<\/a><\/div><\/span><\/p>\n<h2 class=\"amp-wp-7d27179\" style=\"text-align: justify;\" data-amp-original-style=\"text-align: justify;\"><span id=\"Conditions_de_ressources\"><b>Les conditions de ressources<img loading=\"lazy\" decoding=\"async\" class=\" wp-image-45130 alignright\" title=\"apl divorce\" src=\"https:\/\/www.mes-allocs.fr\/guides\/wp-content\/uploads\/2022\/02\/josh-appel-NeTPASr-bmQ-unsplash-e1644854137510-300x225.jpg\" alt=\"apl divorce\" width=\"331\" height=\"248\" srcset=\"https:\/\/www.mes-allocs.fr\/guides\/wp-content\/uploads\/2022\/02\/josh-appel-NeTPASr-bmQ-unsplash-e1644854137510-300x225.jpg 300w, https:\/\/www.mes-allocs.fr\/guides\/wp-content\/uploads\/2022\/02\/josh-appel-NeTPASr-bmQ-unsplash-e1644854137510-1024x769.jpg 1024w, https:\/\/www.mes-allocs.fr\/guides\/wp-content\/uploads\/2022\/02\/josh-appel-NeTPASr-bmQ-unsplash-e1644854137510-768x577.jpg 768w, https:\/\/www.mes-allocs.fr\/guides\/wp-content\/uploads\/2022\/02\/josh-appel-NeTPASr-bmQ-unsplash-e1644854137510-1536x1154.jpg 1536w, https:\/\/www.mes-allocs.fr\/guides\/wp-content\/uploads\/2022\/02\/josh-appel-NeTPASr-bmQ-unsplash-e1644854137510-600x451.jpg 600w, https:\/\/www.mes-allocs.fr\/guides\/wp-content\/uploads\/2022\/02\/josh-appel-NeTPASr-bmQ-unsplash-e1644854137510.jpg 1920w\" sizes=\"auto, (max-width: 331px) 100vw, 331px\" \/><\/b><\/span><\/h2>\n<p class=\"amp-wp-7d27179\" style=\"text-align: justify;\" data-amp-original-style=\"text-align: justify;\">L\u2019aide est attribu\u00e9e selon vos ressources, conform\u00e9ment au plafond pr\u00e9vu par la loi. Il prend en compte la composition de votre foyer\/votre situation familiale et la zone g\u00e9ographique de votre logement.<\/p>\n<p class=\"amp-wp-7d27179\" style=\"text-align: justify;\" data-amp-original-style=\"text-align: justify;\"><span class=\"amp-wp-fe3f5cc\" data-amp-original-style=\"font-weight: 400;\">L&rsquo;APL prend en compte la composition de votre foyer et le lieu de votre logement. <\/span><span class=\"amp-wp-fe3f5cc\" data-amp-original-style=\"font-weight: 400;\">Si vous \u00eates rattach\u00e9 au foyer fiscal de vos parents et qu\u2019ils sont soumis \u00e0 l\u2019imp\u00f4t sur la fortune immobili\u00e8re (IFI), vous ne pouvez percevoir l\u2019APL.<\/span><span class=\"amp-wp-fe3f5cc\" data-amp-original-style=\"font-weight: 400;\">\u00a0<\/span><span class=\"amp-wp-fe3f5cc\" data-amp-original-style=\"font-weight: 400;\">\u00a0<\/span><\/p>\n<p data-amp-original-style=\"text-align: justify;\">Voici les plafonds de ressources pour pouvoir b\u00e9n\u00e9ficier des APL en 2025.<br \/>\n\n<div class=\"wpdt-c row wpDataTableContainerSimpleTable wpDataTables wpDataTablesWrapper\n\"\n    >\n    <table id=\"wpdtSimpleTable-145\"\n           class=\"wpdtSimpleTable wpDataTable\"\n           data-column=\"2\"\n           data-rows=\"10\"\n           data-wpID=\"145\"\n           data-responsive=\"0\"\n           data-has-header=\"1\">\n\n                    <thead>        <tr class=\"wpdt-cell-row \" >\n                            <th class=\"wpdt-cell wpdt-bold wpdt-bc-F3F9FE\"\n                                    data-cell-id=\"A1\"\n                data-col-index=\"0\"\n                data-row-index=\"0\"\n                style=\" width:26.151930261519%;                padding:10px;\"\n                >\n                                Composition du foyer                <\/th>\n                                            <th class=\"wpdt-cell wpdt-bold wpdt-bc-F3F9FE\"\n                                    data-cell-id=\"B1\"\n                data-col-index=\"1\"\n                data-row-index=\"0\"\n                style=\" width:73.848069738481%;                padding:10px;\"\n                >\n                                Plafonds de ressources (en \u20ac) \u00e0 ne pas d\u00e9passer pour toucher le montant maximal d'APL en 2026                <\/th>\n                                        <\/tr>\n                    <tbody>        <tr class=\"wpdt-cell-row \" >\n                            <td class=\"wpdt-cell wpdt-bold wpdt-bc-F3F9FE\"\n                                    data-cell-id=\"A2\"\n                data-col-index=\"0\"\n                data-row-index=\"1\"\n                style=\"                padding:10px;\"\n                >\n                                Personne seule                <\/td>\n                                            <td class=\"wpdt-cell wpdt-bc-FFFFFF\"\n                                    data-cell-id=\"B2\"\n                data-col-index=\"1\"\n                data-row-index=\"1\"\n                style=\"                padding:10px;\"\n                >\n                                5 235                <\/td>\n                                        <\/tr>\n                            <tr class=\"wpdt-cell-row \" >\n                            <td class=\"wpdt-cell wpdt-bold wpdt-bc-F3F9FE\"\n                                    data-cell-id=\"A3\"\n                data-col-index=\"0\"\n                data-row-index=\"2\"\n                style=\"                padding:10px;\"\n                >\n                                Couple sans personne \u00e0 charge                <\/td>\n                                            <td class=\"wpdt-cell wpdt-bc-FFFFFF\"\n                                    data-cell-id=\"B3\"\n                data-col-index=\"1\"\n                data-row-index=\"2\"\n                style=\"                padding:10px;\"\n                >\n                                7 501                <\/td>\n                                        <\/tr>\n                            <tr class=\"wpdt-cell-row \" >\n                            <td class=\"wpdt-cell wpdt-bold wpdt-bc-F3F9FE\"\n                                    data-cell-id=\"A4\"\n                data-col-index=\"0\"\n                data-row-index=\"3\"\n                style=\"                padding:10px;\"\n                >\n                                Personne seule ou couple avec une personne \u00e0 charge                <\/td>\n                                            <td class=\"wpdt-cell wpdt-bc-FFFFFF\"\n                                    data-cell-id=\"B4\"\n                data-col-index=\"1\"\n                data-row-index=\"3\"\n                style=\"                padding:10px;\"\n                >\n                                8 947                <\/td>\n                                        <\/tr>\n                            <tr class=\"wpdt-cell-row \" >\n                            <td class=\"wpdt-cell wpdt-bold wpdt-bc-F3F9FE\"\n                                    data-cell-id=\"A5\"\n                data-col-index=\"0\"\n                data-row-index=\"4\"\n                style=\"                padding:10px;\"\n                >\n                                Personne seule ou couple ayant 2 personnes \u00e0 charge                <\/td>\n                                            <td class=\"wpdt-cell wpdt-bc-FFFFFF\"\n                                    data-cell-id=\"B5\"\n                data-col-index=\"1\"\n                data-row-index=\"4\"\n                style=\"                padding:10px;\"\n                >\n                                9 148                <\/td>\n                                        <\/tr>\n                            <tr class=\"wpdt-cell-row \" >\n                            <td class=\"wpdt-cell wpdt-bold wpdt-bc-F3F9FE\"\n                                    data-cell-id=\"A6\"\n                data-col-index=\"0\"\n                data-row-index=\"5\"\n                style=\"                padding:10px;\"\n                >\n                                Personne seule ou couple ayant 3 personnes \u00e0 charge                <\/td>\n                                            <td class=\"wpdt-cell wpdt-bc-FFFFFF\"\n                                    data-cell-id=\"B6\"\n                data-col-index=\"1\"\n                data-row-index=\"5\"\n                style=\"                padding:10px;\"\n                >\n                                9 498                <\/td>\n                                        <\/tr>\n                            <tr class=\"wpdt-cell-row \" >\n                            <td class=\"wpdt-cell wpdt-bold wpdt-bc-F3F9FE\"\n                                    data-cell-id=\"A7\"\n                data-col-index=\"0\"\n                data-row-index=\"6\"\n                style=\"                padding:10px;\"\n                >\n                                Personne seule ou couple ayant 4 personnes \u00e0 charge                <\/td>\n                                            <td class=\"wpdt-cell wpdt-bc-FFFFFF\"\n                                    data-cell-id=\"B7\"\n                data-col-index=\"1\"\n                data-row-index=\"6\"\n                style=\"                padding:10px;\"\n                >\n                                9 851                <\/td>\n                                        <\/tr>\n                            <tr class=\"wpdt-cell-row \" >\n                            <td class=\"wpdt-cell wpdt-bold wpdt-bc-F3F9FE\"\n                                    data-cell-id=\"A8\"\n                data-col-index=\"0\"\n                data-row-index=\"7\"\n                style=\"                padding:10px;\"\n                >\n                                Personne seule ou couple ayant 5 personnes \u00e0 charge                <\/td>\n                                            <td class=\"wpdt-cell wpdt-bc-FFFFFF\"\n                                    data-cell-id=\"B8\"\n                data-col-index=\"1\"\n                data-row-index=\"7\"\n                style=\"                padding:10px;\"\n                >\n                                10 202                <\/td>\n                                        <\/tr>\n                            <tr class=\"wpdt-cell-row \" >\n                            <td class=\"wpdt-cell wpdt-bold wpdt-bc-F3F9FE\"\n                                    data-cell-id=\"A9\"\n                data-col-index=\"0\"\n                data-row-index=\"8\"\n                style=\"                padding:10px;\"\n                >\n                                Personne seule ou couple ayant 6 personnes \u00e0 charge                <\/td>\n                                            <td class=\"wpdt-cell wpdt-bc-FFFFFF\"\n                                    data-cell-id=\"B9\"\n                data-col-index=\"1\"\n                data-row-index=\"8\"\n                style=\"                padding:10px;\"\n                >\n                                10 554                <\/td>\n                                        <\/tr>\n                            <tr class=\"wpdt-cell-row \" >\n                            <td class=\"wpdt-cell wpdt-bold wpdt-bc-F3F9FE\"\n                                    data-cell-id=\"A10\"\n                data-col-index=\"0\"\n                data-row-index=\"9\"\n                style=\"                padding:10px;\"\n                >\n                                Par personne \u00e0 charge suppl\u00e9mentaire                <\/td>\n                                            <td class=\"wpdt-cell wpdt-bc-FFFFFF\"\n                                    data-cell-id=\"B10\"\n                data-col-index=\"1\"\n                data-row-index=\"9\"\n                style=\"                padding:10px;\"\n                >\n                                + 346                <\/td>\n                                        <\/tr>\n                    <\/table>\n<\/div><style id='wpdt-custom-style-145'>\ntable#wpdtSimpleTable-145{ table-layout: fixed !important; }\n.wpdt-bc-F3F9FE { background-color: #F3F9FE !important;}\n.wpdt-bc-FFFFFF { background-color: #FFFFFF !important;}\n<\/style>\n<\/p>\n<p style=\"text-align: justify;\">Les revenus, la pension alimentaire comptent dans le calcul de l\u2019APL.<\/p>\n<p>&nbsp;<\/p>\n<p><iframe loading=\"lazy\" src=\"\/\/www.youtube.com\/embed\/dfDRI2qg_z4\" width=\"560\" height=\"314\" allowfullscreen=\"allowfullscreen\"><\/iframe><\/p>\n<h1 style=\"text-align: justify;\">Les APL apr\u00e8s un divorce<\/h1>\n<p style=\"text-align: justify;\">Dans une d\u00e9cision rendue le 1er d\u00e9cembre 2021, la Cour de Cassation a \u00e9mis une autre opinion.<\/p>\n<p style=\"text-align: justify;\">Les aides sont cens\u00e9es intervenir afin d&rsquo;aider en cas d&rsquo;insuffisance de revenus et ont pour finalit\u00e9 d\u2019all\u00e9ger les frais du logement. Ces frais de mariage sont une charge du mariage incombant \u00e0 la communaut\u00e9.<\/p>\n<p style=\"text-align: justify;\">Ces aides constituent donc un substitut de revenus et doivent donc \u00e0 l\u2019\u00e9vidence tomber en communaut\u00e9, comme tous les revenus des \u00e9poux.<\/p>\n<p style=\"text-align: justify;\">Cela signifie que pour la Cour de Cassation, en cas de divorce, l\u2019ex \u00e9poux propri\u00e9taire du bien qui a \u00e9t\u00e9 financ\u00e9 par les aides a donc une dette envers la communaut\u00e9.<\/p>\n<p style=\"text-align: justify;\">Cet \u00e9poux doit donc un remboursement \u00e0 la communaut\u00e9 l\u00e9gale.<\/p>\n<p style=\"text-align: justify;\">Cela repr\u00e9sente une fraction des \u00e9ch\u00e9ances pay\u00e9es, m\u00eame par le biais des aides au logement vers\u00e9es\u00a0 \u00e0 la banque.<\/p>\n<div class=\"chapo\" style=\"text-align: justify;\">Les aides personnalis\u00e9es au logement (APL) sont des substituts de revenus qui entrent dans la communaut\u00e9 matrimoniale. Ce qui a des cons\u00e9quences concr\u00e8tes si l&rsquo;argent a servi \u00e0 financer l&rsquo;achat d&rsquo;un bien immobilier.<\/div>\n<div style=\"text-align: justify;\">\n<h1>Les autres aides au logement en cas de s\u00e9paration ou divorce<\/h1>\n<p>Suite \u00e0 une s\u00e9paration, plusieurs aides et allocations sont propos\u00e9es par la Caisse d\u2019Allocations Familiales. Et ce, que l\u2019on soit mari\u00e9, pacs\u00e9 ou en concubinage.<\/p>\n<p>Votre situation n&rsquo;est d\u00e9sormais plus la m\u00eame avec par exemple des enfants \u00e0 charge en cas de garde altern\u00e9e. En effet, si vous n\u2019aviez jusqu\u2019alors pas le droit aux allocations familiales ou aux APL (aides personnalis\u00e9es au logement), il est possible que vous soyez d\u00e9sormais \u00e9ligible \u00e0 ces allocations suite \u00e0 votre s\u00e9paration.<\/p>\n<\/div>\n<h2 style=\"text-align: justify;\">Les\u00a0<strong>aides au logement<img loading=\"lazy\" decoding=\"async\" class=\" wp-image-45131 alignright\" title=\"apl divorce\" src=\"https:\/\/www.mes-allocs.fr\/guides\/wp-content\/uploads\/2022\/02\/patrick-perkins-3wylDrjxH-E-unsplash-e1644854225978-300x223.jpg\" alt=\"apl divorce\" width=\"340\" height=\"253\" srcset=\"https:\/\/www.mes-allocs.fr\/guides\/wp-content\/uploads\/2022\/02\/patrick-perkins-3wylDrjxH-E-unsplash-e1644854225978-300x223.jpg 300w, https:\/\/www.mes-allocs.fr\/guides\/wp-content\/uploads\/2022\/02\/patrick-perkins-3wylDrjxH-E-unsplash-e1644854225978-1024x762.jpg 1024w, https:\/\/www.mes-allocs.fr\/guides\/wp-content\/uploads\/2022\/02\/patrick-perkins-3wylDrjxH-E-unsplash-e1644854225978-768x571.jpg 768w, https:\/\/www.mes-allocs.fr\/guides\/wp-content\/uploads\/2022\/02\/patrick-perkins-3wylDrjxH-E-unsplash-e1644854225978-1536x1142.jpg 1536w, https:\/\/www.mes-allocs.fr\/guides\/wp-content\/uploads\/2022\/02\/patrick-perkins-3wylDrjxH-E-unsplash-e1644854225978-600x446.jpg 600w, https:\/\/www.mes-allocs.fr\/guides\/wp-content\/uploads\/2022\/02\/patrick-perkins-3wylDrjxH-E-unsplash-e1644854225978.jpg 1920w\" sizes=\"auto, (max-width: 340px) 100vw, 340px\" \/><\/strong><\/h2>\n<p style=\"text-align: justify;\">Plusieurs aides sont notamment propos\u00e9es en mati\u00e8re de logement et de d\u00e9m\u00e9nagement.<\/p>\n<p style=\"text-align: justify;\">Vous pouvez par exemple solliciter aupr\u00e8s d\u2019un travailleur social de votre d\u00e9partement le FSL (fonds de solidarit\u00e9 pour le logement). Si vous y \u00eates \u00e9ligible, il pourra vous aider \u00e0 assumer les frais li\u00e9es \u00e0 votre entr\u00e9e dans un nouveau logement.<\/p>\n<p style=\"text-align: justify;\">Si vous d\u00e9m\u00e9nagez, il vous est possible de faire la demande d&rsquo;une prime de d\u00e9m\u00e9nagement aupr\u00e8s de la <a href=\"http:\/\/caf.fr\">CAF<\/a>. Cette prime si vous \u00eates \u00e9ligible, vous aidera \u00e0 rembourser les frais li\u00e9s \u00e0 votre changement de r\u00e9sidence.<\/p>\n<p style=\"text-align: justify;\">L\u2019allocation de logement \u00e0 caract\u00e8re familial (ALF) peut elle aussi \u00eatre sollicit\u00e9e aupr\u00e8s de la CAF. Il s\u2019agit d\u2019une aide financi\u00e8re destin\u00e9e \u00e0 r\u00e9duire le montant du loyer des personnes ayant \u00e0 charge leur famille.<\/p>\n<p style=\"text-align: justify;\"><span style=\"font-weight: 400;\"><div class='cta-block'><div class='text'>Simulez toutes vos Aides en 2 min.<\/div><a href='' class='app-button fit'>Simulation gratuite<\/a><\/div><\/span><\/p>\n<h2 style=\"text-align: justify;\">Les\u00a0<strong>aides pour les parents isol\u00e9s<\/strong><\/h2>\n<p style=\"text-align: justify;\">En plus du logement, des allocations sont \u00e9galement propos\u00e9es aux parents isol\u00e9s.<\/p>\n<p style=\"text-align: justify;\">En effet, si suite \u00e0 votre s\u00e9paration, votre ex conjoint ne vous aide pas financi\u00e8rement pour \u00e9lever vos enfants, vous pouvez demander l&rsquo; Allocation de Soutien Familial (ASF) aupr\u00e8s de votre CAF.<\/p>\n<p style=\"text-align: justify;\">L\u2019Allocation de Parent Isol\u00e9 (API) est remplac\u00e9 aujourd\u2019hui par le RSA (Revenu de solidarit\u00e9 active). Il peut lui aussi venir en aide aux parents isol\u00e9s, dont les revenus sont faibles.<\/p>\n<p style=\"text-align: justify;\">Enfin, si vous \u00eates un parent isol\u00e9 qui recherche, reprend un emploi ou engage une formation, vous pouvez faire la demande aupr\u00e8s de P\u00f4le Emploi de l\u2019aide \u00e0 la garde d&rsquo;enfants pour parent isol\u00e9 (Agepi).<\/p>\n<p style=\"text-align: justify;\">Cette aide pourra vous permettre de financer un mode de garde le temps de reprendre ou retrouver une activit\u00e9 professionnelle.<\/p>\n","protected":false},"excerpt":{"rendered":"<p>L\u2019Aide Personnalis\u00e9e au Logement (APL) est une aide financi\u00e8re vers\u00e9e par la Caisse d\u2019Allocations Familiales (CAF) ou la Mutualit\u00e9 Sociale Agricole (MSA). Cette aide par situation peut \u00eatre attribu\u00e9e, \u00e0 toute personne qui loue ou ach\u00e8te un logement ou r\u00e9side dans un foyer. Cependant, cette aide\u00a0est-elle disponible apr\u00e8s un divorce ?\u00a0MesAllocs est l\u00e0 pour tout [&hellip;]<\/p>\n","protected":false},"author":13,"featured_media":45125,"comment_status":"open","ping_status":"open","sticky":false,"template":"","format":"standard","meta":{"amp_status":"","footnotes":""},"categories":[18570,14320],"tags":[],"class_list":["post-45121","post","type-post","status-publish","format-standard","has-post-thumbnail","hentry","category-aide-divorce","category-aide-par-situation"],"yoast_head":"<!-- This site is optimized with the Yoast SEO plugin v14.9 - https:\/\/yoast.com\/wordpress\/plugins\/seo\/ -->\n<title>L&#039;APL en cas de divorce | Mes-Allocs.fr<\/title>\n<meta name=\"description\" content=\"L\u2019aide personnalis\u00e9e au logement (APL) est vers\u00e9e par la CAF. Cette aide par situation est-elle disponible apr\u00e8s un divorce ?\u00a0\" \/>\n<meta name=\"robots\" content=\"index, follow, max-snippet:-1, max-image-preview:large, max-video-preview:-1\" \/>\n<link rel=\"canonical\" href=\"https:\/\/www.mes-allocs.fr\/guides\/aide-par-situation\/aide-divorce\/apl-divorce\/\" \/>\n<meta property=\"og:locale\" content=\"fr_FR\" \/>\n<meta property=\"og:type\" content=\"article\" \/>\n<meta property=\"og:title\" content=\"L&#039;APL en cas de divorce | Mes-Allocs.fr\" \/>\n<meta property=\"og:description\" content=\"L\u2019aide personnalis\u00e9e au logement (APL) est vers\u00e9e par la CAF. Cette aide par situation est-elle disponible apr\u00e8s un divorce ?\u00a0\" \/>\n<meta property=\"og:url\" content=\"https:\/\/www.mes-allocs.fr\/guides\/aide-par-situation\/aide-divorce\/apl-divorce\/\" \/>\n<meta property=\"og:site_name\" content=\"Mes-Allocs.fr\" \/>\n<meta property=\"article:published_time\" content=\"2022-03-01T10:22:46+00:00\" \/>\n<meta property=\"article:modified_time\" content=\"2025-01-20T08:45:09+00:00\" \/>\n<meta property=\"og:image\" content=\"https:\/\/www.mes-allocs.fr\/guides\/wp-content\/uploads\/2022\/02\/kelly-sikkema-E8H76nY1v6Q-unsplash-e1644847198785.jpg?wsr\" \/>\n\t<meta property=\"og:image:width\" content=\"1920\" \/>\n\t<meta property=\"og:image:height\" content=\"561\" \/>\n<meta name=\"twitter:card\" content=\"summary_large_image\" \/>\n<script type=\"application\/ld+json\" class=\"yoast-schema-graph\">{\"@context\":\"https:\/\/schema.org\",\"@graph\":[{\"@type\":\"WebSite\",\"@id\":\"https:\/\/www.mes-allocs.fr\/guides\/#website\",\"url\":\"https:\/\/www.mes-allocs.fr\/guides\/\",\"name\":\"Mes-Allocs.fr\",\"description\":\"\",\"potentialAction\":[{\"@type\":\"SearchAction\",\"target\":\"https:\/\/www.mes-allocs.fr\/guides\/?s={search_term_string}\",\"query-input\":\"required name=search_term_string\"}],\"inLanguage\":\"fr-FR\"},{\"@type\":\"ImageObject\",\"@id\":\"https:\/\/www.mes-allocs.fr\/guides\/aide-par-situation\/aide-divorce\/apl-divorce\/#primaryimage\",\"inLanguage\":\"fr-FR\",\"url\":\"https:\/\/www.mes-allocs.fr\/guides\/wp-content\/uploads\/2022\/02\/kelly-sikkema-E8H76nY1v6Q-unsplash-e1644847198785.jpg?wsr\",\"width\":1920,\"height\":561,\"caption\":\"apl divorce\"},{\"@type\":\"WebPage\",\"@id\":\"https:\/\/www.mes-allocs.fr\/guides\/aide-par-situation\/aide-divorce\/apl-divorce\/#webpage\",\"url\":\"https:\/\/www.mes-allocs.fr\/guides\/aide-par-situation\/aide-divorce\/apl-divorce\/\",\"name\":\"L'APL en cas de divorce | Mes-Allocs.fr\",\"isPartOf\":{\"@id\":\"https:\/\/www.mes-allocs.fr\/guides\/#website\"},\"primaryImageOfPage\":{\"@id\":\"https:\/\/www.mes-allocs.fr\/guides\/aide-par-situation\/aide-divorce\/apl-divorce\/#primaryimage\"},\"datePublished\":\"2022-03-01T10:22:46+00:00\",\"dateModified\":\"2025-01-20T08:45:09+00:00\",\"author\":{\"@id\":\"https:\/\/www.mes-allocs.fr\/guides\/#\/schema\/person\/c22c1269332026958a3b5505f80b5404\"},\"description\":\"L\\u2019aide personnalis\\u00e9e au logement (APL) est vers\\u00e9e par la CAF. Cette aide par situation est-elle disponible apr\\u00e8s un divorce ?\\u00a0\",\"inLanguage\":\"fr-FR\"},{\"@type\":\"Person\",\"@id\":\"https:\/\/www.mes-allocs.fr\/guides\/#\/schema\/person\/c22c1269332026958a3b5505f80b5404\",\"name\":\"Flavien Fritz\",\"image\":{\"@type\":\"ImageObject\",\"@id\":\"https:\/\/www.mes-allocs.fr\/guides\/#personlogo\",\"inLanguage\":\"fr-FR\",\"url\":\"https:\/\/www.mes-allocs.fr\/guides\/wp-content\/uploads\/2021\/11\/Flavien-1-150x150.png\",\"caption\":\"Flavien Fritz\"},\"description\":\"Flavien est r\\u00e9dacteur au sein de l'\\u00e9quipe Mes Allocs, sp\\u00e9cialis\\u00e9 en droit priv\\u00e9. Dipl\\u00f4m\\u00e9 de l'Institut Catholique de Vend\\u00e9e, il rejoint Mes Allocs apr\\u00e8s une premi\\u00e8re exp\\u00e9rience entrepreneuriale.\",\"sameAs\":[\"https:\/\/fr.linkedin.com\/in\/flavienfritz\"]}]}<\/script>\n<!-- \/ Yoast SEO plugin. -->","amp_validity":null,"acf":{"faq":{"1":{"question":"Pour quel logement l'APL est-elle disponible ?","answer":"L\u2019allocation personnalis\u00e9e au logement vous est accord\u00e9e uniquement pour votre r\u00e9sidence principale\r\n<br> <a href=\"https:\/\/www.mes-allocs.fr\/guides\/aide-par-situation\/apl-divorce\/\">Lire la suite<\/a>"},"2":{"question":"Y a t-il des conditions de ressources pour l'APL ?","answer":"L\u2019aide est attribu\u00e9e selon vos ressources, conform\u00e9ment au plafond pr\u00e9vu par la loi.\r\n<br> <a href=\"https:\/\/www.mes-allocs.fr\/guides\/aide-par-situation\/apl-divorce\/\">Lire la suite<\/a>"},"3":{"question":"Comment se passe le remboursement de l'APL en cas de divorce ? ","answer":"Cet \u00e9poux doit donc un remboursement \u00e0 la communaut\u00e9 l\u00e9gale.\r\n<br> <a href=\"https:\/\/www.mes-allocs.fr\/guides\/aide-par-situation\/apl-divorce\/\">Lire la suite<\/a> "},"4":{"question":"Existe t-il d'autres aides au logement apr\u00e8s un divorce ?","answer":"Suite \u00e0 une s\u00e9paration, plusieurs aides et allocations sont propos\u00e9es par la Caisse d\u2019Allocations Familiales.\r\n<br> <a href=\"https:\/\/www.mes-allocs.fr\/guides\/aide-par-situation\/apl-divorce\/\">Lire la suite<\/a>"},"5":{"question":"Pourquoi l'APL doit \u00eatre rembours\u00e9e lors d'un divorce ?","answer":"Les aides personnalis\u00e9es au logement (APL) sont des substituts de revenus qui entrent dans la communaut\u00e9 matrimoniale. Ce qui a des cons\u00e9quences concr\u00e8tes si l'argent a servi \u00e0 financer l'achat d'un bien immobilier.\r\n<br> <a href=\"https:\/\/www.mes-allocs.fr\/guides\/aide-par-situation\/apl-divorce\/\">Lire la suite<\/a>"},"6":{"question":"La pension alimentaire est-elle prise en compte dans le calcul de l'APL ?","answer":"La pension alimentaire compte dans le calcul de l\u2019APL.\r\n<br> <a href=\"https:\/\/www.mes-allocs.fr\/guides\/aide-par-situation\/apl-divorce\/\">Lire la suite<\/a>"},"7":{"question":"","answer":""},"8":{"question":"","answer":""},"9":{"question":"","answer":""},"10":{"question":"","answer":""},"11":{"question":"","answer":""},"12":{"question":"","answer":""},"13":{"question":"","answer":""},"14":{"question":"","answer":""},"15":{"question":"","answer":""},"16":{"question":"","answer":""}}},"_links":{"self":[{"href":"https:\/\/www.mes-allocs.fr\/guides\/wp-json\/wp\/v2\/posts\/45121","targetHints":{"allow":["GET"]}}],"collection":[{"href":"https:\/\/www.mes-allocs.fr\/guides\/wp-json\/wp\/v2\/posts"}],"about":[{"href":"https:\/\/www.mes-allocs.fr\/guides\/wp-json\/wp\/v2\/types\/post"}],"author":[{"embeddable":true,"href":"https:\/\/www.mes-allocs.fr\/guides\/wp-json\/wp\/v2\/users\/13"}],"replies":[{"embeddable":true,"href":"https:\/\/www.mes-allocs.fr\/guides\/wp-json\/wp\/v2\/comments?post=45121"}],"version-history":[{"count":13,"href":"https:\/\/www.mes-allocs.fr\/guides\/wp-json\/wp\/v2\/posts\/45121\/revisions"}],"predecessor-version":[{"id":91374,"href":"https:\/\/www.mes-allocs.fr\/guides\/wp-json\/wp\/v2\/posts\/45121\/revisions\/91374"}],"wp:featuredmedia":[{"embeddable":true,"href":"https:\/\/www.mes-allocs.fr\/guides\/wp-json\/wp\/v2\/media\/45125"}],"wp:attachment":[{"href":"https:\/\/www.mes-allocs.fr\/guides\/wp-json\/wp\/v2\/media?parent=45121"}],"wp:term":[{"taxonomy":"category","embeddable":true,"href":"https:\/\/www.mes-allocs.fr\/guides\/wp-json\/wp\/v2\/categories?post=45121"},{"taxonomy":"post_tag","embeddable":true,"href":"https:\/\/www.mes-allocs.fr\/guides\/wp-json\/wp\/v2\/tags?post=45121"}],"curies":[{"name":"wp","href":"https:\/\/api.w.org\/{rel}","templated":true}]}}