{"id":45016,"date":"2022-02-28T19:11:31","date_gmt":"2022-02-28T17:11:31","guid":{"rendered":"https:\/\/www.mes-allocs.fr\/guides\/?p=45016"},"modified":"2025-11-05T18:19:58","modified_gmt":"2025-11-05T17:19:58","slug":"conge-maternite-chomage","status":"publish","type":"post","link":"https:\/\/www.mes-allocs.fr\/guides\/chomage\/conge-maternite-chomage\/","title":{"rendered":"Le calcul indemnit\u00e9 cong\u00e9 maternit\u00e9 chomage"},"content":{"rendered":"<p style=\"text-align: justify;\">Le fait de vous retrouver en situation de ch\u00f4mage ne vous prive pas de certains droits. C&rsquo;est notamment le cas du cong\u00e9 maternit\u00e9. Dans cet article, nous allons voir comment se passe <a href=\"https:\/\/www.mes-allocs.fr\/guides\/chomage\/calculer-chomage\/\">le calcul de l&rsquo;indemnit\u00e9<\/a> pendant la p\u00e9riode de cong\u00e9 maternit\u00e9.<\/p>\n<div class='cta-block'><div class='text'>Simulez votre ch\u00f4mage en 2 min.<\/div><a href='https:\/\/www.mes-allocs.fr\/simulation-chomage?origin=guides\/wp-json\/wp\/v2\/posts\/45016' class='app-button fit'>Simulation gratuite<\/a><\/div>\n<hr \/>\n<h1 style=\"text-align: justify;\">Le cong\u00e9 maternit\u00e9 en quelques mots<\/h1>\n<h2 style=\"text-align: justify;\">Le cong\u00e9 maternit\u00e9<\/h2>\n<p style=\"text-align: justify;\">En tant que salari\u00e9e, vous pouvez b\u00e9n\u00e9ficier d\u2019un <a href=\"https:\/\/www.mes-allocs.fr\/guides\/allocations-familiales\/conge-maternite-secteur-public\">cong\u00e9 maternit\u00e9<\/a> dans le cadre de votre grossesse.<img loading=\"lazy\" decoding=\"async\" class=\" wp-image-45098 alignright\" title=\"femme enciente\" src=\"https:\/\/www.mes-allocs.fr\/guides\/wp-content\/uploads\/2022\/02\/femme-enciente-.jpeg\" alt=\"calcul indemnit\u00e9 cong\u00e9 maternit\u00e9 chomage\" width=\"354\" height=\"236\" srcset=\"https:\/\/www.mes-allocs.fr\/guides\/wp-content\/uploads\/2022\/02\/femme-enciente-.jpeg 1125w, https:\/\/www.mes-allocs.fr\/guides\/wp-content\/uploads\/2022\/02\/femme-enciente--300x200.jpeg 300w, https:\/\/www.mes-allocs.fr\/guides\/wp-content\/uploads\/2022\/02\/femme-enciente--1024x683.jpeg 1024w, https:\/\/www.mes-allocs.fr\/guides\/wp-content\/uploads\/2022\/02\/femme-enciente--768x512.jpeg 768w, https:\/\/www.mes-allocs.fr\/guides\/wp-content\/uploads\/2022\/02\/femme-enciente--600x400.jpeg 600w\" sizes=\"auto, (max-width: 354px) 100vw, 354px\" \/><\/p>\n<p style=\"text-align: justify;\">Le cong\u00e9 maternit\u00e9 correspond \u00e0 une suspension du contrat de travail, qui permet aux femmes enceintes salari\u00e9es de cesser leur activit\u00e9 professionnelle durant la p\u00e9riode pr\u00e9c\u00e9dant et suivant de la naissance de leur enfant, tout en continuant \u00e0 percevoir une r\u00e9mun\u00e9ration.<\/p>\n<p style=\"text-align: justify;\">La dur\u00e9e du cong\u00e9 maternit\u00e9 varie selon le nombre d\u2019enfants attendus ou encore la situation familiale.<\/p>\n<p style=\"text-align: justify;\">Vous b\u00e9n\u00e9ficiez automatiquement d&rsquo;un cong\u00e9 de maternit\u00e9, en partie avant votre accouchement (cong\u00e9 pr\u00e9natal) et en partie apr\u00e8s (c&rsquo;est le cong\u00e9 postnatal).\u00a0Le cong\u00e9 de maternit\u00e9 est obligatoire. Il est strictement interdit d&rsquo;y renoncer totalement.<\/p>\n<h2 style=\"text-align: justify;\">La demande de cong\u00e9 maternit\u00e9<\/h2>\n<p style=\"text-align: justify;\">Avant le d\u00e9but du cong\u00e9 maternit\u00e9\/paternit\u00e9, la femme enceinte pr\u00e9vient son employeur en lui envoyant un courrier en recommand\u00e9 avec accus\u00e9 de r\u00e9ception.<\/p>\n<p style=\"text-align: justify;\">Ce dernier doit contenir :<\/p>\n<ul style=\"text-align: justify;\">\n<li>Une attestation m\u00e9dicale ;<\/li>\n<li>Une lettre pr\u00e9cisant la date pr\u00e9vue de l\u2019accouchement ;<\/li>\n<li>Les dates de d\u00e9but et de fin du cong\u00e9 maternit\u00e9.<\/li>\n<\/ul>\n<p style=\"text-align: justify;\">Si aucun d\u00e9lai n\u2019est pr\u00e9vu par la loi pour l&rsquo;envoi du courrier avant la date pr\u00e9sum\u00e9e, ce courrier est g\u00e9n\u00e9ralement envoy\u00e9 au d\u00e9but du deuxi\u00e8me trimestre de grossesse.<\/p>\n<p style=\"text-align: justify;\">Il faut savoir que le cong\u00e9 d\u2019adoption est soumis \u00e0 des r\u00e8gles sp\u00e9cifiques. Il peut \u00eatre r\u00e9parti entre la m\u00e8re et le p\u00e8re adoptifs, voire m\u00eame pris int\u00e9gralement par ce dernier.<\/p>\n<h2 style=\"text-align: justify;\">Existe-t-il une aide compensatrice ?<\/h2>\n<p style=\"text-align: justify;\">Pour b\u00e9n\u00e9ficier d&rsquo;une indemnisation pendant le cong\u00e9 maternit\u00e9, il faut se trouver dans une de ces situations.<\/p>\n<p style=\"text-align: justify;\">La premi\u00e8re situation est que vous avez travaill\u00e9 au moins l\u2019\u00e9quivalent d\u2019un tiers-temps. C\u2019est le cas, \u00e0 la date du d\u00e9but de votre grossesse, vous avez effectu\u00e9 au moins 150 heures de travail salari\u00e9 au cours des 3\u00a0mois (ou des 90\u00a0jours) pr\u00e9c\u00e9dant l&rsquo;arr\u00eat de travail.<\/p>\n<p style=\"text-align: justify;\">Par exemple, pour un arr\u00eat de travail ayant d\u00e9but\u00e9 le 1er Mars 2025, votre droit aux indemnit\u00e9s journali\u00e8res maternit\u00e9 est ouvert si vous avez travaill\u00e9 au moins 150 heures entre le 1er Novembre 2024 et le 28 f\u00e9vrier 2025 ;<\/p>\n<p style=\"text-align: justify;\">Vous pouvez aussi percevoir cette indemnit\u00e9 journali\u00e8re vers\u00e9e si vous avez travaill\u00e9 dans le cadre d\u2019un ou plusieurs CDD, en int\u00e9rim ou dans le cadre d&rsquo;une activit\u00e9 saisonni\u00e8re ou discontinue. Vous avez effectu\u00e9 au moins 600 heures au cours de l&rsquo;ann\u00e9e pr\u00e9c\u00e9dant la date du d\u00e9but de votre grossesse. Par exemple, pour un arr\u00eat de travail ayant d\u00e9but\u00e9 le 1er juillet 2025, votre droit aux Indemnit\u00e9s Journali\u00e8res est ouvert si vous avez travaill\u00e9 au moins 600 heures entre le 30 juin 2014 et le 30 juin 2025 ;<\/p>\n<p style=\"text-align: justify;\">Voici une autre situation. Si vous avez cotis\u00e9, pendant les 6 mois pr\u00e9c\u00e9dant la date de votre grossesse, sur la base d\u2019un salaire minimum au moins \u00e9gal \u00e0 1 015 fois la valeur du SMIC horaire. Par exemple, pour un arr\u00eat de travail ayant d\u00e9but\u00e9 le 1er juillet 2025, votre droit aux IJ est ouvert si, entre le 1er janvier 2025 et le 30 juin 2025, votre r\u00e9mun\u00e9ration a \u00e9t\u00e9 au moins \u00e9gale \u00e0 (1015 x montant du SMIC horaire brut) ;<\/p>\n<p style=\"text-align: justify;\">Enfin, si vous avez cotis\u00e9, au cours de l\u2019ann\u00e9e pr\u00e9c\u00e9dant le d\u00e9but de grossesse, sur un salaire au moins \u00e9gal \u00e0 2 030 fois le montant du SMIC horaire. Par exemple, pour un arr\u00eat de travail ayant d\u00e9but\u00e9 le 1er juillet 2025, votre droit aux IJ est ouvert si, entre le 30 juin 2024 et le 30 juin 2025, votre r\u00e9mun\u00e9ration ou le total de vos diff\u00e9rentes r\u00e9mun\u00e9rations a \u00e9t\u00e9 au moins \u00e9gale \u00e0 (2 030 x le montant du Smic horaire brut).<\/p>\n<h2 style=\"text-align: justify;\">Comment se calcule l&rsquo;indemnit\u00e9 ?<\/h2>\n<p style=\"text-align: justify;\">Le montant des indemnit\u00e9s journali\u00e8res est calcul\u00e9e sur les salaires des 3 mois qui pr\u00e9c\u00e8dent votre cong\u00e9 maternit\u00e9 ou des 12\u00a0mois pr\u00e9c\u00e9dents en cas d\u2019activit\u00e9 saisonni\u00e8re ou non continue.<\/p>\n<p style=\"text-align: justify;\">Vos salaires sont pris en compte dans la limite du plafond mensuel de la S\u00e9curit\u00e9 sociale de l&rsquo;ann\u00e9e en cours. Ils peuvent aussi \u00eatre consid\u00e9r\u00e9s sur les 12 mois qui pr\u00e9c\u00e8dent votre cong\u00e9 maternit\u00e9 si vous avez une activit\u00e9 saisonni\u00e8re ou non continue.<\/p>\n<p><iframe loading=\"lazy\" title=\"Tout savoir sur le ch\u00f4mage en France !\" width=\"500\" height=\"281\" src=\"https:\/\/www.youtube.com\/embed\/jgv9qS4jh7k?feature=oembed\" frameborder=\"0\" allow=\"accelerometer; autoplay; clipboard-write; encrypted-media; gyroscope; picture-in-picture; web-share\" referrerpolicy=\"strict-origin-when-cross-origin\" allowfullscreen><\/iframe><\/p>\n<p style=\"text-align: justify;\"><div class='cta-block'><div class='text'>Simulez votre ch\u00f4mage en 2 min.<\/div><a href='https:\/\/www.mes-allocs.fr\/simulation-chomage?origin=guides\/wp-json\/wp\/v2\/posts\/45016' class='app-button fit'>Simulation gratuite<\/a><\/div><\/p>\n<h2 style=\"text-align: justify;\">Versement de l&rsquo;aide<\/h2>\n<p style=\"text-align: justify;\">\u00c0 la suite du 1er paiement, vos indemnit\u00e9s journali\u00e8res maternit\u00e9 vous sont vers\u00e9es en moyenne tous les 14\u00a0jours par votre caisse primaire d&rsquo;assurance maladie.<br \/>\nElles sont vers\u00e9es pendant toute la dur\u00e9e du cong\u00e9 maternit\u00e9 sans d\u00e9lai de carence (c\u2019est-\u00e0-dire d\u00e8s le 1er jour) et pour chaque jour de la semaine, y compris les samedis, dimanches et jours f\u00e9ri\u00e9s.<\/p>\n<p style=\"text-align: justify;\">Les relev\u00e9s de paiement de vos indemnit\u00e9s journali\u00e8res de maternit\u00e9 justifient de vos droits \u00e0 la retraite. Ils doivent \u00eatre conserv\u00e9s sans limitation de dur\u00e9e, comme les bulletins de salaire.<\/p>\n<h2 style=\"text-align: justify;\">Cong\u00e9 maternit\u00e9 et ch\u00f4mage<\/h2>\n<h3 style=\"text-align: justify;\">Conditions d&rsquo;attribution<\/h3>\n<p style=\"text-align: justify;\">Petite pr\u00e9cision: Il faut diff\u00e9rencier le cong\u00e9 maternit\u00e9 (le droit \u00e0 des semaines d\u2019arr\u00eat) qui est accessible \u00e0 toutes les femmes enceintes et le fait d\u2019\u00eatre indemnis\u00e9e par la CPAM.<\/p>\n<p style=\"text-align: justify;\">Pour b\u00e9n\u00e9ficier de l&rsquo;indemnisation pour le cong\u00e9 maternit\u00e9, il faut se trouver dans une des situations:<\/p>\n<ul class=\"list-9\" style=\"text-align: justify;\">\n<li>Vous\u00a0percevez l\u2019allocation ch\u00f4mage<\/li>\n<li>Vous avez per\u00e7u l\u2019allocation ch\u00f4mage au cours des 12 derniers mois<\/li>\n<li>Vous avez arr\u00eat\u00e9 de travailler depuis moins de 12 mois sans \u00eatre indemnis\u00e9e par P\u00f4le emploi<\/li>\n<\/ul>\n<p style=\"text-align: justify;\">Si vous n\u2019\u00eates pas dans l\u2019une des situations suivantes, vous pourrez b\u00e9n\u00e9ficier de semaines de repos avant et apr\u00e8s la naissance du ou des enfants mais aucune indemnit\u00e9 journali\u00e8re ne vous sera vers\u00e9e. La CPAM ne vous indemnisera pas.<\/p>\n<h3 style=\"text-align: justify;\">Le calcul de l&rsquo;indemnit\u00e9<\/h3>\n<p style=\"text-align: justify;\">Pour d\u00e9terminer le montant des Indemnit\u00e9s Journali\u00e8res maternit\u00e9 au ch\u00f4mage, la CPAM prend en compte l\u2019activit\u00e9 professionnelle qui vous a permis d\u2019ouvrir des droits ou celle datant de moins de 12 mois pour les personnes non indemnis\u00e9es.\u00a0Le montant de l\u2019IJ pour cong\u00e9 maternit\u00e9 se calcule au ch\u00f4mage de la m\u00eame fa\u00e7on que les salari\u00e9s :<img loading=\"lazy\" decoding=\"async\" class=\" wp-image-45099 alignright\" title=\"billets\" src=\"https:\/\/www.mes-allocs.fr\/guides\/wp-content\/uploads\/2022\/02\/billets-3.jpg\" alt=\"billetscalcul indemnit\u00e9 cong\u00e9 maternit\u00e9 chomage\" width=\"328\" height=\"219\" srcset=\"https:\/\/www.mes-allocs.fr\/guides\/wp-content\/uploads\/2022\/02\/billets-3.jpg 1125w, https:\/\/www.mes-allocs.fr\/guides\/wp-content\/uploads\/2022\/02\/billets-3-300x200.jpg 300w, https:\/\/www.mes-allocs.fr\/guides\/wp-content\/uploads\/2022\/02\/billets-3-1024x683.jpg 1024w, https:\/\/www.mes-allocs.fr\/guides\/wp-content\/uploads\/2022\/02\/billets-3-768x512.jpg 768w, https:\/\/www.mes-allocs.fr\/guides\/wp-content\/uploads\/2022\/02\/billets-3-600x400.jpg 600w\" sizes=\"auto, (max-width: 328px) 100vw, 328px\" \/><\/p>\n<ul class=\"list-9\" style=\"text-align: justify;\">\n<li>Les 3 derniers salaires bruts<strong>\u00a0<\/strong>de l\u2019activit\u00e9 professionnelle sont pris en compte<\/li>\n<li>Le total ainsi obtenu est divis\u00e9 par 91.25 : Le r\u00e9sultat d\u00e9termine votre indemnit\u00e9 journali\u00e8re<\/li>\n<li>La CPAM soustrait 21%\u00a0correspondant aux cotisations obligatoires<\/li>\n<\/ul>\n<p style=\"text-align: justify;\">Aucun d\u00e9lai de carence n\u2019est appliqu\u00e9. D\u00e8s le d\u00e9but de votre cong\u00e9, la CPAM vous verse tous les 14 jours le montant qui vous est d\u00fb..<\/p>\n<p style=\"text-align: justify;\">Pour obtenir le versement des IJ cong\u00e9 maternit\u00e9 au ch\u00f4mage (que vous soyez indemnis\u00e9e par P\u00f4le Emploi ou non), vous devez :<\/p>\n<ul class=\"list-9\" style=\"text-align: justify;\">\n<li>Apportez votre dernier certificat de travail et les 3 derni\u00e8res fiche de paye<\/li>\n<li>Si vous \u00eates indemnis\u00e9e ou l\u2019avez \u00e9t\u00e9 au cours des 12 derniers mois : Une attestation d\u2019admission ainsi que l\u2019attestation du dernier versement<\/li>\n<\/ul>\n<p style=\"text-align: justify;\">Ces documents doivent \u00eatre apport\u00e9s\u00a0\u00e0 la CPAM dont vous d\u00e9pendez directement au guichet ou envoy\u00e9s par courrier.<\/p>\n<h1 style=\"text-align: justify;\">Un rapide rappel sur le ch\u00f4mage<\/h1>\n<h2 class=\"amp-wp-7d27179\" style=\"text-align: justify;\" data-amp-original-style=\"text-align: justify;\"><span id=\"Chomage_definition\"><b>D\u00e9finition<\/b><\/span><\/h2>\n<p class=\"amp-wp-7d27179\" style=\"text-align: justify;\" data-amp-original-style=\"text-align: justify;\"><span class=\"amp-wp-fe3f5cc\" data-amp-original-style=\"font-weight: 400;\">Le ch\u00f4mage est la situation d\u2019un demandeur d&rsquo; emploi, d\u2019une entreprise, d\u2019un secteur entier de l\u2019activit\u00e9 \u00e9conomique caract\u00e9ris\u00e9e par le manque de travail. Les causes d\u2019absence d\u2019emploi sont nombreuses : entr\u00e9e dans la vie active, licenciement, d\u00e9mission volontaire ou r\u00e9orientation professionnelle. Pendant cette p\u00e9riode, vous pouvez b\u00e9n\u00e9ficier du <a href=\"https:\/\/www.mes-allocs.fr\/guides\/chomage\/droit-au-chomage\">droit au ch\u00f4mage<\/a>.\u00a0<\/span><\/p>\n<h2 style=\"text-align: justify;\" data-amp-original-style=\"text-align: justify;\">Les formes de ch\u00f4mage<\/h2>\n<p class=\"amp-wp-7d27179\" style=\"text-align: justify;\" data-amp-original-style=\"text-align: justify;\"><span class=\"amp-wp-fe3f5cc\" data-amp-original-style=\"font-weight: 400;\">Il existe de nombreuses formes de ch\u00f4mage :<\/span><\/p>\n<ul style=\"text-align: justify;\">\n<li class=\"amp-wp-7d27179\" data-amp-original-style=\"text-align: justify;\"><b>Le ch\u00f4mage naturel<\/b><span class=\"amp-wp-fe3f5cc\" data-amp-original-style=\"font-weight: 400;\"> : c\u2019est le temps de battement quasi-syst\u00e9matique entre le d\u00e9but de la recherche d\u2019emploi et le fait d\u2019en obtenir un.\u00a0<\/span><\/li>\n<li class=\"amp-wp-7d27179\" data-amp-original-style=\"text-align: justify;\"><b>Le <a href=\"https:\/\/www.mes-allocs.fr\/guides\/chomage\/chomage-technique\">ch\u00f4mage technique<\/a><\/b><span class=\"amp-wp-fe3f5cc\" data-amp-original-style=\"font-weight: 400;\"> : le ch\u00f4mage d\u00fb \u00e0 l\u2019impossibilit\u00e9 d\u2019autres acteurs \u00e9conomiques de fournir le n\u00e9cessaire \u00e0 une entreprise afin qu\u2019elle poursuive son activit\u00e9.<\/span><\/li>\n<li class=\"amp-wp-7d27179\" data-amp-original-style=\"text-align: justify;\"><b>Le ch\u00f4mage partiel<\/b><span class=\"amp-wp-fe3f5cc\" data-amp-original-style=\"font-weight: 400;\"> : il est provoqu\u00e9 par une baisse d\u2019activit\u00e9 anormale d\u2019une entreprise qui r\u00e9sulte en la diminution des heures de travail.<\/span><\/li>\n<li class=\"amp-wp-7d27179\" data-amp-original-style=\"text-align: justify;\"><b>Et le ch\u00f4mage saisonnier<\/b><span class=\"amp-wp-fe3f5cc\" data-amp-original-style=\"font-weight: 400;\"> : il concerne certaines branches professionnelles dont l\u2019activit\u00e9 varie sensiblement selon les p\u00e9riodes de l\u2019ann\u00e9e.<\/span><\/li>\n<\/ul>\n<div class='cta-block'><div class='text'>Simulez votre ch\u00f4mage en 2 min.<\/div><a href='https:\/\/www.mes-allocs.fr\/simulation-chomage?origin=guides\/wp-json\/wp\/v2\/posts\/45016' class='app-button fit'>Simulation gratuite<\/a><\/div>\n","protected":false},"excerpt":{"rendered":"<p>Le fait de vous retrouver en situation de ch\u00f4mage ne vous prive pas de certains droits. C&rsquo;est notamment le cas du cong\u00e9 maternit\u00e9. Dans cet article, nous allons voir comment se passe le calcul de l&rsquo;indemnit\u00e9 pendant la p\u00e9riode de cong\u00e9 maternit\u00e9. Le cong\u00e9 maternit\u00e9 en quelques mots Le cong\u00e9 maternit\u00e9 En tant que salari\u00e9e, [&hellip;]<\/p>\n","protected":false},"author":6,"featured_media":105509,"comment_status":"open","ping_status":"open","sticky":false,"template":"","format":"standard","meta":{"amp_status":"","footnotes":""},"categories":[2989],"tags":[],"class_list":["post-45016","post","type-post","status-publish","format-standard","has-post-thumbnail","hentry","category-chomage"],"yoast_head":"<!-- This site is optimized with the Yoast SEO plugin v14.9 - https:\/\/yoast.com\/wordpress\/plugins\/seo\/ -->\n<title>Le calcul indemnit\u00e9 cong\u00e9 maternit\u00e9 chomage | Mes-Allocs.fr<\/title>\n<meta name=\"description\" content=\"Si vous \u00eates au ch\u00f4mage, vous pouvez b\u00e9n\u00e9ficier d&#039;une indemnit\u00e9 pour votre cong\u00e9 maternit\u00e9. Mes Allocs vous en dit plus dans cet article.\" \/>\n<meta name=\"robots\" content=\"index, follow, max-snippet:-1, max-image-preview:large, max-video-preview:-1\" \/>\n<link rel=\"canonical\" href=\"https:\/\/www.mes-allocs.fr\/guides\/chomage\/conge-maternite-chomage\/\" \/>\n<meta property=\"og:locale\" content=\"fr_FR\" \/>\n<meta property=\"og:type\" content=\"article\" \/>\n<meta property=\"og:title\" content=\"Le calcul indemnit\u00e9 cong\u00e9 maternit\u00e9 chomage | Mes-Allocs.fr\" \/>\n<meta property=\"og:description\" content=\"Si vous \u00eates au ch\u00f4mage, vous pouvez b\u00e9n\u00e9ficier d&#039;une indemnit\u00e9 pour votre cong\u00e9 maternit\u00e9. Mes Allocs vous en dit plus dans cet article.\" \/>\n<meta property=\"og:url\" content=\"https:\/\/www.mes-allocs.fr\/guides\/chomage\/conge-maternite-chomage\/\" \/>\n<meta property=\"og:site_name\" content=\"Mes-Allocs.fr\" \/>\n<meta property=\"article:published_time\" content=\"2022-02-28T17:11:31+00:00\" \/>\n<meta property=\"article:modified_time\" content=\"2025-11-05T17:19:58+00:00\" \/>\n<meta property=\"og:image\" content=\"https:\/\/www.mes-allocs.fr\/guides\/wp-content\/uploads\/2022\/02\/calcul-indemnite-conge-maternite-chomage.jpg?wsr\" \/>\n\t<meta property=\"og:image:width\" content=\"1920\" \/>\n\t<meta property=\"og:image:height\" content=\"1281\" \/>\n<meta name=\"twitter:card\" content=\"summary_large_image\" \/>\n<script type=\"application\/ld+json\" class=\"yoast-schema-graph\">{\"@context\":\"https:\/\/schema.org\",\"@graph\":[{\"@type\":\"WebSite\",\"@id\":\"https:\/\/www.mes-allocs.fr\/guides\/#website\",\"url\":\"https:\/\/www.mes-allocs.fr\/guides\/\",\"name\":\"Mes-Allocs.fr\",\"description\":\"\",\"potentialAction\":[{\"@type\":\"SearchAction\",\"target\":\"https:\/\/www.mes-allocs.fr\/guides\/?s={search_term_string}\",\"query-input\":\"required name=search_term_string\"}],\"inLanguage\":\"fr-FR\"},{\"@type\":\"ImageObject\",\"@id\":\"https:\/\/www.mes-allocs.fr\/guides\/chomage\/conge-maternite-chomage\/#primaryimage\",\"inLanguage\":\"fr-FR\",\"url\":\"https:\/\/www.mes-allocs.fr\/guides\/wp-content\/uploads\/2022\/02\/calcul-indemnite-conge-maternite-chomage.jpg?wsr\",\"width\":1920,\"height\":1281,\"caption\":\"calcul indemnite conge maternite chomage\"},{\"@type\":\"WebPage\",\"@id\":\"https:\/\/www.mes-allocs.fr\/guides\/chomage\/conge-maternite-chomage\/#webpage\",\"url\":\"https:\/\/www.mes-allocs.fr\/guides\/chomage\/conge-maternite-chomage\/\",\"name\":\"Le calcul indemnit\\u00e9 cong\\u00e9 maternit\\u00e9 chomage | Mes-Allocs.fr\",\"isPartOf\":{\"@id\":\"https:\/\/www.mes-allocs.fr\/guides\/#website\"},\"primaryImageOfPage\":{\"@id\":\"https:\/\/www.mes-allocs.fr\/guides\/chomage\/conge-maternite-chomage\/#primaryimage\"},\"datePublished\":\"2022-02-28T17:11:31+00:00\",\"dateModified\":\"2025-11-05T17:19:58+00:00\",\"author\":{\"@id\":\"https:\/\/www.mes-allocs.fr\/guides\/#\/schema\/person\/0ecd61a8600573914d00d970a588c024\"},\"description\":\"Si vous \\u00eates au ch\\u00f4mage, vous pouvez b\\u00e9n\\u00e9ficier d'une indemnit\\u00e9 pour votre cong\\u00e9 maternit\\u00e9. Mes Allocs vous en dit plus dans cet article.\",\"inLanguage\":\"fr-FR\"},{\"@type\":\"Person\",\"@id\":\"https:\/\/www.mes-allocs.fr\/guides\/#\/schema\/person\/0ecd61a8600573914d00d970a588c024\",\"name\":\"Jonathan\",\"image\":{\"@type\":\"ImageObject\",\"@id\":\"https:\/\/www.mes-allocs.fr\/guides\/#personlogo\",\"inLanguage\":\"fr-FR\",\"url\":\"https:\/\/www.mes-allocs.fr\/guides\/wp-content\/uploads\/2021\/06\/jonathan-150x150.png\",\"caption\":\"Jonathan\"},\"description\":\"Jonathan est r\\u00e9dacteur au sein de l'\\u00e9quipe Mes Allocs, sp\\u00e9cialis\\u00e9 sur les sujets li\\u00e9s au handicap. Dipl\\u00f4m\\u00e9e de l'UPEM, il rejoint Mes Allocs apr\\u00e8s avoir travaill\\u00e9 \\u00e0 l'association AEDE qui accompagne les adultes en situation de handicap. Quand il n'\\u00e9crit pas, on peut le retrouver sur un terrain de basket.\",\"sameAs\":[\"https:\/\/www.linkedin.com\/in\/jonathan-bambela-8637861b7\"]}]}<\/script>\n<!-- \/ Yoast SEO plugin. -->","amp_validity":null,"acf":{"faq":{"1":{"question":"Qu'est-ce qu'un cong\u00e9 maternit\u00e9 ?","answer":"Le cong\u00e9 maternit\u00e9 correspond \u00e0 la dur\u00e9e pendant laquelle une femme salari\u00e9e quitte son activit\u00e9 au moment de la naissance de son enfant."},"2":{"question":"Comment calculer les indemnit\u00e9s de ch\u00f4mage ?","answer":"Le montant de l'allocation d'aide au retour \u00e0 l'emploi (ARE) est calcul\u00e9 \u00e0 partir de votre salaire journalier de r\u00e9f\u00e9rence (SJR). Ce salaire de r\u00e9f\u00e9rence prend en compte tous vos salaires bruts per\u00e7us au cours des 12 derniers mois, primes comprises, mais hors indemnit\u00e9s li\u00e9es \u00e0 la rupture de votre contrat."},"3":{"question":"Comment faire pour prolonger son cong\u00e9 maternit\u00e9 ?","answer":"Si vous souhaitez prolonger votre cong\u00e9 maternit\u00e9, vous devez en faire la demande aupr\u00e8s de la CPAM."},"4":{"question":"Quelles sont les conditions li\u00e9es au Ch\u00f4mage ?","answer":"Vous devez justifier d\u2019une p\u00e9riode minimale de travail de 88 jours \u2013 dite dur\u00e9e d\u2019affiliation \u2013 ou 610 heures, sur la p\u00e9riode des 28 derniers mois pr\u00e9c\u00e9dant la fin du contrat de travail."},"5":{"question":"Qui a le droit au ch\u00f4mage ?","answer":"L'Assurance ch\u00f4mage prot\u00e8ge les travailleurs salari\u00e9s contre la perte d'un revenu en cas de ch\u00f4mage. Elle leur permet de b\u00e9n\u00e9ficier d'une allocation et de continuer \u00e0 cumuler des points pour la retraite m\u00eame s'ils ont perdu leur emploi."},"6":{"question":"Quelles sont les aides quand on est au ch\u00f4mage ?","answer":"Au ch\u00f4mage, vous pouvez b\u00e9n\u00e9ficier du RSA, de l'ASS ou de l'ARE."},"7":{"question":"","answer":""},"8":{"question":"","answer":""},"9":{"question":"","answer":""},"10":{"question":"","answer":""},"11":{"question":"","answer":""},"12":{"question":"","answer":""},"13":{"question":"","answer":""},"14":{"question":"","answer":""},"15":{"question":"","answer":""},"16":{"question":"","answer":""}}},"_links":{"self":[{"href":"https:\/\/www.mes-allocs.fr\/guides\/wp-json\/wp\/v2\/posts\/45016","targetHints":{"allow":["GET"]}}],"collection":[{"href":"https:\/\/www.mes-allocs.fr\/guides\/wp-json\/wp\/v2\/posts"}],"about":[{"href":"https:\/\/www.mes-allocs.fr\/guides\/wp-json\/wp\/v2\/types\/post"}],"author":[{"embeddable":true,"href":"https:\/\/www.mes-allocs.fr\/guides\/wp-json\/wp\/v2\/users\/6"}],"replies":[{"embeddable":true,"href":"https:\/\/www.mes-allocs.fr\/guides\/wp-json\/wp\/v2\/comments?post=45016"}],"version-history":[{"count":14,"href":"https:\/\/www.mes-allocs.fr\/guides\/wp-json\/wp\/v2\/posts\/45016\/revisions"}],"predecessor-version":[{"id":104396,"href":"https:\/\/www.mes-allocs.fr\/guides\/wp-json\/wp\/v2\/posts\/45016\/revisions\/104396"}],"wp:featuredmedia":[{"embeddable":true,"href":"https:\/\/www.mes-allocs.fr\/guides\/wp-json\/wp\/v2\/media\/105509"}],"wp:attachment":[{"href":"https:\/\/www.mes-allocs.fr\/guides\/wp-json\/wp\/v2\/media?parent=45016"}],"wp:term":[{"taxonomy":"category","embeddable":true,"href":"https:\/\/www.mes-allocs.fr\/guides\/wp-json\/wp\/v2\/categories?post=45016"},{"taxonomy":"post_tag","embeddable":true,"href":"https:\/\/www.mes-allocs.fr\/guides\/wp-json\/wp\/v2\/tags?post=45016"}],"curies":[{"name":"wp","href":"https:\/\/api.w.org\/{rel}","templated":true}]}}