{"id":44911,"date":"2022-03-01T17:56:46","date_gmt":"2022-03-01T15:56:46","guid":{"rendered":"https:\/\/www.mes-allocs.fr\/guides\/?p=44911"},"modified":"2026-02-18T16:45:57","modified_gmt":"2026-02-18T15:45:57","slug":"declaration-auto-entrepreneur-caf","status":"publish","type":"post","link":"https:\/\/www.mes-allocs.fr\/guides\/caisse-allocations-familiales\/declaration-caf\/declaration-auto-entrepreneur-caf\/","title":{"rendered":"Comment faire une d\u00e9claration d&rsquo;auto-entrepreneur \u00e0 la CAF ?"},"content":{"rendered":"<p><img loading=\"lazy\" decoding=\"async\" class=\"alignnone wp-image-45103 size-full\" title=\"declaration caf auto entrepreneur\" src=\"https:\/\/www.mes-allocs.fr\/guides\/wp-content\/uploads\/2022\/02\/declaration-caf-auto-entrepreneur-e1644608165710.jpg\" alt=\"declaration caf auto entrepreneur\" width=\"1880\" height=\"592\" srcset=\"https:\/\/www.mes-allocs.fr\/guides\/wp-content\/uploads\/2022\/02\/declaration-caf-auto-entrepreneur-e1644608165710.jpg 1880w, https:\/\/www.mes-allocs.fr\/guides\/wp-content\/uploads\/2022\/02\/declaration-caf-auto-entrepreneur-e1644608165710-300x94.jpg 300w, https:\/\/www.mes-allocs.fr\/guides\/wp-content\/uploads\/2022\/02\/declaration-caf-auto-entrepreneur-e1644608165710-1024x322.jpg 1024w, https:\/\/www.mes-allocs.fr\/guides\/wp-content\/uploads\/2022\/02\/declaration-caf-auto-entrepreneur-e1644608165710-768x242.jpg 768w, https:\/\/www.mes-allocs.fr\/guides\/wp-content\/uploads\/2022\/02\/declaration-caf-auto-entrepreneur-e1644608165710-1536x484.jpg 1536w, https:\/\/www.mes-allocs.fr\/guides\/wp-content\/uploads\/2022\/02\/declaration-caf-auto-entrepreneur-e1644608165710-600x189.jpg 600w\" sizes=\"auto, (max-width: 1880px) 100vw, 1880px\" \/><\/p>\n<p style=\"text-align: justify;\">[Mis \u00e0 jour le 18\/02\/2026] <b>La <a href=\"https:\/\/www.mes-allocs.fr\/guides\/caisse-dallocations-familiales\/\">caisse d&rsquo;allocations familiales<\/a> (CAF) est le service de s\u00e9curit\u00e9 sociale charg\u00e9 de la famille. Cet organisme verses des aides sociales. Afin que vos droit soit \u00e9tudi\u00e9s, vous devez r\u00e9guli\u00e8rement mettre \u00e0 jour votre situation familiale et votre d\u00e9claration de ressource. Alors, comment faire une d\u00e9claration caf auto entrepreneur ?<\/b><\/p>\n<div class='cta-block'><div class='text'>Simulez toutes vos aides en 2 min.<\/div><a href='https:\/\/www.mes-allocs.fr\/ab-app?origin=guides\/wp-json\/wp\/v2\/posts\/44911' class='app-button fit'>Simulation gratuite<\/a><\/div>\n<h1 style=\"text-align: justify;\">Le statut de l&rsquo;auto-entrepreneur<span style=\"font-weight: normal;\">\u00a0<\/span><\/h1>\n<p style=\"text-align: justify;\">L&rsquo;auto-entrepreneur rel\u00e8ve d&rsquo;un statut sp\u00e9cifique. <b>Il d\u00e9clare des revenus non-salari\u00e9s, mais doit \u00eatre trait\u00e9 par la CAF comme un salari\u00e9.<\/b> Comme lui, il b\u00e9n\u00e9ficie par exemple des 10 % d\u2019abattement dans le calcul de ses ressources. Que vous soyez d\u00e9j\u00e0 allocataire et deveniez auto-entrepreneur ou qu\u2019il s\u2019agisse de votre premi\u00e8re demande d\u2019allocations, <span class=\"chakra-text css-11rv2n6\">il faut imp\u00e9rativement pr\u00e9ciser \u00e0 la CAF la sp\u00e9cificit\u00e9 de votre statut.<\/span><\/p>\n<h1 style=\"text-align: justify;\">En quoi consiste l&rsquo;\u00e9valuation forfaitaire ?<\/h1>\n<p style=\"text-align: justify;\">Il s&rsquo;agit d&rsquo;un proc\u00e9d\u00e9 arbitraire qui autorisait la Caf \u00e0 \u00e9tablir une reconstitution fictive de vos revenus et donc \u00e0 revoir imm\u00e9diatement le montant de vos prestations. <b>Au lieu de calculer vos prestations sur le revenu d\u00e9clar\u00e9 aux imp\u00f4ts deux ans en arri\u00e8re, elle pouvait d\u00e9cider de recalculer vos droits en fonction de votre situation actuelle.<\/b> Pour ce faire, la Caf s&rsquo;aidait d&rsquo;une estimation th\u00e9orique des nouveaux revenus, plus ou moins proche de la r\u00e9alit\u00e9.<\/p>\n<p style=\"text-align: justify;\">L\u2019\u00e9valuation forfaitaire \u00e9tait notamment utilis\u00e9e lorsque l&rsquo;allocataire commen\u00e7ait une activit\u00e9 professionnelle entre l&rsquo;ann\u00e9e de r\u00e9f\u00e9rence (deux ans plus t\u00f4t) et le moment du calcul de l&rsquo;<a href=\"https:\/\/www.mes-allocs.fr\/guides\/aides-sociales\/aide-financiere-auto-entrepreneur\/\">aide<\/a> et que ses revenus ant\u00e9rieurs \u00e0 sa nouvelle activit\u00e9 \u00e9taient tr\u00e8s faibles ou nuls.<\/p>\n<h1 style=\"text-align: justify;\"><strong>Comment faire une d\u00e9claration auto-entrepreneur \u00e0 la CAF ?\u00a0<\/strong><\/h1>\n<p style=\"text-align: justify;\">Afin de d\u00e9clarer votre statut d&rsquo;auto-entrepreneur, vous devez envoyer une lettre recommand\u00e9e avec accus\u00e9 de r\u00e9ception \u00e0 la Caf dont vous d\u00e9pendez. <b>Cette derni\u00e8re dois contenir :<\/b><\/p>\n<ul>\n<li style=\"text-align: justify;\">Un courrier explicatif pr\u00e9cisant que vous \u00eates micro-entrepreneur<\/li>\n<li style=\"text-align: justify;\">La copie de votre <a href=\"https:\/\/entreprendre.service-public.fr\/vosdroits\/F21000\">extrait K-bis<\/a> ou du certificat de votre inscription au r\u00e9pertoire Siren si vous \u00eates lib\u00e9ral. Pour acc\u00e9der \u00e0 votre extrait K-bis, vous devrez vous connecter au site\u00a0Infogreffe\u00a0en rentrant vos coordonn\u00e9es d\u2019auto-entrepreneur<\/li>\n<\/ul>\n<p style=\"text-align: justify;\">Enfin, si vous \u00eates\u00a0micro-entrepreneur et \u00e9tudiant, <b>c\u2019est votre statut \u00e9tudiant qui prend le dessus sur le statut d\u2019auto-entrepreneur.<\/b> Ainsi, vous ne changerez pas de statut. Cependant, vous devrez malgr\u00e9 tout d\u00e9clarer \u00e0 la CAF la cr\u00e9ation de votre micro-entreprise, comme \u00e9voqu\u00e9 pr\u00e9c\u00e9demment.<\/p>\n<p style=\"text-align: justify;\">Attention, afin\u00a0que vos aides au Logement ne soit pas supprim\u00e9es suite \u00e0 votre changement de statut, <b>il ne faut pas vous d\u00e9clarer \u201ctravailleurs ind\u00e9pendants\u201d mais bien \u201cmicro-entrepreneurs\u201d<\/b>. Sinon, vous deviendrez in\u00e9ligibles aux aide.<\/p>\n<p><iframe loading=\"lazy\" title=\"Devenez un expert des aides de la CAF !\" width=\"500\" height=\"281\" src=\"https:\/\/www.youtube.com\/embed\/weTPOvJJ3bs?feature=oembed\" frameborder=\"0\" allow=\"accelerometer; autoplay; clipboard-write; encrypted-media; gyroscope; picture-in-picture; web-share\" referrerpolicy=\"strict-origin-when-cross-origin\" allowfullscreen><\/iframe><\/p>\n<h1 style=\"text-align: justify;\">Quelles sont les aides pour un auto-entrepreneur ?<\/h1>\n<p class=\"has-medium-font-size\" style=\"text-align: justify;\">Lorsque l&rsquo;auto-entrepreneur change de situation, il peut conserver certaines prestations de la CAF auxquelles vous aviez d\u00e9j\u00e0 droit. C\u2019est notamment le cas de vos APL. Cependant, la CAF les r\u00e9duira probablement dans la mesure o\u00f9 vos revenus ont augment\u00e9.<\/p>\n<h2 style=\"text-align: justify;\">La prime d&rsquo;activit\u00e9<\/h2>\n<p style=\"text-align: justify;\">La prime d&rsquo;activit\u00e9 a pour but d&rsquo;inciter les travailleurs (salari\u00e9s ou non salari\u00e9s) aux ressources modestes, \u00e0 exercer ou reprendre une activit\u00e9 professionnelle.<\/p>\n<h3 style=\"text-align: justify;\">Quelles sont les conditions pour percevoir la prime d&rsquo;activit\u00e9 ?<\/h3>\n<p style=\"text-align: justify;\">Ainsi, tout auto-entrepreneur peut se voir verser la prime d\u2019activit\u00e9 par la CAF sous r\u00e9serve de remplir les conditions suivantes :<\/p>\n<ul>\n<li style=\"text-align: justify;\">Vous devez \u00eatre \u00e2g\u00e9 d\u2019au moins 18 ans<\/li>\n<li class=\"amp-wp-7d27179\" style=\"text-align: justify;\" data-amp-original-style=\"text-align: justify;\">Vous devez \u00eatre de nationalit\u00e9 Fran\u00e7aise ou de nationalit\u00e9 \u00e9trang\u00e8re r\u00e9sidant en France \u00e0 condition d\u2019\u00eatre titulaire d\u2019une carte de r\u00e9sident ou un titre de s\u00e9jour, soit ressortissant de l\u2019Espace \u00c9conomique Europ\u00e9en<\/li>\n<li class=\"amp-wp-7d27179\" style=\"text-align: justify;\" data-amp-original-style=\"text-align: justify;\">Vous devez r\u00e9sider en France m\u00e9tropolitaine ou dans les DOM<\/li>\n<li class=\"amp-wp-7d27179\" style=\"text-align: justify;\" data-amp-original-style=\"text-align: justify;\">Vous devez percevoir des revenus d\u2019activit\u00e9 en respectant les plafonds fix\u00e9s selon la composition familiale<\/li>\n<\/ul>\n<h3 style=\"text-align: justify;\">Quel est le montant de la prime d&rsquo;activit\u00e9<\/h3>\n<p style=\"text-align: justify;\"><span class=\"prix\">Le montant de la prime d&rsquo;activit\u00e9 est calcul\u00e9 en prenant en compte le montant forfaitaire qui varie selon la composition du foyer et le nombre d&rsquo;enfants \u00e0 charge auquel il faut ajouter 61\u00a0% du montant des revenus professionnels du foyer. Au montant forfaitaire, s&rsquo;ajoute\u00a0les ressources prises en compte du foyer.<\/span><\/p>\n<p><b>La formule de calcul est la suivante :\u00a0<\/b><\/p>\n<p><i>Montant de la prime d&rsquo;activit\u00e9 = (montant forfaitaire \u00e9ventuellement major\u00e9 + <span class=\"prix\">61\u00a0%<\/span> des revenus professionnels + bonifications individuelles) <strong>&#8211;\u00a0<\/strong>les ressources prises en compte du foyer<\/i><\/p>\n<h3 style=\"text-align: justify;\">Quelles sont les ressources prises en compte ?<\/h3>\n<p class=\"amp-wp-7d27179\" style=\"text-align: justify;\" data-amp-original-style=\"text-align: justify;\"><span class=\"amp-wp-f6bf23d\" data-amp-original-style=\"text-decoration: underline;\"><b>Les ressources prises en compte pour le calcul de la prime activit\u00e9 sont les suivants<\/b><\/span><b> :<\/b><\/p>\n<ul class=\"list-9\">\n<li class=\"amp-wp-7d27179\" style=\"text-align: justify;\" data-amp-original-style=\"text-align: justify;\">Les revenus professionnels<\/li>\n<li class=\"amp-wp-7d27179\" style=\"text-align: justify;\" data-amp-original-style=\"text-align: justify;\">Les allocations de remplacement telles que l\u2019allocation de retour \u00e0 l\u2019emploi (l\u2019ARE), les indemnit\u00e9s journali\u00e8res, etc.<\/li>\n<li class=\"amp-wp-7d27179\" style=\"text-align: justify;\" data-amp-original-style=\"text-align: justify;\">Les aides sociales telles que les allocations logement, ou les allocations familiales<\/li>\n<li class=\"amp-wp-7d27179\" style=\"text-align: justify;\" data-amp-original-style=\"text-align: justify;\">Les revenus du patrimoine ou de capitaux<\/li>\n<\/ul>\n<h3 style=\"text-align: justify;\">Comment demander la prime d&rsquo;activit\u00e9 ?<\/h3>\n<p style=\"text-align: justify;\">Afin de simplifier les d\u00e9marches, la demande peut se faire directement en ligne. <b>Pour cela, il suffit de suivre les \u00e9tapes ci-dessous :<\/b><\/p>\n<ul class=\"list-9\">\n<li class=\"amp-wp-7d27179\" style=\"text-align: justify;\" data-amp-original-style=\"text-align: justify;\">Rendez-vous sur le site de la CAF (ou de la MSA)<\/li>\n<li class=\"amp-wp-7d27179\" style=\"text-align: justify;\" data-amp-original-style=\"text-align: justify;\">Connectez-vous \u00e0 votre compte si vous poss\u00e9dez d\u00e9j\u00e0 un num\u00e9ro d\u2019allocataire. Si cela n\u2019est pas votre cas, vous pouvez tout de m\u00eame faire une demande de prime d\u2019activit\u00e9 par voie postale ou d\u00e9p\u00f4t en point d&rsquo;accueil<\/li>\n<li style=\"text-align: justify;\">Choisissez l\u2019onglet \u201cMes services en ligne\u201d puis \u201cFaire une demande de prestations\u201d<\/li>\n<li style=\"text-align: justify;\">Vous acc\u00e9dez ainsi au formulaire prime d\u2019activit\u00e9 en ligne<\/li>\n<\/ul>\n<p style=\"text-align: justify;\">En cas de besoin, la CAF vous demandera des justificatifs compl\u00e9mentaires.<\/p>\n<p style=\"text-align: justify;\"><span class=\"amp-wp-cc68ddc\" data-amp-original-style=\"color: #ff0000;\">\u00c0 noter que la prime d\u2019activit\u00e9 n\u2019est pas r\u00e9troactive<\/span>. Si vous pouvez y pr\u00e9tendre, vos droits seront ouverts \u00e0 partir du mois suivant le d\u00e9p\u00f4t de votre demande.<\/p>\n<h3 style=\"text-align: justify;\">Versement de la prime d&rsquo;activit\u00e9<\/h3>\n<p style=\"text-align: justify;\"><b>Le b\u00e9n\u00e9ficiaire doit d\u00e9clarer ses revenus et sa situation \u00e0 la CAF ou la MSA tous les 3 mois. <\/b>Vous devez d\u00e9clarer les revenus <span class=\"amp-wp-f6bf23d\" data-amp-original-style=\"text-decoration: underline;\">professionnels, les revenus dits de remplacement et enfin l&rsquo;allocation de logement.\u00a0<\/span><\/p>\n<p style=\"text-align: justify;\"><b>Si les conditions d&rsquo;\u00e9ligibilit\u00e9 sont respect\u00e9es, la prime vous est vers\u00e9e pour une dur\u00e9e de 3 mois fixes.<\/b> C\u2019est-\u00e0-dire que le montant de la prime activit\u00e9 sera identique pendant 3 mois. Si votre situation \u00e9volue durant cette p\u00e9riode, vos droits seront r\u00e9\u00e9tudi\u00e9s uniquement \u00e0 la fin de la p\u00e9riode de 3 mois.\u00a0\u00c0 l\u2019issue cette p\u00e9riode, vous recevez par mail une d\u00e9claration trimestrielle que vous devez de nouveau remplir pour continuer \u00e0 percevoir la prime activit\u00e9.<\/p>\n<h2 style=\"text-align: justify;\">Le Revenu de Solidarit\u00e9 Active (RSA)<\/h2>\n<p style=\"text-align: justify;\">Le revenu de solidarit\u00e9 active (RSA) est une prestation financi\u00e8re assurant un revenu minimum \u00e0 ceux qui ont de faibles ressources ou qui ne touchent aucun salaire. <b>Dans le cas des auto-entrepreneurs, le RSA peut assurer un niveau de vie minimum lors du lancement de l\u2019auto-entreprise ou dans le cas d\u2019une baisse d\u2019activit\u00e9.<\/b><\/p>\n<h3 style=\"text-align: justify;\">Quelles sont les conditions du RSA ?<\/h3>\n<p style=\"text-align: justify;\">Pour \u00eatre \u00e9ligible au RSA, vous devez respecter plusieurs conditions :<\/p>\n<p style=\"text-align: justify;\"><b>Une condition\u00a0li\u00e9e\u00a0\u00e0 l&rsquo;\u00e2ge :<\/b><\/p>\n<ul>\n<li style=\"text-align: justify;\">Avoir plus de 25 ans<\/li>\n<li style=\"text-align: justify;\">Avoir entre 18 et 25 ans et avoir travaill\u00e9 au moins 2 ans au cours des 3 derni\u00e8res ann\u00e9es<\/li>\n<li style=\"text-align: justify;\">Avoir entre 18 et 25 ans et un conjoint de plus de 25 ans<\/li>\n<li style=\"text-align: justify;\">Avoir entre 18 et 25 ans et au moins un enfant \u00e0 charge ou \u00e0 na\u00eetre, \u00eatre enceinte avec un enfant \u00e0 charge ou plus.<\/li>\n<\/ul>\n<p style=\"text-align: justify;\"><b>Une condition de r\u00e9sidence :<\/b><\/p>\n<ul>\n<li style=\"text-align: justify;\">L\u2019auto-entrepreneur peut demander le RSA \u00e0 condition de r\u00e9sider en France<\/li>\n<\/ul>\n<p style=\"text-align: justify;\"><b>Une condition de revenu :<\/b><\/p>\n<ul>\n<li style=\"text-align: justify;\">Le revenu mensuel moyen, calcul\u00e9 sur les 3 mois pr\u00e9c\u00e9dant la demande, doit \u00eatre inf\u00e9rieur au montant du plafond l\u00e9gal<\/li>\n<\/ul>\n<p style=\"text-align: justify;\"><b>Une condition li\u00e9e au chiffre d&rsquo;affaires :<\/b><\/p>\n<ul>\n<li style=\"text-align: justify;\">L&rsquo;auto-entrepreneur doit avoir un chiffre d\u2019affaires inf\u00e9rieur aux seuils fix\u00e9s : 72 600 \u20ac pour les activit\u00e9s de services, lib\u00e9rales ou d\u2019artisanat et 176 200 \u20ac pour les activit\u00e9s de vente de marchandises.<\/li>\n<\/ul>\n<h3 style=\"text-align: justify;\">Calculer le montant du RSA<\/h3>\n<p style=\"text-align: justify;\">Le montant du RSA est calcul\u00e9 sur la base de la formule suivante :<\/p>\n<p style=\"text-align: justify;\"><b>RSA = montant forfaitaire \u2013 ressources mensuelles du foyer<\/b><\/p>\n<p style=\"text-align: justify;\">Le montant forfaitaire est calcul\u00e9 en fonction de la composition du foyer, dans la limite de 911,63 \u20ac pour un couple sans enfants, avec majoration de 243,10 \u20ac par enfant. Ce montant est renseign\u00e9 <strong>apr\u00e8s l\u2019abattement<\/strong> de :<\/p>\n<ul>\n<li style=\"text-align: justify;\"><strong>71%<\/strong> pour une activit\u00e9 de vente de marchandises<\/li>\n<li style=\"text-align: justify;\"><strong>50%<\/strong> pour de la prestation de services<\/li>\n<\/ul>\n<h3 style=\"text-align: justify;\">Comment percevoir le RSA en auto-entrepreneur ?<\/h3>\n<p style=\"text-align: justify;\">Lorsque l\u2019auto-entrepreneur cr\u00e9e une micro-entreprise alors qu\u2019il est d\u00e9j\u00e0 b\u00e9n\u00e9ficiaire du RSA, <b>il continue de recevoir l\u2019aide financi\u00e8re \u00e0 un montant inchang\u00e9 pendant une p\u00e9riode de 3 mois.\u00a0<\/b><\/p>\n<p style=\"text-align: justify;\">Dans le cas o\u00f9 l&rsquo;auto-entrepreneur n&rsquo;est pas allocataire, il doit\u00a0effectuer sa demande directement aupr\u00e8s de la CAF, en ligne ou par courrier. <b>Vous devez remplir <a href=\"https:\/\/www.formulaires.service-public.fr\/gf\/cerfa_15481.do\" target=\"_blank\" rel=\"noopener noreferrer\">le formulaire 15481 * 01<\/a>.<\/b><\/p>\n<p style=\"text-align: justify;\"><div class='cta-block'><div class='text'>Simulez toutes vos aides en 2 min.<\/div><a href='https:\/\/www.mes-allocs.fr\/ab-app?origin=guides\/wp-json\/wp\/v2\/posts\/44911' class='app-button fit'>Simulation gratuite<\/a><\/div><\/p>\n","protected":false},"excerpt":{"rendered":"<p>[Mis \u00e0 jour le 18\/02\/2026] La caisse d&rsquo;allocations familiales (CAF) est le service de s\u00e9curit\u00e9 sociale charg\u00e9 de la famille. Cet organisme verses des aides sociales. Afin que vos droit soit \u00e9tudi\u00e9s, vous devez r\u00e9guli\u00e8rement mettre \u00e0 jour votre situation familiale et votre d\u00e9claration de ressource. Alors, comment faire une d\u00e9claration caf auto entrepreneur ? [&hellip;]<\/p>\n","protected":false},"author":14,"featured_media":45107,"comment_status":"open","ping_status":"open","sticky":false,"template":"","format":"standard","meta":{"amp_status":"","footnotes":""},"categories":[6332,17278],"tags":[],"class_list":["post-44911","post","type-post","status-publish","format-standard","has-post-thumbnail","hentry","category-caisse-allocations-familiales","category-declaration-caf"],"yoast_head":"<!-- This site is optimized with the Yoast SEO plugin v14.9 - https:\/\/yoast.com\/wordpress\/plugins\/seo\/ -->\n<title>Comment faire une d\u00e9claration d&#039;auto-entrepreneur \u00e0 la CAF ? | Mes-Allocs.fr<\/title>\n<meta name=\"description\" content=\"Pour b\u00e9n\u00e9ficier de vos droits, votre d\u00e9claration de ressources CAF doit \u00eatre mise \u00e0 jour. On vous explique en d\u00e9tail\" \/>\n<meta name=\"robots\" content=\"index, follow, max-snippet:-1, max-image-preview:large, max-video-preview:-1\" \/>\n<link rel=\"canonical\" href=\"https:\/\/www.mes-allocs.fr\/guides\/caisse-allocations-familiales\/declaration-caf\/declaration-auto-entrepreneur-caf\/\" \/>\n<meta property=\"og:locale\" content=\"fr_FR\" \/>\n<meta property=\"og:type\" content=\"article\" \/>\n<meta property=\"og:title\" content=\"Comment faire une d\u00e9claration d&#039;auto-entrepreneur \u00e0 la CAF ? | Mes-Allocs.fr\" \/>\n<meta property=\"og:description\" content=\"Pour b\u00e9n\u00e9ficier de vos droits, votre d\u00e9claration de ressources CAF doit \u00eatre mise \u00e0 jour. On vous explique en d\u00e9tail\" \/>\n<meta property=\"og:url\" content=\"https:\/\/www.mes-allocs.fr\/guides\/caisse-allocations-familiales\/declaration-caf\/declaration-auto-entrepreneur-caf\/\" \/>\n<meta property=\"og:site_name\" content=\"Mes-Allocs.fr\" \/>\n<meta property=\"article:published_time\" content=\"2022-03-01T15:56:46+00:00\" \/>\n<meta property=\"article:modified_time\" content=\"2026-02-18T15:45:57+00:00\" \/>\n<meta property=\"og:image\" content=\"https:\/\/www.mes-allocs.fr\/guides\/wp-content\/uploads\/2022\/02\/declaration-caf-auto-entrepreneur-4.jpg?wsr\" \/>\n\t<meta property=\"og:image:width\" content=\"1733\" \/>\n\t<meta property=\"og:image:height\" content=\"1300\" \/>\n<meta name=\"twitter:card\" content=\"summary_large_image\" \/>\n<script type=\"application\/ld+json\" class=\"yoast-schema-graph\">{\"@context\":\"https:\/\/schema.org\",\"@graph\":[{\"@type\":\"WebSite\",\"@id\":\"https:\/\/www.mes-allocs.fr\/guides\/#website\",\"url\":\"https:\/\/www.mes-allocs.fr\/guides\/\",\"name\":\"Mes-Allocs.fr\",\"description\":\"\",\"potentialAction\":[{\"@type\":\"SearchAction\",\"target\":\"https:\/\/www.mes-allocs.fr\/guides\/?s={search_term_string}\",\"query-input\":\"required name=search_term_string\"}],\"inLanguage\":\"fr-FR\"},{\"@type\":\"ImageObject\",\"@id\":\"https:\/\/www.mes-allocs.fr\/guides\/caisse-allocations-familiales\/declaration-caf\/declaration-auto-entrepreneur-caf\/#primaryimage\",\"inLanguage\":\"fr-FR\",\"url\":\"https:\/\/www.mes-allocs.fr\/guides\/wp-content\/uploads\/2022\/02\/declaration-caf-auto-entrepreneur-4.jpg?wsr\",\"width\":1733,\"height\":1300,\"caption\":\"cheque vacances auto entrepreneur\"},{\"@type\":\"WebPage\",\"@id\":\"https:\/\/www.mes-allocs.fr\/guides\/caisse-allocations-familiales\/declaration-caf\/declaration-auto-entrepreneur-caf\/#webpage\",\"url\":\"https:\/\/www.mes-allocs.fr\/guides\/caisse-allocations-familiales\/declaration-caf\/declaration-auto-entrepreneur-caf\/\",\"name\":\"Comment faire une d\\u00e9claration d'auto-entrepreneur \\u00e0 la CAF ? | Mes-Allocs.fr\",\"isPartOf\":{\"@id\":\"https:\/\/www.mes-allocs.fr\/guides\/#website\"},\"primaryImageOfPage\":{\"@id\":\"https:\/\/www.mes-allocs.fr\/guides\/caisse-allocations-familiales\/declaration-caf\/declaration-auto-entrepreneur-caf\/#primaryimage\"},\"datePublished\":\"2022-03-01T15:56:46+00:00\",\"dateModified\":\"2026-02-18T15:45:57+00:00\",\"author\":{\"@id\":\"https:\/\/www.mes-allocs.fr\/guides\/#\/schema\/person\/a3de97298fd0ffc005ebdd5628b03ca8\"},\"description\":\"Pour b\\u00e9n\\u00e9ficier de vos droits, votre d\\u00e9claration de ressources CAF doit \\u00eatre mise \\u00e0 jour. On vous explique en d\\u00e9tail\",\"inLanguage\":\"fr-FR\"},{\"@type\":\"Person\",\"@id\":\"https:\/\/www.mes-allocs.fr\/guides\/#\/schema\/person\/a3de97298fd0ffc005ebdd5628b03ca8\",\"name\":\"Marina Ada Ondo\",\"image\":{\"@type\":\"ImageObject\",\"@id\":\"https:\/\/www.mes-allocs.fr\/guides\/#personlogo\",\"inLanguage\":\"fr-FR\",\"url\":\"https:\/\/www.mes-allocs.fr\/guides\/wp-content\/uploads\/2022\/02\/Photo-de-profil-150x150.png\",\"caption\":\"Marina Ada Ondo\"},\"description\":\"Marina est r\\u00e9dactrice au sein de l'\\u00e9quipe Mes Allocs, sp\\u00e9cialis\\u00e9e sur les aides aux jeunes. Dipl\\u00f4m\\u00e9e de l'ISFJ, elle rejoint Mes Allocs apr\\u00e8s une premi\\u00e8re exp\\u00e9rience en communication chez Little Africa, une agence de communication \\u00e0 Paris. Sur son temps libre, Marina lit beaucoup et passe ses dimanches au mus\\u00e9e.\",\"sameAs\":[\"https:\/\/www.linkedin.com\/in\/marinaadaondo\/\"]}]}<\/script>\n<!-- \/ Yoast SEO plugin. -->","amp_validity":null,"acf":{"faq":{"1":{"question":"Quel est le chiffre d'affaire \u00e0 d\u00e9clarer \u00e0 la CAF ?","answer":"Il faut d\u00e9clarer \u00e0 la CAF le montant du chiffre d'affaires apr\u00e8s l'abattement fiscal applicable \u00e0 l'activit\u00e9, soit pour l'auto-entrepreneur : 71 % pour la vente de marchandises en l'\u00e9tat ou transform\u00e9es, 50 % pour les prestations de services BIC, 34 % pour les professions lib\u00e9rales et services."},"2":{"question":"Quand d\u00e9clarer Auto-entrepreneur CAF ?","answer":"En qu'auto-entrepreneur, vous devez actualiser ta situation aupr\u00e8s de la CAF tous les trimestres et dire combien vous avez gagn\u00e9 sur la p\u00e9riode pr\u00e9c\u00e9dente."},"3":{"question":"Comment d\u00e9clarer ses revenus en tant que Auto-entrepreneur ?","answer":"Les auto-entrepreneurs sont tenus de d\u00e9clarer leurs recettes chaque ann\u00e9e sur leur d\u00e9claration de revenus n\u00b02042. Cette d\u00e9claration est obligatoire, que l'auto-entrepreneur ait opt\u00e9 ou non pour le pr\u00e9l\u00e8vement fiscal lib\u00e9ratoire."},"4":{"question":"Comment demander le RSA Auto-entrepreneur ?","answer":"La demande de RSA s'effectue directement aupr\u00e8s de la CAF, en ligne ou par courrier. Vous devez remplir le formulaire 15481 * 01. Pour continuer \u00e0 percevoir son RSA, l'auto-entrepreneur doit veiller \u00e0 transmettre ses d\u00e9clarations de revenus chaque trimestre."},"5":{"question":"Quel est le chiffre d'affaire ?","answer":"Le chiffre d'affaires repr\u00e9sente le montant des affaires r\u00e9alis\u00e9es par votre entreprise.  "},"6":{"question":"","answer":""},"7":{"question":"","answer":""},"8":{"question":"","answer":""},"9":{"question":"","answer":""},"10":{"question":"","answer":""},"11":{"question":"","answer":""},"12":{"question":"","answer":""},"13":{"question":"","answer":""},"14":{"question":"","answer":""},"15":{"question":"","answer":""},"16":{"question":"","answer":""}}},"_links":{"self":[{"href":"https:\/\/www.mes-allocs.fr\/guides\/wp-json\/wp\/v2\/posts\/44911","targetHints":{"allow":["GET"]}}],"collection":[{"href":"https:\/\/www.mes-allocs.fr\/guides\/wp-json\/wp\/v2\/posts"}],"about":[{"href":"https:\/\/www.mes-allocs.fr\/guides\/wp-json\/wp\/v2\/types\/post"}],"author":[{"embeddable":true,"href":"https:\/\/www.mes-allocs.fr\/guides\/wp-json\/wp\/v2\/users\/14"}],"replies":[{"embeddable":true,"href":"https:\/\/www.mes-allocs.fr\/guides\/wp-json\/wp\/v2\/comments?post=44911"}],"version-history":[{"count":18,"href":"https:\/\/www.mes-allocs.fr\/guides\/wp-json\/wp\/v2\/posts\/44911\/revisions"}],"predecessor-version":[{"id":109204,"href":"https:\/\/www.mes-allocs.fr\/guides\/wp-json\/wp\/v2\/posts\/44911\/revisions\/109204"}],"wp:featuredmedia":[{"embeddable":true,"href":"https:\/\/www.mes-allocs.fr\/guides\/wp-json\/wp\/v2\/media\/45107"}],"wp:attachment":[{"href":"https:\/\/www.mes-allocs.fr\/guides\/wp-json\/wp\/v2\/media?parent=44911"}],"wp:term":[{"taxonomy":"category","embeddable":true,"href":"https:\/\/www.mes-allocs.fr\/guides\/wp-json\/wp\/v2\/categories?post=44911"},{"taxonomy":"post_tag","embeddable":true,"href":"https:\/\/www.mes-allocs.fr\/guides\/wp-json\/wp\/v2\/tags?post=44911"}],"curies":[{"name":"wp","href":"https:\/\/api.w.org\/{rel}","templated":true}]}}