{"id":44871,"date":"2022-03-08T18:28:57","date_gmt":"2022-03-08T16:28:57","guid":{"rendered":"https:\/\/www.mes-allocs.fr\/guides\/?p=44871"},"modified":"2025-11-05T18:22:54","modified_gmt":"2025-11-05T17:22:54","slug":"refus-de-renouvellement-de-cdd-et-droit-au-chomage","status":"publish","type":"post","link":"https:\/\/www.mes-allocs.fr\/guides\/chomage\/droit-au-chomage\/refus-de-renouvellement-de-cdd-et-droit-au-chomage\/","title":{"rendered":"Refus de renouvellement de CDD et droit au ch\u00f4mage"},"content":{"rendered":"<p style=\"text-align: justify;\">Le ch\u00f4mage est une situation professionnelle qui peut affecter chacun d&rsquo;entre nous. Pour compenser le manque de salaire, vous pouvez b\u00e9n\u00e9ficier d&rsquo;une indemnit\u00e9. Dans cet article, nous allons voir si vous pouvez b\u00e9n\u00e9ficier du <a href=\"https:\/\/www.mes-allocs.fr\/guides\/chomage\/droit-au-chomage\">droit au ch\u00f4mage<\/a> apr\u00e8s avoir refus\u00e9 de renouveler votre CDD.<\/p>\n<div class='cta-block'><div class='text'>Simulez votre ch\u00f4mage en 2 min.<\/div><a href='https:\/\/www.mes-allocs.fr\/simulation-chomage?origin=guides\/wp-json\/wp\/v2\/posts\/44871' class='app-button fit'>Simulation gratuite<\/a><\/div>\n<hr \/>\n<h1 class=\"amp-wp-7d27179\" style=\"text-align: justify;\" data-amp-original-style=\"text-align: justify;\"><span id=\"Retour_sur_lindemnite_de_chomage\">Retour sur l\u2019indemnit\u00e9 de ch\u00f4mage<\/span><\/h1>\n<p class=\"amp-wp-7d27179\" style=\"text-align: justify;\" data-amp-original-style=\"text-align: justify;\">L\u2019allocation <a href=\"https:\/\/www.mes-allocs.fr\/guides\/chomage\">ch\u00f4mage<\/a>, plus r\u00e9guli\u00e8rement appel\u00e9 \u00ab allocation d\u2019aide au retour \u00e0 l\u2019emploi \u00bb (ARE) est calcul\u00e9e \u00e0 partir de vos anciens salaires, y compris les primes. Le montant de cette allocation varie selon le montant de vos r\u00e9mun\u00e9rations, de vos modes d\u2019activit\u00e9 (\u00e0 temps plein, \u00e0 temps partiel) ainsi que du versement de certaines pensions.<\/p>\n<h3 class=\"amp-wp-7d27179\" style=\"text-align: justify;\" data-amp-original-style=\"text-align: justify;\"><span id=\"Qui_peut_en_beneficier\">Qui peut en b\u00e9n\u00e9ficier ?<\/span><\/h3>\n<p class=\"amp-wp-7d27179 amp-wp-7d27179\" style=\"text-align: justify;\" data-amp-original-style=\"text-align: justify;\"><span class=\"amp-wp-fe3f5cc\" data-amp-original-style=\"font-weight: 400;\">Pour percevoir l\u2019Allocation ch\u00f4mage d\u2019aide au retour \u00e0 l\u2019emploi (ARE), et ainsi avoir <a href=\"https:\/\/www.mes-allocs.fr\/guides\/chomage\/droit-au-chomage\">droit au ch\u00f4mage<\/a>, vous devez \u00eatre priv\u00e9 involontairement d\u2019un emploi. La raison de la cessation de votre contrat doit \u00eatre une des suivantes :<\/span><\/p>\n<ul class=\"amp-wp-7d27179\" style=\"text-align: justify;\" data-amp-original-style=\"text-align: justify;\">\n<li class=\"amp-wp-7d27179\" data-amp-original-style=\"text-align: justify;\"><span class=\"amp-wp-fe3f5cc\" data-amp-original-style=\"font-weight: 400;\">Licenciement pour motif personnel ou \u00e9conomique, ou d\u2019une r\u00e9vocation (sanction disciplinaire dans la fonction publique)<\/span><\/li>\n<li class=\"amp-wp-7d27179\" data-amp-original-style=\"text-align: justify;\"><span class=\"amp-wp-fe3f5cc\" data-amp-original-style=\"font-weight: 400;\">Rupture conventionnelle (rupture dans le cadre d\u2019un CDI, qui peut \u00eatre initi\u00e9e par l\u2019employ\u00e9 comme par l\u2019employeur)<\/span><\/li>\n<li class=\"amp-wp-7d27179\" data-amp-original-style=\"text-align: justify;\"><span class=\"amp-wp-fe3f5cc\" data-amp-original-style=\"font-weight: 400;\">Non-renouvellement de votre Contrat \u00e0 Dur\u00e9e D\u00e9termin\u00e9 (si vous \u00eates un salari\u00e9 en CDD)<\/span><\/li>\n<li class=\"amp-wp-7d27179\" data-amp-original-style=\"text-align: justify;\"><span class=\"amp-wp-fe3f5cc\" data-amp-original-style=\"font-weight: 400;\">D\u00e9mission l\u00e9gitime (par exemple pour suivre la personne avec qui vous vivez et qui a \u00e9t\u00e9 mut\u00e9e).<\/span><\/li>\n<\/ul>\n<p class=\"amp-wp-7d27179 amp-wp-7d27179\" style=\"text-align: justify;\" data-amp-original-style=\"text-align: justify;\"><span class=\"amp-wp-fe3f5cc\" data-amp-original-style=\"font-weight: 400;\">Vous devez \u00eatre \u00e2g\u00e9 de moins de 62 ans (\u00e2ge minimum l\u00e9gal de d\u00e9part \u00e0 la retraite). Et vous ne devez pas avoir cumul\u00e9 suffisamment de trimestres travaill\u00e9s pour pouvoir b\u00e9n\u00e9ficier d\u2019une retraite \u00e0 taux plein. Vous \u00eates \u00e2g\u00e9 de plus de 62 ans, mais que vous n\u2019avez pas atteint votre nombre de trimestres requis pour une retraite \u00e0 taux plein ? L\u2019ARE pourra vous \u00eatre accord\u00e9e jusqu\u2019\u00e0 l\u2019obtention d\u2019une retraite \u00e0 taux plein.\u00a0<\/span><\/p>\n<p class=\"amp-wp-7d27179 amp-wp-7d27179\" style=\"text-align: justify;\" data-amp-original-style=\"text-align: justify;\"><span class=\"amp-wp-fe3f5cc\" data-amp-original-style=\"font-weight: 400;\">Vous devez \u00e9galement r\u00e9sider sur le territoire fran\u00e7ais et \u00eatre physiquement apte \u00e0 exercer un emploi.<\/span><\/p>\n<h3 class=\"amp-wp-7d27179\" style=\"text-align: justify;\" data-amp-original-style=\"text-align: justify;\"><span id=\"Quest-ce_qui_est_pris_en_compte_dans_le_calcul\">Qu\u2019est-ce qui est pris en compte dans le calcul ?<\/span><\/h3>\n<section class=\"block-article-link color-candidat\">Pour le calcul de votre allocation ch\u00f4mage, les sommes prises en compte sont les r\u00e9mun\u00e9rations brutes :<img loading=\"lazy\" decoding=\"async\" class=\" wp-image-46084 alignright\" title=\"calcul\" src=\"https:\/\/www.mes-allocs.fr\/guides\/wp-content\/uploads\/2022\/03\/calcul-2.jpg\" alt=\"refus de renouvellement de cdd et droit au ch\u00f4mage\" width=\"360\" height=\"240\" srcset=\"https:\/\/www.mes-allocs.fr\/guides\/wp-content\/uploads\/2022\/03\/calcul-2.jpg 1125w, https:\/\/www.mes-allocs.fr\/guides\/wp-content\/uploads\/2022\/03\/calcul-2-300x200.jpg 300w, https:\/\/www.mes-allocs.fr\/guides\/wp-content\/uploads\/2022\/03\/calcul-2-1024x683.jpg 1024w, https:\/\/www.mes-allocs.fr\/guides\/wp-content\/uploads\/2022\/03\/calcul-2-768x512.jpg 768w, https:\/\/www.mes-allocs.fr\/guides\/wp-content\/uploads\/2022\/03\/calcul-2-600x400.jpg 600w\" sizes=\"auto, (max-width: 360px) 100vw, 360px\" \/><\/p>\n<ul>\n<li>qui sont la contrepartie de l\u2019ex\u00e9cution \u00ab normale \u00bb de votre contrat de travail ;<\/li>\n<li>qui sont soumises aux contributions\u00a0patronales d\u2019assurance ch\u00f4mage ch\u00f4mage ;<\/li>\n<li>qui ont \u00e9t\u00e9 per\u00e7ues au cours de la p\u00e9riode de r\u00e9f\u00e9rence de calcul ;<\/li>\n<li>qui n\u2019ont pas d\u00e9j\u00e0 servi pour un pr\u00e9c\u00e9dent calcul de droit.<\/li>\n<\/ul>\n<p>Ne sont pas utilis\u00e9es dans le calcul :<\/p>\n<ul>\n<li>les indemnit\u00e9s de licenciement, de fin de contrat ;<\/li>\n<li>les indemnit\u00e9s de cong\u00e9s pay\u00e9s.<\/li>\n<\/ul>\n<p>Les r\u00e9mun\u00e9rations li\u00e9es \u00e0 des heures de travail effectu\u00e9es au-del\u00e0 de 260 heures par mois ne sont pas comptabilis\u00e9es.<\/p>\n<\/section>\n<p class=\"amp-wp-7d27179\" style=\"text-align: justify;\" data-amp-original-style=\"text-align: justify;\">P\u00f4le emploi prend en compte les 12 mois de salaires et primes qui pr\u00e9c\u00e8dent votre dernier jour travaill\u00e9 et pay\u00e9 pour calculer le montant de l\u2019allocation que vous toucherez par jour.<\/p>\n<p class=\"amp-wp-7d27179\" style=\"text-align: justify;\" data-amp-original-style=\"text-align: justify;\">Si le dernier jour travaill\u00e9 et pay\u00e9 correspond au terme d\u2019un mois civil, la p\u00e9riode r\u00e9f\u00e9rence de calcul est constitu\u00e9e de 12 mois civils incluant ce mois.<\/p>\n<p class=\"amp-wp-7d27179\" style=\"text-align: justify;\" data-amp-original-style=\"text-align: justify;\">Si vous n\u2019exerciez plus qu\u2019une activit\u00e9 r\u00e9duite \u2013 ou si vous ne receviez qu\u2019un salaire r\u00e9duit \u00e0 la fin de votre contrat de travail \u2013 la fin de la p\u00e9riode de r\u00e9f\u00e9rence calcul peut \u00eatre d\u00e9cal\u00e9e. Cela peut \u00eatre d\u00e9cid\u00e9 d\u2019office, ou vous pouvez en faire la demande \u00e0 votre conseiller dans l\u2019objectif de prendre en compte des r\u00e9mun\u00e9rations normales.<\/p>\n<h3 class=\"amp-wp-7d27179\" style=\"text-align: justify;\" data-amp-original-style=\"text-align: justify;\"><span id=\"Le_montant_de_lallocation\">Le montant de l\u2019allocation<\/span><\/h3>\n<p class=\"amp-wp-7d27179\" style=\"text-align: justify;\" data-amp-original-style=\"text-align: justify;\">Le montant journalier de votre allocation ch\u00f4mage est \u00e9gal au montant le plus \u00e9lev\u00e9 entre :<\/p>\n<ul class=\"amp-wp-7d27179\" style=\"text-align: justify;\" data-amp-original-style=\"text-align: justify;\">\n<li>40,4 % de votre salaire journalier de r\u00e9f\u00e9rence (SJR) +\u00a0 une partie fixe de 13.18 \u20ac\u00a0 ;<\/li>\n<li>57 % de votre SJR.<\/li>\n<\/ul>\n<p class=\"amp-wp-7d27179\" style=\"text-align: justify;\" data-amp-original-style=\"text-align: justify;\">Ce montant est encadr\u00e9 par un plancher et un plafond :<\/p>\n<ul class=\"amp-wp-7d27179\" style=\"text-align: justify;\" data-amp-original-style=\"text-align: justify;\">\n<li>Il ne peut \u00eatre inf\u00e9rieur \u00e0 l\u2019allocation journali\u00e8re minimale de 32,13 \u20ac ;<\/li>\n<li>Il ne peut exc\u00e9der 75 % de votre SJR.<\/li>\n<\/ul>\n<p style=\"text-align: justify;\"><div class='cta-block'><div class='text'>Simulez votre ch\u00f4mage en 2 min.<\/div><a href='https:\/\/www.mes-allocs.fr\/simulation-chomage?origin=guides\/wp-json\/wp\/v2\/posts\/44871' class='app-button fit'>Simulation gratuite<\/a><\/div><\/p>\n<h3 class=\"amp-wp-7d27179\" style=\"text-align: justify;\" data-amp-original-style=\"text-align: justify;\"><span id=\"Cas_particuliers\">Cas particuliers<\/span><\/h3>\n<section class=\"block-article-link color-candidat\">Si votre salaire d\u00e9passait un certain montant :<\/p>\n<ul>\n<li>Votre allocation peut\u00a0\u00eatre r\u00e9duite de 30 % au del\u00e0 de 8 mois d\u2019indemnisation.<\/li>\n<li>Cette d\u00e9gressivit\u00e9 peut s\u2019appliquer quand votre ancien salaire brut de r\u00e9f\u00e9rence \u00e9tait sup\u00e9rieur \u00e0 un certain montant<\/li>\n<li>Elle ne s\u2019applique pas aux demandeurs d\u2019emploi qui ont 57 ans et plus \u00e0 la date de fin de contrat de travail.<\/li>\n<\/ul>\n<p class=\"amp-wp-7d27179\" data-amp-original-style=\"text-align: justify;\">Si vous \u00e9tiez \u00e0 temps partiel, la partie fixe de l\u2019allocation (13.18 \u20ac) et l\u2019allocation minimale (32,13 \u20ac) sont affect\u00e9es d\u2019un coefficient de r\u00e9duction.<\/p>\n<\/section>\n<section class=\"block-article-link color-grey-transverse\">Si vous receviez une pension d\u2019invalidit\u00e9 durant votre emploi, vous avez droit \u00e0 l\u2019allocation ch\u00f4mage. De fait, vous continuerez \u00e0 recevoir votre pension. Si vous b\u00e9n\u00e9ficiez d\u2019une pension d\u2019invalidit\u00e9 de cat\u00e9gorie 2 ou 3 apr\u00e8s la fin de votre contrat de travail, celle-ci viendra diminuer le montant de votre ARE.<\/section>\n<section>\n<h3 class=\"amp-wp-7d27179\" style=\"text-align: justify;\" data-amp-original-style=\"text-align: justify;\"><span id=\"Duree_de_lindemnisation\">Dur\u00e9e de l\u2019indemnisation<\/span><\/h3>\n<p class=\"amp-wp-7d27179\" style=\"text-align: justify;\" data-amp-original-style=\"text-align: justify;\">Pour conna\u00eetre le nombre de jours durant lesquels vous pourrez percevoir l\u2019allocation ch\u00f4mage, il faut multiplier par 1,4 le nombre de jours travaill\u00e9s dans la p\u00e9riode de r\u00e9f\u00e9rence.<img loading=\"lazy\" decoding=\"async\" class=\" wp-image-46085 alignright\" title=\"arget\" src=\"https:\/\/www.mes-allocs.fr\/guides\/wp-content\/uploads\/2022\/03\/arget-.jpeg\" alt=\"refus de renouvellement de cdd et droit au ch\u00f4mage\" width=\"331\" height=\"221\" srcset=\"https:\/\/www.mes-allocs.fr\/guides\/wp-content\/uploads\/2022\/03\/arget-.jpeg 1125w, https:\/\/www.mes-allocs.fr\/guides\/wp-content\/uploads\/2022\/03\/arget--300x200.jpeg 300w, https:\/\/www.mes-allocs.fr\/guides\/wp-content\/uploads\/2022\/03\/arget--1024x683.jpeg 1024w, https:\/\/www.mes-allocs.fr\/guides\/wp-content\/uploads\/2022\/03\/arget--768x512.jpeg 768w, https:\/\/www.mes-allocs.fr\/guides\/wp-content\/uploads\/2022\/03\/arget--600x400.jpeg 600w\" sizes=\"auto, (max-width: 331px) 100vw, 331px\" \/><\/p>\n<p class=\"amp-wp-7d27179\" style=\"text-align: justify;\" data-amp-original-style=\"text-align: justify;\">Les \u00ab jours travaill\u00e9s \u00bb sont d\u00e9compt\u00e9s par semaine civile (du lundi au dimanche).<\/p>\n<p class=\"amp-wp-7d27179\" style=\"text-align: justify;\" data-amp-original-style=\"text-align: justify;\">P\u00f4le emploi (l\u2019organisme qui vous verse l\u2019indemnit\u00e9) peut tenir compte de plusieurs contrats de travail sur la m\u00eame p\u00e9riode, mais quoi qu\u2019il arrive, le nombre de jours pris en compte sera limit\u00e9 \u00e0 5 jours travaill\u00e9s par semaine civile.<\/p>\n<p class=\"amp-wp-7d27179\" style=\"text-align: justify;\" data-amp-original-style=\"text-align: justify;\">La p\u00e9riode de r\u00e9f\u00e9rence dans laquelle les jours sont recherch\u00e9s varie en fonction de votre \u00e2ge.\u00a0Elle est de 24 mois si vous avez moins de 53 ans \u00e0 la date de votre fin de contrat de travail et de 36 mois si vous avez 53 ans et plus \u00e0 la date de votre fin de contrat de travail.<\/p>\n<p class=\"amp-wp-7d27179\" style=\"text-align: justify;\" data-amp-original-style=\"text-align: justify;\">En fonction de votre \u00e2ge, la dur\u00e9e maximale durant laquelle l\u2019allocation ch\u00f4mage peut vous \u00eatre vers\u00e9e peut \u00eatre allong\u00e9e.\u00a0Si vous avez moins de 53 ans, vous serez indemnis\u00e9 au maximum 730 jours (les 24 derniers mois).<\/p>\n<p class=\"amp-wp-7d27179\" style=\"text-align: justify;\" data-amp-original-style=\"text-align: justify;\">Si vous avez entre 53 et 54 ans et que vous avez suivi une formation d\u00e9cid\u00e9e avec votre conseiller P\u00f4le emploi et ouvrant droit au versement de l\u2019allocation ch\u00f4mage, vous avez le droit \u00e0 un allongement de la dur\u00e9e de vos droits d\u2019une dur\u00e9e de 182 jours maximum (soit 6 mois).<\/p>\n<p><iframe loading=\"lazy\" title=\"Tout savoir sur le ch\u00f4mage en France !\" width=\"500\" height=\"281\" src=\"https:\/\/www.youtube.com\/embed\/jgv9qS4jh7k?feature=oembed\" frameborder=\"0\" allow=\"accelerometer; autoplay; clipboard-write; encrypted-media; gyroscope; picture-in-picture; web-share\" referrerpolicy=\"strict-origin-when-cross-origin\" allowfullscreen><\/iframe><\/p>\n<h1 style=\"text-align: justify;\" data-amp-original-style=\"text-align: justify;\"><span style=\"font-size: 24pt;\">ARE et renouvellement d&rsquo;un CDD\u00a0<\/span><\/h1>\n<h2 style=\"text-align: justify;\">Comment se passe la proc\u00e9dure de renouvellement d&rsquo;un CDD ?<\/h2>\n<p style=\"text-align: justify;\">Concernant le renouvellement d&rsquo;un CDD, il\u00a0 doit \u00eatre r\u00e9alis\u00e9 selon certaines conditions bien pr\u00e9cises. En effet, ce type de contrat ne peut pas \u00eatre reconduit plus de deux fois et sur un laps de temps d\u00e9fini variant de 9 \u00e0 24 mois tout au plus (art. L1243-13 du Code du Travail), en fonction de la convention ou l\u2019accord de branche.<\/p>\n<p style=\"text-align: justify;\">Cette prolongation peut \u00eatre propos\u00e9e par une clause pr\u00e9vue dans le contrat initial, ou par un avenant soumis au salari\u00e9 avant le terme de son CDD. De m\u00eame, la d\u00e9nomination du poste occup\u00e9, tout comme la r\u00e9mun\u00e9ration, les horaires de travail, ainsi que les clauses initiales du premier contrat doivent \u00eatre report\u00e9es sans modification sur ledit avenant. Si ces r\u00e8gles ne sont pas respect\u00e9es, le CDD peut alors \u00eatre requalifi\u00e9 en CDI et l\u2019employeur encourt une amende symbolique de 3 750 euros.<\/p>\n<h2 style=\"text-align: justify;\">Peut-on b\u00e9n\u00e9ficier de l&rsquo;ARE si on refuse un CDD ?<\/h2>\n<p style=\"text-align: justify;\">Concernant cette question, il existe une loi \u00e0 ce propos. En effet,\u00a0toute personne refusant un renouvellement de CDD est consid\u00e9r\u00e9e comme \u00e9tant involontairement priv\u00e9e d\u2019emploi ou assimil\u00e9.<\/p>\n<p style=\"text-align: justify;\">Aucun d\u00e9tail n\u2019est pr\u00e9cis\u00e9 sur le fait que cette fin d\u2019activit\u00e9 rel\u00e8ve d\u2019une fin de contrat ou d\u2019un refus du salari\u00e9 de poursuivre un renouvellement. De m\u00eame, aucune mention sur le motif de son refus de signer un renouvellement n\u2019entre en compte dans ce cas. De fait, si le salari\u00e9 ne souhaite pas prolonger son CDD, ce dernier peut en toute l\u00e9galit\u00e9 pr\u00e9tendre au ch\u00f4mage.<\/p>\n<div class='cta-block'><div class='text'>Simulez votre ch\u00f4mage en 2 min.<\/div><a href='https:\/\/www.mes-allocs.fr\/simulation-chomage?origin=guides\/wp-json\/wp\/v2\/posts\/44871' class='app-button fit'>Simulation gratuite<\/a><\/div>\n<p style=\"text-align: justify;\">\n<\/section>\n","protected":false},"excerpt":{"rendered":"<p>Le ch\u00f4mage est une situation professionnelle qui peut affecter chacun d&rsquo;entre nous. Pour compenser le manque de salaire, vous pouvez b\u00e9n\u00e9ficier d&rsquo;une indemnit\u00e9. Dans cet article, nous allons voir si vous pouvez b\u00e9n\u00e9ficier du droit au ch\u00f4mage apr\u00e8s avoir refus\u00e9 de renouveler votre CDD. Retour sur l\u2019indemnit\u00e9 de ch\u00f4mage L\u2019allocation ch\u00f4mage, plus r\u00e9guli\u00e8rement appel\u00e9 \u00ab [&hellip;]<\/p>\n","protected":false},"author":6,"featured_media":105510,"comment_status":"open","ping_status":"open","sticky":false,"template":"","format":"standard","meta":{"amp_status":"","footnotes":""},"categories":[2991,2989],"tags":[],"class_list":["post-44871","post","type-post","status-publish","format-standard","has-post-thumbnail","hentry","category-droit-au-chomage","category-chomage"],"yoast_head":"<!-- This site is optimized with the Yoast SEO plugin v14.9 - https:\/\/yoast.com\/wordpress\/plugins\/seo\/ -->\n<title>Refus de renouvellement de CDD et droit au ch\u00f4mage | Mes-Allocs.fr<\/title>\n<meta name=\"description\" content=\"Dans cet article, l&#039;\u00e9quipe de Mes Allocs traite la question du ch\u00f4mage et plus pr\u00e9cis\u00e9ment, de l&#039;obtention de l&#039;allocation ch\u00f4mage.\" \/>\n<meta name=\"robots\" content=\"index, follow, max-snippet:-1, max-image-preview:large, max-video-preview:-1\" \/>\n<link rel=\"canonical\" href=\"https:\/\/www.mes-allocs.fr\/guides\/chomage\/droit-au-chomage\/refus-de-renouvellement-de-cdd-et-droit-au-chomage\/\" \/>\n<meta property=\"og:locale\" content=\"fr_FR\" \/>\n<meta property=\"og:type\" content=\"article\" \/>\n<meta property=\"og:title\" content=\"Refus de renouvellement de CDD et droit au ch\u00f4mage | Mes-Allocs.fr\" \/>\n<meta property=\"og:description\" content=\"Dans cet article, l&#039;\u00e9quipe de Mes Allocs traite la question du ch\u00f4mage et plus pr\u00e9cis\u00e9ment, de l&#039;obtention de l&#039;allocation ch\u00f4mage.\" \/>\n<meta property=\"og:url\" content=\"https:\/\/www.mes-allocs.fr\/guides\/chomage\/droit-au-chomage\/refus-de-renouvellement-de-cdd-et-droit-au-chomage\/\" \/>\n<meta property=\"og:site_name\" content=\"Mes-Allocs.fr\" \/>\n<meta property=\"article:published_time\" content=\"2022-03-08T16:28:57+00:00\" \/>\n<meta property=\"article:modified_time\" content=\"2025-11-05T17:22:54+00:00\" \/>\n<meta property=\"og:image\" content=\"https:\/\/www.mes-allocs.fr\/guides\/wp-content\/uploads\/2022\/03\/refus-renouvellement-cdd-droit-au-chomage.jpg?wsr\" \/>\n\t<meta property=\"og:image:width\" content=\"1920\" \/>\n\t<meta property=\"og:image:height\" content=\"1080\" \/>\n<meta name=\"twitter:card\" content=\"summary_large_image\" \/>\n<script type=\"application\/ld+json\" class=\"yoast-schema-graph\">{\"@context\":\"https:\/\/schema.org\",\"@graph\":[{\"@type\":\"WebSite\",\"@id\":\"https:\/\/www.mes-allocs.fr\/guides\/#website\",\"url\":\"https:\/\/www.mes-allocs.fr\/guides\/\",\"name\":\"Mes-Allocs.fr\",\"description\":\"\",\"potentialAction\":[{\"@type\":\"SearchAction\",\"target\":\"https:\/\/www.mes-allocs.fr\/guides\/?s={search_term_string}\",\"query-input\":\"required name=search_term_string\"}],\"inLanguage\":\"fr-FR\"},{\"@type\":\"ImageObject\",\"@id\":\"https:\/\/www.mes-allocs.fr\/guides\/chomage\/droit-au-chomage\/refus-de-renouvellement-de-cdd-et-droit-au-chomage\/#primaryimage\",\"inLanguage\":\"fr-FR\",\"url\":\"https:\/\/www.mes-allocs.fr\/guides\/wp-content\/uploads\/2022\/03\/refus-renouvellement-cdd-droit-au-chomage.jpg?wsr\",\"width\":1920,\"height\":1080,\"caption\":\"refus renouvellement cdd droit au chomage\"},{\"@type\":\"WebPage\",\"@id\":\"https:\/\/www.mes-allocs.fr\/guides\/chomage\/droit-au-chomage\/refus-de-renouvellement-de-cdd-et-droit-au-chomage\/#webpage\",\"url\":\"https:\/\/www.mes-allocs.fr\/guides\/chomage\/droit-au-chomage\/refus-de-renouvellement-de-cdd-et-droit-au-chomage\/\",\"name\":\"Refus de renouvellement de CDD et droit au ch\\u00f4mage | Mes-Allocs.fr\",\"isPartOf\":{\"@id\":\"https:\/\/www.mes-allocs.fr\/guides\/#website\"},\"primaryImageOfPage\":{\"@id\":\"https:\/\/www.mes-allocs.fr\/guides\/chomage\/droit-au-chomage\/refus-de-renouvellement-de-cdd-et-droit-au-chomage\/#primaryimage\"},\"datePublished\":\"2022-03-08T16:28:57+00:00\",\"dateModified\":\"2025-11-05T17:22:54+00:00\",\"author\":{\"@id\":\"https:\/\/www.mes-allocs.fr\/guides\/#\/schema\/person\/0ecd61a8600573914d00d970a588c024\"},\"description\":\"Dans cet article, l'\\u00e9quipe de Mes Allocs traite la question du ch\\u00f4mage et plus pr\\u00e9cis\\u00e9ment, de l'obtention de l'allocation ch\\u00f4mage.\",\"inLanguage\":\"fr-FR\"},{\"@type\":\"Person\",\"@id\":\"https:\/\/www.mes-allocs.fr\/guides\/#\/schema\/person\/0ecd61a8600573914d00d970a588c024\",\"name\":\"Jonathan\",\"image\":{\"@type\":\"ImageObject\",\"@id\":\"https:\/\/www.mes-allocs.fr\/guides\/#personlogo\",\"inLanguage\":\"fr-FR\",\"url\":\"https:\/\/www.mes-allocs.fr\/guides\/wp-content\/uploads\/2021\/06\/jonathan-150x150.png\",\"caption\":\"Jonathan\"},\"description\":\"Jonathan est r\\u00e9dacteur au sein de l'\\u00e9quipe Mes Allocs, sp\\u00e9cialis\\u00e9 sur les sujets li\\u00e9s au handicap. Dipl\\u00f4m\\u00e9e de l'UPEM, il rejoint Mes Allocs apr\\u00e8s avoir travaill\\u00e9 \\u00e0 l'association AEDE qui accompagne les adultes en situation de handicap. Quand il n'\\u00e9crit pas, on peut le retrouver sur un terrain de basket.\",\"sameAs\":[\"https:\/\/www.linkedin.com\/in\/jonathan-bambela-8637861b7\"]}]}<\/script>\n<!-- \/ Yoast SEO plugin. -->","amp_validity":null,"acf":{"faq":{"1":{"question":"Qui a le droit au ch\u00f4mage ?","answer":"L'Assurance ch\u00f4mage prot\u00e8ge les travailleurs salari\u00e9s contre la perte d'un revenu en cas de ch\u00f4mage. Elle leur permet de b\u00e9n\u00e9ficier d'une allocation et de continuer \u00e0 cumuler des points pour la retraite m\u00eame s'ils ont perdu leur emploi."},"2":{"question":"Puis-je travailler et toucher le ch\u00f4mage ?","answer":"Oui, et ce, depuis le 1er octobre 2014. Vous pouvez cumuler partiellement l'allocation d'aide au retour \u00e0 l'emploi (ARE) et vos salaires."},"3":{"question":"Comment faire pour toucher le ch\u00f4mage apr\u00e8s une d\u00e9mission ?","answer":"La d\u00e9mission l\u00e9gitime n'est pas l'unique cas qui ouvre droit au ch\u00f4mage apr\u00e8s une d\u00e9mission. Lorsque vous effectuez une reconversion professionnelle ou que vous cr\u00e9ez ou reprenez une entreprise, vous pouvez \u00e9galement b\u00e9n\u00e9ficier des allocations ch\u00f4mage."},"4":{"question":"Quelle prime pour les ch\u00f4meurs ?","answer":"Vous avez droit \u00e0 une prime de 150\u20ac, dont le versement se fera automatiquement par P\u00f4le emploi. Et ce, \u00e0 compter du 15 du mois."},"5":{"question":" Quelle est la dur\u00e9e du ch\u00f4mage ?","answer":"Pour une personne de \u2013 de 50 ans : La dur\u00e9e maximum d'indemnisation est de 730 jours, soit 24 mois. Peu importe, si vous avez travaill\u00e9 plus de 2 ans."},"6":{"question":"Quelles sont les aides quand on est au ch\u00f4mage ?","answer":"Au ch\u00f4mage, vous pouvez b\u00e9n\u00e9ficier des indemnit\u00e9s associ\u00e9es si vous avez fait l'objet d'une d\u00e9mission l\u00e9gitime. Le RSA est aussi une option envisageable."},"7":{"question":"","answer":""},"8":{"question":"","answer":""},"9":{"question":"","answer":""},"10":{"question":"","answer":""},"11":{"question":"","answer":""},"12":{"question":"","answer":""},"13":{"question":"","answer":""},"14":{"question":"","answer":""},"15":{"question":"","answer":""},"16":{"question":"","answer":""}}},"_links":{"self":[{"href":"https:\/\/www.mes-allocs.fr\/guides\/wp-json\/wp\/v2\/posts\/44871","targetHints":{"allow":["GET"]}}],"collection":[{"href":"https:\/\/www.mes-allocs.fr\/guides\/wp-json\/wp\/v2\/posts"}],"about":[{"href":"https:\/\/www.mes-allocs.fr\/guides\/wp-json\/wp\/v2\/types\/post"}],"author":[{"embeddable":true,"href":"https:\/\/www.mes-allocs.fr\/guides\/wp-json\/wp\/v2\/users\/6"}],"replies":[{"embeddable":true,"href":"https:\/\/www.mes-allocs.fr\/guides\/wp-json\/wp\/v2\/comments?post=44871"}],"version-history":[{"count":17,"href":"https:\/\/www.mes-allocs.fr\/guides\/wp-json\/wp\/v2\/posts\/44871\/revisions"}],"predecessor-version":[{"id":104387,"href":"https:\/\/www.mes-allocs.fr\/guides\/wp-json\/wp\/v2\/posts\/44871\/revisions\/104387"}],"wp:featuredmedia":[{"embeddable":true,"href":"https:\/\/www.mes-allocs.fr\/guides\/wp-json\/wp\/v2\/media\/105510"}],"wp:attachment":[{"href":"https:\/\/www.mes-allocs.fr\/guides\/wp-json\/wp\/v2\/media?parent=44871"}],"wp:term":[{"taxonomy":"category","embeddable":true,"href":"https:\/\/www.mes-allocs.fr\/guides\/wp-json\/wp\/v2\/categories?post=44871"},{"taxonomy":"post_tag","embeddable":true,"href":"https:\/\/www.mes-allocs.fr\/guides\/wp-json\/wp\/v2\/tags?post=44871"}],"curies":[{"name":"wp","href":"https:\/\/api.w.org\/{rel}","templated":true}]}}