{"id":44778,"date":"2022-02-10T17:26:48","date_gmt":"2022-02-10T15:26:48","guid":{"rendered":"https:\/\/www.mes-allocs.fr\/guides\/?p=44778"},"modified":"2025-10-07T15:53:00","modified_gmt":"2025-10-07T13:53:00","slug":"periode-d-accident-de-travail-dans-le-calcul-du-chomage","status":"publish","type":"post","link":"https:\/\/www.mes-allocs.fr\/guides\/chomage\/calculer-chomage\/periode-d-accident-de-travail-dans-le-calcul-du-chomage\/","title":{"rendered":"La p\u00e9riode d&rsquo;accident de travail dans le calcul du ch\u00f4mage"},"content":{"rendered":"<p style=\"text-align: justify;\">Lorsque vous vous retrouvez au ch\u00f4mage, vous pouvez b\u00e9n\u00e9ficier d&rsquo;une allocation. Le <a href=\"https:\/\/www.mes-allocs.fr\/guides\/chomage\/calculer-chomage\/\">calcul de cette allocation<\/a> se fait selon des param\u00e8tres bien pr\u00e9cis. Dans cet article, nous allons voir si la p\u00e9riode d&rsquo;accident du travail\u00a0est compt\u00e9e dans le calcul de l&rsquo;allocation ch\u00f4mage.<\/p>\n<div class='cta-block'><div class='text'>Simulez votre ch\u00f4mage en 2 min.<\/div><a href='https:\/\/www.mes-allocs.fr\/simulation-chomage?origin=guides\/wp-json\/wp\/v2\/posts\/44778' class='app-button fit'>Simulation gratuite<\/a><\/div>\n<h1 class=\"amp-wp-7d27179\" style=\"text-align: justify;\" data-amp-original-style=\"text-align: justify;\"><span id=\"Retour_sur_lindemnite_de_chomage\">L\u2019indemnit\u00e9 de ch\u00f4mage<\/span><\/h1>\n<p class=\"amp-wp-7d27179\" style=\"text-align: justify;\" data-amp-original-style=\"text-align: justify;\">L\u2019allocation <a href=\"https:\/\/www.mes-allocs.fr\/guides\/chomage\">ch\u00f4mage<\/a>, plus r\u00e9guli\u00e8rement appel\u00e9 \u00ab allocation d\u2019aide au retour \u00e0 l\u2019emploi \u00bb (ARE) est calcul\u00e9e \u00e0 partir de vos anciens salaires, y compris les primes. Le montant de cette allocation varie selon le montant de vos r\u00e9mun\u00e9rations, de vos modes d\u2019activit\u00e9 (\u00e0 temps plein, \u00e0 temps partiel) ainsi que du versement de certaines pensions.<\/p>\n<h2 class=\"amp-wp-7d27179\" style=\"text-align: justify;\" data-amp-original-style=\"text-align: justify;\"><span id=\"Quelles_sont_les_conditions_pour_en_beneficier\">Quelles sont les conditions pour en b\u00e9n\u00e9ficier ?<\/span><\/h2>\n<p class=\"amp-wp-7d27179 amp-wp-7d27179\" style=\"text-align: justify;\" data-amp-original-style=\"text-align: justify;\"><span class=\"amp-wp-fe3f5cc\" data-amp-original-style=\"font-weight: 400;\">Pour percevoir l\u2019ARE, vous devez tout d\u2019abord \u00eatre inscrit comme demandeur d\u2019emploi au P\u00f4le Emploi, ou accomplir une formation dans votre projet personnalis\u00e9 d\u2019acc\u00e8s \u00e0 l\u2019emploi (PPAE). Vous devez cr\u00e9er un espace personnel sur P\u00f4le emploi. <a href=\"https:\/\/www.mes-allocs.fr\/souscription\">Mes Allocs vous aide dans toutes vos d\u00e9marches !<\/a><\/span><\/p>\n<p class=\"amp-wp-7d27179 amp-wp-7d27179\" style=\"text-align: justify;\" data-amp-original-style=\"text-align: justify;\"><span class=\"amp-wp-fe3f5cc\" data-amp-original-style=\"font-weight: 400;\">Vous devez \u00e9galement justifier d\u2019une p\u00e9riode minimale de travail de 130 jours ( cette dur\u00e9e est \u00e9gale \u00e0 la dur\u00e9e d\u2019affiliation) ou 910 heures, sur la p\u00e9riode des 24 derniers mois pr\u00e9c\u00e9dant la fin du contrat de travail. Si vous \u00eates \u00e2g\u00e9 de plus de 53 ans \u00e0 la fin de votre contrat de travail, l\u2019affiliation est recherch\u00e9e dans les 36 derniers mois pr\u00e9c\u00e9dant la fin du contrat de travail.\u00a0<\/span><\/p>\n<p class=\"amp-wp-7d27179 amp-wp-7d27179\" style=\"text-align: justify;\" data-amp-original-style=\"text-align: justify;\"><span class=\"amp-wp-fe3f5cc\" data-amp-original-style=\"font-weight: 400;\">Vos \u00e9ventuelles p\u00e9riodes de formation sont consid\u00e9r\u00e9es comme des heures de travail. Les p\u00e9riodes o\u00f9 votre contrat de travail \u00e9tait suspendu (maladie professionnelle, cong\u00e9 maternit\u00e9,\u2026) sont prises en compte comme des journ\u00e9es d\u2019affiliation au m\u00eame titre qu\u2019un jour travaill\u00e9. En revanche, les p\u00e9riodes de suspension de contrat de travail au cours desquelles vous avez exerc\u00e9 une activit\u00e9 professionnelle non salari\u00e9e ne sont pas prises en compte, \u00e0 l\u2019exception de :<\/span><\/p>\n<ul class=\"amp-wp-7d27179\" style=\"text-align: justify;\" data-amp-original-style=\"text-align: justify;\">\n<li class=\"amp-wp-7d27179\" data-amp-original-style=\"text-align: justify;\"><span class=\"amp-wp-fe3f5cc\" data-amp-original-style=\"font-weight: 400;\">Cong\u00e9 pour cr\u00e9ation d\u2019entreprise<\/span><\/li>\n<li class=\"amp-wp-7d27179\" data-amp-original-style=\"text-align: justify;\"><span class=\"amp-wp-fe3f5cc\" data-amp-original-style=\"font-weight: 400;\">Cong\u00e9 sabbatique\u00a0<\/span><\/li>\n<li class=\"amp-wp-7d27179\" data-amp-original-style=\"text-align: justify;\"><span class=\"amp-wp-fe3f5cc\" data-amp-original-style=\"font-weight: 400;\">Mobilit\u00e9 volontaire s\u00e9curis\u00e9e (travailler dans une autre entreprise avec la possibilit\u00e9 de revenir exercer dans l\u2019entreprise d\u2019origine)<\/span><\/li>\n<\/ul>\n<h2 class=\"amp-wp-7d27179\" style=\"text-align: justify;\" data-amp-original-style=\"text-align: justify;\"><span id=\"Qui_peut_en_beneficier\">Qui peut b\u00e9n\u00e9ficier de cette allocation ch\u00f4mage ?<\/span><\/h2>\n<p class=\"amp-wp-7d27179 amp-wp-7d27179\" style=\"text-align: justify;\" data-amp-original-style=\"text-align: justify;\"><span class=\"amp-wp-fe3f5cc\" data-amp-original-style=\"font-weight: 400;\">Pour percevoir l\u2019Allocation ch\u00f4mage d\u2019aide au retour \u00e0 l\u2019emploi (ARE), et ainsi avoir droit au ch\u00f4mage, vous devez \u00eatre priv\u00e9 involontairement d\u2019un emploi. La raison de la cessation de votre contrat doit \u00eatre une des suivantes :<\/span><\/p>\n<ul class=\"amp-wp-7d27179\" style=\"text-align: justify;\" data-amp-original-style=\"text-align: justify;\">\n<li class=\"amp-wp-7d27179\" data-amp-original-style=\"text-align: justify;\"><span class=\"amp-wp-fe3f5cc\" data-amp-original-style=\"font-weight: 400;\">Licenciement pour motif personnel ou \u00e9conomique, ou d\u2019une r\u00e9vocation (sanction disciplinaire dans la fonction publique)<\/span><\/li>\n<li class=\"amp-wp-7d27179\" data-amp-original-style=\"text-align: justify;\"><span class=\"amp-wp-fe3f5cc\" data-amp-original-style=\"font-weight: 400;\">Rupture conventionnelle (rupture dans le cadre d\u2019un CDI, qui peut \u00eatre initi\u00e9e par l\u2019employ\u00e9 comme par l\u2019employeur)<\/span><\/li>\n<li class=\"amp-wp-7d27179\" data-amp-original-style=\"text-align: justify;\"><span class=\"amp-wp-fe3f5cc\" data-amp-original-style=\"font-weight: 400;\">Non-renouvellement de votre CDD (Contrat \u00e0 Dur\u00e9e D\u00e9termin\u00e9e)<\/span><\/li>\n<li class=\"amp-wp-7d27179\" data-amp-original-style=\"text-align: justify;\"><span class=\"amp-wp-fe3f5cc\" data-amp-original-style=\"font-weight: 400;\">D\u00e9mission l\u00e9gitime (par exemple pour suivre la personne avec qui vous vivez et qui a \u00e9t\u00e9 mut\u00e9e).<\/span><\/li>\n<\/ul>\n<p class=\"amp-wp-7d27179 amp-wp-7d27179\" style=\"text-align: justify;\" data-amp-original-style=\"text-align: justify;\"><span class=\"amp-wp-fe3f5cc\" data-amp-original-style=\"font-weight: 400;\">Vous devez \u00eatre \u00e2g\u00e9 de moins de 64 ans (\u00e2ge minimum l\u00e9gal de d\u00e9part \u00e0 la retraite). Et vous ne<img loading=\"lazy\" decoding=\"async\" class=\" wp-image-44806 alignright\" title=\"personne agee\" src=\"https:\/\/www.mes-allocs.fr\/guides\/wp-content\/uploads\/2022\/02\/personne-agee-3.jpg\" alt=\"p\u00e9riode d accident de travail dans le calcul du ch\u00f4mage\" width=\"366\" height=\"244\" srcset=\"https:\/\/www.mes-allocs.fr\/guides\/wp-content\/uploads\/2022\/02\/personne-agee-3.jpg 1125w, https:\/\/www.mes-allocs.fr\/guides\/wp-content\/uploads\/2022\/02\/personne-agee-3-300x200.jpg 300w, https:\/\/www.mes-allocs.fr\/guides\/wp-content\/uploads\/2022\/02\/personne-agee-3-1024x683.jpg 1024w, https:\/\/www.mes-allocs.fr\/guides\/wp-content\/uploads\/2022\/02\/personne-agee-3-768x512.jpg 768w, https:\/\/www.mes-allocs.fr\/guides\/wp-content\/uploads\/2022\/02\/personne-agee-3-600x400.jpg 600w\" sizes=\"auto, (max-width: 366px) 100vw, 366px\" \/> devez pas avoir cumul\u00e9 suffisamment de trimestres travaill\u00e9s pour pouvoir b\u00e9n\u00e9ficier d\u2019une retraite \u00e0 taux plein. Vous \u00eates \u00e2g\u00e9 de plus de 64 ans, mais que vous n\u2019avez pas atteint votre nombre de trimestres requis pour une retraite \u00e0 taux plein ? L\u2019ARE pourra vous \u00eatre accord\u00e9e jusqu\u2019\u00e0 l\u2019obtention d\u2019une retraite \u00e0 taux plein.\u00a0<\/span><\/p>\n<p class=\"amp-wp-7d27179 amp-wp-7d27179\" style=\"text-align: justify;\" data-amp-original-style=\"text-align: justify;\"><span class=\"amp-wp-fe3f5cc\" data-amp-original-style=\"font-weight: 400;\">Vous devez \u00e9galement r\u00e9sider sur le territoire fran\u00e7ais et \u00eatre physiquement apte \u00e0 exercer un emploi.<\/span><\/p>\n<h2 class=\"amp-wp-7d27179 amp-wp-7d27179\" style=\"text-align: justify;\" data-amp-original-style=\"text-align: justify;\"><span id=\"Fin_de_droits\"><b>Quand est-ce que l&rsquo;allocation peut\u00a0s&rsquo;arr\u00eater ?\u00a0<\/b><\/span><\/h2>\n<p class=\"amp-wp-7d27179 amp-wp-7d27179\" style=\"text-align: justify;\" data-amp-original-style=\"text-align: justify;\"><span class=\"amp-wp-fe3f5cc\" data-amp-original-style=\"font-weight: 400;\">Vous ne pouvez plus percevoir l\u2019ARE si vous vous trouvez dans une de ces situations suivantes :<\/span><\/p>\n<ul class=\"amp-wp-7d27179\" style=\"text-align: justify;\" data-amp-original-style=\"text-align: justify;\">\n<li class=\"amp-wp-7d27179\" data-amp-original-style=\"text-align: justify;\"><span class=\"amp-wp-fe3f5cc\" data-amp-original-style=\"font-weight: 400;\">Vous reprenez une activit\u00e9 professionnelle salari\u00e9e ou non, en France ou \u00e0 l\u2019\u00e9tranger, et vous n\u2019\u00eates pas autoris\u00e9 au cumul de vos revenus d\u2019activit\u00e9 avec l\u2019ARE,<\/span><\/li>\n<li class=\"amp-wp-7d27179\" data-amp-original-style=\"text-align: justify;\"><span class=\"amp-wp-fe3f5cc\" data-amp-original-style=\"font-weight: 400;\">Ou vous percevez l\u2019aide \u00e0 la reprise ou cr\u00e9ation d\u2019entreprise,<\/span><\/li>\n<li class=\"amp-wp-7d27179\" data-amp-original-style=\"text-align: justify;\"><span class=\"amp-wp-fe3f5cc\" data-amp-original-style=\"font-weight: 400;\">Ou vous touchez des indemnit\u00e9s journali\u00e8res de la S\u00e9curit\u00e9 sociale,<\/span><\/li>\n<li class=\"amp-wp-7d27179\" data-amp-original-style=\"text-align: justify;\"><span class=\"amp-wp-fe3f5cc\" data-amp-original-style=\"font-weight: 400;\">Vous b\u00e9n\u00e9ficiez de la prestation partag\u00e9e d\u2019\u00e9ducation de l\u2019enfant (PreParE) ou de l\u2019allocation journali\u00e8re de pr\u00e9sence parentale,<\/span><\/li>\n<li class=\"amp-wp-7d27179\" data-amp-original-style=\"text-align: justify;\"><span class=\"amp-wp-fe3f5cc\" data-amp-original-style=\"font-weight: 400;\">Vous avez conclu un contrat de service civique,<\/span><\/li>\n<li class=\"amp-wp-7d27179\" data-amp-original-style=\"text-align: justify;\"><span class=\"amp-wp-fe3f5cc\" data-amp-original-style=\"font-weight: 400;\">Ou vous remplissez les conditions pour b\u00e9n\u00e9ficier d\u2019une retraite \u00e0 taux plein ou atteint l\u2019\u00e2ge l\u00e9gal de d\u00e9part en retraite (64 ans pour le secteur priv\u00e9),<\/span><\/li>\n<li class=\"amp-wp-7d27179\" data-amp-original-style=\"text-align: justify;\"><span class=\"amp-wp-fe3f5cc\" data-amp-original-style=\"font-weight: 400;\">Vous ne r\u00e9sidez plus sur le territoire fran\u00e7ais,<\/span><\/li>\n<li class=\"amp-wp-7d27179\" data-amp-original-style=\"text-align: justify;\"><span class=\"amp-wp-fe3f5cc\" data-amp-original-style=\"font-weight: 400;\">Vous avez effectu\u00e9 une d\u00e9claration inexacte ou mensong\u00e8re ayant eu pour effet d\u2019entra\u00eener le versement injustifi\u00e9 d\u2019allocations,<\/span><\/li>\n<li class=\"amp-wp-7d27179\" data-amp-original-style=\"text-align: justify;\"><span class=\"amp-wp-fe3f5cc\" data-amp-original-style=\"font-weight: 400;\">Ou encore vous \u00eates priv\u00e9 de l\u2019ARE par le pr\u00e9fet.<\/span><\/li>\n<\/ul>\n<p class=\"amp-wp-7d27179 amp-wp-7d27179\" style=\"text-align: justify;\" data-amp-original-style=\"text-align: justify;\"><span class=\"amp-wp-fe3f5cc\" data-amp-original-style=\"font-weight: 400;\">Vous pourrez cependant percevoir, si vous y \u00eates \u00e9ligible, <\/span><span class=\"amp-wp-fe3f5cc\" data-amp-original-style=\"font-weight: 400;\">l\u2019<a href=\"https:\/\/www.mes-allocs.fr\/guides\/chomage\/allocation-de-solidarite-specifique\">Allocation de Solidarit\u00e9 Sp\u00e9cifique<\/a><\/span><span class=\"amp-wp-fe3f5cc\" data-amp-original-style=\"font-weight: 400;\"> (ASS).<\/span><\/p>\n<p class=\"amp-wp-7d27179 amp-wp-7d27179\" style=\"text-align: justify;\" data-amp-original-style=\"text-align: justify;\"><span class=\"amp-wp-fe3f5cc\" data-amp-original-style=\"font-weight: 400;\">Si vous n\u2019y \u00eates toutefois pas \u00e9ligible pour une autre raison que vos ressources (exemple: vous n\u2019avez pas \u00e9puis\u00e9 toute votre ARE)\u00a0 vous pouvez demander une aide \u00e0 la hauteur de 27 fois le montant de la partie fixe de l\u2019ARE.\u00a0<\/span><\/p>\n<p><iframe loading=\"lazy\" title=\"Tout savoir sur le ch\u00f4mage en France !\" width=\"500\" height=\"281\" src=\"https:\/\/www.youtube.com\/embed\/jgv9qS4jh7k?feature=oembed\" frameborder=\"0\" allow=\"accelerometer; autoplay; clipboard-write; encrypted-media; gyroscope; picture-in-picture; web-share\" referrerpolicy=\"strict-origin-when-cross-origin\" allowfullscreen><\/iframe><\/p>\n<h1 style=\"text-align: justify;\" data-amp-original-style=\"text-align: justify;\">Dur\u00e9e et montant de l&rsquo;aide<\/h1>\n<h2 class=\"amp-wp-7d27179\" style=\"text-align: justify;\" data-amp-original-style=\"text-align: justify;\"><span id=\"Le_montant_de_lallocation\">Le montant de l\u2019allocation<\/span><\/h2>\n<p class=\"amp-wp-7d27179\" style=\"text-align: justify;\" data-amp-original-style=\"text-align: justify;\">Le montant journalier de votre allocation ch\u00f4mage est \u00e9gal au montant le plus \u00e9lev\u00e9 entre :<\/p>\n<ul class=\"amp-wp-7d27179\" style=\"text-align: justify;\" data-amp-original-style=\"text-align: justify;\">\n<li>40,4 % de votre salaire journalier de r\u00e9f\u00e9rence (SJR) +\u00a0 une partie fixe de 13.18 \u20ac ;<\/li>\n<li>57 % de votre SJR.<\/li>\n<\/ul>\n<p class=\"amp-wp-7d27179\" style=\"text-align: justify;\" data-amp-original-style=\"text-align: justify;\">Ce montant est encadr\u00e9 par un plancher et un plafond :<\/p>\n<ul class=\"amp-wp-7d27179\" style=\"text-align: justify;\" data-amp-original-style=\"text-align: justify;\">\n<li>Il ne peut \u00eatre inf\u00e9rieur \u00e0 l\u2019allocation journali\u00e8re minimale de 32,13 \u20ac ;<\/li>\n<li>Il ne peut exc\u00e9der 75 % de votre SJR.<\/li>\n<\/ul>\n<h3 class=\"amp-wp-7d27179\" style=\"text-align: justify;\" data-amp-original-style=\"text-align: justify;\"><span id=\"Cas_particuliers\">Cas particuliers<\/span><\/h3>\n<section class=\"block-article-link color-candidat\">Si votre salaire d\u00e9passait un certain montant :<\/p>\n<ul>\n<li>Votre allocation peut\u00a0\u00eatre r\u00e9duite de 30 % au del\u00e0 de 8 mois d\u2019indemnisation.<\/li>\n<li>Cette d\u00e9gressivit\u00e9 peut s\u2019appliquer quand votre ancien salaire brut de r\u00e9f\u00e9rence \u00e9tait sup\u00e9rieur \u00e0 un certain montant<\/li>\n<li>Elle ne s\u2019applique pas aux demandeurs d\u2019emploi qui ont 57 ans et plus \u00e0 la date de fin de contrat de travail.<\/li>\n<\/ul>\n<p class=\"amp-wp-7d27179\" data-amp-original-style=\"text-align: justify;\">Si vous \u00e9tiez \u00e0 temps partiel, la partie fixe de l\u2019allocation (13.13\u20ac) et l\u2019allocation minimale (32,13 \u20ac) sont affect\u00e9es d\u2019un coefficient de r\u00e9duction.<\/p>\n<\/section>\n<section class=\"block-article-link color-grey-transverse\">Si vous receviez une pension d\u2019invalidit\u00e9 durant votre emploi, vous avez droit \u00e0 l\u2019allocation ch\u00f4mage. De fait, vous continuerez \u00e0 recevoir votre pension.Si vous b\u00e9n\u00e9ficiez d\u2019une pension d\u2019invalidit\u00e9 de cat\u00e9gorie 2 ou 3 apr\u00e8s la fin de votre contrat de travail, celle-ci viendra diminuer le montant de votre ARE.<\/section>\n<section><div class='cta-block'><div class='text'>Simulez votre ch\u00f4mage en 2 min.<\/div><a href='https:\/\/www.mes-allocs.fr\/simulation-chomage?origin=guides\/wp-json\/wp\/v2\/posts\/44778' class='app-button fit'>Simulation gratuite<\/a><\/div><\/section>\n<section><\/section>\n<section><\/section>\n<h2 class=\"amp-wp-7d27179\" style=\"text-align: justify;\" data-amp-original-style=\"text-align: justify;\"><span id=\"Duree_de_lindemnisation\">Dur\u00e9e de l\u2019indemnisation<\/span><\/h2>\n<p>Pour conna\u00eetre le nombre de jours durant lesquels vous pourrez percevoir l\u2019allocation ch\u00f4mage, il faut multiplier par 1,4 le nombre de jours travaill\u00e9s dans la p\u00e9riode de r\u00e9f\u00e9rence.<\/p>\n<p>Les \u00ab jours travaill\u00e9s \u00bb sont d\u00e9compt\u00e9s par semaine civile (du lundi au dimanche).<\/p>\n<p>P\u00f4le emploi (l\u2019organisme qui vous verse l\u2019indemnit\u00e9) peut tenir compte de plusieurs contrats de travail sur la m\u00eame p\u00e9riode, mais quoi qu\u2019il arrive, le nombre de jours pris en compte sera limit\u00e9 \u00e0 5 jours travaill\u00e9s par semaine civile.<\/p>\n<p>La p\u00e9riode de r\u00e9f\u00e9rence dans laquelle les jours sont recherch\u00e9s varie en fonction de votre \u00e2ge.\u00a0Elle est de 24 mois si vous avez moins de 53 ans \u00e0 la date de votre fin de contrat de travail et de 36 mois si vous avez 53 ans et plus \u00e0 la date de votre fin de contrat de travail.<\/p>\n<p>En fonction de votre \u00e2ge, la dur\u00e9e maximale durant laquelle l\u2019allocation ch\u00f4mage peut vous \u00eatre vers\u00e9e peut \u00eatre allong\u00e9e. Si vous avez moins de 53 ans, vous serez indemnis\u00e9 au maximum 548 jours (les 18 derniers mois).<\/p>\n<p>Si vous avez entre 53 et 54 ans et que vous avez suivi une formation d\u00e9cid\u00e9e avec votre conseiller P\u00f4le emploi et ouvrant droit au versement de l\u2019allocation ch\u00f4mage, vous avez le droit \u00e0 un allongement de la dur\u00e9e de vos droits d\u2019une dur\u00e9e de 685 jours maximum (soit 22 mois et demi).<\/p>\n<h1>Comment se passe le calcul de l&rsquo;ARE ?<\/h1>\n<h2>Les param\u00e8tres pris en compte<\/h2>\n<section>\n<section class=\"block-article-link color-candidat\">Pour <a href=\"https:\/\/www.mes-allocs.fr\/guides\/chomage\/calculer-chomage\/\">le calcul de votre allocation ch\u00f4mage<\/a>, les sommes prises en compte sont les r\u00e9mun\u00e9rations brutes :<\/p>\n<ul>\n<li>qui sont la contrepartie de l\u2019ex\u00e9cution \u00ab normale \u00bb de votre contrat de travail ;<\/li>\n<li>qui sont soumises aux contributions\u00a0patronales d\u2019assurance ch\u00f4mage ch\u00f4mage ;<\/li>\n<li>qui ont \u00e9t\u00e9 per\u00e7ues au cours de la p\u00e9riode de r\u00e9f\u00e9rence de calcul ;<\/li>\n<li>qui n\u2019ont pas d\u00e9j\u00e0 servi pour un pr\u00e9c\u00e9dent calcul de droit.<\/li>\n<\/ul>\n<p>Ne sont pas utilis\u00e9es dans le calcul :<\/p>\n<ul>\n<li>les indemnit\u00e9s de licenciement, de fin de contrat ;<img loading=\"lazy\" decoding=\"async\" class=\"alignright wp-image-44805 \" title=\"vire\" src=\"https:\/\/www.mes-allocs.fr\/guides\/wp-content\/uploads\/2022\/02\/vire-.jpg\" alt=\"p\u00e9riode d accident de travail dans le calcul du ch\u00f4mage\" width=\"282\" height=\"188\" srcset=\"https:\/\/www.mes-allocs.fr\/guides\/wp-content\/uploads\/2022\/02\/vire-.jpg 1125w, https:\/\/www.mes-allocs.fr\/guides\/wp-content\/uploads\/2022\/02\/vire--300x200.jpg 300w, https:\/\/www.mes-allocs.fr\/guides\/wp-content\/uploads\/2022\/02\/vire--1024x683.jpg 1024w, https:\/\/www.mes-allocs.fr\/guides\/wp-content\/uploads\/2022\/02\/vire--768x512.jpg 768w, https:\/\/www.mes-allocs.fr\/guides\/wp-content\/uploads\/2022\/02\/vire--600x400.jpg 600w\" sizes=\"auto, (max-width: 282px) 100vw, 282px\" \/><\/li>\n<li>les indemnit\u00e9s de cong\u00e9s pay\u00e9s.<\/li>\n<\/ul>\n<p>Les r\u00e9mun\u00e9rations li\u00e9es \u00e0 des heures de travail effectu\u00e9es au-del\u00e0 de 260 heures par mois ne sont pas comptabilis\u00e9es.<\/p>\n<\/section>\n<p class=\"amp-wp-7d27179\" style=\"text-align: justify;\" data-amp-original-style=\"text-align: justify;\">P\u00f4le emploi prend en compte les 24 mois de salaires et primes qui pr\u00e9c\u00e8dent votre dernier jour travaill\u00e9 et pay\u00e9 pour calculer le montant de l\u2019allocation que vous toucherez par jour.<\/p>\n<p class=\"amp-wp-7d27179\" style=\"text-align: justify;\" data-amp-original-style=\"text-align: justify;\">Si le dernier jour travaill\u00e9 et pay\u00e9 correspond au terme d\u2019un mois civil, la p\u00e9riode r\u00e9f\u00e9rence de calcul est constitu\u00e9e de 24 mois civils incluant ce mois.<\/p>\n<p class=\"amp-wp-7d27179\" style=\"text-align: justify;\" data-amp-original-style=\"text-align: justify;\">Si vous n\u2019exerciez plus qu\u2019une activit\u00e9 r\u00e9duite \u2013 ou si vous ne receviez qu\u2019un salaire r\u00e9duit \u00e0 la fin de votre contrat de travail \u2013 la fin de la p\u00e9riode de r\u00e9f\u00e9rence calcul peut \u00eatre d\u00e9cal\u00e9e. Cela peut \u00eatre d\u00e9cid\u00e9 d\u2019office, ou vous pouvez en faire la demande \u00e0 votre conseiller dans l\u2019objectif de prendre en compte des r\u00e9mun\u00e9rations normales.<\/p>\n<h2 style=\"text-align: justify;\" data-amp-original-style=\"text-align: justify;\">Calcul de la dur\u00e9e de versement<\/h2>\n<p class=\"amp-wp-7d27179\" style=\"text-align: justify;\" data-amp-original-style=\"text-align: justify;\">Pour d\u00e9terminer le nombre de jours durant lesquels vous percevrez des allocations ch\u00f4mage, P\u00f4le emploi va regarder dans un premier temps la p\u00e9riode de r\u00e9f\u00e9rence, de son nom complet la\u00a0p\u00e9riode de r\u00e9f\u00e9rence affiliation (PRA).<\/p>\n<p class=\"amp-wp-7d27179\" style=\"text-align: justify;\" data-amp-original-style=\"text-align: justify;\">Cette derni\u00e8re correspond au nombre de mois durant lesquels vous avez acquis des droits \u00e0 l\u2019allocation ch\u00f4mage. P\u00f4le emploi se basera sur cette p\u00e9riode pour d\u00e9compter les jours qui d\u00e9termineront votre dur\u00e9e d\u2019indemnisation.<\/p>\n<p class=\"amp-wp-7d27179\" style=\"text-align: justify;\" data-amp-original-style=\"text-align: justify;\">Aujourd\u2019hui encore, la PRA varie en fonction de l\u2019\u00e2ge\u00a0:<\/p>\n<ul class=\"list-10\" style=\"text-align: justify;\">\n<li><span class=\"amp-wp-7c51613\" data-amp-original-style=\"color: #800080;\">Si vous avez moins de 53 ans :<\/span>\u00a0P\u00f4le emploi s\u2019int\u00e9resse aux 24 mois qui pr\u00e9c\u00e8dent la fin de votre dernier contrat de travail<\/li>\n<li><span class=\"amp-wp-7c51613\" data-amp-original-style=\"color: #800080;\">Si vous avez plus de 53 ans :<\/span>\u00a0P\u00f4le emploi s\u2019int\u00e9resse aux 36 mois qui pr\u00e9c\u00e8dent la fin de votre dernier contrat de travail<\/li>\n<\/ul>\n<p class=\"amp-wp-7d27179\" style=\"text-align: justify;\" data-amp-original-style=\"text-align: justify;\">Il est important de savoir que tous les types de contrats de travail sont pris en compte (temps pleins et temps partiels, CDD, CDI, int\u00e9rim, etc.), quelle que soit leur dur\u00e9e. Par ailleurs, si vous faites l\u2019objet d\u2019un licenciement, P\u00f4le emploi retient comme date de fin de contrat la date d\u2019engagement de la proc\u00e9dure de licenciement.<\/p>\n<p class=\"amp-wp-7d27179\" style=\"text-align: justify;\" data-amp-original-style=\"text-align: justify;\">En revanche, les p\u00e9riodes suivantes font exception et ne sont pas compt\u00e9es pour calculer la dur\u00e9e d\u2019indemnisation\u00a0:<\/p>\n<ul class=\"list-11\" style=\"text-align: justify;\">\n<li>Les arr\u00eats maladie qui durent plus de 15 jours cons\u00e9cutifs<\/li>\n<li>Les p\u00e9riodes de cong\u00e9 maternit\u00e9, paternit\u00e9, et d\u2019adoption<\/li>\n<li>Les jours d\u2019accident du travail ou de maladie professionnelle<\/li>\n<li>Les p\u00e9riodes de formation inscrites dans le PPAE ou non inscrites dans le PPAE mais financ\u00e9es par le Compte Personnel Formation (sauf exception)<\/li>\n<li>Les p\u00e9riodes d\u2019activit\u00e9s qui n\u2019ont pas \u00e9t\u00e9 d\u00e9clar\u00e9es<\/li>\n<\/ul>\n<p style=\"text-align: justify;\" data-amp-original-style=\"text-align: justify;\"><div class='cta-block'><div class='text'>Simulez votre ch\u00f4mage en 2 min.<\/div><a href='https:\/\/www.mes-allocs.fr\/simulation-chomage?origin=guides\/wp-json\/wp\/v2\/posts\/44778' class='app-button fit'>Simulation gratuite<\/a><\/div><\/p>\n<\/section>\n","protected":false},"excerpt":{"rendered":"<p>Lorsque vous vous retrouvez au ch\u00f4mage, vous pouvez b\u00e9n\u00e9ficier d&rsquo;une allocation. Le calcul de cette allocation se fait selon des param\u00e8tres bien pr\u00e9cis. Dans cet article, nous allons voir si la p\u00e9riode d&rsquo;accident du travail\u00a0est compt\u00e9e dans le calcul de l&rsquo;allocation ch\u00f4mage. L\u2019indemnit\u00e9 de ch\u00f4mage L\u2019allocation ch\u00f4mage, plus r\u00e9guli\u00e8rement appel\u00e9 \u00ab allocation d\u2019aide au retour [&hellip;]<\/p>\n","protected":false},"author":6,"featured_media":44780,"comment_status":"open","ping_status":"open","sticky":false,"template":"","format":"standard","meta":{"amp_status":"","footnotes":""},"categories":[2990,2989],"tags":[],"class_list":["post-44778","post","type-post","status-publish","format-standard","has-post-thumbnail","hentry","category-calculer-chomage","category-chomage"],"yoast_head":"<!-- This site is optimized with the Yoast SEO plugin v14.9 - https:\/\/yoast.com\/wordpress\/plugins\/seo\/ -->\n<title>La p\u00e9riode d&#039;accident de travail dans le calcul du ch\u00f4mage | Mes-Allocs.fr<\/title>\n<meta name=\"description\" content=\"Dans cet article, Mes Allocs vous montre si la p\u00e9riode d&#039;accident du travail rentre dans le calcul de votre indemnit\u00e9 de ch\u00f4mage.\" \/>\n<meta name=\"robots\" content=\"index, follow, max-snippet:-1, max-image-preview:large, max-video-preview:-1\" \/>\n<link rel=\"canonical\" href=\"https:\/\/www.mes-allocs.fr\/guides\/chomage\/calculer-chomage\/periode-d-accident-de-travail-dans-le-calcul-du-chomage\/\" \/>\n<meta property=\"og:locale\" content=\"fr_FR\" \/>\n<meta property=\"og:type\" content=\"article\" \/>\n<meta property=\"og:title\" content=\"La p\u00e9riode d&#039;accident de travail dans le calcul du ch\u00f4mage | Mes-Allocs.fr\" \/>\n<meta property=\"og:description\" content=\"Dans cet article, Mes Allocs vous montre si la p\u00e9riode d&#039;accident du travail rentre dans le calcul de votre indemnit\u00e9 de ch\u00f4mage.\" \/>\n<meta property=\"og:url\" content=\"https:\/\/www.mes-allocs.fr\/guides\/chomage\/calculer-chomage\/periode-d-accident-de-travail-dans-le-calcul-du-chomage\/\" \/>\n<meta property=\"og:site_name\" content=\"Mes-Allocs.fr\" \/>\n<meta property=\"article:published_time\" content=\"2022-02-10T15:26:48+00:00\" \/>\n<meta property=\"article:modified_time\" content=\"2025-10-07T13:53:00+00:00\" \/>\n<meta property=\"og:image\" content=\"https:\/\/www.mes-allocs.fr\/guides\/wp-content\/uploads\/2022\/02\/lits-dhopital--e1644414490395.jpeg?wsr\" \/>\n\t<meta property=\"og:image:width\" content=\"1133\" \/>\n\t<meta property=\"og:image:height\" content=\"373\" \/>\n<meta name=\"twitter:card\" content=\"summary_large_image\" \/>\n<script type=\"application\/ld+json\" class=\"yoast-schema-graph\">{\"@context\":\"https:\/\/schema.org\",\"@graph\":[{\"@type\":\"WebSite\",\"@id\":\"https:\/\/www.mes-allocs.fr\/guides\/#website\",\"url\":\"https:\/\/www.mes-allocs.fr\/guides\/\",\"name\":\"Mes-Allocs.fr\",\"description\":\"\",\"potentialAction\":[{\"@type\":\"SearchAction\",\"target\":\"https:\/\/www.mes-allocs.fr\/guides\/?s={search_term_string}\",\"query-input\":\"required name=search_term_string\"}],\"inLanguage\":\"fr-FR\"},{\"@type\":\"ImageObject\",\"@id\":\"https:\/\/www.mes-allocs.fr\/guides\/chomage\/calculer-chomage\/periode-d-accident-de-travail-dans-le-calcul-du-chomage\/#primaryimage\",\"inLanguage\":\"fr-FR\",\"url\":\"https:\/\/www.mes-allocs.fr\/guides\/wp-content\/uploads\/2022\/02\/lits-dhopital--e1644414490395.jpeg?wsr\",\"width\":1133,\"height\":373,\"caption\":\"periode d accident de travail dans le calcul du chomage\"},{\"@type\":\"WebPage\",\"@id\":\"https:\/\/www.mes-allocs.fr\/guides\/chomage\/calculer-chomage\/periode-d-accident-de-travail-dans-le-calcul-du-chomage\/#webpage\",\"url\":\"https:\/\/www.mes-allocs.fr\/guides\/chomage\/calculer-chomage\/periode-d-accident-de-travail-dans-le-calcul-du-chomage\/\",\"name\":\"La p\\u00e9riode d'accident de travail dans le calcul du ch\\u00f4mage | Mes-Allocs.fr\",\"isPartOf\":{\"@id\":\"https:\/\/www.mes-allocs.fr\/guides\/#website\"},\"primaryImageOfPage\":{\"@id\":\"https:\/\/www.mes-allocs.fr\/guides\/chomage\/calculer-chomage\/periode-d-accident-de-travail-dans-le-calcul-du-chomage\/#primaryimage\"},\"datePublished\":\"2022-02-10T15:26:48+00:00\",\"dateModified\":\"2025-10-07T13:53:00+00:00\",\"author\":{\"@id\":\"https:\/\/www.mes-allocs.fr\/guides\/#\/schema\/person\/0ecd61a8600573914d00d970a588c024\"},\"description\":\"Dans cet article, Mes Allocs vous montre si la p\\u00e9riode d'accident du travail rentre dans le calcul de votre indemnit\\u00e9 de ch\\u00f4mage.\",\"inLanguage\":\"fr-FR\"},{\"@type\":\"Person\",\"@id\":\"https:\/\/www.mes-allocs.fr\/guides\/#\/schema\/person\/0ecd61a8600573914d00d970a588c024\",\"name\":\"Jonathan\",\"image\":{\"@type\":\"ImageObject\",\"@id\":\"https:\/\/www.mes-allocs.fr\/guides\/#personlogo\",\"inLanguage\":\"fr-FR\",\"url\":\"https:\/\/www.mes-allocs.fr\/guides\/wp-content\/uploads\/2021\/06\/jonathan-150x150.png\",\"caption\":\"Jonathan\"},\"description\":\"Jonathan est r\\u00e9dacteur au sein de l'\\u00e9quipe Mes Allocs, sp\\u00e9cialis\\u00e9 sur les sujets li\\u00e9s au handicap. Dipl\\u00f4m\\u00e9e de l'UPEM, il rejoint Mes Allocs apr\\u00e8s avoir travaill\\u00e9 \\u00e0 l'association AEDE qui accompagne les adultes en situation de handicap. Quand il n'\\u00e9crit pas, on peut le retrouver sur un terrain de basket.\",\"sameAs\":[\"https:\/\/www.linkedin.com\/in\/jonathan-bambela-8637861b7\"]}]}<\/script>\n<!-- \/ Yoast SEO plugin. -->","amp_validity":null,"acf":{"faq":{"1":{"question":"Qui a le droit au ch\u00f4mage ?","answer":"L'Assurance ch\u00f4mage prot\u00e8ge les travailleurs salari\u00e9s contre la perte d'un revenu en cas de ch\u00f4mage. Elle leur permet de b\u00e9n\u00e9ficier d'une allocation et de continuer \u00e0 cumuler des points pour la retraite m\u00eame s'ils ont perdu leur emploi. pour en b\u00e9n\u00e9ficier, il faut r\u00e9pondre \u00e0 certaines conditions. "},"2":{"question":"Quelles sont les conditions li\u00e9es au Ch\u00f4mage ?","answer":"Vous devez justifier d\u2019une p\u00e9riode minimale de travail de 88 jours \u2013 dite dur\u00e9e d\u2019affiliation \u2013 ou 610 heures, sur la p\u00e9riode des 28 derniers mois pr\u00e9c\u00e9dant la fin du contrat de travail."},"3":{"question":"Comment faire pour toucher le ch\u00f4mage apr\u00e8s une d\u00e9mission ?","answer":"La d\u00e9mission l\u00e9gitime n'est pas l'unique cas qui ouvre droit au ch\u00f4mage apr\u00e8s une d\u00e9mission. Lorsque vous effectuez une reconversion professionnelle ou que vous cr\u00e9ez ou reprenez une entreprise, vous pouvez \u00e9galement b\u00e9n\u00e9ficier des allocations ch\u00f4mage."},"4":{"question":"Quel pourcentage du salaire brut au ch\u00f4mage ?","answer":"Si votre salaire est inf\u00e9rieur \u00e0 1.186\u20ac, votre allocation sera alors de 75% du salaire brut. S'il est compris entre 1.300 \u20ac et 2.198 \u20ac, l'allocation repr\u00e9sentera 40,40 % du salaire journalier de r\u00e9f\u00e9rence + 13.18 \u20ac."},"5":{"question":"Combien touche-t-on au ch\u00f4mage apr\u00e8s une rupture conventionnelle?","answer":"Vous pouvez prendre en compte: 13.18 \u20ac d'indemnit\u00e9 fixe et 40,4 % du salaire journalier de r\u00e9f\u00e9rence (SJR)."},"6":{"question":"Comment calculer les indemnit\u00e9s de ch\u00f4mage ?","answer":"Le montant de l'allocation d'aide au retour \u00e0 l'emploi (ARE) est calcul\u00e9 \u00e0 partir de votre salaire journalier de r\u00e9f\u00e9rence (SJR). Ce salaire de r\u00e9f\u00e9rence prend en compte tous vos salaires bruts per\u00e7us au cours des 12 derniers mois, primes comprises, mais hors indemnit\u00e9s li\u00e9es \u00e0 la rupture de votre contrat."},"7":{"question":"","answer":""},"8":{"question":"","answer":""},"9":{"question":"","answer":""},"10":{"question":"","answer":""},"11":{"question":"","answer":""},"12":{"question":"","answer":""},"13":{"question":"","answer":""},"14":{"question":"","answer":""},"15":{"question":"","answer":""},"16":{"question":"","answer":""}}},"_links":{"self":[{"href":"https:\/\/www.mes-allocs.fr\/guides\/wp-json\/wp\/v2\/posts\/44778","targetHints":{"allow":["GET"]}}],"collection":[{"href":"https:\/\/www.mes-allocs.fr\/guides\/wp-json\/wp\/v2\/posts"}],"about":[{"href":"https:\/\/www.mes-allocs.fr\/guides\/wp-json\/wp\/v2\/types\/post"}],"author":[{"embeddable":true,"href":"https:\/\/www.mes-allocs.fr\/guides\/wp-json\/wp\/v2\/users\/6"}],"replies":[{"embeddable":true,"href":"https:\/\/www.mes-allocs.fr\/guides\/wp-json\/wp\/v2\/comments?post=44778"}],"version-history":[{"count":16,"href":"https:\/\/www.mes-allocs.fr\/guides\/wp-json\/wp\/v2\/posts\/44778\/revisions"}],"predecessor-version":[{"id":104399,"href":"https:\/\/www.mes-allocs.fr\/guides\/wp-json\/wp\/v2\/posts\/44778\/revisions\/104399"}],"wp:featuredmedia":[{"embeddable":true,"href":"https:\/\/www.mes-allocs.fr\/guides\/wp-json\/wp\/v2\/media\/44780"}],"wp:attachment":[{"href":"https:\/\/www.mes-allocs.fr\/guides\/wp-json\/wp\/v2\/media?parent=44778"}],"wp:term":[{"taxonomy":"category","embeddable":true,"href":"https:\/\/www.mes-allocs.fr\/guides\/wp-json\/wp\/v2\/categories?post=44778"},{"taxonomy":"post_tag","embeddable":true,"href":"https:\/\/www.mes-allocs.fr\/guides\/wp-json\/wp\/v2\/tags?post=44778"}],"curies":[{"name":"wp","href":"https:\/\/api.w.org\/{rel}","templated":true}]}}