{"id":44649,"date":"2022-03-29T18:13:47","date_gmt":"2022-03-29T16:13:47","guid":{"rendered":"https:\/\/www.mes-allocs.fr\/guides\/?p=44649"},"modified":"2025-03-18T16:02:32","modified_gmt":"2025-03-18T14:02:32","slug":"conges-maternite-ameli","status":"publish","type":"post","link":"https:\/\/www.mes-allocs.fr\/guides\/allocations-familiales\/conges-maternite-ameli\/","title":{"rendered":"Cong\u00e9s maternit\u00e9 sur Ameli : comment \u00e7a marche ?"},"content":{"rendered":"<p><img loading=\"lazy\" decoding=\"async\" class=\"aligncenter wp-image-44650 \" title=\"echographie\" src=\"https:\/\/www.mes-allocs.fr\/guides\/wp-content\/uploads\/2022\/02\/echographie--e1686732371699.jpeg\" alt=\"conges maternite ameli\" width=\"895\" height=\"136\" srcset=\"https:\/\/www.mes-allocs.fr\/guides\/wp-content\/uploads\/2022\/02\/echographie--e1686732371699.jpeg 500w, https:\/\/www.mes-allocs.fr\/guides\/wp-content\/uploads\/2022\/02\/echographie--e1686732371699-300x46.jpeg 300w\" sizes=\"auto, (max-width: 895px) 100vw, 895px\" \/><\/p>\n<p>Les Cong\u00e9s maternit\u00e9 sont accord\u00e9s \u00e0 une femme qui attend un enfant. C&rsquo;est un temps de repos o\u00f9, dans certains cas, vous pouvez b\u00e9n\u00e9ficier d&rsquo;une r\u00e9mun\u00e9ration. Dans cet article, on vous explique le r\u00f4le d&rsquo;AMELI dans vos cong\u00e9s maternit\u00e9.<\/p>\n<hr \/>\n<h1 style=\"text-align: justify;\">Le cong\u00e9 maternit\u00e9<\/h1>\n<h2 style=\"text-align: justify;\">En quelques mots<\/h2>\n<p style=\"text-align: justify;\">En tant que salari\u00e9e\u00a0dans le secteur public, vous pouvez b\u00e9n\u00e9ficier d\u2019<a href=\"https:\/\/www.mes-allocs.fr\/guides\/allocations-familiales\/conge-maternite-secteur-public\">un cong\u00e9 maternit\u00e9<\/a> dans le cadre de votre grossesse.<\/p>\n<p style=\"text-align: justify;\">Le cong\u00e9 maternit\u00e9 correspond \u00e0 une suspension du contrat de travail, qui permet aux femmes enceintes salari\u00e9es de cesser leur activit\u00e9 professionnelle durant la p\u00e9riode pr\u00e9c\u00e9dant et suivant de la naissance de leur(s) enfant(s), tout en continuant \u00e0 percevoir une r\u00e9mun\u00e9ration.<\/p>\n<p style=\"text-align: justify;\">La dur\u00e9e du cong\u00e9 maternit\u00e9 varie selon le nombre d\u2019enfants attendus ou encore la situation familiale.<\/p>\n<p style=\"text-align: justify;\">Vous b\u00e9n\u00e9ficiez automatiquement d&rsquo;un cong\u00e9 de maternit\u00e9, en partie avant votre accouchement et en partie apr\u00e8s.\u00a0Le cong\u00e9 de maternit\u00e9 est obligatoire. Il est strictement interdit d&rsquo;y renoncer totalement.<\/p>\n<div class='cta-block'><div class='text'>Simulez toutes vos aides en 2 min. Gratuit.<\/div><a href='' class='app-button fit'>Simulation gratuite<\/a><\/div>\n<h2 style=\"text-align: justify;\">La demande de cong\u00e9<\/h2>\n<p style=\"text-align: justify;\">Avant le d\u00e9but du cong\u00e9 maternit\u00e9, la femme enceinte pr\u00e9vient son employeur en lui envoyant un courrier en recommand\u00e9 avec accus\u00e9 de r\u00e9ception.<img loading=\"lazy\" decoding=\"async\" class=\"alignright wp-image-46076\" title=\"formulaire\" src=\"https:\/\/www.mes-allocs.fr\/guides\/wp-content\/uploads\/2022\/02\/formulaire-.jpg\" alt=\"cong\u00e9s maternit\u00e9 ameli\" width=\"323\" height=\"182\" \/><\/p>\n<p style=\"text-align: justify;\">Ce dernier doit contenir :<\/p>\n<ul style=\"text-align: justify;\">\n<li>Une attestation m\u00e9dicale ;<\/li>\n<li>Une lettre pr\u00e9cisant la date pr\u00e9sum\u00e9e de l\u2019accouchement ;<\/li>\n<li>Les dates de d\u00e9but et de fin du cong\u00e9 maternit\u00e9.<\/li>\n<\/ul>\n<p style=\"text-align: justify;\">Si aucun d\u00e9lai n\u2019est pr\u00e9vu par la loi, ce courrier est g\u00e9n\u00e9ralement envoy\u00e9 au d\u00e9but du deuxi\u00e8me trimestre de grossesse.<\/p>\n<p style=\"text-align: justify;\">Il faut savoir que le cong\u00e9 d\u2019adoption est soumis \u00e0 des r\u00e8gles sp\u00e9cifiques. Il peut \u00eatre r\u00e9parti entre la m\u00e8re et le p\u00e8re adoptifs, voire m\u00eame pris int\u00e9gralement par ce dernier.<\/p>\n<p><iframe loading=\"lazy\" title=\"Le cong\u00e9 maternit\u00e9\" width=\"500\" height=\"281\" src=\"https:\/\/www.youtube.com\/embed\/6e67ojUjl0Q?feature=oembed\" frameborder=\"0\" allow=\"accelerometer; autoplay; clipboard-write; encrypted-media; gyroscope; picture-in-picture; web-share\" referrerpolicy=\"strict-origin-when-cross-origin\" allowfullscreen><\/iframe><\/p>\n<h1 style=\"text-align: justify;\">La dur\u00e9e du cong\u00e9 maternit\u00e9<\/h1>\n<h2 style=\"text-align: justify;\">Cas g\u00e9n\u00e9ral<\/h2>\n<p style=\"text-align: justify;\">La dur\u00e9e du cong\u00e9 maternit\u00e9 varie, dans les conditions suivantes, en fonction du nombre d&rsquo;enfants que vous avez d\u00e9j\u00e0 \u00e0 charge avant la naissance de l&rsquo;enfant\u00a0:<\/p>\n<p style=\"text-align: justify;\"><span data-sheets-value=\"{&quot;1&quot;:2,&quot;2&quot;:&quot;\n&lt;div class=&quot;wpdt-c row wpDataTableContainerSimpleTable wpDataTables wpDataTablesWrapper\n&quot;\n    &gt;\n    &lt;table id=&quot;wpdtSimpleTable-30&quot;\n           class=&quot;wpdtSimpleTable wpDataTable&quot;\n           data-column=&quot;4&quot;\n           data-rows=&quot;5&quot;\n           data-wpID=&quot;30&quot;\n           data-responsive=&quot;0&quot;\n           data-has-header=&quot;1&quot;&gt;\n\n                    &lt;thead&gt;        &lt;tr class=&quot;wpdt-cell-row &quot; &gt;\n                            &lt;th class=&quot;wpdt-cell wpdt-bc-F3F9FE wpdt-bold wpdt-empty-cell &quot;\n                                    data-cell-id=&quot;A1&quot;\n                data-col-index=&quot;0&quot;\n                data-row-index=&quot;0&quot;\n                style=&quot; width:26.917293233083%;                padding:10px;&quot;\n                &gt;\n                                                &lt;\/th&gt;\n                                            &lt;th class=&quot;wpdt-cell wpdt-bc-F3F9FE wpdt-bold&quot;\n                                    data-cell-id=&quot;B1&quot;\n                data-col-index=&quot;1&quot;\n                data-row-index=&quot;0&quot;\n                style=&quot; width:22.706766917293%;                padding:10px;&quot;\n                &gt;\n                                Avant l\u2019accouchement\n(cong\u00e9 pr\u00e9natal)                &lt;\/th&gt;\n                                            &lt;th class=&quot;wpdt-cell wpdt-bc-F3F9FE wpdt-bold&quot;\n                                    data-cell-id=&quot;C1&quot;\n                data-col-index=&quot;2&quot;\n                data-row-index=&quot;0&quot;\n                style=&quot; width:28.421052631579%;                padding:10px;&quot;\n                &gt;\n                                Apr\u00e8s l\u2019accouchement\n(cong\u00e9 postnatal)                &lt;\/th&gt;\n                                            &lt;th class=&quot;wpdt-cell wpdt-bc-F3F9FE wpdt-bold&quot;\n                                    data-cell-id=&quot;D1&quot;\n                data-col-index=&quot;3&quot;\n                data-row-index=&quot;0&quot;\n                style=&quot; width:21.954887218045%;                padding:10px;&quot;\n                &gt;\n                                Total                &lt;\/th&gt;\n                                        &lt;\/tr&gt;\n                    &lt;tbody&gt;        &lt;tr class=&quot;wpdt-cell-row &quot; &gt;\n                            &lt;td class=&quot;wpdt-cell wpdt-bold&quot;\n                                    data-cell-id=&quot;A2&quot;\n                data-col-index=&quot;0&quot;\n                data-row-index=&quot;1&quot;\n                style=&quot;                padding:10px;&quot;\n                &gt;\n                                1\u00e8re ou 2\u00e8me naissance                &lt;\/td&gt;\n                                            &lt;td class=&quot;wpdt-cell &quot;\n                                    data-cell-id=&quot;B2&quot;\n                data-col-index=&quot;1&quot;\n                data-row-index=&quot;1&quot;\n                style=&quot;                padding:10px;&quot;\n                &gt;\n                                6 semaines                &lt;\/td&gt;\n                                            &lt;td class=&quot;wpdt-cell &quot;\n                                    data-cell-id=&quot;C2&quot;\n                data-col-index=&quot;2&quot;\n                data-row-index=&quot;1&quot;\n                style=&quot;                padding:10px;&quot;\n                &gt;\n                                10 semaines                &lt;\/td&gt;\n                                            &lt;td class=&quot;wpdt-cell &quot;\n                                    data-cell-id=&quot;D2&quot;\n                data-col-index=&quot;3&quot;\n                data-row-index=&quot;1&quot;\n                style=&quot;                padding:10px;&quot;\n                &gt;\n                                16 semaines                &lt;\/td&gt;\n                                        &lt;\/tr&gt;\n                            &lt;tr class=&quot;wpdt-cell-row &quot; &gt;\n                            &lt;td class=&quot;wpdt-cell wpdt-bold&quot;\n                                    data-cell-id=&quot;A3&quot;\n                data-col-index=&quot;0&quot;\n                data-row-index=&quot;2&quot;\n                style=&quot;                padding:10px;&quot;\n                &gt;\n                                3 \u00e8me naissance                &lt;\/td&gt;\n                                            &lt;td class=&quot;wpdt-cell &quot;\n                                    data-cell-id=&quot;B3&quot;\n                data-col-index=&quot;1&quot;\n                data-row-index=&quot;2&quot;\n                style=&quot;                padding:10px;&quot;\n                &gt;\n                                8 semaines                &lt;\/td&gt;\n                                            &lt;td class=&quot;wpdt-cell &quot;\n                                    data-cell-id=&quot;C3&quot;\n                data-col-index=&quot;2&quot;\n                data-row-index=&quot;2&quot;\n                style=&quot;                padding:10px;&quot;\n                &gt;\n                                18 semaines                &lt;\/td&gt;\n                                            &lt;td class=&quot;wpdt-cell &quot;\n                                    data-cell-id=&quot;D3&quot;\n                data-col-index=&quot;3&quot;\n                data-row-index=&quot;2&quot;\n                style=&quot;                padding:10px;&quot;\n                &gt;\n                                26 semaines                &lt;\/td&gt;\n                                        &lt;\/tr&gt;\n                            &lt;tr class=&quot;wpdt-cell-row &quot; &gt;\n                            &lt;td class=&quot;wpdt-cell wpdt-bold&quot;\n                                    data-cell-id=&quot;A4&quot;\n                data-col-index=&quot;0&quot;\n                data-row-index=&quot;3&quot;\n                style=&quot;                padding:10px;&quot;\n                &gt;\n                                Naissance de jumeaux                &lt;\/td&gt;\n                                            &lt;td class=&quot;wpdt-cell &quot;\n                                    data-cell-id=&quot;B4&quot;\n                data-col-index=&quot;1&quot;\n                data-row-index=&quot;3&quot;\n                style=&quot;                padding:10px;&quot;\n                &gt;\n                                12 semaines                &lt;\/td&gt;\n                                            &lt;td class=&quot;wpdt-cell &quot;\n                                    data-cell-id=&quot;C4&quot;\n                data-col-index=&quot;2&quot;\n                data-row-index=&quot;3&quot;\n                style=&quot;                padding:10px;&quot;\n                &gt;\n                                22 semaines                &lt;\/td&gt;\n                                            &lt;td class=&quot;wpdt-cell &quot;\n                                    data-cell-id=&quot;D4&quot;\n                data-col-index=&quot;3&quot;\n                data-row-index=&quot;3&quot;\n                style=&quot;                padding:10px;&quot;\n                &gt;\n                                34 semaines                &lt;\/td&gt;\n                                        &lt;\/tr&gt;\n                            &lt;tr class=&quot;wpdt-cell-row &quot; &gt;\n                            &lt;td class=&quot;wpdt-cell wpdt-bold&quot;\n                                    data-cell-id=&quot;A5&quot;\n                data-col-index=&quot;0&quot;\n                data-row-index=&quot;4&quot;\n                style=&quot;                padding:10px;&quot;\n                &gt;\n                                Naissance simultan\u00e9e de plus de deux enfants                &lt;\/td&gt;\n                                            &lt;td class=&quot;wpdt-cell &quot;\n                                    data-cell-id=&quot;B5&quot;\n                data-col-index=&quot;1&quot;\n                data-row-index=&quot;4&quot;\n                style=&quot;                padding:10px;&quot;\n                &gt;\n                                24 semaines                &lt;\/td&gt;\n                                            &lt;td class=&quot;wpdt-cell &quot;\n                                    data-cell-id=&quot;C5&quot;\n                data-col-index=&quot;2&quot;\n                data-row-index=&quot;4&quot;\n                style=&quot;                padding:10px;&quot;\n                &gt;\n                                22 semaines                &lt;\/td&gt;\n                                            &lt;td class=&quot;wpdt-cell &quot;\n                                    data-cell-id=&quot;D5&quot;\n                data-col-index=&quot;3&quot;\n                data-row-index=&quot;4&quot;\n                style=&quot;                padding:10px;&quot;\n                &gt;\n                                46 semaines                &lt;\/td&gt;\n                                        &lt;\/tr&gt;\n                    &lt;\/table&gt;\n&lt;\/div&gt;&lt;style id=&#039;wpdt-custom-style-30&#039;&gt;\ntable#wpdtSimpleTable-30{ table-layout: fixed !important; }\ntable#wpdtSimpleTable-30 td, table.wpdtSimpleTable30 th { white-space: normal !important; }\n.wpdt-bc-F3F9FE { background-color: #F3F9FE !important;}\n&lt;\/style&gt;\n&quot;}\" data-sheets-userformat=\"{&quot;2&quot;:637,&quot;3&quot;:{&quot;1&quot;:0},&quot;5&quot;:{&quot;1&quot;:[{&quot;1&quot;:2,&quot;2&quot;:0,&quot;5&quot;:{&quot;1&quot;:2,&quot;2&quot;:0}},{&quot;1&quot;:0,&quot;2&quot;:0,&quot;3&quot;:3},{&quot;1&quot;:1,&quot;2&quot;:0,&quot;4&quot;:1}]},&quot;6&quot;:{&quot;1&quot;:[{&quot;1&quot;:2,&quot;2&quot;:0,&quot;5&quot;:{&quot;1&quot;:2,&quot;2&quot;:0}},{&quot;1&quot;:0,&quot;2&quot;:0,&quot;3&quot;:3},{&quot;1&quot;:1,&quot;2&quot;:0,&quot;4&quot;:1}]},&quot;7&quot;:{&quot;1&quot;:[{&quot;1&quot;:2,&quot;2&quot;:0,&quot;5&quot;:{&quot;1&quot;:2,&quot;2&quot;:0}},{&quot;1&quot;:0,&quot;2&quot;:0,&quot;3&quot;:3},{&quot;1&quot;:1,&quot;2&quot;:0,&quot;4&quot;:1}]},&quot;8&quot;:{&quot;1&quot;:[{&quot;1&quot;:2,&quot;2&quot;:0,&quot;5&quot;:{&quot;1&quot;:2,&quot;2&quot;:0}},{&quot;1&quot;:0,&quot;2&quot;:0,&quot;3&quot;:3},{&quot;1&quot;:1,&quot;2&quot;:0,&quot;4&quot;:1}]},&quot;9&quot;:1,&quot;12&quot;:0}\">\n<div class=\"wpdt-c row wpDataTableContainerSimpleTable wpDataTables wpDataTablesWrapper\n\"\n    >\n    <table id=\"wpdtSimpleTable-30\"\n           class=\"wpdtSimpleTable wpDataTable\"\n           data-column=\"4\"\n           data-rows=\"5\"\n           data-wpID=\"30\"\n           data-responsive=\"0\"\n           data-has-header=\"1\">\n\n                    <thead>        <tr class=\"wpdt-cell-row \" >\n                            <th class=\"wpdt-cell wpdt-bc-F3F9FE wpdt-bold wpdt-empty-cell \"\n                                    data-cell-id=\"A1\"\n                data-col-index=\"0\"\n                data-row-index=\"0\"\n                style=\" width:26.917293233083%;                padding:10px;\"\n                >\n                                                <\/th>\n                                            <th class=\"wpdt-cell wpdt-bc-F3F9FE wpdt-bold\"\n                                    data-cell-id=\"B1\"\n                data-col-index=\"1\"\n                data-row-index=\"0\"\n                style=\" width:22.706766917293%;                padding:10px;\"\n                >\n                                Avant l\u2019accouchement\n(cong\u00e9 pr\u00e9natal)                <\/th>\n                                            <th class=\"wpdt-cell wpdt-bc-F3F9FE wpdt-bold\"\n                                    data-cell-id=\"C1\"\n                data-col-index=\"2\"\n                data-row-index=\"0\"\n                style=\" width:28.421052631579%;                padding:10px;\"\n                >\n                                Apr\u00e8s l\u2019accouchement\n(cong\u00e9 postnatal)                <\/th>\n                                            <th class=\"wpdt-cell wpdt-bc-F3F9FE wpdt-bold\"\n                                    data-cell-id=\"D1\"\n                data-col-index=\"3\"\n                data-row-index=\"0\"\n                style=\" width:21.954887218045%;                padding:10px;\"\n                >\n                                Total                <\/th>\n                                        <\/tr>\n                    <tbody>        <tr class=\"wpdt-cell-row \" >\n                            <td class=\"wpdt-cell wpdt-bold\"\n                                    data-cell-id=\"A2\"\n                data-col-index=\"0\"\n                data-row-index=\"1\"\n                style=\"                padding:10px;\"\n                >\n                                1\u00e8re ou 2\u00e8me naissance                <\/td>\n                                            <td class=\"wpdt-cell \"\n                                    data-cell-id=\"B2\"\n                data-col-index=\"1\"\n                data-row-index=\"1\"\n                style=\"                padding:10px;\"\n                >\n                                6 semaines                <\/td>\n                                            <td class=\"wpdt-cell \"\n                                    data-cell-id=\"C2\"\n                data-col-index=\"2\"\n                data-row-index=\"1\"\n                style=\"                padding:10px;\"\n                >\n                                10 semaines                <\/td>\n                                            <td class=\"wpdt-cell \"\n                                    data-cell-id=\"D2\"\n                data-col-index=\"3\"\n                data-row-index=\"1\"\n                style=\"                padding:10px;\"\n                >\n                                16 semaines                <\/td>\n                                        <\/tr>\n                            <tr class=\"wpdt-cell-row \" >\n                            <td class=\"wpdt-cell wpdt-bold\"\n                                    data-cell-id=\"A3\"\n                data-col-index=\"0\"\n                data-row-index=\"2\"\n                style=\"                padding:10px;\"\n                >\n                                3 \u00e8me naissance                <\/td>\n                                            <td class=\"wpdt-cell \"\n                                    data-cell-id=\"B3\"\n                data-col-index=\"1\"\n                data-row-index=\"2\"\n                style=\"                padding:10px;\"\n                >\n                                8 semaines                <\/td>\n                                            <td class=\"wpdt-cell \"\n                                    data-cell-id=\"C3\"\n                data-col-index=\"2\"\n                data-row-index=\"2\"\n                style=\"                padding:10px;\"\n                >\n                                18 semaines                <\/td>\n                                            <td class=\"wpdt-cell \"\n                                    data-cell-id=\"D3\"\n                data-col-index=\"3\"\n                data-row-index=\"2\"\n                style=\"                padding:10px;\"\n                >\n                                26 semaines                <\/td>\n                                        <\/tr>\n                            <tr class=\"wpdt-cell-row \" >\n                            <td class=\"wpdt-cell wpdt-bold\"\n                                    data-cell-id=\"A4\"\n                data-col-index=\"0\"\n                data-row-index=\"3\"\n                style=\"                padding:10px;\"\n                >\n                                Naissance de jumeaux                <\/td>\n                                            <td class=\"wpdt-cell \"\n                                    data-cell-id=\"B4\"\n                data-col-index=\"1\"\n                data-row-index=\"3\"\n                style=\"                padding:10px;\"\n                >\n                                12 semaines                <\/td>\n                                            <td class=\"wpdt-cell \"\n                                    data-cell-id=\"C4\"\n                data-col-index=\"2\"\n                data-row-index=\"3\"\n                style=\"                padding:10px;\"\n                >\n                                22 semaines                <\/td>\n                                            <td class=\"wpdt-cell \"\n                                    data-cell-id=\"D4\"\n                data-col-index=\"3\"\n                data-row-index=\"3\"\n                style=\"                padding:10px;\"\n                >\n                                34 semaines                <\/td>\n                                        <\/tr>\n                            <tr class=\"wpdt-cell-row \" >\n                            <td class=\"wpdt-cell wpdt-bold\"\n                                    data-cell-id=\"A5\"\n                data-col-index=\"0\"\n                data-row-index=\"4\"\n                style=\"                padding:10px;\"\n                >\n                                Naissance simultan\u00e9e de plus de deux enfants                <\/td>\n                                            <td class=\"wpdt-cell \"\n                                    data-cell-id=\"B5\"\n                data-col-index=\"1\"\n                data-row-index=\"4\"\n                style=\"                padding:10px;\"\n                >\n                                24 semaines                <\/td>\n                                            <td class=\"wpdt-cell \"\n                                    data-cell-id=\"C5\"\n                data-col-index=\"2\"\n                data-row-index=\"4\"\n                style=\"                padding:10px;\"\n                >\n                                22 semaines                <\/td>\n                                            <td class=\"wpdt-cell \"\n                                    data-cell-id=\"D5\"\n                data-col-index=\"3\"\n                data-row-index=\"4\"\n                style=\"                padding:10px;\"\n                >\n                                46 semaines                <\/td>\n                                        <\/tr>\n                    <\/table>\n<\/div><style id='wpdt-custom-style-30'>\ntable#wpdtSimpleTable-30{ table-layout: fixed !important; }\ntable#wpdtSimpleTable-30 td, table.wpdtSimpleTable30 th { white-space: normal !important; }\n.wpdt-bc-F3F9FE { background-color: #F3F9FE !important;}\n<\/style>\n<\/span><\/p>\n<p style=\"text-align: justify;\">Le cong\u00e9 maternit\u00e9 minimum est d&rsquo;une dur\u00e9e de 16 semaines. Sachez qu&rsquo;\u00e0 ce titre, vous pouvez percevoir des indemnit\u00e9s journali\u00e8res sous conditions.<\/p>\n<h2 style=\"text-align: justify;\">Petits am\u00e9nagements sur la dur\u00e9e<\/h2>\n<p style=\"text-align: justify;\">La salari\u00e9e peut choisir de faire le report d\u2019une partie de son cong\u00e9 maternit\u00e9 pr\u00e9natal apr\u00e8s l\u2019accouchement, dans la limite de 3 semaines et sur avis favorable du m\u00e9decin qui suit sa grossesse.<\/p>\n<p style=\"text-align: justify;\">Son cong\u00e9 maternit\u00e9 pr\u00e9natal serait alors de 3 semaines et son cong\u00e9 maternit\u00e9 postnatal de 13 semaines.<\/p>\n<p style=\"text-align: justify;\">Pour en b\u00e9n\u00e9ficier, l\u2019assur\u00e9e doit faire parvenir \u00e0 son organisme d\u2019Assurance maladie\u00a0:<\/p>\n<ul style=\"text-align: justify;\">\n<li>Une demande \u00e9crite de report de cong\u00e9 maternit\u00e9 pr\u00e9natal<\/li>\n<li>Un certificat m\u00e9dical attestant que l\u2019\u00e9tat de sant\u00e9 de l\u2019assur\u00e9e permet le report<\/li>\n<\/ul>\n<p style=\"text-align: justify;\">La demande de report doit \u00eatre faite au plus tard la veille de la date \u00e0 laquelle le cong\u00e9 maternit\u00e9 pr\u00e9natal devait commencer.<\/p>\n<p style=\"text-align: justify;\">Dans le cas o\u00f9 l\u2019assur\u00e9e attend son 3\u00e8me enfant, elle peut choisir d\u2019anticiper son\u00a0cong\u00e9 maternit\u00e9 pr\u00e9natal\u00a0dans la limite de 2 semaines.<\/p>\n<p style=\"text-align: justify;\">Son\u00a0cong\u00e9 pr\u00e9natal\u00a0sera donc de 10 semaines et son\u00a0cong\u00e9 postnatal\u00a0de 16 semaines.<\/p>\n<p style=\"text-align: justify;\">Dans le cas d\u2019une grossesse multiple, comme la naissance de jumeaux, l\u2019assur\u00e9e peut choisir d\u2019allonger son\u00a0cong\u00e9 maternit\u00e9 pr\u00e9natal\u00a0de 4 semaines.<\/p>\n<p style=\"text-align: justify;\">Son\u00a0cong\u00e9 pr\u00e9natal\u00a0sera donc de 16 semaines et son\u00a0cong\u00e9 postnatal\u00a0de 18 semaines.<\/p>\n<p style=\"text-align: justify;\">En cas d\u2019\u00e9tat pathologique r\u00e9sultant de la grossesse (exemple\u00a0: diab\u00e8te gestationnel), la salari\u00e9e enceinte, qui a d\u00e9clar\u00e9 sa grossesse, peut se voir prescrire par son m\u00e9decin un cong\u00e9 pathologique.<\/p>\n<ul style=\"text-align: justify;\">\n<li>Le cong\u00e9 pathologique dure deux semaines maximum et peut \u00eatre prescrit en une ou plusieurs fois<\/li>\n<li>Le cong\u00e9 pathologique ne peut pas \u00eatre report\u00e9 sur la p\u00e9riode de cong\u00e9 maternit\u00e9 postnatal<\/li>\n<\/ul>\n<div class='cta-block'><div class='text'>Simulez toutes vos aides en 2 min. Gratuit.<\/div><a href='' class='app-button fit'>Simulation gratuite<\/a><\/div>\n<h1>Le r\u00f4le d&rsquo;AMELI pour vos cong\u00e9s: l&rsquo;indemnit\u00e9 de cong\u00e9<\/h1>\n<h2>Conditions pour en b\u00e9n\u00e9ficier<\/h2>\n<p style=\"text-align: justify;\">Pour b\u00e9n\u00e9ficier d&rsquo;une indemnisation pendant le cong\u00e9 maternit\u00e9, il faut se trouver dans une de ces situations :<\/p>\n<ul>\n<li><span class=\"amp-wp-7d27179\" data-amp-original-style=\"text-align: justify;\">La premi\u00e8re situation est que vous avez travaill\u00e9 au moins l\u2019\u00e9quivalent d\u2019un tiers-temps. C\u2019est le<\/span><span class=\"amp-wp-7d27179\" data-amp-original-style=\"text-align: justify;\">\u00a0cas, \u00e0 la date du d\u00e9but de votre grossesse, si vous avez effectu\u00e9 au moins 150 heures de travail salari\u00e9 au cours des 3 mois (ou des 90 jours) pr\u00e9c\u00e9dant l\u2019arr\u00eat de travail.<\/span><\/li>\n<li>Le deuxi\u00e8me situation est que vous avez travaill\u00e9 dans le cadre d\u2019un ou plusieurs CDD, en int\u00e9rim ou dans le cadre d\u2019une activit\u00e9 saisonni\u00e8re ou discontinue. Vous avez effectu\u00e9 au moins 600 heures au cours de l\u2019ann\u00e9e pr\u00e9c\u00e9dant la date du d\u00e9but de votre grossesse. Par exemple, pour un arr\u00eat de travail ayant d\u00e9but\u00e9 le 1er juillet 2025, votre droit aux Indemnit\u00e9s Journali\u00e8res est ouvert si vous avez travaill\u00e9 au moins 600 heures entre le 30 juin 2024 et le 30 juin 2025.<\/li>\n<li>La troisi\u00e8me situation est que vous avez cotis\u00e9, pendant les 6 mois pr\u00e9c\u00e9dant la date de votre grossesse, sur la base d\u2019un salaire minimum au moins \u00e9gal \u00e0 1 015 fois la valeur du SMIC horaire. Par exemple, pour un arr\u00eat de travail d\u00e9butant le 1er janvier 2025, votre droit aux IJ est ouvert si, entre le 1er juillet 2024 et le 31 d\u00e9cembre 2024, votre r\u00e9mun\u00e9ration a \u00e9t\u00e9 au moins \u00e9gale \u00e0 12 058,2 \u20ac (1 015 x 11,88 \u20ac, le montant du Smic horaire brut au 1er janvier 2025).<\/li>\n<li>Enfin, si vous avez cotis\u00e9, au cours de l\u2019ann\u00e9e pr\u00e9c\u00e9dant le d\u00e9but de grossesse, sur un salaire au moins \u00e9gal \u00e0 2 030 fois le montant du SMIC horaire. Par exemple, pour un arr\u00eat de travail d\u00e9butant le 1er janvier 2025, votre droit aux IJ est ouvert si, entre le 1er janvier 2024 et le 31 d\u00e9cembre 2024, votre r\u00e9mun\u00e9ration ou le total de vos diff\u00e9rentes r\u00e9mun\u00e9rations a \u00e9t\u00e9 au moins \u00e9gale \u00e0 24 116,4 \u20ac (2 030 x 11,88 \u00a0\u20ac, le montant du Smic horaire brut au 1er janvier 2025).<\/li>\n<\/ul>\n<h2 style=\"text-align: justify;\">Comment se calcule l&rsquo;indemnit\u00e9 ?<\/h2>\n<p style=\"text-align: justify;\">Le montant des indemnit\u00e9s journali\u00e8res est calcul\u00e9e sur les salaires des 3 mois qui pr\u00e9c\u00e8dent votre cong\u00e9 maternit\u00e9 ou des 12\u00a0mois pr\u00e9c\u00e9dents en cas d\u2019activit\u00e9 saisonni\u00e8re ou non continue.<\/p>\n<p class=\"amp-wp-7d27179\" data-amp-original-style=\"text-align: justify;\">Vos salaires sont pris en compte dans la limite du plafond mensuel de la S\u00e9curit\u00e9 sociale de l\u2019ann\u00e9e en cours. Ils peuvent aussi \u00eatre consid\u00e9r\u00e9s sur les 12 mois qui pr\u00e9c\u00e8dent votre cong\u00e9 maternit\u00e9 si vous avez une activit\u00e9 saisonni\u00e8re ou non continue.<\/p>\n<p class=\"amp-wp-7d27179\" data-amp-original-style=\"text-align: justify;\">Au 1er janvier 2025, le montant maximum de ce salaire journalier maternit\u00e9 est de 100,36 par jour apr\u00e8s d\u00e9duction des 21 % de charges.<\/p>\n<p style=\"text-align: justify;\"><div class='cta-block'><div class='text'>Simulez toutes vos aides en 2 min. Gratuit.<\/div><a href='' class='app-button fit'>Simulation gratuite<\/a><\/div><\/p>\n<h2 style=\"text-align: justify;\">Versement de l&rsquo;aide<\/h2>\n<p style=\"text-align: justify;\">\u00c0 la suite du 1er paiement, vos indemnit\u00e9s journali\u00e8res maternit\u00e9 vous sont vers\u00e9es en moyenne tous les 14\u00a0jours par votre caisse primaire d&rsquo;assurance maladie.<br \/>\nElles sont vers\u00e9es pendant toute la dur\u00e9e du cong\u00e9 maternit\u00e9 sans d\u00e9lai de carence (c\u2019est-\u00e0-dire d\u00e8s le 1er jour) et pour chaque jour de la semaine, y compris les samedis, dimanches et jours f\u00e9ri\u00e9s.<\/p>\n<p style=\"text-align: justify;\">Les relev\u00e9s de paiement de vos indemnit\u00e9s journali\u00e8res de maternit\u00e9 justifient de vos droits \u00e0 la retraite. Ils doivent \u00eatre conserv\u00e9s sans limitation de dur\u00e9e, comme les bulletins de salaire.<\/p>\n<h2 style=\"text-align: justify;\">Si vous \u00eates allocataire de P\u00f4le Emploi<\/h2>\n<p style=\"text-align: justify;\">Si vous \u00eates au ch\u00f4mage, vous pourrez b\u00e9n\u00e9ficier d&rsquo;indemnit\u00e9s journali\u00e8res pendant votre cong\u00e9 maternit\u00e9 sous r\u00e9serve de remplir les conditions requises.<\/p>\n<ul style=\"text-align: justify;\">\n<li>si vous percevez une allocation ch\u00f4mage de P\u00f4le emploi ;<\/li>\n<li>ou si vous en avez per\u00e7u une au cours des 12\u00a0derniers mois ;<\/li>\n<li>ou si vous avez cess\u00e9 votre activit\u00e9 salari\u00e9e depuis moins de 12 mois.<\/li>\n<\/ul>\n<p style=\"text-align: justify;\">C&rsquo;est l\u2019activit\u00e9 professionnelle ant\u00e9rieure \u00e0 votre indemnisation ch\u00f4mage ou \u00e0 votre cessation d&rsquo;activit\u00e9 qui d\u00e9termine les r\u00e8gles d&rsquo;attribution et le calcul de vos indemnit\u00e9s journali\u00e8res maternit\u00e9.<\/p>\n<p style=\"text-align: justify;\">Pour l&rsquo;examen de vos droits \u00e0 b\u00e9n\u00e9ficier d&rsquo;indemnit\u00e9s journali\u00e8res pendant votre cong\u00e9 maternit\u00e9, adressez \u00e0 votre caisse\u00a0d&rsquo;assurance maladie les copies de vos 4\u00a0derniers bulletins de salaire.<\/p>\n<h2 style=\"text-align: justify;\">Montant de l&rsquo;indemnit\u00e9<\/h2>\n<p style=\"text-align: justify;\">L\u2019indemnit\u00e9 journali\u00e8re est calcul\u00e9e sur les salaires des 3\u00a0mois qui pr\u00e9c\u00e8dent votre cong\u00e9 maternit\u00e9 ou des 12\u00a0mois pr\u00e9c\u00e9dents, en cas d\u2019activit\u00e9 saisonni\u00e8re ou non continue.<img loading=\"lazy\" decoding=\"async\" class=\"alignright wp-image-42140\" title=\"enveloppe argent\" src=\"https:\/\/www.mes-allocs.fr\/guides\/wp-content\/uploads\/2021\/12\/enveloppe-argent-1-1.jpg\" alt=\"conges maternite ameli\" width=\"281\" height=\"211\" srcset=\"https:\/\/www.mes-allocs.fr\/guides\/wp-content\/uploads\/2021\/12\/enveloppe-argent-1-1.jpg 1000w, https:\/\/www.mes-allocs.fr\/guides\/wp-content\/uploads\/2021\/12\/enveloppe-argent-1-1-300x225.jpg 300w, https:\/\/www.mes-allocs.fr\/guides\/wp-content\/uploads\/2021\/12\/enveloppe-argent-1-1-768x576.jpg 768w, https:\/\/www.mes-allocs.fr\/guides\/wp-content\/uploads\/2021\/12\/enveloppe-argent-1-1-600x450.jpg 600w\" sizes=\"auto, (max-width: 281px) 100vw, 281px\" \/><\/p>\n<p style=\"text-align: justify;\">Il s\u2019agit des salaires soumis \u00e0 cotisations auxquels on retire un taux forfaitaire de 21\u00a0% correspondant \u00e0 la part salariale des cotisations sociales et contributions obligatoires (CSG et CRDS).<\/p>\n<p style=\"text-align: justify;\">Vos salaires sont pris en compte dans la limite du plafond mensuel de la s\u00e9curit\u00e9 sociale de l&rsquo;ann\u00e9e en cours. Ils peuvent aussi \u00eatre consid\u00e9r\u00e9s sur les 12 mois qui pr\u00e9c\u00e8dent votre cong\u00e9 maternit\u00e9 si vous avez une activit\u00e9 saisonni\u00e8re ou non continue.<\/p>\n<p class=\"amp-wp-7d27179\" data-amp-original-style=\"text-align: justify;\">Au 1er janvier 2025, le montant maximum de l\u2019indemnit\u00e9 journali\u00e8re maternit\u00e9 est de\u00a0<strong>100,36\u00a0<\/strong>\u20ac par jour apr\u00e8s d\u00e9duction des 21 % de charges.<\/p>\n<div class='cta-block'><div class='text'>Simulez toutes vos aides en 2 min. Gratuit.<\/div><a href='' class='app-button fit'>Simulation gratuite<\/a><\/div>\n","protected":false},"excerpt":{"rendered":"<p>Les Cong\u00e9s maternit\u00e9 sont accord\u00e9s \u00e0 une femme qui attend un enfant. C&rsquo;est un temps de repos o\u00f9, dans certains cas, vous pouvez b\u00e9n\u00e9ficier d&rsquo;une r\u00e9mun\u00e9ration. Dans cet article, on vous explique le r\u00f4le d&rsquo;AMELI dans vos cong\u00e9s maternit\u00e9. Le cong\u00e9 maternit\u00e9 En quelques mots En tant que salari\u00e9e\u00a0dans le secteur public, vous pouvez b\u00e9n\u00e9ficier [&hellip;]<\/p>\n","protected":false},"author":6,"featured_media":44650,"comment_status":"open","ping_status":"open","sticky":false,"template":"","format":"standard","meta":{"amp_status":"","footnotes":""},"categories":[10],"tags":[],"class_list":["post-44649","post","type-post","status-publish","format-standard","has-post-thumbnail","hentry","category-allocations-familiales"],"yoast_head":"<!-- This site is optimized with the Yoast SEO plugin v14.9 - https:\/\/yoast.com\/wordpress\/plugins\/seo\/ -->\n<title>Cong\u00e9s maternit\u00e9 sur Ameli : comment \u00e7a marche ? | Mes-Allocs.fr<\/title>\n<meta name=\"description\" content=\"Dans cet article, l&#039;ensemble de l&#039;\u00e9quipe de Mes Allocs vous explique quel r\u00f4le joue AMELI dans le cadre de votre cong\u00e9 maternit\u00e9.\" \/>\n<meta name=\"robots\" content=\"index, follow, max-snippet:-1, max-image-preview:large, max-video-preview:-1\" \/>\n<link rel=\"canonical\" href=\"https:\/\/www.mes-allocs.fr\/guides\/allocations-familiales\/conges-maternite-ameli\/\" \/>\n<meta property=\"og:locale\" content=\"fr_FR\" \/>\n<meta property=\"og:type\" content=\"article\" \/>\n<meta property=\"og:title\" content=\"Cong\u00e9s maternit\u00e9 sur Ameli : comment \u00e7a marche ? | Mes-Allocs.fr\" \/>\n<meta property=\"og:description\" content=\"Dans cet article, l&#039;ensemble de l&#039;\u00e9quipe de Mes Allocs vous explique quel r\u00f4le joue AMELI dans le cadre de votre cong\u00e9 maternit\u00e9.\" \/>\n<meta property=\"og:url\" content=\"https:\/\/www.mes-allocs.fr\/guides\/allocations-familiales\/conges-maternite-ameli\/\" \/>\n<meta property=\"og:site_name\" content=\"Mes-Allocs.fr\" \/>\n<meta property=\"article:published_time\" content=\"2022-03-29T16:13:47+00:00\" \/>\n<meta property=\"article:modified_time\" content=\"2025-03-18T14:02:32+00:00\" \/>\n<meta property=\"og:image\" content=\"https:\/\/www.mes-allocs.fr\/guides\/wp-content\/uploads\/2022\/02\/echographie--e1686732371699.jpeg?wsr\" \/>\n\t<meta property=\"og:image:width\" content=\"500\" \/>\n\t<meta property=\"og:image:height\" content=\"76\" \/>\n<meta name=\"twitter:card\" content=\"summary_large_image\" \/>\n<script type=\"application\/ld+json\" class=\"yoast-schema-graph\">{\"@context\":\"https:\/\/schema.org\",\"@graph\":[{\"@type\":\"WebSite\",\"@id\":\"https:\/\/www.mes-allocs.fr\/guides\/#website\",\"url\":\"https:\/\/www.mes-allocs.fr\/guides\/\",\"name\":\"Mes-Allocs.fr\",\"description\":\"\",\"potentialAction\":[{\"@type\":\"SearchAction\",\"target\":\"https:\/\/www.mes-allocs.fr\/guides\/?s={search_term_string}\",\"query-input\":\"required name=search_term_string\"}],\"inLanguage\":\"fr-FR\"},{\"@type\":\"ImageObject\",\"@id\":\"https:\/\/www.mes-allocs.fr\/guides\/allocations-familiales\/conges-maternite-ameli\/#primaryimage\",\"inLanguage\":\"fr-FR\",\"url\":\"https:\/\/www.mes-allocs.fr\/guides\/wp-content\/uploads\/2022\/02\/echographie--e1686732371699.jpeg?wsr\",\"width\":500,\"height\":76,\"caption\":\"conges maternite ameli\"},{\"@type\":\"WebPage\",\"@id\":\"https:\/\/www.mes-allocs.fr\/guides\/allocations-familiales\/conges-maternite-ameli\/#webpage\",\"url\":\"https:\/\/www.mes-allocs.fr\/guides\/allocations-familiales\/conges-maternite-ameli\/\",\"name\":\"Cong\\u00e9s maternit\\u00e9 sur Ameli : comment \\u00e7a marche ? | Mes-Allocs.fr\",\"isPartOf\":{\"@id\":\"https:\/\/www.mes-allocs.fr\/guides\/#website\"},\"primaryImageOfPage\":{\"@id\":\"https:\/\/www.mes-allocs.fr\/guides\/allocations-familiales\/conges-maternite-ameli\/#primaryimage\"},\"datePublished\":\"2022-03-29T16:13:47+00:00\",\"dateModified\":\"2025-03-18T14:02:32+00:00\",\"author\":{\"@id\":\"https:\/\/www.mes-allocs.fr\/guides\/#\/schema\/person\/0ecd61a8600573914d00d970a588c024\"},\"description\":\"Dans cet article, l'ensemble de l'\\u00e9quipe de Mes Allocs vous explique quel r\\u00f4le joue AMELI dans le cadre de votre cong\\u00e9 maternit\\u00e9.\",\"inLanguage\":\"fr-FR\"},{\"@type\":\"Person\",\"@id\":\"https:\/\/www.mes-allocs.fr\/guides\/#\/schema\/person\/0ecd61a8600573914d00d970a588c024\",\"name\":\"Jonathan\",\"image\":{\"@type\":\"ImageObject\",\"@id\":\"https:\/\/www.mes-allocs.fr\/guides\/#personlogo\",\"inLanguage\":\"fr-FR\",\"url\":\"https:\/\/www.mes-allocs.fr\/guides\/wp-content\/uploads\/2021\/06\/jonathan-150x150.png\",\"caption\":\"Jonathan\"},\"description\":\"Jonathan est r\\u00e9dacteur au sein de l'\\u00e9quipe Mes Allocs, sp\\u00e9cialis\\u00e9 sur les sujets li\\u00e9s au handicap. Dipl\\u00f4m\\u00e9e de l'UPEM, il rejoint Mes Allocs apr\\u00e8s avoir travaill\\u00e9 \\u00e0 l'association AEDE qui accompagne les adultes en situation de handicap. Quand il n'\\u00e9crit pas, on peut le retrouver sur un terrain de basket.\",\"sameAs\":[\"https:\/\/www.linkedin.com\/in\/jonathan-bambela-8637861b7\"]}]}<\/script>\n<!-- \/ Yoast SEO plugin. -->","amp_validity":null,"acf":{"faq":{"1":{"question":"Qu'est-ce qu'un cong\u00e9 maternit\u00e9 ?","answer":"Le cong\u00e9 maternit\u00e9 correspond \u00e0 la dur\u00e9e pendant laquelle une femme salari\u00e9e quitte son activit\u00e9 au moment de la naissance de son enfant."},"2":{"question":"Quelle est la dur\u00e9e du cong\u00e9 apr\u00e8s accouchement ?","answer":"Le cong\u00e9 postnatal (apr\u00e8s accouchement), est de 10 semaines. "},"3":{"question":"Comment faire pour prolonger son cong\u00e9 maternit\u00e9 ?","answer":"Si vous souhaitez prolonger votre cong\u00e9 maternit\u00e9, vous devez en faire la demande aupr\u00e8s de la CPAM."},"4":{"question":"Comment faire le calcul du cong\u00e9 maternit\u00e9 ?","answer":"Pour demander le cong\u00e9 maternit\u00e9, vous devrez adresser une lettre \u00e0 votre employeur et effectuer des formalit\u00e9s aupr\u00e8s de la s\u00e9curit\u00e9 sociale. Pour conna\u00eetre la dur\u00e9e de votre cong\u00e9 maternit\u00e9, faites <a href=\"https:\/\/www.mes-allocs.fr\/simulation-aides\">une simulation gratuite de cong\u00e9 maternit\u00e9<\/a> sur le site de Mes Allocs."},"5":{"question":"Combien de temps dure un cong\u00e9 maternit\u00e9 ?","answer":"Cela varie en fonction du nombre d'enfants que vous avez. \r\nSi il s'agit de votre 1er ou 2e enfant, la dur\u00e9e totale de votre cong\u00e9 est de : 16 semaines. \r\nPour un troisi\u00e8me enfant ou plus, elle est de 26 semaine au total."},"6":{"question":"Quand re\u00e7oit-on prime de naissance ?","answer":"La prime \u00e0 la naissance est vers\u00e9e avant la fin du dernier jour du 2\u00e8me mois suivant la naissance ou la justification de la fin de grossesse."},"7":{"question":"","answer":""},"8":{"question":"","answer":""},"9":{"question":"","answer":""},"10":{"question":"","answer":""},"11":{"question":"","answer":""},"12":{"question":"","answer":""},"13":{"question":"","answer":""},"14":{"question":"","answer":""},"15":{"question":"","answer":""},"16":{"question":"","answer":""}}},"_links":{"self":[{"href":"https:\/\/www.mes-allocs.fr\/guides\/wp-json\/wp\/v2\/posts\/44649","targetHints":{"allow":["GET"]}}],"collection":[{"href":"https:\/\/www.mes-allocs.fr\/guides\/wp-json\/wp\/v2\/posts"}],"about":[{"href":"https:\/\/www.mes-allocs.fr\/guides\/wp-json\/wp\/v2\/types\/post"}],"author":[{"embeddable":true,"href":"https:\/\/www.mes-allocs.fr\/guides\/wp-json\/wp\/v2\/users\/6"}],"replies":[{"embeddable":true,"href":"https:\/\/www.mes-allocs.fr\/guides\/wp-json\/wp\/v2\/comments?post=44649"}],"version-history":[{"count":12,"href":"https:\/\/www.mes-allocs.fr\/guides\/wp-json\/wp\/v2\/posts\/44649\/revisions"}],"predecessor-version":[{"id":95946,"href":"https:\/\/www.mes-allocs.fr\/guides\/wp-json\/wp\/v2\/posts\/44649\/revisions\/95946"}],"wp:featuredmedia":[{"embeddable":true,"href":"https:\/\/www.mes-allocs.fr\/guides\/wp-json\/wp\/v2\/media\/44650"}],"wp:attachment":[{"href":"https:\/\/www.mes-allocs.fr\/guides\/wp-json\/wp\/v2\/media?parent=44649"}],"wp:term":[{"taxonomy":"category","embeddable":true,"href":"https:\/\/www.mes-allocs.fr\/guides\/wp-json\/wp\/v2\/categories?post=44649"},{"taxonomy":"post_tag","embeddable":true,"href":"https:\/\/www.mes-allocs.fr\/guides\/wp-json\/wp\/v2\/tags?post=44649"}],"curies":[{"name":"wp","href":"https:\/\/api.w.org\/{rel}","templated":true}]}}