{"id":44628,"date":"2022-02-09T11:16:33","date_gmt":"2022-02-09T09:16:33","guid":{"rendered":"https:\/\/www.mes-allocs.fr\/guides\/?p=44628"},"modified":"2025-10-24T17:55:49","modified_gmt":"2025-10-24T15:55:49","slug":"aide-personne-mobilite-reduite","status":"publish","type":"post","link":"https:\/\/www.mes-allocs.fr\/guides\/aides-sociales\/aide-personne-mobilite-reduite\/","title":{"rendered":"Quelles aides pour une personne \u00e0 mobilit\u00e9 r\u00e9duite ?"},"content":{"rendered":"<p><img loading=\"lazy\" decoding=\"async\" class=\"aligncenter wp-image-44629 \" title=\"bequille\" src=\"https:\/\/www.mes-allocs.fr\/guides\/wp-content\/uploads\/2022\/02\/bequille-2-e1644238744533.jpeg\" alt=\"aide pour personne a mobilite reduite\" width=\"1458\" height=\"477\" \/><\/p>\n<p style=\"text-align: justify;\">En France, il existe des <a href=\"https:\/\/www.mes-allocs.fr\/guides\/aides-sociales\/\">aides sociales<\/a> pour les personnes \u00e0 mobilit\u00e9 r\u00e9duite. C&rsquo;est notamment le cas de l&rsquo;Allocation Adulte Handicap\u00e9e (AAH), mais pas que. Dans cet article, nous allons voir quelles sont les <strong>aides pour les personnes \u00e0 mobilit\u00e9 r\u00e9duite<\/strong>.<\/p>\n<hr \/>\n<h1 style=\"text-align: justify;\">L&rsquo;Allocation Adulte Handicap\u00e9 : qu&rsquo;est-ce que c&rsquo;est ?<\/h1>\n<h2 style=\"text-align: justify;\">D\u00e9finition<\/h2>\n<div style=\"text-align: justify;\">\n<div id=\"intro\" class=\"lead\">\n<p style=\"text-align: justify;\">L&rsquo; allocation aux adultes handicap\u00e9es (AAH) est une aide financi\u00e8re de la Caisse d&rsquo; Allocations Familiales (CAF) qui vous permet d&rsquo;avoir un minimum de ressources. Cette aide est attribu\u00e9e sous certaines conditions de ressources. Il s&rsquo;agit plus pr\u00e9cis\u00e9ment des crit\u00e8res d\u2019incapacit\u00e9, d&rsquo;\u00e2ge, de r\u00e9sidence et de ressources financi\u00e8res.<\/p>\n<p style=\"text-align: justify;\">Elle est accord\u00e9e sur d\u00e9cision de la commission des droits et de l&rsquo;autonomie des personnes handicap\u00e9es (CDAPH). Son montant vient compl\u00e9ter vos \u00e9ventuelles autres ressources.<\/p>\n<p style=\"font-weight: 400;\"><div class='cta-block'><div class='text'>Simulez toutes vos aides en 2 min.<\/div><a href='https:\/\/www.mes-allocs.fr\/ab-app?origin=guides\/wp-json\/wp\/v2\/posts\/44628' class='app-button fit'>Simulation gratuite<\/a><\/div><\/p>\n<h2 style=\"text-align: justify;\">Les diff\u00e9rentes conditions prises en compte<\/h2>\n<h3 style=\"text-align: justify;\">Le taux d&rsquo;incapacit\u00e9<\/h3>\n<p style=\"text-align: justify;\">Vous devez \u00eatre atteint d&rsquo;un taux d&rsquo; incapacit\u00e9 de 80 % au minimum. Il s&rsquo;agit de l&rsquo;\u00e9valuation de votre handicap.<img loading=\"lazy\" decoding=\"async\" class=\"alignright wp-image-44645\" title=\"fauteuil roulant\" src=\"https:\/\/www.mes-allocs.fr\/guides\/wp-content\/uploads\/2022\/02\/fauteuil-roulant-1.jpeg\" alt=\"aide pour personne \u00e0 mobilit\u00e9 r\u00e9duite\" width=\"319\" height=\"213\" srcset=\"https:\/\/www.mes-allocs.fr\/guides\/wp-content\/uploads\/2022\/02\/fauteuil-roulant-1.jpeg 1125w, https:\/\/www.mes-allocs.fr\/guides\/wp-content\/uploads\/2022\/02\/fauteuil-roulant-1-300x200.jpeg 300w, https:\/\/www.mes-allocs.fr\/guides\/wp-content\/uploads\/2022\/02\/fauteuil-roulant-1-1024x683.jpeg 1024w, https:\/\/www.mes-allocs.fr\/guides\/wp-content\/uploads\/2022\/02\/fauteuil-roulant-1-768x512.jpeg 768w, https:\/\/www.mes-allocs.fr\/guides\/wp-content\/uploads\/2022\/02\/fauteuil-roulant-1-600x400.jpeg 600w\" sizes=\"auto, (max-width: 319px) 100vw, 319px\" \/><\/p>\n<p style=\"text-align: justify;\">Vous pouvez avoir un taux d&rsquo;incapacit\u00e9 de 50 \u00e0 79 % si vous avez une restriction substantielle et durable d&rsquo;acc\u00e8s \u00e0 un emploi, reconnue par la CDAPH.<\/p>\n<p style=\"text-align: justify;\">La restriction est substantielle lorsque vous rencontrez des difficult\u00e9s importantes d&rsquo;acc\u00e8s \u00e0 un emploi qui ne peuvent \u00eatre compens\u00e9es notamment par des mesures d&rsquo;am\u00e9nagement de poste de travail.<\/p>\n<p style=\"text-align: justify;\">La restriction est durable d\u00e8s lors qu&rsquo;elle est d&rsquo;une dur\u00e9e pr\u00e9visible d&rsquo;au moins 1 an \u00e0 partir du d\u00e9p\u00f4t de la demande d&rsquo;AAH.<\/p>\n<p style=\"text-align: justify;\">Le taux d&rsquo;incapacit\u00e9 est d\u00e9termin\u00e9 par la CDAPH en fonction d&rsquo;un guide-bar\u00e8me pour l&rsquo;\u00e9valuation des d\u00e9ficiences et incapacit\u00e9s des personnes handicap\u00e9es .<\/p>\n<h3 style=\"text-align: justify;\">L&rsquo;\u00e2ge<\/h3>\n<p style=\"text-align: justify;\">Une des<a href=\"https:\/\/www.mes-allocs.fr\/guides\/aah\/aah-conditions\/\"> conditions d&rsquo;attribution<\/a> de l&rsquo;aide est l&rsquo;\u00e2ge. Il faut avoir au moins 20 ans (ou au moins 16 ans si vous n&rsquo;\u00eates plus consid\u00e9r\u00e9 \u00e0 la charge de vos parents pour le b\u00e9n\u00e9fice des <span class=\"tool-tip\" tabindex=\"0\" title=\"\" data-definition=\"R53179\" data-original-title=\"Prestation sociale dont l'objet est d'apporter aux familles une aide compensant partiellement les d\u00e9penses engag\u00e9es pour la subsistance et l'\u00e9ducation des enfants (par exemple, allocation de rentr\u00e9e scolaire, allocation d'\u00e9ducation de l'enfant handicap\u00e9)\">prestations familiales<\/span><\/p>\n<h3 style=\"text-align: justify;\">Lieu de r\u00e9sidence<\/h3>\n<p style=\"text-align: justify;\">Vous pouvez percevoir l&rsquo;AAH si vous r\u00e9sidez en France m\u00e9tropolitaine ou dans les d\u00e9partements ou collectivit\u00e9s suivantes\u00a0:<\/p>\n<ul style=\"text-align: justify;\">\n<li>Guadeloupe<\/li>\n<li>Guyane<\/li>\n<li>Martinique<\/li>\n<li>La R\u00e9union<\/li>\n<li>Saint-Barth\u00e9lemy<\/li>\n<li>Saint-Martin<\/li>\n<li>Saint-Pierre-et-Miquelon<\/li>\n<\/ul>\n<h1 style=\"text-align: justify;\">Montant et dur\u00e9e d&rsquo;attribution de l&rsquo;aide<\/h1>\n<h2 style=\"text-align: justify;\">Les diff\u00e9rents montants<\/h2>\n<p style=\"text-align: justify;\">Si vous n&rsquo;avez aucun revenu, vous recevez le montant maximal de l&rsquo;AAH qui est de <b>1 033,32 <\/b><strong><span class=\"prix\">\u20ac<\/span><\/strong>(que vous ayez un taux d&rsquo;incapacit\u00e9 compris entre 50 % et 79 % ou plus).<\/p>\n<p style=\"text-align: justify;\">Si vous touchez une pension ou une rente de type invalidit\u00e9, retraite ou encore d&rsquo;accident du travail, vous recevez la diff\u00e9rence entre le montant de votre pension ou rente et les 1 016,05 <span class=\"prix\">\u20ac<\/span>.<\/p>\n<p style=\"text-align: justify;\">Si vous travaillez, cela d\u00e9pend si vous travaillez en \u00e9tablissement et service d&rsquo;aide par le travail (ESAT) ou en milieu ordinaire, selon diff\u00e9rents taux d&rsquo;abattements.<\/p>\n<p style=\"text-align: justify;\">Si vous \u00eates en ESAT, le montant de l&rsquo;AAH est calcul\u00e9 en fonction de vos revenus d&rsquo;activit\u00e9.\u00a0Vos ressources sont \u00e9valu\u00e9es \u00e0 partir des donn\u00e9es de l&rsquo;avant-derni\u00e8re ann\u00e9e qui sont transmises par le service des imp\u00f4ts. Toutefois, le calcul de vos droits peut \u00eatre trimestriel si vous d\u00e9butez en ESAT apr\u00e8s avoir eu une activit\u00e9 professionnelle en milieu ordinaire.<\/p>\n<p style=\"text-align: justify;\">Si vous travaillez en milieu ordinaire, le montant de l&rsquo;AAH est calcul\u00e9 en fonction de vos revenus d&rsquo;activit\u00e9.<\/p>\n<p style=\"text-align: justify;\">Vous devez effectuer aupr\u00e8s de votre Caf une d\u00e9claration trimestrielle de vos ressources soit en remplissant un formulaire, soit directement en ligne sur le site de la Caf. Vous devez vous munir de votre num\u00e9ro d&rsquo;allocataire et de votre code confidentiel.<\/p>\n<\/div>\n<p style=\"font-weight: 400;\"><div class='cta-block'><div class='text'>Simulez toutes vos aides en 2 min.<\/div><a href='https:\/\/www.mes-allocs.fr\/ab-app?origin=guides\/wp-json\/wp\/v2\/posts\/44628' class='app-button fit'>Simulation gratuite<\/a><\/div><\/p>\n<div id=\"intro\" class=\"lead\">\n<h2 style=\"text-align: justify;\">Dur\u00e9e d&rsquo;attribution de l&rsquo;aide<\/h2>\n<p style=\"text-align: justify;\">Pour la dur\u00e9e d&rsquo;attribution de l&rsquo;aide, tout d\u00e9pend de votre taux d&rsquo;incapacit\u00e9.<\/p>\n<p style=\"text-align: justify;\">Si votre taux d&rsquo;incapacit\u00e9 est sup\u00e9rieure \u00e0 80% et que cette derni\u00e8re est permanente, l&rsquo;AAH est attribu\u00e9e \u00e0 vie si vos limitations d\u2019activit\u00e9s ne peuvent pas \u00e9voluer favorablement.\u00a0Si votre incapacit\u00e9 n&rsquo;est pas permanente, l&rsquo;AAH est attribu\u00e9e pour au minimum 1 an et au maximum 10 ans.<\/p>\n<p style=\"text-align: justify;\">Si votre taux d&rsquo;incapacit\u00e9 est situ\u00e9e entre 50 et 79%, l&rsquo;AAH est accord\u00e9e pour une p\u00e9riode de 1 \u00e0 2 ans. Cette dur\u00e9e peut atteindre 5 ans si votre handicap et la restriction substantielle et durable pour l&rsquo;acc\u00e8s \u00e0 l&#8217;emploi ne peuvent pas \u00e9voluer favorablement au cours de la p\u00e9riode d&rsquo;attribution.<\/p>\n<\/div>\n<\/div>\n<h1 style=\"text-align: justify;\">Quelles sont les autres aides disponibles ?<\/h1>\n<h2 style=\"text-align: justify;\">La prestation de compensation de handicap<\/h2>\n<div style=\"text-align: justify;\">\n<div id=\"intro\" class=\"lead\">\n<p>La prestation de compensation du handicap (PCH) est une aide financi\u00e8re vers\u00e9e par le d\u00e9partement. Elle permet de rembourser les d\u00e9penses li\u00e9es \u00e0 votre perte d&rsquo;autonomie. La PCH comprend 5 formes d&rsquo;aides (humaine, technique, am\u00e9nagement du logement, transport, aide sp\u00e9cifique ou exceptionnelle, animali\u00e8re).<\/p>\n<p>Son attribution d\u00e9pend de votre degr\u00e9 d&rsquo;autonomie, de votre \u00e2ge, de vos ressources et de votre r\u00e9sidence. La PCH est attribu\u00e9e \u00e0 vie si votre \u00e9tat de sant\u00e9 ne peut pas s&rsquo;am\u00e9liorer.<\/p>\n<\/div>\n<\/div>\n<div style=\"text-align: justify;\">\n<div class=\"content-fiche\">\n<p>La PCH comprend 5 formes d&rsquo;aides (humaine, technique, am\u00e9nagement du logement, transport, aide sp\u00e9cifique ou exceptionnelle, animali\u00e8re).<\/p>\n<div>\n<p>Cette aide vous permet de r\u00e9mun\u00e9rer un service d&rsquo;aide \u00e0 domicile ou de d\u00e9dommager un aidant familial (membre de la famille qui n&rsquo;est pas salari\u00e9 pour cette aide). En parall\u00e8le, il existe une autre aide de nature technique.<\/p>\n<p>Cette aide est destin\u00e9e \u00e0 l&rsquo;achat ou la location d&rsquo;un mat\u00e9riel compensant votre handicap (par exemple, fauteuil roulant).<\/p>\n<p>Le niveau de remboursement diff\u00e8re selon que l&rsquo;aide figure ou non sur la liste des produits et prestations remboursables (LPPR) par la S\u00e9curit\u00e9 sociale. Pour le savoir, il faut se renseigner aupr\u00e8s de votre caisse d&rsquo;assurance maladie.<\/p>\n<div class=\"fiche-item\">\n<div id=\"fiche-item-5\" class=\"fiche-item-content collapse in\" aria-hidden=\"false\">\n<p>La PCH est attribu\u00e9e \u00e0 vie si votre \u00e9tat de sant\u00e9 ne peut pas s&rsquo;am\u00e9liorer. Sinon, elle est attribu\u00e9e pour 10 ans maximum.<\/p>\n<\/div>\n<\/div>\n<div class=\"fiche-item\">\n<div class=\"fiche-item-title\">\n<h2>L&rsquo;allocation personnalis\u00e9e d&rsquo;autonomie<\/h2>\n<p>L&rsquo;Allocation Personnalis\u00e9e d&rsquo;Autonomie (APA) sert \u00e0 payer en totalit\u00e9 ou en partie soit les d\u00e9penses n\u00e9cessaires pour rester \u00e0 votre domicile (<span class=\"expression\">APA \u00e0 domicile<\/span>), soit le tarif d\u00e9pendance de l&rsquo;\u00e9tablissement m\u00e9dico-social (exemple\u00a0: Ehpad) o\u00f9 vous vivez (<span class=\"expression\">APA en \u00e9tablissement)<\/span>.<\/p>\n<p>Vous devez r\u00e9sider\u00a0:<\/p>\n<ul>\n<li>Soit \u00e0 votre domicile<\/li>\n<li>Soit au domicile d&rsquo;un proche qui vous h\u00e9berge<\/li>\n<li>Soit chez un accueillant familial<\/li>\n<li>Soit dans une r\u00e9sidence autonomie (anciennement appel\u00e9 <span class=\"expression\">foyer-logement<\/span>)<\/li>\n<\/ul>\n<p>Si vous \u00eates \u00e9tranger, vous devez avoir une carte de r\u00e9sident ou un titre de s\u00e9jour.<\/p>\n<p>Cependant, l&rsquo;APA ne peut pas \u00eatre cumul\u00e9e avec toutes les prestations. Voici celles qui ne sont pas cumulables avec l&rsquo;APA :<\/p>\n<ul>\n<li>Allocation simple d&rsquo;aide sociale pour les personnes \u00e2g\u00e9es<\/li>\n<li>Aides des caisses de retraite<\/li>\n<li>Aide financi\u00e8re pour r\u00e9mun\u00e9rer une aide \u00e0 domicile<\/li>\n<li>Prestation de compensation du handicap (PCH)<\/li>\n<li>Majoration pour aide constante d&rsquo;une tierce personne<\/li>\n<li>Prestation compl\u00e9mentaire pour recours \u00e0 tierce personne (PCRTP). Toutefois, la personne qui touche la PCRTP peut d\u00e9poser un dossier de demande d&rsquo;Apa pour pouvoir ensuite choisir entre ces 2 allocations celle qui lui convient le mieux.<\/li>\n<\/ul>\n<p>Pour la demande, vous devez d&rsquo;abord vous procurer un dossier de demande d&rsquo;APA aupr\u00e8s des services du d\u00e9partement, de votre mairie (CCAS), ou d&rsquo;un point d&rsquo;information local d\u00e9di\u00e9 aux personnes \u00e2g\u00e9es.<\/p>\n<p>Pour que le dossier soit complet, vous avez \u00e0 fournir les pi\u00e8ces suivantes :<img loading=\"lazy\" decoding=\"async\" class=\"alignright wp-image-44644\" title=\"dossier\" src=\"https:\/\/www.mes-allocs.fr\/guides\/wp-content\/uploads\/2022\/02\/dossier-3.jpeg\" alt=\"aide pour personne \u00e0 mobilit\u00e9 r\u00e9duite\" width=\"358\" height=\"239\" srcset=\"https:\/\/www.mes-allocs.fr\/guides\/wp-content\/uploads\/2022\/02\/dossier-3.jpeg 1125w, https:\/\/www.mes-allocs.fr\/guides\/wp-content\/uploads\/2022\/02\/dossier-3-300x200.jpeg 300w, https:\/\/www.mes-allocs.fr\/guides\/wp-content\/uploads\/2022\/02\/dossier-3-1024x683.jpeg 1024w, https:\/\/www.mes-allocs.fr\/guides\/wp-content\/uploads\/2022\/02\/dossier-3-768x512.jpeg 768w, https:\/\/www.mes-allocs.fr\/guides\/wp-content\/uploads\/2022\/02\/dossier-3-600x400.jpeg 600w\" sizes=\"auto, (max-width: 358px) 100vw, 358px\" \/><\/p>\n<ul>\n<li>Photocopie du livret de famille, de votre carte d&rsquo;identit\u00e9, de votre passeport ou d&rsquo;un extrait d&rsquo;acte de naissance ou photocopie de votre carte de r\u00e9sident ou du titre de s\u00e9jour (si vous \u00eates \u00e9tranger non europ\u00e9en)<\/li>\n<li>Photocopie de votre dernier avis d&rsquo;imposition ou de non-imposition sur le revenu<\/li>\n<li>Photocopie de votre dernier avis d&rsquo;imposition de taxe fonci\u00e8re sur les propri\u00e9t\u00e9s b\u00e2ties et non b\u00e2ties (si vous \u00eates propri\u00e9taire)<\/li>\n<li>Relev\u00e9 annuel d&rsquo;assurance-vie<\/li>\n<li><span class=\"tool-tip\" tabindex=\"0\" title=\"\" data-definition=\"R11497\" data-original-title=\"Document permettant d'identifier un compte bancaire (num\u00e9ro, banque, titulaire)\">Relev\u00e9 d&rsquo;identit\u00e9 bancaire (RIB)<span class=\"sr-only no-print\">: Document permettant d&rsquo;identifier un compte bancaire (num\u00e9ro, banque, titulaire)<\/span><\/span><\/li>\n<\/ul>\n<div class=\"bloc-edito bloc-attention\">\n<p class=\"bloc-edito-title\">Sachez que certains d\u00e9partements demandent en outre un certificat m\u00e9dical ou, si vous \u00eates sans domicile fixe, un justificatif d&rsquo;adresse ou d&rsquo;\u00e9lection de domicile.<\/p>\n<p style=\"font-weight: 400;\"><div class='cta-block'><div class='text'>Simulez toutes vos aides en 2 min.<\/div><a href='https:\/\/www.mes-allocs.fr\/ab-app?origin=guides\/wp-json\/wp\/v2\/posts\/44628' class='app-button fit'>Simulation gratuite<\/a><\/div><\/p>\n<\/div>\n<\/div>\n<\/div>\n<\/div>\n<\/div>\n<\/div>\n","protected":false},"excerpt":{"rendered":"<p>En France, il existe des aides sociales pour les personnes \u00e0 mobilit\u00e9 r\u00e9duite. C&rsquo;est notamment le cas de l&rsquo;Allocation Adulte Handicap\u00e9e (AAH), mais pas que. Dans cet article, nous allons voir quelles sont les aides pour les personnes \u00e0 mobilit\u00e9 r\u00e9duite. L&rsquo;Allocation Adulte Handicap\u00e9 : qu&rsquo;est-ce que c&rsquo;est ? D\u00e9finition L&rsquo; allocation aux adultes handicap\u00e9es [&hellip;]<\/p>\n","protected":false},"author":6,"featured_media":105227,"comment_status":"open","ping_status":"open","sticky":false,"template":"","format":"standard","meta":{"amp_status":"","footnotes":""},"categories":[1411],"tags":[],"class_list":["post-44628","post","type-post","status-publish","format-standard","has-post-thumbnail","hentry","category-aides-sociales"],"yoast_head":"<!-- This site is optimized with the Yoast SEO plugin v14.9 - https:\/\/yoast.com\/wordpress\/plugins\/seo\/ -->\n<title>Quelles aides pour une personne \u00e0 mobilit\u00e9 r\u00e9duite ? | Mes-Allocs.fr<\/title>\n<meta name=\"description\" content=\"Si vous \u00eates \u00e0 mobilit\u00e9 r\u00e9duite, vous pouvez b\u00e9n\u00e9ficier d&#039;aides telles que l&#039;AAH, l&#039;APH ou encore la PCH. Mes Allocs vous en dit plus.\" \/>\n<meta name=\"robots\" content=\"index, follow, max-snippet:-1, max-image-preview:large, max-video-preview:-1\" \/>\n<link rel=\"canonical\" href=\"https:\/\/www.mes-allocs.fr\/guides\/aides-sociales\/aide-personne-mobilite-reduite\/\" \/>\n<meta property=\"og:locale\" content=\"fr_FR\" \/>\n<meta property=\"og:type\" content=\"article\" \/>\n<meta property=\"og:title\" content=\"Quelles aides pour une personne \u00e0 mobilit\u00e9 r\u00e9duite ? | Mes-Allocs.fr\" \/>\n<meta property=\"og:description\" content=\"Si vous \u00eates \u00e0 mobilit\u00e9 r\u00e9duite, vous pouvez b\u00e9n\u00e9ficier d&#039;aides telles que l&#039;AAH, l&#039;APH ou encore la PCH. Mes Allocs vous en dit plus.\" \/>\n<meta property=\"og:url\" content=\"https:\/\/www.mes-allocs.fr\/guides\/aides-sociales\/aide-personne-mobilite-reduite\/\" \/>\n<meta property=\"og:site_name\" content=\"Mes-Allocs.fr\" \/>\n<meta property=\"article:published_time\" content=\"2022-02-09T09:16:33+00:00\" \/>\n<meta property=\"article:modified_time\" content=\"2025-10-24T15:55:49+00:00\" \/>\n<meta property=\"og:image\" content=\"https:\/\/www.mes-allocs.fr\/guides\/wp-content\/uploads\/2022\/02\/aide-personne-a-mobilite-reduite.jpg?wsr\" \/>\n\t<meta property=\"og:image:width\" content=\"1920\" \/>\n\t<meta property=\"og:image:height\" content=\"1282\" \/>\n<meta name=\"twitter:card\" content=\"summary_large_image\" \/>\n<script type=\"application\/ld+json\" class=\"yoast-schema-graph\">{\"@context\":\"https:\/\/schema.org\",\"@graph\":[{\"@type\":\"WebSite\",\"@id\":\"https:\/\/www.mes-allocs.fr\/guides\/#website\",\"url\":\"https:\/\/www.mes-allocs.fr\/guides\/\",\"name\":\"Mes-Allocs.fr\",\"description\":\"\",\"potentialAction\":[{\"@type\":\"SearchAction\",\"target\":\"https:\/\/www.mes-allocs.fr\/guides\/?s={search_term_string}\",\"query-input\":\"required name=search_term_string\"}],\"inLanguage\":\"fr-FR\"},{\"@type\":\"ImageObject\",\"@id\":\"https:\/\/www.mes-allocs.fr\/guides\/aides-sociales\/aide-personne-mobilite-reduite\/#primaryimage\",\"inLanguage\":\"fr-FR\",\"url\":\"https:\/\/www.mes-allocs.fr\/guides\/wp-content\/uploads\/2022\/02\/aide-personne-a-mobilite-reduite.jpg?wsr\",\"width\":1920,\"height\":1282,\"caption\":\"aide personne a mobilite reduite\"},{\"@type\":\"WebPage\",\"@id\":\"https:\/\/www.mes-allocs.fr\/guides\/aides-sociales\/aide-personne-mobilite-reduite\/#webpage\",\"url\":\"https:\/\/www.mes-allocs.fr\/guides\/aides-sociales\/aide-personne-mobilite-reduite\/\",\"name\":\"Quelles aides pour une personne \\u00e0 mobilit\\u00e9 r\\u00e9duite ? | Mes-Allocs.fr\",\"isPartOf\":{\"@id\":\"https:\/\/www.mes-allocs.fr\/guides\/#website\"},\"primaryImageOfPage\":{\"@id\":\"https:\/\/www.mes-allocs.fr\/guides\/aides-sociales\/aide-personne-mobilite-reduite\/#primaryimage\"},\"datePublished\":\"2022-02-09T09:16:33+00:00\",\"dateModified\":\"2025-10-24T15:55:49+00:00\",\"author\":{\"@id\":\"https:\/\/www.mes-allocs.fr\/guides\/#\/schema\/person\/0ecd61a8600573914d00d970a588c024\"},\"description\":\"Si vous \\u00eates \\u00e0 mobilit\\u00e9 r\\u00e9duite, vous pouvez b\\u00e9n\\u00e9ficier d'aides telles que l'AAH, l'APH ou encore la PCH. Mes Allocs vous en dit plus.\",\"inLanguage\":\"fr-FR\"},{\"@type\":\"Person\",\"@id\":\"https:\/\/www.mes-allocs.fr\/guides\/#\/schema\/person\/0ecd61a8600573914d00d970a588c024\",\"name\":\"Jonathan\",\"image\":{\"@type\":\"ImageObject\",\"@id\":\"https:\/\/www.mes-allocs.fr\/guides\/#personlogo\",\"inLanguage\":\"fr-FR\",\"url\":\"https:\/\/www.mes-allocs.fr\/guides\/wp-content\/uploads\/2021\/06\/jonathan-150x150.png\",\"caption\":\"Jonathan\"},\"description\":\"Jonathan est r\\u00e9dacteur au sein de l'\\u00e9quipe Mes Allocs, sp\\u00e9cialis\\u00e9 sur les sujets li\\u00e9s au handicap. Dipl\\u00f4m\\u00e9e de l'UPEM, il rejoint Mes Allocs apr\\u00e8s avoir travaill\\u00e9 \\u00e0 l'association AEDE qui accompagne les adultes en situation de handicap. Quand il n'\\u00e9crit pas, on peut le retrouver sur un terrain de basket.\",\"sameAs\":[\"https:\/\/www.linkedin.com\/in\/jonathan-bambela-8637861b7\"]}]}<\/script>\n<!-- \/ Yoast SEO plugin. -->","amp_validity":null,"acf":{"faq":{"1":{"question":"Qui verse l'AAH ?","answer":"C'est la Caisse d'allocations familiale qui est en charge de vous verser l'AAH apr\u00e8s avoir effectu\u00e9 votre demande aupr\u00e8s de la maison d\u00e9partementale des personnes handicap\u00e9es (MDPH)"},"2":{"question":"Quelles sont les 5 forme de la PCH ? ","answer":"La PCH comprend 5 formes d'aides (humaine, technique, am\u00e9nagement du logement, transport, aide sp\u00e9cifique ou exceptionnelle, animali\u00e8re)."},"3":{"question":"Est-ce que l'AAH compte pour la retraite ?","answer":"Lorsque l'AAH est attribu\u00e9e au titre d'une incapacit\u00e9 comprise entre 50 et 80 %, son versement prend fin \u00e0 l'\u00e2ge minimum l\u00e9gal de d\u00e9part \u00e0 la retraite ; en revanche, les b\u00e9n\u00e9ficiaires atteints d'une incapacit\u00e9 permanente d'au moins 80 % peuvent conserver une partie de l'AAH"},"4":{"question":"Quelle est la dur\u00e9e d'attribution de l'AAH avec un taux d'invalidit\u00e9 de 80% ?","answer":"Si votre taux d'incapacit\u00e9 est sup\u00e9rieure \u00e0 80% et que cette derni\u00e8re est permanente, l'AAH est attribu\u00e9e \u00e0 vie si vos limitations d\u2019activit\u00e9s ne peuvent pas \u00e9voluer favorablement."},"5":{"question":"Est-ce que l'AAH est cumulable avec le RSA ?","answer":"Vous pouvez cumuler ces deux allocations si vous remplissez l'int\u00e9gralit\u00e9 des conditions d\u2019attribution"},"6":{"question":"A quoi sert l'APH Domicile ? ","answer":"L'Allocation Personnalis\u00e9e d'Autonomie (APA) sert \u00e0 payer en totalit\u00e9 ou en partie soit les d\u00e9penses n\u00e9cessaires pour rester \u00e0 votre domicile"},"7":{"question":"","answer":""},"8":{"question":"","answer":""},"9":{"question":"","answer":""},"10":{"question":"","answer":""},"11":{"question":"","answer":""},"12":{"question":"","answer":""},"13":{"question":"","answer":""},"14":{"question":"","answer":""},"15":{"question":"","answer":""},"16":{"question":"","answer":""}}},"_links":{"self":[{"href":"https:\/\/www.mes-allocs.fr\/guides\/wp-json\/wp\/v2\/posts\/44628","targetHints":{"allow":["GET"]}}],"collection":[{"href":"https:\/\/www.mes-allocs.fr\/guides\/wp-json\/wp\/v2\/posts"}],"about":[{"href":"https:\/\/www.mes-allocs.fr\/guides\/wp-json\/wp\/v2\/types\/post"}],"author":[{"embeddable":true,"href":"https:\/\/www.mes-allocs.fr\/guides\/wp-json\/wp\/v2\/users\/6"}],"replies":[{"embeddable":true,"href":"https:\/\/www.mes-allocs.fr\/guides\/wp-json\/wp\/v2\/comments?post=44628"}],"version-history":[{"count":15,"href":"https:\/\/www.mes-allocs.fr\/guides\/wp-json\/wp\/v2\/posts\/44628\/revisions"}],"predecessor-version":[{"id":97969,"href":"https:\/\/www.mes-allocs.fr\/guides\/wp-json\/wp\/v2\/posts\/44628\/revisions\/97969"}],"wp:featuredmedia":[{"embeddable":true,"href":"https:\/\/www.mes-allocs.fr\/guides\/wp-json\/wp\/v2\/media\/105227"}],"wp:attachment":[{"href":"https:\/\/www.mes-allocs.fr\/guides\/wp-json\/wp\/v2\/media?parent=44628"}],"wp:term":[{"taxonomy":"category","embeddable":true,"href":"https:\/\/www.mes-allocs.fr\/guides\/wp-json\/wp\/v2\/categories?post=44628"},{"taxonomy":"post_tag","embeddable":true,"href":"https:\/\/www.mes-allocs.fr\/guides\/wp-json\/wp\/v2\/tags?post=44628"}],"curies":[{"name":"wp","href":"https:\/\/api.w.org\/{rel}","templated":true}]}}