{"id":44620,"date":"2022-02-11T16:56:20","date_gmt":"2022-02-11T14:56:20","guid":{"rendered":"https:\/\/www.mes-allocs.fr\/guides\/?p=44620"},"modified":"2026-01-07T18:24:59","modified_gmt":"2026-01-07T17:24:59","slug":"appart-hotel-apl","status":"publish","type":"post","link":"https:\/\/www.mes-allocs.fr\/guides\/aide-logement\/apl\/logements-eligibles-apl\/appart-hotel-apl\/","title":{"rendered":"APL et Appart hotel : cumul possible ?"},"content":{"rendered":"<p><img loading=\"lazy\" decoding=\"async\" class=\"alignnone wp-image-44630 size-full\" title=\"APL et Appart hotel un cumul possible\" src=\"https:\/\/www.mes-allocs.fr\/guides\/wp-content\/uploads\/2022\/02\/APL-et-Appart-hotel-un-cumul-possible--e1685968125885.jpg\" alt=\"APL Appart hotel \" width=\"1280\" height=\"294\" srcset=\"https:\/\/www.mes-allocs.fr\/guides\/wp-content\/uploads\/2022\/02\/APL-et-Appart-hotel-un-cumul-possible--e1685968125885.jpg 1280w, https:\/\/www.mes-allocs.fr\/guides\/wp-content\/uploads\/2022\/02\/APL-et-Appart-hotel-un-cumul-possible--e1685968125885-300x69.jpg 300w, https:\/\/www.mes-allocs.fr\/guides\/wp-content\/uploads\/2022\/02\/APL-et-Appart-hotel-un-cumul-possible--e1685968125885-1024x235.jpg 1024w, https:\/\/www.mes-allocs.fr\/guides\/wp-content\/uploads\/2022\/02\/APL-et-Appart-hotel-un-cumul-possible--e1685968125885-768x176.jpg 768w, https:\/\/www.mes-allocs.fr\/guides\/wp-content\/uploads\/2022\/02\/APL-et-Appart-hotel-un-cumul-possible--e1685968125885-600x138.jpg 600w\" sizes=\"auto, (max-width: 1280px) 100vw, 1280px\" \/><\/p>\n<p style=\"text-align: justify;\">[Mis \u00e0 jour le 07\/01\/2026] Vous envisagez de d\u00e9m\u00e9nager pour continuer vos \u00e9tudes ou votre profession dans une autre ville et vous recherchez un logement confortable avec des services annexes ? L&rsquo;appart&rsquo;h\u00f4tel semble \u00eatre le compromis. Un cumul est-il possible entre les <a href=\"https:\/\/www.mes-allocs.fr\/guides\/aide-logement\">aides au logement<\/a> comme les APL et un appart&rsquo;h\u00f4tel ?<\/p>\n<hr \/>\n<h1>C&rsquo;est quoi un appart&rsquo;h\u00f4tel ?<\/h1>\n<p>Comme son nom l&rsquo;indique, l&rsquo;appart&rsquo;h\u00f4tel est un logement \u00e0 mi-chemin entre un h\u00f4tel et un appartement. <b>Ce dernier comporte les caract\u00e9ristiques suivantes :\u00a0<\/b><\/p>\n<ul>\n<li>Un appart-h\u00f4tel est une r\u00e9sidence temporaire (de vacances ou non)<\/li>\n<li>La location se fait \u00e0 la nuit, \u00e0 la semaine ou au mois location temporaire<\/li>\n<li>La location longue dur\u00e9e est possible \u00e9galement sous certaines conditions<\/li>\n<li>Le locataire y est chez lui, et jouit de l\u2019appartement en toute ind\u00e9pendance.<\/li>\n<\/ul>\n<p><span class=\"notion-enable-hover\" data-token-index=\"0\" data-reactroot=\"\"><div class='cta-block'><div class='text'>Simulez vos APL en 2 min.<\/div><a href='https:\/\/www.mes-allocs.fr\/ab-app?origin=guides\/wp-json\/wp\/v2\/posts\/44620' class='app-button fit'>Simulation gratuite<\/a><\/div><\/span>.<\/p>\n<p><iframe loading=\"lazy\" title=\"L&#039;APL\" width=\"500\" height=\"281\" src=\"https:\/\/www.youtube.com\/embed\/dfDRI2qg_z4?feature=oembed\" frameborder=\"0\" allow=\"accelerometer; autoplay; clipboard-write; encrypted-media; gyroscope; picture-in-picture; web-share\" referrerpolicy=\"strict-origin-when-cross-origin\" allowfullscreen><\/iframe><\/p>\n<h2>\u00c0 qui convient l&rsquo;appart&rsquo;h\u00f4tel ?<\/h2>\n<p>Ce type d\u2019h\u00e9bergement int\u00e9resse notamment les personnes en d\u00e9placement pour un voyage d\u2019affaires, ou des \u00e9tudiants sans exclure les vacanciers. <b>Un appart&rsquo;h\u00f4tel dispose obligatoirement<\/b> :<\/p>\n<ul>\n<li>d&rsquo;un coin cuisine\/kitchenette \u00e9quip\u00e9e<\/li>\n<li>d&rsquo;une salle d&rsquo;eau ou salle de bain<\/li>\n<li>dispose d\u2019un salon avec un espace de couchage \/ou d\u2019une chambre \u00e0 part<\/li>\n<li>dispose de sanitaires<\/li>\n<\/ul>\n<p>Pour ceux qui sont \u00e0 la recherche d\u2019un logement enti\u00e8rement meubl\u00e9 \u00e0 un tarif \u00e9conomique, ce type de logement est l\u2019id\u00e9al. Tout est inclus dans le prix de la location du logement\u00a0(charges, eau, \u00e9lectricit\u00e9, Wi-Fi illimit\u00e9), le tout sans frais de dossier.<\/p>\n<h2><img loading=\"lazy\" decoding=\"async\" class=\"alignright wp-image-44631 size-medium\" title=\"Comment beneficier de lAPL en apparthotel\" src=\"https:\/\/www.mes-allocs.fr\/guides\/wp-content\/uploads\/2022\/02\/Comment-beneficier-de-lAPL-en-apparthotel--e1644241233641-300x157.jpg\" alt=\"APL Appart hotel \" width=\"300\" height=\"157\" srcset=\"https:\/\/www.mes-allocs.fr\/guides\/wp-content\/uploads\/2022\/02\/Comment-beneficier-de-lAPL-en-apparthotel--e1644241233641-300x157.jpg 300w, https:\/\/www.mes-allocs.fr\/guides\/wp-content\/uploads\/2022\/02\/Comment-beneficier-de-lAPL-en-apparthotel--e1644241233641-768x403.jpg 768w, https:\/\/www.mes-allocs.fr\/guides\/wp-content\/uploads\/2022\/02\/Comment-beneficier-de-lAPL-en-apparthotel--e1644241233641-600x315.jpg 600w, https:\/\/www.mes-allocs.fr\/guides\/wp-content\/uploads\/2022\/02\/Comment-beneficier-de-lAPL-en-apparthotel--e1644241233641.jpg 1024w\" sizes=\"auto, (max-width: 300px) 100vw, 300px\" \/><\/h2>\n<h2>Comment cumuler APL et appart hotel ?<\/h2>\n<p>Alors que les appart-h\u00f4tels sont souvent consid\u00e9r\u00e9s comme une r\u00e9sidence touristique, ils peuvent \u00e9galement \u00eatre lou\u00e9s pour d\u2019autres types de s\u00e9jours personnels ou professionnels. Par exemple, les entreprises peuvent tout \u00e0 fait louer un appart&rsquo;h\u00f4tel pour leurs employ\u00e9s, \u00e0 moyen ou long terme \u00e0 l&rsquo;occasion de missions, mutations, formations, t\u00e9l\u00e9travail, etc.<\/p>\n<p>Au-del\u00e0 des s\u00e9jours courts, les appart&rsquo;h\u00f4tels conviennent tr\u00e8s bien aux s\u00e9jours de moyenne et de longue dur\u00e9e. Le bail mobilit\u00e9 est conclu pour une dur\u00e9e de 1 \u00e0 10 mois et ne peut pas \u00eatre prolong\u00e9 au-del\u00e0 de cette limite : au-del\u00e0, un nouveau type de bail doit \u00eatre conclu. Ce contrat ne peut pas \u00eatre renouvel\u00e9 ou reconduit. La dur\u00e9e du contrat de location peut toutefois \u00eatre modifi\u00e9e une fois, par avenant, sans que la dur\u00e9e totale du contrat ne d\u00e9passe 10 mois. Dans ce cas, la location devra \u00eatre justifi\u00e9e par un motif professionnel. Ainsi, il peut \u00eatre possible de b\u00e9n\u00e9ficier d\u2019une aide au logement (<a href=\"https:\/\/www.mes-allocs.fr\/guides\/aide-logement\/apl\">APL<\/a>, ALF, ALS) pour une location en bail mobilit\u00e9 si le logement est d\u00e9clar\u00e9 comme r\u00e9sidence principale, que le contrat respecte les r\u00e8gles CAF\/MSA et que toutes les conditions d\u2019\u00e9ligibilit\u00e9 sont remplies.<\/p>\n<h3>Quelles sont les conditions pour signer un bail mobilit\u00e9 ?<\/h3>\n<p>Le bail mobilit\u00e9 est un contrat de location sign\u00e9 entre le propri\u00e9taire d\u2019un logement meubl\u00e9 et un locataire \u201ctemporaire\u201d. La raison du s\u00e9jour doit \u00eatre une mobilit\u00e9 professionnelle.<\/p>\n<p><b>\u00c0 la date de prise d\u2019effet de ce bail, le locataire doit se trouver dans l\u2019une des situations suivantes :<\/b><\/p>\n<ul>\n<li>Une formation professionnelle<\/li>\n<li>Des \u00e9tudes sup\u00e9rieures<\/li>\n<li>Un contrat d\u2019apprentissage<\/li>\n<li>Un stage<\/li>\n<li>Un engagement volontaire dans le cadre d\u2019un service civique,<\/li>\n<li>Une mutation professionnelle,<\/li>\n<li>Une mission temporaire dans le cadre de l\u2019activit\u00e9 professionnelle.<\/li>\n<\/ul>\n<h3>Qui peut b\u00e9n\u00e9ficier du bail mobilit\u00e9 ?<\/h3>\n<p>Comme l\u2019indique le motif professionnel qui est obligatoire pour conclure un bail mobilit\u00e9, les locataires pouvant b\u00e9n\u00e9ficier de ce type de bail sont forc\u00e9ment les \u00e9tudiants, les stagiaires, professionnels en d\u00e9placement ou expatri\u00e9s. D\u2019autre part, aucune condition d\u2019\u00e2ge ne s\u2019applique au bail mobilit\u00e9.<\/p>\n<p><span class=\"notion-enable-hover\" data-token-index=\"0\" data-reactroot=\"\"><div class='cta-block'><div class='text'>Simulez vos APL en 2 min.<\/div><a href='https:\/\/www.mes-allocs.fr\/ab-app?origin=guides\/wp-json\/wp\/v2\/posts\/44620' class='app-button fit'>Simulation gratuite<\/a><\/div><\/span>.<\/p>\n<h1>Aide personnalis\u00e9e au logement<\/h1>\n<p><a href=\"https:\/\/www.mes-allocs.fr\/guides\/aide-logement\/apl\/simulation-apl\/\">L&rsquo;aide personnalis\u00e9e au logement<\/a> (APL) est une aide de la CAF destin\u00e9e \u00e0 r\u00e9duire le montant de votre loyer. L&rsquo;APL fait partie des allocations logement. Elle est vers\u00e9e en raison de la situation de votre logement, et ce, quelle que soit votre situation familiale.<\/p>\n<h2>Qui peut b\u00e9n\u00e9ficier de l&rsquo;APL ?<\/h2>\n<p><img loading=\"lazy\" decoding=\"async\" class=\"alignright wp-image-44632 size-medium\" title=\"Qui peut beneficier de lAPL\" src=\"https:\/\/www.mes-allocs.fr\/guides\/wp-content\/uploads\/2022\/02\/Qui-peut-beneficier-de-lAPL--300x177.jpg\" alt=\"APL Appart hotel \" width=\"300\" height=\"177\" srcset=\"https:\/\/www.mes-allocs.fr\/guides\/wp-content\/uploads\/2022\/02\/Qui-peut-beneficier-de-lAPL--300x177.jpg 300w, https:\/\/www.mes-allocs.fr\/guides\/wp-content\/uploads\/2022\/02\/Qui-peut-beneficier-de-lAPL--1024x603.jpg 1024w, https:\/\/www.mes-allocs.fr\/guides\/wp-content\/uploads\/2022\/02\/Qui-peut-beneficier-de-lAPL--768x452.jpg 768w, https:\/\/www.mes-allocs.fr\/guides\/wp-content\/uploads\/2022\/02\/Qui-peut-beneficier-de-lAPL--600x353.jpg 600w, https:\/\/www.mes-allocs.fr\/guides\/wp-content\/uploads\/2022\/02\/Qui-peut-beneficier-de-lAPL-.jpg 1280w\" sizes=\"auto, (max-width: 300px) 100vw, 300px\" \/><\/p>\n<p>Aucune condition d&rsquo;\u00e2ge minimum n&rsquo;est exig\u00e9e. Par cons\u00e9quent, un enfant mineur peut percevoir l&rsquo;APL, mais le bail doit \u00eatre sign\u00e9 ou cosign\u00e9 par ses parents. Si vous louez un logement pour votre enfant, la quittance de loyer peut \u00eatre \u00e9tablie au nom du mineur.<\/p>\n<p>L\u2019APL peut \u00eatre attribu\u00e9e \u00e0 toute personne qui occupe un logement comme r\u00e9sidence principale avec un bail \u00e0 son nom ou assimil\u00e9, qu\u2019il s\u2019agisse d\u2019un locataire, d\u2019un colocataire, d\u2019un sous-locataire d\u00e9clar\u00e9 ou d\u2019un occupant en foyer, sous r\u00e9serve de remplir toutes les conditions d\u2019\u00e9ligibilit\u00e9.<\/p>\n<p>Le droit \u00e0 l\u2019APL est accord\u00e9 pour un seul logement par allocataire, celui de la r\u00e9sidence principale. Une seule demande doit \u00eatre effectu\u00e9e pour l\u2019ensemble du foyer.<\/p>\n<h2 id=\"Quelles_sont_les_conditions_APL_\u00e0_respecter_pour_en_b\u00e9n\u00e9ficier_?\"><span class=\"amp-wp-e98f482\" data-amp-original-style=\"color: #c43b3b;\">Quelles conditions donnent droit \u00e0 l&rsquo;APL ?\u00a0<\/span><\/h2>\n<h3>Les conditions li\u00e9es au logement<\/h3>\n<p>L&rsquo;APL est attribu\u00e9e pour votre <span class=\"tool-tip\" tabindex=\"0\" title=\"\" data-definition=\"R1064\" data-original-title=\"Logement occup\u00e9 au moins 8 mois par an (sauf obligation professionnelle, raison de sant\u00e9 ou cas de force majeure), soit par le locataire ou la personne avec laquelle il vit, soit par une personne \u00e0 charge\">r\u00e9sidence principale. Vous devez <span class=\"sr-only no-print\">\u00eatre r\u00e9sident principal du logement au moment de la demande. <\/span><\/span><b>Tous types d\u2019h\u00e9bergement peuvent vous permettre de b\u00e9n\u00e9ficier d\u2019une aide au logement :<\/b><\/p>\n<ul>\n<li>Une location meubl\u00e9e ou non meubl\u00e9e<\/li>\n<li>Une colocation<\/li>\n<li>Une sous-location<\/li>\n<li>Une location interg\u00e9n\u00e9rationnelle<\/li>\n<li>Une r\u00e9sidence universitaire<\/li>\n<li>Une pension de famille<\/li>\n<\/ul>\n<p>Le logement doit \u00eatre un logement \u00e0 caract\u00e8re d\u00e9cent avec un confort minimum et conforme aux normes de sant\u00e9, s\u00e9curit\u00e9 et de superficie. Cette derni\u00e8re doit \u00eatre de 9 m2 pour une personne vivant seule, 16 m2 pour un couple, puis il faut rajouter 9 m2 par personne suppl\u00e9mentaire.<\/p>\n<h3>Les conditions li\u00e9es aux ressources<\/h3>\n<p style=\"text-align: justify;\">L&rsquo;aide personnalis\u00e9e au logement est attribu\u00e9e sous conditions de ressources et conform\u00e9ment \u00e0 certains plafonds variant en fonction de la composition de votre foyer et du lieu de votre logement.<\/p>\n\n<div class=\"wpdt-c row wpDataTableContainerSimpleTable wpDataTables wpDataTablesWrapper\n\"\n    >\n    <table id=\"wpdtSimpleTable-145\"\n           class=\"wpdtSimpleTable wpDataTable\"\n           data-column=\"2\"\n           data-rows=\"10\"\n           data-wpID=\"145\"\n           data-responsive=\"0\"\n           data-has-header=\"1\">\n\n                    <thead>        <tr class=\"wpdt-cell-row \" >\n                            <th class=\"wpdt-cell wpdt-bold wpdt-bc-F3F9FE\"\n                                    data-cell-id=\"A1\"\n                data-col-index=\"0\"\n                data-row-index=\"0\"\n                style=\" width:26.151930261519%;                padding:10px;\"\n                >\n                                Composition du foyer                <\/th>\n                                            <th class=\"wpdt-cell wpdt-bold wpdt-bc-F3F9FE\"\n                                    data-cell-id=\"B1\"\n                data-col-index=\"1\"\n                data-row-index=\"0\"\n                style=\" width:73.848069738481%;                padding:10px;\"\n                >\n                                Plafonds de ressources (en \u20ac) \u00e0 ne pas d\u00e9passer pour toucher le montant maximal d'APL en 2026                <\/th>\n                                        <\/tr>\n                    <tbody>        <tr class=\"wpdt-cell-row \" >\n                            <td class=\"wpdt-cell wpdt-bold wpdt-bc-F3F9FE\"\n                                    data-cell-id=\"A2\"\n                data-col-index=\"0\"\n                data-row-index=\"1\"\n                style=\"                padding:10px;\"\n                >\n                                Personne seule                <\/td>\n                                            <td class=\"wpdt-cell wpdt-bc-FFFFFF\"\n                                    data-cell-id=\"B2\"\n                data-col-index=\"1\"\n                data-row-index=\"1\"\n                style=\"                padding:10px;\"\n                >\n                                5 235                <\/td>\n                                        <\/tr>\n                            <tr class=\"wpdt-cell-row \" >\n                            <td class=\"wpdt-cell wpdt-bold wpdt-bc-F3F9FE\"\n                                    data-cell-id=\"A3\"\n                data-col-index=\"0\"\n                data-row-index=\"2\"\n                style=\"                padding:10px;\"\n                >\n                                Couple sans personne \u00e0 charge                <\/td>\n                                            <td class=\"wpdt-cell wpdt-bc-FFFFFF\"\n                                    data-cell-id=\"B3\"\n                data-col-index=\"1\"\n                data-row-index=\"2\"\n                style=\"                padding:10px;\"\n                >\n                                7 501                <\/td>\n                                        <\/tr>\n                            <tr class=\"wpdt-cell-row \" >\n                            <td class=\"wpdt-cell wpdt-bold wpdt-bc-F3F9FE\"\n                                    data-cell-id=\"A4\"\n                data-col-index=\"0\"\n                data-row-index=\"3\"\n                style=\"                padding:10px;\"\n                >\n                                Personne seule ou couple avec une personne \u00e0 charge                <\/td>\n                                            <td class=\"wpdt-cell wpdt-bc-FFFFFF\"\n                                    data-cell-id=\"B4\"\n                data-col-index=\"1\"\n                data-row-index=\"3\"\n                style=\"                padding:10px;\"\n                >\n                                8 947                <\/td>\n                                        <\/tr>\n                            <tr class=\"wpdt-cell-row \" >\n                            <td class=\"wpdt-cell wpdt-bold wpdt-bc-F3F9FE\"\n                                    data-cell-id=\"A5\"\n                data-col-index=\"0\"\n                data-row-index=\"4\"\n                style=\"                padding:10px;\"\n                >\n                                Personne seule ou couple ayant 2 personnes \u00e0 charge                <\/td>\n                                            <td class=\"wpdt-cell wpdt-bc-FFFFFF\"\n                                    data-cell-id=\"B5\"\n                data-col-index=\"1\"\n                data-row-index=\"4\"\n                style=\"                padding:10px;\"\n                >\n                                9 148                <\/td>\n                                        <\/tr>\n                            <tr class=\"wpdt-cell-row \" >\n                            <td class=\"wpdt-cell wpdt-bold wpdt-bc-F3F9FE\"\n                                    data-cell-id=\"A6\"\n                data-col-index=\"0\"\n                data-row-index=\"5\"\n                style=\"                padding:10px;\"\n                >\n                                Personne seule ou couple ayant 3 personnes \u00e0 charge                <\/td>\n                                            <td class=\"wpdt-cell wpdt-bc-FFFFFF\"\n                                    data-cell-id=\"B6\"\n                data-col-index=\"1\"\n                data-row-index=\"5\"\n                style=\"                padding:10px;\"\n                >\n                                9 498                <\/td>\n                                        <\/tr>\n                            <tr class=\"wpdt-cell-row \" >\n                            <td class=\"wpdt-cell wpdt-bold wpdt-bc-F3F9FE\"\n                                    data-cell-id=\"A7\"\n                data-col-index=\"0\"\n                data-row-index=\"6\"\n                style=\"                padding:10px;\"\n                >\n                                Personne seule ou couple ayant 4 personnes \u00e0 charge                <\/td>\n                                            <td class=\"wpdt-cell wpdt-bc-FFFFFF\"\n                                    data-cell-id=\"B7\"\n                data-col-index=\"1\"\n                data-row-index=\"6\"\n                style=\"                padding:10px;\"\n                >\n                                9 851                <\/td>\n                                        <\/tr>\n                            <tr class=\"wpdt-cell-row \" >\n                            <td class=\"wpdt-cell wpdt-bold wpdt-bc-F3F9FE\"\n                                    data-cell-id=\"A8\"\n                data-col-index=\"0\"\n                data-row-index=\"7\"\n                style=\"                padding:10px;\"\n                >\n                                Personne seule ou couple ayant 5 personnes \u00e0 charge                <\/td>\n                                            <td class=\"wpdt-cell wpdt-bc-FFFFFF\"\n                                    data-cell-id=\"B8\"\n                data-col-index=\"1\"\n                data-row-index=\"7\"\n                style=\"                padding:10px;\"\n                >\n                                10 202                <\/td>\n                                        <\/tr>\n                            <tr class=\"wpdt-cell-row \" >\n                            <td class=\"wpdt-cell wpdt-bold wpdt-bc-F3F9FE\"\n                                    data-cell-id=\"A9\"\n                data-col-index=\"0\"\n                data-row-index=\"8\"\n                style=\"                padding:10px;\"\n                >\n                                Personne seule ou couple ayant 6 personnes \u00e0 charge                <\/td>\n                                            <td class=\"wpdt-cell wpdt-bc-FFFFFF\"\n                                    data-cell-id=\"B9\"\n                data-col-index=\"1\"\n                data-row-index=\"8\"\n                style=\"                padding:10px;\"\n                >\n                                10 554                <\/td>\n                                        <\/tr>\n                            <tr class=\"wpdt-cell-row \" >\n                            <td class=\"wpdt-cell wpdt-bold wpdt-bc-F3F9FE\"\n                                    data-cell-id=\"A10\"\n                data-col-index=\"0\"\n                data-row-index=\"9\"\n                style=\"                padding:10px;\"\n                >\n                                Par personne \u00e0 charge suppl\u00e9mentaire                <\/td>\n                                            <td class=\"wpdt-cell wpdt-bc-FFFFFF\"\n                                    data-cell-id=\"B10\"\n                data-col-index=\"1\"\n                data-row-index=\"9\"\n                style=\"                padding:10px;\"\n                >\n                                + 346                <\/td>\n                                        <\/tr>\n                    <\/table>\n<\/div><style id='wpdt-custom-style-145'>\ntable#wpdtSimpleTable-145{ table-layout: fixed !important; }\n.wpdt-bc-F3F9FE { background-color: #F3F9FE !important;}\n.wpdt-bc-FFFFFF { background-color: #FFFFFF !important;}\n<\/style>\n\n<p style=\"text-align: justify;\">Pour d\u00e9terminer le droit \u00e0 l\u2019APL<strong>, <\/strong>ce sont les ressources nettes imposables des 12 derniers mois qui sont prises en compte. Elles sont r\u00e9cup\u00e9r\u00e9es automatiquement par la CAF (ou la MSA) tous les 3 mois. S\u2019il s\u2019agit d\u2019une colocation, les revenus de tous les locataires sont pris en compte.<\/p>\n<h2>Comment demander l&rsquo;APL ?<\/h2>\n<p class=\"amp-wp-7d27179\" style=\"text-align: justify;\" data-amp-original-style=\"text-align: justify;\">Avant de d\u00e9poser votre dossier, il est possible de faire une simulation d&rsquo;APL, afin de vous permettre de savoir si vous avez droit \u00e0 une allocation logement et le montant que vous pourriez obtenir.\u00a0La demande d\u2019aide personnalis\u00e9e au logement se fait uniquement en ligne aupr\u00e8s de la CAF ou de la MSA, en fonction de l\u2019organisme dont vous d\u00e9pendez en termes de protection sociale doit \u00eatre effectu\u00e9e d\u00e8s l\u2019entr\u00e9e dans le logement.<\/p>\n<p style=\"text-align: justify;\" data-amp-original-style=\"text-align: justify;\">Si vous n\u2019avez pas acc\u00e8s \u00e0 une connexion internet ou si vous rencontrez des difficult\u00e9s, vous pouvez vous rendre directement dans un point d\u2019accueil de la CAF afin de proc\u00e9der \u00e0 votre demande d\u2019aide personnalis\u00e9e au logement en ligne.<\/p>\n<p><span class=\"notion-enable-hover\" data-token-index=\"0\" data-reactroot=\"\"><div class='cta-block'><div class='text'>Simulez vos APL en 2 min.<\/div><a href='https:\/\/www.mes-allocs.fr\/ab-app?origin=guides\/wp-json\/wp\/v2\/posts\/44620' class='app-button fit'>Simulation gratuite<\/a><\/div><\/span>.<\/p>\n","protected":false},"excerpt":{"rendered":"<p>[Mis \u00e0 jour le 07\/01\/2026] Vous envisagez de d\u00e9m\u00e9nager pour continuer vos \u00e9tudes ou votre profession dans une autre ville et vous recherchez un logement confortable avec des services annexes ? L&rsquo;appart&rsquo;h\u00f4tel semble \u00eatre le compromis. Un cumul est-il possible entre les aides au logement comme les APL et un appart&rsquo;h\u00f4tel ? C&rsquo;est quoi un [&hellip;]<\/p>\n","protected":false},"author":14,"featured_media":44633,"comment_status":"open","ping_status":"open","sticky":false,"template":"","format":"standard","meta":{"amp_status":"","footnotes":""},"categories":[1,4,16297],"tags":[],"class_list":["post-44620","post","type-post","status-publish","format-standard","has-post-thumbnail","hentry","category-aide-logement","category-apl","category-logements-eligibles-apl"],"yoast_head":"<!-- This site is optimized with the Yoast SEO plugin v14.9 - https:\/\/yoast.com\/wordpress\/plugins\/seo\/ -->\n<title>APL et Appart hotel : cumul possible ? | Mes-Allocs.fr<\/title>\n<meta name=\"description\" content=\"L&#039;appart h\u00f4tel est un appartement enti\u00e8rement meubl\u00e9, \u00e9ligible \u00e0 l&#039;APL sous conditions. Comment cumuler appart hotel et APL ?\" \/>\n<meta name=\"robots\" content=\"index, follow, max-snippet:-1, max-image-preview:large, max-video-preview:-1\" \/>\n<link rel=\"canonical\" href=\"https:\/\/www.mes-allocs.fr\/guides\/aide-logement\/apl\/logements-eligibles-apl\/appart-hotel-apl\/\" \/>\n<meta property=\"og:locale\" content=\"fr_FR\" \/>\n<meta property=\"og:type\" content=\"article\" \/>\n<meta property=\"og:title\" content=\"APL et Appart hotel : cumul possible ? | Mes-Allocs.fr\" \/>\n<meta property=\"og:description\" content=\"L&#039;appart h\u00f4tel est un appartement enti\u00e8rement meubl\u00e9, \u00e9ligible \u00e0 l&#039;APL sous conditions. Comment cumuler appart hotel et APL ?\" \/>\n<meta property=\"og:url\" content=\"https:\/\/www.mes-allocs.fr\/guides\/aide-logement\/apl\/logements-eligibles-apl\/appart-hotel-apl\/\" \/>\n<meta property=\"og:site_name\" content=\"Mes-Allocs.fr\" \/>\n<meta property=\"article:published_time\" content=\"2022-02-11T14:56:20+00:00\" \/>\n<meta property=\"article:modified_time\" content=\"2026-01-07T17:24:59+00:00\" \/>\n<meta property=\"og:image\" content=\"https:\/\/www.mes-allocs.fr\/guides\/wp-content\/uploads\/2022\/02\/APL-et-Appart-hotel-cumul-possible-.jpg?wsr\" \/>\n\t<meta property=\"og:image:width\" content=\"1280\" \/>\n\t<meta property=\"og:image:height\" content=\"755\" \/>\n<meta name=\"twitter:card\" content=\"summary_large_image\" \/>\n<script type=\"application\/ld+json\" class=\"yoast-schema-graph\">{\"@context\":\"https:\/\/schema.org\",\"@graph\":[{\"@type\":\"WebSite\",\"@id\":\"https:\/\/www.mes-allocs.fr\/guides\/#website\",\"url\":\"https:\/\/www.mes-allocs.fr\/guides\/\",\"name\":\"Mes-Allocs.fr\",\"description\":\"\",\"potentialAction\":[{\"@type\":\"SearchAction\",\"target\":\"https:\/\/www.mes-allocs.fr\/guides\/?s={search_term_string}\",\"query-input\":\"required name=search_term_string\"}],\"inLanguage\":\"fr-FR\"},{\"@type\":\"ImageObject\",\"@id\":\"https:\/\/www.mes-allocs.fr\/guides\/aide-logement\/apl\/logements-eligibles-apl\/appart-hotel-apl\/#primaryimage\",\"inLanguage\":\"fr-FR\",\"url\":\"https:\/\/www.mes-allocs.fr\/guides\/wp-content\/uploads\/2022\/02\/APL-et-Appart-hotel-cumul-possible-.jpg?wsr\",\"width\":1280,\"height\":755,\"caption\":\"APL et Appart hotel cumul possible\"},{\"@type\":\"WebPage\",\"@id\":\"https:\/\/www.mes-allocs.fr\/guides\/aide-logement\/apl\/logements-eligibles-apl\/appart-hotel-apl\/#webpage\",\"url\":\"https:\/\/www.mes-allocs.fr\/guides\/aide-logement\/apl\/logements-eligibles-apl\/appart-hotel-apl\/\",\"name\":\"APL et Appart hotel : cumul possible ? | Mes-Allocs.fr\",\"isPartOf\":{\"@id\":\"https:\/\/www.mes-allocs.fr\/guides\/#website\"},\"primaryImageOfPage\":{\"@id\":\"https:\/\/www.mes-allocs.fr\/guides\/aide-logement\/apl\/logements-eligibles-apl\/appart-hotel-apl\/#primaryimage\"},\"datePublished\":\"2022-02-11T14:56:20+00:00\",\"dateModified\":\"2026-01-07T17:24:59+00:00\",\"author\":{\"@id\":\"https:\/\/www.mes-allocs.fr\/guides\/#\/schema\/person\/a3de97298fd0ffc005ebdd5628b03ca8\"},\"description\":\"L'appart h\\u00f4tel est un appartement enti\\u00e8rement meubl\\u00e9, \\u00e9ligible \\u00e0 l'APL sous conditions. Comment cumuler appart hotel et APL ?\",\"inLanguage\":\"fr-FR\"},{\"@type\":\"Person\",\"@id\":\"https:\/\/www.mes-allocs.fr\/guides\/#\/schema\/person\/a3de97298fd0ffc005ebdd5628b03ca8\",\"name\":\"Marina Ada Ondo\",\"image\":{\"@type\":\"ImageObject\",\"@id\":\"https:\/\/www.mes-allocs.fr\/guides\/#personlogo\",\"inLanguage\":\"fr-FR\",\"url\":\"https:\/\/www.mes-allocs.fr\/guides\/wp-content\/uploads\/2022\/02\/Photo-de-profil-150x150.png\",\"caption\":\"Marina Ada Ondo\"},\"description\":\"Marina est r\\u00e9dactrice au sein de l'\\u00e9quipe Mes Allocs, sp\\u00e9cialis\\u00e9e sur les aides aux jeunes. Dipl\\u00f4m\\u00e9e de l'ISFJ, elle rejoint Mes Allocs apr\\u00e8s une premi\\u00e8re exp\\u00e9rience en communication chez Little Africa, une agence de communication \\u00e0 Paris. Sur son temps libre, Marina lit beaucoup et passe ses dimanches au mus\\u00e9e.\",\"sameAs\":[\"https:\/\/www.linkedin.com\/in\/marinaadaondo\/\"]}]}<\/script>\n<!-- \/ Yoast SEO plugin. -->","amp_validity":null,"acf":{"faq":{"1":{"question":"\ud83e\udd14 Puis-je avoir l'APL en Etant propri\u00e9taire ?","answer":"En tant que propri\u00e9taire, il est possible de percevoir l'APL. Cependant, les conditions sont strictes : Vous devez avoir souscrit un pr\u00eat conventionn\u00e9 avant le 1er janvier 2020. De plus, votre achat immobilier doit concerner un logement ancien situ\u00e9 en zone 3."},"2":{"question":"\ud83e\uddd0 Comment maximiser APL ?","answer":"L'allocation logement n'est pas vers\u00e9e lors du 1er mois civil suivant l'emm\u00e9nagement. Si on y r\u00e9fl\u00e9chit un peu, cela veut dire qu'il vaut mieux avancer la date de l'emm\u00e9nagement pour toucher un mois d'APL suppl\u00e9mentaire."},"3":{"question":"\ud83e\udd1d Quel appartement pour APL ?","answer":"Les logements de type priv\u00e9 sont en d\u00e9finitive tr\u00e8s peu \u00e9ligibles \u00e0 l'APL.Tous types d\u2019h\u00e9bergement peuvent vous permettre de b\u00e9n\u00e9ficier d\u2019une aide au logement :\r\n- Une location meubl\u00e9e ou non meubl\u00e9e\r\n- Une colocation\r\n- Une sous-location\r\n- Une location interg\u00e9n\u00e9rationnelle\r\n- Une r\u00e9sidence universitaire\r\n- Un h\u00f4tel\r\n- Une pension de famille"},"4":{"question":"\ud83e\udd37\u200d\u2640\ufe0f Qui peut toucher APL ?","answer":"L'Aide Personnalis\u00e9e au Logement peut \u00eatre attribu\u00e9e quelle que soit la composition de la famille et quelle que soit votre situation professionnelle."},"5":{"question":"\ud83e\udd13 Comment avoir les APL en \u00e9tant propri\u00e9taire en 2026 ?","answer":"En 2026, il n'est plus possible de b\u00e9n\u00e9ficier des APL en tant que propri\u00e9taire-occupant. "},"6":{"question":"","answer":""},"7":{"question":"","answer":""},"8":{"question":"","answer":""},"9":{"question":"","answer":""},"10":{"question":"","answer":""},"11":{"question":"","answer":""},"12":{"question":"","answer":""},"13":{"question":"","answer":""},"14":{"question":"","answer":""},"15":{"question":"","answer":""},"16":{"question":"","answer":""}}},"_links":{"self":[{"href":"https:\/\/www.mes-allocs.fr\/guides\/wp-json\/wp\/v2\/posts\/44620","targetHints":{"allow":["GET"]}}],"collection":[{"href":"https:\/\/www.mes-allocs.fr\/guides\/wp-json\/wp\/v2\/posts"}],"about":[{"href":"https:\/\/www.mes-allocs.fr\/guides\/wp-json\/wp\/v2\/types\/post"}],"author":[{"embeddable":true,"href":"https:\/\/www.mes-allocs.fr\/guides\/wp-json\/wp\/v2\/users\/14"}],"replies":[{"embeddable":true,"href":"https:\/\/www.mes-allocs.fr\/guides\/wp-json\/wp\/v2\/comments?post=44620"}],"version-history":[{"count":14,"href":"https:\/\/www.mes-allocs.fr\/guides\/wp-json\/wp\/v2\/posts\/44620\/revisions"}],"predecessor-version":[{"id":107149,"href":"https:\/\/www.mes-allocs.fr\/guides\/wp-json\/wp\/v2\/posts\/44620\/revisions\/107149"}],"wp:featuredmedia":[{"embeddable":true,"href":"https:\/\/www.mes-allocs.fr\/guides\/wp-json\/wp\/v2\/media\/44633"}],"wp:attachment":[{"href":"https:\/\/www.mes-allocs.fr\/guides\/wp-json\/wp\/v2\/media?parent=44620"}],"wp:term":[{"taxonomy":"category","embeddable":true,"href":"https:\/\/www.mes-allocs.fr\/guides\/wp-json\/wp\/v2\/categories?post=44620"},{"taxonomy":"post_tag","embeddable":true,"href":"https:\/\/www.mes-allocs.fr\/guides\/wp-json\/wp\/v2\/tags?post=44620"}],"curies":[{"name":"wp","href":"https:\/\/api.w.org\/{rel}","templated":true}]}}