{"id":44580,"date":"2022-02-28T13:09:52","date_gmt":"2022-02-28T11:09:52","guid":{"rendered":"https:\/\/www.mes-allocs.fr\/guides\/?p=44580"},"modified":"2026-01-29T16:50:27","modified_gmt":"2026-01-29T15:50:27","slug":"delai-traitement-mobili-jeune","status":"publish","type":"post","link":"https:\/\/www.mes-allocs.fr\/guides\/aide-mobilite\/mobili-jeune\/demande-mobili-jeune\/delai-traitement-mobili-jeune\/","title":{"rendered":"Quel est le d\u00e9lai de r\u00e9ponse de Mobili-Jeune ?"},"content":{"rendered":"<p><img loading=\"lazy\" decoding=\"async\" class=\"alignnone wp-image-44592 size-full\" title=\"Quel est le delai de reponse de laide mobili jeune\" src=\"https:\/\/www.mes-allocs.fr\/guides\/wp-content\/uploads\/2022\/02\/Quel-est-le-delai-de-reponse-de-laide-mobili-jeune--e1643997920662.jpg\" alt=\"Quel est le delai de reponse de laide mobili jeune\" width=\"1280\" height=\"438\" srcset=\"https:\/\/www.mes-allocs.fr\/guides\/wp-content\/uploads\/2022\/02\/Quel-est-le-delai-de-reponse-de-laide-mobili-jeune--e1643997920662.jpg 1280w, https:\/\/www.mes-allocs.fr\/guides\/wp-content\/uploads\/2022\/02\/Quel-est-le-delai-de-reponse-de-laide-mobili-jeune--e1643997920662-300x103.jpg 300w, https:\/\/www.mes-allocs.fr\/guides\/wp-content\/uploads\/2022\/02\/Quel-est-le-delai-de-reponse-de-laide-mobili-jeune--e1643997920662-1024x350.jpg 1024w, https:\/\/www.mes-allocs.fr\/guides\/wp-content\/uploads\/2022\/02\/Quel-est-le-delai-de-reponse-de-laide-mobili-jeune--e1643997920662-768x263.jpg 768w, https:\/\/www.mes-allocs.fr\/guides\/wp-content\/uploads\/2022\/02\/Quel-est-le-delai-de-reponse-de-laide-mobili-jeune--e1643997920662-600x205.jpg 600w\" sizes=\"auto, (max-width: 1280px) 100vw, 1280px\" \/><\/p>\n<p>[Mis \u00e0 jour le 29\/01\/2026] L\u2019aide Mobili-Jeune est une <a href=\"https:\/\/www.mes-allocs.fr\/guides\/aide-mobilite\">aide \u00e0 la mobilit\u00e9<\/a> vers\u00e9e aux alternants, en apprentissage ou en contrat de professionnalisation, durant leurs ann\u00e9es de formation afin de les aider \u00e0 payer leur loyer. Alors quel est le d\u00e9lai de r\u00e9ponse pour votre demande d&rsquo;aide Mobili-Jeune ?<\/p>\n<div class='cta-block'><div class='text'>Simulez toutes vos aides en 2 min.<\/div><a href='https:\/\/www.mes-allocs.fr\/ab-app?origin=guides\/wp-json\/wp\/v2\/posts\/44580' class='app-button fit'>Simulation gratuite<\/a><\/div>\n<h1>Quel est le d\u00e9lai de r\u00e9ponse de l&rsquo;aide Mobili-Jeune ?<\/h1>\n<p style=\"text-align: justify;\"><b>Votre \u00e9ligibilit\u00e9 \u00e0 l&rsquo;aide Mobili-Jeune vous sera communiqu\u00e9 par mail sous 8 jours.<\/b>\u00a0\u00c0 d\u00e9faut de r\u00e9ponse au-del\u00e0 de ce d\u00e9lai, l&rsquo;aide est consid\u00e9r\u00e9e comme accord\u00e9e. En cas de refus, il est possible de contester la d\u00e9cision.<\/p>\n<h1 style=\"text-align: justify;\"><b><\/b>Qu&rsquo;est-ce que l&rsquo;aide Mobili-Jeune ?<\/h1>\n<p style=\"text-align: justify;\">Les jeunes de moins de 30 ans, salari\u00e9s ou en formation en alternance, peuvent b\u00e9n\u00e9ficier d&rsquo;une aide compl\u00e9mentaire au paiement du loyer. Si vous percevez une aide au logement de la CAF, l\u2019aide <a href=\"https:\/\/www.mes-allocs.fr\/guides\/aide-mobilite\/mobili-jeune\">Mobili-Jeune<\/a> vient s\u2019accumuler. L&rsquo;aide Mobili-Jeune a pour objectif de faciliter la prise en charge d&rsquo;un loyer lorsque l&rsquo;\u00e9tudiant doit d\u00e9m\u00e9nager dans le cadre de sa formation par exemple.<\/p>\n<h2 id=\"Quelles_sont_les_conditions_pour_b\u00e9n\u00e9ficier_de_Mobili_Jeune_?\">Quelles sont les conditions pour b\u00e9n\u00e9ficier de Mobili-Jeune ?<\/h2>\n<p><b>Pour \u00eatre \u00e9ligible \u00e0 l&rsquo;aide Mobili-Jeune, le demandeur doit remplir les conditions suivantes :<\/b><\/p>\n<ul>\n<li>\u00catre \u00e2g\u00e9 de\u00a0moins de 30 ans<\/li>\n<li>\u00catre\u00a0un contrat d\u2019apprentissage ou de contrat de professionnalisation dans une entreprise<\/li>\n<li>\u00catre salari\u00e9 dans une entreprise du secteur priv\u00e9 et non agricole<\/li>\n<li>Ne pas avoir un dossier Mobili-Jeune en cours chez Action Logement<\/li>\n<li>Avoir un salaire mensuel brut inf\u00e9rieur ou \u00e9gal \u00e0 80% du SMIC<\/li>\n<li>D\u00e9poser votre demande 3 mois avant la date du d\u00e9but de votre formation ou 3 mois apr\u00e8s le d\u00e9but de la date d\u2019ex\u00e9cution du contrat d\u2019alternance<\/li>\n<li>\u00catre locataire ou colocataire durant votre formation<\/li>\n<li>Avoir une date d\u2019effet de votre bail 3 mois avant ou 3 mois apr\u00e8s la date d\u2019ex\u00e9cution de votre contrat d\u2019alternance<\/li>\n<li>Changer de r\u00e9sidence principale pour vous rapprocher de votre lieu de travail. Deux cas sont possibles :\n<ul class=\"list--check\">\n<li>Votre nouveau logement est \u00e0 plus de 70km de votre ancienne adresse, ou \u00e0 d\u00e9faut, votre temps de trajet est sup\u00e9rieur \u00e0 40 minutes entre ces deux adresses (v\u00e9hicules motoris\u00e9s et immatricul\u00e9s, transports en commun)<\/li>\n<li>Vous justifiez d\u2019une double charge de loyer (c\u2019est-\u00e0-dire que, sur la m\u00eame p\u00e9riode, vous occupez deux logements)<\/li>\n<\/ul>\n<\/li>\n<\/ul>\n<p><b>Afin de b\u00e9n\u00e9ficier de l aide, le logement doit aussi correspondre \u00e0 l&rsquo;un des crit\u00e8res suivants :<\/b><\/p>\n<p><img loading=\"lazy\" decoding=\"async\" class=\"size-medium wp-image-44606 alignright\" title=\"Quelles sont les conditions pour beneficier de mobili jeune\" src=\"https:\/\/www.mes-allocs.fr\/guides\/wp-content\/uploads\/2022\/02\/Quelles-sont-les-conditions-pour-beneficier-de-mobili-jeune-300x193.jpg\" alt=\"Quelles sont les conditions pour beneficier de mobili jeune\" width=\"300\" height=\"193\" srcset=\"https:\/\/www.mes-allocs.fr\/guides\/wp-content\/uploads\/2022\/02\/Quelles-sont-les-conditions-pour-beneficier-de-mobili-jeune-300x193.jpg 300w, https:\/\/www.mes-allocs.fr\/guides\/wp-content\/uploads\/2022\/02\/Quelles-sont-les-conditions-pour-beneficier-de-mobili-jeune-1024x660.jpg 1024w, https:\/\/www.mes-allocs.fr\/guides\/wp-content\/uploads\/2022\/02\/Quelles-sont-les-conditions-pour-beneficier-de-mobili-jeune-768x495.jpg 768w, https:\/\/www.mes-allocs.fr\/guides\/wp-content\/uploads\/2022\/02\/Quelles-sont-les-conditions-pour-beneficier-de-mobili-jeune-600x387.jpg 600w, https:\/\/www.mes-allocs.fr\/guides\/wp-content\/uploads\/2022\/02\/Quelles-sont-les-conditions-pour-beneficier-de-mobili-jeune.jpg 1280w\" sizes=\"auto, (max-width: 300px) 100vw, 300px\" \/><\/p>\n<ul>\n<li>Avoir \u00e9t\u00e9 sign\u00e9 pour une colocation : la prise en charge Mobili-Jeune sera fera sur la part du loyer \u00e0 la charge du demandeur<\/li>\n<li>Les logements vides ou meubl\u00e9s sont accept\u00e9s<\/li>\n<li>Avoir une place dans un logement-foyer ou une r\u00e9sidence sociale<\/li>\n<li>Avoir un contrat de sous-location (seulement dans le cas d\u2019un logement social)<\/li>\n<li>Avoir une chambre en internat<\/li>\n<\/ul>\n<p><b>Il faut savoir que les chambres d\u2019h\u00f4tes ou les g\u00eetes ne sont pas \u00e9ligibles \u00e0 l\u2019aide Mobili-Jeune.<\/b><\/p>\n<h2 id=\"Quel_est_le_montant_de_l\u2019aide_Mobili_Jeune_?_Quand_est-elle_vers\u00e9e_?\">Quel est le montant de l\u2019aide Mobili-Jeune ?<\/h2>\n<p style=\"text-align: justify;\">Le montant de l&rsquo;aide varie de 10 euros \u00e0 100 maximum par mois. Elle compl\u00e8te l&rsquo;Aide Personnalis\u00e9e au Logement et permet de r\u00e9duire le montant du loyer. La signature du bail doit \u00eatre li\u00e9e \u00e0 la p\u00e9riode de formation et doit avoir pour objectif de se rapprocher du lieu d\u2019\u00e9tude ou de travail.<\/p>\n<p style=\"text-align: justify;\"><i>Par exemple : <b>vous louez un logement pour 300 euros par mois. La Caisse d&rsquo;Allocations Familiales vous verse 100 euros d&rsquo;APL chaque mois et dans le cadre de l\u2019aide Mobili-Jeune, 100 euros vous sont accord\u00e9s. Il ne vous restera donc que 100 euros de loyer.\u00a0<\/b><\/i><\/p>\n<h2 id=\"Comment_faire_une_demande_de_Mobili_:_Votre_dossier_en_ligne\">Comment faire une demande de Mobili-Jeune ?<\/h2>\n<p>Vous disposez de 3 mois avant le d\u00e9marrage en formation ou de 3 mois suivant l&rsquo;entr\u00e9e en formation pour r\u00e9aliser votre dossier Mobili-Jeune. Il n&rsquo;est pas n\u00e9cessaire que votre demande porte sur la premi\u00e8re ann\u00e9e de formation.<\/p>\n<p><b>La demande d aide Mobili-Jeune se fait en ligne sur \u00ab\u00a0Action Logement Mobili-Jeune\u00a0\u00bb<\/b> :<\/p>\n<ul>\n<li>Se rendre sur la page d&rsquo;accueil<\/li>\n<li>Cliquez sur \u00ab\u00a0Tester mon \u00e9ligibilit\u00e9 et faire ma demande en ligne\u00a0\u00bb<\/li>\n<li>R\u00e9pondre aux 8 questions qui seront pos\u00e9es<\/li>\n<li>Attendre les r\u00e9sultats de votre simulation<\/li>\n<li>Il ne vous reste plus qu&rsquo;\u00e0 cr\u00e9er votre compte pour finaliser la demande<\/li>\n<\/ul>\n<p>Il ne s&rsquo;agit pas d&rsquo;une aide reconductible automatiquement. \u00c0 la fin de l\u2019ann\u00e9e de formation pour laquelle vous avez per\u00e7u le versement de l\u2019aide au logement Mobili-Jeune, une nouvelle demande doit \u00eatre faite.<\/p>\n<p><b>En cas de probl\u00e8me, vous pouvez contacter l&rsquo;aide <a href=\"https:\/\/mobilijeune.actionlogement.fr\/dashboard\">Mobili-Jeune<\/a> via le formulaire de contact accessible sur le site internet.<\/b><\/p>\n<div class='cta-block'><div class='text'>Simulez toutes vos aides en 2 min.<\/div><a href='https:\/\/www.mes-allocs.fr\/ab-app?origin=guides\/wp-json\/wp\/v2\/posts\/44580' class='app-button fit'>Simulation gratuite<\/a><\/div>\n<p><iframe loading=\"lazy\" title=\"L&#039;aide Mobili jeune\" width=\"500\" height=\"281\" src=\"https:\/\/www.youtube.com\/embed\/tu3qdMGINEM?feature=oembed\" frameborder=\"0\" allow=\"accelerometer; autoplay; clipboard-write; encrypted-media; gyroscope; picture-in-picture; web-share\" referrerpolicy=\"strict-origin-when-cross-origin\" allowfullscreen><\/iframe><\/p>\n<h1>La Garantie Visale<\/h1>\n<p>Depuis le 11 mai 2019, il n\u2019est plus possible d\u2019obtenir le d\u00e9p\u00f4t de Garantie ou avance Loca Pass. Ce dispositif est remplac\u00e9 par la Garantie Visale.<\/p>\n<p>La Garantie Visale est un syst\u00e8me de\u00a0cautionnement gratuit qui garantit les loyers et charges impay\u00e9s d&rsquo;un locataire\u00a0pendant toute la dur\u00e9e du bail et jusqu\u2019\u00e0 36 mois d\u2019impay\u00e9s.\u00a0La garantie prend<span class=\"amp-wp-cc68ddc\" data-amp-original-style=\"color: #ff0000;\">\u00a0le relais pour payer le propri\u00e9taire en temps et en heure<\/span>.<\/p>\n<p><img loading=\"lazy\" decoding=\"async\" class=\"size-medium wp-image-44607 alignright\" title=\"La Garantie Visale\" src=\"https:\/\/www.mes-allocs.fr\/guides\/wp-content\/uploads\/2022\/02\/La-Garantie-Visale-300x169.jpg\" alt=\"La Garantie Visale\" width=\"300\" height=\"169\" srcset=\"https:\/\/www.mes-allocs.fr\/guides\/wp-content\/uploads\/2022\/02\/La-Garantie-Visale-300x169.jpg 300w, https:\/\/www.mes-allocs.fr\/guides\/wp-content\/uploads\/2022\/02\/La-Garantie-Visale-1024x576.jpg 1024w, https:\/\/www.mes-allocs.fr\/guides\/wp-content\/uploads\/2022\/02\/La-Garantie-Visale-768x432.jpg 768w, https:\/\/www.mes-allocs.fr\/guides\/wp-content\/uploads\/2022\/02\/La-Garantie-Visale-600x338.jpg 600w, https:\/\/www.mes-allocs.fr\/guides\/wp-content\/uploads\/2022\/02\/La-Garantie-Visale.jpg 1280w\" sizes=\"auto, (max-width: 300px) 100vw, 300px\" \/><\/p>\n<h2>Qui peut b\u00e9n\u00e9ficier de la garantie Visale ?<\/h2>\n<p><b>Pour \u00eatre \u00e9ligible \u00e0 ce dispositif, vous devez \u00eatre dans une des situations suivantes :<\/b><\/p>\n<ul>\n<li class=\"amp-wp-7d27179\" data-amp-original-style=\"text-align: justify;\">De 18 ans \u00e0 la veille des 31 ans : Le service Visale s\u2019adresse \u00e0 toute personne, quelle que soit sa situation professionnelle<\/li>\n<li class=\"amp-wp-7d27179\" data-amp-original-style=\"text-align: justify;\">Les plus de 30 ans gagnant jusqu\u2019\u00e0 1 710 euros nets par mois : Cela concerne les salari\u00e9s du secteur priv\u00e9 ou agricole sans limite d\u2019\u00e2ge et quel que soit le contrat de travail<\/li>\n<li class=\"amp-wp-7d27179\" data-amp-original-style=\"text-align: justify;\">Les titulaires d\u2019un bail mobilit\u00e9, tels qu\u2019un \u00e9tudiant, un salari\u00e9 en mission temporaire ou en formation professionnelle ont acc\u00e8s \u00e0 la garantie Visale<\/li>\n<li class=\"amp-wp-7d27179\" data-amp-original-style=\"text-align: justify;\">Pour les m\u00e9nages salari\u00e9s ou non : la garantie Visale intervient dans le cas o\u00f9 le bail de location du logement concern\u00e9 est souscrit par une association qui se porte garante (ce que l\u2019on nomme l\u2019interm\u00e9diation locative)<\/li>\n<\/ul>\n<p><b>Votre logement doit aussi correspondre \u00e0 certains crit\u00e8res :<\/b><\/p>\n<ul>\n<li class=\"amp-wp-7d27179\" data-amp-original-style=\"text-align: justify;\">Le logement doit \u00eatre la\u00a0r\u00e9sidence principale\u00a0du locataire<\/li>\n<li class=\"amp-wp-7d27179\" data-amp-original-style=\"text-align: justify;\">Le\u00a0logement doit \u00eatre situ\u00e9 en France, en m\u00e9tropole ou dans un d\u00e9partement ou une r\u00e9gion d\u2019outre-mer<\/li>\n<li class=\"amp-wp-7d27179\" data-amp-original-style=\"text-align: justify;\">Le logement peut \u00eatre lou\u00e9\u00a0vide ou meubl\u00e9<\/li>\n<li class=\"amp-wp-7d27179\" data-amp-original-style=\"text-align: justify;\"><span class=\"amp-wp-cc68ddc\" data-amp-original-style=\"color: #ff0000;\">Le logement doit faire partie du<\/span><span class=\"amp-wp-cc68ddc\" data-amp-original-style=\"color: #ff0000;\"> parc locatif priv\u00e9 ou public<\/span><\/li>\n<\/ul>\n<h2>Quelles sont les conditions de la Garantie Visale pour le bail de location ?<\/h2>\n<p>Il est n\u00e9cessaire que le bail que vous allez signer r\u00e9ponde \u00e0 ces conditions :<\/p>\n<ul>\n<li class=\"amp-wp-7d27179\" data-amp-original-style=\"text-align: justify;\">Il doit \u00eatre en conformit\u00e9 avec la\u00a0loi n\u00b089-462 du 6 juillet 1989\u00a0relative aux contrats de location des biens immobiliers<\/li>\n<li class=\"amp-wp-7d27179\" data-amp-original-style=\"text-align: justify;\">Il ne doit pas exister d\u2019autre caution, personne physique ou assurance<\/li>\n<li class=\"amp-wp-7d27179\" data-amp-original-style=\"text-align: justify;\">Le bail ne peut \u00eatre conclu entre membres d\u2019une m\u00eame famille<\/li>\n<li class=\"amp-wp-7d27179\" data-amp-original-style=\"text-align: justify;\">Dans le cas d\u2019une colocation, le bail doit \u00eatre individualis\u00e9 pour chaque colocataire<\/li>\n<li class=\"amp-wp-7d27179\" data-amp-original-style=\"text-align: justify;\">Le loyer, toutes charges comprises, est inf\u00e9rieur ou \u00e9gal \u00e0 1 365 \u20ac (1 575 \u20ac dans les agglom\u00e9rations de plus de 100 000 habitants et 1 945 \u20ac en \u00cele-de-France)<\/li>\n<\/ul>\n<p>Dans tous les cas,\u00a0<strong>l<\/strong><b>e bail est sign\u00e9 apr\u00e8s l\u2019obtention de la garantie Visale<\/b>, et avant la fin de validit\u00e9 mentionn\u00e9e sur le visa du locataire.<\/p>\n<h2 id=\"Comment_faire_une_demande_Visale_?_Comment_obtenir_un_garant_?\">Comment faire une demande Visale ?<\/h2>\n<p class=\"amp-wp-7d27179\" data-amp-original-style=\"text-align: justify;\">Acc\u00e9der au dispositif Visale est simple. Il est \u00e0 noter cependant que <span class=\"amp-wp-cc68ddc\" data-amp-original-style=\"color: #ff0000;\"><strong>la d\u00e9marche en ligne est la seule possible<\/strong><\/span>. Elle vous permet si vous \u00eates \u00e9ligible d\u2019obtenir un \u201cVISA logement\u201d qui indiquera \u00e0 votre futur propri\u00e9taire-bailleur le cadre d\u2019application de la garantie.<\/p>\n<p class=\"amp-wp-7d27179\" data-amp-original-style=\"text-align: justify;\">Si vous le souhaitez, vous pouvez tester votre \u00e9ligibilit\u00e9 \u00e0 la <a href=\"https:\/\/site.actionlogement.fr\/eligibilite-visale\/\">Garantie Visale<\/a>.<\/p>\n<p class=\"amp-wp-7d27179\" data-amp-original-style=\"text-align: justify;\"><div class='cta-block'><div class='text'>Simulez toutes vos aides en 2 min.<\/div><a href='https:\/\/www.mes-allocs.fr\/ab-app?origin=guides\/wp-json\/wp\/v2\/posts\/44580' class='app-button fit'>Simulation gratuite<\/a><\/div><\/p>\n","protected":false},"excerpt":{"rendered":"<p>[Mis \u00e0 jour le 29\/01\/2026] L\u2019aide Mobili-Jeune est une aide \u00e0 la mobilit\u00e9 vers\u00e9e aux alternants, en apprentissage ou en contrat de professionnalisation, durant leurs ann\u00e9es de formation afin de les aider \u00e0 payer leur loyer. Alors quel est le d\u00e9lai de r\u00e9ponse pour votre demande d&rsquo;aide Mobili-Jeune ? Quel est le d\u00e9lai de r\u00e9ponse [&hellip;]<\/p>\n","protected":false},"author":14,"featured_media":44608,"comment_status":"open","ping_status":"open","sticky":false,"template":"","format":"standard","meta":{"amp_status":"","footnotes":""},"categories":[29,43549,4163],"tags":[],"class_list":["post-44580","post","type-post","status-publish","format-standard","has-post-thumbnail","hentry","category-aide-mobilite","category-demande-mobili-jeune","category-mobili-jeune"],"yoast_head":"<!-- This site is optimized with the Yoast SEO plugin v14.9 - https:\/\/yoast.com\/wordpress\/plugins\/seo\/ -->\n<title>Quel est le d\u00e9lai de r\u00e9ponse de Mobili-Jeune ? | Mes-Allocs.fr<\/title>\n<meta name=\"description\" content=\"Pour payer le loyers, les jeunes salari\u00e9s ou alternants peuvent compter sur mobili-jeune. Quel est le delai de r\u00e9ponse pour l&#039;aide ?\" \/>\n<meta name=\"robots\" content=\"index, follow, max-snippet:-1, max-image-preview:large, max-video-preview:-1\" \/>\n<link rel=\"canonical\" href=\"https:\/\/www.mes-allocs.fr\/guides\/aide-mobilite\/mobili-jeune\/demande-mobili-jeune\/delai-traitement-mobili-jeune\/\" \/>\n<meta property=\"og:locale\" content=\"fr_FR\" \/>\n<meta property=\"og:type\" content=\"article\" \/>\n<meta property=\"og:title\" content=\"Quel est le d\u00e9lai de r\u00e9ponse de Mobili-Jeune ? | Mes-Allocs.fr\" \/>\n<meta property=\"og:description\" content=\"Pour payer le loyers, les jeunes salari\u00e9s ou alternants peuvent compter sur mobili-jeune. Quel est le delai de r\u00e9ponse pour l&#039;aide ?\" \/>\n<meta property=\"og:url\" content=\"https:\/\/www.mes-allocs.fr\/guides\/aide-mobilite\/mobili-jeune\/demande-mobili-jeune\/delai-traitement-mobili-jeune\/\" \/>\n<meta property=\"og:site_name\" content=\"Mes-Allocs.fr\" \/>\n<meta property=\"article:published_time\" content=\"2022-02-28T11:09:52+00:00\" \/>\n<meta property=\"article:modified_time\" content=\"2026-01-29T15:50:27+00:00\" \/>\n<meta property=\"og:image\" content=\"https:\/\/www.mes-allocs.fr\/guides\/wp-content\/uploads\/2022\/02\/Quel-est-le-delai-de-reponse-de-mobili-jeune-.jpg?wsr\" \/>\n\t<meta property=\"og:image:width\" content=\"1280\" \/>\n\t<meta property=\"og:image:height\" content=\"720\" \/>\n<meta name=\"twitter:card\" content=\"summary_large_image\" \/>\n<script type=\"application\/ld+json\" class=\"yoast-schema-graph\">{\"@context\":\"https:\/\/schema.org\",\"@graph\":[{\"@type\":\"WebSite\",\"@id\":\"https:\/\/www.mes-allocs.fr\/guides\/#website\",\"url\":\"https:\/\/www.mes-allocs.fr\/guides\/\",\"name\":\"Mes-Allocs.fr\",\"description\":\"\",\"potentialAction\":[{\"@type\":\"SearchAction\",\"target\":\"https:\/\/www.mes-allocs.fr\/guides\/?s={search_term_string}\",\"query-input\":\"required name=search_term_string\"}],\"inLanguage\":\"fr-FR\"},{\"@type\":\"ImageObject\",\"@id\":\"https:\/\/www.mes-allocs.fr\/guides\/aide-mobilite\/mobili-jeune\/demande-mobili-jeune\/delai-traitement-mobili-jeune\/#primaryimage\",\"inLanguage\":\"fr-FR\",\"url\":\"https:\/\/www.mes-allocs.fr\/guides\/wp-content\/uploads\/2022\/02\/Quel-est-le-delai-de-reponse-de-mobili-jeune-.jpg?wsr\",\"width\":1280,\"height\":720,\"caption\":\"Quel est le delai de reponse de mobili jeune\"},{\"@type\":\"WebPage\",\"@id\":\"https:\/\/www.mes-allocs.fr\/guides\/aide-mobilite\/mobili-jeune\/demande-mobili-jeune\/delai-traitement-mobili-jeune\/#webpage\",\"url\":\"https:\/\/www.mes-allocs.fr\/guides\/aide-mobilite\/mobili-jeune\/demande-mobili-jeune\/delai-traitement-mobili-jeune\/\",\"name\":\"Quel est le d\\u00e9lai de r\\u00e9ponse de Mobili-Jeune ? | Mes-Allocs.fr\",\"isPartOf\":{\"@id\":\"https:\/\/www.mes-allocs.fr\/guides\/#website\"},\"primaryImageOfPage\":{\"@id\":\"https:\/\/www.mes-allocs.fr\/guides\/aide-mobilite\/mobili-jeune\/demande-mobili-jeune\/delai-traitement-mobili-jeune\/#primaryimage\"},\"datePublished\":\"2022-02-28T11:09:52+00:00\",\"dateModified\":\"2026-01-29T15:50:27+00:00\",\"author\":{\"@id\":\"https:\/\/www.mes-allocs.fr\/guides\/#\/schema\/person\/a3de97298fd0ffc005ebdd5628b03ca8\"},\"description\":\"Pour payer le loyers, les jeunes salari\\u00e9s ou alternants peuvent compter sur mobili-jeune. Quel est le delai de r\\u00e9ponse pour l'aide ?\",\"inLanguage\":\"fr-FR\"},{\"@type\":\"Person\",\"@id\":\"https:\/\/www.mes-allocs.fr\/guides\/#\/schema\/person\/a3de97298fd0ffc005ebdd5628b03ca8\",\"name\":\"Marina Ada Ondo\",\"image\":{\"@type\":\"ImageObject\",\"@id\":\"https:\/\/www.mes-allocs.fr\/guides\/#personlogo\",\"inLanguage\":\"fr-FR\",\"url\":\"https:\/\/www.mes-allocs.fr\/guides\/wp-content\/uploads\/2022\/02\/Photo-de-profil-150x150.png\",\"caption\":\"Marina Ada Ondo\"},\"description\":\"Marina est r\\u00e9dactrice au sein de l'\\u00e9quipe Mes Allocs, sp\\u00e9cialis\\u00e9e sur les aides aux jeunes. Dipl\\u00f4m\\u00e9e de l'ISFJ, elle rejoint Mes Allocs apr\\u00e8s une premi\\u00e8re exp\\u00e9rience en communication chez Little Africa, une agence de communication \\u00e0 Paris. Sur son temps libre, Marina lit beaucoup et passe ses dimanches au mus\\u00e9e.\",\"sameAs\":[\"https:\/\/www.linkedin.com\/in\/marinaadaondo\/\"]}]}<\/script>\n<!-- \/ Yoast SEO plugin. -->","amp_validity":null,"acf":{"faq":{"1":{"question":"Est-ce que l'aide Mobili-Jeune est r\u00e9troactive ?","answer":"Une fois le dossier accept\u00e9, un premier versement est effectu\u00e9. Selon la date de d\u00e9p\u00f4t de dossier, il est possible que ce premier versement repr\u00e9sente six mois du loyer ou de la redevance compte tenu de la r\u00e9troactivit\u00e9.\r\n"},"2":{"question":"Quand est vers\u00e9 l'aide Mobili-Jeune ?","answer":"Selon les besoins, l'aide Mobili-Jeune est vers\u00e9e mensuellement, tous les deux mois ou chaque semestre. Il est possible de modifier le rythme de versement \u00e0 plusieurs reprises au cours de l'ann\u00e9e de formation."},"3":{"question":"Comment contacter Action Logement Mobili jeune ?","answer":"Le groupe Action Logement (qui verse l'aide Mobili-Jeune) est joignable par t\u00e9l\u00e9phone au 0970 800 800 (du lundi au vendredi, de 9h \u00e0 18h30, num\u00e9ro non surtax\u00e9) ou via ce formulaire de contact : https:\/\/www.actionlogement.fr\/poser-votre-question"},"4":{"question":"Pourquoi Mobili jeune ne marche pas ?","answer":"Il est possible que le site soit en maintenance. Il est alors pr\u00e9f\u00e9rable de patienter afin de vous connecter ult\u00e9rieurement. "},"5":{"question":"Quelle est la date d'effet du bail ?","answer":"La date d'effet du bail correspond \u00e0 la date d'entr\u00e9e dans les lieux. Cette date doit \u00eatre mentionn\u00e9e dans le bail, qui peut tr\u00e8s bien \u00eatre sign\u00e9 \u00e0 l'avance.  "},"6":{"question":"","answer":""},"7":{"question":"","answer":""},"8":{"question":"","answer":""},"9":{"question":"","answer":""},"10":{"question":"","answer":""},"11":{"question":"","answer":""},"12":{"question":"","answer":""},"13":{"question":"","answer":""},"14":{"question":"","answer":""},"15":{"question":"","answer":""},"16":{"question":"","answer":""}}},"_links":{"self":[{"href":"https:\/\/www.mes-allocs.fr\/guides\/wp-json\/wp\/v2\/posts\/44580","targetHints":{"allow":["GET"]}}],"collection":[{"href":"https:\/\/www.mes-allocs.fr\/guides\/wp-json\/wp\/v2\/posts"}],"about":[{"href":"https:\/\/www.mes-allocs.fr\/guides\/wp-json\/wp\/v2\/types\/post"}],"author":[{"embeddable":true,"href":"https:\/\/www.mes-allocs.fr\/guides\/wp-json\/wp\/v2\/users\/14"}],"replies":[{"embeddable":true,"href":"https:\/\/www.mes-allocs.fr\/guides\/wp-json\/wp\/v2\/comments?post=44580"}],"version-history":[{"count":18,"href":"https:\/\/www.mes-allocs.fr\/guides\/wp-json\/wp\/v2\/posts\/44580\/revisions"}],"predecessor-version":[{"id":108664,"href":"https:\/\/www.mes-allocs.fr\/guides\/wp-json\/wp\/v2\/posts\/44580\/revisions\/108664"}],"wp:featuredmedia":[{"embeddable":true,"href":"https:\/\/www.mes-allocs.fr\/guides\/wp-json\/wp\/v2\/media\/44608"}],"wp:attachment":[{"href":"https:\/\/www.mes-allocs.fr\/guides\/wp-json\/wp\/v2\/media?parent=44580"}],"wp:term":[{"taxonomy":"category","embeddable":true,"href":"https:\/\/www.mes-allocs.fr\/guides\/wp-json\/wp\/v2\/categories?post=44580"},{"taxonomy":"post_tag","embeddable":true,"href":"https:\/\/www.mes-allocs.fr\/guides\/wp-json\/wp\/v2\/tags?post=44580"}],"curies":[{"name":"wp","href":"https:\/\/api.w.org\/{rel}","templated":true}]}}