{"id":44480,"date":"2022-02-04T17:44:54","date_gmt":"2022-02-04T15:44:54","guid":{"rendered":"https:\/\/www.mes-allocs.fr\/guides\/?p=44480"},"modified":"2025-11-26T14:48:52","modified_gmt":"2025-11-26T13:48:52","slug":"arret-auto-entrepreneur-chomage","status":"publish","type":"post","link":"https:\/\/www.mes-allocs.fr\/guides\/chomage\/droit-au-chomage\/arret-auto-entrepreneur-chomage\/","title":{"rendered":"Arr\u00eat auto-entrepreneur et ch\u00f4mage : est-ce possible ?"},"content":{"rendered":"<p>Lorsque vous d\u00e9cidez de tourner la page et de mettre fin \u00e0 votre activit\u00e9, une question revient souvent : <strong>peut-on fermer son auto-entreprise et toucher le ch\u00f4mage<\/strong> ? C\u2019est une \u00e9tape qui peut \u00eatre charg\u00e9e d\u2019\u00e9motions, avec une baisse de revenus parfois brutale. Il est donc tout \u00e0 fait normal de se demander quelles aides peuvent vous accompagner pendant cette transition. Dans cet article, on fait le point ensemble sur les solutions qui existent et sur vos <a href=\"https:\/\/www.mes-allocs.fr\/guides\/chomage\/droit-au-chomage\/\">droits au ch\u00f4mage<\/a> apr\u00e8s la fermeture de votre micro-entreprise.<\/p>\n<div class='cta-block'><div class='text'>Simulez votre ch\u00f4mage en 2 min.<\/div><a href='https:\/\/www.mes-allocs.fr\/simulation-chomage?origin=guides\/wp-json\/wp\/v2\/posts\/44480' class='app-button fit'>Simulation gratuite<\/a><\/div>\n<h1>Peut-on toucher le ch\u00f4mage apr\u00e8s l\u2019arr\u00eat d\u2019une auto-entreprise ?<\/h1>\n<p><b>Non<\/b>, la fin d\u2019une micro-entreprise n\u2019ouvre pas droit automatiquement au ch\u00f4mage. En effet, un auto-entrepreneur ne cotise pas pour l\u2019assurance ch\u00f4mage. Toutefois, il est possible d&rsquo;\u00eatre indemnis\u00e9 si vous \u00eates dans l&rsquo;un des cas suivant :<\/p>\n<ul>\n<li aria-level=\"1\">Vous aviez d\u00e9j\u00e0 des droits au ch\u00f4mage avant de devenir auto-entrepreneur<\/li>\n<li aria-level=\"1\">Vous \u00eates \u00e9ligible \u00e0 l\u2019Allocation des Travailleurs Ind\u00e9pendants (ATI)<\/li>\n<\/ul>\n<p><iframe loading=\"lazy\" src=\"\/\/www.youtube.com\/embed\/jgv9qS4jh7k\" width=\"853\" height=\"480\" frameborder=\"0\" allowfullscreen=\"allowfullscreen\"><\/iframe><\/p>\n<h1>Ch\u00f4mage apr\u00e8s fermeture micro-entreprise : dans quels cas c\u2019est possible ?<\/h1>\n<h2>Un auto-entrepreneur cotise-t-il au ch\u00f4mage ?<\/h2>\n<p><b>Un auto-entrepreneur ne cotise pas \u00e0 l\u2019assurance ch\u00f4mage<\/b>. Cela signifie que vous ne g\u00e9n\u00e9rez pas de nouveaux droits ARE par votre activit\u00e9 ind\u00e9pendante. Vous ne pouvez donc pas obtenir d\u2019allocations ch\u00f4mage en raison de votre seule activit\u00e9 d\u2019auto-entrepreneur.<\/p>\n<p>En revanche, vous pouvez r\u00e9cup\u00e9rer des droits ouverts avant la cr\u00e9ation de votre micro-entreprise. Cette possibilit\u00e9 existe pendant un d\u00e9lai de 3 ans apr\u00e8s l\u2019ouverture de vos droits.<\/p>\n<p>Vous pouvez aussi dans certains cas, b\u00e9n\u00e9ficier d\u2019une allocation sp\u00e9cifique destin\u00e9e aux travailleurs ind\u00e9pendants :<b> l\u2019ATI.\u00a0<\/b><\/p>\n<h2>Dans quels cas pouvez-vous toucher le ch\u00f4mage apr\u00e8s la fermeture de votre micro-entreprise ?<\/h2>\n<h3>1. Vous aviez des droits au ch\u00f4mage avant de devenir auto-entrepreneur<\/h3>\n<p>Si vous \u00e9tiez salari\u00e9 avant de cr\u00e9er votre micro-entreprise, vous aviez peut-\u00eatre droit \u00e0 l\u2019ARE. En effet, <b>ce droit reste valable pendant trois ans<\/b>. Si vous cessez votre activit\u00e9 dans ce d\u00e9lai, vous pouvez r\u00e9activer vos droits restants.<\/p>\n<p>Pour cela, vous devez :<\/p>\n<ul>\n<li aria-level=\"1\">D\u00e9clarer la cessation de votre activit\u00e9,<\/li>\n<li aria-level=\"1\">Vous inscrire \u00e0 France Travail,<\/li>\n<li aria-level=\"1\">\u00catre en recherche active d\u2019emploi.<\/li>\n<\/ul>\n<h3>2. Votre activit\u00e9 n\u2019\u00e9tait plus \u00e9conomiquement viable<\/h3>\n<p>Vous pouvez \u00e9galement percevoir une allocation si votre activit\u00e9 n\u2019\u00e9tait plus viable \u00e9conomiquement. France Travail consid\u00e8re qu\u2019une activit\u00e9 ne marche plus <b>lorsqu\u2019elle a subi une baisse d\u2019au moins 30 % des revenus. <\/b>Dans ce cas, vous pouvez solliciter l\u2019Allocation des Travailleurs Ind\u00e9pendants (ATI).<\/p>\n<p><b><\/b><div class='shortcode important'><div class='title'>Important<\/div><div class='content'>Vous devez fournir une attestation indiquant votre identit\u00e9, votre num\u00e9ro SIRET, les revenus des deux derni\u00e8res ann\u00e9es et la baisse constat\u00e9e (en euros et en pourcentage).<\/div><\/div><\/p>\n<div class='cta-block'><div class='text'>Simulez votre ch\u00f4mage en 2 min.<\/div><a href='https:\/\/www.mes-allocs.fr\/simulation-chomage?origin=guides\/wp-json\/wp\/v2\/posts\/44480' class='app-button fit'>Simulation gratuite<\/a><\/div>\n<h1>Allocation des travailleurs ind\u00e9pendants : une alternative au ch\u00f4mage<\/h1>\n<h2>Qu\u2019est-ce que l\u2019Allocation des travailleurs ind\u00e9pendants (ATI) ?<\/h2>\n<p>L\u2019Allocation des Travailleurs Ind\u00e9pendants (ATI) est une aide financi\u00e8re destin\u00e9e aux travailleurs ind\u00e9pendants qui perdent leur activit\u00e9. Elle a \u00e9t\u00e9 cr\u00e9\u00e9e en 2019 pour offrir<b> un minimum de protection aux auto-<\/b><strong>entrepreneurs<\/strong>, artisans, commer\u00e7ants ou professions lib\u00e9rales qui ne cotisent pas \u00e0 l\u2019assurance ch\u00f4mage classique.<\/p>\n<h2>Quelles sont les conditions pour b\u00e9n\u00e9ficier de l\u2019ATI ?<\/h2>\n<p>Pour b\u00e9n\u00e9ficier de l\u2019ATI, vous devez :<\/p>\n<ul>\n<li aria-level=\"1\">Avoir exerc\u00e9 une activit\u00e9 ind\u00e9pendante pendant au moins 2 ans d\u2019affil\u00e9e, dans la m\u00eame entreprise,<\/li>\n<li aria-level=\"1\">Justifier d\u2019un revenu d\u2019activit\u00e9 sup\u00e9rieur \u00e0 10 000 \u20ac sur au moins une des deux derni\u00e8res ann\u00e9es,<\/li>\n<li aria-level=\"1\">Disposer de ressources personnelles inf\u00e9rieures au montant du RSA,<\/li>\n<li aria-level=\"1\">\u00catre inscrit \u00e0 France Travail et rechercher activement un emploi,<\/li>\n<li aria-level=\"1\">Avoir cess\u00e9 votre activit\u00e9 pour l\u2019un des motifs suivants :\n<ul>\n<li aria-level=\"1\">Une liquidation judiciaire<\/li>\n<li aria-level=\"1\">Un redressement judiciaire<\/li>\n<li aria-level=\"1\">Une activit\u00e9 non \u00e9conomiquement viable (baisse de 30 % des revenus minimum prouv\u00e9e)<\/li>\n<\/ul>\n<\/li>\n<\/ul>\n<h2>Quel est le montant de l\u2019ATI ?<\/h2>\n<p>Pour information, l\u2019ATI est un montant forfaitaire. Son montant peut atteindre environ <b>26,30 \u20ac par jour<\/b>, soit pr\u00e8s de 800 \u20ac par mois pendant <b>182 jours<\/b>. Il ne peut pas \u00eatre inf\u00e9rieur \u00e0 <b>19,73 \u20ac par jour<\/b> (environ 600 \u20ac par mois).<\/p>\n<p>L\u2019ATI est vers\u00e9 pendant <b>6 mois maximum<\/b>, sans renouvellement possible. Elle peut \u00eatre cumul\u00e9e avec un revenu d\u2019activit\u00e9 (salari\u00e9 ou ind\u00e9pendant) pendant trois mois maximum, dans la limite des droits aux allocations restants.<\/p>\n<h2>Quelles sont les d\u00e9marches pour demander l\u2019ATI ?<\/h2>\n<p>Pour obtenir l\u2019ATI, il faut :<\/p>\n<ol>\n<li aria-level=\"1\">D\u00e9clarer officiellement la cessation de votre activit\u00e9. Cette d\u00e9claration entra\u00eene<b> la fermeture de votre micro-entreprise <\/b>et permet d\u2019obtenir un justificatif indispensable pour France Travail.<\/li>\n<li aria-level=\"1\">Vous inscrire \u00e0 France Travail. L&rsquo;inscription doit intervenir<b> dans les 12 mois suivant <\/b>la cessation de votre activit\u00e9. Pensez bien \u00e0 actualiser votre situation chaque mois.<\/li>\n<li aria-level=\"1\">Fournir une d\u00e9claration de cessation d\u2019activit\u00e9, attestation de non-viabilit\u00e9 \u00e9conomique, ou d\u00e9cision de liquidation \/ redressement, et des justificatifs de revenus.<\/li>\n<\/ol>\n<div class='shortcode important'><div class='title'>Important<\/div><div class='content'> Pr\u00e9cisez votre situation professionnelle lors de votre entretien avec votre conseiller France Travail. Cet \u00e9change permet de confirmer que vous \u00eates bien \u00e0 la recherche d\u2019un emploi et que vous remplissez toutes les conditions (anciennet\u00e9, revenus, ressources\u2026). <\/div><\/div>\n<h1>Alternatives au ch\u00f4mage apr\u00e8s une cessation d\u2019activit\u00e9<\/h1>\n<p>Si vous n\u2019\u00eates pas \u00e9ligible \u00e0 l\u2019ATI ou si vous ne disposez plus de droits ARE issus d\u2019un ancien emploi salari\u00e9, vous ne pouvez pas b\u00e9n\u00e9ficier de l\u2019assurance ch\u00f4mage. Toutefois, d\u2019autres solutions peuvent vous permettre de compl\u00e9ter vos revenus.<\/p>\n<h2>Arr\u00eat auto-entreprise et RSA<\/h2>\n<p>Le RSA peut constituer un soutien financier important pour vous apr\u00e8s l&rsquo;arr\u00eat de votre activit\u00e9. Vous pouvez y avoir droit si vos ressources sont inf\u00e9rieures au montant du RSA, en fonction de la composition de votre foyer et si vous r\u00e9sidez en France de mani\u00e8re stable.<\/p>\n<p>Pour v\u00e9rifier votre \u00e9ligibilit\u00e9, vous pouvez utiliser le simulateur Mes Allocs.<\/p>\n<h2>Arr\u00eat auto-entreprise et prime d\u2019activit\u00e9<\/h2>\n<p>La prime d\u2019activit\u00e9 est une aide financi\u00e8re disponible pour les travailleurs aux revenus modestes. Elle vise \u00e0 compl\u00e9ter un revenu professionnel, qu\u2019il soit salari\u00e9 ou non salari\u00e9. Vous pouvez y pr\u00e9tendre si :<\/p>\n<ul>\n<li aria-level=\"1\">Vous exercez une activit\u00e9 professionnelle, m\u00eame r\u00e9duite,<\/li>\n<li aria-level=\"1\">Vos revenus sont faibles,<\/li>\n<li aria-level=\"1\">Vous respectez les conditions de r\u00e9sidence et d\u2019\u00e2ge.<\/li>\n<\/ul>\n<div class='shortcode summary'><div class='title'>En r\u00e9sum\u00e9 :<\/div><div class='content'><ul><li> Un auto-entrepreneur <b>ne cotise pas \u00e0 l\u2019assurance ch\u00f4mage<\/b>. L\u2019arr\u00eat de votre micro-entreprise ne vous ouvre donc pas automatiquement de nouveaux droits au ch\u00f4mage.<\/li><li>Vous pouvez toutefois r\u00e9cup\u00e9rer<b> vos anciens droits ARE<\/b> si vous aviez travaill\u00e9 comme salari\u00e9 avant de devenir auto-entrepreneur, et si ces droits sont encore valables. <\/li><li>L\u2019ATI est <b>une aide forfaitaire vers\u00e9e pendant 6 mois<\/b>, sous conditions de revenus, d\u2019anciennet\u00e9 et de ressources. <\/li><li>Si vous n\u2019\u00eates \u00e9ligible ni \u00e0 l\u2019ARE ni \u00e0 l\u2019ATI, vous pouvez vous tourner vers d\u2019autres aides comme<b> le RSA ou la prime d\u2019activit\u00e9 selon votre situation<\/b>. \u00a0<\/li><\/ul><\/div><\/div>\n<div class='cta-block'><div class='text'>Simulez votre ch\u00f4mage en 2 min.<\/div><a href='https:\/\/www.mes-allocs.fr\/simulation-chomage?origin=guides\/wp-json\/wp\/v2\/posts\/44480' class='app-button fit'>Simulation gratuite<\/a><\/div>\n","protected":false},"excerpt":{"rendered":"<p>Lorsque vous d\u00e9cidez de tourner la page et de mettre fin \u00e0 votre activit\u00e9, une question revient souvent : peut-on fermer son auto-entreprise et toucher le ch\u00f4mage ? C\u2019est une \u00e9tape qui peut \u00eatre charg\u00e9e d\u2019\u00e9motions, avec une baisse de revenus parfois brutale. Il est donc tout \u00e0 fait normal de se demander quelles aides [&hellip;]<\/p>\n","protected":false},"author":6,"featured_media":106015,"comment_status":"open","ping_status":"open","sticky":false,"template":"","format":"standard","meta":{"amp_status":"","footnotes":""},"categories":[2991,2989],"tags":[],"class_list":["post-44480","post","type-post","status-publish","format-standard","has-post-thumbnail","hentry","category-droit-au-chomage","category-chomage"],"yoast_head":"<!-- This site is optimized with the Yoast SEO plugin v14.9 - https:\/\/yoast.com\/wordpress\/plugins\/seo\/ -->\n<title>Arr\u00eat auto-entrepreneur et ch\u00f4mage : est-ce possible ? | Mes-Allocs.fr<\/title>\n<meta name=\"description\" content=\"Apr\u00e8s avoir ferm\u00e9 votre auto-entreprise, vous pouvez b\u00e9n\u00e9ficier de l&#039;allocation ch\u00f4mage sous certaines conditions. On vous explique.\" \/>\n<meta name=\"robots\" content=\"index, follow, max-snippet:-1, max-image-preview:large, max-video-preview:-1\" \/>\n<link rel=\"canonical\" href=\"https:\/\/www.mes-allocs.fr\/guides\/chomage\/droit-au-chomage\/arret-auto-entrepreneur-chomage\/\" \/>\n<meta property=\"og:locale\" content=\"fr_FR\" \/>\n<meta property=\"og:type\" content=\"article\" \/>\n<meta property=\"og:title\" content=\"Arr\u00eat auto-entrepreneur et ch\u00f4mage : est-ce possible ? | Mes-Allocs.fr\" \/>\n<meta property=\"og:description\" content=\"Apr\u00e8s avoir ferm\u00e9 votre auto-entreprise, vous pouvez b\u00e9n\u00e9ficier de l&#039;allocation ch\u00f4mage sous certaines conditions. On vous explique.\" \/>\n<meta property=\"og:url\" content=\"https:\/\/www.mes-allocs.fr\/guides\/chomage\/droit-au-chomage\/arret-auto-entrepreneur-chomage\/\" \/>\n<meta property=\"og:site_name\" content=\"Mes-Allocs.fr\" \/>\n<meta property=\"article:published_time\" content=\"2022-02-04T15:44:54+00:00\" \/>\n<meta property=\"article:modified_time\" content=\"2025-11-26T13:48:52+00:00\" \/>\n<meta property=\"og:image\" content=\"https:\/\/www.mes-allocs.fr\/guides\/wp-content\/uploads\/2022\/02\/chomage-micro-entreprise-1.jpg?wsr\" \/>\n\t<meta property=\"og:image:width\" content=\"1920\" \/>\n\t<meta property=\"og:image:height\" content=\"1440\" \/>\n<meta name=\"twitter:card\" content=\"summary_large_image\" \/>\n<script type=\"application\/ld+json\" class=\"yoast-schema-graph\">{\"@context\":\"https:\/\/schema.org\",\"@graph\":[{\"@type\":\"WebSite\",\"@id\":\"https:\/\/www.mes-allocs.fr\/guides\/#website\",\"url\":\"https:\/\/www.mes-allocs.fr\/guides\/\",\"name\":\"Mes-Allocs.fr\",\"description\":\"\",\"potentialAction\":[{\"@type\":\"SearchAction\",\"target\":\"https:\/\/www.mes-allocs.fr\/guides\/?s={search_term_string}\",\"query-input\":\"required name=search_term_string\"}],\"inLanguage\":\"fr-FR\"},{\"@type\":\"ImageObject\",\"@id\":\"https:\/\/www.mes-allocs.fr\/guides\/chomage\/droit-au-chomage\/arret-auto-entrepreneur-chomage\/#primaryimage\",\"inLanguage\":\"fr-FR\",\"url\":\"https:\/\/www.mes-allocs.fr\/guides\/wp-content\/uploads\/2022\/02\/chomage-micro-entreprise-1.jpg?wsr\",\"width\":1920,\"height\":1440,\"caption\":\"chomage micro entreprise\"},{\"@type\":\"WebPage\",\"@id\":\"https:\/\/www.mes-allocs.fr\/guides\/chomage\/droit-au-chomage\/arret-auto-entrepreneur-chomage\/#webpage\",\"url\":\"https:\/\/www.mes-allocs.fr\/guides\/chomage\/droit-au-chomage\/arret-auto-entrepreneur-chomage\/\",\"name\":\"Arr\\u00eat auto-entrepreneur et ch\\u00f4mage : est-ce possible ? | Mes-Allocs.fr\",\"isPartOf\":{\"@id\":\"https:\/\/www.mes-allocs.fr\/guides\/#website\"},\"primaryImageOfPage\":{\"@id\":\"https:\/\/www.mes-allocs.fr\/guides\/chomage\/droit-au-chomage\/arret-auto-entrepreneur-chomage\/#primaryimage\"},\"datePublished\":\"2022-02-04T15:44:54+00:00\",\"dateModified\":\"2025-11-26T13:48:52+00:00\",\"author\":{\"@id\":\"https:\/\/www.mes-allocs.fr\/guides\/#\/schema\/person\/0ecd61a8600573914d00d970a588c024\"},\"description\":\"Apr\\u00e8s avoir ferm\\u00e9 votre auto-entreprise, vous pouvez b\\u00e9n\\u00e9ficier de l'allocation ch\\u00f4mage sous certaines conditions. On vous explique.\",\"inLanguage\":\"fr-FR\"},{\"@type\":\"Person\",\"@id\":\"https:\/\/www.mes-allocs.fr\/guides\/#\/schema\/person\/0ecd61a8600573914d00d970a588c024\",\"name\":\"Jonathan\",\"image\":{\"@type\":\"ImageObject\",\"@id\":\"https:\/\/www.mes-allocs.fr\/guides\/#personlogo\",\"inLanguage\":\"fr-FR\",\"url\":\"https:\/\/www.mes-allocs.fr\/guides\/wp-content\/uploads\/2021\/06\/jonathan-150x150.png\",\"caption\":\"Jonathan\"},\"description\":\"Jonathan est r\\u00e9dacteur au sein de l'\\u00e9quipe Mes Allocs, sp\\u00e9cialis\\u00e9 sur les sujets li\\u00e9s au handicap. Dipl\\u00f4m\\u00e9e de l'UPEM, il rejoint Mes Allocs apr\\u00e8s avoir travaill\\u00e9 \\u00e0 l'association AEDE qui accompagne les adultes en situation de handicap. Quand il n'\\u00e9crit pas, on peut le retrouver sur un terrain de basket.\",\"sameAs\":[\"https:\/\/www.linkedin.com\/in\/jonathan-bambela-8637861b7\"]}]}<\/script>\n<!-- \/ Yoast SEO plugin. -->","amp_validity":null,"acf":{"faq":{"1":{"question":"Comment toucher le ch\u00f4mage apr\u00e8s avoir \u00e9t\u00e9 auto-entrepreneur ?","answer":"Apr\u00e8s avoir \u00e9t\u00e9 auto-entrepreneur, vous pouvez toucher le ch\u00f4mage si vous r\u00e9activez d\u2019anciens droits ARE acquis en tant que salari\u00e9, ou si vous \u00eates \u00e9ligible \u00e0 l\u2019Allocation des Travailleurs Ind\u00e9pendants (ATI)."},"2":{"question":"Est-ce qu'un auto-entrepreneur en fin d'activit\u00e9 a droit au ch\u00f4mage ?","answer":"Non, un auto-entrepreneur n\u2019a pas droit automatiquement au ch\u00f4mage \u00e0 la fin de son activit\u00e9, sauf s\u2019il peut r\u00e9activer d\u2019anciens droits ARE ou b\u00e9n\u00e9ficier de l\u2019ATI"},"3":{"question":"Comment puis-je b\u00e9n\u00e9ficier du ch\u00f4mage apr\u00e8s la fermeture de mon entreprise ?","answer":"Vous pouvez b\u00e9n\u00e9ficier du ch\u00f4mage apr\u00e8s la fermeture de votre entreprise en r\u00e9activant vos droits ARE en tant qu'ancien salari\u00e9, ou en demandant l\u2019ATI si votre activit\u00e9 \u00e9tait non viable ou a fait l\u2019objet d\u2019une liquidation."},"4":{"question":"Ai-je droit au ch\u00f4mage apr\u00e8s avoir \u00e9t\u00e9 ind\u00e9pendant ?","answer":"Vous n\u2019avez pas automatiquement droit au ch\u00f4mage apr\u00e8s avoir \u00e9t\u00e9 ind\u00e9pendant, sauf si vous pouvez r\u00e9activer d\u2019anciens droits ARE ou b\u00e9n\u00e9ficier de l\u2019ATI"},"5":{"question":"Est-il possible pour un auto-entrepreneur de toucher le compl\u00e9ment de ch\u00f4mage de France Travail ?","answer":"Oui, un auto-entrepreneur peut toucher un compl\u00e9ment de ch\u00f4mage via France Travail uniquement s\u2019il r\u00e9active d\u2019anciens droits ARE ou s\u2019il est \u00e9ligible \u00e0 l\u2019ATI."},"6":{"question":"Comment puis-je arr\u00eater mon activit\u00e9 d'auto-entrepreneur ?","answer":"Pour arr\u00eater votre activit\u00e9 d\u2019auto-entrepreneur, vous devez d\u00e9clarer officiellement la cessation aupr\u00e8s de l\u2019Urssaf. Cela ferme votre micro-entreprise et vous donne le document n\u00e9cessaire pour demander des aides ou vous inscrire \u00e0 France Travail."},"7":{"question":"","answer":""},"8":{"question":"","answer":""},"9":{"question":"","answer":""},"10":{"question":"","answer":""},"11":{"question":"","answer":""},"12":{"question":"","answer":""},"13":{"question":"","answer":""},"14":{"question":"","answer":""},"15":{"question":"","answer":""},"16":{"question":"","answer":""}}},"_links":{"self":[{"href":"https:\/\/www.mes-allocs.fr\/guides\/wp-json\/wp\/v2\/posts\/44480","targetHints":{"allow":["GET"]}}],"collection":[{"href":"https:\/\/www.mes-allocs.fr\/guides\/wp-json\/wp\/v2\/posts"}],"about":[{"href":"https:\/\/www.mes-allocs.fr\/guides\/wp-json\/wp\/v2\/types\/post"}],"author":[{"embeddable":true,"href":"https:\/\/www.mes-allocs.fr\/guides\/wp-json\/wp\/v2\/users\/6"}],"replies":[{"embeddable":true,"href":"https:\/\/www.mes-allocs.fr\/guides\/wp-json\/wp\/v2\/comments?post=44480"}],"version-history":[{"count":22,"href":"https:\/\/www.mes-allocs.fr\/guides\/wp-json\/wp\/v2\/posts\/44480\/revisions"}],"predecessor-version":[{"id":106214,"href":"https:\/\/www.mes-allocs.fr\/guides\/wp-json\/wp\/v2\/posts\/44480\/revisions\/106214"}],"wp:featuredmedia":[{"embeddable":true,"href":"https:\/\/www.mes-allocs.fr\/guides\/wp-json\/wp\/v2\/media\/106015"}],"wp:attachment":[{"href":"https:\/\/www.mes-allocs.fr\/guides\/wp-json\/wp\/v2\/media?parent=44480"}],"wp:term":[{"taxonomy":"category","embeddable":true,"href":"https:\/\/www.mes-allocs.fr\/guides\/wp-json\/wp\/v2\/categories?post=44480"},{"taxonomy":"post_tag","embeddable":true,"href":"https:\/\/www.mes-allocs.fr\/guides\/wp-json\/wp\/v2\/tags?post=44480"}],"curies":[{"name":"wp","href":"https:\/\/api.w.org\/{rel}","templated":true}]}}