{"id":44436,"date":"2022-02-28T13:07:36","date_gmt":"2022-02-28T11:07:36","guid":{"rendered":"https:\/\/www.mes-allocs.fr\/guides\/?p=44436"},"modified":"2025-07-01T15:58:13","modified_gmt":"2025-07-01T13:58:13","slug":"ou-faire-sa-mecanique-soi-meme","status":"publish","type":"post","link":"https:\/\/www.mes-allocs.fr\/guides\/aide-mobilite\/garage-solidaire\/ou-faire-sa-mecanique-soi-meme\/","title":{"rendered":"O\u00f9 faire sa m\u00e9canique soi-m\u00eame ?"},"content":{"rendered":"<p><img loading=\"lazy\" decoding=\"async\" class=\"alignnone wp-image-44445 size-full\" title=\"Ou faire sa mecanique soi meme\" src=\"https:\/\/www.mes-allocs.fr\/guides\/wp-content\/uploads\/2022\/02\/Ou-faire-sa-mecanique-soi-meme--e1643901580672.jpg\" alt=\"Ou faire sa mecanique soi meme\" width=\"1280\" height=\"358\" srcset=\"https:\/\/www.mes-allocs.fr\/guides\/wp-content\/uploads\/2022\/02\/Ou-faire-sa-mecanique-soi-meme--e1643901580672.jpg 1280w, https:\/\/www.mes-allocs.fr\/guides\/wp-content\/uploads\/2022\/02\/Ou-faire-sa-mecanique-soi-meme--e1643901580672-300x84.jpg 300w, https:\/\/www.mes-allocs.fr\/guides\/wp-content\/uploads\/2022\/02\/Ou-faire-sa-mecanique-soi-meme--e1643901580672-1024x286.jpg 1024w, https:\/\/www.mes-allocs.fr\/guides\/wp-content\/uploads\/2022\/02\/Ou-faire-sa-mecanique-soi-meme--e1643901580672-768x215.jpg 768w, https:\/\/www.mes-allocs.fr\/guides\/wp-content\/uploads\/2022\/02\/Ou-faire-sa-mecanique-soi-meme--e1643901580672-600x168.jpg 600w\" sizes=\"auto, (max-width: 1280px) 100vw, 1280px\" \/><\/p>\n<p><b>En France, il existe <strong>pr\u00e8s de 200 garages <a href=\"https:\/\/www.mes-allocs.fr\/guides\/aide-mobilite\/garage-solidaire\/\">libre-service.<\/a> Ils permettent aux personnes avec de faibles revenus de<\/strong> r\u00e9parer et entretenir leur voiture. O\u00f9 est-il possible de faire sa m\u00e9canique soi-m\u00eame ?\u00a0<\/b><\/p>\n<div class='cta-block'><div class='text'>Simulez toutes vos aides en 2 min.<\/div><a href='https:\/\/www.mes-allocs.fr\/ab-app?origin=guides\/wp-json\/wp\/v2\/posts\/44436' class='app-button fit'>Simulation gratuite<\/a><\/div>\n<h1 style=\"text-align: justify;\">Qu&rsquo;est-ce qu&rsquo;un garage libre-service ?<\/h1>\n<p style=\"text-align: justify;\">Un garage libre-service, est une structure compos\u00e9e d&rsquo;un atelier de r\u00e9paration automobile. Les usagers de la route peuvent y r\u00e9parer eux-m\u00eames leur v\u00e9hicule \u00e0 moindre co\u00fbt. Vous louez un emplacement, et m\u00eame un pont pour effectuer une vidange par exemple. Ponts et mat\u00e9riel (outils de r\u00e9paration, produits d&rsquo;entretien, etc.), tout est fait pour que vous soyez le plus autonome possible.<\/p>\n<p style=\"text-align: justify;\">Vous pouvez \u00e9galement b\u00e9n\u00e9ficier des conseils de professionnels pr\u00e9sents sur place. Dans certains cas, si l&rsquo;intervention est complexe, des professionnels de la m\u00e9canique auto peuvent prendre en charge les travaux. Ce service au sein d&rsquo;un self garage reste beaucoup moins co\u00fbteux que dans un garage traditionnel.<\/p>\n<p style=\"text-align: justify;\">Une fois votre r\u00e9paration r\u00e9alis\u00e9e, un professionnel v\u00e9rifie que tout est en place avant de vous laisser partir.<\/p>\n<h1 style=\"text-align: justify;\">Quels sont les tarifs d&rsquo;un garage libre-service ?<\/h1>\n<p style=\"text-align: justify;\">De nombreux garages self-service sont pr\u00e9sents partout en France. Le co\u00fbt de la location est autour de 13 euros de l&rsquo;heure, avec les outils \u00e0 disposition. En apportant votre huile de vidange par exemple, le co\u00fbt total de votre vidange \u00e0 changer sera 50% moins cher que dans un garage classique. Dans certains \u00e9tablissements, le self-service peut repr\u00e9senter jusqu\u2019\u00e0 40% de l\u2019activit\u00e9, ce qui d\u00e9montre sa popularit\u00e9 grandissante.<\/p>\n<p style=\"text-align: justify;\">Dans certains garages, une cotisation pouvant aller jusqu&rsquo;\u00e0 200 euros est demand\u00e9e si vous souhaitez utiliser r\u00e9guli\u00e8rement un garage.<\/p>\n<p><iframe loading=\"lazy\" title=\"Tout Savoir sur les Aides \u00e0 la Mobilit\u00e9 !\" width=\"500\" height=\"281\" src=\"https:\/\/www.youtube.com\/embed\/OJcNB_copwo?feature=oembed\" frameborder=\"0\" allow=\"accelerometer; autoplay; clipboard-write; encrypted-media; gyroscope; picture-in-picture; web-share\" referrerpolicy=\"strict-origin-when-cross-origin\" allowfullscreen><\/iframe><\/p>\n<p style=\"text-align: justify;\"><span style=\"font-weight: 400;\"><div class='cta-block'><div class='text'>Simulez toutes vos aides en 2 min.<\/div><a href='https:\/\/www.mes-allocs.fr\/ab-app?origin=guides\/wp-json\/wp\/v2\/posts\/44436' class='app-button fit'>Simulation gratuite<\/a><\/div><\/span><\/p>\n<p><img loading=\"lazy\" decoding=\"async\" class=\" wp-image-44481 alignright\" title=\"Quest ce quun garage solidaire\" src=\"https:\/\/www.mes-allocs.fr\/guides\/wp-content\/uploads\/2022\/02\/Quest-ce-quun-garage-solidaire--300x200.jpg\" alt=\"Quest ce quun garage solidaire\" width=\"342\" height=\"228\" srcset=\"https:\/\/www.mes-allocs.fr\/guides\/wp-content\/uploads\/2022\/02\/Quest-ce-quun-garage-solidaire--300x200.jpg 300w, https:\/\/www.mes-allocs.fr\/guides\/wp-content\/uploads\/2022\/02\/Quest-ce-quun-garage-solidaire--1024x683.jpg 1024w, https:\/\/www.mes-allocs.fr\/guides\/wp-content\/uploads\/2022\/02\/Quest-ce-quun-garage-solidaire--768x512.jpg 768w, https:\/\/www.mes-allocs.fr\/guides\/wp-content\/uploads\/2022\/02\/Quest-ce-quun-garage-solidaire--600x400.jpg 600w, https:\/\/www.mes-allocs.fr\/guides\/wp-content\/uploads\/2022\/02\/Quest-ce-quun-garage-solidaire-.jpg 1280w\" sizes=\"auto, (max-width: 342px) 100vw, 342px\" \/><\/p>\n<h1 style=\"text-align: justify;\">Qu&rsquo;est-ce qu&rsquo;un garage solidaire ?<\/h1>\n<p style=\"text-align: justify;\">L&rsquo;id\u00e9e du garage solidaire provient du Secours Catholique, tr\u00e8s concern\u00e9es par les microcr\u00e9dits pour l&rsquo;achat et\/ou les r\u00e9parations importantes des v\u00e9hicules.<\/p>\n<p style=\"text-align: justify;\"><b>Un garage associatif, garage solidaire, ou garage participatif, permet de r\u00e9parer sa voiture ou faire les r\u00e9parations avec quelqu&rsquo;un d&rsquo;autre \u00e0 tarifs plus int\u00e9ressants.<\/b> Ces types de garages ont pour but d&rsquo;\u00eatre plus justes sur la main d&rsquo;\u0153uvre et le prix des pi\u00e8ces d\u00e9tach\u00e9s.<\/p>\n<h2 style=\"text-align: justify;\">\u00c0 qui est destin\u00e9 le garage solidaire ?<\/h2>\n<p style=\"text-align: justify;\">Les garages solidaires favorisent l&rsquo;insertion des personnes en recherche de travail. En rendant accessible la r\u00e9paration de certains v\u00e9hicules pour une somme d\u2019argent r\u00e9duite, les garages incitent les personnes \u00e0 se d\u00e9placer davantage. <b>Ces garages font ainsi partie de l&rsquo;<a href=\"https:\/\/www.mes-allocs.fr\/guides\/aide-mobilite\/\">aide \u00e0 la mobilit\u00e9<\/a><\/b>. Les\u00a0b\u00e9n\u00e9ficiaires de ce service sont souvent orient\u00e9s par leur r\u00e9f\u00e9rent social, employeur ou bien futur employeur.<\/p>\n<p style=\"text-align: justify;\"><b>\u00c0 noter<\/b>\u00a0: Les personnes qui souhaitent solliciter ce service doivent fournir des preuves de leur situation sociale et\/ou financi\u00e8re.<\/p>\n<p style=\"text-align: justify;\">Vous pouvez m\u00eame faire don des voitures dont vous ne servez plus. Le v\u00e9hicule sera alors r\u00e9par\u00e9, vendu \u00e0 bas prix ou utilis\u00e9 par des personnes en programme d&rsquo;insertion sociale.<\/p>\n<h2 style=\"text-align: justify;\">Quelles sont les avantages du garage solidaire ?<\/h2>\n<p style=\"text-align: justify;\"><b>Vous pourrez r\u00e9aliser d&rsquo;importantes \u00e9conomies, si vous vous trouvez dans une situation de pr\u00e9carit\u00e9 par exemple.<\/b> Des professionnels pourront vous apprendre \u00e0 r\u00e9parer et \u00e0 entretenir votre voiture. Ces derni\u00e8res pourront au fil du temps vous rendre plus autonome dans votre quotidien.<\/p>\n<h2 style=\"text-align: justify;\">Les limites du garage solidaire<\/h2>\n<p style=\"text-align: justify;\">Bien que pris\u00e9es par de nombreux conducteurs, ces structures ne sont pas sans limites. <b>Les garages solidaires ne r\u00e9alisent pas de contr\u00f4le technique, d\u00e9pannage et remorquage des v\u00e9hicules sur les voies publiques.<\/b> Dans certaines situations, ils peuvent \u00e9galement refuser des r\u00e9parations qui leur paraissent irrecevables. Dans ce cas, vous \u00eates r\u00e9orient\u00e9s vers des garages partenaires capables d\u2019effectuer ces prestations.<\/p>\n<h2 style=\"text-align: justify;\">Quelles sont les r\u00e9parations que vous pouvez faire vous-m\u00eame ?<\/h2>\n<p style=\"text-align: justify;\">Il existe une l\u00e9gislation dans ce domaine, car certaines r\u00e9parations ne peuvent \u00eatre effectu\u00e9es que par des m\u00e9caniciens professionnels.\u00a0<b>Vous pouvez r\u00e9aliser vous-m\u00eame les op\u00e9rations suivantes<\/b> :<\/p>\n<ul style=\"text-align: justify;\">\n<li>L&rsquo;entretien, r\u00e9paration et r\u00e9vision du v\u00e9hicule<\/li>\n<li>L&rsquo;entretien courant : vidange, essuie-glace, filtres \u00e0 air et filtres \u00e0 huile, liquide de refroidissement, etc.<\/li>\n<li>Le changement de plaquettes de freins et\/ou disques<\/li>\n<li>Le remplacement des suspensions<\/li>\n<li>Le changement ou r\u00e9paration de l\u2019\u00e9chappement<\/li>\n<li>Le changement de d\u00e9marreur ou bien de l\u2019alternateur<\/li>\n<li>Le changement de l\u2019embrayage<\/li>\n<li>Le changement des cardans, etc.<\/li>\n<\/ul>\n<h2 style=\"text-align: justify;\">O\u00f9 faire sa m\u00e9canique soi-m\u00eame ?<\/h2>\n<p class=\"amp-wp-7d27179\" style=\"text-align: justify;\" data-amp-original-style=\"text-align: justify;\">Il existe un annuaire gratuit en ligne (<a href=\"https:\/\/www.vidangefacile.com\/fr\/content\/6-vidange-facile-garages-associatifs-self-garages\">site internet<\/a>) qui permet de trouver les coordonn\u00e9es du garage le plus proche de chez vous. <strong>Ainsi, pour contacter un \u00e9tablissement :<\/strong><\/p>\n<ul class=\"list-1\" style=\"text-align: justify;\">\n<li class=\"amp-wp-7d27179\" data-amp-original-style=\"text-align: justify;\">Rendez-vous sur l\u2019annuaire en ligne gratuit des garages communautaires en cliquant sur ce lien<\/li>\n<li class=\"amp-wp-7d27179\" data-amp-original-style=\"text-align: justify;\">En bas de page, cliquez sur le d\u00e9partement de votre choix<\/li>\n<li class=\"amp-wp-7d27179\" data-amp-original-style=\"text-align: justify;\">Vous obtenez alors les coordonn\u00e9es des garages solidaires pr\u00e9sents dans votre d\u00e9partement.<\/li>\n<\/ul>\n<h1 style=\"text-align: justify;\">Qu&rsquo;est-ce que l&rsquo;aide au permis B de P\u00f4le Emploi ?<\/h1>\n<p style=\"text-align: justify;\">Selon la situation du demandeur d&#8217;emploi, P\u00f4le emploi peut accorder un financement partiel ou total du permis de conduire. La condition indispensable est bien s\u00fbr que l&rsquo;absence de permis B repr\u00e9sente un frein \u00e0 l&#8217;embauche.<\/p>\n<h2 style=\"text-align: justify;\">Les conditions pour percevoir l&rsquo;aide au permis B de P\u00f4le emploi ?<\/h2>\n<p><img loading=\"lazy\" decoding=\"async\" class=\" wp-image-44482 alignright\" title=\"Les conditions pour percevoir laide au permis B de Pole emploi\" src=\"https:\/\/www.mes-allocs.fr\/guides\/wp-content\/uploads\/2022\/02\/Les-conditions-pour-percevoir-laide-au-permis-B-de-Pole-emploi--300x200.jpg\" alt=\"Les conditions pour percevoir laide au permis B de Pole emploi\" width=\"368\" height=\"245\" srcset=\"https:\/\/www.mes-allocs.fr\/guides\/wp-content\/uploads\/2022\/02\/Les-conditions-pour-percevoir-laide-au-permis-B-de-Pole-emploi--300x200.jpg 300w, https:\/\/www.mes-allocs.fr\/guides\/wp-content\/uploads\/2022\/02\/Les-conditions-pour-percevoir-laide-au-permis-B-de-Pole-emploi--1024x682.jpg 1024w, https:\/\/www.mes-allocs.fr\/guides\/wp-content\/uploads\/2022\/02\/Les-conditions-pour-percevoir-laide-au-permis-B-de-Pole-emploi--768x512.jpg 768w, https:\/\/www.mes-allocs.fr\/guides\/wp-content\/uploads\/2022\/02\/Les-conditions-pour-percevoir-laide-au-permis-B-de-Pole-emploi--600x400.jpg 600w, https:\/\/www.mes-allocs.fr\/guides\/wp-content\/uploads\/2022\/02\/Les-conditions-pour-percevoir-laide-au-permis-B-de-Pole-emploi-.jpg 1280w\" sizes=\"auto, (max-width: 368px) 100vw, 368px\" \/><\/p>\n<p style=\"text-align: justify;\">Les crit\u00e8res d&rsquo;attribution de l&rsquo;aide d\u00e9pendent des ressources du demandeur ainsi que de sa dur\u00e9e d&rsquo;inscription sur la liste des demandeurs d&#8217;emploi. Dans tous les cas, le demandeur doit \u00eatre \u00e2g\u00e9 de plus de 18 ans et \u00eatre inscrit sur la liste des demandeurs d&#8217;emploi depuis au moins 6 mois de mani\u00e8re continue.\u00a0<b>Vous devez ensuite respecter les conditions suivantes<\/b> :<\/p>\n<ul style=\"text-align: justify;\">\n<li class=\"amp-wp-7d27179\" data-amp-original-style=\"text-align: justify;\">\u00catre Inscrit sur la liste des demandeurs d\u2019emploi<\/li>\n<li>B\u00e9n\u00e9ficier d\u2019une indemnit\u00e9 ch\u00f4mage que ce soit dont le montant est inf\u00e9rieur \u00e0 l\u2019ARE minimale, soit 32,13 euros par jour<\/li>\n<li>Les b\u00e9n\u00e9ficiaires du RSA,\u00a0de l\u2019allocation adulte handicap\u00e9 (AAH), la r\u00e9mun\u00e9ration publique de stage (RPS), la r\u00e9mun\u00e9ration de fin de formation (RFF), la r\u00e9mun\u00e9ration de formation de P\u00f4le emploi (RFPE) sans aucune condition de montant<\/li>\n<\/ul>\n<p style=\"text-align: justify;\">Les personnes reconnues en situation de handicap peuvent pr\u00e9tendre \u00e0 une aide suppl\u00e9mentaire de l\u2019AGFIPH afin de prendre en charge le surco\u00fbt engendr\u00e9 par les \u00e9quipements sp\u00e9cifiques n\u00e9cessaires \u00e0 l\u2019apprentissage dans la limite de 1000 euros.<\/p>\n<h2 style=\"text-align: justify;\">Les motifs d&rsquo;attributions de l&rsquo;aide au permis de conduire<\/h2>\n<p style=\"text-align: justify;\">Pour obtenir cette aide financi\u00e8re, l&rsquo;absence de permis doit constituer un v\u00e9ritable frein \u00e0 l&rsquo;insertion ou \u00e0 la r\u00e9insertion sur le march\u00e9 du travail. <b>Voici les<\/b>\u00a0<b>raisons qui peuvent justifier l&rsquo;attribution de l&rsquo;aide<\/b> :<\/p>\n<ul style=\"text-align: justify;\">\n<li>Vous habitez une zone g\u00e9ographique mal desservie par les transports en commun<\/li>\n<li>Vos horaires sont d\u00e9cal\u00e9s (de nuit par exemple en l\u2019absence de transports en commun)<\/li>\n<li>Votre emploi n\u00e9cessite le permis<\/li>\n<\/ul>\n<p style=\"text-align: justify;\">C&rsquo;est \u00e0 votre conseiller P\u00f4le emploi de d\u00e9terminer si vous respectez ces crit\u00e8res.<\/p>\n<h2 style=\"text-align: justify;\"><img loading=\"lazy\" decoding=\"async\" class=\"wp-image-44483 alignright\" title=\"Quel est le montant de laide au permis B\" src=\"https:\/\/www.mes-allocs.fr\/guides\/wp-content\/uploads\/2022\/02\/Quel-est-le-montant-de-laide-au-permis-B--300x200.jpg\" alt=\"Quel est le montant de laide au permis B\" width=\"359\" height=\"239\" srcset=\"https:\/\/www.mes-allocs.fr\/guides\/wp-content\/uploads\/2022\/02\/Quel-est-le-montant-de-laide-au-permis-B--300x200.jpg 300w, https:\/\/www.mes-allocs.fr\/guides\/wp-content\/uploads\/2022\/02\/Quel-est-le-montant-de-laide-au-permis-B--1024x682.jpg 1024w, https:\/\/www.mes-allocs.fr\/guides\/wp-content\/uploads\/2022\/02\/Quel-est-le-montant-de-laide-au-permis-B--768x512.jpg 768w, https:\/\/www.mes-allocs.fr\/guides\/wp-content\/uploads\/2022\/02\/Quel-est-le-montant-de-laide-au-permis-B--600x400.jpg 600w, https:\/\/www.mes-allocs.fr\/guides\/wp-content\/uploads\/2022\/02\/Quel-est-le-montant-de-laide-au-permis-B-.jpg 1280w\" sizes=\"auto, (max-width: 359px) 100vw, 359px\" \/><\/h2>\n<p style=\"text-align: justify;\">Le montant maximum de l&rsquo;aide accord\u00e9e est de 1200 euros. <b>La somme n&rsquo;est pas vers\u00e9e au demandeur, mais directement \u00e0 l&rsquo;auto-\u00e9cole en 3 versements de 400 euros :<\/b><\/p>\n<ul style=\"text-align: justify;\">\n<li>1er versement lors de l&rsquo;inscription<\/li>\n<li>2\u00e8me versement dans les 5 mois suivant l&rsquo;attribution de l&rsquo;aide justifiant de la r\u00e9ussite au permis B<\/li>\n<li>3\u00e8me versement pour le reste d\u00fb de 1200 euros sur justificatif de la r\u00e9ussite au permis B, de 2 pr\u00e9sentations \u00e0 l\u2019examen de conduite ou de 30 heures de cours<\/li>\n<\/ul>\n<p>&nbsp;<\/p>\n<p style=\"text-align: justify;\">\u00c0 savoir que l&rsquo;aide de P\u00f4le emploi ne peut \u00eatre attribu\u00e9 qu&rsquo;une fois par personne. Vous ne pouvez pas la cumuler avec d&rsquo;autres dispositifs propos\u00e9s par les organismes priv\u00e9s ou publics.<\/p>\n<h2 style=\"text-align: justify;\">Comment faire une demande d&rsquo;aide au permis B de P\u00f4le Emploi ?<\/h2>\n<p style=\"text-align: justify;\">Vous pouvez effectuer votre demande aupr\u00e8s de votre conseiller dans l&rsquo;agence dont vous d\u00e9pendez. <b>Un formulaire sp\u00e9cifique de demande doit \u00eatre rempli conjointement, accompagn\u00e9e d&rsquo;un<\/b> :<\/p>\n<ul style=\"text-align: justify;\">\n<li>Devis d\u00e9taill\u00e9<\/li>\n<li>RIB de l&rsquo;auto-\u00e9cole<\/li>\n<\/ul>\n<p style=\"text-align: justify;\">Vous pouvez choisir votre auto-\u00e9cole, \u00e0 condition qu&rsquo;elle soit \u00a0situer dans la zone g\u00e9ographique d&#8217;emploi de votre lieu de r\u00e9sidence. La demande devra \u00eatre tout de m\u00eame valid\u00e9e par P\u00f4le Emploi.<\/p>\n<p style=\"text-align: justify;\">Les demandeurs d&#8217;emploi peuvent \u00e9galement pr\u00e9tendre \u00e0 une <b>aide \u00e0 la mobilit\u00e9 <\/b>pour prendre en charge les frais de d\u00e9placement lors de recherches d&#8217;emploi.<\/p>\n<p><span style=\"font-weight: 400;\"><div class='cta-block'><div class='text'>Simulez toutes vos aides en 2 min.<\/div><a href='https:\/\/www.mes-allocs.fr\/ab-app?origin=guides\/wp-json\/wp\/v2\/posts\/44436' class='app-button fit'>Simulation gratuite<\/a><\/div><\/span><\/p>\n","protected":false},"excerpt":{"rendered":"<p>En France, il existe pr\u00e8s de 200 garages libre-service. Ils permettent aux personnes avec de faibles revenus de r\u00e9parer et entretenir leur voiture. O\u00f9 est-il possible de faire sa m\u00e9canique soi-m\u00eame ?\u00a0 Qu&rsquo;est-ce qu&rsquo;un garage libre-service ? Un garage libre-service, est une structure compos\u00e9e d&rsquo;un atelier de r\u00e9paration automobile. Les usagers de la route peuvent [&hellip;]<\/p>\n","protected":false},"author":14,"featured_media":44485,"comment_status":"open","ping_status":"open","sticky":false,"template":"","format":"standard","meta":{"amp_status":"","footnotes":""},"categories":[29,14909],"tags":[],"class_list":["post-44436","post","type-post","status-publish","format-standard","has-post-thumbnail","hentry","category-aide-mobilite","category-garage-solidaire"],"yoast_head":"<!-- This site is optimized with the Yoast SEO plugin v14.9 - https:\/\/yoast.com\/wordpress\/plugins\/seo\/ -->\n<title>O\u00f9 faire sa m\u00e9canique soi-m\u00eame ? | Mes-Allocs.fr<\/title>\n<meta name=\"description\" content=\"Un garage libre-service permets aux personnes de r\u00e9parer eux-m\u00eames leur voiture. Mes Allocs vous explique o\u00f9 faire sa m\u00e9canique soi-m\u00eame.\" \/>\n<meta name=\"robots\" content=\"index, follow, max-snippet:-1, max-image-preview:large, max-video-preview:-1\" \/>\n<link rel=\"canonical\" href=\"https:\/\/www.mes-allocs.fr\/guides\/aide-mobilite\/garage-solidaire\/ou-faire-sa-mecanique-soi-meme\/\" \/>\n<meta property=\"og:locale\" content=\"fr_FR\" \/>\n<meta property=\"og:type\" content=\"article\" \/>\n<meta property=\"og:title\" content=\"O\u00f9 faire sa m\u00e9canique soi-m\u00eame ? | Mes-Allocs.fr\" \/>\n<meta property=\"og:description\" content=\"Un garage libre-service permets aux personnes de r\u00e9parer eux-m\u00eames leur voiture. Mes Allocs vous explique o\u00f9 faire sa m\u00e9canique soi-m\u00eame.\" \/>\n<meta property=\"og:url\" content=\"https:\/\/www.mes-allocs.fr\/guides\/aide-mobilite\/garage-solidaire\/ou-faire-sa-mecanique-soi-meme\/\" \/>\n<meta property=\"og:site_name\" content=\"Mes-Allocs.fr\" \/>\n<meta property=\"article:published_time\" content=\"2022-02-28T11:07:36+00:00\" \/>\n<meta property=\"article:modified_time\" content=\"2025-07-01T13:58:13+00:00\" \/>\n<meta property=\"og:image\" content=\"https:\/\/www.mes-allocs.fr\/guides\/wp-content\/uploads\/2022\/02\/Ou-faire-sa-mecanique-soi-meme-2.jpg?wsr\" \/>\n\t<meta property=\"og:image:width\" content=\"1280\" \/>\n\t<meta property=\"og:image:height\" content=\"853\" \/>\n<meta name=\"twitter:card\" content=\"summary_large_image\" \/>\n<script type=\"application\/ld+json\" class=\"yoast-schema-graph\">{\"@context\":\"https:\/\/schema.org\",\"@graph\":[{\"@type\":\"WebSite\",\"@id\":\"https:\/\/www.mes-allocs.fr\/guides\/#website\",\"url\":\"https:\/\/www.mes-allocs.fr\/guides\/\",\"name\":\"Mes-Allocs.fr\",\"description\":\"\",\"potentialAction\":[{\"@type\":\"SearchAction\",\"target\":\"https:\/\/www.mes-allocs.fr\/guides\/?s={search_term_string}\",\"query-input\":\"required name=search_term_string\"}],\"inLanguage\":\"fr-FR\"},{\"@type\":\"ImageObject\",\"@id\":\"https:\/\/www.mes-allocs.fr\/guides\/aide-mobilite\/garage-solidaire\/ou-faire-sa-mecanique-soi-meme\/#primaryimage\",\"inLanguage\":\"fr-FR\",\"url\":\"https:\/\/www.mes-allocs.fr\/guides\/wp-content\/uploads\/2022\/02\/Ou-faire-sa-mecanique-soi-meme-2.jpg?wsr\",\"width\":1280,\"height\":853,\"caption\":\"Ou faire sa mecanique soi meme\"},{\"@type\":\"WebPage\",\"@id\":\"https:\/\/www.mes-allocs.fr\/guides\/aide-mobilite\/garage-solidaire\/ou-faire-sa-mecanique-soi-meme\/#webpage\",\"url\":\"https:\/\/www.mes-allocs.fr\/guides\/aide-mobilite\/garage-solidaire\/ou-faire-sa-mecanique-soi-meme\/\",\"name\":\"O\\u00f9 faire sa m\\u00e9canique soi-m\\u00eame ? | Mes-Allocs.fr\",\"isPartOf\":{\"@id\":\"https:\/\/www.mes-allocs.fr\/guides\/#website\"},\"primaryImageOfPage\":{\"@id\":\"https:\/\/www.mes-allocs.fr\/guides\/aide-mobilite\/garage-solidaire\/ou-faire-sa-mecanique-soi-meme\/#primaryimage\"},\"datePublished\":\"2022-02-28T11:07:36+00:00\",\"dateModified\":\"2025-07-01T13:58:13+00:00\",\"author\":{\"@id\":\"https:\/\/www.mes-allocs.fr\/guides\/#\/schema\/person\/a3de97298fd0ffc005ebdd5628b03ca8\"},\"description\":\"Un garage libre-service permets aux personnes de r\\u00e9parer eux-m\\u00eames leur voiture. Mes Allocs vous explique o\\u00f9 faire sa m\\u00e9canique soi-m\\u00eame.\",\"inLanguage\":\"fr-FR\"},{\"@type\":\"Person\",\"@id\":\"https:\/\/www.mes-allocs.fr\/guides\/#\/schema\/person\/a3de97298fd0ffc005ebdd5628b03ca8\",\"name\":\"Marina Ada Ondo\",\"image\":{\"@type\":\"ImageObject\",\"@id\":\"https:\/\/www.mes-allocs.fr\/guides\/#personlogo\",\"inLanguage\":\"fr-FR\",\"url\":\"https:\/\/www.mes-allocs.fr\/guides\/wp-content\/uploads\/2022\/02\/Photo-de-profil-150x150.png\",\"caption\":\"Marina Ada Ondo\"},\"description\":\"Marina est r\\u00e9dactrice au sein de l'\\u00e9quipe Mes Allocs, sp\\u00e9cialis\\u00e9e sur les aides aux jeunes. Dipl\\u00f4m\\u00e9e de l'ISFJ, elle rejoint Mes Allocs apr\\u00e8s une premi\\u00e8re exp\\u00e9rience en communication chez Little Africa, une agence de communication \\u00e0 Paris. Sur son temps libre, Marina lit beaucoup et passe ses dimanches au mus\\u00e9e.\",\"sameAs\":[\"https:\/\/www.linkedin.com\/in\/marinaadaondo\/\"]}]}<\/script>\n<!-- \/ Yoast SEO plugin. -->","amp_validity":null,"acf":{"faq":{"1":{"question":"Ou bricoler sa voiture quand on a pas de garage ?","answer":"Vous pouvez effectuer votre propre r\u00e9paration et entretien dans des garages libre-service ou des garages solidaires. "},"2":{"question":"O\u00f9 Peut-on r\u00e9parer sa voiture Soi-m\u00eame ?","answer":"Un garage associatif ou garage solidaire, permet de r\u00e9parer soi-m\u00eame, ou de faire r\u00e9parer son v\u00e9hicule \u00e0 moindre co\u00fbt."},"3":{"question":"Qui a le droit au garage solidaire ?","answer":"Les garages solidaires s'adressent aux personnes qui n'ont pas suffisamment de ressources et qui ne peuvent pas r\u00e9parer leur v\u00e9hicule \u00e0 leur frais. "},"4":{"question":"Comment fonctionne un garage automobile ?","answer":"Un atelier de r\u00e9paration automobile, aussi appel\u00e9 \u00ab garage \u00bb, est une entreprise effectuant l'entretien courant et la r\u00e9paration des v\u00e9hicules automobiles. Si vos moyens financiers ne vous permettent pas de vous rendre dans un garage classique, vous avez le garage libre-service comme alternative. "},"5":{"question":"Quelles sont les diff\u00e9rentes \u00e9tapes \u00e0 suivre pour cr\u00e9er un garage solidaire ?","answer":"Pour cr\u00e9er votre garage solidaire, vous devez :\r\n- valider le besoin social,\r\n- d\u00e9finir les activit\u00e9s et le mod\u00e8le \u00e9conomique,\r\n- \u00e9valuer son impact,\r\n- etc."},"6":{"question":"","answer":""},"7":{"question":"","answer":""},"8":{"question":"","answer":""},"9":{"question":"","answer":""},"10":{"question":"","answer":""},"11":{"question":"","answer":""},"12":{"question":"","answer":""},"13":{"question":"","answer":""},"14":{"question":"","answer":""},"15":{"question":"","answer":""},"16":{"question":"","answer":""}}},"_links":{"self":[{"href":"https:\/\/www.mes-allocs.fr\/guides\/wp-json\/wp\/v2\/posts\/44436","targetHints":{"allow":["GET"]}}],"collection":[{"href":"https:\/\/www.mes-allocs.fr\/guides\/wp-json\/wp\/v2\/posts"}],"about":[{"href":"https:\/\/www.mes-allocs.fr\/guides\/wp-json\/wp\/v2\/types\/post"}],"author":[{"embeddable":true,"href":"https:\/\/www.mes-allocs.fr\/guides\/wp-json\/wp\/v2\/users\/14"}],"replies":[{"embeddable":true,"href":"https:\/\/www.mes-allocs.fr\/guides\/wp-json\/wp\/v2\/comments?post=44436"}],"version-history":[{"count":9,"href":"https:\/\/www.mes-allocs.fr\/guides\/wp-json\/wp\/v2\/posts\/44436\/revisions"}],"predecessor-version":[{"id":101382,"href":"https:\/\/www.mes-allocs.fr\/guides\/wp-json\/wp\/v2\/posts\/44436\/revisions\/101382"}],"wp:featuredmedia":[{"embeddable":true,"href":"https:\/\/www.mes-allocs.fr\/guides\/wp-json\/wp\/v2\/media\/44485"}],"wp:attachment":[{"href":"https:\/\/www.mes-allocs.fr\/guides\/wp-json\/wp\/v2\/media?parent=44436"}],"wp:term":[{"taxonomy":"category","embeddable":true,"href":"https:\/\/www.mes-allocs.fr\/guides\/wp-json\/wp\/v2\/categories?post=44436"},{"taxonomy":"post_tag","embeddable":true,"href":"https:\/\/www.mes-allocs.fr\/guides\/wp-json\/wp\/v2\/tags?post=44436"}],"curies":[{"name":"wp","href":"https:\/\/api.w.org\/{rel}","templated":true}]}}