{"id":44393,"date":"2022-02-03T17:10:41","date_gmt":"2022-02-03T15:10:41","guid":{"rendered":"https:\/\/www.mes-allocs.fr\/guides\/?p=44393"},"modified":"2026-04-03T15:07:19","modified_gmt":"2026-04-03T14:07:19","slug":"gerant-non-salarie-rsa","status":"publish","type":"post","link":"https:\/\/www.mes-allocs.fr\/guides\/rsa\/rsa-statut\/gerant-non-salarie-rsa\/","title":{"rendered":"Je suis g\u00e9rant non salari\u00e9, ai-je droit au RSA ?"},"content":{"rendered":"<p><img loading=\"lazy\" decoding=\"async\" class=\"aligncenter wp-image-44394 size-full\" title=\"chef dentreprise\" src=\"https:\/\/www.mes-allocs.fr\/guides\/wp-content\/uploads\/2022\/02\/chef-dentreprise-e1685550374602.jpeg\" alt=\"je suis gerant non salarie ai je droit au rsa\" width=\"1125\" height=\"233\" srcset=\"https:\/\/www.mes-allocs.fr\/guides\/wp-content\/uploads\/2022\/02\/chef-dentreprise-e1685550374602.jpeg 1125w, https:\/\/www.mes-allocs.fr\/guides\/wp-content\/uploads\/2022\/02\/chef-dentreprise-e1685550374602-300x62.jpeg 300w, https:\/\/www.mes-allocs.fr\/guides\/wp-content\/uploads\/2022\/02\/chef-dentreprise-e1685550374602-1024x212.jpeg 1024w, https:\/\/www.mes-allocs.fr\/guides\/wp-content\/uploads\/2022\/02\/chef-dentreprise-e1685550374602-768x159.jpeg 768w, https:\/\/www.mes-allocs.fr\/guides\/wp-content\/uploads\/2022\/02\/chef-dentreprise-e1685550374602-600x124.jpeg 600w\" sizes=\"auto, (max-width: 1125px) 100vw, 1125px\" \/><\/p>\n<p style=\"text-align: justify;\">[Mis \u00e0 jour le 03\/04\/2026] Le <a href=\"https:\/\/www.mes-allocs.fr\/guides\/rsa\">RSA<\/a> est une aide sociale accord\u00e9e par la Caisse d&rsquo;Allocations Familiales. Elle b\u00e9n\u00e9ficie aux personnes ayant aucun ou de faibles revenus. Dans cet article, nous allons voir si en tant que g\u00e9rant non salari\u00e9, vous pouvez b\u00e9n\u00e9ficier du RSA en 2026.<\/p>\n<div class='cta-block'><div class='text'>Simulez vos aides en 2 min.<\/div><a href='https:\/\/www.mes-allocs.fr\/ab-app?origin=guides\/wp-json\/wp\/v2\/posts\/44393' class='app-button fit'>Simulation gratuite<\/a><\/div>\n<h1 style=\"text-align: justify;\"><span id=\"Quest-ce_que_le_RSA\">Qu\u2019est-ce que le RSA ?<\/span><\/h1>\n<h2 class=\"amp-wp-7d27179\" style=\"text-align: justify;\" data-amp-original-style=\"text-align: justify;\"><span id=\"Definition1\">D\u00e9finition<\/span><\/h2>\n<p class=\"amp-wp-7d27179\" style=\"text-align: justify;\" data-amp-original-style=\"text-align: justify;\">Le Revenu de Solidarit\u00e9 Active (RSA) est une prestation financi\u00e8re qui est vers\u00e9e par la Caisse nationale des Allocations Familiales. Elle permet aux personnes ayant un faible revenu ou n\u2019ayant pas de revenu de b\u00e9n\u00e9ficier d\u2019un compl\u00e9ment qui lui garantira un revenu minimal pour vivre.<\/p>\n<p class=\"amp-wp-7d27179\" style=\"text-align: justify;\" data-amp-original-style=\"text-align: justify;\">L\u2019organisme qui g\u00e8re cette aide et le conseil d\u00e9partemental. Le RSA est vers\u00e9 par les diff\u00e9rentes caisses, la CAF ou la Mutualit\u00e9 Sociale Agricole (MSA). En contrepartie de cette somme per\u00e7ue par les allocataires, ils ont une obligation de chercher une activit\u00e9 professionnelle. Pour en b\u00e9n\u00e9ficier, vous devez donc faire la demande de RSA aupr\u00e8s de votre CAF.<\/p>\n<p class=\"amp-wp-7d27179\" style=\"text-align: justify;\" data-amp-original-style=\"text-align: justify;\">Cette activit\u00e9 professionnelle peut correspondre \u00e0 la recherche d\u2019un emploi, \u00e0 une formation ou un stage. Le RSA, dans le cadre des politiques sociales en France s\u2019inscrit dans les aides solidaires.<\/p>\n<p class=\"amp-wp-7d27179\" style=\"text-align: justify;\" data-amp-original-style=\"text-align: justify;\">La prime d&rsquo;activit\u00e9 remplace le RSA activit\u00e9 et la prime pour l\u2019emploi depuis janvier 2016. Ce qu\u2019il reste du RSA, c\u2019est le \u201cRSA socle\u201d qui \u00e9tait la deuxi\u00e8me composante du RSA jusqu\u2019en 2016.\u00a0<sup id=\"cite_ref-4\" class=\"reference\"><\/sup><\/p>\n<h2 class=\"amp-wp-7d27179\" style=\"text-align: justify;\" data-amp-original-style=\"text-align: justify;\"><span id=\"Conditions_dattribution\">Conditions d\u2019attribution<\/span><\/h2>\n<p class=\"amp-wp-7d27179\" style=\"text-align: justify;\" data-amp-original-style=\"text-align: justify;\">Comme pour toutes les aides sociales de la CAF, pour b\u00e9n\u00e9ficier du RSA, il faut r\u00e9pondre \u00e0 <a href=\"https:\/\/www.mes-allocs.fr\/guides\/rsa\/conditions-rsa\">certaines conditions<\/a>. \u00a0Premi\u00e8rement, les b\u00e9n\u00e9ficiaires du RSA doivent \u00eatre \u00e2g\u00e9s de plus de 25 ans. Une d\u00e9rogation peut \u00eatre faite si vous \u00eates enceinte ou que vous avez un enfant \u00e0 charge.<\/p>\n<p class=\"amp-wp-7d27179\" style=\"text-align: justify;\" data-amp-original-style=\"text-align: justify;\">Si vous avez entre 18 et 25 ans, vous pouvez aussi en b\u00e9n\u00e9ficier. Seulement il faut que sur les trois derni\u00e8res ann\u00e9es, vous ayez exerc\u00e9 une activit\u00e9 \u00e0 plein temps sur deux ans minimums. Cette sp\u00e9cificit\u00e9 est nomm\u00e9e <a href=\"https:\/\/www.mes-allocs.fr\/guides\/rsa\/rsa-jeune\">le RSA Jeune<\/a>.<\/p>\n<p class=\"amp-wp-7d27179\" style=\"text-align: justify;\" data-amp-original-style=\"text-align: justify;\">Au-del\u00e0 de ces sp\u00e9cialit\u00e9s, voici les conditions d\u2019attribution :<\/p>\n<ul class=\"amp-wp-7d27179\" style=\"text-align: justify;\" data-amp-original-style=\"text-align: justify;\">\n<li class=\"amp-wp-7d27179\" data-amp-original-style=\"text-align: justify;\"><span class=\"amp-wp-fe3f5cc\" data-amp-original-style=\"font-weight: 400;\">Vous habitez en France de fa\u00e7on stable, plus de 6 mois par an<\/span><\/li>\n<li class=\"amp-wp-7d27179\" data-amp-original-style=\"text-align: justify;\"><span class=\"amp-wp-fe3f5cc\" data-amp-original-style=\"font-weight: 400;\">Vous devez \u00eatre de nationalit\u00e9 fran\u00e7aise, citoyen de l\u2019Espace \u00c9conomique Europ\u00e9en (EEE), suisse tout en vous justifiant d\u2019un droit de s\u00e9jour, ou enfin vous \u00eates ressortissant d\u2019un autre pays et vous r\u00e9sidez en France depuis 5 ans\u00a0<\/span><\/li>\n<li class=\"amp-wp-7d27179\" data-amp-original-style=\"text-align: justify;\"><span class=\"amp-wp-fe3f5cc\" data-amp-original-style=\"font-weight: 400;\">Les ressources mensuelles moyennes de votre foyer pendant les 3 mois qui pr\u00e9c\u00e8dent votre demande ne doivent pas d\u00e9passer un certain seuil (voir le montant plus bas). <\/span><\/li>\n<li class=\"amp-wp-7d27179\" data-amp-original-style=\"text-align: justify;\"><span class=\"amp-wp-fe3f5cc\" data-amp-original-style=\"font-weight: 400;\">Vous devez avoir fait valoir vos droits concernant toute autre prestation sociale (comme l\u2019allocation ch\u00f4mage, la retraite) \u00e0 laquelle vous pouvez pr\u00e9tendre. Autrement dit, vous ne pouvez percevoir le RSA que si vous n\u2019avez pas ou plus le droit \u00e0 une autre aide, par exemple \u00e0 la fin de votre p\u00e9riode d\u2019indemnisation de ch\u00f4mage.<\/span><\/li>\n<\/ul>\n<p style=\"text-align: justify;\"><div class='cta-block'><div class='text'>Simulez vos aides en 2 min.<\/div><a href='https:\/\/www.mes-allocs.fr\/ab-app?origin=guides\/wp-json\/wp\/v2\/posts\/44393' class='app-button fit'>Simulation gratuite<\/a><\/div><\/p>\n<h2 class=\"amp-wp-7d27179\" style=\"text-align: justify;\" data-amp-original-style=\"text-align: justify;\"><span id=\"Montant_du_RSA\">Montant du RSA<\/span><\/h2>\n<p class=\"amp-wp-7d27179 amp-wp-7d27179\" style=\"text-align: justify;\" data-amp-original-style=\"text-align: justify;\"><span class=\"amp-wp-fe3f5cc\" data-amp-original-style=\"font-weight: 400;\">Le montant du RSA est variable d\u2019une personne \u00e0 une autre. Il est calcul\u00e9 selon vos ressources. Dans les faits, le RSA est en r\u00e9alit\u00e9 <\/span>la diff\u00e9rence entre le montant maximum du RSA et vos revenus moyens des 3 derniers mois pr\u00e9c\u00e9dant votre demande<span class=\"amp-wp-fe3f5cc\" data-amp-original-style=\"font-weight: 400;\">, incluant les prestations familiales. Attention, certaines prestations familiales ne sont pas prises en compte dans le calcul.<\/span><\/p>\n<p class=\"amp-wp-7d27179 amp-wp-7d27179\" style=\"text-align: justify;\" data-amp-original-style=\"text-align: justify;\"><span class=\"amp-wp-fe3f5cc\" data-amp-original-style=\"font-weight: 400;\">L\u2019aide ne sera pas per\u00e7ue si elles se r\u00e9v\u00e8le \u00eatre inf\u00e9rieure \u00e0 6\u00ad \u20ac par mois. Dans le d\u00e9tail, voici le montant du RSA forfaitaire selon les situations. Ces montants sont appliqu\u00e9s <strong>jusqu&rsquo;au 31 mars 2027<\/strong> et seront revaloris\u00e9s le 1er avril 2027.\u00a0<\/span><\/p>\n<p class=\"amp-wp-7d27179\" style=\"text-align: justify;\" data-amp-original-style=\"text-align: justify;\"><span data-sheets-value=\"{&quot;1&quot;:2,&quot;2&quot;:&quot;\n&lt;div class=&quot;wpdt-c row wpDataTableContainerSimpleTable wpDataTables wpDataTablesWrapper\n&quot;\n    &gt;\n    &lt;table id=&quot;wpdtSimpleTable-3&quot;\n           class=&quot;wpdtSimpleTable wpDataTable&quot;\n           data-column=&quot;2&quot;\n           data-rows=&quot;5&quot;\n           data-wpID=&quot;3&quot;\n           data-responsive=&quot;0&quot;\n           data-has-header=&quot;1&quot;&gt;\n\n                    &lt;thead&gt;        &lt;tr class=&quot;wpdt-cell-row &quot; &gt;\n                            &lt;th class=&quot;wpdt-cell wpdt-bc-F3F9FE wpdt-bold&quot;\n                                    data-cell-id=&quot;A1&quot;\n                data-col-index=&quot;0&quot;\n                data-row-index=&quot;0&quot;\n                style=&quot; width:48.571428571429%;                padding:10px;&quot;\n                &gt;\n                                Situation familiale                &lt;\/th&gt;\n                                            &lt;th class=&quot;wpdt-cell wpdt-bc-F3F9FE wpdt-bold&quot;\n                                    data-cell-id=&quot;B1&quot;\n                data-col-index=&quot;1&quot;\n                data-row-index=&quot;0&quot;\n                style=&quot; width:51.428571428571%;                padding:10px;&quot;\n                &gt;\n                                Montant pour une personne seule avant d\u00e9duction du forfait logement                &lt;\/th&gt;\n                                        &lt;\/tr&gt;\n                    &lt;tbody&gt;        &lt;tr class=&quot;wpdt-cell-row &quot; &gt;\n                            &lt;td class=&quot;wpdt-cell &quot;\n                                    data-cell-id=&quot;A2&quot;\n                data-col-index=&quot;0&quot;\n                data-row-index=&quot;1&quot;\n                style=&quot;                padding:10px;&quot;\n                &gt;\n                                Personne seule sans enfant                &lt;\/td&gt;\n                                            &lt;td class=&quot;wpdt-cell &quot;\n                                    data-cell-id=&quot;B2&quot;\n                data-col-index=&quot;1&quot;\n                data-row-index=&quot;1&quot;\n                style=&quot;                padding:10px;&quot;\n                &gt;\n                                651,69 \u20ac                &lt;\/td&gt;\n                                        &lt;\/tr&gt;\n                            &lt;tr class=&quot;wpdt-cell-row &quot; &gt;\n                            &lt;td class=&quot;wpdt-cell &quot;\n                                    data-cell-id=&quot;A3&quot;\n                data-col-index=&quot;0&quot;\n                data-row-index=&quot;2&quot;\n                style=&quot;                padding:10px;&quot;\n                &gt;\n                                Personne seule avec 1 enfant                &lt;\/td&gt;\n                                            &lt;td class=&quot;wpdt-cell &quot;\n                                    data-cell-id=&quot;B3&quot;\n                data-col-index=&quot;1&quot;\n                data-row-index=&quot;2&quot;\n                style=&quot;                padding:10px;&quot;\n                &gt;\n                                977,54 \u20ac                &lt;\/td&gt;\n                                        &lt;\/tr&gt;\n                            &lt;tr class=&quot;wpdt-cell-row &quot; &gt;\n                            &lt;td class=&quot;wpdt-cell &quot;\n                                    data-cell-id=&quot;A4&quot;\n                data-col-index=&quot;0&quot;\n                data-row-index=&quot;3&quot;\n                style=&quot;                padding:10px;&quot;\n                &gt;\n                                Personne seule avec 2 enfants                &lt;\/td&gt;\n                                            &lt;td class=&quot;wpdt-cell &quot;\n                                    data-cell-id=&quot;B4&quot;\n                data-col-index=&quot;1&quot;\n                data-row-index=&quot;3&quot;\n                style=&quot;                padding:10px;&quot;\n                &gt;\n                                1 173,05 \u20ac                &lt;\/td&gt;\n                                        &lt;\/tr&gt;\n                            &lt;tr class=&quot;wpdt-cell-row &quot; &gt;\n                            &lt;td class=&quot;wpdt-cell &quot;\n                                    data-cell-id=&quot;A5&quot;\n                data-col-index=&quot;0&quot;\n                data-row-index=&quot;4&quot;\n                style=&quot;                padding:10px;&quot;\n                &gt;\n                                Par enfant suppl\u00e9mentaire                &lt;\/td&gt;\n                                            &lt;td class=&quot;wpdt-cell &quot;\n                                    data-cell-id=&quot;B5&quot;\n                data-col-index=&quot;1&quot;\n                data-row-index=&quot;4&quot;\n                style=&quot;                padding:10px;&quot;\n                &gt;\n                                + 260,68 \u20ac                &lt;\/td&gt;\n                                        &lt;\/tr&gt;\n                    &lt;\/table&gt;\n&lt;\/div&gt;&lt;style id=&#039;wpdt-custom-style-3&#039;&gt;\ntable#wpdtSimpleTable-3{ table-layout: fixed !important; }\n.wpdt-bc-F3F9FE { background-color: #F3F9FE !important;}\n&lt;\/style&gt;\n&quot;}\" data-sheets-userformat=\"{&quot;2&quot;:637,&quot;3&quot;:{&quot;1&quot;:0},&quot;5&quot;:{&quot;1&quot;:[{&quot;1&quot;:2,&quot;2&quot;:0,&quot;5&quot;:{&quot;1&quot;:2,&quot;2&quot;:0}},{&quot;1&quot;:0,&quot;2&quot;:0,&quot;3&quot;:3},{&quot;1&quot;:1,&quot;2&quot;:0,&quot;4&quot;:1}]},&quot;6&quot;:{&quot;1&quot;:[{&quot;1&quot;:2,&quot;2&quot;:0,&quot;5&quot;:{&quot;1&quot;:2,&quot;2&quot;:0}},{&quot;1&quot;:0,&quot;2&quot;:0,&quot;3&quot;:3},{&quot;1&quot;:1,&quot;2&quot;:0,&quot;4&quot;:1}]},&quot;7&quot;:{&quot;1&quot;:[{&quot;1&quot;:2,&quot;2&quot;:0,&quot;5&quot;:{&quot;1&quot;:2,&quot;2&quot;:0}},{&quot;1&quot;:0,&quot;2&quot;:0,&quot;3&quot;:3},{&quot;1&quot;:1,&quot;2&quot;:0,&quot;4&quot;:1}]},&quot;8&quot;:{&quot;1&quot;:[{&quot;1&quot;:2,&quot;2&quot;:0,&quot;5&quot;:{&quot;1&quot;:2,&quot;2&quot;:0}},{&quot;1&quot;:0,&quot;2&quot;:0,&quot;3&quot;:3},{&quot;1&quot;:1,&quot;2&quot;:0,&quot;4&quot;:1}]},&quot;9&quot;:1,&quot;12&quot;:0}\">\n<div class=\"wpdt-c row wpDataTableContainerSimpleTable wpDataTables wpDataTablesWrapper\n\"\n    >\n    <table id=\"wpdtSimpleTable-3\"\n           class=\"wpdtSimpleTable wpDataTable\"\n           data-column=\"2\"\n           data-rows=\"5\"\n           data-wpID=\"3\"\n           data-responsive=\"0\"\n           data-has-header=\"1\">\n\n                    <thead>        <tr class=\"wpdt-cell-row \" >\n                            <th class=\"wpdt-cell wpdt-bc-F3F9FE wpdt-bold\"\n                                    data-cell-id=\"A1\"\n                data-col-index=\"0\"\n                data-row-index=\"0\"\n                style=\" width:48.571428571429%;                padding:10px;\"\n                >\n                                Situation familiale                <\/th>\n                                            <th class=\"wpdt-cell wpdt-bc-F3F9FE wpdt-bold\"\n                                    data-cell-id=\"B1\"\n                data-col-index=\"1\"\n                data-row-index=\"0\"\n                style=\" width:51.428571428571%;                padding:10px;\"\n                >\n                                Montant pour une personne seule avant d\u00e9duction du forfait logement                <\/th>\n                                        <\/tr>\n                    <tbody>        <tr class=\"wpdt-cell-row \" >\n                            <td class=\"wpdt-cell \"\n                                    data-cell-id=\"A2\"\n                data-col-index=\"0\"\n                data-row-index=\"1\"\n                style=\"                padding:10px;\"\n                >\n                                Personne seule sans enfant                <\/td>\n                                            <td class=\"wpdt-cell \"\n                                    data-cell-id=\"B2\"\n                data-col-index=\"1\"\n                data-row-index=\"1\"\n                style=\"                padding:10px;\"\n                >\n                                651,69 \u20ac                <\/td>\n                                        <\/tr>\n                            <tr class=\"wpdt-cell-row \" >\n                            <td class=\"wpdt-cell \"\n                                    data-cell-id=\"A3\"\n                data-col-index=\"0\"\n                data-row-index=\"2\"\n                style=\"                padding:10px;\"\n                >\n                                Personne seule avec 1 enfant                <\/td>\n                                            <td class=\"wpdt-cell \"\n                                    data-cell-id=\"B3\"\n                data-col-index=\"1\"\n                data-row-index=\"2\"\n                style=\"                padding:10px;\"\n                >\n                                977,54 \u20ac                <\/td>\n                                        <\/tr>\n                            <tr class=\"wpdt-cell-row \" >\n                            <td class=\"wpdt-cell \"\n                                    data-cell-id=\"A4\"\n                data-col-index=\"0\"\n                data-row-index=\"3\"\n                style=\"                padding:10px;\"\n                >\n                                Personne seule avec 2 enfants                <\/td>\n                                            <td class=\"wpdt-cell \"\n                                    data-cell-id=\"B4\"\n                data-col-index=\"1\"\n                data-row-index=\"3\"\n                style=\"                padding:10px;\"\n                >\n                                1 173,05 \u20ac                <\/td>\n                                        <\/tr>\n                            <tr class=\"wpdt-cell-row \" >\n                            <td class=\"wpdt-cell \"\n                                    data-cell-id=\"A5\"\n                data-col-index=\"0\"\n                data-row-index=\"4\"\n                style=\"                padding:10px;\"\n                >\n                                Par enfant suppl\u00e9mentaire                <\/td>\n                                            <td class=\"wpdt-cell \"\n                                    data-cell-id=\"B5\"\n                data-col-index=\"1\"\n                data-row-index=\"4\"\n                style=\"                padding:10px;\"\n                >\n                                + 260,68 \u20ac                <\/td>\n                                        <\/tr>\n                    <\/table>\n<\/div><style id='wpdt-custom-style-3'>\ntable#wpdtSimpleTable-3{ table-layout: fixed !important; }\n.wpdt-bc-F3F9FE { background-color: #F3F9FE !important;}\n<\/style>\n<\/span><\/p>\n<p style=\"text-align: justify;\" data-amp-original-style=\"text-align: justify;\"><span data-sheets-value=\"{&quot;1&quot;:2,&quot;2&quot;:&quot;\n&lt;div class=&quot;wpdt-c row wpDataTableContainerSimpleTable wpDataTables wpDataTablesWrapper\n&quot;\n    &gt;\n    &lt;table id=&quot;wpdtSimpleTable-4&quot;\n           class=&quot;wpdtSimpleTable wpDataTable&quot;\n           data-column=&quot;2&quot;\n           data-rows=&quot;5&quot;\n           data-wpID=&quot;4&quot;\n           data-responsive=&quot;0&quot;\n           data-has-header=&quot;1&quot;&gt;\n\n                    &lt;thead&gt;        &lt;tr class=&quot;wpdt-cell-row &quot; &gt;\n                            &lt;th class=&quot;wpdt-cell wpdt-bc-F3F9FE wpdt-bold&quot;\n                                    data-cell-id=&quot;A1&quot;\n                data-col-index=&quot;0&quot;\n                data-row-index=&quot;0&quot;\n                style=&quot; width:48.571428571429%;                padding:10px;&quot;\n                &gt;\n                                Situation familiale                &lt;\/th&gt;\n                                            &lt;th class=&quot;wpdt-cell wpdt-bc-F3F9FE wpdt-bold&quot;\n                                    data-cell-id=&quot;B1&quot;\n                data-col-index=&quot;1&quot;\n                data-row-index=&quot;0&quot;\n                style=&quot; width:51.428571428571%;                padding:10px;&quot;\n                &gt;\n                                Montant pour un couple avant d\u00e9duction du forfait logement                &lt;\/th&gt;\n                                        &lt;\/tr&gt;\n                    &lt;tbody&gt;        &lt;tr class=&quot;wpdt-cell-row &quot; &gt;\n                            &lt;td class=&quot;wpdt-cell &quot;\n                                    data-cell-id=&quot;A2&quot;\n                data-col-index=&quot;0&quot;\n                data-row-index=&quot;1&quot;\n                style=&quot;                padding:10px;&quot;\n                &gt;\n                                Couple sans enfant                &lt;\/td&gt;\n                                            &lt;td class=&quot;wpdt-cell &quot;\n                                    data-cell-id=&quot;B2&quot;\n                data-col-index=&quot;1&quot;\n                data-row-index=&quot;1&quot;\n                style=&quot;                padding:10px;&quot;\n                &gt;\n                                977,54 \u20ac                &lt;\/td&gt;\n                                        &lt;\/tr&gt;\n                            &lt;tr class=&quot;wpdt-cell-row &quot; &gt;\n                            &lt;td class=&quot;wpdt-cell &quot;\n                                    data-cell-id=&quot;A3&quot;\n                data-col-index=&quot;0&quot;\n                data-row-index=&quot;2&quot;\n                style=&quot;                padding:10px;&quot;\n                &gt;\n                                Couple avec 1 enfant                &lt;\/td&gt;\n                                            &lt;td class=&quot;wpdt-cell &quot;\n                                    data-cell-id=&quot;B3&quot;\n                data-col-index=&quot;1&quot;\n                data-row-index=&quot;2&quot;\n                style=&quot;                padding:10px;&quot;\n                &gt;\n                                1 173,05 \u20ac                &lt;\/td&gt;\n                                        &lt;\/tr&gt;\n                            &lt;tr class=&quot;wpdt-cell-row &quot; &gt;\n                            &lt;td class=&quot;wpdt-cell &quot;\n                                    data-cell-id=&quot;A4&quot;\n                data-col-index=&quot;0&quot;\n                data-row-index=&quot;3&quot;\n                style=&quot;                padding:10px;&quot;\n                &gt;\n                                Couple avec 2 enfants                &lt;\/td&gt;\n                                            &lt;td class=&quot;wpdt-cell &quot;\n                                    data-cell-id=&quot;B4&quot;\n                data-col-index=&quot;1&quot;\n                data-row-index=&quot;3&quot;\n                style=&quot;                padding:10px;&quot;\n                &gt;\n                                1 368,56 \u20ac                &lt;\/td&gt;\n                                        &lt;\/tr&gt;\n                            &lt;tr class=&quot;wpdt-cell-row &quot; &gt;\n                            &lt;td class=&quot;wpdt-cell &quot;\n                                    data-cell-id=&quot;A5&quot;\n                data-col-index=&quot;0&quot;\n                data-row-index=&quot;4&quot;\n                style=&quot;                padding:10px;&quot;\n                &gt;\n                                Par enfant suppl\u00e9mentaire                &lt;\/td&gt;\n                                            &lt;td class=&quot;wpdt-cell &quot;\n                                    data-cell-id=&quot;B5&quot;\n                data-col-index=&quot;1&quot;\n                data-row-index=&quot;4&quot;\n                style=&quot;                padding:10px;&quot;\n                &gt;\n                                + 260,68 \u20ac                &lt;\/td&gt;\n                                        &lt;\/tr&gt;\n                    &lt;\/table&gt;\n&lt;\/div&gt;&lt;style id=&#039;wpdt-custom-style-4&#039;&gt;\ntable#wpdtSimpleTable-4{ table-layout: fixed !important; }\ntable#wpdtSimpleTable-4 td, table.wpdtSimpleTable4 th { white-space: normal !important; }\n.wpdt-bc-F3F9FE { background-color: #F3F9FE !important;}\n&lt;\/style&gt;\n&quot;}\" data-sheets-userformat=\"{&quot;2&quot;:637,&quot;3&quot;:{&quot;1&quot;:0},&quot;5&quot;:{&quot;1&quot;:[{&quot;1&quot;:2,&quot;2&quot;:0,&quot;5&quot;:{&quot;1&quot;:2,&quot;2&quot;:0}},{&quot;1&quot;:0,&quot;2&quot;:0,&quot;3&quot;:3},{&quot;1&quot;:1,&quot;2&quot;:0,&quot;4&quot;:1}]},&quot;6&quot;:{&quot;1&quot;:[{&quot;1&quot;:2,&quot;2&quot;:0,&quot;5&quot;:{&quot;1&quot;:2,&quot;2&quot;:0}},{&quot;1&quot;:0,&quot;2&quot;:0,&quot;3&quot;:3},{&quot;1&quot;:1,&quot;2&quot;:0,&quot;4&quot;:1}]},&quot;7&quot;:{&quot;1&quot;:[{&quot;1&quot;:2,&quot;2&quot;:0,&quot;5&quot;:{&quot;1&quot;:2,&quot;2&quot;:0}},{&quot;1&quot;:0,&quot;2&quot;:0,&quot;3&quot;:3},{&quot;1&quot;:1,&quot;2&quot;:0,&quot;4&quot;:1}]},&quot;8&quot;:{&quot;1&quot;:[{&quot;1&quot;:2,&quot;2&quot;:0,&quot;5&quot;:{&quot;1&quot;:2,&quot;2&quot;:0}},{&quot;1&quot;:0,&quot;2&quot;:0,&quot;3&quot;:3},{&quot;1&quot;:1,&quot;2&quot;:0,&quot;4&quot;:1}]},&quot;9&quot;:1,&quot;12&quot;:0}\">\n<div class=\"wpdt-c row wpDataTableContainerSimpleTable wpDataTables wpDataTablesWrapper\n\"\n    >\n    <table id=\"wpdtSimpleTable-4\"\n           class=\"wpdtSimpleTable wpDataTable\"\n           data-column=\"2\"\n           data-rows=\"5\"\n           data-wpID=\"4\"\n           data-responsive=\"0\"\n           data-has-header=\"1\">\n\n                    <thead>        <tr class=\"wpdt-cell-row \" >\n                            <th class=\"wpdt-cell wpdt-bc-F3F9FE wpdt-bold\"\n                                    data-cell-id=\"A1\"\n                data-col-index=\"0\"\n                data-row-index=\"0\"\n                style=\" width:48.571428571429%;                padding:10px;\"\n                >\n                                Situation familiale                <\/th>\n                                            <th class=\"wpdt-cell wpdt-bc-F3F9FE wpdt-bold\"\n                                    data-cell-id=\"B1\"\n                data-col-index=\"1\"\n                data-row-index=\"0\"\n                style=\" width:51.428571428571%;                padding:10px;\"\n                >\n                                Montant pour un couple avant d\u00e9duction du forfait logement                <\/th>\n                                        <\/tr>\n                    <tbody>        <tr class=\"wpdt-cell-row \" >\n                            <td class=\"wpdt-cell \"\n                                    data-cell-id=\"A2\"\n                data-col-index=\"0\"\n                data-row-index=\"1\"\n                style=\"                padding:10px;\"\n                >\n                                Couple sans enfant                <\/td>\n                                            <td class=\"wpdt-cell \"\n                                    data-cell-id=\"B2\"\n                data-col-index=\"1\"\n                data-row-index=\"1\"\n                style=\"                padding:10px;\"\n                >\n                                977,54 \u20ac                <\/td>\n                                        <\/tr>\n                            <tr class=\"wpdt-cell-row \" >\n                            <td class=\"wpdt-cell \"\n                                    data-cell-id=\"A3\"\n                data-col-index=\"0\"\n                data-row-index=\"2\"\n                style=\"                padding:10px;\"\n                >\n                                Couple avec 1 enfant                <\/td>\n                                            <td class=\"wpdt-cell \"\n                                    data-cell-id=\"B3\"\n                data-col-index=\"1\"\n                data-row-index=\"2\"\n                style=\"                padding:10px;\"\n                >\n                                1 173,05 \u20ac                <\/td>\n                                        <\/tr>\n                            <tr class=\"wpdt-cell-row \" >\n                            <td class=\"wpdt-cell \"\n                                    data-cell-id=\"A4\"\n                data-col-index=\"0\"\n                data-row-index=\"3\"\n                style=\"                padding:10px;\"\n                >\n                                Couple avec 2 enfants                <\/td>\n                                            <td class=\"wpdt-cell \"\n                                    data-cell-id=\"B4\"\n                data-col-index=\"1\"\n                data-row-index=\"3\"\n                style=\"                padding:10px;\"\n                >\n                                1 368,56 \u20ac                <\/td>\n                                        <\/tr>\n                            <tr class=\"wpdt-cell-row \" >\n                            <td class=\"wpdt-cell \"\n                                    data-cell-id=\"A5\"\n                data-col-index=\"0\"\n                data-row-index=\"4\"\n                style=\"                padding:10px;\"\n                >\n                                Par enfant suppl\u00e9mentaire                <\/td>\n                                            <td class=\"wpdt-cell \"\n                                    data-cell-id=\"B5\"\n                data-col-index=\"1\"\n                data-row-index=\"4\"\n                style=\"                padding:10px;\"\n                >\n                                + 260,68 \u20ac                <\/td>\n                                        <\/tr>\n                    <\/table>\n<\/div><style id='wpdt-custom-style-4'>\ntable#wpdtSimpleTable-4{ table-layout: fixed !important; }\ntable#wpdtSimpleTable-4 td, table.wpdtSimpleTable4 th { white-space: normal !important; }\n.wpdt-bc-F3F9FE { background-color: #F3F9FE !important;}\n<\/style>\n<\/span><\/p>\n<h2 class=\"amp-wp-7d27179\" style=\"text-align: justify;\" data-amp-original-style=\"text-align: justify;\"><span id=\"Le_versement_RSA\">Le versement RSA<\/span><\/h2>\n<p class=\"amp-wp-7d27179\" style=\"text-align: justify;\" data-amp-original-style=\"text-align: justify;\">Tous les mois, la CAF effectue \u00a0un\u00a0virement bancaire afin de proc\u00e9der au paiement\u00a0du RSA. Le versement se fait \u00e0 la m\u00eame date pour tous les allocataires. Pour les nouveaux b\u00e9n\u00e9ficiaires, le 1er paiement du RSA intervient au d\u00e9but du mois suivant la demande, le m\u00eame jour que pour tous les autres allocataires.<\/p>\n<p class=\"amp-wp-7d27179\" style=\"text-align: justify;\" data-amp-original-style=\"text-align: justify;\">La date de versement RSA par la CAF est\u00a0le 5\u00a0de chaque mois. Cependant, selon que ce jour tombe un week-end ou un jour f\u00e9ri\u00e9, cette date peut se voir d\u00e9cal\u00e9e au jour ouvr\u00e9 le plus proche. Il existe un calendrier de la CAF permettant de savoir quand l\u2019allocation va \u00eatre vers\u00e9e.<\/p>\n<p class=\"amp-wp-7d27179\" style=\"text-align: justify;\" data-amp-original-style=\"text-align: justify;\">Il est important de noter que le RSA est vers\u00e9 par la CAF \u00e0 terme \u00e9chu. Cela signifie que les droits acquis au cours d\u2019un mois sont payables le mois suivant. Concr\u00e8tement, pour une personne b\u00e9n\u00e9ficiant du RSA en avril, mai et juin de l\u2019 ann\u00e9e 2026, la date de paiement RSA se fera le 5 mai, le 5 juin et le 6 juillet 2026 sans aucune d\u00e9marche particuli\u00e8re de sa part.<\/p>\n<p class=\"amp-wp-7d27179\" style=\"text-align: justify;\" data-amp-original-style=\"text-align: justify;\">Si la date de paiement se trouve lors d\u2019un jour f\u00e9ri\u00e9 ou tombe un samedi, le paiement se fera le prochain jour ouvr\u00e9.<\/p>\n<p class=\"amp-wp-7d27179\" style=\"text-align: justify;\" data-amp-original-style=\"text-align: justify;\">Cependant, \u00e0 l\u2019issue des 3 mois, l\u2019allocataire doit proc\u00e9der \u00e0 sa d\u00e9claration trimestrielle afin de percevoir de nouveaux droits.<\/p>\n<p data-amp-original-style=\"text-align: justify;\">Depuis <strong data-start=\"7\" data-end=\"26\">mars 2025<\/strong>, la <strong data-start=\"277\" data-end=\"321\">d\u00e9claration trimestrielle est simplifi\u00e9e<\/strong> gr\u00e2ce \u00e0 un <strong data-start=\"333\" data-end=\"358\">formulaire pr\u00e9-rempli<\/strong>, int\u00e9grant automatiquement certains revenus avec la possibilit\u00e9 de corrections. Par ailleurs, les <strong data-start=\"457\" data-end=\"495\">p\u00e9riodes de d\u00e9claration ont chang\u00e9<\/strong>: depuis mars, il faut d\u00e9clarer les revenus de <strong data-start=\"543\" data-end=\"576\">novembre, d\u00e9cembre et janvier<\/strong>, au lieu de <strong data-start=\"589\" data-end=\"621\">d\u00e9cembre, janvier et f\u00e9vrier <\/strong>auparavant. Cette modification vise \u00e0 <strong data-start=\"660\" data-end=\"723\">r\u00e9duire les erreurs et acc\u00e9l\u00e9rer le traitement des dossiers <\/strong>pour un versement plus fluide.<\/p>\n<p>&nbsp;<\/p>\n<p style=\"text-align: center;\"><iframe loading=\"lazy\" src=\"\/\/www.youtube.com\/embed\/2aMlunSI1-U?t=32s\" width=\"560\" height=\"314\" allowfullscreen=\"allowfullscreen\" data-mce-fragment=\"1\"><\/iframe><\/p>\n<p>&nbsp;<\/p>\n<h1 style=\"text-align: justify;\" data-amp-original-style=\"text-align: justify;\">RSA et gestion d&rsquo;entreprise<\/h1>\n<h2 style=\"text-align: justify;\">Puis-je b\u00e9n\u00e9ficier du RSA si je suis g\u00e9rant ?<\/h2>\n<p style=\"text-align: justify;\">Lorsque vous \u00eates g\u00e9rant de votre entreprise, les d\u00e9buts peuvent \u00eatre un peu compliqu\u00e9. De fait,\u00a0vous pouvez percevoir le <abbr tabindex=\"0\" title=\"\" data-sigle=\"R24554\" data-original-title=\"RSA\u00a0:\u00a0Revenu de solidarit\u00e9 active\">RSA<\/abbr> si vous \u00eates travailleur non salari\u00e9\u00a0(entrepreneur, artisan, commer\u00e7ant, saisonnier, &#8230;).<\/p>\n<p style=\"text-align: justify;\">Vous devez remplir les conditions suivantes\u00a0:<\/p>\n<ul style=\"text-align: justify;\">\n<li>Avoir 25 ans ou plus (sauf si vous \u00eates enceinte ou si vous avez d\u00e9j\u00e0 au moins 1 enfant \u00e0 charge),<\/li>\n<li>\u00catre fran\u00e7ais ou <span class=\"tool-tip\" tabindex=\"0\" title=\"\" data-definition=\"R46210\" data-original-title=\"Allemagne, Autriche, Belgique, Bulgarie, Chypre, Croatie, Danemark, Espagne, Estonie, Finlande, Gr\u00e8ce, Hongrie, Irlande, Islande, Italie, Lettonie, Liechtenstein, Lituanie, Luxembourg, Malte, Norv\u00e8ge, Pays-Bas, Pologne, Portugal, R\u00e9publique tch\u00e8que, Roumanie, Slovaquie, Slov\u00e9nie, Su\u00e8de et Suisse.\">europ\u00e9en<span class=\"sr-only no-print\">: Allemagne, Autriche, Belgique, Bulgarie, Chypre, Croatie, Danemark, Espagne, Estonie, Finlande, Gr\u00e8ce, Hongrie, Irlande, Islande, Italie, Lettonie, Liechtenstein, Lituanie, Luxembourg, Malte, Norv\u00e8ge, Pays-Bas, Pologne, Portugal, R\u00e9publique tch\u00e8que, Roumanie, Slovaquie, Slov\u00e9nie, Su\u00e8de et Suisse.<\/span><\/span> ayant droit au s\u00e9jour ou \u00e9tranger en <span class=\"tool-tip\" tabindex=\"0\" title=\"\" data-definition=\"R42199\" data-original-title=\"Situation d'un \u00e9tranger en possession des documents l'autorisant \u00e0 demeurer sur le territoire fran\u00e7ais\">situation r\u00e9guli\u00e8re<span class=\"sr-only no-print\">: Situation d&rsquo;un \u00e9tranger en possession des documents l&rsquo;autorisant \u00e0 demeurer sur le territoire fran\u00e7ais<\/span><\/span> en France depuis au moins 5 ans<\/li>\n<li>R\u00e9sider en France<\/li>\n<\/ul>\n<h2 style=\"text-align: justify;\">Les diff\u00e9rentes d\u00e9marches \u00e0 effectuer<\/h2>\n<h3 style=\"text-align: justify;\"><b>Je b\u00e9n\u00e9ficie du RSA et souhaite devenir auto entrepreneur<\/b><\/h3>\n<p style=\"text-align: justify;\">Les formalit\u00e9s de cr\u00e9ation de votre micro entreprise sont relativement simples.<\/p>\n<p style=\"text-align: justify;\">Si vous \u00eates d\u00e9j\u00e0 b\u00e9n\u00e9ficiaire du RSA, votre droit au RSA est int\u00e9gralement maintenu pendant les 3 premiers mois d&rsquo;activit\u00e9 de votre auto-entreprise. \u00c0 la fin de cette p\u00e9riode, vous devez obligatoirement d\u00e9clarer le chiffre d\u2019affaires de votre auto-entreprise aupr\u00e8s de votre CAF. Le montant de votre prime d\u2019activit\u00e9 sera alors calcul\u00e9. Cette d\u00e9claration RSA auto-entrepreneur doit \u00eatre effectu\u00e9e tous les trois mois.<\/p>\n<p style=\"text-align: justify;\">Vous pouvez l\u2019effectuer en ligne, sur le site de la CAF. Vous pouvez aussi remplir un formulaire de d\u00e9claration\u00a0et l\u2019adresser \u00e0 votre CAF. Soyez vigilant, si vous n\u2019effectuez pas votre d\u00e9claration RSA auto-entrepreneur, le versement de votre RSA sera interrompu.<\/p>\n<h3 style=\"text-align: justify;\"><b>Je suis auto-entrepreneur et souhaite b\u00e9n\u00e9ficier du RSA<\/b><\/h3>\n<p style=\"text-align: justify;\">Si vous \u00eates d\u00e9j\u00e0 un. travailleur ind\u00e9pendant, il peut \u00eatre fr\u00e9quent de rester au moins au d\u00e9but sous les seuils du RSA\u00a0: le chemin peut \u00eatre long de l\u2019\u00e9mission de vos\u00a0premi\u00e8res factures d&rsquo;auto-entrepreneur\u00a0jusqu\u2019\u00e0 fr\u00f4ler les seuils de chiffre d\u2019affaires du r\u00e9gime auto-entrepreneur\u00a0! Vous pouvez dans ce cas effectuer une demande de RSA pour cumuler les revenus de votre auto-entreprise avec une prime d\u2019activit\u00e9.<\/p>\n<p style=\"text-align: justify;\">Si votre demande est d\u00e9clar\u00e9e recevable, vous toucherez la prime d\u2019activit\u00e9 en compl\u00e9ment de vos revenus d\u2019auto-entrepreneur. Vous devrez alors effectuer la d\u00e9claration trimestrielle de vos revenus auto-entrepreneur \u00e0 la CAF pour ne pas interrompre le versement de l\u2019aide.<\/p>\n<h3 style=\"text-align: justify;\">Le montant du RSA<\/h3>\n<p style=\"text-align: justify;\">Pendant les trois premiers mois, le montant de votre RSA ne sera pas affect\u00e9 par votre activit\u00e9 ind\u00e9pendante. Vous continuerez donc \u00e0 toucher le RSA normalement.<\/p>\n<p style=\"text-align: justify;\">\u00c0 partir du quatri\u00e8me mois d\u2019activit\u00e9, le montant de votre RSA sera ajust\u00e9 en fonction du chiffre d\u2019affaires de votre auto-entreprise et prendra la forme d\u2019une prime d\u2019activit\u00e9. L\u2019id\u00e9e est la suivante\u00a0: plus le chiffre d\u2019affaires de votre auto-entreprise augmente, plus votre prime d\u2019activit\u00e9 diminue. Plus pr\u00e9cis\u00e9ment, le montant de votre RSA auto-entrepreneur sera diminu\u00e9 \u00e0 hauteur de 38% de votre revenu auto-entrepreneur.<\/p>\n<p style=\"text-align: justify;\"><div class='cta-block'><div class='text'>Simulez vos aides en 2 min.<\/div><a href='https:\/\/www.mes-allocs.fr\/ab-app?origin=guides\/wp-json\/wp\/v2\/posts\/44393' class='app-button fit'>Simulation gratuite<\/a><\/div><\/p>\n","protected":false},"excerpt":{"rendered":"<p>[Mis \u00e0 jour le 03\/04\/2026] Le RSA est une aide sociale accord\u00e9e par la Caisse d&rsquo;Allocations Familiales. Elle b\u00e9n\u00e9ficie aux personnes ayant aucun ou de faibles revenus. Dans cet article, nous allons voir si en tant que g\u00e9rant non salari\u00e9, vous pouvez b\u00e9n\u00e9ficier du RSA en 2026. Qu\u2019est-ce que le RSA ? D\u00e9finition Le Revenu [&hellip;]<\/p>\n","protected":false},"author":6,"featured_media":44394,"comment_status":"open","ping_status":"open","sticky":false,"template":"","format":"standard","meta":{"amp_status":"","footnotes":""},"categories":[14,17932],"tags":[],"class_list":["post-44393","post","type-post","status-publish","format-standard","has-post-thumbnail","hentry","category-rsa","category-rsa-statut"],"yoast_head":"<!-- This site is optimized with the Yoast SEO plugin v14.9 - https:\/\/yoast.com\/wordpress\/plugins\/seo\/ -->\n<title>Je suis g\u00e9rant non salari\u00e9, ai-je droit au RSA ? | Mes-Allocs.fr<\/title>\n<meta name=\"description\" content=\"En tant que g\u00e9rant non salari\u00e9 d&#039;une entreprise, vous pouvez b\u00e9n\u00e9ficier du RSA. Mes Allocs vous explique comment en b\u00e9n\u00e9ficier en 2026.\" \/>\n<meta name=\"robots\" content=\"index, follow, max-snippet:-1, max-image-preview:large, max-video-preview:-1\" \/>\n<link rel=\"canonical\" href=\"https:\/\/www.mes-allocs.fr\/guides\/rsa\/rsa-statut\/gerant-non-salarie-rsa\/\" \/>\n<meta property=\"og:locale\" content=\"fr_FR\" \/>\n<meta property=\"og:type\" content=\"article\" \/>\n<meta property=\"og:title\" content=\"Je suis g\u00e9rant non salari\u00e9, ai-je droit au RSA ? | Mes-Allocs.fr\" \/>\n<meta property=\"og:description\" content=\"En tant que g\u00e9rant non salari\u00e9 d&#039;une entreprise, vous pouvez b\u00e9n\u00e9ficier du RSA. Mes Allocs vous explique comment en b\u00e9n\u00e9ficier en 2026.\" \/>\n<meta property=\"og:url\" content=\"https:\/\/www.mes-allocs.fr\/guides\/rsa\/rsa-statut\/gerant-non-salarie-rsa\/\" \/>\n<meta property=\"og:site_name\" content=\"Mes-Allocs.fr\" \/>\n<meta property=\"article:published_time\" content=\"2022-02-03T15:10:41+00:00\" \/>\n<meta property=\"article:modified_time\" content=\"2026-04-03T14:07:19+00:00\" \/>\n<meta property=\"og:image\" content=\"https:\/\/www.mes-allocs.fr\/guides\/wp-content\/uploads\/2022\/02\/chef-dentreprise-e1685550374602.jpeg?wsr\" \/>\n\t<meta property=\"og:image:width\" content=\"1125\" \/>\n\t<meta property=\"og:image:height\" content=\"233\" \/>\n<meta name=\"twitter:card\" content=\"summary_large_image\" \/>\n<script type=\"application\/ld+json\" class=\"yoast-schema-graph\">{\"@context\":\"https:\/\/schema.org\",\"@graph\":[{\"@type\":\"WebSite\",\"@id\":\"https:\/\/www.mes-allocs.fr\/guides\/#website\",\"url\":\"https:\/\/www.mes-allocs.fr\/guides\/\",\"name\":\"Mes-Allocs.fr\",\"description\":\"\",\"potentialAction\":[{\"@type\":\"SearchAction\",\"target\":\"https:\/\/www.mes-allocs.fr\/guides\/?s={search_term_string}\",\"query-input\":\"required name=search_term_string\"}],\"inLanguage\":\"fr-FR\"},{\"@type\":\"ImageObject\",\"@id\":\"https:\/\/www.mes-allocs.fr\/guides\/rsa\/rsa-statut\/gerant-non-salarie-rsa\/#primaryimage\",\"inLanguage\":\"fr-FR\",\"url\":\"https:\/\/www.mes-allocs.fr\/guides\/wp-content\/uploads\/2022\/02\/chef-dentreprise-e1685550374602.jpeg?wsr\",\"width\":1125,\"height\":233,\"caption\":\"je suis gerant non salarie ai je droit au rsa\"},{\"@type\":\"WebPage\",\"@id\":\"https:\/\/www.mes-allocs.fr\/guides\/rsa\/rsa-statut\/gerant-non-salarie-rsa\/#webpage\",\"url\":\"https:\/\/www.mes-allocs.fr\/guides\/rsa\/rsa-statut\/gerant-non-salarie-rsa\/\",\"name\":\"Je suis g\\u00e9rant non salari\\u00e9, ai-je droit au RSA ? | Mes-Allocs.fr\",\"isPartOf\":{\"@id\":\"https:\/\/www.mes-allocs.fr\/guides\/#website\"},\"primaryImageOfPage\":{\"@id\":\"https:\/\/www.mes-allocs.fr\/guides\/rsa\/rsa-statut\/gerant-non-salarie-rsa\/#primaryimage\"},\"datePublished\":\"2022-02-03T15:10:41+00:00\",\"dateModified\":\"2026-04-03T14:07:19+00:00\",\"author\":{\"@id\":\"https:\/\/www.mes-allocs.fr\/guides\/#\/schema\/person\/0ecd61a8600573914d00d970a588c024\"},\"description\":\"En tant que g\\u00e9rant non salari\\u00e9 d'une entreprise, vous pouvez b\\u00e9n\\u00e9ficier du RSA. Mes Allocs vous explique comment en b\\u00e9n\\u00e9ficier en 2026.\",\"inLanguage\":\"fr-FR\"},{\"@type\":\"Person\",\"@id\":\"https:\/\/www.mes-allocs.fr\/guides\/#\/schema\/person\/0ecd61a8600573914d00d970a588c024\",\"name\":\"Jonathan\",\"image\":{\"@type\":\"ImageObject\",\"@id\":\"https:\/\/www.mes-allocs.fr\/guides\/#personlogo\",\"inLanguage\":\"fr-FR\",\"url\":\"https:\/\/www.mes-allocs.fr\/guides\/wp-content\/uploads\/2021\/06\/jonathan-150x150.png\",\"caption\":\"Jonathan\"},\"description\":\"Jonathan est r\\u00e9dacteur au sein de l'\\u00e9quipe Mes Allocs, sp\\u00e9cialis\\u00e9 sur les sujets li\\u00e9s au handicap. Dipl\\u00f4m\\u00e9e de l'UPEM, il rejoint Mes Allocs apr\\u00e8s avoir travaill\\u00e9 \\u00e0 l'association AEDE qui accompagne les adultes en situation de handicap. Quand il n'\\u00e9crit pas, on peut le retrouver sur un terrain de basket.\",\"sameAs\":[\"https:\/\/www.linkedin.com\/in\/jonathan-bambela-8637861b7\"]}]}<\/script>\n<!-- \/ Yoast SEO plugin. -->","amp_validity":null,"acf":{"faq":{"1":{"question":"Comment demander le RSA ?","answer":"Vous pouvez faire votre demande de RSA en ligne."},"2":{"question":"Puis-je toucher le RSA si mon ou ma partenaire travaille ?","answer":"Si vous vivez en couple avec une personne ayant des revenus, vous pourrez b\u00e9n\u00e9ficier du RSA couple. Cependant ses revenus ne doivent pas d\u00e9passer le montant du RSA que vous pourriez percevoir sans revenus. "},"3":{"question":"Les personnes au RSA payent-elles l'aide t\u00e9l\u00e9phonique ? ","answer":"Pour l'aide t\u00e9l\u00e9phonique il existe plusieurs offres pour les personnes au RSA. \r\n"},"4":{"question":"Est-ce possible d'\u00eatre exon\u00e9r\u00e9 de la redevance audiovisuelle ? ","answer":"Oui, en tant que b\u00e9n\u00e9ficiaire du RSA, il est possible d'\u00eatre exon\u00e9r\u00e9. \r\n"},"5":{"question":"Comment est vers\u00e9 le RSA ? ","answer":"Pour avoir les informations concernant le versement du RSA, nous vous invitons \u00e0 lire cet article ! \r\n"},"6":{"question":"Qu'est ce que la demande de RSA ?","answer":"La demande RSA est un dossier constitu\u00e9 de vos donn\u00e9es personnelles envoy\u00e9 \u00e0 la CAF pour conna\u00eetre votre \u00e9ligibilit\u00e9 et le montant que vous \u00eates \u00e9ligible \u00e0 chaque mois. "},"7":{"question":"","answer":""},"8":{"question":"","answer":""},"9":{"question":"","answer":""},"10":{"question":"","answer":""},"11":{"question":"","answer":""},"12":{"question":"","answer":""},"13":{"question":"","answer":""},"14":{"question":"","answer":""},"15":{"question":"","answer":""},"16":{"question":"","answer":""}}},"_links":{"self":[{"href":"https:\/\/www.mes-allocs.fr\/guides\/wp-json\/wp\/v2\/posts\/44393","targetHints":{"allow":["GET"]}}],"collection":[{"href":"https:\/\/www.mes-allocs.fr\/guides\/wp-json\/wp\/v2\/posts"}],"about":[{"href":"https:\/\/www.mes-allocs.fr\/guides\/wp-json\/wp\/v2\/types\/post"}],"author":[{"embeddable":true,"href":"https:\/\/www.mes-allocs.fr\/guides\/wp-json\/wp\/v2\/users\/6"}],"replies":[{"embeddable":true,"href":"https:\/\/www.mes-allocs.fr\/guides\/wp-json\/wp\/v2\/comments?post=44393"}],"version-history":[{"count":23,"href":"https:\/\/www.mes-allocs.fr\/guides\/wp-json\/wp\/v2\/posts\/44393\/revisions"}],"predecessor-version":[{"id":111572,"href":"https:\/\/www.mes-allocs.fr\/guides\/wp-json\/wp\/v2\/posts\/44393\/revisions\/111572"}],"wp:featuredmedia":[{"embeddable":true,"href":"https:\/\/www.mes-allocs.fr\/guides\/wp-json\/wp\/v2\/media\/44394"}],"wp:attachment":[{"href":"https:\/\/www.mes-allocs.fr\/guides\/wp-json\/wp\/v2\/media?parent=44393"}],"wp:term":[{"taxonomy":"category","embeddable":true,"href":"https:\/\/www.mes-allocs.fr\/guides\/wp-json\/wp\/v2\/categories?post=44393"},{"taxonomy":"post_tag","embeddable":true,"href":"https:\/\/www.mes-allocs.fr\/guides\/wp-json\/wp\/v2\/tags?post=44393"}],"curies":[{"name":"wp","href":"https:\/\/api.w.org\/{rel}","templated":true}]}}