{"id":44350,"date":"2022-02-10T17:26:35","date_gmt":"2022-02-10T15:26:35","guid":{"rendered":"https:\/\/www.mes-allocs.fr\/guides\/?p=44350"},"modified":"2026-01-07T18:16:24","modified_gmt":"2026-01-07T17:16:24","slug":"location-saisonniere-apl","status":"publish","type":"post","link":"https:\/\/www.mes-allocs.fr\/guides\/aide-logement\/apl\/logements-eligibles-apl\/location-saisonniere-apl\/","title":{"rendered":"APL et location saisonni\u00e8re : ce que vous devez savoir"},"content":{"rendered":"<p><img loading=\"lazy\" decoding=\"async\" class=\"alignnone wp-image-44356 size-full\" title=\"APL et location saisonniere\" src=\"https:\/\/www.mes-allocs.fr\/guides\/wp-content\/uploads\/2022\/02\/APL-et-location-saisonniere--e1685967459295.jpg\" alt=\"APL et location saisonniere\" width=\"1280\" height=\"275\" srcset=\"https:\/\/www.mes-allocs.fr\/guides\/wp-content\/uploads\/2022\/02\/APL-et-location-saisonniere--e1685967459295.jpg 1280w, https:\/\/www.mes-allocs.fr\/guides\/wp-content\/uploads\/2022\/02\/APL-et-location-saisonniere--e1685967459295-300x64.jpg 300w, https:\/\/www.mes-allocs.fr\/guides\/wp-content\/uploads\/2022\/02\/APL-et-location-saisonniere--e1685967459295-1024x220.jpg 1024w, https:\/\/www.mes-allocs.fr\/guides\/wp-content\/uploads\/2022\/02\/APL-et-location-saisonniere--e1685967459295-768x165.jpg 768w, https:\/\/www.mes-allocs.fr\/guides\/wp-content\/uploads\/2022\/02\/APL-et-location-saisonniere--e1685967459295-600x129.jpg 600w\" sizes=\"auto, (max-width: 1280px) 100vw, 1280px\" \/><\/p>\n<p style=\"text-align: justify;\">[Mis \u00e0 jour le 07\/01\/2026] L&rsquo;aide personnalis\u00e9e au logement, ou APL, est une prestation financi\u00e8re destin\u00e9e \u00e0 vous aider \u00e0 r\u00e9duire le montant de votre loyer. Elle est vers\u00e9e par la caisse d&rsquo;allocations familiales (CAF) ou de la mutualit\u00e9 sociale agricole (MSA). Cette <a href=\"https:\/\/www.mes-allocs.fr\/guides\/aide-logement\/\">aide au logement<\/a> est attribu\u00e9e selon votre type de logement. Est-il alors possible de b\u00e9n\u00e9ficier de l&rsquo;aide personnalis\u00e9e au logement pour une location saisonni\u00e8re ?<\/p>\n<hr \/>\n<h1>C&rsquo;est quoi la location saisonni\u00e8re ?<\/h1>\n<p style=\"text-align: justify;\">La location saisonni\u00e8re est la mise \u00e0 disposition d&rsquo;un logement meubl\u00e9 pour une dur\u00e9e inf\u00e9rieure \u00e0 3 mois. Vous pouvez louer ce logement \u00e0 la nuit, \u00e0 la semaine ou au mois. La location saisonni\u00e8re est pr\u00e9f\u00e9r\u00e9e g\u00e9n\u00e9ralement en p\u00e9riode touristique. Toutefois, rien n&rsquo;interdis aux propri\u00e9taires de mettre leur <a href=\"https:\/\/www.mes-allocs.fr\/guides\/aide-logement\/apl\">logement<\/a> en location toute l&rsquo;ann\u00e9e.<\/p>\n<p><iframe loading=\"lazy\" title=\"L&#039;APL\" width=\"500\" height=\"281\" src=\"https:\/\/www.youtube.com\/embed\/dfDRI2qg_z4?feature=oembed\" frameborder=\"0\" allow=\"accelerometer; autoplay; clipboard-write; encrypted-media; gyroscope; picture-in-picture; web-share\" referrerpolicy=\"strict-origin-when-cross-origin\" allowfullscreen><\/iframe><\/p>\n<h2 class=\"contenufiche\">En quoi consiste un contrat de location saisonni\u00e8re ?<\/h2>\n<p style=\"text-align: justify;\">Contrairement \u00e0 la location classique \u00e0 l\u2019ann\u00e9e, soumise \u00e0 la loi du 6 juillet 1989, la location saisonni\u00e8re est uniquement r\u00e9gie par le Code civil. Les mentions obligatoires du contrat (la dur\u00e9e, le prix et les modalit\u00e9s de paiement) sont donc fix\u00e9es par le propri\u00e9taire. La signature du bail peut se faire \u00e0 distance sans la pr\u00e9sence physique du propri\u00e9taire et du locataire.<\/p>\n<p><img loading=\"lazy\" decoding=\"async\" class=\"alignright wp-image-44364 size-medium\" title=\"Est il possible de beneficier de lAPL dans une location saisonniere\" src=\"https:\/\/www.mes-allocs.fr\/guides\/wp-content\/uploads\/2022\/02\/Est-il-possible-de-beneficier-de-lAPL-dans-une-location-saisonniere--300x177.jpg\" alt=\"APL location saisonniere\" width=\"300\" height=\"177\" srcset=\"https:\/\/www.mes-allocs.fr\/guides\/wp-content\/uploads\/2022\/02\/Est-il-possible-de-beneficier-de-lAPL-dans-une-location-saisonniere--300x177.jpg 300w, https:\/\/www.mes-allocs.fr\/guides\/wp-content\/uploads\/2022\/02\/Est-il-possible-de-beneficier-de-lAPL-dans-une-location-saisonniere--1024x605.jpg 1024w, https:\/\/www.mes-allocs.fr\/guides\/wp-content\/uploads\/2022\/02\/Est-il-possible-de-beneficier-de-lAPL-dans-une-location-saisonniere--768x454.jpg 768w, https:\/\/www.mes-allocs.fr\/guides\/wp-content\/uploads\/2022\/02\/Est-il-possible-de-beneficier-de-lAPL-dans-une-location-saisonniere--600x354.jpg 600w, https:\/\/www.mes-allocs.fr\/guides\/wp-content\/uploads\/2022\/02\/Est-il-possible-de-beneficier-de-lAPL-dans-une-location-saisonniere-.jpg 1280w\" sizes=\"auto, (max-width: 300px) 100vw, 300px\" \/><\/p>\n<p><b>Le contrat de location saisonni\u00e8re se\u00a0caract\u00e9rise par<\/b>\u00a0:<\/p>\n<ul>\n<li>par sa courte dur\u00e9e et son non-renouvellement<\/li>\n<li>par un logement qui ne constitue pas la r\u00e9sidence principale du locataire<\/li>\n<li>par un paiement anticip\u00e9 des loyers et charges<\/li>\n<\/ul>\n<p>&nbsp;<\/p>\n<p>&nbsp;<\/p>\n<p><span class=\"notion-enable-hover\" data-token-index=\"0\" data-reactroot=\"\"><div class='cta-block'><div class='text'>Simulez votre APL en 2 min.<\/div><a href='https:\/\/www.mes-allocs.fr\/ab-app?origin=guides\/wp-json\/wp\/v2\/posts\/44350' class='app-button fit'>Simulation gratuite<\/a><\/div><\/span><\/p>\n<h2>Est-il possible de b\u00e9n\u00e9ficier de l&rsquo;APL dans une location saisonni\u00e8re ?<\/h2>\n<p style=\"text-align: justify;\">Dans le cas d&rsquo;une location saisonni\u00e8re, le locataire loue chez l&rsquo;habitant \u00e0 la nuit\u00e9e, ou plus, pour un court s\u00e9jour. Il ne peut donc pas s\u2019agir de sa r\u00e9sidence principale. Par cons\u00e9quent, il est impossible de pr\u00e9tendre \u00e0 l\u2019aide au logement propos\u00e9e par la CAF ou MSA.<\/p>\n<h2><span style=\"font-size: 12pt;\">Le bail mobilit\u00e9 :\u00a0une alternative \u00e0 la location saisonni\u00e8re<\/span><\/h2>\n<p style=\"text-align: justify;\">Le bail mobilit\u00e9 est un bail de location courte dur\u00e9e qui ne concerne que des locations meubl\u00e9es. Ce bail est souvent utilis\u00e9 dans le cadre d\u2019une location pour un \u00e9tudiant ou une personne en mobilit\u00e9 professionnelle. Le contrat offre la possibilit\u00e9 de b\u00e9n\u00e9ficier d\u2019un logement provisoire, le temps de vos \u00e9tudes ou de votre mutation. Le bail est avantageux financi\u00e8rement, car il n\u2019y a pas de d\u00e9p\u00f4t de garantie ou de solidarit\u00e9 entre les colocataires en cas d\u2019une colocation. C&rsquo;est un bail non renouvelable, dont la dur\u00e9e ne d\u00e9passe pas dix mois.<\/p>\n<p>Disposer d\u2019un bail mobilit\u00e9 ne vous emp\u00eachera pas de b\u00e9n\u00e9ficier d\u2019une aide au logement. En effet, il suffit de faire la demande sur le site internet de la CAF de votre d\u00e9partement.<\/p>\n<h1>Aide Personnalis\u00e9e Au Logement (APL)<\/h1>\n<p><b>L&rsquo;APL fait partie des aides au logement CAF, qui comprennent 3 types d&rsquo;aides personnelles au logement, \u00e0 savoir :<\/b><\/p>\n<ul>\n<li>L&rsquo;allocation de logement sociale (ALS)<\/li>\n<li>L&rsquo;allocation de logement familiale (ALF)<\/li>\n<li><a href=\"https:\/\/www.mes-allocs.fr\/guides\/aide-logement\/apl\/simulation-apl\/\">L&rsquo;aide personnalis\u00e9e au logement<\/a> (APL)<\/li>\n<\/ul>\n<h2>Qui peut b\u00e9n\u00e9ficier de l&rsquo;APL ?<\/h2>\n<p><img loading=\"lazy\" decoding=\"async\" class=\"alignright wp-image-44366\" title=\"Qui peut beneficier de lAPL\" src=\"https:\/\/www.mes-allocs.fr\/guides\/wp-content\/uploads\/2022\/02\/Qui-peut-beneficier-de-lAPL-e1643815770753.jpg\" alt=\"APL location saisonniere\" width=\"351\" height=\"226\" srcset=\"https:\/\/www.mes-allocs.fr\/guides\/wp-content\/uploads\/2022\/02\/Qui-peut-beneficier-de-lAPL-e1643815770753.jpg 526w, https:\/\/www.mes-allocs.fr\/guides\/wp-content\/uploads\/2022\/02\/Qui-peut-beneficier-de-lAPL-e1643815770753-300x193.jpg 300w\" sizes=\"auto, (max-width: 351px) 100vw, 351px\" \/><\/p>\n<p><b>L&rsquo;Aide Personnalis\u00e9e au Logement peut, par exemple, \u00eatre attribu\u00e9e aux occupants suivants <\/b>:<\/p>\n<ul>\n<li>Locataires<\/li>\n<li>Colocataires<\/li>\n<li>Sous-locataires (sous certaines conditions)<\/li>\n<li>R\u00e9sidents en foyer d\u2019h\u00e9bergement<\/li>\n<li><span class=\"amp-wp-cc68ddc\" data-amp-original-style=\"color: #ff0000;\">R\u00e9sidents en HLM<\/span><\/li>\n<li><span class=\"amp-wp-cc68ddc\" data-amp-original-style=\"color: #ff0000;\">R\u00e9sidents d\u2019un logement CROUS<\/span><\/li>\n<li><span class=\"amp-wp-cc68ddc\" data-amp-original-style=\"color: #ff0000;\">R\u00e9sidents en foyer d\u2019h\u00e9bergement<\/span><\/li>\n<\/ul>\n<p>&nbsp;<\/p>\n<p><span class=\"notion-enable-hover\" data-token-index=\"0\" data-reactroot=\"\"><div class='cta-block'><div class='text'>Simulez votre APL en 2 min.<\/div><a href='https:\/\/www.mes-allocs.fr\/ab-app?origin=guides\/wp-json\/wp\/v2\/posts\/44350' class='app-button fit'>Simulation gratuite<\/a><\/div><\/span><\/p>\n<h2>Quelles sont les conditions pour percevoir l&rsquo;APL ?<\/h2>\n<p style=\"text-align: justify;\">Pour pr\u00e9tendre \u00e0 l&rsquo;aide personnalis\u00e9e au logement, vous devez obligatoirement \u00eatre allocataire de la CAF ou de la MSA. Vous devez avoir un espace personnel avec un num\u00e9ro allocataire. Si ce n&rsquo;est pas le cas, vous devrez en cr\u00e9er un.<\/p>\n<p>Cette espace allocataire peut \u00eatre cr\u00e9er en m\u00eame temps que votre demande d&rsquo;APL.<\/p>\n<p><strong>Les\u00a0crit\u00e8res d\u2019\u00e9ligibilit\u00e9 suivants\u00a0doivent \u00eatre respect\u00e9s :\u00a0<\/strong><\/p>\n<ul>\n<li class=\"amp-wp-fe3f5cc\" style=\"text-align: justify;\" data-amp-original-style=\"font-weight: 400;\"><span class=\"amp-wp-fe3f5cc\" data-amp-original-style=\"font-weight: 400;\">Vous devez r\u00e9sider l\u00e9galement en France (titre de s\u00e9jour valide pour les \u00e9trangers)<\/span><\/li>\n<li class=\"amp-wp-fe3f5cc\" style=\"text-align: justify;\" data-amp-original-style=\"font-weight: 400;\"><span class=\"amp-wp-fe3f5cc\" data-amp-original-style=\"font-weight: 400;\">La demande doit concerner votre habitation principale\u00a0<\/span><\/li>\n<li style=\"text-align: justify;\" data-amp-original-style=\"font-weight: 400;\">Le logement doit r\u00e9pondre aux crit\u00e8res de d\u00e9cence. Il doit avoir une superficie minimale de 9 m\u00b2 pour une personne seule, 16 m\u00b2 pour un couple. Il faut ajouter 9 m\u00b2 par personne suppl\u00e9mentaire.<\/li>\n<li class=\"amp-wp-fe3f5cc\" style=\"text-align: justify;\" data-amp-original-style=\"font-weight: 400;\"><span class=\"amp-wp-fe3f5cc\" data-amp-original-style=\"font-weight: 400;\">Votre logement doit \u00eatre \u00e9ligible aux APL\u00a0<\/span><\/li>\n<li class=\"amp-wp-fe3f5cc\" style=\"text-align: justify;\" data-amp-original-style=\"font-weight: 400;\"><span class=\"amp-wp-fe3f5cc\" data-amp-original-style=\"font-weight: 400;\">Vous ne devez pas \u00eatre rattach\u00e9 \u00e0 un foyer fiscal sujet \u00e0 l\u2019Imp\u00f4t sur la Fortune Immobili\u00e8re\u00a0<\/span><\/li>\n<li class=\"amp-wp-fe3f5cc\" style=\"text-align: justify;\" data-amp-original-style=\"font-weight: 400;\"><span class=\"amp-wp-fe3f5cc\" data-amp-original-style=\"font-weight: 400;\">Il ne faut pas \u00eatre d\u00e9j\u00e0 allocataire d\u2019une autre aide d\u2019\u00c9tat lors de votre demande de logement<\/span><\/li>\n<\/ul>\n<h2 style=\"text-align: justify;\">Comment calculer le montant de l&rsquo;APL ?<\/h2>\n<p><strong>Pour calculer le montant de votre APL, plusieurs informations sont prises en compte :<\/strong><\/p>\n<ul>\n<li class=\"amp-wp-fe3f5cc\" data-amp-original-style=\"font-weight: 400;\"><span class=\"amp-wp-fe3f5cc\" data-amp-original-style=\"font-weight: 400;\">La situation professionnelle et familiale\u00a0<\/span><\/li>\n<li class=\"amp-wp-fe3f5cc\" data-amp-original-style=\"font-weight: 400;\"><span class=\"amp-wp-fe3f5cc\" data-amp-original-style=\"font-weight: 400;\">Les conditions de ressources de l\u2019ensemble du foyer\u00a0<\/span><\/li>\n<li class=\"amp-wp-fe3f5cc\" data-amp-original-style=\"font-weight: 400;\"><span class=\"amp-wp-fe3f5cc\" data-amp-original-style=\"font-weight: 400;\">Le type de logement occup\u00e9 (maison, studio, appartement, etc.)<\/span><\/li>\n<li data-amp-original-style=\"font-weight: 400;\">S&rsquo;il s&rsquo;agit d&rsquo;un logement lou\u00e9 meubl\u00e9 ou non-meubl\u00e9<\/li>\n<li class=\"amp-wp-fe3f5cc\" data-amp-original-style=\"font-weight: 400;\"><span class=\"amp-wp-fe3f5cc\" data-amp-original-style=\"font-weight: 400;\">Le montant de votre loyer hors charges ou des mensualit\u00e9s de l\u2019emprunt\u00a0<\/span><\/li>\n<li class=\"amp-wp-fe3f5cc\" data-amp-original-style=\"font-weight: 400;\"><span class=\"amp-wp-fe3f5cc\" data-amp-original-style=\"font-weight: 400;\">La zone g\u00e9ographique dans laquelle se situe votre logement\u00a0<\/span><\/li>\n<li class=\"amp-wp-fe3f5cc\" data-amp-original-style=\"font-weight: 400;\"><span class=\"amp-wp-fe3f5cc\" data-amp-original-style=\"font-weight: 400;\">Le patrimoine immobilier (sup\u00e9rieur \u00e0 30 000 \u20ac).\u00a0<\/span><\/li>\n<\/ul>\n\n<div class=\"wpdt-c row wpDataTableContainerSimpleTable wpDataTables wpDataTablesWrapper\n\"\n    >\n    <table id=\"wpdtSimpleTable-145\"\n           class=\"wpdtSimpleTable wpDataTable\"\n           data-column=\"2\"\n           data-rows=\"10\"\n           data-wpID=\"145\"\n           data-responsive=\"0\"\n           data-has-header=\"1\">\n\n                    <thead>        <tr class=\"wpdt-cell-row \" >\n                            <th class=\"wpdt-cell wpdt-bold wpdt-bc-F3F9FE\"\n                                    data-cell-id=\"A1\"\n                data-col-index=\"0\"\n                data-row-index=\"0\"\n                style=\" width:26.151930261519%;                padding:10px;\"\n                >\n                                Composition du foyer                <\/th>\n                                            <th class=\"wpdt-cell wpdt-bold wpdt-bc-F3F9FE\"\n                                    data-cell-id=\"B1\"\n                data-col-index=\"1\"\n                data-row-index=\"0\"\n                style=\" width:73.848069738481%;                padding:10px;\"\n                >\n                                Plafonds de ressources (en \u20ac) \u00e0 ne pas d\u00e9passer pour toucher le montant maximal d'APL en 2026                <\/th>\n                                        <\/tr>\n                    <tbody>        <tr class=\"wpdt-cell-row \" >\n                            <td class=\"wpdt-cell wpdt-bold wpdt-bc-F3F9FE\"\n                                    data-cell-id=\"A2\"\n                data-col-index=\"0\"\n                data-row-index=\"1\"\n                style=\"                padding:10px;\"\n                >\n                                Personne seule                <\/td>\n                                            <td class=\"wpdt-cell wpdt-bc-FFFFFF\"\n                                    data-cell-id=\"B2\"\n                data-col-index=\"1\"\n                data-row-index=\"1\"\n                style=\"                padding:10px;\"\n                >\n                                5 235                <\/td>\n                                        <\/tr>\n                            <tr class=\"wpdt-cell-row \" >\n                            <td class=\"wpdt-cell wpdt-bold wpdt-bc-F3F9FE\"\n                                    data-cell-id=\"A3\"\n                data-col-index=\"0\"\n                data-row-index=\"2\"\n                style=\"                padding:10px;\"\n                >\n                                Couple sans personne \u00e0 charge                <\/td>\n                                            <td class=\"wpdt-cell wpdt-bc-FFFFFF\"\n                                    data-cell-id=\"B3\"\n                data-col-index=\"1\"\n                data-row-index=\"2\"\n                style=\"                padding:10px;\"\n                >\n                                7 501                <\/td>\n                                        <\/tr>\n                            <tr class=\"wpdt-cell-row \" >\n                            <td class=\"wpdt-cell wpdt-bold wpdt-bc-F3F9FE\"\n                                    data-cell-id=\"A4\"\n                data-col-index=\"0\"\n                data-row-index=\"3\"\n                style=\"                padding:10px;\"\n                >\n                                Personne seule ou couple avec une personne \u00e0 charge                <\/td>\n                                            <td class=\"wpdt-cell wpdt-bc-FFFFFF\"\n                                    data-cell-id=\"B4\"\n                data-col-index=\"1\"\n                data-row-index=\"3\"\n                style=\"                padding:10px;\"\n                >\n                                8 947                <\/td>\n                                        <\/tr>\n                            <tr class=\"wpdt-cell-row \" >\n                            <td class=\"wpdt-cell wpdt-bold wpdt-bc-F3F9FE\"\n                                    data-cell-id=\"A5\"\n                data-col-index=\"0\"\n                data-row-index=\"4\"\n                style=\"                padding:10px;\"\n                >\n                                Personne seule ou couple ayant 2 personnes \u00e0 charge                <\/td>\n                                            <td class=\"wpdt-cell wpdt-bc-FFFFFF\"\n                                    data-cell-id=\"B5\"\n                data-col-index=\"1\"\n                data-row-index=\"4\"\n                style=\"                padding:10px;\"\n                >\n                                9 148                <\/td>\n                                        <\/tr>\n                            <tr class=\"wpdt-cell-row \" >\n                            <td class=\"wpdt-cell wpdt-bold wpdt-bc-F3F9FE\"\n                                    data-cell-id=\"A6\"\n                data-col-index=\"0\"\n                data-row-index=\"5\"\n                style=\"                padding:10px;\"\n                >\n                                Personne seule ou couple ayant 3 personnes \u00e0 charge                <\/td>\n                                            <td class=\"wpdt-cell wpdt-bc-FFFFFF\"\n                                    data-cell-id=\"B6\"\n                data-col-index=\"1\"\n                data-row-index=\"5\"\n                style=\"                padding:10px;\"\n                >\n                                9 498                <\/td>\n                                        <\/tr>\n                            <tr class=\"wpdt-cell-row \" >\n                            <td class=\"wpdt-cell wpdt-bold wpdt-bc-F3F9FE\"\n                                    data-cell-id=\"A7\"\n                data-col-index=\"0\"\n                data-row-index=\"6\"\n                style=\"                padding:10px;\"\n                >\n                                Personne seule ou couple ayant 4 personnes \u00e0 charge                <\/td>\n                                            <td class=\"wpdt-cell wpdt-bc-FFFFFF\"\n                                    data-cell-id=\"B7\"\n                data-col-index=\"1\"\n                data-row-index=\"6\"\n                style=\"                padding:10px;\"\n                >\n                                9 851                <\/td>\n                                        <\/tr>\n                            <tr class=\"wpdt-cell-row \" >\n                            <td class=\"wpdt-cell wpdt-bold wpdt-bc-F3F9FE\"\n                                    data-cell-id=\"A8\"\n                data-col-index=\"0\"\n                data-row-index=\"7\"\n                style=\"                padding:10px;\"\n                >\n                                Personne seule ou couple ayant 5 personnes \u00e0 charge                <\/td>\n                                            <td class=\"wpdt-cell wpdt-bc-FFFFFF\"\n                                    data-cell-id=\"B8\"\n                data-col-index=\"1\"\n                data-row-index=\"7\"\n                style=\"                padding:10px;\"\n                >\n                                10 202                <\/td>\n                                        <\/tr>\n                            <tr class=\"wpdt-cell-row \" >\n                            <td class=\"wpdt-cell wpdt-bold wpdt-bc-F3F9FE\"\n                                    data-cell-id=\"A9\"\n                data-col-index=\"0\"\n                data-row-index=\"8\"\n                style=\"                padding:10px;\"\n                >\n                                Personne seule ou couple ayant 6 personnes \u00e0 charge                <\/td>\n                                            <td class=\"wpdt-cell wpdt-bc-FFFFFF\"\n                                    data-cell-id=\"B9\"\n                data-col-index=\"1\"\n                data-row-index=\"8\"\n                style=\"                padding:10px;\"\n                >\n                                10 554                <\/td>\n                                        <\/tr>\n                            <tr class=\"wpdt-cell-row \" >\n                            <td class=\"wpdt-cell wpdt-bold wpdt-bc-F3F9FE\"\n                                    data-cell-id=\"A10\"\n                data-col-index=\"0\"\n                data-row-index=\"9\"\n                style=\"                padding:10px;\"\n                >\n                                Par personne \u00e0 charge suppl\u00e9mentaire                <\/td>\n                                            <td class=\"wpdt-cell wpdt-bc-FFFFFF\"\n                                    data-cell-id=\"B10\"\n                data-col-index=\"1\"\n                data-row-index=\"9\"\n                style=\"                padding:10px;\"\n                >\n                                + 346                <\/td>\n                                        <\/tr>\n                    <\/table>\n<\/div><style id='wpdt-custom-style-145'>\ntable#wpdtSimpleTable-145{ table-layout: fixed !important; }\n.wpdt-bc-F3F9FE { background-color: #F3F9FE !important;}\n.wpdt-bc-FFFFFF { background-color: #FFFFFF !important;}\n<\/style>\n\n<h2>Quel est la formule de calcul de l&rsquo;APL ?<\/h2>\n<p><img loading=\"lazy\" decoding=\"async\" class=\"alignright wp-image-44368 size-medium\" title=\"Le mode de calcul de lAPL\" src=\"https:\/\/www.mes-allocs.fr\/guides\/wp-content\/uploads\/2022\/02\/Le-mode-de-calcul-de-lAPL-300x200.jpg\" alt=\"APL location saisonniere\" width=\"300\" height=\"200\" srcset=\"https:\/\/www.mes-allocs.fr\/guides\/wp-content\/uploads\/2022\/02\/Le-mode-de-calcul-de-lAPL-300x200.jpg 300w, https:\/\/www.mes-allocs.fr\/guides\/wp-content\/uploads\/2022\/02\/Le-mode-de-calcul-de-lAPL-1024x682.jpg 1024w, https:\/\/www.mes-allocs.fr\/guides\/wp-content\/uploads\/2022\/02\/Le-mode-de-calcul-de-lAPL-768x512.jpg 768w, https:\/\/www.mes-allocs.fr\/guides\/wp-content\/uploads\/2022\/02\/Le-mode-de-calcul-de-lAPL-600x400.jpg 600w, https:\/\/www.mes-allocs.fr\/guides\/wp-content\/uploads\/2022\/02\/Le-mode-de-calcul-de-lAPL.jpg 1280w\" sizes=\"auto, (max-width: 300px) 100vw, 300px\" \/><\/p>\n<p><span class=\"amp-wp-fe3f5cc\" data-amp-original-style=\"font-weight: 400;\"><b>Le mode de calcul des aides personnalis\u00e9es au logement contient 4 \u00e9l\u00e9ments cl\u00e9s : \u00a0<\/b><\/span><\/p>\n<ul>\n<li class=\"amp-wp-fe3f5cc\" data-amp-original-style=\"font-weight: 400;\"><span class=\"amp-wp-fe3f5cc\" data-amp-original-style=\"font-weight: 400;\">L = Loyer principal mensuel\u00a0<\/span><\/li>\n<li class=\"amp-wp-fe3f5cc\" data-amp-original-style=\"font-weight: 400;\"><span class=\"amp-wp-fe3f5cc\" data-amp-original-style=\"font-weight: 400;\">C = Montant forfaitaire des charges\u00a0<\/span><\/li>\n<li class=\"amp-wp-fe3f5cc\" data-amp-original-style=\"font-weight: 400;\"><span class=\"amp-wp-fe3f5cc\" data-amp-original-style=\"font-weight: 400;\">PP = Participation personnelle des membres du foyer \u00e0 la d\u00e9pense du logement<\/span><\/li>\n<li class=\"amp-wp-7d27179\" data-amp-original-style=\"text-align: justify;\"><span class=\"amp-wp-7185e16\" data-amp-original-style=\"color: #3366ff;\">5 euros<\/span>\u00a0= Baisse des APL appliqu\u00e9e \u00e0 chaque b\u00e9n\u00e9ficiaire<\/li>\n<\/ul>\n<p><span class=\"amp-wp-fe3f5cc\" data-amp-original-style=\"font-weight: 400;\">Le calcul se formule donc de la mani\u00e8re suivante : <\/span><b>APL = L+C-PP- 5<\/b><\/p>\n<p><span class=\"amp-wp-fe3f5cc\" data-amp-original-style=\"font-weight: 400;\">La participation personnelle est elle-m\u00eame calculable de cette mani\u00e8re : <\/span><b>PP = P0 + TP x RP<\/b><span class=\"amp-wp-fe3f5cc\" data-amp-original-style=\"font-weight: 400;\">.\u00a0<\/span><\/p>\n<p><span class=\"amp-wp-fe3f5cc\" data-amp-original-style=\"font-weight: 400;\">\u00c0 noter que :<\/span><\/p>\n<ul>\n<li class=\"amp-wp-fe3f5cc\" data-amp-original-style=\"font-weight: 400;\"><span class=\"amp-wp-fe3f5cc\" data-amp-original-style=\"font-weight: 400;\">P0 = la participation minimale du locataire (35.02)\u00a0<\/span><\/li>\n<li class=\"amp-wp-fe3f5cc\" data-amp-original-style=\"font-weight: 400;\"><span class=\"amp-wp-fe3f5cc\" data-amp-original-style=\"font-weight: 400;\">TP = le taux de participation personnelle\u00a0<\/span><\/li>\n<li class=\"amp-wp-fe3f5cc\" data-amp-original-style=\"font-weight: 400;\"><span class=\"amp-wp-fe3f5cc\" data-amp-original-style=\"font-weight: 400;\">RP = la diff\u00e9rence entre les ressources du b\u00e9n\u00e9ficiaire et un montant forfaitaire<\/span><\/li>\n<\/ul>\n<h2>Comment faire sa demande d&rsquo;APL ?<\/h2>\n<p class=\"amp-wp-7d27179\" style=\"text-align: justify;\" data-amp-original-style=\"text-align: justify;\">La demande d\u2019aide financi\u00e8re doit se faire aupr\u00e8s de la CAF ou de la MSA, selon votre secteur d&rsquo;activit\u00e9. Elle<strong>\u00a0<\/strong>doit \u00eatre effectu\u00e9e d\u00e8s l\u2019entr\u00e9e dans le logement. L<span class=\"amp-wp-cc68ddc\" data-amp-original-style=\"color: #ff0000;\">a demande d&rsquo;APL s\u2019effectue uniquement en ligne pour les locataires<\/span> <span class=\"amp-wp-cc68ddc\" data-amp-original-style=\"color: #ff0000;\">que vous soyez allocataire ou non<\/span>.<\/p>\n<p style=\"text-align: justify;\" data-amp-original-style=\"text-align: justify;\"><em>Exemple : Si vous \u00eates salari\u00e9 au Cr\u00e9dit Agricole, votre demande devra \u00eatre effectu\u00e9e aupr\u00e8s de la MSA puisque le Cr\u00e9dit Agricole d\u00e9pend de cette caisse d&rsquo;allocation.<\/em><\/p>\n<p>N\u00e9anmoins,\u00a0si vous n\u2019avez pas acc\u00e8s \u00e0 une connexion internet ou si vous rencontrez des difficult\u00e9s, vous pouvez vous rendre directement dans un point d\u2019accueil de la CAF afin de proc\u00e9der \u00e0 votre demande en ligne.<\/p>\n<h2>Quels documents sont n\u00e9cessaires pour faire sa demande d&rsquo;APL ?<\/h2>\n<p class=\"amp-wp-7d27179\" data-amp-original-style=\"text-align: justify;\"><span class=\"amp-wp-cc68ddc\" data-amp-original-style=\"color: #ff0000;\">Pour que votre dossier soit complet<\/span>, plusieurs documents sont obligatoires pour permettre \u00e0 la CAF d\u2019\u00e9tudier vos droits. Toute demande incompl\u00e8te ne sera pas trait\u00e9e.<\/p>\n<p><span class=\"amp-wp-f6bf23d\" data-amp-original-style=\"text-decoration: underline;\"><b>Voici les documents indispensables qui vous seront demand\u00e9s<\/b><\/span>\u00a0:<\/p>\n<ul class=\"list-1\">\n<li>Votre num\u00e9ro d\u2019allocataire ou celui de vos parents (si cela est votre cas)<\/li>\n<li>Votre contrat de location<\/li>\n<li>Les revenus per\u00e7us au cours des 12 derniers mois<\/li>\n<li>Un RIB<\/li>\n<li>Si le bailleur est une agence, un organisme public ou une soci\u00e9t\u00e9 : le num\u00e9ro de Siret<\/li>\n<li>Le montant du patrimoine pour l\u2019ensemble du foyer (Livret A, LEP\u2026)<\/li>\n<li>Si vous poss\u00e9dez des biens immobiliers non lou\u00e9s : vos derniers avis d\u2019imposition<\/li>\n<\/ul>\n<p class=\"amp-wp-7d27179\" data-amp-original-style=\"text-align: justify;\">Le dossier APL est ensuite \u00e9tudi\u00e9 aupr\u00e8s de l\u2019organisme dont vous d\u00e9pendez qui d\u00e9termine vos droits ou non \u00e0 l\u2019APL.<\/p>\n<p data-amp-original-style=\"text-align: justify;\">Si l&rsquo;allocataire ne peut pas b\u00e9n\u00e9ficier de l&rsquo;APL, il peut effectuer une demande d&rsquo; allocation de logement sociale.<\/p>\n<p><span class=\"notion-enable-hover\" data-token-index=\"0\" data-reactroot=\"\"><div class='cta-block'><div class='text'>Simulez votre APL en 2 min.<\/div><a href='https:\/\/www.mes-allocs.fr\/ab-app?origin=guides\/wp-json\/wp\/v2\/posts\/44350' class='app-button fit'>Simulation gratuite<\/a><\/div><\/span><\/p>\n","protected":false},"excerpt":{"rendered":"<p>[Mis \u00e0 jour le 07\/01\/2026] L&rsquo;aide personnalis\u00e9e au logement, ou APL, est une prestation financi\u00e8re destin\u00e9e \u00e0 vous aider \u00e0 r\u00e9duire le montant de votre loyer. Elle est vers\u00e9e par la caisse d&rsquo;allocations familiales (CAF) ou de la mutualit\u00e9 sociale agricole (MSA). Cette aide au logement est attribu\u00e9e selon votre type de logement. Est-il alors [&hellip;]<\/p>\n","protected":false},"author":14,"featured_media":44363,"comment_status":"open","ping_status":"open","sticky":false,"template":"","format":"standard","meta":{"amp_status":"","footnotes":""},"categories":[1,4,16297],"tags":[],"class_list":["post-44350","post","type-post","status-publish","format-standard","has-post-thumbnail","hentry","category-aide-logement","category-apl","category-logements-eligibles-apl"],"yoast_head":"<!-- This site is optimized with the Yoast SEO plugin v14.9 - https:\/\/yoast.com\/wordpress\/plugins\/seo\/ -->\n<title>APL et location saisonni\u00e8re : ce que vous devez savoir | Mes-Allocs.fr<\/title>\n<meta name=\"description\" content=\"Le contrat de location saisonni\u00e8re est un contrat de logement d&#039;habitation meubl\u00e9 qui b\u00e9n\u00e9ficie d&#039;un statut bien particulier concernant l&#039;APL.\" \/>\n<meta name=\"robots\" content=\"index, follow, max-snippet:-1, max-image-preview:large, max-video-preview:-1\" \/>\n<link rel=\"canonical\" href=\"https:\/\/www.mes-allocs.fr\/guides\/aide-logement\/apl\/logements-eligibles-apl\/location-saisonniere-apl\/\" \/>\n<meta property=\"og:locale\" content=\"fr_FR\" \/>\n<meta property=\"og:type\" content=\"article\" \/>\n<meta property=\"og:title\" content=\"APL et location saisonni\u00e8re : ce que vous devez savoir | Mes-Allocs.fr\" \/>\n<meta property=\"og:description\" content=\"Le contrat de location saisonni\u00e8re est un contrat de logement d&#039;habitation meubl\u00e9 qui b\u00e9n\u00e9ficie d&#039;un statut bien particulier concernant l&#039;APL.\" \/>\n<meta property=\"og:url\" content=\"https:\/\/www.mes-allocs.fr\/guides\/aide-logement\/apl\/logements-eligibles-apl\/location-saisonniere-apl\/\" \/>\n<meta property=\"og:site_name\" content=\"Mes-Allocs.fr\" \/>\n<meta property=\"article:published_time\" content=\"2022-02-10T15:26:35+00:00\" \/>\n<meta property=\"article:modified_time\" content=\"2026-01-07T17:16:24+00:00\" \/>\n<meta property=\"og:image\" content=\"https:\/\/www.mes-allocs.fr\/guides\/wp-content\/uploads\/2022\/02\/APL-et-location-saisonniere.jpg?wsr\" \/>\n\t<meta property=\"og:image:width\" content=\"1280\" \/>\n\t<meta property=\"og:image:height\" content=\"853\" \/>\n<meta name=\"twitter:card\" content=\"summary_large_image\" \/>\n<script type=\"application\/ld+json\" class=\"yoast-schema-graph\">{\"@context\":\"https:\/\/schema.org\",\"@graph\":[{\"@type\":\"WebSite\",\"@id\":\"https:\/\/www.mes-allocs.fr\/guides\/#website\",\"url\":\"https:\/\/www.mes-allocs.fr\/guides\/\",\"name\":\"Mes-Allocs.fr\",\"description\":\"\",\"potentialAction\":[{\"@type\":\"SearchAction\",\"target\":\"https:\/\/www.mes-allocs.fr\/guides\/?s={search_term_string}\",\"query-input\":\"required name=search_term_string\"}],\"inLanguage\":\"fr-FR\"},{\"@type\":\"ImageObject\",\"@id\":\"https:\/\/www.mes-allocs.fr\/guides\/aide-logement\/apl\/logements-eligibles-apl\/location-saisonniere-apl\/#primaryimage\",\"inLanguage\":\"fr-FR\",\"url\":\"https:\/\/www.mes-allocs.fr\/guides\/wp-content\/uploads\/2022\/02\/APL-et-location-saisonniere.jpg?wsr\",\"width\":1280,\"height\":853,\"caption\":\"APL et location saisonniere\"},{\"@type\":\"WebPage\",\"@id\":\"https:\/\/www.mes-allocs.fr\/guides\/aide-logement\/apl\/logements-eligibles-apl\/location-saisonniere-apl\/#webpage\",\"url\":\"https:\/\/www.mes-allocs.fr\/guides\/aide-logement\/apl\/logements-eligibles-apl\/location-saisonniere-apl\/\",\"name\":\"APL et location saisonni\\u00e8re : ce que vous devez savoir | Mes-Allocs.fr\",\"isPartOf\":{\"@id\":\"https:\/\/www.mes-allocs.fr\/guides\/#website\"},\"primaryImageOfPage\":{\"@id\":\"https:\/\/www.mes-allocs.fr\/guides\/aide-logement\/apl\/logements-eligibles-apl\/location-saisonniere-apl\/#primaryimage\"},\"datePublished\":\"2022-02-10T15:26:35+00:00\",\"dateModified\":\"2026-01-07T17:16:24+00:00\",\"author\":{\"@id\":\"https:\/\/www.mes-allocs.fr\/guides\/#\/schema\/person\/a3de97298fd0ffc005ebdd5628b03ca8\"},\"description\":\"Le contrat de location saisonni\\u00e8re est un contrat de logement d'habitation meubl\\u00e9 qui b\\u00e9n\\u00e9ficie d'un statut bien particulier concernant l'APL.\",\"inLanguage\":\"fr-FR\"},{\"@type\":\"Person\",\"@id\":\"https:\/\/www.mes-allocs.fr\/guides\/#\/schema\/person\/a3de97298fd0ffc005ebdd5628b03ca8\",\"name\":\"Marina Ada Ondo\",\"image\":{\"@type\":\"ImageObject\",\"@id\":\"https:\/\/www.mes-allocs.fr\/guides\/#personlogo\",\"inLanguage\":\"fr-FR\",\"url\":\"https:\/\/www.mes-allocs.fr\/guides\/wp-content\/uploads\/2022\/02\/Photo-de-profil-150x150.png\",\"caption\":\"Marina Ada Ondo\"},\"description\":\"Marina est r\\u00e9dactrice au sein de l'\\u00e9quipe Mes Allocs, sp\\u00e9cialis\\u00e9e sur les aides aux jeunes. Dipl\\u00f4m\\u00e9e de l'ISFJ, elle rejoint Mes Allocs apr\\u00e8s une premi\\u00e8re exp\\u00e9rience en communication chez Little Africa, une agence de communication \\u00e0 Paris. Sur son temps libre, Marina lit beaucoup et passe ses dimanches au mus\\u00e9e.\",\"sameAs\":[\"https:\/\/www.linkedin.com\/in\/marinaadaondo\/\"]}]}<\/script>\n<!-- \/ Yoast SEO plugin. -->","amp_validity":null,"acf":{"faq":{"1":{"question":"\ud83e\udd1d Quels logements sont Eligibles \u00e0 l'APL ?","answer":"Tous les logements sont \u00e9ligibles \u00e0 l'APL, \u00e0 conditions de respecter certains crit\u00e8res. Le logement doit \u00eatre la r\u00e9sidence principale de l'allocataire et doit poss\u00e9der une surface sup\u00e9rieure \u00e0 9 m2 pour une personne seule. "},"2":{"question":"\ud83e\uddd0 Comment savoir si on est \u00e9ligible aux APL ?","answer":"Pour savoir si vous \u00eatre \u00e9ligible \u00e0 l'APL, vous pouvez simuler vos allocations familiales sur notre simulateur. \r\n[cta-block href=\"https:\/\/www.mes-allocs.fr\/simulation-aides\" button=\"Simulation gratuite\"]Simulez votre APL en 2 min.[\/cta-block]"},"3":{"question":"\ud83e\udd14 Quel montant \u00e0 ne pas d\u00e9passer pour toucher les APL ?","answer":"Les salaires et l\u2019ensemble des ressources du foyer sont pris en compte pour \u00e9valuer vos droits. Vous pouvez simuler vos allocations familiales sur notre simulateur. \r\n[cta-block href=\"https:\/\/www.mes-allocs.fr\/simulation-aides\" button=\"Simulation gratuite\"]Simulez votre APL en 2 min.[\/cta-block]"},"4":{"question":"\ud83e\udd37\u200d\u2640\ufe0f Pourquoi je ne suis pas \u00e9ligible aux APL ?","answer":"Les motifs de refus de l'APL peuvent \u00eatre divers et vari\u00e9s (d\u00e9passement du plafond de ressources, normes de d\u00e9cence, etc.). Il est pr\u00e9f\u00e9rable de vous rapprocher de votre caisse d'allocations familiales pour avoir une explication."},"5":{"question":"\ud83e\udd28 Est-ce que l'APL augmente en fonction du loyer ?","answer":"Le montant de l'APL augmente avec le loyer \u00ab r\u00e9f\u00e9rence \u00bb, pris en compte jusqu'au plafond. Si le loyer, ou les mensualit\u00e9s du pr\u00eat pour les propri\u00e9taires, sont sup\u00e9rieures \u00e0 ce plafond, le suppl\u00e9ment n'est pas pris en compte."},"6":{"question":"\ud83e\udd1d Comment choisir entre APL et allocations familiales ?","answer":"Pour choisir entre les deux, il faut faire une simulation d'APL sur le site de la CAF et bien se renseigner aupr\u00e8s de la CAF du nouveau montant des allocations familiales sans cet enfant \u00e0 charge. Vous pourrez ensuite comparer le gain d'un cot\u00e9 et la perte de l'autre afin de faire votre choix."},"7":{"question":"","answer":""},"8":{"question":"","answer":""},"9":{"question":"","answer":""},"10":{"question":"","answer":""},"11":{"question":"","answer":""},"12":{"question":"","answer":""},"13":{"question":"","answer":""},"14":{"question":"","answer":""},"15":{"question":"","answer":""},"16":{"question":"","answer":""}}},"_links":{"self":[{"href":"https:\/\/www.mes-allocs.fr\/guides\/wp-json\/wp\/v2\/posts\/44350","targetHints":{"allow":["GET"]}}],"collection":[{"href":"https:\/\/www.mes-allocs.fr\/guides\/wp-json\/wp\/v2\/posts"}],"about":[{"href":"https:\/\/www.mes-allocs.fr\/guides\/wp-json\/wp\/v2\/types\/post"}],"author":[{"embeddable":true,"href":"https:\/\/www.mes-allocs.fr\/guides\/wp-json\/wp\/v2\/users\/14"}],"replies":[{"embeddable":true,"href":"https:\/\/www.mes-allocs.fr\/guides\/wp-json\/wp\/v2\/comments?post=44350"}],"version-history":[{"count":19,"href":"https:\/\/www.mes-allocs.fr\/guides\/wp-json\/wp\/v2\/posts\/44350\/revisions"}],"predecessor-version":[{"id":107146,"href":"https:\/\/www.mes-allocs.fr\/guides\/wp-json\/wp\/v2\/posts\/44350\/revisions\/107146"}],"wp:featuredmedia":[{"embeddable":true,"href":"https:\/\/www.mes-allocs.fr\/guides\/wp-json\/wp\/v2\/media\/44363"}],"wp:attachment":[{"href":"https:\/\/www.mes-allocs.fr\/guides\/wp-json\/wp\/v2\/media?parent=44350"}],"wp:term":[{"taxonomy":"category","embeddable":true,"href":"https:\/\/www.mes-allocs.fr\/guides\/wp-json\/wp\/v2\/categories?post=44350"},{"taxonomy":"post_tag","embeddable":true,"href":"https:\/\/www.mes-allocs.fr\/guides\/wp-json\/wp\/v2\/tags?post=44350"}],"curies":[{"name":"wp","href":"https:\/\/api.w.org\/{rel}","templated":true}]}}