{"id":44234,"date":"2022-02-01T18:42:08","date_gmt":"2022-02-01T16:42:08","guid":{"rendered":"https:\/\/www.mes-allocs.fr\/guides\/?p=44234"},"modified":"2026-02-20T15:13:26","modified_gmt":"2026-02-20T14:13:26","slug":"calcul-indemnite-licenciement-nounou","status":"publish","type":"post","link":"https:\/\/www.mes-allocs.fr\/guides\/allocations-familiales\/aide-garde-enfant\/calcul-nounou\/calcul-indemnite-licenciement-nounou\/","title":{"rendered":"Comment calculer l&rsquo;indemnit\u00e9 de licenciement pour une nounou ?"},"content":{"rendered":"<p><img loading=\"lazy\" decoding=\"async\" class=\"aligncenter wp-image-44235\" title=\"nounou\" src=\"https:\/\/www.mes-allocs.fr\/guides\/wp-content\/uploads\/2022\/01\/nounou-2-e1643643463702.jpeg\" alt=\"calcul indemnit\u00e9 licenciement nounou\" width=\"1200\" height=\"444\" srcset=\"https:\/\/www.mes-allocs.fr\/guides\/wp-content\/uploads\/2022\/01\/nounou-2-e1643643463702.jpeg 500w, https:\/\/www.mes-allocs.fr\/guides\/wp-content\/uploads\/2022\/01\/nounou-2-e1643643463702-300x111.jpeg 300w\" sizes=\"auto, (max-width: 1200px) 100vw, 1200px\" \/><\/p>\n<p style=\"text-align: justify;\">[Mis \u00e0 jour le 20\/02\/2026] Dans le cadre des <a href=\"https:\/\/www.mes-allocs.fr\/guides\/allocations-familiales\">allocations familiales<\/a>, vous pouvez b\u00e9n\u00e9ficier d&rsquo;aide pour la garde de vos enfants. Cependant si \u00e7a se passe mal, vous pouvez d\u00e9cider d&rsquo;un licenciement de votre nounou. On vous explique quel est le <strong>calcul de l&rsquo;indemnit\u00e9 de licenciement d&rsquo;une nounou<\/strong>.<\/p>\n<div class='cta-block'><div class='text'>Simulez toutes vos aides en 2 min.<\/div><a href='https:\/\/www.mes-allocs.fr\/ab-app?origin=guides\/wp-json\/wp\/v2\/posts\/44234' class='app-button fit'>Simulation gratuite<\/a><\/div>\n<h1 class=\"amp-wp-7d27179\" style=\"text-align: justify;\" data-amp-original-style=\"text-align: justify;\"><span id=\"Le_calcul_du_salaire\">Le calcul du salaire de la nounou<\/span><\/h1>\n<h2 class=\"titre amp-wp-7d27179\" style=\"text-align: justify;\" data-amp-original-style=\"text-align: justify;\"><span id=\"Salaire_mensuel_sur_une_annee_complete\">Salaire mensuel sur une ann\u00e9e compl\u00e8te<\/span><\/h2>\n<p class=\"amp-wp-7d27179\" style=\"text-align: justify;\" data-amp-original-style=\"text-align: justify;\">L\u2019assistante maternelle qui travaille sur une ann\u00e9e compl\u00e8te, c\u2019est-\u00e0-dire\u00a052 semaines, va percevoir un salaire fixe tous les mois, dont le calcul est relativement simple. Pour se faire, il suffit de multiplier le taux horaire brut, par le nombre d\u2019heures d\u2019accueil par semaine et par 52 et de diviser le tout par 12 mois.<\/p>\n<p class=\"amp-wp-7d27179\" style=\"text-align: justify;\" data-amp-original-style=\"text-align: justify;\">Ainsi, pour exemple, si la salari\u00e9e travaille avec le salaire horaire minimal, 45 heures par semaine, elle per\u00e7oit un salaire mensuel de 398 \u20ac net, y compris durant ses cong\u00e9s pay\u00e9s.<\/p>\n<h2 class=\"titre amp-wp-7d27179\" style=\"text-align: justify;\" data-amp-original-style=\"text-align: justify;\"><span id=\"Salaire_mensuel_sur_une_annee_incomplete\">Salaire mensuel sur une ann\u00e9e incompl\u00e8te<\/span><\/h2>\n<p class=\"amp-wp-7d27179\" style=\"text-align: justify;\" data-amp-original-style=\"text-align: justify;\">La 1\u00e8re et derni\u00e8re ann\u00e9e d\u2019accueil sont souvent incompl\u00e8tes. Une ann\u00e9e est incompl\u00e8te, lorsque l\u2019assistante maternelle accueille un enfant sur un p\u00e9riode inf\u00e9rieure \u00e0 47 semaines sur une ann\u00e9e.<\/p>\n<p class=\"amp-wp-7d27179\" style=\"text-align: justify;\" data-amp-original-style=\"text-align: justify;\">Le calcul se fait quasiment avec la m\u00eame formule que pour une ann\u00e9e compl\u00e8te. Il faut multiplier le montant horaire brut, par le nombre d\u2019heures d\u2019accueil par semaine et par le nombre de semaines d\u2019accueil sur l\u2019ann\u00e9e. Le total est divis\u00e9 par 12 mois.<\/p>\n<p class=\"amp-wp-7d27179\" style=\"text-align: justify;\" data-amp-original-style=\"text-align: justify;\">Par exemple, pour une professionnelle, ayant un salaire brut de 3 \u20ac de l\u2019heure, qui travaille 38 heures par semaine, de janvier \u00e0 ao\u00fbt, soit 32 semaines, son salaire mensuel s\u2019\u00e9l\u00e8ve \u00e0 233 \u20ac net.<\/p>\n<h2 class=\"titre amp-wp-7d27179\" style=\"text-align: justify;\" data-amp-original-style=\"text-align: justify;\"><span id=\"Salaire_pour_laccueil_occasionnel\">Salaire pour l\u2019accueil occasionnel<\/span><\/h2>\n<p class=\"amp-wp-7d27179\" style=\"text-align: justify;\" data-amp-original-style=\"text-align: justify;\">Ce type d\u2019accueil est fr\u00e9quent, pour garder en urgence un enfant, en cas d\u2019absence de la professionnelle habituelle. Cette proc\u00e9dure se fait g\u00e9n\u00e9ralement dans l\u2019attente qu\u2019une place en cr\u00e8che se lib\u00e8re lors de la survenue d\u2019un \u00e9v\u00e8nement familial impr\u00e9vu.\u00a0Le calcul est basique. Le taux horaire brut est multipli\u00e9 au nombre d\u2019heures dans le mois.<\/p>\n<p class=\"amp-wp-7d27179\" style=\"text-align: justify;\" data-amp-original-style=\"text-align: justify;\">Si une professionnelle a remplac\u00e9 une de ces coll\u00e8gues et a accueilli un enfant, sur 37 heures par semaine, durant 2 semaines du lundi au vendredi, avec un salaire de 4,5 \u20ac brut, le montant de sa r\u00e9mun\u00e9ration est de 257 \u20ac net.<\/p>\n<h2 class=\"amp-wp-7d27179\" style=\"text-align: justify;\" data-amp-original-style=\"text-align: justify;\"><span id=\"Quelle_aide_disponible_pour_epauler_les_parents\">Quelle aide disponible pour \u00e9pauler les parents ?<\/span><\/h2>\n<p class=\"amp-wp-7d27179 amp-wp-7d27179 amp-wp-7d27179 amp-wp-7d27179\" style=\"text-align: justify;\" data-amp-original-style=\"text-align: justify;\"><span class=\"amp-wp-57c6437\" data-amp-original-style=\"font-size: 12pt;\">Le compl\u00e9ment de libre choix du Mode de Garde (CMG) est une subvention du large dispositif qu\u2019est la Prestation d\u2019Accueil du Jeune Enfant (PAJE). Ce dernier fait partie des prestations familiales qui vous sont allou\u00e9es par la Caisse d\u2019Allocation Familiale (CAF) ou la Mutualit\u00e9 Sociale Agricole (MSA), si vous d\u00e9pendez du r\u00e9gime agricole.<\/span><\/p>\n<p class=\"amp-wp-7d27179 amp-wp-7d27179 amp-wp-7d27179 amp-wp-7d27179\" style=\"text-align: justify;\" data-amp-original-style=\"text-align: justify;\"><span class=\"amp-wp-57c6437\" data-amp-original-style=\"font-size: 12pt;\">Le CMG est une prise en charge partielle ou totale des frais que vous engagez lorsque vous avez recours \u00e0 une assistante maternelle, que vous faites garder votre enfant \u00e0 domicile ou que vous le placez en micro-cr\u00e8che.<\/span><\/p>\n<p class=\"amp-wp-7d27179 amp-wp-7d27179 amp-wp-7d27179 amp-wp-7d27179\" style=\"text-align: justify;\" data-amp-original-style=\"text-align: justify;\"><span class=\"amp-wp-57c6437\" data-amp-original-style=\"font-size: 12pt;\">L\u2019objectif de <a href=\"https:\/\/www.mes-allocs.fr\/guides\/allocations-familiales\/aide-garde-enfant\/\">l\u2019aide pour la garde de l&rsquo;enfant<\/a> est de permettre aux jeunes m\u00e8res de continuer \u00e0 exercer leur activit\u00e9 professionnelle en les aidant \u00e0 faire garder leur enfant.<\/span><\/p>\n<p class=\"amp-wp-7d27179 amp-wp-7d27179 amp-wp-7d27179 amp-wp-7d27179\" style=\"text-align: justify;\" data-amp-original-style=\"text-align: justify;\"><span class=\"amp-wp-fe3f5cc\" data-amp-original-style=\"font-weight: 400;\">Le montant maximal de compl\u00e9ment de libre choix du Mode de Garde est \u00e9tabli selon des plafonds de ressources qui varient en fonction du nombre d\u2019enfants qui sont \u00e0 votre charge. Si vous faites garder votre enfant par un(e) salari\u00e9(e) \u00e0 votre domicile ou une assistante maternelle, le co\u00fbt horaire de la garde choisie et le nombre d&rsquo;heures de garde effectu\u00e9es par mois auront \u00e9galement un impact sur le calcul du montant de votre CMG.<\/span><\/p>\n<p class=\"amp-wp-7d27179 amp-wp-7d27179 amp-wp-7d27179 amp-wp-7d27179\" style=\"text-align: justify;\" data-amp-original-style=\"text-align: justify;\"><span class=\"amp-wp-fe3f5cc\" data-amp-original-style=\"font-weight: 400;\">C\u2019est le revenu net cat\u00e9goriel (calcul\u00e9 par la somme de vos ressources diminu\u00e9es de vos charges et des abattements fiscaux dont vous b\u00e9n\u00e9ficiez) de l\u2019avant derni\u00e8re ann\u00e9e qui est pris en compte.<\/span><\/p>\n<p class=\"amp-wp-7d27179 amp-wp-7d27179 amp-wp-7d27179\" style=\"text-align: justify;\" data-amp-original-style=\"text-align: justify;\">Pour l\u2019aide, il existe deux cas de figure. Soit vous embauchez vous-m\u00eame une assistante maternelle, soit vous passez par un organisme qui emploie plusieurs assistantes maternelles.<\/p>\n<p><iframe loading=\"lazy\" title=\"Les allocations familiales\" width=\"500\" height=\"281\" src=\"https:\/\/www.youtube.com\/embed\/jtK96lpSlN0?feature=oembed\" frameborder=\"0\" allow=\"accelerometer; autoplay; clipboard-write; encrypted-media; gyroscope; picture-in-picture; web-share\" referrerpolicy=\"strict-origin-when-cross-origin\" allowfullscreen><\/iframe><\/p>\n<p data-amp-original-style=\"text-align: justify;\"><div class='cta-block'><div class='text'>Simulez toutes vos aides en 2 min.<\/div><a href='https:\/\/www.mes-allocs.fr\/ab-app?origin=guides\/wp-json\/wp\/v2\/posts\/44234' class='app-button fit'>Simulation gratuite<\/a><\/div><\/p>\n<h1 style=\"text-align: justify;\" data-amp-original-style=\"text-align: justify;\">Comment se passe le licenciement au niveau de l&rsquo;indemnit\u00e9 ?<\/h1>\n<p style=\"text-align: justify;\">Vous \u00eates sur le point de licencier\u00a0votre nounou \u00e0 domicile, suite \u00e0 votre d\u00e9m\u00e9nagement, une faute grave ou lourde ou encore, \u00e0 l\u2019entr\u00e9e \u00e0 l\u2019\u00e9cole maternelle de votre petite dernier. Elle va dans ce cas sans doute b\u00e9n\u00e9ficier d\u2019indemnit\u00e9s de licenciement. Nous allons voir quelles sont les conditions qui rendent obligatoires l&rsquo;indemnit\u00e9 en cas de rupture.<\/p>\n<h2 style=\"text-align: justify;\">La condition de l&rsquo;anciennet\u00e9<\/h2>\n<p style=\"text-align: justify;\">La condition d\u2019anciennet\u00e9 pour b\u00e9n\u00e9ficier d\u2019indemnit\u00e9s de rupture\u00a0est de 8 mois d\u2019anciennet\u00e9 en cas\u00a0de licenciement de la nounou \u00e0 domicile. Il n\u2019y a donc pas d\u2019indemnit\u00e9 de licenciement pour une nounou de moins de 8 mois d\u2019anciennet\u00e9.<\/p>\n<p style=\"text-align: justify;\">L\u2019anciennet\u00e9 (pour ce qui concerne le droit de la garde d\u2019enfant \u00e0 domicile \u00e0 des indemnit\u00e9s de licenciement) s\u2019appr\u00e9cie au jour de l\u2019envoi de la lettre recommand\u00e9e de licenciement de la garde d\u2019enfants (ou de la remise en mains propres)et non au jour de r\u00e9ception de la lettre, ou au jour de fin de contrat.<\/p>\n<h2 style=\"text-align: justify;\">Comment calculer l&rsquo;indemnit\u00e9 ?<\/h2>\n<p style=\"text-align: justify;\"><a href=\"https:\/\/www.mes-allocs.fr\/guides\/allocations-familiales\/aide-garde-enfant\/calcul-nounou\/\">Pour calculer<\/a> l&rsquo;indemnit\u00e9 de licenciement, vous devez dans un premier temps calculer le \u00ab\u00a0salaire mensuel moyen\u00a0\u00bb de l&rsquo;assistante maternelle.\u00a0Le montant du salaire mensuel moyen brut de la garde d\u2019enfants \u00e0 domicile\u00a0\u00e0 prendre en compte dans le calcul de l\u2019indemnit\u00e9 est le plus favorable \u00e0 votre garde d\u2019enfant \u00e0 domicile\u00a0entre :<\/p>\n<ul style=\"text-align: justify;\">\n<li>La moyenne des 12 derniers mois de salaire pr\u00e9c\u00e9dant la notification du licenciement (y compris les primes \u00e9ventuelles)<\/li>\n<li>La moyenne des 3 derniers mois de salaire pr\u00e9c\u00e9dant la fin de contrat (y compris les primes \u00e9ventuelles)<\/li>\n<\/ul>\n<p style=\"text-align: justify;\">Si votre nounou \u00e0 domicile a \u00e9t\u00e9 en arr\u00eat maladie, en cong\u00e9 maternit\u00e9 ou en cong\u00e9 sans solde, vous devez consid\u00e9rer le salaire qui aurait \u00e9t\u00e9 vers\u00e9 sans ces \u00ab\u00a0\u00e9v\u00e9nements\u00a0\u00bb.<\/p>\n<p style=\"text-align: justify;\">Sachez qu&rsquo;une prime <em>annuelle <\/em>vers\u00e9e dans les 3 derniers mois ne compte que pour 1\/4 (3 mois = 1\/4 d\u2019une ann\u00e9e) quand on fait la moyenne sur les 3 derniers mois<\/p>\n<p style=\"text-align: justify;\">Ensuite, vous devez calculer l\u2019anciennet\u00e9 \u00e0 consid\u00e9rer pour l\u2019indemnit\u00e9 de licenciement de la garde \u00e0 domicile.\u00a0Pour appr\u00e9cier l\u2019anciennet\u00e9 de la nounou \u00e0 domicile \u00e0 prendre en compte dans le calcul du montant des indemnit\u00e9s de licenciement de la nounou, on consid\u00e8re l\u2019anciennet\u00e9 totale, du d\u00e9but du contrat (date d\u2019embauche) au dernier jour du contrat de travail.<\/p>\n<p style=\"text-align: justify;\">On ajoute les p\u00e9riodes assimil\u00e9es \u00e0 du travail effectif (travail, cong\u00e9s, cong\u00e9 maternit\u00e9, etc). On ne prend pas en compte les p\u00e9riodes non effectives (cong\u00e9s sans solde, maladie, etc).<\/p>\n<p style=\"text-align: justify;\">Les \u00ab\u00a0ann\u00e9es d\u2019anciennet\u00e9\u00a0\u00bb s\u2019appr\u00e9cient aussi en fractions d\u2019ann\u00e9es (en mois), mais uniquement en mois complets de travail. Dans le cas o\u00f9\u00a0le pr\u00e9avis a \u00e9t\u00e9 effectu\u00e9 par votre nounou, il compte bien entendu dans l\u2019anciennet\u00e9.<\/p>\n<p style=\"text-align: justify;\">La dur\u00e9e du pr\u00e9avis de la garde \u00e0 domicile, s\u2019il est non effectu\u00e9, doit \u00eatre prise en compte\u00a0dans le calcul de l\u2019anciennet\u00e9 dans deux cas\u00a0: si c\u2019est vous qui avez demand\u00e9 \u00e0 la garde d\u2019enfants de ne pas l\u2019effectuer, ou si elle a \u00e9t\u00e9 d\u00e9clar\u00e9e inapte pour un motif non professionnel par la M\u00e9decine du Travail et donc ne peut pas faire ce pr\u00e9avis\u2026<\/p>\n<p style=\"text-align: justify;\">Si le pr\u00e9avis n\u2019a pas \u00e9t\u00e9 effectu\u00e9 suite \u00e0 une inaptitude professionnelle, il est r\u00e9mun\u00e9r\u00e9 MAIS ne compte pas dans l\u2019anciennet\u00e9.<\/p>\n<p style=\"text-align: justify;\">Si la garde d\u2019enfant a \u00e9t\u00e9 dispens\u00e9e de pr\u00e9avis \u00e0 sa demande, alors celui-ci ne compte pas dans l\u2019anciennet\u00e9 pour le calcul des indemnit\u00e9s de licenciement de la nounou.<\/p>\n<p style=\"text-align: justify;\">Enfin, multipliez l\u2019anciennet\u00e9 convertie en ann\u00e9es par le salaire mensuel brut moyen et par :<\/p>\n<ul style=\"text-align: justify;\">\n<li>1\/4 pour les ann\u00e9es en de\u00e7a de 10 ans d\u2019anciennet\u00e9<\/li>\n<li>1\/3 pour les ann\u00e9es d\u2019anciennet\u00e9 au-del\u00e0 de 10 ans<\/li>\n<\/ul>\n<p style=\"text-align: justify;\">Multipliez ce chiffre par deux si le licenciement fait suite \u00e0 une inaptitude professionnelle de la garde d\u2019enfants.<\/p>\n<h2 style=\"text-align: justify;\">Versement de l&rsquo;indemnit\u00e9<\/h2>\n<p style=\"text-align: justify;\">L\u2019indemnit\u00e9 de licenciement se calcule et se verse en BRUT (et non pas en salaire net) et n\u2019est pas soumise \u00e0 charges sociales.<\/p>\n<p style=\"text-align: justify;\">Votre garde d\u2019enfants per\u00e7oit donc ces indemnit\u00e9s en brut directement et c\u2019est cela qu\u2019il faut indiquer dans le solde de tout compte de la garde \u00e0 domicile.Aucune d\u00e9claration Pajemploi de ces sommes n\u2019est obligatoire, m\u00eame si elle est d\u00e9sormais possible \u00e0 titre indicatif.<\/p>\n<p style=\"text-align: justify;\"><div class='cta-block'><div class='text'>Simulez toutes vos aides en 2 min.<\/div><a href='https:\/\/www.mes-allocs.fr\/ab-app?origin=guides\/wp-json\/wp\/v2\/posts\/44234' class='app-button fit'>Simulation gratuite<\/a><\/div><\/p>\n","protected":false},"excerpt":{"rendered":"<p>[Mis \u00e0 jour le 20\/02\/2026] Dans le cadre des allocations familiales, vous pouvez b\u00e9n\u00e9ficier d&rsquo;aide pour la garde de vos enfants. Cependant si \u00e7a se passe mal, vous pouvez d\u00e9cider d&rsquo;un licenciement de votre nounou. On vous explique quel est le calcul de l&rsquo;indemnit\u00e9 de licenciement d&rsquo;une nounou. Le calcul du salaire de la nounou [&hellip;]<\/p>\n","protected":false},"author":6,"featured_media":105508,"comment_status":"open","ping_status":"open","sticky":false,"template":"","format":"standard","meta":{"amp_status":"","footnotes":""},"categories":[3126,10,17807],"tags":[],"class_list":["post-44234","post","type-post","status-publish","format-standard","has-post-thumbnail","hentry","category-aide-garde-enfant","category-allocations-familiales","category-calcul-nounou"],"yoast_head":"<!-- This site is optimized with the Yoast SEO plugin v14.9 - https:\/\/yoast.com\/wordpress\/plugins\/seo\/ -->\n<title>Comment calculer l&#039;indemnit\u00e9 de licenciement pour une nounou ?<\/title>\n<meta name=\"description\" content=\"Si vous d\u00e9cidez de vous s\u00e9parer de votre nounou, il se peut que vous lui versiez un indemint\u00e9 de licenciement. On vous en dit plus ici.\" \/>\n<meta name=\"robots\" content=\"index, follow, max-snippet:-1, max-image-preview:large, max-video-preview:-1\" \/>\n<link rel=\"canonical\" href=\"https:\/\/www.mes-allocs.fr\/guides\/allocations-familiales\/aide-garde-enfant\/calcul-nounou\/calcul-indemnite-licenciement-nounou\/\" \/>\n<meta property=\"og:locale\" content=\"fr_FR\" \/>\n<meta property=\"og:type\" content=\"article\" \/>\n<meta property=\"og:title\" content=\"Comment calculer l&#039;indemnit\u00e9 de licenciement pour une nounou ?\" \/>\n<meta property=\"og:description\" content=\"Si vous d\u00e9cidez de vous s\u00e9parer de votre nounou, il se peut que vous lui versiez un indemint\u00e9 de licenciement. On vous en dit plus ici.\" \/>\n<meta property=\"og:url\" content=\"https:\/\/www.mes-allocs.fr\/guides\/allocations-familiales\/aide-garde-enfant\/calcul-nounou\/calcul-indemnite-licenciement-nounou\/\" \/>\n<meta property=\"og:site_name\" content=\"Mes-Allocs.fr\" \/>\n<meta property=\"article:published_time\" content=\"2022-02-01T16:42:08+00:00\" \/>\n<meta property=\"article:modified_time\" content=\"2026-02-20T14:13:26+00:00\" \/>\n<meta property=\"og:image\" content=\"https:\/\/www.mes-allocs.fr\/guides\/wp-content\/uploads\/2022\/02\/nounou.jpg?wsr\" \/>\n\t<meta property=\"og:image:width\" content=\"1920\" \/>\n\t<meta property=\"og:image:height\" content=\"1280\" \/>\n<meta name=\"twitter:card\" content=\"summary_large_image\" \/>\n<script type=\"application\/ld+json\" class=\"yoast-schema-graph\">{\"@context\":\"https:\/\/schema.org\",\"@graph\":[{\"@type\":\"WebSite\",\"@id\":\"https:\/\/www.mes-allocs.fr\/guides\/#website\",\"url\":\"https:\/\/www.mes-allocs.fr\/guides\/\",\"name\":\"Mes-Allocs.fr\",\"description\":\"\",\"potentialAction\":[{\"@type\":\"SearchAction\",\"target\":\"https:\/\/www.mes-allocs.fr\/guides\/?s={search_term_string}\",\"query-input\":\"required name=search_term_string\"}],\"inLanguage\":\"fr-FR\"},{\"@type\":\"ImageObject\",\"@id\":\"https:\/\/www.mes-allocs.fr\/guides\/allocations-familiales\/aide-garde-enfant\/calcul-nounou\/calcul-indemnite-licenciement-nounou\/#primaryimage\",\"inLanguage\":\"fr-FR\",\"url\":\"https:\/\/www.mes-allocs.fr\/guides\/wp-content\/uploads\/2022\/02\/nounou.jpg?wsr\",\"width\":1920,\"height\":1280,\"caption\":\"nounou\"},{\"@type\":\"WebPage\",\"@id\":\"https:\/\/www.mes-allocs.fr\/guides\/allocations-familiales\/aide-garde-enfant\/calcul-nounou\/calcul-indemnite-licenciement-nounou\/#webpage\",\"url\":\"https:\/\/www.mes-allocs.fr\/guides\/allocations-familiales\/aide-garde-enfant\/calcul-nounou\/calcul-indemnite-licenciement-nounou\/\",\"name\":\"Comment calculer l'indemnit\\u00e9 de licenciement pour une nounou ?\",\"isPartOf\":{\"@id\":\"https:\/\/www.mes-allocs.fr\/guides\/#website\"},\"primaryImageOfPage\":{\"@id\":\"https:\/\/www.mes-allocs.fr\/guides\/allocations-familiales\/aide-garde-enfant\/calcul-nounou\/calcul-indemnite-licenciement-nounou\/#primaryimage\"},\"datePublished\":\"2022-02-01T16:42:08+00:00\",\"dateModified\":\"2026-02-20T14:13:26+00:00\",\"author\":{\"@id\":\"https:\/\/www.mes-allocs.fr\/guides\/#\/schema\/person\/0ecd61a8600573914d00d970a588c024\"},\"description\":\"Si vous d\\u00e9cidez de vous s\\u00e9parer de votre nounou, il se peut que vous lui versiez un indemint\\u00e9 de licenciement. On vous en dit plus ici.\",\"inLanguage\":\"fr-FR\"},{\"@type\":\"Person\",\"@id\":\"https:\/\/www.mes-allocs.fr\/guides\/#\/schema\/person\/0ecd61a8600573914d00d970a588c024\",\"name\":\"Jonathan\",\"image\":{\"@type\":\"ImageObject\",\"@id\":\"https:\/\/www.mes-allocs.fr\/guides\/#personlogo\",\"inLanguage\":\"fr-FR\",\"url\":\"https:\/\/www.mes-allocs.fr\/guides\/wp-content\/uploads\/2021\/06\/jonathan-150x150.png\",\"caption\":\"Jonathan\"},\"description\":\"Jonathan est r\\u00e9dacteur au sein de l'\\u00e9quipe Mes Allocs, sp\\u00e9cialis\\u00e9 sur les sujets li\\u00e9s au handicap. Dipl\\u00f4m\\u00e9e de l'UPEM, il rejoint Mes Allocs apr\\u00e8s avoir travaill\\u00e9 \\u00e0 l'association AEDE qui accompagne les adultes en situation de handicap. Quand il n'\\u00e9crit pas, on peut le retrouver sur un terrain de basket.\",\"sameAs\":[\"https:\/\/www.linkedin.com\/in\/jonathan-bambela-8637861b7\"]}]}<\/script>\n<!-- \/ Yoast SEO plugin. -->","amp_validity":null,"acf":{"faq":{"1":{"question":" Qu'est-ce que l'aide garde d'enfant ?","answer":"L'aide garde d'enfant aide les parents \u00e0 couvrir tout ou partie des frais li\u00e9s \u00e0 la garde de leur enfant. Faites <br> <a href=\u201chttps:\/\/www.mes-allocs.fr\/simulation-aides\u201d>une simulation gratuite<\/a>de garde d'enfant directement sur le site de Mes Allocs."},"2":{"question":" Quelles sont les aides disponibles pour payer une nounou ?","answer":"Le compl\u00e9ment de libre choix du mode de garde (CMG) est vers\u00e9 par la Caisse d'allocations familiales (CAF) aux parents qui font garder leur enfant par une \u201cnounou\u201d. Vous pouvez consulter toutes les conditions d'attribution dans notre article !"},"3":{"question":"Comment est calcul\u00e9e le CMG ?","answer":"En cas d'emploi direct d'une assistante maternelle ou d'une garde d'enfant \u00e0 domicile, la CAF prend en charge : Une partie de la r\u00e9mun\u00e9ration du salari\u00e9, fonction des revenus, du nombre d'enfants et de leur \u00e2ge. Un minimum de 15 % de la d\u00e9pense reste \u00e0 charge."},"4":{"question":"\u00c0 qui demander le compl\u00e9ment de libre choix du mode de garde ?","answer":"Les salari\u00e9s du priv\u00e9 et du public, les travailleurs ind\u00e9pendants, ainsi que les agriculteurs des Dom s'adressent \u00e0 leur caisse d'allocations familiales (Caf), tandis que les salari\u00e9s et exploitants agricoles en m\u00e9tropole se tournent, eux, vers leur caisse de mutualit\u00e9 sociale agricole (MSA)."},"5":{"question":"Quelles sont les conditions pour b\u00e9n\u00e9ficier de la PAJE ?","answer":"Pour pr\u00e9tendre \u00e0 l'allocation de base de la PAJE, vous devez avoir \u00e0 votre charge un enfant de moins de 3 ans, et vos ressources ne doivent pas d\u00e9passer un certain plafond. Faites <br> <a href=\u201chttps:\/\/www.mes-allocs.fr\/simulation-aides\u201d>une simulation gratuite<\/a> directement sur le site de Mes Allocs pour conna\u00eetre tous vos droits d'\u00e9ligibilit\u00e9s."},"6":{"question":"Comment est calcul\u00e9e le CMG ?","answer":"En cas d'emploi direct d'une assistante maternelle ou d'une garde d'enfant \u00e0 domicile, la CAF prend en charge : Une partie de la r\u00e9mun\u00e9ration du salari\u00e9, fonction des revenus, du nombre d'enfants et de leur \u00e2ge. Un minimum de 15 % de la d\u00e9pense reste \u00e0 charge."},"7":{"question":"","answer":""},"8":{"question":"","answer":""},"9":{"question":"","answer":""},"10":{"question":"","answer":""},"11":{"question":"","answer":""},"12":{"question":"","answer":""},"13":{"question":"","answer":""},"14":{"question":"","answer":""},"15":{"question":"","answer":""},"16":{"question":"","answer":""}}},"_links":{"self":[{"href":"https:\/\/www.mes-allocs.fr\/guides\/wp-json\/wp\/v2\/posts\/44234","targetHints":{"allow":["GET"]}}],"collection":[{"href":"https:\/\/www.mes-allocs.fr\/guides\/wp-json\/wp\/v2\/posts"}],"about":[{"href":"https:\/\/www.mes-allocs.fr\/guides\/wp-json\/wp\/v2\/types\/post"}],"author":[{"embeddable":true,"href":"https:\/\/www.mes-allocs.fr\/guides\/wp-json\/wp\/v2\/users\/6"}],"replies":[{"embeddable":true,"href":"https:\/\/www.mes-allocs.fr\/guides\/wp-json\/wp\/v2\/comments?post=44234"}],"version-history":[{"count":15,"href":"https:\/\/www.mes-allocs.fr\/guides\/wp-json\/wp\/v2\/posts\/44234\/revisions"}],"predecessor-version":[{"id":109534,"href":"https:\/\/www.mes-allocs.fr\/guides\/wp-json\/wp\/v2\/posts\/44234\/revisions\/109534"}],"wp:featuredmedia":[{"embeddable":true,"href":"https:\/\/www.mes-allocs.fr\/guides\/wp-json\/wp\/v2\/media\/105508"}],"wp:attachment":[{"href":"https:\/\/www.mes-allocs.fr\/guides\/wp-json\/wp\/v2\/media?parent=44234"}],"wp:term":[{"taxonomy":"category","embeddable":true,"href":"https:\/\/www.mes-allocs.fr\/guides\/wp-json\/wp\/v2\/categories?post=44234"},{"taxonomy":"post_tag","embeddable":true,"href":"https:\/\/www.mes-allocs.fr\/guides\/wp-json\/wp\/v2\/tags?post=44234"}],"curies":[{"name":"wp","href":"https:\/\/api.w.org\/{rel}","templated":true}]}}