{"id":44219,"date":"2022-02-01T18:40:15","date_gmt":"2022-02-01T16:40:15","guid":{"rendered":"https:\/\/www.mes-allocs.fr\/guides\/?p=44219"},"modified":"2026-02-18T18:16:15","modified_gmt":"2026-02-18T17:16:15","slug":"quotient-familial-strasbourg","status":"publish","type":"post","link":"https:\/\/www.mes-allocs.fr\/guides\/allocations-familiales\/quotient-familial\/quotient-familial-strasbourg\/","title":{"rendered":"\u00c0 quoi sert le quotient familial \u00e0 Strasbourg ?"},"content":{"rendered":"<p><img loading=\"lazy\" decoding=\"async\" class=\"aligncenter wp-image-44220 size-full\" title=\"strasbourg\" src=\"https:\/\/www.mes-allocs.fr\/guides\/wp-content\/uploads\/2022\/01\/strasbourg-e1643632773232.jpeg\" alt=\"quotient familial strasbourg\" width=\"1260\" height=\"387\" \/><\/p>\n<p style=\"text-align: justify;\">[Mis \u00e0 jour le 18\/02\/2026] Le quotient familial est un indicateur utilis\u00e9 par la CAF pour les <a href=\"https:\/\/www.mes-allocs.fr\/guides\/allocations-familiales\">allocations familiales<\/a>. Il est utilis\u00e9 pour calculer le montant de certaines aides. Les mairies aussi peuvent s&rsquo;en servir. Nous allons voir comment ce qu&rsquo;il en est du <strong>quotient familial \u00e0 Strasbourg<\/strong>.<\/p>\n<p><span style=\"font-weight: 400;\"><div class='cta-block'><div class='text'>Simulez toutes vos aides en 2 min.<\/div><a href='https:\/\/www.mes-allocs.fr\/ab-app?origin=guides\/wp-json\/wp\/v2\/posts\/44219' class='app-button fit'>Simulation gratuite<\/a><\/div><\/span><\/p>\n<h1 style=\"text-align: justify;\">Le Quotient familial pour les mairies<\/h1>\n<h2 style=\"text-align: justify;\">Le quotient familial et la mairie<\/h2>\n<p style=\"text-align: justify;\">Le fonctionnement du <a href=\"https:\/\/www.mes-allocs.fr\/guides\/allocations-familiales\/quotient-familial\/\">quotient familial<\/a> en mairie est quelque peu similaire \u00e0 celui de la CAF. Le quotient familial va servir \u00e0 calculer les aides que vous pouvez b\u00e9n\u00e9ficier. Pour le connaitre, il faut effectuer un calcul en fonction de votre situation. Ces aides sont propres \u00e0 chaque mairie.<\/p>\n<p style=\"text-align: justify;\">Ces aides peuvent concerner la restauration scolaire des enfants, l&rsquo;accueil de loisirs extra\u00a0scolaires ou encore les voyages organis\u00e9s par la ville. On retrouve ce fonctionnement par exemple \u00e0 Lyon ou encore a Torcy.<\/p>\n<p style=\"text-align: justify;\">Pour le calcul, rien ne change vraiment. Ce dernier peut se faire directement aupr\u00e8s de la mairie de votre commune. Il vous suffira simplement d&rsquo;apporter votre avis d&rsquo;imposition de l&rsquo;ann\u00e9e N-1 sur les revenus de l&rsquo;ann\u00e9e N-2 et la notification des droits et paiements de la <abbr>CAF. <\/abbr><\/p>\n<div class=\"well\" style=\"text-align: justify;\">\n<p>Enfin, en cas de changement de situation personnelle ou professionnelle en cours d\u2019ann\u00e9e, vous pouvez faire recalculer votre quotient familial.\u00a0Il est recommand\u00e9 d\u2019effectuer vos d\u00e9marches par internet ou directement en mairie.<\/p>\n<h2>La mairie de Strasbourg<\/h2>\n<p>les \u00e9tudiants seront re\u00e7us dans le cadre de permanences au Centre Administratif par des conseillers sociaux qui \u00e9tabliront ce document en leur faveur. Cette action est port\u00e9e par le service de l\u2019action sociale territoriale\/ Direction des Solidarit\u00e9s et de la Sant\u00e9 de la Ville et Eurom\u00e9tropole de Strasbourg.<\/p>\n<p>Dans le cas ou vous \u00eates \u00e9tudiant, pour b\u00e9n\u00e9ficier de la tarification solidaire, vous devez pr\u00e9senter une attestation de quotient familial d\u00e9livr\u00e9 par la CAF. Vous la pr\u00e9senterez aux diff\u00e9rents organismes (CTS, piscines&#8230;).<\/p>\n<p>Si vous r\u00e9sidez \u00e0 Strasbourg, vous pouvez obtenir votre attestation de Quotient Familial Unique (QFU) en ligne. Il suffit de vous connecter sur le site \u00ab\u00a0MonStrasbourg.eu\u00a0\u00bb avec votre adresse e-mail, puis de rechercher \u00ab\u00a0quotient familial unique\u00a0\u00bb. Le calcul se fait automatiquement \u00e0 partir de votre num\u00e9ro fiscal.<\/p>\n<\/div>\n<h2 class=\"amp-wp-7d27179\" style=\"text-align: justify;\" data-amp-original-style=\"text-align: justify;\"><span id=\"Le_cas_des_cantines_scolaires\">Le cas des cantines scolaires<\/span><\/h2>\n<p class=\"amp-wp-7d27179\" style=\"text-align: justify;\" data-amp-original-style=\"text-align: justify;\">Pour la cantine scolaire, le quotient familial a un r\u00f4le \u00e0 jouer. Mais avant cela, il faut comprendre les diff\u00e9rentes prises en charges des cantines. La comp\u00e9tence en mati\u00e8re de restauration scolaire scolaire varie selon les cas. Pour les \u00e9coles primaires la restauration est \u00e0 la charge des communes et sa gestion est assur\u00e9e par la caisse des \u00e9coles qui peuvent ensuite choisir d\u2019assurer les prestations elles-m\u00eames ou via des soci\u00e9t\u00e9s priv\u00e9es.<\/p>\n<p class=\"amp-wp-7d27179\" style=\"text-align: justify;\" data-amp-original-style=\"text-align: justify;\">Pour les coll\u00e8ges publics, la tarification et les prestations en mati\u00e8re de restauration dans les coll\u00e8ges d\u00e9pend du d\u00e9partement. Pour les lyc\u00e9es publics,\u00a0la restauration scolaire des lyc\u00e9es d\u00e9pend de la r\u00e9gion, pour son organisation et sa tarification.<\/p>\n<p class=\"amp-wp-7d27179\" style=\"text-align: justify;\" data-amp-original-style=\"text-align: justify;\">En ce qui concerne les \u00e9tablissements priv\u00e9s hors contrats, ces derniers sont enti\u00e8rement responsables de la gestion de la restauration scolaire. Ils peuvent donc fixer le mode de fonctionnement (internalis\u00e9 ou externalis\u00e9) ou bien demander aux parents de pr\u00e9parer les paniers repas de leurs enfants.<\/p>\n<p class=\"amp-wp-7d27179\" style=\"text-align: justify;\" data-amp-original-style=\"text-align: justify;\">Pour les coll\u00e8ge et les lyc\u00e9es, le quotient familial ne vas pas jouer un r\u00f4le direct sur le prix du repas. En effet, les \u00e9l\u00e8ve peuvent b\u00e9n\u00e9ficier d\u2019une bourse r\u00e9serv\u00e9 aux frais de cantine. Le quotient familial va servir \u00e0 d\u00e9terminer le montant de cette bourse. La bourse est donc accord\u00e9 sur des crit\u00e8res sociaux et votre situation familiale.<\/p>\n<p class=\"amp-wp-7d27179\" style=\"text-align: justify;\" data-amp-original-style=\"text-align: justify;\">En ce qui concerne les \u00e9coles primaires, les tarifs sont fix\u00e9s en g\u00e9n\u00e9ral, par les mairies. Le quotient familial va d\u00e9terminer le tarif de ces repas. Il agir directement sur le prix du repas. Il va servir \u00e0 revoir \u00e0 la baisse le prix.<\/p>\n<p class=\"amp-wp-7d27179\" style=\"text-align: justify;\" data-amp-original-style=\"text-align: justify;\">Vous pouvez connaitre le prix dans votre h\u00f4tel de ville.\u00a0 Le quotient familial utilis\u00e9 est tr\u00e8s majoritairement celui de la CAF.<\/p>\n<p><iframe loading=\"lazy\" title=\"Tout Savoir sur les Allocations Familiales !\" width=\"500\" height=\"281\" src=\"https:\/\/www.youtube.com\/embed\/XEX_FdLLYMo?feature=oembed\" frameborder=\"0\" allow=\"accelerometer; autoplay; clipboard-write; encrypted-media; gyroscope; picture-in-picture; web-share\" referrerpolicy=\"strict-origin-when-cross-origin\" allowfullscreen><\/iframe><\/p>\n<p data-amp-original-style=\"text-align: justify;\"><div class='cta-block'><div class='text'>Simulez toutes vos aides en 2 min.<\/div><a href='https:\/\/www.mes-allocs.fr\/ab-app?origin=guides\/wp-json\/wp\/v2\/posts\/44219' class='app-button fit'>Simulation gratuite<\/a><\/div><\/p>\n<h1 style=\"text-align: justify;\">Les autres utilisations du quotient familial<\/h1>\n<h2 class=\"amp-wp-7d27179\" style=\"text-align: justify;\" data-amp-original-style=\"text-align: justify;\"><span id=\"Comment_se_calcule-t-il_pour_les_impots\">Comment se calcule-t-il pour les imp\u00f4ts ?<\/span><\/h2>\n<p class=\"amp-wp-7d27179\" style=\"text-align: justify;\" data-amp-original-style=\"text-align: justify;\">Diviser le revenu net imposable par le nombre de parts de quotient familial permet d\u2019obtenir le montant de son imp\u00f4t brut. Le\u00a0calcul du quotient familial\u00a0d\u00e9pend du nombre de personnes \u00e0 la charge du contribuable ainsi que de sa situation familiale :<\/p>\n<ul class=\"amp-wp-7d27179\" style=\"text-align: justify;\" data-amp-original-style=\"text-align: justify;\">\n<li data-insertor-excluded=\"1\">Un c\u00e9libataire, ou une personne vivant en\u00a0concubinage, a droit \u00e0\u00a01\u00a0part\u00a0de quotient familial<\/li>\n<li data-insertor-excluded=\"1\">Un couple mari\u00e9 ou Pacs\u00e9\u00a0(pour pacte civil de solidarit\u00e9) dispose, lui, de\u00a02\u00a0parts<\/li>\n<li data-insertor-excluded=\"1\">Les deux premiers enfants comptent pour une demi-part chacun, ce qui fait\u00a03\u00a0parts\u00a0de quotient familial pour un couple soumis \u00e0 une imposition commune avec deux enfants<\/li>\n<li data-insertor-excluded=\"1\">Le troisi\u00e8me enfant (et les suivants), ainsi que les enfants handicap\u00e9s, ouvre droit non pas \u00e0 une demi-part suppl\u00e9mentaire mais \u00e0 1 part enti\u00e8re.<\/li>\n<\/ul>\n<p class=\"amp-wp-7d27179 amp-wp-7d27179\" style=\"text-align: justify;\" data-amp-original-style=\"text-align: justify;\"><span class=\"amp-wp-fe3f5cc\" data-amp-original-style=\"font-weight: 400;\">Pour calculer votre imp\u00f4t sur le revenu, l\u2019administration fiscale prend en compte votre d\u00e9claration des revenus et proc\u00e8de ainsi :<\/span><\/p>\n<ul class=\"amp-wp-7d27179 amp-wp-7d27179\" style=\"text-align: justify;\" data-amp-original-style=\"text-align: justify;\">\n<li class=\"amp-wp-fe3f5cc\" data-amp-original-style=\"font-weight: 400;\"><span class=\"amp-wp-fe3f5cc\" data-amp-original-style=\"font-weight: 400;\">Elle divise le montant de votre revenu imposable par votre nombre de parts de quotient familial.<\/span><\/li>\n<li class=\"amp-wp-fe3f5cc\" data-amp-original-style=\"font-weight: 400;\"><span class=\"amp-wp-fe3f5cc\" data-amp-original-style=\"font-weight: 400;\">Elle soumet le r\u00e9sultat alors obtenu au bar\u00e8me de l\u2019imp\u00f4t sur le revenu, qui est progressif (le taux d\u2019imposition varie par tranches d\u2019imposition \u00e9tablies chaque ann\u00e9e, selon des plafonds de ressources)<\/span><\/li>\n<li class=\"amp-wp-fe3f5cc\" data-amp-original-style=\"font-weight: 400;\"><span class=\"amp-wp-fe3f5cc\" data-amp-original-style=\"font-weight: 400;\">Enfin, elle multiplie ce montant par le nombre de parts de votre foyer fiscal<\/span><\/li>\n<\/ul>\n<p class=\"amp-wp-7d27179 amp-wp-7d27179\" style=\"text-align: justify;\" data-amp-original-style=\"text-align: justify;\"><span class=\"amp-wp-fe3f5cc\" data-amp-original-style=\"font-weight: 400;\">Ainsi,<\/span>\u00a0<span class=\"amp-wp-fe3f5cc\" data-amp-original-style=\"font-weight: 400;\">l\u2019administration fiscale obtient le montant d\u2019imp\u00f4t sur le revenu que vous devez payer. De la sorte, la progressivit\u00e9 de l\u2019imp\u00f4t sur le revenu est att\u00e9nu\u00e9e. Vous pouvez retrouver l&rsquo;ensemble de ces informations sur votre avis d&rsquo; imposition.\u00a0<\/span><\/p>\n<h2 class=\"amp-wp-7d27179\" style=\"text-align: justify;\" data-amp-original-style=\"text-align: justify;\"><span id=\"Les_differents_plafonds_du_quotient_familial\">Les diff\u00e9rents plafonds du quotient familial<\/span><\/h2>\n<p class=\"amp-wp-7d27179\" data-amp-original-style=\"text-align: justify;\">Pour le quotient familial, il existe un plafond de r\u00e9duction d\u2019imp\u00f4t. Ce plafond est fix\u00e9 \u00e0 :<\/p>\n<ul class=\"amp-wp-7d27179\" data-amp-original-style=\"text-align: justify;\">\n<li>1\u00a0759 \u20ac par demi-part suppl\u00e9mentaire li\u00e9e aux personnes \u00e0 charge dans le cas g\u00e9n\u00e9ral,<\/li>\n<\/ul>\n<p class=\"amp-wp-7d27179\" data-amp-original-style=\"text-align: justify;\">Des plafonds sp\u00e9cifiques s\u2019appliquent aussi pour les contribuables se trouvant dans l\u2019une des situations suivantes :<\/p>\n<p class=\"amp-wp-7d27179\" data-amp-original-style=\"text-align: justify;\">Pour un parent isol\u00e9 \u00e9levant seul ses enfants, le plafond est de 4 149 \u20ac pour la part enti\u00e8re accord\u00e9e au titre du 1<sup>er<\/sup>\u00a0enfant \u00e0 charge (contribuables c\u00e9libataires, divorc\u00e9s ou s\u00e9par\u00e9s \u00e9levant seuls un ou plusieurs enfants).<\/p>\n<p class=\"amp-wp-7d27179\" data-amp-original-style=\"text-align: justify;\">Pour une personne invalide ou ayant le statut d\u2019ancien combattant, une r\u00e9duction d\u2019imp\u00f4t compl\u00e9mentaire de 1.868 euros \u20ac est appliqu\u00e9e lorsque le plafond de 1.678 \u20ac est atteint pour la demi-part suppl\u00e9mentaire accord\u00e9e. L\u2019avantage final est donc limit\u00e9e \u00e0 3 512 \u20ac.<\/p>\n<p class=\"amp-wp-7d27179\" data-amp-original-style=\"text-align: justify;\">Enfin, pour une personne veuve ayant des enfants \u00e0 charge, il y a aussi une r\u00e9duction d\u2019imp\u00f4t. Cette derni\u00e8re est compl\u00e9mentaire de 1 868 \u20ac et est accord\u00e9e lorsque le plafond est atteint pour les 2 premi\u00e8res demi-parts suppl\u00e9mentaires (3 512 \u20ac) s\u2019ajoutant \u00e0 une part. Ce qui limite l\u2019avantage fiscal \u00e0 5 476 \u20ac.<\/p>\n<h2 class=\"amp-wp-7d27179\" style=\"text-align: justify;\" data-amp-original-style=\"text-align: justify;\"><span id=\"Quen_est-il_de_la_CAF\">Qu\u2019en est-il de la CAF ?<\/span><\/h2>\n<p class=\"amp-wp-7d27179 amp-wp-7d27179\" style=\"text-align: justify;\" data-amp-original-style=\"text-align: justify;\"><span class=\"amp-wp-fe3f5cc\" data-amp-original-style=\"font-weight: 400;\">Le quotient familial n\u2019est pas utilis\u00e9 exclusivement pour le calcul de l\u2019imp\u00f4t sur le revenu. Le quotient familial est aussi utilis\u00e9 par votre\u00a0<\/span>Caisse d\u2019Allocations Familiales (CAF)<span class=\"amp-wp-fe3f5cc\" data-amp-original-style=\"font-weight: 400;\">\u00a0s\u2019en sert \u00e9galement pour l\u2019attribution de certaines aides sociales.\u00a0 De la m\u00eame mani\u00e8re que l\u2019administration fiscale, la CAF utilise votre quotient familial pour d\u00e9terminer les revenus de votre foyer, en prenant en compte le nombre de personnes et d\u2019enfants \u00e0 charge qui le compose et la demi part suppl\u00e9mentaire.<\/span><\/p>\n<p class=\"amp-wp-7d27179 amp-wp-7d27179\" style=\"text-align: justify;\" data-amp-original-style=\"text-align: justify;\"><span class=\"amp-wp-fe3f5cc\" data-amp-original-style=\"font-weight: 400;\">Le plafonnement du quotient familial de la CAF est l\u00e9g\u00e8rement diff\u00e9rent du quotient familial utilis\u00e9 par l\u2019administration fiscale. La CAF utilise un quotient familial fond\u00e9 sur les ressources mensuelles, y compris les aides de la CAF. Ainsi, le quotient familial est le r\u00e9sultat de la\u00a0<\/span>division du revenu annuel net per\u00e7u avant abattements fiscaux<span class=\"amp-wp-fe3f5cc\" data-amp-original-style=\"font-weight: 400;\">, auquel on ajoute l\u2019ensemble des prestations vers\u00e9es par la CAF pour le mois consid\u00e9r\u00e9, et cette somme est divis\u00e9e par le nombre de parts de quotient familial :\u00a0<\/span><\/p>\n<p class=\"amp-wp-7d27179 amp-wp-cdd8ca0\" style=\"text-align: center;\" data-amp-original-style=\"text-align: center;\"><strong>Quotient familial mensuel = (1\/12 x (revenus nets per\u00e7us) + Prestations \u00e0 caract\u00e8re mensuel du mois de calcul ) \/ Nombre de parts\u00a0<\/strong><\/p>\n<p style=\"text-align: justify;\" data-amp-original-style=\"text-align: justify;\"><div class='cta-block'><div class='text'>Simulez toutes vos aides en 2 min.<\/div><a href='https:\/\/www.mes-allocs.fr\/ab-app?origin=guides\/wp-json\/wp\/v2\/posts\/44219' class='app-button fit'>Simulation gratuite<\/a><\/div><\/p>\n","protected":false},"excerpt":{"rendered":"<p>[Mis \u00e0 jour le 18\/02\/2026] Le quotient familial est un indicateur utilis\u00e9 par la CAF pour les allocations familiales. Il est utilis\u00e9 pour calculer le montant de certaines aides. Les mairies aussi peuvent s&rsquo;en servir. Nous allons voir comment ce qu&rsquo;il en est du quotient familial \u00e0 Strasbourg. Le Quotient familial pour les mairies Le [&hellip;]<\/p>\n","protected":false},"author":6,"featured_media":44220,"comment_status":"open","ping_status":"open","sticky":false,"template":"","format":"standard","meta":{"amp_status":"","footnotes":""},"categories":[10,9894],"tags":[],"class_list":["post-44219","post","type-post","status-publish","format-standard","has-post-thumbnail","hentry","category-allocations-familiales","category-quotient-familial"],"yoast_head":"<!-- This site is optimized with the Yoast SEO plugin v14.9 - https:\/\/yoast.com\/wordpress\/plugins\/seo\/ -->\n<title>\u00c0 quoi sert le quotient familial \u00e0 Strasbourg ? | Mes-Allocs.fr<\/title>\n<meta name=\"description\" content=\"La ville de Strasbourg se sert aussi du quotient familial. Dans cet article, on vous explique comment le connaitre et avoir l&#039;attestation.\" \/>\n<meta name=\"robots\" content=\"index, follow, max-snippet:-1, max-image-preview:large, max-video-preview:-1\" \/>\n<link rel=\"canonical\" href=\"https:\/\/www.mes-allocs.fr\/guides\/allocations-familiales\/quotient-familial\/quotient-familial-strasbourg\/\" \/>\n<meta property=\"og:locale\" content=\"fr_FR\" \/>\n<meta property=\"og:type\" content=\"article\" \/>\n<meta property=\"og:title\" content=\"\u00c0 quoi sert le quotient familial \u00e0 Strasbourg ? | Mes-Allocs.fr\" \/>\n<meta property=\"og:description\" content=\"La ville de Strasbourg se sert aussi du quotient familial. Dans cet article, on vous explique comment le connaitre et avoir l&#039;attestation.\" \/>\n<meta property=\"og:url\" content=\"https:\/\/www.mes-allocs.fr\/guides\/allocations-familiales\/quotient-familial\/quotient-familial-strasbourg\/\" \/>\n<meta property=\"og:site_name\" content=\"Mes-Allocs.fr\" \/>\n<meta property=\"article:published_time\" content=\"2022-02-01T16:40:15+00:00\" \/>\n<meta property=\"article:modified_time\" content=\"2026-02-18T17:16:15+00:00\" \/>\n<meta property=\"og:image\" content=\"https:\/\/www.mes-allocs.fr\/guides\/wp-content\/uploads\/2022\/01\/strasbourg.jpeg?wsr\" \/>\n\t<meta property=\"og:image:width\" content=\"1260\" \/>\n\t<meta property=\"og:image:height\" content=\"709\" \/>\n<meta name=\"twitter:card\" content=\"summary_large_image\" \/>\n<script type=\"application\/ld+json\" class=\"yoast-schema-graph\">{\"@context\":\"https:\/\/schema.org\",\"@graph\":[{\"@type\":\"WebSite\",\"@id\":\"https:\/\/www.mes-allocs.fr\/guides\/#website\",\"url\":\"https:\/\/www.mes-allocs.fr\/guides\/\",\"name\":\"Mes-Allocs.fr\",\"description\":\"\",\"potentialAction\":[{\"@type\":\"SearchAction\",\"target\":\"https:\/\/www.mes-allocs.fr\/guides\/?s={search_term_string}\",\"query-input\":\"required name=search_term_string\"}],\"inLanguage\":\"fr-FR\"},{\"@type\":\"ImageObject\",\"@id\":\"https:\/\/www.mes-allocs.fr\/guides\/allocations-familiales\/quotient-familial\/quotient-familial-strasbourg\/#primaryimage\",\"inLanguage\":\"fr-FR\",\"url\":\"https:\/\/www.mes-allocs.fr\/guides\/wp-content\/uploads\/2022\/01\/strasbourg.jpeg?wsr\",\"width\":1260,\"height\":709,\"caption\":\"cej strasbourg\"},{\"@type\":\"WebPage\",\"@id\":\"https:\/\/www.mes-allocs.fr\/guides\/allocations-familiales\/quotient-familial\/quotient-familial-strasbourg\/#webpage\",\"url\":\"https:\/\/www.mes-allocs.fr\/guides\/allocations-familiales\/quotient-familial\/quotient-familial-strasbourg\/\",\"name\":\"\\u00c0 quoi sert le quotient familial \\u00e0 Strasbourg ? | Mes-Allocs.fr\",\"isPartOf\":{\"@id\":\"https:\/\/www.mes-allocs.fr\/guides\/#website\"},\"primaryImageOfPage\":{\"@id\":\"https:\/\/www.mes-allocs.fr\/guides\/allocations-familiales\/quotient-familial\/quotient-familial-strasbourg\/#primaryimage\"},\"datePublished\":\"2022-02-01T16:40:15+00:00\",\"dateModified\":\"2026-02-18T17:16:15+00:00\",\"author\":{\"@id\":\"https:\/\/www.mes-allocs.fr\/guides\/#\/schema\/person\/0ecd61a8600573914d00d970a588c024\"},\"description\":\"La ville de Strasbourg se sert aussi du quotient familial. Dans cet article, on vous explique comment le connaitre et avoir l'attestation.\",\"inLanguage\":\"fr-FR\"},{\"@type\":\"Person\",\"@id\":\"https:\/\/www.mes-allocs.fr\/guides\/#\/schema\/person\/0ecd61a8600573914d00d970a588c024\",\"name\":\"Jonathan\",\"image\":{\"@type\":\"ImageObject\",\"@id\":\"https:\/\/www.mes-allocs.fr\/guides\/#personlogo\",\"inLanguage\":\"fr-FR\",\"url\":\"https:\/\/www.mes-allocs.fr\/guides\/wp-content\/uploads\/2021\/06\/jonathan-150x150.png\",\"caption\":\"Jonathan\"},\"description\":\"Jonathan est r\\u00e9dacteur au sein de l'\\u00e9quipe Mes Allocs, sp\\u00e9cialis\\u00e9 sur les sujets li\\u00e9s au handicap. Dipl\\u00f4m\\u00e9e de l'UPEM, il rejoint Mes Allocs apr\\u00e8s avoir travaill\\u00e9 \\u00e0 l'association AEDE qui accompagne les adultes en situation de handicap. Quand il n'\\u00e9crit pas, on peut le retrouver sur un terrain de basket.\",\"sameAs\":[\"https:\/\/www.linkedin.com\/in\/jonathan-bambela-8637861b7\"]}]}<\/script>\n<!-- \/ Yoast SEO plugin. -->","amp_validity":null,"acf":{"faq":{"1":{"question":"Comment obtenir le quotient familial ?","answer":"Si vous souhaitez calculer par vous m\u00eame votre quotient familial utilis\u00e9 par la CAF, voici le d\u00e9tail du calcul : Divisez vos revenus annuels imposables N-2* par 12. Ajoutez \u00e0 ce chiffre les prestations familiales du mois de r\u00e9f\u00e9rence. Divisez le montant obtenu par votre nombre de parts fiscales."},"2":{"question":"Quel est le quotient familial utilis\u00e9 pour la cantine ?","answer":"Le quotient utilis\u00e9 pour la tarification des repas est le quotient familial de la CAF."},"3":{"question":"Est-il possible de faire une simulation des aides ?","answer":"Oui, sur Mes allocs, nous vous proposons <br> <a href=\u201chttps:\/\/www.mes-allocs.fr\/simulation-aides\u201d>une simulation gratuite<\/a> pour connaitre les diff\u00e9rentes aides auxquels vous \u00eates \u00e9ligible."},"4":{"question":"Le quotient familial des imp\u00f4ts est-il le m\u00eame que celui de la CAF ?","answer":"Non pas exactement. Bien qu'il aient la m\u00eame d\u00e9nomination, leurs formes et les param\u00e8tres de calculs ne sont pas les m\u00eames."},"5":{"question":"Toutes les aides de la CAF d\u00e9pendent-elles du quotient familial ? ","answer":"M\u00eame si la plupart des aides sont en lien avec le quotient familial, il existe certaines aides qui ne d\u00e9pendent pas de cet indicateur."},"6":{"question":"Le quotient familial peut-il \u00e9voluer dans le temps ?","answer":"Votre quotient familial d\u00e9pend du nombres de parts dans votre foyer. Donc oui, ce dernier peut \u00e9voluer dans le temps."},"7":{"question":"","answer":""},"8":{"question":"","answer":""},"9":{"question":"","answer":""},"10":{"question":"","answer":""},"11":{"question":"","answer":""},"12":{"question":"","answer":""},"13":{"question":"","answer":""},"14":{"question":"","answer":""},"15":{"question":"","answer":""},"16":{"question":"","answer":""}}},"_links":{"self":[{"href":"https:\/\/www.mes-allocs.fr\/guides\/wp-json\/wp\/v2\/posts\/44219","targetHints":{"allow":["GET"]}}],"collection":[{"href":"https:\/\/www.mes-allocs.fr\/guides\/wp-json\/wp\/v2\/posts"}],"about":[{"href":"https:\/\/www.mes-allocs.fr\/guides\/wp-json\/wp\/v2\/types\/post"}],"author":[{"embeddable":true,"href":"https:\/\/www.mes-allocs.fr\/guides\/wp-json\/wp\/v2\/users\/6"}],"replies":[{"embeddable":true,"href":"https:\/\/www.mes-allocs.fr\/guides\/wp-json\/wp\/v2\/comments?post=44219"}],"version-history":[{"count":20,"href":"https:\/\/www.mes-allocs.fr\/guides\/wp-json\/wp\/v2\/posts\/44219\/revisions"}],"predecessor-version":[{"id":109293,"href":"https:\/\/www.mes-allocs.fr\/guides\/wp-json\/wp\/v2\/posts\/44219\/revisions\/109293"}],"wp:featuredmedia":[{"embeddable":true,"href":"https:\/\/www.mes-allocs.fr\/guides\/wp-json\/wp\/v2\/media\/44220"}],"wp:attachment":[{"href":"https:\/\/www.mes-allocs.fr\/guides\/wp-json\/wp\/v2\/media?parent=44219"}],"wp:term":[{"taxonomy":"category","embeddable":true,"href":"https:\/\/www.mes-allocs.fr\/guides\/wp-json\/wp\/v2\/categories?post=44219"},{"taxonomy":"post_tag","embeddable":true,"href":"https:\/\/www.mes-allocs.fr\/guides\/wp-json\/wp\/v2\/tags?post=44219"}],"curies":[{"name":"wp","href":"https:\/\/api.w.org\/{rel}","templated":true}]}}