{"id":44196,"date":"2022-02-01T18:38:49","date_gmt":"2022-02-01T16:38:49","guid":{"rendered":"https:\/\/www.mes-allocs.fr\/guides\/?p=44196"},"modified":"2026-01-07T16:25:31","modified_gmt":"2026-01-07T15:25:31","slug":"apl-retroactif","status":"publish","type":"post","link":"https:\/\/www.mes-allocs.fr\/guides\/aide-logement\/apl\/apl-retroactif\/","title":{"rendered":"APL : le versement de l&rsquo;aide est-il r\u00e9troactif ?"},"content":{"rendered":"<p><img loading=\"lazy\" decoding=\"async\" class=\"aligncenter wp-image-44197 size-full\" title=\"cartons\" src=\"https:\/\/www.mes-allocs.fr\/guides\/wp-content\/uploads\/2022\/01\/cartons--e1685961012234.jpeg\" alt=\"rattrapage apl\" width=\"1125\" height=\"208\" srcset=\"https:\/\/www.mes-allocs.fr\/guides\/wp-content\/uploads\/2022\/01\/cartons--e1685961012234.jpeg 1125w, https:\/\/www.mes-allocs.fr\/guides\/wp-content\/uploads\/2022\/01\/cartons--e1685961012234-300x55.jpeg 300w, https:\/\/www.mes-allocs.fr\/guides\/wp-content\/uploads\/2022\/01\/cartons--e1685961012234-1024x189.jpeg 1024w, https:\/\/www.mes-allocs.fr\/guides\/wp-content\/uploads\/2022\/01\/cartons--e1685961012234-768x142.jpeg 768w, https:\/\/www.mes-allocs.fr\/guides\/wp-content\/uploads\/2022\/01\/cartons--e1685961012234-600x111.jpeg 600w\" sizes=\"auto, (max-width: 1125px) 100vw, 1125px\" \/><\/p>\n<p>[Mis \u00e0 jour le 07\/01\/2026] L&rsquo;<a href=\"https:\/\/www.mes-allocs.fr\/guides\/aide-logement\/apl\/\">APL<\/a> est une aide sociale vers\u00e9e par la CAF. Cette aide au logement vous permet de b\u00e9n\u00e9ficier d&rsquo;une somme pour vous aider dans les d\u00e9penses concernant votre logement. Dans cet article, nous allons voir si vous pouvez rattraper votre APL.<\/p>\n<hr \/>\n<h1>Qu\u2019est-ce que l\u2019APL ?<\/h1>\n<h2>D\u00e9finition<\/h2>\n<p><span data-amp-original-=\"\">L&rsquo;aide au logement CAF repr\u00e9sente trois aides financi\u00e8res diff\u00e9rentes qui sont l\u2019<\/span><a href=\"https:\/\/www.mes-allocs.fr\/guides\/aide-logement\/apl\/\"><span data-amp-original-=\"\">Aide Personnalis\u00e9e au Logement<\/span><\/a><span data-amp-original-=\"\">, l\u2019<\/span><span data-amp-original-=\"\">Allocation de Logement Social<\/span><span data-amp-original-=\"\">\u00a0(ALS) et enfin l\u2019<\/span><span data-amp-original-=\"\">Allocation de Logement Familial<\/span><span data-amp-original-=\"\">\u00a0(ALF).\u00a0<\/span><\/p>\n<p><span data-amp-original-=\"\">Les droits estim\u00e9s varient selon la situation personnelle de chaque demandeur. Les conditions d\u2019attribution retenues pour les <a href=\"https:\/\/www.mes-allocs.fr\/guides\/aide-logement\/apl\/simulation-apl\/\">APL<\/a> sont principalement les suivantes :<\/span><\/p>\n<ul>\n<li data-amp-original-=\"\"><span data-amp-original-=\"\">La situation familiale du foyer ;<\/span><\/li>\n<li data-amp-original-=\"\"><span data-amp-original-=\"\">La situation professionnelle de chaque membre du foyer ;<\/span><\/li>\n<li data-amp-original-=\"\"><span data-amp-original-=\"\">Les conditions de ressources de l\u2019ensemble du foyer ;<\/span><\/li>\n<li data-amp-original-=\"\"><span data-amp-original-=\"\">Le montant du loyer hors charges ou les mensualit\u00e9s d\u2019un pr\u00eat immobilier ;<\/span><\/li>\n<li data-amp-original-=\"\"><span data-amp-original-=\"\">Le type de logement (appartement, conventionn\u00e9, etc.) ;<\/span><\/li>\n<li data-amp-original-=\"\"><span data-amp-original-=\"\">La zone g\u00e9ographique dans laquelle se situe le logement.<\/span><\/li>\n<\/ul>\n\n<div class=\"wpdt-c row wpDataTableContainerSimpleTable wpDataTables wpDataTablesWrapper\n\"\n    >\n    <table id=\"wpdtSimpleTable-145\"\n           class=\"wpdtSimpleTable wpDataTable\"\n           data-column=\"2\"\n           data-rows=\"10\"\n           data-wpID=\"145\"\n           data-responsive=\"0\"\n           data-has-header=\"1\">\n\n                    <thead>        <tr class=\"wpdt-cell-row \" >\n                            <th class=\"wpdt-cell wpdt-bold wpdt-bc-F3F9FE\"\n                                    data-cell-id=\"A1\"\n                data-col-index=\"0\"\n                data-row-index=\"0\"\n                style=\" width:26.151930261519%;                padding:10px;\"\n                >\n                                Composition du foyer                <\/th>\n                                            <th class=\"wpdt-cell wpdt-bold wpdt-bc-F3F9FE\"\n                                    data-cell-id=\"B1\"\n                data-col-index=\"1\"\n                data-row-index=\"0\"\n                style=\" width:73.848069738481%;                padding:10px;\"\n                >\n                                Plafonds de ressources (en \u20ac) \u00e0 ne pas d\u00e9passer pour toucher le montant maximal d'APL en 2026                <\/th>\n                                        <\/tr>\n                    <tbody>        <tr class=\"wpdt-cell-row \" >\n                            <td class=\"wpdt-cell wpdt-bold wpdt-bc-F3F9FE\"\n                                    data-cell-id=\"A2\"\n                data-col-index=\"0\"\n                data-row-index=\"1\"\n                style=\"                padding:10px;\"\n                >\n                                Personne seule                <\/td>\n                                            <td class=\"wpdt-cell wpdt-bc-FFFFFF\"\n                                    data-cell-id=\"B2\"\n                data-col-index=\"1\"\n                data-row-index=\"1\"\n                style=\"                padding:10px;\"\n                >\n                                5 235                <\/td>\n                                        <\/tr>\n                            <tr class=\"wpdt-cell-row \" >\n                            <td class=\"wpdt-cell wpdt-bold wpdt-bc-F3F9FE\"\n                                    data-cell-id=\"A3\"\n                data-col-index=\"0\"\n                data-row-index=\"2\"\n                style=\"                padding:10px;\"\n                >\n                                Couple sans personne \u00e0 charge                <\/td>\n                                            <td class=\"wpdt-cell wpdt-bc-FFFFFF\"\n                                    data-cell-id=\"B3\"\n                data-col-index=\"1\"\n                data-row-index=\"2\"\n                style=\"                padding:10px;\"\n                >\n                                7 501                <\/td>\n                                        <\/tr>\n                            <tr class=\"wpdt-cell-row \" >\n                            <td class=\"wpdt-cell wpdt-bold wpdt-bc-F3F9FE\"\n                                    data-cell-id=\"A4\"\n                data-col-index=\"0\"\n                data-row-index=\"3\"\n                style=\"                padding:10px;\"\n                >\n                                Personne seule ou couple avec une personne \u00e0 charge                <\/td>\n                                            <td class=\"wpdt-cell wpdt-bc-FFFFFF\"\n                                    data-cell-id=\"B4\"\n                data-col-index=\"1\"\n                data-row-index=\"3\"\n                style=\"                padding:10px;\"\n                >\n                                8 947                <\/td>\n                                        <\/tr>\n                            <tr class=\"wpdt-cell-row \" >\n                            <td class=\"wpdt-cell wpdt-bold wpdt-bc-F3F9FE\"\n                                    data-cell-id=\"A5\"\n                data-col-index=\"0\"\n                data-row-index=\"4\"\n                style=\"                padding:10px;\"\n                >\n                                Personne seule ou couple ayant 2 personnes \u00e0 charge                <\/td>\n                                            <td class=\"wpdt-cell wpdt-bc-FFFFFF\"\n                                    data-cell-id=\"B5\"\n                data-col-index=\"1\"\n                data-row-index=\"4\"\n                style=\"                padding:10px;\"\n                >\n                                9 148                <\/td>\n                                        <\/tr>\n                            <tr class=\"wpdt-cell-row \" >\n                            <td class=\"wpdt-cell wpdt-bold wpdt-bc-F3F9FE\"\n                                    data-cell-id=\"A6\"\n                data-col-index=\"0\"\n                data-row-index=\"5\"\n                style=\"                padding:10px;\"\n                >\n                                Personne seule ou couple ayant 3 personnes \u00e0 charge                <\/td>\n                                            <td class=\"wpdt-cell wpdt-bc-FFFFFF\"\n                                    data-cell-id=\"B6\"\n                data-col-index=\"1\"\n                data-row-index=\"5\"\n                style=\"                padding:10px;\"\n                >\n                                9 498                <\/td>\n                                        <\/tr>\n                            <tr class=\"wpdt-cell-row \" >\n                            <td class=\"wpdt-cell wpdt-bold wpdt-bc-F3F9FE\"\n                                    data-cell-id=\"A7\"\n                data-col-index=\"0\"\n                data-row-index=\"6\"\n                style=\"                padding:10px;\"\n                >\n                                Personne seule ou couple ayant 4 personnes \u00e0 charge                <\/td>\n                                            <td class=\"wpdt-cell wpdt-bc-FFFFFF\"\n                                    data-cell-id=\"B7\"\n                data-col-index=\"1\"\n                data-row-index=\"6\"\n                style=\"                padding:10px;\"\n                >\n                                9 851                <\/td>\n                                        <\/tr>\n                            <tr class=\"wpdt-cell-row \" >\n                            <td class=\"wpdt-cell wpdt-bold wpdt-bc-F3F9FE\"\n                                    data-cell-id=\"A8\"\n                data-col-index=\"0\"\n                data-row-index=\"7\"\n                style=\"                padding:10px;\"\n                >\n                                Personne seule ou couple ayant 5 personnes \u00e0 charge                <\/td>\n                                            <td class=\"wpdt-cell wpdt-bc-FFFFFF\"\n                                    data-cell-id=\"B8\"\n                data-col-index=\"1\"\n                data-row-index=\"7\"\n                style=\"                padding:10px;\"\n                >\n                                10 202                <\/td>\n                                        <\/tr>\n                            <tr class=\"wpdt-cell-row \" >\n                            <td class=\"wpdt-cell wpdt-bold wpdt-bc-F3F9FE\"\n                                    data-cell-id=\"A9\"\n                data-col-index=\"0\"\n                data-row-index=\"8\"\n                style=\"                padding:10px;\"\n                >\n                                Personne seule ou couple ayant 6 personnes \u00e0 charge                <\/td>\n                                            <td class=\"wpdt-cell wpdt-bc-FFFFFF\"\n                                    data-cell-id=\"B9\"\n                data-col-index=\"1\"\n                data-row-index=\"8\"\n                style=\"                padding:10px;\"\n                >\n                                10 554                <\/td>\n                                        <\/tr>\n                            <tr class=\"wpdt-cell-row \" >\n                            <td class=\"wpdt-cell wpdt-bold wpdt-bc-F3F9FE\"\n                                    data-cell-id=\"A10\"\n                data-col-index=\"0\"\n                data-row-index=\"9\"\n                style=\"                padding:10px;\"\n                >\n                                Par personne \u00e0 charge suppl\u00e9mentaire                <\/td>\n                                            <td class=\"wpdt-cell wpdt-bc-FFFFFF\"\n                                    data-cell-id=\"B10\"\n                data-col-index=\"1\"\n                data-row-index=\"9\"\n                style=\"                padding:10px;\"\n                >\n                                + 346                <\/td>\n                                        <\/tr>\n                    <\/table>\n<\/div><style id='wpdt-custom-style-145'>\ntable#wpdtSimpleTable-145{ table-layout: fixed !important; }\n.wpdt-bc-F3F9FE { background-color: #F3F9FE !important;}\n.wpdt-bc-FFFFFF { background-color: #FFFFFF !important;}\n<\/style>\n\n<p>Depuis l\u2019entr\u00e9e en vigueur de la r\u00e9forme des APL le 1er janvier 2021 ce sont d\u00e9sormais les revenus des 12 derniers mois qui sont pris en compte pour l\u2019aide personnalis\u00e9e au logement APL et non plus les revenus N-2.<\/p>\n<p><iframe loading=\"lazy\" title=\"L&#039;APL\" width=\"500\" height=\"281\" src=\"https:\/\/www.youtube.com\/embed\/dfDRI2qg_z4?feature=oembed\" frameborder=\"0\" allow=\"accelerometer; autoplay; clipboard-write; encrypted-media; gyroscope; picture-in-picture; web-share\" referrerpolicy=\"strict-origin-when-cross-origin\" allowfullscreen><\/iframe><\/p>\n<h2>Comment est calcul\u00e9 l\u2019APL en 2026 ?<\/h2>\n<p>Le 1er janvier 2021 est entr\u00e9e en vigueur la r\u00e9forme des APL qui change consid\u00e9rablement le mode de calcul des APL. Avant cette date, vos revenus ann\u00e9e N-2 \u00e9taient pris en compte, depuis le 1er janvier, l\u2019APL est calcul\u00e9e sur les revenus des 12 derniers mois. Ce nouveau mode de calcul mis en place de l\u2019aide personnalis\u00e9e au logement APL a \u00e9t\u00e9 rendu possible gr\u00e2ce au pr\u00e9l\u00e8vement \u00e0 la source.<\/p>\n<p>L\u2019aide au logement de janvier, f\u00e9vrier et mars 2026 est calcul\u00e9e sur les revenus de d\u00e9cembre 2024 \u00e0 novembre 2025. L\u2019aide au logement d\u2019avril, mai et juin 2026 est calcul\u00e9e sur les revenus de mars 2025 \u00e0 f\u00e9vrier 2026, et ainsi de suite.<\/p>\n<p><span data-amp-original-=\"\">Les r\u00e8gles de calcul des aides personnalis\u00e9es au logement semblent de prime abord assez complexes.\u00a0<\/span><\/p>\n<p><span data-amp-original-=\"\">En effet, le calcul se formule de la mani\u00e8re suivante :\u00a0<\/span>APL = L+C-PP<span data-amp-original-=\"\">.<\/span><\/p>\n<p><span data-amp-original-=\"\">A savoir que :<\/span><\/p>\n<ul>\n<li data-amp-original-=\"\"><span data-amp-original-=\"\">L = loyer principal mensuel ;<\/span><\/li>\n<li data-amp-original-=\"\"><span data-amp-original-=\"\">C = le montant forfaitaire des charges ;<\/span><\/li>\n<li data-amp-original-=\"\"><span data-amp-original-=\"\">PP = la participation personnelle des membres du foyer \u00e0 la d\u00e9pense du logement.<\/span><\/li>\n<\/ul>\n<p><span data-amp-original-=\"\">La participation personnelle est elle-m\u00eame calculable comme suit :\u00a0<\/span>PP = P0 + TP x RP<span data-amp-original-=\"\">.\u00a0<\/span><\/p>\n<p><span data-amp-original-=\"\">A savoir que :<\/span><\/p>\n<ul>\n<li data-amp-original-=\"\">P0 = participation minimale du foyer, d\u00e9termin\u00e9e selon les param\u00e8tres r\u00e9glementaires fix\u00e9s par la CAF. Ce montant n\u2019est pas communiqu\u00e9 sous forme d\u2019un seuil unique<\/li>\n<li data-amp-original-=\"\"><span data-amp-original-=\"\">TP = le taux de participation personnelle ;<\/span><\/li>\n<li data-amp-original-=\"\"><span data-amp-original-=\"\">RP = la diff\u00e9rence entre les ressources du b\u00e9n\u00e9ficiaire et un montant forfaitaire.<\/span><\/li>\n<\/ul>\n<div><div class='cta-block'><div class='text'>Simulez toutes vos aides au logement en 2 min. Gratuit.<\/div><a href='https:\/\/www.mes-allocs.fr\/ab-app?origin=guides\/wp-json\/wp\/v2\/posts\/44196' class='app-button fit'>Simulation gratuite<\/a><\/div><\/div>\n<h2>Ressources prises en compte dans le calcul APL<\/h2>\n<p>Certains revenus per\u00e7us sont pris en compte dans le calcul de l\u2019APL :<\/p>\n<ul>\n<li>La composition du foyer<\/li>\n<li>Les ressources du foyer<\/li>\n<li>Le patrimoine immobilier<\/li>\n<li>Les capitaux<\/li>\n<li>La situation professionnelle<\/li>\n<li>La zone g\u00e9ographique du logement<\/li>\n<li>Les pensions alimentaires per\u00e7ues<\/li>\n<li>Le montant du loyer<\/li>\n<li>La date de signature du pr\u00eat<\/li>\n<li>Le type de location (meubl\u00e9e, non meubl\u00e9e\u2026)<\/li>\n<\/ul>\n<h2>La r\u00e9troactivit\u00e9 de l&rsquo;aide<\/h2>\n<p>Il y a quelques ann\u00e9es, une personne qui d\u00e9posait une demande d&rsquo;aide au logement en retard pouvait b\u00e9n\u00e9ficier d&rsquo;une certaine r\u00e9troactivit\u00e9 : il pouvait recevoir les aides au logement (APL, etc.) dues au titre des trois mois pr\u00e9c\u00e9dant la demande.<\/p>\n<p>La loi de financement de la s\u00e9curit\u00e9 sociale pour 2011 a supprim\u00e9 cette r\u00e9troactivit\u00e9. Les aides au logement sont d\u00e9sormais vers\u00e9es \u00e0 partir du premier jour qui suit le mois de la demande. C&rsquo;est donc uniquement la p\u00e9riode courant \u00e0 compter de cette date qui est prise en compte, et ce m\u00eame si les conditions d&rsquo;ouverture des droits \u00e9taient remplies les mois pr\u00e9c\u00e9dents.<\/p>\n<div class='cta-block'><div class='text'>Simulez toutes vos aides au logement en 2 min. Gratuit.<\/div><a href='https:\/\/www.mes-allocs.fr\/ab-app?origin=guides\/wp-json\/wp\/v2\/posts\/44196' class='app-button fit'>Simulation gratuite<\/a><\/div>\n<h1>Les trois types d&rsquo;aides<\/h1>\n<h2>L&rsquo;APL<\/h2>\n<div data-ui-name=\"Tooltip.Trigger\" aria-describedby=\"ui-kit-309\">\n<div data-ui-name=\"Tag\"><span data-ui-name=\"Tag.Text\">L&rsquo;aide personnalis\u00e9e au logement\u00a0<\/span>(APL) est une aide financi\u00e8re vers\u00e9e par la Caisse d\u2019allocations familiales (CAF) ou la Mutualit\u00e9 sociale agricole (MSA). Cette aide au logement peut \u00eatre attribu\u00e9e, sous conditions, \u00e0 toute personne qui loue un logement ou r\u00e9side dans un foyer.<\/div>\n<\/div>\n<p data-amp-original-=\"\">Si la demande d&rsquo; APL est accept\u00e9e, le versement de l&rsquo; APL sera mensuel.<\/p>\n<p data-amp-original-=\"\">Si vous \u00eates locataire, elle est souvent attribu\u00e9e directement \u00e0 votre propri\u00e9taire ou au gestionnaire de votre logement qui r\u00e9duira ensuite de cette somme le montant de votre loyer. Si vous \u00eates en situation d\u2019acc\u00e8s \u00e0 la propri\u00e9t\u00e9, l\u2019APL est vers\u00e9e directement \u00e0 l\u2019\u00e9tablissement bancaire. Vos mensualit\u00e9s de remboursement d\u2019emprunt seront diminu\u00e9es du montant de l\u2019aide.<\/p>\n<h2>l&rsquo;ALF<\/h2>\n<p data-amp-original-=\"\"><span data-amp-original-=\"\"><span data-amp-original-=\"\"><span data-amp-original-=\"\">L\u2019allocation de Logement Familiale (ALF) est une aide financi\u00e8re allou\u00e9e par la CAF (Caisse d\u2019Allocation Familiale), ou la Mutualit\u00e9 Sociale Agricole si vous d\u00e9pendez du r\u00e9gime agricole. <\/span><\/span><span data-amp-original-=\"\">Votre situation familiale est la raison principale de votre \u00e9ligibilit\u00e9 \u00e0 l\u2019ALF.<\/span><\/span><\/p>\n<div>\n<p data-amp-original-=\"\"><span data-amp-original-=\"\">Vous pouvez b\u00e9n\u00e9ficier de l\u2019Allocation de Logement Familiale si vous \u00eates locataire ou colocataire.<\/span><\/p>\n<p data-amp-original-=\"\"><span data-amp-original-=\"\">Vous pouvez \u00e9galement acc\u00e9der \u00e0 l\u2019ALF si vous r\u00e9sidez en foyer d\u2019h\u00e9bergement, telle qu\u2019une \u00c9hpad ou une r\u00e9sidence autonomie.<\/span><\/p>\n<p data-amp-original-=\"\"><span data-amp-original-=\"\">Si vous \u00eates en accession \u00e0 la propri\u00e9t\u00e9, vous ne pouvez plus b\u00e9n\u00e9ficier de l\u2019ALF si votre pr\u00eat fut sign\u00e9 apr\u00e8s le 1<\/span><span data-amp-original-=\"\">er<\/span><span data-amp-original-=\"\"> janvier 2018. Cependant, si votre demande de pr\u00eat fut effectu\u00e9e avant le 31 d\u00e9cembre 2017, et que votre pr\u00eat fut sign\u00e9 avant le 31 janvier 2018, vous pouvez b\u00e9n\u00e9ficier de l\u2019ALF.<\/span><\/p>\n<p data-amp-original-=\"\"><span data-amp-original-=\"\">L\u2019ALF est attribu\u00e9e uniquement pour votre r\u00e9sidence principale (domicile o\u00f9 vous s\u00e9journez au moins 8 mois dans l\u2019ann\u00e9e), situ\u00e9e sur le territoire fran\u00e7ais.<\/span><\/p>\n<p data-amp-original-=\"\"><span data-amp-original-=\"\">Votre montant d\u2019Allocation de Logement Familial est calcul\u00e9 selon plusieurs crit\u00e8res :<\/span><\/p>\n<ul data-amp-original-=\"\">\n<li data-amp-original-=\"\"><span data-amp-original-=\"\">Votre situation familiale<\/span><\/li>\n<li data-amp-original-=\"\"><span data-amp-original-=\"\">Les ressources de votre foyer<\/span><\/li>\n<li data-amp-original-=\"\"><span data-amp-original-=\"\">La valeur de votre patrimoine immobilier et financier<\/span><\/li>\n<li data-amp-original-=\"\"><span data-amp-original-=\"\">Le montant de votre loyer ou de vos mensualit\u00e9s d\u2019emprunt<\/span><\/li>\n<\/ul>\n<p data-amp-original-=\"\"><span data-amp-original-=\"\">Les ressources prises en compte sont vos revenus nets cat\u00e9goriels, que l\u2019on peut calculer de la sorte : Revenus \u2013 ( charges + abattements fiscaux )<\/span><\/p>\n<p data-amp-original-=\"\">Les revenus pris en compte pour l\u2019ALF sont ceux des 12 derniers mois, selon le m\u00eame principe que pour l\u2019APL.<\/p>\n<\/div>\n<h2>L&rsquo;ALS<\/h2>\n<p data-amp-original-=\"\"><span data-amp-original-=\"\">L\u2019allocation de logement sociale (ALS), est une aide financi\u00e8re au logement qui a pour objectif de r\u00e9duire le montant de votre loyer de vos mensualit\u00e9s en cas d\u2019emprunt pour acc\u00e9der \u00e0 la propri\u00e9t\u00e9. Vous pouvez percevoir l\u2019ALS si vous n\u2019\u00eates ni \u00e9ligible \u00e0 l\u2019Aide Personnalis\u00e9e au Logement (APL), ni \u00e0 l\u2019Aide de Logement Familiale (ALF).<\/span><\/p>\n<p data-amp-original-=\"\"><span data-amp-original-=\"\">Vous pouvez b\u00e9n\u00e9ficier de l\u2019allocation de logement sociale pour votre r\u00e9sidence principale. Donc, un logement que vous occupez plus de 8 mois par an situ\u00e9 sur le territoire fran\u00e7ais. Votre logement doit \u00e9galement \u00eatre d\u00e9cent et respecter les conditions minimales d\u2019occupation (comprenez : surface minimale, salubrit\u00e9\u2026).<\/span><\/p>\n<p data-amp-original-=\"\">La demande d&rsquo;ALS s&rsquo;effectue aupr\u00e8s de la <a href=\"http:\/\/caf.fr\">CAF<\/a> ou de la MSA.<\/p>\n<p data-amp-original-=\"\"><div class='cta-block'><div class='text'>Simulez toutes vos aides au logement en 2 min. Gratuit.<\/div><a href='https:\/\/www.mes-allocs.fr\/ab-app?origin=guides\/wp-json\/wp\/v2\/posts\/44196' class='app-button fit'>Simulation gratuite<\/a><\/div><\/p>\n","protected":false},"excerpt":{"rendered":"<p>[Mis \u00e0 jour le 07\/01\/2026] L&rsquo;APL est une aide sociale vers\u00e9e par la CAF. Cette aide au logement vous permet de b\u00e9n\u00e9ficier d&rsquo;une somme pour vous aider dans les d\u00e9penses concernant votre logement. Dans cet article, nous allons voir si vous pouvez rattraper votre APL. Qu\u2019est-ce que l\u2019APL ? D\u00e9finition L&rsquo;aide au logement CAF repr\u00e9sente [&hellip;]<\/p>\n","protected":false},"author":6,"featured_media":44197,"comment_status":"open","ping_status":"open","sticky":false,"template":"","format":"standard","meta":{"amp_status":"","footnotes":""},"categories":[1,4],"tags":[],"class_list":["post-44196","post","type-post","status-publish","format-standard","has-post-thumbnail","hentry","category-aide-logement","category-apl"],"yoast_head":"<!-- This site is optimized with the Yoast SEO plugin v14.9 - https:\/\/yoast.com\/wordpress\/plugins\/seo\/ -->\n<title>APL : le versement de l&#039;aide est-il r\u00e9troactif ? | Mes-Allocs.fr<\/title>\n<meta name=\"description\" content=\"La r\u00e9troactivit\u00e9 de l&#039;APL \u00e9tait de mise il y a quelques ann\u00e9es mais est-ce toujours le cas ? On vous en dit plus ici.\" \/>\n<meta name=\"robots\" content=\"index, follow, max-snippet:-1, max-image-preview:large, max-video-preview:-1\" \/>\n<link rel=\"canonical\" href=\"https:\/\/www.mes-allocs.fr\/guides\/aide-logement\/apl\/apl-retroactif\/\" \/>\n<meta property=\"og:locale\" content=\"fr_FR\" \/>\n<meta property=\"og:type\" content=\"article\" \/>\n<meta property=\"og:title\" content=\"APL : le versement de l&#039;aide est-il r\u00e9troactif ? | Mes-Allocs.fr\" \/>\n<meta property=\"og:description\" content=\"La r\u00e9troactivit\u00e9 de l&#039;APL \u00e9tait de mise il y a quelques ann\u00e9es mais est-ce toujours le cas ? On vous en dit plus ici.\" \/>\n<meta property=\"og:url\" content=\"https:\/\/www.mes-allocs.fr\/guides\/aide-logement\/apl\/apl-retroactif\/\" \/>\n<meta property=\"og:site_name\" content=\"Mes-Allocs.fr\" \/>\n<meta property=\"article:published_time\" content=\"2022-02-01T16:38:49+00:00\" \/>\n<meta property=\"article:modified_time\" content=\"2026-01-07T15:25:31+00:00\" \/>\n<meta property=\"og:image\" content=\"https:\/\/www.mes-allocs.fr\/guides\/wp-content\/uploads\/2022\/01\/cartons--e1685961012234.jpeg?wsr\" \/>\n\t<meta property=\"og:image:width\" content=\"1125\" \/>\n\t<meta property=\"og:image:height\" content=\"208\" \/>\n<meta name=\"twitter:card\" content=\"summary_large_image\" \/>\n<script type=\"application\/ld+json\" class=\"yoast-schema-graph\">{\"@context\":\"https:\/\/schema.org\",\"@graph\":[{\"@type\":\"WebSite\",\"@id\":\"https:\/\/www.mes-allocs.fr\/guides\/#website\",\"url\":\"https:\/\/www.mes-allocs.fr\/guides\/\",\"name\":\"Mes-Allocs.fr\",\"description\":\"\",\"potentialAction\":[{\"@type\":\"SearchAction\",\"target\":\"https:\/\/www.mes-allocs.fr\/guides\/?s={search_term_string}\",\"query-input\":\"required name=search_term_string\"}],\"inLanguage\":\"fr-FR\"},{\"@type\":\"ImageObject\",\"@id\":\"https:\/\/www.mes-allocs.fr\/guides\/aide-logement\/apl\/apl-retroactif\/#primaryimage\",\"inLanguage\":\"fr-FR\",\"url\":\"https:\/\/www.mes-allocs.fr\/guides\/wp-content\/uploads\/2022\/01\/cartons--e1685961012234.jpeg?wsr\",\"width\":1125,\"height\":208,\"caption\":\"rattrapage apl\"},{\"@type\":\"WebPage\",\"@id\":\"https:\/\/www.mes-allocs.fr\/guides\/aide-logement\/apl\/apl-retroactif\/#webpage\",\"url\":\"https:\/\/www.mes-allocs.fr\/guides\/aide-logement\/apl\/apl-retroactif\/\",\"name\":\"APL : le versement de l'aide est-il r\\u00e9troactif ? | Mes-Allocs.fr\",\"isPartOf\":{\"@id\":\"https:\/\/www.mes-allocs.fr\/guides\/#website\"},\"primaryImageOfPage\":{\"@id\":\"https:\/\/www.mes-allocs.fr\/guides\/aide-logement\/apl\/apl-retroactif\/#primaryimage\"},\"datePublished\":\"2022-02-01T16:38:49+00:00\",\"dateModified\":\"2026-01-07T15:25:31+00:00\",\"author\":{\"@id\":\"https:\/\/www.mes-allocs.fr\/guides\/#\/schema\/person\/0ecd61a8600573914d00d970a588c024\"},\"description\":\"La r\\u00e9troactivit\\u00e9 de l'APL \\u00e9tait de mise il y a quelques ann\\u00e9es mais est-ce toujours le cas ? On vous en dit plus ici.\",\"inLanguage\":\"fr-FR\"},{\"@type\":\"Person\",\"@id\":\"https:\/\/www.mes-allocs.fr\/guides\/#\/schema\/person\/0ecd61a8600573914d00d970a588c024\",\"name\":\"Jonathan\",\"image\":{\"@type\":\"ImageObject\",\"@id\":\"https:\/\/www.mes-allocs.fr\/guides\/#personlogo\",\"inLanguage\":\"fr-FR\",\"url\":\"https:\/\/www.mes-allocs.fr\/guides\/wp-content\/uploads\/2021\/06\/jonathan-150x150.png\",\"caption\":\"Jonathan\"},\"description\":\"Jonathan est r\\u00e9dacteur au sein de l'\\u00e9quipe Mes Allocs, sp\\u00e9cialis\\u00e9 sur les sujets li\\u00e9s au handicap. Dipl\\u00f4m\\u00e9e de l'UPEM, il rejoint Mes Allocs apr\\u00e8s avoir travaill\\u00e9 \\u00e0 l'association AEDE qui accompagne les adultes en situation de handicap. Quand il n'\\u00e9crit pas, on peut le retrouver sur un terrain de basket.\",\"sameAs\":[\"https:\/\/www.linkedin.com\/in\/jonathan-bambela-8637861b7\"]}]}<\/script>\n<!-- \/ Yoast SEO plugin. -->","amp_validity":null,"acf":{"faq":{"1":{"question":"Est-ce que les propri\u00e9taires ont droit \u00e0 l'APL ?","answer":"Les conditions li\u00e9es aux APL pour propri\u00e9taires peuvent varier en fonction de vos ressources et de votre logement. <br> <a href=\"https:\/\/www.mes-allocs.fr\/guides\/aide-logement\/apl\">Lire la suite<\/a>"},"2":{"question":"Quelles sont les conditions li\u00e9es aux APL ?","answer":"Les conditions li\u00e9es aux APL peuvent varier en fonction de vos ressources et de votre logement. La m\u00e9thode rapide pour conna\u00eetre votre \u00e9ligibilit\u00e9 est de faire <a href=\"https:\/\/www.mes-allocs.fr\/simulation-aides\">la simulation gratuite<\/a> d'APL directement sur le site de Mes Allocs. "},"3":{"question":"C'est quoi l'allocation logement familiale ?","answer":"L'allocation de logement familiale (ALF) est attribu\u00e9e au particulier en raison de sa situation familiale. Sous conditions de ressources, elle est destin\u00e9e notamment aux jeunes m\u00e9nages, aux femmes enceintes et aux personnes en charge d'un enfant de moins de 21 ans"},"4":{"question":"Comment demander l\u2019APL ?","answer":"La demande d'aide personnalis\u00e9e au logement (APL) se fait aupr\u00e8s de la CAF ou de la MSA."},"5":{"question":"Quel est le plafond de l'ALF ?","answer":"Le plus simple pour savoir si vous \u00eates \u00e9ligible \u00e0 une allocation logement, est de faire <a href=\"https:\/\/www.mes-allocs.fr\/simulation-aides\">la simulation gratuite<\/a> d'ALF directement sur le site de Mes Allocs. "},"6":{"question":"Quelle est la diff\u00e9rence entre APL et ALF ?","answer":"\u00c0 la diff\u00e9rence de l'APL, l'ALF inclut les logements non conventionn\u00e9s. L'ALF est vers\u00e9e \u00e0 toutes personnes ayant un revenu modeste louant un appartement non conventionn\u00e9. <br> <a href=\"https:\/\/www.mes-allocs.fr\/guides\/aide-logement\/alf\">Lire la suite...<\/a>"},"7":{"question":"","answer":""},"8":{"question":"","answer":""},"9":{"question":"","answer":""},"10":{"question":"","answer":""},"11":{"question":"","answer":""},"12":{"question":"","answer":""},"13":{"question":"","answer":""},"14":{"question":"","answer":""},"15":{"question":"","answer":""},"16":{"question":"","answer":""}}},"_links":{"self":[{"href":"https:\/\/www.mes-allocs.fr\/guides\/wp-json\/wp\/v2\/posts\/44196","targetHints":{"allow":["GET"]}}],"collection":[{"href":"https:\/\/www.mes-allocs.fr\/guides\/wp-json\/wp\/v2\/posts"}],"about":[{"href":"https:\/\/www.mes-allocs.fr\/guides\/wp-json\/wp\/v2\/types\/post"}],"author":[{"embeddable":true,"href":"https:\/\/www.mes-allocs.fr\/guides\/wp-json\/wp\/v2\/users\/6"}],"replies":[{"embeddable":true,"href":"https:\/\/www.mes-allocs.fr\/guides\/wp-json\/wp\/v2\/comments?post=44196"}],"version-history":[{"count":20,"href":"https:\/\/www.mes-allocs.fr\/guides\/wp-json\/wp\/v2\/posts\/44196\/revisions"}],"predecessor-version":[{"id":107100,"href":"https:\/\/www.mes-allocs.fr\/guides\/wp-json\/wp\/v2\/posts\/44196\/revisions\/107100"}],"wp:featuredmedia":[{"embeddable":true,"href":"https:\/\/www.mes-allocs.fr\/guides\/wp-json\/wp\/v2\/media\/44197"}],"wp:attachment":[{"href":"https:\/\/www.mes-allocs.fr\/guides\/wp-json\/wp\/v2\/media?parent=44196"}],"wp:term":[{"taxonomy":"category","embeddable":true,"href":"https:\/\/www.mes-allocs.fr\/guides\/wp-json\/wp\/v2\/categories?post=44196"},{"taxonomy":"post_tag","embeddable":true,"href":"https:\/\/www.mes-allocs.fr\/guides\/wp-json\/wp\/v2\/tags?post=44196"}],"curies":[{"name":"wp","href":"https:\/\/api.w.org\/{rel}","templated":true}]}}