{"id":44195,"date":"2022-02-01T18:39:32","date_gmt":"2022-02-01T16:39:32","guid":{"rendered":"https:\/\/www.mes-allocs.fr\/guides\/?p=44195"},"modified":"2025-10-24T09:14:55","modified_gmt":"2025-10-24T07:14:55","slug":"aide-au-transport-angers","status":"publish","type":"post","link":"https:\/\/www.mes-allocs.fr\/guides\/aide-au-transport\/aide-au-transport-conseil-regional\/aide-au-transport-angers\/","title":{"rendered":"Aides au transport \u00e0 Angers : conditions, montants, d\u00e9marches"},"content":{"rendered":"<p><img loading=\"lazy\" decoding=\"async\" class=\"aligncenter wp-image-44208 size-full\" title=\"aide au transport Angers\" src=\"https:\/\/www.mes-allocs.fr\/guides\/wp-content\/uploads\/2022\/01\/pexels-kindel-media-9875675-e1694088394516.jpg\" alt=\"aide au transport Angers\" width=\"1280\" height=\"211\" \/><\/p>\n<p style=\"text-align: justify;\"><strong>Aujourd&rsquo;hui, la plupart des r\u00e9gions et des villes mettent en place des dispositifs d&rsquo;<a href=\"https:\/\/www.mes-allocs.fr\/guides\/aide-au-transport\/\">aide au transport<\/a>. Cela dans le but de compenser le co\u00fbt des d\u00e9penses et de venir en aide aux personnes ayant de faibles ressources. Selon les dispositifs, un certain nombre de conditions seront \u00e0 respecter. Mes Allocs vous explique comment b\u00e9n\u00e9ficier des aides au transport dans la ville d&rsquo;Angers.\u00a0<\/strong><\/p>\n<div class=\"node node--type-page-texte-simple node--promoted node--view-mode-full clearfix\" role=\"article\">\n<header class=\"page__header bck-white top-page mb-1\">\n<div class=\"content-col\">\n<div class=\"page__header-title\">\n<div class=\"w-post-elm post_content us_custom_064d3121\">\n<div class='cta-block'><div class='text'>Simulez toutes vos aides au transport en 2 min. <\/div><a href='https:\/\/www.mes-allocs.fr\/ab-app?origin=guides\/wp-json\/wp\/v2\/posts\/44195' class='app-button fit'>Simulation gratuite<\/a><\/div>\n<h1><strong>Qu&rsquo;est-ce que l&rsquo;Irigo ?\u00a0<\/strong><\/h1>\n<\/div>\n<\/div>\n<\/div>\n<\/header>\n<\/div>\n<p>Au del\u00e0 des aides nationales, des\u00a0<a href=\"https:\/\/www.mes-allocs.fr\/guides\/aide-au-transport\/aide-au-transport-conseil-regional\/\">aides au transport r\u00e9gionales<\/a> existent. C&rsquo;est le cas d&rsquo;Irigon une aide au transport mise en place \u00e0 Angers et en r\u00e9gion Loire. Ce dispositif propose des tarifs qui sont solidaires. Autrement dit il s&rsquo;adresse aux demandeurs d&#8217;emploi, les stagiaires ou encore les personnes qui ont de faibles ressources.<\/p>\n<h2>Les abonnements disponibles<\/h2>\n<p>Deux abonnements s&rsquo;offrent \u00e0 vous. Vous pouvez y souscrire sur le site d\u00e9di\u00e9.<\/p>\n<h3>Abonnement \u00e0\u00a0<strong>6,70 \u20ac par mois<\/strong><\/h3>\n<p>Cet abonnement s&rsquo;adresse aux demandeurs d&#8217;emploi ou bien pour les stagiaires qui sont en formation professionnelle.<\/p>\n<p>Gr\u00e2ce \u00e0 cet abonnement, vous pouvez utiliser tout le r\u00e9seau de transport \u00e0 Angers et Maine et Loire. En revanche notez que vous pouvez en b\u00e9n\u00e9ficier que 4 mois si vous \u00eates demandeurs d&#8217;emploi. Si vous \u00eates stagiaire, alors vous pourrez utiliser l&rsquo;abonnement pendant toute la dur\u00e9e de votre stage professionnel.<\/p>\n<h3>Abonnement mensuel \u00e0\u00a0<strong>21,50 \u20ac par mois<\/strong><\/h3>\n<p>Cet abonnement s&rsquo;adresse aux personnes de 18 ans ou plus qui vivent \u00e0 Angers ou dans les communes avoisinantes. Pour \u00eatre \u00e9ligible, votre quotient familiale doit \u00eatre inf\u00e9rieur \u00e0 695 euros au 1er juillet. Les b\u00e9n\u00e9ficiaires de la CMU-C peuvent \u00e9galement b\u00e9n\u00e9ficier de ce tarif pr\u00e9f\u00e9rentiel.<\/p>\n<p>Cet abonnement avantageux est accord\u00e9 pour une dur\u00e9e de 1 an \u00e0 partir de la date de la demande.<\/p>\n<p><iframe loading=\"lazy\" title=\"Les aides au transport\" width=\"500\" height=\"281\" src=\"https:\/\/www.youtube.com\/embed\/zRZFzrnwvEs?feature=oembed\" frameborder=\"0\" allow=\"accelerometer; autoplay; clipboard-write; encrypted-media; gyroscope; picture-in-picture; web-share\" referrerpolicy=\"strict-origin-when-cross-origin\" allowfullscreen><\/iframe><\/p>\n<h2>Qui est \u00e9ligible \u00e0 cette aide au transport ?<\/h2>\n<div class=\"field field-name-body field-type-text-with-summary field-label-hidden\">\n<p><strong>Dans un premier temps pour \u00eatre \u00e9ligible vous devez \u00eatre majeur mais \u00e9galement :\u00a0<\/strong><\/p>\n<ul>\n<li>Vous devez avoir un quotient familiale du foyer fiscal inf\u00e9rieur \u00e0 695 euros ou bien b\u00e9n\u00e9ficier de la CMU-C et vitre dans une commune d&rsquo;Angers ou \u00e0 Angers<\/li>\n<li>Vous devez \u00eatre inscrit chez P\u00f4le Emploi dans la r\u00e9gion de Maine-et-Loire et recevoir par jour moins de 32,5 euros au 1er juillet.<\/li>\n<\/ul>\n<h2>Comment b\u00e9n\u00e9ficier de l&rsquo;abonnement Irigo ?<\/h2>\n<p>Pour en b\u00e9n\u00e9ficier vous devez dans un premier temps faire faire votre \u00ab\u00a0Carte A&rsquo;tout\u00a0\u00bb. Il vous suffit de vous rendre dans une agence Irigo.<\/p>\n<p><strong>Vous devrez avoir avec vous les documents suivants :<\/strong><\/p>\n<ul>\n<li>justificatifs P\u00f4le Emploi,<\/li>\n<li>formation professionnelle,<\/li>\n<li>Caf ou CMU-C (avis de situation P\u00f4le Emploi du mois en cours, attestation Caf de moins de 3 mois, attestation CMU-C&#8230;)<\/li>\n<\/ul>\n<div class='cta-block'><div class='text'>Simulez toutes vos aides en 2 min.<\/div><a href='https:\/\/www.mes-allocs.fr\/ab-app?origin=guides\/wp-json\/wp\/v2\/posts\/44195' class='app-button fit'>Simulation gratuite<\/a><\/div>\n<h1 class=\"title\">Qu&rsquo;est-ce que le Mobillico ?<\/h1>\n<p>Le dispositif Mobillico vous permet de r\u00e9duire le co\u00fbt de votre abonnement de transport domicile-travail de 100 euros par mois en moyenne.<\/p>\n<p>En revanche, notez que pour en b\u00e9n\u00e9ficier, vous devez habiter de mani\u00e8re stable dans la r\u00e9gion Centre-Val de Loire et faire des trajets\u00a0intra ou inter r\u00e9gionaux en TER, Transilien (hors pass Navigo), Intercit\u00e9s et TGV.<\/p>\n<p>Cette aide peut s&rsquo;appliquer sur les abonnements dont le montant est sup\u00e9rieur \u00e0 200 euros. Il s&rsquo;applique sur les abonnements suivants :<\/p>\n<ul>\n<li>Abonnement R\u00e9mi Zen<\/li>\n<li>Abonnement mensuel Forfait<\/li>\n<li>Abonnement annuel Optiforfait<\/li>\n<li>Abonnement MON FORFAIT ANNUEL TGV<\/li>\n<\/ul>\n<p>\u00c0 noter : s&rsquo;agissant d&rsquo;un dispositif d&rsquo;aide au transport domicile-travail. Il ne peut s&rsquo;appliquer qu&rsquo;au lundi au vendredi.<\/p>\n<h2>Le fonds d&rsquo;aide aux jeunes<\/h2>\n<p>Le Fonds d\u2019Aide aux Jeunes (FAJ) est un dispositif destin\u00e9 \u00e0 soutenir les jeunes de 18-25 ans. Cela pour les aider dans un parcours d&rsquo;insertion social\/professionnelle.<\/p>\n<h2>Qui peut b\u00e9n\u00e9ficier du Mobillico ?<\/h2>\n<p>Comme nous l&rsquo;avons expliqu\u00e9, dans un premier temps, vous devez avoir au moins 18 ans<\/p>\n<ul>\n<li>Vous ne devez pas b\u00e9n\u00e9ficier du RSA, ni \u00eatre lyc\u00e9en, \u00e9tudiant et ne pas avoir de charge familiale<\/li>\n<li>Vous devez justifier de probl\u00e8mes de logement, sant\u00e9, transport, etc<\/li>\n<li>\u00a0Vous ne devez pas \u00eatre en rupture familiale<\/li>\n<li>Vous devez avoir la nationalit\u00e9 Fran\u00e7aise ou \u00eatre membre de l&rsquo;Union Europ\u00e9enne mais justifier d&rsquo;un titre de s\u00e9jour en cours de validit\u00e9<\/li>\n<\/ul>\n<h2>\u00c0 quoi sert le dispositif Mobillico ?<\/h2>\n<ul>\n<li>vie quotidienne, alimentation , loyer, etc<\/li>\n<li>emploi, formation ;<\/li>\n<li>insertion sociale et sant\u00e9 ;<\/li>\n<li>mobilit\u00e9 ;<\/li>\n<li>secours financier ponctuel pour faire face \u00e0 des besoins urgents<\/li>\n<\/ul>\n<h1>Le versement des aides au transport \u00e0 Angers<\/h1>\n<p>Le versement des aides au transport varie selon votre situation. En effet, le montant, la date de versement ainsi que sa forme ne seront pas identiques d&rsquo;une personne \u00e0 une autre.<\/p>\n<h2><span id=\"Le_versement_de_laide_au_transport_pour_les_vehicules_particuliers\">L\u2019aide au transport pour les v\u00e9hicules particuliers<\/span><\/h2>\n<p>Pour les v\u00e9hicules personnels, l\u2019employeur n\u2019a aucune obligation de rembourser les trajets effectu\u00e9s. Si prise en charge il y a, elle doit \u00eatre pr\u00e9vue par un accord collectif entre le patron et les employ\u00e9s (via un syndicat).<\/p>\n<p>La prise en charge va concerner l\u2019alimentation de la voiture ( carburant ou \u00e9lectrique). Ce dispositif se nomme la prime de transport.<\/p>\n<p><strong>En revanche, pour b\u00e9n\u00e9ficier du dispositif, vous devez respecter certaines conditions, notamment :\u00a0<\/strong><\/p>\n<ul>\n<li>R\u00e9sider ou travailler hors de l\u2019Ile-de-France<\/li>\n<li>Que son domicile ou son lieu de travail ne soit pas couvert par des transports en commun<\/li>\n<li>Le salari\u00e9 doit \u00eatre en mesure de prouver que l\u2019utilisation de son v\u00e9hicule est indispensable en raison des horaires<\/li>\n<\/ul>\n<h2><span id=\"Le_versement_de_laide_au_transport_pour_les_chomeurs\">L\u2019aide au transport pour les ch\u00f4meurs<\/span><\/h2>\n<p>L\u2019aide au transport s\u2019adresse aussi aux demandeurs d \u2019emploi. Il est important de voir quel sont les m\u00e9canismes de versement de l\u2019 aide au transport pour cette cat\u00e9gorie de la population.<\/p>\n<p>Cette aide va concerner principalement la recherche d\u2019 emploi. Ce dispositif a une d\u00e9nomination particuli\u00e8re: il s\u2019agit de l\u2019 aide \u00e0 la mobilit\u00e9. Durant la recherche d\u2019un emploi ou la reprise d\u2019 activit\u00e9, on peut \u00eatre amen\u00e9 \u00e0 se d\u00e9placer voire m\u00eame \u00e0 changer de d\u00e9partement. De fait, P\u00f4le Emploi accorde une aide \u00e0 la mobilit\u00e9 sous r\u00e9serve de conditions:<\/p>\n<ul>\n<li>\u00catre inscrit \u00e0 P\u00f4le Emploi<\/li>\n<li>Le lieu de travail se situe \u00e0 60km aller-retour du domicile<\/li>\n<li>Le contrat doit \u00eatre de minimum 3 mois<\/li>\n<li>Si l\u2019offre concerne une formation, elle doit \u00eatre financ\u00e9e par P\u00f4le emploi<\/li>\n<\/ul>\n<h2><span id=\"Le_versement_de_laide_au_transport_pour_les_etudiants_et_apprentis\">L\u2019aide au transport pour les \u00e9tudiants et apprentis<\/span><\/h2>\n<p>L\u2019aide au transport concerne aussi les \u00e9tudiants et les apprentis. Pour les transports en commun, l\u2019aide va \u00eatre per\u00e7ue sous forme de r\u00e9ductions sur les titres de transport. Les jeunes et \u00e9tudiants vont pouvoir voyager avec des tarifs r\u00e9duits sur l\u2019ensemble du territoire. L\u2019offre concerne aussi les transports scolaire comme avec la Carte Navigo.<\/p>\n<p>Le versement de l\u2019aide au transport peut aussi s\u2019appliquer aux v\u00e9hicules. Elle va concerner plus particuli\u00e8rement le permis de conduire. Depuis 2006, l\u2019Etat a mis en place le permis \u00e0 1 euro. En lien avec certains \u00e9tablissements financiers, ce dispositif permet aux jeunes entre 15 et 25 ans de pouvoir financer leur formation au permis de conduire \u00e0 hauteur de 1 euro par jour.<\/p>\n<p>En cas de besoin, un expert de l&rsquo;\u00e9quipe Mes Allocs peut <a href=\"https:\/\/www.mes-allocs.fr\/souscription\" target=\"_blank\" rel=\"noopener\">vous accompagner<\/a> dans ces d\u00e9marches pour vous faire gagner du temps et de l&rsquo;argent.<\/p>\n<div class='cta-block'><div class='text'>Simulez toutes vos aides en 2 min.<\/div><a href='https:\/\/www.mes-allocs.fr\/ab-app?origin=guides\/wp-json\/wp\/v2\/posts\/44195' class='app-button fit'>Simulation gratuite<\/a><\/div>\n<\/div>\n","protected":false},"excerpt":{"rendered":"<p>Aujourd&rsquo;hui, la plupart des r\u00e9gions et des villes mettent en place des dispositifs d&rsquo;aide au transport. Cela dans le but de compenser le co\u00fbt des d\u00e9penses et de venir en aide aux personnes ayant de faibles ressources. Selon les dispositifs, un certain nombre de conditions seront \u00e0 respecter. Mes Allocs vous explique comment b\u00e9n\u00e9ficier des [&hellip;]<\/p>\n","protected":false},"author":10,"featured_media":44208,"comment_status":"open","ping_status":"open","sticky":false,"template":"","format":"standard","meta":{"amp_status":"","footnotes":""},"categories":[5332,5421],"tags":[],"class_list":["post-44195","post","type-post","status-publish","format-standard","has-post-thumbnail","hentry","category-aide-au-transport","category-aide-au-transport-conseil-regional"],"yoast_head":"<!-- This site is optimized with the Yoast SEO plugin v14.9 - https:\/\/yoast.com\/wordpress\/plugins\/seo\/ -->\n<title>Aides au transport \u00e0 Angers : conditions, montants, d\u00e9marches<\/title>\n<meta name=\"description\" content=\"La ville d&#039;Angers propose des aides aux transport pour les personnes aux faibles ressources. B\u00e9n\u00e9ficiez-en d\u00e8s maintenant !\" \/>\n<meta name=\"robots\" content=\"index, follow, max-snippet:-1, max-image-preview:large, max-video-preview:-1\" \/>\n<link rel=\"canonical\" href=\"https:\/\/www.mes-allocs.fr\/guides\/aide-au-transport\/aide-au-transport-conseil-regional\/aide-au-transport-angers\/\" \/>\n<meta property=\"og:locale\" content=\"fr_FR\" \/>\n<meta property=\"og:type\" content=\"article\" \/>\n<meta property=\"og:title\" content=\"Aides au transport \u00e0 Angers : conditions, montants, d\u00e9marches\" \/>\n<meta property=\"og:description\" content=\"La ville d&#039;Angers propose des aides aux transport pour les personnes aux faibles ressources. B\u00e9n\u00e9ficiez-en d\u00e8s maintenant !\" \/>\n<meta property=\"og:url\" content=\"https:\/\/www.mes-allocs.fr\/guides\/aide-au-transport\/aide-au-transport-conseil-regional\/aide-au-transport-angers\/\" \/>\n<meta property=\"og:site_name\" content=\"Mes-Allocs.fr\" \/>\n<meta property=\"article:published_time\" content=\"2022-02-01T16:39:32+00:00\" \/>\n<meta property=\"article:modified_time\" content=\"2025-10-24T07:14:55+00:00\" \/>\n<meta property=\"og:image\" content=\"https:\/\/www.mes-allocs.fr\/guides\/wp-content\/uploads\/2022\/01\/pexels-kindel-media-9875675.jpg?wsr\" \/>\n\t<meta property=\"og:image:width\" content=\"1280\" \/>\n\t<meta property=\"og:image:height\" content=\"960\" \/>\n<meta name=\"twitter:card\" content=\"summary_large_image\" \/>\n<script type=\"application\/ld+json\" class=\"yoast-schema-graph\">{\"@context\":\"https:\/\/schema.org\",\"@graph\":[{\"@type\":\"WebSite\",\"@id\":\"https:\/\/www.mes-allocs.fr\/guides\/#website\",\"url\":\"https:\/\/www.mes-allocs.fr\/guides\/\",\"name\":\"Mes-Allocs.fr\",\"description\":\"\",\"potentialAction\":[{\"@type\":\"SearchAction\",\"target\":\"https:\/\/www.mes-allocs.fr\/guides\/?s={search_term_string}\",\"query-input\":\"required name=search_term_string\"}],\"inLanguage\":\"fr-FR\"},{\"@type\":\"ImageObject\",\"@id\":\"https:\/\/www.mes-allocs.fr\/guides\/aide-au-transport\/aide-au-transport-conseil-regional\/aide-au-transport-angers\/#primaryimage\",\"inLanguage\":\"fr-FR\",\"url\":\"https:\/\/www.mes-allocs.fr\/guides\/wp-content\/uploads\/2022\/01\/pexels-kindel-media-9875675.jpg?wsr\",\"width\":1280,\"height\":960,\"caption\":\"aide au transport angers\"},{\"@type\":\"WebPage\",\"@id\":\"https:\/\/www.mes-allocs.fr\/guides\/aide-au-transport\/aide-au-transport-conseil-regional\/aide-au-transport-angers\/#webpage\",\"url\":\"https:\/\/www.mes-allocs.fr\/guides\/aide-au-transport\/aide-au-transport-conseil-regional\/aide-au-transport-angers\/\",\"name\":\"Aides au transport \\u00e0 Angers : conditions, montants, d\\u00e9marches\",\"isPartOf\":{\"@id\":\"https:\/\/www.mes-allocs.fr\/guides\/#website\"},\"primaryImageOfPage\":{\"@id\":\"https:\/\/www.mes-allocs.fr\/guides\/aide-au-transport\/aide-au-transport-conseil-regional\/aide-au-transport-angers\/#primaryimage\"},\"datePublished\":\"2022-02-01T16:39:32+00:00\",\"dateModified\":\"2025-10-24T07:14:55+00:00\",\"author\":{\"@id\":\"https:\/\/www.mes-allocs.fr\/guides\/#\/schema\/person\/8d47b912c0ad15f379df96b4e4e33f58\"},\"description\":\"La ville d'Angers propose des aides aux transport pour les personnes aux faibles ressources. B\\u00e9n\\u00e9ficiez-en d\\u00e8s maintenant !\",\"inLanguage\":\"fr-FR\"},{\"@type\":\"Person\",\"@id\":\"https:\/\/www.mes-allocs.fr\/guides\/#\/schema\/person\/8d47b912c0ad15f379df96b4e4e33f58\",\"name\":\"Constance de Cagny\",\"image\":{\"@type\":\"ImageObject\",\"@id\":\"https:\/\/www.mes-allocs.fr\/guides\/#personlogo\",\"inLanguage\":\"fr-FR\",\"url\":\"https:\/\/www.mes-allocs.fr\/guides\/wp-content\/uploads\/2021\/06\/Constance.2e8ee0b.png\",\"caption\":\"Constance de Cagny\"},\"description\":\"Constance est r\\u00e9dactrice au sein de l'\\u00e9quipe Mes Allocs. Elle a l'habitude d'\\u00e9crire sur les sujets conso, bons plans et \\u00e9conomies. Dipl\\u00f4m\\u00e9e de l'ENACO, elle rejoint Mes Allocs apr\\u00e8s une premi\\u00e8re exp\\u00e9rience en cabinet notarial.\",\"sameAs\":[\"https:\/\/www.linkedin.com\/in\/constance-de-cagny-mayeur-bbb414135\"]}]}<\/script>\n<!-- \/ Yoast SEO plugin. -->","amp_validity":null,"acf":{"faq":{"1":{"question":"Qui peut b\u00e9n\u00e9ficier de l'aide au transport?","answer":"Pour obtenir l'aide au transport, il faut v\u00e9rifier les conditions d'\u00e9ligibilit\u00e9 \u00e0 cette aide et comment elle s'applique dans votre r\u00e9gion. <br> <a href=\"https:\/\/www.mes-allocs.fr\/guides\/aide-au-transport\">Lire la suite<\/a>"},"2":{"question":"O\u00f9 peut-on demander les aides au transport?","answer":"Pour pouvoir b\u00e9n\u00e9ficier de l'aide au transport, il faut se rapprocher des services de transports que nous utilisons ( RATP, SNCF...) ou des diff\u00e9rentes collectivit\u00e9s territoriales. <br> <a href=\"https:\/\/www.mes-allocs.fr\/guides\/aide-au-transport\">Lire la suite<\/a>"},"3":{"question":"Comment obtenir une aide au transport ?","answer":"Pour obtenir l'aide au transport \u00e0 laquelle vous avez droit, assurez-vous de remplir les conditions d'\u00e9ligibilit\u00e9. "},"4":{"question":" Comment obtenir un Pass Navigo Imagine'R ?","answer":"Pour obtenir un pass navigo Imagine'R, rendez-vous sur le site magine-r.com pour y souscrire."},"5":{"question":"O\u00f9 me renseigner pour les transports scolaires ?","answer":"Depuis 2017, les renseignements concernant les transports se font sur le site de la r\u00e9gion. "},"6":{"question":"Qui finance le transport scolaire ?","answer":"L'article L. 1221-12 du code des transports pr\u00e9voit que le service a vocation \u00e0 \u00eatre financ\u00e9 par les usagers, mais qu'il peut l'\u00eatre aussi par la collectivit\u00e9."},"7":{"question":"","answer":""},"8":{"question":"","answer":""},"9":{"question":"","answer":""},"10":{"question":"","answer":""},"11":{"question":"","answer":""},"12":{"question":"","answer":""},"13":{"question":"","answer":""},"14":{"question":"","answer":""},"15":{"question":"","answer":""},"16":{"question":"","answer":""}}},"_links":{"self":[{"href":"https:\/\/www.mes-allocs.fr\/guides\/wp-json\/wp\/v2\/posts\/44195","targetHints":{"allow":["GET"]}}],"collection":[{"href":"https:\/\/www.mes-allocs.fr\/guides\/wp-json\/wp\/v2\/posts"}],"about":[{"href":"https:\/\/www.mes-allocs.fr\/guides\/wp-json\/wp\/v2\/types\/post"}],"author":[{"embeddable":true,"href":"https:\/\/www.mes-allocs.fr\/guides\/wp-json\/wp\/v2\/users\/10"}],"replies":[{"embeddable":true,"href":"https:\/\/www.mes-allocs.fr\/guides\/wp-json\/wp\/v2\/comments?post=44195"}],"version-history":[{"count":19,"href":"https:\/\/www.mes-allocs.fr\/guides\/wp-json\/wp\/v2\/posts\/44195\/revisions"}],"predecessor-version":[{"id":102426,"href":"https:\/\/www.mes-allocs.fr\/guides\/wp-json\/wp\/v2\/posts\/44195\/revisions\/102426"}],"wp:featuredmedia":[{"embeddable":true,"href":"https:\/\/www.mes-allocs.fr\/guides\/wp-json\/wp\/v2\/media\/44208"}],"wp:attachment":[{"href":"https:\/\/www.mes-allocs.fr\/guides\/wp-json\/wp\/v2\/media?parent=44195"}],"wp:term":[{"taxonomy":"category","embeddable":true,"href":"https:\/\/www.mes-allocs.fr\/guides\/wp-json\/wp\/v2\/categories?post=44195"},{"taxonomy":"post_tag","embeddable":true,"href":"https:\/\/www.mes-allocs.fr\/guides\/wp-json\/wp\/v2\/tags?post=44195"}],"curies":[{"name":"wp","href":"https:\/\/api.w.org\/{rel}","templated":true}]}}