{"id":44049,"date":"2022-02-01T18:33:17","date_gmt":"2022-02-01T16:33:17","guid":{"rendered":"https:\/\/www.mes-allocs.fr\/guides\/?p=44049"},"modified":"2025-04-09T14:25:26","modified_gmt":"2025-04-09T12:25:26","slug":"prime-activite-jeune","status":"publish","type":"post","link":"https:\/\/www.mes-allocs.fr\/guides\/aide-par-situation\/aide-jeune\/prime-activite-jeune\/","title":{"rendered":"Prime activit\u00e9 jeune : montant, conditions"},"content":{"rendered":"<p><img loading=\"lazy\" decoding=\"async\" class=\"alignnone wp-image-44107 size-large\" title=\"Prime activite jeune montant conditions\" src=\"https:\/\/www.mes-allocs.fr\/guides\/wp-content\/uploads\/2022\/01\/Prime-activite-jeune-montant-conditions-1-e1643288870473-1024x248.jpg\" alt=\"Prime activite jeune montant conditions\" width=\"1024\" height=\"248\" srcset=\"https:\/\/www.mes-allocs.fr\/guides\/wp-content\/uploads\/2022\/01\/Prime-activite-jeune-montant-conditions-1-e1643288870473-1024x248.jpg 1024w, https:\/\/www.mes-allocs.fr\/guides\/wp-content\/uploads\/2022\/01\/Prime-activite-jeune-montant-conditions-1-e1643288870473-300x73.jpg 300w, https:\/\/www.mes-allocs.fr\/guides\/wp-content\/uploads\/2022\/01\/Prime-activite-jeune-montant-conditions-1-e1643288870473-768x186.jpg 768w, https:\/\/www.mes-allocs.fr\/guides\/wp-content\/uploads\/2022\/01\/Prime-activite-jeune-montant-conditions-1-e1643288870473-600x145.jpg 600w, https:\/\/www.mes-allocs.fr\/guides\/wp-content\/uploads\/2022\/01\/Prime-activite-jeune-montant-conditions-1-e1643288870473.jpg 1280w\" sizes=\"auto, (max-width: 1024px) 100vw, 1024px\" \/><\/p>\n<p><strong><a href=\"https:\/\/www.mes-allocs.fr\/guides\/prime-d-activite\">La prime d&rsquo;activit\u00e9<\/a> jeune concerne les personnes \u00e2g\u00e9s de 18 \u00e0 25 ans et exer\u00e7ant une activit\u00e9 professionnelle. On vous explique comment faire pour en b\u00e9n\u00e9ficier.<\/strong><\/p>\n<hr \/>\n<h1>La prime d&rsquo;activit\u00e9 pour les jeunes de moins de 25 ans <img loading=\"lazy\" decoding=\"async\" class=\"size-medium wp-image-44109 alignright\" title=\"La prime dactivite pour les jeunes de moins de ans\" src=\"https:\/\/www.mes-allocs.fr\/guides\/wp-content\/uploads\/2022\/01\/La-prime-dactivite-pour-les-jeunes-de-moins-de-25-ans-300x200.jpg\" alt=\"La prime dactivite pour les jeunes de moins de ans\" width=\"300\" height=\"200\" srcset=\"https:\/\/www.mes-allocs.fr\/guides\/wp-content\/uploads\/2022\/01\/La-prime-dactivite-pour-les-jeunes-de-moins-de-25-ans-300x200.jpg 300w, https:\/\/www.mes-allocs.fr\/guides\/wp-content\/uploads\/2022\/01\/La-prime-dactivite-pour-les-jeunes-de-moins-de-25-ans-1024x682.jpg 1024w, https:\/\/www.mes-allocs.fr\/guides\/wp-content\/uploads\/2022\/01\/La-prime-dactivite-pour-les-jeunes-de-moins-de-25-ans-768x512.jpg 768w, https:\/\/www.mes-allocs.fr\/guides\/wp-content\/uploads\/2022\/01\/La-prime-dactivite-pour-les-jeunes-de-moins-de-25-ans-600x400.jpg 600w, https:\/\/www.mes-allocs.fr\/guides\/wp-content\/uploads\/2022\/01\/La-prime-dactivite-pour-les-jeunes-de-moins-de-25-ans.jpg 1280w\" sizes=\"auto, (max-width: 300px) 100vw, 300px\" \/><\/h1>\n<p>La prime d&rsquo;activit\u00e9 vient remplacer deux aides :<\/p>\n<ul>\n<li>Le RSA activit\u00e9<\/li>\n<li>La prime pour l&#8217;emploi.<\/li>\n<\/ul>\n<p>C&rsquo;est une aide sociale adress\u00e9e aux personnes exer\u00e7ant une activit\u00e9 salari\u00e9e ou non salari\u00e9e et qui ont des revenus modestes.<\/p>\n<p>Les personnes ayant moins de 25 ans peuvent pr\u00e9tendre \u00e0 cette aide s\u2019ils respectent certaines conditions.\u00a0C\u2019est le cas des alternants, des stagiaires, etc.<\/p>\n<p><span data-token-index=\"0\" data-reactroot=\"\"><div class='cta-block'><div class='text'>Simulez votre Prime d&rsquo;activit\u00e9 en 2 min.<\/div><a href='https:\/\/www.mes-allocs.fr\/ab-app?origin=guides\/wp-json\/wp\/v2\/posts\/44049' class='app-button fit'>Simulation gratuite<\/a><\/div><\/span><\/p>\n<h2><span id=\"Qui_a_droit_a_la_prime_d%E2%80%99activite\" class=\"ez-toc-section\"><\/span>\u00c0 qui s&rsquo;adresse la prime ?<\/h2>\n<p>Comme mentionn\u00e9 ci-dessus, la prime d&rsquo;activit\u00e9 est une aide sociale mise en place pour les personnes avec de faibles revenus. Cette prime est ouverte aux jeunes de moins de 25 ans.<\/p>\n<p>Vous pouvez b\u00e9n\u00e9ficier de cette aide si vous vous trouvez dans l&rsquo;une des situations suivantes :<\/p>\n<ul>\n<li>Jeune salari\u00e9<\/li>\n<li>Apprenti<\/li>\n<li>\u00c9tudiant exer\u00e7ant une activit\u00e9 professionnelle<\/li>\n<li>Jeune auto entrepreneur<\/li>\n<li>Jeune agent de la fonction publique.<\/li>\n<\/ul>\n<p>Il faut \u00e9galement pr\u00e9ciser que votre situation familiale n&rsquo;est pas un frein \u00e0 l&rsquo;attribution de la prime d&rsquo;activit\u00e9. Ainsi, vous pouvez b\u00e9n\u00e9ficier de la prime si vous \u00eates parent isol\u00e9 avec un ou plusieurs enfants, c\u00e9libataire, en couple avec ou sans enfant.<\/p>\n<h2><span id=\"Limite_de_salaire_quand_on_est_etudiant_ou_apprenti\" class=\"ez-toc-section\"><\/span>Quelles sont les conditions ?<\/h2>\n<p>Les conditions d&rsquo;octroi de la prime d&rsquo;activit\u00e9 ne changent pas. Pour pr\u00e9tendre \u00e0 la prime, vous devez :<\/p>\n<ul>\n<li>Avoir au moins 18 ans<\/li>\n<li>\u00catre de nationalit\u00e9 Fran\u00e7aise, ressortissant de l\u2019Espace \u00c9conomique Europ\u00e9en ou, s\u2019il est \u00e9tranger, \u00eatre titulaire d\u2019une carte de r\u00e9sident ou un titre de s\u00e9jour<\/li>\n<li>R\u00e9sider de mani\u00e8re stable et effective en France<\/li>\n<li>Avoir une activit\u00e9 professionnelle r\u00e9mun\u00e9r\u00e9e<\/li>\n<\/ul>\n<p>Si vous \u00eates en contrat d&rsquo;apprentissage ou \u00e9tudiant salari\u00e9, d&rsquo;autres conditions s&rsquo;appliquent. En effet, vous devez percevoir un certain montant de r\u00e9mun\u00e9ration pour b\u00e9n\u00e9ficier de la prime d&rsquo;activit\u00e9.<\/p>\n<p>Le salaire minimum que vous percevez durant les trois mois pr\u00e9c\u00e9dant la demande doit \u00eatre \u00e9gal ou sup\u00e9rieur \u00e0 78% du SMIC net. Soit environ <strong>1 104.25 \u20ac<\/strong> par mois;<\/p>\n<h2>Peut-on b\u00e9n\u00e9ficier de la prime d&rsquo;activit\u00e9 lorsqu&rsquo;on est h\u00e9berg\u00e9 \u00e0 titre gratuit chez ses parents ?<\/h2>\n<p>Lorsque vous habitez chez vos parents, vous pouvez d\u00e9poser votre demande de prime d&rsquo;activit\u00e9 \u00e0 titre individuel, que vos parents soient d\u00e9j\u00e0 b\u00e9n\u00e9ficiaires ou non de la prime d&rsquo;activit\u00e9.<\/p>\n<p>En cas de demande \u00e0 votre propre nom, c&rsquo;est seulement vos ressources propres qui seront prises en compte et celles de votre conjoint si vous \u00eates en couple. Vous ne serez alors plus pris en compte dans le foyer de vos parents pour la prime d&rsquo;activit\u00e9.<\/p>\n<p><iframe loading=\"lazy\" title=\"La prime d&#039;activit\u00e9\" width=\"500\" height=\"281\" src=\"https:\/\/www.youtube.com\/embed\/uavbovK5ZXc?feature=oembed\" frameborder=\"0\" allow=\"accelerometer; autoplay; clipboard-write; encrypted-media; gyroscope; picture-in-picture; web-share\" referrerpolicy=\"strict-origin-when-cross-origin\" allowfullscreen><\/iframe><\/p>\n<h1>Quel est le montant de la prime d&rsquo;activit\u00e9 pour les jeunes de moins de 25 ans ? <img loading=\"lazy\" decoding=\"async\" class=\"size-medium wp-image-44113 alignright\" title=\"Quel est le montant de la prime dactivite pour les jeunes de moins de ans\" src=\"https:\/\/www.mes-allocs.fr\/guides\/wp-content\/uploads\/2022\/01\/Quel-est-le-montant-de-la-prime-dactivite-pour-les-jeunes-de-moins-de-25-ans--300x200.jpg\" alt=\"Quel est le montant de la prime dactivite pour les jeunes de moins de ans\" width=\"300\" height=\"200\" srcset=\"https:\/\/www.mes-allocs.fr\/guides\/wp-content\/uploads\/2022\/01\/Quel-est-le-montant-de-la-prime-dactivite-pour-les-jeunes-de-moins-de-25-ans--300x200.jpg 300w, https:\/\/www.mes-allocs.fr\/guides\/wp-content\/uploads\/2022\/01\/Quel-est-le-montant-de-la-prime-dactivite-pour-les-jeunes-de-moins-de-25-ans--1024x682.jpg 1024w, https:\/\/www.mes-allocs.fr\/guides\/wp-content\/uploads\/2022\/01\/Quel-est-le-montant-de-la-prime-dactivite-pour-les-jeunes-de-moins-de-25-ans--768x512.jpg 768w, https:\/\/www.mes-allocs.fr\/guides\/wp-content\/uploads\/2022\/01\/Quel-est-le-montant-de-la-prime-dactivite-pour-les-jeunes-de-moins-de-25-ans--600x400.jpg 600w, https:\/\/www.mes-allocs.fr\/guides\/wp-content\/uploads\/2022\/01\/Quel-est-le-montant-de-la-prime-dactivite-pour-les-jeunes-de-moins-de-25-ans-.jpg 1280w\" sizes=\"auto, (max-width: 300px) 100vw, 300px\" \/><\/h1>\n<p>Les jeunes de moins de 25 ans \u00e9ligibles \u00e0 la prime d\u2019activit\u00e9 per\u00e7oivent des montants calcul\u00e9s de la m\u00eame mani\u00e8re que les autres b\u00e9n\u00e9ficiaires.<\/p>\n<p>Le montant forfaitaire de la prime d\u2019activit\u00e9 est de <strong>633,21 \u20ac<\/strong>. En prenant en compte vos ressources et la composition de votre foyer (couple, enfant(s)&#8230;), ce montant pourra \u00eatre augment\u00e9 ou non.<\/p>\n<h2>Les ressources prises en compte<\/h2>\n<p>Les revenus pris en compte sont ceux de\u00a0l\u2019ensemble de votre m\u00e9nage\u00a0sur une p\u00e9riode de\u00a03 mois pr\u00e9c\u00e9dant votre demande :<\/p>\n<ul>\n<li>Revenus d\u2019activit\u00e9 professionnelle (salari\u00e9e ou non)<\/li>\n<li>Allocations ch\u00f4mage et familiales, vos revenus immobiliers et mobiliers (du capital).<\/li>\n<li>Aides au logement (ALF, ALS, APL), ou les avantages en nature que vous percevez.<\/li>\n<\/ul>\n<p>Dans le cas o\u00f9 vous b\u00e9n\u00e9ficiez d&rsquo;un forfait logement, ces montants seront d\u00e9duits de votre prime d\u2019activit\u00e9 fonction de la composition de votre foyer :<\/p>\n\n<div class=\"wpdt-c row wpDataTableContainerSimpleTable wpDataTables wpDataTablesWrapper\n\"\n    >\n    <table id=\"wpdtSimpleTable-554\"\n           class=\"wpdtSimpleTable wpDataTable\"\n           data-column=\"2\"\n           data-rows=\"4\"\n           data-wpID=\"554\"\n           data-responsive=\"0\"\n           data-has-header=\"1\">\n\n                    <thead>        <tr class=\"wpdt-cell-row \" >\n                            <th class=\"wpdt-cell wpdt-bc-F3F9FE\"\n                                    data-cell-id=\"A1\"\n                data-col-index=\"0\"\n                data-row-index=\"0\"\n                style=\" width:48.571428571429%;                padding:10px;\"\n                >\n                                Nombre de personnes dans le foyer                <\/th>\n                                            <th class=\"wpdt-cell wpdt-bc-F3F9FE\"\n                                    data-cell-id=\"B1\"\n                data-col-index=\"1\"\n                data-row-index=\"0\"\n                style=\" width:51.428571428571%;                padding:10px;\"\n                >\n                                Forfait logement                <\/th>\n                                        <\/tr>\n                    <tbody>        <tr class=\"wpdt-cell-row \" >\n                            <td class=\"wpdt-cell wpdt-bc-F3F9FE\"\n                                    data-cell-id=\"A2\"\n                data-col-index=\"0\"\n                data-row-index=\"1\"\n                style=\"                padding:10px;\"\n                >\n                                1                <\/td>\n                                            <td class=\"wpdt-cell wpdt-bc-F3F9FE\"\n                                    data-cell-id=\"B2\"\n                data-col-index=\"1\"\n                data-row-index=\"1\"\n                style=\"                padding:10px;\"\n                >\n                                76,59\u20ac                <\/td>\n                                        <\/tr>\n                            <tr class=\"wpdt-cell-row \" >\n                            <td class=\"wpdt-cell wpdt-bc-F3F9FE\"\n                                    data-cell-id=\"A3\"\n                data-col-index=\"0\"\n                data-row-index=\"2\"\n                style=\"                padding:10px;\"\n                >\n                                2                <\/td>\n                                            <td class=\"wpdt-cell wpdt-bc-F3F9FE\"\n                                    data-cell-id=\"B3\"\n                data-col-index=\"1\"\n                data-row-index=\"2\"\n                style=\"                padding:10px;\"\n                >\n                                153,19 \u20ac                <\/td>\n                                        <\/tr>\n                            <tr class=\"wpdt-cell-row \" >\n                            <td class=\"wpdt-cell wpdt-bc-F3F9FE\"\n                                    data-cell-id=\"A4\"\n                data-col-index=\"0\"\n                data-row-index=\"3\"\n                style=\"                padding:10px;\"\n                >\n                                3 ou plus                <\/td>\n                                            <td class=\"wpdt-cell wpdt-bc-F3F9FE\"\n                                    data-cell-id=\"B4\"\n                data-col-index=\"1\"\n                data-row-index=\"3\"\n                style=\"                padding:10px;\"\n                >\n                                189,57 \u20ac                <\/td>\n                                        <\/tr>\n                    <\/table>\n<\/div><style id='wpdt-custom-style-554'>\ntable#wpdtSimpleTable-554{ table-layout: fixed !important; }\n.wpdt-bc-F3F9FE { background-color: #F3F9FE !important;}\n<\/style>\n\n<h2><strong>Formule de calcul de la prime d\u2019activit\u00e9<\/strong><\/h2>\n<p>Pour calculer la prime d&rsquo;activit\u00e9, la formule est simple. Prenons l&rsquo;exemple d&rsquo;un \u00e9tudiant en alternance. Sa prime d&rsquo;activit\u00e9 sera calcul\u00e9e de la fa\u00e7on suivante :<\/p>\n<ul>\n<li>Montant forfaitaire\u00a0: montant d\u00e9termin\u00e9 selon la composition du foyer (couple ou personne seule, nombre d\u2019enfants)<\/li>\n<li>61% des revenus professionnels\u00a0depuis le 1er octobre 2018<\/li>\n<li>Bonifications\u00a0: suppl\u00e9ment accord\u00e9 selon le niveau de revenus d\u2019activit\u00e9. Cette bonification est vers\u00e9e \u00e0 partir 59 fois le Smic mensuel brut<\/li>\n<li>Ressources du foyer<\/li>\n<li>Forfait logement<\/li>\n<\/ul>\n<p><em>Prime d\u2019activit\u00e9 = (montant forfaitaire \u00e9ventuellement major\u00e9 + 61 % des revenus professionnels + bonifications individuelles) \u2013 les ressources du foyer \u2013 forfait logement<\/em><\/p>\n<p><strong>Majoration du montant forfaitaire de la prime<\/strong><\/p>\n<p>Le montant de base du calcul de la prime peut- \u00eatre augment\u00e9 en fonction de la composition de votre foyer et\/ou si vous \u00eates en situation d\u2019isolement. C\u2019est cette augmentation qui est appel\u00e9e\u00a0majoration.<\/p>\n<p>Si vous \u00eates en couple, le taux de cette majoration est de\u00a0:<\/p>\n<ul>\n<li><strong>50%<\/strong>\u00a0pour la 1<sup>re<\/sup>\u00a0personne suppl\u00e9mentaire,<\/li>\n<li><strong>30%<\/strong>\u00a0par personne suppl\u00e9mentaire,<\/li>\n<li><strong>40%<\/strong>\u00a0par personne suppl\u00e9mentaire au del\u00e0 de la 3<sup>e<\/sup>\u00a0personne si le foyer comporte plus de 2\u00a0enfants ou personnes de moins de 25\u00a0ans \u00e0 charge, \u00e0 l\u2019exception de la personne avec qui vous vivez en couple.<\/li>\n<\/ul>\n<p><strong>Majoration pour isolement<\/strong><\/p>\n<p>Si vous \u00eates parent isol\u00e9, c\u2019est-\u00e0-dire c\u00e9libataire, divorc\u00e9(e), s\u00e9par\u00e9(e) ou veuf(ve) avec des enfants \u00e0 charge ou enceinte, le montant forfaitaire est major\u00e9.<\/p>\n<p>Ce montant forfaitaire major\u00e9 est accord\u00e9 \u00e0 partir du mois au cours duquel survient l\u2019un des \u00e9v\u00e9nements suivants\u00a0:<\/p>\n<ul>\n<li>D\u00e9claration de grossesse<\/li>\n<li>Naissance d\u2019un enfant<\/li>\n<li>Prise en charge d\u2019un enfant<\/li>\n<li>S\u00e9paration, veuvage.<\/li>\n<\/ul>\n<p>Le montant forfaitaire major\u00e9 peut \u00eatre accord\u00e9 pendant 12\u00a0mois, continus ou discontinus, au cours d\u2019une p\u00e9riode de 18\u00a0mois suivant l\u2019\u00e9v\u00e9nement. Ce montant varie en fonction du nombre d\u2019enfants \u00e0 charge.<\/p>\n<p>Si votre plus jeune enfant \u00e0 charge a moins de 3\u00a0ans, le montant forfaitaire major\u00e9 vous est accord\u00e9 jusqu\u2019\u00e0 ses 3\u00a0ans.<\/p>\n<p>Vous pouvez \u00e9galement faire la <a href=\"https:\/\/www.mes-allocs.fr\/guides\/prime-d-activite\/simulation-prime-d-activite\">simulation<\/a> de votre prime d&rsquo;activit\u00e9 pour estimer le montant auquel vous avez droit.<\/p>\n<p><span data-token-index=\"0\" data-reactroot=\"\"><div class='cta-block'><div class='text'>Simulez votre Prime d&rsquo;activit\u00e9 en 2 min.<\/div><a href='https:\/\/www.mes-allocs.fr\/ab-app?origin=guides\/wp-json\/wp\/v2\/posts\/44049' class='app-button fit'>Simulation gratuite<\/a><\/div><\/span><\/p>\n<h1><span id=\"Demande_de_prime_d%E2%80%99activite_quand_on_a_moins_de_25_ans\" class=\"ez-toc-section\"><\/span>Demande de prime d\u2019activit\u00e9 quand on a moins de 25 ans <img loading=\"lazy\" decoding=\"async\" class=\"size-medium wp-image-44112 alignright\" title=\"Demande de prime dactivite quand on a moins de ans\" src=\"https:\/\/www.mes-allocs.fr\/guides\/wp-content\/uploads\/2022\/01\/Demande-de-prime-dactivite-quand-on-a-moins-de-25-ans-300x200.jpg\" alt=\"Demande de prime dactivite quand on a moins de ans\" width=\"300\" height=\"200\" srcset=\"https:\/\/www.mes-allocs.fr\/guides\/wp-content\/uploads\/2022\/01\/Demande-de-prime-dactivite-quand-on-a-moins-de-25-ans-300x200.jpg 300w, https:\/\/www.mes-allocs.fr\/guides\/wp-content\/uploads\/2022\/01\/Demande-de-prime-dactivite-quand-on-a-moins-de-25-ans-1024x682.jpg 1024w, https:\/\/www.mes-allocs.fr\/guides\/wp-content\/uploads\/2022\/01\/Demande-de-prime-dactivite-quand-on-a-moins-de-25-ans-768x512.jpg 768w, https:\/\/www.mes-allocs.fr\/guides\/wp-content\/uploads\/2022\/01\/Demande-de-prime-dactivite-quand-on-a-moins-de-25-ans-600x400.jpg 600w, https:\/\/www.mes-allocs.fr\/guides\/wp-content\/uploads\/2022\/01\/Demande-de-prime-dactivite-quand-on-a-moins-de-25-ans.jpg 1280w\" sizes=\"auto, (max-width: 300px) 100vw, 300px\" \/><\/h1>\n<p>Pour faire votre demande, vous devez vous tourner aupr\u00e8s de la CAF ou la MSA. Vous devrez remplir des cases sp\u00e9cifiques dans le formulaire de demande (pour soi et son \u00e9poux, concubin ou partenaire de Pacs) :<\/p>\n<ul>\n<li>case \u00e0 cocher si les parents per\u00e7oivent le RSA ou la prime d\u2019activit\u00e9. Si oui, cases \u00e0 remplir ci-dessous<\/li>\n<li>nom, pr\u00e9noms et adresse du parent allocataire<\/li>\n<li>nom de l\u2019organisme d\u2019allocations familiales du parent allocataire<\/li>\n<li>num\u00e9ro d\u2019allocataire du parent<\/li>\n<li>num\u00e9ro de s\u00e9curit\u00e9 sociale du parent allocataire.<\/li>\n<\/ul>\n<h2>Les pi\u00e8ces justificatives \u00e0 fournir<\/h2>\n<p>Les informations prises en compte sont \u00e0 remplir sur la\u00a0d\u00e9claration trimestrielle. Celle-ci est envoy\u00e9 par la CAF ou la MSA. \u00c0 cela s\u2019ajoute un\u00a0formulaire prime d\u2019activit\u00e9 \u00e0 remplir,\u00a0\u00e0 t\u00e9l\u00e9charger sur le site de la caf.<\/p>\n<p>Les justificatifs demand\u00e9s peuvent \u00eatre des :<\/p>\n<ul>\n<li>fiches de paie<\/li>\n<li>attestation employeur<\/li>\n<li>contrats de travail<\/li>\n<li>etc.<\/li>\n<\/ul>\n<p>En cas de changement de situation, nous vous invitons \u00e0 informer \u00e0 informer votre caisse d&rsquo;affiliation (la CAF ou la MSA).<\/p>\n<h2>Versement de la prime<\/h2>\n<ul>\n<li>La r\u00e9vision du montant de la prime se fait par p\u00e9riode de 3 mois, selon vos revenus mentionn\u00e9s dans votre d\u00e9claration trimestrielle. Ils d\u00e9terminent le calcul de la prime et le montant attribu\u00e9.<\/li>\n<\/ul>\n<ul>\n<li>Par ailleurs,\u00a0la prime est vers\u00e9e d\u00e8s le 5 du mois. Lors de votre premi\u00e8re demande, si vous avez d\u00e9pos\u00e9 votre dossier avant la fin du mois, vos droits seront vers\u00e9s le 5 du mois suivant.<\/li>\n<\/ul>\n<p>Et ce sera le cas, tous les mois, si vous continuez d\u2019\u00eatre \u00e9ligible \u00e0 la prime.<\/p>\n","protected":false},"excerpt":{"rendered":"<p>La prime d&rsquo;activit\u00e9 jeune concerne les personnes \u00e2g\u00e9s de 18 \u00e0 25 ans et exer\u00e7ant une activit\u00e9 professionnelle. On vous explique comment faire pour en b\u00e9n\u00e9ficier. La prime d&rsquo;activit\u00e9 pour les jeunes de moins de 25 ans La prime d&rsquo;activit\u00e9 vient remplacer deux aides : Le RSA activit\u00e9 La prime pour l&#8217;emploi. C&rsquo;est une aide [&hellip;]<\/p>\n","protected":false},"author":7,"featured_media":44106,"comment_status":"open","ping_status":"open","sticky":false,"template":"","format":"standard","meta":{"amp_status":"","footnotes":""},"categories":[17712,14320],"tags":[],"class_list":["post-44049","post","type-post","status-publish","format-standard","has-post-thumbnail","hentry","category-aide-jeune","category-aide-par-situation"],"yoast_head":"<!-- This site is optimized with the Yoast SEO plugin v14.9 - https:\/\/yoast.com\/wordpress\/plugins\/seo\/ -->\n<title>Prime activit\u00e9 jeune : montant, conditions | Mes-Allocs.fr<\/title>\n<meta name=\"description\" content=\"La prime d&#039;activit\u00e9 est accessible aux jeunes \u00e2g\u00e9s de 18 \u00e0 25 ans, sous conditions. On vous explique comment faire pour en b\u00e9n\u00e9ficier.\" \/>\n<meta name=\"robots\" content=\"index, follow, max-snippet:-1, max-image-preview:large, max-video-preview:-1\" \/>\n<link rel=\"canonical\" href=\"https:\/\/www.mes-allocs.fr\/guides\/aide-par-situation\/aide-jeune\/prime-activite-jeune\/\" \/>\n<meta property=\"og:locale\" content=\"fr_FR\" \/>\n<meta property=\"og:type\" content=\"article\" \/>\n<meta property=\"og:title\" content=\"Prime activit\u00e9 jeune : montant, conditions | Mes-Allocs.fr\" \/>\n<meta property=\"og:description\" content=\"La prime d&#039;activit\u00e9 est accessible aux jeunes \u00e2g\u00e9s de 18 \u00e0 25 ans, sous conditions. On vous explique comment faire pour en b\u00e9n\u00e9ficier.\" \/>\n<meta property=\"og:url\" content=\"https:\/\/www.mes-allocs.fr\/guides\/aide-par-situation\/aide-jeune\/prime-activite-jeune\/\" \/>\n<meta property=\"og:site_name\" content=\"Mes-Allocs.fr\" \/>\n<meta property=\"article:published_time\" content=\"2022-02-01T16:33:17+00:00\" \/>\n<meta property=\"article:modified_time\" content=\"2025-04-09T12:25:26+00:00\" \/>\n<meta property=\"og:image\" content=\"https:\/\/www.mes-allocs.fr\/guides\/wp-content\/uploads\/2022\/01\/Prime-activite-jeune-montant-conditions.jpg?wsr\" \/>\n\t<meta property=\"og:image:width\" content=\"1280\" \/>\n\t<meta property=\"og:image:height\" content=\"720\" \/>\n<meta name=\"twitter:card\" content=\"summary_large_image\" \/>\n<script type=\"application\/ld+json\" class=\"yoast-schema-graph\">{\"@context\":\"https:\/\/schema.org\",\"@graph\":[{\"@type\":\"WebSite\",\"@id\":\"https:\/\/www.mes-allocs.fr\/guides\/#website\",\"url\":\"https:\/\/www.mes-allocs.fr\/guides\/\",\"name\":\"Mes-Allocs.fr\",\"description\":\"\",\"potentialAction\":[{\"@type\":\"SearchAction\",\"target\":\"https:\/\/www.mes-allocs.fr\/guides\/?s={search_term_string}\",\"query-input\":\"required name=search_term_string\"}],\"inLanguage\":\"fr-FR\"},{\"@type\":\"ImageObject\",\"@id\":\"https:\/\/www.mes-allocs.fr\/guides\/aide-par-situation\/aide-jeune\/prime-activite-jeune\/#primaryimage\",\"inLanguage\":\"fr-FR\",\"url\":\"https:\/\/www.mes-allocs.fr\/guides\/wp-content\/uploads\/2022\/01\/Prime-activite-jeune-montant-conditions.jpg?wsr\",\"width\":1280,\"height\":720,\"caption\":\"Prime activite jeune montant conditions\"},{\"@type\":\"WebPage\",\"@id\":\"https:\/\/www.mes-allocs.fr\/guides\/aide-par-situation\/aide-jeune\/prime-activite-jeune\/#webpage\",\"url\":\"https:\/\/www.mes-allocs.fr\/guides\/aide-par-situation\/aide-jeune\/prime-activite-jeune\/\",\"name\":\"Prime activit\\u00e9 jeune : montant, conditions | Mes-Allocs.fr\",\"isPartOf\":{\"@id\":\"https:\/\/www.mes-allocs.fr\/guides\/#website\"},\"primaryImageOfPage\":{\"@id\":\"https:\/\/www.mes-allocs.fr\/guides\/aide-par-situation\/aide-jeune\/prime-activite-jeune\/#primaryimage\"},\"datePublished\":\"2022-02-01T16:33:17+00:00\",\"dateModified\":\"2025-04-09T12:25:26+00:00\",\"author\":{\"@id\":\"https:\/\/www.mes-allocs.fr\/guides\/#\/schema\/person\/1c4837d5703727cb02ce84583b5a44aa\"},\"description\":\"La prime d'activit\\u00e9 est accessible aux jeunes \\u00e2g\\u00e9s de 18 \\u00e0 25 ans, sous conditions. On vous explique comment faire pour en b\\u00e9n\\u00e9ficier.\",\"inLanguage\":\"fr-FR\"},{\"@type\":\"Person\",\"@id\":\"https:\/\/www.mes-allocs.fr\/guides\/#\/schema\/person\/1c4837d5703727cb02ce84583b5a44aa\",\"name\":\"Fabiola\",\"image\":{\"@type\":\"ImageObject\",\"@id\":\"https:\/\/www.mes-allocs.fr\/guides\/#personlogo\",\"inLanguage\":\"fr-FR\",\"url\":\"https:\/\/www.mes-allocs.fr\/guides\/wp-content\/uploads\/2021\/06\/fabiola-150x150.png\",\"caption\":\"Fabiola\"},\"description\":\"Fabiola est r\\u00e9dactrice au sein de l'\\u00e9quipe Mes Allocs, sp\\u00e9cialis\\u00e9e en sciences politiques et affaires publiques. Dipl\\u00f4m\\u00e9e de l'HEIP, elle rejoint Mes Allocs apr\\u00e8s une premi\\u00e8re exp\\u00e9rience \\u00e0 l'Assembl\\u00e9e Nationale.\",\"sameAs\":[\"https:\/\/www.linkedin.com\/in\/cecilia-philippe-b-8a8085195\"]}]}<\/script>\n<!-- \/ Yoast SEO plugin. -->","amp_validity":null,"acf":{"faq":{"1":{"question":"Qui a droit \u00e0 la prime d'activit\u00e9 ?","answer":"Tous les actifs ont le droit \u00e0 la prime d'activit\u00e9, qu'ils soient \u00e9tudiants, salari\u00e9s, stagiaires ou apprentis.\r\n<br> <a href=\u201chttps:\/\/www.mes-allocs.fr\/guides\/prime-d-activite\/\u201d>Lire la suite<\/a>\r\n\r\n"},"2":{"question":"Quelles sont les conditions pour b\u00e9n\u00e9ficier de la prime d'activit\u00e9 ?","answer":"Pour b\u00e9n\u00e9ficier de la prime d'activit\u00e9, vous devez \u00eatre majeur, exercer une activit\u00e9 professionnelle, r\u00e9sider en France de mani\u00e8re stable et effective et avoir des revenus ne d\u00e9passant pas un certain plafond."},"3":{"question":"Est-ce que les \u00e9tudiants ont droit \u00e0 la prime d'activit\u00e9 ?","answer":"Tout comme les apprentis et les stagiaires, les \u00e9tudiants peuvent aussi toucher la prime d'activit\u00e9 sous conditions."},"4":{"question":"Quel est le montant forfaitaire de la prime d'activit\u00e9 ?","answer":"Le montant forfaitaire de la prime d\u2019activit\u00e9 est de 633,21 \u20ac \r\n<br> <a href=\u201chttps:\/\/www.mes-allocs.fr\/guides\/prime-d-activite\/montant-maximum-prime-dactivite\/\u201d>Lire la suite<\/a>\r\n"},"5":{"question":"Quel salaire d\u00e9clarer \u00e0 la CAF quand on est apprenti ?","answer":"Vous devez d\u00e9clarer vos revenus d'activit\u00e9 professionnelle si vous \u00eates apprenti."},"6":{"question":"Comment est calcul\u00e9 le montant de la prime d'activit\u00e9 ?","answer":"Le montant de la prime d'activit\u00e9 est calcul\u00e9 en prenant en compte : - Un montant montant forfaitaire qui varie selon la composition du foyer et le nombre d'enfants. - Les ressources prises en compte du foyer."},"7":{"question":"","answer":""},"8":{"question":"","answer":""},"9":{"question":"","answer":""},"10":{"question":"","answer":""},"11":{"question":"","answer":""},"12":{"question":"","answer":""},"13":{"question":"","answer":""},"14":{"question":"","answer":""},"15":{"question":"","answer":""},"16":{"question":"","answer":""}}},"_links":{"self":[{"href":"https:\/\/www.mes-allocs.fr\/guides\/wp-json\/wp\/v2\/posts\/44049","targetHints":{"allow":["GET"]}}],"collection":[{"href":"https:\/\/www.mes-allocs.fr\/guides\/wp-json\/wp\/v2\/posts"}],"about":[{"href":"https:\/\/www.mes-allocs.fr\/guides\/wp-json\/wp\/v2\/types\/post"}],"author":[{"embeddable":true,"href":"https:\/\/www.mes-allocs.fr\/guides\/wp-json\/wp\/v2\/users\/7"}],"replies":[{"embeddable":true,"href":"https:\/\/www.mes-allocs.fr\/guides\/wp-json\/wp\/v2\/comments?post=44049"}],"version-history":[{"count":8,"href":"https:\/\/www.mes-allocs.fr\/guides\/wp-json\/wp\/v2\/posts\/44049\/revisions"}],"predecessor-version":[{"id":97940,"href":"https:\/\/www.mes-allocs.fr\/guides\/wp-json\/wp\/v2\/posts\/44049\/revisions\/97940"}],"wp:featuredmedia":[{"embeddable":true,"href":"https:\/\/www.mes-allocs.fr\/guides\/wp-json\/wp\/v2\/media\/44106"}],"wp:attachment":[{"href":"https:\/\/www.mes-allocs.fr\/guides\/wp-json\/wp\/v2\/media?parent=44049"}],"wp:term":[{"taxonomy":"category","embeddable":true,"href":"https:\/\/www.mes-allocs.fr\/guides\/wp-json\/wp\/v2\/categories?post=44049"},{"taxonomy":"post_tag","embeddable":true,"href":"https:\/\/www.mes-allocs.fr\/guides\/wp-json\/wp\/v2\/tags?post=44049"}],"curies":[{"name":"wp","href":"https:\/\/api.w.org\/{rel}","templated":true}]}}