{"id":43964,"date":"2022-01-31T18:25:05","date_gmt":"2022-01-31T16:25:05","guid":{"rendered":"https:\/\/www.mes-allocs.fr\/guides\/?p=43964"},"modified":"2025-07-18T16:26:20","modified_gmt":"2025-07-18T14:26:20","slug":"recherche-emploi-estheticienne","status":"publish","type":"post","link":"https:\/\/www.mes-allocs.fr\/guides\/reconversion-professionnelle\/aide-recherche-emploi\/recherche-emploi-estheticienne\/","title":{"rendered":"La recherche d&#8217;emploi pour devenir esth\u00e9ticienne"},"content":{"rendered":"<p><img loading=\"lazy\" decoding=\"async\" class=\"alignnone wp-image-43968 size-large\" title=\"recherche emploi estheticienne\" src=\"https:\/\/www.mes-allocs.fr\/guides\/wp-content\/uploads\/2022\/01\/Tout-savoir-sur-la-recherche-emploi-esthetique-e1643108314964-1024x282.jpg\" alt=\"recherche emploi estheticienne\" width=\"1024\" height=\"282\" srcset=\"https:\/\/www.mes-allocs.fr\/guides\/wp-content\/uploads\/2022\/01\/Tout-savoir-sur-la-recherche-emploi-esthetique-e1643108314964-1024x282.jpg 1024w, https:\/\/www.mes-allocs.fr\/guides\/wp-content\/uploads\/2022\/01\/Tout-savoir-sur-la-recherche-emploi-esthetique-e1643108314964-300x83.jpg 300w, https:\/\/www.mes-allocs.fr\/guides\/wp-content\/uploads\/2022\/01\/Tout-savoir-sur-la-recherche-emploi-esthetique-e1643108314964-768x211.jpg 768w, https:\/\/www.mes-allocs.fr\/guides\/wp-content\/uploads\/2022\/01\/Tout-savoir-sur-la-recherche-emploi-esthetique-e1643108314964-600x165.jpg 600w, https:\/\/www.mes-allocs.fr\/guides\/wp-content\/uploads\/2022\/01\/Tout-savoir-sur-la-recherche-emploi-esthetique-e1643108314964.jpg 1280w\" sizes=\"auto, (max-width: 1024px) 100vw, 1024px\" \/><\/p>\n<p style=\"text-align: justify;\"><strong>Le domaine de l&rsquo;esth\u00e9tique est un\u00a0secteur en essor depuis des ann\u00e9es. Vous souhaitez exercer dans ce domaine ? Vous \u00eates \u00e0 la recherche d&rsquo;un emploi dans le cadre d&rsquo;une <a href=\"https:\/\/www.mes-allocs.fr\/guides\/reconversion-professionnelle\/\">reconversion professionnelle<\/a> ? D\u00e9couvrez comment proc\u00e9der dans votre recherche d&#8217;emploi pour devenir esth\u00e9ticienne.<\/strong><\/p>\n<div class='cta-block'><div class='text'>Coaching \u00e0 distance pay\u00e9 par vos aides formation.<\/div><a href='https:\/\/www.formademia.fr\/formulaire\/coaching' class='app-button fit'>V\u00e9rifier votre \u00e9ligibilit\u00e9<\/a><\/div>\n<h1>Le m\u00e9tier d&rsquo;esth\u00e9ticienne, c&rsquo;est quoi ?<\/h1>\n<p>Exercer dans l&rsquo;esth\u00e9tique consiste \u00e0 r\u00e9aliser des soins de beaut\u00e9 sur des clients. La professionnelle qui exerce ce m\u00e9tier est appel\u00e9e esth\u00e9ticienne. Elle est charg\u00e9e de dispenser des soins esth\u00e9tiques sur le visage, le corps, ou plus particuli\u00e8rement les mains et les pieds de ses clients.<\/p>\n<p>L&rsquo;esth\u00e9ticienne est connu pour son sens du conseil. En effet, elle aide et accompagne ses clients afin de les aider \u00e0 faire les meilleurs choix sur les produits qui leurs sont adapt\u00e9s.<\/p>\n<p>Dans un sens plus large, le secteur de l&rsquo;esth\u00e9tique regroupe plusieurs m\u00e9tiers \u00e0 la fois. D\u00e9couvrez-les ci dessous.<\/p>\n<p><iframe loading=\"lazy\" title=\"La reconversion professionnelle\" width=\"500\" height=\"281\" src=\"https:\/\/www.youtube.com\/embed\/EiVUthswxl0?feature=oembed\" frameborder=\"0\" allow=\"accelerometer; autoplay; clipboard-write; encrypted-media; gyroscope; picture-in-picture; web-share\" referrerpolicy=\"strict-origin-when-cross-origin\" allowfullscreen><\/iframe><\/p>\n<div class=\"page\" title=\"Page 1\">\n<div class=\"layoutArea\">\n<div class=\"column\">\n<h2>Les m\u00e9tiers du secteur de l&rsquo;esth\u00e9tique<\/h2>\n<p>Les m\u00e9tiers du secteur de l&rsquo;esth\u00e9tique sont nombreux. En voici quelques exemple :<\/p>\n<ul>\n<li>Coiffeuse<\/li>\n<li>Esth\u00e9ticienne<\/li>\n<li>Maquilleuse<\/li>\n<li>Barbier<\/li>\n<li>Conseill\u00e8re en image<\/li>\n<li>Proth\u00e9siste ongulaire<\/li>\n<li>Tatoueur<\/li>\n<li>etc.<\/li>\n<\/ul>\n<p>Cette liste n&rsquo;est pas exhaustive.<\/p>\n<\/div>\n<\/div>\n<\/div>\n<div class=\"page\" title=\"Page 2\">\n<div class=\"layoutArea\">\n<div class=\"column\">\n<h2>Conditions d&rsquo;exercice de l&rsquo;activit\u00e9 professionnelle<\/h2>\n<p><span style=\"font-size: 16px;\">Les professionnels du secteur de l&rsquo;esth\u00e9tique sont g\u00e9n\u00e9ralement exercer au sein des endroits suivants :\u00a0<\/span><\/p>\n<ul>\n<li>Instituts de beaut\u00e9<\/li>\n<li>Spa<\/li>\n<li>\u00c9tablissements m\u00e9dico sociaux<\/li>\n<li>Salles de sport ou centres de remise en forme<\/li>\n<li>Para pharmacies&#8230;<\/li>\n<\/ul>\n<p>En fonction de la prestation \u00e0 effectuer, vous avez la possibilit\u00e9 d&rsquo;exercer de mani\u00e8re libre en vous rendant directement au domicile de vos clients. Vous pouvez \u00e9galement vous d\u00e9placer en maison de retraite, en structure m\u00e9dicalis\u00e9e si vos clients s&rsquo;y trouvent..<\/p>\n<\/div>\n<\/div>\n<\/div>\n<h2>Missions principales de l&rsquo;esth\u00e9ticienne<\/h2>\n<p>Une esth\u00e9ticienne peut-\u00eatre charg\u00e9e de plusieurs missions. Si vous souhaitez exercer ce m\u00e9tier, voici les missions principales que vous devrez exercer :<\/p>\n<ul>\n<li>Accueillir la client\u00e8le<\/li>\n<li>\u00c9piler le corps et le visage de vos clients<\/li>\n<li>Maquiller les clientes<\/li>\n<li>Effectuer des nettoyages de peau (gommage, peeling)<\/li>\n<li>Donner des conseils de beaut\u00e9<\/li>\n<li>R\u00e9aliser des massage tonifiant, relaxant ou raffermissant<\/li>\n<li>Conseiller les clients sur l\u2019utilisation des produits.<\/li>\n<\/ul>\n<p>Dans le cas o\u00f9 l&rsquo;esth\u00e9ticienne est \u00e0 son propre compte, elle est charg\u00e9 de :<\/p>\n<ul>\n<li>G\u00e9rer les stocks<\/li>\n<li>Assurer la gestion comptable et administrative du commerce<\/li>\n<li>Passer les commandes aux fournisseurs<\/li>\n<li>Recruter et manager ses collaborateurs.<\/li>\n<\/ul>\n<div class=\"elementor-element elementor-element-5461f1f elementor-widget elementor-widget-heading\" data-id=\"5461f1f\" data-element_type=\"widget\" data-widget_type=\"heading.default\">\n<div class=\"elementor-widget-container\">\n<p>Vous souhaitez savoir si les missions sont faites pour vous ? Faites-vous\u00a0<a href=\"https:\/\/www.mes-allocs.fr\/guides\/reconversion-professionnelle\/aide-recherche-emploi\/\">accompagner dans votre recherche d\u2019emploi<\/a>\u00a0; des organismes sont l\u00e0 pour vous aider.<\/p>\n<\/div>\n<\/div>\n<h2 id=\"menu-2\">Quelles qualit\u00e9s sont n\u00e9cessaires pour travailler dans le secteur de l&rsquo;esth\u00e9tique ?<\/h2>\n<p>Pour <a href=\"https:\/\/www.mes-allocs.fr\/guides\/reconversion-professionnelle\/aide-recherche-emploi\/recherche-emploi-esthetique\/fiche-metier-esthetique\/\">travailler dans le secteur de l&rsquo;esth\u00e9tique<\/a>, certaines qualit\u00e9s sont requises. Retrouvez-les ci-dessous :<\/p>\n<ul>\n<li>Avoir une bonne pr\u00e9sentation physique : en tant qu&rsquo;esth\u00e9ticienne, vous devez \u00eatre une personne soign\u00e9e.<\/li>\n<li>\u00catre organis\u00e9e : le salon de beaut\u00e9 doit lui aussi inspirer la d\u00e9tente. Tout doit \u00eatre parfaitement rang\u00e9. Les rendez-vous doivent \u00eatre organis\u00e9s au mieux pour que l\u2019attente soit r\u00e9duite<\/li>\n<li>Avoir un bon sens de la communication : c\u2019est un m\u00e9tier qui demande de bonnes qualit\u00e9s relationnelles pour communiquer avec les clients<\/li>\n<li>Avoir un sens artistique : pour le maquillage, la beaut\u00e9 des mains et des pieds l\u2019esth\u00e9ticienne doit faire preuve de cr\u00e9ativit\u00e9 et savoir harmoniser les couleurs<\/li>\n<li>Avoir des connaissances dans le domaine de l&rsquo;esth\u00e9tique.<\/li>\n<\/ul>\n<div id=\"diplomes\" class=\"MuiBox-root jss57 jss47\">\n<h1 class=\"MuiTypography-root jss50 jss48 MuiTypography-h3 MuiTypography-gutterBottom MuiTypography-alignLeft\"><span class=\"jss41 jss42\" data-title=\"Dipl\u00f4mes n\u00e9cessaires\">Comment se former aux m\u00e9tiers de l&rsquo;esth\u00e9tique ?<br \/>\n<\/span><\/h1>\n<p>Pour vous former aux m\u00e9tier de l&rsquo;esth\u00e9tique, vous devez au pr\u00e9alable vous faire former en suivant des <a href=\"https:\/\/www.mes-allocs.fr\/guides\/reconversion-professionnelle\/aide-recherche-emploi\/recherche-emploi-esthetique\/diplome-esthetique\/\">formations dipl\u00f4mantes<\/a>.<\/p>\n<h2>Le CAP Esth\u00e9tique<\/h2>\n<p>Le CAP ou Certificat d&rsquo;Aptitude Professionnelle (CAP) est une formation qui vous permet d&rsquo;acqu\u00e9rir des connaissances ainsi que des comp\u00e9tences dans le secteur de l&rsquo;esth\u00e9tique. La formation s&rsquo;\u00e9tend sur une dur\u00e9e de 2 ans. Au cours de cette p\u00e9riode, plusieurs techniques pour apprendre \u00e0 ma\u00eetriser les bases du maquillage, de l&rsquo;\u00e9pilation, des soins du visage sont dispens\u00e9es.<\/p>\n<p>Le CAP esth\u00e9tique est g\u00e9n\u00e9ralement effectu\u00e9 au centre de formation des apprentis appel\u00e9 CFA, dans les lyc\u00e9es professionnels ou les \u00e9coles d&rsquo;esth\u00e9tique.<\/p>\n<p>\u00c0 noter : cette formation est accessible en alternance.<\/p>\n<h2>Le Brevet Professionnel Esth\u00e9tique<\/h2>\n<p>Le Brevet Professionnel Esth\u00e9tique est un dipl\u00f4me. Il vient en compl\u00e9ment du Certificat d&rsquo;Aptitude Professionnelle (CAP). Il sert \u00e0 approfondir ce que vous avez appris lors de votre formation pr\u00e9c\u00e9dente mais \u00e9galement \u00e0 apprendre de nouvelles notions dans des domaines tels que : la gestion d\u2019\u00e9tablissement et gestion d\u2019\u00e9quipe pour en plus des soins, assurer la promotion de produits de beaut\u00e9, la gestion des stocks, la vente, la comptabilit\u00e9 d\u2019un \u00e9tablissement, les prestations de services, etc.<\/p>\n<p>Cette formation se fait en alternance ou dans le cadre de la formation continue pour les adultes pour une dur\u00e9e de deux ans.<\/p>\n<h2>Les formations professionnelles<\/h2>\n<p>Les formations professionnelles sont aussi un bon moyen d&rsquo;acqu\u00e9rir de l&rsquo;exp\u00e9rience en ce qui concerne le m\u00e9tier de l&rsquo;esth\u00e9tique.<\/p>\n<p>Les formations professionnelles s&rsquo;adressent aux personnes en reconversion professionnelle ou celles qui souhaitent seulement acqu\u00e9rir de nouvelles comp\u00e9tences. Gr\u00e2ce \u00e0 cette formation, vous avez la possibilit\u00e9<\/p>\n<p>AElles peuvent mener \u00e0 l\u2019obtention d\u2019un certificat de qualification professionnelle ou \u00e0 un dipl\u00f4me comme le CAP ou le BTS par exemple. La plupart des formations pros en esth\u00e9tiques sont des formations courtes destin\u00e9es \u00e0 des personnes qui veulent une comp\u00e9tence suppl\u00e9mentaire\u00a0: UV, soins aux huiles, socio-esth\u00e9tique, gestion de stocks, techniques de maquillage, etc.<\/p>\n<\/div>\n<div class=\"MuiBox-root jss58 box-paragraph box-table\">\n<div id=\"salaires\" class=\"job-single-bloc\">\n<h1 class=\"job-title\">Quel est le salaire d&rsquo;une esth\u00e9ticienne ?<\/h1>\n<p>Pour d\u00e9terminer le <a href=\"https:\/\/www.mes-allocs.fr\/guides\/reconversion-professionnelle\/aide-recherche-emploi\/recherche-emploi-esthetique\/salaire-esthetique\/\">salaire<\/a> d&rsquo;un professionnel du secteur de l&rsquo;esth\u00e9tique, plusieurs param\u00e8tres tels que son niveau d&rsquo;anciennet\u00e9, l&rsquo;endroit dans lequel elle travaille sont pris en compte.<\/p>\n<p><em>Exemple<\/em> : Prenons en compte le salaire d&rsquo;une coiffeuse.<\/p>\n<p>Le salaire d&rsquo;une coiffeuse varie en fonction de son niveau, de son \u00e9chelon ainsi que de sa classification. Une coiffeuse d\u00e9butante peut gagner au minima\u00a0<strong>1 550\u20ac\u00a0<\/strong>tandis qu&rsquo;une coiffeuse tr\u00e8s qualifi\u00e9e peut obtenir plus de\u00a0<strong>1 814\u20ac<\/strong>.<\/p>\n<\/div>\n<div id=\"evolutions\" class=\"job-single-bloc\">\n<h1 class=\"job-title\">Evolutions de carri\u00e8re<\/h1>\n<p>Apr\u00e8s avoir acquis suffisamment d&rsquo;exp\u00e9rience que ce soit en formation ou sur son lieu de travail, l&rsquo;esth\u00e9ticienne peut se mettre \u00e0 son propre compte en ouvrant son propre institut. N&rsquo;oubliez pas, certains dipl\u00f4mes sont requis (voir ci-dessus).<\/p>\n<p>Elle peut aussi se reconvertir dans l&rsquo;esth\u00e9tique-cosm\u00e9tique ou vers d&rsquo;autres m\u00e9tiers du m\u00eame secteur.<\/p>\n<p>&nbsp;<\/p>\n<div class='cta-block'><div class='text'>Coaching \u00e0 distance pay\u00e9 par vos aides formation.<\/div><a href='https:\/\/www.formademia.fr\/formulaire\/coaching' class='app-button fit'>V\u00e9rifier votre \u00e9ligibilit\u00e9<\/a><\/div>\n<\/div>\n<\/div>\n","protected":false},"excerpt":{"rendered":"<p>Le domaine de l&rsquo;esth\u00e9tique est un\u00a0secteur en essor depuis des ann\u00e9es. Vous souhaitez exercer dans ce domaine ? Vous \u00eates \u00e0 la recherche d&rsquo;un emploi dans le cadre d&rsquo;une reconversion professionnelle ? D\u00e9couvrez comment proc\u00e9der dans votre recherche d&#8217;emploi pour devenir esth\u00e9ticienne. Le m\u00e9tier d&rsquo;esth\u00e9ticienne, c&rsquo;est quoi ? Exercer dans l&rsquo;esth\u00e9tique consiste \u00e0 r\u00e9aliser des [&hellip;]<\/p>\n","protected":false},"author":7,"featured_media":43978,"comment_status":"open","ping_status":"open","sticky":false,"template":"","format":"standard","meta":{"amp_status":"","footnotes":""},"categories":[8789,5081],"tags":[],"class_list":["post-43964","post","type-post","status-publish","format-standard","has-post-thumbnail","hentry","category-aide-recherche-emploi","category-reconversion-professionnelle"],"yoast_head":"<!-- This site is optimized with the Yoast SEO plugin v14.9 - https:\/\/yoast.com\/wordpress\/plugins\/seo\/ -->\n<title>La recherche d&#039;emploi pour devenir esth\u00e9ticienne | Mes-Allocs.fr<\/title>\n<meta name=\"description\" content=\"Sautez le pas et lancez-vous pour devenir esth\u00e9ticienne. Avant d&#039;entamer votre recherche d&#039;emploi, voici ce qu&#039;il faut savoir.\" \/>\n<meta name=\"robots\" content=\"index, follow, max-snippet:-1, max-image-preview:large, max-video-preview:-1\" \/>\n<link rel=\"canonical\" href=\"https:\/\/www.mes-allocs.fr\/guides\/reconversion-professionnelle\/aide-recherche-emploi\/recherche-emploi-estheticienne\/\" \/>\n<meta property=\"og:locale\" content=\"fr_FR\" \/>\n<meta property=\"og:type\" content=\"article\" \/>\n<meta property=\"og:title\" content=\"La recherche d&#039;emploi pour devenir esth\u00e9ticienne | Mes-Allocs.fr\" \/>\n<meta property=\"og:description\" content=\"Sautez le pas et lancez-vous pour devenir esth\u00e9ticienne. Avant d&#039;entamer votre recherche d&#039;emploi, voici ce qu&#039;il faut savoir.\" \/>\n<meta property=\"og:url\" content=\"https:\/\/www.mes-allocs.fr\/guides\/reconversion-professionnelle\/aide-recherche-emploi\/recherche-emploi-estheticienne\/\" \/>\n<meta property=\"og:site_name\" content=\"Mes-Allocs.fr\" \/>\n<meta property=\"article:published_time\" content=\"2022-01-31T16:25:05+00:00\" \/>\n<meta property=\"article:modified_time\" content=\"2025-07-18T14:26:20+00:00\" \/>\n<meta property=\"og:image\" content=\"https:\/\/www.mes-allocs.fr\/guides\/wp-content\/uploads\/2022\/01\/Tout-savoir-sur-la-recherche-emploi-esthetique-1.jpg?wsr\" \/>\n\t<meta property=\"og:image:width\" content=\"1280\" \/>\n\t<meta property=\"og:image:height\" content=\"853\" \/>\n<meta name=\"twitter:card\" content=\"summary_large_image\" \/>\n<script type=\"application\/ld+json\" class=\"yoast-schema-graph\">{\"@context\":\"https:\/\/schema.org\",\"@graph\":[{\"@type\":\"WebSite\",\"@id\":\"https:\/\/www.mes-allocs.fr\/guides\/#website\",\"url\":\"https:\/\/www.mes-allocs.fr\/guides\/\",\"name\":\"Mes-Allocs.fr\",\"description\":\"\",\"potentialAction\":[{\"@type\":\"SearchAction\",\"target\":\"https:\/\/www.mes-allocs.fr\/guides\/?s={search_term_string}\",\"query-input\":\"required name=search_term_string\"}],\"inLanguage\":\"fr-FR\"},{\"@type\":\"ImageObject\",\"@id\":\"https:\/\/www.mes-allocs.fr\/guides\/reconversion-professionnelle\/aide-recherche-emploi\/recherche-emploi-estheticienne\/#primaryimage\",\"inLanguage\":\"fr-FR\",\"url\":\"https:\/\/www.mes-allocs.fr\/guides\/wp-content\/uploads\/2022\/01\/Tout-savoir-sur-la-recherche-emploi-esthetique-1.jpg?wsr\",\"width\":1280,\"height\":853,\"caption\":\"recherche emploi estheticienne\"},{\"@type\":\"WebPage\",\"@id\":\"https:\/\/www.mes-allocs.fr\/guides\/reconversion-professionnelle\/aide-recherche-emploi\/recherche-emploi-estheticienne\/#webpage\",\"url\":\"https:\/\/www.mes-allocs.fr\/guides\/reconversion-professionnelle\/aide-recherche-emploi\/recherche-emploi-estheticienne\/\",\"name\":\"La recherche d'emploi pour devenir esth\\u00e9ticienne | Mes-Allocs.fr\",\"isPartOf\":{\"@id\":\"https:\/\/www.mes-allocs.fr\/guides\/#website\"},\"primaryImageOfPage\":{\"@id\":\"https:\/\/www.mes-allocs.fr\/guides\/reconversion-professionnelle\/aide-recherche-emploi\/recherche-emploi-estheticienne\/#primaryimage\"},\"datePublished\":\"2022-01-31T16:25:05+00:00\",\"dateModified\":\"2025-07-18T14:26:20+00:00\",\"author\":{\"@id\":\"https:\/\/www.mes-allocs.fr\/guides\/#\/schema\/person\/1c4837d5703727cb02ce84583b5a44aa\"},\"description\":\"Sautez le pas et lancez-vous pour devenir esth\\u00e9ticienne. Avant d'entamer votre recherche d'emploi, voici ce qu'il faut savoir.\",\"inLanguage\":\"fr-FR\"},{\"@type\":\"Person\",\"@id\":\"https:\/\/www.mes-allocs.fr\/guides\/#\/schema\/person\/1c4837d5703727cb02ce84583b5a44aa\",\"name\":\"Fabiola\",\"image\":{\"@type\":\"ImageObject\",\"@id\":\"https:\/\/www.mes-allocs.fr\/guides\/#personlogo\",\"inLanguage\":\"fr-FR\",\"url\":\"https:\/\/www.mes-allocs.fr\/guides\/wp-content\/uploads\/2021\/06\/fabiola-150x150.png\",\"caption\":\"Fabiola\"},\"description\":\"Fabiola est r\\u00e9dactrice au sein de l'\\u00e9quipe Mes Allocs, sp\\u00e9cialis\\u00e9e en sciences politiques et affaires publiques. Dipl\\u00f4m\\u00e9e de l'HEIP, elle rejoint Mes Allocs apr\\u00e8s une premi\\u00e8re exp\\u00e9rience \\u00e0 l'Assembl\\u00e9e Nationale.\",\"sameAs\":[\"https:\/\/www.linkedin.com\/in\/cecilia-philippe-b-8a8085195\"]}]}<\/script>\n<!-- \/ Yoast SEO plugin. -->","amp_validity":null,"acf":{"faq":{"1":{"question":"Qu'est-ce qu'une esth\u00e9ticienne ?","answer":"L'esth\u00e9ticienne est une professionnelle de la beaut\u00e9. Elle est charg\u00e9e de prendre soin de ses clientes (maquillage, \u00e9pilation, massage etc.)\r\n<br> <a href=\u201chttps:\/\/www.mes-allocs.fr\/guides\/reconversion-professionnelle\/aide-recherche-emploi\/recherche-emploi-esthetique\/fiche-metier-esthetique\/\u201d>Lire la suite<\/a>\r\n"},"2":{"question":"Quelles sont les missions d'une esth\u00e9ticienne ?","answer":"Dans le cadre de son m\u00e9tier, l'esth\u00e9ticienne est charg\u00e9e : \r\n-D'\u00e9piler ses clientes \r\n-D\u00e9terminer leur type de peau \r\n-Am\u00e9liorer la qualit\u00e9 de leur peau\r\n-Proc\u00e9der \u00e0 des massages\r\n-etc."},"3":{"question":"Quelles \u00e9tudes pour devenir esth\u00e9ticienne ?","answer":"Si vous souhaitez devenir esth\u00e9ticienne, vous devez vous former de diff\u00e9rentes mani\u00e8res en fonction de votre niveau d'\u00e9tudes : \r\n-Le CAP esth\u00e9tique\r\n-Le brevet professionnel esth\u00e9tique-cosm\u00e9tique-parfumerie\r\n-Le Bac Pro esth\u00e9tique\r\n-Le BTS esth\u00e9tique - cosm\u00e9tique - parfumerie.\r\n"},"4":{"question":"Quel est le salaire d'une esth\u00e9ticienne ?","answer":"Le salaire d'une esth\u00e9ticienne varie en fonction de plusieurs crit\u00e8res.\r\n<br> <a href=\u201chttps:\/\/www.mes-allocs.fr\/guides\/reconversion-professionnelle\/aide-recherche-emploi\/recherche-emploi-esthetique\/fiche-metier-esthetique\/\u201d>Lire la suite<\/a>\r\n"},"5":{"question":" Quels sont les avantages du m\u00e9tier d'esth\u00e9ticienne ?","answer":"-Faire de son m\u00e9tier sa passion\r\n-Le contact humain.\r\n-Le lien d\u2019amiti\u00e9 qui peut se cr\u00e9er avec les clients.\r\n"},"6":{"question":"Quels sont les inconv\u00e9nients du m\u00e9tier d'esth\u00e9ticienne ?","answer":"-Les horaires de travail irr\u00e9guliers\r\n-Les humeurs difficiles de certains clients."},"7":{"question":"","answer":""},"8":{"question":"","answer":""},"9":{"question":"","answer":""},"10":{"question":"","answer":""},"11":{"question":"","answer":""},"12":{"question":"","answer":""},"13":{"question":"","answer":""},"14":{"question":"","answer":""},"15":{"question":"","answer":""},"16":{"question":"","answer":""}}},"_links":{"self":[{"href":"https:\/\/www.mes-allocs.fr\/guides\/wp-json\/wp\/v2\/posts\/43964","targetHints":{"allow":["GET"]}}],"collection":[{"href":"https:\/\/www.mes-allocs.fr\/guides\/wp-json\/wp\/v2\/posts"}],"about":[{"href":"https:\/\/www.mes-allocs.fr\/guides\/wp-json\/wp\/v2\/types\/post"}],"author":[{"embeddable":true,"href":"https:\/\/www.mes-allocs.fr\/guides\/wp-json\/wp\/v2\/users\/7"}],"replies":[{"embeddable":true,"href":"https:\/\/www.mes-allocs.fr\/guides\/wp-json\/wp\/v2\/comments?post=43964"}],"version-history":[{"count":10,"href":"https:\/\/www.mes-allocs.fr\/guides\/wp-json\/wp\/v2\/posts\/43964\/revisions"}],"predecessor-version":[{"id":102767,"href":"https:\/\/www.mes-allocs.fr\/guides\/wp-json\/wp\/v2\/posts\/43964\/revisions\/102767"}],"wp:featuredmedia":[{"embeddable":true,"href":"https:\/\/www.mes-allocs.fr\/guides\/wp-json\/wp\/v2\/media\/43978"}],"wp:attachment":[{"href":"https:\/\/www.mes-allocs.fr\/guides\/wp-json\/wp\/v2\/media?parent=43964"}],"wp:term":[{"taxonomy":"category","embeddable":true,"href":"https:\/\/www.mes-allocs.fr\/guides\/wp-json\/wp\/v2\/categories?post=43964"},{"taxonomy":"post_tag","embeddable":true,"href":"https:\/\/www.mes-allocs.fr\/guides\/wp-json\/wp\/v2\/tags?post=43964"}],"curies":[{"name":"wp","href":"https:\/\/api.w.org\/{rel}","templated":true}]}}